{"id":27586,"date":"2019-06-07T10:17:03","date_gmt":"2019-06-07T13:17:03","guid":{"rendered":"https:\/\/www.suno.com.br\/noticias\/?p=27586"},"modified":"2019-06-07T10:17:03","modified_gmt":"2019-06-07T13:17:03","slug":"ibovespa-07062019","status":"publish","type":"post","link":"https:\/\/www.suno.com.br\/noticias\/ibovespa-07062019\/","title":{"rendered":"Ibovespa em alta; Decis\u00e3o do STF, EUA x M\u00e9xico e infla\u00e7\u00e3o no radar"},"content":{"rendered":"<p>O Ibovespa inicia o preg\u00e3o desta sexta-eira operando em alta. Por volta das 10h10, o principal \u00edndice da Bolsa de valores de S\u00e3o Paulo, registrava uma alta de 0,29% somando 97.487,21 pontos.<\/p>\t<div class=\"wrapper-featured-image\">\n\t\t<figure class=\"spotlightImg\">\n\n\t\t\t<picture>\n\t\t\t\t<source media=\"(max-width: 768px)\" srcset=\"https:\/\/files.sunoresearch.com.br\/n\/uploads\/2018\/12\/3c0a4e26-ibovespa-400x200.webp\">\n\t\t\t\t<img loading=\"lazy\" decoding=\"async\" class=\"newsContent__article__imgCapa lazyloadDisabled newsContent__article__imgCapa--noCaption\" src=\"https:\/\/files.sunoresearch.com.br\/n\/uploads\/2018\/12\/3c0a4e26-ibovespa-800x450.webp\" width=\"800\" height=\"450\" alt=\"Ibovespa em alta; Decis\u00e3o do STF, EUA x M\u00e9xico e infla\u00e7\u00e3o no radar\" fetchpriority=high \/>\n\t\t\t<\/picture>\n\n\t\t\t<figcaption class=\"wp-caption-text wp-caption-text--hide\">Na sess\u00e3o da \u00faltima quarta-feira, o Ibovespa fechou em leve queda de 0,06%, cotado a 102.117,79 pontos.<\/figcaption>\n\t\t<\/figure>\n\t<\/div>\n\n\n<p>O <strong>Ibovespa<\/strong> se apoia nas expectativas de acordo entre <strong>Estados<\/strong> <strong>Unidos<\/strong> e <strong>M\u00e9xico<\/strong>, referente as tarifas. Al\u00e9m disso, o \u00edndice flutua sobre a decis\u00e3o do Supremo Tribunal Federal (<strong>STF<\/strong>) em que as <strong>subsidi\u00e1rias<\/strong> de estatais poder\u00e3o ser negociadas sem que seja necess\u00e1ria a autoriza\u00e7\u00e3o do <strong>Congresso<\/strong> <strong>Nacional<\/strong>.<\/p>\n\t<p>\n\t\t<a href=\"https:\/\/lp.suno.com.br\/ebook-como-analisar-uma-acao\/\" target=\"_blank\" data-element=\"shortcode-suno-banner\" title=\"Banner SUNO, clique e saiba mais\">\n\t\t\t<picture>\n\t\t\t\t<source media=\"(max-width: 500px)\" srcset=\"https:\/\/files.sunoresearch.com.br\/n\/uploads\/2023\/03\/Ebook-Acoes-Mobile.jpg\">\n\t\t\t\t<img class=\"newsContent__article__imgCapa newsContent__article__imgCapa--banner\"\n\t\t\t\t\tsrc=\"https:\/\/files.sunoresearch.com.br\/n\/uploads\/2023\/03\/Ebook-Acoes-Desktop.jpg\"\n\t\t\t\t\tdata-promo-id=\"378302\"\t\t\t\t\t\t\t\t\t\twidth='1420' height='286'\t\t\t\t\talt=\"https:\/\/files.sunoresearch.com.br\/n\/uploads\/2023\/03\/Ebook-Acoes-Desktop.jpg\"\n\t\t\t\t>\n\t\t\t<\/picture>\n\t\t<\/a>\n\t<\/p>\n\n\n<h2>Estados Unidos x M\u00e9xico<\/h2>\n<p>Evolu\u00e7\u00e3o nas tratativas entre <strong>Estados<\/strong> <strong>Unidos<\/strong> e <strong>M\u00e9xico<\/strong> elevam as <strong>bolsas<\/strong> <strong>internacionais<\/strong>, assim como a brasileira.<\/p>\n<p>De acordo com o ministro de Rela\u00e7\u00f5es Exteriores do M\u00e9xico, Marcelo Ebrard, o pa\u00eds vai enviar \u00e0 fronteira com os Estados Unidos cerca de 6 mil integrantes de sua <strong>guarda<\/strong> <strong>nacional<\/strong>.<\/p>\n<p>O objetivo do M\u00e9xico \u00e9 controlar ou acabar com a <strong>imigra\u00e7\u00e3o<\/strong> <strong>ilegal<\/strong> de mexicanos aos EUA, como havia pedido o presidente norte-americano, <strong>Donald<\/strong> <strong>Trump<\/strong>, que amea\u00e7ou impor taxas em produtos vindos do pa\u00eds vizinho, caso n\u00e3o fosse feio um controle.<\/p>\n<p>Trump amea\u00e7ou impor uma taxa de 5% sobre os produtos mexicanos. A tarifa poderia chegar a 25%, caso n\u00e3o houvesse o controle da imigra\u00e7\u00e3o clandestina.<\/p>\n\t<p>\n\t\t<a href=\"https:\/\/lp.suno.com.br\/cl\/webinario-suno-black-2024\/\" target=\"_blank\" data-element=\"shortcode-suno-banner\" title=\"Banner SUNO, clique e saiba mais\">\n\t\t\t<picture>\n\t\t\t\t<source media=\"(max-width: 500px)\" srcset=\"https:\/\/files.sunoresearch.com.br\/n\/uploads\/2024\/04\/400x300-Banner-Home-1.png\">\n\t\t\t\t<img class=\"newsContent__article__imgCapa newsContent__article__imgCapa--banner\"\n\t\t\t\t\tsrc=\"https:\/\/files.sunoresearch.com.br\/n\/uploads\/2024\/04\/400x300-Banner-Home-1.png\"\n\t\t\t\t\tdata-promo-id=\"102411\"\t\t\t\t\t\t\t\t\t\twidth='401' height='300'\t\t\t\t\talt=\"https:\/\/files.sunoresearch.com.br\/n\/uploads\/2024\/04\/400x300-Banner-Home-1.png\"\n\t\t\t\t>\n\t\t\t<\/picture>\n\t\t<\/a>\n\t<\/p>\n\n\n<h2>Infla\u00e7\u00e3o do IPCA<\/h2>\n<p>A <strong>infla\u00e7\u00e3o<\/strong> desacelerou 0,13% durante o m\u00eas de maio, de acordo com o Instituto Brasileiro de Geografia e Estat\u00edstica (<strong>IBGE<\/strong>), nesta sexta-feira (7).<\/p>\n<p>O percentual vem abaixo dos 0,57% anotados em maio e representa o menor resultado para o m\u00eas de maio desde 2006.<\/p>\n<h2>Decis\u00e3o do STF<\/h2>\n<p>O <strong>Supremo Tribunal Federal<\/strong> (STF) decidiu nesta quinta-feira (6) que o governo pode vender as subsidi\u00e1rias de empresas <a href=\"https:\/\/www.suno.com.br\/artigos\/sociedade-de-economia-mista\/\"><strong>estatais<\/strong> <\/a>sem o aval do <strong>Congresso Nacional.<\/strong> Entretanto, segundo os ministros do Supremo, para a venda da empresa estatal ser\u00e1\u00a0necess\u00e1ria autoriza\u00e7\u00e3o legislativa, assim como um processo de licita\u00e7\u00e3o.<\/p>\n<p>Segundo os <strong>ministros <\/strong>do <strong>STF,<\/strong> para venda das <strong>subsidi\u00e1rias<\/strong> a licita\u00e7\u00e3o n\u00e3o \u00e9 necess\u00e1ria. Entretanto, o procedimento deve observar os princ\u00edpios da administra\u00e7\u00e3o p\u00fablica inscritos na <strong>Constitui\u00e7\u00e3o.<\/strong> Al\u00e9m disso, tem que ser sempre respeitada a exig\u00eancia de competitividade.<\/p>\n<p><a href=\"https:\/\/www.suno.com.br\/noticias\/stf-libera-venda-subsidiarias-estatais\/\">Saiba mais:\u00a0STF libera venda de subsidi\u00e1rias de empresas estatais<\/a><\/p>\n<h3>Venda da TAG<\/h3>\n<p>Dessa forma, o\u00a0ministro do STF, <strong>Edson Fachin<\/strong>, derrubou uma liminar permitindo a venda de 90% da <strong>subsidi\u00e1ria<\/strong> da<strong><a href=\"https:\/\/www.suno.com.br\/artigos\/petr4-vale-pena-comprar-acoes-da-petrobras\/\"> Petrobras<\/a><\/strong>, a <strong>Transportadora Associada de G\u00e1s<\/strong> (<strong>TAG<\/strong>).<\/p>\n<p>&#8220;Em respeito \u00e0 decis\u00e3o colegiada tomada por maioria pelo Tribunal Pleno nesta data, alterada substancialmente a decis\u00e3o de efeito vinculante que servia de paradigma para amparar a pretens\u00e3o dos reclamantes, e com a ressalva da posi\u00e7\u00e3o deste Relator, nego seguimento as presente reclama\u00e7\u00f5es, tornando sem efeito a decis\u00e3o liminar anteriormente deferida&#8221;, disse <strong>Fachin<\/strong>.<\/p>\n<h2>Moeda comum: &#8216;Peso-Real&#8217;<\/h2>\n<p>O presidente <strong>Jair<\/strong> <strong>Bolsonaro<\/strong> e o ministro da Economia, <strong>Paulo<\/strong> <strong>Guedes<\/strong>, falaram sobre a cria\u00e7\u00e3o de uma moeda comum entre <strong>Argentina<\/strong> e <strong>Brasil<\/strong>. O an\u00fancio do <strong>&#8220;peso-real&#8221;<\/strong> foi feito na \u00faltima quinta-feira (6), em Buenos Aires.<\/p>\n<p>Em sua quarta viagem internacional, Bolsonaro e <strong>Macri<\/strong> se re\u00fanem para tratar da parceria comercial entre os pa\u00edses.<\/p>\n<p><a href=\"https:\/\/www.suno.com.br\/noticias\/bolsonaro-guedes-criacao-moeda\/\">Saiba mais:\u00a0Bolsonaro e Guedes falam sobre cria\u00e7\u00e3o de moeda \u00fanica com a Argentina<\/a><\/p>\n<h2>\u00daltima cota\u00e7\u00e3o<\/h2>\n<p>Na \u00faltima sess\u00e3o, na quinta-feira (6), o <strong>Ibovespa<\/strong> registrou uma alta de 1,26% somando\u00a097.204,85 pontos.<\/p>\n","protected":false},"excerpt":{"rendered":"<p>O Ibovespa inicia o preg\u00e3o desta sexta-eira operando em alta. Por volta das 10h10, o principal \u00edndice da Bolsa de valores de S\u00e3o Paulo, registrava uma alta de 0,29% somando 97.487,21 pontos. Na sess\u00e3o da \u00faltima quarta-feira, o Ibovespa fechou em leve queda de 0,06%, cotado a 102.117,79 pontos. O Ibovespa se apoia nas expectativas [&hellip;]<\/p>\n","protected":false},"author":11,"featured_media":7949,"comment_status":"closed","ping_status":"closed","sticky":false,"template":"","format":"standard","meta":[],"categories":[60],"tags":[721],"suno_strategy":[],"class_list":["post-27586","post","type-post","status-publish","format-standard","has-post-thumbnail","hentry","category-mercado","tag-ibovespa"],"yoast_head":"<!-- This site is optimized with the Yoast SEO plugin v24.4 - https:\/\/yoast.com\/wordpress\/plugins\/seo\/ -->\n<title>Ibovespa em alta; Decis\u00e3o do STF, EUA x M\u00e9xico e infla\u00e7\u00e3o no radar<\/title>\n<meta name=\"description\" content=\"Nesta sexta-feira (7), por volta das 10h10, o Ibovespa registrava uma alta de 0,29% somando 97.487,21 pontos. Clique para saber mais.\" \/>\n<meta name=\"robots\" content=\"index, follow, max-snippet:-1, max-image-preview:large, max-video-preview:-1\" \/>\n<link rel=\"canonical\" href=\"https:\/\/www.suno.com.br\/noticias\/ibovespa-07062019\/\" \/>\n<meta property=\"og:locale\" content=\"pt_BR\" \/>\n<meta property=\"og:type\" content=\"article\" \/>\n<meta property=\"og:title\" content=\"Ibovespa em alta; Decis\u00e3o do STF, EUA x M\u00e9xico e infla\u00e7\u00e3o no radar\" \/>\n<meta property=\"og:description\" content=\"Nesta sexta-feira (7), por volta das 10h10, o Ibovespa registrava uma alta de 0,29% somando 97.487,21 pontos. Clique para saber mais.\" \/>\n<meta property=\"og:url\" content=\"https:\/\/www.suno.com.br\/noticias\/ibovespa-07062019\/\" \/>\n<meta property=\"og:site_name\" content=\"Suno Not\u00edcias\" \/>\n<meta property=\"article:publisher\" content=\"https:\/\/facebook.com\/sunoresearch\" \/>\n<meta property=\"og:image\" content=\"https:\/\/files.sunoresearch.com.br\/n\/uploads\/2018\/12\/3c0a4e26-ibovespa.jpg\" \/>\n\t<meta property=\"og:image:width\" content=\"1024\" \/>\n\t<meta property=\"og:image:height\" content=\"575\" \/>\n\t<meta property=\"og:image:type\" content=\"image\/jpeg\" \/>\n<meta name=\"author\" content=\"Renan Bandeira\" \/>\n<meta name=\"twitter:card\" content=\"summary_large_image\" \/>\n<meta name=\"twitter:creator\" content=\"@sunoresearch\" \/>\n<meta name=\"twitter:site\" content=\"@sunoresearch\" \/>\n<meta name=\"twitter:label1\" content=\"Escrito por\" \/>\n\t<meta name=\"twitter:data1\" content=\"Renan Bandeira\" \/>\n\t<meta name=\"twitter:label2\" content=\"Est. tempo de leitura\" \/>\n\t<meta name=\"twitter:data2\" content=\"3 minutos\" \/>\n<script type=\"application\/ld+json\" class=\"yoast-schema-graph\">{\"@context\":\"https:\/\/schema.org\",\"@graph\":[{\"@type\":\"NewsArticle\",\"@id\":\"https:\/\/www.suno.com.br\/noticias\/ibovespa-07062019\/#article\",\"isPartOf\":{\"@id\":\"https:\/\/www.suno.com.br\/noticias\/ibovespa-07062019\/\"},\"author\":{\"name\":\"Renan Bandeira\",\"@id\":\"https:\/\/www.suno.com.br\/noticias\/#\/schema\/person\/fc144a1c6108bd1dcd43784e88a3c138\"},\"headline\":\"Ibovespa em alta; Decis\u00e3o do STF, EUA x M\u00e9xico e infla\u00e7\u00e3o no radar\",\"datePublished\":\"2019-06-07T13:17:03+00:00\",\"mainEntityOfPage\":{\"@id\":\"https:\/\/www.suno.com.br\/noticias\/ibovespa-07062019\/\"},\"wordCount\":573,\"publisher\":{\"@id\":\"https:\/\/www.suno.com.br\/noticias\/#organization\"},\"image\":{\"@id\":\"https:\/\/www.suno.com.br\/noticias\/ibovespa-07062019\/#primaryimage\"},\"thumbnailUrl\":\"https:\/\/files.sunoresearch.com.br\/n\/uploads\/2018\/12\/3c0a4e26-ibovespa-jpg.webp\",\"keywords\":[\"Ibovespa\"],\"articleSection\":[\"Mercado\"],\"inLanguage\":\"pt-BR\"},{\"@type\":\"WebPage\",\"@id\":\"https:\/\/www.suno.com.br\/noticias\/ibovespa-07062019\/\",\"url\":\"https:\/\/www.suno.com.br\/noticias\/ibovespa-07062019\/\",\"name\":\"Ibovespa em alta; Decis\u00e3o do STF, EUA x M\u00e9xico e infla\u00e7\u00e3o no radar\",\"isPartOf\":{\"@id\":\"https:\/\/www.suno.com.br\/noticias\/#website\"},\"primaryImageOfPage\":{\"@id\":\"https:\/\/www.suno.com.br\/noticias\/ibovespa-07062019\/#primaryimage\"},\"image\":{\"@id\":\"https:\/\/www.suno.com.br\/noticias\/ibovespa-07062019\/#primaryimage\"},\"thumbnailUrl\":\"https:\/\/files.sunoresearch.com.br\/n\/uploads\/2018\/12\/3c0a4e26-ibovespa-jpg.webp\",\"datePublished\":\"2019-06-07T13:17:03+00:00\",\"description\":\"Nesta sexta-feira (7), por volta das 10h10, o Ibovespa registrava uma alta de 0,29% somando 97.487,21 pontos. Clique para saber mais.\",\"breadcrumb\":{\"@id\":\"https:\/\/www.suno.com.br\/noticias\/ibovespa-07062019\/#breadcrumb\"},\"inLanguage\":\"pt-BR\",\"potentialAction\":[{\"@type\":\"ReadAction\",\"target\":[\"https:\/\/www.suno.com.br\/noticias\/ibovespa-07062019\/\"]}]},{\"@type\":\"ImageObject\",\"inLanguage\":\"pt-BR\",\"@id\":\"https:\/\/www.suno.com.br\/noticias\/ibovespa-07062019\/#primaryimage\",\"url\":\"https:\/\/files.sunoresearch.com.br\/n\/uploads\/2018\/12\/3c0a4e26-ibovespa-jpg.webp\",\"contentUrl\":\"https:\/\/files.sunoresearch.com.br\/n\/uploads\/2018\/12\/3c0a4e26-ibovespa-jpg.webp\",\"width\":1024,\"height\":575,\"caption\":\"Na sess\u00e3o da \u00faltima quarta-feira, o Ibovespa fechou em leve queda de 0,06%, cotado a 102.117,79 pontos.\"},{\"@type\":\"BreadcrumbList\",\"@id\":\"https:\/\/www.suno.com.br\/noticias\/ibovespa-07062019\/#breadcrumb\",\"itemListElement\":[{\"@type\":\"ListItem\",\"position\":1,\"name\":\"Not\u00edcias\",\"item\":\"https:\/\/www.suno.com.br\/noticias\/\"},{\"@type\":\"ListItem\",\"position\":2,\"name\":\"Mercado\",\"item\":\"https:\/\/www.suno.com.br\/noticias\/mercado\/\"},{\"@type\":\"ListItem\",\"position\":3,\"name\":\"Ibovespa em alta; Decis\u00e3o do STF, EUA x M\u00e9xico e infla\u00e7\u00e3o no radar\"}]},{\"@type\":\"WebSite\",\"@id\":\"https:\/\/www.suno.com.br\/noticias\/#website\",\"url\":\"https:\/\/www.suno.com.br\/noticias\/\",\"name\":\"Suno Not\u00edcias\",\"description\":\"Seu portal de informa\u00e7\u00e3o sobre o mundo dos investimentos\",\"publisher\":{\"@id\":\"https:\/\/www.suno.com.br\/noticias\/#organization\"},\"potentialAction\":[{\"@type\":\"SearchAction\",\"target\":{\"@type\":\"EntryPoint\",\"urlTemplate\":\"https:\/\/www.suno.com.br\/noticias\/?s={search_term_string}\"},\"query-input\":{\"@type\":\"PropertyValueSpecification\",\"valueRequired\":true,\"valueName\":\"search_term_string\"}}],\"inLanguage\":\"pt-BR\"},{\"@type\":\"Organization\",\"@id\":\"https:\/\/www.suno.com.br\/noticias\/#organization\",\"name\":\"Suno Not\u00edcias\",\"url\":\"https:\/\/www.suno.com.br\/noticias\/\",\"logo\":{\"@type\":\"ImageObject\",\"inLanguage\":\"pt-BR\",\"@id\":\"https:\/\/www.suno.com.br\/noticias\/#\/schema\/logo\/image\/\",\"url\":\"https:\/\/files.sunoresearch.com.br\/n\/uploads\/2021\/09\/suno-logo.png\",\"contentUrl\":\"https:\/\/files.sunoresearch.com.br\/n\/uploads\/2021\/09\/suno-logo.png\",\"width\":180,\"height\":180,\"caption\":\"Suno Not\u00edcias\"},\"image\":{\"@id\":\"https:\/\/www.suno.com.br\/noticias\/#\/schema\/logo\/image\/\"},\"sameAs\":[\"https:\/\/facebook.com\/sunoresearch\",\"https:\/\/x.com\/sunoresearch\",\"https:\/\/www.instagram.com\/suno\",\"https:\/\/www.linkedin.com\/company\/suno-research\/\",\"https:\/\/www.youtube.com\/c\/sunoresearch\"]},{\"@type\":\"Person\",\"@id\":\"https:\/\/www.suno.com.br\/noticias\/#\/schema\/person\/fc144a1c6108bd1dcd43784e88a3c138\",\"name\":\"Renan Bandeira\",\"image\":{\"@type\":\"ImageObject\",\"inLanguage\":\"pt-BR\",\"@id\":\"https:\/\/www.suno.com.br\/noticias\/#\/schema\/person\/image\/\",\"url\":\"https:\/\/secure.gravatar.com\/avatar\/68359cdb608f14f11bbefcb78f3fc747?s=96&r=g\",\"contentUrl\":\"https:\/\/secure.gravatar.com\/avatar\/68359cdb608f14f11bbefcb78f3fc747?s=96&r=g\",\"caption\":\"Renan Bandeira\"},\"description\":\"Renan Bandeira escreve sobre pol\u00edtica e economia para o portal da Suno Research. Antes da Suno, trabalhou em uma rede de televis\u00e3o, onde fazia reportagens sobre os mesmos temas. Estuda na Universidade Metodista de S\u00e3o Paulo.\",\"url\":\"https:\/\/www.suno.com.br\/noticias\/author\/renan-bandeira\/\"}]}<\/script>\n<!-- \/ Yoast SEO plugin. -->","yoast_head_json":{"title":"Ibovespa em alta; Decis\u00e3o do STF, EUA x M\u00e9xico e infla\u00e7\u00e3o no radar","description":"Nesta sexta-feira (7), por volta das 10h10, o Ibovespa registrava uma alta de 0,29% somando 97.487,21 pontos. Clique para saber mais.","robots":{"index":"index","follow":"follow","max-snippet":"max-snippet:-1","max-image-preview":"max-image-preview:large","max-video-preview":"max-video-preview:-1"},"canonical":"https:\/\/www.suno.com.br\/noticias\/ibovespa-07062019\/","og_locale":"pt_BR","og_type":"article","og_title":"Ibovespa em alta; Decis\u00e3o do STF, EUA x M\u00e9xico e infla\u00e7\u00e3o no radar","og_description":"Nesta sexta-feira (7), por volta das 10h10, o Ibovespa registrava uma alta de 0,29% somando 97.487,21 pontos. Clique para saber mais.","og_url":"https:\/\/www.suno.com.br\/noticias\/ibovespa-07062019\/","og_site_name":"Suno Not\u00edcias","article_publisher":"https:\/\/facebook.com\/sunoresearch","og_image":[{"width":1024,"height":575,"url":"https:\/\/files.sunoresearch.com.br\/n\/uploads\/2018\/12\/3c0a4e26-ibovespa.jpg","type":"image\/jpeg"}],"author":"Renan Bandeira","twitter_card":"summary_large_image","twitter_creator":"@sunoresearch","twitter_site":"@sunoresearch","twitter_misc":{"Escrito por":"Renan Bandeira","Est. tempo de leitura":"3 minutos"},"schema":{"@context":"https:\/\/schema.org","@graph":[{"@type":"NewsArticle","@id":"https:\/\/www.suno.com.br\/noticias\/ibovespa-07062019\/#article","isPartOf":{"@id":"https:\/\/www.suno.com.br\/noticias\/ibovespa-07062019\/"},"author":{"name":"Renan Bandeira","@id":"https:\/\/www.suno.com.br\/noticias\/#\/schema\/person\/fc144a1c6108bd1dcd43784e88a3c138"},"headline":"Ibovespa em alta; Decis\u00e3o do STF, EUA x M\u00e9xico e infla\u00e7\u00e3o no radar","datePublished":"2019-06-07T13:17:03+00:00","mainEntityOfPage":{"@id":"https:\/\/www.suno.com.br\/noticias\/ibovespa-07062019\/"},"wordCount":573,"publisher":{"@id":"https:\/\/www.suno.com.br\/noticias\/#organization"},"image":{"@id":"https:\/\/www.suno.com.br\/noticias\/ibovespa-07062019\/#primaryimage"},"thumbnailUrl":"https:\/\/files.sunoresearch.com.br\/n\/uploads\/2018\/12\/3c0a4e26-ibovespa-jpg.webp","keywords":["Ibovespa"],"articleSection":["Mercado"],"inLanguage":"pt-BR"},{"@type":"WebPage","@id":"https:\/\/www.suno.com.br\/noticias\/ibovespa-07062019\/","url":"https:\/\/www.suno.com.br\/noticias\/ibovespa-07062019\/","name":"Ibovespa em alta; Decis\u00e3o do STF, EUA x M\u00e9xico e infla\u00e7\u00e3o no radar","isPartOf":{"@id":"https:\/\/www.suno.com.br\/noticias\/#website"},"primaryImageOfPage":{"@id":"https:\/\/www.suno.com.br\/noticias\/ibovespa-07062019\/#primaryimage"},"image":{"@id":"https:\/\/www.suno.com.br\/noticias\/ibovespa-07062019\/#primaryimage"},"thumbnailUrl":"https:\/\/files.sunoresearch.com.br\/n\/uploads\/2018\/12\/3c0a4e26-ibovespa-jpg.webp","datePublished":"2019-06-07T13:17:03+00:00","description":"Nesta sexta-feira (7), por volta das 10h10, o Ibovespa registrava uma alta de 0,29% somando 97.487,21 pontos. Clique para saber mais.","breadcrumb":{"@id":"https:\/\/www.suno.com.br\/noticias\/ibovespa-07062019\/#breadcrumb"},"inLanguage":"pt-BR","potentialAction":[{"@type":"ReadAction","target":["https:\/\/www.suno.com.br\/noticias\/ibovespa-07062019\/"]}]},{"@type":"ImageObject","inLanguage":"pt-BR","@id":"https:\/\/www.suno.com.br\/noticias\/ibovespa-07062019\/#primaryimage","url":"https:\/\/files.sunoresearch.com.br\/n\/uploads\/2018\/12\/3c0a4e26-ibovespa-jpg.webp","contentUrl":"https:\/\/files.sunoresearch.com.br\/n\/uploads\/2018\/12\/3c0a4e26-ibovespa-jpg.webp","width":1024,"height":575,"caption":"Na sess\u00e3o da \u00faltima quarta-feira, o Ibovespa fechou em leve queda de 0,06%, cotado a 102.117,79 pontos."},{"@type":"BreadcrumbList","@id":"https:\/\/www.suno.com.br\/noticias\/ibovespa-07062019\/#breadcrumb","itemListElement":[{"@type":"ListItem","position":1,"name":"Not\u00edcias","item":"https:\/\/www.suno.com.br\/noticias\/"},{"@type":"ListItem","position":2,"name":"Mercado","item":"https:\/\/www.suno.com.br\/noticias\/mercado\/"},{"@type":"ListItem","position":3,"name":"Ibovespa em alta; Decis\u00e3o do STF, EUA x M\u00e9xico e infla\u00e7\u00e3o no radar"}]},{"@type":"WebSite","@id":"https:\/\/www.suno.com.br\/noticias\/#website","url":"https:\/\/www.suno.com.br\/noticias\/","name":"Suno Not\u00edcias","description":"Seu portal de informa\u00e7\u00e3o sobre o mundo dos investimentos","publisher":{"@id":"https:\/\/www.suno.com.br\/noticias\/#organization"},"potentialAction":[{"@type":"SearchAction","target":{"@type":"EntryPoint","urlTemplate":"https:\/\/www.suno.com.br\/noticias\/?s={search_term_string}"},"query-input":{"@type":"PropertyValueSpecification","valueRequired":true,"valueName":"search_term_string"}}],"inLanguage":"pt-BR"},{"@type":"Organization","@id":"https:\/\/www.suno.com.br\/noticias\/#organization","name":"Suno Not\u00edcias","url":"https:\/\/www.suno.com.br\/noticias\/","logo":{"@type":"ImageObject","inLanguage":"pt-BR","@id":"https:\/\/www.suno.com.br\/noticias\/#\/schema\/logo\/image\/","url":"https:\/\/files.sunoresearch.com.br\/n\/uploads\/2021\/09\/suno-logo.png","contentUrl":"https:\/\/files.sunoresearch.com.br\/n\/uploads\/2021\/09\/suno-logo.png","width":180,"height":180,"caption":"Suno Not\u00edcias"},"image":{"@id":"https:\/\/www.suno.com.br\/noticias\/#\/schema\/logo\/image\/"},"sameAs":["https:\/\/facebook.com\/sunoresearch","https:\/\/x.com\/sunoresearch","https:\/\/www.instagram.com\/suno","https:\/\/www.linkedin.com\/company\/suno-research\/","https:\/\/www.youtube.com\/c\/sunoresearch"]},{"@type":"Person","@id":"https:\/\/www.suno.com.br\/noticias\/#\/schema\/person\/fc144a1c6108bd1dcd43784e88a3c138","name":"Renan Bandeira","image":{"@type":"ImageObject","inLanguage":"pt-BR","@id":"https:\/\/www.suno.com.br\/noticias\/#\/schema\/person\/image\/","url":"https:\/\/secure.gravatar.com\/avatar\/68359cdb608f14f11bbefcb78f3fc747?s=96&r=g","contentUrl":"https:\/\/secure.gravatar.com\/avatar\/68359cdb608f14f11bbefcb78f3fc747?s=96&r=g","caption":"Renan Bandeira"},"description":"Renan Bandeira escreve sobre pol\u00edtica e economia para o portal da Suno Research. Antes da Suno, trabalhou em uma rede de televis\u00e3o, onde fazia reportagens sobre os mesmos temas. Estuda na Universidade Metodista de S\u00e3o Paulo.","url":"https:\/\/www.suno.com.br\/noticias\/author\/renan-bandeira\/"}]}},"default_loop_html":"<div class=\"cardsPage__listCard__boxs\"><div class=\"cardsPage__listCard__boxs__img\"><a href=\"https:\/\/www.suno.com.br\/noticias\/ibovespa-07062019\/\"><img class=\"mask\" src=\"https:\/\/www.suno.com.br\/noticias\/wp-content\/themes\/suno\/resources\/images\/spotlight\/spotlight1img\/bg-mask.png\" alt=\"Image Mask\"\/><img src=\"https:\/\/files.sunoresearch.com.br\/n\/uploads\/2018\/12\/3c0a4e26-ibovespa-400x200.webp\" alt=\"Ibovespa em alta; Decis\u00e3o do STF, EUA x M\u00e9xico e infla\u00e7\u00e3o no radar\"\/><\/a><span class=\"spotlightCategory\"><a href=\"https:\/\/www.suno.com.br\/noticias\/mercado\/\">Mercado<\/a><\/span><\/div><div class=\"cardsPage__listCard__boxs__content\"><a href=\"https:\/\/www.suno.com.br\/noticias\/ibovespa-07062019\/\"><h2 class=\"content__title\">Ibovespa em alta; Decis\u00e3o do STF, EUA x M\u00e9xico e infla\u00e7\u00e3o no radar<\/h2><\/a><div class=\"newsContent__article__meta\"><div class=\"newsContent__article__meta__authorBox\"><a href=\"https:\/\/www.suno.com.br\/noticias\/author\/renan-bandeira\/\" class=\"authorBox__avatar noMobi\"><img src=\"https:\/\/secure.gravatar.com\/avatar\/68359cdb608f14f11bbefcb78f3fc747?s=96&#038;r=g\" alt=\"Renan Bandeira\"><\/a><div class=\"authorBox__name\"><span>por\n\t\t\t<a href=\"https:\/\/www.suno.com.br\/noticias\/author\/renan-bandeira\/\"><span itemprop=\"author\">Renan Bandeira<\/span><\/a><\/span><time datetime=\"2019-06-07T10:17:03-03:00\" itemprop=\"datePublished\">07\/06\/2019 10:17<\/time><\/div><\/div><\/div><\/div><\/div>","single_layout":"posts","amp_enabled":true,"_links":{"self":[{"href":"https:\/\/www.suno.com.br\/noticias\/wp-json\/wp\/v2\/posts\/27586"}],"collection":[{"href":"https:\/\/www.suno.com.br\/noticias\/wp-json\/wp\/v2\/posts"}],"about":[{"href":"https:\/\/www.suno.com.br\/noticias\/wp-json\/wp\/v2\/types\/post"}],"author":[{"embeddable":true,"href":"https:\/\/www.suno.com.br\/noticias\/wp-json\/wp\/v2\/users\/11"}],"replies":[{"embeddable":true,"href":"https:\/\/www.suno.com.br\/noticias\/wp-json\/wp\/v2\/comments?post=27586"}],"version-history":[{"count":0,"href":"https:\/\/www.suno.com.br\/noticias\/wp-json\/wp\/v2\/posts\/27586\/revisions"}],"wp:featuredmedia":[{"embeddable":true,"href":"https:\/\/www.suno.com.br\/noticias\/wp-json\/wp\/v2\/media\/7949"}],"wp:attachment":[{"href":"https:\/\/www.suno.com.br\/noticias\/wp-json\/wp\/v2\/media?parent=27586"}],"wp:term":[{"taxonomy":"category","embeddable":true,"href":"https:\/\/www.suno.com.br\/noticias\/wp-json\/wp\/v2\/categories?post=27586"},{"taxonomy":"post_tag","embeddable":true,"href":"https:\/\/www.suno.com.br\/noticias\/wp-json\/wp\/v2\/tags?post=27586"},{"taxonomy":"suno_strategy","embeddable":true,"href":"https:\/\/www.suno.com.br\/noticias\/wp-json\/wp\/v2\/suno_strategy?post=27586"}],"curies":[{"name":"wp","href":"https:\/\/api.w.org\/{rel}","templated":true}]}}