{"id":275794,"date":"2022-07-13T18:46:49","date_gmt":"2022-07-13T21:46:49","guid":{"rendered":"https:\/\/www.suno.com.br\/noticias\/?p=275794"},"modified":"2022-07-13T18:47:19","modified_gmt":"2022-07-13T21:47:19","slug":"eletrobras-elet3-cyrela-cyre3-arremata-sede-furnas","status":"publish","type":"post","link":"https:\/\/www.suno.com.br\/noticias\/eletrobras-elet3-cyrela-cyre3-arremata-sede-furnas\/","title":{"rendered":"Eletrobras (ELET3): Cyrela (CYRE3) arremata antiga sede de Furnas por R$ 75,4 mi"},"content":{"rendered":"<p>Nesta quarta-feira (13), foi vendida a antiga sede de Furnas, subsidi\u00e1ria da <a href=\"https:\/\/www.suno.com.br\/acoes\/elet3\/\"><strong>Eletrobras<\/strong> (ELET3)<\/a>, na Rua Real Grandeza, no bairro de Botafogo, Rio de Janeiro (RJ), por R$ 75,4 milh\u00f5es em um leil\u00e3o feito pela B3. A incorporadora <a class=\"suno-keyword\" href=\"https:\/\/www.suno.com.br\/acoes\/CYRE3\/\" target=\"_blank\" rel=\"noopener\" data-force=\"yes\" data-priority=\"2\">Cyrela (CYRE3)<\/a> foi a empresa que comprou o im\u00f3vel.<\/p>\t<div class=\"wrapper-featured-image\">\n\t\t<figure class=\"spotlightImg\">\n\n\t\t\t<picture>\n\t\t\t\t<source media=\"(max-width: 768px)\" srcset=\"https:\/\/files.sunoresearch.com.br\/n\/uploads\/2022\/07\/Eletrobras-400x200.jpg\">\n\t\t\t\t<img loading=\"lazy\" decoding=\"async\" class=\"newsContent__article__imgCapa lazyloadDisabled \" src=\"https:\/\/files.sunoresearch.com.br\/n\/uploads\/2022\/07\/Eletrobras-800x450.jpg\" width=\"800\" height=\"450\" alt=\"Eletrobras (ELET3): Cyrela (CYRE3) arremata antiga sede de Furnas por R$ 75,4 mi\" fetchpriority=high \/>\n\t\t\t<\/picture>\n\n\t\t\t<figcaption class=\"wp-caption-text wp-caption-text--show\">Eletrobras (ELET3) Foto: Fernando Fraz\u00e3o\/Ag\u00eancia Brasil<\/figcaption>\n\t\t<\/figure>\n\t<\/div>\n\n\n\t<p>\n\t\t<a href=\"\" target=\"_blank\" data-element=\"shortcode-suno-banner\" title=\"Banner SUNO, clique e saiba mais\">\n\t\t\t<picture>\n\t\t\t\t<source media=\"(max-width: 500px)\" srcset=\"\">\n\t\t\t\t<img class=\"newsContent__article__imgCapa newsContent__article__imgCapa--banner\"\n\t\t\t\t\tsrc=\"\"\n\t\t\t\t\tdata-promo-id=\"265372\"\t\t\t\t\t\t\t\t\t\t\t\t\t\t\talt=\"\"\n\t\t\t\t>\n\t\t\t<\/picture>\n\t\t<\/a>\n\t<\/p>\n\n\n<p>O pr\u00e9dio foi a<strong> sede de Furnas <\/strong>durante 50 anos<strong>.<\/strong> Desde dezembro de 2020, o edif\u00edcio estava desocupado. Os colaboradores foram transferidos para o Centro do Rio.<\/p>\n<p>A <strong>Cyrela<\/strong> arrematou por R$ 75.400.014 o lote, que corresponde a uma parte do terreno da antiga sede de Furnas. O valor foi apenas R$ 14 acima dos R 75,4 milh\u00f5es do lance m\u00ednimo.<\/p>\n<p>Visando redu\u00e7\u00e3o de custos, a venda do im\u00f3vel come\u00e7ou a ser pensada em 2019. O local conta com tr\u00eas blocos e tinha capacidade para abrigar seis mil funcion\u00e1rios.<\/p>\n<p>J\u00e1 o outro lote, de menor \u00e1rea, que se refere a um galp\u00e3o, n\u00e3o teve interessados. O lance m\u00ednimo era de R$ 10,2 milh\u00f5es. Segundo o BNDES, o terreno \u00e9 pass\u00edvel de <a class=\"suno-keyword\" href=\"https:\/\/www.suno.com.br\/artigos\/incorporacao-imobiliaria\/\" target=\"_blank\" rel=\"noopener\" data-force=\"no\" data-priority=\"1\">incorpora\u00e7\u00e3o imobili\u00e1ria<\/a> para realiza\u00e7\u00e3o de empreendimentos residenciais de alto padr\u00e3o.<\/p>\n\t<p>\n\t\t<a href=\"https:\/\/lp.suno.com.br\/ebook-como-analisar-uma-acao\/\" target=\"_blank\" data-element=\"shortcode-suno-banner\" title=\"Banner SUNO, clique e saiba mais\">\n\t\t\t<picture>\n\t\t\t\t<source media=\"(max-width: 500px)\" srcset=\"https:\/\/files.sunoresearch.com.br\/n\/uploads\/2023\/03\/Ebook-Acoes-Mobile-1.jpg\">\n\t\t\t\t<img class=\"newsContent__article__imgCapa newsContent__article__imgCapa--banner\"\n\t\t\t\t\tsrc=\"https:\/\/files.sunoresearch.com.br\/n\/uploads\/2023\/03\/Ebook-Acoes-Desktop-1.jpg\"\n\t\t\t\t\tdata-promo-id=\"171998\"\t\t\t\t\t\t\t\t\t\twidth='1420' height='286'\t\t\t\t\talt=\"https:\/\/files.sunoresearch.com.br\/n\/uploads\/2023\/03\/Ebook-Acoes-Desktop-1.jpg\"\n\t\t\t\t>\n\t\t\t<\/picture>\n\t\t<\/a>\n\t<\/p>\n\n\n<h2>Sem concorr\u00eancia, Eletrobras leiloa im\u00f3vel, no Rio<\/h2>\n<p>Com uma \u00e1rea de mais de 9 mil m\u00b2, o im\u00f3vel no bairro de Botafogo faz parte do antigo edif\u00edcio sede de Furnas e foi arrematado pela incorporadora Cyrela sem concorr\u00eancia, nem \u00e1gio. <img decoding=\"async\" style=\"width: 1px; height: 1px;\" src=\"https:\/\/agenciabrasil.ebc.com.br\/ebc.png?id=1470735&amp;o=rss\" \/><img decoding=\"async\" style=\"width: 1px; height: 1px;\" src=\"https:\/\/agenciabrasil.ebc.com.br\/ebc.gif?id=1470735&amp;o=rss\" \/><\/p>\n<p>O lote comprado \u00e9 constitu\u00eddo pelo terreno do estacionamento e os pr\u00e9dios que abrigaram o Centro de Opera\u00e7\u00e3o do Sistema Furnas, gr\u00e1fica e centro de treinamento. Durante a sess\u00e3o, tamb\u00e9m estava dispon\u00edvel para compra um galp\u00e3o na rua Real Grandeza, com \u00e1rea de 1,5 mil m\u00b2 e pre\u00e7o m\u00ednimo de venda de R$ 10,2 milh\u00f5es, mas n\u00e3o houve interessados.<\/p>\n\t<p>\n\t\t<a href=\"https:\/\/lp.suno.com.br\/planilha-da-vida-financeira\/\" target=\"_blank\" data-element=\"shortcode-suno-banner\" title=\"Banner SUNO, clique e saiba mais\">\n\t\t\t<picture>\n\t\t\t\t<source media=\"(max-width: 500px)\" srcset=\"https:\/\/files.sunoresearch.com.br\/n\/uploads\/2023\/04\/400x300-Planilha-vida-financeira-true.png\">\n\t\t\t\t<img class=\"newsContent__article__imgCapa newsContent__article__imgCapa--banner\"\n\t\t\t\t\tsrc=\"https:\/\/files.sunoresearch.com.br\/n\/uploads\/2023\/04\/1420x240-Planilha-vida-financeira-true.png\"\n\t\t\t\t\tdata-promo-id=\"106682\"\t\t\t\t\t\t\t\t\t\twidth='1420' height='240'\t\t\t\t\talt=\"https:\/\/files.sunoresearch.com.br\/n\/uploads\/2023\/04\/1420x240-Planilha-vida-financeira-true.png\"\n\t\t\t\t>\n\t\t\t<\/picture>\n\t\t<\/a>\n\t<\/p>\n\n\n<p>Este foi o primeiro leil\u00e3o de ativos imobili\u00e1rios realizados na B3 e teve como crit\u00e9rio a maior oferta de pre\u00e7o. \u201cA gente tinha identificado um problema grave na companhia, com dispers\u00e3o geogr\u00e1fica enorme. Furnas est\u00e1 em 15 estados e no Distrito Federal com v\u00e1rios im\u00f3veis ociosos, carregando a carteira. A gente estava com problema para viabilizar de alguma maneira essa desmobiliza\u00e7\u00e3o\u201d, disse Pedro Brito, diretor de Gest\u00e3o Corporativa de Furnas.<\/p>\n<h2>Centro de custo<\/h2>\n<p>Segundo ele, a ideia foi transformar um \u201ccentro de custo que carregava muito a companhia, e ainda carrega, em um centro de receitas para liberar recursos para aquilo que \u00e9 o principal da companhia na \u00e1rea de gera\u00e7\u00e3o, transmiss\u00e3o, comercializa\u00e7\u00e3o e agora inova\u00e7\u00e3o e sustentabilidade\u201d.<\/p>\n<p>Bruno Laskowsky, diretor de Participa\u00e7\u00f5es, <a class=\"suno-keyword\" href=\"https:\/\/www.suno.com.br\/artigos\/mercado-de-capitais-conceito\/\" target=\"_blank\" rel=\"noopener\" data-force=\"no\" data-priority=\"1\">Mercado de Capitais<\/a> e Cr\u00e9dito Indireto do Banco Nacional de <a class=\"suno-keyword\" href=\"https:\/\/www.suno.com.br\/artigos\/desenvolvimento-economico\/\" target=\"_blank\" rel=\"noopener\" data-force=\"no\" data-priority=\"1\">Desenvolvimento Econ\u00f4mico<\/a> e Social (BNDES), defendeu esse tipo de venda.<\/p>\n\t<p>\n\t\t<a href=\"https:\/\/lp.suno.com.br\/planilha-controle-gastos\/\" target=\"_blank\" data-element=\"shortcode-suno-banner\" title=\"Banner SUNO, clique e saiba mais\">\n\t\t\t<picture>\n\t\t\t\t<source media=\"(max-width: 500px)\" srcset=\"https:\/\/files.sunoresearch.com.br\/n\/uploads\/2023\/03\/400x300-Planilha-controle-de-gastos.png\">\n\t\t\t\t<img class=\"newsContent__article__imgCapa newsContent__article__imgCapa--banner\"\n\t\t\t\t\tsrc=\"https:\/\/files.sunoresearch.com.br\/n\/uploads\/2023\/03\/1420x240-Planilha-controle-de-gastos.png\"\n\t\t\t\t\tdata-promo-id=\"101751\"\t\t\t\t\t\t\t\t\t\twidth='1420' height='240'\t\t\t\t\talt=\"https:\/\/files.sunoresearch.com.br\/n\/uploads\/2023\/03\/1420x240-Planilha-controle-de-gastos.png\"\n\t\t\t\t>\n\t\t\t<\/picture>\n\t\t<\/a>\n\t<\/p>\n\n\n<p>\u201cTem um espa\u00e7o importante de reciclagem de capital dos ativos imobili\u00e1rios do pa\u00eds, porque o Brasil tem uma restri\u00e7\u00e3o de capital, uma restri\u00e7\u00e3o or\u00e7ament\u00e1ria, a gente tem um patrim\u00f4nio imobili\u00e1rio muito grande,\u201d, explicou.<\/p>\n<p>\u201cA gente quer alocar nas \u00e1reas que geram desenvolvimento para pa\u00eds, infraestrutura, MPME [micro, pequenas e m\u00e9dias empresas] e incentivar o cr\u00e9dito privado principalmente em momentos em que a economia est\u00e1 mais restrita\u201d, acrescentou Laskowsky sobre a <a class=\"suno-keyword\" href=\"https:\/\/www.suno.com.br\/guias\/carteira-de-investimentos\/\" target=\"_blank\" rel=\"noopener\" data-force=\"no\" data-priority=\"1\">carteira de investimentos<\/a> do banco, citando o im\u00f3vel que pertencia \u00e0 subsidi\u00e1ria da <strong>Eletrobras<\/strong>.<\/p>\n<p class=\"newsProviderSignature\"><em>Com informa\u00e7\u00f5es da Ag\u00eancia Brasil<\/em><\/p>\n\t<p>\n\t\t<a href=\"https:\/\/lp.suno.com.br\/planilha-de-controle-de-investimentos\/\" target=\"_blank\" data-element=\"shortcode-suno-banner\" title=\"Banner SUNO, clique e saiba mais\">\n\t\t\t<picture>\n\t\t\t\t<source media=\"(max-width: 500px)\" srcset=\"https:\/\/files.sunoresearch.com.br\/n\/uploads\/2023\/03\/400x300-Controle-de-Investimentos.png\">\n\t\t\t\t<img class=\"newsContent__article__imgCapa newsContent__article__imgCapa--banner\"\n\t\t\t\t\tsrc=\"https:\/\/files.sunoresearch.com.br\/n\/uploads\/2023\/03\/1420x240-Controle-de-Investimentos.png\"\n\t\t\t\t\tdata-promo-id=\"75934\"\t\t\t\t\t\t\t\t\t\twidth='1420' height='240'\t\t\t\t\talt=\"https:\/\/files.sunoresearch.com.br\/n\/uploads\/2023\/03\/1420x240-Controle-de-Investimentos.png\"\n\t\t\t\t>\n\t\t\t<\/picture>\n\t\t<\/a>\n\t<\/p>\n\n\n","protected":false},"excerpt":{"rendered":"<p>Nesta quarta-feira (13), foi vendida a antiga sede de Furnas, subsidi\u00e1ria da Eletrobras (ELET3), na Rua Real Grandeza, no bairro de Botafogo, Rio de Janeiro (RJ), por R$ 75,4 milh\u00f5es em um leil\u00e3o feito pela B3. A incorporadora Cyrela (CYRE3) foi a empresa que comprou o im\u00f3vel. Eletrobras (ELET3) Foto: Fernando Fraz\u00e3o\/Ag\u00eancia Brasil O pr\u00e9dio [&hellip;]<\/p>\n","protected":false},"author":43,"featured_media":275809,"comment_status":"closed","ping_status":"closed","sticky":false,"template":"","format":"standard","meta":[],"categories":[64],"tags":[443,455],"suno_strategy":[],"class_list":["post-275794","post","type-post","status-publish","format-standard","has-post-thumbnail","hentry","category-negocios","tag-cyrela-cyre3","tag-eletrobras-elet3-elet5-elet6"],"yoast_head":"<!-- This site is optimized with the Yoast SEO plugin v24.4 - https:\/\/yoast.com\/wordpress\/plugins\/seo\/ -->\n<title>Eletrobras (ELET3): Cyrela (CYRE3) compra antiga sede de Furnas<\/title>\n<meta name=\"description\" content=\"Nesta quarta-feira (13), foi vendida a sede de Furnas, subsidi\u00e1ria da Eletrobras (ELET3), por R$ 75,4 milh\u00f5es para a Cyrela (CYRE3)\" \/>\n<meta name=\"robots\" content=\"index, follow, max-snippet:-1, max-image-preview:large, max-video-preview:-1\" \/>\n<link rel=\"canonical\" href=\"https:\/\/www.suno.com.br\/noticias\/eletrobras-elet3-cyrela-cyre3-arremata-sede-furnas\/\" \/>\n<meta property=\"og:locale\" content=\"pt_BR\" \/>\n<meta property=\"og:type\" content=\"article\" \/>\n<meta property=\"og:title\" content=\"Eletrobras (ELET3): Cyrela (CYRE3) compra antiga sede de Furnas\" \/>\n<meta property=\"og:description\" content=\"Nesta quarta-feira (13), foi vendida a sede de Furnas, subsidi\u00e1ria da Eletrobras (ELET3), por R$ 75,4 milh\u00f5es para a Cyrela (CYRE3)\" \/>\n<meta property=\"og:url\" content=\"https:\/\/www.suno.com.br\/noticias\/eletrobras-elet3-cyrela-cyre3-arremata-sede-furnas\/\" \/>\n<meta property=\"og:site_name\" content=\"Suno Not\u00edcias\" \/>\n<meta property=\"article:publisher\" content=\"https:\/\/facebook.com\/sunoresearch\" \/>\n<meta property=\"article:author\" content=\"https:\/\/www.facebook.com\/sunonoticias\/\" \/>\n<meta property=\"og:image\" content=\"https:\/\/files.sunoresearch.com.br\/n\/uploads\/2022\/07\/Eletrobras.jpg\" \/>\n\t<meta property=\"og:image:width\" content=\"1350\" \/>\n\t<meta property=\"og:image:height\" content=\"808\" \/>\n\t<meta property=\"og:image:type\" content=\"image\/jpeg\" \/>\n<meta name=\"author\" content=\"Reda\u00e7\u00e3o Suno Not\u00edcias\" \/>\n<meta name=\"twitter:card\" content=\"summary_large_image\" \/>\n<meta name=\"twitter:creator\" content=\"@https:\/\/twitter.com\/sunoresearch\" \/>\n<meta name=\"twitter:site\" content=\"@sunoresearch\" \/>\n<meta name=\"twitter:label1\" content=\"Escrito por\" \/>\n\t<meta name=\"twitter:data1\" content=\"Reda\u00e7\u00e3o Suno Not\u00edcias\" \/>\n\t<meta name=\"twitter:label2\" content=\"Est. tempo de leitura\" \/>\n\t<meta name=\"twitter:data2\" content=\"4 minutos\" \/>\n<script type=\"application\/ld+json\" class=\"yoast-schema-graph\">{\"@context\":\"https:\/\/schema.org\",\"@graph\":[{\"@type\":\"NewsArticle\",\"@id\":\"https:\/\/www.suno.com.br\/noticias\/eletrobras-elet3-cyrela-cyre3-arremata-sede-furnas\/#article\",\"isPartOf\":{\"@id\":\"https:\/\/www.suno.com.br\/noticias\/eletrobras-elet3-cyrela-cyre3-arremata-sede-furnas\/\"},\"author\":{\"name\":\"Reda\u00e7\u00e3o Suno Not\u00edcias\",\"@id\":\"https:\/\/www.suno.com.br\/noticias\/#\/schema\/person\/c1b1bd3727fa852bd045e9dbff3673ea\"},\"headline\":\"Eletrobras (ELET3): Cyrela (CYRE3) arremata antiga sede de Furnas por R$ 75,4 mi\",\"datePublished\":\"2022-07-13T21:46:49+00:00\",\"dateModified\":\"2022-07-13T21:47:19+00:00\",\"mainEntityOfPage\":{\"@id\":\"https:\/\/www.suno.com.br\/noticias\/eletrobras-elet3-cyrela-cyre3-arremata-sede-furnas\/\"},\"wordCount\":591,\"publisher\":{\"@id\":\"https:\/\/www.suno.com.br\/noticias\/#organization\"},\"image\":{\"@id\":\"https:\/\/www.suno.com.br\/noticias\/eletrobras-elet3-cyrela-cyre3-arremata-sede-furnas\/#primaryimage\"},\"thumbnailUrl\":\"https:\/\/files.sunoresearch.com.br\/n\/uploads\/2022\/07\/Eletrobras.jpg\",\"keywords\":[\"Cyrela (CYRE3)\",\"Eletrobras (ELET3\/ELET5\/ELET6)\"],\"articleSection\":[\"Neg\u00f3cios\"],\"inLanguage\":\"pt-BR\"},{\"@type\":\"WebPage\",\"@id\":\"https:\/\/www.suno.com.br\/noticias\/eletrobras-elet3-cyrela-cyre3-arremata-sede-furnas\/\",\"url\":\"https:\/\/www.suno.com.br\/noticias\/eletrobras-elet3-cyrela-cyre3-arremata-sede-furnas\/\",\"name\":\"Eletrobras (ELET3): Cyrela (CYRE3) compra antiga sede de Furnas\",\"isPartOf\":{\"@id\":\"https:\/\/www.suno.com.br\/noticias\/#website\"},\"primaryImageOfPage\":{\"@id\":\"https:\/\/www.suno.com.br\/noticias\/eletrobras-elet3-cyrela-cyre3-arremata-sede-furnas\/#primaryimage\"},\"image\":{\"@id\":\"https:\/\/www.suno.com.br\/noticias\/eletrobras-elet3-cyrela-cyre3-arremata-sede-furnas\/#primaryimage\"},\"thumbnailUrl\":\"https:\/\/files.sunoresearch.com.br\/n\/uploads\/2022\/07\/Eletrobras.jpg\",\"datePublished\":\"2022-07-13T21:46:49+00:00\",\"dateModified\":\"2022-07-13T21:47:19+00:00\",\"description\":\"Nesta quarta-feira (13), foi vendida a sede de Furnas, subsidi\u00e1ria da Eletrobras (ELET3), por R$ 75,4 milh\u00f5es para a Cyrela (CYRE3)\",\"breadcrumb\":{\"@id\":\"https:\/\/www.suno.com.br\/noticias\/eletrobras-elet3-cyrela-cyre3-arremata-sede-furnas\/#breadcrumb\"},\"inLanguage\":\"pt-BR\",\"potentialAction\":[{\"@type\":\"ReadAction\",\"target\":[\"https:\/\/www.suno.com.br\/noticias\/eletrobras-elet3-cyrela-cyre3-arremata-sede-furnas\/\"]}]},{\"@type\":\"ImageObject\",\"inLanguage\":\"pt-BR\",\"@id\":\"https:\/\/www.suno.com.br\/noticias\/eletrobras-elet3-cyrela-cyre3-arremata-sede-furnas\/#primaryimage\",\"url\":\"https:\/\/files.sunoresearch.com.br\/n\/uploads\/2022\/07\/Eletrobras.jpg\",\"contentUrl\":\"https:\/\/files.sunoresearch.com.br\/n\/uploads\/2022\/07\/Eletrobras.jpg\",\"width\":1350,\"height\":808,\"caption\":\"Eletrobras (ELET3) Foto: Fernando Fraz\u00e3o\/Ag\u00eancia Brasil\"},{\"@type\":\"BreadcrumbList\",\"@id\":\"https:\/\/www.suno.com.br\/noticias\/eletrobras-elet3-cyrela-cyre3-arremata-sede-furnas\/#breadcrumb\",\"itemListElement\":[{\"@type\":\"ListItem\",\"position\":1,\"name\":\"Not\u00edcias\",\"item\":\"https:\/\/www.suno.com.br\/noticias\/\"},{\"@type\":\"ListItem\",\"position\":2,\"name\":\"Neg\u00f3cios\",\"item\":\"https:\/\/www.suno.com.br\/noticias\/negocios\/\"},{\"@type\":\"ListItem\",\"position\":3,\"name\":\"Eletrobras (ELET3): Cyrela (CYRE3) arremata antiga sede de Furnas por R$ 75,4 mi\"}]},{\"@type\":\"WebSite\",\"@id\":\"https:\/\/www.suno.com.br\/noticias\/#website\",\"url\":\"https:\/\/www.suno.com.br\/noticias\/\",\"name\":\"Suno Not\u00edcias\",\"description\":\"Seu portal de informa\u00e7\u00e3o sobre o mundo dos investimentos\",\"publisher\":{\"@id\":\"https:\/\/www.suno.com.br\/noticias\/#organization\"},\"potentialAction\":[{\"@type\":\"SearchAction\",\"target\":{\"@type\":\"EntryPoint\",\"urlTemplate\":\"https:\/\/www.suno.com.br\/noticias\/?s={search_term_string}\"},\"query-input\":{\"@type\":\"PropertyValueSpecification\",\"valueRequired\":true,\"valueName\":\"search_term_string\"}}],\"inLanguage\":\"pt-BR\"},{\"@type\":\"Organization\",\"@id\":\"https:\/\/www.suno.com.br\/noticias\/#organization\",\"name\":\"Suno Not\u00edcias\",\"url\":\"https:\/\/www.suno.com.br\/noticias\/\",\"logo\":{\"@type\":\"ImageObject\",\"inLanguage\":\"pt-BR\",\"@id\":\"https:\/\/www.suno.com.br\/noticias\/#\/schema\/logo\/image\/\",\"url\":\"https:\/\/files.sunoresearch.com.br\/n\/uploads\/2021\/09\/suno-logo.png\",\"contentUrl\":\"https:\/\/files.sunoresearch.com.br\/n\/uploads\/2021\/09\/suno-logo.png\",\"width\":180,\"height\":180,\"caption\":\"Suno Not\u00edcias\"},\"image\":{\"@id\":\"https:\/\/www.suno.com.br\/noticias\/#\/schema\/logo\/image\/\"},\"sameAs\":[\"https:\/\/facebook.com\/sunoresearch\",\"https:\/\/x.com\/sunoresearch\",\"https:\/\/www.instagram.com\/suno\",\"https:\/\/www.linkedin.com\/company\/suno-research\/\",\"https:\/\/www.youtube.com\/c\/sunoresearch\"]},{\"@type\":\"Person\",\"@id\":\"https:\/\/www.suno.com.br\/noticias\/#\/schema\/person\/c1b1bd3727fa852bd045e9dbff3673ea\",\"name\":\"Reda\u00e7\u00e3o Suno Not\u00edcias\",\"image\":{\"@type\":\"ImageObject\",\"inLanguage\":\"pt-BR\",\"@id\":\"https:\/\/www.suno.com.br\/noticias\/#\/schema\/person\/image\/\",\"url\":\"https:\/\/secure.gravatar.com\/avatar\/b8104b9b5a71985d5238ee59fbe418af?s=96&r=g\",\"contentUrl\":\"https:\/\/secure.gravatar.com\/avatar\/b8104b9b5a71985d5238ee59fbe418af?s=96&r=g\",\"caption\":\"Reda\u00e7\u00e3o Suno Not\u00edcias\"},\"description\":\"O Suno Not\u00edcias \u00e9 um portal de informa\u00e7\u00f5es sobre Mercado Financeiro, Pol\u00edtica, Neg\u00f3cios, Economia e Finan\u00e7as Pessoais.\",\"sameAs\":[\"https:\/\/www.suno.com.br\/noticias\",\"https:\/\/www.facebook.com\/sunonoticias\/\",\"https:\/\/www.instagram.com\/sunonoticias\/\",\"https:\/\/x.com\/https:\/\/twitter.com\/sunoresearch\",\"https:\/\/www.youtube.com\/sunonoticias\"],\"url\":\"https:\/\/www.suno.com.br\/noticias\/author\/redacao-suno\/\"}]}<\/script>\n<!-- \/ Yoast SEO plugin. -->","yoast_head_json":{"title":"Eletrobras (ELET3): Cyrela (CYRE3) compra antiga sede de Furnas","description":"Nesta quarta-feira (13), foi vendida a sede de Furnas, subsidi\u00e1ria da Eletrobras (ELET3), por R$ 75,4 milh\u00f5es para a Cyrela (CYRE3)","robots":{"index":"index","follow":"follow","max-snippet":"max-snippet:-1","max-image-preview":"max-image-preview:large","max-video-preview":"max-video-preview:-1"},"canonical":"https:\/\/www.suno.com.br\/noticias\/eletrobras-elet3-cyrela-cyre3-arremata-sede-furnas\/","og_locale":"pt_BR","og_type":"article","og_title":"Eletrobras (ELET3): Cyrela (CYRE3) compra antiga sede de Furnas","og_description":"Nesta quarta-feira (13), foi vendida a sede de Furnas, subsidi\u00e1ria da Eletrobras (ELET3), por R$ 75,4 milh\u00f5es para a Cyrela (CYRE3)","og_url":"https:\/\/www.suno.com.br\/noticias\/eletrobras-elet3-cyrela-cyre3-arremata-sede-furnas\/","og_site_name":"Suno Not\u00edcias","article_publisher":"https:\/\/facebook.com\/sunoresearch","article_author":"https:\/\/www.facebook.com\/sunonoticias\/","og_image":[{"width":1350,"height":808,"url":"https:\/\/files.sunoresearch.com.br\/n\/uploads\/2022\/07\/Eletrobras.jpg","type":"image\/jpeg"}],"author":"Reda\u00e7\u00e3o Suno Not\u00edcias","twitter_card":"summary_large_image","twitter_creator":"@https:\/\/twitter.com\/sunoresearch","twitter_site":"@sunoresearch","twitter_misc":{"Escrito por":"Reda\u00e7\u00e3o Suno Not\u00edcias","Est. tempo de leitura":"4 minutos"},"schema":{"@context":"https:\/\/schema.org","@graph":[{"@type":"NewsArticle","@id":"https:\/\/www.suno.com.br\/noticias\/eletrobras-elet3-cyrela-cyre3-arremata-sede-furnas\/#article","isPartOf":{"@id":"https:\/\/www.suno.com.br\/noticias\/eletrobras-elet3-cyrela-cyre3-arremata-sede-furnas\/"},"author":{"name":"Reda\u00e7\u00e3o Suno Not\u00edcias","@id":"https:\/\/www.suno.com.br\/noticias\/#\/schema\/person\/c1b1bd3727fa852bd045e9dbff3673ea"},"headline":"Eletrobras (ELET3): Cyrela (CYRE3) arremata antiga sede de Furnas por R$ 75,4 mi","datePublished":"2022-07-13T21:46:49+00:00","dateModified":"2022-07-13T21:47:19+00:00","mainEntityOfPage":{"@id":"https:\/\/www.suno.com.br\/noticias\/eletrobras-elet3-cyrela-cyre3-arremata-sede-furnas\/"},"wordCount":591,"publisher":{"@id":"https:\/\/www.suno.com.br\/noticias\/#organization"},"image":{"@id":"https:\/\/www.suno.com.br\/noticias\/eletrobras-elet3-cyrela-cyre3-arremata-sede-furnas\/#primaryimage"},"thumbnailUrl":"https:\/\/files.sunoresearch.com.br\/n\/uploads\/2022\/07\/Eletrobras.jpg","keywords":["Cyrela (CYRE3)","Eletrobras (ELET3\/ELET5\/ELET6)"],"articleSection":["Neg\u00f3cios"],"inLanguage":"pt-BR"},{"@type":"WebPage","@id":"https:\/\/www.suno.com.br\/noticias\/eletrobras-elet3-cyrela-cyre3-arremata-sede-furnas\/","url":"https:\/\/www.suno.com.br\/noticias\/eletrobras-elet3-cyrela-cyre3-arremata-sede-furnas\/","name":"Eletrobras (ELET3): Cyrela (CYRE3) compra antiga sede de Furnas","isPartOf":{"@id":"https:\/\/www.suno.com.br\/noticias\/#website"},"primaryImageOfPage":{"@id":"https:\/\/www.suno.com.br\/noticias\/eletrobras-elet3-cyrela-cyre3-arremata-sede-furnas\/#primaryimage"},"image":{"@id":"https:\/\/www.suno.com.br\/noticias\/eletrobras-elet3-cyrela-cyre3-arremata-sede-furnas\/#primaryimage"},"thumbnailUrl":"https:\/\/files.sunoresearch.com.br\/n\/uploads\/2022\/07\/Eletrobras.jpg","datePublished":"2022-07-13T21:46:49+00:00","dateModified":"2022-07-13T21:47:19+00:00","description":"Nesta quarta-feira (13), foi vendida a sede de Furnas, subsidi\u00e1ria da Eletrobras (ELET3), por R$ 75,4 milh\u00f5es para a Cyrela (CYRE3)","breadcrumb":{"@id":"https:\/\/www.suno.com.br\/noticias\/eletrobras-elet3-cyrela-cyre3-arremata-sede-furnas\/#breadcrumb"},"inLanguage":"pt-BR","potentialAction":[{"@type":"ReadAction","target":["https:\/\/www.suno.com.br\/noticias\/eletrobras-elet3-cyrela-cyre3-arremata-sede-furnas\/"]}]},{"@type":"ImageObject","inLanguage":"pt-BR","@id":"https:\/\/www.suno.com.br\/noticias\/eletrobras-elet3-cyrela-cyre3-arremata-sede-furnas\/#primaryimage","url":"https:\/\/files.sunoresearch.com.br\/n\/uploads\/2022\/07\/Eletrobras.jpg","contentUrl":"https:\/\/files.sunoresearch.com.br\/n\/uploads\/2022\/07\/Eletrobras.jpg","width":1350,"height":808,"caption":"Eletrobras (ELET3) Foto: Fernando Fraz\u00e3o\/Ag\u00eancia Brasil"},{"@type":"BreadcrumbList","@id":"https:\/\/www.suno.com.br\/noticias\/eletrobras-elet3-cyrela-cyre3-arremata-sede-furnas\/#breadcrumb","itemListElement":[{"@type":"ListItem","position":1,"name":"Not\u00edcias","item":"https:\/\/www.suno.com.br\/noticias\/"},{"@type":"ListItem","position":2,"name":"Neg\u00f3cios","item":"https:\/\/www.suno.com.br\/noticias\/negocios\/"},{"@type":"ListItem","position":3,"name":"Eletrobras (ELET3): Cyrela (CYRE3) arremata antiga sede de Furnas por R$ 75,4 mi"}]},{"@type":"WebSite","@id":"https:\/\/www.suno.com.br\/noticias\/#website","url":"https:\/\/www.suno.com.br\/noticias\/","name":"Suno Not\u00edcias","description":"Seu portal de informa\u00e7\u00e3o sobre o mundo dos investimentos","publisher":{"@id":"https:\/\/www.suno.com.br\/noticias\/#organization"},"potentialAction":[{"@type":"SearchAction","target":{"@type":"EntryPoint","urlTemplate":"https:\/\/www.suno.com.br\/noticias\/?s={search_term_string}"},"query-input":{"@type":"PropertyValueSpecification","valueRequired":true,"valueName":"search_term_string"}}],"inLanguage":"pt-BR"},{"@type":"Organization","@id":"https:\/\/www.suno.com.br\/noticias\/#organization","name":"Suno Not\u00edcias","url":"https:\/\/www.suno.com.br\/noticias\/","logo":{"@type":"ImageObject","inLanguage":"pt-BR","@id":"https:\/\/www.suno.com.br\/noticias\/#\/schema\/logo\/image\/","url":"https:\/\/files.sunoresearch.com.br\/n\/uploads\/2021\/09\/suno-logo.png","contentUrl":"https:\/\/files.sunoresearch.com.br\/n\/uploads\/2021\/09\/suno-logo.png","width":180,"height":180,"caption":"Suno Not\u00edcias"},"image":{"@id":"https:\/\/www.suno.com.br\/noticias\/#\/schema\/logo\/image\/"},"sameAs":["https:\/\/facebook.com\/sunoresearch","https:\/\/x.com\/sunoresearch","https:\/\/www.instagram.com\/suno","https:\/\/www.linkedin.com\/company\/suno-research\/","https:\/\/www.youtube.com\/c\/sunoresearch"]},{"@type":"Person","@id":"https:\/\/www.suno.com.br\/noticias\/#\/schema\/person\/c1b1bd3727fa852bd045e9dbff3673ea","name":"Reda\u00e7\u00e3o Suno Not\u00edcias","image":{"@type":"ImageObject","inLanguage":"pt-BR","@id":"https:\/\/www.suno.com.br\/noticias\/#\/schema\/person\/image\/","url":"https:\/\/secure.gravatar.com\/avatar\/b8104b9b5a71985d5238ee59fbe418af?s=96&r=g","contentUrl":"https:\/\/secure.gravatar.com\/avatar\/b8104b9b5a71985d5238ee59fbe418af?s=96&r=g","caption":"Reda\u00e7\u00e3o Suno Not\u00edcias"},"description":"O Suno Not\u00edcias \u00e9 um portal de informa\u00e7\u00f5es sobre Mercado Financeiro, Pol\u00edtica, Neg\u00f3cios, Economia e Finan\u00e7as Pessoais.","sameAs":["https:\/\/www.suno.com.br\/noticias","https:\/\/www.facebook.com\/sunonoticias\/","https:\/\/www.instagram.com\/sunonoticias\/","https:\/\/x.com\/https:\/\/twitter.com\/sunoresearch","https:\/\/www.youtube.com\/sunonoticias"],"url":"https:\/\/www.suno.com.br\/noticias\/author\/redacao-suno\/"}]}},"default_loop_html":"<div class=\"cardsPage__listCard__boxs\"><div class=\"cardsPage__listCard__boxs__img\"><a href=\"https:\/\/www.suno.com.br\/noticias\/eletrobras-elet3-cyrela-cyre3-arremata-sede-furnas\/\"><img class=\"mask\" src=\"https:\/\/www.suno.com.br\/noticias\/wp-content\/themes\/suno\/resources\/images\/spotlight\/spotlight1img\/bg-mask.png\" alt=\"Image Mask\"\/><img src=\"https:\/\/files.sunoresearch.com.br\/n\/uploads\/2022\/07\/Eletrobras-400x200.jpg\" alt=\"Eletrobras (ELET3): Cyrela (CYRE3) arremata antiga sede de Furnas por R$ 75,4 mi\"\/><\/a><span class=\"spotlightCategory\"><a href=\"https:\/\/www.suno.com.br\/noticias\/negocios\/\">Neg\u00f3cios<\/a><\/span><\/div><div class=\"cardsPage__listCard__boxs__content\"><a href=\"https:\/\/www.suno.com.br\/noticias\/eletrobras-elet3-cyrela-cyre3-arremata-sede-furnas\/\"><h2 class=\"content__title\">Eletrobras (ELET3): Cyrela (CYRE3) arremata antiga sede de Furnas por R$ 75,4 mi<\/h2><\/a><div class=\"newsContent__article__meta\"><div class=\"newsContent__article__meta__authorBox\"><a href=\"https:\/\/www.suno.com.br\/noticias\/author\/redacao-suno\/\" class=\"authorBox__avatar noMobi\"><img src=\"https:\/\/files.sunoresearch.com.br\/n\/uploads\/2020\/08\/0ace682d-redacao-1-150x150.webp\" alt=\"Reda\u00e7\u00e3o Suno Not\u00edcias\"><\/a><div class=\"authorBox__name\"><span>por\n\t\t\t<a href=\"https:\/\/www.suno.com.br\/noticias\/author\/redacao-suno\/\"><span itemprop=\"author\">Reda\u00e7\u00e3o Suno Not\u00edcias<\/span><\/a><\/span><time datetime=\"2022-07-13T18:46:49-03:00\" itemprop=\"datePublished\">13\/07\/2022 18:46<\/time><\/div><\/div><\/div><\/div><\/div>","single_layout":"posts","amp_enabled":true,"_links":{"self":[{"href":"https:\/\/www.suno.com.br\/noticias\/wp-json\/wp\/v2\/posts\/275794"}],"collection":[{"href":"https:\/\/www.suno.com.br\/noticias\/wp-json\/wp\/v2\/posts"}],"about":[{"href":"https:\/\/www.suno.com.br\/noticias\/wp-json\/wp\/v2\/types\/post"}],"author":[{"embeddable":true,"href":"https:\/\/www.suno.com.br\/noticias\/wp-json\/wp\/v2\/users\/43"}],"replies":[{"embeddable":true,"href":"https:\/\/www.suno.com.br\/noticias\/wp-json\/wp\/v2\/comments?post=275794"}],"version-history":[{"count":1,"href":"https:\/\/www.suno.com.br\/noticias\/wp-json\/wp\/v2\/posts\/275794\/revisions"}],"predecessor-version":[{"id":275810,"href":"https:\/\/www.suno.com.br\/noticias\/wp-json\/wp\/v2\/posts\/275794\/revisions\/275810"}],"wp:featuredmedia":[{"embeddable":true,"href":"https:\/\/www.suno.com.br\/noticias\/wp-json\/wp\/v2\/media\/275809"}],"wp:attachment":[{"href":"https:\/\/www.suno.com.br\/noticias\/wp-json\/wp\/v2\/media?parent=275794"}],"wp:term":[{"taxonomy":"category","embeddable":true,"href":"https:\/\/www.suno.com.br\/noticias\/wp-json\/wp\/v2\/categories?post=275794"},{"taxonomy":"post_tag","embeddable":true,"href":"https:\/\/www.suno.com.br\/noticias\/wp-json\/wp\/v2\/tags?post=275794"},{"taxonomy":"suno_strategy","embeddable":true,"href":"https:\/\/www.suno.com.br\/noticias\/wp-json\/wp\/v2\/suno_strategy?post=275794"}],"curies":[{"name":"wp","href":"https:\/\/api.w.org\/{rel}","templated":true}]}}