{"id":27579,"date":"2019-06-07T10:02:34","date_gmt":"2019-06-07T13:02:34","guid":{"rendered":"https:\/\/www.suno.com.br\/noticias\/?p=27579"},"modified":"2019-06-07T10:02:34","modified_gmt":"2019-06-07T13:02:34","slug":"br-pharma-pedido-falencia-chance-crise","status":"publish","type":"post","link":"https:\/\/www.suno.com.br\/noticias\/br-pharma-pedido-falencia-chance-crise\/","title":{"rendered":"BR Pharma diz em pedido de fal\u00eancia que n\u00e3o v\u00ea chance de superar crise"},"content":{"rendered":"<p>A BR Pharma afirmou em <a href=\"https:\/\/www.suno.com.br\/artigos\/falencia\/\">pedido de fal\u00eancia<\/a> encaminhado \u00e0 Justi\u00e7a que &#8220;n\u00e3o vislumbra mais a possibilidade de viabiliza\u00e7\u00e3o da supera\u00e7\u00e3o da sua situa\u00e7\u00e3o de crise econ\u00f4mico-financeira&#8221;.<\/p>\t<div class=\"wrapper-featured-image\">\n\t\t<figure class=\"spotlightImg\">\n\n\t\t\t<picture>\n\t\t\t\t<source media=\"(max-width: 768px)\" srcset=\"https:\/\/files.sunoresearch.com.br\/n\/uploads\/2019\/03\/3ebf5589-br-pharma-400x200.webp\">\n\t\t\t\t<img loading=\"lazy\" decoding=\"async\" class=\"newsContent__article__imgCapa lazyloadDisabled newsContent__article__imgCapa--noCaption\" src=\"https:\/\/files.sunoresearch.com.br\/n\/uploads\/2019\/03\/3ebf5589-br-pharma-800x450.webp\" width=\"800\" height=\"450\" alt=\"BR Pharma diz em pedido de fal\u00eancia que n\u00e3o v\u00ea chance de superar crise\" fetchpriority=high \/>\n\t\t\t<\/picture>\n\n\t\t\t<figcaption class=\"wp-caption-text wp-caption-text--hide\">BR Pharma<\/figcaption>\n\t\t<\/figure>\n\t<\/div>\n\n\n<p>A venda da <strong>Farmais<\/strong>, que \u00e9 controlada pela <strong>BR Pharma<\/strong>, \u00e9 considerada uma das principais medidas para a sua <strong>recupera\u00e7\u00e3o<\/strong> e a\u00a0\u201cchance de soerguimento\u201d. Por\u00e9m, a negocia\u00e7\u00e3o est\u00e1 suspensa ap\u00f3s decis\u00e3o judicial. As informa\u00e7\u00f5es constam no documento enviado \u00e0 <strong>2\u00aa Vara de Fal\u00eancias e Recupera\u00e7\u00f5es Judiciais<\/strong> de S\u00e3o Paulo. Al\u00e9m disso, o documento est\u00e1 disponibilizado no site da <strong>Comiss\u00e3o de Valores Mobili\u00e1rios (CVM)<\/strong>.<\/p>\n<p><a href=\"https:\/\/www.suno.com.br\/noticias\/justica-suspende-venda-farmais-pharma\/\">Saiba mais:\u00a0Venda da Farmais, da BR Pharma, \u00e9 suspensa pela Justi\u00e7a<\/a><\/p>\n<p>Em mar\u00e7o, a\u00a0<strong>Panpharma<\/strong> obteve liminar em segunda inst\u00e2ncia que suspendeu o plano de <a href=\"https:\/\/www.suno.com.br\/artigos\/recuperacao-judicial\/\"><strong>recupera\u00e7\u00e3o judicial<\/strong><\/a> da <strong>BR Pharma<\/strong>. Nesta recupera\u00e7\u00e3o, constava a venda da <strong>Farmais<\/strong>.<\/p>\n\t<p>\n\t\t<a href=\"https:\/\/lp.suno.com.br\/ebook-gratuito-investindo-no-exterior\/\" target=\"_blank\" data-element=\"shortcode-suno-banner\" title=\"Banner SUNO, clique e saiba mais\">\n\t\t\t<picture>\n\t\t\t\t<source media=\"(max-width: 500px)\" srcset=\"https:\/\/files.sunoresearch.com.br\/n\/uploads\/2023\/03\/400x300-Investindo-no-exterior.png\">\n\t\t\t\t<img class=\"newsContent__article__imgCapa newsContent__article__imgCapa--banner\"\n\t\t\t\t\tsrc=\"https:\/\/files.sunoresearch.com.br\/n\/uploads\/2023\/03\/1420x240-Investindo-no-exterior.png\"\n\t\t\t\t\tdata-promo-id=\"383161\"\t\t\t\t\t\t\t\t\t\twidth='1420' height='240'\t\t\t\t\talt=\"https:\/\/files.sunoresearch.com.br\/n\/uploads\/2023\/03\/1420x240-Investindo-no-exterior.png\"\n\t\t\t\t>\n\t\t\t<\/picture>\n\t\t<\/a>\n\t<\/p>\n\n\n<p>\u201cDiante de tal decis\u00e3o, a aliena\u00e7\u00e3o de seus pontos comerciais e demais ativos restou comprometida, dada a falta de seguran\u00e7a jur\u00eddica que pairou sobre os potenciais arrematantes\u201d, diz trecho do <strong>pedido de fal\u00eancia<\/strong>. \u201cE nem \u00e9 preciso dizer que tal circunst\u00e2ncia prejudicou sobremaneira a continuidade do cumprimento das obriga\u00e7\u00f5es e o pagamento dos credores.\u201d<\/p>\n<p>O plano de <strong>recupera\u00e7\u00e3o judicial<\/strong> foi homologado em novembro de 2018. Contudo, de acordo com a empresa,\u00a0o plano &#8220;foi severamente afetado por diversos fatores e intercorr\u00eancias nos \u00faltimos meses. Que acabaram por comprometer o prosseguimento da recupera\u00e7\u00e3o judicial e tornaram ineficazes as medidas visando \u00e0 solu\u00e7\u00e3o da persistente <strong>crise econ\u00f4mico-financeira<\/strong> da companhia&#8221;.<\/p>\n<p>A companhia acrescenta que \u00e9 do conhecimento das partes envolvidas que a <strong>recupera\u00e7\u00e3o<\/strong> tem feito com que ela opere com &#8220;um aprestad\u00edssimo fluxo de caixa&#8221;, sendo obrigado assim a demitir funcion\u00e1rios e fechar filiais.<\/p>\n\t<p>\n\t\t<a href=\"https:\/\/lp.suno.com.br\/cl\/impacto-tarifas-trump\/?utm_source=sunoresearch&#038;utm_medium=banner.noticias&#038;utm_campaign=_SNC903E88AA_\" target=\"_blank\" data-element=\"shortcode-suno-banner\" title=\"Banner SUNO, clique e saiba mais\">\n\t\t\t<picture>\n\t\t\t\t<source media=\"(max-width: 500px)\" srcset=\"https:\/\/files.sunoresearch.com.br\/n\/uploads\/2025\/07\/trump-mobile.webp\">\n\t\t\t\t<img class=\"newsContent__article__imgCapa newsContent__article__imgCapa--banner\"\n\t\t\t\t\tsrc=\"https:\/\/files.sunoresearch.com.br\/n\/uploads\/2025\/07\/trump-banner-desktop.webp\"\n\t\t\t\t\tdata-promo-id=\"613126\"\t\t\t\t\t\t\t\t\t\twidth='1000' height='325'\t\t\t\t\talt=\"https:\/\/files.sunoresearch.com.br\/n\/uploads\/2025\/07\/trump-banner-desktop.webp\"\n\t\t\t\t>\n\t\t\t<\/picture>\n\t\t<\/a>\n\t<\/p>\n\n\n<p>Caso consiga vender a <strong>Farmais<\/strong>, a <strong>BR Pharma<\/strong> n\u00e3o ter\u00e1 mais lojas para operar. Seus centros de distribui\u00e7\u00e3o tamb\u00e9m foram vendidos em junho de 2018. Um destino amargo para a empresa que queria ser a maior rede de farm\u00e1cias do Brasil.\u00a0A empresa chegou a ter mais 1.200 unidades e um faturamento de R$ 3,5 bilh\u00f5es.<\/p>\n<p><a href=\"https:\/\/www.suno.com.br\/noticias\/brasil-pharma-falencia-acoes\/\">Saiba mais:\u00a0Brasil Pharma planeja discutir pedido de fal\u00eancia e cai 45% na Bolsa<\/a><\/p>\n<p>A <strong>BR Pharma<\/strong> foi criada em 2009 pelo banco <strong>BTG Pactual,<\/strong> mas foi vendida em abril de 2017 para a Lyon Capital pelo valor simb\u00f3lico de R$ 1000. O fundador da <strong>Lyon,<\/strong>\u00a0Paulo Remy, ex-presidente da construtora WTorre, <strong>assumiu<\/strong> o comando da empresa.<\/p>\n<p>&nbsp;<\/p>\n","protected":false},"excerpt":{"rendered":"<p>A BR Pharma afirmou em pedido de fal\u00eancia encaminhado \u00e0 Justi\u00e7a que &#8220;n\u00e3o vislumbra mais a possibilidade de viabiliza\u00e7\u00e3o da supera\u00e7\u00e3o da sua situa\u00e7\u00e3o de crise econ\u00f4mico-financeira&#8221;. BR Pharma A venda da Farmais, que \u00e9 controlada pela BR Pharma, \u00e9 considerada uma das principais medidas para a sua recupera\u00e7\u00e3o e a\u00a0\u201cchance de soerguimento\u201d. Por\u00e9m, a [&hellip;]<\/p>\n","protected":false},"author":14,"featured_media":17031,"comment_status":"closed","ping_status":"closed","sticky":false,"template":"","format":"standard","meta":[],"categories":[64],"tags":[390,902,979,314],"suno_strategy":[],"class_list":["post-27579","post","type-post","status-publish","format-standard","has-post-thumbnail","hentry","category-negocios","tag-br-pharma","tag-comissao-de-valores-mobiliarios-cvm","tag-falencia","tag-recuperacao-judicial"],"yoast_head":"<!-- This site is optimized with the Yoast SEO plugin v24.4 - https:\/\/yoast.com\/wordpress\/plugins\/seo\/ -->\n<title>BR Pharma diz em pedido de fal\u00eancia que n\u00e3o v\u00ea chance de superar crise<\/title>\n<meta name=\"description\" content=\"A venda da Farmais, que \u00e9 controlada pela BR Pharma, \u00e9 considerada uma das principais medidas para a sua recupera\u00e7\u00e3o. Clique e veja mais.\" \/>\n<meta name=\"robots\" content=\"index, follow, max-snippet:-1, max-image-preview:large, max-video-preview:-1\" \/>\n<link rel=\"canonical\" href=\"https:\/\/www.suno.com.br\/noticias\/br-pharma-pedido-falencia-chance-crise\/\" \/>\n<meta property=\"og:locale\" content=\"pt_BR\" \/>\n<meta property=\"og:type\" content=\"article\" \/>\n<meta property=\"og:title\" content=\"BR Pharma diz em pedido de fal\u00eancia que n\u00e3o v\u00ea chance de superar crise\" \/>\n<meta property=\"og:description\" content=\"A venda da Farmais, que \u00e9 controlada pela BR Pharma, \u00e9 considerada uma das principais medidas para a sua recupera\u00e7\u00e3o. Clique e veja mais.\" \/>\n<meta property=\"og:url\" content=\"https:\/\/www.suno.com.br\/noticias\/br-pharma-pedido-falencia-chance-crise\/\" \/>\n<meta property=\"og:site_name\" content=\"Suno Not\u00edcias\" \/>\n<meta property=\"article:publisher\" content=\"https:\/\/facebook.com\/sunoresearch\" \/>\n<meta property=\"og:image\" content=\"https:\/\/files.sunoresearch.com.br\/n\/uploads\/2019\/03\/3ebf5589-br-pharma.jpg\" \/>\n\t<meta property=\"og:image:width\" content=\"806\" \/>\n\t<meta property=\"og:image:height\" content=\"522\" \/>\n\t<meta property=\"og:image:type\" content=\"image\/jpeg\" \/>\n<meta name=\"author\" content=\"Renan Dantas\" \/>\n<meta name=\"twitter:card\" content=\"summary_large_image\" \/>\n<meta name=\"twitter:creator\" content=\"@sunoresearch\" \/>\n<meta name=\"twitter:site\" content=\"@sunoresearch\" \/>\n<meta name=\"twitter:label1\" content=\"Escrito por\" \/>\n\t<meta name=\"twitter:data1\" content=\"Renan Dantas\" \/>\n\t<meta name=\"twitter:label2\" content=\"Est. tempo de leitura\" \/>\n\t<meta name=\"twitter:data2\" content=\"2 minutos\" \/>\n<script type=\"application\/ld+json\" class=\"yoast-schema-graph\">{\"@context\":\"https:\/\/schema.org\",\"@graph\":[{\"@type\":\"NewsArticle\",\"@id\":\"https:\/\/www.suno.com.br\/noticias\/br-pharma-pedido-falencia-chance-crise\/#article\",\"isPartOf\":{\"@id\":\"https:\/\/www.suno.com.br\/noticias\/br-pharma-pedido-falencia-chance-crise\/\"},\"author\":{\"name\":\"Renan Dantas\",\"@id\":\"https:\/\/www.suno.com.br\/noticias\/#\/schema\/person\/3f7693d5795a3f6d5ce15309ee785699\"},\"headline\":\"BR Pharma diz em pedido de fal\u00eancia que n\u00e3o v\u00ea chance de superar crise\",\"datePublished\":\"2019-06-07T13:02:34+00:00\",\"mainEntityOfPage\":{\"@id\":\"https:\/\/www.suno.com.br\/noticias\/br-pharma-pedido-falencia-chance-crise\/\"},\"wordCount\":435,\"publisher\":{\"@id\":\"https:\/\/www.suno.com.br\/noticias\/#organization\"},\"image\":{\"@id\":\"https:\/\/www.suno.com.br\/noticias\/br-pharma-pedido-falencia-chance-crise\/#primaryimage\"},\"thumbnailUrl\":\"https:\/\/files.sunoresearch.com.br\/n\/uploads\/2019\/03\/3ebf5589-br-pharma-jpg.webp\",\"keywords\":[\"BR Pharma\",\"Comiss\u00e3o de Valores Mobili\u00e1rios (CVM)\",\"fal\u00eancia\",\"recupera\u00e7\u00e3o judicial\"],\"articleSection\":[\"Neg\u00f3cios\"],\"inLanguage\":\"pt-BR\"},{\"@type\":\"WebPage\",\"@id\":\"https:\/\/www.suno.com.br\/noticias\/br-pharma-pedido-falencia-chance-crise\/\",\"url\":\"https:\/\/www.suno.com.br\/noticias\/br-pharma-pedido-falencia-chance-crise\/\",\"name\":\"BR Pharma diz em pedido de fal\u00eancia que n\u00e3o v\u00ea chance de superar crise\",\"isPartOf\":{\"@id\":\"https:\/\/www.suno.com.br\/noticias\/#website\"},\"primaryImageOfPage\":{\"@id\":\"https:\/\/www.suno.com.br\/noticias\/br-pharma-pedido-falencia-chance-crise\/#primaryimage\"},\"image\":{\"@id\":\"https:\/\/www.suno.com.br\/noticias\/br-pharma-pedido-falencia-chance-crise\/#primaryimage\"},\"thumbnailUrl\":\"https:\/\/files.sunoresearch.com.br\/n\/uploads\/2019\/03\/3ebf5589-br-pharma-jpg.webp\",\"datePublished\":\"2019-06-07T13:02:34+00:00\",\"description\":\"A venda da Farmais, que \u00e9 controlada pela BR Pharma, \u00e9 considerada uma das principais medidas para a sua recupera\u00e7\u00e3o. Clique e veja mais.\",\"breadcrumb\":{\"@id\":\"https:\/\/www.suno.com.br\/noticias\/br-pharma-pedido-falencia-chance-crise\/#breadcrumb\"},\"inLanguage\":\"pt-BR\",\"potentialAction\":[{\"@type\":\"ReadAction\",\"target\":[\"https:\/\/www.suno.com.br\/noticias\/br-pharma-pedido-falencia-chance-crise\/\"]}]},{\"@type\":\"ImageObject\",\"inLanguage\":\"pt-BR\",\"@id\":\"https:\/\/www.suno.com.br\/noticias\/br-pharma-pedido-falencia-chance-crise\/#primaryimage\",\"url\":\"https:\/\/files.sunoresearch.com.br\/n\/uploads\/2019\/03\/3ebf5589-br-pharma-jpg.webp\",\"contentUrl\":\"https:\/\/files.sunoresearch.com.br\/n\/uploads\/2019\/03\/3ebf5589-br-pharma-jpg.webp\",\"width\":806,\"height\":522,\"caption\":\"BR Pharma\"},{\"@type\":\"BreadcrumbList\",\"@id\":\"https:\/\/www.suno.com.br\/noticias\/br-pharma-pedido-falencia-chance-crise\/#breadcrumb\",\"itemListElement\":[{\"@type\":\"ListItem\",\"position\":1,\"name\":\"Not\u00edcias\",\"item\":\"https:\/\/www.suno.com.br\/noticias\/\"},{\"@type\":\"ListItem\",\"position\":2,\"name\":\"Neg\u00f3cios\",\"item\":\"https:\/\/www.suno.com.br\/noticias\/negocios\/\"},{\"@type\":\"ListItem\",\"position\":3,\"name\":\"BR Pharma diz em pedido de fal\u00eancia que n\u00e3o v\u00ea chance de superar crise\"}]},{\"@type\":\"WebSite\",\"@id\":\"https:\/\/www.suno.com.br\/noticias\/#website\",\"url\":\"https:\/\/www.suno.com.br\/noticias\/\",\"name\":\"Suno Not\u00edcias\",\"description\":\"Seu portal de informa\u00e7\u00e3o sobre o mundo dos investimentos\",\"publisher\":{\"@id\":\"https:\/\/www.suno.com.br\/noticias\/#organization\"},\"potentialAction\":[{\"@type\":\"SearchAction\",\"target\":{\"@type\":\"EntryPoint\",\"urlTemplate\":\"https:\/\/www.suno.com.br\/noticias\/?s={search_term_string}\"},\"query-input\":{\"@type\":\"PropertyValueSpecification\",\"valueRequired\":true,\"valueName\":\"search_term_string\"}}],\"inLanguage\":\"pt-BR\"},{\"@type\":\"Organization\",\"@id\":\"https:\/\/www.suno.com.br\/noticias\/#organization\",\"name\":\"Suno Not\u00edcias\",\"url\":\"https:\/\/www.suno.com.br\/noticias\/\",\"logo\":{\"@type\":\"ImageObject\",\"inLanguage\":\"pt-BR\",\"@id\":\"https:\/\/www.suno.com.br\/noticias\/#\/schema\/logo\/image\/\",\"url\":\"https:\/\/files.sunoresearch.com.br\/n\/uploads\/2021\/09\/suno-logo.png\",\"contentUrl\":\"https:\/\/files.sunoresearch.com.br\/n\/uploads\/2021\/09\/suno-logo.png\",\"width\":180,\"height\":180,\"caption\":\"Suno Not\u00edcias\"},\"image\":{\"@id\":\"https:\/\/www.suno.com.br\/noticias\/#\/schema\/logo\/image\/\"},\"sameAs\":[\"https:\/\/facebook.com\/sunoresearch\",\"https:\/\/x.com\/sunoresearch\",\"https:\/\/www.instagram.com\/suno\",\"https:\/\/www.linkedin.com\/company\/suno-research\/\",\"https:\/\/www.youtube.com\/c\/sunoresearch\"]},{\"@type\":\"Person\",\"@id\":\"https:\/\/www.suno.com.br\/noticias\/#\/schema\/person\/3f7693d5795a3f6d5ce15309ee785699\",\"name\":\"Renan Dantas\",\"image\":{\"@type\":\"ImageObject\",\"inLanguage\":\"pt-BR\",\"@id\":\"https:\/\/www.suno.com.br\/noticias\/#\/schema\/person\/image\/\",\"url\":\"https:\/\/secure.gravatar.com\/avatar\/1787b83e7484a08e51d62ac8b41c8396?s=96&r=g\",\"contentUrl\":\"https:\/\/secure.gravatar.com\/avatar\/1787b83e7484a08e51d62ac8b41c8396?s=96&r=g\",\"caption\":\"Renan Dantas\"},\"description\":\"Escreve sobre pol\u00edtica e mercado financeiro para o portal Suno Not\u00edcias. Antes, atuou na assessoria de comunica\u00e7\u00e3o do Minist\u00e9rio P\u00fablico do Trabalho e na R\u00e1dio Mackenzie, onde apresentava e produzia um programa sobre artistas da m\u00fasica brasileira. \u00c9 estudante na Universidade Presbiteriana Mackenzie.\",\"url\":\"https:\/\/www.suno.com.br\/noticias\/author\/renan-dantas\/\"}]}<\/script>\n<!-- \/ Yoast SEO plugin. -->","yoast_head_json":{"title":"BR Pharma diz em pedido de fal\u00eancia que n\u00e3o v\u00ea chance de superar crise","description":"A venda da Farmais, que \u00e9 controlada pela BR Pharma, \u00e9 considerada uma das principais medidas para a sua recupera\u00e7\u00e3o. Clique e veja mais.","robots":{"index":"index","follow":"follow","max-snippet":"max-snippet:-1","max-image-preview":"max-image-preview:large","max-video-preview":"max-video-preview:-1"},"canonical":"https:\/\/www.suno.com.br\/noticias\/br-pharma-pedido-falencia-chance-crise\/","og_locale":"pt_BR","og_type":"article","og_title":"BR Pharma diz em pedido de fal\u00eancia que n\u00e3o v\u00ea chance de superar crise","og_description":"A venda da Farmais, que \u00e9 controlada pela BR Pharma, \u00e9 considerada uma das principais medidas para a sua recupera\u00e7\u00e3o. Clique e veja mais.","og_url":"https:\/\/www.suno.com.br\/noticias\/br-pharma-pedido-falencia-chance-crise\/","og_site_name":"Suno Not\u00edcias","article_publisher":"https:\/\/facebook.com\/sunoresearch","og_image":[{"width":806,"height":522,"url":"https:\/\/files.sunoresearch.com.br\/n\/uploads\/2019\/03\/3ebf5589-br-pharma.jpg","type":"image\/jpeg"}],"author":"Renan Dantas","twitter_card":"summary_large_image","twitter_creator":"@sunoresearch","twitter_site":"@sunoresearch","twitter_misc":{"Escrito por":"Renan Dantas","Est. tempo de leitura":"2 minutos"},"schema":{"@context":"https:\/\/schema.org","@graph":[{"@type":"NewsArticle","@id":"https:\/\/www.suno.com.br\/noticias\/br-pharma-pedido-falencia-chance-crise\/#article","isPartOf":{"@id":"https:\/\/www.suno.com.br\/noticias\/br-pharma-pedido-falencia-chance-crise\/"},"author":{"name":"Renan Dantas","@id":"https:\/\/www.suno.com.br\/noticias\/#\/schema\/person\/3f7693d5795a3f6d5ce15309ee785699"},"headline":"BR Pharma diz em pedido de fal\u00eancia que n\u00e3o v\u00ea chance de superar crise","datePublished":"2019-06-07T13:02:34+00:00","mainEntityOfPage":{"@id":"https:\/\/www.suno.com.br\/noticias\/br-pharma-pedido-falencia-chance-crise\/"},"wordCount":435,"publisher":{"@id":"https:\/\/www.suno.com.br\/noticias\/#organization"},"image":{"@id":"https:\/\/www.suno.com.br\/noticias\/br-pharma-pedido-falencia-chance-crise\/#primaryimage"},"thumbnailUrl":"https:\/\/files.sunoresearch.com.br\/n\/uploads\/2019\/03\/3ebf5589-br-pharma-jpg.webp","keywords":["BR Pharma","Comiss\u00e3o de Valores Mobili\u00e1rios (CVM)","fal\u00eancia","recupera\u00e7\u00e3o judicial"],"articleSection":["Neg\u00f3cios"],"inLanguage":"pt-BR"},{"@type":"WebPage","@id":"https:\/\/www.suno.com.br\/noticias\/br-pharma-pedido-falencia-chance-crise\/","url":"https:\/\/www.suno.com.br\/noticias\/br-pharma-pedido-falencia-chance-crise\/","name":"BR Pharma diz em pedido de fal\u00eancia que n\u00e3o v\u00ea chance de superar crise","isPartOf":{"@id":"https:\/\/www.suno.com.br\/noticias\/#website"},"primaryImageOfPage":{"@id":"https:\/\/www.suno.com.br\/noticias\/br-pharma-pedido-falencia-chance-crise\/#primaryimage"},"image":{"@id":"https:\/\/www.suno.com.br\/noticias\/br-pharma-pedido-falencia-chance-crise\/#primaryimage"},"thumbnailUrl":"https:\/\/files.sunoresearch.com.br\/n\/uploads\/2019\/03\/3ebf5589-br-pharma-jpg.webp","datePublished":"2019-06-07T13:02:34+00:00","description":"A venda da Farmais, que \u00e9 controlada pela BR Pharma, \u00e9 considerada uma das principais medidas para a sua recupera\u00e7\u00e3o. Clique e veja mais.","breadcrumb":{"@id":"https:\/\/www.suno.com.br\/noticias\/br-pharma-pedido-falencia-chance-crise\/#breadcrumb"},"inLanguage":"pt-BR","potentialAction":[{"@type":"ReadAction","target":["https:\/\/www.suno.com.br\/noticias\/br-pharma-pedido-falencia-chance-crise\/"]}]},{"@type":"ImageObject","inLanguage":"pt-BR","@id":"https:\/\/www.suno.com.br\/noticias\/br-pharma-pedido-falencia-chance-crise\/#primaryimage","url":"https:\/\/files.sunoresearch.com.br\/n\/uploads\/2019\/03\/3ebf5589-br-pharma-jpg.webp","contentUrl":"https:\/\/files.sunoresearch.com.br\/n\/uploads\/2019\/03\/3ebf5589-br-pharma-jpg.webp","width":806,"height":522,"caption":"BR Pharma"},{"@type":"BreadcrumbList","@id":"https:\/\/www.suno.com.br\/noticias\/br-pharma-pedido-falencia-chance-crise\/#breadcrumb","itemListElement":[{"@type":"ListItem","position":1,"name":"Not\u00edcias","item":"https:\/\/www.suno.com.br\/noticias\/"},{"@type":"ListItem","position":2,"name":"Neg\u00f3cios","item":"https:\/\/www.suno.com.br\/noticias\/negocios\/"},{"@type":"ListItem","position":3,"name":"BR Pharma diz em pedido de fal\u00eancia que n\u00e3o v\u00ea chance de superar crise"}]},{"@type":"WebSite","@id":"https:\/\/www.suno.com.br\/noticias\/#website","url":"https:\/\/www.suno.com.br\/noticias\/","name":"Suno Not\u00edcias","description":"Seu portal de informa\u00e7\u00e3o sobre o mundo dos investimentos","publisher":{"@id":"https:\/\/www.suno.com.br\/noticias\/#organization"},"potentialAction":[{"@type":"SearchAction","target":{"@type":"EntryPoint","urlTemplate":"https:\/\/www.suno.com.br\/noticias\/?s={search_term_string}"},"query-input":{"@type":"PropertyValueSpecification","valueRequired":true,"valueName":"search_term_string"}}],"inLanguage":"pt-BR"},{"@type":"Organization","@id":"https:\/\/www.suno.com.br\/noticias\/#organization","name":"Suno Not\u00edcias","url":"https:\/\/www.suno.com.br\/noticias\/","logo":{"@type":"ImageObject","inLanguage":"pt-BR","@id":"https:\/\/www.suno.com.br\/noticias\/#\/schema\/logo\/image\/","url":"https:\/\/files.sunoresearch.com.br\/n\/uploads\/2021\/09\/suno-logo.png","contentUrl":"https:\/\/files.sunoresearch.com.br\/n\/uploads\/2021\/09\/suno-logo.png","width":180,"height":180,"caption":"Suno Not\u00edcias"},"image":{"@id":"https:\/\/www.suno.com.br\/noticias\/#\/schema\/logo\/image\/"},"sameAs":["https:\/\/facebook.com\/sunoresearch","https:\/\/x.com\/sunoresearch","https:\/\/www.instagram.com\/suno","https:\/\/www.linkedin.com\/company\/suno-research\/","https:\/\/www.youtube.com\/c\/sunoresearch"]},{"@type":"Person","@id":"https:\/\/www.suno.com.br\/noticias\/#\/schema\/person\/3f7693d5795a3f6d5ce15309ee785699","name":"Renan Dantas","image":{"@type":"ImageObject","inLanguage":"pt-BR","@id":"https:\/\/www.suno.com.br\/noticias\/#\/schema\/person\/image\/","url":"https:\/\/secure.gravatar.com\/avatar\/1787b83e7484a08e51d62ac8b41c8396?s=96&r=g","contentUrl":"https:\/\/secure.gravatar.com\/avatar\/1787b83e7484a08e51d62ac8b41c8396?s=96&r=g","caption":"Renan Dantas"},"description":"Escreve sobre pol\u00edtica e mercado financeiro para o portal Suno Not\u00edcias. Antes, atuou na assessoria de comunica\u00e7\u00e3o do Minist\u00e9rio P\u00fablico do Trabalho e na R\u00e1dio Mackenzie, onde apresentava e produzia um programa sobre artistas da m\u00fasica brasileira. \u00c9 estudante na Universidade Presbiteriana Mackenzie.","url":"https:\/\/www.suno.com.br\/noticias\/author\/renan-dantas\/"}]}},"default_loop_html":"<div class=\"cardsPage__listCard__boxs\"><div class=\"cardsPage__listCard__boxs__img\"><a href=\"https:\/\/www.suno.com.br\/noticias\/br-pharma-pedido-falencia-chance-crise\/\"><img class=\"mask\" src=\"https:\/\/www.suno.com.br\/noticias\/wp-content\/themes\/suno\/resources\/images\/spotlight\/spotlight1img\/bg-mask.png\" alt=\"Image Mask\"\/><img src=\"https:\/\/files.sunoresearch.com.br\/n\/uploads\/2019\/03\/3ebf5589-br-pharma-400x200.webp\" alt=\"BR Pharma diz em pedido de fal\u00eancia que n\u00e3o v\u00ea chance de superar crise\"\/><\/a><span class=\"spotlightCategory\"><a href=\"https:\/\/www.suno.com.br\/noticias\/negocios\/\">Neg\u00f3cios<\/a><\/span><\/div><div class=\"cardsPage__listCard__boxs__content\"><a href=\"https:\/\/www.suno.com.br\/noticias\/br-pharma-pedido-falencia-chance-crise\/\"><h2 class=\"content__title\">BR Pharma diz em pedido de fal\u00eancia que n\u00e3o v\u00ea chance de superar crise<\/h2><\/a><div class=\"newsContent__article__meta\"><div class=\"newsContent__article__meta__authorBox\"><a href=\"https:\/\/www.suno.com.br\/noticias\/author\/renan-dantas\/\" class=\"authorBox__avatar noMobi\"><img src=\"https:\/\/secure.gravatar.com\/avatar\/1787b83e7484a08e51d62ac8b41c8396?s=96&#038;r=g\" alt=\"Renan Dantas\"><\/a><div class=\"authorBox__name\"><span>por\n\t\t\t<a href=\"https:\/\/www.suno.com.br\/noticias\/author\/renan-dantas\/\"><span itemprop=\"author\">Renan Dantas<\/span><\/a><\/span><time datetime=\"2019-06-07T10:02:34-03:00\" itemprop=\"datePublished\">07\/06\/2019 10:02<\/time><\/div><\/div><\/div><\/div><\/div>","single_layout":"posts","amp_enabled":true,"_links":{"self":[{"href":"https:\/\/www.suno.com.br\/noticias\/wp-json\/wp\/v2\/posts\/27579"}],"collection":[{"href":"https:\/\/www.suno.com.br\/noticias\/wp-json\/wp\/v2\/posts"}],"about":[{"href":"https:\/\/www.suno.com.br\/noticias\/wp-json\/wp\/v2\/types\/post"}],"author":[{"embeddable":true,"href":"https:\/\/www.suno.com.br\/noticias\/wp-json\/wp\/v2\/users\/14"}],"replies":[{"embeddable":true,"href":"https:\/\/www.suno.com.br\/noticias\/wp-json\/wp\/v2\/comments?post=27579"}],"version-history":[{"count":0,"href":"https:\/\/www.suno.com.br\/noticias\/wp-json\/wp\/v2\/posts\/27579\/revisions"}],"wp:featuredmedia":[{"embeddable":true,"href":"https:\/\/www.suno.com.br\/noticias\/wp-json\/wp\/v2\/media\/17031"}],"wp:attachment":[{"href":"https:\/\/www.suno.com.br\/noticias\/wp-json\/wp\/v2\/media?parent=27579"}],"wp:term":[{"taxonomy":"category","embeddable":true,"href":"https:\/\/www.suno.com.br\/noticias\/wp-json\/wp\/v2\/categories?post=27579"},{"taxonomy":"post_tag","embeddable":true,"href":"https:\/\/www.suno.com.br\/noticias\/wp-json\/wp\/v2\/tags?post=27579"},{"taxonomy":"suno_strategy","embeddable":true,"href":"https:\/\/www.suno.com.br\/noticias\/wp-json\/wp\/v2\/suno_strategy?post=27579"}],"curies":[{"name":"wp","href":"https:\/\/api.w.org\/{rel}","templated":true}]}}