{"id":27571,"date":"2019-06-07T09:27:41","date_gmt":"2019-06-07T12:27:41","guid":{"rendered":"https:\/\/www.suno.com.br\/noticias\/?p=27571"},"modified":"2019-06-07T17:29:19","modified_gmt":"2019-06-07T20:29:19","slug":"dolar-07062019","status":"publish","type":"post","link":"https:\/\/www.suno.com.br\/noticias\/dolar-07062019\/","title":{"rendered":"D\u00f3lar em queda ap\u00f3s libera\u00e7\u00e3o de venda de subsidi\u00e1rias das estatais"},"content":{"rendered":"<p>O d\u00f3lar opera em queda , nesta sexta-feira (7), refletindo os avan\u00e7os da pol\u00edtica nacional.<\/p>\t<div class=\"wrapper-featured-image\">\n\t\t<figure class=\"spotlightImg\">\n\n\t\t\t<picture>\n\t\t\t\t<source media=\"(max-width: 768px)\" srcset=\"https:\/\/files.sunoresearch.com.br\/n\/uploads\/2019\/05\/454fbefd-d\u00f3lar-400x200.webp\">\n\t\t\t\t<img loading=\"lazy\" decoding=\"async\" class=\"newsContent__article__imgCapa lazyloadDisabled newsContent__article__imgCapa--noCaption\" src=\"https:\/\/files.sunoresearch.com.br\/n\/uploads\/2019\/05\/454fbefd-d\u00f3lar-800x450.webp\" width=\"800\" height=\"450\" alt=\"D\u00f3lar em queda ap\u00f3s libera\u00e7\u00e3o de venda de subsidi\u00e1rias das estatais\" fetchpriority=high \/>\n\t\t\t<\/picture>\n\n\t\t\t<figcaption class=\"wp-caption-text wp-caption-text--hide\">O d\u00f3lar voltou a subir nesta quarta-feira <\/figcaption>\n\t\t<\/figure>\n\t<\/div>\n\n\n<p>Por volta das 9h15, o <a href=\"https:\/\/www.suno.com.br\/artigos\/queda-dolar\/\"><strong>d\u00f3lar<\/strong><\/a> registrava uma queda de 0,209% sendo negociado a R$3,8738. O mercado est\u00e1 reagindo positivamente ao an\u00fancio da libera\u00e7\u00e3o de subsidi\u00e1rias de <strong><a href=\"https:\/\/www.suno.com.br\/artigos\/sociedade-de-economia-mista\/\">empresas estatais<\/a><\/strong> sem o aval do <strong>Congresso Nacional<\/strong>.<\/p>\n<p>Al\u00e9m disso, mercado segue atento a possibilidade de cria\u00e7\u00e3o da<strong> moeda \u00fanica<\/strong> com a <strong>Argentina<\/strong>. Ademais, rela\u00e7\u00e3o entre<strong> Estados Unidos e M\u00e9xico<\/strong> demonstra avan\u00e7o.<\/p>\n<h2>STF libera venda da TAG<\/h2>\n<p>O <strong>ministro do Supremo Tribunal Federal<\/strong> (STF), <strong>Edson Fachin<\/strong>, derrubou a liminar que impedia a venda de 90% da <strong>subsidi\u00e1ria<\/strong> da<strong><a href=\"https:\/\/www.suno.com.br\/artigos\/petr4-vale-pena-comprar-acoes-da-petrobras\/\"> Petrobras<\/a><\/strong>, a <strong>Transportadora Associada de G\u00e1s<\/strong> (<strong>TAG<\/strong>).<\/p>\n<p>&#8220;Em respeito \u00e0 decis\u00e3o colegiada tomada por maioria pelo Tribunal Pleno nesta data, alterada substancialmente a decis\u00e3o de efeito vinculante que servia de paradigma para amparar a pretens\u00e3o dos reclamantes, e com a ressalva da posi\u00e7\u00e3o deste Relator, nego seguimento as presente reclama\u00e7\u00f5es, tornando sem efeito a decis\u00e3o liminar anteriormente deferida&#8221;, disse <strong>Fachin<\/strong>.<\/p>\n<p><a href=\"\/\/www.suno.com.br\/noticias\/stf-libera-venda-subsidiarias-estatais\/\">Saiba Mais:\u00a0STF libera venda de subsidi\u00e1rias de empresas estatais<\/a><\/p>\n<p>A <strong>TAG<\/strong> foi vendida ao grupo franc\u00eas Engie e o fundo canadense Caisse de D\u00e9p\u00f4t du Qu\u00e9bec (CDPQ). A negocia\u00e7\u00e3o est\u00e1 avaliada em US$ 8,6 bilh\u00f5es.<\/p>\n<h2>Moeda \u00fanica com Argentina<\/h2>\n<p>O <strong>presidente da Rep\u00fablica<\/strong>, <strong>Jair Bolsonaro<\/strong>, afirmou na \u00faltima quinta-feira (6), juntamente com o<strong> ministro da Economia<\/strong>, <strong>Paulo Guedes<\/strong>, sobre um plano de criar moeda \u00fanica com a Argentina.<\/p>\n<p><a href=\"https:\/\/www.suno.com.br\/noticias\/bolsonaro-guedes-criacao-moeda\/\">Saiba Mais:\u00a0Bolsonaro e Guedes falam sobre cria\u00e7\u00e3o de moeda \u00fanica com a Argentina<\/a><\/p>\n<p>O <strong>moeda entre Brasil e a Argentina<\/strong> se chamaria peso real. A ideia de cria\u00e7\u00e3o n\u00e3o \u00e9 nova, ela vem sendo discutida desde a cria\u00e7\u00e3o do <strong>Mercosul<\/strong>.<\/p>\n<h2>EUA X M\u00e9xico<\/h2>\n<p>Conforme o ministro de <strong>Rela\u00e7\u00f5es Exteriores do M\u00e9xico<\/strong>,<strong> Marcelo Ebrard<\/strong>, o pa\u00eds deslocar\u00e1 cerca de 6 mil integrantes da guarda nacional para a fronteira com os <strong>Estados Unidos<\/strong>. O an\u00fancio foi feito na \u00faltima quinta-feira (6).<\/p>\n<p>O principal objetivo do <strong>M\u00e9xico<\/strong> \u00e9 atender as expectativas do presidente norte-americano e impedir de que os <strong>EUA<\/strong> imponha taxas.<\/p>\n<p><a href=\"https:\/\/www.suno.com.br\/noticias\/eua-mexico-governo-mexicano-se-encontrara-com\/\">Saiba Mais:\u00a0M\u00e9xico e Estados Unidos discutem tarifas nesta segunda<\/a><\/p>\n<p><strong>Donald Trump<\/strong> anunciou ,na quinta-feira dia 30, uma taxa de 5%, que crescer\u00e1 de forma gradativa at\u00e9 alcan\u00e7ar os 25%, sobre os <strong>produtos do mexicanos<\/strong>. A medida foi imposta com objetivo de que haja redu\u00e7\u00e3o da entrada de <strong>imigrantes clandestino<\/strong>.<\/p>\n<h2>\u00daltima cota\u00e7\u00e3o<\/h2>\n<p>Na \u00faltima sess\u00e3o, que ocorreu na quinta-feira (6), o <strong>d\u00f3lar<\/strong> teve uma queda de 0,326% sendo negociado a 3,8826.<\/p>\n","protected":false},"excerpt":{"rendered":"<p>O d\u00f3lar opera em queda , nesta sexta-feira (7), refletindo os avan\u00e7os da pol\u00edtica nacional. O d\u00f3lar voltou a subir nesta quarta-feira Por volta das 9h15, o d\u00f3lar registrava uma queda de 0,209% sendo negociado a R$3,8738. O mercado est\u00e1 reagindo positivamente ao an\u00fancio da libera\u00e7\u00e3o de subsidi\u00e1rias de empresas estatais sem o aval do [&hellip;]<\/p>\n","protected":false},"author":15,"featured_media":23748,"comment_status":"closed","ping_status":"closed","sticky":false,"template":"","format":"standard","meta":[],"categories":[60],"tags":[699,793,729,595,785],"suno_strategy":[],"class_list":["post-27571","post","type-post","status-publish","format-standard","has-post-thumbnail","hentry","category-mercado","tag-argentina","tag-estados-unidos-eua","tag-mexico","tag-petrobras-petr4","tag-supremo-tribunal-federal-stf"],"yoast_head":"<!-- This site is optimized with the Yoast SEO plugin v24.4 - https:\/\/yoast.com\/wordpress\/plugins\/seo\/ -->\n<title>D\u00f3lar em queda ap\u00f3s libera\u00e7\u00e3o de venda de subsidi\u00e1rias das estatais<\/title>\n<meta name=\"description\" content=\"O d\u00f3lar opera queda , nesta sexta-feira (7), refletindo os avan\u00e7os da pol\u00edtica nacional no radar. Para saber mais, clique aqui\" \/>\n<meta name=\"robots\" content=\"index, follow, max-snippet:-1, max-image-preview:large, max-video-preview:-1\" \/>\n<link rel=\"canonical\" href=\"https:\/\/www.suno.com.br\/noticias\/dolar-07062019\/\" \/>\n<meta property=\"og:locale\" content=\"pt_BR\" \/>\n<meta property=\"og:type\" content=\"article\" \/>\n<meta property=\"og:title\" content=\"D\u00f3lar em queda ap\u00f3s libera\u00e7\u00e3o de venda de subsidi\u00e1rias das estatais\" \/>\n<meta property=\"og:description\" content=\"O d\u00f3lar opera queda , nesta sexta-feira (7), refletindo os avan\u00e7os da pol\u00edtica nacional no radar. Para saber mais, clique aqui\" \/>\n<meta property=\"og:url\" content=\"https:\/\/www.suno.com.br\/noticias\/dolar-07062019\/\" \/>\n<meta property=\"og:site_name\" content=\"Suno Not\u00edcias\" \/>\n<meta property=\"article:publisher\" content=\"https:\/\/facebook.com\/sunoresearch\" \/>\n<meta property=\"og:image\" content=\"https:\/\/files.sunoresearch.com.br\/n\/uploads\/2019\/05\/454fbefd-d\u00f3lar.jpg\" \/>\n\t<meta property=\"og:image:width\" content=\"1920\" \/>\n\t<meta property=\"og:image:height\" content=\"1019\" \/>\n\t<meta property=\"og:image:type\" content=\"image\/jpeg\" \/>\n<meta name=\"author\" content=\"Poliana Santos\" \/>\n<meta name=\"twitter:card\" content=\"summary_large_image\" \/>\n<meta name=\"twitter:creator\" content=\"@sunoresearch\" \/>\n<meta name=\"twitter:site\" content=\"@sunoresearch\" \/>\n<meta name=\"twitter:label1\" content=\"Escrito por\" \/>\n\t<meta name=\"twitter:data1\" content=\"Poliana Santos\" \/>\n\t<meta name=\"twitter:label2\" content=\"Est. tempo de leitura\" \/>\n\t<meta name=\"twitter:data2\" content=\"2 minutos\" \/>\n<script type=\"application\/ld+json\" class=\"yoast-schema-graph\">{\"@context\":\"https:\/\/schema.org\",\"@graph\":[{\"@type\":\"NewsArticle\",\"@id\":\"https:\/\/www.suno.com.br\/noticias\/dolar-07062019\/#article\",\"isPartOf\":{\"@id\":\"https:\/\/www.suno.com.br\/noticias\/dolar-07062019\/\"},\"author\":{\"name\":\"Poliana Santos\",\"@id\":\"https:\/\/www.suno.com.br\/noticias\/#\/schema\/person\/02ec1f752758247878a2bf4abee1aeda\"},\"headline\":\"D\u00f3lar em queda ap\u00f3s libera\u00e7\u00e3o de venda de subsidi\u00e1rias das estatais\",\"datePublished\":\"2019-06-07T12:27:41+00:00\",\"dateModified\":\"2019-06-07T20:29:19+00:00\",\"mainEntityOfPage\":{\"@id\":\"https:\/\/www.suno.com.br\/noticias\/dolar-07062019\/\"},\"wordCount\":442,\"publisher\":{\"@id\":\"https:\/\/www.suno.com.br\/noticias\/#organization\"},\"image\":{\"@id\":\"https:\/\/www.suno.com.br\/noticias\/dolar-07062019\/#primaryimage\"},\"thumbnailUrl\":\"https:\/\/files.sunoresearch.com.br\/n\/uploads\/2019\/05\/454fbefd-d\u00f3lar-jpg.webp\",\"keywords\":[\"Argentina\",\"Estados Unidos (EUA)\",\"M\u00e9xico\",\"Petrobras (PETR4)\",\"Supremo Tribunal Federal (STF)\"],\"articleSection\":[\"Mercado\"],\"inLanguage\":\"pt-BR\"},{\"@type\":\"WebPage\",\"@id\":\"https:\/\/www.suno.com.br\/noticias\/dolar-07062019\/\",\"url\":\"https:\/\/www.suno.com.br\/noticias\/dolar-07062019\/\",\"name\":\"D\u00f3lar em queda ap\u00f3s libera\u00e7\u00e3o de venda de subsidi\u00e1rias das estatais\",\"isPartOf\":{\"@id\":\"https:\/\/www.suno.com.br\/noticias\/#website\"},\"primaryImageOfPage\":{\"@id\":\"https:\/\/www.suno.com.br\/noticias\/dolar-07062019\/#primaryimage\"},\"image\":{\"@id\":\"https:\/\/www.suno.com.br\/noticias\/dolar-07062019\/#primaryimage\"},\"thumbnailUrl\":\"https:\/\/files.sunoresearch.com.br\/n\/uploads\/2019\/05\/454fbefd-d\u00f3lar-jpg.webp\",\"datePublished\":\"2019-06-07T12:27:41+00:00\",\"dateModified\":\"2019-06-07T20:29:19+00:00\",\"description\":\"O d\u00f3lar opera queda , nesta sexta-feira (7), refletindo os avan\u00e7os da pol\u00edtica nacional no radar. Para saber mais, clique aqui\",\"breadcrumb\":{\"@id\":\"https:\/\/www.suno.com.br\/noticias\/dolar-07062019\/#breadcrumb\"},\"inLanguage\":\"pt-BR\",\"potentialAction\":[{\"@type\":\"ReadAction\",\"target\":[\"https:\/\/www.suno.com.br\/noticias\/dolar-07062019\/\"]}]},{\"@type\":\"ImageObject\",\"inLanguage\":\"pt-BR\",\"@id\":\"https:\/\/www.suno.com.br\/noticias\/dolar-07062019\/#primaryimage\",\"url\":\"https:\/\/files.sunoresearch.com.br\/n\/uploads\/2019\/05\/454fbefd-d\u00f3lar-jpg.webp\",\"contentUrl\":\"https:\/\/files.sunoresearch.com.br\/n\/uploads\/2019\/05\/454fbefd-d\u00f3lar-jpg.webp\",\"width\":1920,\"height\":1019,\"caption\":\"O d\u00f3lar voltou a subir nesta quarta-feira\"},{\"@type\":\"BreadcrumbList\",\"@id\":\"https:\/\/www.suno.com.br\/noticias\/dolar-07062019\/#breadcrumb\",\"itemListElement\":[{\"@type\":\"ListItem\",\"position\":1,\"name\":\"Not\u00edcias\",\"item\":\"https:\/\/www.suno.com.br\/noticias\/\"},{\"@type\":\"ListItem\",\"position\":2,\"name\":\"Mercado\",\"item\":\"https:\/\/www.suno.com.br\/noticias\/mercado\/\"},{\"@type\":\"ListItem\",\"position\":3,\"name\":\"D\u00f3lar em queda ap\u00f3s libera\u00e7\u00e3o de venda de subsidi\u00e1rias das estatais\"}]},{\"@type\":\"WebSite\",\"@id\":\"https:\/\/www.suno.com.br\/noticias\/#website\",\"url\":\"https:\/\/www.suno.com.br\/noticias\/\",\"name\":\"Suno Not\u00edcias\",\"description\":\"Seu portal de informa\u00e7\u00e3o sobre o mundo dos investimentos\",\"publisher\":{\"@id\":\"https:\/\/www.suno.com.br\/noticias\/#organization\"},\"potentialAction\":[{\"@type\":\"SearchAction\",\"target\":{\"@type\":\"EntryPoint\",\"urlTemplate\":\"https:\/\/www.suno.com.br\/noticias\/?s={search_term_string}\"},\"query-input\":{\"@type\":\"PropertyValueSpecification\",\"valueRequired\":true,\"valueName\":\"search_term_string\"}}],\"inLanguage\":\"pt-BR\"},{\"@type\":\"Organization\",\"@id\":\"https:\/\/www.suno.com.br\/noticias\/#organization\",\"name\":\"Suno Not\u00edcias\",\"url\":\"https:\/\/www.suno.com.br\/noticias\/\",\"logo\":{\"@type\":\"ImageObject\",\"inLanguage\":\"pt-BR\",\"@id\":\"https:\/\/www.suno.com.br\/noticias\/#\/schema\/logo\/image\/\",\"url\":\"https:\/\/files.sunoresearch.com.br\/n\/uploads\/2021\/09\/suno-logo.png\",\"contentUrl\":\"https:\/\/files.sunoresearch.com.br\/n\/uploads\/2021\/09\/suno-logo.png\",\"width\":180,\"height\":180,\"caption\":\"Suno Not\u00edcias\"},\"image\":{\"@id\":\"https:\/\/www.suno.com.br\/noticias\/#\/schema\/logo\/image\/\"},\"sameAs\":[\"https:\/\/facebook.com\/sunoresearch\",\"https:\/\/x.com\/sunoresearch\",\"https:\/\/www.instagram.com\/suno\",\"https:\/\/www.linkedin.com\/company\/suno-research\/\",\"https:\/\/www.youtube.com\/c\/sunoresearch\"]},{\"@type\":\"Person\",\"@id\":\"https:\/\/www.suno.com.br\/noticias\/#\/schema\/person\/02ec1f752758247878a2bf4abee1aeda\",\"name\":\"Poliana Santos\",\"image\":{\"@type\":\"ImageObject\",\"inLanguage\":\"pt-BR\",\"@id\":\"https:\/\/www.suno.com.br\/noticias\/#\/schema\/person\/image\/\",\"url\":\"https:\/\/secure.gravatar.com\/avatar\/0645bd32f23d87b2130f2b2dff1d3f8d?s=96&r=g\",\"contentUrl\":\"https:\/\/secure.gravatar.com\/avatar\/0645bd32f23d87b2130f2b2dff1d3f8d?s=96&r=g\",\"caption\":\"Poliana Santos\"},\"description\":\"Rep\u00f3rter no Suno Not\u00edcias, com cobertura em mercado financeiro, economia, finan\u00e7as pessoais, renda fixa e varejo. Jornalista formada pela Faculdade C\u00e1sper L\u00edbero e possui passagem na R\u00e1dio Gazeta AM com a produ\u00e7\u00e3o de conte\u00fado sobre economia, pol\u00edtica, sa\u00fade, moda e m\u00fasica. Possui certificado de conclus\u00e3o do curso de An\u00e1lise de Balan\u00e7os pela Funda\u00e7\u00e3o Bradesco, Agenda Brasil pela FAAP, Educa\u00e7\u00e3o Pol\u00edtica por Alexandre Garcia e do Tesouro Direto e Mercado de A\u00e7\u00f5es pela B3.\",\"url\":\"https:\/\/www.suno.com.br\/noticias\/author\/poliana-santos\/\"}]}<\/script>\n<!-- \/ Yoast SEO plugin. -->","yoast_head_json":{"title":"D\u00f3lar em queda ap\u00f3s libera\u00e7\u00e3o de venda de subsidi\u00e1rias das estatais","description":"O d\u00f3lar opera queda , nesta sexta-feira (7), refletindo os avan\u00e7os da pol\u00edtica nacional no radar. Para saber mais, clique aqui","robots":{"index":"index","follow":"follow","max-snippet":"max-snippet:-1","max-image-preview":"max-image-preview:large","max-video-preview":"max-video-preview:-1"},"canonical":"https:\/\/www.suno.com.br\/noticias\/dolar-07062019\/","og_locale":"pt_BR","og_type":"article","og_title":"D\u00f3lar em queda ap\u00f3s libera\u00e7\u00e3o de venda de subsidi\u00e1rias das estatais","og_description":"O d\u00f3lar opera queda , nesta sexta-feira (7), refletindo os avan\u00e7os da pol\u00edtica nacional no radar. Para saber mais, clique aqui","og_url":"https:\/\/www.suno.com.br\/noticias\/dolar-07062019\/","og_site_name":"Suno Not\u00edcias","article_publisher":"https:\/\/facebook.com\/sunoresearch","og_image":[{"width":1920,"height":1019,"url":"https:\/\/files.sunoresearch.com.br\/n\/uploads\/2019\/05\/454fbefd-d\u00f3lar.jpg","type":"image\/jpeg"}],"author":"Poliana Santos","twitter_card":"summary_large_image","twitter_creator":"@sunoresearch","twitter_site":"@sunoresearch","twitter_misc":{"Escrito por":"Poliana Santos","Est. tempo de leitura":"2 minutos"},"schema":{"@context":"https:\/\/schema.org","@graph":[{"@type":"NewsArticle","@id":"https:\/\/www.suno.com.br\/noticias\/dolar-07062019\/#article","isPartOf":{"@id":"https:\/\/www.suno.com.br\/noticias\/dolar-07062019\/"},"author":{"name":"Poliana Santos","@id":"https:\/\/www.suno.com.br\/noticias\/#\/schema\/person\/02ec1f752758247878a2bf4abee1aeda"},"headline":"D\u00f3lar em queda ap\u00f3s libera\u00e7\u00e3o de venda de subsidi\u00e1rias das estatais","datePublished":"2019-06-07T12:27:41+00:00","dateModified":"2019-06-07T20:29:19+00:00","mainEntityOfPage":{"@id":"https:\/\/www.suno.com.br\/noticias\/dolar-07062019\/"},"wordCount":442,"publisher":{"@id":"https:\/\/www.suno.com.br\/noticias\/#organization"},"image":{"@id":"https:\/\/www.suno.com.br\/noticias\/dolar-07062019\/#primaryimage"},"thumbnailUrl":"https:\/\/files.sunoresearch.com.br\/n\/uploads\/2019\/05\/454fbefd-d\u00f3lar-jpg.webp","keywords":["Argentina","Estados Unidos (EUA)","M\u00e9xico","Petrobras (PETR4)","Supremo Tribunal Federal (STF)"],"articleSection":["Mercado"],"inLanguage":"pt-BR"},{"@type":"WebPage","@id":"https:\/\/www.suno.com.br\/noticias\/dolar-07062019\/","url":"https:\/\/www.suno.com.br\/noticias\/dolar-07062019\/","name":"D\u00f3lar em queda ap\u00f3s libera\u00e7\u00e3o de venda de subsidi\u00e1rias das estatais","isPartOf":{"@id":"https:\/\/www.suno.com.br\/noticias\/#website"},"primaryImageOfPage":{"@id":"https:\/\/www.suno.com.br\/noticias\/dolar-07062019\/#primaryimage"},"image":{"@id":"https:\/\/www.suno.com.br\/noticias\/dolar-07062019\/#primaryimage"},"thumbnailUrl":"https:\/\/files.sunoresearch.com.br\/n\/uploads\/2019\/05\/454fbefd-d\u00f3lar-jpg.webp","datePublished":"2019-06-07T12:27:41+00:00","dateModified":"2019-06-07T20:29:19+00:00","description":"O d\u00f3lar opera queda , nesta sexta-feira (7), refletindo os avan\u00e7os da pol\u00edtica nacional no radar. Para saber mais, clique aqui","breadcrumb":{"@id":"https:\/\/www.suno.com.br\/noticias\/dolar-07062019\/#breadcrumb"},"inLanguage":"pt-BR","potentialAction":[{"@type":"ReadAction","target":["https:\/\/www.suno.com.br\/noticias\/dolar-07062019\/"]}]},{"@type":"ImageObject","inLanguage":"pt-BR","@id":"https:\/\/www.suno.com.br\/noticias\/dolar-07062019\/#primaryimage","url":"https:\/\/files.sunoresearch.com.br\/n\/uploads\/2019\/05\/454fbefd-d\u00f3lar-jpg.webp","contentUrl":"https:\/\/files.sunoresearch.com.br\/n\/uploads\/2019\/05\/454fbefd-d\u00f3lar-jpg.webp","width":1920,"height":1019,"caption":"O d\u00f3lar voltou a subir nesta quarta-feira"},{"@type":"BreadcrumbList","@id":"https:\/\/www.suno.com.br\/noticias\/dolar-07062019\/#breadcrumb","itemListElement":[{"@type":"ListItem","position":1,"name":"Not\u00edcias","item":"https:\/\/www.suno.com.br\/noticias\/"},{"@type":"ListItem","position":2,"name":"Mercado","item":"https:\/\/www.suno.com.br\/noticias\/mercado\/"},{"@type":"ListItem","position":3,"name":"D\u00f3lar em queda ap\u00f3s libera\u00e7\u00e3o de venda de subsidi\u00e1rias das estatais"}]},{"@type":"WebSite","@id":"https:\/\/www.suno.com.br\/noticias\/#website","url":"https:\/\/www.suno.com.br\/noticias\/","name":"Suno Not\u00edcias","description":"Seu portal de informa\u00e7\u00e3o sobre o mundo dos investimentos","publisher":{"@id":"https:\/\/www.suno.com.br\/noticias\/#organization"},"potentialAction":[{"@type":"SearchAction","target":{"@type":"EntryPoint","urlTemplate":"https:\/\/www.suno.com.br\/noticias\/?s={search_term_string}"},"query-input":{"@type":"PropertyValueSpecification","valueRequired":true,"valueName":"search_term_string"}}],"inLanguage":"pt-BR"},{"@type":"Organization","@id":"https:\/\/www.suno.com.br\/noticias\/#organization","name":"Suno Not\u00edcias","url":"https:\/\/www.suno.com.br\/noticias\/","logo":{"@type":"ImageObject","inLanguage":"pt-BR","@id":"https:\/\/www.suno.com.br\/noticias\/#\/schema\/logo\/image\/","url":"https:\/\/files.sunoresearch.com.br\/n\/uploads\/2021\/09\/suno-logo.png","contentUrl":"https:\/\/files.sunoresearch.com.br\/n\/uploads\/2021\/09\/suno-logo.png","width":180,"height":180,"caption":"Suno Not\u00edcias"},"image":{"@id":"https:\/\/www.suno.com.br\/noticias\/#\/schema\/logo\/image\/"},"sameAs":["https:\/\/facebook.com\/sunoresearch","https:\/\/x.com\/sunoresearch","https:\/\/www.instagram.com\/suno","https:\/\/www.linkedin.com\/company\/suno-research\/","https:\/\/www.youtube.com\/c\/sunoresearch"]},{"@type":"Person","@id":"https:\/\/www.suno.com.br\/noticias\/#\/schema\/person\/02ec1f752758247878a2bf4abee1aeda","name":"Poliana Santos","image":{"@type":"ImageObject","inLanguage":"pt-BR","@id":"https:\/\/www.suno.com.br\/noticias\/#\/schema\/person\/image\/","url":"https:\/\/secure.gravatar.com\/avatar\/0645bd32f23d87b2130f2b2dff1d3f8d?s=96&r=g","contentUrl":"https:\/\/secure.gravatar.com\/avatar\/0645bd32f23d87b2130f2b2dff1d3f8d?s=96&r=g","caption":"Poliana Santos"},"description":"Rep\u00f3rter no Suno Not\u00edcias, com cobertura em mercado financeiro, economia, finan\u00e7as pessoais, renda fixa e varejo. Jornalista formada pela Faculdade C\u00e1sper L\u00edbero e possui passagem na R\u00e1dio Gazeta AM com a produ\u00e7\u00e3o de conte\u00fado sobre economia, pol\u00edtica, sa\u00fade, moda e m\u00fasica. Possui certificado de conclus\u00e3o do curso de An\u00e1lise de Balan\u00e7os pela Funda\u00e7\u00e3o Bradesco, Agenda Brasil pela FAAP, Educa\u00e7\u00e3o Pol\u00edtica por Alexandre Garcia e do Tesouro Direto e Mercado de A\u00e7\u00f5es pela B3.","url":"https:\/\/www.suno.com.br\/noticias\/author\/poliana-santos\/"}]}},"default_loop_html":"<div class=\"cardsPage__listCard__boxs\"><div class=\"cardsPage__listCard__boxs__img\"><a href=\"https:\/\/www.suno.com.br\/noticias\/dolar-07062019\/\"><img class=\"mask\" src=\"https:\/\/www.suno.com.br\/noticias\/wp-content\/themes\/suno\/resources\/images\/spotlight\/spotlight1img\/bg-mask.png\" alt=\"Image Mask\"\/><img src=\"https:\/\/files.sunoresearch.com.br\/n\/uploads\/2019\/05\/454fbefd-d\u00f3lar-400x200.webp\" alt=\"D\u00f3lar em queda ap\u00f3s libera\u00e7\u00e3o de venda de subsidi\u00e1rias das estatais\"\/><\/a><span class=\"spotlightCategory\"><a href=\"https:\/\/www.suno.com.br\/noticias\/mercado\/\">Mercado<\/a><\/span><\/div><div class=\"cardsPage__listCard__boxs__content\"><a href=\"https:\/\/www.suno.com.br\/noticias\/dolar-07062019\/\"><h2 class=\"content__title\">D\u00f3lar em queda ap\u00f3s libera\u00e7\u00e3o de venda de subsidi\u00e1rias das estatais<\/h2><\/a><div class=\"newsContent__article__meta\"><div class=\"newsContent__article__meta__authorBox\"><a href=\"https:\/\/www.suno.com.br\/noticias\/author\/poliana-santos\/\" class=\"authorBox__avatar noMobi\"><img src=\"https:\/\/files.sunoresearch.com.br\/n\/uploads\/2020\/08\/7ef34026-whatsapp-image-2020-08-03-at-12.37.57-150x150.webp\" alt=\"Poliana Santos\"><\/a><div class=\"authorBox__name\"><span>por\n\t\t\t<a href=\"https:\/\/www.suno.com.br\/noticias\/author\/poliana-santos\/\"><span itemprop=\"author\">Poliana Santos<\/span><\/a><\/span><time datetime=\"2019-06-07T09:27:41-03:00\" itemprop=\"datePublished\">07\/06\/2019 09:27<\/time><\/div><\/div><\/div><\/div><\/div>","single_layout":"posts","amp_enabled":true,"_links":{"self":[{"href":"https:\/\/www.suno.com.br\/noticias\/wp-json\/wp\/v2\/posts\/27571"}],"collection":[{"href":"https:\/\/www.suno.com.br\/noticias\/wp-json\/wp\/v2\/posts"}],"about":[{"href":"https:\/\/www.suno.com.br\/noticias\/wp-json\/wp\/v2\/types\/post"}],"author":[{"embeddable":true,"href":"https:\/\/www.suno.com.br\/noticias\/wp-json\/wp\/v2\/users\/15"}],"replies":[{"embeddable":true,"href":"https:\/\/www.suno.com.br\/noticias\/wp-json\/wp\/v2\/comments?post=27571"}],"version-history":[{"count":0,"href":"https:\/\/www.suno.com.br\/noticias\/wp-json\/wp\/v2\/posts\/27571\/revisions"}],"wp:featuredmedia":[{"embeddable":true,"href":"https:\/\/www.suno.com.br\/noticias\/wp-json\/wp\/v2\/media\/23748"}],"wp:attachment":[{"href":"https:\/\/www.suno.com.br\/noticias\/wp-json\/wp\/v2\/media?parent=27571"}],"wp:term":[{"taxonomy":"category","embeddable":true,"href":"https:\/\/www.suno.com.br\/noticias\/wp-json\/wp\/v2\/categories?post=27571"},{"taxonomy":"post_tag","embeddable":true,"href":"https:\/\/www.suno.com.br\/noticias\/wp-json\/wp\/v2\/tags?post=27571"},{"taxonomy":"suno_strategy","embeddable":true,"href":"https:\/\/www.suno.com.br\/noticias\/wp-json\/wp\/v2\/suno_strategy?post=27571"}],"curies":[{"name":"wp","href":"https:\/\/api.w.org\/{rel}","templated":true}]}}