{"id":27570,"date":"2019-06-07T09:05:10","date_gmt":"2019-06-07T12:05:10","guid":{"rendered":"https:\/\/www.suno.com.br\/noticias\/?p=27570"},"modified":"2019-06-07T09:05:10","modified_gmt":"2019-06-07T12:05:10","slug":"bolsonaro-decisao-stf-autorizar-subsidiaria-avanco","status":"publish","type":"post","link":"https:\/\/www.suno.com.br\/noticias\/bolsonaro-decisao-stf-autorizar-subsidiaria-avanco\/","title":{"rendered":"Bolsonaro considera decis\u00e3o do STF de autorizar venda de subsidi\u00e1rias avan\u00e7o"},"content":{"rendered":"<p>O presidente Jair Bolsonaro se manifestou sobre a decis\u00e3o do Supremo Tribunal Federal (STF) de liberar a venda de subsidi\u00e1rias de estatais sem o aval do Congresso. Para o presidente, a decis\u00e3o\u00a0&#8220;n\u00e3o deixou de ser um avan\u00e7o&#8221;. A fala ocorreu\u00a0na sa\u00edda do hotel em que est\u00e1 hospedado em Buenos Aires. Bolsonaro participa de uma visita oficial na Argentina.<\/p>\t<div class=\"wrapper-featured-image\">\n\t\t<figure class=\"spotlightImg\">\n\n\t\t\t<picture>\n\t\t\t\t<source media=\"(max-width: 768px)\" srcset=\"https:\/\/files.sunoresearch.com.br\/n\/uploads\/2019\/05\/5e28f681-bolsonaro-400x200.webp\">\n\t\t\t\t<img loading=\"lazy\" decoding=\"async\" class=\"newsContent__article__imgCapa lazyloadDisabled newsContent__article__imgCapa--noCaption\" src=\"https:\/\/files.sunoresearch.com.br\/n\/uploads\/2019\/05\/5e28f681-bolsonaro-800x450.webp\" width=\"800\" height=\"450\" alt=\"Bolsonaro considera decis\u00e3o do STF de autorizar venda de subsidi\u00e1rias avan\u00e7o\" fetchpriority=high \/>\n\t\t\t<\/picture>\n\n\t\t\t<figcaption class=\"wp-caption-text wp-caption-text--hide\">Membros do PSL, partido de Bolsonaro, querem mudan\u00e7as para aposentadoria de policiais. (divulga\u00e7\u00e3o)<\/figcaption>\n\t\t<\/figure>\n\t<\/div>\n\n\n<p>Na \u00faltima quinta-feira (6), o <strong>STF<\/strong> entendeu que a <a href=\"https:\/\/www.suno.com.br\/artigos\/privatizacao\/\"><strong>privatiza\u00e7\u00e3o<\/strong> <\/a>de subsidi\u00e1rias de estatais n\u00e3o precisa passar pelo <strong>Legislativo<\/strong>. Por\u00e9m, a corte determinou que a venda da &#8220;empresa-m\u00e3e&#8221; necessita de autoriza\u00e7\u00e3o do <strong>Congresso Nacional<\/strong>. A decis\u00e3o tamb\u00e9m se aplica \u00e0 estados e munic\u00edpios. No entendimento da maioria dos ministros, o parecer n\u00e3o contraria a <strong>Constitui\u00e7\u00e3o<\/strong> e pode favorecer o <strong>crescimento econ\u00f4mico<\/strong>.<\/p>\n<p><a href=\"https:\/\/www.suno.com.br\/noticias\/stf-libera-venda-subsidiarias-estatais\/\">Saiba mais: STF libera venda de subsidi\u00e1rias de empresas estatais<\/a><\/p>\n<p>&#8220;As empresas-m\u00e3e, segundo o <strong>Supremo<\/strong>, passam pelo <strong>Parlamento<\/strong>. N\u00e3o deixou de ser um avan\u00e7o. Meus cumprimentos, parab\u00e9ns ao <strong>Supremo Tribunal<\/strong>, que agiu com patriotismo, contr\u00e1rio \u00e0 politica anterior que havia no Brasil nessas quest\u00f5es econ\u00f4micas. O vi\u00e9s ideol\u00f3gico para se fazer neg\u00f3cio vai deixando de existir no Brasil. Meus parab\u00e9ns ao <strong>Supremo Tribunal Federal<\/strong>&#8220;, disse <strong>Bolsonaro<\/strong>.<\/p>\n\t<p>\n\t\t<a href=\"https:\/\/lp.suno.com.br\/suno-one\/?utm_campaign=_SNC6964518A_\" target=\"_blank\" data-element=\"shortcode-suno-banner\" title=\"Banner SUNO, clique e saiba mais\">\n\t\t\t<picture>\n\t\t\t\t<source media=\"(max-width: 500px)\" srcset=\"https:\/\/files.sunoresearch.com.br\/n\/uploads\/2025\/09\/400x300-Suno-One-png.webp\">\n\t\t\t\t<img class=\"newsContent__article__imgCapa newsContent__article__imgCapa--banner\"\n\t\t\t\t\tsrc=\"https:\/\/files.sunoresearch.com.br\/n\/uploads\/2025\/09\/1420x240-Suno-One-png.webp\"\n\t\t\t\t\tdata-promo-id=\"85810\"\t\t\t\t\t\t\t\t\t\twidth='1420' height='240'\t\t\t\t\talt=\"https:\/\/files.sunoresearch.com.br\/n\/uploads\/2025\/09\/1420x240-Suno-One-png.webp\"\n\t\t\t\t>\n\t\t\t<\/picture>\n\t\t<\/a>\n\t<\/p>\n\n\n<p>Empresas subsidi\u00e1rias s\u00e3o subdivis\u00f5es de uma companhia maior e tem como fun\u00e7\u00e3o gerenciar tarefas espec\u00edficas no mesmo ramo de atividades da &#8220;empresa m\u00e3e&#8221;. No caso da <strong>Petrobras<\/strong>, h\u00e1 36 subsidi\u00e1rias, como a <strong>Transpetro<\/strong> e a <strong>BR Distribuidora<\/strong>. De acordo com o <strong>Minist\u00e9rio da Economia<\/strong>, o <strong>governo federal<\/strong> possui, atualmente, 134 estatais. Dessas, 88 s\u00e3o subsidi\u00e1rias.<\/p>\n<h2>Vit\u00f3ria do governo<\/h2>\n<p>A decis\u00e3o do <strong>STF<\/strong> foi considerada uma vit\u00f3ria para o <strong>governo<\/strong>. A equipe econ\u00f4mica defendia a <strong>flexibiliza\u00e7\u00e3o<\/strong> das regras para a <strong>privatiza\u00e7\u00e3o<\/strong> das estatais. Segundo c\u00e1lculos, o pacote de vendas pode gerar mais de R$ 80 bilh\u00f5es.<\/p>\n\t<p>\n\t\t<a href=\"https:\/\/www.seculus.com.br\/blackfriday\" target=\"_blank\" data-element=\"shortcode-suno-banner\" title=\"Banner SUNO, clique e saiba mais\">\n\t\t\t<picture>\n\t\t\t\t<source media=\"(max-width: 500px)\" srcset=\"https:\/\/files.sunoresearch.com.br\/n\/uploads\/2023\/11\/seculus_suno_mobile_3.jpg\">\n\t\t\t\t<img class=\"newsContent__article__imgCapa newsContent__article__imgCapa--banner\"\n\t\t\t\t\tsrc=\"https:\/\/files.sunoresearch.com.br\/n\/uploads\/2023\/11\/seculus_suno_desktop_3.jpg\"\n\t\t\t\t\tdata-promo-id=\"474124\"\t\t\t\t\t\t\t\t\t\twidth='1420' height='240'\t\t\t\t\talt=\"https:\/\/files.sunoresearch.com.br\/n\/uploads\/2023\/11\/seculus_suno_desktop_3.jpg\"\n\t\t\t\t>\n\t\t\t<\/picture>\n\t\t<\/a>\n\t<\/p>\n\n\n<p>Al\u00e9m disso, o ministro da Economia, <strong>Paulo Guedes<\/strong>, e o advogado-geral da Uni\u00e3o, Andr\u00e9 Mendon\u00e7a, defenderam a possibilidade de o <strong>Executivo<\/strong> se desfazer de empresas estatais sem o aval do <strong>Legislativo<\/strong>. J\u00e1 o ministro de <strong>Minas e Energia<\/strong>, Bento Albuquerque classificou a decis\u00e3o do <strong>Supremo<\/strong> como &#8220;important\u00edssima&#8221;.<\/p>\n<p><a href=\"https:\/\/www.suno.com.br\/noticias\/guedes-critica-stf-petrobras-desinvestimentos\/\">Saiba mais: Guedes critica STF em decis\u00e3o sobre Petrobras e defende desinvestimentos\u00a0<\/a><\/p>\n<p>&#8220;Vai permitir, tamb\u00e9m, para a nossa pol\u00edtica de abertura do mercado de derivados e do g\u00e1s, gerar competitividade e justeza tarif\u00e1ria, fundamental para a retomada do crescimento econ\u00f4mico e industrial do pa\u00eds&#8221;, acrescentou.<\/p>\n","protected":false},"excerpt":{"rendered":"<p>O presidente Jair Bolsonaro se manifestou sobre a decis\u00e3o do Supremo Tribunal Federal (STF) de liberar a venda de subsidi\u00e1rias de estatais sem o aval do Congresso. Para o presidente, a decis\u00e3o\u00a0&#8220;n\u00e3o deixou de ser um avan\u00e7o&#8221;. A fala ocorreu\u00a0na sa\u00edda do hotel em que est\u00e1 hospedado em Buenos Aires. Bolsonaro participa de uma visita [&hellip;]<\/p>\n","protected":false},"author":14,"featured_media":24128,"comment_status":"closed","ping_status":"closed","sticky":false,"template":"","format":"standard","meta":[],"categories":[61],"tags":[719,909,796,595,785,596],"suno_strategy":[],"class_list":["post-27570","post","type-post","status-publish","format-standard","has-post-thumbnail","hentry","category-politica","tag-jair-bolsonaro","tag-ministerio-da-economia","tag-paulo-guedes","tag-petrobras-petr4","tag-supremo-tribunal-federal-stf","tag-vibra-energia-vbbr3"],"yoast_head":"<!-- This site is optimized with the Yoast SEO plugin v24.4 - https:\/\/yoast.com\/wordpress\/plugins\/seo\/ -->\n<title>Bolsonaro considera decis\u00e3o do STF de autorizar venda de subsidi\u00e1rias avan\u00e7o<\/title>\n<meta name=\"description\" content=\"Na \u00faltima quinta-feira, o STF entendeu que a privatiza\u00e7\u00e3o de subsidi\u00e1rias de estatais n\u00e3o precisa passar pelo Legislativo. Clique e saiba mais\" \/>\n<meta name=\"robots\" content=\"index, follow, max-snippet:-1, max-image-preview:large, max-video-preview:-1\" \/>\n<link rel=\"canonical\" href=\"https:\/\/www.suno.com.br\/noticias\/bolsonaro-decisao-stf-autorizar-subsidiaria-avanco\/\" \/>\n<meta property=\"og:locale\" content=\"pt_BR\" \/>\n<meta property=\"og:type\" content=\"article\" \/>\n<meta property=\"og:title\" content=\"Bolsonaro considera decis\u00e3o do STF de autorizar venda de subsidi\u00e1rias avan\u00e7o\" \/>\n<meta property=\"og:description\" content=\"Na \u00faltima quinta-feira, o STF entendeu que a privatiza\u00e7\u00e3o de subsidi\u00e1rias de estatais n\u00e3o precisa passar pelo Legislativo. Clique e saiba mais\" \/>\n<meta property=\"og:url\" content=\"https:\/\/www.suno.com.br\/noticias\/bolsonaro-decisao-stf-autorizar-subsidiaria-avanco\/\" \/>\n<meta property=\"og:site_name\" content=\"Suno Not\u00edcias\" \/>\n<meta property=\"article:publisher\" content=\"https:\/\/facebook.com\/sunoresearch\" \/>\n<meta property=\"og:image\" content=\"https:\/\/files.sunoresearch.com.br\/n\/uploads\/2019\/05\/5e28f681-bolsonaro.jpg\" \/>\n\t<meta property=\"og:image:width\" content=\"1023\" \/>\n\t<meta property=\"og:image:height\" content=\"679\" \/>\n\t<meta property=\"og:image:type\" content=\"image\/jpeg\" \/>\n<meta name=\"author\" content=\"Renan Dantas\" \/>\n<meta name=\"twitter:card\" content=\"summary_large_image\" \/>\n<meta name=\"twitter:creator\" content=\"@sunoresearch\" \/>\n<meta name=\"twitter:site\" content=\"@sunoresearch\" \/>\n<meta name=\"twitter:label1\" content=\"Escrito por\" \/>\n\t<meta name=\"twitter:data1\" content=\"Renan Dantas\" \/>\n\t<meta name=\"twitter:label2\" content=\"Est. tempo de leitura\" \/>\n\t<meta name=\"twitter:data2\" content=\"2 minutos\" \/>\n<script type=\"application\/ld+json\" class=\"yoast-schema-graph\">{\"@context\":\"https:\/\/schema.org\",\"@graph\":[{\"@type\":\"NewsArticle\",\"@id\":\"https:\/\/www.suno.com.br\/noticias\/bolsonaro-decisao-stf-autorizar-subsidiaria-avanco\/#article\",\"isPartOf\":{\"@id\":\"https:\/\/www.suno.com.br\/noticias\/bolsonaro-decisao-stf-autorizar-subsidiaria-avanco\/\"},\"author\":{\"name\":\"Renan Dantas\",\"@id\":\"https:\/\/www.suno.com.br\/noticias\/#\/schema\/person\/3f7693d5795a3f6d5ce15309ee785699\"},\"headline\":\"Bolsonaro considera decis\u00e3o do STF de autorizar venda de subsidi\u00e1rias avan\u00e7o\",\"datePublished\":\"2019-06-07T12:05:10+00:00\",\"mainEntityOfPage\":{\"@id\":\"https:\/\/www.suno.com.br\/noticias\/bolsonaro-decisao-stf-autorizar-subsidiaria-avanco\/\"},\"wordCount\":447,\"publisher\":{\"@id\":\"https:\/\/www.suno.com.br\/noticias\/#organization\"},\"image\":{\"@id\":\"https:\/\/www.suno.com.br\/noticias\/bolsonaro-decisao-stf-autorizar-subsidiaria-avanco\/#primaryimage\"},\"thumbnailUrl\":\"https:\/\/files.sunoresearch.com.br\/n\/uploads\/2019\/05\/5e28f681-bolsonaro-jpg.webp\",\"keywords\":[\"Jair Bolsonaro\",\"Minist\u00e9rio da Economia\",\"Paulo Guedes\",\"Petrobras (PETR4)\",\"Supremo Tribunal Federal (STF)\",\"Vibra Energia (VBBR3)\"],\"articleSection\":[\"Pol\u00edtica\"],\"inLanguage\":\"pt-BR\"},{\"@type\":\"WebPage\",\"@id\":\"https:\/\/www.suno.com.br\/noticias\/bolsonaro-decisao-stf-autorizar-subsidiaria-avanco\/\",\"url\":\"https:\/\/www.suno.com.br\/noticias\/bolsonaro-decisao-stf-autorizar-subsidiaria-avanco\/\",\"name\":\"Bolsonaro considera decis\u00e3o do STF de autorizar venda de subsidi\u00e1rias avan\u00e7o\",\"isPartOf\":{\"@id\":\"https:\/\/www.suno.com.br\/noticias\/#website\"},\"primaryImageOfPage\":{\"@id\":\"https:\/\/www.suno.com.br\/noticias\/bolsonaro-decisao-stf-autorizar-subsidiaria-avanco\/#primaryimage\"},\"image\":{\"@id\":\"https:\/\/www.suno.com.br\/noticias\/bolsonaro-decisao-stf-autorizar-subsidiaria-avanco\/#primaryimage\"},\"thumbnailUrl\":\"https:\/\/files.sunoresearch.com.br\/n\/uploads\/2019\/05\/5e28f681-bolsonaro-jpg.webp\",\"datePublished\":\"2019-06-07T12:05:10+00:00\",\"description\":\"Na \u00faltima quinta-feira, o STF entendeu que a privatiza\u00e7\u00e3o de subsidi\u00e1rias de estatais n\u00e3o precisa passar pelo Legislativo. Clique e saiba mais\",\"breadcrumb\":{\"@id\":\"https:\/\/www.suno.com.br\/noticias\/bolsonaro-decisao-stf-autorizar-subsidiaria-avanco\/#breadcrumb\"},\"inLanguage\":\"pt-BR\",\"potentialAction\":[{\"@type\":\"ReadAction\",\"target\":[\"https:\/\/www.suno.com.br\/noticias\/bolsonaro-decisao-stf-autorizar-subsidiaria-avanco\/\"]}]},{\"@type\":\"ImageObject\",\"inLanguage\":\"pt-BR\",\"@id\":\"https:\/\/www.suno.com.br\/noticias\/bolsonaro-decisao-stf-autorizar-subsidiaria-avanco\/#primaryimage\",\"url\":\"https:\/\/files.sunoresearch.com.br\/n\/uploads\/2019\/05\/5e28f681-bolsonaro-jpg.webp\",\"contentUrl\":\"https:\/\/files.sunoresearch.com.br\/n\/uploads\/2019\/05\/5e28f681-bolsonaro-jpg.webp\",\"width\":1023,\"height\":679,\"caption\":\"Membros do PSL, partido de Bolsonaro, querem mudan\u00e7as para aposentadoria de policiais. (divulga\u00e7\u00e3o)\"},{\"@type\":\"BreadcrumbList\",\"@id\":\"https:\/\/www.suno.com.br\/noticias\/bolsonaro-decisao-stf-autorizar-subsidiaria-avanco\/#breadcrumb\",\"itemListElement\":[{\"@type\":\"ListItem\",\"position\":1,\"name\":\"Not\u00edcias\",\"item\":\"https:\/\/www.suno.com.br\/noticias\/\"},{\"@type\":\"ListItem\",\"position\":2,\"name\":\"Pol\u00edtica\",\"item\":\"https:\/\/www.suno.com.br\/noticias\/politica\/\"},{\"@type\":\"ListItem\",\"position\":3,\"name\":\"Bolsonaro considera decis\u00e3o do STF de autorizar venda de subsidi\u00e1rias avan\u00e7o\"}]},{\"@type\":\"WebSite\",\"@id\":\"https:\/\/www.suno.com.br\/noticias\/#website\",\"url\":\"https:\/\/www.suno.com.br\/noticias\/\",\"name\":\"Suno Not\u00edcias\",\"description\":\"Seu portal de informa\u00e7\u00e3o sobre o mundo dos investimentos\",\"publisher\":{\"@id\":\"https:\/\/www.suno.com.br\/noticias\/#organization\"},\"potentialAction\":[{\"@type\":\"SearchAction\",\"target\":{\"@type\":\"EntryPoint\",\"urlTemplate\":\"https:\/\/www.suno.com.br\/noticias\/?s={search_term_string}\"},\"query-input\":{\"@type\":\"PropertyValueSpecification\",\"valueRequired\":true,\"valueName\":\"search_term_string\"}}],\"inLanguage\":\"pt-BR\"},{\"@type\":\"Organization\",\"@id\":\"https:\/\/www.suno.com.br\/noticias\/#organization\",\"name\":\"Suno Not\u00edcias\",\"url\":\"https:\/\/www.suno.com.br\/noticias\/\",\"logo\":{\"@type\":\"ImageObject\",\"inLanguage\":\"pt-BR\",\"@id\":\"https:\/\/www.suno.com.br\/noticias\/#\/schema\/logo\/image\/\",\"url\":\"https:\/\/files.sunoresearch.com.br\/n\/uploads\/2021\/09\/suno-logo.png\",\"contentUrl\":\"https:\/\/files.sunoresearch.com.br\/n\/uploads\/2021\/09\/suno-logo.png\",\"width\":180,\"height\":180,\"caption\":\"Suno Not\u00edcias\"},\"image\":{\"@id\":\"https:\/\/www.suno.com.br\/noticias\/#\/schema\/logo\/image\/\"},\"sameAs\":[\"https:\/\/facebook.com\/sunoresearch\",\"https:\/\/x.com\/sunoresearch\",\"https:\/\/www.instagram.com\/suno\",\"https:\/\/www.linkedin.com\/company\/suno-research\/\",\"https:\/\/www.youtube.com\/c\/sunoresearch\"]},{\"@type\":\"Person\",\"@id\":\"https:\/\/www.suno.com.br\/noticias\/#\/schema\/person\/3f7693d5795a3f6d5ce15309ee785699\",\"name\":\"Renan Dantas\",\"image\":{\"@type\":\"ImageObject\",\"inLanguage\":\"pt-BR\",\"@id\":\"https:\/\/www.suno.com.br\/noticias\/#\/schema\/person\/image\/\",\"url\":\"https:\/\/secure.gravatar.com\/avatar\/1787b83e7484a08e51d62ac8b41c8396?s=96&r=g\",\"contentUrl\":\"https:\/\/secure.gravatar.com\/avatar\/1787b83e7484a08e51d62ac8b41c8396?s=96&r=g\",\"caption\":\"Renan Dantas\"},\"description\":\"Escreve sobre pol\u00edtica e mercado financeiro para o portal Suno Not\u00edcias. Antes, atuou na assessoria de comunica\u00e7\u00e3o do Minist\u00e9rio P\u00fablico do Trabalho e na R\u00e1dio Mackenzie, onde apresentava e produzia um programa sobre artistas da m\u00fasica brasileira. \u00c9 estudante na Universidade Presbiteriana Mackenzie.\",\"url\":\"https:\/\/www.suno.com.br\/noticias\/author\/renan-dantas\/\"}]}<\/script>\n<!-- \/ Yoast SEO plugin. -->","yoast_head_json":{"title":"Bolsonaro considera decis\u00e3o do STF de autorizar venda de subsidi\u00e1rias avan\u00e7o","description":"Na \u00faltima quinta-feira, o STF entendeu que a privatiza\u00e7\u00e3o de subsidi\u00e1rias de estatais n\u00e3o precisa passar pelo Legislativo. Clique e saiba mais","robots":{"index":"index","follow":"follow","max-snippet":"max-snippet:-1","max-image-preview":"max-image-preview:large","max-video-preview":"max-video-preview:-1"},"canonical":"https:\/\/www.suno.com.br\/noticias\/bolsonaro-decisao-stf-autorizar-subsidiaria-avanco\/","og_locale":"pt_BR","og_type":"article","og_title":"Bolsonaro considera decis\u00e3o do STF de autorizar venda de subsidi\u00e1rias avan\u00e7o","og_description":"Na \u00faltima quinta-feira, o STF entendeu que a privatiza\u00e7\u00e3o de subsidi\u00e1rias de estatais n\u00e3o precisa passar pelo Legislativo. Clique e saiba mais","og_url":"https:\/\/www.suno.com.br\/noticias\/bolsonaro-decisao-stf-autorizar-subsidiaria-avanco\/","og_site_name":"Suno Not\u00edcias","article_publisher":"https:\/\/facebook.com\/sunoresearch","og_image":[{"width":1023,"height":679,"url":"https:\/\/files.sunoresearch.com.br\/n\/uploads\/2019\/05\/5e28f681-bolsonaro.jpg","type":"image\/jpeg"}],"author":"Renan Dantas","twitter_card":"summary_large_image","twitter_creator":"@sunoresearch","twitter_site":"@sunoresearch","twitter_misc":{"Escrito por":"Renan Dantas","Est. tempo de leitura":"2 minutos"},"schema":{"@context":"https:\/\/schema.org","@graph":[{"@type":"NewsArticle","@id":"https:\/\/www.suno.com.br\/noticias\/bolsonaro-decisao-stf-autorizar-subsidiaria-avanco\/#article","isPartOf":{"@id":"https:\/\/www.suno.com.br\/noticias\/bolsonaro-decisao-stf-autorizar-subsidiaria-avanco\/"},"author":{"name":"Renan Dantas","@id":"https:\/\/www.suno.com.br\/noticias\/#\/schema\/person\/3f7693d5795a3f6d5ce15309ee785699"},"headline":"Bolsonaro considera decis\u00e3o do STF de autorizar venda de subsidi\u00e1rias avan\u00e7o","datePublished":"2019-06-07T12:05:10+00:00","mainEntityOfPage":{"@id":"https:\/\/www.suno.com.br\/noticias\/bolsonaro-decisao-stf-autorizar-subsidiaria-avanco\/"},"wordCount":447,"publisher":{"@id":"https:\/\/www.suno.com.br\/noticias\/#organization"},"image":{"@id":"https:\/\/www.suno.com.br\/noticias\/bolsonaro-decisao-stf-autorizar-subsidiaria-avanco\/#primaryimage"},"thumbnailUrl":"https:\/\/files.sunoresearch.com.br\/n\/uploads\/2019\/05\/5e28f681-bolsonaro-jpg.webp","keywords":["Jair Bolsonaro","Minist\u00e9rio da Economia","Paulo Guedes","Petrobras (PETR4)","Supremo Tribunal Federal (STF)","Vibra Energia (VBBR3)"],"articleSection":["Pol\u00edtica"],"inLanguage":"pt-BR"},{"@type":"WebPage","@id":"https:\/\/www.suno.com.br\/noticias\/bolsonaro-decisao-stf-autorizar-subsidiaria-avanco\/","url":"https:\/\/www.suno.com.br\/noticias\/bolsonaro-decisao-stf-autorizar-subsidiaria-avanco\/","name":"Bolsonaro considera decis\u00e3o do STF de autorizar venda de subsidi\u00e1rias avan\u00e7o","isPartOf":{"@id":"https:\/\/www.suno.com.br\/noticias\/#website"},"primaryImageOfPage":{"@id":"https:\/\/www.suno.com.br\/noticias\/bolsonaro-decisao-stf-autorizar-subsidiaria-avanco\/#primaryimage"},"image":{"@id":"https:\/\/www.suno.com.br\/noticias\/bolsonaro-decisao-stf-autorizar-subsidiaria-avanco\/#primaryimage"},"thumbnailUrl":"https:\/\/files.sunoresearch.com.br\/n\/uploads\/2019\/05\/5e28f681-bolsonaro-jpg.webp","datePublished":"2019-06-07T12:05:10+00:00","description":"Na \u00faltima quinta-feira, o STF entendeu que a privatiza\u00e7\u00e3o de subsidi\u00e1rias de estatais n\u00e3o precisa passar pelo Legislativo. Clique e saiba mais","breadcrumb":{"@id":"https:\/\/www.suno.com.br\/noticias\/bolsonaro-decisao-stf-autorizar-subsidiaria-avanco\/#breadcrumb"},"inLanguage":"pt-BR","potentialAction":[{"@type":"ReadAction","target":["https:\/\/www.suno.com.br\/noticias\/bolsonaro-decisao-stf-autorizar-subsidiaria-avanco\/"]}]},{"@type":"ImageObject","inLanguage":"pt-BR","@id":"https:\/\/www.suno.com.br\/noticias\/bolsonaro-decisao-stf-autorizar-subsidiaria-avanco\/#primaryimage","url":"https:\/\/files.sunoresearch.com.br\/n\/uploads\/2019\/05\/5e28f681-bolsonaro-jpg.webp","contentUrl":"https:\/\/files.sunoresearch.com.br\/n\/uploads\/2019\/05\/5e28f681-bolsonaro-jpg.webp","width":1023,"height":679,"caption":"Membros do PSL, partido de Bolsonaro, querem mudan\u00e7as para aposentadoria de policiais. (divulga\u00e7\u00e3o)"},{"@type":"BreadcrumbList","@id":"https:\/\/www.suno.com.br\/noticias\/bolsonaro-decisao-stf-autorizar-subsidiaria-avanco\/#breadcrumb","itemListElement":[{"@type":"ListItem","position":1,"name":"Not\u00edcias","item":"https:\/\/www.suno.com.br\/noticias\/"},{"@type":"ListItem","position":2,"name":"Pol\u00edtica","item":"https:\/\/www.suno.com.br\/noticias\/politica\/"},{"@type":"ListItem","position":3,"name":"Bolsonaro considera decis\u00e3o do STF de autorizar venda de subsidi\u00e1rias avan\u00e7o"}]},{"@type":"WebSite","@id":"https:\/\/www.suno.com.br\/noticias\/#website","url":"https:\/\/www.suno.com.br\/noticias\/","name":"Suno Not\u00edcias","description":"Seu portal de informa\u00e7\u00e3o sobre o mundo dos investimentos","publisher":{"@id":"https:\/\/www.suno.com.br\/noticias\/#organization"},"potentialAction":[{"@type":"SearchAction","target":{"@type":"EntryPoint","urlTemplate":"https:\/\/www.suno.com.br\/noticias\/?s={search_term_string}"},"query-input":{"@type":"PropertyValueSpecification","valueRequired":true,"valueName":"search_term_string"}}],"inLanguage":"pt-BR"},{"@type":"Organization","@id":"https:\/\/www.suno.com.br\/noticias\/#organization","name":"Suno Not\u00edcias","url":"https:\/\/www.suno.com.br\/noticias\/","logo":{"@type":"ImageObject","inLanguage":"pt-BR","@id":"https:\/\/www.suno.com.br\/noticias\/#\/schema\/logo\/image\/","url":"https:\/\/files.sunoresearch.com.br\/n\/uploads\/2021\/09\/suno-logo.png","contentUrl":"https:\/\/files.sunoresearch.com.br\/n\/uploads\/2021\/09\/suno-logo.png","width":180,"height":180,"caption":"Suno Not\u00edcias"},"image":{"@id":"https:\/\/www.suno.com.br\/noticias\/#\/schema\/logo\/image\/"},"sameAs":["https:\/\/facebook.com\/sunoresearch","https:\/\/x.com\/sunoresearch","https:\/\/www.instagram.com\/suno","https:\/\/www.linkedin.com\/company\/suno-research\/","https:\/\/www.youtube.com\/c\/sunoresearch"]},{"@type":"Person","@id":"https:\/\/www.suno.com.br\/noticias\/#\/schema\/person\/3f7693d5795a3f6d5ce15309ee785699","name":"Renan Dantas","image":{"@type":"ImageObject","inLanguage":"pt-BR","@id":"https:\/\/www.suno.com.br\/noticias\/#\/schema\/person\/image\/","url":"https:\/\/secure.gravatar.com\/avatar\/1787b83e7484a08e51d62ac8b41c8396?s=96&r=g","contentUrl":"https:\/\/secure.gravatar.com\/avatar\/1787b83e7484a08e51d62ac8b41c8396?s=96&r=g","caption":"Renan Dantas"},"description":"Escreve sobre pol\u00edtica e mercado financeiro para o portal Suno Not\u00edcias. Antes, atuou na assessoria de comunica\u00e7\u00e3o do Minist\u00e9rio P\u00fablico do Trabalho e na R\u00e1dio Mackenzie, onde apresentava e produzia um programa sobre artistas da m\u00fasica brasileira. \u00c9 estudante na Universidade Presbiteriana Mackenzie.","url":"https:\/\/www.suno.com.br\/noticias\/author\/renan-dantas\/"}]}},"default_loop_html":"<div class=\"cardsPage__listCard__boxs\"><div class=\"cardsPage__listCard__boxs__img\"><a href=\"https:\/\/www.suno.com.br\/noticias\/bolsonaro-decisao-stf-autorizar-subsidiaria-avanco\/\"><img class=\"mask\" src=\"https:\/\/www.suno.com.br\/noticias\/wp-content\/themes\/suno\/resources\/images\/spotlight\/spotlight1img\/bg-mask.png\" alt=\"Image Mask\"\/><img src=\"https:\/\/files.sunoresearch.com.br\/n\/uploads\/2019\/05\/5e28f681-bolsonaro-400x200.webp\" alt=\"Bolsonaro considera decis\u00e3o do STF de autorizar venda de subsidi\u00e1rias avan\u00e7o\"\/><\/a><span class=\"spotlightCategory\"><a href=\"https:\/\/www.suno.com.br\/noticias\/politica\/\">Pol\u00edtica<\/a><\/span><\/div><div class=\"cardsPage__listCard__boxs__content\"><a href=\"https:\/\/www.suno.com.br\/noticias\/bolsonaro-decisao-stf-autorizar-subsidiaria-avanco\/\"><h2 class=\"content__title\">Bolsonaro considera decis\u00e3o do STF de autorizar venda de subsidi\u00e1rias avan\u00e7o<\/h2><\/a><div class=\"newsContent__article__meta\"><div class=\"newsContent__article__meta__authorBox\"><a href=\"https:\/\/www.suno.com.br\/noticias\/author\/renan-dantas\/\" class=\"authorBox__avatar noMobi\"><img src=\"https:\/\/secure.gravatar.com\/avatar\/1787b83e7484a08e51d62ac8b41c8396?s=96&#038;r=g\" alt=\"Renan Dantas\"><\/a><div class=\"authorBox__name\"><span>por\n\t\t\t<a href=\"https:\/\/www.suno.com.br\/noticias\/author\/renan-dantas\/\"><span itemprop=\"author\">Renan Dantas<\/span><\/a><\/span><time datetime=\"2019-06-07T09:05:10-03:00\" itemprop=\"datePublished\">07\/06\/2019 09:05<\/time><\/div><\/div><\/div><\/div><\/div>","single_layout":"posts","amp_enabled":true,"_links":{"self":[{"href":"https:\/\/www.suno.com.br\/noticias\/wp-json\/wp\/v2\/posts\/27570"}],"collection":[{"href":"https:\/\/www.suno.com.br\/noticias\/wp-json\/wp\/v2\/posts"}],"about":[{"href":"https:\/\/www.suno.com.br\/noticias\/wp-json\/wp\/v2\/types\/post"}],"author":[{"embeddable":true,"href":"https:\/\/www.suno.com.br\/noticias\/wp-json\/wp\/v2\/users\/14"}],"replies":[{"embeddable":true,"href":"https:\/\/www.suno.com.br\/noticias\/wp-json\/wp\/v2\/comments?post=27570"}],"version-history":[{"count":0,"href":"https:\/\/www.suno.com.br\/noticias\/wp-json\/wp\/v2\/posts\/27570\/revisions"}],"wp:featuredmedia":[{"embeddable":true,"href":"https:\/\/www.suno.com.br\/noticias\/wp-json\/wp\/v2\/media\/24128"}],"wp:attachment":[{"href":"https:\/\/www.suno.com.br\/noticias\/wp-json\/wp\/v2\/media?parent=27570"}],"wp:term":[{"taxonomy":"category","embeddable":true,"href":"https:\/\/www.suno.com.br\/noticias\/wp-json\/wp\/v2\/categories?post=27570"},{"taxonomy":"post_tag","embeddable":true,"href":"https:\/\/www.suno.com.br\/noticias\/wp-json\/wp\/v2\/tags?post=27570"},{"taxonomy":"suno_strategy","embeddable":true,"href":"https:\/\/www.suno.com.br\/noticias\/wp-json\/wp\/v2\/suno_strategy?post=27570"}],"curies":[{"name":"wp","href":"https:\/\/api.w.org\/{rel}","templated":true}]}}