{"id":27562,"date":"2019-06-07T08:04:35","date_gmt":"2019-06-07T11:04:35","guid":{"rendered":"https:\/\/www.suno.com.br\/noticias\/?p=27562"},"modified":"2019-06-07T09:07:10","modified_gmt":"2019-06-07T12:07:10","slug":"tag-fachin-suspende-liminar-venda-subsidiaria","status":"publish","type":"post","link":"https:\/\/www.suno.com.br\/noticias\/tag-fachin-suspende-liminar-venda-subsidiaria\/","title":{"rendered":"TAG: Fachin suspende liminar e libera venda de subsidi\u00e1ria"},"content":{"rendered":"<p>O ministro do Supremo Tribunal Federal (STF), Edson Fachin, suspendeu a liminar que impedia a venda de 90% da Transportadora Associada de G\u00e1s (TAG). A empresa \u00e9 uma subsidi\u00e1ria da Petrobras e foi vendida para o grupo franc\u00eas Engie e o fundo canadense Caisse de D\u00e9p\u00f4t et Placement du Qu\u00e9bec (CDPQ). A negocia\u00e7\u00e3o est\u00e1 avaliada em US$ 8,6 bilh\u00f5es.<\/p>\t<div class=\"wrapper-featured-image\">\n\t\t<figure class=\"spotlightImg\">\n\n\t\t\t<picture>\n\t\t\t\t<source media=\"(max-width: 768px)\" srcset=\"https:\/\/files.sunoresearch.com.br\/n\/uploads\/2018\/12\/2b3b1e6d-petrobras-400x200.webp\">\n\t\t\t\t<img loading=\"lazy\" decoding=\"async\" class=\"newsContent__article__imgCapa lazyloadDisabled newsContent__article__imgCapa--noCaption\" src=\"https:\/\/files.sunoresearch.com.br\/n\/uploads\/2018\/12\/2b3b1e6d-petrobras-800x450.webp\" width=\"800\" height=\"450\" alt=\"TAG: Fachin suspende liminar e libera venda de subsidi\u00e1ria\" fetchpriority=high \/>\n\t\t\t<\/picture>\n\n\t\t\t<figcaption class=\"wp-caption-text wp-caption-text--hide\">Petrobras (PETR4) inicia processo de venda do Polo Alagoas <\/figcaption>\n\t\t<\/figure>\n\t<\/div>\n\n\n<p>A decis\u00e3o do ministro <strong>Fachin<\/strong> de suspender a venda da <strong>TAG<\/strong> foi tomada no dia 24 de maio. Na \u00faltima quinta-feira (06) a maioria do plen\u00e1rio do <strong>STF<\/strong> entendeu que\u00a0a <a href=\"https:\/\/www.suno.com.br\/artigos\/privatizacao\/\"><strong>privatiza\u00e7\u00e3o<\/strong> <\/a>de subsidi\u00e1rias de <strong>estatais<\/strong> n\u00e3o necessita do aval do <strong>Congresso<\/strong> ou de licita\u00e7\u00e3o.<\/p>\n<p><a href=\"https:\/\/www.suno.com.br\/noticias\/stf-libera-venda-subsidiarias-estatais\/\">Saiba mais: STF libera venda de subsidi\u00e1rias de empresas estatais<\/a><\/p>\n<p>&#8220;Em respeito \u00e0 decis\u00e3o colegiada tomada por maioria pelo <strong>Tribunal Pleno<\/strong> nesta data, alterada substancialmente a decis\u00e3o de efeito vinculante que servia de paradigma para amparar a pretens\u00e3o dos reclamantes, e com a ressalva da posi\u00e7\u00e3o deste Relator, nego seguimento as presentes reclama\u00e7\u00f5es, tornando sem efeito a decis\u00e3o liminar anteriormente deferida&#8221;, diz Fachin.<\/p>\n\t<p>\n\t\t<a href=\"https:\/\/lp2.suno.com.br\/pv\/bolsa-para-iniciantes?utm_campaign=_SNC757A2733_rs.mpr26---meu-primeiro-rendimento---venda---not\u00edcias&#038;utm_source=suno-not\u00edcias&#038;utm_medium=banner.noticias\" target=\"_blank\" data-element=\"shortcode-suno-banner\" title=\"Banner SUNO, clique e saiba mais\">\n\t\t\t<picture>\n\t\t\t\t<source media=\"(max-width: 500px)\" srcset=\"https:\/\/files.sunoresearch.com.br\/n\/uploads\/2026\/04\/400x300-Banner-Materias-01-png.webp\">\n\t\t\t\t<img class=\"newsContent__article__imgCapa newsContent__article__imgCapa--banner\"\n\t\t\t\t\tsrc=\"https:\/\/files.sunoresearch.com.br\/n\/uploads\/2026\/04\/1420x240-Banner-Materias-01-png.webp\"\n\t\t\t\t\tdata-promo-id=\"647482\"\t\t\t\t\t\t\t\t\t\twidth='1420' height='240'\t\t\t\t\talt=\"https:\/\/files.sunoresearch.com.br\/n\/uploads\/2026\/04\/1420x240-Banner-Materias-01-png.webp\"\n\t\t\t\t>\n\t\t\t<\/picture>\n\t\t<\/a>\n\t<\/p>\n\n\n<p>Al\u00e9m disso, o ministro afirmou que havia concedido a liminar suspendendo a venda da <strong>TAG<\/strong>\u00a0com base na decis\u00e3o do ministro<strong> Ricardo\u00a0Lewandowski<\/strong>. Em junho de 2018, o ministro havia proibido o <strong>governo<\/strong> de ceder o controle acion\u00e1rio de estatais e de subsidi\u00e1rias sem a aprova\u00e7\u00e3o do <strong>Legislativo<\/strong> e licita\u00e7\u00e3o p\u00fablica. A decis\u00e3o de Lewandowski foi tomada com base na <strong>Lei das Estatais<\/strong> (13.303\/2016).<\/p>\n<p>A liminar de <strong>Lewandowski<\/strong> tinha sido o resultado de uma a\u00e7\u00e3o direta de inconstitucionalidade (ADI) protocolada pela Federa\u00e7\u00e3o Nacional das Associa\u00e7\u00f5es do Pessoal da Caixa Econ\u00f4mica Federal (Fenaee) e pela Confedera\u00e7\u00e3o Nacional dos Trabalhadores do Ramo Financeiro (Contraf\/Cut).<\/p>\n\t<p>\n\t\t<a href=\"https:\/\/lp.suno.com.br\/planilha-controle-gastos\/\" target=\"_blank\" data-element=\"shortcode-suno-banner\" title=\"Banner SUNO, clique e saiba mais\">\n\t\t\t<picture>\n\t\t\t\t<source media=\"(max-width: 500px)\" srcset=\"https:\/\/files.sunoresearch.com.br\/n\/uploads\/2023\/03\/400x300-Planilha-controle-de-gastos.png\">\n\t\t\t\t<img class=\"newsContent__article__imgCapa newsContent__article__imgCapa--banner\"\n\t\t\t\t\tsrc=\"https:\/\/files.sunoresearch.com.br\/n\/uploads\/2023\/03\/1420x240-Planilha-controle-de-gastos.png\"\n\t\t\t\t\tdata-promo-id=\"101751\"\t\t\t\t\t\t\t\t\t\twidth='1420' height='240'\t\t\t\t\talt=\"https:\/\/files.sunoresearch.com.br\/n\/uploads\/2023\/03\/1420x240-Planilha-controle-de-gastos.png\"\n\t\t\t\t>\n\t\t\t<\/picture>\n\t\t<\/a>\n\t<\/p>\n\n\n<p>&#8220;Submetida a decis\u00e3o paradigma \u00e0 aprecia\u00e7\u00e3o do <strong>Plen\u00e1rio<\/strong> desta Corte na data de hoje (06.06.2019), o colegiado a referendou parcialmente, afastando a exig\u00eancia de autoriza\u00e7\u00e3o legislativa para a aliena\u00e7\u00e3o do controle das subsidi\u00e1rias e controladas das empresas p\u00fablicas e estatais. Assentou, ainda, que, nesse caso, a opera\u00e7\u00e3o pode ser realizada com dispensa de licita\u00e7\u00e3o, desde que siga procedimento que observe os princ\u00edpios da administra\u00e7\u00e3o p\u00fablica e a garanta a competitividade&#8221;, afirmou.<\/p>\n<p><a href=\"https:\/\/www.suno.com.br\/noticias\/guedes-critica-stf-petrobras-desinvestimentos\/\">Saiba mais: Guedes critica STF em decis\u00e3o sobre Petrobras e defende desinvestimentos\u00a0<\/a><\/p>\n<p>Dessa forma, o despacho de <strong>Fachin<\/strong> torna sem efeito a decis\u00e3o do dia 24 de maio. Na \u00faltima quinta, o presidente da <strong>Engie<\/strong> no Brasil, Maur\u00edcio\u00a0B\u00e4hr, afirmou que o cheque para adquirir a <strong>TAG<\/strong> estava\u00a0\u201cpronto para ser liquidado\u201d, esperando apenas a decis\u00e3o do <strong>Supremo<\/strong>.<\/p>\n<h2>Vit\u00f3ria do governo<\/h2>\n<p>A decis\u00e3o do <strong>STF<\/strong> foi considerada uma vit\u00f3ria para o <strong>governo<\/strong>. A equipe econ\u00f4mica defendia a <strong>flexibiliza\u00e7\u00e3o<\/strong> das regras para a <strong>privatiza\u00e7\u00e3o<\/strong> das estatais. Segundo c\u00e1lculos, o pacote de vendas pode gerar mais de R$ 80 bilh\u00f5es.<\/p>\n\t<p>\n\t\t<a href=\"https:\/\/lp.suno.com.br\/planilha-controle-gastos\/\" target=\"_blank\" data-element=\"shortcode-suno-banner\" title=\"Banner SUNO, clique e saiba mais\">\n\t\t\t<picture>\n\t\t\t\t<source media=\"(max-width: 500px)\" srcset=\"https:\/\/files.sunoresearch.com.br\/n\/uploads\/2023\/03\/400x300-Planilha-controle-de-gastos.png\">\n\t\t\t\t<img class=\"newsContent__article__imgCapa newsContent__article__imgCapa--banner\"\n\t\t\t\t\tsrc=\"https:\/\/files.sunoresearch.com.br\/n\/uploads\/2023\/03\/1420x240-Planilha-controle-de-gastos.png\"\n\t\t\t\t\tdata-promo-id=\"102417\"\t\t\t\t\t\t\t\t\t\twidth='1420' height='240'\t\t\t\t\talt=\"https:\/\/files.sunoresearch.com.br\/n\/uploads\/2023\/03\/1420x240-Planilha-controle-de-gastos.png\"\n\t\t\t\t>\n\t\t\t<\/picture>\n\t\t<\/a>\n\t<\/p>\n\n\n<p>Al\u00e9m disso, o ministro da Economia, <strong>Paulo Guedes<\/strong>, e o advogado-geral da Uni\u00e3o, Andr\u00e9 Mendon\u00e7a, defenderam a possibilidade de o <strong>Executivo<\/strong> se desfazer de empresas estatais sem o aval do <strong>Legislativo<\/strong>. J\u00e1 o ministro de <strong>Minas e Energia<\/strong>, Bento Albuquerque classificou a decis\u00e3o do <strong>Supremo<\/strong> como &#8220;important\u00edssima&#8221;.<\/p>\n<p><a href=\"https:\/\/www.suno.com.br\/noticias\/guedes-critica-stf-petrobras-desinvestimentos\/\">Saiba mais: Guedes critica STF em decis\u00e3o sobre Petrobras e defende desinvestimentos\u00a0<\/a><\/p>\n<p>&#8220;Vai permitir, tamb\u00e9m, para a nossa pol\u00edtica de abertura do mercado de derivados e do g\u00e1s, gerar competitividade e justeza tarif\u00e1ria, fundamental para a retomada do crescimento econ\u00f4mico e industrial do pa\u00eds&#8221;, acrescentou.<\/p>\n","protected":false},"excerpt":{"rendered":"<p>O ministro do Supremo Tribunal Federal (STF), Edson Fachin, suspendeu a liminar que impedia a venda de 90% da Transportadora Associada de G\u00e1s (TAG). A empresa \u00e9 uma subsidi\u00e1ria da Petrobras e foi vendida para o grupo franc\u00eas Engie e o fundo canadense Caisse de D\u00e9p\u00f4t et Placement du Qu\u00e9bec (CDPQ). A negocia\u00e7\u00e3o est\u00e1 avaliada [&hellip;]<\/p>\n","protected":false},"author":14,"featured_media":8591,"comment_status":"closed","ping_status":"closed","sticky":false,"template":"","format":"standard","meta":[],"categories":[64],"tags":[901,595,785,1432],"suno_strategy":[],"class_list":["post-27562","post","type-post","status-publish","format-standard","has-post-thumbnail","hentry","category-negocios","tag-congresso-nacional","tag-petrobras-petr4","tag-supremo-tribunal-federal-stf","tag-tag"],"yoast_head":"<!-- This site is optimized with the Yoast SEO plugin v24.4 - https:\/\/yoast.com\/wordpress\/plugins\/seo\/ -->\n<title>TAG: Fachin suspende liminar e libera venda de subsidi\u00e1ria<\/title>\n<meta name=\"description\" content=\"A decis\u00e3o do ministro Edson Fachin de suspender a venda da TAG foi tomada no dia 24 de maio. Clique aqui para saber mais.\" \/>\n<meta name=\"robots\" content=\"index, follow, max-snippet:-1, max-image-preview:large, max-video-preview:-1\" \/>\n<link rel=\"canonical\" href=\"https:\/\/www.suno.com.br\/noticias\/tag-fachin-suspende-liminar-venda-subsidiaria\/\" \/>\n<meta property=\"og:locale\" content=\"pt_BR\" \/>\n<meta property=\"og:type\" content=\"article\" \/>\n<meta property=\"og:title\" content=\"TAG: Fachin suspende liminar e libera venda de subsidi\u00e1ria\" \/>\n<meta property=\"og:description\" content=\"A decis\u00e3o do ministro Edson Fachin de suspender a venda da TAG foi tomada no dia 24 de maio. Clique aqui para saber mais.\" \/>\n<meta property=\"og:url\" content=\"https:\/\/www.suno.com.br\/noticias\/tag-fachin-suspende-liminar-venda-subsidiaria\/\" \/>\n<meta property=\"og:site_name\" content=\"Suno Not\u00edcias\" \/>\n<meta property=\"article:publisher\" content=\"https:\/\/facebook.com\/sunoresearch\" \/>\n<meta property=\"og:image\" content=\"https:\/\/files.sunoresearch.com.br\/n\/uploads\/2018\/12\/2b3b1e6d-petrobras.jpg\" \/>\n\t<meta property=\"og:image:width\" content=\"4289\" \/>\n\t<meta property=\"og:image:height\" content=\"2848\" \/>\n\t<meta property=\"og:image:type\" content=\"image\/jpeg\" \/>\n<meta name=\"author\" content=\"Renan Dantas\" \/>\n<meta name=\"twitter:card\" content=\"summary_large_image\" \/>\n<meta name=\"twitter:creator\" content=\"@sunoresearch\" \/>\n<meta name=\"twitter:site\" content=\"@sunoresearch\" \/>\n<meta name=\"twitter:label1\" content=\"Escrito por\" \/>\n\t<meta name=\"twitter:data1\" content=\"Renan Dantas\" \/>\n\t<meta name=\"twitter:label2\" content=\"Est. tempo de leitura\" \/>\n\t<meta name=\"twitter:data2\" content=\"3 minutos\" \/>\n<script type=\"application\/ld+json\" class=\"yoast-schema-graph\">{\"@context\":\"https:\/\/schema.org\",\"@graph\":[{\"@type\":\"NewsArticle\",\"@id\":\"https:\/\/www.suno.com.br\/noticias\/tag-fachin-suspende-liminar-venda-subsidiaria\/#article\",\"isPartOf\":{\"@id\":\"https:\/\/www.suno.com.br\/noticias\/tag-fachin-suspende-liminar-venda-subsidiaria\/\"},\"author\":{\"name\":\"Renan Dantas\",\"@id\":\"https:\/\/www.suno.com.br\/noticias\/#\/schema\/person\/3f7693d5795a3f6d5ce15309ee785699\"},\"headline\":\"TAG: Fachin suspende liminar e libera venda de subsidi\u00e1ria\",\"datePublished\":\"2019-06-07T11:04:35+00:00\",\"dateModified\":\"2019-06-07T12:07:10+00:00\",\"mainEntityOfPage\":{\"@id\":\"https:\/\/www.suno.com.br\/noticias\/tag-fachin-suspende-liminar-venda-subsidiaria\/\"},\"wordCount\":610,\"publisher\":{\"@id\":\"https:\/\/www.suno.com.br\/noticias\/#organization\"},\"image\":{\"@id\":\"https:\/\/www.suno.com.br\/noticias\/tag-fachin-suspende-liminar-venda-subsidiaria\/#primaryimage\"},\"thumbnailUrl\":\"https:\/\/files.sunoresearch.com.br\/n\/uploads\/2018\/12\/2b3b1e6d-petrobras-scaled.webp\",\"keywords\":[\"Congresso Nacional\",\"Petrobras (PETR4)\",\"Supremo Tribunal Federal (STF)\",\"TAG\"],\"articleSection\":[\"Neg\u00f3cios\"],\"inLanguage\":\"pt-BR\"},{\"@type\":\"WebPage\",\"@id\":\"https:\/\/www.suno.com.br\/noticias\/tag-fachin-suspende-liminar-venda-subsidiaria\/\",\"url\":\"https:\/\/www.suno.com.br\/noticias\/tag-fachin-suspende-liminar-venda-subsidiaria\/\",\"name\":\"TAG: Fachin suspende liminar e libera venda de subsidi\u00e1ria\",\"isPartOf\":{\"@id\":\"https:\/\/www.suno.com.br\/noticias\/#website\"},\"primaryImageOfPage\":{\"@id\":\"https:\/\/www.suno.com.br\/noticias\/tag-fachin-suspende-liminar-venda-subsidiaria\/#primaryimage\"},\"image\":{\"@id\":\"https:\/\/www.suno.com.br\/noticias\/tag-fachin-suspende-liminar-venda-subsidiaria\/#primaryimage\"},\"thumbnailUrl\":\"https:\/\/files.sunoresearch.com.br\/n\/uploads\/2018\/12\/2b3b1e6d-petrobras-scaled.webp\",\"datePublished\":\"2019-06-07T11:04:35+00:00\",\"dateModified\":\"2019-06-07T12:07:10+00:00\",\"description\":\"A decis\u00e3o do ministro Edson Fachin de suspender a venda da TAG foi tomada no dia 24 de maio. Clique aqui para saber mais.\",\"breadcrumb\":{\"@id\":\"https:\/\/www.suno.com.br\/noticias\/tag-fachin-suspende-liminar-venda-subsidiaria\/#breadcrumb\"},\"inLanguage\":\"pt-BR\",\"potentialAction\":[{\"@type\":\"ReadAction\",\"target\":[\"https:\/\/www.suno.com.br\/noticias\/tag-fachin-suspende-liminar-venda-subsidiaria\/\"]}]},{\"@type\":\"ImageObject\",\"inLanguage\":\"pt-BR\",\"@id\":\"https:\/\/www.suno.com.br\/noticias\/tag-fachin-suspende-liminar-venda-subsidiaria\/#primaryimage\",\"url\":\"https:\/\/files.sunoresearch.com.br\/n\/uploads\/2018\/12\/2b3b1e6d-petrobras-scaled.webp\",\"contentUrl\":\"https:\/\/files.sunoresearch.com.br\/n\/uploads\/2018\/12\/2b3b1e6d-petrobras-scaled.webp\",\"width\":2560,\"height\":1700,\"caption\":\"Petrobras (PETR4) inicia processo de venda do Polo Alagoas\"},{\"@type\":\"BreadcrumbList\",\"@id\":\"https:\/\/www.suno.com.br\/noticias\/tag-fachin-suspende-liminar-venda-subsidiaria\/#breadcrumb\",\"itemListElement\":[{\"@type\":\"ListItem\",\"position\":1,\"name\":\"Not\u00edcias\",\"item\":\"https:\/\/www.suno.com.br\/noticias\/\"},{\"@type\":\"ListItem\",\"position\":2,\"name\":\"Neg\u00f3cios\",\"item\":\"https:\/\/www.suno.com.br\/noticias\/negocios\/\"},{\"@type\":\"ListItem\",\"position\":3,\"name\":\"TAG: Fachin suspende liminar e libera venda de subsidi\u00e1ria\"}]},{\"@type\":\"WebSite\",\"@id\":\"https:\/\/www.suno.com.br\/noticias\/#website\",\"url\":\"https:\/\/www.suno.com.br\/noticias\/\",\"name\":\"Suno Not\u00edcias\",\"description\":\"Seu portal de informa\u00e7\u00e3o sobre o mundo dos investimentos\",\"publisher\":{\"@id\":\"https:\/\/www.suno.com.br\/noticias\/#organization\"},\"potentialAction\":[{\"@type\":\"SearchAction\",\"target\":{\"@type\":\"EntryPoint\",\"urlTemplate\":\"https:\/\/www.suno.com.br\/noticias\/?s={search_term_string}\"},\"query-input\":{\"@type\":\"PropertyValueSpecification\",\"valueRequired\":true,\"valueName\":\"search_term_string\"}}],\"inLanguage\":\"pt-BR\"},{\"@type\":\"Organization\",\"@id\":\"https:\/\/www.suno.com.br\/noticias\/#organization\",\"name\":\"Suno Not\u00edcias\",\"url\":\"https:\/\/www.suno.com.br\/noticias\/\",\"logo\":{\"@type\":\"ImageObject\",\"inLanguage\":\"pt-BR\",\"@id\":\"https:\/\/www.suno.com.br\/noticias\/#\/schema\/logo\/image\/\",\"url\":\"https:\/\/files.sunoresearch.com.br\/n\/uploads\/2021\/09\/suno-logo.png\",\"contentUrl\":\"https:\/\/files.sunoresearch.com.br\/n\/uploads\/2021\/09\/suno-logo.png\",\"width\":180,\"height\":180,\"caption\":\"Suno Not\u00edcias\"},\"image\":{\"@id\":\"https:\/\/www.suno.com.br\/noticias\/#\/schema\/logo\/image\/\"},\"sameAs\":[\"https:\/\/facebook.com\/sunoresearch\",\"https:\/\/x.com\/sunoresearch\",\"https:\/\/www.instagram.com\/suno\",\"https:\/\/www.linkedin.com\/company\/suno-research\/\",\"https:\/\/www.youtube.com\/c\/sunoresearch\"]},{\"@type\":\"Person\",\"@id\":\"https:\/\/www.suno.com.br\/noticias\/#\/schema\/person\/3f7693d5795a3f6d5ce15309ee785699\",\"name\":\"Renan Dantas\",\"image\":{\"@type\":\"ImageObject\",\"inLanguage\":\"pt-BR\",\"@id\":\"https:\/\/www.suno.com.br\/noticias\/#\/schema\/person\/image\/\",\"url\":\"https:\/\/secure.gravatar.com\/avatar\/1787b83e7484a08e51d62ac8b41c8396?s=96&r=g\",\"contentUrl\":\"https:\/\/secure.gravatar.com\/avatar\/1787b83e7484a08e51d62ac8b41c8396?s=96&r=g\",\"caption\":\"Renan Dantas\"},\"description\":\"Escreve sobre pol\u00edtica e mercado financeiro para o portal Suno Not\u00edcias. Antes, atuou na assessoria de comunica\u00e7\u00e3o do Minist\u00e9rio P\u00fablico do Trabalho e na R\u00e1dio Mackenzie, onde apresentava e produzia um programa sobre artistas da m\u00fasica brasileira. \u00c9 estudante na Universidade Presbiteriana Mackenzie.\",\"url\":\"https:\/\/www.suno.com.br\/noticias\/author\/renan-dantas\/\"}]}<\/script>\n<!-- \/ Yoast SEO plugin. -->","yoast_head_json":{"title":"TAG: Fachin suspende liminar e libera venda de subsidi\u00e1ria","description":"A decis\u00e3o do ministro Edson Fachin de suspender a venda da TAG foi tomada no dia 24 de maio. Clique aqui para saber mais.","robots":{"index":"index","follow":"follow","max-snippet":"max-snippet:-1","max-image-preview":"max-image-preview:large","max-video-preview":"max-video-preview:-1"},"canonical":"https:\/\/www.suno.com.br\/noticias\/tag-fachin-suspende-liminar-venda-subsidiaria\/","og_locale":"pt_BR","og_type":"article","og_title":"TAG: Fachin suspende liminar e libera venda de subsidi\u00e1ria","og_description":"A decis\u00e3o do ministro Edson Fachin de suspender a venda da TAG foi tomada no dia 24 de maio. Clique aqui para saber mais.","og_url":"https:\/\/www.suno.com.br\/noticias\/tag-fachin-suspende-liminar-venda-subsidiaria\/","og_site_name":"Suno Not\u00edcias","article_publisher":"https:\/\/facebook.com\/sunoresearch","og_image":[{"width":4289,"height":2848,"url":"https:\/\/files.sunoresearch.com.br\/n\/uploads\/2018\/12\/2b3b1e6d-petrobras.jpg","type":"image\/jpeg"}],"author":"Renan Dantas","twitter_card":"summary_large_image","twitter_creator":"@sunoresearch","twitter_site":"@sunoresearch","twitter_misc":{"Escrito por":"Renan Dantas","Est. tempo de leitura":"3 minutos"},"schema":{"@context":"https:\/\/schema.org","@graph":[{"@type":"NewsArticle","@id":"https:\/\/www.suno.com.br\/noticias\/tag-fachin-suspende-liminar-venda-subsidiaria\/#article","isPartOf":{"@id":"https:\/\/www.suno.com.br\/noticias\/tag-fachin-suspende-liminar-venda-subsidiaria\/"},"author":{"name":"Renan Dantas","@id":"https:\/\/www.suno.com.br\/noticias\/#\/schema\/person\/3f7693d5795a3f6d5ce15309ee785699"},"headline":"TAG: Fachin suspende liminar e libera venda de subsidi\u00e1ria","datePublished":"2019-06-07T11:04:35+00:00","dateModified":"2019-06-07T12:07:10+00:00","mainEntityOfPage":{"@id":"https:\/\/www.suno.com.br\/noticias\/tag-fachin-suspende-liminar-venda-subsidiaria\/"},"wordCount":610,"publisher":{"@id":"https:\/\/www.suno.com.br\/noticias\/#organization"},"image":{"@id":"https:\/\/www.suno.com.br\/noticias\/tag-fachin-suspende-liminar-venda-subsidiaria\/#primaryimage"},"thumbnailUrl":"https:\/\/files.sunoresearch.com.br\/n\/uploads\/2018\/12\/2b3b1e6d-petrobras-scaled.webp","keywords":["Congresso Nacional","Petrobras (PETR4)","Supremo Tribunal Federal (STF)","TAG"],"articleSection":["Neg\u00f3cios"],"inLanguage":"pt-BR"},{"@type":"WebPage","@id":"https:\/\/www.suno.com.br\/noticias\/tag-fachin-suspende-liminar-venda-subsidiaria\/","url":"https:\/\/www.suno.com.br\/noticias\/tag-fachin-suspende-liminar-venda-subsidiaria\/","name":"TAG: Fachin suspende liminar e libera venda de subsidi\u00e1ria","isPartOf":{"@id":"https:\/\/www.suno.com.br\/noticias\/#website"},"primaryImageOfPage":{"@id":"https:\/\/www.suno.com.br\/noticias\/tag-fachin-suspende-liminar-venda-subsidiaria\/#primaryimage"},"image":{"@id":"https:\/\/www.suno.com.br\/noticias\/tag-fachin-suspende-liminar-venda-subsidiaria\/#primaryimage"},"thumbnailUrl":"https:\/\/files.sunoresearch.com.br\/n\/uploads\/2018\/12\/2b3b1e6d-petrobras-scaled.webp","datePublished":"2019-06-07T11:04:35+00:00","dateModified":"2019-06-07T12:07:10+00:00","description":"A decis\u00e3o do ministro Edson Fachin de suspender a venda da TAG foi tomada no dia 24 de maio. Clique aqui para saber mais.","breadcrumb":{"@id":"https:\/\/www.suno.com.br\/noticias\/tag-fachin-suspende-liminar-venda-subsidiaria\/#breadcrumb"},"inLanguage":"pt-BR","potentialAction":[{"@type":"ReadAction","target":["https:\/\/www.suno.com.br\/noticias\/tag-fachin-suspende-liminar-venda-subsidiaria\/"]}]},{"@type":"ImageObject","inLanguage":"pt-BR","@id":"https:\/\/www.suno.com.br\/noticias\/tag-fachin-suspende-liminar-venda-subsidiaria\/#primaryimage","url":"https:\/\/files.sunoresearch.com.br\/n\/uploads\/2018\/12\/2b3b1e6d-petrobras-scaled.webp","contentUrl":"https:\/\/files.sunoresearch.com.br\/n\/uploads\/2018\/12\/2b3b1e6d-petrobras-scaled.webp","width":2560,"height":1700,"caption":"Petrobras (PETR4) inicia processo de venda do Polo Alagoas"},{"@type":"BreadcrumbList","@id":"https:\/\/www.suno.com.br\/noticias\/tag-fachin-suspende-liminar-venda-subsidiaria\/#breadcrumb","itemListElement":[{"@type":"ListItem","position":1,"name":"Not\u00edcias","item":"https:\/\/www.suno.com.br\/noticias\/"},{"@type":"ListItem","position":2,"name":"Neg\u00f3cios","item":"https:\/\/www.suno.com.br\/noticias\/negocios\/"},{"@type":"ListItem","position":3,"name":"TAG: Fachin suspende liminar e libera venda de subsidi\u00e1ria"}]},{"@type":"WebSite","@id":"https:\/\/www.suno.com.br\/noticias\/#website","url":"https:\/\/www.suno.com.br\/noticias\/","name":"Suno Not\u00edcias","description":"Seu portal de informa\u00e7\u00e3o sobre o mundo dos investimentos","publisher":{"@id":"https:\/\/www.suno.com.br\/noticias\/#organization"},"potentialAction":[{"@type":"SearchAction","target":{"@type":"EntryPoint","urlTemplate":"https:\/\/www.suno.com.br\/noticias\/?s={search_term_string}"},"query-input":{"@type":"PropertyValueSpecification","valueRequired":true,"valueName":"search_term_string"}}],"inLanguage":"pt-BR"},{"@type":"Organization","@id":"https:\/\/www.suno.com.br\/noticias\/#organization","name":"Suno Not\u00edcias","url":"https:\/\/www.suno.com.br\/noticias\/","logo":{"@type":"ImageObject","inLanguage":"pt-BR","@id":"https:\/\/www.suno.com.br\/noticias\/#\/schema\/logo\/image\/","url":"https:\/\/files.sunoresearch.com.br\/n\/uploads\/2021\/09\/suno-logo.png","contentUrl":"https:\/\/files.sunoresearch.com.br\/n\/uploads\/2021\/09\/suno-logo.png","width":180,"height":180,"caption":"Suno Not\u00edcias"},"image":{"@id":"https:\/\/www.suno.com.br\/noticias\/#\/schema\/logo\/image\/"},"sameAs":["https:\/\/facebook.com\/sunoresearch","https:\/\/x.com\/sunoresearch","https:\/\/www.instagram.com\/suno","https:\/\/www.linkedin.com\/company\/suno-research\/","https:\/\/www.youtube.com\/c\/sunoresearch"]},{"@type":"Person","@id":"https:\/\/www.suno.com.br\/noticias\/#\/schema\/person\/3f7693d5795a3f6d5ce15309ee785699","name":"Renan Dantas","image":{"@type":"ImageObject","inLanguage":"pt-BR","@id":"https:\/\/www.suno.com.br\/noticias\/#\/schema\/person\/image\/","url":"https:\/\/secure.gravatar.com\/avatar\/1787b83e7484a08e51d62ac8b41c8396?s=96&r=g","contentUrl":"https:\/\/secure.gravatar.com\/avatar\/1787b83e7484a08e51d62ac8b41c8396?s=96&r=g","caption":"Renan Dantas"},"description":"Escreve sobre pol\u00edtica e mercado financeiro para o portal Suno Not\u00edcias. Antes, atuou na assessoria de comunica\u00e7\u00e3o do Minist\u00e9rio P\u00fablico do Trabalho e na R\u00e1dio Mackenzie, onde apresentava e produzia um programa sobre artistas da m\u00fasica brasileira. \u00c9 estudante na Universidade Presbiteriana Mackenzie.","url":"https:\/\/www.suno.com.br\/noticias\/author\/renan-dantas\/"}]}},"default_loop_html":"<div class=\"cardsPage__listCard__boxs\"><div class=\"cardsPage__listCard__boxs__img\"><a href=\"https:\/\/www.suno.com.br\/noticias\/tag-fachin-suspende-liminar-venda-subsidiaria\/\"><img class=\"mask\" src=\"https:\/\/www.suno.com.br\/noticias\/wp-content\/themes\/suno\/resources\/images\/spotlight\/spotlight1img\/bg-mask.png\" alt=\"Image Mask\"\/><img src=\"https:\/\/files.sunoresearch.com.br\/n\/uploads\/2018\/12\/2b3b1e6d-petrobras-400x200.webp\" alt=\"TAG: Fachin suspende liminar e libera venda de subsidi\u00e1ria\"\/><\/a><span class=\"spotlightCategory\"><a href=\"https:\/\/www.suno.com.br\/noticias\/negocios\/\">Neg\u00f3cios<\/a><\/span><\/div><div class=\"cardsPage__listCard__boxs__content\"><a href=\"https:\/\/www.suno.com.br\/noticias\/tag-fachin-suspende-liminar-venda-subsidiaria\/\"><h2 class=\"content__title\">TAG: Fachin suspende liminar e libera venda de subsidi\u00e1ria<\/h2><\/a><div class=\"newsContent__article__meta\"><div class=\"newsContent__article__meta__authorBox\"><a href=\"https:\/\/www.suno.com.br\/noticias\/author\/renan-dantas\/\" class=\"authorBox__avatar noMobi\"><img src=\"https:\/\/secure.gravatar.com\/avatar\/1787b83e7484a08e51d62ac8b41c8396?s=96&#038;r=g\" alt=\"Renan Dantas\"><\/a><div class=\"authorBox__name\"><span>por\n\t\t\t<a href=\"https:\/\/www.suno.com.br\/noticias\/author\/renan-dantas\/\"><span itemprop=\"author\">Renan Dantas<\/span><\/a><\/span><time datetime=\"2019-06-07T08:04:35-03:00\" itemprop=\"datePublished\">07\/06\/2019 08:04<\/time><\/div><\/div><\/div><\/div><\/div>","single_layout":"posts","amp_enabled":true,"_links":{"self":[{"href":"https:\/\/www.suno.com.br\/noticias\/wp-json\/wp\/v2\/posts\/27562"}],"collection":[{"href":"https:\/\/www.suno.com.br\/noticias\/wp-json\/wp\/v2\/posts"}],"about":[{"href":"https:\/\/www.suno.com.br\/noticias\/wp-json\/wp\/v2\/types\/post"}],"author":[{"embeddable":true,"href":"https:\/\/www.suno.com.br\/noticias\/wp-json\/wp\/v2\/users\/14"}],"replies":[{"embeddable":true,"href":"https:\/\/www.suno.com.br\/noticias\/wp-json\/wp\/v2\/comments?post=27562"}],"version-history":[{"count":0,"href":"https:\/\/www.suno.com.br\/noticias\/wp-json\/wp\/v2\/posts\/27562\/revisions"}],"wp:featuredmedia":[{"embeddable":true,"href":"https:\/\/www.suno.com.br\/noticias\/wp-json\/wp\/v2\/media\/8591"}],"wp:attachment":[{"href":"https:\/\/www.suno.com.br\/noticias\/wp-json\/wp\/v2\/media?parent=27562"}],"wp:term":[{"taxonomy":"category","embeddable":true,"href":"https:\/\/www.suno.com.br\/noticias\/wp-json\/wp\/v2\/categories?post=27562"},{"taxonomy":"post_tag","embeddable":true,"href":"https:\/\/www.suno.com.br\/noticias\/wp-json\/wp\/v2\/tags?post=27562"},{"taxonomy":"suno_strategy","embeddable":true,"href":"https:\/\/www.suno.com.br\/noticias\/wp-json\/wp\/v2\/suno_strategy?post=27562"}],"curies":[{"name":"wp","href":"https:\/\/api.w.org\/{rel}","templated":true}]}}