{"id":275610,"date":"2022-07-13T12:08:10","date_gmt":"2022-07-13T15:08:10","guid":{"rendered":"https:\/\/www.suno.com.br\/noticias\/?p=275610"},"modified":"2022-07-13T18:36:46","modified_gmt":"2022-07-13T21:36:46","slug":"ambev-abev3-resultado-2t22-analistas","status":"publish","type":"post","link":"https:\/\/www.suno.com.br\/noticias\/ambev-abev3-resultado-2t22-analistas\/","title":{"rendered":"Ambev (ABEV3) deve ter margens apertadas no 2T22; mas a\u00e7\u00e3o salta 5,6% e lidera altas no Ibovespa"},"content":{"rendered":"<p>O balan\u00e7o da<a href=\"https:\/\/www.suno.com.br\/acoes\/abev3\/\"> <strong>Ambev<\/strong> (ABEV3)<\/a> do segundo trimestre, que ser\u00e1 publicado em 28 de julho, deve mostrar custos em alta e margens pressionadas, e n\u00e3o deve animar os investidores. Al\u00e9m disso, os analistas apontam um cen\u00e1rio de melhora operacional, mas com um macro desafiador. O consenso \u00e9 de que o pre\u00e7o justo para os pap\u00e9is \u00e9 na casa dos R$ 18, segundo estimativas da XP, do Bank of America e do Ita\u00fa BBA.<\/p><div class=\"videoFull videoFull--noRadius\">\n\t\t\t<div class=\"videoWrapper yt-lazyload center\"\n\t\t\t\tdata-width=\"960\"\n\t\t\t\tdata-height=\"540\"\n\t\t\t\tdata-id=\"YdPdDXO46DE\"\n\t\t\t\tdata-alt=\"Veja o Morning Call desta quarta (13\/07)\"\n\t\t\t\tdata-logo=\"3\"\n\t\t\t\tdata-imagequality=\"maxres\">\n\t\t\t<\/div>\n\t\t<\/div><span class=\"videoFull__caption videoFull__caption--show\">Veja o Morning Call desta quarta (13\/07)<p><\/p><\/span><script type=\"application\/ld+json\">{\"@context\":\"https:\/\/schema.org\",\"@type\":\"VideoObject\",\"name\":\"Infla\u00e7\u00e3o nos EUA no foco do mercado | PEC Kamikaze quase aprovada | Vendas do varejo em maio\",\"description\":\"\u2728\ud83d\udd8b\ufe0f\u2728 \ud835\uddd4\ud835\ude00\ud835\ude00\ud835\uddf6\ud835\uddfb\ud835\uddf2 \ud835\uddee \ud835\udde6\ud835\ude02\ud835\uddfb\ud835\uddfc \ud835\uddfd\ud835\uddfc\ud835\uddff \ud835\uddd7\ud835\udde2\ud835\udddc\ud835\udde6 \ud835\uddee\ud835\uddfb\ud835\uddfc\ud835\ude00 \ud835\uddf2 \ud835\uddf4\ud835\uddee\ud835\uddfb\ud835\uddf5\ud835\uddf2 \ud835\uddfa\ud835\uddee\ud835\uddf6\ud835\ude00 \ud835\udde8\ud835\udde0 \ud83d\udc49 https:\/\/lp.suno.com.br\/cl\/masterclass-investidor-suno-pq\/?utm_source=youtube.noticias&utm_medium=video&utm_campaign=RS.IDF22.ns.20220707 \ud83d\udcca \ud835\udc00\ud835\udc29\ud835\udc2b\ud835\udc1e\ud835\udc27\ud835\udc1d\ud835\udc1a \ud835\udc1c\ud835\udc28\ud835\udc26\ud835\udc28 \ud835\udc1a\ud835\udc27\ud835\udc1a\ud835\udc25\ud835\udc22\ud835\udc2c\ud835\udc1a\ud835\udc2b \ud835\udc2e\ud835\udc26\ud835\udc1a \ud835\udc1a\u00e7\u00e3\ud835\udc28 [\ud835\udc04\ud835\udc01\ud835\udc0e\ud835\udc0e\ud835\udc0a \ud835\udc06\ud835\udc11\ud835\udc00\ud835\udc13\ud835\udc14\ud835\udc08\ud835\udc13\ud835\udc0e] \ud83d\udc49 https:\/\/lp.suno.com.br\/ebook-como-analisar-uma-acao\/?utm_source=youtube.noticias&utm_medium=video&utm_campaign=ebookcomoanalisarumaacao.20220307&utm_content= \ud83d\udcda [\ud835\udc04-\ud835\udc1b\ud835\udc28\ud835\udc28\ud835\udc24 \ud835\udc06\ud835\udc2b\ud835\udc1a\ud835\udc2d\ud835\udc2e\ud835\udc22\ud835\udc2d\ud835\udc28] \ud835\udc06\ud835\udc2e\ud835\udc22\ud835\udc1a \ud835\udc02\ud835\udc28\ud835\udc26\ud835\udc29\ud835\udc25\ud835\udc1e\ud835\udc2d\ud835\udc28: \ud835\udc03\ud835\udc22\ud835\udc2f\ud835\udc22\ud835\udc1d\ud835\udc1e\ud835\udc27\ud835\udc1d\ud835\udc28\ud835\udc2c: https:\/\/lp.suno.com.br\/lm\/ebook\/guia-completo-dividendos\/?utm_source=youtube.noticias&utm_medium=video&utm_campaign=ebook-guiacompleto:dividendos.20220315&utm_content= Infla\u00e7\u00e3o nos EUA no foco do mercado | PEC Kamikaze quase aprovada | Vendas do varejo em maio | MORNING CALL | 13\/07 | Quarta-feira\u2026\",\"duration\":\"PT23M46S\",\"embedUrl\":\"https:\/\/www.youtube.com\/embed\/YdPdDXO46DE\",\"regionsAllowed\":\"pt-BR\",\"interactionStatistic\":{\"@type\":\"InteractionCounter\",\"interactionType\":{\"@type\":\"WatchAction\"},\"userInteractionCount\":2197},\"thumbnailUrl\":\"https:\/\/i.ytimg.com\/vi\/YdPdDXO46DE\/default.jpg\",\"uploadDate\":\"2022-07-13T12:27:46Z\"}<\/script>\n\n\t<p>\n\t\t<a href=\"\" target=\"_blank\" data-element=\"shortcode-suno-banner\" title=\"Banner SUNO, clique e saiba mais\">\n\t\t\t<picture>\n\t\t\t\t<source media=\"(max-width: 500px)\" srcset=\"\">\n\t\t\t\t<img class=\"newsContent__article__imgCapa newsContent__article__imgCapa--banner\"\n\t\t\t\t\tsrc=\"\"\n\t\t\t\t\tdata-promo-id=\"138420\"\t\t\t\t\t\t\t\t\t\t\t\t\t\t\talt=\"\"\n\t\t\t\t>\n\t\t\t<\/picture>\n\t\t<\/a>\n\t<\/p>\n\n\n<p>Os pap\u00e9is da Ambev fecharam em alta de 5,6%, \u00e0 frente dos maiores ganhos no Ibovespa hoje &#8212; dia em que a companhia conseguir uma vit\u00f3ria parcial em <a href=\"https:\/\/www.suno.com.br\/noticias\/ambev-abev3-carf-csll-agio-julgamento\/\">caso tribut\u00e1rio de R$ 2 bilh\u00f5es,<\/a> referente \u00e0 cobran\u00e7a de \u00e1gio sob CSLL. O julgamento ocorreu no <a class=\"suno-keyword\" href=\"https:\/\/www.suno.com.br\/artigos\/carf\/\" target=\"_blank\" rel=\"noopener\" data-force=\"no\" data-priority=\"2\">Conselho Administrativo de Recursos Fiscais (Carf)<\/a>.<\/p>\n<p>&#8220;Ap\u00f3s a AmBev apresentar um 1T22 fraco, e apesar de alguns sinais de melhora dos pre\u00e7os das commodities, o <strong>2T22<\/strong> n\u00e3o deve animar os investidores, uma vez que mesmo com crescimento na <a class=\"suno-keyword\" href=\"https:\/\/www.suno.com.br\/artigos\/o-que-receita-liquida\/\" target=\"_blank\" rel=\"noopener\" data-force=\"no\" data-priority=\"1\">receita l\u00edquida<\/a>\/hl, os custos ainda ser\u00e3o um vento contr\u00e1rio, ainda com um aumento nas despesas de SG&amp;A pressionando o resultado final&#8221;, dizem os analistas da XP, Leonardo Alencar e Pedro Fonseca.<\/p>\n<p>&#8220;Esperamos um aumento nas <strong>vendas de cerveja no Brasil<\/strong>, seguindo a tend\u00eancia do setor reportada at\u00e9 maio (\u00edndice IBGE), mas CAC e Canad\u00e1 est\u00e3o atrasados, enquanto LAS \u00e9 misto. Apesar desse gostinho de cerveja choca, a AmBev sempre foi um forte player nas embalagens retorn\u00e1veis, cujas vendas j\u00e1 est\u00e3o acima de 2019, apesar de ainda atr\u00e1s para a garrafa de 600ml&#8221;, seguem.<\/p>\n<p>A an\u00e1lise da corretora aponta que apesar da infla\u00e7\u00e3o em alta, a produ\u00e7\u00e3o de bebidas alco\u00f3licas aumentou nos dois primeiros meses do trimestre, segundo dados do IBGE.<\/p>\n\t<p>\n\t\t<a href=\"https:\/\/lp.suno.com.br\/planilha-controle-gastos\/\" target=\"_blank\" data-element=\"shortcode-suno-banner\" title=\"Banner SUNO, clique e saiba mais\">\n\t\t\t<picture>\n\t\t\t\t<source media=\"(max-width: 500px)\" srcset=\"https:\/\/files.sunoresearch.com.br\/n\/uploads\/2023\/03\/400x300-Planilha-controle-de-gastos.png\">\n\t\t\t\t<img class=\"newsContent__article__imgCapa newsContent__article__imgCapa--banner\"\n\t\t\t\t\tsrc=\"https:\/\/files.sunoresearch.com.br\/n\/uploads\/2023\/03\/1420x240-Planilha-controle-de-gastos.png\"\n\t\t\t\t\tdata-promo-id=\"101751\"\t\t\t\t\t\t\t\t\t\twidth='1420' height='240'\t\t\t\t\talt=\"https:\/\/files.sunoresearch.com.br\/n\/uploads\/2023\/03\/1420x240-Planilha-controle-de-gastos.png\"\n\t\t\t\t>\n\t\t\t<\/picture>\n\t\t<\/a>\n\t<\/p>\n\n\n<p>Desta forma, a estimativa \u00e9 de volumes de venda 10% maiores no comparativo anual, n\u00famero que deve ser impulsionado pela recupera\u00e7\u00e3o do consumo de garrafas retorn\u00e1veis e em ocasi\u00f5es fora de casa (OOH).<\/p>\n<p>&#8220;Estimamos que a AmBev deve superar o setor devido \u00e0s suas s\u00f3lidas <a class=\"suno-keyword\" href=\"https:\/\/www.suno.com.br\/artigos\/duas-empresas-com-vantagens-competitivas-que-pagam-altos-dividendos\/\" target=\"_blank\" rel=\"noopener\" data-force=\"no\" data-priority=\"1\">vantagens competitivas<\/a>, como sua s\u00f3lida capacidade industrial e capilaridade comercial de sua marca, impulsionada pela crescente penetra\u00e7\u00e3o da BEEs no Brasil&#8221;, diz a XP.<\/p>\n<p>J\u00e1 no segmento internacional, a estimativa \u00e9 que as vendas caiam 3% por conta dos &#8220;atrasos&#8221; em pa\u00edses estrangeiros, que por sua vez s\u00e3o ocasionados pelas interrup\u00e7\u00f5es na cadeia de suprimentos (supply chain).<\/p>\n<p>&#8220;No entanto, a receita l\u00edquida\/hl deve aumentar de forma geral, em nossa vis\u00e3o, e, portanto, projetamos receita l\u00edquida acima de 1% no comparativo anual. Por fim, os custos ainda ser\u00e3o um obst\u00e1culo \u00e0s margens nas BUs internacionais, em nossa opini\u00e3o, e, portanto, projetamos que as margens bruta e EBITDA diminuam 160bps e 320bps A\/A, respectivamente&#8221;, pontuam os analistas.<\/p>\n<p>Segundo os analistas da XP Investimentos, a recomenda\u00e7\u00e3o \u00e9 de compra para as <strong>a\u00e7\u00f5es da Ambev<\/strong>, com pre\u00e7o-alvo de R$ 18,80 &#8211; o que representa uma alta de cerca de 30% ante a cota\u00e7\u00e3o atual de ABEV3, de R$ 14,42.<\/p>\n<h2>BofA: Lucro da Ambev crescer\u00e1, mas press\u00e3o de custos e do macro segue<\/h2>\n<p>Os analistas do Bank of America (BofA) miram um pre\u00e7o-alvo de R$ 18, pr\u00f3ximo da XP, mas mant\u00e9m recomenda\u00e7\u00e3o neutra para os pap\u00e9is.<\/p>\n<p>A estimativa da casa \u00e9 de um <a class=\"suno-keyword\" href=\"https:\/\/www.suno.com.br\/artigos\/ebitda-ajustado\/\" target=\"_blank\" rel=\"noopener\" data-force=\"no\" data-priority=\"1\">Ebitda ajustado<\/a> de R$ 4,07 bilh\u00f5es no <strong>2T22 da Ambev<\/strong>.<\/p>\n<p>&#8220;Esperamos que as tend\u00eancias sejam semelhantes \u00e0s observadas no primeiro trimestre, com receita l\u00edquida s\u00f3lida, mas compress\u00e3o de margem devido a custos mais altos por conta das despesas atreladas \u00e0s vendas, gerais e administrativas (SG&amp;A)&#8221;, observam Isabella Simonato e Guilherme Palhares.<\/p>\n<p>A equipe de <a class=\"suno-keyword\" href=\"https:\/\/www.suno.com.br\/artigos\/equity-research\/\" target=\"_blank\" rel=\"noopener\" data-force=\"no\" data-priority=\"1\">equity research<\/a> do BofA projeta um faturamento 8,5% maior do que o 2T21, impulsionado pelas vendas mais volumosas no Brasil &#8211; assim como a XP.<\/p>\n\t<p>\n\t\t<a href=\"https:\/\/lp.suno.com.br\/planilha-da-vida-financeira\/\" target=\"_blank\" data-element=\"shortcode-suno-banner\" title=\"Banner SUNO, clique e saiba mais\">\n\t\t\t<picture>\n\t\t\t\t<source media=\"(max-width: 500px)\" srcset=\"https:\/\/files.sunoresearch.com.br\/n\/uploads\/2023\/04\/400x300-Planilha-vida-financeira-true.png\">\n\t\t\t\t<img class=\"newsContent__article__imgCapa newsContent__article__imgCapa--banner\"\n\t\t\t\t\tsrc=\"https:\/\/files.sunoresearch.com.br\/n\/uploads\/2023\/04\/1420x240-Planilha-vida-financeira-true.png\"\n\t\t\t\t\tdata-promo-id=\"106682\"\t\t\t\t\t\t\t\t\t\twidth='1420' height='240'\t\t\t\t\talt=\"https:\/\/files.sunoresearch.com.br\/n\/uploads\/2023\/04\/1420x240-Planilha-vida-financeira-true.png\"\n\t\t\t\t>\n\t\t\t<\/picture>\n\t\t<\/a>\n\t<\/p>\n\n\n<p>Al\u00e9m disso, a proje\u00e7\u00e3o \u00e9 de R$ 1,8 bilh\u00e3o de <a class=\"suno-keyword\" href=\"https:\/\/www.suno.com.br\/artigos\/lucro-liquido\/\" target=\"_blank\" rel=\"noopener\" data-force=\"no\" data-priority=\"1\">lucro l\u00edquido<\/a> &#8211; cifra 3,8% maior do que o registrado em igual per\u00edodo no ano anterior.<\/p>\n<p>&#8220;Embora a a\u00e7\u00e3o tenha se desvalorizado de abaixo de 20x no <a class=\"suno-keyword\" href=\"https:\/\/www.suno.com.br\/artigos\/preco-lucro\/\" target=\"_blank\" rel=\"noopener\" data-force=\"no\" data-priority=\"1\">pre\u00e7o lucro<\/a> para 18x atuais &#8211; ante 20x hist\u00f3ricos &#8211; mantemos a nossa recomenda\u00e7\u00e3o neutra por conta da perspectiva macro dif\u00edcil no Brasil, moeda local mais fraco e custos ainda altos&#8221;, concluem os analistas do BofA.<\/p>\n<h2>BBA mant\u00e9m cautela e v\u00ea balan\u00e7o do 2T22 melhor<\/h2>\n<p>Em seu parecer, o Ita\u00fa BBA aponta que o mercado ter\u00e1 uma rea\u00e7\u00e3o neutra aos\u00a0<strong>resultados da Ambev no 2T22<\/strong>. A an\u00e1lise de\u00a0Gustavo Troyano mant\u00e9m <a class=\"suno-keyword\" href=\"https:\/\/www.suno.com.br\/artigos\/preco-alvo\/\" target=\"_blank\" rel=\"noopener\" data-force=\"no\" data-priority=\"1\">pre\u00e7o alvo<\/a> de R$ 18 e recomenda\u00e7\u00e3o neutra, tal como a dos analistas do Bank of America.<\/p>\n<p>&#8220;A Ambev deve relatar din\u00e2mica de receita melhor do que o esperado para as vendas de cerveja no Brasil no 2T22, mas as margens EBITDA ainda est\u00e3o atrasadas atraso devido a um aumento significativo no CPV por hectolitro&#8221;, aponta.<\/p>\n\t<p>\n\t\t<a href=\"https:\/\/lp.suno.com.br\/ebook-como-analisar-uma-acao\/\" target=\"_blank\" data-element=\"shortcode-suno-banner\" title=\"Banner SUNO, clique e saiba mais\">\n\t\t\t<picture>\n\t\t\t\t<source media=\"(max-width: 500px)\" srcset=\"https:\/\/files.sunoresearch.com.br\/n\/uploads\/2023\/03\/Ebook-Acoes-Mobile-1.jpg\">\n\t\t\t\t<img class=\"newsContent__article__imgCapa newsContent__article__imgCapa--banner\"\n\t\t\t\t\tsrc=\"https:\/\/files.sunoresearch.com.br\/n\/uploads\/2023\/03\/Ebook-Acoes-Desktop-1.jpg\"\n\t\t\t\t\tdata-promo-id=\"171998\"\t\t\t\t\t\t\t\t\t\twidth='1420' height='286'\t\t\t\t\talt=\"https:\/\/files.sunoresearch.com.br\/n\/uploads\/2023\/03\/Ebook-Acoes-Desktop-1.jpg\"\n\t\t\t\t>\n\t\t\t<\/picture>\n\t\t<\/a>\n\t<\/p>\n\n\n<p>A estimativa \u00e9 que a venda de cerveja no Brasil apresente um desempenho de volume anual acima do consenso, de 5%, com a Ambev ainda ganhando participa\u00e7\u00e3o de mercado.<\/p>\n<p>Al\u00e9m disso, o BBA cita &#8220;pre\u00e7os s\u00f3lidos&#8221;, considerando que o pre\u00e7o de mercado esta est\u00e1vel.<\/p>\n<p>&#8220;A lucratividade deve continuar defasada no 2T22, uma vez que os altos pre\u00e7os das commodities restringem o margens em toda a linha. Projetamos compress\u00e3o da <a class=\"suno-keyword\" href=\"https:\/\/www.suno.com.br\/artigos\/margem-ebitda\/\" target=\"_blank\" rel=\"noopener\" data-force=\"no\" data-priority=\"1\">margem EBITDA<\/a> consolidada de 1,3 pp no comparativo anual. J\u00e1 o EBITDA consolidado dever\u00e1 aumentar 8% em rela\u00e7\u00e3o a igual per\u00edodo do ano anterior, com s\u00f3lido desempenho de receita, compensando a infla\u00e7\u00e3o de custos ao n\u00edvel do EBITDA&#8221;, diz o analista do Ita\u00fa BBA.<\/p>\n<h2>ABEV3 lidera altas no Ibovespa<\/h2>\n<p>No fechamento desta quarta-feira (13) as a\u00e7\u00f5es da <strong>Ambev <\/strong>fecharam com alta de 5,66%, negociadas a R$ 14,57, liderando altas no Ibovespa ap\u00f3<\/p>\n\t<p>\n\t\t<a href=\"https:\/\/lp.suno.com.br\/planilha-de-controle-de-investimentos\/\" target=\"_blank\" data-element=\"shortcode-suno-banner\" title=\"Banner SUNO, clique e saiba mais\">\n\t\t\t<picture>\n\t\t\t\t<source media=\"(max-width: 500px)\" srcset=\"https:\/\/files.sunoresearch.com.br\/n\/uploads\/2023\/03\/400x300-Controle-de-Investimentos.png\">\n\t\t\t\t<img class=\"newsContent__article__imgCapa newsContent__article__imgCapa--banner\"\n\t\t\t\t\tsrc=\"https:\/\/files.sunoresearch.com.br\/n\/uploads\/2023\/03\/1420x240-Controle-de-Investimentos.png\"\n\t\t\t\t\tdata-promo-id=\"75934\"\t\t\t\t\t\t\t\t\t\twidth='1420' height='240'\t\t\t\t\talt=\"https:\/\/files.sunoresearch.com.br\/n\/uploads\/2023\/03\/1420x240-Controle-de-Investimentos.png\"\n\t\t\t\t>\n\t\t\t<\/picture>\n\t\t<\/a>\n\t<\/p>\n\n\n","protected":false},"excerpt":{"rendered":"<p>O balan\u00e7o da Ambev (ABEV3) do segundo trimestre, que ser\u00e1 publicado em 28 de julho, deve mostrar custos em alta e margens pressionadas, e n\u00e3o deve animar os investidores. Al\u00e9m disso, os analistas apontam um cen\u00e1rio de melhora operacional, mas com um macro desafiador. O consenso \u00e9 de que o pre\u00e7o justo para os pap\u00e9is [&hellip;]<\/p>\n","protected":false},"author":73,"featured_media":223172,"comment_status":"closed","ping_status":"closed","sticky":false,"template":"","format":"standard","meta":[],"categories":[64],"tags":[359,105816],"suno_strategy":[],"class_list":["post-275610","post","type-post","status-publish","format-standard","has-post-thumbnail","hentry","category-negocios","tag-ambev-abev3","tag-especialistas"],"yoast_head":"<!-- This site is optimized with the Yoast SEO plugin v24.4 - https:\/\/yoast.com\/wordpress\/plugins\/seo\/ -->\n<title>Ambev (ABEV3): Veja as expectativas dos analistas para o 2T22<\/title>\n<meta name=\"description\" content=\"An\u00e1lises apontam melhora na receita no Ebitda, mas mostram que a Ambev ainda ter\u00e1 margens pressionadas. Clique aqui e leia mais!\" \/>\n<meta name=\"robots\" content=\"index, follow, max-snippet:-1, max-image-preview:large, max-video-preview:-1\" \/>\n<link rel=\"canonical\" href=\"https:\/\/www.suno.com.br\/noticias\/ambev-abev3-resultado-2t22-analistas\/\" \/>\n<meta property=\"og:locale\" content=\"pt_BR\" \/>\n<meta property=\"og:type\" content=\"article\" \/>\n<meta property=\"og:title\" content=\"Ambev (ABEV3): Veja as expectativas dos analistas para o 2T22\" \/>\n<meta property=\"og:description\" content=\"An\u00e1lises apontam melhora na receita no Ebitda, mas mostram que a Ambev ainda ter\u00e1 margens pressionadas. Clique aqui e leia mais!\" \/>\n<meta property=\"og:url\" content=\"https:\/\/www.suno.com.br\/noticias\/ambev-abev3-resultado-2t22-analistas\/\" \/>\n<meta property=\"og:site_name\" content=\"Suno Not\u00edcias\" \/>\n<meta property=\"article:publisher\" content=\"https:\/\/facebook.com\/sunoresearch\" \/>\n<meta property=\"og:image\" content=\"https:\/\/files.sunoresearch.com.br\/n\/uploads\/2022\/01\/ambev.jpg\" \/>\n\t<meta property=\"og:image:width\" content=\"1200\" \/>\n\t<meta property=\"og:image:height\" content=\"676\" \/>\n\t<meta property=\"og:image:type\" content=\"image\/jpeg\" \/>\n<meta name=\"author\" content=\"Eduardo Vargas\" \/>\n<meta name=\"twitter:card\" content=\"summary_large_image\" \/>\n<meta name=\"twitter:creator\" content=\"@sunoresearch\" \/>\n<meta name=\"twitter:site\" content=\"@sunoresearch\" \/>\n<meta name=\"twitter:label1\" content=\"Escrito por\" \/>\n\t<meta name=\"twitter:data1\" content=\"Eduardo Vargas\" \/>\n\t<meta name=\"twitter:label2\" content=\"Est. tempo de leitura\" \/>\n\t<meta name=\"twitter:data2\" content=\"6 minutos\" \/>\n<script type=\"application\/ld+json\" class=\"yoast-schema-graph\">{\"@context\":\"https:\/\/schema.org\",\"@graph\":[{\"@type\":\"NewsArticle\",\"@id\":\"https:\/\/www.suno.com.br\/noticias\/ambev-abev3-resultado-2t22-analistas\/#article\",\"isPartOf\":{\"@id\":\"https:\/\/www.suno.com.br\/noticias\/ambev-abev3-resultado-2t22-analistas\/\"},\"author\":{\"name\":\"Eduardo Vargas\",\"@id\":\"https:\/\/www.suno.com.br\/noticias\/#\/schema\/person\/7f4d362bf3518e76090143ae77bb49a5\"},\"headline\":\"Ambev (ABEV3) deve ter margens apertadas no 2T22; mas a\u00e7\u00e3o salta 5,6% e lidera altas no Ibovespa\",\"datePublished\":\"2022-07-13T15:08:10+00:00\",\"dateModified\":\"2022-07-13T21:36:46+00:00\",\"mainEntityOfPage\":{\"@id\":\"https:\/\/www.suno.com.br\/noticias\/ambev-abev3-resultado-2t22-analistas\/\"},\"wordCount\":998,\"publisher\":{\"@id\":\"https:\/\/www.suno.com.br\/noticias\/#organization\"},\"image\":{\"@id\":\"https:\/\/www.suno.com.br\/noticias\/ambev-abev3-resultado-2t22-analistas\/#primaryimage\"},\"thumbnailUrl\":\"https:\/\/files.sunoresearch.com.br\/n\/uploads\/2022\/01\/ambev.jpg\",\"keywords\":[\"AMBEV (ABEV3)\",\"Especialistas\"],\"articleSection\":[\"Neg\u00f3cios\"],\"inLanguage\":\"pt-BR\"},{\"@type\":\"WebPage\",\"@id\":\"https:\/\/www.suno.com.br\/noticias\/ambev-abev3-resultado-2t22-analistas\/\",\"url\":\"https:\/\/www.suno.com.br\/noticias\/ambev-abev3-resultado-2t22-analistas\/\",\"name\":\"Ambev (ABEV3): Veja as expectativas dos analistas para o 2T22\",\"isPartOf\":{\"@id\":\"https:\/\/www.suno.com.br\/noticias\/#website\"},\"primaryImageOfPage\":{\"@id\":\"https:\/\/www.suno.com.br\/noticias\/ambev-abev3-resultado-2t22-analistas\/#primaryimage\"},\"image\":{\"@id\":\"https:\/\/www.suno.com.br\/noticias\/ambev-abev3-resultado-2t22-analistas\/#primaryimage\"},\"thumbnailUrl\":\"https:\/\/files.sunoresearch.com.br\/n\/uploads\/2022\/01\/ambev.jpg\",\"datePublished\":\"2022-07-13T15:08:10+00:00\",\"dateModified\":\"2022-07-13T21:36:46+00:00\",\"description\":\"An\u00e1lises apontam melhora na receita no Ebitda, mas mostram que a Ambev ainda ter\u00e1 margens pressionadas. Clique aqui e leia mais!\",\"breadcrumb\":{\"@id\":\"https:\/\/www.suno.com.br\/noticias\/ambev-abev3-resultado-2t22-analistas\/#breadcrumb\"},\"inLanguage\":\"pt-BR\",\"potentialAction\":[{\"@type\":\"ReadAction\",\"target\":[\"https:\/\/www.suno.com.br\/noticias\/ambev-abev3-resultado-2t22-analistas\/\"]}]},{\"@type\":\"ImageObject\",\"inLanguage\":\"pt-BR\",\"@id\":\"https:\/\/www.suno.com.br\/noticias\/ambev-abev3-resultado-2t22-analistas\/#primaryimage\",\"url\":\"https:\/\/files.sunoresearch.com.br\/n\/uploads\/2022\/01\/ambev.jpg\",\"contentUrl\":\"https:\/\/files.sunoresearch.com.br\/n\/uploads\/2022\/01\/ambev.jpg\",\"width\":1200,\"height\":676,\"caption\":\"Ambev (ABEV3). Foto: Divulga\u00e7\u00e3o\"},{\"@type\":\"BreadcrumbList\",\"@id\":\"https:\/\/www.suno.com.br\/noticias\/ambev-abev3-resultado-2t22-analistas\/#breadcrumb\",\"itemListElement\":[{\"@type\":\"ListItem\",\"position\":1,\"name\":\"Not\u00edcias\",\"item\":\"https:\/\/www.suno.com.br\/noticias\/\"},{\"@type\":\"ListItem\",\"position\":2,\"name\":\"Neg\u00f3cios\",\"item\":\"https:\/\/www.suno.com.br\/noticias\/negocios\/\"},{\"@type\":\"ListItem\",\"position\":3,\"name\":\"Ambev (ABEV3) deve ter margens apertadas no 2T22; mas a\u00e7\u00e3o salta 5,6% e lidera altas no Ibovespa\"}]},{\"@type\":\"WebSite\",\"@id\":\"https:\/\/www.suno.com.br\/noticias\/#website\",\"url\":\"https:\/\/www.suno.com.br\/noticias\/\",\"name\":\"Suno Not\u00edcias\",\"description\":\"Seu portal de informa\u00e7\u00e3o sobre o mundo dos investimentos\",\"publisher\":{\"@id\":\"https:\/\/www.suno.com.br\/noticias\/#organization\"},\"potentialAction\":[{\"@type\":\"SearchAction\",\"target\":{\"@type\":\"EntryPoint\",\"urlTemplate\":\"https:\/\/www.suno.com.br\/noticias\/?s={search_term_string}\"},\"query-input\":{\"@type\":\"PropertyValueSpecification\",\"valueRequired\":true,\"valueName\":\"search_term_string\"}}],\"inLanguage\":\"pt-BR\"},{\"@type\":\"Organization\",\"@id\":\"https:\/\/www.suno.com.br\/noticias\/#organization\",\"name\":\"Suno Not\u00edcias\",\"url\":\"https:\/\/www.suno.com.br\/noticias\/\",\"logo\":{\"@type\":\"ImageObject\",\"inLanguage\":\"pt-BR\",\"@id\":\"https:\/\/www.suno.com.br\/noticias\/#\/schema\/logo\/image\/\",\"url\":\"https:\/\/files.sunoresearch.com.br\/n\/uploads\/2021\/09\/suno-logo.png\",\"contentUrl\":\"https:\/\/files.sunoresearch.com.br\/n\/uploads\/2021\/09\/suno-logo.png\",\"width\":180,\"height\":180,\"caption\":\"Suno Not\u00edcias\"},\"image\":{\"@id\":\"https:\/\/www.suno.com.br\/noticias\/#\/schema\/logo\/image\/\"},\"sameAs\":[\"https:\/\/facebook.com\/sunoresearch\",\"https:\/\/x.com\/sunoresearch\",\"https:\/\/www.instagram.com\/suno\",\"https:\/\/www.linkedin.com\/company\/suno-research\/\",\"https:\/\/www.youtube.com\/c\/sunoresearch\"]},{\"@type\":\"Person\",\"@id\":\"https:\/\/www.suno.com.br\/noticias\/#\/schema\/person\/7f4d362bf3518e76090143ae77bb49a5\",\"name\":\"Eduardo Vargas\",\"image\":{\"@type\":\"ImageObject\",\"inLanguage\":\"pt-BR\",\"@id\":\"https:\/\/www.suno.com.br\/noticias\/#\/schema\/person\/image\/\",\"url\":\"https:\/\/secure.gravatar.com\/avatar\/dac340933427a22924c9f99d1eb2e3f2?s=96&r=g\",\"contentUrl\":\"https:\/\/secure.gravatar.com\/avatar\/dac340933427a22924c9f99d1eb2e3f2?s=96&r=g\",\"caption\":\"Eduardo Vargas\"},\"description\":\"Jornalista formado pela UFSC, cobre macroeconomia, neg\u00f3cios e startups para o Suno Not\u00edcias, escrevendo principalmente not\u00edcias sobre o mercado financeiro e a bolsa de valores. No YouTube e no Instagram, \u00e9 respons\u00e1vel pela produ\u00e7\u00e3o de Reels e Shorts do Suno Not\u00edcias. Anteriormente, trabalhou cobrindo economia e cotidiano no ND+ e para o ND, maior jornal impresso de Santa Catarina. Cursou um semestre letivo de Estudos de M\u00eddia na Universidad de Buenos Aires.\",\"url\":\"https:\/\/www.suno.com.br\/noticias\/author\/eduardo-vargas\/\"}]}<\/script>\n<!-- \/ Yoast SEO plugin. -->","yoast_head_json":{"title":"Ambev (ABEV3): Veja as expectativas dos analistas para o 2T22","description":"An\u00e1lises apontam melhora na receita no Ebitda, mas mostram que a Ambev ainda ter\u00e1 margens pressionadas. Clique aqui e leia mais!","robots":{"index":"index","follow":"follow","max-snippet":"max-snippet:-1","max-image-preview":"max-image-preview:large","max-video-preview":"max-video-preview:-1"},"canonical":"https:\/\/www.suno.com.br\/noticias\/ambev-abev3-resultado-2t22-analistas\/","og_locale":"pt_BR","og_type":"article","og_title":"Ambev (ABEV3): Veja as expectativas dos analistas para o 2T22","og_description":"An\u00e1lises apontam melhora na receita no Ebitda, mas mostram que a Ambev ainda ter\u00e1 margens pressionadas. Clique aqui e leia mais!","og_url":"https:\/\/www.suno.com.br\/noticias\/ambev-abev3-resultado-2t22-analistas\/","og_site_name":"Suno Not\u00edcias","article_publisher":"https:\/\/facebook.com\/sunoresearch","og_image":[{"width":1200,"height":676,"url":"https:\/\/files.sunoresearch.com.br\/n\/uploads\/2022\/01\/ambev.jpg","type":"image\/jpeg"}],"author":"Eduardo Vargas","twitter_card":"summary_large_image","twitter_creator":"@sunoresearch","twitter_site":"@sunoresearch","twitter_misc":{"Escrito por":"Eduardo Vargas","Est. tempo de leitura":"6 minutos"},"schema":{"@context":"https:\/\/schema.org","@graph":[{"@type":"NewsArticle","@id":"https:\/\/www.suno.com.br\/noticias\/ambev-abev3-resultado-2t22-analistas\/#article","isPartOf":{"@id":"https:\/\/www.suno.com.br\/noticias\/ambev-abev3-resultado-2t22-analistas\/"},"author":{"name":"Eduardo Vargas","@id":"https:\/\/www.suno.com.br\/noticias\/#\/schema\/person\/7f4d362bf3518e76090143ae77bb49a5"},"headline":"Ambev (ABEV3) deve ter margens apertadas no 2T22; mas a\u00e7\u00e3o salta 5,6% e lidera altas no Ibovespa","datePublished":"2022-07-13T15:08:10+00:00","dateModified":"2022-07-13T21:36:46+00:00","mainEntityOfPage":{"@id":"https:\/\/www.suno.com.br\/noticias\/ambev-abev3-resultado-2t22-analistas\/"},"wordCount":998,"publisher":{"@id":"https:\/\/www.suno.com.br\/noticias\/#organization"},"image":{"@id":"https:\/\/www.suno.com.br\/noticias\/ambev-abev3-resultado-2t22-analistas\/#primaryimage"},"thumbnailUrl":"https:\/\/files.sunoresearch.com.br\/n\/uploads\/2022\/01\/ambev.jpg","keywords":["AMBEV (ABEV3)","Especialistas"],"articleSection":["Neg\u00f3cios"],"inLanguage":"pt-BR"},{"@type":"WebPage","@id":"https:\/\/www.suno.com.br\/noticias\/ambev-abev3-resultado-2t22-analistas\/","url":"https:\/\/www.suno.com.br\/noticias\/ambev-abev3-resultado-2t22-analistas\/","name":"Ambev (ABEV3): Veja as expectativas dos analistas para o 2T22","isPartOf":{"@id":"https:\/\/www.suno.com.br\/noticias\/#website"},"primaryImageOfPage":{"@id":"https:\/\/www.suno.com.br\/noticias\/ambev-abev3-resultado-2t22-analistas\/#primaryimage"},"image":{"@id":"https:\/\/www.suno.com.br\/noticias\/ambev-abev3-resultado-2t22-analistas\/#primaryimage"},"thumbnailUrl":"https:\/\/files.sunoresearch.com.br\/n\/uploads\/2022\/01\/ambev.jpg","datePublished":"2022-07-13T15:08:10+00:00","dateModified":"2022-07-13T21:36:46+00:00","description":"An\u00e1lises apontam melhora na receita no Ebitda, mas mostram que a Ambev ainda ter\u00e1 margens pressionadas. Clique aqui e leia mais!","breadcrumb":{"@id":"https:\/\/www.suno.com.br\/noticias\/ambev-abev3-resultado-2t22-analistas\/#breadcrumb"},"inLanguage":"pt-BR","potentialAction":[{"@type":"ReadAction","target":["https:\/\/www.suno.com.br\/noticias\/ambev-abev3-resultado-2t22-analistas\/"]}]},{"@type":"ImageObject","inLanguage":"pt-BR","@id":"https:\/\/www.suno.com.br\/noticias\/ambev-abev3-resultado-2t22-analistas\/#primaryimage","url":"https:\/\/files.sunoresearch.com.br\/n\/uploads\/2022\/01\/ambev.jpg","contentUrl":"https:\/\/files.sunoresearch.com.br\/n\/uploads\/2022\/01\/ambev.jpg","width":1200,"height":676,"caption":"Ambev (ABEV3). Foto: Divulga\u00e7\u00e3o"},{"@type":"BreadcrumbList","@id":"https:\/\/www.suno.com.br\/noticias\/ambev-abev3-resultado-2t22-analistas\/#breadcrumb","itemListElement":[{"@type":"ListItem","position":1,"name":"Not\u00edcias","item":"https:\/\/www.suno.com.br\/noticias\/"},{"@type":"ListItem","position":2,"name":"Neg\u00f3cios","item":"https:\/\/www.suno.com.br\/noticias\/negocios\/"},{"@type":"ListItem","position":3,"name":"Ambev (ABEV3) deve ter margens apertadas no 2T22; mas a\u00e7\u00e3o salta 5,6% e lidera altas no Ibovespa"}]},{"@type":"WebSite","@id":"https:\/\/www.suno.com.br\/noticias\/#website","url":"https:\/\/www.suno.com.br\/noticias\/","name":"Suno Not\u00edcias","description":"Seu portal de informa\u00e7\u00e3o sobre o mundo dos investimentos","publisher":{"@id":"https:\/\/www.suno.com.br\/noticias\/#organization"},"potentialAction":[{"@type":"SearchAction","target":{"@type":"EntryPoint","urlTemplate":"https:\/\/www.suno.com.br\/noticias\/?s={search_term_string}"},"query-input":{"@type":"PropertyValueSpecification","valueRequired":true,"valueName":"search_term_string"}}],"inLanguage":"pt-BR"},{"@type":"Organization","@id":"https:\/\/www.suno.com.br\/noticias\/#organization","name":"Suno Not\u00edcias","url":"https:\/\/www.suno.com.br\/noticias\/","logo":{"@type":"ImageObject","inLanguage":"pt-BR","@id":"https:\/\/www.suno.com.br\/noticias\/#\/schema\/logo\/image\/","url":"https:\/\/files.sunoresearch.com.br\/n\/uploads\/2021\/09\/suno-logo.png","contentUrl":"https:\/\/files.sunoresearch.com.br\/n\/uploads\/2021\/09\/suno-logo.png","width":180,"height":180,"caption":"Suno Not\u00edcias"},"image":{"@id":"https:\/\/www.suno.com.br\/noticias\/#\/schema\/logo\/image\/"},"sameAs":["https:\/\/facebook.com\/sunoresearch","https:\/\/x.com\/sunoresearch","https:\/\/www.instagram.com\/suno","https:\/\/www.linkedin.com\/company\/suno-research\/","https:\/\/www.youtube.com\/c\/sunoresearch"]},{"@type":"Person","@id":"https:\/\/www.suno.com.br\/noticias\/#\/schema\/person\/7f4d362bf3518e76090143ae77bb49a5","name":"Eduardo Vargas","image":{"@type":"ImageObject","inLanguage":"pt-BR","@id":"https:\/\/www.suno.com.br\/noticias\/#\/schema\/person\/image\/","url":"https:\/\/secure.gravatar.com\/avatar\/dac340933427a22924c9f99d1eb2e3f2?s=96&r=g","contentUrl":"https:\/\/secure.gravatar.com\/avatar\/dac340933427a22924c9f99d1eb2e3f2?s=96&r=g","caption":"Eduardo Vargas"},"description":"Jornalista formado pela UFSC, cobre macroeconomia, neg\u00f3cios e startups para o Suno Not\u00edcias, escrevendo principalmente not\u00edcias sobre o mercado financeiro e a bolsa de valores. No YouTube e no Instagram, \u00e9 respons\u00e1vel pela produ\u00e7\u00e3o de Reels e Shorts do Suno Not\u00edcias. Anteriormente, trabalhou cobrindo economia e cotidiano no ND+ e para o ND, maior jornal impresso de Santa Catarina. Cursou um semestre letivo de Estudos de M\u00eddia na Universidad de Buenos Aires.","url":"https:\/\/www.suno.com.br\/noticias\/author\/eduardo-vargas\/"}]}},"default_loop_html":"<div class=\"cardsPage__listCard__boxs\"><div class=\"cardsPage__listCard__boxs__img\"><a href=\"https:\/\/www.suno.com.br\/noticias\/ambev-abev3-resultado-2t22-analistas\/\"><img class=\"mask\" src=\"https:\/\/www.suno.com.br\/noticias\/wp-content\/themes\/suno\/resources\/images\/spotlight\/spotlight1img\/bg-mask.png\" alt=\"Image Mask\"\/><img src=\"https:\/\/files.sunoresearch.com.br\/n\/uploads\/2022\/01\/ambev-400x200.jpg\" alt=\"Ambev (ABEV3) deve ter margens apertadas no 2T22; mas a\u00e7\u00e3o salta 5,6% e lidera altas no Ibovespa\"\/><\/a><span class=\"spotlightCategory\"><a href=\"https:\/\/www.suno.com.br\/noticias\/negocios\/\">Neg\u00f3cios<\/a><\/span><\/div><div class=\"cardsPage__listCard__boxs__content\"><a href=\"https:\/\/www.suno.com.br\/noticias\/ambev-abev3-resultado-2t22-analistas\/\"><h2 class=\"content__title\">Ambev (ABEV3) deve ter margens apertadas no 2T22; mas a\u00e7\u00e3o salta 5,6% e lidera altas no Ibovespa<\/h2><\/a><div class=\"newsContent__article__meta\"><div class=\"newsContent__article__meta__authorBox\"><a href=\"https:\/\/www.suno.com.br\/noticias\/author\/eduardo-vargas\/\" class=\"authorBox__avatar noMobi\"><img src=\"https:\/\/secure.gravatar.com\/avatar\/dac340933427a22924c9f99d1eb2e3f2?s=96&#038;r=g\" alt=\"Eduardo Vargas\"><\/a><div class=\"authorBox__name\"><span>por\n\t\t\t<a href=\"https:\/\/www.suno.com.br\/noticias\/author\/eduardo-vargas\/\"><span itemprop=\"author\">Eduardo Vargas<\/span><\/a><\/span><time datetime=\"2022-07-13T12:08:10-03:00\" itemprop=\"datePublished\">13\/07\/2022 12:08<\/time><\/div><\/div><\/div><\/div><\/div>","single_layout":"posts","amp_enabled":true,"_links":{"self":[{"href":"https:\/\/www.suno.com.br\/noticias\/wp-json\/wp\/v2\/posts\/275610"}],"collection":[{"href":"https:\/\/www.suno.com.br\/noticias\/wp-json\/wp\/v2\/posts"}],"about":[{"href":"https:\/\/www.suno.com.br\/noticias\/wp-json\/wp\/v2\/types\/post"}],"author":[{"embeddable":true,"href":"https:\/\/www.suno.com.br\/noticias\/wp-json\/wp\/v2\/users\/73"}],"replies":[{"embeddable":true,"href":"https:\/\/www.suno.com.br\/noticias\/wp-json\/wp\/v2\/comments?post=275610"}],"version-history":[{"count":4,"href":"https:\/\/www.suno.com.br\/noticias\/wp-json\/wp\/v2\/posts\/275610\/revisions"}],"predecessor-version":[{"id":275805,"href":"https:\/\/www.suno.com.br\/noticias\/wp-json\/wp\/v2\/posts\/275610\/revisions\/275805"}],"wp:featuredmedia":[{"embeddable":true,"href":"https:\/\/www.suno.com.br\/noticias\/wp-json\/wp\/v2\/media\/223172"}],"wp:attachment":[{"href":"https:\/\/www.suno.com.br\/noticias\/wp-json\/wp\/v2\/media?parent=275610"}],"wp:term":[{"taxonomy":"category","embeddable":true,"href":"https:\/\/www.suno.com.br\/noticias\/wp-json\/wp\/v2\/categories?post=275610"},{"taxonomy":"post_tag","embeddable":true,"href":"https:\/\/www.suno.com.br\/noticias\/wp-json\/wp\/v2\/tags?post=275610"},{"taxonomy":"suno_strategy","embeddable":true,"href":"https:\/\/www.suno.com.br\/noticias\/wp-json\/wp\/v2\/suno_strategy?post=275610"}],"curies":[{"name":"wp","href":"https:\/\/api.w.org\/{rel}","templated":true}]}}