{"id":275602,"date":"2022-07-13T11:15:43","date_gmt":"2022-07-13T14:15:43","guid":{"rendered":"https:\/\/www.suno.com.br\/noticias\/?p=275602"},"modified":"2022-07-13T11:15:43","modified_gmt":"2022-07-13T14:15:43","slug":"ambev-abev3-carf-csll-agio-julgamento","status":"publish","type":"post","link":"https:\/\/www.suno.com.br\/noticias\/ambev-abev3-carf-csll-agio-julgamento\/","title":{"rendered":"Ambev (ABEV3) tem vit\u00f3ria parcial em caso tribut\u00e1rio de R$ 2 bilh\u00f5es"},"content":{"rendered":"<p>Em julgamento na C\u00e2mara Superior do <a class=\"suno-keyword\" href=\"https:\/\/www.suno.com.br\/artigos\/carf\/\" target=\"_blank\" rel=\"noopener\" data-force=\"no\" data-priority=\"2\">Conselho Administrativo de Recursos Fiscais (Carf)<\/a>, cinco dos oito conselheiros decidiram pelo entendimento de que \u00e9 necess\u00e1ria uma previs\u00e3o legal para autorizar a amortiza\u00e7\u00e3o da base de <a href=\"https:\/\/www.suno.com.br\/artigos\/csll\/\">c\u00e1lculo da CSLL<\/a>. O pleito era de uma autua\u00e7\u00e3o da Fazenda Nacional contra a <a class=\"suno-keyword\" href=\"https:\/\/www.suno.com.br\/acoes\/ABEV3\/\" target=\"_blank\" rel=\"noopener\" data-force=\"yes\" data-priority=\"2\"><strong>Ambev<\/strong> (ABEV3)<\/a>.<\/p>\t<div class=\"wrapper-featured-image\">\n\t\t<figure class=\"spotlightImg\">\n\n\t\t\t<picture>\n\t\t\t\t<source media=\"(max-width: 768px)\" srcset=\"https:\/\/files.sunoresearch.com.br\/n\/uploads\/2021\/07\/67c033e6-ambev-distribuicao-400x200.jpg\">\n\t\t\t\t<img loading=\"lazy\" decoding=\"async\" class=\"newsContent__article__imgCapa lazyloadDisabled \" src=\"https:\/\/files.sunoresearch.com.br\/n\/uploads\/2021\/07\/67c033e6-ambev-distribuicao-800x450.jpg\" width=\"800\" height=\"450\" alt=\"Ambev (ABEV3) tem vit\u00f3ria parcial em caso tribut\u00e1rio de R$ 2 bilh\u00f5es\" fetchpriority=high \/>\n\t\t\t<\/picture>\n\n\t\t\t<figcaption class=\"wp-caption-text wp-caption-text--show\">Ambev (ABEV3). Foto: Divulga\u00e7\u00e3o<\/figcaption>\n\t\t<\/figure>\n\t<\/div>\n\n\n\t<p>\n\t\t<a href=\"\" target=\"_blank\" data-element=\"shortcode-suno-banner\" title=\"Banner SUNO, clique e saiba mais\">\n\t\t\t<picture>\n\t\t\t\t<source media=\"(max-width: 500px)\" srcset=\"\">\n\t\t\t\t<img class=\"newsContent__article__imgCapa newsContent__article__imgCapa--banner\"\n\t\t\t\t\tsrc=\"\"\n\t\t\t\t\tdata-promo-id=\"138420\"\t\t\t\t\t\t\t\t\t\t\t\t\t\t\talt=\"\"\n\t\t\t\t>\n\t\t\t<\/picture>\n\t\t<\/a>\n\t<\/p>\n\n\n<p>A discuss\u00e3o sobre a Ambev, assim, poderia abrir uma nova <strong>jurisprud\u00eancia<\/strong> e mudar o regime de abatimento de despesa de outras companhias.<\/p>\n<p>Os <a href=\"http:\/\/idg.carf.fazenda.gov.br\/\"><strong>conselheiros do Carf<\/strong> <\/a>s\u00f3 discutiram esse ponto na sess\u00e3o de julgamento e optaram tamb\u00e9m por manter a decis\u00e3o pr\u00e9via, de cancelar parte de autua\u00e7\u00e3o de R$ 2 bilh\u00f5es recebida pela Ambev.<\/p>\n<p>Isso pois o julgamento ocorreu na \u00faltima inst\u00e2ncia do Carf, a 1\u00aa Turma da C\u00e2mara Superior, a \u00faltima inst\u00e2ncia do Carf.<\/p>\n<p>Desta forma, a <strong>d\u00edvida bilion\u00e1ria da Ambev<\/strong> deve ser cancelada parcialmente por conta do \u00e1gio referente ao CSLL.<\/p>\n<p>Todo esse imbr\u00f3glio \u00e9 fruto de uma autua\u00e7\u00e3o pois, entre 2007 e 2012, a <strong><a class=\"suno-keyword\" href=\"https:\/\/www.suno.com.br\/artigos\/receita-federal\/\" target=\"_blank\" rel=\"noopener\" data-force=\"no\" data-priority=\"3\">Receita Federal<\/a> <\/strong>realizou a cobran\u00e7a de Imposto de Renda (IRPJ) e CSLL sobre amortiza\u00e7\u00e3o de \u00e1gio por conta da opera\u00e7\u00e3o de incorpora\u00e7\u00e3o da Beverage Associate Holding (BAH) pela Ambev &#8211; que foi feita mirando a aquisi\u00e7\u00e3o da Quilmes, empresa argentina.<\/p>\n\t<p>\n\t\t<a href=\"https:\/\/lp.suno.com.br\/planilha-controle-gastos\/\" target=\"_blank\" data-element=\"shortcode-suno-banner\" title=\"Banner SUNO, clique e saiba mais\">\n\t\t\t<picture>\n\t\t\t\t<source media=\"(max-width: 500px)\" srcset=\"https:\/\/files.sunoresearch.com.br\/n\/uploads\/2023\/03\/400x300-Planilha-controle-de-gastos.png\">\n\t\t\t\t<img class=\"newsContent__article__imgCapa newsContent__article__imgCapa--banner\"\n\t\t\t\t\tsrc=\"https:\/\/files.sunoresearch.com.br\/n\/uploads\/2023\/03\/1420x240-Planilha-controle-de-gastos.png\"\n\t\t\t\t\tdata-promo-id=\"101751\"\t\t\t\t\t\t\t\t\t\twidth='1420' height='240'\t\t\t\t\talt=\"https:\/\/files.sunoresearch.com.br\/n\/uploads\/2023\/03\/1420x240-Planilha-controle-de-gastos.png\"\n\t\t\t\t>\n\t\t\t<\/picture>\n\t\t<\/a>\n\t<\/p>\n\n\n<p>O julgamento, assim, discute se o \u00e1gio da CSLL sobre amortiza\u00e7\u00e3o de \u00e1gio \u00e9 cab\u00edvel. O que ocorre \u00e9 que, com o julgamento, mesmo que os conselheiros tenham mantido a cobran\u00e7a de tributos, a multa que torna a d\u00edvida mais volumosa foi reduzia.<\/p>\n<p>A multa aplicada pela receita foi de 150%, ao passo que o julgamento decidiu por cort\u00e1-la para 75% por conta do \u00e1gio.<\/p>\n<p>Na justificativa do Carf, os conselheiros apontam que foi cancelado o montante referente ao ano de 2007 por &#8220;perda de prazo para exig\u00eancia dos valores&#8221;, ou decad\u00eancia.<\/p>\n<h2>Veja detalhes do julgamento da Ambev<\/h2>\n<p>Segundo informa\u00e7\u00f5es do site Jota, Rodrigo Moreira Lopes, da Fazenda Nacional, e Roberto Quiroga, advogado do contribuinte, defenderam que o recurso da Ambev n\u00e3o era conhecido.<\/p>\n<p>Ainda assim, o Carf decidiu analisar o m\u00e9rito da dedu\u00e7\u00e3o do \u00e1gio da base da CSLL.<\/p>\n<p>Durante o julgamento a relatora do, L\u00edvia Germano, deu provimento ao recurso do contribuinte na parte conhecida, citando que n\u00e3o existe previs\u00e3o que detalha os gastos que podem ser deduzidos da base da CSLL para dedu\u00e7\u00e3o de despesas com amortiza\u00e7\u00e3o de \u00e1gio.<\/p>\n\t<p>\n\t\t<a href=\"https:\/\/lp.suno.com.br\/planilha-da-vida-financeira\/\" target=\"_blank\" data-element=\"shortcode-suno-banner\" title=\"Banner SUNO, clique e saiba mais\">\n\t\t\t<picture>\n\t\t\t\t<source media=\"(max-width: 500px)\" srcset=\"https:\/\/files.sunoresearch.com.br\/n\/uploads\/2023\/04\/400x300-Planilha-vida-financeira-true.png\">\n\t\t\t\t<img class=\"newsContent__article__imgCapa newsContent__article__imgCapa--banner\"\n\t\t\t\t\tsrc=\"https:\/\/files.sunoresearch.com.br\/n\/uploads\/2023\/04\/1420x240-Planilha-vida-financeira-true.png\"\n\t\t\t\t\tdata-promo-id=\"106682\"\t\t\t\t\t\t\t\t\t\twidth='1420' height='240'\t\t\t\t\talt=\"https:\/\/files.sunoresearch.com.br\/n\/uploads\/2023\/04\/1420x240-Planilha-vida-financeira-true.png\"\n\t\t\t\t>\n\t\t\t<\/picture>\n\t\t<\/a>\n\t<\/p>\n\n\n<p>Por\u00e9m, citou, em seu voto, que a Receita errou ao aplicar a multa com dedutibilidade do \u00e1gio do IRPJ. A compreens\u00e3o da conselheira \u00e9 que o \u00e1gio j\u00e1 \u00e9 uma esp\u00e9cie de parcela cont\u00e1bil.<\/p>\n<p>Edeli Bessa, outra conselheira do Carf, divergiu e citou que n\u00e3o v\u00ea necessidade de uma regra espec\u00edfica que fa\u00e7a a veda\u00e7\u00e3o da dedu\u00e7\u00e3o do \u00e1gio no <strong>caso da CSLL<\/strong>.<\/p>\n<p>Al\u00e9m disso, no \u00e2mbito do julgamento entre <strong>Ambev<\/strong> e a Fazenda Nacional, a conselheira observou que o \u00e1gio tem uma fiscaliza\u00e7\u00e3o que reflete a contribui\u00e7\u00e3o em rela\u00e7\u00e3o ao IRPJ. A posi\u00e7\u00e3o da conselheira foi a majorit\u00e1ria, que foi seguida pelos colegas do Carf.<\/p>\n\t<p>\n\t\t<a href=\"https:\/\/lp.suno.com.br\/ebook-como-analisar-uma-acao\/\" target=\"_blank\" data-element=\"shortcode-suno-banner\" title=\"Banner SUNO, clique e saiba mais\">\n\t\t\t<picture>\n\t\t\t\t<source media=\"(max-width: 500px)\" srcset=\"https:\/\/files.sunoresearch.com.br\/n\/uploads\/2023\/03\/Ebook-Acoes-Mobile-1.jpg\">\n\t\t\t\t<img class=\"newsContent__article__imgCapa newsContent__article__imgCapa--banner\"\n\t\t\t\t\tsrc=\"https:\/\/files.sunoresearch.com.br\/n\/uploads\/2023\/03\/Ebook-Acoes-Desktop-1.jpg\"\n\t\t\t\t\tdata-promo-id=\"171998\"\t\t\t\t\t\t\t\t\t\twidth='1420' height='286'\t\t\t\t\talt=\"https:\/\/files.sunoresearch.com.br\/n\/uploads\/2023\/03\/Ebook-Acoes-Desktop-1.jpg\"\n\t\t\t\t>\n\t\t\t<\/picture>\n\t\t<\/a>\n\t<\/p>\n\n\n","protected":false},"excerpt":{"rendered":"<p>Em julgamento na C\u00e2mara Superior do Conselho Administrativo de Recursos Fiscais (Carf), cinco dos oito conselheiros decidiram pelo entendimento de que \u00e9 necess\u00e1ria uma previs\u00e3o legal para autorizar a amortiza\u00e7\u00e3o da base de c\u00e1lculo da CSLL. O pleito era de uma autua\u00e7\u00e3o da Fazenda Nacional contra a Ambev (ABEV3). Ambev (ABEV3). Foto: Divulga\u00e7\u00e3o A discuss\u00e3o [&hellip;]<\/p>\n","protected":false},"author":73,"featured_media":170445,"comment_status":"closed","ping_status":"closed","sticky":false,"template":"","format":"standard","meta":[],"categories":[64],"tags":[359,1233],"suno_strategy":[],"class_list":["post-275602","post","type-post","status-publish","format-standard","has-post-thumbnail","hentry","category-negocios","tag-ambev-abev3","tag-carf"],"yoast_head":"<!-- This site is optimized with the Yoast SEO plugin v24.4 - https:\/\/yoast.com\/wordpress\/plugins\/seo\/ -->\n<title>Ambev (ABEV3) tem vit\u00f3ria parcial em caso tribut\u00e1rio de R$ 2 bilh\u00f5es<\/title>\n<meta name=\"description\" content=\"Julgamento do Carf poderia abrir jurisprud\u00eancia para cobran\u00e7a de \u00e1gio sobre CSLL com caso da Ambev contra a Fazenda. Clique e saiba mais!\" \/>\n<meta name=\"robots\" content=\"index, follow, max-snippet:-1, max-image-preview:large, max-video-preview:-1\" \/>\n<link rel=\"canonical\" href=\"https:\/\/www.suno.com.br\/noticias\/ambev-abev3-carf-csll-agio-julgamento\/\" \/>\n<meta property=\"og:locale\" content=\"pt_BR\" \/>\n<meta property=\"og:type\" content=\"article\" \/>\n<meta property=\"og:title\" content=\"Ambev (ABEV3) tem vit\u00f3ria parcial em caso tribut\u00e1rio de R$ 2 bilh\u00f5es\" \/>\n<meta property=\"og:description\" content=\"Julgamento do Carf poderia abrir jurisprud\u00eancia para cobran\u00e7a de \u00e1gio sobre CSLL com caso da Ambev contra a Fazenda. Clique e saiba mais!\" \/>\n<meta property=\"og:url\" content=\"https:\/\/www.suno.com.br\/noticias\/ambev-abev3-carf-csll-agio-julgamento\/\" \/>\n<meta property=\"og:site_name\" content=\"Suno Not\u00edcias\" \/>\n<meta property=\"article:publisher\" content=\"https:\/\/facebook.com\/sunoresearch\" \/>\n<meta property=\"og:image\" content=\"https:\/\/files.sunoresearch.com.br\/n\/uploads\/2021\/07\/67c033e6-ambev-distribuicao.jpg\" \/>\n\t<meta property=\"og:image:width\" content=\"1280\" \/>\n\t<meta property=\"og:image:height\" content=\"720\" \/>\n\t<meta property=\"og:image:type\" content=\"image\/jpeg\" \/>\n<meta name=\"author\" content=\"Eduardo Vargas\" \/>\n<meta name=\"twitter:card\" content=\"summary_large_image\" \/>\n<meta name=\"twitter:creator\" content=\"@sunoresearch\" \/>\n<meta name=\"twitter:site\" content=\"@sunoresearch\" \/>\n<meta name=\"twitter:label1\" content=\"Escrito por\" \/>\n\t<meta name=\"twitter:data1\" content=\"Eduardo Vargas\" \/>\n\t<meta name=\"twitter:label2\" content=\"Est. tempo de leitura\" \/>\n\t<meta name=\"twitter:data2\" content=\"3 minutos\" \/>\n<script type=\"application\/ld+json\" class=\"yoast-schema-graph\">{\"@context\":\"https:\/\/schema.org\",\"@graph\":[{\"@type\":\"NewsArticle\",\"@id\":\"https:\/\/www.suno.com.br\/noticias\/ambev-abev3-carf-csll-agio-julgamento\/#article\",\"isPartOf\":{\"@id\":\"https:\/\/www.suno.com.br\/noticias\/ambev-abev3-carf-csll-agio-julgamento\/\"},\"author\":{\"name\":\"Eduardo Vargas\",\"@id\":\"https:\/\/www.suno.com.br\/noticias\/#\/schema\/person\/7f4d362bf3518e76090143ae77bb49a5\"},\"headline\":\"Ambev (ABEV3) tem vit\u00f3ria parcial em caso tribut\u00e1rio de R$ 2 bilh\u00f5es\",\"datePublished\":\"2022-07-13T14:15:43+00:00\",\"mainEntityOfPage\":{\"@id\":\"https:\/\/www.suno.com.br\/noticias\/ambev-abev3-carf-csll-agio-julgamento\/\"},\"wordCount\":554,\"publisher\":{\"@id\":\"https:\/\/www.suno.com.br\/noticias\/#organization\"},\"image\":{\"@id\":\"https:\/\/www.suno.com.br\/noticias\/ambev-abev3-carf-csll-agio-julgamento\/#primaryimage\"},\"thumbnailUrl\":\"https:\/\/files.sunoresearch.com.br\/n\/uploads\/2021\/07\/67c033e6-ambev-distribuicao.jpg\",\"keywords\":[\"AMBEV (ABEV3)\",\"Carf\"],\"articleSection\":[\"Neg\u00f3cios\"],\"inLanguage\":\"pt-BR\"},{\"@type\":\"WebPage\",\"@id\":\"https:\/\/www.suno.com.br\/noticias\/ambev-abev3-carf-csll-agio-julgamento\/\",\"url\":\"https:\/\/www.suno.com.br\/noticias\/ambev-abev3-carf-csll-agio-julgamento\/\",\"name\":\"Ambev (ABEV3) tem vit\u00f3ria parcial em caso tribut\u00e1rio de R$ 2 bilh\u00f5es\",\"isPartOf\":{\"@id\":\"https:\/\/www.suno.com.br\/noticias\/#website\"},\"primaryImageOfPage\":{\"@id\":\"https:\/\/www.suno.com.br\/noticias\/ambev-abev3-carf-csll-agio-julgamento\/#primaryimage\"},\"image\":{\"@id\":\"https:\/\/www.suno.com.br\/noticias\/ambev-abev3-carf-csll-agio-julgamento\/#primaryimage\"},\"thumbnailUrl\":\"https:\/\/files.sunoresearch.com.br\/n\/uploads\/2021\/07\/67c033e6-ambev-distribuicao.jpg\",\"datePublished\":\"2022-07-13T14:15:43+00:00\",\"description\":\"Julgamento do Carf poderia abrir jurisprud\u00eancia para cobran\u00e7a de \u00e1gio sobre CSLL com caso da Ambev contra a Fazenda. Clique e saiba mais!\",\"breadcrumb\":{\"@id\":\"https:\/\/www.suno.com.br\/noticias\/ambev-abev3-carf-csll-agio-julgamento\/#breadcrumb\"},\"inLanguage\":\"pt-BR\",\"potentialAction\":[{\"@type\":\"ReadAction\",\"target\":[\"https:\/\/www.suno.com.br\/noticias\/ambev-abev3-carf-csll-agio-julgamento\/\"]}]},{\"@type\":\"ImageObject\",\"inLanguage\":\"pt-BR\",\"@id\":\"https:\/\/www.suno.com.br\/noticias\/ambev-abev3-carf-csll-agio-julgamento\/#primaryimage\",\"url\":\"https:\/\/files.sunoresearch.com.br\/n\/uploads\/2021\/07\/67c033e6-ambev-distribuicao.jpg\",\"contentUrl\":\"https:\/\/files.sunoresearch.com.br\/n\/uploads\/2021\/07\/67c033e6-ambev-distribuicao.jpg\",\"width\":1280,\"height\":720,\"caption\":\"Ambev (ABEV3). Foto: Divulga\u00e7\u00e3o\"},{\"@type\":\"BreadcrumbList\",\"@id\":\"https:\/\/www.suno.com.br\/noticias\/ambev-abev3-carf-csll-agio-julgamento\/#breadcrumb\",\"itemListElement\":[{\"@type\":\"ListItem\",\"position\":1,\"name\":\"Not\u00edcias\",\"item\":\"https:\/\/www.suno.com.br\/noticias\/\"},{\"@type\":\"ListItem\",\"position\":2,\"name\":\"Neg\u00f3cios\",\"item\":\"https:\/\/www.suno.com.br\/noticias\/negocios\/\"},{\"@type\":\"ListItem\",\"position\":3,\"name\":\"Ambev (ABEV3) tem vit\u00f3ria parcial em caso tribut\u00e1rio de R$ 2 bilh\u00f5es\"}]},{\"@type\":\"WebSite\",\"@id\":\"https:\/\/www.suno.com.br\/noticias\/#website\",\"url\":\"https:\/\/www.suno.com.br\/noticias\/\",\"name\":\"Suno Not\u00edcias\",\"description\":\"Seu portal de informa\u00e7\u00e3o sobre o mundo dos investimentos\",\"publisher\":{\"@id\":\"https:\/\/www.suno.com.br\/noticias\/#organization\"},\"potentialAction\":[{\"@type\":\"SearchAction\",\"target\":{\"@type\":\"EntryPoint\",\"urlTemplate\":\"https:\/\/www.suno.com.br\/noticias\/?s={search_term_string}\"},\"query-input\":{\"@type\":\"PropertyValueSpecification\",\"valueRequired\":true,\"valueName\":\"search_term_string\"}}],\"inLanguage\":\"pt-BR\"},{\"@type\":\"Organization\",\"@id\":\"https:\/\/www.suno.com.br\/noticias\/#organization\",\"name\":\"Suno Not\u00edcias\",\"url\":\"https:\/\/www.suno.com.br\/noticias\/\",\"logo\":{\"@type\":\"ImageObject\",\"inLanguage\":\"pt-BR\",\"@id\":\"https:\/\/www.suno.com.br\/noticias\/#\/schema\/logo\/image\/\",\"url\":\"https:\/\/files.sunoresearch.com.br\/n\/uploads\/2021\/09\/suno-logo.png\",\"contentUrl\":\"https:\/\/files.sunoresearch.com.br\/n\/uploads\/2021\/09\/suno-logo.png\",\"width\":180,\"height\":180,\"caption\":\"Suno Not\u00edcias\"},\"image\":{\"@id\":\"https:\/\/www.suno.com.br\/noticias\/#\/schema\/logo\/image\/\"},\"sameAs\":[\"https:\/\/facebook.com\/sunoresearch\",\"https:\/\/x.com\/sunoresearch\",\"https:\/\/www.instagram.com\/suno\",\"https:\/\/www.linkedin.com\/company\/suno-research\/\",\"https:\/\/www.youtube.com\/c\/sunoresearch\"]},{\"@type\":\"Person\",\"@id\":\"https:\/\/www.suno.com.br\/noticias\/#\/schema\/person\/7f4d362bf3518e76090143ae77bb49a5\",\"name\":\"Eduardo Vargas\",\"image\":{\"@type\":\"ImageObject\",\"inLanguage\":\"pt-BR\",\"@id\":\"https:\/\/www.suno.com.br\/noticias\/#\/schema\/person\/image\/\",\"url\":\"https:\/\/secure.gravatar.com\/avatar\/dac340933427a22924c9f99d1eb2e3f2?s=96&r=g\",\"contentUrl\":\"https:\/\/secure.gravatar.com\/avatar\/dac340933427a22924c9f99d1eb2e3f2?s=96&r=g\",\"caption\":\"Eduardo Vargas\"},\"description\":\"Jornalista formado pela UFSC, cobre macroeconomia, neg\u00f3cios e startups para o Suno Not\u00edcias, escrevendo principalmente not\u00edcias sobre o mercado financeiro e a bolsa de valores. No YouTube e no Instagram, \u00e9 respons\u00e1vel pela produ\u00e7\u00e3o de Reels e Shorts do Suno Not\u00edcias. Anteriormente, trabalhou cobrindo economia e cotidiano no ND+ e para o ND, maior jornal impresso de Santa Catarina. Cursou um semestre letivo de Estudos de M\u00eddia na Universidad de Buenos Aires.\",\"url\":\"https:\/\/www.suno.com.br\/noticias\/author\/eduardo-vargas\/\"}]}<\/script>\n<!-- \/ Yoast SEO plugin. -->","yoast_head_json":{"title":"Ambev (ABEV3) tem vit\u00f3ria parcial em caso tribut\u00e1rio de R$ 2 bilh\u00f5es","description":"Julgamento do Carf poderia abrir jurisprud\u00eancia para cobran\u00e7a de \u00e1gio sobre CSLL com caso da Ambev contra a Fazenda. Clique e saiba mais!","robots":{"index":"index","follow":"follow","max-snippet":"max-snippet:-1","max-image-preview":"max-image-preview:large","max-video-preview":"max-video-preview:-1"},"canonical":"https:\/\/www.suno.com.br\/noticias\/ambev-abev3-carf-csll-agio-julgamento\/","og_locale":"pt_BR","og_type":"article","og_title":"Ambev (ABEV3) tem vit\u00f3ria parcial em caso tribut\u00e1rio de R$ 2 bilh\u00f5es","og_description":"Julgamento do Carf poderia abrir jurisprud\u00eancia para cobran\u00e7a de \u00e1gio sobre CSLL com caso da Ambev contra a Fazenda. Clique e saiba mais!","og_url":"https:\/\/www.suno.com.br\/noticias\/ambev-abev3-carf-csll-agio-julgamento\/","og_site_name":"Suno Not\u00edcias","article_publisher":"https:\/\/facebook.com\/sunoresearch","og_image":[{"width":1280,"height":720,"url":"https:\/\/files.sunoresearch.com.br\/n\/uploads\/2021\/07\/67c033e6-ambev-distribuicao.jpg","type":"image\/jpeg"}],"author":"Eduardo Vargas","twitter_card":"summary_large_image","twitter_creator":"@sunoresearch","twitter_site":"@sunoresearch","twitter_misc":{"Escrito por":"Eduardo Vargas","Est. tempo de leitura":"3 minutos"},"schema":{"@context":"https:\/\/schema.org","@graph":[{"@type":"NewsArticle","@id":"https:\/\/www.suno.com.br\/noticias\/ambev-abev3-carf-csll-agio-julgamento\/#article","isPartOf":{"@id":"https:\/\/www.suno.com.br\/noticias\/ambev-abev3-carf-csll-agio-julgamento\/"},"author":{"name":"Eduardo Vargas","@id":"https:\/\/www.suno.com.br\/noticias\/#\/schema\/person\/7f4d362bf3518e76090143ae77bb49a5"},"headline":"Ambev (ABEV3) tem vit\u00f3ria parcial em caso tribut\u00e1rio de R$ 2 bilh\u00f5es","datePublished":"2022-07-13T14:15:43+00:00","mainEntityOfPage":{"@id":"https:\/\/www.suno.com.br\/noticias\/ambev-abev3-carf-csll-agio-julgamento\/"},"wordCount":554,"publisher":{"@id":"https:\/\/www.suno.com.br\/noticias\/#organization"},"image":{"@id":"https:\/\/www.suno.com.br\/noticias\/ambev-abev3-carf-csll-agio-julgamento\/#primaryimage"},"thumbnailUrl":"https:\/\/files.sunoresearch.com.br\/n\/uploads\/2021\/07\/67c033e6-ambev-distribuicao.jpg","keywords":["AMBEV (ABEV3)","Carf"],"articleSection":["Neg\u00f3cios"],"inLanguage":"pt-BR"},{"@type":"WebPage","@id":"https:\/\/www.suno.com.br\/noticias\/ambev-abev3-carf-csll-agio-julgamento\/","url":"https:\/\/www.suno.com.br\/noticias\/ambev-abev3-carf-csll-agio-julgamento\/","name":"Ambev (ABEV3) tem vit\u00f3ria parcial em caso tribut\u00e1rio de R$ 2 bilh\u00f5es","isPartOf":{"@id":"https:\/\/www.suno.com.br\/noticias\/#website"},"primaryImageOfPage":{"@id":"https:\/\/www.suno.com.br\/noticias\/ambev-abev3-carf-csll-agio-julgamento\/#primaryimage"},"image":{"@id":"https:\/\/www.suno.com.br\/noticias\/ambev-abev3-carf-csll-agio-julgamento\/#primaryimage"},"thumbnailUrl":"https:\/\/files.sunoresearch.com.br\/n\/uploads\/2021\/07\/67c033e6-ambev-distribuicao.jpg","datePublished":"2022-07-13T14:15:43+00:00","description":"Julgamento do Carf poderia abrir jurisprud\u00eancia para cobran\u00e7a de \u00e1gio sobre CSLL com caso da Ambev contra a Fazenda. Clique e saiba mais!","breadcrumb":{"@id":"https:\/\/www.suno.com.br\/noticias\/ambev-abev3-carf-csll-agio-julgamento\/#breadcrumb"},"inLanguage":"pt-BR","potentialAction":[{"@type":"ReadAction","target":["https:\/\/www.suno.com.br\/noticias\/ambev-abev3-carf-csll-agio-julgamento\/"]}]},{"@type":"ImageObject","inLanguage":"pt-BR","@id":"https:\/\/www.suno.com.br\/noticias\/ambev-abev3-carf-csll-agio-julgamento\/#primaryimage","url":"https:\/\/files.sunoresearch.com.br\/n\/uploads\/2021\/07\/67c033e6-ambev-distribuicao.jpg","contentUrl":"https:\/\/files.sunoresearch.com.br\/n\/uploads\/2021\/07\/67c033e6-ambev-distribuicao.jpg","width":1280,"height":720,"caption":"Ambev (ABEV3). Foto: Divulga\u00e7\u00e3o"},{"@type":"BreadcrumbList","@id":"https:\/\/www.suno.com.br\/noticias\/ambev-abev3-carf-csll-agio-julgamento\/#breadcrumb","itemListElement":[{"@type":"ListItem","position":1,"name":"Not\u00edcias","item":"https:\/\/www.suno.com.br\/noticias\/"},{"@type":"ListItem","position":2,"name":"Neg\u00f3cios","item":"https:\/\/www.suno.com.br\/noticias\/negocios\/"},{"@type":"ListItem","position":3,"name":"Ambev (ABEV3) tem vit\u00f3ria parcial em caso tribut\u00e1rio de R$ 2 bilh\u00f5es"}]},{"@type":"WebSite","@id":"https:\/\/www.suno.com.br\/noticias\/#website","url":"https:\/\/www.suno.com.br\/noticias\/","name":"Suno Not\u00edcias","description":"Seu portal de informa\u00e7\u00e3o sobre o mundo dos investimentos","publisher":{"@id":"https:\/\/www.suno.com.br\/noticias\/#organization"},"potentialAction":[{"@type":"SearchAction","target":{"@type":"EntryPoint","urlTemplate":"https:\/\/www.suno.com.br\/noticias\/?s={search_term_string}"},"query-input":{"@type":"PropertyValueSpecification","valueRequired":true,"valueName":"search_term_string"}}],"inLanguage":"pt-BR"},{"@type":"Organization","@id":"https:\/\/www.suno.com.br\/noticias\/#organization","name":"Suno Not\u00edcias","url":"https:\/\/www.suno.com.br\/noticias\/","logo":{"@type":"ImageObject","inLanguage":"pt-BR","@id":"https:\/\/www.suno.com.br\/noticias\/#\/schema\/logo\/image\/","url":"https:\/\/files.sunoresearch.com.br\/n\/uploads\/2021\/09\/suno-logo.png","contentUrl":"https:\/\/files.sunoresearch.com.br\/n\/uploads\/2021\/09\/suno-logo.png","width":180,"height":180,"caption":"Suno Not\u00edcias"},"image":{"@id":"https:\/\/www.suno.com.br\/noticias\/#\/schema\/logo\/image\/"},"sameAs":["https:\/\/facebook.com\/sunoresearch","https:\/\/x.com\/sunoresearch","https:\/\/www.instagram.com\/suno","https:\/\/www.linkedin.com\/company\/suno-research\/","https:\/\/www.youtube.com\/c\/sunoresearch"]},{"@type":"Person","@id":"https:\/\/www.suno.com.br\/noticias\/#\/schema\/person\/7f4d362bf3518e76090143ae77bb49a5","name":"Eduardo Vargas","image":{"@type":"ImageObject","inLanguage":"pt-BR","@id":"https:\/\/www.suno.com.br\/noticias\/#\/schema\/person\/image\/","url":"https:\/\/secure.gravatar.com\/avatar\/dac340933427a22924c9f99d1eb2e3f2?s=96&r=g","contentUrl":"https:\/\/secure.gravatar.com\/avatar\/dac340933427a22924c9f99d1eb2e3f2?s=96&r=g","caption":"Eduardo Vargas"},"description":"Jornalista formado pela UFSC, cobre macroeconomia, neg\u00f3cios e startups para o Suno Not\u00edcias, escrevendo principalmente not\u00edcias sobre o mercado financeiro e a bolsa de valores. No YouTube e no Instagram, \u00e9 respons\u00e1vel pela produ\u00e7\u00e3o de Reels e Shorts do Suno Not\u00edcias. Anteriormente, trabalhou cobrindo economia e cotidiano no ND+ e para o ND, maior jornal impresso de Santa Catarina. Cursou um semestre letivo de Estudos de M\u00eddia na Universidad de Buenos Aires.","url":"https:\/\/www.suno.com.br\/noticias\/author\/eduardo-vargas\/"}]}},"default_loop_html":"<div class=\"cardsPage__listCard__boxs\"><div class=\"cardsPage__listCard__boxs__img\"><a href=\"https:\/\/www.suno.com.br\/noticias\/ambev-abev3-carf-csll-agio-julgamento\/\"><img class=\"mask\" src=\"https:\/\/www.suno.com.br\/noticias\/wp-content\/themes\/suno\/resources\/images\/spotlight\/spotlight1img\/bg-mask.png\" alt=\"Image Mask\"\/><img src=\"https:\/\/files.sunoresearch.com.br\/n\/uploads\/2021\/07\/67c033e6-ambev-distribuicao-400x200.jpg\" alt=\"Ambev (ABEV3) tem vit\u00f3ria parcial em caso tribut\u00e1rio de R$ 2 bilh\u00f5es\"\/><\/a><span class=\"spotlightCategory\"><a href=\"https:\/\/www.suno.com.br\/noticias\/negocios\/\">Neg\u00f3cios<\/a><\/span><\/div><div class=\"cardsPage__listCard__boxs__content\"><a href=\"https:\/\/www.suno.com.br\/noticias\/ambev-abev3-carf-csll-agio-julgamento\/\"><h2 class=\"content__title\">Ambev (ABEV3) tem vit\u00f3ria parcial em caso tribut\u00e1rio de R$ 2 bilh\u00f5es<\/h2><\/a><div class=\"newsContent__article__meta\"><div class=\"newsContent__article__meta__authorBox\"><a href=\"https:\/\/www.suno.com.br\/noticias\/author\/eduardo-vargas\/\" class=\"authorBox__avatar noMobi\"><img src=\"https:\/\/secure.gravatar.com\/avatar\/dac340933427a22924c9f99d1eb2e3f2?s=96&#038;r=g\" alt=\"Eduardo Vargas\"><\/a><div class=\"authorBox__name\"><span>por\n\t\t\t<a href=\"https:\/\/www.suno.com.br\/noticias\/author\/eduardo-vargas\/\"><span itemprop=\"author\">Eduardo Vargas<\/span><\/a><\/span><time datetime=\"2022-07-13T11:15:43-03:00\" itemprop=\"datePublished\">13\/07\/2022 11:15<\/time><\/div><\/div><\/div><\/div><\/div>","single_layout":"posts","amp_enabled":true,"_links":{"self":[{"href":"https:\/\/www.suno.com.br\/noticias\/wp-json\/wp\/v2\/posts\/275602"}],"collection":[{"href":"https:\/\/www.suno.com.br\/noticias\/wp-json\/wp\/v2\/posts"}],"about":[{"href":"https:\/\/www.suno.com.br\/noticias\/wp-json\/wp\/v2\/types\/post"}],"author":[{"embeddable":true,"href":"https:\/\/www.suno.com.br\/noticias\/wp-json\/wp\/v2\/users\/73"}],"replies":[{"embeddable":true,"href":"https:\/\/www.suno.com.br\/noticias\/wp-json\/wp\/v2\/comments?post=275602"}],"version-history":[{"count":4,"href":"https:\/\/www.suno.com.br\/noticias\/wp-json\/wp\/v2\/posts\/275602\/revisions"}],"predecessor-version":[{"id":275624,"href":"https:\/\/www.suno.com.br\/noticias\/wp-json\/wp\/v2\/posts\/275602\/revisions\/275624"}],"wp:featuredmedia":[{"embeddable":true,"href":"https:\/\/www.suno.com.br\/noticias\/wp-json\/wp\/v2\/media\/170445"}],"wp:attachment":[{"href":"https:\/\/www.suno.com.br\/noticias\/wp-json\/wp\/v2\/media?parent=275602"}],"wp:term":[{"taxonomy":"category","embeddable":true,"href":"https:\/\/www.suno.com.br\/noticias\/wp-json\/wp\/v2\/categories?post=275602"},{"taxonomy":"post_tag","embeddable":true,"href":"https:\/\/www.suno.com.br\/noticias\/wp-json\/wp\/v2\/tags?post=275602"},{"taxonomy":"suno_strategy","embeddable":true,"href":"https:\/\/www.suno.com.br\/noticias\/wp-json\/wp\/v2\/suno_strategy?post=275602"}],"curies":[{"name":"wp","href":"https:\/\/api.w.org\/{rel}","templated":true}]}}