{"id":27557,"date":"2019-06-06T20:50:11","date_gmt":"2019-06-06T23:50:11","guid":{"rendered":"https:\/\/www.suno.com.br\/noticias\/?p=27557"},"modified":"2019-06-06T20:50:11","modified_gmt":"2019-06-06T23:50:11","slug":"neoenergia-oferta-lancada-preco","status":"publish","type":"post","link":"https:\/\/www.suno.com.br\/noticias\/neoenergia-oferta-lancada-preco\/","title":{"rendered":"Neoenergia: oferta \u00e9 lan\u00e7ada ao pre\u00e7o de R$ 14,42 e R$ 16,89"},"content":{"rendered":"<p>A <a href=\"https:\/\/www.suno.com.br\/artigos\/ipo\/\">oferta p\u00fablica inicial de a\u00e7\u00f5es (IPO)<\/a> da Neoenergia foi lan\u00e7ada com um pre\u00e7o de R$ 14,42 e R$ 16,89 por a\u00e7\u00e3o. A informa\u00e7\u00e3o foi comunicada pelo prospecto da oferta protocolada na Comiss\u00e3o de Valores Mobili\u00e1rios (CVM). Al\u00e9m disso, o valor patrimonial da empresa est\u00e1 estimado entre R$ 17,5 bilh\u00f5es e R$ 20,5 bilh\u00f5es.<\/p>\t<div class=\"wrapper-featured-image\">\n\t\t<figure class=\"spotlightImg\">\n\n\t\t\t<picture>\n\t\t\t\t<source media=\"(max-width: 768px)\" srcset=\"https:\/\/files.sunoresearch.com.br\/n\/uploads\/2019\/05\/faea3d44-neoenergia-400x200.webp\">\n\t\t\t\t<img loading=\"lazy\" decoding=\"async\" class=\"newsContent__article__imgCapa lazyloadDisabled newsContent__article__imgCapa--noCaption\" src=\"https:\/\/files.sunoresearch.com.br\/n\/uploads\/2019\/05\/faea3d44-neoenergia-800x450.webp\" width=\"800\" height=\"450\" alt=\"Neoenergia: oferta \u00e9 lan\u00e7ada ao pre\u00e7o de R$ 14,42 e R$ 16,89\" fetchpriority=high \/>\n\t\t\t<\/picture>\n\n\t\t\t<figcaption class=\"wp-caption-text wp-caption-text--hide\">Neoenergia. (divulga\u00e7\u00e3o)<\/figcaption>\n\t\t<\/figure>\n\t<\/div>\n\n\n\t<p>\n\t\t<a href=\"https:\/\/simulador-aposentadoria.suno.com.br\/?utm_source=suno-noticias&#038;utm_medium=banner&#038;utm_content=como-investir-para-aposentadoria-carteira-go&#038;utm_campaign=_SNC36CE4E9F_\" target=\"_blank\" data-element=\"shortcode-suno-banner\" title=\"Banner SUNO, clique e saiba mais\">\n\t\t\t<picture>\n\t\t\t\t<source media=\"(max-width: 500px)\" srcset=\"https:\/\/files.sunoresearch.com.br\/n\/uploads\/2025\/11\/400x300.webp\">\n\t\t\t\t<img class=\"newsContent__article__imgCapa newsContent__article__imgCapa--banner\"\n\t\t\t\t\tsrc=\"https:\/\/files.sunoresearch.com.br\/n\/uploads\/2025\/11\/1420x240.webp\"\n\t\t\t\t\tdata-promo-id=\"631530\"\t\t\t\t\t\t\t\t\t\twidth='1420' height='240'\t\t\t\t\talt=\"https:\/\/files.sunoresearch.com.br\/n\/uploads\/2025\/11\/1420x240.webp\"\n\t\t\t\t>\n\t\t\t<\/picture>\n\t\t<\/a>\n\t<\/p>\n\n\n<p>Como coordenadores da opera\u00e7\u00f5es do <strong>IPO<\/strong> da <strong>Neoenergia<\/strong>, participam:<\/p>\n<ul>\n<li><strong>Banco do Brasil<\/strong><\/li>\n<li><strong>Bank of America<\/strong><\/li>\n<li><strong> Citi, J.P. Morgan<\/strong><\/li>\n<li><strong> Credit Suisse\u00a0<\/strong><\/li>\n<li><strong> HSBC<\/strong><\/li>\n<\/ul>\n<p>J\u00e1 os vendedores na <strong>oferta secund\u00e1ria<\/strong> ser\u00e3o o<strong> Banco do Brasil<\/strong>, a <strong>Previ<\/strong> (fundo de pens\u00e3o de funcion\u00e1rios do banco) e a <strong>Iberdrola<\/strong>. Os principais s\u00f3cios da <strong>Neoenergia<\/strong> s\u00e3o:<\/p>\n<ul>\n<li><strong>Iberdrola<\/strong> com participa\u00e7\u00e3o de 52,45% (deve manter controle);<\/li>\n<li><strong> Banco do Brasil<\/strong> (BBAS3) com participa\u00e7\u00e3o de 9,34% (deve vender toda a fatia);<\/li>\n<li>e o <strong>Previ<\/strong> (Caixa de Previd\u00eancia dos Funcion\u00e1rios do Banco do Brasil) com participa\u00e7\u00e3o de\u00a038,21% (deve desfazer-se de parcela m\u00ednima).<\/li>\n<\/ul>\n<p>Ao todo, ser\u00e3o disponibilizados\u00a0208.044.383 a\u00e7\u00f5es. Esse n\u00famero corresponde a uma capta\u00e7\u00e3o de R$ 3 bilh\u00f5es a R$ 3,5 bilh\u00f5es. Desse, ser\u00e3o disponibilizadas:<\/p>\n<ul>\n<li><strong>Iberdrola<\/strong>: 29.677.468 a\u00e7\u00f5es;<\/li>\n<li><strong>BB Investimentos<\/strong>: 113.430.487 a\u00e7\u00f5es;<\/li>\n<li><strong>Previ<\/strong>: 64.936.428 a\u00e7\u00f5es;<\/li>\n<\/ul>\n\t<p>\n\t\t<a href=\"https:\/\/lp.suno.com.br\/ebook-como-analisar-uma-acao\/\" target=\"_blank\" data-element=\"shortcode-suno-banner\" title=\"Banner SUNO, clique e saiba mais\">\n\t\t\t<picture>\n\t\t\t\t<source media=\"(max-width: 500px)\" srcset=\"https:\/\/files.sunoresearch.com.br\/n\/uploads\/2023\/12\/Ebook-Acoes-Mobile.jpg\">\n\t\t\t\t<img class=\"newsContent__article__imgCapa newsContent__article__imgCapa--banner\"\n\t\t\t\t\tsrc=\"https:\/\/files.sunoresearch.com.br\/n\/uploads\/2023\/12\/Ebook-Acoes-Desktop.webp\"\n\t\t\t\t\tdata-promo-id=\"311260\"\t\t\t\t\t\t\t\t\t\twidth='1420' height='286'\t\t\t\t\talt=\"https:\/\/files.sunoresearch.com.br\/n\/uploads\/2023\/12\/Ebook-Acoes-Desktop.webp\"\n\t\t\t\t>\n\t\t\t<\/picture>\n\t\t<\/a>\n\t<\/p>\n\n\n<h2>Neoenergia com nova usina<\/h2>\n<p><span style=\"font-size: 1.21429rem;\">No \u00faltimo dia 23, a <strong>Neoenergia<\/strong> inaugurou\u00a0a <\/span><strong style=\"font-size: 1.21429rem;\">usina hidrel\u00e9trica<\/strong><span style=\"font-size: 1.21429rem;\"> do Baixo Igua\u00e7u, em Capanema (PR). A usina fica a 567 quil\u00f4metros da capital paranaense, Curitiba.<\/span><\/p>\n<p>O presidente da\u00a0presidente da empresa Iberdrola, Ignacio Gal\u00e1n, compareceu ao evento.\u00a0A espanhola <strong>Iberdrola<\/strong> \u00e9 a controladora da <strong>Neoenergia<\/strong>, e atua nos segmentos de distribui\u00e7\u00e3o de <strong>g\u00e1s natural<\/strong> e na gera\u00e7\u00e3o e distribui\u00e7\u00e3o de <strong>energia el\u00e9trica<\/strong>.<\/p>\n<p>Sobre a abertura de capital da companhia, Gal\u00e1n afirmou que deve ocorrer nos &#8220;nos primeiros dias&#8221;. A <strong>Neoenergia<\/strong> atua na <strong>distribui\u00e7\u00e3o de energia<\/strong> no Brasil, e entre as principais subsidi\u00e1rias est\u00e3o:<\/p>\n<ul>\n<li><span style=\"font-size: 1.21429rem;\">Elektro, que opera em S\u00e3o Paulo e no Mato Grosso do Sul;<\/span><\/li>\n<li><span style=\"font-size: 1.21429rem;\"> Coelba, que opera na Bahia;<\/span><\/li>\n<li><span style=\"font-size: 1.21429rem;\"> Celpe, que opera em Pernambuco<\/span><\/li>\n<li><span style=\"font-size: 1.21429rem;\"> e Cosern, que opera Rio Grande do Norte.<\/span><\/li>\n<\/ul>\n<p><a href=\"https:\/\/www.suno.com.br\/noticias\/banco-do-brasil-vender-neoenergia\/\">Saiba mais &#8211;\u00a0Banco do Brasil vai vender participa\u00e7\u00e3o da Neoenergia<\/a><\/p>\n<p>A <strong>Neoenergia<\/strong> j\u00e1 tinha tentado estrear na <strong>Bolsa<\/strong> em 2017. Entretanto, na \u00e9poca, a <strong>precifica\u00e7\u00e3o<\/strong> ofertada pelos investidores n\u00e3o agradou os acionistas brasileiros.<\/p>\n","protected":false},"excerpt":{"rendered":"<p>A oferta p\u00fablica inicial de a\u00e7\u00f5es (IPO) da Neoenergia foi lan\u00e7ada com um pre\u00e7o de R$ 14,42 e R$ 16,89 por a\u00e7\u00e3o. A informa\u00e7\u00e3o foi comunicada pelo prospecto da oferta protocolada na Comiss\u00e3o de Valores Mobili\u00e1rios (CVM). Al\u00e9m disso, o valor patrimonial da empresa est\u00e1 estimado entre R$ 17,5 bilh\u00f5es e R$ 20,5 bilh\u00f5es. Neoenergia. [&hellip;]<\/p>\n","protected":false},"author":14,"featured_media":25899,"comment_status":"closed","ping_status":"closed","sticky":false,"template":"","format":"standard","meta":[],"categories":[64],"tags":[286,367,319,575],"suno_strategy":[],"class_list":["post-27557","post","type-post","status-publish","format-standard","has-post-thumbnail","hentry","category-negocios","tag-acoes","tag-b3-b3sa3","tag-ipo-oferta-inicial-de-acoes","tag-neoenergia-neoe3"],"yoast_head":"<!-- This site is optimized with the Yoast SEO plugin v24.4 - https:\/\/yoast.com\/wordpress\/plugins\/seo\/ -->\n<title>Neoenergia: oferta \u00e9 lan\u00e7ada ao pre\u00e7o de R$ 14,42 e R$ 16,89<\/title>\n<meta name=\"description\" content=\"A informa\u00e7\u00e3o dos pre\u00e7os da Neoenergia foi comunicada pelo prospecto da oferta protocolada pela CVM. Clique aqui para saber mais.\" \/>\n<meta name=\"robots\" content=\"index, follow, max-snippet:-1, max-image-preview:large, max-video-preview:-1\" \/>\n<link rel=\"canonical\" href=\"https:\/\/www.suno.com.br\/noticias\/neoenergia-oferta-lancada-preco\/\" \/>\n<meta property=\"og:locale\" content=\"pt_BR\" \/>\n<meta property=\"og:type\" content=\"article\" \/>\n<meta property=\"og:title\" content=\"Neoenergia: oferta \u00e9 lan\u00e7ada ao pre\u00e7o de R$ 14,42 e R$ 16,89\" \/>\n<meta property=\"og:description\" content=\"A informa\u00e7\u00e3o dos pre\u00e7os da Neoenergia foi comunicada pelo prospecto da oferta protocolada pela CVM. Clique aqui para saber mais.\" \/>\n<meta property=\"og:url\" content=\"https:\/\/www.suno.com.br\/noticias\/neoenergia-oferta-lancada-preco\/\" \/>\n<meta property=\"og:site_name\" content=\"Suno Not\u00edcias\" \/>\n<meta property=\"article:publisher\" content=\"https:\/\/facebook.com\/sunoresearch\" \/>\n<meta property=\"og:image\" content=\"https:\/\/files.sunoresearch.com.br\/n\/uploads\/2019\/05\/faea3d44-neoenergia.jpg\" \/>\n\t<meta property=\"og:image:width\" content=\"960\" \/>\n\t<meta property=\"og:image:height\" content=\"638\" \/>\n\t<meta property=\"og:image:type\" content=\"image\/jpeg\" \/>\n<meta name=\"author\" content=\"Renan Dantas\" \/>\n<meta name=\"twitter:card\" content=\"summary_large_image\" \/>\n<meta name=\"twitter:creator\" content=\"@sunoresearch\" \/>\n<meta name=\"twitter:site\" content=\"@sunoresearch\" \/>\n<meta name=\"twitter:label1\" content=\"Escrito por\" \/>\n\t<meta name=\"twitter:data1\" content=\"Renan Dantas\" \/>\n\t<meta name=\"twitter:label2\" content=\"Est. tempo de leitura\" \/>\n\t<meta name=\"twitter:data2\" content=\"2 minutos\" \/>\n<script type=\"application\/ld+json\" class=\"yoast-schema-graph\">{\"@context\":\"https:\/\/schema.org\",\"@graph\":[{\"@type\":\"NewsArticle\",\"@id\":\"https:\/\/www.suno.com.br\/noticias\/neoenergia-oferta-lancada-preco\/#article\",\"isPartOf\":{\"@id\":\"https:\/\/www.suno.com.br\/noticias\/neoenergia-oferta-lancada-preco\/\"},\"author\":{\"name\":\"Renan Dantas\",\"@id\":\"https:\/\/www.suno.com.br\/noticias\/#\/schema\/person\/3f7693d5795a3f6d5ce15309ee785699\"},\"headline\":\"Neoenergia: oferta \u00e9 lan\u00e7ada ao pre\u00e7o de R$ 14,42 e R$ 16,89\",\"datePublished\":\"2019-06-06T23:50:11+00:00\",\"mainEntityOfPage\":{\"@id\":\"https:\/\/www.suno.com.br\/noticias\/neoenergia-oferta-lancada-preco\/\"},\"wordCount\":393,\"publisher\":{\"@id\":\"https:\/\/www.suno.com.br\/noticias\/#organization\"},\"image\":{\"@id\":\"https:\/\/www.suno.com.br\/noticias\/neoenergia-oferta-lancada-preco\/#primaryimage\"},\"thumbnailUrl\":\"https:\/\/files.sunoresearch.com.br\/n\/uploads\/2019\/05\/faea3d44-neoenergia-jpg.webp\",\"keywords\":[\"A\u00e7\u00f5es\",\"B3 (B3SA3)\",\"IPO (Oferta Inicial de A\u00e7\u00f5es)\",\"Neoenergia (NEOE3)\"],\"articleSection\":[\"Neg\u00f3cios\"],\"inLanguage\":\"pt-BR\"},{\"@type\":\"WebPage\",\"@id\":\"https:\/\/www.suno.com.br\/noticias\/neoenergia-oferta-lancada-preco\/\",\"url\":\"https:\/\/www.suno.com.br\/noticias\/neoenergia-oferta-lancada-preco\/\",\"name\":\"Neoenergia: oferta \u00e9 lan\u00e7ada ao pre\u00e7o de R$ 14,42 e R$ 16,89\",\"isPartOf\":{\"@id\":\"https:\/\/www.suno.com.br\/noticias\/#website\"},\"primaryImageOfPage\":{\"@id\":\"https:\/\/www.suno.com.br\/noticias\/neoenergia-oferta-lancada-preco\/#primaryimage\"},\"image\":{\"@id\":\"https:\/\/www.suno.com.br\/noticias\/neoenergia-oferta-lancada-preco\/#primaryimage\"},\"thumbnailUrl\":\"https:\/\/files.sunoresearch.com.br\/n\/uploads\/2019\/05\/faea3d44-neoenergia-jpg.webp\",\"datePublished\":\"2019-06-06T23:50:11+00:00\",\"description\":\"A informa\u00e7\u00e3o dos pre\u00e7os da Neoenergia foi comunicada pelo prospecto da oferta protocolada pela CVM. Clique aqui para saber mais.\",\"breadcrumb\":{\"@id\":\"https:\/\/www.suno.com.br\/noticias\/neoenergia-oferta-lancada-preco\/#breadcrumb\"},\"inLanguage\":\"pt-BR\",\"potentialAction\":[{\"@type\":\"ReadAction\",\"target\":[\"https:\/\/www.suno.com.br\/noticias\/neoenergia-oferta-lancada-preco\/\"]}]},{\"@type\":\"ImageObject\",\"inLanguage\":\"pt-BR\",\"@id\":\"https:\/\/www.suno.com.br\/noticias\/neoenergia-oferta-lancada-preco\/#primaryimage\",\"url\":\"https:\/\/files.sunoresearch.com.br\/n\/uploads\/2019\/05\/faea3d44-neoenergia-jpg.webp\",\"contentUrl\":\"https:\/\/files.sunoresearch.com.br\/n\/uploads\/2019\/05\/faea3d44-neoenergia-jpg.webp\",\"width\":960,\"height\":638,\"caption\":\"Neoenergia. (divulga\u00e7\u00e3o)\"},{\"@type\":\"BreadcrumbList\",\"@id\":\"https:\/\/www.suno.com.br\/noticias\/neoenergia-oferta-lancada-preco\/#breadcrumb\",\"itemListElement\":[{\"@type\":\"ListItem\",\"position\":1,\"name\":\"Not\u00edcias\",\"item\":\"https:\/\/www.suno.com.br\/noticias\/\"},{\"@type\":\"ListItem\",\"position\":2,\"name\":\"Neg\u00f3cios\",\"item\":\"https:\/\/www.suno.com.br\/noticias\/negocios\/\"},{\"@type\":\"ListItem\",\"position\":3,\"name\":\"Neoenergia: oferta \u00e9 lan\u00e7ada ao pre\u00e7o de R$ 14,42 e R$ 16,89\"}]},{\"@type\":\"WebSite\",\"@id\":\"https:\/\/www.suno.com.br\/noticias\/#website\",\"url\":\"https:\/\/www.suno.com.br\/noticias\/\",\"name\":\"Suno Not\u00edcias\",\"description\":\"Seu portal de informa\u00e7\u00e3o sobre o mundo dos investimentos\",\"publisher\":{\"@id\":\"https:\/\/www.suno.com.br\/noticias\/#organization\"},\"potentialAction\":[{\"@type\":\"SearchAction\",\"target\":{\"@type\":\"EntryPoint\",\"urlTemplate\":\"https:\/\/www.suno.com.br\/noticias\/?s={search_term_string}\"},\"query-input\":{\"@type\":\"PropertyValueSpecification\",\"valueRequired\":true,\"valueName\":\"search_term_string\"}}],\"inLanguage\":\"pt-BR\"},{\"@type\":\"Organization\",\"@id\":\"https:\/\/www.suno.com.br\/noticias\/#organization\",\"name\":\"Suno Not\u00edcias\",\"url\":\"https:\/\/www.suno.com.br\/noticias\/\",\"logo\":{\"@type\":\"ImageObject\",\"inLanguage\":\"pt-BR\",\"@id\":\"https:\/\/www.suno.com.br\/noticias\/#\/schema\/logo\/image\/\",\"url\":\"https:\/\/files.sunoresearch.com.br\/n\/uploads\/2021\/09\/suno-logo.png\",\"contentUrl\":\"https:\/\/files.sunoresearch.com.br\/n\/uploads\/2021\/09\/suno-logo.png\",\"width\":180,\"height\":180,\"caption\":\"Suno Not\u00edcias\"},\"image\":{\"@id\":\"https:\/\/www.suno.com.br\/noticias\/#\/schema\/logo\/image\/\"},\"sameAs\":[\"https:\/\/facebook.com\/sunoresearch\",\"https:\/\/x.com\/sunoresearch\",\"https:\/\/www.instagram.com\/suno\",\"https:\/\/www.linkedin.com\/company\/suno-research\/\",\"https:\/\/www.youtube.com\/c\/sunoresearch\"]},{\"@type\":\"Person\",\"@id\":\"https:\/\/www.suno.com.br\/noticias\/#\/schema\/person\/3f7693d5795a3f6d5ce15309ee785699\",\"name\":\"Renan Dantas\",\"image\":{\"@type\":\"ImageObject\",\"inLanguage\":\"pt-BR\",\"@id\":\"https:\/\/www.suno.com.br\/noticias\/#\/schema\/person\/image\/\",\"url\":\"https:\/\/secure.gravatar.com\/avatar\/1787b83e7484a08e51d62ac8b41c8396?s=96&r=g\",\"contentUrl\":\"https:\/\/secure.gravatar.com\/avatar\/1787b83e7484a08e51d62ac8b41c8396?s=96&r=g\",\"caption\":\"Renan Dantas\"},\"description\":\"Escreve sobre pol\u00edtica e mercado financeiro para o portal Suno Not\u00edcias. Antes, atuou na assessoria de comunica\u00e7\u00e3o do Minist\u00e9rio P\u00fablico do Trabalho e na R\u00e1dio Mackenzie, onde apresentava e produzia um programa sobre artistas da m\u00fasica brasileira. \u00c9 estudante na Universidade Presbiteriana Mackenzie.\",\"url\":\"https:\/\/www.suno.com.br\/noticias\/author\/renan-dantas\/\"}]}<\/script>\n<!-- \/ Yoast SEO plugin. -->","yoast_head_json":{"title":"Neoenergia: oferta \u00e9 lan\u00e7ada ao pre\u00e7o de R$ 14,42 e R$ 16,89","description":"A informa\u00e7\u00e3o dos pre\u00e7os da Neoenergia foi comunicada pelo prospecto da oferta protocolada pela CVM. Clique aqui para saber mais.","robots":{"index":"index","follow":"follow","max-snippet":"max-snippet:-1","max-image-preview":"max-image-preview:large","max-video-preview":"max-video-preview:-1"},"canonical":"https:\/\/www.suno.com.br\/noticias\/neoenergia-oferta-lancada-preco\/","og_locale":"pt_BR","og_type":"article","og_title":"Neoenergia: oferta \u00e9 lan\u00e7ada ao pre\u00e7o de R$ 14,42 e R$ 16,89","og_description":"A informa\u00e7\u00e3o dos pre\u00e7os da Neoenergia foi comunicada pelo prospecto da oferta protocolada pela CVM. Clique aqui para saber mais.","og_url":"https:\/\/www.suno.com.br\/noticias\/neoenergia-oferta-lancada-preco\/","og_site_name":"Suno Not\u00edcias","article_publisher":"https:\/\/facebook.com\/sunoresearch","og_image":[{"width":960,"height":638,"url":"https:\/\/files.sunoresearch.com.br\/n\/uploads\/2019\/05\/faea3d44-neoenergia.jpg","type":"image\/jpeg"}],"author":"Renan Dantas","twitter_card":"summary_large_image","twitter_creator":"@sunoresearch","twitter_site":"@sunoresearch","twitter_misc":{"Escrito por":"Renan Dantas","Est. tempo de leitura":"2 minutos"},"schema":{"@context":"https:\/\/schema.org","@graph":[{"@type":"NewsArticle","@id":"https:\/\/www.suno.com.br\/noticias\/neoenergia-oferta-lancada-preco\/#article","isPartOf":{"@id":"https:\/\/www.suno.com.br\/noticias\/neoenergia-oferta-lancada-preco\/"},"author":{"name":"Renan Dantas","@id":"https:\/\/www.suno.com.br\/noticias\/#\/schema\/person\/3f7693d5795a3f6d5ce15309ee785699"},"headline":"Neoenergia: oferta \u00e9 lan\u00e7ada ao pre\u00e7o de R$ 14,42 e R$ 16,89","datePublished":"2019-06-06T23:50:11+00:00","mainEntityOfPage":{"@id":"https:\/\/www.suno.com.br\/noticias\/neoenergia-oferta-lancada-preco\/"},"wordCount":393,"publisher":{"@id":"https:\/\/www.suno.com.br\/noticias\/#organization"},"image":{"@id":"https:\/\/www.suno.com.br\/noticias\/neoenergia-oferta-lancada-preco\/#primaryimage"},"thumbnailUrl":"https:\/\/files.sunoresearch.com.br\/n\/uploads\/2019\/05\/faea3d44-neoenergia-jpg.webp","keywords":["A\u00e7\u00f5es","B3 (B3SA3)","IPO (Oferta Inicial de A\u00e7\u00f5es)","Neoenergia (NEOE3)"],"articleSection":["Neg\u00f3cios"],"inLanguage":"pt-BR"},{"@type":"WebPage","@id":"https:\/\/www.suno.com.br\/noticias\/neoenergia-oferta-lancada-preco\/","url":"https:\/\/www.suno.com.br\/noticias\/neoenergia-oferta-lancada-preco\/","name":"Neoenergia: oferta \u00e9 lan\u00e7ada ao pre\u00e7o de R$ 14,42 e R$ 16,89","isPartOf":{"@id":"https:\/\/www.suno.com.br\/noticias\/#website"},"primaryImageOfPage":{"@id":"https:\/\/www.suno.com.br\/noticias\/neoenergia-oferta-lancada-preco\/#primaryimage"},"image":{"@id":"https:\/\/www.suno.com.br\/noticias\/neoenergia-oferta-lancada-preco\/#primaryimage"},"thumbnailUrl":"https:\/\/files.sunoresearch.com.br\/n\/uploads\/2019\/05\/faea3d44-neoenergia-jpg.webp","datePublished":"2019-06-06T23:50:11+00:00","description":"A informa\u00e7\u00e3o dos pre\u00e7os da Neoenergia foi comunicada pelo prospecto da oferta protocolada pela CVM. Clique aqui para saber mais.","breadcrumb":{"@id":"https:\/\/www.suno.com.br\/noticias\/neoenergia-oferta-lancada-preco\/#breadcrumb"},"inLanguage":"pt-BR","potentialAction":[{"@type":"ReadAction","target":["https:\/\/www.suno.com.br\/noticias\/neoenergia-oferta-lancada-preco\/"]}]},{"@type":"ImageObject","inLanguage":"pt-BR","@id":"https:\/\/www.suno.com.br\/noticias\/neoenergia-oferta-lancada-preco\/#primaryimage","url":"https:\/\/files.sunoresearch.com.br\/n\/uploads\/2019\/05\/faea3d44-neoenergia-jpg.webp","contentUrl":"https:\/\/files.sunoresearch.com.br\/n\/uploads\/2019\/05\/faea3d44-neoenergia-jpg.webp","width":960,"height":638,"caption":"Neoenergia. (divulga\u00e7\u00e3o)"},{"@type":"BreadcrumbList","@id":"https:\/\/www.suno.com.br\/noticias\/neoenergia-oferta-lancada-preco\/#breadcrumb","itemListElement":[{"@type":"ListItem","position":1,"name":"Not\u00edcias","item":"https:\/\/www.suno.com.br\/noticias\/"},{"@type":"ListItem","position":2,"name":"Neg\u00f3cios","item":"https:\/\/www.suno.com.br\/noticias\/negocios\/"},{"@type":"ListItem","position":3,"name":"Neoenergia: oferta \u00e9 lan\u00e7ada ao pre\u00e7o de R$ 14,42 e R$ 16,89"}]},{"@type":"WebSite","@id":"https:\/\/www.suno.com.br\/noticias\/#website","url":"https:\/\/www.suno.com.br\/noticias\/","name":"Suno Not\u00edcias","description":"Seu portal de informa\u00e7\u00e3o sobre o mundo dos investimentos","publisher":{"@id":"https:\/\/www.suno.com.br\/noticias\/#organization"},"potentialAction":[{"@type":"SearchAction","target":{"@type":"EntryPoint","urlTemplate":"https:\/\/www.suno.com.br\/noticias\/?s={search_term_string}"},"query-input":{"@type":"PropertyValueSpecification","valueRequired":true,"valueName":"search_term_string"}}],"inLanguage":"pt-BR"},{"@type":"Organization","@id":"https:\/\/www.suno.com.br\/noticias\/#organization","name":"Suno Not\u00edcias","url":"https:\/\/www.suno.com.br\/noticias\/","logo":{"@type":"ImageObject","inLanguage":"pt-BR","@id":"https:\/\/www.suno.com.br\/noticias\/#\/schema\/logo\/image\/","url":"https:\/\/files.sunoresearch.com.br\/n\/uploads\/2021\/09\/suno-logo.png","contentUrl":"https:\/\/files.sunoresearch.com.br\/n\/uploads\/2021\/09\/suno-logo.png","width":180,"height":180,"caption":"Suno Not\u00edcias"},"image":{"@id":"https:\/\/www.suno.com.br\/noticias\/#\/schema\/logo\/image\/"},"sameAs":["https:\/\/facebook.com\/sunoresearch","https:\/\/x.com\/sunoresearch","https:\/\/www.instagram.com\/suno","https:\/\/www.linkedin.com\/company\/suno-research\/","https:\/\/www.youtube.com\/c\/sunoresearch"]},{"@type":"Person","@id":"https:\/\/www.suno.com.br\/noticias\/#\/schema\/person\/3f7693d5795a3f6d5ce15309ee785699","name":"Renan Dantas","image":{"@type":"ImageObject","inLanguage":"pt-BR","@id":"https:\/\/www.suno.com.br\/noticias\/#\/schema\/person\/image\/","url":"https:\/\/secure.gravatar.com\/avatar\/1787b83e7484a08e51d62ac8b41c8396?s=96&r=g","contentUrl":"https:\/\/secure.gravatar.com\/avatar\/1787b83e7484a08e51d62ac8b41c8396?s=96&r=g","caption":"Renan Dantas"},"description":"Escreve sobre pol\u00edtica e mercado financeiro para o portal Suno Not\u00edcias. Antes, atuou na assessoria de comunica\u00e7\u00e3o do Minist\u00e9rio P\u00fablico do Trabalho e na R\u00e1dio Mackenzie, onde apresentava e produzia um programa sobre artistas da m\u00fasica brasileira. \u00c9 estudante na Universidade Presbiteriana Mackenzie.","url":"https:\/\/www.suno.com.br\/noticias\/author\/renan-dantas\/"}]}},"default_loop_html":"<div class=\"cardsPage__listCard__boxs\"><div class=\"cardsPage__listCard__boxs__img\"><a href=\"https:\/\/www.suno.com.br\/noticias\/neoenergia-oferta-lancada-preco\/\"><img class=\"mask\" src=\"https:\/\/www.suno.com.br\/noticias\/wp-content\/themes\/suno\/resources\/images\/spotlight\/spotlight1img\/bg-mask.png\" alt=\"Image Mask\"\/><img src=\"https:\/\/files.sunoresearch.com.br\/n\/uploads\/2019\/05\/faea3d44-neoenergia-400x200.webp\" alt=\"Neoenergia: oferta \u00e9 lan\u00e7ada ao pre\u00e7o de R$ 14,42 e R$ 16,89\"\/><\/a><span class=\"spotlightCategory\"><a href=\"https:\/\/www.suno.com.br\/noticias\/negocios\/\">Neg\u00f3cios<\/a><\/span><\/div><div class=\"cardsPage__listCard__boxs__content\"><a href=\"https:\/\/www.suno.com.br\/noticias\/neoenergia-oferta-lancada-preco\/\"><h2 class=\"content__title\">Neoenergia: oferta \u00e9 lan\u00e7ada ao pre\u00e7o de R$ 14,42 e R$ 16,89<\/h2><\/a><div class=\"newsContent__article__meta\"><div class=\"newsContent__article__meta__authorBox\"><a href=\"https:\/\/www.suno.com.br\/noticias\/author\/renan-dantas\/\" class=\"authorBox__avatar noMobi\"><img src=\"https:\/\/secure.gravatar.com\/avatar\/1787b83e7484a08e51d62ac8b41c8396?s=96&#038;r=g\" alt=\"Renan Dantas\"><\/a><div class=\"authorBox__name\"><span>por\n\t\t\t<a href=\"https:\/\/www.suno.com.br\/noticias\/author\/renan-dantas\/\"><span itemprop=\"author\">Renan Dantas<\/span><\/a><\/span><time datetime=\"2019-06-06T20:50:11-03:00\" itemprop=\"datePublished\">06\/06\/2019 20:50<\/time><\/div><\/div><\/div><\/div><\/div>","single_layout":"posts","amp_enabled":true,"_links":{"self":[{"href":"https:\/\/www.suno.com.br\/noticias\/wp-json\/wp\/v2\/posts\/27557"}],"collection":[{"href":"https:\/\/www.suno.com.br\/noticias\/wp-json\/wp\/v2\/posts"}],"about":[{"href":"https:\/\/www.suno.com.br\/noticias\/wp-json\/wp\/v2\/types\/post"}],"author":[{"embeddable":true,"href":"https:\/\/www.suno.com.br\/noticias\/wp-json\/wp\/v2\/users\/14"}],"replies":[{"embeddable":true,"href":"https:\/\/www.suno.com.br\/noticias\/wp-json\/wp\/v2\/comments?post=27557"}],"version-history":[{"count":0,"href":"https:\/\/www.suno.com.br\/noticias\/wp-json\/wp\/v2\/posts\/27557\/revisions"}],"wp:featuredmedia":[{"embeddable":true,"href":"https:\/\/www.suno.com.br\/noticias\/wp-json\/wp\/v2\/media\/25899"}],"wp:attachment":[{"href":"https:\/\/www.suno.com.br\/noticias\/wp-json\/wp\/v2\/media?parent=27557"}],"wp:term":[{"taxonomy":"category","embeddable":true,"href":"https:\/\/www.suno.com.br\/noticias\/wp-json\/wp\/v2\/categories?post=27557"},{"taxonomy":"post_tag","embeddable":true,"href":"https:\/\/www.suno.com.br\/noticias\/wp-json\/wp\/v2\/tags?post=27557"},{"taxonomy":"suno_strategy","embeddable":true,"href":"https:\/\/www.suno.com.br\/noticias\/wp-json\/wp\/v2\/suno_strategy?post=27557"}],"curies":[{"name":"wp","href":"https:\/\/api.w.org\/{rel}","templated":true}]}}