{"id":275564,"date":"2022-07-13T09:13:18","date_gmt":"2022-07-13T12:13:18","guid":{"rendered":"https:\/\/www.suno.com.br\/noticias\/?p=275564"},"modified":"2022-07-13T09:13:18","modified_gmt":"2022-07-13T12:13:18","slug":"oi-oibr3-antenas-tim-tims3","status":"publish","type":"post","link":"https:\/\/www.suno.com.br\/noticias\/oi-oibr3-antenas-tim-tims3\/","title":{"rendered":"Oi (OIBR3): Antenas herdadas ser\u00e3o vendidas pela Tim (TIMS3) e Vivo (VIVT3)"},"content":{"rendered":"<p>A <a class=\"suno-keyword\" href=\"https:\/\/www.suno.com.br\/acoes\/TIMS3\/\" target=\"_blank\" rel=\"noopener\" data-force=\"yes\" data-priority=\"2\">Tim (TIMS3)<\/a> e a <a href=\"https:\/\/www.suno.com.br\/acoes\/vivt3\/\">Telef\u00f4nica (VIVT3)<\/a>, dona da Vivo, lan\u00e7aram ofertas p\u00fablicas para venda de metade das antenas que foram recebidas no processo de aquisi\u00e7\u00e3o das redes m\u00f3veis da <strong>Oi<\/strong> (<a href=\"https:\/\/www.suno.com.br\/acoes\/oibr3\/\">OIBR3<\/a>), que ocorre no \u00e2mbito da recupera\u00e7\u00e3o judicial da companhia.<\/p><div class=\"videoFull \">\n\t\t\t<div class=\"videoWrapper yt-lazyload center\"\n\t\t\t\tdata-width=\"960\"\n\t\t\t\tdata-height=\"540\"\n\t\t\t\tdata-id=\"qq8hn6zhYcw\"\n\t\t\t\tdata-alt=\"V\u00eddeo do YouTube - clique para reproduzir\"\n\t\t\t\tdata-logo=\"3\"\n\t\t\t\tdata-imagequality=\"maxres\">\n\t\t\t<\/div>\n\t\t<\/div><script type=\"application\/ld+json\">{\"@context\":\"https:\/\/schema.org\",\"@type\":\"VideoObject\",\"name\":\"OI (OIBR3) CAI 11% MESMO COM D\u00cdVIDA MENOR | VALE3 sobe firme e ganha R$ 10 bi em valor de mercado\",\"description\":\"\u2728\ud83d\udcda\u2728 \ud835\udddf\ud835\uddf6\ud835\ude03\ud835\uddff\ud835\uddfc\ud835\ude00 \ud835\uddf4\ud835\uddff\u00e1\ud835\ude01\ud835\uddf6\ud835\ude00? \ud835\uddd7\ud835\uddf2 \ud835\udde5$\ud835\udff0\ud835\udfec \ud835\uddfd\ud835\uddfc\ud835\uddff \ud835\udde5$\ud835\udfec! \u00c9 \ud835\ude00\u00f3 \ud835\uddef\ud835\uddee\ud835\uddf6\ud835\ude05\ud835\uddee\ud835\uddff! \u2018\ud835\udde6\ud835\ude02\ud835\uddfb\ud835\uddfc \ud835\udde6\ud835\ude01\ud835\uddee\ud835\uddff\ud835\ude01 \u2013 \ud835\udde3\ud835\uddee\ud835\uddff\ud835\uddee \ud835\udddc\ud835\uddfb\ud835\ude03\ud835\uddf2\ud835\ude00\ud835\ude01\ud835\uddf6\ud835\uddf1\ud835\uddfc\ud835\uddff\ud835\uddf2\ud835\ude00 \ud835\udddc\ud835\uddfb\ud835\uddf6\ud835\uddf0\ud835\uddf6\ud835\uddee\ud835\uddfb\ud835\ude01\ud835\uddf2\ud835\ude00\u2019 \ud835\uddf2 \u2018\ud835\udddc\ud835\uddfb\ud835\ude03\ud835\uddf2\ud835\ude00\ud835\ude01\ud835\uddf6\ud835\uddff \u00c9 \ud835\udde8\ud835\uddfa\ud835\uddee \ud835\udddd\ud835\uddfc\ud835\uddff\ud835\uddfb\ud835\uddee\ud835\uddf1\ud835\uddee\u2019\ud83d\udc49 https:\/\/lp.suno.com.br\/distribuicao-suno-start-investir-e-uma-jornada\/?utm_source=youtube.noticias&utm_medium=video&utm_campaign=suno:-distribuicaogratuita-e-bookssunostareinvestireumajornada-amazon.20220601 \ud83d\udcca \ud835\udc00\ud835\udc29\ud835\udc2b\ud835\udc1e\ud835\udc27\ud835\udc1d\ud835\udc1a \ud835\udc1c\ud835\udc28\ud835\udc26\ud835\udc28 \ud835\udc1a\ud835\udc27\ud835\udc1a\ud835\udc25\ud835\udc22\ud835\udc2c\ud835\udc1a\ud835\udc2b \ud835\udc2e\ud835\udc26\ud835\udc1a \ud835\udc1a\u00e7\u00e3\ud835\udc28 [\ud835\udc04\ud835\udc01\ud835\udc0e\ud835\udc0e\ud835\udc0a \ud835\udc06\ud835\udc11\ud835\udc00\ud835\udc13\ud835\udc14\ud835\udc08\ud835\udc13\ud835\udc0e] \ud83d\udc49 https:\/\/lp.suno.com.br\/ebook-como-analisar-uma-acao\/?utm_source=youtube.noticias&utm_medium=video&utm_campaign=ebookcomoanalisarumaacao.20220307&utm_content= \ud83d\udcda [\ud835\udc04-\ud835\udc1b\ud835\udc28\ud835\udc28\ud835\udc24 \ud835\udc06\ud835\udc2b\ud835\udc1a\ud835\udc2d\ud835\udc2e\ud835\udc22\ud835\udc2d\ud835\udc28] \ud835\udc06\ud835\udc2e\ud835\udc22\ud835\udc1a \ud835\udc02\ud835\udc28\ud835\udc26\ud835\udc29\ud835\udc25\ud835\udc1e\ud835\udc2d\ud835\udc28: \ud835\udc03\ud835\udc22\ud835\udc2f\ud835\udc22\ud835\udc1d\ud835\udc1e\ud835\udc27\ud835\udc1d\ud835\udc28\ud835\udc2c: https:\/\/lp.suno.com.br\/lm\/ebook\/guia-completo-dividendos\/?utm_source=youtube.noticias&utm_medium=video&utm_campaign=ebook-guiacompleto:dividendos.20220315&utm_content= #OIBR3 #VALE3 #HYPE3 #Ibovespa #Ibov #D\u00f3lar #Livedas19h #Suno #SunoNot\u00edcias Suno Not\u00edcias - 01\/06\/2022: Esses s\u00e3o alguns\u2026\",\"duration\":\"PT42M47S\",\"embedUrl\":\"https:\/\/www.youtube.com\/embed\/qq8hn6zhYcw\",\"regionsAllowed\":\"pt-BR\",\"interactionStatistic\":{\"@type\":\"InteractionCounter\",\"interactionType\":{\"@type\":\"WatchAction\"},\"userInteractionCount\":4846},\"thumbnailUrl\":\"https:\/\/i.ytimg.com\/vi\/qq8hn6zhYcw\/default.jpg\",\"uploadDate\":\"2022-06-01T22:47:40Z\"}<\/script>\n\n\t<p>\n\t\t<a href=\"\" target=\"_blank\" data-element=\"shortcode-suno-banner\" title=\"Banner SUNO, clique e saiba mais\">\n\t\t\t<picture>\n\t\t\t\t<source media=\"(max-width: 500px)\" srcset=\"\">\n\t\t\t\t<img class=\"newsContent__article__imgCapa newsContent__article__imgCapa--banner\"\n\t\t\t\t\tsrc=\"\"\n\t\t\t\t\tdata-promo-id=\"250705\"\t\t\t\t\t\t\t\t\t\t\t\t\t\t\talt=\"\"\n\t\t\t\t>\n\t\t\t<\/picture>\n\t\t<\/a>\n\t<\/p>\n\n\n<p>A Vivo colocou \u00e0 venda um total de 1.346 <strong>antenas que foram herdadas da Oi<\/strong> por R$ 50,5 milh\u00f5es, enquanto a Tim pretende vender 3.610 unidades por um montante de R$ 368,8 milh\u00f5es.<\/p>\n<p>As informa\u00e7\u00f5es constam em documentos enviados pelas companhias ao Conselho Administrativo de Defesa Econ\u00f4mica , o Cade.<\/p>\n<p>Para evitar a concentra\u00e7\u00e3o dos ativos nas m\u00e3os de apenas tr\u00eas operadoras ap\u00f3s a <strong>Oi sair do ramo de telefonia m\u00f3vel<\/strong>, o Cade determinou que <strong>TIM e Vivo<\/strong> deveriam se desfazer de metade das esta\u00e7\u00f5es r\u00e1dio-base (ERBs) em seis meses.<\/p>\n<p>Para a <strong>Claro<\/strong>, que concentrar\u00e1 menos equipamentos, ser\u00e3o 40% em 12 meses. At\u00e9 o momento, a Claro n\u00e3o comunicou o Cade sobre o in\u00edcio de sua oferta.<\/p>\n\t<p>\n\t\t<a href=\"https:\/\/lp.suno.com.br\/planilha-controle-gastos\/\" target=\"_blank\" data-element=\"shortcode-suno-banner\" title=\"Banner SUNO, clique e saiba mais\">\n\t\t\t<picture>\n\t\t\t\t<source media=\"(max-width: 500px)\" srcset=\"https:\/\/files.sunoresearch.com.br\/n\/uploads\/2023\/03\/400x300-Planilha-controle-de-gastos.png\">\n\t\t\t\t<img class=\"newsContent__article__imgCapa newsContent__article__imgCapa--banner\"\n\t\t\t\t\tsrc=\"https:\/\/files.sunoresearch.com.br\/n\/uploads\/2023\/03\/1420x240-Planilha-controle-de-gastos.png\"\n\t\t\t\t\tdata-promo-id=\"101751\"\t\t\t\t\t\t\t\t\t\twidth='1420' height='240'\t\t\t\t\talt=\"https:\/\/files.sunoresearch.com.br\/n\/uploads\/2023\/03\/1420x240-Planilha-controle-de-gastos.png\"\n\t\t\t\t>\n\t\t\t<\/picture>\n\t\t<\/a>\n\t<\/p>\n\n\n<p>As ERBs s\u00e3o equipamentos com antenas em postes, viadutos, pr\u00e9dios e torres para ativar o sinal de telefonia e internet. Juntas, Oi, TIM, Vivo e Claro tinham quase 100% do total desses aparelhos. S\u00f3 a Oi era dona de 14,6 mil ERBs.<\/p>\n<p>Nas ofertas levadas a p\u00fablico neste momento, h\u00e1 ERBs aptas a operar as tecnologias 2G, 3G e 4G, nas faixas de 900 MHz, 1.800 MHz e 2.100 MHz. Vender esses bens n\u00e3o \u00e9 tarefa f\u00e1cil.<\/p>\n<p>As antenas t\u00eam pouca flexibilidade, pois funcionam especificamente em uma faixa de frequ\u00eancia.<\/p>\n<h2>Oi e outras teles podem desembolsar R$ 22bi com mudan\u00e7a de regime<\/h2>\n<p>As operadoras de telefonia fixa\u00a0que optarem por alterar o contrato de presta\u00e7\u00e3o do servi\u00e7o ter\u00e3o de pagar um valor consolidado de R$ 22,6 bilh\u00f5es, montante estimado pela <a href=\"https:\/\/www.gov.br\/anatel\/pt-br\">Ag\u00eancia Nacional de <strong>Telecomunica\u00e7\u00f5es<\/strong> (Anatel)<\/a>.<\/p>\n\t<p>\n\t\t<a href=\"https:\/\/lp.suno.com.br\/planilha-da-vida-financeira\/\" target=\"_blank\" data-element=\"shortcode-suno-banner\" title=\"Banner SUNO, clique e saiba mais\">\n\t\t\t<picture>\n\t\t\t\t<source media=\"(max-width: 500px)\" srcset=\"https:\/\/files.sunoresearch.com.br\/n\/uploads\/2023\/04\/400x300-Planilha-vida-financeira-true.png\">\n\t\t\t\t<img class=\"newsContent__article__imgCapa newsContent__article__imgCapa--banner\"\n\t\t\t\t\tsrc=\"https:\/\/files.sunoresearch.com.br\/n\/uploads\/2023\/04\/1420x240-Planilha-vida-financeira-true.png\"\n\t\t\t\t\tdata-promo-id=\"106682\"\t\t\t\t\t\t\t\t\t\twidth='1420' height='240'\t\t\t\t\talt=\"https:\/\/files.sunoresearch.com.br\/n\/uploads\/2023\/04\/1420x240-Planilha-vida-financeira-true.png\"\n\t\t\t\t>\n\t\t\t<\/picture>\n\t\t<\/a>\n\t<\/p>\n\n\n<p>O <a href=\"https:\/\/www.suno.com.br\/artigos\/agencias-reguladoras\/\">conselho diretor da Anatel<\/a> aprovo, no in\u00edcio de julho, a metodologia de c\u00e1lculo a ser utilizada no processo que permitir\u00e1 \u00e0s companhias como a Oi e a Vivo migrarem de regime de concess\u00f5es (tarifas reguladas) para o de autoriza\u00e7\u00f5es (tarifas livres) &#8211; conforme a Lei 13.789\/2019.<\/p>\n<p>Com isso, as empresas deixar\u00e3o de cumprir obriga\u00e7\u00f5es como a manuten\u00e7\u00e3o de orelh\u00f5es, que consome milh\u00f5es de reais por ano.<\/p>\n<p>Al\u00e9m disso, caso optem, a Oi, a Vivo <a href=\"https:\/\/www.suno.com.br\/noticias\/tim-tims3-dividendos-xp\/\">e as demais companhias<\/a> tamb\u00e9m poder\u00e3o ficar com os chamados bens revers\u00edveis (infraestrutura de redes e edifica\u00e7\u00f5es envolvidos na opera\u00e7\u00e3o de telefonia fixa), que deveriam ser devolvidos \u00e0 Uni\u00e3o no fim da concess\u00e3o.<\/p>\n<p>Mas, em troca, ter\u00e3o de assumir compromissos de investimentos para levar a banda larga at\u00e9 o interior do Pa\u00eds. Esses <a href=\"https:\/\/www.suno.com.br\/noticias\/telemarketing-multas-anatel\/\">investimentos foram calculados em R$ 22,6 bilh\u00f5es pela Anatel<\/a>. As maiores prestadoras de telefonia fixa s\u00e3o a <strong>Oi<\/strong> e a Vivo.<\/p>\n<p class=\"newsProviderSignature\"><em>Com informa\u00e7\u00f5es do Estad\u00e3o Conte\u00fado<\/em><\/p>\n\t<p>\n\t\t<a href=\"https:\/\/lp.suno.com.br\/ebook-como-analisar-uma-acao\/\" target=\"_blank\" data-element=\"shortcode-suno-banner\" title=\"Banner SUNO, clique e saiba mais\">\n\t\t\t<picture>\n\t\t\t\t<source media=\"(max-width: 500px)\" srcset=\"https:\/\/files.sunoresearch.com.br\/n\/uploads\/2023\/03\/Ebook-Acoes-Mobile-1.jpg\">\n\t\t\t\t<img class=\"newsContent__article__imgCapa newsContent__article__imgCapa--banner\"\n\t\t\t\t\tsrc=\"https:\/\/files.sunoresearch.com.br\/n\/uploads\/2023\/03\/Ebook-Acoes-Desktop-1.jpg\"\n\t\t\t\t\tdata-promo-id=\"171998\"\t\t\t\t\t\t\t\t\t\twidth='1420' height='286'\t\t\t\t\talt=\"https:\/\/files.sunoresearch.com.br\/n\/uploads\/2023\/03\/Ebook-Acoes-Desktop-1.jpg\"\n\t\t\t\t>\n\t\t\t<\/picture>\n\t\t<\/a>\n\t<\/p>\n\n\n","protected":false},"excerpt":{"rendered":"<p>A Tim (TIMS3) e a Telef\u00f4nica (VIVT3), dona da Vivo, lan\u00e7aram ofertas p\u00fablicas para venda de metade das antenas que foram recebidas no processo de aquisi\u00e7\u00e3o das redes m\u00f3veis da Oi (OIBR3), que ocorre no \u00e2mbito da recupera\u00e7\u00e3o judicial da companhia. A Vivo colocou \u00e0 venda um total de 1.346 antenas que foram herdadas da [&hellip;]<\/p>\n","protected":false},"author":73,"featured_media":265652,"comment_status":"closed","ping_status":"closed","sticky":false,"template":"","format":"standard","meta":[],"categories":[64],"tags":[106444,584],"suno_strategy":[],"class_list":["post-275564","post","type-post","status-publish","format-standard","has-post-thumbnail","hentry","category-negocios","tag-agencias","tag-oi-oibr3-oibr4"],"yoast_head":"<!-- This site is optimized with the Yoast SEO plugin v24.4 - https:\/\/yoast.com\/wordpress\/plugins\/seo\/ -->\n<title>Oi (OIBR3): Antenas herdadas ser\u00e3o vendidas por concorrentes<\/title>\n<meta name=\"description\" content=\"A Vivo colocou \u00e0 venda 1,3 mil antenas que foram herdadas da Oi por R$ 50 milh\u00f5es, e a Tim que vender 3,6 mil a R$ 368 milh\u00f5es. Confira!\" \/>\n<meta name=\"robots\" content=\"index, follow, max-snippet:-1, max-image-preview:large, max-video-preview:-1\" \/>\n<link rel=\"canonical\" href=\"https:\/\/www.suno.com.br\/noticias\/oi-oibr3-antenas-tim-tims3\/\" \/>\n<meta property=\"og:locale\" content=\"pt_BR\" \/>\n<meta property=\"og:type\" content=\"article\" \/>\n<meta property=\"og:title\" content=\"Oi (OIBR3): Antenas herdadas ser\u00e3o vendidas por concorrentes\" \/>\n<meta property=\"og:description\" content=\"A Vivo colocou \u00e0 venda 1,3 mil antenas que foram herdadas da Oi por R$ 50 milh\u00f5es, e a Tim que vender 3,6 mil a R$ 368 milh\u00f5es. Confira!\" \/>\n<meta property=\"og:url\" content=\"https:\/\/www.suno.com.br\/noticias\/oi-oibr3-antenas-tim-tims3\/\" \/>\n<meta property=\"og:site_name\" content=\"Suno Not\u00edcias\" \/>\n<meta property=\"article:publisher\" content=\"https:\/\/facebook.com\/sunoresearch\" \/>\n<meta property=\"og:image\" content=\"https:\/\/files.sunoresearch.com.br\/n\/uploads\/2022\/06\/Radar.-Oi-OIBR3-tem-processo-de-recuperacao-adiado-novamente-Banrisul-BRSR6-e-Romi-ROMI3-pagarao-R-1686-milhoes-em-JCP-Banco-do-Brasil-BBAS3-briga-com-FII-pela-reducao-do-aluguel-1.jpg\" \/>\n\t<meta property=\"og:image:width\" content=\"2000\" \/>\n\t<meta property=\"og:image:height\" content=\"1333\" \/>\n\t<meta property=\"og:image:type\" content=\"image\/jpeg\" \/>\n<meta name=\"author\" content=\"Eduardo Vargas\" \/>\n<meta name=\"twitter:card\" content=\"summary_large_image\" \/>\n<meta name=\"twitter:creator\" content=\"@sunoresearch\" \/>\n<meta name=\"twitter:site\" content=\"@sunoresearch\" \/>\n<meta name=\"twitter:label1\" content=\"Escrito por\" \/>\n\t<meta name=\"twitter:data1\" content=\"Eduardo Vargas\" \/>\n\t<meta name=\"twitter:label2\" content=\"Est. tempo de leitura\" \/>\n\t<meta name=\"twitter:data2\" content=\"2 minutos\" \/>\n<script type=\"application\/ld+json\" class=\"yoast-schema-graph\">{\"@context\":\"https:\/\/schema.org\",\"@graph\":[{\"@type\":\"NewsArticle\",\"@id\":\"https:\/\/www.suno.com.br\/noticias\/oi-oibr3-antenas-tim-tims3\/#article\",\"isPartOf\":{\"@id\":\"https:\/\/www.suno.com.br\/noticias\/oi-oibr3-antenas-tim-tims3\/\"},\"author\":{\"name\":\"Eduardo Vargas\",\"@id\":\"https:\/\/www.suno.com.br\/noticias\/#\/schema\/person\/7f4d362bf3518e76090143ae77bb49a5\"},\"headline\":\"Oi (OIBR3): Antenas herdadas ser\u00e3o vendidas pela Tim (TIMS3) e Vivo (VIVT3)\",\"datePublished\":\"2022-07-13T12:13:18+00:00\",\"mainEntityOfPage\":{\"@id\":\"https:\/\/www.suno.com.br\/noticias\/oi-oibr3-antenas-tim-tims3\/\"},\"wordCount\":512,\"publisher\":{\"@id\":\"https:\/\/www.suno.com.br\/noticias\/#organization\"},\"image\":{\"@id\":\"https:\/\/www.suno.com.br\/noticias\/oi-oibr3-antenas-tim-tims3\/#primaryimage\"},\"thumbnailUrl\":\"https:\/\/files.sunoresearch.com.br\/n\/uploads\/2022\/06\/Radar.-Oi-OIBR3-tem-processo-de-recuperacao-adiado-novamente-Banrisul-BRSR6-e-Romi-ROMI3-pagarao-R-1686-milhoes-em-JCP-Banco-do-Brasil-BBAS3-briga-com-FII-pela-reducao-do-aluguel-1.jpg\",\"keywords\":[\"Ag\u00eancias\",\"Oi (OIBR3\/OIBR4)\"],\"articleSection\":[\"Neg\u00f3cios\"],\"inLanguage\":\"pt-BR\"},{\"@type\":\"WebPage\",\"@id\":\"https:\/\/www.suno.com.br\/noticias\/oi-oibr3-antenas-tim-tims3\/\",\"url\":\"https:\/\/www.suno.com.br\/noticias\/oi-oibr3-antenas-tim-tims3\/\",\"name\":\"Oi (OIBR3): Antenas herdadas ser\u00e3o vendidas por concorrentes\",\"isPartOf\":{\"@id\":\"https:\/\/www.suno.com.br\/noticias\/#website\"},\"primaryImageOfPage\":{\"@id\":\"https:\/\/www.suno.com.br\/noticias\/oi-oibr3-antenas-tim-tims3\/#primaryimage\"},\"image\":{\"@id\":\"https:\/\/www.suno.com.br\/noticias\/oi-oibr3-antenas-tim-tims3\/#primaryimage\"},\"thumbnailUrl\":\"https:\/\/files.sunoresearch.com.br\/n\/uploads\/2022\/06\/Radar.-Oi-OIBR3-tem-processo-de-recuperacao-adiado-novamente-Banrisul-BRSR6-e-Romi-ROMI3-pagarao-R-1686-milhoes-em-JCP-Banco-do-Brasil-BBAS3-briga-com-FII-pela-reducao-do-aluguel-1.jpg\",\"datePublished\":\"2022-07-13T12:13:18+00:00\",\"description\":\"A Vivo colocou \u00e0 venda 1,3 mil antenas que foram herdadas da Oi por R$ 50 milh\u00f5es, e a Tim que vender 3,6 mil a R$ 368 milh\u00f5es. Confira!\",\"breadcrumb\":{\"@id\":\"https:\/\/www.suno.com.br\/noticias\/oi-oibr3-antenas-tim-tims3\/#breadcrumb\"},\"inLanguage\":\"pt-BR\",\"potentialAction\":[{\"@type\":\"ReadAction\",\"target\":[\"https:\/\/www.suno.com.br\/noticias\/oi-oibr3-antenas-tim-tims3\/\"]}]},{\"@type\":\"ImageObject\",\"inLanguage\":\"pt-BR\",\"@id\":\"https:\/\/www.suno.com.br\/noticias\/oi-oibr3-antenas-tim-tims3\/#primaryimage\",\"url\":\"https:\/\/files.sunoresearch.com.br\/n\/uploads\/2022\/06\/Radar.-Oi-OIBR3-tem-processo-de-recuperacao-adiado-novamente-Banrisul-BRSR6-e-Romi-ROMI3-pagarao-R-1686-milhoes-em-JCP-Banco-do-Brasil-BBAS3-briga-com-FII-pela-reducao-do-aluguel-1.jpg\",\"contentUrl\":\"https:\/\/files.sunoresearch.com.br\/n\/uploads\/2022\/06\/Radar.-Oi-OIBR3-tem-processo-de-recuperacao-adiado-novamente-Banrisul-BRSR6-e-Romi-ROMI3-pagarao-R-1686-milhoes-em-JCP-Banco-do-Brasil-BBAS3-briga-com-FII-pela-reducao-do-aluguel-1.jpg\",\"width\":2000,\"height\":1333,\"caption\":\"Oi (OIBR3). Foto: Getty Images.\"},{\"@type\":\"BreadcrumbList\",\"@id\":\"https:\/\/www.suno.com.br\/noticias\/oi-oibr3-antenas-tim-tims3\/#breadcrumb\",\"itemListElement\":[{\"@type\":\"ListItem\",\"position\":1,\"name\":\"Not\u00edcias\",\"item\":\"https:\/\/www.suno.com.br\/noticias\/\"},{\"@type\":\"ListItem\",\"position\":2,\"name\":\"Neg\u00f3cios\",\"item\":\"https:\/\/www.suno.com.br\/noticias\/negocios\/\"},{\"@type\":\"ListItem\",\"position\":3,\"name\":\"Oi (OIBR3): Antenas herdadas ser\u00e3o vendidas pela Tim (TIMS3) e Vivo (VIVT3)\"}]},{\"@type\":\"WebSite\",\"@id\":\"https:\/\/www.suno.com.br\/noticias\/#website\",\"url\":\"https:\/\/www.suno.com.br\/noticias\/\",\"name\":\"Suno Not\u00edcias\",\"description\":\"Seu portal de informa\u00e7\u00e3o sobre o mundo dos investimentos\",\"publisher\":{\"@id\":\"https:\/\/www.suno.com.br\/noticias\/#organization\"},\"potentialAction\":[{\"@type\":\"SearchAction\",\"target\":{\"@type\":\"EntryPoint\",\"urlTemplate\":\"https:\/\/www.suno.com.br\/noticias\/?s={search_term_string}\"},\"query-input\":{\"@type\":\"PropertyValueSpecification\",\"valueRequired\":true,\"valueName\":\"search_term_string\"}}],\"inLanguage\":\"pt-BR\"},{\"@type\":\"Organization\",\"@id\":\"https:\/\/www.suno.com.br\/noticias\/#organization\",\"name\":\"Suno Not\u00edcias\",\"url\":\"https:\/\/www.suno.com.br\/noticias\/\",\"logo\":{\"@type\":\"ImageObject\",\"inLanguage\":\"pt-BR\",\"@id\":\"https:\/\/www.suno.com.br\/noticias\/#\/schema\/logo\/image\/\",\"url\":\"https:\/\/files.sunoresearch.com.br\/n\/uploads\/2021\/09\/suno-logo.png\",\"contentUrl\":\"https:\/\/files.sunoresearch.com.br\/n\/uploads\/2021\/09\/suno-logo.png\",\"width\":180,\"height\":180,\"caption\":\"Suno Not\u00edcias\"},\"image\":{\"@id\":\"https:\/\/www.suno.com.br\/noticias\/#\/schema\/logo\/image\/\"},\"sameAs\":[\"https:\/\/facebook.com\/sunoresearch\",\"https:\/\/x.com\/sunoresearch\",\"https:\/\/www.instagram.com\/suno\",\"https:\/\/www.linkedin.com\/company\/suno-research\/\",\"https:\/\/www.youtube.com\/c\/sunoresearch\"]},{\"@type\":\"Person\",\"@id\":\"https:\/\/www.suno.com.br\/noticias\/#\/schema\/person\/7f4d362bf3518e76090143ae77bb49a5\",\"name\":\"Eduardo Vargas\",\"image\":{\"@type\":\"ImageObject\",\"inLanguage\":\"pt-BR\",\"@id\":\"https:\/\/www.suno.com.br\/noticias\/#\/schema\/person\/image\/\",\"url\":\"https:\/\/secure.gravatar.com\/avatar\/dac340933427a22924c9f99d1eb2e3f2?s=96&r=g\",\"contentUrl\":\"https:\/\/secure.gravatar.com\/avatar\/dac340933427a22924c9f99d1eb2e3f2?s=96&r=g\",\"caption\":\"Eduardo Vargas\"},\"description\":\"Jornalista formado pela UFSC, cobre macroeconomia, neg\u00f3cios e startups para o Suno Not\u00edcias, escrevendo principalmente not\u00edcias sobre o mercado financeiro e a bolsa de valores. No YouTube e no Instagram, \u00e9 respons\u00e1vel pela produ\u00e7\u00e3o de Reels e Shorts do Suno Not\u00edcias. Anteriormente, trabalhou cobrindo economia e cotidiano no ND+ e para o ND, maior jornal impresso de Santa Catarina. Cursou um semestre letivo de Estudos de M\u00eddia na Universidad de Buenos Aires.\",\"url\":\"https:\/\/www.suno.com.br\/noticias\/author\/eduardo-vargas\/\"}]}<\/script>\n<!-- \/ Yoast SEO plugin. -->","yoast_head_json":{"title":"Oi (OIBR3): Antenas herdadas ser\u00e3o vendidas por concorrentes","description":"A Vivo colocou \u00e0 venda 1,3 mil antenas que foram herdadas da Oi por R$ 50 milh\u00f5es, e a Tim que vender 3,6 mil a R$ 368 milh\u00f5es. Confira!","robots":{"index":"index","follow":"follow","max-snippet":"max-snippet:-1","max-image-preview":"max-image-preview:large","max-video-preview":"max-video-preview:-1"},"canonical":"https:\/\/www.suno.com.br\/noticias\/oi-oibr3-antenas-tim-tims3\/","og_locale":"pt_BR","og_type":"article","og_title":"Oi (OIBR3): Antenas herdadas ser\u00e3o vendidas por concorrentes","og_description":"A Vivo colocou \u00e0 venda 1,3 mil antenas que foram herdadas da Oi por R$ 50 milh\u00f5es, e a Tim que vender 3,6 mil a R$ 368 milh\u00f5es. Confira!","og_url":"https:\/\/www.suno.com.br\/noticias\/oi-oibr3-antenas-tim-tims3\/","og_site_name":"Suno Not\u00edcias","article_publisher":"https:\/\/facebook.com\/sunoresearch","og_image":[{"width":2000,"height":1333,"url":"https:\/\/files.sunoresearch.com.br\/n\/uploads\/2022\/06\/Radar.-Oi-OIBR3-tem-processo-de-recuperacao-adiado-novamente-Banrisul-BRSR6-e-Romi-ROMI3-pagarao-R-1686-milhoes-em-JCP-Banco-do-Brasil-BBAS3-briga-com-FII-pela-reducao-do-aluguel-1.jpg","type":"image\/jpeg"}],"author":"Eduardo Vargas","twitter_card":"summary_large_image","twitter_creator":"@sunoresearch","twitter_site":"@sunoresearch","twitter_misc":{"Escrito por":"Eduardo Vargas","Est. tempo de leitura":"2 minutos"},"schema":{"@context":"https:\/\/schema.org","@graph":[{"@type":"NewsArticle","@id":"https:\/\/www.suno.com.br\/noticias\/oi-oibr3-antenas-tim-tims3\/#article","isPartOf":{"@id":"https:\/\/www.suno.com.br\/noticias\/oi-oibr3-antenas-tim-tims3\/"},"author":{"name":"Eduardo Vargas","@id":"https:\/\/www.suno.com.br\/noticias\/#\/schema\/person\/7f4d362bf3518e76090143ae77bb49a5"},"headline":"Oi (OIBR3): Antenas herdadas ser\u00e3o vendidas pela Tim (TIMS3) e Vivo (VIVT3)","datePublished":"2022-07-13T12:13:18+00:00","mainEntityOfPage":{"@id":"https:\/\/www.suno.com.br\/noticias\/oi-oibr3-antenas-tim-tims3\/"},"wordCount":512,"publisher":{"@id":"https:\/\/www.suno.com.br\/noticias\/#organization"},"image":{"@id":"https:\/\/www.suno.com.br\/noticias\/oi-oibr3-antenas-tim-tims3\/#primaryimage"},"thumbnailUrl":"https:\/\/files.sunoresearch.com.br\/n\/uploads\/2022\/06\/Radar.-Oi-OIBR3-tem-processo-de-recuperacao-adiado-novamente-Banrisul-BRSR6-e-Romi-ROMI3-pagarao-R-1686-milhoes-em-JCP-Banco-do-Brasil-BBAS3-briga-com-FII-pela-reducao-do-aluguel-1.jpg","keywords":["Ag\u00eancias","Oi (OIBR3\/OIBR4)"],"articleSection":["Neg\u00f3cios"],"inLanguage":"pt-BR"},{"@type":"WebPage","@id":"https:\/\/www.suno.com.br\/noticias\/oi-oibr3-antenas-tim-tims3\/","url":"https:\/\/www.suno.com.br\/noticias\/oi-oibr3-antenas-tim-tims3\/","name":"Oi (OIBR3): Antenas herdadas ser\u00e3o vendidas por concorrentes","isPartOf":{"@id":"https:\/\/www.suno.com.br\/noticias\/#website"},"primaryImageOfPage":{"@id":"https:\/\/www.suno.com.br\/noticias\/oi-oibr3-antenas-tim-tims3\/#primaryimage"},"image":{"@id":"https:\/\/www.suno.com.br\/noticias\/oi-oibr3-antenas-tim-tims3\/#primaryimage"},"thumbnailUrl":"https:\/\/files.sunoresearch.com.br\/n\/uploads\/2022\/06\/Radar.-Oi-OIBR3-tem-processo-de-recuperacao-adiado-novamente-Banrisul-BRSR6-e-Romi-ROMI3-pagarao-R-1686-milhoes-em-JCP-Banco-do-Brasil-BBAS3-briga-com-FII-pela-reducao-do-aluguel-1.jpg","datePublished":"2022-07-13T12:13:18+00:00","description":"A Vivo colocou \u00e0 venda 1,3 mil antenas que foram herdadas da Oi por R$ 50 milh\u00f5es, e a Tim que vender 3,6 mil a R$ 368 milh\u00f5es. Confira!","breadcrumb":{"@id":"https:\/\/www.suno.com.br\/noticias\/oi-oibr3-antenas-tim-tims3\/#breadcrumb"},"inLanguage":"pt-BR","potentialAction":[{"@type":"ReadAction","target":["https:\/\/www.suno.com.br\/noticias\/oi-oibr3-antenas-tim-tims3\/"]}]},{"@type":"ImageObject","inLanguage":"pt-BR","@id":"https:\/\/www.suno.com.br\/noticias\/oi-oibr3-antenas-tim-tims3\/#primaryimage","url":"https:\/\/files.sunoresearch.com.br\/n\/uploads\/2022\/06\/Radar.-Oi-OIBR3-tem-processo-de-recuperacao-adiado-novamente-Banrisul-BRSR6-e-Romi-ROMI3-pagarao-R-1686-milhoes-em-JCP-Banco-do-Brasil-BBAS3-briga-com-FII-pela-reducao-do-aluguel-1.jpg","contentUrl":"https:\/\/files.sunoresearch.com.br\/n\/uploads\/2022\/06\/Radar.-Oi-OIBR3-tem-processo-de-recuperacao-adiado-novamente-Banrisul-BRSR6-e-Romi-ROMI3-pagarao-R-1686-milhoes-em-JCP-Banco-do-Brasil-BBAS3-briga-com-FII-pela-reducao-do-aluguel-1.jpg","width":2000,"height":1333,"caption":"Oi (OIBR3). Foto: Getty Images."},{"@type":"BreadcrumbList","@id":"https:\/\/www.suno.com.br\/noticias\/oi-oibr3-antenas-tim-tims3\/#breadcrumb","itemListElement":[{"@type":"ListItem","position":1,"name":"Not\u00edcias","item":"https:\/\/www.suno.com.br\/noticias\/"},{"@type":"ListItem","position":2,"name":"Neg\u00f3cios","item":"https:\/\/www.suno.com.br\/noticias\/negocios\/"},{"@type":"ListItem","position":3,"name":"Oi (OIBR3): Antenas herdadas ser\u00e3o vendidas pela Tim (TIMS3) e Vivo (VIVT3)"}]},{"@type":"WebSite","@id":"https:\/\/www.suno.com.br\/noticias\/#website","url":"https:\/\/www.suno.com.br\/noticias\/","name":"Suno Not\u00edcias","description":"Seu portal de informa\u00e7\u00e3o sobre o mundo dos investimentos","publisher":{"@id":"https:\/\/www.suno.com.br\/noticias\/#organization"},"potentialAction":[{"@type":"SearchAction","target":{"@type":"EntryPoint","urlTemplate":"https:\/\/www.suno.com.br\/noticias\/?s={search_term_string}"},"query-input":{"@type":"PropertyValueSpecification","valueRequired":true,"valueName":"search_term_string"}}],"inLanguage":"pt-BR"},{"@type":"Organization","@id":"https:\/\/www.suno.com.br\/noticias\/#organization","name":"Suno Not\u00edcias","url":"https:\/\/www.suno.com.br\/noticias\/","logo":{"@type":"ImageObject","inLanguage":"pt-BR","@id":"https:\/\/www.suno.com.br\/noticias\/#\/schema\/logo\/image\/","url":"https:\/\/files.sunoresearch.com.br\/n\/uploads\/2021\/09\/suno-logo.png","contentUrl":"https:\/\/files.sunoresearch.com.br\/n\/uploads\/2021\/09\/suno-logo.png","width":180,"height":180,"caption":"Suno Not\u00edcias"},"image":{"@id":"https:\/\/www.suno.com.br\/noticias\/#\/schema\/logo\/image\/"},"sameAs":["https:\/\/facebook.com\/sunoresearch","https:\/\/x.com\/sunoresearch","https:\/\/www.instagram.com\/suno","https:\/\/www.linkedin.com\/company\/suno-research\/","https:\/\/www.youtube.com\/c\/sunoresearch"]},{"@type":"Person","@id":"https:\/\/www.suno.com.br\/noticias\/#\/schema\/person\/7f4d362bf3518e76090143ae77bb49a5","name":"Eduardo Vargas","image":{"@type":"ImageObject","inLanguage":"pt-BR","@id":"https:\/\/www.suno.com.br\/noticias\/#\/schema\/person\/image\/","url":"https:\/\/secure.gravatar.com\/avatar\/dac340933427a22924c9f99d1eb2e3f2?s=96&r=g","contentUrl":"https:\/\/secure.gravatar.com\/avatar\/dac340933427a22924c9f99d1eb2e3f2?s=96&r=g","caption":"Eduardo Vargas"},"description":"Jornalista formado pela UFSC, cobre macroeconomia, neg\u00f3cios e startups para o Suno Not\u00edcias, escrevendo principalmente not\u00edcias sobre o mercado financeiro e a bolsa de valores. No YouTube e no Instagram, \u00e9 respons\u00e1vel pela produ\u00e7\u00e3o de Reels e Shorts do Suno Not\u00edcias. Anteriormente, trabalhou cobrindo economia e cotidiano no ND+ e para o ND, maior jornal impresso de Santa Catarina. Cursou um semestre letivo de Estudos de M\u00eddia na Universidad de Buenos Aires.","url":"https:\/\/www.suno.com.br\/noticias\/author\/eduardo-vargas\/"}]}},"default_loop_html":"<div class=\"cardsPage__listCard__boxs\"><div class=\"cardsPage__listCard__boxs__img\"><a href=\"https:\/\/www.suno.com.br\/noticias\/oi-oibr3-antenas-tim-tims3\/\"><img class=\"mask\" src=\"https:\/\/www.suno.com.br\/noticias\/wp-content\/themes\/suno\/resources\/images\/spotlight\/spotlight1img\/bg-mask.png\" alt=\"Image Mask\"\/><img src=\"https:\/\/files.sunoresearch.com.br\/n\/uploads\/2022\/06\/Radar.-Oi-OIBR3-tem-processo-de-recuperacao-adiado-novamente-Banrisul-BRSR6-e-Romi-ROMI3-pagarao-R-1686-milhoes-em-JCP-Banco-do-Brasil-BBAS3-briga-com-FII-pela-reducao-do-aluguel-1-400x200.jpg\" alt=\"Oi (OIBR3): Antenas herdadas ser\u00e3o vendidas pela Tim (TIMS3) e Vivo (VIVT3)\"\/><\/a><span class=\"spotlightCategory\"><a href=\"https:\/\/www.suno.com.br\/noticias\/negocios\/\">Neg\u00f3cios<\/a><\/span><\/div><div class=\"cardsPage__listCard__boxs__content\"><a href=\"https:\/\/www.suno.com.br\/noticias\/oi-oibr3-antenas-tim-tims3\/\"><h2 class=\"content__title\">Oi (OIBR3): Antenas herdadas ser\u00e3o vendidas pela Tim (TIMS3) e Vivo (VIVT3)<\/h2><\/a><div class=\"newsContent__article__meta\"><div class=\"newsContent__article__meta__authorBox\"><a href=\"https:\/\/www.suno.com.br\/noticias\/author\/eduardo-vargas\/\" class=\"authorBox__avatar noMobi\"><img src=\"https:\/\/secure.gravatar.com\/avatar\/dac340933427a22924c9f99d1eb2e3f2?s=96&#038;r=g\" alt=\"Eduardo Vargas\"><\/a><div class=\"authorBox__name\"><span>por\n\t\t\t<a href=\"https:\/\/www.suno.com.br\/noticias\/author\/eduardo-vargas\/\"><span itemprop=\"author\">Eduardo Vargas<\/span><\/a><\/span><time datetime=\"2022-07-13T09:13:18-03:00\" itemprop=\"datePublished\">13\/07\/2022 09:13<\/time><\/div><\/div><\/div><\/div><\/div>","single_layout":"posts","amp_enabled":true,"_links":{"self":[{"href":"https:\/\/www.suno.com.br\/noticias\/wp-json\/wp\/v2\/posts\/275564"}],"collection":[{"href":"https:\/\/www.suno.com.br\/noticias\/wp-json\/wp\/v2\/posts"}],"about":[{"href":"https:\/\/www.suno.com.br\/noticias\/wp-json\/wp\/v2\/types\/post"}],"author":[{"embeddable":true,"href":"https:\/\/www.suno.com.br\/noticias\/wp-json\/wp\/v2\/users\/73"}],"replies":[{"embeddable":true,"href":"https:\/\/www.suno.com.br\/noticias\/wp-json\/wp\/v2\/comments?post=275564"}],"version-history":[{"count":2,"href":"https:\/\/www.suno.com.br\/noticias\/wp-json\/wp\/v2\/posts\/275564\/revisions"}],"predecessor-version":[{"id":275579,"href":"https:\/\/www.suno.com.br\/noticias\/wp-json\/wp\/v2\/posts\/275564\/revisions\/275579"}],"wp:featuredmedia":[{"embeddable":true,"href":"https:\/\/www.suno.com.br\/noticias\/wp-json\/wp\/v2\/media\/265652"}],"wp:attachment":[{"href":"https:\/\/www.suno.com.br\/noticias\/wp-json\/wp\/v2\/media?parent=275564"}],"wp:term":[{"taxonomy":"category","embeddable":true,"href":"https:\/\/www.suno.com.br\/noticias\/wp-json\/wp\/v2\/categories?post=275564"},{"taxonomy":"post_tag","embeddable":true,"href":"https:\/\/www.suno.com.br\/noticias\/wp-json\/wp\/v2\/tags?post=275564"},{"taxonomy":"suno_strategy","embeddable":true,"href":"https:\/\/www.suno.com.br\/noticias\/wp-json\/wp\/v2\/suno_strategy?post=275564"}],"curies":[{"name":"wp","href":"https:\/\/api.w.org\/{rel}","templated":true}]}}