{"id":27542,"date":"2019-06-06T19:30:26","date_gmt":"2019-06-06T22:30:26","guid":{"rendered":"https:\/\/www.suno.com.br\/noticias\/?p=27542"},"modified":"2019-06-06T19:33:14","modified_gmt":"2019-06-06T22:33:14","slug":"inadimplentes-brasileiros-nome-sujo-chega","status":"publish","type":"post","link":"https:\/\/www.suno.com.br\/noticias\/inadimplentes-brasileiros-nome-sujo-chega\/","title":{"rendered":"N\u00famero de brasileiros inadimplentes bate recorde e chega a 63,2 mi"},"content":{"rendered":"<p>O n\u00famero de brasileiros inadimplentes bateu recorde e atingiu 63,2 milh\u00f5es de pessoas. Esse n\u00famero representa 40,4% da popula\u00e7\u00e3o adulta do Pa\u00eds. As informa\u00e7\u00f5es foram divulgadas nesta quinta-feira (06) pela Serasa Experian.<\/p>\t<div class=\"wrapper-featured-image\">\n\t\t<figure class=\"spotlightImg\">\n\n\t\t\t<picture>\n\t\t\t\t<source media=\"(max-width: 768px)\" srcset=\"https:\/\/files.sunoresearch.com.br\/n\/uploads\/2018\/11\/3bd91c74-inadimplentes-400x200.webp\">\n\t\t\t\t<img loading=\"lazy\" decoding=\"async\" class=\"newsContent__article__imgCapa lazyloadDisabled newsContent__article__imgCapa--noCaption\" src=\"https:\/\/files.sunoresearch.com.br\/n\/uploads\/2018\/11\/3bd91c74-inadimplentes-800x450.webp\" width=\"800\" height=\"450\" alt=\"N\u00famero de brasileiros inadimplentes bate recorde e chega a 63,2 mi\" fetchpriority=high \/>\n\t\t\t<\/picture>\n\n\t\t\t<figcaption class=\"wp-caption-text wp-caption-text--hide\"><\/figcaption>\n\t\t<\/figure>\n\t<\/div>\n\n\n<p>Em compara\u00e7\u00e3o com o mesmo per\u00edodo do ano passado (61,2 milh\u00f5es), houve um acr\u00e9scimo de 2 milh\u00f5es pessoas, eleva\u00e7\u00e3o de 3,3%. J\u00e1 em rela\u00e7\u00e3o a mar\u00e7o, a alta foi de 0,3%. Al\u00e9m do n\u00famero total de pessoas\u00a0<strong>inadimplentes<\/strong>, a metodologia tamb\u00e9m calcula o percentual de <strong>endividados<\/strong> em rela\u00e7\u00e3o a toda popula\u00e7\u00e3o brasileira.<\/p>\n<p><a href=\"https:\/\/www.suno.com.br\/noticias\/numero-inadimplentes-recorde-marco\/\">Saiba mais:\u00a0N\u00famero de inadimplentes bate recorde e chega a 63 milh\u00f5es em mar\u00e7o, diz Serasa<\/a><\/p>\n<p>&#8220;Al\u00e9m dos impactos gerados pela insufici\u00eancia da educa\u00e7\u00e3o financeira do brasileiro, a <strong>inadimpl\u00eancia<\/strong> \u00e9 uma vari\u00e1vel que segue as principais tend\u00eancias do cen\u00e1rio econ\u00f4mico nacional. Nesse sentido, com a <strong>estagna\u00e7\u00e3o da economia<\/strong>, <strong>aumento do desemprego<\/strong> e da <a href=\"https:\/\/www.suno.com.br\/artigos\/inflacao\/\"><strong>infla\u00e7\u00e3o<\/strong> <\/a>ao longo dos primeiros meses de 2019, que impactam diretamente o <strong>or\u00e7amento dom\u00e9stico<\/strong>, continuamos a bater recordes no n\u00famero de consumidores com contas em atraso&#8221;, disse Luiz Rabi, economista da Serasa Experian.<\/p>\n\t<p>\n\t\t<a href=\"https:\/\/lp.suno.com.br\/planilha-controle-gastos\/\" target=\"_blank\" data-element=\"shortcode-suno-banner\" title=\"Banner SUNO, clique e saiba mais\">\n\t\t\t<picture>\n\t\t\t\t<source media=\"(max-width: 500px)\" srcset=\"https:\/\/files.sunoresearch.com.br\/n\/uploads\/2023\/03\/400x300-Planilha-controle-de-gastos.png\">\n\t\t\t\t<img class=\"newsContent__article__imgCapa newsContent__article__imgCapa--banner\"\n\t\t\t\t\tsrc=\"https:\/\/files.sunoresearch.com.br\/n\/uploads\/2023\/03\/1420x240-Planilha-controle-de-gastos.png\"\n\t\t\t\t\tdata-promo-id=\"101751\"\t\t\t\t\t\t\t\t\t\twidth='1420' height='240'\t\t\t\t\talt=\"https:\/\/files.sunoresearch.com.br\/n\/uploads\/2023\/03\/1420x240-Planilha-controle-de-gastos.png\"\n\t\t\t\t>\n\t\t\t<\/picture>\n\t\t<\/a>\n\t<\/p>\n\n\n<h2>Cart\u00f5es e bancos<\/h2>\n<p>A maioria das d\u00edvidas em abril foram realizadas no <strong>cart\u00e3o de cr\u00e9dito<\/strong> e com os <strong>bancos<\/strong>, representando 28,6% do total de acordo com a <strong>Serasa<\/strong>. Esse tipo de d\u00edvida obteve um aumento de 0,6 pontos percentual desde janeiro.<\/p>\n<p><a href=\"https:\/\/www.suno.com.br\/noticias\/serasa-recuperacoes-judiciais-caem-2018\/\">Saiba mais:\u00a0Serasa: recupera\u00e7\u00f5es judiciais caem 0,8% em 2018<\/a><\/p>\n<p>&#8220;Esse crescimento demonstra a dificuldade em honrar um tipo de pagamento que costuma ser prioridade das fam\u00edlias. Isso \u00e9 um sinal de que as pessoas j\u00e1 tomaram cr\u00e9dito para quitar outras d\u00edvidas e chegaram no ponto de n\u00e3o conseguirem pagar nem este empr\u00e9stimo&#8221;, afirmou Rabi.<\/p>\n<p>Os setores que mais re\u00fanem as d\u00edvidas dos brasileiros s\u00e3o:<\/p>\n<ul>\n<li>Bancos e cart\u00f5es: 28,6%<\/li>\n<li>Utilidades: 20,2%<\/li>\n<li>Telefonia: 12,1%<\/li>\n<li>Com\u00e9rcio: 11,7%<\/li>\n<li>Servi\u00e7os: 10,5%<\/li>\n<li>Financeira\/Leasing: 10,1%<\/li>\n<li>Outros: 6,8%<\/li>\n<\/ul>\n\t<p>\n\t\t<a href=\"https:\/\/lp.suno.com.br\/ebook-guia-ir\/\" target=\"_blank\" data-element=\"shortcode-suno-banner\" title=\"Banner SUNO, clique e saiba mais\">\n\t\t\t<picture>\n\t\t\t\t<source media=\"(max-width: 500px)\" srcset=\"https:\/\/files.sunoresearch.com.br\/n\/uploads\/2023\/03\/400x300-Ebook-IR.png\">\n\t\t\t\t<img class=\"newsContent__article__imgCapa newsContent__article__imgCapa--banner\"\n\t\t\t\t\tsrc=\"https:\/\/files.sunoresearch.com.br\/n\/uploads\/2023\/03\/1420x240-Ebook-IR.png\"\n\t\t\t\t\tdata-promo-id=\"383124\"\t\t\t\t\t\t\t\t\t\twidth='1420' height='240'\t\t\t\t\talt=\"https:\/\/files.sunoresearch.com.br\/n\/uploads\/2023\/03\/1420x240-Ebook-IR.png\"\n\t\t\t\t>\n\t\t\t<\/picture>\n\t\t<\/a>\n\t<\/p>\n\n\n<h2>Estados<\/h2>\n<p>Os estados com maior n\u00famero de brasileiros com <strong>inadimpl\u00eancia<\/strong> \u00e9 Roraima, com 59,87%. Em seguida est\u00e3o Amap\u00e1 (52,4%) e Amazonas (50,6%). Por outro lado, Santa Catariana (33,1%), Para\u00edba (33,6%) e Piau\u00ed (34,4%) concentram os menores valores de pessoas endividadas.<\/p>\n<p>&nbsp;<\/p>\n","protected":false},"excerpt":{"rendered":"<p>O n\u00famero de brasileiros inadimplentes bateu recorde e atingiu 63,2 milh\u00f5es de pessoas. Esse n\u00famero representa 40,4% da popula\u00e7\u00e3o adulta do Pa\u00eds. As informa\u00e7\u00f5es foram divulgadas nesta quinta-feira (06) pela Serasa Experian. Em compara\u00e7\u00e3o com o mesmo per\u00edodo do ano passado (61,2 milh\u00f5es), houve um acr\u00e9scimo de 2 milh\u00f5es pessoas, eleva\u00e7\u00e3o de 3,3%. J\u00e1 em [&hellip;]<\/p>\n","protected":false},"author":14,"featured_media":6300,"comment_status":"closed","ping_status":"closed","sticky":false,"template":"","format":"standard","meta":[],"categories":[64],"tags":[837,978],"suno_strategy":[],"class_list":["post-27542","post","type-post","status-publish","format-standard","has-post-thumbnail","hentry","category-negocios","tag-inadimplencia","tag-serasa"],"yoast_head":"<!-- This site is optimized with the Yoast SEO plugin v24.4 - https:\/\/yoast.com\/wordpress\/plugins\/seo\/ -->\n<title>N\u00famero de brasileiros inadimplentes bate recorde e chega a 63,2 mi<\/title>\n<meta name=\"description\" content=\"Entre os fatores que contribu\u00edram para o n\u00ba de inadimplentes est\u00e1 estagna\u00e7\u00e3o da economia, aumento do desemprego a infla\u00e7\u00e3o. Clique e veja mais.\" \/>\n<meta name=\"robots\" content=\"index, follow, max-snippet:-1, max-image-preview:large, max-video-preview:-1\" \/>\n<link rel=\"canonical\" href=\"https:\/\/www.suno.com.br\/noticias\/inadimplentes-brasileiros-nome-sujo-chega\/\" \/>\n<meta property=\"og:locale\" content=\"pt_BR\" \/>\n<meta property=\"og:type\" content=\"article\" \/>\n<meta property=\"og:title\" content=\"N\u00famero de brasileiros inadimplentes bate recorde e chega a 63,2 mi\" \/>\n<meta property=\"og:description\" content=\"Entre os fatores que contribu\u00edram para o n\u00ba de inadimplentes est\u00e1 estagna\u00e7\u00e3o da economia, aumento do desemprego a infla\u00e7\u00e3o. Clique e veja mais.\" \/>\n<meta property=\"og:url\" content=\"https:\/\/www.suno.com.br\/noticias\/inadimplentes-brasileiros-nome-sujo-chega\/\" \/>\n<meta property=\"og:site_name\" content=\"Suno Not\u00edcias\" \/>\n<meta property=\"article:publisher\" content=\"https:\/\/facebook.com\/sunoresearch\" \/>\n<meta property=\"og:image\" content=\"https:\/\/files.sunoresearch.com.br\/n\/uploads\/2018\/11\/3bd91c74-inadimplentes.jpg\" \/>\n\t<meta property=\"og:image:width\" content=\"1920\" \/>\n\t<meta property=\"og:image:height\" content=\"1280\" \/>\n\t<meta property=\"og:image:type\" content=\"image\/jpeg\" \/>\n<meta name=\"author\" content=\"Renan Dantas\" \/>\n<meta name=\"twitter:card\" content=\"summary_large_image\" \/>\n<meta name=\"twitter:creator\" content=\"@sunoresearch\" \/>\n<meta name=\"twitter:site\" content=\"@sunoresearch\" \/>\n<meta name=\"twitter:label1\" content=\"Escrito por\" \/>\n\t<meta name=\"twitter:data1\" content=\"Renan Dantas\" \/>\n\t<meta name=\"twitter:label2\" content=\"Est. tempo de leitura\" \/>\n\t<meta name=\"twitter:data2\" content=\"2 minutos\" \/>\n<script type=\"application\/ld+json\" class=\"yoast-schema-graph\">{\"@context\":\"https:\/\/schema.org\",\"@graph\":[{\"@type\":\"NewsArticle\",\"@id\":\"https:\/\/www.suno.com.br\/noticias\/inadimplentes-brasileiros-nome-sujo-chega\/#article\",\"isPartOf\":{\"@id\":\"https:\/\/www.suno.com.br\/noticias\/inadimplentes-brasileiros-nome-sujo-chega\/\"},\"author\":{\"name\":\"Renan Dantas\",\"@id\":\"https:\/\/www.suno.com.br\/noticias\/#\/schema\/person\/3f7693d5795a3f6d5ce15309ee785699\"},\"headline\":\"N\u00famero de brasileiros inadimplentes bate recorde e chega a 63,2 mi\",\"datePublished\":\"2019-06-06T22:30:26+00:00\",\"dateModified\":\"2019-06-06T22:33:14+00:00\",\"mainEntityOfPage\":{\"@id\":\"https:\/\/www.suno.com.br\/noticias\/inadimplentes-brasileiros-nome-sujo-chega\/\"},\"wordCount\":377,\"publisher\":{\"@id\":\"https:\/\/www.suno.com.br\/noticias\/#organization\"},\"image\":{\"@id\":\"https:\/\/www.suno.com.br\/noticias\/inadimplentes-brasileiros-nome-sujo-chega\/#primaryimage\"},\"thumbnailUrl\":\"https:\/\/files.sunoresearch.com.br\/n\/uploads\/2018\/11\/3bd91c74-inadimplentes-jpg.webp\",\"keywords\":[\"Inadimpl\u00eancia\",\"Serasa\"],\"articleSection\":[\"Neg\u00f3cios\"],\"inLanguage\":\"pt-BR\"},{\"@type\":\"WebPage\",\"@id\":\"https:\/\/www.suno.com.br\/noticias\/inadimplentes-brasileiros-nome-sujo-chega\/\",\"url\":\"https:\/\/www.suno.com.br\/noticias\/inadimplentes-brasileiros-nome-sujo-chega\/\",\"name\":\"N\u00famero de brasileiros inadimplentes bate recorde e chega a 63,2 mi\",\"isPartOf\":{\"@id\":\"https:\/\/www.suno.com.br\/noticias\/#website\"},\"primaryImageOfPage\":{\"@id\":\"https:\/\/www.suno.com.br\/noticias\/inadimplentes-brasileiros-nome-sujo-chega\/#primaryimage\"},\"image\":{\"@id\":\"https:\/\/www.suno.com.br\/noticias\/inadimplentes-brasileiros-nome-sujo-chega\/#primaryimage\"},\"thumbnailUrl\":\"https:\/\/files.sunoresearch.com.br\/n\/uploads\/2018\/11\/3bd91c74-inadimplentes-jpg.webp\",\"datePublished\":\"2019-06-06T22:30:26+00:00\",\"dateModified\":\"2019-06-06T22:33:14+00:00\",\"description\":\"Entre os fatores que contribu\u00edram para o n\u00ba de inadimplentes est\u00e1 estagna\u00e7\u00e3o da economia, aumento do desemprego a infla\u00e7\u00e3o. Clique e veja mais.\",\"breadcrumb\":{\"@id\":\"https:\/\/www.suno.com.br\/noticias\/inadimplentes-brasileiros-nome-sujo-chega\/#breadcrumb\"},\"inLanguage\":\"pt-BR\",\"potentialAction\":[{\"@type\":\"ReadAction\",\"target\":[\"https:\/\/www.suno.com.br\/noticias\/inadimplentes-brasileiros-nome-sujo-chega\/\"]}]},{\"@type\":\"ImageObject\",\"inLanguage\":\"pt-BR\",\"@id\":\"https:\/\/www.suno.com.br\/noticias\/inadimplentes-brasileiros-nome-sujo-chega\/#primaryimage\",\"url\":\"https:\/\/files.sunoresearch.com.br\/n\/uploads\/2018\/11\/3bd91c74-inadimplentes-jpg.webp\",\"contentUrl\":\"https:\/\/files.sunoresearch.com.br\/n\/uploads\/2018\/11\/3bd91c74-inadimplentes-jpg.webp\",\"width\":1920,\"height\":1280,\"caption\":\"Inadimplentes\"},{\"@type\":\"BreadcrumbList\",\"@id\":\"https:\/\/www.suno.com.br\/noticias\/inadimplentes-brasileiros-nome-sujo-chega\/#breadcrumb\",\"itemListElement\":[{\"@type\":\"ListItem\",\"position\":1,\"name\":\"Not\u00edcias\",\"item\":\"https:\/\/www.suno.com.br\/noticias\/\"},{\"@type\":\"ListItem\",\"position\":2,\"name\":\"Neg\u00f3cios\",\"item\":\"https:\/\/www.suno.com.br\/noticias\/negocios\/\"},{\"@type\":\"ListItem\",\"position\":3,\"name\":\"N\u00famero de brasileiros inadimplentes bate recorde e chega a 63,2 mi\"}]},{\"@type\":\"WebSite\",\"@id\":\"https:\/\/www.suno.com.br\/noticias\/#website\",\"url\":\"https:\/\/www.suno.com.br\/noticias\/\",\"name\":\"Suno Not\u00edcias\",\"description\":\"Seu portal de informa\u00e7\u00e3o sobre o mundo dos investimentos\",\"publisher\":{\"@id\":\"https:\/\/www.suno.com.br\/noticias\/#organization\"},\"potentialAction\":[{\"@type\":\"SearchAction\",\"target\":{\"@type\":\"EntryPoint\",\"urlTemplate\":\"https:\/\/www.suno.com.br\/noticias\/?s={search_term_string}\"},\"query-input\":{\"@type\":\"PropertyValueSpecification\",\"valueRequired\":true,\"valueName\":\"search_term_string\"}}],\"inLanguage\":\"pt-BR\"},{\"@type\":\"Organization\",\"@id\":\"https:\/\/www.suno.com.br\/noticias\/#organization\",\"name\":\"Suno Not\u00edcias\",\"url\":\"https:\/\/www.suno.com.br\/noticias\/\",\"logo\":{\"@type\":\"ImageObject\",\"inLanguage\":\"pt-BR\",\"@id\":\"https:\/\/www.suno.com.br\/noticias\/#\/schema\/logo\/image\/\",\"url\":\"https:\/\/files.sunoresearch.com.br\/n\/uploads\/2021\/09\/suno-logo.png\",\"contentUrl\":\"https:\/\/files.sunoresearch.com.br\/n\/uploads\/2021\/09\/suno-logo.png\",\"width\":180,\"height\":180,\"caption\":\"Suno Not\u00edcias\"},\"image\":{\"@id\":\"https:\/\/www.suno.com.br\/noticias\/#\/schema\/logo\/image\/\"},\"sameAs\":[\"https:\/\/facebook.com\/sunoresearch\",\"https:\/\/x.com\/sunoresearch\",\"https:\/\/www.instagram.com\/suno\",\"https:\/\/www.linkedin.com\/company\/suno-research\/\",\"https:\/\/www.youtube.com\/c\/sunoresearch\"]},{\"@type\":\"Person\",\"@id\":\"https:\/\/www.suno.com.br\/noticias\/#\/schema\/person\/3f7693d5795a3f6d5ce15309ee785699\",\"name\":\"Renan Dantas\",\"image\":{\"@type\":\"ImageObject\",\"inLanguage\":\"pt-BR\",\"@id\":\"https:\/\/www.suno.com.br\/noticias\/#\/schema\/person\/image\/\",\"url\":\"https:\/\/secure.gravatar.com\/avatar\/1787b83e7484a08e51d62ac8b41c8396?s=96&r=g\",\"contentUrl\":\"https:\/\/secure.gravatar.com\/avatar\/1787b83e7484a08e51d62ac8b41c8396?s=96&r=g\",\"caption\":\"Renan Dantas\"},\"description\":\"Escreve sobre pol\u00edtica e mercado financeiro para o portal Suno Not\u00edcias. Antes, atuou na assessoria de comunica\u00e7\u00e3o do Minist\u00e9rio P\u00fablico do Trabalho e na R\u00e1dio Mackenzie, onde apresentava e produzia um programa sobre artistas da m\u00fasica brasileira. \u00c9 estudante na Universidade Presbiteriana Mackenzie.\",\"url\":\"https:\/\/www.suno.com.br\/noticias\/author\/renan-dantas\/\"}]}<\/script>\n<!-- \/ Yoast SEO plugin. -->","yoast_head_json":{"title":"N\u00famero de brasileiros inadimplentes bate recorde e chega a 63,2 mi","description":"Entre os fatores que contribu\u00edram para o n\u00ba de inadimplentes est\u00e1 estagna\u00e7\u00e3o da economia, aumento do desemprego a infla\u00e7\u00e3o. Clique e veja mais.","robots":{"index":"index","follow":"follow","max-snippet":"max-snippet:-1","max-image-preview":"max-image-preview:large","max-video-preview":"max-video-preview:-1"},"canonical":"https:\/\/www.suno.com.br\/noticias\/inadimplentes-brasileiros-nome-sujo-chega\/","og_locale":"pt_BR","og_type":"article","og_title":"N\u00famero de brasileiros inadimplentes bate recorde e chega a 63,2 mi","og_description":"Entre os fatores que contribu\u00edram para o n\u00ba de inadimplentes est\u00e1 estagna\u00e7\u00e3o da economia, aumento do desemprego a infla\u00e7\u00e3o. Clique e veja mais.","og_url":"https:\/\/www.suno.com.br\/noticias\/inadimplentes-brasileiros-nome-sujo-chega\/","og_site_name":"Suno Not\u00edcias","article_publisher":"https:\/\/facebook.com\/sunoresearch","og_image":[{"width":1920,"height":1280,"url":"https:\/\/files.sunoresearch.com.br\/n\/uploads\/2018\/11\/3bd91c74-inadimplentes.jpg","type":"image\/jpeg"}],"author":"Renan Dantas","twitter_card":"summary_large_image","twitter_creator":"@sunoresearch","twitter_site":"@sunoresearch","twitter_misc":{"Escrito por":"Renan Dantas","Est. tempo de leitura":"2 minutos"},"schema":{"@context":"https:\/\/schema.org","@graph":[{"@type":"NewsArticle","@id":"https:\/\/www.suno.com.br\/noticias\/inadimplentes-brasileiros-nome-sujo-chega\/#article","isPartOf":{"@id":"https:\/\/www.suno.com.br\/noticias\/inadimplentes-brasileiros-nome-sujo-chega\/"},"author":{"name":"Renan Dantas","@id":"https:\/\/www.suno.com.br\/noticias\/#\/schema\/person\/3f7693d5795a3f6d5ce15309ee785699"},"headline":"N\u00famero de brasileiros inadimplentes bate recorde e chega a 63,2 mi","datePublished":"2019-06-06T22:30:26+00:00","dateModified":"2019-06-06T22:33:14+00:00","mainEntityOfPage":{"@id":"https:\/\/www.suno.com.br\/noticias\/inadimplentes-brasileiros-nome-sujo-chega\/"},"wordCount":377,"publisher":{"@id":"https:\/\/www.suno.com.br\/noticias\/#organization"},"image":{"@id":"https:\/\/www.suno.com.br\/noticias\/inadimplentes-brasileiros-nome-sujo-chega\/#primaryimage"},"thumbnailUrl":"https:\/\/files.sunoresearch.com.br\/n\/uploads\/2018\/11\/3bd91c74-inadimplentes-jpg.webp","keywords":["Inadimpl\u00eancia","Serasa"],"articleSection":["Neg\u00f3cios"],"inLanguage":"pt-BR"},{"@type":"WebPage","@id":"https:\/\/www.suno.com.br\/noticias\/inadimplentes-brasileiros-nome-sujo-chega\/","url":"https:\/\/www.suno.com.br\/noticias\/inadimplentes-brasileiros-nome-sujo-chega\/","name":"N\u00famero de brasileiros inadimplentes bate recorde e chega a 63,2 mi","isPartOf":{"@id":"https:\/\/www.suno.com.br\/noticias\/#website"},"primaryImageOfPage":{"@id":"https:\/\/www.suno.com.br\/noticias\/inadimplentes-brasileiros-nome-sujo-chega\/#primaryimage"},"image":{"@id":"https:\/\/www.suno.com.br\/noticias\/inadimplentes-brasileiros-nome-sujo-chega\/#primaryimage"},"thumbnailUrl":"https:\/\/files.sunoresearch.com.br\/n\/uploads\/2018\/11\/3bd91c74-inadimplentes-jpg.webp","datePublished":"2019-06-06T22:30:26+00:00","dateModified":"2019-06-06T22:33:14+00:00","description":"Entre os fatores que contribu\u00edram para o n\u00ba de inadimplentes est\u00e1 estagna\u00e7\u00e3o da economia, aumento do desemprego a infla\u00e7\u00e3o. Clique e veja mais.","breadcrumb":{"@id":"https:\/\/www.suno.com.br\/noticias\/inadimplentes-brasileiros-nome-sujo-chega\/#breadcrumb"},"inLanguage":"pt-BR","potentialAction":[{"@type":"ReadAction","target":["https:\/\/www.suno.com.br\/noticias\/inadimplentes-brasileiros-nome-sujo-chega\/"]}]},{"@type":"ImageObject","inLanguage":"pt-BR","@id":"https:\/\/www.suno.com.br\/noticias\/inadimplentes-brasileiros-nome-sujo-chega\/#primaryimage","url":"https:\/\/files.sunoresearch.com.br\/n\/uploads\/2018\/11\/3bd91c74-inadimplentes-jpg.webp","contentUrl":"https:\/\/files.sunoresearch.com.br\/n\/uploads\/2018\/11\/3bd91c74-inadimplentes-jpg.webp","width":1920,"height":1280,"caption":"Inadimplentes"},{"@type":"BreadcrumbList","@id":"https:\/\/www.suno.com.br\/noticias\/inadimplentes-brasileiros-nome-sujo-chega\/#breadcrumb","itemListElement":[{"@type":"ListItem","position":1,"name":"Not\u00edcias","item":"https:\/\/www.suno.com.br\/noticias\/"},{"@type":"ListItem","position":2,"name":"Neg\u00f3cios","item":"https:\/\/www.suno.com.br\/noticias\/negocios\/"},{"@type":"ListItem","position":3,"name":"N\u00famero de brasileiros inadimplentes bate recorde e chega a 63,2 mi"}]},{"@type":"WebSite","@id":"https:\/\/www.suno.com.br\/noticias\/#website","url":"https:\/\/www.suno.com.br\/noticias\/","name":"Suno Not\u00edcias","description":"Seu portal de informa\u00e7\u00e3o sobre o mundo dos investimentos","publisher":{"@id":"https:\/\/www.suno.com.br\/noticias\/#organization"},"potentialAction":[{"@type":"SearchAction","target":{"@type":"EntryPoint","urlTemplate":"https:\/\/www.suno.com.br\/noticias\/?s={search_term_string}"},"query-input":{"@type":"PropertyValueSpecification","valueRequired":true,"valueName":"search_term_string"}}],"inLanguage":"pt-BR"},{"@type":"Organization","@id":"https:\/\/www.suno.com.br\/noticias\/#organization","name":"Suno Not\u00edcias","url":"https:\/\/www.suno.com.br\/noticias\/","logo":{"@type":"ImageObject","inLanguage":"pt-BR","@id":"https:\/\/www.suno.com.br\/noticias\/#\/schema\/logo\/image\/","url":"https:\/\/files.sunoresearch.com.br\/n\/uploads\/2021\/09\/suno-logo.png","contentUrl":"https:\/\/files.sunoresearch.com.br\/n\/uploads\/2021\/09\/suno-logo.png","width":180,"height":180,"caption":"Suno Not\u00edcias"},"image":{"@id":"https:\/\/www.suno.com.br\/noticias\/#\/schema\/logo\/image\/"},"sameAs":["https:\/\/facebook.com\/sunoresearch","https:\/\/x.com\/sunoresearch","https:\/\/www.instagram.com\/suno","https:\/\/www.linkedin.com\/company\/suno-research\/","https:\/\/www.youtube.com\/c\/sunoresearch"]},{"@type":"Person","@id":"https:\/\/www.suno.com.br\/noticias\/#\/schema\/person\/3f7693d5795a3f6d5ce15309ee785699","name":"Renan Dantas","image":{"@type":"ImageObject","inLanguage":"pt-BR","@id":"https:\/\/www.suno.com.br\/noticias\/#\/schema\/person\/image\/","url":"https:\/\/secure.gravatar.com\/avatar\/1787b83e7484a08e51d62ac8b41c8396?s=96&r=g","contentUrl":"https:\/\/secure.gravatar.com\/avatar\/1787b83e7484a08e51d62ac8b41c8396?s=96&r=g","caption":"Renan Dantas"},"description":"Escreve sobre pol\u00edtica e mercado financeiro para o portal Suno Not\u00edcias. Antes, atuou na assessoria de comunica\u00e7\u00e3o do Minist\u00e9rio P\u00fablico do Trabalho e na R\u00e1dio Mackenzie, onde apresentava e produzia um programa sobre artistas da m\u00fasica brasileira. \u00c9 estudante na Universidade Presbiteriana Mackenzie.","url":"https:\/\/www.suno.com.br\/noticias\/author\/renan-dantas\/"}]}},"default_loop_html":"<div class=\"cardsPage__listCard__boxs\"><div class=\"cardsPage__listCard__boxs__img\"><a href=\"https:\/\/www.suno.com.br\/noticias\/inadimplentes-brasileiros-nome-sujo-chega\/\"><img class=\"mask\" src=\"https:\/\/www.suno.com.br\/noticias\/wp-content\/themes\/suno\/resources\/images\/spotlight\/spotlight1img\/bg-mask.png\" alt=\"Image Mask\"\/><img src=\"https:\/\/files.sunoresearch.com.br\/n\/uploads\/2018\/11\/3bd91c74-inadimplentes-400x200.webp\" alt=\"N\u00famero de brasileiros inadimplentes bate recorde e chega a 63,2 mi\"\/><\/a><span class=\"spotlightCategory\"><a href=\"https:\/\/www.suno.com.br\/noticias\/negocios\/\">Neg\u00f3cios<\/a><\/span><\/div><div class=\"cardsPage__listCard__boxs__content\"><a href=\"https:\/\/www.suno.com.br\/noticias\/inadimplentes-brasileiros-nome-sujo-chega\/\"><h2 class=\"content__title\">N\u00famero de brasileiros inadimplentes bate recorde e chega a 63,2 mi<\/h2><\/a><div class=\"newsContent__article__meta\"><div class=\"newsContent__article__meta__authorBox\"><a href=\"https:\/\/www.suno.com.br\/noticias\/author\/renan-dantas\/\" class=\"authorBox__avatar noMobi\"><img src=\"https:\/\/secure.gravatar.com\/avatar\/1787b83e7484a08e51d62ac8b41c8396?s=96&#038;r=g\" alt=\"Renan Dantas\"><\/a><div class=\"authorBox__name\"><span>por\n\t\t\t<a href=\"https:\/\/www.suno.com.br\/noticias\/author\/renan-dantas\/\"><span itemprop=\"author\">Renan Dantas<\/span><\/a><\/span><time datetime=\"2019-06-06T19:30:26-03:00\" itemprop=\"datePublished\">06\/06\/2019 19:30<\/time><\/div><\/div><\/div><\/div><\/div>","single_layout":"posts","amp_enabled":true,"_links":{"self":[{"href":"https:\/\/www.suno.com.br\/noticias\/wp-json\/wp\/v2\/posts\/27542"}],"collection":[{"href":"https:\/\/www.suno.com.br\/noticias\/wp-json\/wp\/v2\/posts"}],"about":[{"href":"https:\/\/www.suno.com.br\/noticias\/wp-json\/wp\/v2\/types\/post"}],"author":[{"embeddable":true,"href":"https:\/\/www.suno.com.br\/noticias\/wp-json\/wp\/v2\/users\/14"}],"replies":[{"embeddable":true,"href":"https:\/\/www.suno.com.br\/noticias\/wp-json\/wp\/v2\/comments?post=27542"}],"version-history":[{"count":0,"href":"https:\/\/www.suno.com.br\/noticias\/wp-json\/wp\/v2\/posts\/27542\/revisions"}],"wp:featuredmedia":[{"embeddable":true,"href":"https:\/\/www.suno.com.br\/noticias\/wp-json\/wp\/v2\/media\/6300"}],"wp:attachment":[{"href":"https:\/\/www.suno.com.br\/noticias\/wp-json\/wp\/v2\/media?parent=27542"}],"wp:term":[{"taxonomy":"category","embeddable":true,"href":"https:\/\/www.suno.com.br\/noticias\/wp-json\/wp\/v2\/categories?post=27542"},{"taxonomy":"post_tag","embeddable":true,"href":"https:\/\/www.suno.com.br\/noticias\/wp-json\/wp\/v2\/tags?post=27542"},{"taxonomy":"suno_strategy","embeddable":true,"href":"https:\/\/www.suno.com.br\/noticias\/wp-json\/wp\/v2\/suno_strategy?post=27542"}],"curies":[{"name":"wp","href":"https:\/\/api.w.org\/{rel}","templated":true}]}}