{"id":27531,"date":"2019-06-06T18:07:29","date_gmt":"2019-06-06T21:07:29","guid":{"rendered":"https:\/\/www.suno.com.br\/noticias\/?p=27531"},"modified":"2019-06-06T18:48:33","modified_gmt":"2019-06-06T21:48:33","slug":"ibovespa-fechamento-06062019","status":"publish","type":"post","link":"https:\/\/www.suno.com.br\/noticias\/ibovespa-fechamento-06062019\/","title":{"rendered":"Ibovespa fecha em alta com retomada do STF na decis\u00e3o de privatiza\u00e7\u00f5es"},"content":{"rendered":"<p>O Ibovespa encerrou em alta de\u00a01,26% com\u00a097.204,85 pontos nesta quinta-feira (6). O cen\u00e1rio dom\u00e9stico estimulou a ascens\u00e3o.<\/p>\t<div class=\"wrapper-featured-image\">\n\t\t<figure class=\"spotlightImg\">\n\n\t\t\t<picture>\n\t\t\t\t<source media=\"(max-width: 768px)\" srcset=\"https:\/\/files.sunoresearch.com.br\/n\/uploads\/2018\/09\/960b312f-ibovespa-dolar-400x200.webp\">\n\t\t\t\t<img loading=\"lazy\" decoding=\"async\" class=\"newsContent__article__imgCapa lazyloadDisabled newsContent__article__imgCapa--noCaption\" src=\"https:\/\/files.sunoresearch.com.br\/n\/uploads\/2018\/09\/960b312f-ibovespa-dolar-800x450.webp\" width=\"800\" height=\"450\" alt=\"Ibovespa fecha em alta com retomada do STF na decis\u00e3o de privatiza\u00e7\u00f5es\" fetchpriority=high \/>\n\t\t\t<\/picture>\n\n\t\t\t<figcaption class=\"wp-caption-text wp-caption-text--hide\">Na manh\u00e3 de hoje, por volta das 10h05, o Ibovespa apresentava leve queda de 0,02%, alcan\u00e7ando 101.334,55 pontos<\/figcaption>\n\t\t<\/figure>\n\t<\/div>\n\n\n<p>A alta do <strong>Ibovespa<\/strong> foi impulsionada pela retomada do Supremo Tribunal Federal (STF) no julgamento que determinar\u00e1 se as privatiza\u00e7\u00f5es devem ser autorizadas no Legislativo. E se demandar\u00e3o o processo de licita\u00e7\u00e3o.<\/p>\n<p>A pontua\u00e7\u00e3o m\u00ednima do <strong>Ibovespa<\/strong> foi de\u00a096.001,79 pontos e a m\u00e1xima de\u00a097.461,97 pontos.<\/p>\n\t<p>\n\t\t<a href=\"https:\/\/lp.suno.com.br\/minicurso-contabilidade\/\" target=\"_blank\" data-element=\"shortcode-suno-banner\" title=\"Banner SUNO, clique e saiba mais\">\n\t\t\t<picture>\n\t\t\t\t<source media=\"(max-width: 500px)\" srcset=\"https:\/\/files.sunoresearch.com.br\/n\/uploads\/2023\/03\/400x300-Minicurso-Contabilidade.png\">\n\t\t\t\t<img class=\"newsContent__article__imgCapa newsContent__article__imgCapa--banner\"\n\t\t\t\t\tsrc=\"https:\/\/files.sunoresearch.com.br\/n\/uploads\/2023\/03\/1420x240-Minicurso-Contabilidade.png\"\n\t\t\t\t\tdata-promo-id=\"383158\"\t\t\t\t\t\t\t\t\t\twidth='1420' height='240'\t\t\t\t\talt=\"https:\/\/files.sunoresearch.com.br\/n\/uploads\/2023\/03\/1420x240-Minicurso-Contabilidade.png\"\n\t\t\t\t>\n\t\t\t<\/picture>\n\t\t<\/a>\n\t<\/p>\n\n\n<h2>STF retoma julgamento referente \u00e0s privatiza\u00e7\u00f5es<\/h2>\n<p>O\u00a0Supremo Tribunal Federal (STF) retomou na tarde desta quinta-feira o julgamento da liminar concedida pelo ministro do STF,\u00a0Ricardo Lewandowski, que definiu serem necess\u00e1rios para a <a href=\"https:\/\/www.suno.com.br\/artigos\/privatizacao\/\">privatiza\u00e7\u00e3o<\/a> de <a href=\"https:\/\/www.suno.com.br\/artigos\/estatal-so-se-for-de-graca\/\">empresas estatais<\/a>:<\/p>\n<ul>\n<li>autoriza\u00e7\u00e3o do Congresso Nacional;<\/li>\n<li>e licita\u00e7\u00e3o.<\/li>\n<\/ul>\n\t<p>\n\t\t<a href=\"https:\/\/lp.suno.com.br\/ebook-investindo-em-fiis\/\" target=\"_blank\" data-element=\"shortcode-suno-banner\" title=\"Banner SUNO, clique e saiba mais\">\n\t\t\t<picture>\n\t\t\t\t<source media=\"(max-width: 500px)\" srcset=\"https:\/\/files.sunoresearch.com.br\/n\/uploads\/2023\/07\/Ebook-Fundos-Imobiliarios-Mobile.jpg\">\n\t\t\t\t<img class=\"newsContent__article__imgCapa newsContent__article__imgCapa--banner\"\n\t\t\t\t\tsrc=\"https:\/\/files.sunoresearch.com.br\/n\/uploads\/2023\/07\/Ebook-Fundos-Imobiliarios-Desktop.jpg\"\n\t\t\t\t\tdata-promo-id=\"378301\"\t\t\t\t\t\t\t\t\t\twidth='1420' height='286'\t\t\t\t\talt=\"https:\/\/files.sunoresearch.com.br\/n\/uploads\/2023\/07\/Ebook-Fundos-Imobiliarios-Desktop.jpg\"\n\t\t\t\t>\n\t\t\t<\/picture>\n\t\t<\/a>\n\t<\/p>\n\n\n<h2>Via Varejo \u00e9 destaque positivo ap\u00f3s lan\u00e7ar fintech<\/h2>\n<p>A Via Varejo (VVAR3) informou na \u00faltima quarta-feira (5) que lan\u00e7ar\u00e1 uma <strong><a href=\"https:\/\/www.suno.com.br\/artigos\/fintechs\/\">fintech<\/a><\/strong> em parceria com a <strong>startup<\/strong> americana <strong>Airfox.<\/strong> A nova empresa se chamar\u00e1 <strong>banQi,<\/strong> e permitir\u00e1 realizar\u00a0saque gr\u00e1tis, pagamentos e recargas.<\/p>\n<p>O objetivo da <strong>Via Varejo<\/strong> \u00e9 incluir clientes <strong>desbancarizados<\/strong> na revolu\u00e7\u00e3o financeira digital. A controladora das marcas <strong>Casas Bahia<\/strong> e <strong>Pontofrio<\/strong> est\u00e1 de olho principalmente nas classes sociais mais baixas.<\/p>\n<p><a href=\"https:\/\/www.suno.com.br\/noticias\/vivara-pretende-realizar-ipo-na-b3-em-outubro-aponta-jornal\/\">Saiba mais &#8211;\u00a0Vivara pretende realizar IPO na B3 em outubro, aponta jornal<\/a><\/p>\n<h2>Guerra comercial: Trump amea\u00e7a impor novas tarifas sobre a China<\/h2>\n<p>O presidente norte-americano\u00a0Donald <strong>Trump<\/strong> amea\u00e7ou impor novas tarifas sobre os produtos chineses.\u00a0Segundo Trump, a imposi\u00e7\u00e3o ser\u00e1 de &#8220;ao menos&#8221; US$ 300 bilh\u00f5es. Al\u00e9m disso, o presidente dos <strong>Estados Unidos<\/strong> acredita que a<strong> China<\/strong> e o <strong>M\u00e9xico<\/strong> desejam fazer acordos com o pa\u00eds.<\/p>\n<p>&#8220;Nossas conversas com a<strong> China<\/strong>, muitas coisas interessantes est\u00e3o acontecendo. Veremos o que ocorre&#8230; eu poderia aumentar ao menos outros US$ 300 bilh\u00f5es, e o farei na hora certa&#8221;, afirmou\u00a0<strong>Donald Trump<\/strong>.<\/p>\n<p>O\u00a0<strong>Minist\u00e9rio do Com\u00e9rcio <\/strong>da <strong>China\u00a0<\/strong>se manifestou afirmando que as rela\u00e7\u00f5es entre as <strong>duas maiores economias do mundo<\/strong> tem sido ben\u00e9fica para os <strong>EUA<\/strong>. Al\u00e9m disso, acrescentou que as afirma\u00e7\u00f5es sobre a <strong>China<\/strong> se aproveitando da rela\u00e7\u00e3o \u00e9 <strong>infundada<\/strong>.<\/p>\n<p>&#8220;Desde que o <strong>novo governo dos EUA<\/strong> tomou posse, vem desconsiderando a natureza mutuamente ben\u00e9fica e vantajosa da <strong>coopera\u00e7\u00e3o econ\u00f4mica e comercial China-EUA<\/strong> e advogando a teoria de que os Estados Unidos foram &#8216;derrotados&#8217; pela China no com\u00e9rcio&#8221;, disse o relat\u00f3rio do Minist\u00e9rio.<\/p>\n<p><a href=\"https:\/\/www.suno.com.br\/noticias\/trump-ameca-china-guerra-comercial\/\">Saiba mais &#8211;\u00a0Trump amea\u00e7a impor novas taxas; China responde\u00a0<\/a><\/p>\n<h2>Vivara deve fazer IPO em outubro<\/h2>\n<p>A rede de joalherias brasileira <strong>Vivara<\/strong> iniciou as prepara\u00e7\u00f5es para seu <a href=\"https:\/\/www.suno.com.br\/artigos\/ipo\/\">Initial Public Offering<\/a> (<strong>IPO<\/strong>) nesta semana. De acordo com o &#8220;Valor Econ\u00f4mico&#8221;, a empresa pretende ser listada na <strong><a href=\"https:\/\/www.suno.com.br\/artigos\/b3\/\">B3<\/a><\/strong> (Brasil, Bolsa, Balc\u00e3o) em outubro.<\/p>\n<p>A <strong>Vivara<\/strong> mira captar cerca de R$ 1,5 bilh\u00e3o com a oferta de <strong>a\u00e7\u00f5es<\/strong>.<\/p>\n<p><a href=\"https:\/\/www.suno.com.br\/noticias\/vivara-pretende-realizar-ipo-na-b3-em-outubro-aponta-jornal\/\">Saiba mais &#8211;\u00a0Vivara pretende realizar IPO na B3 em outubro, aponta jornal<\/a><\/p>\n<h2>Bolsas internacionais<\/h2>\n<ul>\n<li>Nasdaq (Estados Unidos): alta de 0,53%<\/li>\n<li>FTSE 100 (Reino Unido): alta de 0,55%<\/li>\n<li>Nikkei (Jap\u00e3o): queda de 0,01%<\/li>\n<li>CAC40 (Fran\u00e7a): queda de 0,26%<\/li>\n<\/ul>\n<h2>Maiores altas do Ibovespa<\/h2>\n<ul>\n<li>VVAR3 alta de 6,45% (R$ 4,95)<\/li>\n<li>AZUL4 alta de 5,1% (R$ 42,69)<\/li>\n<li>MRVE3 alta de 3,98% (R$ 17,50)<\/li>\n<li>B3SA3 alta de 3,84% (R$ 37,30)<\/li>\n<li>ELET3 alta de 3,71% (R$ 36,05)<\/li>\n<\/ul>\n<h2>Maiores quedas do Ibovespa<\/h2>\n<ul>\n<li>ESTC3 queda de 3,11% (R$ 27,41)<\/li>\n<li>KROT3 queda de 2,57% (R$ 10,22)<\/li>\n<li>IRBR3 queda de 2,4% (R$ 94,85)<\/li>\n<li>BRKM5 queda de 2,35% (R$ 33,30)<\/li>\n<li>SUZB3 queda de 1,64% (R$ 29,95)<\/li>\n<\/ul>\n","protected":false},"excerpt":{"rendered":"<p>O Ibovespa encerrou em alta de\u00a01,26% com\u00a097.204,85 pontos nesta quinta-feira (6). O cen\u00e1rio dom\u00e9stico estimulou a ascens\u00e3o. Na manh\u00e3 de hoje, por volta das 10h05, o Ibovespa apresentava leve queda de 0,02%, alcan\u00e7ando 101.334,55 pontos A alta do Ibovespa foi impulsionada pela retomada do Supremo Tribunal Federal (STF) no julgamento que determinar\u00e1 se as privatiza\u00e7\u00f5es [&hellip;]<\/p>\n","protected":false},"author":12,"featured_media":3506,"comment_status":"closed","ping_status":"closed","sticky":false,"template":"","format":"standard","meta":[],"categories":[60],"tags":[721,945,785,106935],"suno_strategy":[],"class_list":["post-27531","post","type-post","status-publish","format-standard","has-post-thumbnail","hentry","category-mercado","tag-ibovespa","tag-privatizacoes","tag-supremo-tribunal-federal-stf","tag-via-viia3"],"yoast_head":"<!-- This site is optimized with the Yoast SEO plugin v24.4 - https:\/\/yoast.com\/wordpress\/plugins\/seo\/ -->\n<title>Ibovespa fecha em alta com retomada do STF na decis\u00e3o de privatiza\u00e7\u00f5es<\/title>\n<meta name=\"description\" content=\"O Ibovespa encerrou em ascens\u00e3o significativa devido \u00e0 retomada do STF no julgamento das privatiza\u00e7\u00f5es no Brasil. Clique para saber mais.\" \/>\n<meta name=\"robots\" content=\"index, follow, max-snippet:-1, max-image-preview:large, max-video-preview:-1\" \/>\n<link rel=\"canonical\" href=\"https:\/\/www.suno.com.br\/noticias\/ibovespa-fechamento-06062019\/\" \/>\n<meta property=\"og:locale\" content=\"pt_BR\" \/>\n<meta property=\"og:type\" content=\"article\" \/>\n<meta property=\"og:title\" content=\"Ibovespa fecha em alta com retomada do STF na decis\u00e3o de privatiza\u00e7\u00f5es\" \/>\n<meta property=\"og:description\" content=\"O Ibovespa encerrou em ascens\u00e3o significativa devido \u00e0 retomada do STF no julgamento das privatiza\u00e7\u00f5es no Brasil. Clique para saber mais.\" \/>\n<meta property=\"og:url\" content=\"https:\/\/www.suno.com.br\/noticias\/ibovespa-fechamento-06062019\/\" \/>\n<meta property=\"og:site_name\" content=\"Suno Not\u00edcias\" \/>\n<meta property=\"article:publisher\" content=\"https:\/\/facebook.com\/sunoresearch\" \/>\n<meta property=\"og:image\" content=\"https:\/\/files.sunoresearch.com.br\/n\/uploads\/2018\/09\/960b312f-ibovespa-dolar.jpg\" \/>\n\t<meta property=\"og:image:width\" content=\"1920\" \/>\n\t<meta property=\"og:image:height\" content=\"1280\" \/>\n\t<meta property=\"og:image:type\" content=\"image\/jpeg\" \/>\n<meta name=\"author\" content=\"Amanda Gushiken\" \/>\n<meta name=\"twitter:card\" content=\"summary_large_image\" \/>\n<meta name=\"twitter:creator\" content=\"@sunoresearch\" \/>\n<meta name=\"twitter:site\" content=\"@sunoresearch\" \/>\n<meta name=\"twitter:label1\" content=\"Escrito por\" \/>\n\t<meta name=\"twitter:data1\" content=\"Amanda Gushiken\" \/>\n\t<meta name=\"twitter:label2\" content=\"Est. tempo de leitura\" \/>\n\t<meta name=\"twitter:data2\" content=\"3 minutos\" \/>\n<script type=\"application\/ld+json\" class=\"yoast-schema-graph\">{\"@context\":\"https:\/\/schema.org\",\"@graph\":[{\"@type\":\"NewsArticle\",\"@id\":\"https:\/\/www.suno.com.br\/noticias\/ibovespa-fechamento-06062019\/#article\",\"isPartOf\":{\"@id\":\"https:\/\/www.suno.com.br\/noticias\/ibovespa-fechamento-06062019\/\"},\"author\":{\"name\":\"Amanda Gushiken\",\"@id\":\"https:\/\/www.suno.com.br\/noticias\/#\/schema\/person\/a5b06fa4e879d8e8e119c6ed3cd630d1\"},\"headline\":\"Ibovespa fecha em alta com retomada do STF na decis\u00e3o de privatiza\u00e7\u00f5es\",\"datePublished\":\"2019-06-06T21:07:29+00:00\",\"dateModified\":\"2019-06-06T21:48:33+00:00\",\"mainEntityOfPage\":{\"@id\":\"https:\/\/www.suno.com.br\/noticias\/ibovespa-fechamento-06062019\/\"},\"wordCount\":567,\"publisher\":{\"@id\":\"https:\/\/www.suno.com.br\/noticias\/#organization\"},\"image\":{\"@id\":\"https:\/\/www.suno.com.br\/noticias\/ibovespa-fechamento-06062019\/#primaryimage\"},\"thumbnailUrl\":\"https:\/\/files.sunoresearch.com.br\/n\/uploads\/2018\/09\/960b312f-ibovespa-dolar-jpg.webp\",\"keywords\":[\"Ibovespa\",\"privatiza\u00e7\u00f5es\",\"Supremo Tribunal Federal (STF)\",\"Via (VIIA3)\"],\"articleSection\":[\"Mercado\"],\"inLanguage\":\"pt-BR\"},{\"@type\":\"WebPage\",\"@id\":\"https:\/\/www.suno.com.br\/noticias\/ibovespa-fechamento-06062019\/\",\"url\":\"https:\/\/www.suno.com.br\/noticias\/ibovespa-fechamento-06062019\/\",\"name\":\"Ibovespa fecha em alta com retomada do STF na decis\u00e3o de privatiza\u00e7\u00f5es\",\"isPartOf\":{\"@id\":\"https:\/\/www.suno.com.br\/noticias\/#website\"},\"primaryImageOfPage\":{\"@id\":\"https:\/\/www.suno.com.br\/noticias\/ibovespa-fechamento-06062019\/#primaryimage\"},\"image\":{\"@id\":\"https:\/\/www.suno.com.br\/noticias\/ibovespa-fechamento-06062019\/#primaryimage\"},\"thumbnailUrl\":\"https:\/\/files.sunoresearch.com.br\/n\/uploads\/2018\/09\/960b312f-ibovespa-dolar-jpg.webp\",\"datePublished\":\"2019-06-06T21:07:29+00:00\",\"dateModified\":\"2019-06-06T21:48:33+00:00\",\"description\":\"O Ibovespa encerrou em ascens\u00e3o significativa devido \u00e0 retomada do STF no julgamento das privatiza\u00e7\u00f5es no Brasil. Clique para saber mais.\",\"breadcrumb\":{\"@id\":\"https:\/\/www.suno.com.br\/noticias\/ibovespa-fechamento-06062019\/#breadcrumb\"},\"inLanguage\":\"pt-BR\",\"potentialAction\":[{\"@type\":\"ReadAction\",\"target\":[\"https:\/\/www.suno.com.br\/noticias\/ibovespa-fechamento-06062019\/\"]}]},{\"@type\":\"ImageObject\",\"inLanguage\":\"pt-BR\",\"@id\":\"https:\/\/www.suno.com.br\/noticias\/ibovespa-fechamento-06062019\/#primaryimage\",\"url\":\"https:\/\/files.sunoresearch.com.br\/n\/uploads\/2018\/09\/960b312f-ibovespa-dolar-jpg.webp\",\"contentUrl\":\"https:\/\/files.sunoresearch.com.br\/n\/uploads\/2018\/09\/960b312f-ibovespa-dolar-jpg.webp\",\"width\":1920,\"height\":1280,\"caption\":\"Na manh\u00e3 de hoje, por volta das 10h05, o Ibovespa apresentava leve queda de 0,02%, alcan\u00e7ando 101.334,55 pontos\"},{\"@type\":\"BreadcrumbList\",\"@id\":\"https:\/\/www.suno.com.br\/noticias\/ibovespa-fechamento-06062019\/#breadcrumb\",\"itemListElement\":[{\"@type\":\"ListItem\",\"position\":1,\"name\":\"Not\u00edcias\",\"item\":\"https:\/\/www.suno.com.br\/noticias\/\"},{\"@type\":\"ListItem\",\"position\":2,\"name\":\"Mercado\",\"item\":\"https:\/\/www.suno.com.br\/noticias\/mercado\/\"},{\"@type\":\"ListItem\",\"position\":3,\"name\":\"Ibovespa fecha em alta com retomada do STF na decis\u00e3o de privatiza\u00e7\u00f5es\"}]},{\"@type\":\"WebSite\",\"@id\":\"https:\/\/www.suno.com.br\/noticias\/#website\",\"url\":\"https:\/\/www.suno.com.br\/noticias\/\",\"name\":\"Suno Not\u00edcias\",\"description\":\"Seu portal de informa\u00e7\u00e3o sobre o mundo dos investimentos\",\"publisher\":{\"@id\":\"https:\/\/www.suno.com.br\/noticias\/#organization\"},\"potentialAction\":[{\"@type\":\"SearchAction\",\"target\":{\"@type\":\"EntryPoint\",\"urlTemplate\":\"https:\/\/www.suno.com.br\/noticias\/?s={search_term_string}\"},\"query-input\":{\"@type\":\"PropertyValueSpecification\",\"valueRequired\":true,\"valueName\":\"search_term_string\"}}],\"inLanguage\":\"pt-BR\"},{\"@type\":\"Organization\",\"@id\":\"https:\/\/www.suno.com.br\/noticias\/#organization\",\"name\":\"Suno Not\u00edcias\",\"url\":\"https:\/\/www.suno.com.br\/noticias\/\",\"logo\":{\"@type\":\"ImageObject\",\"inLanguage\":\"pt-BR\",\"@id\":\"https:\/\/www.suno.com.br\/noticias\/#\/schema\/logo\/image\/\",\"url\":\"https:\/\/files.sunoresearch.com.br\/n\/uploads\/2021\/09\/suno-logo.png\",\"contentUrl\":\"https:\/\/files.sunoresearch.com.br\/n\/uploads\/2021\/09\/suno-logo.png\",\"width\":180,\"height\":180,\"caption\":\"Suno Not\u00edcias\"},\"image\":{\"@id\":\"https:\/\/www.suno.com.br\/noticias\/#\/schema\/logo\/image\/\"},\"sameAs\":[\"https:\/\/facebook.com\/sunoresearch\",\"https:\/\/x.com\/sunoresearch\",\"https:\/\/www.instagram.com\/suno\",\"https:\/\/www.linkedin.com\/company\/suno-research\/\",\"https:\/\/www.youtube.com\/c\/sunoresearch\"]},{\"@type\":\"Person\",\"@id\":\"https:\/\/www.suno.com.br\/noticias\/#\/schema\/person\/a5b06fa4e879d8e8e119c6ed3cd630d1\",\"name\":\"Amanda Gushiken\",\"image\":{\"@type\":\"ImageObject\",\"inLanguage\":\"pt-BR\",\"@id\":\"https:\/\/www.suno.com.br\/noticias\/#\/schema\/person\/image\/\",\"url\":\"https:\/\/secure.gravatar.com\/avatar\/ecd84705e6b65e3685ae80d725501fbe?s=96&r=g\",\"contentUrl\":\"https:\/\/secure.gravatar.com\/avatar\/ecd84705e6b65e3685ae80d725501fbe?s=96&r=g\",\"caption\":\"Amanda Gushiken\"},\"description\":\"Amanda Sayuri Gushiken escreve sobre finan\u00e7as e neg\u00f3cios para o portal Suno Not\u00edcias. Antes, trabalhou selecionando not\u00edcias da imprensa para clientes do mercado financeiro. Tamb\u00e9m desenvolveu pesquisa acad\u00eamica pela Universidade Anhembi Morumbi na \u00e1rea de Teorias da Comunica\u00e7\u00e3o e \u00e9 fot\u00f3grafa nas horas vagas.\",\"url\":\"https:\/\/www.suno.com.br\/noticias\/author\/amanda\/\"}]}<\/script>\n<!-- \/ Yoast SEO plugin. -->","yoast_head_json":{"title":"Ibovespa fecha em alta com retomada do STF na decis\u00e3o de privatiza\u00e7\u00f5es","description":"O Ibovespa encerrou em ascens\u00e3o significativa devido \u00e0 retomada do STF no julgamento das privatiza\u00e7\u00f5es no Brasil. Clique para saber mais.","robots":{"index":"index","follow":"follow","max-snippet":"max-snippet:-1","max-image-preview":"max-image-preview:large","max-video-preview":"max-video-preview:-1"},"canonical":"https:\/\/www.suno.com.br\/noticias\/ibovespa-fechamento-06062019\/","og_locale":"pt_BR","og_type":"article","og_title":"Ibovespa fecha em alta com retomada do STF na decis\u00e3o de privatiza\u00e7\u00f5es","og_description":"O Ibovespa encerrou em ascens\u00e3o significativa devido \u00e0 retomada do STF no julgamento das privatiza\u00e7\u00f5es no Brasil. Clique para saber mais.","og_url":"https:\/\/www.suno.com.br\/noticias\/ibovespa-fechamento-06062019\/","og_site_name":"Suno Not\u00edcias","article_publisher":"https:\/\/facebook.com\/sunoresearch","og_image":[{"width":1920,"height":1280,"url":"https:\/\/files.sunoresearch.com.br\/n\/uploads\/2018\/09\/960b312f-ibovespa-dolar.jpg","type":"image\/jpeg"}],"author":"Amanda Gushiken","twitter_card":"summary_large_image","twitter_creator":"@sunoresearch","twitter_site":"@sunoresearch","twitter_misc":{"Escrito por":"Amanda Gushiken","Est. tempo de leitura":"3 minutos"},"schema":{"@context":"https:\/\/schema.org","@graph":[{"@type":"NewsArticle","@id":"https:\/\/www.suno.com.br\/noticias\/ibovespa-fechamento-06062019\/#article","isPartOf":{"@id":"https:\/\/www.suno.com.br\/noticias\/ibovespa-fechamento-06062019\/"},"author":{"name":"Amanda Gushiken","@id":"https:\/\/www.suno.com.br\/noticias\/#\/schema\/person\/a5b06fa4e879d8e8e119c6ed3cd630d1"},"headline":"Ibovespa fecha em alta com retomada do STF na decis\u00e3o de privatiza\u00e7\u00f5es","datePublished":"2019-06-06T21:07:29+00:00","dateModified":"2019-06-06T21:48:33+00:00","mainEntityOfPage":{"@id":"https:\/\/www.suno.com.br\/noticias\/ibovespa-fechamento-06062019\/"},"wordCount":567,"publisher":{"@id":"https:\/\/www.suno.com.br\/noticias\/#organization"},"image":{"@id":"https:\/\/www.suno.com.br\/noticias\/ibovespa-fechamento-06062019\/#primaryimage"},"thumbnailUrl":"https:\/\/files.sunoresearch.com.br\/n\/uploads\/2018\/09\/960b312f-ibovespa-dolar-jpg.webp","keywords":["Ibovespa","privatiza\u00e7\u00f5es","Supremo Tribunal Federal (STF)","Via (VIIA3)"],"articleSection":["Mercado"],"inLanguage":"pt-BR"},{"@type":"WebPage","@id":"https:\/\/www.suno.com.br\/noticias\/ibovespa-fechamento-06062019\/","url":"https:\/\/www.suno.com.br\/noticias\/ibovespa-fechamento-06062019\/","name":"Ibovespa fecha em alta com retomada do STF na decis\u00e3o de privatiza\u00e7\u00f5es","isPartOf":{"@id":"https:\/\/www.suno.com.br\/noticias\/#website"},"primaryImageOfPage":{"@id":"https:\/\/www.suno.com.br\/noticias\/ibovespa-fechamento-06062019\/#primaryimage"},"image":{"@id":"https:\/\/www.suno.com.br\/noticias\/ibovespa-fechamento-06062019\/#primaryimage"},"thumbnailUrl":"https:\/\/files.sunoresearch.com.br\/n\/uploads\/2018\/09\/960b312f-ibovespa-dolar-jpg.webp","datePublished":"2019-06-06T21:07:29+00:00","dateModified":"2019-06-06T21:48:33+00:00","description":"O Ibovespa encerrou em ascens\u00e3o significativa devido \u00e0 retomada do STF no julgamento das privatiza\u00e7\u00f5es no Brasil. Clique para saber mais.","breadcrumb":{"@id":"https:\/\/www.suno.com.br\/noticias\/ibovespa-fechamento-06062019\/#breadcrumb"},"inLanguage":"pt-BR","potentialAction":[{"@type":"ReadAction","target":["https:\/\/www.suno.com.br\/noticias\/ibovespa-fechamento-06062019\/"]}]},{"@type":"ImageObject","inLanguage":"pt-BR","@id":"https:\/\/www.suno.com.br\/noticias\/ibovespa-fechamento-06062019\/#primaryimage","url":"https:\/\/files.sunoresearch.com.br\/n\/uploads\/2018\/09\/960b312f-ibovespa-dolar-jpg.webp","contentUrl":"https:\/\/files.sunoresearch.com.br\/n\/uploads\/2018\/09\/960b312f-ibovespa-dolar-jpg.webp","width":1920,"height":1280,"caption":"Na manh\u00e3 de hoje, por volta das 10h05, o Ibovespa apresentava leve queda de 0,02%, alcan\u00e7ando 101.334,55 pontos"},{"@type":"BreadcrumbList","@id":"https:\/\/www.suno.com.br\/noticias\/ibovespa-fechamento-06062019\/#breadcrumb","itemListElement":[{"@type":"ListItem","position":1,"name":"Not\u00edcias","item":"https:\/\/www.suno.com.br\/noticias\/"},{"@type":"ListItem","position":2,"name":"Mercado","item":"https:\/\/www.suno.com.br\/noticias\/mercado\/"},{"@type":"ListItem","position":3,"name":"Ibovespa fecha em alta com retomada do STF na decis\u00e3o de privatiza\u00e7\u00f5es"}]},{"@type":"WebSite","@id":"https:\/\/www.suno.com.br\/noticias\/#website","url":"https:\/\/www.suno.com.br\/noticias\/","name":"Suno Not\u00edcias","description":"Seu portal de informa\u00e7\u00e3o sobre o mundo dos investimentos","publisher":{"@id":"https:\/\/www.suno.com.br\/noticias\/#organization"},"potentialAction":[{"@type":"SearchAction","target":{"@type":"EntryPoint","urlTemplate":"https:\/\/www.suno.com.br\/noticias\/?s={search_term_string}"},"query-input":{"@type":"PropertyValueSpecification","valueRequired":true,"valueName":"search_term_string"}}],"inLanguage":"pt-BR"},{"@type":"Organization","@id":"https:\/\/www.suno.com.br\/noticias\/#organization","name":"Suno Not\u00edcias","url":"https:\/\/www.suno.com.br\/noticias\/","logo":{"@type":"ImageObject","inLanguage":"pt-BR","@id":"https:\/\/www.suno.com.br\/noticias\/#\/schema\/logo\/image\/","url":"https:\/\/files.sunoresearch.com.br\/n\/uploads\/2021\/09\/suno-logo.png","contentUrl":"https:\/\/files.sunoresearch.com.br\/n\/uploads\/2021\/09\/suno-logo.png","width":180,"height":180,"caption":"Suno Not\u00edcias"},"image":{"@id":"https:\/\/www.suno.com.br\/noticias\/#\/schema\/logo\/image\/"},"sameAs":["https:\/\/facebook.com\/sunoresearch","https:\/\/x.com\/sunoresearch","https:\/\/www.instagram.com\/suno","https:\/\/www.linkedin.com\/company\/suno-research\/","https:\/\/www.youtube.com\/c\/sunoresearch"]},{"@type":"Person","@id":"https:\/\/www.suno.com.br\/noticias\/#\/schema\/person\/a5b06fa4e879d8e8e119c6ed3cd630d1","name":"Amanda Gushiken","image":{"@type":"ImageObject","inLanguage":"pt-BR","@id":"https:\/\/www.suno.com.br\/noticias\/#\/schema\/person\/image\/","url":"https:\/\/secure.gravatar.com\/avatar\/ecd84705e6b65e3685ae80d725501fbe?s=96&r=g","contentUrl":"https:\/\/secure.gravatar.com\/avatar\/ecd84705e6b65e3685ae80d725501fbe?s=96&r=g","caption":"Amanda Gushiken"},"description":"Amanda Sayuri Gushiken escreve sobre finan\u00e7as e neg\u00f3cios para o portal Suno Not\u00edcias. Antes, trabalhou selecionando not\u00edcias da imprensa para clientes do mercado financeiro. Tamb\u00e9m desenvolveu pesquisa acad\u00eamica pela Universidade Anhembi Morumbi na \u00e1rea de Teorias da Comunica\u00e7\u00e3o e \u00e9 fot\u00f3grafa nas horas vagas.","url":"https:\/\/www.suno.com.br\/noticias\/author\/amanda\/"}]}},"default_loop_html":"<div class=\"cardsPage__listCard__boxs\"><div class=\"cardsPage__listCard__boxs__img\"><a href=\"https:\/\/www.suno.com.br\/noticias\/ibovespa-fechamento-06062019\/\"><img class=\"mask\" src=\"https:\/\/www.suno.com.br\/noticias\/wp-content\/themes\/suno\/resources\/images\/spotlight\/spotlight1img\/bg-mask.png\" alt=\"Image Mask\"\/><img src=\"https:\/\/files.sunoresearch.com.br\/n\/uploads\/2018\/09\/960b312f-ibovespa-dolar-400x200.webp\" alt=\"Ibovespa fecha em alta com retomada do STF na decis\u00e3o de privatiza\u00e7\u00f5es\"\/><\/a><span class=\"spotlightCategory\"><a href=\"https:\/\/www.suno.com.br\/noticias\/mercado\/\">Mercado<\/a><\/span><\/div><div class=\"cardsPage__listCard__boxs__content\"><a href=\"https:\/\/www.suno.com.br\/noticias\/ibovespa-fechamento-06062019\/\"><h2 class=\"content__title\">Ibovespa fecha em alta com retomada do STF na decis\u00e3o de privatiza\u00e7\u00f5es<\/h2><\/a><div class=\"newsContent__article__meta\"><div class=\"newsContent__article__meta__authorBox\"><a href=\"https:\/\/www.suno.com.br\/noticias\/author\/amanda\/\" class=\"authorBox__avatar noMobi\"><img src=\"https:\/\/files.sunoresearch.com.br\/n\/uploads\/2018\/11\/c6ad30be-amanda-150x150.webp\" alt=\"Amanda Gushiken\"><\/a><div class=\"authorBox__name\"><span>por\n\t\t\t<a href=\"https:\/\/www.suno.com.br\/noticias\/author\/amanda\/\"><span itemprop=\"author\">Amanda Gushiken<\/span><\/a><\/span><time datetime=\"2019-06-06T18:07:29-03:00\" itemprop=\"datePublished\">06\/06\/2019 18:07<\/time><\/div><\/div><\/div><\/div><\/div>","single_layout":"posts","amp_enabled":true,"_links":{"self":[{"href":"https:\/\/www.suno.com.br\/noticias\/wp-json\/wp\/v2\/posts\/27531"}],"collection":[{"href":"https:\/\/www.suno.com.br\/noticias\/wp-json\/wp\/v2\/posts"}],"about":[{"href":"https:\/\/www.suno.com.br\/noticias\/wp-json\/wp\/v2\/types\/post"}],"author":[{"embeddable":true,"href":"https:\/\/www.suno.com.br\/noticias\/wp-json\/wp\/v2\/users\/12"}],"replies":[{"embeddable":true,"href":"https:\/\/www.suno.com.br\/noticias\/wp-json\/wp\/v2\/comments?post=27531"}],"version-history":[{"count":0,"href":"https:\/\/www.suno.com.br\/noticias\/wp-json\/wp\/v2\/posts\/27531\/revisions"}],"wp:featuredmedia":[{"embeddable":true,"href":"https:\/\/www.suno.com.br\/noticias\/wp-json\/wp\/v2\/media\/3506"}],"wp:attachment":[{"href":"https:\/\/www.suno.com.br\/noticias\/wp-json\/wp\/v2\/media?parent=27531"}],"wp:term":[{"taxonomy":"category","embeddable":true,"href":"https:\/\/www.suno.com.br\/noticias\/wp-json\/wp\/v2\/categories?post=27531"},{"taxonomy":"post_tag","embeddable":true,"href":"https:\/\/www.suno.com.br\/noticias\/wp-json\/wp\/v2\/tags?post=27531"},{"taxonomy":"suno_strategy","embeddable":true,"href":"https:\/\/www.suno.com.br\/noticias\/wp-json\/wp\/v2\/suno_strategy?post=27531"}],"curies":[{"name":"wp","href":"https:\/\/api.w.org\/{rel}","templated":true}]}}