{"id":275272,"date":"2022-07-12T14:29:38","date_gmt":"2022-07-12T17:29:38","guid":{"rendered":"https:\/\/www.suno.com.br\/noticias\/?p=275272"},"modified":"2022-07-12T14:29:38","modified_gmt":"2022-07-12T17:29:38","slug":"pesquisas-eleitorais-presidente-governador-saem-semana","status":"publish","type":"post","link":"https:\/\/www.suno.com.br\/noticias\/pesquisas-eleitorais-presidente-governador-saem-semana\/","title":{"rendered":"Veja quais pesquisas eleitorais para presidente e governador saem esta semana"},"content":{"rendered":"<p>Na semana entre os dias 11 a 16 de julho, est\u00e3o previstas 28 <strong>pesquisas eleitorais <\/strong>de inten\u00e7\u00e3o de voto sobre candidatos a presid\u00eancia da rep\u00fablica e governadores estaduais.<\/p>\t<div class=\"wrapper-featured-image\">\n\t\t<figure class=\"spotlightImg\">\n\n\t\t\t<picture>\n\t\t\t\t<source media=\"(max-width: 768px)\" srcset=\"https:\/\/files.sunoresearch.com.br\/n\/uploads\/2022\/07\/pesquisas-eleitorais-2-400x200.jpg\">\n\t\t\t\t<img loading=\"lazy\" decoding=\"async\" class=\"newsContent__article__imgCapa lazyloadDisabled \" src=\"https:\/\/files.sunoresearch.com.br\/n\/uploads\/2022\/07\/pesquisas-eleitorais-2-800x450.jpg\" width=\"800\" height=\"450\" alt=\"Veja quais pesquisas eleitorais para presidente e governador saem esta semana\" fetchpriority=high \/>\n\t\t\t<\/picture>\n\n\t\t\t<figcaption class=\"wp-caption-text wp-caption-text--show\">Pesquisas eleitorais. Foto: Pixabay<\/figcaption>\n\t\t<\/figure>\n\t<\/div>\n\n\n\t<p>\n\t\t<a href=\"\" target=\"_blank\" data-element=\"shortcode-suno-banner\" title=\"Banner SUNO, clique e saiba mais\">\n\t\t\t<picture>\n\t\t\t\t<source media=\"(max-width: 500px)\" srcset=\"\">\n\t\t\t\t<img class=\"newsContent__article__imgCapa newsContent__article__imgCapa--banner\"\n\t\t\t\t\tsrc=\"\"\n\t\t\t\t\tdata-promo-id=\"240038\"\t\t\t\t\t\t\t\t\t\t\t\t\t\t\talt=\"\"\n\t\t\t\t>\n\t\t\t<\/picture>\n\t\t<\/a>\n\t<\/p>\n\n\n<p>Na segunda-feira (11), foram publicadas quatro <a href=\"https:\/\/www.suno.com.br\/noticias\/pesquisas-eleitorais-saem-nesta-semana\/\" target=\"_blank\" rel=\"noopener\">pesquisas eleitorais<\/a> para presidente e outras seis de governos estaduais, dos estados de S\u00e3o Paulo, Santa Catarina, Para\u00edba, Mato Grosso, Minas Gerais e Piau\u00ed.<\/p>\n<p>Veja quais s\u00e3o as pesquisas eleitorais que devem ser publicadas nesta semana.<\/p>\n\t<div data-element=\"shortcode-read-more\" class=\"knowMore\">\n\t\t\t\t<span class=\"knowMore__title\">Leia mais:<\/span>\n\t\t\t\t<a class=\"knowMore__link\" href=\"https:\/\/www.suno.com.br\/noticias\/ibovespa-hoje-queda-magazine-luiza-mglu3-sobe-8\/\">\n\t\t\tIbovespa opera em queda; Magazine Luiza (MGLU3) sobe 9%\t\t<\/a>\n\t<\/div>\n\n\n<h2>Pesquisas eleitorais para esta ter\u00e7a-feira (12)<\/h2>\n<p>Para a data de hoje (12) est\u00e3o previstas as pesquisas eleitorais da Exame, para presidente, governador e senador, referente ao estado da Bahia.<\/p>\n<p>A Exame tamb\u00e9m deve publicar a <strong>pesquisa eleitoral<\/strong> para governador e senador para o estado de Minas Gerais. As duas pesquisas divulgadas pela Exame s\u00e3o realizadas pelo Instituto Idea. Veja quais s\u00e3o as outras pesquisas que podem sair hoje:<\/p>\n<ul>\n<li>Divulgado pelo Portal Capital, a pesquisa realizada pela empresa Opus informar\u00e1 a inten\u00e7\u00e3o de voto presidencial para o estado de Para\u00edba;<\/li>\n<li>A pesquisa realizada e divulgada pela MTG Conectar ir\u00e1 informar a inten\u00e7\u00e3o de voto para presidente, governador e senador para Pernambuco;<\/li>\n<li>A empresa Gerp Pesquisa ir\u00e1 divulgar seu pr\u00f3prio levantamento sobre inten\u00e7\u00e3o de voto para governadores do Rio de Janeiro;<\/li>\n<li>A Agora RN deve divulgar a pesquisa da Exactus sobre inten\u00e7\u00e3o de votos para presidente, governador, senador e deputado para o estado de Rio Grande do Norte.<\/li>\n<\/ul>\n<p>Al\u00e9m disso, a Bramane Comunica\u00e7\u00e3o ir\u00e1 divulgar a pesquisa realizada sobre presidente, governador, senador e deputado para o estado de Rio grande do Norte. A empresa ECM Pesquisas ir\u00e1 divulgar sua pr\u00f3pria pesquisa sobre governador, senador e deputado para o estado de Sergipe.<\/p>\n\t<p>\n\t\t<a href=\"https:\/\/lp.suno.com.br\/planilha-controle-gastos\/\" target=\"_blank\" data-element=\"shortcode-suno-banner\" title=\"Banner SUNO, clique e saiba mais\">\n\t\t\t<picture>\n\t\t\t\t<source media=\"(max-width: 500px)\" srcset=\"https:\/\/files.sunoresearch.com.br\/n\/uploads\/2023\/03\/400x300-Planilha-controle-de-gastos.png\">\n\t\t\t\t<img class=\"newsContent__article__imgCapa newsContent__article__imgCapa--banner\"\n\t\t\t\t\tsrc=\"https:\/\/files.sunoresearch.com.br\/n\/uploads\/2023\/03\/1420x240-Planilha-controle-de-gastos.png\"\n\t\t\t\t\tdata-promo-id=\"101751\"\t\t\t\t\t\t\t\t\t\twidth='1420' height='240'\t\t\t\t\talt=\"https:\/\/files.sunoresearch.com.br\/n\/uploads\/2023\/03\/1420x240-Planilha-controle-de-gastos.png\"\n\t\t\t\t>\n\t\t\t<\/picture>\n\t\t<\/a>\n\t<\/p>\n\n\n<h2>Pesquisas eleitorais para quarta e quinta-feira<\/h2>\n<p>Nesta quarta-feira (13) pode ser divulgada a pesquisa da Immapeq pela Folha do M\u00e9dio Norte, sobre a inten\u00e7\u00e3o de voto para deputado estadual do Mato Grosso. Veja a seguir quais pesquisas podem ser divulgadas nesta quinta-feira (14):<\/p>\n<ul>\n<li>A Tarde, a pesquisa da Nervera sobre a inten\u00e7\u00e3o de voto para governador da Bahia;<\/li>\n<li>EFB Marketing e realizado pela empresa IBP, a pesquisa ir\u00e1 informar a<strong> inten\u00e7\u00e3o de voto para presidente<\/strong>, governador e senador do Mato Grosso;<\/li>\n<li>A Divulga SRN sobre as inten\u00e7\u00f5es de voto para governador, senador e deputado do Piau\u00ed.<\/li>\n<\/ul>\n<p>Ainda na quinta-feira, devem ser divulgadas as pesquisas do Quaest, pelo Banco Genial, sobre presidente, governador e senador do Rio de Janeiro. Tamb\u00e9m est\u00e3o previstos os n\u00fameros dea pesquisa de inten\u00e7\u00e3o de voto da Diagn\u00f3stico Pesquisa, pela O Fatos News, sobre <strong>inten\u00e7\u00e3o de voto para governador<\/strong> e senador do Tocantins.<\/p>\n\t<p>\n\t\t<a href=\"https:\/\/lp.suno.com.br\/planilha-da-vida-financeira\/\" target=\"_blank\" data-element=\"shortcode-suno-banner\" title=\"Banner SUNO, clique e saiba mais\">\n\t\t\t<picture>\n\t\t\t\t<source media=\"(max-width: 500px)\" srcset=\"https:\/\/files.sunoresearch.com.br\/n\/uploads\/2023\/04\/400x300-Planilha-vida-financeira-true.png\">\n\t\t\t\t<img class=\"newsContent__article__imgCapa newsContent__article__imgCapa--banner\"\n\t\t\t\t\tsrc=\"https:\/\/files.sunoresearch.com.br\/n\/uploads\/2023\/04\/1420x240-Planilha-vida-financeira-true.png\"\n\t\t\t\t\tdata-promo-id=\"106682\"\t\t\t\t\t\t\t\t\t\twidth='1420' height='240'\t\t\t\t\talt=\"https:\/\/files.sunoresearch.com.br\/n\/uploads\/2023\/04\/1420x240-Planilha-vida-financeira-true.png\"\n\t\t\t\t>\n\t\t\t<\/picture>\n\t\t<\/a>\n\t<\/p>\n\n\n<h2>Pesquisas eleitorais para sexta-feira e s\u00e1bado<\/h2>\n<p>No s\u00e1bado, a Editora Confian\u00e7a ir\u00e1 divulgar a pesquisa da Vox do Brasil sobre as inten\u00e7\u00f5es de voto para governador e senador do Cear\u00e1. Veja a seguir <strong>quais pesquisas eleitorais ser\u00e3o divulgadas<\/strong> na sexta-feira (15):<\/p>\n<ul>\n<li>O jornal A Tarde ir\u00e1 divulgar a pesquisa da empresa Nervera sobre governador e senador da Bahia;<\/li>\n<li>O Banco Genial deve divulgar nesta sexta a pesquisa da empresa Quaest sobre as inten\u00e7\u00f5es de voto para presidente, governador e senador da Bahia;<\/li>\n<li>J\u00e1 o Grupo Jaime C\u00e2mara, ir\u00e1 divulgar a <strong>pesquisa para presidente<\/strong>, governador e senador de Goi\u00e1s.<\/li>\n<\/ul>\n<p>Ainda na sexta-feira, tamb\u00e9m devem ser divulgadas as <strong>pesquisas eleitorais<\/strong> do Paran\u00e1 Pesquisas sobre as inten\u00e7\u00f5es de voto para presidente, governador e senador de Minas Gerais. Al\u00e9m disso, a empresa Voz e Pesquisa Tocantins deve divulgar os dados do Instituto Vope sobre inten\u00e7\u00f5es de voto para governador e senador no estado do Tocantins.<\/p>\n\t<p>\n\t\t<a href=\"https:\/\/lp.suno.com.br\/ebook-como-analisar-uma-acao\/\" target=\"_blank\" data-element=\"shortcode-suno-banner\" title=\"Banner SUNO, clique e saiba mais\">\n\t\t\t<picture>\n\t\t\t\t<source media=\"(max-width: 500px)\" srcset=\"https:\/\/files.sunoresearch.com.br\/n\/uploads\/2023\/03\/Ebook-Acoes-Mobile-1.jpg\">\n\t\t\t\t<img class=\"newsContent__article__imgCapa newsContent__article__imgCapa--banner\"\n\t\t\t\t\tsrc=\"https:\/\/files.sunoresearch.com.br\/n\/uploads\/2023\/03\/Ebook-Acoes-Desktop-1.jpg\"\n\t\t\t\t\tdata-promo-id=\"171998\"\t\t\t\t\t\t\t\t\t\twidth='1420' height='286'\t\t\t\t\talt=\"https:\/\/files.sunoresearch.com.br\/n\/uploads\/2023\/03\/Ebook-Acoes-Desktop-1.jpg\"\n\t\t\t\t>\n\t\t\t<\/picture>\n\t\t<\/a>\n\t<\/p>\n\n\n","protected":false},"excerpt":{"rendered":"<p>Na semana entre os dias 11 a 16 de julho, est\u00e3o previstas 28 pesquisas eleitorais de inten\u00e7\u00e3o de voto sobre candidatos a presid\u00eancia da rep\u00fablica e governadores estaduais. Pesquisas eleitorais. Foto: Pixabay Na segunda-feira (11), foram publicadas quatro pesquisas eleitorais para presidente e outras seis de governos estaduais, dos estados de S\u00e3o Paulo, Santa Catarina, [&hellip;]<\/p>\n","protected":false},"author":173,"featured_media":275273,"comment_status":"closed","ping_status":"closed","sticky":false,"template":"","format":"standard","meta":[],"categories":[64],"tags":[697,106154],"suno_strategy":[],"class_list":["post-275272","post","type-post","status-publish","format-standard","has-post-thumbnail","hentry","category-negocios","tag-eleicoes","tag-pesquisas"],"yoast_head":"<!-- This site is optimized with the Yoast SEO plugin v24.4 - https:\/\/yoast.com\/wordpress\/plugins\/seo\/ -->\n<title>Veja quais pesquisas eleitorais saem esta semana<\/title>\n<meta name=\"description\" content=\"As elei\u00e7\u00f5es 2022 \u00e9 um assunto de interesse dos investidores. Veja quais pesquisas eleitorais para presidente e governador saem esta semana\" \/>\n<meta name=\"robots\" content=\"index, follow, max-snippet:-1, max-image-preview:large, max-video-preview:-1\" \/>\n<link rel=\"canonical\" href=\"https:\/\/www.suno.com.br\/noticias\/pesquisas-eleitorais-presidente-governador-saem-semana\/\" \/>\n<meta property=\"og:locale\" content=\"pt_BR\" \/>\n<meta property=\"og:type\" content=\"article\" \/>\n<meta property=\"og:title\" content=\"Veja quais pesquisas eleitorais saem esta semana\" \/>\n<meta property=\"og:description\" content=\"As elei\u00e7\u00f5es 2022 \u00e9 um assunto de interesse dos investidores. Veja quais pesquisas eleitorais para presidente e governador saem esta semana\" \/>\n<meta property=\"og:url\" content=\"https:\/\/www.suno.com.br\/noticias\/pesquisas-eleitorais-presidente-governador-saem-semana\/\" \/>\n<meta property=\"og:site_name\" content=\"Suno Not\u00edcias\" \/>\n<meta property=\"article:publisher\" content=\"https:\/\/facebook.com\/sunoresearch\" \/>\n<meta property=\"og:image\" content=\"https:\/\/files.sunoresearch.com.br\/n\/uploads\/2022\/07\/pesquisas-eleitorais-2.jpg\" \/>\n\t<meta property=\"og:image:width\" content=\"1920\" \/>\n\t<meta property=\"og:image:height\" content=\"1279\" \/>\n\t<meta property=\"og:image:type\" content=\"image\/jpeg\" \/>\n<meta name=\"author\" content=\"Jo\u00e3o Vitor\" \/>\n<meta name=\"twitter:card\" content=\"summary_large_image\" \/>\n<meta name=\"twitter:creator\" content=\"@sunoresearch\" \/>\n<meta name=\"twitter:site\" content=\"@sunoresearch\" \/>\n<meta name=\"twitter:label1\" content=\"Escrito por\" \/>\n\t<meta name=\"twitter:data1\" content=\"Jo\u00e3o Vitor\" \/>\n\t<meta name=\"twitter:label2\" content=\"Est. tempo de leitura\" \/>\n\t<meta name=\"twitter:data2\" content=\"4 minutos\" \/>\n<script type=\"application\/ld+json\" class=\"yoast-schema-graph\">{\"@context\":\"https:\/\/schema.org\",\"@graph\":[{\"@type\":\"NewsArticle\",\"@id\":\"https:\/\/www.suno.com.br\/noticias\/pesquisas-eleitorais-presidente-governador-saem-semana\/#article\",\"isPartOf\":{\"@id\":\"https:\/\/www.suno.com.br\/noticias\/pesquisas-eleitorais-presidente-governador-saem-semana\/\"},\"author\":{\"name\":\"Jo\u00e3o Vitor\",\"@id\":\"https:\/\/www.suno.com.br\/noticias\/#\/schema\/person\/87fc6973867c52dd884811905c43afba\"},\"headline\":\"Veja quais pesquisas eleitorais para presidente e governador saem esta semana\",\"datePublished\":\"2022-07-12T17:29:38+00:00\",\"mainEntityOfPage\":{\"@id\":\"https:\/\/www.suno.com.br\/noticias\/pesquisas-eleitorais-presidente-governador-saem-semana\/\"},\"wordCount\":631,\"publisher\":{\"@id\":\"https:\/\/www.suno.com.br\/noticias\/#organization\"},\"image\":{\"@id\":\"https:\/\/www.suno.com.br\/noticias\/pesquisas-eleitorais-presidente-governador-saem-semana\/#primaryimage\"},\"thumbnailUrl\":\"https:\/\/files.sunoresearch.com.br\/n\/uploads\/2022\/07\/pesquisas-eleitorais-2.jpg\",\"keywords\":[\"Elei\u00e7\u00f5es\",\"Pesquisas\"],\"articleSection\":[\"Neg\u00f3cios\"],\"inLanguage\":\"pt-BR\"},{\"@type\":\"WebPage\",\"@id\":\"https:\/\/www.suno.com.br\/noticias\/pesquisas-eleitorais-presidente-governador-saem-semana\/\",\"url\":\"https:\/\/www.suno.com.br\/noticias\/pesquisas-eleitorais-presidente-governador-saem-semana\/\",\"name\":\"Veja quais pesquisas eleitorais saem esta semana\",\"isPartOf\":{\"@id\":\"https:\/\/www.suno.com.br\/noticias\/#website\"},\"primaryImageOfPage\":{\"@id\":\"https:\/\/www.suno.com.br\/noticias\/pesquisas-eleitorais-presidente-governador-saem-semana\/#primaryimage\"},\"image\":{\"@id\":\"https:\/\/www.suno.com.br\/noticias\/pesquisas-eleitorais-presidente-governador-saem-semana\/#primaryimage\"},\"thumbnailUrl\":\"https:\/\/files.sunoresearch.com.br\/n\/uploads\/2022\/07\/pesquisas-eleitorais-2.jpg\",\"datePublished\":\"2022-07-12T17:29:38+00:00\",\"description\":\"As elei\u00e7\u00f5es 2022 \u00e9 um assunto de interesse dos investidores. Veja quais pesquisas eleitorais para presidente e governador saem esta semana\",\"breadcrumb\":{\"@id\":\"https:\/\/www.suno.com.br\/noticias\/pesquisas-eleitorais-presidente-governador-saem-semana\/#breadcrumb\"},\"inLanguage\":\"pt-BR\",\"potentialAction\":[{\"@type\":\"ReadAction\",\"target\":[\"https:\/\/www.suno.com.br\/noticias\/pesquisas-eleitorais-presidente-governador-saem-semana\/\"]}]},{\"@type\":\"ImageObject\",\"inLanguage\":\"pt-BR\",\"@id\":\"https:\/\/www.suno.com.br\/noticias\/pesquisas-eleitorais-presidente-governador-saem-semana\/#primaryimage\",\"url\":\"https:\/\/files.sunoresearch.com.br\/n\/uploads\/2022\/07\/pesquisas-eleitorais-2.jpg\",\"contentUrl\":\"https:\/\/files.sunoresearch.com.br\/n\/uploads\/2022\/07\/pesquisas-eleitorais-2.jpg\",\"width\":1920,\"height\":1279,\"caption\":\"Pesquisas eleitorais. Foto: Pixabay\"},{\"@type\":\"BreadcrumbList\",\"@id\":\"https:\/\/www.suno.com.br\/noticias\/pesquisas-eleitorais-presidente-governador-saem-semana\/#breadcrumb\",\"itemListElement\":[{\"@type\":\"ListItem\",\"position\":1,\"name\":\"Not\u00edcias\",\"item\":\"https:\/\/www.suno.com.br\/noticias\/\"},{\"@type\":\"ListItem\",\"position\":2,\"name\":\"Neg\u00f3cios\",\"item\":\"https:\/\/www.suno.com.br\/noticias\/negocios\/\"},{\"@type\":\"ListItem\",\"position\":3,\"name\":\"Veja quais pesquisas eleitorais para presidente e governador saem esta semana\"}]},{\"@type\":\"WebSite\",\"@id\":\"https:\/\/www.suno.com.br\/noticias\/#website\",\"url\":\"https:\/\/www.suno.com.br\/noticias\/\",\"name\":\"Suno Not\u00edcias\",\"description\":\"Seu portal de informa\u00e7\u00e3o sobre o mundo dos investimentos\",\"publisher\":{\"@id\":\"https:\/\/www.suno.com.br\/noticias\/#organization\"},\"potentialAction\":[{\"@type\":\"SearchAction\",\"target\":{\"@type\":\"EntryPoint\",\"urlTemplate\":\"https:\/\/www.suno.com.br\/noticias\/?s={search_term_string}\"},\"query-input\":{\"@type\":\"PropertyValueSpecification\",\"valueRequired\":true,\"valueName\":\"search_term_string\"}}],\"inLanguage\":\"pt-BR\"},{\"@type\":\"Organization\",\"@id\":\"https:\/\/www.suno.com.br\/noticias\/#organization\",\"name\":\"Suno Not\u00edcias\",\"url\":\"https:\/\/www.suno.com.br\/noticias\/\",\"logo\":{\"@type\":\"ImageObject\",\"inLanguage\":\"pt-BR\",\"@id\":\"https:\/\/www.suno.com.br\/noticias\/#\/schema\/logo\/image\/\",\"url\":\"https:\/\/files.sunoresearch.com.br\/n\/uploads\/2021\/09\/suno-logo.png\",\"contentUrl\":\"https:\/\/files.sunoresearch.com.br\/n\/uploads\/2021\/09\/suno-logo.png\",\"width\":180,\"height\":180,\"caption\":\"Suno Not\u00edcias\"},\"image\":{\"@id\":\"https:\/\/www.suno.com.br\/noticias\/#\/schema\/logo\/image\/\"},\"sameAs\":[\"https:\/\/facebook.com\/sunoresearch\",\"https:\/\/x.com\/sunoresearch\",\"https:\/\/www.instagram.com\/suno\",\"https:\/\/www.linkedin.com\/company\/suno-research\/\",\"https:\/\/www.youtube.com\/c\/sunoresearch\"]},{\"@type\":\"Person\",\"@id\":\"https:\/\/www.suno.com.br\/noticias\/#\/schema\/person\/87fc6973867c52dd884811905c43afba\",\"name\":\"Jo\u00e3o Vitor\",\"image\":{\"@type\":\"ImageObject\",\"inLanguage\":\"pt-BR\",\"@id\":\"https:\/\/www.suno.com.br\/noticias\/#\/schema\/person\/image\/\",\"url\":\"https:\/\/secure.gravatar.com\/avatar\/2843227ca03ccf8cc7ccca45204c127e?s=96&r=g\",\"contentUrl\":\"https:\/\/secure.gravatar.com\/avatar\/2843227ca03ccf8cc7ccca45204c127e?s=96&r=g\",\"caption\":\"Jo\u00e3o Vitor\"},\"description\":\"Redator profissional, com atua\u00e7\u00e3o no mercado editorial na produ\u00e7\u00e3o de not\u00edcias e conte\u00fados sobre o mercado de a\u00e7\u00f5es, fundos imobili\u00e1rios e economia popular. Graduando em Engenharia Qu\u00edmica pela Unesp, tamb\u00e9m j\u00e1 atuou como consultor financeiro.\",\"url\":\"https:\/\/www.suno.com.br\/noticias\/author\/joao-vitor-jacintho\/\"}]}<\/script>\n<!-- \/ Yoast SEO plugin. -->","yoast_head_json":{"title":"Veja quais pesquisas eleitorais saem esta semana","description":"As elei\u00e7\u00f5es 2022 \u00e9 um assunto de interesse dos investidores. Veja quais pesquisas eleitorais para presidente e governador saem esta semana","robots":{"index":"index","follow":"follow","max-snippet":"max-snippet:-1","max-image-preview":"max-image-preview:large","max-video-preview":"max-video-preview:-1"},"canonical":"https:\/\/www.suno.com.br\/noticias\/pesquisas-eleitorais-presidente-governador-saem-semana\/","og_locale":"pt_BR","og_type":"article","og_title":"Veja quais pesquisas eleitorais saem esta semana","og_description":"As elei\u00e7\u00f5es 2022 \u00e9 um assunto de interesse dos investidores. Veja quais pesquisas eleitorais para presidente e governador saem esta semana","og_url":"https:\/\/www.suno.com.br\/noticias\/pesquisas-eleitorais-presidente-governador-saem-semana\/","og_site_name":"Suno Not\u00edcias","article_publisher":"https:\/\/facebook.com\/sunoresearch","og_image":[{"width":1920,"height":1279,"url":"https:\/\/files.sunoresearch.com.br\/n\/uploads\/2022\/07\/pesquisas-eleitorais-2.jpg","type":"image\/jpeg"}],"author":"Jo\u00e3o Vitor","twitter_card":"summary_large_image","twitter_creator":"@sunoresearch","twitter_site":"@sunoresearch","twitter_misc":{"Escrito por":"Jo\u00e3o Vitor","Est. tempo de leitura":"4 minutos"},"schema":{"@context":"https:\/\/schema.org","@graph":[{"@type":"NewsArticle","@id":"https:\/\/www.suno.com.br\/noticias\/pesquisas-eleitorais-presidente-governador-saem-semana\/#article","isPartOf":{"@id":"https:\/\/www.suno.com.br\/noticias\/pesquisas-eleitorais-presidente-governador-saem-semana\/"},"author":{"name":"Jo\u00e3o Vitor","@id":"https:\/\/www.suno.com.br\/noticias\/#\/schema\/person\/87fc6973867c52dd884811905c43afba"},"headline":"Veja quais pesquisas eleitorais para presidente e governador saem esta semana","datePublished":"2022-07-12T17:29:38+00:00","mainEntityOfPage":{"@id":"https:\/\/www.suno.com.br\/noticias\/pesquisas-eleitorais-presidente-governador-saem-semana\/"},"wordCount":631,"publisher":{"@id":"https:\/\/www.suno.com.br\/noticias\/#organization"},"image":{"@id":"https:\/\/www.suno.com.br\/noticias\/pesquisas-eleitorais-presidente-governador-saem-semana\/#primaryimage"},"thumbnailUrl":"https:\/\/files.sunoresearch.com.br\/n\/uploads\/2022\/07\/pesquisas-eleitorais-2.jpg","keywords":["Elei\u00e7\u00f5es","Pesquisas"],"articleSection":["Neg\u00f3cios"],"inLanguage":"pt-BR"},{"@type":"WebPage","@id":"https:\/\/www.suno.com.br\/noticias\/pesquisas-eleitorais-presidente-governador-saem-semana\/","url":"https:\/\/www.suno.com.br\/noticias\/pesquisas-eleitorais-presidente-governador-saem-semana\/","name":"Veja quais pesquisas eleitorais saem esta semana","isPartOf":{"@id":"https:\/\/www.suno.com.br\/noticias\/#website"},"primaryImageOfPage":{"@id":"https:\/\/www.suno.com.br\/noticias\/pesquisas-eleitorais-presidente-governador-saem-semana\/#primaryimage"},"image":{"@id":"https:\/\/www.suno.com.br\/noticias\/pesquisas-eleitorais-presidente-governador-saem-semana\/#primaryimage"},"thumbnailUrl":"https:\/\/files.sunoresearch.com.br\/n\/uploads\/2022\/07\/pesquisas-eleitorais-2.jpg","datePublished":"2022-07-12T17:29:38+00:00","description":"As elei\u00e7\u00f5es 2022 \u00e9 um assunto de interesse dos investidores. Veja quais pesquisas eleitorais para presidente e governador saem esta semana","breadcrumb":{"@id":"https:\/\/www.suno.com.br\/noticias\/pesquisas-eleitorais-presidente-governador-saem-semana\/#breadcrumb"},"inLanguage":"pt-BR","potentialAction":[{"@type":"ReadAction","target":["https:\/\/www.suno.com.br\/noticias\/pesquisas-eleitorais-presidente-governador-saem-semana\/"]}]},{"@type":"ImageObject","inLanguage":"pt-BR","@id":"https:\/\/www.suno.com.br\/noticias\/pesquisas-eleitorais-presidente-governador-saem-semana\/#primaryimage","url":"https:\/\/files.sunoresearch.com.br\/n\/uploads\/2022\/07\/pesquisas-eleitorais-2.jpg","contentUrl":"https:\/\/files.sunoresearch.com.br\/n\/uploads\/2022\/07\/pesquisas-eleitorais-2.jpg","width":1920,"height":1279,"caption":"Pesquisas eleitorais. Foto: Pixabay"},{"@type":"BreadcrumbList","@id":"https:\/\/www.suno.com.br\/noticias\/pesquisas-eleitorais-presidente-governador-saem-semana\/#breadcrumb","itemListElement":[{"@type":"ListItem","position":1,"name":"Not\u00edcias","item":"https:\/\/www.suno.com.br\/noticias\/"},{"@type":"ListItem","position":2,"name":"Neg\u00f3cios","item":"https:\/\/www.suno.com.br\/noticias\/negocios\/"},{"@type":"ListItem","position":3,"name":"Veja quais pesquisas eleitorais para presidente e governador saem esta semana"}]},{"@type":"WebSite","@id":"https:\/\/www.suno.com.br\/noticias\/#website","url":"https:\/\/www.suno.com.br\/noticias\/","name":"Suno Not\u00edcias","description":"Seu portal de informa\u00e7\u00e3o sobre o mundo dos investimentos","publisher":{"@id":"https:\/\/www.suno.com.br\/noticias\/#organization"},"potentialAction":[{"@type":"SearchAction","target":{"@type":"EntryPoint","urlTemplate":"https:\/\/www.suno.com.br\/noticias\/?s={search_term_string}"},"query-input":{"@type":"PropertyValueSpecification","valueRequired":true,"valueName":"search_term_string"}}],"inLanguage":"pt-BR"},{"@type":"Organization","@id":"https:\/\/www.suno.com.br\/noticias\/#organization","name":"Suno Not\u00edcias","url":"https:\/\/www.suno.com.br\/noticias\/","logo":{"@type":"ImageObject","inLanguage":"pt-BR","@id":"https:\/\/www.suno.com.br\/noticias\/#\/schema\/logo\/image\/","url":"https:\/\/files.sunoresearch.com.br\/n\/uploads\/2021\/09\/suno-logo.png","contentUrl":"https:\/\/files.sunoresearch.com.br\/n\/uploads\/2021\/09\/suno-logo.png","width":180,"height":180,"caption":"Suno Not\u00edcias"},"image":{"@id":"https:\/\/www.suno.com.br\/noticias\/#\/schema\/logo\/image\/"},"sameAs":["https:\/\/facebook.com\/sunoresearch","https:\/\/x.com\/sunoresearch","https:\/\/www.instagram.com\/suno","https:\/\/www.linkedin.com\/company\/suno-research\/","https:\/\/www.youtube.com\/c\/sunoresearch"]},{"@type":"Person","@id":"https:\/\/www.suno.com.br\/noticias\/#\/schema\/person\/87fc6973867c52dd884811905c43afba","name":"Jo\u00e3o Vitor","image":{"@type":"ImageObject","inLanguage":"pt-BR","@id":"https:\/\/www.suno.com.br\/noticias\/#\/schema\/person\/image\/","url":"https:\/\/secure.gravatar.com\/avatar\/2843227ca03ccf8cc7ccca45204c127e?s=96&r=g","contentUrl":"https:\/\/secure.gravatar.com\/avatar\/2843227ca03ccf8cc7ccca45204c127e?s=96&r=g","caption":"Jo\u00e3o Vitor"},"description":"Redator profissional, com atua\u00e7\u00e3o no mercado editorial na produ\u00e7\u00e3o de not\u00edcias e conte\u00fados sobre o mercado de a\u00e7\u00f5es, fundos imobili\u00e1rios e economia popular. Graduando em Engenharia Qu\u00edmica pela Unesp, tamb\u00e9m j\u00e1 atuou como consultor financeiro.","url":"https:\/\/www.suno.com.br\/noticias\/author\/joao-vitor-jacintho\/"}]}},"default_loop_html":"<div class=\"cardsPage__listCard__boxs\"><div class=\"cardsPage__listCard__boxs__img\"><a href=\"https:\/\/www.suno.com.br\/noticias\/pesquisas-eleitorais-presidente-governador-saem-semana\/\"><img class=\"mask\" src=\"https:\/\/www.suno.com.br\/noticias\/wp-content\/themes\/suno\/resources\/images\/spotlight\/spotlight1img\/bg-mask.png\" alt=\"Image Mask\"\/><img src=\"https:\/\/files.sunoresearch.com.br\/n\/uploads\/2022\/07\/pesquisas-eleitorais-2-400x200.jpg\" alt=\"Veja quais pesquisas eleitorais para presidente e governador saem esta semana\"\/><\/a><span class=\"spotlightCategory\"><a href=\"https:\/\/www.suno.com.br\/noticias\/negocios\/\">Neg\u00f3cios<\/a><\/span><\/div><div class=\"cardsPage__listCard__boxs__content\"><a href=\"https:\/\/www.suno.com.br\/noticias\/pesquisas-eleitorais-presidente-governador-saem-semana\/\"><h2 class=\"content__title\">Veja quais pesquisas eleitorais para presidente e governador saem esta semana<\/h2><\/a><div class=\"newsContent__article__meta\"><div class=\"newsContent__article__meta__authorBox\"><a href=\"https:\/\/www.suno.com.br\/noticias\/author\/joao-vitor-jacintho\/\" class=\"authorBox__avatar noMobi\"><img src=\"https:\/\/secure.gravatar.com\/avatar\/2843227ca03ccf8cc7ccca45204c127e?s=96&#038;r=g\" alt=\"Jo\u00e3o Vitor Jacintho\"><\/a><div class=\"authorBox__name\"><span>por\n\t\t\t<a href=\"https:\/\/www.suno.com.br\/noticias\/author\/joao-vitor-jacintho\/\"><span itemprop=\"author\">Jo\u00e3o Vitor Jacintho<\/span><\/a><\/span><time datetime=\"2022-07-12T14:29:38-03:00\" itemprop=\"datePublished\">12\/07\/2022 14:29<\/time><\/div><\/div><\/div><\/div><\/div>","single_layout":"posts","amp_enabled":true,"_links":{"self":[{"href":"https:\/\/www.suno.com.br\/noticias\/wp-json\/wp\/v2\/posts\/275272"}],"collection":[{"href":"https:\/\/www.suno.com.br\/noticias\/wp-json\/wp\/v2\/posts"}],"about":[{"href":"https:\/\/www.suno.com.br\/noticias\/wp-json\/wp\/v2\/types\/post"}],"author":[{"embeddable":true,"href":"https:\/\/www.suno.com.br\/noticias\/wp-json\/wp\/v2\/users\/173"}],"replies":[{"embeddable":true,"href":"https:\/\/www.suno.com.br\/noticias\/wp-json\/wp\/v2\/comments?post=275272"}],"version-history":[{"count":3,"href":"https:\/\/www.suno.com.br\/noticias\/wp-json\/wp\/v2\/posts\/275272\/revisions"}],"predecessor-version":[{"id":275320,"href":"https:\/\/www.suno.com.br\/noticias\/wp-json\/wp\/v2\/posts\/275272\/revisions\/275320"}],"wp:featuredmedia":[{"embeddable":true,"href":"https:\/\/www.suno.com.br\/noticias\/wp-json\/wp\/v2\/media\/275273"}],"wp:attachment":[{"href":"https:\/\/www.suno.com.br\/noticias\/wp-json\/wp\/v2\/media?parent=275272"}],"wp:term":[{"taxonomy":"category","embeddable":true,"href":"https:\/\/www.suno.com.br\/noticias\/wp-json\/wp\/v2\/categories?post=275272"},{"taxonomy":"post_tag","embeddable":true,"href":"https:\/\/www.suno.com.br\/noticias\/wp-json\/wp\/v2\/tags?post=275272"},{"taxonomy":"suno_strategy","embeddable":true,"href":"https:\/\/www.suno.com.br\/noticias\/wp-json\/wp\/v2\/suno_strategy?post=275272"}],"curies":[{"name":"wp","href":"https:\/\/api.w.org\/{rel}","templated":true}]}}