{"id":27519,"date":"2019-06-06T16:01:44","date_gmt":"2019-06-06T19:01:44","guid":{"rendered":"https:\/\/www.suno.com.br\/noticias\/?p=27519"},"modified":"2019-06-06T16:01:44","modified_gmt":"2019-06-06T19:01:44","slug":"gol-azul-bagagem-cobranca-passagens","status":"publish","type":"post","link":"https:\/\/www.suno.com.br\/noticias\/gol-azul-bagagem-cobranca-passagens\/","title":{"rendered":"Gol e Azul: passagens aumentar\u00e3o se cobran\u00e7a por bagagem for proibida"},"content":{"rendered":"<p>A Gol (GOLL4) e a Azul (AZUL4) afirmaram nesta quinta-feira (6) que a proibi\u00e7\u00e3o das <strong>companhias a\u00e9reas<\/strong> de cobrarem pelo despacho de bagagem pode acarretar aumento de pre\u00e7o nas <strong>passagens<\/strong> a\u00e9reas. As empresas participam de audi\u00eancia p\u00fablica na <strong>C\u00e2mara dos Deputados<\/strong>.<\/p>\t<div class=\"wrapper-featured-image\">\n\t\t<figure class=\"spotlightImg\">\n\n\t\t\t<picture>\n\t\t\t\t<source media=\"(max-width: 768px)\" srcset=\"https:\/\/files.sunoresearch.com.br\/n\/uploads\/2019\/03\/1ef17a77-gol-400x200.webp\">\n\t\t\t\t<img loading=\"lazy\" decoding=\"async\" class=\"newsContent__article__imgCapa lazyloadDisabled newsContent__article__imgCapa--noCaption\" src=\"https:\/\/files.sunoresearch.com.br\/n\/uploads\/2019\/03\/1ef17a77-gol-800x450.webp\" width=\"800\" height=\"450\" alt=\"Gol e Azul: passagens aumentar\u00e3o se cobran\u00e7a por bagagem for proibida\" fetchpriority=high \/>\n\t\t\t<\/picture>\n\n\t\t\t<figcaption class=\"wp-caption-text wp-caption-text--hide\">A Gol (GOLL4) aprovou a cria\u00e7\u00e3o de uma holding com a Avianca, e companhia pode ter capital fechado<\/figcaption>\n\t\t<\/figure>\n\t<\/div>\n\n\n<p>O assessor da presid\u00eancia da <strong>Gol<\/strong>, Alberto Fajerman, afirmou que caso a gratuidade para <strong>bagagens<\/strong> seja sancionada, ofertas de passagens, que n\u00e3o incluem bagagens, deixar\u00e3o de existir. Desta forma, o pre\u00e7o m\u00e9dio das <strong>passagens<\/strong> deve subir.<\/p>\n\t<p>\n\t\t<a href=\"https:\/\/lp.suno.com.br\/asset\/fundos\/suno-fic-fia\/\" target=\"_blank\" data-element=\"shortcode-suno-banner\" title=\"Banner SUNO, clique e saiba mais\">\n\t\t\t<picture>\n\t\t\t\t<source media=\"(max-width: 500px)\" srcset=\"https:\/\/files.sunoresearch.com.br\/n\/uploads\/2023\/10\/SUNO-FIC-FIA-400x300-Mobile-Artigos-5-v3.png\">\n\t\t\t\t<img class=\"newsContent__article__imgCapa newsContent__article__imgCapa--banner\"\n\t\t\t\t\tsrc=\"https:\/\/files.sunoresearch.com.br\/n\/uploads\/2023\/10\/SUNO-FIC-FIA-1420x240-Banner-Artigos-1-_-Banner-Materias-4-v3-png.webp\"\n\t\t\t\t\tdata-promo-id=\"478744\"\t\t\t\t\t\t\t\t\t\twidth='2560' height='433'\t\t\t\t\talt=\"https:\/\/files.sunoresearch.com.br\/n\/uploads\/2023\/10\/SUNO-FIC-FIA-1420x240-Banner-Artigos-1-_-Banner-Materias-4-v3-png.webp\"\n\t\t\t\t>\n\t\t\t<\/picture>\n\t\t<\/a>\n\t<\/p>\n\n\n<p>Paralelamente, o diretor da <strong>Azul<\/strong>,\u00a0Marcelo Bento, argumentou que a medida \u00e9 desvantajosa \u00e0queles que n\u00e3o precisam despachar qualquer <strong>bagagem<\/strong>. Pois o <strong>pre\u00e7o das passagens<\/strong> subir\u00e1.<\/p>\n<p>&#8220;A gente precisa ser transparente, o custo n\u00e3o some. Se incluir o pre\u00e7o da bagagem a passagem sobe, n\u00e3o existe m\u00e1gica&#8221;, disse o diretor da Azul.<\/p>\n<p>Representantes da <strong>Latam<\/strong> tamb\u00e9m participaram da audi\u00eancia na <strong>Comiss\u00e3o de Desenvolvimento Econ\u00f4mico, Ind\u00fastria, Com\u00e9rcio e Servi\u00e7os<\/strong> da C\u00e2mara.<\/p>\n<h2>Entenda o caso<\/h2>\n<p>Em 22 de maio, o <strong>Senado Federal<\/strong> aprovou a <strong>Medida Provis\u00f3ria<\/strong> (MP) editada pelo ex-presidente da Rep\u00fablica, Michel Temer. Tal MP autorizava a participa\u00e7\u00e3o de at\u00e9 <strong>100% de capital estrangeiro<\/strong> nas companhias a\u00e9reas brasileiras.<\/p>\n<p>Contudo, o mesmo texto aprovado tamb\u00e9m prev\u00ea gratuidade para <strong>bagagens<\/strong> de at\u00e9:<\/p>\n<ul>\n<li>de at\u00e9 23 quilos nos avi\u00f5es acima de 31 assentos;<\/li>\n<li>de at\u00e9 18 quilos para as aeronaves de 21 a 30 lugares;<\/li>\n<li>de at\u00e9 10 quilos se o avi\u00e3o tiver apenas 20 assentos.<\/li>\n<\/ul>\n<p><a href=\"https:\/\/www.suno.com.br\/noticias\/bolsonaro-sancionar-bagagens-23-quilos\/\">Saiba mais &#8211;\u00a0Bolsonaro deve sancionar proibi\u00e7\u00e3o \u00e0 cobran\u00e7a de bagagens de at\u00e9 23kg<\/a><\/p>\n<p>Entidades do setor a\u00e9reo, <strong>Ag\u00eancia Nacional de Avia\u00e7\u00e3o Civil<\/strong> (Anac) e <a href=\"https:\/\/www.suno.com.br\/artigos\/cade\/\">Conselho Administrativo de Defesa Econ\u00f4mica<\/a> (Cade) j\u00e1 pediram ao governo, que o presidente da Rep\u00fablica, <strong>Jair Bolsonaro<\/strong>, n\u00e3o sancione a gratuidade para as bagagens.<\/p>\n<p>At\u00e9 1\u00ba de junho de 2017, n\u00e3o havia cobran\u00e7a pelas <strong>bagagens<\/strong> despachadas. A regra imposta dois anos atr\u00e1s prev\u00ea <strong>gratuidade<\/strong> apenas para o transporte de bagagens de m\u00e3o, transportadas juntas ao passageiro no <strong>avi\u00e3o<\/strong>, de at\u00e9 10 quilogramas (kg).<\/p>\n<p>Caso o peso seja ultrapassado, as companhias a\u00e9reas, como a <strong>Azul<\/strong> e a <strong>Gol<\/strong>, podem exigir que a mala seja despachada, atividade que envolve cobran\u00e7a do consumidor.<\/p>\n","protected":false},"excerpt":{"rendered":"<p>A Gol (GOLL4) e a Azul (AZUL4) afirmaram nesta quinta-feira (6) que a proibi\u00e7\u00e3o das companhias a\u00e9reas de cobrarem pelo despacho de bagagem pode acarretar aumento de pre\u00e7o nas passagens a\u00e9reas. As empresas participam de audi\u00eancia p\u00fablica na C\u00e2mara dos Deputados. A Gol (GOLL4) aprovou a cria\u00e7\u00e3o de uma holding com a Avianca, e companhia [&hellip;]<\/p>\n","protected":false},"author":12,"featured_media":17745,"comment_status":"closed","ping_status":"closed","sticky":false,"template":"","format":"standard","meta":[],"categories":[64],"tags":[106932,489],"suno_strategy":[],"class_list":["post-27519","post","type-post","status-publish","format-standard","has-post-thumbnail","hentry","category-negocios","tag-azul-azul4","tag-gol-linhas-aereas-goll11-goll4"],"yoast_head":"<!-- This site is optimized with the Yoast SEO plugin v24.4 - https:\/\/yoast.com\/wordpress\/plugins\/seo\/ -->\n<title>Gol e Azul: passagens aumentar\u00e3o se cobran\u00e7a por bagagem for proibida<\/title>\n<meta name=\"description\" content=\"Gol e a Azul disseram que as passagens ter\u00e3o alta nos pre\u00e7os, se for aprovada medida que pro\u00edbe cobran\u00e7a por bagagem. Clique para saber mais.\" \/>\n<meta name=\"robots\" content=\"index, follow, max-snippet:-1, max-image-preview:large, max-video-preview:-1\" \/>\n<link rel=\"canonical\" href=\"https:\/\/www.suno.com.br\/noticias\/gol-azul-bagagem-cobranca-passagens\/\" \/>\n<meta property=\"og:locale\" content=\"pt_BR\" \/>\n<meta property=\"og:type\" content=\"article\" \/>\n<meta property=\"og:title\" content=\"Gol e Azul: passagens aumentar\u00e3o se cobran\u00e7a por bagagem for proibida\" \/>\n<meta property=\"og:description\" content=\"Gol e a Azul disseram que as passagens ter\u00e3o alta nos pre\u00e7os, se for aprovada medida que pro\u00edbe cobran\u00e7a por bagagem. Clique para saber mais.\" \/>\n<meta property=\"og:url\" content=\"https:\/\/www.suno.com.br\/noticias\/gol-azul-bagagem-cobranca-passagens\/\" \/>\n<meta property=\"og:site_name\" content=\"Suno Not\u00edcias\" \/>\n<meta property=\"article:publisher\" content=\"https:\/\/facebook.com\/sunoresearch\" \/>\n<meta property=\"og:image\" content=\"https:\/\/files.sunoresearch.com.br\/n\/uploads\/2019\/03\/1ef17a77-gol.jpg\" \/>\n\t<meta property=\"og:image:width\" content=\"1536\" \/>\n\t<meta property=\"og:image:height\" content=\"1024\" \/>\n\t<meta property=\"og:image:type\" content=\"image\/jpeg\" \/>\n<meta name=\"author\" content=\"Amanda Gushiken\" \/>\n<meta name=\"twitter:card\" content=\"summary_large_image\" \/>\n<meta name=\"twitter:creator\" content=\"@sunoresearch\" \/>\n<meta name=\"twitter:site\" content=\"@sunoresearch\" \/>\n<meta name=\"twitter:label1\" content=\"Escrito por\" \/>\n\t<meta name=\"twitter:data1\" content=\"Amanda Gushiken\" \/>\n\t<meta name=\"twitter:label2\" content=\"Est. tempo de leitura\" \/>\n\t<meta name=\"twitter:data2\" content=\"2 minutos\" \/>\n<script type=\"application\/ld+json\" class=\"yoast-schema-graph\">{\"@context\":\"https:\/\/schema.org\",\"@graph\":[{\"@type\":\"NewsArticle\",\"@id\":\"https:\/\/www.suno.com.br\/noticias\/gol-azul-bagagem-cobranca-passagens\/#article\",\"isPartOf\":{\"@id\":\"https:\/\/www.suno.com.br\/noticias\/gol-azul-bagagem-cobranca-passagens\/\"},\"author\":{\"name\":\"Amanda Gushiken\",\"@id\":\"https:\/\/www.suno.com.br\/noticias\/#\/schema\/person\/a5b06fa4e879d8e8e119c6ed3cd630d1\"},\"headline\":\"Gol e Azul: passagens aumentar\u00e3o se cobran\u00e7a por bagagem for proibida\",\"datePublished\":\"2019-06-06T19:01:44+00:00\",\"mainEntityOfPage\":{\"@id\":\"https:\/\/www.suno.com.br\/noticias\/gol-azul-bagagem-cobranca-passagens\/\"},\"wordCount\":393,\"publisher\":{\"@id\":\"https:\/\/www.suno.com.br\/noticias\/#organization\"},\"image\":{\"@id\":\"https:\/\/www.suno.com.br\/noticias\/gol-azul-bagagem-cobranca-passagens\/#primaryimage\"},\"thumbnailUrl\":\"https:\/\/files.sunoresearch.com.br\/n\/uploads\/2019\/03\/1ef17a77-gol-jpg.webp\",\"keywords\":[\"Azul (AZUL4)\",\"Gol Linhas A\u00e9reas (GOLL11\/GOLL4)\"],\"articleSection\":[\"Neg\u00f3cios\"],\"inLanguage\":\"pt-BR\"},{\"@type\":\"WebPage\",\"@id\":\"https:\/\/www.suno.com.br\/noticias\/gol-azul-bagagem-cobranca-passagens\/\",\"url\":\"https:\/\/www.suno.com.br\/noticias\/gol-azul-bagagem-cobranca-passagens\/\",\"name\":\"Gol e Azul: passagens aumentar\u00e3o se cobran\u00e7a por bagagem for proibida\",\"isPartOf\":{\"@id\":\"https:\/\/www.suno.com.br\/noticias\/#website\"},\"primaryImageOfPage\":{\"@id\":\"https:\/\/www.suno.com.br\/noticias\/gol-azul-bagagem-cobranca-passagens\/#primaryimage\"},\"image\":{\"@id\":\"https:\/\/www.suno.com.br\/noticias\/gol-azul-bagagem-cobranca-passagens\/#primaryimage\"},\"thumbnailUrl\":\"https:\/\/files.sunoresearch.com.br\/n\/uploads\/2019\/03\/1ef17a77-gol-jpg.webp\",\"datePublished\":\"2019-06-06T19:01:44+00:00\",\"description\":\"Gol e a Azul disseram que as passagens ter\u00e3o alta nos pre\u00e7os, se for aprovada medida que pro\u00edbe cobran\u00e7a por bagagem. Clique para saber mais.\",\"breadcrumb\":{\"@id\":\"https:\/\/www.suno.com.br\/noticias\/gol-azul-bagagem-cobranca-passagens\/#breadcrumb\"},\"inLanguage\":\"pt-BR\",\"potentialAction\":[{\"@type\":\"ReadAction\",\"target\":[\"https:\/\/www.suno.com.br\/noticias\/gol-azul-bagagem-cobranca-passagens\/\"]}]},{\"@type\":\"ImageObject\",\"inLanguage\":\"pt-BR\",\"@id\":\"https:\/\/www.suno.com.br\/noticias\/gol-azul-bagagem-cobranca-passagens\/#primaryimage\",\"url\":\"https:\/\/files.sunoresearch.com.br\/n\/uploads\/2019\/03\/1ef17a77-gol-jpg.webp\",\"contentUrl\":\"https:\/\/files.sunoresearch.com.br\/n\/uploads\/2019\/03\/1ef17a77-gol-jpg.webp\",\"width\":1536,\"height\":1024,\"caption\":\"A Gol (GOLL4) aprovou a cria\u00e7\u00e3o de uma holding com a Avianca, e companhia pode ter capital fechado\"},{\"@type\":\"BreadcrumbList\",\"@id\":\"https:\/\/www.suno.com.br\/noticias\/gol-azul-bagagem-cobranca-passagens\/#breadcrumb\",\"itemListElement\":[{\"@type\":\"ListItem\",\"position\":1,\"name\":\"Not\u00edcias\",\"item\":\"https:\/\/www.suno.com.br\/noticias\/\"},{\"@type\":\"ListItem\",\"position\":2,\"name\":\"Neg\u00f3cios\",\"item\":\"https:\/\/www.suno.com.br\/noticias\/negocios\/\"},{\"@type\":\"ListItem\",\"position\":3,\"name\":\"Gol e Azul: passagens aumentar\u00e3o se cobran\u00e7a por bagagem for proibida\"}]},{\"@type\":\"WebSite\",\"@id\":\"https:\/\/www.suno.com.br\/noticias\/#website\",\"url\":\"https:\/\/www.suno.com.br\/noticias\/\",\"name\":\"Suno Not\u00edcias\",\"description\":\"Seu portal de informa\u00e7\u00e3o sobre o mundo dos investimentos\",\"publisher\":{\"@id\":\"https:\/\/www.suno.com.br\/noticias\/#organization\"},\"potentialAction\":[{\"@type\":\"SearchAction\",\"target\":{\"@type\":\"EntryPoint\",\"urlTemplate\":\"https:\/\/www.suno.com.br\/noticias\/?s={search_term_string}\"},\"query-input\":{\"@type\":\"PropertyValueSpecification\",\"valueRequired\":true,\"valueName\":\"search_term_string\"}}],\"inLanguage\":\"pt-BR\"},{\"@type\":\"Organization\",\"@id\":\"https:\/\/www.suno.com.br\/noticias\/#organization\",\"name\":\"Suno Not\u00edcias\",\"url\":\"https:\/\/www.suno.com.br\/noticias\/\",\"logo\":{\"@type\":\"ImageObject\",\"inLanguage\":\"pt-BR\",\"@id\":\"https:\/\/www.suno.com.br\/noticias\/#\/schema\/logo\/image\/\",\"url\":\"https:\/\/files.sunoresearch.com.br\/n\/uploads\/2021\/09\/suno-logo.png\",\"contentUrl\":\"https:\/\/files.sunoresearch.com.br\/n\/uploads\/2021\/09\/suno-logo.png\",\"width\":180,\"height\":180,\"caption\":\"Suno Not\u00edcias\"},\"image\":{\"@id\":\"https:\/\/www.suno.com.br\/noticias\/#\/schema\/logo\/image\/\"},\"sameAs\":[\"https:\/\/facebook.com\/sunoresearch\",\"https:\/\/x.com\/sunoresearch\",\"https:\/\/www.instagram.com\/suno\",\"https:\/\/www.linkedin.com\/company\/suno-research\/\",\"https:\/\/www.youtube.com\/c\/sunoresearch\"]},{\"@type\":\"Person\",\"@id\":\"https:\/\/www.suno.com.br\/noticias\/#\/schema\/person\/a5b06fa4e879d8e8e119c6ed3cd630d1\",\"name\":\"Amanda Gushiken\",\"image\":{\"@type\":\"ImageObject\",\"inLanguage\":\"pt-BR\",\"@id\":\"https:\/\/www.suno.com.br\/noticias\/#\/schema\/person\/image\/\",\"url\":\"https:\/\/secure.gravatar.com\/avatar\/ecd84705e6b65e3685ae80d725501fbe?s=96&r=g\",\"contentUrl\":\"https:\/\/secure.gravatar.com\/avatar\/ecd84705e6b65e3685ae80d725501fbe?s=96&r=g\",\"caption\":\"Amanda Gushiken\"},\"description\":\"Amanda Sayuri Gushiken escreve sobre finan\u00e7as e neg\u00f3cios para o portal Suno Not\u00edcias. Antes, trabalhou selecionando not\u00edcias da imprensa para clientes do mercado financeiro. Tamb\u00e9m desenvolveu pesquisa acad\u00eamica pela Universidade Anhembi Morumbi na \u00e1rea de Teorias da Comunica\u00e7\u00e3o e \u00e9 fot\u00f3grafa nas horas vagas.\",\"url\":\"https:\/\/www.suno.com.br\/noticias\/author\/amanda\/\"}]}<\/script>\n<!-- \/ Yoast SEO plugin. -->","yoast_head_json":{"title":"Gol e Azul: passagens aumentar\u00e3o se cobran\u00e7a por bagagem for proibida","description":"Gol e a Azul disseram que as passagens ter\u00e3o alta nos pre\u00e7os, se for aprovada medida que pro\u00edbe cobran\u00e7a por bagagem. Clique para saber mais.","robots":{"index":"index","follow":"follow","max-snippet":"max-snippet:-1","max-image-preview":"max-image-preview:large","max-video-preview":"max-video-preview:-1"},"canonical":"https:\/\/www.suno.com.br\/noticias\/gol-azul-bagagem-cobranca-passagens\/","og_locale":"pt_BR","og_type":"article","og_title":"Gol e Azul: passagens aumentar\u00e3o se cobran\u00e7a por bagagem for proibida","og_description":"Gol e a Azul disseram que as passagens ter\u00e3o alta nos pre\u00e7os, se for aprovada medida que pro\u00edbe cobran\u00e7a por bagagem. Clique para saber mais.","og_url":"https:\/\/www.suno.com.br\/noticias\/gol-azul-bagagem-cobranca-passagens\/","og_site_name":"Suno Not\u00edcias","article_publisher":"https:\/\/facebook.com\/sunoresearch","og_image":[{"width":1536,"height":1024,"url":"https:\/\/files.sunoresearch.com.br\/n\/uploads\/2019\/03\/1ef17a77-gol.jpg","type":"image\/jpeg"}],"author":"Amanda Gushiken","twitter_card":"summary_large_image","twitter_creator":"@sunoresearch","twitter_site":"@sunoresearch","twitter_misc":{"Escrito por":"Amanda Gushiken","Est. tempo de leitura":"2 minutos"},"schema":{"@context":"https:\/\/schema.org","@graph":[{"@type":"NewsArticle","@id":"https:\/\/www.suno.com.br\/noticias\/gol-azul-bagagem-cobranca-passagens\/#article","isPartOf":{"@id":"https:\/\/www.suno.com.br\/noticias\/gol-azul-bagagem-cobranca-passagens\/"},"author":{"name":"Amanda Gushiken","@id":"https:\/\/www.suno.com.br\/noticias\/#\/schema\/person\/a5b06fa4e879d8e8e119c6ed3cd630d1"},"headline":"Gol e Azul: passagens aumentar\u00e3o se cobran\u00e7a por bagagem for proibida","datePublished":"2019-06-06T19:01:44+00:00","mainEntityOfPage":{"@id":"https:\/\/www.suno.com.br\/noticias\/gol-azul-bagagem-cobranca-passagens\/"},"wordCount":393,"publisher":{"@id":"https:\/\/www.suno.com.br\/noticias\/#organization"},"image":{"@id":"https:\/\/www.suno.com.br\/noticias\/gol-azul-bagagem-cobranca-passagens\/#primaryimage"},"thumbnailUrl":"https:\/\/files.sunoresearch.com.br\/n\/uploads\/2019\/03\/1ef17a77-gol-jpg.webp","keywords":["Azul (AZUL4)","Gol Linhas A\u00e9reas (GOLL11\/GOLL4)"],"articleSection":["Neg\u00f3cios"],"inLanguage":"pt-BR"},{"@type":"WebPage","@id":"https:\/\/www.suno.com.br\/noticias\/gol-azul-bagagem-cobranca-passagens\/","url":"https:\/\/www.suno.com.br\/noticias\/gol-azul-bagagem-cobranca-passagens\/","name":"Gol e Azul: passagens aumentar\u00e3o se cobran\u00e7a por bagagem for proibida","isPartOf":{"@id":"https:\/\/www.suno.com.br\/noticias\/#website"},"primaryImageOfPage":{"@id":"https:\/\/www.suno.com.br\/noticias\/gol-azul-bagagem-cobranca-passagens\/#primaryimage"},"image":{"@id":"https:\/\/www.suno.com.br\/noticias\/gol-azul-bagagem-cobranca-passagens\/#primaryimage"},"thumbnailUrl":"https:\/\/files.sunoresearch.com.br\/n\/uploads\/2019\/03\/1ef17a77-gol-jpg.webp","datePublished":"2019-06-06T19:01:44+00:00","description":"Gol e a Azul disseram que as passagens ter\u00e3o alta nos pre\u00e7os, se for aprovada medida que pro\u00edbe cobran\u00e7a por bagagem. Clique para saber mais.","breadcrumb":{"@id":"https:\/\/www.suno.com.br\/noticias\/gol-azul-bagagem-cobranca-passagens\/#breadcrumb"},"inLanguage":"pt-BR","potentialAction":[{"@type":"ReadAction","target":["https:\/\/www.suno.com.br\/noticias\/gol-azul-bagagem-cobranca-passagens\/"]}]},{"@type":"ImageObject","inLanguage":"pt-BR","@id":"https:\/\/www.suno.com.br\/noticias\/gol-azul-bagagem-cobranca-passagens\/#primaryimage","url":"https:\/\/files.sunoresearch.com.br\/n\/uploads\/2019\/03\/1ef17a77-gol-jpg.webp","contentUrl":"https:\/\/files.sunoresearch.com.br\/n\/uploads\/2019\/03\/1ef17a77-gol-jpg.webp","width":1536,"height":1024,"caption":"A Gol (GOLL4) aprovou a cria\u00e7\u00e3o de uma holding com a Avianca, e companhia pode ter capital fechado"},{"@type":"BreadcrumbList","@id":"https:\/\/www.suno.com.br\/noticias\/gol-azul-bagagem-cobranca-passagens\/#breadcrumb","itemListElement":[{"@type":"ListItem","position":1,"name":"Not\u00edcias","item":"https:\/\/www.suno.com.br\/noticias\/"},{"@type":"ListItem","position":2,"name":"Neg\u00f3cios","item":"https:\/\/www.suno.com.br\/noticias\/negocios\/"},{"@type":"ListItem","position":3,"name":"Gol e Azul: passagens aumentar\u00e3o se cobran\u00e7a por bagagem for proibida"}]},{"@type":"WebSite","@id":"https:\/\/www.suno.com.br\/noticias\/#website","url":"https:\/\/www.suno.com.br\/noticias\/","name":"Suno Not\u00edcias","description":"Seu portal de informa\u00e7\u00e3o sobre o mundo dos investimentos","publisher":{"@id":"https:\/\/www.suno.com.br\/noticias\/#organization"},"potentialAction":[{"@type":"SearchAction","target":{"@type":"EntryPoint","urlTemplate":"https:\/\/www.suno.com.br\/noticias\/?s={search_term_string}"},"query-input":{"@type":"PropertyValueSpecification","valueRequired":true,"valueName":"search_term_string"}}],"inLanguage":"pt-BR"},{"@type":"Organization","@id":"https:\/\/www.suno.com.br\/noticias\/#organization","name":"Suno Not\u00edcias","url":"https:\/\/www.suno.com.br\/noticias\/","logo":{"@type":"ImageObject","inLanguage":"pt-BR","@id":"https:\/\/www.suno.com.br\/noticias\/#\/schema\/logo\/image\/","url":"https:\/\/files.sunoresearch.com.br\/n\/uploads\/2021\/09\/suno-logo.png","contentUrl":"https:\/\/files.sunoresearch.com.br\/n\/uploads\/2021\/09\/suno-logo.png","width":180,"height":180,"caption":"Suno Not\u00edcias"},"image":{"@id":"https:\/\/www.suno.com.br\/noticias\/#\/schema\/logo\/image\/"},"sameAs":["https:\/\/facebook.com\/sunoresearch","https:\/\/x.com\/sunoresearch","https:\/\/www.instagram.com\/suno","https:\/\/www.linkedin.com\/company\/suno-research\/","https:\/\/www.youtube.com\/c\/sunoresearch"]},{"@type":"Person","@id":"https:\/\/www.suno.com.br\/noticias\/#\/schema\/person\/a5b06fa4e879d8e8e119c6ed3cd630d1","name":"Amanda Gushiken","image":{"@type":"ImageObject","inLanguage":"pt-BR","@id":"https:\/\/www.suno.com.br\/noticias\/#\/schema\/person\/image\/","url":"https:\/\/secure.gravatar.com\/avatar\/ecd84705e6b65e3685ae80d725501fbe?s=96&r=g","contentUrl":"https:\/\/secure.gravatar.com\/avatar\/ecd84705e6b65e3685ae80d725501fbe?s=96&r=g","caption":"Amanda Gushiken"},"description":"Amanda Sayuri Gushiken escreve sobre finan\u00e7as e neg\u00f3cios para o portal Suno Not\u00edcias. Antes, trabalhou selecionando not\u00edcias da imprensa para clientes do mercado financeiro. Tamb\u00e9m desenvolveu pesquisa acad\u00eamica pela Universidade Anhembi Morumbi na \u00e1rea de Teorias da Comunica\u00e7\u00e3o e \u00e9 fot\u00f3grafa nas horas vagas.","url":"https:\/\/www.suno.com.br\/noticias\/author\/amanda\/"}]}},"default_loop_html":"<div class=\"cardsPage__listCard__boxs\"><div class=\"cardsPage__listCard__boxs__img\"><a href=\"https:\/\/www.suno.com.br\/noticias\/gol-azul-bagagem-cobranca-passagens\/\"><img class=\"mask\" src=\"https:\/\/www.suno.com.br\/noticias\/wp-content\/themes\/suno\/resources\/images\/spotlight\/spotlight1img\/bg-mask.png\" alt=\"Image Mask\"\/><img src=\"https:\/\/files.sunoresearch.com.br\/n\/uploads\/2019\/03\/1ef17a77-gol-400x200.webp\" alt=\"Gol e Azul: passagens aumentar\u00e3o se cobran\u00e7a por bagagem for proibida\"\/><\/a><span class=\"spotlightCategory\"><a href=\"https:\/\/www.suno.com.br\/noticias\/negocios\/\">Neg\u00f3cios<\/a><\/span><\/div><div class=\"cardsPage__listCard__boxs__content\"><a href=\"https:\/\/www.suno.com.br\/noticias\/gol-azul-bagagem-cobranca-passagens\/\"><h2 class=\"content__title\">Gol e Azul: passagens aumentar\u00e3o se cobran\u00e7a por bagagem for proibida<\/h2><\/a><div class=\"newsContent__article__meta\"><div class=\"newsContent__article__meta__authorBox\"><a href=\"https:\/\/www.suno.com.br\/noticias\/author\/amanda\/\" class=\"authorBox__avatar noMobi\"><img src=\"https:\/\/files.sunoresearch.com.br\/n\/uploads\/2018\/11\/c6ad30be-amanda-150x150.webp\" alt=\"Amanda Gushiken\"><\/a><div class=\"authorBox__name\"><span>por\n\t\t\t<a href=\"https:\/\/www.suno.com.br\/noticias\/author\/amanda\/\"><span itemprop=\"author\">Amanda Gushiken<\/span><\/a><\/span><time datetime=\"2019-06-06T16:01:44-03:00\" itemprop=\"datePublished\">06\/06\/2019 16:01<\/time><\/div><\/div><\/div><\/div><\/div>","single_layout":"posts","amp_enabled":true,"_links":{"self":[{"href":"https:\/\/www.suno.com.br\/noticias\/wp-json\/wp\/v2\/posts\/27519"}],"collection":[{"href":"https:\/\/www.suno.com.br\/noticias\/wp-json\/wp\/v2\/posts"}],"about":[{"href":"https:\/\/www.suno.com.br\/noticias\/wp-json\/wp\/v2\/types\/post"}],"author":[{"embeddable":true,"href":"https:\/\/www.suno.com.br\/noticias\/wp-json\/wp\/v2\/users\/12"}],"replies":[{"embeddable":true,"href":"https:\/\/www.suno.com.br\/noticias\/wp-json\/wp\/v2\/comments?post=27519"}],"version-history":[{"count":0,"href":"https:\/\/www.suno.com.br\/noticias\/wp-json\/wp\/v2\/posts\/27519\/revisions"}],"wp:featuredmedia":[{"embeddable":true,"href":"https:\/\/www.suno.com.br\/noticias\/wp-json\/wp\/v2\/media\/17745"}],"wp:attachment":[{"href":"https:\/\/www.suno.com.br\/noticias\/wp-json\/wp\/v2\/media?parent=27519"}],"wp:term":[{"taxonomy":"category","embeddable":true,"href":"https:\/\/www.suno.com.br\/noticias\/wp-json\/wp\/v2\/categories?post=27519"},{"taxonomy":"post_tag","embeddable":true,"href":"https:\/\/www.suno.com.br\/noticias\/wp-json\/wp\/v2\/tags?post=27519"},{"taxonomy":"suno_strategy","embeddable":true,"href":"https:\/\/www.suno.com.br\/noticias\/wp-json\/wp\/v2\/suno_strategy?post=27519"}],"curies":[{"name":"wp","href":"https:\/\/api.w.org\/{rel}","templated":true}]}}