{"id":275094,"date":"2022-07-11T21:24:04","date_gmt":"2022-07-12T00:24:04","guid":{"rendered":"https:\/\/www.suno.com.br\/noticias\/?p=275094"},"modified":"2022-07-12T12:53:14","modified_gmt":"2022-07-12T15:53:14","slug":"petrorio-prio3-producao-aumenta-poco-campo-frade","status":"publish","type":"post","link":"https:\/\/www.suno.com.br\/noticias\/petrorio-prio3-producao-aumenta-poco-campo-frade\/","title":{"rendered":"PetroRio (PRIO3) aumenta produ\u00e7\u00e3o em 45% com po\u00e7o em opera\u00e7\u00e3o no Campo de Frade"},"content":{"rendered":"<p>A <a class=\"suno-keyword\" href=\"https:\/\/www.suno.com.br\/acoes\/PRIO3\/\" target=\"_blank\" rel=\"noopener\" data-force=\"yes\" data-priority=\"2\"><strong>PetroRio<\/strong> (PRIO3)<\/a> anunciou nesta segunda-feira (11) o in\u00edcio da produ\u00e7\u00e3o do po\u00e7o 7-FR-54H-RJS (ODP4), localizado no Campo de Frade, na Bacia de Campos.<\/p>\t<div class=\"wrapper-featured-image\">\n\t\t<figure class=\"spotlightImg\">\n\n\t\t\t<picture>\n\t\t\t\t<source media=\"(max-width: 768px)\" srcset=\"https:\/\/files.sunoresearch.com.br\/n\/uploads\/2021\/04\/fcfdce5e-oil-rig-3522594_1280-400x200.webp\">\n\t\t\t\t<img loading=\"lazy\" decoding=\"async\" class=\"newsContent__article__imgCapa lazyloadDisabled \" src=\"https:\/\/files.sunoresearch.com.br\/n\/uploads\/2021\/04\/fcfdce5e-oil-rig-3522594_1280-800x450.webp\" width=\"800\" height=\"450\" alt=\"PetroRio (PRIO3) aumenta produ\u00e7\u00e3o em 45% com po\u00e7o em opera\u00e7\u00e3o no Campo de Frade\" fetchpriority=high \/>\n\t\t\t<\/picture>\n\n\t\t\t<figcaption class=\"wp-caption-text wp-caption-text--show\">PRIO (PRIO3). Foto: Divulga\u00e7\u00e3o<\/figcaption>\n\t\t<\/figure>\n\t<\/div>\n\n\n\t<p>\n\t\t<a href=\"\" target=\"_blank\" data-element=\"shortcode-suno-banner\" title=\"Banner SUNO, clique e saiba mais\">\n\t\t\t<picture>\n\t\t\t\t<source media=\"(max-width: 500px)\" srcset=\"\">\n\t\t\t\t<img class=\"newsContent__article__imgCapa newsContent__article__imgCapa--banner\"\n\t\t\t\t\tsrc=\"\"\n\t\t\t\t\tdata-promo-id=\"138420\"\t\t\t\t\t\t\t\t\t\t\t\t\t\t\talt=\"\"\n\t\t\t\t>\n\t\t\t<\/picture>\n\t\t<\/a>\n\t<\/p>\n\n\n<p>De acordo com <a class=\"suno-keyword\" href=\"https:\/\/www.suno.com.br\/artigos\/fato-relevante\/\" target=\"_blank\" rel=\"noopener\" data-force=\"no\" data-priority=\"1\">fato relevante<\/a> enviado \u00e0 Comiss\u00e3o de Valores Mobili\u00e1rios (CVM), a produ\u00e7\u00e3o inicial estabilizada \u00e9 de cerca de 15 mil barris de \u00f3leo por dia (<strong>bopd<\/strong>), superior \u00e0s previs\u00f5es feitas anteriormente. O po\u00e7o no Campo de Frade aumenta a <strong>produ\u00e7\u00e3o da PetroRio<\/strong> em 45%, para cerca de 48,5 mil <span style=\"font-weight: 400;\">bopd<\/span>.<\/p>\n<p>O <strong>ODP4<\/strong> \u00e9 o primeiro po\u00e7o da <strong>campanha de revitaliza\u00e7\u00e3o do Campo de Frade<\/strong>, sendo executado em 68 dias. O projeto incluiu a conex\u00e3o submarina, em prazo inferior \u00e0s expectativas iniciais, o que acarretou redu\u00e7\u00e3o de custo de 30% do valor or\u00e7ado para a constru\u00e7\u00e3o e conex\u00e3o <em>subsea<\/em>.<\/p>\n<p>Com o menor custo e tempo de execu\u00e7\u00e3o do po\u00e7o ODP4, a PetroRio tomou a decis\u00e3o de antecipar a perfura\u00e7\u00e3o de um segundo po\u00e7o produtor que estava prevista para a segunda fase da campanha de revitaliza\u00e7\u00e3o do campo, o MUP3A.<\/p>\n\t<p>\n\t\t<a href=\"https:\/\/lp.suno.com.br\/planilha-controle-gastos\/\" target=\"_blank\" data-element=\"shortcode-suno-banner\" title=\"Banner SUNO, clique e saiba mais\">\n\t\t\t<picture>\n\t\t\t\t<source media=\"(max-width: 500px)\" srcset=\"https:\/\/files.sunoresearch.com.br\/n\/uploads\/2023\/03\/400x300-Planilha-controle-de-gastos.png\">\n\t\t\t\t<img class=\"newsContent__article__imgCapa newsContent__article__imgCapa--banner\"\n\t\t\t\t\tsrc=\"https:\/\/files.sunoresearch.com.br\/n\/uploads\/2023\/03\/1420x240-Planilha-controle-de-gastos.png\"\n\t\t\t\t\tdata-promo-id=\"101751\"\t\t\t\t\t\t\t\t\t\twidth='1420' height='240'\t\t\t\t\talt=\"https:\/\/files.sunoresearch.com.br\/n\/uploads\/2023\/03\/1420x240-Planilha-controle-de-gastos.png\"\n\t\t\t\t>\n\t\t\t<\/picture>\n\t\t<\/a>\n\t<\/p>\n\n\n<p>\u201cEste novo po\u00e7o, embora tenha uma perspectiva de produ\u00e7\u00e3o inferior aos demais (cerca de 3,5 mil barris de \u00f3leo por dia), tamb\u00e9m ter\u00e1 um capex (investimentos) bastante inferior ao do po\u00e7o ODP4, dado que utilizar\u00e1 a estrutura subsea e parte do po\u00e7o MUP3 (atualmente sem produ\u00e7\u00e3o)\u201d, afirma a companhia, em texto.<\/p>\n<p>Dessa forma, a primeira fase da campanha de revitaliza\u00e7\u00e3o do campo passa a contar com quatro po\u00e7os (dois produtores e dois injetores).<\/p>\n<p>Agora, a primeira fase da campanha de revitaliza\u00e7\u00e3o de Frade passa a contar com quatro po\u00e7os (sendo dois produtores e dois injetores) e o CAPEX permanecer\u00e1 nos mesmos valores divulgados anteriormente.<\/p>\n<p>A equipe de Research da Ativa Investimentos avalia positivamente o an\u00fancio da PetroRio, &#8220;uma vez que o mercado contava com a adi\u00e7\u00e3o de 6 mil barris di\u00e1rios e observar\u00e1 15 mil barris\/dia ap\u00f3s a estabiliza\u00e7\u00e3o do po\u00e7o.&#8221;<\/p>\n<p>Os analistas tamb\u00e9m ressaltaram que a produ\u00e7\u00e3o extra de 9 mil barris\/dia representa uma adi\u00e7\u00e3o de R$ 2,50 ao pre\u00e7o alvo e ainda esperam que a not\u00edcia repercuta positivamente no preg\u00e3o da ter\u00e7a-feira (12).<\/p>\n<h2>Petrobras (PETR4): Cade aprova venda de participa\u00e7\u00e3o em Albacora Leste para a PetroRio (PRIO3)<\/h2>\n<p>A Superintend\u00eancia-Geral do\u00a0<a class=\"suno-keyword\" href=\"https:\/\/www.suno.com.br\/artigos\/cade\/\" target=\"_blank\" rel=\"noopener\" data-force=\"no\" data-priority=\"2\">Conselho Administrativo de Defesa Econ\u00f4mica (Cade)<\/a>\u00a0deu aval para aquisi\u00e7\u00e3o, pela\u00a0<a class=\"suno-keyword\" href=\"https:\/\/www.suno.com.br\/acoes\/PRIO3\/\" target=\"_blank\" rel=\"noopener\" data-force=\"yes\" data-priority=\"2\">PetroRio (PRIO3)\u00a0<\/a>por meio de sua subsidi\u00e1ria PetroRio Jaguar, da total participa\u00e7\u00e3o detida pela\u00a0<strong><a class=\"suno-keyword\" href=\"https:\/\/www.suno.com.br\/acoes\/PETR4\/\" target=\"_blank\" rel=\"noopener\" data-force=\"yes\" data-priority=\"2\">Petrobras (PETR4)<\/a>\u00a0<\/strong>em um contrato de concess\u00e3o do Campo Albacora Leste, que fica em \u00e1guas profundas na Bacia de Campos. A aprova\u00e7\u00e3o, sem restri\u00e7\u00f5es, est\u00e1 publicada no Di\u00e1rio Oficial da Uni\u00e3o (DOU).<\/p>\n\t<p>\n\t\t<a href=\"https:\/\/lp.suno.com.br\/planilha-da-vida-financeira\/\" target=\"_blank\" data-element=\"shortcode-suno-banner\" title=\"Banner SUNO, clique e saiba mais\">\n\t\t\t<picture>\n\t\t\t\t<source media=\"(max-width: 500px)\" srcset=\"https:\/\/files.sunoresearch.com.br\/n\/uploads\/2023\/04\/400x300-Planilha-vida-financeira-true.png\">\n\t\t\t\t<img class=\"newsContent__article__imgCapa newsContent__article__imgCapa--banner\"\n\t\t\t\t\tsrc=\"https:\/\/files.sunoresearch.com.br\/n\/uploads\/2023\/04\/1420x240-Planilha-vida-financeira-true.png\"\n\t\t\t\t\tdata-promo-id=\"106682\"\t\t\t\t\t\t\t\t\t\twidth='1420' height='240'\t\t\t\t\talt=\"https:\/\/files.sunoresearch.com.br\/n\/uploads\/2023\/04\/1420x240-Planilha-vida-financeira-true.png\"\n\t\t\t\t>\n\t\t\t<\/picture>\n\t\t<\/a>\n\t<\/p>\n\n\n<p>A\u00a0<strong>participa\u00e7\u00e3o da Petrobras<\/strong>\u00a0no contrato corresponde a 90% do total. Os 10% restantes pertencem \u00e0 Repsol Sinopec Brasil. Com o acordo, a PetroRio, pela PetroRio Jaguar, deter\u00e1 90% de participa\u00e7\u00e3o e ser\u00e1 operadora da<strong>\u00a0concess\u00e3o de Albacora Leste<\/strong>. A fatia da Repsol n\u00e3o ser\u00e1 afetada pela opera\u00e7\u00e3o.<\/p>\n<p>Quando foi feito o an\u00fancio do neg\u00f3cio, em abril deste ano, a Petrobras informou que o valor total da venda era de at\u00e9 US$ 2,2 bilh\u00f5es, dos quais US$ 292,7 milh\u00f5es foram pagos na ocasi\u00e3o, US$ 1,66 bilh\u00e3o no fechamento da transa\u00e7\u00e3o e at\u00e9 US$ 250 milh\u00f5es em pagamentos contingentes, a depender das cota\u00e7\u00f5es futuras do petr\u00f3leo Brent. A empresa tamb\u00e9m reiterou que os valores n\u00e3o consideravam os ajustes a serem eventualmente feitos at\u00e9 o fechamento da transa\u00e7\u00e3o, que est\u00e3o sujeitos ao cumprimento de certas condi\u00e7\u00f5es precedentes.<\/p>\n\t<p>\n\t\t<a href=\"https:\/\/lp.suno.com.br\/ebook-como-analisar-uma-acao\/\" target=\"_blank\" data-element=\"shortcode-suno-banner\" title=\"Banner SUNO, clique e saiba mais\">\n\t\t\t<picture>\n\t\t\t\t<source media=\"(max-width: 500px)\" srcset=\"https:\/\/files.sunoresearch.com.br\/n\/uploads\/2023\/03\/Ebook-Acoes-Mobile-1.jpg\">\n\t\t\t\t<img class=\"newsContent__article__imgCapa newsContent__article__imgCapa--banner\"\n\t\t\t\t\tsrc=\"https:\/\/files.sunoresearch.com.br\/n\/uploads\/2023\/03\/Ebook-Acoes-Desktop-1.jpg\"\n\t\t\t\t\tdata-promo-id=\"171998\"\t\t\t\t\t\t\t\t\t\twidth='1420' height='286'\t\t\t\t\talt=\"https:\/\/files.sunoresearch.com.br\/n\/uploads\/2023\/03\/Ebook-Acoes-Desktop-1.jpg\"\n\t\t\t\t>\n\t\t\t<\/picture>\n\t\t<\/a>\n\t<\/p>\n\n\n<p>\u201cComo justificativa para realiza\u00e7\u00e3o da opera\u00e7\u00e3o, as requerentes explicam que, para o Grupo PetroRio, a opera\u00e7\u00e3o est\u00e1 alinhada com seu modelo de neg\u00f3cios e estrat\u00e9gia de gera\u00e7\u00e3o de valor. J\u00e1 para a Petrobras\u00a0a opera\u00e7\u00e3o faz parte do Programa de Parcerias e Desinvestimentos da Petrobras, estando alinhada ao Plano Estrat\u00e9gico 2022-2026, que prev\u00ea a otimiza\u00e7\u00e3o do portf\u00f3lio da companhia\u201d, cita parecer sobre o neg\u00f3cio publicado pelo Cade.<\/p>\n<h2>Cota\u00e7\u00e3o<\/h2>\n<p>A a\u00e7\u00e3o da\u00a0<strong>PetroRio<\/strong> subiu 0,74%, a R$ 21,92, no fechamento de hoje. No ano, acumula ganhos de 8,03%.<\/p>\n\t<p>\n\t\t<a href=\"https:\/\/lp.suno.com.br\/planilha-de-controle-de-investimentos\/\" target=\"_blank\" data-element=\"shortcode-suno-banner\" title=\"Banner SUNO, clique e saiba mais\">\n\t\t\t<picture>\n\t\t\t\t<source media=\"(max-width: 500px)\" srcset=\"https:\/\/files.sunoresearch.com.br\/n\/uploads\/2023\/03\/400x300-Controle-de-Investimentos.png\">\n\t\t\t\t<img class=\"newsContent__article__imgCapa newsContent__article__imgCapa--banner\"\n\t\t\t\t\tsrc=\"https:\/\/files.sunoresearch.com.br\/n\/uploads\/2023\/03\/1420x240-Controle-de-Investimentos.png\"\n\t\t\t\t\tdata-promo-id=\"75934\"\t\t\t\t\t\t\t\t\t\twidth='1420' height='240'\t\t\t\t\talt=\"https:\/\/files.sunoresearch.com.br\/n\/uploads\/2023\/03\/1420x240-Controle-de-Investimentos.png\"\n\t\t\t\t>\n\t\t\t<\/picture>\n\t\t<\/a>\n\t<\/p>\n\n\n","protected":false},"excerpt":{"rendered":"<p>A PetroRio (PRIO3) anunciou nesta segunda-feira (11) o in\u00edcio da produ\u00e7\u00e3o do po\u00e7o 7-FR-54H-RJS (ODP4), localizado no Campo de Frade, na Bacia de Campos. PRIO (PRIO3). Foto: Divulga\u00e7\u00e3o De acordo com fato relevante enviado \u00e0 Comiss\u00e3o de Valores Mobili\u00e1rios (CVM), a produ\u00e7\u00e3o inicial estabilizada \u00e9 de cerca de 15 mil barris de \u00f3leo por dia [&hellip;]<\/p>\n","protected":false},"author":146,"featured_media":143671,"comment_status":"closed","ping_status":"closed","sticky":false,"template":"","format":"standard","meta":[],"categories":[64],"tags":[105816,597],"suno_strategy":[],"class_list":["post-275094","post","type-post","status-publish","format-standard","has-post-thumbnail","hentry","category-negocios","tag-especialistas","tag-petrorio-prio3"],"yoast_head":"<!-- This site is optimized with the Yoast SEO plugin v24.4 - https:\/\/yoast.com\/wordpress\/plugins\/seo\/ -->\n<title>PetroRio (PRIO3): produ\u00e7\u00e3o sobe em 45% com po\u00e7o no Campo de Frade<\/title>\n<meta name=\"description\" content=\"A PetroRio (PRIO3) anunciou nesta segunda (11) que com po\u00e7o em opera\u00e7\u00e3o no Campo de Frade, a produ\u00e7\u00e3o aumentou 45%.\" \/>\n<meta name=\"robots\" content=\"index, follow, max-snippet:-1, max-image-preview:large, max-video-preview:-1\" \/>\n<link rel=\"canonical\" href=\"https:\/\/www.suno.com.br\/noticias\/petrorio-prio3-producao-aumenta-poco-campo-frade\/\" \/>\n<meta property=\"og:locale\" content=\"pt_BR\" \/>\n<meta property=\"og:type\" content=\"article\" \/>\n<meta property=\"og:title\" content=\"PetroRio (PRIO3): produ\u00e7\u00e3o sobe em 45% com po\u00e7o no Campo de Frade\" \/>\n<meta property=\"og:description\" content=\"A PetroRio (PRIO3) anunciou nesta segunda (11) que com po\u00e7o em opera\u00e7\u00e3o no Campo de Frade, a produ\u00e7\u00e3o aumentou 45%.\" \/>\n<meta property=\"og:url\" content=\"https:\/\/www.suno.com.br\/noticias\/petrorio-prio3-producao-aumenta-poco-campo-frade\/\" \/>\n<meta property=\"og:site_name\" content=\"Suno Not\u00edcias\" \/>\n<meta property=\"article:publisher\" content=\"https:\/\/facebook.com\/sunoresearch\" \/>\n<meta property=\"og:image\" content=\"https:\/\/files.sunoresearch.com.br\/n\/uploads\/2021\/04\/fcfdce5e-oil-rig-3522594_1280.jpg\" \/>\n\t<meta property=\"og:image:width\" content=\"1280\" \/>\n\t<meta property=\"og:image:height\" content=\"854\" \/>\n\t<meta property=\"og:image:type\" content=\"image\/jpeg\" \/>\n<meta name=\"author\" content=\"Vict\u00f3ria Anhesini\" \/>\n<meta name=\"twitter:card\" content=\"summary_large_image\" \/>\n<meta name=\"twitter:creator\" content=\"@sunoresearch\" \/>\n<meta name=\"twitter:site\" content=\"@sunoresearch\" \/>\n<meta name=\"twitter:label1\" content=\"Escrito por\" \/>\n\t<meta name=\"twitter:data1\" content=\"Vict\u00f3ria Anhesini\" \/>\n\t<meta name=\"twitter:label2\" content=\"Est. tempo de leitura\" \/>\n\t<meta name=\"twitter:data2\" content=\"4 minutos\" \/>\n<script type=\"application\/ld+json\" class=\"yoast-schema-graph\">{\"@context\":\"https:\/\/schema.org\",\"@graph\":[{\"@type\":\"NewsArticle\",\"@id\":\"https:\/\/www.suno.com.br\/noticias\/petrorio-prio3-producao-aumenta-poco-campo-frade\/#article\",\"isPartOf\":{\"@id\":\"https:\/\/www.suno.com.br\/noticias\/petrorio-prio3-producao-aumenta-poco-campo-frade\/\"},\"author\":{\"name\":\"Vict\u00f3ria Anhesini\",\"@id\":\"https:\/\/www.suno.com.br\/noticias\/#\/schema\/person\/46d847cb19ad53fde0857adca989c23f\"},\"headline\":\"PetroRio (PRIO3) aumenta produ\u00e7\u00e3o em 45% com po\u00e7o em opera\u00e7\u00e3o no Campo de Frade\",\"datePublished\":\"2022-07-12T00:24:04+00:00\",\"dateModified\":\"2022-07-12T15:53:14+00:00\",\"mainEntityOfPage\":{\"@id\":\"https:\/\/www.suno.com.br\/noticias\/petrorio-prio3-producao-aumenta-poco-campo-frade\/\"},\"wordCount\":733,\"publisher\":{\"@id\":\"https:\/\/www.suno.com.br\/noticias\/#organization\"},\"image\":{\"@id\":\"https:\/\/www.suno.com.br\/noticias\/petrorio-prio3-producao-aumenta-poco-campo-frade\/#primaryimage\"},\"thumbnailUrl\":\"https:\/\/files.sunoresearch.com.br\/n\/uploads\/2021\/04\/fcfdce5e-oil-rig-3522594_1280-jpg.webp\",\"keywords\":[\"Especialistas\",\"PetroRio (PRIO3)\"],\"articleSection\":[\"Neg\u00f3cios\"],\"inLanguage\":\"pt-BR\"},{\"@type\":\"WebPage\",\"@id\":\"https:\/\/www.suno.com.br\/noticias\/petrorio-prio3-producao-aumenta-poco-campo-frade\/\",\"url\":\"https:\/\/www.suno.com.br\/noticias\/petrorio-prio3-producao-aumenta-poco-campo-frade\/\",\"name\":\"PetroRio (PRIO3): produ\u00e7\u00e3o sobe em 45% com po\u00e7o no Campo de Frade\",\"isPartOf\":{\"@id\":\"https:\/\/www.suno.com.br\/noticias\/#website\"},\"primaryImageOfPage\":{\"@id\":\"https:\/\/www.suno.com.br\/noticias\/petrorio-prio3-producao-aumenta-poco-campo-frade\/#primaryimage\"},\"image\":{\"@id\":\"https:\/\/www.suno.com.br\/noticias\/petrorio-prio3-producao-aumenta-poco-campo-frade\/#primaryimage\"},\"thumbnailUrl\":\"https:\/\/files.sunoresearch.com.br\/n\/uploads\/2021\/04\/fcfdce5e-oil-rig-3522594_1280-jpg.webp\",\"datePublished\":\"2022-07-12T00:24:04+00:00\",\"dateModified\":\"2022-07-12T15:53:14+00:00\",\"description\":\"A PetroRio (PRIO3) anunciou nesta segunda (11) que com po\u00e7o em opera\u00e7\u00e3o no Campo de Frade, a produ\u00e7\u00e3o aumentou 45%.\",\"breadcrumb\":{\"@id\":\"https:\/\/www.suno.com.br\/noticias\/petrorio-prio3-producao-aumenta-poco-campo-frade\/#breadcrumb\"},\"inLanguage\":\"pt-BR\",\"potentialAction\":[{\"@type\":\"ReadAction\",\"target\":[\"https:\/\/www.suno.com.br\/noticias\/petrorio-prio3-producao-aumenta-poco-campo-frade\/\"]}]},{\"@type\":\"ImageObject\",\"inLanguage\":\"pt-BR\",\"@id\":\"https:\/\/www.suno.com.br\/noticias\/petrorio-prio3-producao-aumenta-poco-campo-frade\/#primaryimage\",\"url\":\"https:\/\/files.sunoresearch.com.br\/n\/uploads\/2021\/04\/fcfdce5e-oil-rig-3522594_1280-jpg.webp\",\"contentUrl\":\"https:\/\/files.sunoresearch.com.br\/n\/uploads\/2021\/04\/fcfdce5e-oil-rig-3522594_1280-jpg.webp\",\"width\":1280,\"height\":854,\"caption\":\"PRIO (PRIO3). Foto: Divulga\u00e7\u00e3o\"},{\"@type\":\"BreadcrumbList\",\"@id\":\"https:\/\/www.suno.com.br\/noticias\/petrorio-prio3-producao-aumenta-poco-campo-frade\/#breadcrumb\",\"itemListElement\":[{\"@type\":\"ListItem\",\"position\":1,\"name\":\"Not\u00edcias\",\"item\":\"https:\/\/www.suno.com.br\/noticias\/\"},{\"@type\":\"ListItem\",\"position\":2,\"name\":\"Neg\u00f3cios\",\"item\":\"https:\/\/www.suno.com.br\/noticias\/negocios\/\"},{\"@type\":\"ListItem\",\"position\":3,\"name\":\"PetroRio (PRIO3) aumenta produ\u00e7\u00e3o em 45% com po\u00e7o em opera\u00e7\u00e3o no Campo de Frade\"}]},{\"@type\":\"WebSite\",\"@id\":\"https:\/\/www.suno.com.br\/noticias\/#website\",\"url\":\"https:\/\/www.suno.com.br\/noticias\/\",\"name\":\"Suno Not\u00edcias\",\"description\":\"Seu portal de informa\u00e7\u00e3o sobre o mundo dos investimentos\",\"publisher\":{\"@id\":\"https:\/\/www.suno.com.br\/noticias\/#organization\"},\"potentialAction\":[{\"@type\":\"SearchAction\",\"target\":{\"@type\":\"EntryPoint\",\"urlTemplate\":\"https:\/\/www.suno.com.br\/noticias\/?s={search_term_string}\"},\"query-input\":{\"@type\":\"PropertyValueSpecification\",\"valueRequired\":true,\"valueName\":\"search_term_string\"}}],\"inLanguage\":\"pt-BR\"},{\"@type\":\"Organization\",\"@id\":\"https:\/\/www.suno.com.br\/noticias\/#organization\",\"name\":\"Suno Not\u00edcias\",\"url\":\"https:\/\/www.suno.com.br\/noticias\/\",\"logo\":{\"@type\":\"ImageObject\",\"inLanguage\":\"pt-BR\",\"@id\":\"https:\/\/www.suno.com.br\/noticias\/#\/schema\/logo\/image\/\",\"url\":\"https:\/\/files.sunoresearch.com.br\/n\/uploads\/2021\/09\/suno-logo.png\",\"contentUrl\":\"https:\/\/files.sunoresearch.com.br\/n\/uploads\/2021\/09\/suno-logo.png\",\"width\":180,\"height\":180,\"caption\":\"Suno Not\u00edcias\"},\"image\":{\"@id\":\"https:\/\/www.suno.com.br\/noticias\/#\/schema\/logo\/image\/\"},\"sameAs\":[\"https:\/\/facebook.com\/sunoresearch\",\"https:\/\/x.com\/sunoresearch\",\"https:\/\/www.instagram.com\/suno\",\"https:\/\/www.linkedin.com\/company\/suno-research\/\",\"https:\/\/www.youtube.com\/c\/sunoresearch\"]},{\"@type\":\"Person\",\"@id\":\"https:\/\/www.suno.com.br\/noticias\/#\/schema\/person\/46d847cb19ad53fde0857adca989c23f\",\"name\":\"Vict\u00f3ria Anhesini\",\"image\":{\"@type\":\"ImageObject\",\"inLanguage\":\"pt-BR\",\"@id\":\"https:\/\/www.suno.com.br\/noticias\/#\/schema\/person\/image\/\",\"url\":\"https:\/\/secure.gravatar.com\/avatar\/0172bdfcd9129dd9dd68794804304e6e?s=96&r=g\",\"contentUrl\":\"https:\/\/secure.gravatar.com\/avatar\/0172bdfcd9129dd9dd68794804304e6e?s=96&r=g\",\"caption\":\"Vict\u00f3ria Anhesini\"},\"description\":\"Rep\u00f3rter no Suno Not\u00edcias, cobre mercados, neg\u00f3cios e economia, escrevendo majoritariamente sobre movimentos das empresas, cobertura de balan\u00e7os trimestrais e Bolsa de Valores. Formada em jornalismo pela Universidade Presbiteriana Mackenzie em 2019, passou pelo portal de economia e finan\u00e7as EuQueroInvestir como rep\u00f3rter e anteriormente, trabalhou na assessoria de imprensa PinePR, onde liderou com startups de inova\u00e7\u00e3o, tecnologia e finan\u00e7as. Em seu tempo livre, fala sobre m\u00fasica para ambos os sites do selo ForMusic, Wikimetal e Mad Sound, e faz trabalho volunt\u00e1rio no programa Escreve Cartas do Poupatempo.\",\"sameAs\":[\"https:\/\/www.linkedin.com\/in\/victoria-anhesini\/\"],\"url\":\"https:\/\/www.suno.com.br\/noticias\/author\/victoria\/\"}]}<\/script>\n<!-- \/ Yoast SEO plugin. -->","yoast_head_json":{"title":"PetroRio (PRIO3): produ\u00e7\u00e3o sobe em 45% com po\u00e7o no Campo de Frade","description":"A PetroRio (PRIO3) anunciou nesta segunda (11) que com po\u00e7o em opera\u00e7\u00e3o no Campo de Frade, a produ\u00e7\u00e3o aumentou 45%.","robots":{"index":"index","follow":"follow","max-snippet":"max-snippet:-1","max-image-preview":"max-image-preview:large","max-video-preview":"max-video-preview:-1"},"canonical":"https:\/\/www.suno.com.br\/noticias\/petrorio-prio3-producao-aumenta-poco-campo-frade\/","og_locale":"pt_BR","og_type":"article","og_title":"PetroRio (PRIO3): produ\u00e7\u00e3o sobe em 45% com po\u00e7o no Campo de Frade","og_description":"A PetroRio (PRIO3) anunciou nesta segunda (11) que com po\u00e7o em opera\u00e7\u00e3o no Campo de Frade, a produ\u00e7\u00e3o aumentou 45%.","og_url":"https:\/\/www.suno.com.br\/noticias\/petrorio-prio3-producao-aumenta-poco-campo-frade\/","og_site_name":"Suno Not\u00edcias","article_publisher":"https:\/\/facebook.com\/sunoresearch","og_image":[{"width":1280,"height":854,"url":"https:\/\/files.sunoresearch.com.br\/n\/uploads\/2021\/04\/fcfdce5e-oil-rig-3522594_1280.jpg","type":"image\/jpeg"}],"author":"Vict\u00f3ria Anhesini","twitter_card":"summary_large_image","twitter_creator":"@sunoresearch","twitter_site":"@sunoresearch","twitter_misc":{"Escrito por":"Vict\u00f3ria Anhesini","Est. tempo de leitura":"4 minutos"},"schema":{"@context":"https:\/\/schema.org","@graph":[{"@type":"NewsArticle","@id":"https:\/\/www.suno.com.br\/noticias\/petrorio-prio3-producao-aumenta-poco-campo-frade\/#article","isPartOf":{"@id":"https:\/\/www.suno.com.br\/noticias\/petrorio-prio3-producao-aumenta-poco-campo-frade\/"},"author":{"name":"Vict\u00f3ria Anhesini","@id":"https:\/\/www.suno.com.br\/noticias\/#\/schema\/person\/46d847cb19ad53fde0857adca989c23f"},"headline":"PetroRio (PRIO3) aumenta produ\u00e7\u00e3o em 45% com po\u00e7o em opera\u00e7\u00e3o no Campo de Frade","datePublished":"2022-07-12T00:24:04+00:00","dateModified":"2022-07-12T15:53:14+00:00","mainEntityOfPage":{"@id":"https:\/\/www.suno.com.br\/noticias\/petrorio-prio3-producao-aumenta-poco-campo-frade\/"},"wordCount":733,"publisher":{"@id":"https:\/\/www.suno.com.br\/noticias\/#organization"},"image":{"@id":"https:\/\/www.suno.com.br\/noticias\/petrorio-prio3-producao-aumenta-poco-campo-frade\/#primaryimage"},"thumbnailUrl":"https:\/\/files.sunoresearch.com.br\/n\/uploads\/2021\/04\/fcfdce5e-oil-rig-3522594_1280-jpg.webp","keywords":["Especialistas","PetroRio (PRIO3)"],"articleSection":["Neg\u00f3cios"],"inLanguage":"pt-BR"},{"@type":"WebPage","@id":"https:\/\/www.suno.com.br\/noticias\/petrorio-prio3-producao-aumenta-poco-campo-frade\/","url":"https:\/\/www.suno.com.br\/noticias\/petrorio-prio3-producao-aumenta-poco-campo-frade\/","name":"PetroRio (PRIO3): produ\u00e7\u00e3o sobe em 45% com po\u00e7o no Campo de Frade","isPartOf":{"@id":"https:\/\/www.suno.com.br\/noticias\/#website"},"primaryImageOfPage":{"@id":"https:\/\/www.suno.com.br\/noticias\/petrorio-prio3-producao-aumenta-poco-campo-frade\/#primaryimage"},"image":{"@id":"https:\/\/www.suno.com.br\/noticias\/petrorio-prio3-producao-aumenta-poco-campo-frade\/#primaryimage"},"thumbnailUrl":"https:\/\/files.sunoresearch.com.br\/n\/uploads\/2021\/04\/fcfdce5e-oil-rig-3522594_1280-jpg.webp","datePublished":"2022-07-12T00:24:04+00:00","dateModified":"2022-07-12T15:53:14+00:00","description":"A PetroRio (PRIO3) anunciou nesta segunda (11) que com po\u00e7o em opera\u00e7\u00e3o no Campo de Frade, a produ\u00e7\u00e3o aumentou 45%.","breadcrumb":{"@id":"https:\/\/www.suno.com.br\/noticias\/petrorio-prio3-producao-aumenta-poco-campo-frade\/#breadcrumb"},"inLanguage":"pt-BR","potentialAction":[{"@type":"ReadAction","target":["https:\/\/www.suno.com.br\/noticias\/petrorio-prio3-producao-aumenta-poco-campo-frade\/"]}]},{"@type":"ImageObject","inLanguage":"pt-BR","@id":"https:\/\/www.suno.com.br\/noticias\/petrorio-prio3-producao-aumenta-poco-campo-frade\/#primaryimage","url":"https:\/\/files.sunoresearch.com.br\/n\/uploads\/2021\/04\/fcfdce5e-oil-rig-3522594_1280-jpg.webp","contentUrl":"https:\/\/files.sunoresearch.com.br\/n\/uploads\/2021\/04\/fcfdce5e-oil-rig-3522594_1280-jpg.webp","width":1280,"height":854,"caption":"PRIO (PRIO3). Foto: Divulga\u00e7\u00e3o"},{"@type":"BreadcrumbList","@id":"https:\/\/www.suno.com.br\/noticias\/petrorio-prio3-producao-aumenta-poco-campo-frade\/#breadcrumb","itemListElement":[{"@type":"ListItem","position":1,"name":"Not\u00edcias","item":"https:\/\/www.suno.com.br\/noticias\/"},{"@type":"ListItem","position":2,"name":"Neg\u00f3cios","item":"https:\/\/www.suno.com.br\/noticias\/negocios\/"},{"@type":"ListItem","position":3,"name":"PetroRio (PRIO3) aumenta produ\u00e7\u00e3o em 45% com po\u00e7o em opera\u00e7\u00e3o no Campo de Frade"}]},{"@type":"WebSite","@id":"https:\/\/www.suno.com.br\/noticias\/#website","url":"https:\/\/www.suno.com.br\/noticias\/","name":"Suno Not\u00edcias","description":"Seu portal de informa\u00e7\u00e3o sobre o mundo dos investimentos","publisher":{"@id":"https:\/\/www.suno.com.br\/noticias\/#organization"},"potentialAction":[{"@type":"SearchAction","target":{"@type":"EntryPoint","urlTemplate":"https:\/\/www.suno.com.br\/noticias\/?s={search_term_string}"},"query-input":{"@type":"PropertyValueSpecification","valueRequired":true,"valueName":"search_term_string"}}],"inLanguage":"pt-BR"},{"@type":"Organization","@id":"https:\/\/www.suno.com.br\/noticias\/#organization","name":"Suno Not\u00edcias","url":"https:\/\/www.suno.com.br\/noticias\/","logo":{"@type":"ImageObject","inLanguage":"pt-BR","@id":"https:\/\/www.suno.com.br\/noticias\/#\/schema\/logo\/image\/","url":"https:\/\/files.sunoresearch.com.br\/n\/uploads\/2021\/09\/suno-logo.png","contentUrl":"https:\/\/files.sunoresearch.com.br\/n\/uploads\/2021\/09\/suno-logo.png","width":180,"height":180,"caption":"Suno Not\u00edcias"},"image":{"@id":"https:\/\/www.suno.com.br\/noticias\/#\/schema\/logo\/image\/"},"sameAs":["https:\/\/facebook.com\/sunoresearch","https:\/\/x.com\/sunoresearch","https:\/\/www.instagram.com\/suno","https:\/\/www.linkedin.com\/company\/suno-research\/","https:\/\/www.youtube.com\/c\/sunoresearch"]},{"@type":"Person","@id":"https:\/\/www.suno.com.br\/noticias\/#\/schema\/person\/46d847cb19ad53fde0857adca989c23f","name":"Vict\u00f3ria Anhesini","image":{"@type":"ImageObject","inLanguage":"pt-BR","@id":"https:\/\/www.suno.com.br\/noticias\/#\/schema\/person\/image\/","url":"https:\/\/secure.gravatar.com\/avatar\/0172bdfcd9129dd9dd68794804304e6e?s=96&r=g","contentUrl":"https:\/\/secure.gravatar.com\/avatar\/0172bdfcd9129dd9dd68794804304e6e?s=96&r=g","caption":"Vict\u00f3ria Anhesini"},"description":"Rep\u00f3rter no Suno Not\u00edcias, cobre mercados, neg\u00f3cios e economia, escrevendo majoritariamente sobre movimentos das empresas, cobertura de balan\u00e7os trimestrais e Bolsa de Valores. Formada em jornalismo pela Universidade Presbiteriana Mackenzie em 2019, passou pelo portal de economia e finan\u00e7as EuQueroInvestir como rep\u00f3rter e anteriormente, trabalhou na assessoria de imprensa PinePR, onde liderou com startups de inova\u00e7\u00e3o, tecnologia e finan\u00e7as. Em seu tempo livre, fala sobre m\u00fasica para ambos os sites do selo ForMusic, Wikimetal e Mad Sound, e faz trabalho volunt\u00e1rio no programa Escreve Cartas do Poupatempo.","sameAs":["https:\/\/www.linkedin.com\/in\/victoria-anhesini\/"],"url":"https:\/\/www.suno.com.br\/noticias\/author\/victoria\/"}]}},"default_loop_html":"<div class=\"cardsPage__listCard__boxs\"><div class=\"cardsPage__listCard__boxs__img\"><a href=\"https:\/\/www.suno.com.br\/noticias\/petrorio-prio3-producao-aumenta-poco-campo-frade\/\"><img class=\"mask\" src=\"https:\/\/www.suno.com.br\/noticias\/wp-content\/themes\/suno\/resources\/images\/spotlight\/spotlight1img\/bg-mask.png\" alt=\"Image Mask\"\/><img src=\"https:\/\/files.sunoresearch.com.br\/n\/uploads\/2021\/04\/fcfdce5e-oil-rig-3522594_1280-400x200.webp\" alt=\"PetroRio (PRIO3) aumenta produ\u00e7\u00e3o em 45% com po\u00e7o em opera\u00e7\u00e3o no Campo de Frade\"\/><\/a><span class=\"spotlightCategory\"><a href=\"https:\/\/www.suno.com.br\/noticias\/negocios\/\">Neg\u00f3cios<\/a><\/span><\/div><div class=\"cardsPage__listCard__boxs__content\"><a href=\"https:\/\/www.suno.com.br\/noticias\/petrorio-prio3-producao-aumenta-poco-campo-frade\/\"><h2 class=\"content__title\">PetroRio (PRIO3) aumenta produ\u00e7\u00e3o em 45% com po\u00e7o em opera\u00e7\u00e3o no Campo de Frade<\/h2><\/a><div class=\"newsContent__article__meta\"><div class=\"newsContent__article__meta__authorBox\"><a href=\"https:\/\/www.suno.com.br\/noticias\/author\/victoria\/\" class=\"authorBox__avatar noMobi\"><img src=\"https:\/\/files.sunoresearch.com.br\/n\/uploads\/2021\/12\/20190129VickyPINEAPPLE01-1-150x150.jpg\" alt=\"Vict\u00f3ria Anhesini\"><\/a><div class=\"authorBox__name\"><span>por\n\t\t\t<a href=\"https:\/\/www.suno.com.br\/noticias\/author\/victoria\/\"><span itemprop=\"author\">Vict\u00f3ria Anhesini<\/span><\/a><\/span><time datetime=\"2022-07-11T21:24:04-03:00\" itemprop=\"datePublished\">11\/07\/2022 21:24<\/time><\/div><\/div><\/div><\/div><\/div>","single_layout":"posts","amp_enabled":true,"_links":{"self":[{"href":"https:\/\/www.suno.com.br\/noticias\/wp-json\/wp\/v2\/posts\/275094"}],"collection":[{"href":"https:\/\/www.suno.com.br\/noticias\/wp-json\/wp\/v2\/posts"}],"about":[{"href":"https:\/\/www.suno.com.br\/noticias\/wp-json\/wp\/v2\/types\/post"}],"author":[{"embeddable":true,"href":"https:\/\/www.suno.com.br\/noticias\/wp-json\/wp\/v2\/users\/146"}],"replies":[{"embeddable":true,"href":"https:\/\/www.suno.com.br\/noticias\/wp-json\/wp\/v2\/comments?post=275094"}],"version-history":[{"count":4,"href":"https:\/\/www.suno.com.br\/noticias\/wp-json\/wp\/v2\/posts\/275094\/revisions"}],"predecessor-version":[{"id":275287,"href":"https:\/\/www.suno.com.br\/noticias\/wp-json\/wp\/v2\/posts\/275094\/revisions\/275287"}],"wp:featuredmedia":[{"embeddable":true,"href":"https:\/\/www.suno.com.br\/noticias\/wp-json\/wp\/v2\/media\/143671"}],"wp:attachment":[{"href":"https:\/\/www.suno.com.br\/noticias\/wp-json\/wp\/v2\/media?parent=275094"}],"wp:term":[{"taxonomy":"category","embeddable":true,"href":"https:\/\/www.suno.com.br\/noticias\/wp-json\/wp\/v2\/categories?post=275094"},{"taxonomy":"post_tag","embeddable":true,"href":"https:\/\/www.suno.com.br\/noticias\/wp-json\/wp\/v2\/tags?post=275094"},{"taxonomy":"suno_strategy","embeddable":true,"href":"https:\/\/www.suno.com.br\/noticias\/wp-json\/wp\/v2\/suno_strategy?post=275094"}],"curies":[{"name":"wp","href":"https:\/\/api.w.org\/{rel}","templated":true}]}}