{"id":274908,"date":"2022-07-11T11:19:34","date_gmt":"2022-07-11T14:19:34","guid":{"rendered":"https:\/\/www.suno.com.br\/noticias\/?p=274908"},"modified":"2022-07-11T12:39:29","modified_gmt":"2022-07-11T15:39:29","slug":"ibovespa-hoje-queda-vale-vale3-baixa","status":"publish","type":"post","link":"https:\/\/www.suno.com.br\/noticias\/ibovespa-hoje-queda-vale-vale3-baixa\/","title":{"rendered":"Ibovespa opera em queda, em linha com exterior; Vale (VALE3) tem baixa de 3%"},"content":{"rendered":"<p>O<strong> Ibovespa<\/strong> opera em queda de 1,43% nesta segunda-feira (11), aos 98.854 pontos, por volta das 12h37. O \u00edndice de a\u00e7\u00f5es brasileiro est\u00e1 em linha com grande parte das bolsas europeias e norte-americanas.<\/p><div class=\"videoFull videoFull--noRadius\">\n\t\t\t<div class=\"videoWrapper yt-lazyload center\"\n\t\t\t\tdata-width=\"960\"\n\t\t\t\tdata-height=\"540\"\n\t\t\t\tdata-id=\"MVijElp5SR8\"\n\t\t\t\tdata-alt=\"Covid na China volta a preocupar | Funcion\u00e1rios da Petrobras (PETR4) amea\u00e7am greve. Saiba mais!\"\n\t\t\t\tdata-logo=\"3\"\n\t\t\t\tdata-imagequality=\"maxres\">\n\t\t\t<\/div>\n\t\t<\/div><span class=\"videoFull__caption videoFull__caption--show\">Covid na China volta a preocupar | Funcion\u00e1rios da Petrobras (PETR4) amea\u00e7am greve. Saiba mais!<p><\/p><\/span><script type=\"application\/ld+json\">{\"@context\":\"https:\/\/schema.org\",\"@type\":\"VideoObject\",\"name\":\"Covid na China volta a preocupar | Funcion\u00e1rios da Petrobras (PETR4) amea\u00e7am greve | Boletim Focus\",\"description\":\"\ud83d\udcca \ud835\udc00\ud835\udc29\ud835\udc2b\ud835\udc1e\ud835\udc27\ud835\udc1d\ud835\udc1a \ud835\udc1c\ud835\udc28\ud835\udc26\ud835\udc28 \ud835\udc1a\ud835\udc27\ud835\udc1a\ud835\udc25\ud835\udc22\ud835\udc2c\ud835\udc1a\ud835\udc2b \ud835\udc2e\ud835\udc26\ud835\udc1a \ud835\udc1a\u00e7\u00e3\ud835\udc28 [\ud835\udc04\ud835\udc01\ud835\udc0e\ud835\udc0e\ud835\udc0a \ud835\udc06\ud835\udc11\ud835\udc00\ud835\udc13\ud835\udc14\ud835\udc08\ud835\udc13\ud835\udc0e] \ud83d\udc49 https:\/\/lp.suno.com.br\/ebook-como-analisar-uma-acao\/?utm_source=youtube.noticias&utm_medium=video&utm_campaign=ebookcomoanalisarumaacao.20220307&utm_content= \ud83d\udcda [\ud835\udc04-\ud835\udc1b\ud835\udc28\ud835\udc28\ud835\udc24 \ud835\udc06\ud835\udc2b\ud835\udc1a\ud835\udc2d\ud835\udc2e\ud835\udc22\ud835\udc2d\ud835\udc28] \ud835\udc06\ud835\udc2e\ud835\udc22\ud835\udc1a \ud835\udc02\ud835\udc28\ud835\udc26\ud835\udc29\ud835\udc25\ud835\udc1e\ud835\udc2d\ud835\udc28: \ud835\udc03\ud835\udc22\ud835\udc2f\ud835\udc22\ud835\udc1d\ud835\udc1e\ud835\udc27\ud835\udc1d\ud835\udc28\ud835\udc2c: https:\/\/lp.suno.com.br\/lm\/ebook\/guia-completo-dividendos\/?utm_source=youtube.noticias&utm_medium=video&utm_campaign=ebook-guiacompleto:dividendos.20220315&utm_content= Covid na China volta a preocupar | Funcion\u00e1rios da Petrobras (PETR4) amea\u00e7am greve | Boletim Focus | MORNING CALL | 11\/07 | Segunda-feira #China #Recess\u00e3o #PETR4 #PTER3 #Greve #Ibovespa #D\u00f3lar #sunonot\u00edcias #MorningCall Nesta segunda-feira (11) os mercados deram\u2026\",\"duration\":\"PT26M40S\",\"embedUrl\":\"https:\/\/www.youtube.com\/embed\/MVijElp5SR8\",\"regionsAllowed\":\"pt-BR\",\"interactionStatistic\":{\"@type\":\"InteractionCounter\",\"interactionType\":{\"@type\":\"WatchAction\"},\"userInteractionCount\":3017},\"thumbnailUrl\":\"https:\/\/i.ytimg.com\/vi\/MVijElp5SR8\/default.jpg\",\"uploadDate\":\"2022-07-11T12:30:41Z\"}<\/script>\n\n\t<p>\n\t\t<a href=\"\" target=\"_blank\" data-element=\"shortcode-suno-banner\" title=\"Banner SUNO, clique e saiba mais\">\n\t\t\t<picture>\n\t\t\t\t<source media=\"(max-width: 500px)\" srcset=\"\">\n\t\t\t\t<img class=\"newsContent__article__imgCapa newsContent__article__imgCapa--banner\"\n\t\t\t\t\tsrc=\"\"\n\t\t\t\t\tdata-promo-id=\"138420\"\t\t\t\t\t\t\t\t\t\t\t\t\t\t\talt=\"\"\n\t\t\t\t>\n\t\t\t<\/picture>\n\t\t<\/a>\n\t<\/p>\n\n\n<p>A<a href=\"https:\/\/www.suno.com.br\/artigos\/ibovespa\/\" target=\"_blank\" rel=\"noopener\"><strong> movimenta\u00e7\u00e3o do Ibovespa<\/strong><\/a> ocorre em meio \u00e0 queda de 1,17% do <a href=\"https:\/\/www.suno.com.br\/artigos\/sp-500\/\" target=\"_blank\" rel=\"noopener\">S&amp;P 500<\/a> e varia\u00e7\u00e3o de -2,00% na <a href=\"https:\/\/www.suno.com.br\/artigos\/nasdaq\/\" target=\"_blank\" rel=\"noopener\">Nasdaq<\/a>.<\/p>\n<p>A baixa na <strong>cota\u00e7\u00e3o do Ibovespa<\/strong> acompanha o cen\u00e1rio negativo no mercado externo, em meio \u00e0s preocupa\u00e7\u00f5es sobre a economia chinesa e \u00e0 queda no pre\u00e7o de commodities, como o min\u00e9rio de ferro e o petr\u00f3leo.<\/p>\n\t<div data-element=\"shortcode-read-more\" class=\"knowMore\">\n\t\t\t\t<span class=\"knowMore__title\">Leia mais:<\/span>\n\t\t\t\t<a class=\"knowMore__link\" href=\"https:\/\/www.suno.com.br\/noticias\/vale-vale3-eletrobras-elet3-destaques-mercado\/\">\n\t\t\tVale (VALE3) e Eletrobras (ELET3) s\u00e3o destaques do mercado financeiro\t\t<\/a>\n\t<\/div>\n\n\n<p>Entre os destaques positivos est\u00e1 a <a href=\"https:\/\/www.suno.com.br\/acoes\/vivt3\/\" target=\"_blank\" rel=\"noopener\">Telef\u00f4nica Brasil (VIVT3)<\/a>, com alta de 1,07%. A <a href=\"https:\/\/www.suno.com.br\/acoes\/cmig4\/\" target=\"_blank\" rel=\"noopener\">Cemig (CMIG4)<\/a> sobe 0,68%, enquanto a <a href=\"https:\/\/www.suno.com.br\/acoes\/jbss3\/\" target=\"_blank\" rel=\"noopener\">JBS (JBSS3<\/a>) avan\u00e7a 0,55%.<\/p>\n<p>A <a href=\"https:\/\/www.suno.com.br\/acoes\/goll4\/\" target=\"_blank\" rel=\"noopener\">Gol (GOLL4)<\/a> e a <a href=\"https:\/\/www.suno.com.br\/acoes\/azul4\/\" target=\"_blank\" rel=\"noopener\">Azul (AZUL4)<\/a> est\u00e3o entre os principais destaques negativos, com quedas de, respectivamente, 6,13% e 5,86%. J\u00e1 a <a href=\"https:\/\/www.suno.com.br\/acoes\/cash3\/\" target=\"_blank\" rel=\"noopener\">M\u00e9liuz (CASH3)<\/a> se desvaloriza 4,80%.<\/p>\n<p>A <a href=\"https:\/\/www.suno.com.br\/acoes\/vale3\/\" target=\"_blank\" rel=\"noopener\">Vale (VALE3)<\/a> tem queda de 3,01%, enquanto a <a href=\"https:\/\/www.suno.com.br\/acoes\/petr4\/\" target=\"_blank\" rel=\"noopener\">Petrobras (PETR4)<\/a> opera em baixa de 0,38%, influenciando na queda do <strong>valor do Ibovespa<\/strong>.<\/p>\n\t<p>\n\t\t<a href=\"https:\/\/lp.suno.com.br\/planilha-controle-gastos\/\" target=\"_blank\" data-element=\"shortcode-suno-banner\" title=\"Banner SUNO, clique e saiba mais\">\n\t\t\t<picture>\n\t\t\t\t<source media=\"(max-width: 500px)\" srcset=\"https:\/\/files.sunoresearch.com.br\/n\/uploads\/2023\/03\/400x300-Planilha-controle-de-gastos.png\">\n\t\t\t\t<img class=\"newsContent__article__imgCapa newsContent__article__imgCapa--banner\"\n\t\t\t\t\tsrc=\"https:\/\/files.sunoresearch.com.br\/n\/uploads\/2023\/03\/1420x240-Planilha-controle-de-gastos.png\"\n\t\t\t\t\tdata-promo-id=\"101751\"\t\t\t\t\t\t\t\t\t\twidth='1420' height='240'\t\t\t\t\talt=\"https:\/\/files.sunoresearch.com.br\/n\/uploads\/2023\/03\/1420x240-Planilha-controle-de-gastos.png\"\n\t\t\t\t>\n\t\t\t<\/picture>\n\t\t<\/a>\n\t<\/p>\n\n\n<h2>Not\u00edcias que movimentam o Ibovespa hoje<\/h2>\n<ul>\n<li>Petroleiros aprovam indicativo de greve contra processo de privatiza\u00e7\u00e3o da Petrobras<\/li>\n<li>Vale esclarece pol\u00eamica sobre &#8220;calote&#8221; de R$ 781 milh\u00f5es<\/li>\n<li>Gol estima preju\u00edzo de R$ 1,8 por a\u00e7\u00e3o<\/li>\n<\/ul>\n<h2>Petroleiros aprovam indicativo de greve contra processo de privatiza\u00e7\u00e3o da Petrobras<\/h2>\n<p>A <strong>Federa\u00e7\u00e3o \u00danica dos Petroleiros (FUP)<\/strong> disse no \u00faltimo s\u00e1bado (9) que os 12 sindicatos que fazem parte da federa\u00e7\u00e3o rejeitaram a contraproposta da Petrobras para um acordo coletivo de trabalho (ACT).<\/p>\n<p>Com isso, foi aprovado um indicativo de greve por tempo indeterminado. O comunicado oficial vai ser encaminhado hoje (11) para a dire\u00e7\u00e3o da Petrobras e para os presidentes da C\u00e2mara dos Deputados e Senado Federal, por volta das 11h.<\/p>\n<p>No entanto, a Federa\u00e7\u00e3o \u00danica dos Petroleiros (FUP) diz que a data de uma poss\u00edvel greve ainda ser\u00e1 definida pela federa\u00e7\u00e3o. Um dos condicionantes que est\u00e1 sendo avaliado pela entidade \u00e9 o eventual avan\u00e7o no processo de privatiza\u00e7\u00e3o da Petrobras.<\/p>\n<p>No comunicado, a FUP explica que a greve poderia ocorrer \u201ccaso o governo federal encaminhe ao Congresso Nacional projeto de lei de privatiza\u00e7\u00e3o da Petrobras, como tem sido cogitado desde o ano passado\u201d.<\/p>\n\t<p>\n\t\t<a href=\"https:\/\/lp.suno.com.br\/planilha-da-vida-financeira\/\" target=\"_blank\" data-element=\"shortcode-suno-banner\" title=\"Banner SUNO, clique e saiba mais\">\n\t\t\t<picture>\n\t\t\t\t<source media=\"(max-width: 500px)\" srcset=\"https:\/\/files.sunoresearch.com.br\/n\/uploads\/2023\/04\/400x300-Planilha-vida-financeira-true.png\">\n\t\t\t\t<img class=\"newsContent__article__imgCapa newsContent__article__imgCapa--banner\"\n\t\t\t\t\tsrc=\"https:\/\/files.sunoresearch.com.br\/n\/uploads\/2023\/04\/1420x240-Planilha-vida-financeira-true.png\"\n\t\t\t\t\tdata-promo-id=\"106682\"\t\t\t\t\t\t\t\t\t\twidth='1420' height='240'\t\t\t\t\talt=\"https:\/\/files.sunoresearch.com.br\/n\/uploads\/2023\/04\/1420x240-Planilha-vida-financeira-true.png\"\n\t\t\t\t>\n\t\t\t<\/picture>\n\t\t<\/a>\n\t<\/p>\n\n\n<h2>Vale esclarece pol\u00eamica sobre &#8220;calote&#8221; de R$ 781 milh\u00f5es<\/h2>\n<p>Uma das empresas que mexem com o <strong>Ibovespa hoje<\/strong> \u00e9 a Vale. A empresa esclareceu ao mercado sobre a acusa\u00e7\u00e3o da Cemig de um poss\u00edvel calote da mineradora no valor de R$ 781 milh\u00f5es.<\/p>\n<p>A Vale diz que cumpre totalmente o Termo de Transa\u00e7\u00e3o e Ajustamento de Conduta (TTAC) sobre o rompimento da barragem de Fund\u00e3o.<\/p>\n<p>A companhia esclarece que o TTAC n\u00e3o prev\u00ea sua responsabilidade direta com o Cons\u00f3rcio Candonga, Alian\u00e7a Gera\u00e7\u00e3o ou com a pr\u00f3pria Cemig sobre os impactos decorrentes da paralisa\u00e7\u00e3o da Usina Hidrel\u00e9trica (UHE) Risoleta Neves.<\/p>\n<p>A Vale afirma que apesar do compromisso proposto pela companhia \u00e0 Ag\u00eancia Nacional de Energia El\u00e9trica (Aneel) prever a neutraliza\u00e7\u00e3o de repasses financeiros da perda de gera\u00e7\u00e3o da UHE Risoleta Neves, o Superior Tribunal de Justi\u00e7a (STJ) suspendeu a senten\u00e7a judicial que era favor\u00e1vel ao Cons\u00f3rcio Candonga, que previa a manuten\u00e7\u00e3o da Usina no Mecanismo de Realoca\u00e7\u00e3o de Energia (MRE).<\/p>\n<p>A Vale ainda acrescenta em seu comunicado que o \u201ccompromisso proposto pela Vale n\u00e3o interferiria na discuss\u00e3o judicial entre o Cons\u00f3rcio e a Aneel sobre o MRE e, tampouco, conferiria direitos de ressarcimento ao Cons\u00f3rcio, \u00e0 Alian\u00e7a ou \u00e0 Cemig\u201d.<\/p>\n<h2>Gol estima preju\u00edzo de R$ 1,8 por a\u00e7\u00e3o<\/h2>\n<p>A Gol informou ao mercado suas estimativas sobre o resultado do segundo trimestre de 2022. A empresa projeta um preju\u00edzo por a\u00e7\u00e3o (LPA) de R$ 1,801, al\u00e9m de um preju\u00edzo por a\u00e7\u00e3o deposit\u00e1ria americana (LPADS) de aproximadamente US$ 0,751.<\/p>\n<p>Os investidores das a\u00e7\u00f5es da Gol reagiram \u00e0 nova estimativa de resultado, trazendo uma press\u00e3o vendedora em seus pap\u00e9is.<\/p>\n<p>O documento de <strong>guidance da Gol<\/strong> ainda aponta que a previs\u00e3o de margem para o EBITDA no 2T22 \u00e9 de cerca de 10%.<\/p>\n<p>Segundo o documento arquivado na Comiss\u00e3o de Valores Mobili\u00e1rios (CVM): \u201ca receita unit\u00e1ria de passageiros (PRASK) esperada para o segundo trimestre \u00e9 maior em aproximadamente 50%, comparada ao mesmo per\u00edodo do ano anterior, impulsionada pela forte recupera\u00e7\u00e3o de viagens corporativas nas malhas dom\u00e9sticas e regionais da GOL e a retomada de viagens de lazer na malha internacional\u201d.<\/p>\n\t<p>\n\t\t<a href=\"https:\/\/lp.suno.com.br\/ebook-como-analisar-uma-acao\/\" target=\"_blank\" data-element=\"shortcode-suno-banner\" title=\"Banner SUNO, clique e saiba mais\">\n\t\t\t<picture>\n\t\t\t\t<source media=\"(max-width: 500px)\" srcset=\"https:\/\/files.sunoresearch.com.br\/n\/uploads\/2023\/03\/Ebook-Acoes-Mobile-1.jpg\">\n\t\t\t\t<img class=\"newsContent__article__imgCapa newsContent__article__imgCapa--banner\"\n\t\t\t\t\tsrc=\"https:\/\/files.sunoresearch.com.br\/n\/uploads\/2023\/03\/Ebook-Acoes-Desktop-1.jpg\"\n\t\t\t\t\tdata-promo-id=\"171998\"\t\t\t\t\t\t\t\t\t\twidth='1420' height='286'\t\t\t\t\talt=\"https:\/\/files.sunoresearch.com.br\/n\/uploads\/2023\/03\/Ebook-Acoes-Desktop-1.jpg\"\n\t\t\t\t>\n\t\t\t<\/picture>\n\t\t<\/a>\n\t<\/p>\n\n\n<h2>Maiores altas do Ibovespa<\/h2>\n<p>Por volta das 10h54, as 5 maiores altas do Ibovespa eram:<\/p>\n<ul>\n<li>VIVT3: +1,07%<\/li>\n<li>CMIG4: +0,68%<\/li>\n<li>JBSS3: +0,55%<\/li>\n<li>TAEE11; +0,23%<\/li>\n<li>CPLE6: +0,15%<\/li>\n<\/ul>\n<h2>Maiores baixas do Ibovespa<\/h2>\n<p>Por volta das 10h54, as maiores quedas do Ibovespa eram:<\/p>\n<ul>\n<li>GOLL4: -6,13%<\/li>\n<li>AZUL4: -5,86%<\/li>\n<li>CASH3: -4,80%<\/li>\n<li>B3SA3: -4,63%<\/li>\n<li>PETZ3: -4,13%<\/li>\n<\/ul>\n<h2>\u00daltima cota\u00e7\u00e3o do Ibovespa<\/h2>\n<p>O<strong> Ibovespa<\/strong> terminou a sess\u00e3o desta sexta-feira (8) em queda de 0,44%, aos 100.289 pontos.<\/p>\n\t<p>\n\t\t<a href=\"https:\/\/lp.suno.com.br\/planilha-de-controle-de-investimentos\/\" target=\"_blank\" data-element=\"shortcode-suno-banner\" title=\"Banner SUNO, clique e saiba mais\">\n\t\t\t<picture>\n\t\t\t\t<source media=\"(max-width: 500px)\" srcset=\"https:\/\/files.sunoresearch.com.br\/n\/uploads\/2023\/03\/400x300-Controle-de-Investimentos.png\">\n\t\t\t\t<img class=\"newsContent__article__imgCapa newsContent__article__imgCapa--banner\"\n\t\t\t\t\tsrc=\"https:\/\/files.sunoresearch.com.br\/n\/uploads\/2023\/03\/1420x240-Controle-de-Investimentos.png\"\n\t\t\t\t\tdata-promo-id=\"75934\"\t\t\t\t\t\t\t\t\t\twidth='1420' height='240'\t\t\t\t\talt=\"https:\/\/files.sunoresearch.com.br\/n\/uploads\/2023\/03\/1420x240-Controle-de-Investimentos.png\"\n\t\t\t\t>\n\t\t\t<\/picture>\n\t\t<\/a>\n\t<\/p>\n\n\n","protected":false},"excerpt":{"rendered":"<p>O Ibovespa opera em queda de 1,43% nesta segunda-feira (11), aos 98.854 pontos, por volta das 12h37. O \u00edndice de a\u00e7\u00f5es brasileiro est\u00e1 em linha com grande parte das bolsas europeias e norte-americanas. Covid na China volta a preocupar | Funcion\u00e1rios da Petrobras (PETR4) amea\u00e7am greve. Saiba mais! A movimenta\u00e7\u00e3o do Ibovespa ocorre em meio [&hellip;]<\/p>\n","protected":false},"author":173,"featured_media":264502,"comment_status":"closed","ping_status":"closed","sticky":false,"template":"","format":"standard","meta":[],"categories":[60],"tags":[106932,420,106793,489,521,104467,595,659,676],"suno_strategy":[],"class_list":["post-274908","post","type-post","status-publish","format-standard","has-post-thumbnail","hentry","category-mercado","tag-azul-azul4","tag-cemig-cmig3-cmig4","tag-getnet-gett11-gett4-gett3","tag-gol-linhas-aereas-goll11-goll4","tag-jbs-jbss3","tag-meliuz-cash3","tag-petrobras-petr4","tag-telefonica-vivt3","tag-vale-vale3"],"yoast_head":"<!-- This site is optimized with the Yoast SEO plugin v24.4 - https:\/\/yoast.com\/wordpress\/plugins\/seo\/ -->\n<title>Ibovespa opera em queda, enquanto Vale (VALE3) tem baixa de 3%<\/title>\n<meta name=\"description\" content=\"O Ibovespa opera em queda, enquanto a Vale (VALE3) tem baixa de 3%. Saiba mais sobre a cota\u00e7\u00e3o e o desempenho do Ibovespa hoje.\" \/>\n<meta name=\"robots\" content=\"index, follow, max-snippet:-1, max-image-preview:large, max-video-preview:-1\" \/>\n<link rel=\"canonical\" href=\"https:\/\/www.suno.com.br\/noticias\/ibovespa-hoje-queda-vale-vale3-baixa\/\" \/>\n<meta property=\"og:locale\" content=\"pt_BR\" \/>\n<meta property=\"og:type\" content=\"article\" \/>\n<meta property=\"og:title\" content=\"Ibovespa opera em queda, enquanto Vale (VALE3) tem baixa de 3%\" \/>\n<meta property=\"og:description\" content=\"O Ibovespa opera em queda, enquanto a Vale (VALE3) tem baixa de 3%. Saiba mais sobre a cota\u00e7\u00e3o e o desempenho do Ibovespa hoje.\" \/>\n<meta property=\"og:url\" content=\"https:\/\/www.suno.com.br\/noticias\/ibovespa-hoje-queda-vale-vale3-baixa\/\" \/>\n<meta property=\"og:site_name\" content=\"Suno Not\u00edcias\" \/>\n<meta property=\"article:publisher\" content=\"https:\/\/facebook.com\/sunoresearch\" \/>\n<meta property=\"og:image\" content=\"https:\/\/files.sunoresearch.com.br\/n\/uploads\/2022\/06\/ibovespa-hoje-1.jpg\" \/>\n\t<meta property=\"og:image:width\" content=\"1200\" \/>\n\t<meta property=\"og:image:height\" content=\"800\" \/>\n\t<meta property=\"og:image:type\" content=\"image\/jpeg\" \/>\n<meta name=\"author\" content=\"Jo\u00e3o Vitor\" \/>\n<meta name=\"twitter:card\" content=\"summary_large_image\" \/>\n<meta name=\"twitter:creator\" content=\"@sunoresearch\" \/>\n<meta name=\"twitter:site\" content=\"@sunoresearch\" \/>\n<meta name=\"twitter:label1\" content=\"Escrito por\" \/>\n\t<meta name=\"twitter:data1\" content=\"Jo\u00e3o Vitor\" \/>\n\t<meta name=\"twitter:label2\" content=\"Est. tempo de leitura\" \/>\n\t<meta name=\"twitter:data2\" content=\"5 minutos\" \/>\n<script type=\"application\/ld+json\" class=\"yoast-schema-graph\">{\"@context\":\"https:\/\/schema.org\",\"@graph\":[{\"@type\":\"NewsArticle\",\"@id\":\"https:\/\/www.suno.com.br\/noticias\/ibovespa-hoje-queda-vale-vale3-baixa\/#article\",\"isPartOf\":{\"@id\":\"https:\/\/www.suno.com.br\/noticias\/ibovespa-hoje-queda-vale-vale3-baixa\/\"},\"author\":{\"name\":\"Jo\u00e3o Vitor\",\"@id\":\"https:\/\/www.suno.com.br\/noticias\/#\/schema\/person\/87fc6973867c52dd884811905c43afba\"},\"headline\":\"Ibovespa opera em queda, em linha com exterior; Vale (VALE3) tem baixa de 3%\",\"datePublished\":\"2022-07-11T14:19:34+00:00\",\"dateModified\":\"2022-07-11T15:39:29+00:00\",\"mainEntityOfPage\":{\"@id\":\"https:\/\/www.suno.com.br\/noticias\/ibovespa-hoje-queda-vale-vale3-baixa\/\"},\"wordCount\":838,\"publisher\":{\"@id\":\"https:\/\/www.suno.com.br\/noticias\/#organization\"},\"image\":{\"@id\":\"https:\/\/www.suno.com.br\/noticias\/ibovespa-hoje-queda-vale-vale3-baixa\/#primaryimage\"},\"thumbnailUrl\":\"https:\/\/files.sunoresearch.com.br\/n\/uploads\/2022\/06\/ibovespa-hoje-1.jpg\",\"keywords\":[\"Azul (AZUL4)\",\"Cemig (CMIG3\/CMIG4)\",\"Getnet (GETT11\/GETT4\/GETT3)\",\"Gol Linhas A\u00e9reas (GOLL11\/GOLL4)\",\"JBS (JBSS3)\",\"M\u00e9liuz (CASH3)\",\"Petrobras (PETR4)\",\"Telef\u00f4nica (VIVT3)\",\"Vale (VALE3)\"],\"articleSection\":[\"Mercado\"],\"inLanguage\":\"pt-BR\"},{\"@type\":\"WebPage\",\"@id\":\"https:\/\/www.suno.com.br\/noticias\/ibovespa-hoje-queda-vale-vale3-baixa\/\",\"url\":\"https:\/\/www.suno.com.br\/noticias\/ibovespa-hoje-queda-vale-vale3-baixa\/\",\"name\":\"Ibovespa opera em queda, enquanto Vale (VALE3) tem baixa de 3%\",\"isPartOf\":{\"@id\":\"https:\/\/www.suno.com.br\/noticias\/#website\"},\"primaryImageOfPage\":{\"@id\":\"https:\/\/www.suno.com.br\/noticias\/ibovespa-hoje-queda-vale-vale3-baixa\/#primaryimage\"},\"image\":{\"@id\":\"https:\/\/www.suno.com.br\/noticias\/ibovespa-hoje-queda-vale-vale3-baixa\/#primaryimage\"},\"thumbnailUrl\":\"https:\/\/files.sunoresearch.com.br\/n\/uploads\/2022\/06\/ibovespa-hoje-1.jpg\",\"datePublished\":\"2022-07-11T14:19:34+00:00\",\"dateModified\":\"2022-07-11T15:39:29+00:00\",\"description\":\"O Ibovespa opera em queda, enquanto a Vale (VALE3) tem baixa de 3%. Saiba mais sobre a cota\u00e7\u00e3o e o desempenho do Ibovespa hoje.\",\"breadcrumb\":{\"@id\":\"https:\/\/www.suno.com.br\/noticias\/ibovespa-hoje-queda-vale-vale3-baixa\/#breadcrumb\"},\"inLanguage\":\"pt-BR\",\"potentialAction\":[{\"@type\":\"ReadAction\",\"target\":[\"https:\/\/www.suno.com.br\/noticias\/ibovespa-hoje-queda-vale-vale3-baixa\/\"]}]},{\"@type\":\"ImageObject\",\"inLanguage\":\"pt-BR\",\"@id\":\"https:\/\/www.suno.com.br\/noticias\/ibovespa-hoje-queda-vale-vale3-baixa\/#primaryimage\",\"url\":\"https:\/\/files.sunoresearch.com.br\/n\/uploads\/2022\/06\/ibovespa-hoje-1.jpg\",\"contentUrl\":\"https:\/\/files.sunoresearch.com.br\/n\/uploads\/2022\/06\/ibovespa-hoje-1.jpg\",\"width\":1200,\"height\":800,\"caption\":\"Ibovespa hoje. Foto: Pixabay\"},{\"@type\":\"BreadcrumbList\",\"@id\":\"https:\/\/www.suno.com.br\/noticias\/ibovespa-hoje-queda-vale-vale3-baixa\/#breadcrumb\",\"itemListElement\":[{\"@type\":\"ListItem\",\"position\":1,\"name\":\"Not\u00edcias\",\"item\":\"https:\/\/www.suno.com.br\/noticias\/\"},{\"@type\":\"ListItem\",\"position\":2,\"name\":\"Mercado\",\"item\":\"https:\/\/www.suno.com.br\/noticias\/mercado\/\"},{\"@type\":\"ListItem\",\"position\":3,\"name\":\"Ibovespa opera em queda, em linha com exterior; Vale (VALE3) tem baixa de 3%\"}]},{\"@type\":\"WebSite\",\"@id\":\"https:\/\/www.suno.com.br\/noticias\/#website\",\"url\":\"https:\/\/www.suno.com.br\/noticias\/\",\"name\":\"Suno Not\u00edcias\",\"description\":\"Seu portal de informa\u00e7\u00e3o sobre o mundo dos investimentos\",\"publisher\":{\"@id\":\"https:\/\/www.suno.com.br\/noticias\/#organization\"},\"potentialAction\":[{\"@type\":\"SearchAction\",\"target\":{\"@type\":\"EntryPoint\",\"urlTemplate\":\"https:\/\/www.suno.com.br\/noticias\/?s={search_term_string}\"},\"query-input\":{\"@type\":\"PropertyValueSpecification\",\"valueRequired\":true,\"valueName\":\"search_term_string\"}}],\"inLanguage\":\"pt-BR\"},{\"@type\":\"Organization\",\"@id\":\"https:\/\/www.suno.com.br\/noticias\/#organization\",\"name\":\"Suno Not\u00edcias\",\"url\":\"https:\/\/www.suno.com.br\/noticias\/\",\"logo\":{\"@type\":\"ImageObject\",\"inLanguage\":\"pt-BR\",\"@id\":\"https:\/\/www.suno.com.br\/noticias\/#\/schema\/logo\/image\/\",\"url\":\"https:\/\/files.sunoresearch.com.br\/n\/uploads\/2021\/09\/suno-logo.png\",\"contentUrl\":\"https:\/\/files.sunoresearch.com.br\/n\/uploads\/2021\/09\/suno-logo.png\",\"width\":180,\"height\":180,\"caption\":\"Suno Not\u00edcias\"},\"image\":{\"@id\":\"https:\/\/www.suno.com.br\/noticias\/#\/schema\/logo\/image\/\"},\"sameAs\":[\"https:\/\/facebook.com\/sunoresearch\",\"https:\/\/x.com\/sunoresearch\",\"https:\/\/www.instagram.com\/suno\",\"https:\/\/www.linkedin.com\/company\/suno-research\/\",\"https:\/\/www.youtube.com\/c\/sunoresearch\"]},{\"@type\":\"Person\",\"@id\":\"https:\/\/www.suno.com.br\/noticias\/#\/schema\/person\/87fc6973867c52dd884811905c43afba\",\"name\":\"Jo\u00e3o Vitor\",\"image\":{\"@type\":\"ImageObject\",\"inLanguage\":\"pt-BR\",\"@id\":\"https:\/\/www.suno.com.br\/noticias\/#\/schema\/person\/image\/\",\"url\":\"https:\/\/secure.gravatar.com\/avatar\/2843227ca03ccf8cc7ccca45204c127e?s=96&r=g\",\"contentUrl\":\"https:\/\/secure.gravatar.com\/avatar\/2843227ca03ccf8cc7ccca45204c127e?s=96&r=g\",\"caption\":\"Jo\u00e3o Vitor\"},\"description\":\"Redator profissional, com atua\u00e7\u00e3o no mercado editorial na produ\u00e7\u00e3o de not\u00edcias e conte\u00fados sobre o mercado de a\u00e7\u00f5es, fundos imobili\u00e1rios e economia popular. Graduando em Engenharia Qu\u00edmica pela Unesp, tamb\u00e9m j\u00e1 atuou como consultor financeiro.\",\"url\":\"https:\/\/www.suno.com.br\/noticias\/author\/joao-vitor-jacintho\/\"}]}<\/script>\n<!-- \/ Yoast SEO plugin. -->","yoast_head_json":{"title":"Ibovespa opera em queda, enquanto Vale (VALE3) tem baixa de 3%","description":"O Ibovespa opera em queda, enquanto a Vale (VALE3) tem baixa de 3%. Saiba mais sobre a cota\u00e7\u00e3o e o desempenho do Ibovespa hoje.","robots":{"index":"index","follow":"follow","max-snippet":"max-snippet:-1","max-image-preview":"max-image-preview:large","max-video-preview":"max-video-preview:-1"},"canonical":"https:\/\/www.suno.com.br\/noticias\/ibovespa-hoje-queda-vale-vale3-baixa\/","og_locale":"pt_BR","og_type":"article","og_title":"Ibovespa opera em queda, enquanto Vale (VALE3) tem baixa de 3%","og_description":"O Ibovespa opera em queda, enquanto a Vale (VALE3) tem baixa de 3%. Saiba mais sobre a cota\u00e7\u00e3o e o desempenho do Ibovespa hoje.","og_url":"https:\/\/www.suno.com.br\/noticias\/ibovespa-hoje-queda-vale-vale3-baixa\/","og_site_name":"Suno Not\u00edcias","article_publisher":"https:\/\/facebook.com\/sunoresearch","og_image":[{"width":1200,"height":800,"url":"https:\/\/files.sunoresearch.com.br\/n\/uploads\/2022\/06\/ibovespa-hoje-1.jpg","type":"image\/jpeg"}],"author":"Jo\u00e3o Vitor","twitter_card":"summary_large_image","twitter_creator":"@sunoresearch","twitter_site":"@sunoresearch","twitter_misc":{"Escrito por":"Jo\u00e3o Vitor","Est. tempo de leitura":"5 minutos"},"schema":{"@context":"https:\/\/schema.org","@graph":[{"@type":"NewsArticle","@id":"https:\/\/www.suno.com.br\/noticias\/ibovespa-hoje-queda-vale-vale3-baixa\/#article","isPartOf":{"@id":"https:\/\/www.suno.com.br\/noticias\/ibovespa-hoje-queda-vale-vale3-baixa\/"},"author":{"name":"Jo\u00e3o Vitor","@id":"https:\/\/www.suno.com.br\/noticias\/#\/schema\/person\/87fc6973867c52dd884811905c43afba"},"headline":"Ibovespa opera em queda, em linha com exterior; Vale (VALE3) tem baixa de 3%","datePublished":"2022-07-11T14:19:34+00:00","dateModified":"2022-07-11T15:39:29+00:00","mainEntityOfPage":{"@id":"https:\/\/www.suno.com.br\/noticias\/ibovespa-hoje-queda-vale-vale3-baixa\/"},"wordCount":838,"publisher":{"@id":"https:\/\/www.suno.com.br\/noticias\/#organization"},"image":{"@id":"https:\/\/www.suno.com.br\/noticias\/ibovespa-hoje-queda-vale-vale3-baixa\/#primaryimage"},"thumbnailUrl":"https:\/\/files.sunoresearch.com.br\/n\/uploads\/2022\/06\/ibovespa-hoje-1.jpg","keywords":["Azul (AZUL4)","Cemig (CMIG3\/CMIG4)","Getnet (GETT11\/GETT4\/GETT3)","Gol Linhas A\u00e9reas (GOLL11\/GOLL4)","JBS (JBSS3)","M\u00e9liuz (CASH3)","Petrobras (PETR4)","Telef\u00f4nica (VIVT3)","Vale (VALE3)"],"articleSection":["Mercado"],"inLanguage":"pt-BR"},{"@type":"WebPage","@id":"https:\/\/www.suno.com.br\/noticias\/ibovespa-hoje-queda-vale-vale3-baixa\/","url":"https:\/\/www.suno.com.br\/noticias\/ibovespa-hoje-queda-vale-vale3-baixa\/","name":"Ibovespa opera em queda, enquanto Vale (VALE3) tem baixa de 3%","isPartOf":{"@id":"https:\/\/www.suno.com.br\/noticias\/#website"},"primaryImageOfPage":{"@id":"https:\/\/www.suno.com.br\/noticias\/ibovespa-hoje-queda-vale-vale3-baixa\/#primaryimage"},"image":{"@id":"https:\/\/www.suno.com.br\/noticias\/ibovespa-hoje-queda-vale-vale3-baixa\/#primaryimage"},"thumbnailUrl":"https:\/\/files.sunoresearch.com.br\/n\/uploads\/2022\/06\/ibovespa-hoje-1.jpg","datePublished":"2022-07-11T14:19:34+00:00","dateModified":"2022-07-11T15:39:29+00:00","description":"O Ibovespa opera em queda, enquanto a Vale (VALE3) tem baixa de 3%. Saiba mais sobre a cota\u00e7\u00e3o e o desempenho do Ibovespa hoje.","breadcrumb":{"@id":"https:\/\/www.suno.com.br\/noticias\/ibovespa-hoje-queda-vale-vale3-baixa\/#breadcrumb"},"inLanguage":"pt-BR","potentialAction":[{"@type":"ReadAction","target":["https:\/\/www.suno.com.br\/noticias\/ibovespa-hoje-queda-vale-vale3-baixa\/"]}]},{"@type":"ImageObject","inLanguage":"pt-BR","@id":"https:\/\/www.suno.com.br\/noticias\/ibovespa-hoje-queda-vale-vale3-baixa\/#primaryimage","url":"https:\/\/files.sunoresearch.com.br\/n\/uploads\/2022\/06\/ibovespa-hoje-1.jpg","contentUrl":"https:\/\/files.sunoresearch.com.br\/n\/uploads\/2022\/06\/ibovespa-hoje-1.jpg","width":1200,"height":800,"caption":"Ibovespa hoje. Foto: Pixabay"},{"@type":"BreadcrumbList","@id":"https:\/\/www.suno.com.br\/noticias\/ibovespa-hoje-queda-vale-vale3-baixa\/#breadcrumb","itemListElement":[{"@type":"ListItem","position":1,"name":"Not\u00edcias","item":"https:\/\/www.suno.com.br\/noticias\/"},{"@type":"ListItem","position":2,"name":"Mercado","item":"https:\/\/www.suno.com.br\/noticias\/mercado\/"},{"@type":"ListItem","position":3,"name":"Ibovespa opera em queda, em linha com exterior; Vale (VALE3) tem baixa de 3%"}]},{"@type":"WebSite","@id":"https:\/\/www.suno.com.br\/noticias\/#website","url":"https:\/\/www.suno.com.br\/noticias\/","name":"Suno Not\u00edcias","description":"Seu portal de informa\u00e7\u00e3o sobre o mundo dos investimentos","publisher":{"@id":"https:\/\/www.suno.com.br\/noticias\/#organization"},"potentialAction":[{"@type":"SearchAction","target":{"@type":"EntryPoint","urlTemplate":"https:\/\/www.suno.com.br\/noticias\/?s={search_term_string}"},"query-input":{"@type":"PropertyValueSpecification","valueRequired":true,"valueName":"search_term_string"}}],"inLanguage":"pt-BR"},{"@type":"Organization","@id":"https:\/\/www.suno.com.br\/noticias\/#organization","name":"Suno Not\u00edcias","url":"https:\/\/www.suno.com.br\/noticias\/","logo":{"@type":"ImageObject","inLanguage":"pt-BR","@id":"https:\/\/www.suno.com.br\/noticias\/#\/schema\/logo\/image\/","url":"https:\/\/files.sunoresearch.com.br\/n\/uploads\/2021\/09\/suno-logo.png","contentUrl":"https:\/\/files.sunoresearch.com.br\/n\/uploads\/2021\/09\/suno-logo.png","width":180,"height":180,"caption":"Suno Not\u00edcias"},"image":{"@id":"https:\/\/www.suno.com.br\/noticias\/#\/schema\/logo\/image\/"},"sameAs":["https:\/\/facebook.com\/sunoresearch","https:\/\/x.com\/sunoresearch","https:\/\/www.instagram.com\/suno","https:\/\/www.linkedin.com\/company\/suno-research\/","https:\/\/www.youtube.com\/c\/sunoresearch"]},{"@type":"Person","@id":"https:\/\/www.suno.com.br\/noticias\/#\/schema\/person\/87fc6973867c52dd884811905c43afba","name":"Jo\u00e3o Vitor","image":{"@type":"ImageObject","inLanguage":"pt-BR","@id":"https:\/\/www.suno.com.br\/noticias\/#\/schema\/person\/image\/","url":"https:\/\/secure.gravatar.com\/avatar\/2843227ca03ccf8cc7ccca45204c127e?s=96&r=g","contentUrl":"https:\/\/secure.gravatar.com\/avatar\/2843227ca03ccf8cc7ccca45204c127e?s=96&r=g","caption":"Jo\u00e3o Vitor"},"description":"Redator profissional, com atua\u00e7\u00e3o no mercado editorial na produ\u00e7\u00e3o de not\u00edcias e conte\u00fados sobre o mercado de a\u00e7\u00f5es, fundos imobili\u00e1rios e economia popular. Graduando em Engenharia Qu\u00edmica pela Unesp, tamb\u00e9m j\u00e1 atuou como consultor financeiro.","url":"https:\/\/www.suno.com.br\/noticias\/author\/joao-vitor-jacintho\/"}]}},"default_loop_html":"<div class=\"cardsPage__listCard__boxs\"><div class=\"cardsPage__listCard__boxs__img\"><a href=\"https:\/\/www.suno.com.br\/noticias\/ibovespa-hoje-queda-vale-vale3-baixa\/\"><img class=\"mask\" src=\"https:\/\/www.suno.com.br\/noticias\/wp-content\/themes\/suno\/resources\/images\/spotlight\/spotlight1img\/bg-mask.png\" alt=\"Image Mask\"\/><img src=\"https:\/\/files.sunoresearch.com.br\/n\/uploads\/2022\/06\/ibovespa-hoje-1-400x200.jpg\" alt=\"Ibovespa opera em queda, em linha com exterior; Vale (VALE3) tem baixa de 3%\"\/><\/a><span class=\"spotlightCategory\"><a href=\"https:\/\/www.suno.com.br\/noticias\/mercado\/\">Mercado<\/a><\/span><\/div><div class=\"cardsPage__listCard__boxs__content\"><a href=\"https:\/\/www.suno.com.br\/noticias\/ibovespa-hoje-queda-vale-vale3-baixa\/\"><h2 class=\"content__title\">Ibovespa opera em queda, em linha com exterior; Vale (VALE3) tem baixa de 3%<\/h2><\/a><div class=\"newsContent__article__meta\"><div class=\"newsContent__article__meta__authorBox\"><a href=\"https:\/\/www.suno.com.br\/noticias\/author\/joao-vitor-jacintho\/\" class=\"authorBox__avatar noMobi\"><img src=\"https:\/\/secure.gravatar.com\/avatar\/2843227ca03ccf8cc7ccca45204c127e?s=96&#038;r=g\" alt=\"Jo\u00e3o Vitor Jacintho\"><\/a><div class=\"authorBox__name\"><span>por\n\t\t\t<a href=\"https:\/\/www.suno.com.br\/noticias\/author\/joao-vitor-jacintho\/\"><span itemprop=\"author\">Jo\u00e3o Vitor Jacintho<\/span><\/a><\/span><time datetime=\"2022-07-11T11:19:34-03:00\" itemprop=\"datePublished\">11\/07\/2022 11:19<\/time><\/div><\/div><\/div><\/div><\/div>","single_layout":"posts","amp_enabled":true,"_links":{"self":[{"href":"https:\/\/www.suno.com.br\/noticias\/wp-json\/wp\/v2\/posts\/274908"}],"collection":[{"href":"https:\/\/www.suno.com.br\/noticias\/wp-json\/wp\/v2\/posts"}],"about":[{"href":"https:\/\/www.suno.com.br\/noticias\/wp-json\/wp\/v2\/types\/post"}],"author":[{"embeddable":true,"href":"https:\/\/www.suno.com.br\/noticias\/wp-json\/wp\/v2\/users\/173"}],"replies":[{"embeddable":true,"href":"https:\/\/www.suno.com.br\/noticias\/wp-json\/wp\/v2\/comments?post=274908"}],"version-history":[{"count":4,"href":"https:\/\/www.suno.com.br\/noticias\/wp-json\/wp\/v2\/posts\/274908\/revisions"}],"predecessor-version":[{"id":274949,"href":"https:\/\/www.suno.com.br\/noticias\/wp-json\/wp\/v2\/posts\/274908\/revisions\/274949"}],"wp:featuredmedia":[{"embeddable":true,"href":"https:\/\/www.suno.com.br\/noticias\/wp-json\/wp\/v2\/media\/264502"}],"wp:attachment":[{"href":"https:\/\/www.suno.com.br\/noticias\/wp-json\/wp\/v2\/media?parent=274908"}],"wp:term":[{"taxonomy":"category","embeddable":true,"href":"https:\/\/www.suno.com.br\/noticias\/wp-json\/wp\/v2\/categories?post=274908"},{"taxonomy":"post_tag","embeddable":true,"href":"https:\/\/www.suno.com.br\/noticias\/wp-json\/wp\/v2\/tags?post=274908"},{"taxonomy":"suno_strategy","embeddable":true,"href":"https:\/\/www.suno.com.br\/noticias\/wp-json\/wp\/v2\/suno_strategy?post=274908"}],"curies":[{"name":"wp","href":"https:\/\/api.w.org\/{rel}","templated":true}]}}