{"id":274905,"date":"2022-07-11T11:32:29","date_gmt":"2022-07-11T14:32:29","guid":{"rendered":"https:\/\/www.suno.com.br\/noticias\/?p=274905"},"modified":"2022-07-11T17:46:24","modified_gmt":"2022-07-11T20:46:24","slug":"gol-goll4-acoes-caem-guidance","status":"publish","type":"post","link":"https:\/\/www.suno.com.br\/noticias\/gol-goll4-acoes-caem-guidance\/","title":{"rendered":"Gol (GOLL4) estima preju\u00edzo de R$ 1,8 por a\u00e7\u00e3o; pap\u00e9is caem 11,7% e lideram baixas no Ibovespa"},"content":{"rendered":"<p>A <strong>Gol<\/strong> (<a href=\"https:\/\/www.suno.com.br\/acoes\/goll4\/\">GOLL4<\/a>) atualizou suas estimativas para o resultado do segundo trimestre de 2022 (2T22). Agora, a companhia a\u00e9rea projeta um preju\u00edzo por a\u00e7\u00e3o (LPA) de R$ 1,801, assim como um preju\u00edzo por a\u00e7\u00e3o deposit\u00e1ria americana (LPADS) de cerca de US$ 0,751.<\/p><div class=\"videoFull videoFull--noRadius\">\n\t\t\t<div class=\"videoWrapper yt-lazyload center\"\n\t\t\t\tdata-width=\"960\"\n\t\t\t\tdata-height=\"540\"\n\t\t\t\tdata-id=\"jelNd96eHTQ\"\n\t\t\t\tdata-alt=\"Recentemente a Gol (GOLL4) anunciou uma &#039;fus\u00e3o&#039; com a Avianca; entenda\"\n\t\t\t\tdata-logo=\"3\"\n\t\t\t\tdata-imagequality=\"maxres\">\n\t\t\t<\/div>\n\t\t<\/div><span class=\"videoFull__caption videoFull__caption--show\">Recentemente a Gol (GOLL4) anunciou uma &#039;fus\u00e3o&#039; com a Avianca; entenda<p><\/p><\/span><script type=\"application\/ld+json\">{\"@context\":\"https:\/\/schema.org\",\"@type\":\"VideoObject\",\"name\":\"Gol (GOLL4) e Avianca se juntam para enfrentar Latam!\",\"description\":\"#GOL #GOLL4 #AVIANCA A Gol (GOLL4) e a Avianca fecharam um acordo para criar a holding Grupo Abra, mirando ser \u201cum grupo l\u00edder em transporte a\u00e9reo na Am\u00e9rica Latina\u201d, segundo comunicado oficial. Essa \u00e9 a Not\u00edcia do Dia! #Not\u00edciaDoDia \ud83d\udcf0 \ud835\udc0b\ud835\udc1e\ud835\udc22\ud835\udc1a \ud835\udc1a \ud835\udc26\ud835\udc1a\ud835\udc2d\u00e9\ud835\udc2b\ud835\udc22\ud835\udc1a \ud835\udc1c\ud835\udc28\ud835\udc26\ud835\udc29\ud835\udc25\ud835\udc1e\ud835\udc2d\ud835\udc1a \ud835\udc27\ud835\udc28 \ud835\udc27\ud835\udc28\ud835\udc2c\ud835\udc2c\ud835\udc28 \ud835\udc2c\ud835\udc22\ud835\udc2d\ud835\udc1e: https:\/\/www.suno.com.br\/noticias\/gol-goll4-avianca-holding-mudancas\/ \ud83d\udcca \ud835\udc00\ud835\udc29\ud835\udc2b\ud835\udc1e\ud835\udc27\ud835\udc1d\ud835\udc1a \ud835\udc1c\ud835\udc28\ud835\udc26\ud835\udc28 \ud835\udc1a\ud835\udc27\ud835\udc1a\ud835\udc25\ud835\udc22\ud835\udc2c\ud835\udc1a\ud835\udc2b \ud835\udc2e\ud835\udc26\ud835\udc1a \ud835\udc1a\u00e7\u00e3\ud835\udc28 [\ud835\udc04\ud835\udc01\ud835\udc0e\ud835\udc0e\ud835\udc0a\u2026\",\"duration\":\"PT3M4S\",\"embedUrl\":\"https:\/\/www.youtube.com\/embed\/jelNd96eHTQ\",\"regionsAllowed\":\"pt-BR\",\"interactionStatistic\":{\"@type\":\"InteractionCounter\",\"interactionType\":{\"@type\":\"WatchAction\"},\"userInteractionCount\":309},\"thumbnailUrl\":\"https:\/\/i.ytimg.com\/vi\/jelNd96eHTQ\/default.jpg\",\"uploadDate\":\"2022-05-12T15:00:22Z\"}<\/script>\n\n\t<p>\n\t\t<a href=\"\" target=\"_blank\" data-element=\"shortcode-suno-banner\" title=\"Banner SUNO, clique e saiba mais\">\n\t\t\t<picture>\n\t\t\t\t<source media=\"(max-width: 500px)\" srcset=\"\">\n\t\t\t\t<img class=\"newsContent__article__imgCapa newsContent__article__imgCapa--banner\"\n\t\t\t\t\tsrc=\"\"\n\t\t\t\t\tdata-promo-id=\"265381\"\t\t\t\t\t\t\t\t\t\t\t\t\t\t\talt=\"\"\n\t\t\t\t>\n\t\t\t<\/picture>\n\t\t<\/a>\n\t<\/p>\n\n\n<p>O <strong>guidance da Gol<\/strong> foi divulgado por meio de atualiza\u00e7\u00e3o ao investidor arquivada na manh\u00e3 desta segunda-feira (11) na <a class=\"suno-keyword\" href=\"https:\/\/www.suno.com.br\/artigos\/cvm\/\" target=\"_blank\" rel=\"noopener\" data-force=\"no\" data-priority=\"2\">Comiss\u00e3o de Valores Mobili\u00e1rios (CVM)<\/a>.<\/p>\n<p>Reagindo aos n\u00fameros, os investidores penalizam as\u00a0<strong>a\u00e7\u00f5es da Gol<\/strong> com uma press\u00e3o vendedora. Os <a href=\"https:\/\/statusinvest.com.br\/acoes\/goll4\">pap\u00e9is <strong>GOLL4<\/strong><\/a> fecharam em queda de 11,79% e lideraram baixas no Ibovespa.<\/p>\n<p>Vale lembrar que a companhia soma uma baixa de 17,4% somente nos \u00faltimos 30 dias.<\/p>\n<p>Ainda segundo o documento de guidance da Gol, a companhia cita que a <a class=\"suno-keyword\" href=\"https:\/\/www.suno.com.br\/artigos\/margem-ebitda\/\" target=\"_blank\" rel=\"noopener\" data-force=\"no\" data-priority=\"1\">margem EBITDA<\/a> no 2T22 est\u00e1 estimada em aproximadamente 10%.<\/p>\n<p>&#8220;A receita unit\u00e1ria de passageiros (PRASK) esperada para o segundo trimestre \u00e9 maior em aproximadamente 50%, comparada ao mesmo per\u00edodo do ano anterior, impulsionada pela forte recupera\u00e7\u00e3o de viagens corporativas nas malhas dom\u00e9sticas e regionais da GOL e a retomada de viagens de lazer na malha internacional&#8221;, diz o documento arquivado na CVM.<\/p>\n<p>A <strong>companhia a\u00e9rea<\/strong> aponta que a receita da Smiles foi maior em 48% em compara\u00e7\u00e3o ao mesmo per\u00edodo de 2019 com um crescimento na base de clientes de 25% versus 2T19.<\/p>\n<p>J\u00e1 a receita unit\u00e1ria total (RASK) tem um crescimento estimado em 40% neste mesmo per\u00edodo.<\/p>\n\t<p>\n\t\t<a href=\"https:\/\/lp.suno.com.br\/planilha-controle-gastos\/\" target=\"_blank\" data-element=\"shortcode-suno-banner\" title=\"Banner SUNO, clique e saiba mais\">\n\t\t\t<picture>\n\t\t\t\t<source media=\"(max-width: 500px)\" srcset=\"https:\/\/files.sunoresearch.com.br\/n\/uploads\/2023\/03\/400x300-Planilha-controle-de-gastos.png\">\n\t\t\t\t<img class=\"newsContent__article__imgCapa newsContent__article__imgCapa--banner\"\n\t\t\t\t\tsrc=\"https:\/\/files.sunoresearch.com.br\/n\/uploads\/2023\/03\/1420x240-Planilha-controle-de-gastos.png\"\n\t\t\t\t\tdata-promo-id=\"101751\"\t\t\t\t\t\t\t\t\t\twidth='1420' height='240'\t\t\t\t\talt=\"https:\/\/files.sunoresearch.com.br\/n\/uploads\/2023\/03\/1420x240-Planilha-controle-de-gastos.png\"\n\t\t\t\t>\n\t\t\t<\/picture>\n\t\t<\/a>\n\t<\/p>\n\n\n<p>Al\u00e9m disso, a <a class=\"suno-keyword\" href=\"https:\/\/www.suno.com.br\/artigos\/alavancagem-financeira\/\" target=\"_blank\" rel=\"noopener\" data-force=\"no\" data-priority=\"1\">alavancagem financeira<\/a> da Gol (raz\u00e3o entre <a class=\"suno-keyword\" href=\"https:\/\/www.suno.com.br\/artigos\/divida-liquida\/\" target=\"_blank\" rel=\"noopener\" data-force=\"no\" data-priority=\"1\">D\u00edvida L\u00edquida<\/a> e EBITDA) fechou em cerca de 10x no fim de junho. A liquidez total no final do trimestre est\u00e1 estimada em R$3,6 bilh\u00f5es, diz a Gol.<\/p>\n<p>Por sua vez, o custo unit\u00e1rio ex-combust\u00edvel (CASK Ex-combust\u00edvel) dever\u00e1 reduzir aproximadamente 40% no comparativo com o 2T21. A gest\u00e3o da Gol justifica que essa mudan\u00e7a deve se dar por conta do aumento de produtividade (ASKs. utiliza\u00e7\u00e3o de aeronaves e <a class=\"suno-keyword\" href=\"https:\/\/www.suno.com.br\/artigos\/eficiencia-operacional\/\" target=\"_blank\" rel=\"noopener\" data-force=\"no\" data-priority=\"1\">efici\u00eancia operacional<\/a>) e aprecia\u00e7\u00e3o da moeda brasileira versus o d\u00f3lar americano no per\u00edodo.<\/p>\n<p>&#8220;Os custos unit\u00e1rios com combust\u00edveis (CASK Combust\u00edvel) dever\u00e3o apresentar aumento de 73% comparativamente ao 2T21, impactado pelo aumento do <a class=\"suno-keyword\" href=\"https:\/\/www.suno.com.br\/artigos\/preco-medio\/\" target=\"_blank\" rel=\"noopener\" data-force=\"no\" data-priority=\"1\">pre\u00e7o m\u00e9dio<\/a> do querosene de avia\u00e7\u00e3o (QAV) em aproximadamente 80%, parcialmente compensado por uma redu\u00e7\u00e3o de aproximadamente 6% no consumo de combust\u00edvel por hora operada devido a maior parcela da frota composta pelas aeronaves 737-MAX&#8221;, diz o documento da Gol.<\/p>\n\t<p>\n\t\t<a href=\"https:\/\/lp.suno.com.br\/planilha-da-vida-financeira\/\" target=\"_blank\" data-element=\"shortcode-suno-banner\" title=\"Banner SUNO, clique e saiba mais\">\n\t\t\t<picture>\n\t\t\t\t<source media=\"(max-width: 500px)\" srcset=\"https:\/\/files.sunoresearch.com.br\/n\/uploads\/2023\/04\/400x300-Planilha-vida-financeira-true.png\">\n\t\t\t\t<img class=\"newsContent__article__imgCapa newsContent__article__imgCapa--banner\"\n\t\t\t\t\tsrc=\"https:\/\/files.sunoresearch.com.br\/n\/uploads\/2023\/04\/1420x240-Planilha-vida-financeira-true.png\"\n\t\t\t\t\tdata-promo-id=\"106682\"\t\t\t\t\t\t\t\t\t\twidth='1420' height='240'\t\t\t\t\talt=\"https:\/\/files.sunoresearch.com.br\/n\/uploads\/2023\/04\/1420x240-Planilha-vida-financeira-true.png\"\n\t\t\t\t>\n\t\t\t<\/picture>\n\t\t<\/a>\n\t<\/p>\n\n\n<h2>Veja os n\u00fameros da pr\u00e9via operacional da Gol<\/h2>\n<p>A <a href=\"https:\/\/www.suno.com.br\/noticias\/gol-goll4-btg-pactual-acoes-triplicam\/\">companhia teve um m\u00eas de junho em crescimento<\/a> e seguindo a retomada do setor a\u00e9reo, com uma oferta de assentos por quil\u00f4metros voados (ASK) aumentando em 68,6% na compara\u00e7\u00e3o com igual per\u00edodo do ano anterior, segundo documento publicado ainda na semana anterior.<\/p>\n<p>O total de assentos cresceu em 74,1% e o n\u00famero de decolagens subiu 79,6% no comparativo anual. Al\u00e9m disso, a demanda total (RPK) da GOL aumentou em 54% e a taxa de ocupa\u00e7\u00e3o foi 76,7%.<\/p>\n<p>A companhia a\u00e9rea destaca que a alta da oferta tamb\u00e9m ocorreu no mercado dom\u00e9stico, com crescimento do ASK em 55,6% ante 40,6% de alta na demanda (RPK).<\/p>\n<p>J\u00e1 a taxa de ocupa\u00e7\u00e3o dom\u00e9stica da Gol foi de 75,7%, enquanto o volume de decolagens aumentou 73,9% e o total de assentos cresceu 68,6%.<\/p>\n<p>A administra\u00e7\u00e3o da <strong>Gol<\/strong> n\u00e3o teceu coment\u00e1rios sobre os n\u00fameros na ocasi\u00e3o da divulga\u00e7\u00e3o.<\/p>\n\t<p>\n\t\t<a href=\"https:\/\/lp.suno.com.br\/ebook-como-analisar-uma-acao\/\" target=\"_blank\" data-element=\"shortcode-suno-banner\" title=\"Banner SUNO, clique e saiba mais\">\n\t\t\t<picture>\n\t\t\t\t<source media=\"(max-width: 500px)\" srcset=\"https:\/\/files.sunoresearch.com.br\/n\/uploads\/2023\/03\/Ebook-Acoes-Mobile-1.jpg\">\n\t\t\t\t<img class=\"newsContent__article__imgCapa newsContent__article__imgCapa--banner\"\n\t\t\t\t\tsrc=\"https:\/\/files.sunoresearch.com.br\/n\/uploads\/2023\/03\/Ebook-Acoes-Desktop-1.jpg\"\n\t\t\t\t\tdata-promo-id=\"171998\"\t\t\t\t\t\t\t\t\t\twidth='1420' height='286'\t\t\t\t\talt=\"https:\/\/files.sunoresearch.com.br\/n\/uploads\/2023\/03\/Ebook-Acoes-Desktop-1.jpg\"\n\t\t\t\t>\n\t\t\t<\/picture>\n\t\t<\/a>\n\t<\/p>\n\n\n","protected":false},"excerpt":{"rendered":"<p>A Gol (GOLL4) atualizou suas estimativas para o resultado do segundo trimestre de 2022 (2T22). Agora, a companhia a\u00e9rea projeta um preju\u00edzo por a\u00e7\u00e3o (LPA) de R$ 1,801, assim como um preju\u00edzo por a\u00e7\u00e3o deposit\u00e1ria americana (LPADS) de cerca de US$ 0,751. Recentemente a Gol (GOLL4) anunciou uma &#039;fus\u00e3o&#039; com a Avianca; entenda O guidance [&hellip;]<\/p>\n","protected":false},"author":73,"featured_media":17745,"comment_status":"closed","ping_status":"closed","sticky":false,"template":"","format":"standard","meta":[],"categories":[64],"tags":[489,74280],"suno_strategy":[],"class_list":["post-274905","post","type-post","status-publish","format-standard","has-post-thumbnail","hentry","category-negocios","tag-gol-linhas-aereas-goll11-goll4","tag-guidance"],"yoast_head":"<!-- This site is optimized with the Yoast SEO plugin v24.4 - https:\/\/yoast.com\/wordpress\/plugins\/seo\/ -->\n<title>Gol (GOLL4) estima preju\u00edzo de R$ 1,8 por a\u00e7\u00e3o e pap\u00e9is caem 6,8%<\/title>\n<meta name=\"description\" content=\"Com guidance rec\u00e9m publicado, a\u00e7\u00f5es da Gol caem no intradia do Ibovespa uma semana ap\u00f3s os n\u00fameros operacionais. Clique aqui e saiba mais!\" \/>\n<meta name=\"robots\" content=\"index, follow, max-snippet:-1, max-image-preview:large, max-video-preview:-1\" \/>\n<link rel=\"canonical\" href=\"https:\/\/www.suno.com.br\/noticias\/gol-goll4-acoes-caem-guidance\/\" \/>\n<meta property=\"og:locale\" content=\"pt_BR\" \/>\n<meta property=\"og:type\" content=\"article\" \/>\n<meta property=\"og:title\" content=\"Gol (GOLL4) estima preju\u00edzo de R$ 1,8 por a\u00e7\u00e3o e pap\u00e9is caem 6,8%\" \/>\n<meta property=\"og:description\" content=\"Com guidance rec\u00e9m publicado, a\u00e7\u00f5es da Gol caem no intradia do Ibovespa uma semana ap\u00f3s os n\u00fameros operacionais. Clique aqui e saiba mais!\" \/>\n<meta property=\"og:url\" content=\"https:\/\/www.suno.com.br\/noticias\/gol-goll4-acoes-caem-guidance\/\" \/>\n<meta property=\"og:site_name\" content=\"Suno Not\u00edcias\" \/>\n<meta property=\"article:publisher\" content=\"https:\/\/facebook.com\/sunoresearch\" \/>\n<meta property=\"og:image\" content=\"https:\/\/files.sunoresearch.com.br\/n\/uploads\/2019\/03\/1ef17a77-gol.jpg\" \/>\n\t<meta property=\"og:image:width\" content=\"1536\" \/>\n\t<meta property=\"og:image:height\" content=\"1024\" \/>\n\t<meta property=\"og:image:type\" content=\"image\/jpeg\" \/>\n<meta name=\"author\" content=\"Eduardo Vargas\" \/>\n<meta name=\"twitter:card\" content=\"summary_large_image\" \/>\n<meta name=\"twitter:creator\" content=\"@sunoresearch\" \/>\n<meta name=\"twitter:site\" content=\"@sunoresearch\" \/>\n<meta name=\"twitter:label1\" content=\"Escrito por\" \/>\n\t<meta name=\"twitter:data1\" content=\"Eduardo Vargas\" \/>\n\t<meta name=\"twitter:label2\" content=\"Est. tempo de leitura\" \/>\n\t<meta name=\"twitter:data2\" content=\"3 minutos\" \/>\n<script type=\"application\/ld+json\" class=\"yoast-schema-graph\">{\"@context\":\"https:\/\/schema.org\",\"@graph\":[{\"@type\":\"NewsArticle\",\"@id\":\"https:\/\/www.suno.com.br\/noticias\/gol-goll4-acoes-caem-guidance\/#article\",\"isPartOf\":{\"@id\":\"https:\/\/www.suno.com.br\/noticias\/gol-goll4-acoes-caem-guidance\/\"},\"author\":{\"name\":\"Eduardo Vargas\",\"@id\":\"https:\/\/www.suno.com.br\/noticias\/#\/schema\/person\/7f4d362bf3518e76090143ae77bb49a5\"},\"headline\":\"Gol (GOLL4) estima preju\u00edzo de R$ 1,8 por a\u00e7\u00e3o; pap\u00e9is caem 11,7% e lideram baixas no Ibovespa\",\"datePublished\":\"2022-07-11T14:32:29+00:00\",\"dateModified\":\"2022-07-11T20:46:24+00:00\",\"mainEntityOfPage\":{\"@id\":\"https:\/\/www.suno.com.br\/noticias\/gol-goll4-acoes-caem-guidance\/\"},\"wordCount\":599,\"publisher\":{\"@id\":\"https:\/\/www.suno.com.br\/noticias\/#organization\"},\"image\":{\"@id\":\"https:\/\/www.suno.com.br\/noticias\/gol-goll4-acoes-caem-guidance\/#primaryimage\"},\"thumbnailUrl\":\"https:\/\/files.sunoresearch.com.br\/n\/uploads\/2019\/03\/1ef17a77-gol-jpg.webp\",\"keywords\":[\"Gol Linhas A\u00e9reas (GOLL11\/GOLL4)\",\"guidance\"],\"articleSection\":[\"Neg\u00f3cios\"],\"inLanguage\":\"pt-BR\"},{\"@type\":\"WebPage\",\"@id\":\"https:\/\/www.suno.com.br\/noticias\/gol-goll4-acoes-caem-guidance\/\",\"url\":\"https:\/\/www.suno.com.br\/noticias\/gol-goll4-acoes-caem-guidance\/\",\"name\":\"Gol (GOLL4) estima preju\u00edzo de R$ 1,8 por a\u00e7\u00e3o e pap\u00e9is caem 6,8%\",\"isPartOf\":{\"@id\":\"https:\/\/www.suno.com.br\/noticias\/#website\"},\"primaryImageOfPage\":{\"@id\":\"https:\/\/www.suno.com.br\/noticias\/gol-goll4-acoes-caem-guidance\/#primaryimage\"},\"image\":{\"@id\":\"https:\/\/www.suno.com.br\/noticias\/gol-goll4-acoes-caem-guidance\/#primaryimage\"},\"thumbnailUrl\":\"https:\/\/files.sunoresearch.com.br\/n\/uploads\/2019\/03\/1ef17a77-gol-jpg.webp\",\"datePublished\":\"2022-07-11T14:32:29+00:00\",\"dateModified\":\"2022-07-11T20:46:24+00:00\",\"description\":\"Com guidance rec\u00e9m publicado, a\u00e7\u00f5es da Gol caem no intradia do Ibovespa uma semana ap\u00f3s os n\u00fameros operacionais. Clique aqui e saiba mais!\",\"breadcrumb\":{\"@id\":\"https:\/\/www.suno.com.br\/noticias\/gol-goll4-acoes-caem-guidance\/#breadcrumb\"},\"inLanguage\":\"pt-BR\",\"potentialAction\":[{\"@type\":\"ReadAction\",\"target\":[\"https:\/\/www.suno.com.br\/noticias\/gol-goll4-acoes-caem-guidance\/\"]}]},{\"@type\":\"ImageObject\",\"inLanguage\":\"pt-BR\",\"@id\":\"https:\/\/www.suno.com.br\/noticias\/gol-goll4-acoes-caem-guidance\/#primaryimage\",\"url\":\"https:\/\/files.sunoresearch.com.br\/n\/uploads\/2019\/03\/1ef17a77-gol-jpg.webp\",\"contentUrl\":\"https:\/\/files.sunoresearch.com.br\/n\/uploads\/2019\/03\/1ef17a77-gol-jpg.webp\",\"width\":1536,\"height\":1024,\"caption\":\"A Gol (GOLL4) aprovou a cria\u00e7\u00e3o de uma holding com a Avianca, e companhia pode ter capital fechado\"},{\"@type\":\"BreadcrumbList\",\"@id\":\"https:\/\/www.suno.com.br\/noticias\/gol-goll4-acoes-caem-guidance\/#breadcrumb\",\"itemListElement\":[{\"@type\":\"ListItem\",\"position\":1,\"name\":\"Not\u00edcias\",\"item\":\"https:\/\/www.suno.com.br\/noticias\/\"},{\"@type\":\"ListItem\",\"position\":2,\"name\":\"Neg\u00f3cios\",\"item\":\"https:\/\/www.suno.com.br\/noticias\/negocios\/\"},{\"@type\":\"ListItem\",\"position\":3,\"name\":\"Gol (GOLL4) estima preju\u00edzo de R$ 1,8 por a\u00e7\u00e3o; pap\u00e9is caem 11,7% e lideram baixas no Ibovespa\"}]},{\"@type\":\"WebSite\",\"@id\":\"https:\/\/www.suno.com.br\/noticias\/#website\",\"url\":\"https:\/\/www.suno.com.br\/noticias\/\",\"name\":\"Suno Not\u00edcias\",\"description\":\"Seu portal de informa\u00e7\u00e3o sobre o mundo dos investimentos\",\"publisher\":{\"@id\":\"https:\/\/www.suno.com.br\/noticias\/#organization\"},\"potentialAction\":[{\"@type\":\"SearchAction\",\"target\":{\"@type\":\"EntryPoint\",\"urlTemplate\":\"https:\/\/www.suno.com.br\/noticias\/?s={search_term_string}\"},\"query-input\":{\"@type\":\"PropertyValueSpecification\",\"valueRequired\":true,\"valueName\":\"search_term_string\"}}],\"inLanguage\":\"pt-BR\"},{\"@type\":\"Organization\",\"@id\":\"https:\/\/www.suno.com.br\/noticias\/#organization\",\"name\":\"Suno Not\u00edcias\",\"url\":\"https:\/\/www.suno.com.br\/noticias\/\",\"logo\":{\"@type\":\"ImageObject\",\"inLanguage\":\"pt-BR\",\"@id\":\"https:\/\/www.suno.com.br\/noticias\/#\/schema\/logo\/image\/\",\"url\":\"https:\/\/files.sunoresearch.com.br\/n\/uploads\/2021\/09\/suno-logo.png\",\"contentUrl\":\"https:\/\/files.sunoresearch.com.br\/n\/uploads\/2021\/09\/suno-logo.png\",\"width\":180,\"height\":180,\"caption\":\"Suno Not\u00edcias\"},\"image\":{\"@id\":\"https:\/\/www.suno.com.br\/noticias\/#\/schema\/logo\/image\/\"},\"sameAs\":[\"https:\/\/facebook.com\/sunoresearch\",\"https:\/\/x.com\/sunoresearch\",\"https:\/\/www.instagram.com\/suno\",\"https:\/\/www.linkedin.com\/company\/suno-research\/\",\"https:\/\/www.youtube.com\/c\/sunoresearch\"]},{\"@type\":\"Person\",\"@id\":\"https:\/\/www.suno.com.br\/noticias\/#\/schema\/person\/7f4d362bf3518e76090143ae77bb49a5\",\"name\":\"Eduardo Vargas\",\"image\":{\"@type\":\"ImageObject\",\"inLanguage\":\"pt-BR\",\"@id\":\"https:\/\/www.suno.com.br\/noticias\/#\/schema\/person\/image\/\",\"url\":\"https:\/\/secure.gravatar.com\/avatar\/dac340933427a22924c9f99d1eb2e3f2?s=96&r=g\",\"contentUrl\":\"https:\/\/secure.gravatar.com\/avatar\/dac340933427a22924c9f99d1eb2e3f2?s=96&r=g\",\"caption\":\"Eduardo Vargas\"},\"description\":\"Jornalista formado pela UFSC, cobre macroeconomia, neg\u00f3cios e startups para o Suno Not\u00edcias, escrevendo principalmente not\u00edcias sobre o mercado financeiro e a bolsa de valores. No YouTube e no Instagram, \u00e9 respons\u00e1vel pela produ\u00e7\u00e3o de Reels e Shorts do Suno Not\u00edcias. Anteriormente, trabalhou cobrindo economia e cotidiano no ND+ e para o ND, maior jornal impresso de Santa Catarina. Cursou um semestre letivo de Estudos de M\u00eddia na Universidad de Buenos Aires.\",\"url\":\"https:\/\/www.suno.com.br\/noticias\/author\/eduardo-vargas\/\"}]}<\/script>\n<!-- \/ Yoast SEO plugin. -->","yoast_head_json":{"title":"Gol (GOLL4) estima preju\u00edzo de R$ 1,8 por a\u00e7\u00e3o e pap\u00e9is caem 6,8%","description":"Com guidance rec\u00e9m publicado, a\u00e7\u00f5es da Gol caem no intradia do Ibovespa uma semana ap\u00f3s os n\u00fameros operacionais. Clique aqui e saiba mais!","robots":{"index":"index","follow":"follow","max-snippet":"max-snippet:-1","max-image-preview":"max-image-preview:large","max-video-preview":"max-video-preview:-1"},"canonical":"https:\/\/www.suno.com.br\/noticias\/gol-goll4-acoes-caem-guidance\/","og_locale":"pt_BR","og_type":"article","og_title":"Gol (GOLL4) estima preju\u00edzo de R$ 1,8 por a\u00e7\u00e3o e pap\u00e9is caem 6,8%","og_description":"Com guidance rec\u00e9m publicado, a\u00e7\u00f5es da Gol caem no intradia do Ibovespa uma semana ap\u00f3s os n\u00fameros operacionais. Clique aqui e saiba mais!","og_url":"https:\/\/www.suno.com.br\/noticias\/gol-goll4-acoes-caem-guidance\/","og_site_name":"Suno Not\u00edcias","article_publisher":"https:\/\/facebook.com\/sunoresearch","og_image":[{"width":1536,"height":1024,"url":"https:\/\/files.sunoresearch.com.br\/n\/uploads\/2019\/03\/1ef17a77-gol.jpg","type":"image\/jpeg"}],"author":"Eduardo Vargas","twitter_card":"summary_large_image","twitter_creator":"@sunoresearch","twitter_site":"@sunoresearch","twitter_misc":{"Escrito por":"Eduardo Vargas","Est. tempo de leitura":"3 minutos"},"schema":{"@context":"https:\/\/schema.org","@graph":[{"@type":"NewsArticle","@id":"https:\/\/www.suno.com.br\/noticias\/gol-goll4-acoes-caem-guidance\/#article","isPartOf":{"@id":"https:\/\/www.suno.com.br\/noticias\/gol-goll4-acoes-caem-guidance\/"},"author":{"name":"Eduardo Vargas","@id":"https:\/\/www.suno.com.br\/noticias\/#\/schema\/person\/7f4d362bf3518e76090143ae77bb49a5"},"headline":"Gol (GOLL4) estima preju\u00edzo de R$ 1,8 por a\u00e7\u00e3o; pap\u00e9is caem 11,7% e lideram baixas no Ibovespa","datePublished":"2022-07-11T14:32:29+00:00","dateModified":"2022-07-11T20:46:24+00:00","mainEntityOfPage":{"@id":"https:\/\/www.suno.com.br\/noticias\/gol-goll4-acoes-caem-guidance\/"},"wordCount":599,"publisher":{"@id":"https:\/\/www.suno.com.br\/noticias\/#organization"},"image":{"@id":"https:\/\/www.suno.com.br\/noticias\/gol-goll4-acoes-caem-guidance\/#primaryimage"},"thumbnailUrl":"https:\/\/files.sunoresearch.com.br\/n\/uploads\/2019\/03\/1ef17a77-gol-jpg.webp","keywords":["Gol Linhas A\u00e9reas (GOLL11\/GOLL4)","guidance"],"articleSection":["Neg\u00f3cios"],"inLanguage":"pt-BR"},{"@type":"WebPage","@id":"https:\/\/www.suno.com.br\/noticias\/gol-goll4-acoes-caem-guidance\/","url":"https:\/\/www.suno.com.br\/noticias\/gol-goll4-acoes-caem-guidance\/","name":"Gol (GOLL4) estima preju\u00edzo de R$ 1,8 por a\u00e7\u00e3o e pap\u00e9is caem 6,8%","isPartOf":{"@id":"https:\/\/www.suno.com.br\/noticias\/#website"},"primaryImageOfPage":{"@id":"https:\/\/www.suno.com.br\/noticias\/gol-goll4-acoes-caem-guidance\/#primaryimage"},"image":{"@id":"https:\/\/www.suno.com.br\/noticias\/gol-goll4-acoes-caem-guidance\/#primaryimage"},"thumbnailUrl":"https:\/\/files.sunoresearch.com.br\/n\/uploads\/2019\/03\/1ef17a77-gol-jpg.webp","datePublished":"2022-07-11T14:32:29+00:00","dateModified":"2022-07-11T20:46:24+00:00","description":"Com guidance rec\u00e9m publicado, a\u00e7\u00f5es da Gol caem no intradia do Ibovespa uma semana ap\u00f3s os n\u00fameros operacionais. Clique aqui e saiba mais!","breadcrumb":{"@id":"https:\/\/www.suno.com.br\/noticias\/gol-goll4-acoes-caem-guidance\/#breadcrumb"},"inLanguage":"pt-BR","potentialAction":[{"@type":"ReadAction","target":["https:\/\/www.suno.com.br\/noticias\/gol-goll4-acoes-caem-guidance\/"]}]},{"@type":"ImageObject","inLanguage":"pt-BR","@id":"https:\/\/www.suno.com.br\/noticias\/gol-goll4-acoes-caem-guidance\/#primaryimage","url":"https:\/\/files.sunoresearch.com.br\/n\/uploads\/2019\/03\/1ef17a77-gol-jpg.webp","contentUrl":"https:\/\/files.sunoresearch.com.br\/n\/uploads\/2019\/03\/1ef17a77-gol-jpg.webp","width":1536,"height":1024,"caption":"A Gol (GOLL4) aprovou a cria\u00e7\u00e3o de uma holding com a Avianca, e companhia pode ter capital fechado"},{"@type":"BreadcrumbList","@id":"https:\/\/www.suno.com.br\/noticias\/gol-goll4-acoes-caem-guidance\/#breadcrumb","itemListElement":[{"@type":"ListItem","position":1,"name":"Not\u00edcias","item":"https:\/\/www.suno.com.br\/noticias\/"},{"@type":"ListItem","position":2,"name":"Neg\u00f3cios","item":"https:\/\/www.suno.com.br\/noticias\/negocios\/"},{"@type":"ListItem","position":3,"name":"Gol (GOLL4) estima preju\u00edzo de R$ 1,8 por a\u00e7\u00e3o; pap\u00e9is caem 11,7% e lideram baixas no Ibovespa"}]},{"@type":"WebSite","@id":"https:\/\/www.suno.com.br\/noticias\/#website","url":"https:\/\/www.suno.com.br\/noticias\/","name":"Suno Not\u00edcias","description":"Seu portal de informa\u00e7\u00e3o sobre o mundo dos investimentos","publisher":{"@id":"https:\/\/www.suno.com.br\/noticias\/#organization"},"potentialAction":[{"@type":"SearchAction","target":{"@type":"EntryPoint","urlTemplate":"https:\/\/www.suno.com.br\/noticias\/?s={search_term_string}"},"query-input":{"@type":"PropertyValueSpecification","valueRequired":true,"valueName":"search_term_string"}}],"inLanguage":"pt-BR"},{"@type":"Organization","@id":"https:\/\/www.suno.com.br\/noticias\/#organization","name":"Suno Not\u00edcias","url":"https:\/\/www.suno.com.br\/noticias\/","logo":{"@type":"ImageObject","inLanguage":"pt-BR","@id":"https:\/\/www.suno.com.br\/noticias\/#\/schema\/logo\/image\/","url":"https:\/\/files.sunoresearch.com.br\/n\/uploads\/2021\/09\/suno-logo.png","contentUrl":"https:\/\/files.sunoresearch.com.br\/n\/uploads\/2021\/09\/suno-logo.png","width":180,"height":180,"caption":"Suno Not\u00edcias"},"image":{"@id":"https:\/\/www.suno.com.br\/noticias\/#\/schema\/logo\/image\/"},"sameAs":["https:\/\/facebook.com\/sunoresearch","https:\/\/x.com\/sunoresearch","https:\/\/www.instagram.com\/suno","https:\/\/www.linkedin.com\/company\/suno-research\/","https:\/\/www.youtube.com\/c\/sunoresearch"]},{"@type":"Person","@id":"https:\/\/www.suno.com.br\/noticias\/#\/schema\/person\/7f4d362bf3518e76090143ae77bb49a5","name":"Eduardo Vargas","image":{"@type":"ImageObject","inLanguage":"pt-BR","@id":"https:\/\/www.suno.com.br\/noticias\/#\/schema\/person\/image\/","url":"https:\/\/secure.gravatar.com\/avatar\/dac340933427a22924c9f99d1eb2e3f2?s=96&r=g","contentUrl":"https:\/\/secure.gravatar.com\/avatar\/dac340933427a22924c9f99d1eb2e3f2?s=96&r=g","caption":"Eduardo Vargas"},"description":"Jornalista formado pela UFSC, cobre macroeconomia, neg\u00f3cios e startups para o Suno Not\u00edcias, escrevendo principalmente not\u00edcias sobre o mercado financeiro e a bolsa de valores. No YouTube e no Instagram, \u00e9 respons\u00e1vel pela produ\u00e7\u00e3o de Reels e Shorts do Suno Not\u00edcias. Anteriormente, trabalhou cobrindo economia e cotidiano no ND+ e para o ND, maior jornal impresso de Santa Catarina. Cursou um semestre letivo de Estudos de M\u00eddia na Universidad de Buenos Aires.","url":"https:\/\/www.suno.com.br\/noticias\/author\/eduardo-vargas\/"}]}},"default_loop_html":"<div class=\"cardsPage__listCard__boxs\"><div class=\"cardsPage__listCard__boxs__img\"><a href=\"https:\/\/www.suno.com.br\/noticias\/gol-goll4-acoes-caem-guidance\/\"><img class=\"mask\" src=\"https:\/\/www.suno.com.br\/noticias\/wp-content\/themes\/suno\/resources\/images\/spotlight\/spotlight1img\/bg-mask.png\" alt=\"Image Mask\"\/><img src=\"https:\/\/files.sunoresearch.com.br\/n\/uploads\/2019\/03\/1ef17a77-gol-400x200.webp\" alt=\"Gol (GOLL4) estima preju\u00edzo de R$ 1,8 por a\u00e7\u00e3o; pap\u00e9is caem 11,7% e lideram baixas no Ibovespa\"\/><\/a><span class=\"spotlightCategory\"><a href=\"https:\/\/www.suno.com.br\/noticias\/negocios\/\">Neg\u00f3cios<\/a><\/span><\/div><div class=\"cardsPage__listCard__boxs__content\"><a href=\"https:\/\/www.suno.com.br\/noticias\/gol-goll4-acoes-caem-guidance\/\"><h2 class=\"content__title\">Gol (GOLL4) estima preju\u00edzo de R$ 1,8 por a\u00e7\u00e3o; pap\u00e9is caem 11,7% e lideram baixas no Ibovespa<\/h2><\/a><div class=\"newsContent__article__meta\"><div class=\"newsContent__article__meta__authorBox\"><a href=\"https:\/\/www.suno.com.br\/noticias\/author\/eduardo-vargas\/\" class=\"authorBox__avatar noMobi\"><img src=\"https:\/\/secure.gravatar.com\/avatar\/dac340933427a22924c9f99d1eb2e3f2?s=96&#038;r=g\" alt=\"Eduardo Vargas\"><\/a><div class=\"authorBox__name\"><span>por\n\t\t\t<a href=\"https:\/\/www.suno.com.br\/noticias\/author\/eduardo-vargas\/\"><span itemprop=\"author\">Eduardo Vargas<\/span><\/a><\/span><time datetime=\"2022-07-11T11:32:29-03:00\" itemprop=\"datePublished\">11\/07\/2022 11:32<\/time><\/div><\/div><\/div><\/div><\/div>","single_layout":"posts","amp_enabled":true,"_links":{"self":[{"href":"https:\/\/www.suno.com.br\/noticias\/wp-json\/wp\/v2\/posts\/274905"}],"collection":[{"href":"https:\/\/www.suno.com.br\/noticias\/wp-json\/wp\/v2\/posts"}],"about":[{"href":"https:\/\/www.suno.com.br\/noticias\/wp-json\/wp\/v2\/types\/post"}],"author":[{"embeddable":true,"href":"https:\/\/www.suno.com.br\/noticias\/wp-json\/wp\/v2\/users\/73"}],"replies":[{"embeddable":true,"href":"https:\/\/www.suno.com.br\/noticias\/wp-json\/wp\/v2\/comments?post=274905"}],"version-history":[{"count":3,"href":"https:\/\/www.suno.com.br\/noticias\/wp-json\/wp\/v2\/posts\/274905\/revisions"}],"predecessor-version":[{"id":275052,"href":"https:\/\/www.suno.com.br\/noticias\/wp-json\/wp\/v2\/posts\/274905\/revisions\/275052"}],"wp:featuredmedia":[{"embeddable":true,"href":"https:\/\/www.suno.com.br\/noticias\/wp-json\/wp\/v2\/media\/17745"}],"wp:attachment":[{"href":"https:\/\/www.suno.com.br\/noticias\/wp-json\/wp\/v2\/media?parent=274905"}],"wp:term":[{"taxonomy":"category","embeddable":true,"href":"https:\/\/www.suno.com.br\/noticias\/wp-json\/wp\/v2\/categories?post=274905"},{"taxonomy":"post_tag","embeddable":true,"href":"https:\/\/www.suno.com.br\/noticias\/wp-json\/wp\/v2\/tags?post=274905"},{"taxonomy":"suno_strategy","embeddable":true,"href":"https:\/\/www.suno.com.br\/noticias\/wp-json\/wp\/v2\/suno_strategy?post=274905"}],"curies":[{"name":"wp","href":"https:\/\/api.w.org\/{rel}","templated":true}]}}