{"id":274876,"date":"2022-07-11T10:15:20","date_gmt":"2022-07-11T13:15:20","guid":{"rendered":"https:\/\/www.suno.com.br\/noticias\/?p=274876"},"modified":"2022-07-11T10:26:26","modified_gmt":"2022-07-11T13:26:26","slug":"vale-vale3-eletrobras-elet3-destaques-mercado","status":"publish","type":"post","link":"https:\/\/www.suno.com.br\/noticias\/vale-vale3-eletrobras-elet3-destaques-mercado\/","title":{"rendered":"Vale (VALE3) e Eletrobras (ELET3) s\u00e3o destaques do mercado financeiro"},"content":{"rendered":"<p>Entre os destaques do mercado financeiro desta segunda-feira (11) est\u00e1 o esclarecimento da <a href=\"https:\/\/www.suno.com.br\/acoes\/vale3\/\" target=\"_blank\" rel=\"noopener\"><strong>Vale<\/strong> (VALE3)<\/a> a respeito de uma not\u00edcia veiculada pela imprensa na semana passada, em que a <a href=\"https:\/\/www.suno.com.br\/acoes\/cmig4\/\" target=\"_blank\" rel=\"noopener\">Cemig (CMIG4)<\/a> teria acusado a companhia de minera\u00e7\u00e3o de um poss\u00edvel calote no valor de R$ 781 milh\u00f5es.<\/p><div class=\"videoFull videoFull--noRadius\">\n\t\t\t<div class=\"videoWrapper yt-lazyload center\"\n\t\t\t\tdata-width=\"960\"\n\t\t\t\tdata-height=\"540\"\n\t\t\t\tdata-id=\"MVijElp5SR8\"\n\t\t\t\tdata-alt=\"Veja o Morning Call desta segunda (11\/07)\"\n\t\t\t\tdata-logo=\"3\"\n\t\t\t\tdata-imagequality=\"maxres\">\n\t\t\t<\/div>\n\t\t<\/div><span class=\"videoFull__caption videoFull__caption--show\">Veja o Morning Call desta segunda (11\/07)<p><\/p><\/span><script type=\"application\/ld+json\">{\"@context\":\"https:\/\/schema.org\",\"@type\":\"VideoObject\",\"name\":\"Covid na China volta a preocupar | Funcion\u00e1rios da Petrobras (PETR4) amea\u00e7am greve | Boletim Focus\",\"description\":\"\ud83d\udcca \ud835\udc00\ud835\udc29\ud835\udc2b\ud835\udc1e\ud835\udc27\ud835\udc1d\ud835\udc1a \ud835\udc1c\ud835\udc28\ud835\udc26\ud835\udc28 \ud835\udc1a\ud835\udc27\ud835\udc1a\ud835\udc25\ud835\udc22\ud835\udc2c\ud835\udc1a\ud835\udc2b \ud835\udc2e\ud835\udc26\ud835\udc1a \ud835\udc1a\u00e7\u00e3\ud835\udc28 [\ud835\udc04\ud835\udc01\ud835\udc0e\ud835\udc0e\ud835\udc0a \ud835\udc06\ud835\udc11\ud835\udc00\ud835\udc13\ud835\udc14\ud835\udc08\ud835\udc13\ud835\udc0e] \ud83d\udc49 https:\/\/lp.suno.com.br\/ebook-como-analisar-uma-acao\/?utm_source=youtube.noticias&utm_medium=video&utm_campaign=ebookcomoanalisarumaacao.20220307&utm_content= \ud83d\udcda [\ud835\udc04-\ud835\udc1b\ud835\udc28\ud835\udc28\ud835\udc24 \ud835\udc06\ud835\udc2b\ud835\udc1a\ud835\udc2d\ud835\udc2e\ud835\udc22\ud835\udc2d\ud835\udc28] \ud835\udc06\ud835\udc2e\ud835\udc22\ud835\udc1a \ud835\udc02\ud835\udc28\ud835\udc26\ud835\udc29\ud835\udc25\ud835\udc1e\ud835\udc2d\ud835\udc28: \ud835\udc03\ud835\udc22\ud835\udc2f\ud835\udc22\ud835\udc1d\ud835\udc1e\ud835\udc27\ud835\udc1d\ud835\udc28\ud835\udc2c: https:\/\/lp.suno.com.br\/lm\/ebook\/guia-completo-dividendos\/?utm_source=youtube.noticias&utm_medium=video&utm_campaign=ebook-guiacompleto:dividendos.20220315&utm_content= Covid na China volta a preocupar | Funcion\u00e1rios da Petrobras (PETR4) amea\u00e7am greve | Boletim Focus | MORNING CALL | 11\/07 | Segunda-feira #China #Recess\u00e3o #PETR4 #PTER3 #Greve #Ibovespa #D\u00f3lar #sunonot\u00edcias #MorningCall Nesta segunda-feira (11) os mercados deram\u2026\",\"duration\":\"PT26M40S\",\"embedUrl\":\"https:\/\/www.youtube.com\/embed\/MVijElp5SR8\",\"regionsAllowed\":\"pt-BR\",\"interactionStatistic\":{\"@type\":\"InteractionCounter\",\"interactionType\":{\"@type\":\"WatchAction\"},\"userInteractionCount\":3017},\"thumbnailUrl\":\"https:\/\/i.ytimg.com\/vi\/MVijElp5SR8\/default.jpg\",\"uploadDate\":\"2022-07-11T12:30:41Z\"}<\/script>\n\n\t<p>\n\t\t<a href=\"\" target=\"_blank\" data-element=\"shortcode-suno-banner\" title=\"Banner SUNO, clique e saiba mais\">\n\t\t\t<picture>\n\t\t\t\t<source media=\"(max-width: 500px)\" srcset=\"\">\n\t\t\t\t<img class=\"newsContent__article__imgCapa newsContent__article__imgCapa--banner\"\n\t\t\t\t\tsrc=\"\"\n\t\t\t\t\tdata-promo-id=\"138420\"\t\t\t\t\t\t\t\t\t\t\t\t\t\t\talt=\"\"\n\t\t\t\t>\n\t\t\t<\/picture>\n\t\t<\/a>\n\t<\/p>\n\n\n<p>Tamb\u00e9m chama a aten\u00e7\u00e3o do mercado a nova composi\u00e7\u00e3o do <a href=\"https:\/\/www.suno.com.br\/artigos\/conselho-administracao\/\" target=\"_blank\" rel=\"noopener\">conselho de administra\u00e7\u00e3o<\/a> da Madeira Energia, ap\u00f3s a <a href=\"https:\/\/www.suno.com.br\/acoes\/elet3\/\" target=\"_blank\" rel=\"noopener\"><strong>Eletrobras<\/strong> (ELET3)<\/a> ter assumido o controle da empresa.<\/p>\n<p>Outro assunto que agita o mercado financeiro \u00e9 a aprova\u00e7\u00e3o dos acionistas da <a href=\"https:\/\/www.suno.com.br\/acoes\/gett11\/\" target=\"_blank\" rel=\"noopener\"><strong>GetNet<\/strong> (GETT11)<\/a> para que a <a href=\"https:\/\/www.suno.com.br\/artigos\/b3\/\" target=\"_blank\" rel=\"noopener\">companhia saia da B3<\/a> e da <a href=\"https:\/\/www.suno.com.br\/artigos\/nasdaq\/\" target=\"_blank\" rel=\"noopener\">Nasdaq<\/a>.<\/p>\n\t<div data-element=\"shortcode-read-more\" class=\"knowMore\">\n\t\t\t\t<span class=\"knowMore__title\">Leia mais:<\/span>\n\t\t\t\t<a class=\"knowMore__link\" href=\"https:\/\/www.suno.com.br\/noticias\/vale-vale3-bofa-fator-china-desaceleracao\/\">\n\t\t\tVale (VALE3): BofA corta pre\u00e7o-alvo da a\u00e7\u00e3o e do ADR; veja os motivos\t\t<\/a>\n\t<\/div>\n\n\n<p>Veja os <strong>destaques do mercado financeiro<\/strong> de hoje (11):<\/p>\n<h2>Vale esclarece sobre poss\u00edvel calote de R$ 781 milh\u00f5es<\/h2>\n<p>A Vale disse que cumpre integralmente o Termo de Transa\u00e7\u00e3o e Ajustamento de Conduta (TTAC) referente ao rompimento da barragem de Fund\u00e3o.<\/p>\n<p>Segundo a <strong>empresa de minera\u00e7\u00e3o<\/strong>, o TTAC n\u00e3o prev\u00ea sua responsabilidade direta com o Cons\u00f3rcio Candonga, com a Alian\u00e7a Gera\u00e7\u00e3o ou com a Cemig sobre os impactos sofridos pela paralisa\u00e7\u00e3o da Usina Hidrel\u00e9trica (UHE) Risoleta Neves.<\/p>\n<p>O <strong>esclarecimento da Vale<\/strong> ocorre ap\u00f3s a publica\u00e7\u00e3o de uma mat\u00e9ria do jornal Valor Econ\u00f4mico na \u00faltima quinta-feira (7), informando que a Cemig estaria acusando a companhia de minera\u00e7\u00e3o de n\u00e3o ter realizado o pagamento de R$ 781 milh\u00f5es para ressarcir os danos causados \u00e0 usina, conforme o compromisso que teria sido firmado em setembro de 2021.<\/p>\n\t<p>\n\t\t<a href=\"https:\/\/lp.suno.com.br\/planilha-controle-gastos\/\" target=\"_blank\" data-element=\"shortcode-suno-banner\" title=\"Banner SUNO, clique e saiba mais\">\n\t\t\t<picture>\n\t\t\t\t<source media=\"(max-width: 500px)\" srcset=\"https:\/\/files.sunoresearch.com.br\/n\/uploads\/2023\/03\/400x300-Planilha-controle-de-gastos.png\">\n\t\t\t\t<img class=\"newsContent__article__imgCapa newsContent__article__imgCapa--banner\"\n\t\t\t\t\tsrc=\"https:\/\/files.sunoresearch.com.br\/n\/uploads\/2023\/03\/1420x240-Planilha-controle-de-gastos.png\"\n\t\t\t\t\tdata-promo-id=\"101751\"\t\t\t\t\t\t\t\t\t\twidth='1420' height='240'\t\t\t\t\talt=\"https:\/\/files.sunoresearch.com.br\/n\/uploads\/2023\/03\/1420x240-Planilha-controle-de-gastos.png\"\n\t\t\t\t>\n\t\t\t<\/picture>\n\t\t<\/a>\n\t<\/p>\n\n\n<p>A Vale afirma que o compromisso proposto pela companhia \u00e0 Ag\u00eancia Nacional de Energia El\u00e9trica (Aneel) previa a neutraliza\u00e7\u00e3o dos repasses financeiros da perda de gera\u00e7\u00e3o da UHE Risoleta Neves.<\/p>\n<p>Por\u00e9m, no processo de an\u00e1lise da Aneel, o Superior Tribunal de Justi\u00e7a (STJ) tomou a decis\u00e3o de suspender a senten\u00e7a judicial que era favor\u00e1vel ao Cons\u00f3rcio Candonga, que trazia a perman\u00eancia da UHE Risoleta Neves no Mecanismo de Realoca\u00e7\u00e3o de Energia (MRE).<\/p>\n<p>Ap\u00f3s isso, a C\u00e2mara de Comercializa\u00e7\u00e3o de Energia El\u00e9trica (CCEE) solicitou ao Cons\u00f3rcio Candonga o montante devido ao MRE, que segundo a Vale, teria sido quitado pelos <a href=\"https:\/\/www.suno.com.br\/artigos\/consorcio\/\" target=\"_blank\" rel=\"noopener\">membros do cons\u00f3rcio<\/a> e tiveram reconhecimento da CCEE.<\/p>\n<p>A Vale ainda acrescenta em seu comunicado que o &#8220;compromisso proposto pela Vale n\u00e3o interferiria na discuss\u00e3o judicial entre o Cons\u00f3rcio e a Aneel sobre o MRE e, tampouco, conferiria direitos de ressarcimento ao Cons\u00f3rcio, \u00e0 Alian\u00e7a ou \u00e0 Cemig&#8221;.<\/p>\n<h2>Madeira Energia tem novo conselho de administra\u00e7\u00e3o, ap\u00f3s Eletrobras assumir o controle<\/h2>\n<p>Al\u00e9m da Vale, outro assunto de <strong>destaque no mercado<\/strong> \u00e9 o novo conselho de administra\u00e7\u00e3o da Madeira Energia, ap\u00f3s a Eletrobras ter assumido o controle da empresa.<\/p>\n<p>A Eletrobras informou que foi assinado por Furnas Centrais El\u00e9tricas na \u00faltima sexta-feira (8) o Distrato do Acordo de Acionistas da Madeira Energia.<\/p>\n\t<p>\n\t\t<a href=\"https:\/\/lp.suno.com.br\/planilha-da-vida-financeira\/\" target=\"_blank\" data-element=\"shortcode-suno-banner\" title=\"Banner SUNO, clique e saiba mais\">\n\t\t\t<picture>\n\t\t\t\t<source media=\"(max-width: 500px)\" srcset=\"https:\/\/files.sunoresearch.com.br\/n\/uploads\/2023\/04\/400x300-Planilha-vida-financeira-true.png\">\n\t\t\t\t<img class=\"newsContent__article__imgCapa newsContent__article__imgCapa--banner\"\n\t\t\t\t\tsrc=\"https:\/\/files.sunoresearch.com.br\/n\/uploads\/2023\/04\/1420x240-Planilha-vida-financeira-true.png\"\n\t\t\t\t\tdata-promo-id=\"106682\"\t\t\t\t\t\t\t\t\t\twidth='1420' height='240'\t\t\t\t\talt=\"https:\/\/files.sunoresearch.com.br\/n\/uploads\/2023\/04\/1420x240-Planilha-vida-financeira-true.png\"\n\t\t\t\t>\n\t\t\t<\/picture>\n\t\t<\/a>\n\t<\/p>\n\n\n<p>A Eletrobras tamb\u00e9m disse que foi realizada a Assembleia Geral Extraordin\u00e1ria da MESA para eleger o novo conselho de administra\u00e7\u00e3o. A Madeira Energia \u00e9 uma Sociedade de Prop\u00f3sito Espec\u00edfico (SPE) e \u00e9 respons\u00e1vel por usinas hidrel\u00e9tricas do Rio Madeira, localizado em Rond\u00f4nia.<\/p>\n<p>O Conselho de Administra\u00e7\u00e3o da MESA \u00e9 composto por 11 integrantes, dos quais 7 deles foram indicados por Furnas. A companhia tamb\u00e9m informou a elei\u00e7\u00e3o de Elvira Baracuhy Cavalcanti Presta para a presid\u00eancia do Conselho de Administra\u00e7\u00e3o, assim como Solange Mendes Geraldo Ragazi David como vice-presidente do conselho.<\/p>\n<p>A Eletrobras acrescentou que &#8220;considerada a data de assun\u00e7\u00e3o do controle societ\u00e1rio da MESA por Furnas, os efeitos de consolida\u00e7\u00e3o cont\u00e1bil do ativo MESA na subsidi\u00e1ria Furnas dar-se-\u00e3o a partir do 3ITR22&#8221;.<\/p>\n<h2>GetNet tem aprova\u00e7\u00e3o de acionistas para sa\u00edda da empresa da B3 e Nasdaq<\/h2>\n<p>Al\u00e9m da Vale e Eletrobras, outro tema de destaque \u00e9 a informa\u00e7\u00e3o da GetNet de aprova\u00e7\u00e3o dos acionistas para cancelar seu registro de empresa de capital aberto na bolsa de valores brasileira, a B3, e na Nasdaq.<\/p>\n<p>A decis\u00e3o foi aprovada em <a href=\"https:\/\/www.suno.com.br\/artigos\/assembleia-geral-extraordinaria\/\" target=\"_blank\" rel=\"noopener\">Assembleia Geral Extraordin\u00e1ria (AGE)<\/a> na \u00faltima sexta-feira (8).<\/p>\n<p>A decis\u00e3o tem como base mais de 917,4 milh\u00f5es de votos, dos quais cerca de 899,6 milh\u00f5es foram favor\u00e1veis a aprova\u00e7\u00e3o, equivalente a 98% do total.<\/p>\n\t<p>\n\t\t<a href=\"https:\/\/lp.suno.com.br\/ebook-como-analisar-uma-acao\/\" target=\"_blank\" data-element=\"shortcode-suno-banner\" title=\"Banner SUNO, clique e saiba mais\">\n\t\t\t<picture>\n\t\t\t\t<source media=\"(max-width: 500px)\" srcset=\"https:\/\/files.sunoresearch.com.br\/n\/uploads\/2023\/03\/Ebook-Acoes-Mobile-1.jpg\">\n\t\t\t\t<img class=\"newsContent__article__imgCapa newsContent__article__imgCapa--banner\"\n\t\t\t\t\tsrc=\"https:\/\/files.sunoresearch.com.br\/n\/uploads\/2023\/03\/Ebook-Acoes-Desktop-1.jpg\"\n\t\t\t\t\tdata-promo-id=\"171998\"\t\t\t\t\t\t\t\t\t\twidth='1420' height='286'\t\t\t\t\talt=\"https:\/\/files.sunoresearch.com.br\/n\/uploads\/2023\/03\/Ebook-Acoes-Desktop-1.jpg\"\n\t\t\t\t>\n\t\t\t<\/picture>\n\t\t<\/a>\n\t<\/p>\n\n\n<p>A GetNet abriu seu capital na bolsa de valores em outubro de 2021, mas encerra seu registro ap\u00f3s menos de 9 meses de sua entrada.<\/p>\n<p>A empresa j\u00e1 havia anunciado em maio sua inten\u00e7\u00e3o de fechar o capital nas bolsas de valores. A sua controladora, a PagoNxt, prop\u00f4s um valor de R$ 4,72 por Unit para a aquisi\u00e7\u00e3o dos pap\u00e9is em circula\u00e7\u00e3o no mercado.<\/p>\n<p>Assim, <strong>Vale<\/strong>, Eletrobras e GetNet est\u00e3o entre os principais destaques do mercado financeiro da SUNO Not\u00edcias, que informa diariamente os principais acontecimentos que mexem com a bolsa de valores.<\/p>\n\t<p>\n\t\t<a href=\"https:\/\/lp.suno.com.br\/planilha-de-controle-de-investimentos\/\" target=\"_blank\" data-element=\"shortcode-suno-banner\" title=\"Banner SUNO, clique e saiba mais\">\n\t\t\t<picture>\n\t\t\t\t<source media=\"(max-width: 500px)\" srcset=\"https:\/\/files.sunoresearch.com.br\/n\/uploads\/2023\/03\/400x300-Controle-de-Investimentos.png\">\n\t\t\t\t<img class=\"newsContent__article__imgCapa newsContent__article__imgCapa--banner\"\n\t\t\t\t\tsrc=\"https:\/\/files.sunoresearch.com.br\/n\/uploads\/2023\/03\/1420x240-Controle-de-Investimentos.png\"\n\t\t\t\t\tdata-promo-id=\"75934\"\t\t\t\t\t\t\t\t\t\twidth='1420' height='240'\t\t\t\t\talt=\"https:\/\/files.sunoresearch.com.br\/n\/uploads\/2023\/03\/1420x240-Controle-de-Investimentos.png\"\n\t\t\t\t>\n\t\t\t<\/picture>\n\t\t<\/a>\n\t<\/p>\n\n\n","protected":false},"excerpt":{"rendered":"<p>Entre os destaques do mercado financeiro desta segunda-feira (11) est\u00e1 o esclarecimento da Vale (VALE3) a respeito de uma not\u00edcia veiculada pela imprensa na semana passada, em que a Cemig (CMIG4) teria acusado a companhia de minera\u00e7\u00e3o de um poss\u00edvel calote no valor de R$ 781 milh\u00f5es. Veja o Morning Call desta segunda (11\/07) Tamb\u00e9m [&hellip;]<\/p>\n","protected":false},"author":173,"featured_media":126947,"comment_status":"closed","ping_status":"closed","sticky":false,"template":"","format":"standard","meta":[],"categories":[64],"tags":[455,106793,676],"suno_strategy":[],"class_list":["post-274876","post","type-post","status-publish","format-standard","has-post-thumbnail","hentry","category-negocios","tag-eletrobras-elet3-elet5-elet6","tag-getnet-gett11-gett4-gett3","tag-vale-vale3"],"yoast_head":"<!-- This site is optimized with the Yoast SEO plugin v24.4 - https:\/\/yoast.com\/wordpress\/plugins\/seo\/ -->\n<title>Vale (VALE3) e Eletrobras (ELET3) s\u00e3o destaques do mercado financeiro<\/title>\n<meta name=\"description\" content=\"A Vale (VALE3) e a Eletrobras (ELET3) s\u00e3o os destaques do mercado financeiro. Veja os principais assuntos para esta segunda.\" \/>\n<meta name=\"robots\" content=\"index, follow, max-snippet:-1, max-image-preview:large, max-video-preview:-1\" \/>\n<link rel=\"canonical\" href=\"https:\/\/www.suno.com.br\/noticias\/vale-vale3-eletrobras-elet3-destaques-mercado\/\" \/>\n<meta property=\"og:locale\" content=\"pt_BR\" \/>\n<meta property=\"og:type\" content=\"article\" \/>\n<meta property=\"og:title\" content=\"Vale (VALE3) e Eletrobras (ELET3) s\u00e3o destaques do mercado financeiro\" \/>\n<meta property=\"og:description\" content=\"A Vale (VALE3) e a Eletrobras (ELET3) s\u00e3o os destaques do mercado financeiro. Veja os principais assuntos para esta segunda.\" \/>\n<meta property=\"og:url\" content=\"https:\/\/www.suno.com.br\/noticias\/vale-vale3-eletrobras-elet3-destaques-mercado\/\" \/>\n<meta property=\"og:site_name\" content=\"Suno Not\u00edcias\" \/>\n<meta property=\"article:publisher\" content=\"https:\/\/facebook.com\/sunoresearch\" \/>\n<meta property=\"og:image\" content=\"https:\/\/files.sunoresearch.com.br\/n\/uploads\/2021\/02\/caf1cd3a-vale.jpg\" \/>\n\t<meta property=\"og:image:width\" content=\"1920\" \/>\n\t<meta property=\"og:image:height\" content=\"1280\" \/>\n\t<meta property=\"og:image:type\" content=\"image\/jpeg\" \/>\n<meta name=\"author\" content=\"Jo\u00e3o Vitor\" \/>\n<meta name=\"twitter:card\" content=\"summary_large_image\" \/>\n<meta name=\"twitter:creator\" content=\"@sunoresearch\" \/>\n<meta name=\"twitter:site\" content=\"@sunoresearch\" \/>\n<meta name=\"twitter:label1\" content=\"Escrito por\" \/>\n\t<meta name=\"twitter:data1\" content=\"Jo\u00e3o Vitor\" \/>\n\t<meta name=\"twitter:label2\" content=\"Est. tempo de leitura\" \/>\n\t<meta name=\"twitter:data2\" content=\"5 minutos\" \/>\n<script type=\"application\/ld+json\" class=\"yoast-schema-graph\">{\"@context\":\"https:\/\/schema.org\",\"@graph\":[{\"@type\":\"NewsArticle\",\"@id\":\"https:\/\/www.suno.com.br\/noticias\/vale-vale3-eletrobras-elet3-destaques-mercado\/#article\",\"isPartOf\":{\"@id\":\"https:\/\/www.suno.com.br\/noticias\/vale-vale3-eletrobras-elet3-destaques-mercado\/\"},\"author\":{\"name\":\"Jo\u00e3o Vitor\",\"@id\":\"https:\/\/www.suno.com.br\/noticias\/#\/schema\/person\/87fc6973867c52dd884811905c43afba\"},\"headline\":\"Vale (VALE3) e Eletrobras (ELET3) s\u00e3o destaques do mercado financeiro\",\"datePublished\":\"2022-07-11T13:15:20+00:00\",\"dateModified\":\"2022-07-11T13:26:26+00:00\",\"mainEntityOfPage\":{\"@id\":\"https:\/\/www.suno.com.br\/noticias\/vale-vale3-eletrobras-elet3-destaques-mercado\/\"},\"wordCount\":847,\"publisher\":{\"@id\":\"https:\/\/www.suno.com.br\/noticias\/#organization\"},\"image\":{\"@id\":\"https:\/\/www.suno.com.br\/noticias\/vale-vale3-eletrobras-elet3-destaques-mercado\/#primaryimage\"},\"thumbnailUrl\":\"https:\/\/files.sunoresearch.com.br\/n\/uploads\/2021\/02\/caf1cd3a-vale-jpg.webp\",\"keywords\":[\"Eletrobras (ELET3\/ELET5\/ELET6)\",\"Getnet (GETT11\/GETT4\/GETT3)\",\"Vale (VALE3)\"],\"articleSection\":[\"Neg\u00f3cios\"],\"inLanguage\":\"pt-BR\"},{\"@type\":\"WebPage\",\"@id\":\"https:\/\/www.suno.com.br\/noticias\/vale-vale3-eletrobras-elet3-destaques-mercado\/\",\"url\":\"https:\/\/www.suno.com.br\/noticias\/vale-vale3-eletrobras-elet3-destaques-mercado\/\",\"name\":\"Vale (VALE3) e Eletrobras (ELET3) s\u00e3o destaques do mercado financeiro\",\"isPartOf\":{\"@id\":\"https:\/\/www.suno.com.br\/noticias\/#website\"},\"primaryImageOfPage\":{\"@id\":\"https:\/\/www.suno.com.br\/noticias\/vale-vale3-eletrobras-elet3-destaques-mercado\/#primaryimage\"},\"image\":{\"@id\":\"https:\/\/www.suno.com.br\/noticias\/vale-vale3-eletrobras-elet3-destaques-mercado\/#primaryimage\"},\"thumbnailUrl\":\"https:\/\/files.sunoresearch.com.br\/n\/uploads\/2021\/02\/caf1cd3a-vale-jpg.webp\",\"datePublished\":\"2022-07-11T13:15:20+00:00\",\"dateModified\":\"2022-07-11T13:26:26+00:00\",\"description\":\"A Vale (VALE3) e a Eletrobras (ELET3) s\u00e3o os destaques do mercado financeiro. Veja os principais assuntos para esta segunda.\",\"breadcrumb\":{\"@id\":\"https:\/\/www.suno.com.br\/noticias\/vale-vale3-eletrobras-elet3-destaques-mercado\/#breadcrumb\"},\"inLanguage\":\"pt-BR\",\"potentialAction\":[{\"@type\":\"ReadAction\",\"target\":[\"https:\/\/www.suno.com.br\/noticias\/vale-vale3-eletrobras-elet3-destaques-mercado\/\"]}]},{\"@type\":\"ImageObject\",\"inLanguage\":\"pt-BR\",\"@id\":\"https:\/\/www.suno.com.br\/noticias\/vale-vale3-eletrobras-elet3-destaques-mercado\/#primaryimage\",\"url\":\"https:\/\/files.sunoresearch.com.br\/n\/uploads\/2021\/02\/caf1cd3a-vale-jpg.webp\",\"contentUrl\":\"https:\/\/files.sunoresearch.com.br\/n\/uploads\/2021\/02\/caf1cd3a-vale-jpg.webp\",\"width\":1920,\"height\":1280,\"caption\":\"Vale (VALE3) - Foto: Divulga\u00e7\u00e3o\"},{\"@type\":\"BreadcrumbList\",\"@id\":\"https:\/\/www.suno.com.br\/noticias\/vale-vale3-eletrobras-elet3-destaques-mercado\/#breadcrumb\",\"itemListElement\":[{\"@type\":\"ListItem\",\"position\":1,\"name\":\"Not\u00edcias\",\"item\":\"https:\/\/www.suno.com.br\/noticias\/\"},{\"@type\":\"ListItem\",\"position\":2,\"name\":\"Neg\u00f3cios\",\"item\":\"https:\/\/www.suno.com.br\/noticias\/negocios\/\"},{\"@type\":\"ListItem\",\"position\":3,\"name\":\"Vale (VALE3) e Eletrobras (ELET3) s\u00e3o destaques do mercado financeiro\"}]},{\"@type\":\"WebSite\",\"@id\":\"https:\/\/www.suno.com.br\/noticias\/#website\",\"url\":\"https:\/\/www.suno.com.br\/noticias\/\",\"name\":\"Suno Not\u00edcias\",\"description\":\"Seu portal de informa\u00e7\u00e3o sobre o mundo dos investimentos\",\"publisher\":{\"@id\":\"https:\/\/www.suno.com.br\/noticias\/#organization\"},\"potentialAction\":[{\"@type\":\"SearchAction\",\"target\":{\"@type\":\"EntryPoint\",\"urlTemplate\":\"https:\/\/www.suno.com.br\/noticias\/?s={search_term_string}\"},\"query-input\":{\"@type\":\"PropertyValueSpecification\",\"valueRequired\":true,\"valueName\":\"search_term_string\"}}],\"inLanguage\":\"pt-BR\"},{\"@type\":\"Organization\",\"@id\":\"https:\/\/www.suno.com.br\/noticias\/#organization\",\"name\":\"Suno Not\u00edcias\",\"url\":\"https:\/\/www.suno.com.br\/noticias\/\",\"logo\":{\"@type\":\"ImageObject\",\"inLanguage\":\"pt-BR\",\"@id\":\"https:\/\/www.suno.com.br\/noticias\/#\/schema\/logo\/image\/\",\"url\":\"https:\/\/files.sunoresearch.com.br\/n\/uploads\/2021\/09\/suno-logo.png\",\"contentUrl\":\"https:\/\/files.sunoresearch.com.br\/n\/uploads\/2021\/09\/suno-logo.png\",\"width\":180,\"height\":180,\"caption\":\"Suno Not\u00edcias\"},\"image\":{\"@id\":\"https:\/\/www.suno.com.br\/noticias\/#\/schema\/logo\/image\/\"},\"sameAs\":[\"https:\/\/facebook.com\/sunoresearch\",\"https:\/\/x.com\/sunoresearch\",\"https:\/\/www.instagram.com\/suno\",\"https:\/\/www.linkedin.com\/company\/suno-research\/\",\"https:\/\/www.youtube.com\/c\/sunoresearch\"]},{\"@type\":\"Person\",\"@id\":\"https:\/\/www.suno.com.br\/noticias\/#\/schema\/person\/87fc6973867c52dd884811905c43afba\",\"name\":\"Jo\u00e3o Vitor\",\"image\":{\"@type\":\"ImageObject\",\"inLanguage\":\"pt-BR\",\"@id\":\"https:\/\/www.suno.com.br\/noticias\/#\/schema\/person\/image\/\",\"url\":\"https:\/\/secure.gravatar.com\/avatar\/2843227ca03ccf8cc7ccca45204c127e?s=96&r=g\",\"contentUrl\":\"https:\/\/secure.gravatar.com\/avatar\/2843227ca03ccf8cc7ccca45204c127e?s=96&r=g\",\"caption\":\"Jo\u00e3o Vitor\"},\"description\":\"Redator profissional, com atua\u00e7\u00e3o no mercado editorial na produ\u00e7\u00e3o de not\u00edcias e conte\u00fados sobre o mercado de a\u00e7\u00f5es, fundos imobili\u00e1rios e economia popular. Graduando em Engenharia Qu\u00edmica pela Unesp, tamb\u00e9m j\u00e1 atuou como consultor financeiro.\",\"url\":\"https:\/\/www.suno.com.br\/noticias\/author\/joao-vitor-jacintho\/\"}]}<\/script>\n<!-- \/ Yoast SEO plugin. -->","yoast_head_json":{"title":"Vale (VALE3) e Eletrobras (ELET3) s\u00e3o destaques do mercado financeiro","description":"A Vale (VALE3) e a Eletrobras (ELET3) s\u00e3o os destaques do mercado financeiro. Veja os principais assuntos para esta segunda.","robots":{"index":"index","follow":"follow","max-snippet":"max-snippet:-1","max-image-preview":"max-image-preview:large","max-video-preview":"max-video-preview:-1"},"canonical":"https:\/\/www.suno.com.br\/noticias\/vale-vale3-eletrobras-elet3-destaques-mercado\/","og_locale":"pt_BR","og_type":"article","og_title":"Vale (VALE3) e Eletrobras (ELET3) s\u00e3o destaques do mercado financeiro","og_description":"A Vale (VALE3) e a Eletrobras (ELET3) s\u00e3o os destaques do mercado financeiro. Veja os principais assuntos para esta segunda.","og_url":"https:\/\/www.suno.com.br\/noticias\/vale-vale3-eletrobras-elet3-destaques-mercado\/","og_site_name":"Suno Not\u00edcias","article_publisher":"https:\/\/facebook.com\/sunoresearch","og_image":[{"width":1920,"height":1280,"url":"https:\/\/files.sunoresearch.com.br\/n\/uploads\/2021\/02\/caf1cd3a-vale.jpg","type":"image\/jpeg"}],"author":"Jo\u00e3o Vitor","twitter_card":"summary_large_image","twitter_creator":"@sunoresearch","twitter_site":"@sunoresearch","twitter_misc":{"Escrito por":"Jo\u00e3o Vitor","Est. tempo de leitura":"5 minutos"},"schema":{"@context":"https:\/\/schema.org","@graph":[{"@type":"NewsArticle","@id":"https:\/\/www.suno.com.br\/noticias\/vale-vale3-eletrobras-elet3-destaques-mercado\/#article","isPartOf":{"@id":"https:\/\/www.suno.com.br\/noticias\/vale-vale3-eletrobras-elet3-destaques-mercado\/"},"author":{"name":"Jo\u00e3o Vitor","@id":"https:\/\/www.suno.com.br\/noticias\/#\/schema\/person\/87fc6973867c52dd884811905c43afba"},"headline":"Vale (VALE3) e Eletrobras (ELET3) s\u00e3o destaques do mercado financeiro","datePublished":"2022-07-11T13:15:20+00:00","dateModified":"2022-07-11T13:26:26+00:00","mainEntityOfPage":{"@id":"https:\/\/www.suno.com.br\/noticias\/vale-vale3-eletrobras-elet3-destaques-mercado\/"},"wordCount":847,"publisher":{"@id":"https:\/\/www.suno.com.br\/noticias\/#organization"},"image":{"@id":"https:\/\/www.suno.com.br\/noticias\/vale-vale3-eletrobras-elet3-destaques-mercado\/#primaryimage"},"thumbnailUrl":"https:\/\/files.sunoresearch.com.br\/n\/uploads\/2021\/02\/caf1cd3a-vale-jpg.webp","keywords":["Eletrobras (ELET3\/ELET5\/ELET6)","Getnet (GETT11\/GETT4\/GETT3)","Vale (VALE3)"],"articleSection":["Neg\u00f3cios"],"inLanguage":"pt-BR"},{"@type":"WebPage","@id":"https:\/\/www.suno.com.br\/noticias\/vale-vale3-eletrobras-elet3-destaques-mercado\/","url":"https:\/\/www.suno.com.br\/noticias\/vale-vale3-eletrobras-elet3-destaques-mercado\/","name":"Vale (VALE3) e Eletrobras (ELET3) s\u00e3o destaques do mercado financeiro","isPartOf":{"@id":"https:\/\/www.suno.com.br\/noticias\/#website"},"primaryImageOfPage":{"@id":"https:\/\/www.suno.com.br\/noticias\/vale-vale3-eletrobras-elet3-destaques-mercado\/#primaryimage"},"image":{"@id":"https:\/\/www.suno.com.br\/noticias\/vale-vale3-eletrobras-elet3-destaques-mercado\/#primaryimage"},"thumbnailUrl":"https:\/\/files.sunoresearch.com.br\/n\/uploads\/2021\/02\/caf1cd3a-vale-jpg.webp","datePublished":"2022-07-11T13:15:20+00:00","dateModified":"2022-07-11T13:26:26+00:00","description":"A Vale (VALE3) e a Eletrobras (ELET3) s\u00e3o os destaques do mercado financeiro. Veja os principais assuntos para esta segunda.","breadcrumb":{"@id":"https:\/\/www.suno.com.br\/noticias\/vale-vale3-eletrobras-elet3-destaques-mercado\/#breadcrumb"},"inLanguage":"pt-BR","potentialAction":[{"@type":"ReadAction","target":["https:\/\/www.suno.com.br\/noticias\/vale-vale3-eletrobras-elet3-destaques-mercado\/"]}]},{"@type":"ImageObject","inLanguage":"pt-BR","@id":"https:\/\/www.suno.com.br\/noticias\/vale-vale3-eletrobras-elet3-destaques-mercado\/#primaryimage","url":"https:\/\/files.sunoresearch.com.br\/n\/uploads\/2021\/02\/caf1cd3a-vale-jpg.webp","contentUrl":"https:\/\/files.sunoresearch.com.br\/n\/uploads\/2021\/02\/caf1cd3a-vale-jpg.webp","width":1920,"height":1280,"caption":"Vale (VALE3) - Foto: Divulga\u00e7\u00e3o"},{"@type":"BreadcrumbList","@id":"https:\/\/www.suno.com.br\/noticias\/vale-vale3-eletrobras-elet3-destaques-mercado\/#breadcrumb","itemListElement":[{"@type":"ListItem","position":1,"name":"Not\u00edcias","item":"https:\/\/www.suno.com.br\/noticias\/"},{"@type":"ListItem","position":2,"name":"Neg\u00f3cios","item":"https:\/\/www.suno.com.br\/noticias\/negocios\/"},{"@type":"ListItem","position":3,"name":"Vale (VALE3) e Eletrobras (ELET3) s\u00e3o destaques do mercado financeiro"}]},{"@type":"WebSite","@id":"https:\/\/www.suno.com.br\/noticias\/#website","url":"https:\/\/www.suno.com.br\/noticias\/","name":"Suno Not\u00edcias","description":"Seu portal de informa\u00e7\u00e3o sobre o mundo dos investimentos","publisher":{"@id":"https:\/\/www.suno.com.br\/noticias\/#organization"},"potentialAction":[{"@type":"SearchAction","target":{"@type":"EntryPoint","urlTemplate":"https:\/\/www.suno.com.br\/noticias\/?s={search_term_string}"},"query-input":{"@type":"PropertyValueSpecification","valueRequired":true,"valueName":"search_term_string"}}],"inLanguage":"pt-BR"},{"@type":"Organization","@id":"https:\/\/www.suno.com.br\/noticias\/#organization","name":"Suno Not\u00edcias","url":"https:\/\/www.suno.com.br\/noticias\/","logo":{"@type":"ImageObject","inLanguage":"pt-BR","@id":"https:\/\/www.suno.com.br\/noticias\/#\/schema\/logo\/image\/","url":"https:\/\/files.sunoresearch.com.br\/n\/uploads\/2021\/09\/suno-logo.png","contentUrl":"https:\/\/files.sunoresearch.com.br\/n\/uploads\/2021\/09\/suno-logo.png","width":180,"height":180,"caption":"Suno Not\u00edcias"},"image":{"@id":"https:\/\/www.suno.com.br\/noticias\/#\/schema\/logo\/image\/"},"sameAs":["https:\/\/facebook.com\/sunoresearch","https:\/\/x.com\/sunoresearch","https:\/\/www.instagram.com\/suno","https:\/\/www.linkedin.com\/company\/suno-research\/","https:\/\/www.youtube.com\/c\/sunoresearch"]},{"@type":"Person","@id":"https:\/\/www.suno.com.br\/noticias\/#\/schema\/person\/87fc6973867c52dd884811905c43afba","name":"Jo\u00e3o Vitor","image":{"@type":"ImageObject","inLanguage":"pt-BR","@id":"https:\/\/www.suno.com.br\/noticias\/#\/schema\/person\/image\/","url":"https:\/\/secure.gravatar.com\/avatar\/2843227ca03ccf8cc7ccca45204c127e?s=96&r=g","contentUrl":"https:\/\/secure.gravatar.com\/avatar\/2843227ca03ccf8cc7ccca45204c127e?s=96&r=g","caption":"Jo\u00e3o Vitor"},"description":"Redator profissional, com atua\u00e7\u00e3o no mercado editorial na produ\u00e7\u00e3o de not\u00edcias e conte\u00fados sobre o mercado de a\u00e7\u00f5es, fundos imobili\u00e1rios e economia popular. Graduando em Engenharia Qu\u00edmica pela Unesp, tamb\u00e9m j\u00e1 atuou como consultor financeiro.","url":"https:\/\/www.suno.com.br\/noticias\/author\/joao-vitor-jacintho\/"}]}},"default_loop_html":"<div class=\"cardsPage__listCard__boxs\"><div class=\"cardsPage__listCard__boxs__img\"><a href=\"https:\/\/www.suno.com.br\/noticias\/vale-vale3-eletrobras-elet3-destaques-mercado\/\"><img class=\"mask\" src=\"https:\/\/www.suno.com.br\/noticias\/wp-content\/themes\/suno\/resources\/images\/spotlight\/spotlight1img\/bg-mask.png\" alt=\"Image Mask\"\/><img src=\"https:\/\/files.sunoresearch.com.br\/n\/uploads\/2021\/02\/caf1cd3a-vale-400x200.webp\" alt=\"Vale (VALE3) e Eletrobras (ELET3) s\u00e3o destaques do mercado financeiro\"\/><\/a><span class=\"spotlightCategory\"><a href=\"https:\/\/www.suno.com.br\/noticias\/negocios\/\">Neg\u00f3cios<\/a><\/span><\/div><div class=\"cardsPage__listCard__boxs__content\"><a href=\"https:\/\/www.suno.com.br\/noticias\/vale-vale3-eletrobras-elet3-destaques-mercado\/\"><h2 class=\"content__title\">Vale (VALE3) e Eletrobras (ELET3) s\u00e3o destaques do mercado financeiro<\/h2><\/a><div class=\"newsContent__article__meta\"><div class=\"newsContent__article__meta__authorBox\"><a href=\"https:\/\/www.suno.com.br\/noticias\/author\/joao-vitor-jacintho\/\" class=\"authorBox__avatar noMobi\"><img src=\"https:\/\/secure.gravatar.com\/avatar\/2843227ca03ccf8cc7ccca45204c127e?s=96&#038;r=g\" alt=\"Jo\u00e3o Vitor Jacintho\"><\/a><div class=\"authorBox__name\"><span>por\n\t\t\t<a href=\"https:\/\/www.suno.com.br\/noticias\/author\/joao-vitor-jacintho\/\"><span itemprop=\"author\">Jo\u00e3o Vitor Jacintho<\/span><\/a><\/span><time datetime=\"2022-07-11T10:15:20-03:00\" itemprop=\"datePublished\">11\/07\/2022 10:15<\/time><\/div><\/div><\/div><\/div><\/div>","single_layout":"posts","amp_enabled":true,"_links":{"self":[{"href":"https:\/\/www.suno.com.br\/noticias\/wp-json\/wp\/v2\/posts\/274876"}],"collection":[{"href":"https:\/\/www.suno.com.br\/noticias\/wp-json\/wp\/v2\/posts"}],"about":[{"href":"https:\/\/www.suno.com.br\/noticias\/wp-json\/wp\/v2\/types\/post"}],"author":[{"embeddable":true,"href":"https:\/\/www.suno.com.br\/noticias\/wp-json\/wp\/v2\/users\/173"}],"replies":[{"embeddable":true,"href":"https:\/\/www.suno.com.br\/noticias\/wp-json\/wp\/v2\/comments?post=274876"}],"version-history":[{"count":3,"href":"https:\/\/www.suno.com.br\/noticias\/wp-json\/wp\/v2\/posts\/274876\/revisions"}],"predecessor-version":[{"id":274913,"href":"https:\/\/www.suno.com.br\/noticias\/wp-json\/wp\/v2\/posts\/274876\/revisions\/274913"}],"wp:featuredmedia":[{"embeddable":true,"href":"https:\/\/www.suno.com.br\/noticias\/wp-json\/wp\/v2\/media\/126947"}],"wp:attachment":[{"href":"https:\/\/www.suno.com.br\/noticias\/wp-json\/wp\/v2\/media?parent=274876"}],"wp:term":[{"taxonomy":"category","embeddable":true,"href":"https:\/\/www.suno.com.br\/noticias\/wp-json\/wp\/v2\/categories?post=274876"},{"taxonomy":"post_tag","embeddable":true,"href":"https:\/\/www.suno.com.br\/noticias\/wp-json\/wp\/v2\/tags?post=274876"},{"taxonomy":"suno_strategy","embeddable":true,"href":"https:\/\/www.suno.com.br\/noticias\/wp-json\/wp\/v2\/suno_strategy?post=274876"}],"curies":[{"name":"wp","href":"https:\/\/api.w.org\/{rel}","templated":true}]}}