{"id":274875,"date":"2022-07-11T09:32:33","date_gmt":"2022-07-11T12:32:33","guid":{"rendered":"https:\/\/www.suno.com.br\/noticias\/?p=274875"},"modified":"2022-07-11T09:32:33","modified_gmt":"2022-07-11T12:32:33","slug":"vale-vale3-bofa-fator-china-desaceleracao","status":"publish","type":"post","link":"https:\/\/www.suno.com.br\/noticias\/vale-vale3-bofa-fator-china-desaceleracao\/","title":{"rendered":"Vale (VALE3): BofA corta pre\u00e7o-alvo da a\u00e7\u00e3o e do ADR; veja os motivos"},"content":{"rendered":"<p>O Bank of America (BofA) cortou o pre\u00e7o-alvo das a\u00e7\u00f5es da <a href=\"https:\/\/www.suno.com.br\/acoes\/cbav3\/\"><strong>Vale<\/strong> (VALE3)<\/a> para R$ 99 e dos ADRs para US$ 19, em meio \u00e0 uma estimativa de &#8216;deteriora\u00e7\u00e3o geral&#8217; das companhias mineradoras e sider\u00fargicas. A recomenda\u00e7\u00e3o dos analistas \u00e9 neutra para os pap\u00e9is. Atualmente, a a\u00e7\u00e3o est\u00e1 cotada a R$ 75,40 e o ADR a US$ 14,25. Com isso, o upside esperado para os pap\u00e9is \u00e9 de 31% e 33%, respectivamente.<\/p><div class=\"videoFull videoFull--noRadius\">\n\t\t\t<div class=\"videoWrapper yt-lazyload center\"\n\t\t\t\tdata-width=\"960\"\n\t\t\t\tdata-height=\"540\"\n\t\t\t\tdata-id=\"jlRopfoSjRM\"\n\t\t\t\tdata-alt=\"Relembre o preg\u00e3o de &#039;derrocada&#039; de mineradoras e sider\u00fargicas, h\u00e1 um m\u00eas\"\n\t\t\t\tdata-logo=\"3\"\n\t\t\t\tdata-imagequality=\"maxres\">\n\t\t\t<\/div>\n\t\t<\/div><span class=\"videoFull__caption videoFull__caption--show\">Relembre o preg\u00e3o de &#039;derrocada&#039; de mineradoras e sider\u00fargicas, h\u00e1 um m\u00eas<p><\/p><\/span><script type=\"application\/ld+json\">{\"@context\":\"https:\/\/schema.org\",\"@type\":\"VideoObject\",\"name\":\"VALE (VALE3) E SIDER\u00daRGICAS DESPENCAM COM LOCKDOWNS NA CHINA | Ibovespa cai pela 5\u00aa vez seguida\",\"description\":\"\ud83d\udcca \ud835\udc00\ud835\udc29\ud835\udc2b\ud835\udc1e\ud835\udc27\ud835\udc1d\ud835\udc1a \ud835\udc1c\ud835\udc28\ud835\udc26\ud835\udc28 \ud835\udc1a\ud835\udc27\ud835\udc1a\ud835\udc25\ud835\udc22\ud835\udc2c\ud835\udc1a\ud835\udc2b \ud835\udc2e\ud835\udc26\ud835\udc1a \ud835\udc1a\u00e7\u00e3\ud835\udc28 [\ud835\udc04\ud835\udc01\ud835\udc0e\ud835\udc0e\ud835\udc0a \ud835\udc06\ud835\udc11\ud835\udc00\ud835\udc13\ud835\udc14\ud835\udc08\ud835\udc13\ud835\udc0e] \ud83d\udc49 https:\/\/lp.suno.com.br\/ebook-como-analisar-uma-acao\/?utm_source=youtube.noticias&utm_medium=video&utm_campaign=ebookcomoanalisarumaacao.20220307&utm_content= \ud83d\udcda [\ud835\udc04-\ud835\udc1b\ud835\udc28\ud835\udc28\ud835\udc24 \ud835\udc06\ud835\udc2b\ud835\udc1a\ud835\udc2d\ud835\udc2e\ud835\udc22\ud835\udc2d\ud835\udc28] \ud835\udc06\ud835\udc2e\ud835\udc22\ud835\udc1a \ud835\udc02\ud835\udc28\ud835\udc26\ud835\udc29\ud835\udc25\ud835\udc1e\ud835\udc2d\ud835\udc28: \ud835\udc03\ud835\udc22\ud835\udc2f\ud835\udc22\ud835\udc1d\ud835\udc1e\ud835\udc27\ud835\udc1d\ud835\udc28\ud835\udc2c: https:\/\/lp.suno.com.br\/lm\/ebook\/guia-completo-dividendos\/?utm_source=youtube.noticias&utm_medium=video&utm_campaign=ebook-guiacompleto:dividendos.20220315&utm_content= #VALE3 #Ibovespa #ELET3 #Ibovespa #Livedas19h #Suno #SunoNot\u00edcias Suno Not\u00edcias - 09\/06\/2022: Esses s\u00e3o alguns dos assuntos da live do SUNO NOT\u00cdCIAS\u200b\u200b\u200b\u200b\u200b\u200b\u200b\u200b\u200b\u200b\u200b\u200b\u200b\u200b\u200b\u200b\u200b\u200b\u200b\u200b\u200b\u200b\u200b\u200b\u200b\u200b\u200b\u200b\u200b\u200b\u200b\u200b\u200b\u200b\u200b\u200b\u200b\u200b\u200b\u200b\u200b\u200b\u200b\u200b\u200b\u200b\u200b\u200b\u200b\u200b\u200b\u200b de hoje. Privatiza\u00e7\u00e3o da Eletrobras sob risco. Greg Prudenciano, editor multim\u00eddia, comenta e responde perguntas a respeito\u2026\",\"duration\":\"PT37M28S\",\"embedUrl\":\"https:\/\/www.youtube.com\/embed\/jlRopfoSjRM\",\"regionsAllowed\":\"pt-BR\",\"interactionStatistic\":{\"@type\":\"InteractionCounter\",\"interactionType\":{\"@type\":\"WatchAction\"},\"userInteractionCount\":3823},\"thumbnailUrl\":\"https:\/\/i.ytimg.com\/vi\/jlRopfoSjRM\/default.jpg\",\"uploadDate\":\"2022-06-09T22:41:26Z\"}<\/script>\n\n\t<p>\n\t\t<a href=\"\" target=\"_blank\" data-element=\"shortcode-suno-banner\" title=\"Banner SUNO, clique e saiba mais\">\n\t\t\t<picture>\n\t\t\t\t<source media=\"(max-width: 500px)\" srcset=\"\">\n\t\t\t\t<img class=\"newsContent__article__imgCapa newsContent__article__imgCapa--banner\"\n\t\t\t\t\tsrc=\"\"\n\t\t\t\t\tdata-promo-id=\"250706\"\t\t\t\t\t\t\t\t\t\t\t\t\t\t\talt=\"\"\n\t\t\t\t>\n\t\t\t<\/picture>\n\t\t<\/a>\n\t<\/p>\n\n\n<p>Os analistas Caio Ribeiro, Leonardo Neratika e Guilherme Rosito justificam a mudan\u00e7a com &#8220;uma postura mais cautelosa sobre commodities&#8221;. A tese \u00e9 de que, especialmente as <strong>a\u00e7\u00f5es da Vale<\/strong> e <a class=\"suno-keyword\" href=\"https:\/\/www.suno.com.br\/acoes\/cbav3\/\" target=\"_blank\" rel=\"noopener\" data-force=\"yes\" data-priority=\"2\">CBA (CBAV3)<\/a> devem ser prejudicadas, assim como outros pares na Am\u00e9rica Latina &#8211; Southern Copper (SCCO) e sua controladora, Grupo M\u00e9xico (GMEX), por exemplo.<\/p>\n<p>&#8220;Os<strong> produtores de a\u00e7o<\/strong> est\u00e3o sob press\u00e3o na China, nos EUA e tamb\u00e9m na Europa devido aos revezes do <a class=\"suno-keyword\" href=\"https:\/\/www.suno.com.br\/artigos\/ciclo-economico\/\" target=\"_blank\" rel=\"noopener\" data-force=\"no\" data-priority=\"1\">ciclo econ\u00f4mico<\/a>. Atrelado a isso, o<strong> min\u00e9rio de ferro<\/strong> deve ultrapassar o patamar de excedente, refor\u00e7ando nossa vis\u00e3o de baixa da casa e o deck de pre\u00e7os anterior, que prev\u00ea pre\u00e7os m\u00e9dios de cerca de US$ 95 por tonelada em 2023&#8243;, aponta o BofA, em an\u00e1lise.<\/p>\n<p>Segundo a casa, no caso do <strong>n\u00edquel<\/strong>, as operadoras da <strong>China<\/strong> v\u00eam aumentando a capacidade de convers\u00e3o na Indon\u00e9sia, indicando que o mercado provavelmente deve estar melhor abastecido em termos de oferta j\u00e1 no pr\u00f3ximo ano.<\/p>\n<p>No momento, a estimativa \u00e9 de que, em 2022, a <strong>tonelada do n\u00edquel<\/strong> custe US$ 24.440, ao passo que as proje\u00e7\u00f5es apontam para US$ 18.750 em 2023.<\/p>\n\t<p>\n\t\t<a href=\"https:\/\/lp.suno.com.br\/planilha-controle-gastos\/\" target=\"_blank\" data-element=\"shortcode-suno-banner\" title=\"Banner SUNO, clique e saiba mais\">\n\t\t\t<picture>\n\t\t\t\t<source media=\"(max-width: 500px)\" srcset=\"https:\/\/files.sunoresearch.com.br\/n\/uploads\/2023\/03\/400x300-Planilha-controle-de-gastos.png\">\n\t\t\t\t<img class=\"newsContent__article__imgCapa newsContent__article__imgCapa--banner\"\n\t\t\t\t\tsrc=\"https:\/\/files.sunoresearch.com.br\/n\/uploads\/2023\/03\/1420x240-Planilha-controle-de-gastos.png\"\n\t\t\t\t\tdata-promo-id=\"101751\"\t\t\t\t\t\t\t\t\t\twidth='1420' height='240'\t\t\t\t\talt=\"https:\/\/files.sunoresearch.com.br\/n\/uploads\/2023\/03\/1420x240-Planilha-controle-de-gastos.png\"\n\t\t\t\t>\n\t\t\t<\/picture>\n\t\t<\/a>\n\t<\/p>\n\n\n<p>Nesse cen\u00e1rio, a press\u00e3o da cota\u00e7\u00e3o das commodities mineradas deve afetar os pr\u00f3ximos resultados operacionais da companhia &#8211; que est\u00e1 &#8216;andando de lado&#8217; em 2022, com 3,3% de baixa nos pap\u00e9is <strong>VALE3<\/strong>, para atuais R$ 75.<\/p>\n<p>Al\u00e9m disso, a tese aponta que o cobre est\u00e1 mais suscet\u00edvel \u00e0 desacelera\u00e7\u00e3o econ\u00f4mica e, por conta disso, pode ter sua cota\u00e7\u00e3o em queda e em patamar inferior aos US$ 6 mil por tonelada j\u00e1 nos pr\u00f3ximos meses.<\/p>\n<p>&#8220;Embora uma recupera\u00e7\u00e3o da atividade econ\u00f4mica chinesa possa sustentar os pre\u00e7os no <a class=\"suno-keyword\" href=\"https:\/\/www.suno.com.br\/artigos\/curto-prazo\/\" target=\"_blank\" rel=\"noopener\" data-force=\"no\" data-priority=\"1\">curto prazo<\/a>, tanto o aumento da oferta quanto a crise de energia podem trazer mais revezes no ano de 2023. Por outro lado, o investimento acelerado na transi\u00e7\u00e3o e independ\u00eancia energ\u00e9tica provavelmente ajudar\u00e3o a reequilibrar o mercado e empurrar os pre\u00e7os mais alta novamente a partir de 2024&#8243;, dizem os analistas.<\/p>\n<p>Apesar disso, as proje\u00e7\u00f5es apontam para estabilidade no <strong>pre\u00e7o de min\u00e9rio de ferro<\/strong> a partir da segunda metade de 2022.<\/p>\n\t<p>\n\t\t<a href=\"https:\/\/lp.suno.com.br\/planilha-da-vida-financeira\/\" target=\"_blank\" data-element=\"shortcode-suno-banner\" title=\"Banner SUNO, clique e saiba mais\">\n\t\t\t<picture>\n\t\t\t\t<source media=\"(max-width: 500px)\" srcset=\"https:\/\/files.sunoresearch.com.br\/n\/uploads\/2023\/04\/400x300-Planilha-vida-financeira-true.png\">\n\t\t\t\t<img class=\"newsContent__article__imgCapa newsContent__article__imgCapa--banner\"\n\t\t\t\t\tsrc=\"https:\/\/files.sunoresearch.com.br\/n\/uploads\/2023\/04\/1420x240-Planilha-vida-financeira-true.png\"\n\t\t\t\t\tdata-promo-id=\"106682\"\t\t\t\t\t\t\t\t\t\twidth='1420' height='240'\t\t\t\t\talt=\"https:\/\/files.sunoresearch.com.br\/n\/uploads\/2023\/04\/1420x240-Planilha-vida-financeira-true.png\"\n\t\t\t\t>\n\t\t\t<\/picture>\n\t\t<\/a>\n\t<\/p>\n\n\n<p>No setor, o BofA prefere se manter exposto \u00e0 <a class=\"suno-keyword\" href=\"https:\/\/www.suno.com.br\/acoes\/GGBR4\/\" target=\"_blank\" rel=\"noopener\" data-force=\"yes\" data-priority=\"2\">Gerdau (GGBR4)<\/a> e \u00e0 Comp Brasileira (CBA), mas &#8220;reconhece que o cen\u00e1rio macro desafiador pode continuar pesando sobre as a\u00e7\u00f5es no curto prazo&#8221;.<\/p>\n<p>Para CSN Minera\u00e7\u00e3o (CMIN3), que hoje est\u00e1 cotada a R$ 3,69, o pre\u00e7o-alvo caiu para R$ 4,7 por a\u00e7\u00e3o e a recomenda\u00e7\u00e3o de underperform (abaixo do mercado) foi mantida. J\u00e1 para CSN (CSNA3), o pre\u00e7o-alvo caiu para R$ 23 por a\u00e7\u00e3o e US$ 4,40 por ADR. Hoje, a CSN est\u00e1 cotada a R$ 15 no Brasil e US$ 2,8 nos Estados Unidos.<\/p>\n<h2>Veja o desempenho das a\u00e7\u00f5es da Vale<\/h2>\n<p>No acumulado dos \u00faltimos 12 meses, as a\u00e7\u00f5es da Vale caem cerca de 34%, a R$ 75. A companhia veio de um 2021 &#8216;glorioso&#8217; e com m\u00e1xima hist\u00f3rica nas a\u00e7\u00f5es, ficando com cota\u00e7\u00e3o acima de R$ 115 em meados de maio, impulsionada por um otimismo no segmento de minera\u00e7\u00e3o e siderurgia.<\/p>\n<p>Al\u00e9m disso, os\u00a0<strong><a class=\"suno-keyword\" href=\"https:\/\/www.suno.com.br\/guias\/dividendos\/\" target=\"_blank\" rel=\"noopener\" data-force=\"no\" data-priority=\"1\">dividendos<\/a> da Vale<\/strong> foram polpudos no per\u00edodo, com um pagamento de mais de R$ 8 por a\u00e7\u00e3o em setembro de 2021, fruto de resultados financeiros com aumento do <a class=\"suno-keyword\" href=\"https:\/\/www.suno.com.br\/artigos\/lucro-operacional\/\" target=\"_blank\" rel=\"noopener\" data-force=\"no\" data-priority=\"1\">lucro operacional<\/a> nos meses anteriores.<\/p>\n<p>Atualmente, <a href=\"https:\/\/statusinvest.com.br\/acoes\/vale3\">segundo dados do Status Invest<\/a>, a companhia tem um <a href=\"https:\/\/statusinvest.com.br\/\">dividend yield (DY)<\/a> de 15,8%. Ou seja, cada acionista da <strong>Vale<\/strong> recebeu R$ 11,9 por a\u00e7\u00e3o, na m\u00e9dia, nos \u00faltimos 12 meses.<\/p>\n\t<p>\n\t\t<a href=\"https:\/\/lp.suno.com.br\/ebook-como-analisar-uma-acao\/\" target=\"_blank\" data-element=\"shortcode-suno-banner\" title=\"Banner SUNO, clique e saiba mais\">\n\t\t\t<picture>\n\t\t\t\t<source media=\"(max-width: 500px)\" srcset=\"https:\/\/files.sunoresearch.com.br\/n\/uploads\/2023\/03\/Ebook-Acoes-Mobile-1.jpg\">\n\t\t\t\t<img class=\"newsContent__article__imgCapa newsContent__article__imgCapa--banner\"\n\t\t\t\t\tsrc=\"https:\/\/files.sunoresearch.com.br\/n\/uploads\/2023\/03\/Ebook-Acoes-Desktop-1.jpg\"\n\t\t\t\t\tdata-promo-id=\"171998\"\t\t\t\t\t\t\t\t\t\twidth='1420' height='286'\t\t\t\t\talt=\"https:\/\/files.sunoresearch.com.br\/n\/uploads\/2023\/03\/Ebook-Acoes-Desktop-1.jpg\"\n\t\t\t\t>\n\t\t\t<\/picture>\n\t\t<\/a>\n\t<\/p>\n\n\n","protected":false},"excerpt":{"rendered":"<p>O Bank of America (BofA) cortou o pre\u00e7o-alvo das a\u00e7\u00f5es da Vale (VALE3) para R$ 99 e dos ADRs para US$ 19, em meio \u00e0 uma estimativa de &#8216;deteriora\u00e7\u00e3o geral&#8217; das companhias mineradoras e sider\u00fargicas. A recomenda\u00e7\u00e3o dos analistas \u00e9 neutra para os pap\u00e9is. Atualmente, a a\u00e7\u00e3o est\u00e1 cotada a R$ 75,40 e o ADR [&hellip;]<\/p>\n","protected":false},"author":73,"featured_media":262970,"comment_status":"closed","ping_status":"closed","sticky":false,"template":"","format":"standard","meta":[],"categories":[64],"tags":[104887,105816,676],"suno_strategy":[],"class_list":["post-274875","post","type-post","status-publish","format-standard","has-post-thumbnail","hentry","category-negocios","tag-banco-abc-brasil-abcb4","tag-especialistas","tag-vale-vale3"],"yoast_head":"<!-- This site is optimized with the Yoast SEO plugin v24.4 - https:\/\/yoast.com\/wordpress\/plugins\/seo\/ -->\n<title>Vale (VALE3): BofA corta pre\u00e7o-alvo da a\u00e7\u00e3o e da ADR; veja os motivos<\/title>\n<meta name=\"description\" content=\"Vendo a desacelera\u00e7\u00e3o do cen\u00e1rio econ\u00f4mico global, analistas do BofA mant\u00e9m recomenda\u00e7\u00e3o neutra e miram R$ 99 para a Vale. Confira!\" \/>\n<meta name=\"robots\" content=\"index, follow, max-snippet:-1, max-image-preview:large, max-video-preview:-1\" \/>\n<link rel=\"canonical\" href=\"https:\/\/www.suno.com.br\/noticias\/vale-vale3-bofa-fator-china-desaceleracao\/\" \/>\n<meta property=\"og:locale\" content=\"pt_BR\" \/>\n<meta property=\"og:type\" content=\"article\" \/>\n<meta property=\"og:title\" content=\"Vale (VALE3): BofA corta pre\u00e7o-alvo da a\u00e7\u00e3o e da ADR; veja os motivos\" \/>\n<meta property=\"og:description\" content=\"Vendo a desacelera\u00e7\u00e3o do cen\u00e1rio econ\u00f4mico global, analistas do BofA mant\u00e9m recomenda\u00e7\u00e3o neutra e miram R$ 99 para a Vale. Confira!\" \/>\n<meta property=\"og:url\" content=\"https:\/\/www.suno.com.br\/noticias\/vale-vale3-bofa-fator-china-desaceleracao\/\" \/>\n<meta property=\"og:site_name\" content=\"Suno Not\u00edcias\" \/>\n<meta property=\"article:publisher\" content=\"https:\/\/facebook.com\/sunoresearch\" \/>\n<meta property=\"og:image\" content=\"https:\/\/files.sunoresearch.com.br\/n\/uploads\/2022\/05\/1615597741755.jpg\" \/>\n\t<meta property=\"og:image:width\" content=\"1200\" \/>\n\t<meta property=\"og:image:height\" content=\"900\" \/>\n\t<meta property=\"og:image:type\" content=\"image\/jpeg\" \/>\n<meta name=\"author\" content=\"Eduardo Vargas\" \/>\n<meta name=\"twitter:card\" content=\"summary_large_image\" \/>\n<meta name=\"twitter:creator\" content=\"@sunoresearch\" \/>\n<meta name=\"twitter:site\" content=\"@sunoresearch\" \/>\n<meta name=\"twitter:label1\" content=\"Escrito por\" \/>\n\t<meta name=\"twitter:data1\" content=\"Eduardo Vargas\" \/>\n\t<meta name=\"twitter:label2\" content=\"Est. tempo de leitura\" \/>\n\t<meta name=\"twitter:data2\" content=\"4 minutos\" \/>\n<script type=\"application\/ld+json\" class=\"yoast-schema-graph\">{\"@context\":\"https:\/\/schema.org\",\"@graph\":[{\"@type\":\"NewsArticle\",\"@id\":\"https:\/\/www.suno.com.br\/noticias\/vale-vale3-bofa-fator-china-desaceleracao\/#article\",\"isPartOf\":{\"@id\":\"https:\/\/www.suno.com.br\/noticias\/vale-vale3-bofa-fator-china-desaceleracao\/\"},\"author\":{\"name\":\"Eduardo Vargas\",\"@id\":\"https:\/\/www.suno.com.br\/noticias\/#\/schema\/person\/7f4d362bf3518e76090143ae77bb49a5\"},\"headline\":\"Vale (VALE3): BofA corta pre\u00e7o-alvo da a\u00e7\u00e3o e do ADR; veja os motivos\",\"datePublished\":\"2022-07-11T12:32:33+00:00\",\"mainEntityOfPage\":{\"@id\":\"https:\/\/www.suno.com.br\/noticias\/vale-vale3-bofa-fator-china-desaceleracao\/\"},\"wordCount\":688,\"publisher\":{\"@id\":\"https:\/\/www.suno.com.br\/noticias\/#organization\"},\"image\":{\"@id\":\"https:\/\/www.suno.com.br\/noticias\/vale-vale3-bofa-fator-china-desaceleracao\/#primaryimage\"},\"thumbnailUrl\":\"https:\/\/files.sunoresearch.com.br\/n\/uploads\/2022\/05\/1615597741755.jpg\",\"keywords\":[\"Banco ABC Brasil (ABCB4)\",\"Especialistas\",\"Vale (VALE3)\"],\"articleSection\":[\"Neg\u00f3cios\"],\"inLanguage\":\"pt-BR\"},{\"@type\":\"WebPage\",\"@id\":\"https:\/\/www.suno.com.br\/noticias\/vale-vale3-bofa-fator-china-desaceleracao\/\",\"url\":\"https:\/\/www.suno.com.br\/noticias\/vale-vale3-bofa-fator-china-desaceleracao\/\",\"name\":\"Vale (VALE3): BofA corta pre\u00e7o-alvo da a\u00e7\u00e3o e da ADR; veja os motivos\",\"isPartOf\":{\"@id\":\"https:\/\/www.suno.com.br\/noticias\/#website\"},\"primaryImageOfPage\":{\"@id\":\"https:\/\/www.suno.com.br\/noticias\/vale-vale3-bofa-fator-china-desaceleracao\/#primaryimage\"},\"image\":{\"@id\":\"https:\/\/www.suno.com.br\/noticias\/vale-vale3-bofa-fator-china-desaceleracao\/#primaryimage\"},\"thumbnailUrl\":\"https:\/\/files.sunoresearch.com.br\/n\/uploads\/2022\/05\/1615597741755.jpg\",\"datePublished\":\"2022-07-11T12:32:33+00:00\",\"description\":\"Vendo a desacelera\u00e7\u00e3o do cen\u00e1rio econ\u00f4mico global, analistas do BofA mant\u00e9m recomenda\u00e7\u00e3o neutra e miram R$ 99 para a Vale. Confira!\",\"breadcrumb\":{\"@id\":\"https:\/\/www.suno.com.br\/noticias\/vale-vale3-bofa-fator-china-desaceleracao\/#breadcrumb\"},\"inLanguage\":\"pt-BR\",\"potentialAction\":[{\"@type\":\"ReadAction\",\"target\":[\"https:\/\/www.suno.com.br\/noticias\/vale-vale3-bofa-fator-china-desaceleracao\/\"]}]},{\"@type\":\"ImageObject\",\"inLanguage\":\"pt-BR\",\"@id\":\"https:\/\/www.suno.com.br\/noticias\/vale-vale3-bofa-fator-china-desaceleracao\/#primaryimage\",\"url\":\"https:\/\/files.sunoresearch.com.br\/n\/uploads\/2022\/05\/1615597741755.jpg\",\"contentUrl\":\"https:\/\/files.sunoresearch.com.br\/n\/uploads\/2022\/05\/1615597741755.jpg\",\"width\":1200,\"height\":900,\"caption\":\". Foto: Pexels.\"},{\"@type\":\"BreadcrumbList\",\"@id\":\"https:\/\/www.suno.com.br\/noticias\/vale-vale3-bofa-fator-china-desaceleracao\/#breadcrumb\",\"itemListElement\":[{\"@type\":\"ListItem\",\"position\":1,\"name\":\"Not\u00edcias\",\"item\":\"https:\/\/www.suno.com.br\/noticias\/\"},{\"@type\":\"ListItem\",\"position\":2,\"name\":\"Neg\u00f3cios\",\"item\":\"https:\/\/www.suno.com.br\/noticias\/negocios\/\"},{\"@type\":\"ListItem\",\"position\":3,\"name\":\"Vale (VALE3): BofA corta pre\u00e7o-alvo da a\u00e7\u00e3o e do ADR; veja os motivos\"}]},{\"@type\":\"WebSite\",\"@id\":\"https:\/\/www.suno.com.br\/noticias\/#website\",\"url\":\"https:\/\/www.suno.com.br\/noticias\/\",\"name\":\"Suno Not\u00edcias\",\"description\":\"Seu portal de informa\u00e7\u00e3o sobre o mundo dos investimentos\",\"publisher\":{\"@id\":\"https:\/\/www.suno.com.br\/noticias\/#organization\"},\"potentialAction\":[{\"@type\":\"SearchAction\",\"target\":{\"@type\":\"EntryPoint\",\"urlTemplate\":\"https:\/\/www.suno.com.br\/noticias\/?s={search_term_string}\"},\"query-input\":{\"@type\":\"PropertyValueSpecification\",\"valueRequired\":true,\"valueName\":\"search_term_string\"}}],\"inLanguage\":\"pt-BR\"},{\"@type\":\"Organization\",\"@id\":\"https:\/\/www.suno.com.br\/noticias\/#organization\",\"name\":\"Suno Not\u00edcias\",\"url\":\"https:\/\/www.suno.com.br\/noticias\/\",\"logo\":{\"@type\":\"ImageObject\",\"inLanguage\":\"pt-BR\",\"@id\":\"https:\/\/www.suno.com.br\/noticias\/#\/schema\/logo\/image\/\",\"url\":\"https:\/\/files.sunoresearch.com.br\/n\/uploads\/2021\/09\/suno-logo.png\",\"contentUrl\":\"https:\/\/files.sunoresearch.com.br\/n\/uploads\/2021\/09\/suno-logo.png\",\"width\":180,\"height\":180,\"caption\":\"Suno Not\u00edcias\"},\"image\":{\"@id\":\"https:\/\/www.suno.com.br\/noticias\/#\/schema\/logo\/image\/\"},\"sameAs\":[\"https:\/\/facebook.com\/sunoresearch\",\"https:\/\/x.com\/sunoresearch\",\"https:\/\/www.instagram.com\/suno\",\"https:\/\/www.linkedin.com\/company\/suno-research\/\",\"https:\/\/www.youtube.com\/c\/sunoresearch\"]},{\"@type\":\"Person\",\"@id\":\"https:\/\/www.suno.com.br\/noticias\/#\/schema\/person\/7f4d362bf3518e76090143ae77bb49a5\",\"name\":\"Eduardo Vargas\",\"image\":{\"@type\":\"ImageObject\",\"inLanguage\":\"pt-BR\",\"@id\":\"https:\/\/www.suno.com.br\/noticias\/#\/schema\/person\/image\/\",\"url\":\"https:\/\/secure.gravatar.com\/avatar\/dac340933427a22924c9f99d1eb2e3f2?s=96&r=g\",\"contentUrl\":\"https:\/\/secure.gravatar.com\/avatar\/dac340933427a22924c9f99d1eb2e3f2?s=96&r=g\",\"caption\":\"Eduardo Vargas\"},\"description\":\"Jornalista formado pela UFSC, cobre macroeconomia, neg\u00f3cios e startups para o Suno Not\u00edcias, escrevendo principalmente not\u00edcias sobre o mercado financeiro e a bolsa de valores. No YouTube e no Instagram, \u00e9 respons\u00e1vel pela produ\u00e7\u00e3o de Reels e Shorts do Suno Not\u00edcias. Anteriormente, trabalhou cobrindo economia e cotidiano no ND+ e para o ND, maior jornal impresso de Santa Catarina. Cursou um semestre letivo de Estudos de M\u00eddia na Universidad de Buenos Aires.\",\"url\":\"https:\/\/www.suno.com.br\/noticias\/author\/eduardo-vargas\/\"}]}<\/script>\n<!-- \/ Yoast SEO plugin. -->","yoast_head_json":{"title":"Vale (VALE3): BofA corta pre\u00e7o-alvo da a\u00e7\u00e3o e da ADR; veja os motivos","description":"Vendo a desacelera\u00e7\u00e3o do cen\u00e1rio econ\u00f4mico global, analistas do BofA mant\u00e9m recomenda\u00e7\u00e3o neutra e miram R$ 99 para a Vale. Confira!","robots":{"index":"index","follow":"follow","max-snippet":"max-snippet:-1","max-image-preview":"max-image-preview:large","max-video-preview":"max-video-preview:-1"},"canonical":"https:\/\/www.suno.com.br\/noticias\/vale-vale3-bofa-fator-china-desaceleracao\/","og_locale":"pt_BR","og_type":"article","og_title":"Vale (VALE3): BofA corta pre\u00e7o-alvo da a\u00e7\u00e3o e da ADR; veja os motivos","og_description":"Vendo a desacelera\u00e7\u00e3o do cen\u00e1rio econ\u00f4mico global, analistas do BofA mant\u00e9m recomenda\u00e7\u00e3o neutra e miram R$ 99 para a Vale. Confira!","og_url":"https:\/\/www.suno.com.br\/noticias\/vale-vale3-bofa-fator-china-desaceleracao\/","og_site_name":"Suno Not\u00edcias","article_publisher":"https:\/\/facebook.com\/sunoresearch","og_image":[{"width":1200,"height":900,"url":"https:\/\/files.sunoresearch.com.br\/n\/uploads\/2022\/05\/1615597741755.jpg","type":"image\/jpeg"}],"author":"Eduardo Vargas","twitter_card":"summary_large_image","twitter_creator":"@sunoresearch","twitter_site":"@sunoresearch","twitter_misc":{"Escrito por":"Eduardo Vargas","Est. tempo de leitura":"4 minutos"},"schema":{"@context":"https:\/\/schema.org","@graph":[{"@type":"NewsArticle","@id":"https:\/\/www.suno.com.br\/noticias\/vale-vale3-bofa-fator-china-desaceleracao\/#article","isPartOf":{"@id":"https:\/\/www.suno.com.br\/noticias\/vale-vale3-bofa-fator-china-desaceleracao\/"},"author":{"name":"Eduardo Vargas","@id":"https:\/\/www.suno.com.br\/noticias\/#\/schema\/person\/7f4d362bf3518e76090143ae77bb49a5"},"headline":"Vale (VALE3): BofA corta pre\u00e7o-alvo da a\u00e7\u00e3o e do ADR; veja os motivos","datePublished":"2022-07-11T12:32:33+00:00","mainEntityOfPage":{"@id":"https:\/\/www.suno.com.br\/noticias\/vale-vale3-bofa-fator-china-desaceleracao\/"},"wordCount":688,"publisher":{"@id":"https:\/\/www.suno.com.br\/noticias\/#organization"},"image":{"@id":"https:\/\/www.suno.com.br\/noticias\/vale-vale3-bofa-fator-china-desaceleracao\/#primaryimage"},"thumbnailUrl":"https:\/\/files.sunoresearch.com.br\/n\/uploads\/2022\/05\/1615597741755.jpg","keywords":["Banco ABC Brasil (ABCB4)","Especialistas","Vale (VALE3)"],"articleSection":["Neg\u00f3cios"],"inLanguage":"pt-BR"},{"@type":"WebPage","@id":"https:\/\/www.suno.com.br\/noticias\/vale-vale3-bofa-fator-china-desaceleracao\/","url":"https:\/\/www.suno.com.br\/noticias\/vale-vale3-bofa-fator-china-desaceleracao\/","name":"Vale (VALE3): BofA corta pre\u00e7o-alvo da a\u00e7\u00e3o e da ADR; veja os motivos","isPartOf":{"@id":"https:\/\/www.suno.com.br\/noticias\/#website"},"primaryImageOfPage":{"@id":"https:\/\/www.suno.com.br\/noticias\/vale-vale3-bofa-fator-china-desaceleracao\/#primaryimage"},"image":{"@id":"https:\/\/www.suno.com.br\/noticias\/vale-vale3-bofa-fator-china-desaceleracao\/#primaryimage"},"thumbnailUrl":"https:\/\/files.sunoresearch.com.br\/n\/uploads\/2022\/05\/1615597741755.jpg","datePublished":"2022-07-11T12:32:33+00:00","description":"Vendo a desacelera\u00e7\u00e3o do cen\u00e1rio econ\u00f4mico global, analistas do BofA mant\u00e9m recomenda\u00e7\u00e3o neutra e miram R$ 99 para a Vale. Confira!","breadcrumb":{"@id":"https:\/\/www.suno.com.br\/noticias\/vale-vale3-bofa-fator-china-desaceleracao\/#breadcrumb"},"inLanguage":"pt-BR","potentialAction":[{"@type":"ReadAction","target":["https:\/\/www.suno.com.br\/noticias\/vale-vale3-bofa-fator-china-desaceleracao\/"]}]},{"@type":"ImageObject","inLanguage":"pt-BR","@id":"https:\/\/www.suno.com.br\/noticias\/vale-vale3-bofa-fator-china-desaceleracao\/#primaryimage","url":"https:\/\/files.sunoresearch.com.br\/n\/uploads\/2022\/05\/1615597741755.jpg","contentUrl":"https:\/\/files.sunoresearch.com.br\/n\/uploads\/2022\/05\/1615597741755.jpg","width":1200,"height":900,"caption":". Foto: Pexels."},{"@type":"BreadcrumbList","@id":"https:\/\/www.suno.com.br\/noticias\/vale-vale3-bofa-fator-china-desaceleracao\/#breadcrumb","itemListElement":[{"@type":"ListItem","position":1,"name":"Not\u00edcias","item":"https:\/\/www.suno.com.br\/noticias\/"},{"@type":"ListItem","position":2,"name":"Neg\u00f3cios","item":"https:\/\/www.suno.com.br\/noticias\/negocios\/"},{"@type":"ListItem","position":3,"name":"Vale (VALE3): BofA corta pre\u00e7o-alvo da a\u00e7\u00e3o e do ADR; veja os motivos"}]},{"@type":"WebSite","@id":"https:\/\/www.suno.com.br\/noticias\/#website","url":"https:\/\/www.suno.com.br\/noticias\/","name":"Suno Not\u00edcias","description":"Seu portal de informa\u00e7\u00e3o sobre o mundo dos investimentos","publisher":{"@id":"https:\/\/www.suno.com.br\/noticias\/#organization"},"potentialAction":[{"@type":"SearchAction","target":{"@type":"EntryPoint","urlTemplate":"https:\/\/www.suno.com.br\/noticias\/?s={search_term_string}"},"query-input":{"@type":"PropertyValueSpecification","valueRequired":true,"valueName":"search_term_string"}}],"inLanguage":"pt-BR"},{"@type":"Organization","@id":"https:\/\/www.suno.com.br\/noticias\/#organization","name":"Suno Not\u00edcias","url":"https:\/\/www.suno.com.br\/noticias\/","logo":{"@type":"ImageObject","inLanguage":"pt-BR","@id":"https:\/\/www.suno.com.br\/noticias\/#\/schema\/logo\/image\/","url":"https:\/\/files.sunoresearch.com.br\/n\/uploads\/2021\/09\/suno-logo.png","contentUrl":"https:\/\/files.sunoresearch.com.br\/n\/uploads\/2021\/09\/suno-logo.png","width":180,"height":180,"caption":"Suno Not\u00edcias"},"image":{"@id":"https:\/\/www.suno.com.br\/noticias\/#\/schema\/logo\/image\/"},"sameAs":["https:\/\/facebook.com\/sunoresearch","https:\/\/x.com\/sunoresearch","https:\/\/www.instagram.com\/suno","https:\/\/www.linkedin.com\/company\/suno-research\/","https:\/\/www.youtube.com\/c\/sunoresearch"]},{"@type":"Person","@id":"https:\/\/www.suno.com.br\/noticias\/#\/schema\/person\/7f4d362bf3518e76090143ae77bb49a5","name":"Eduardo Vargas","image":{"@type":"ImageObject","inLanguage":"pt-BR","@id":"https:\/\/www.suno.com.br\/noticias\/#\/schema\/person\/image\/","url":"https:\/\/secure.gravatar.com\/avatar\/dac340933427a22924c9f99d1eb2e3f2?s=96&r=g","contentUrl":"https:\/\/secure.gravatar.com\/avatar\/dac340933427a22924c9f99d1eb2e3f2?s=96&r=g","caption":"Eduardo Vargas"},"description":"Jornalista formado pela UFSC, cobre macroeconomia, neg\u00f3cios e startups para o Suno Not\u00edcias, escrevendo principalmente not\u00edcias sobre o mercado financeiro e a bolsa de valores. No YouTube e no Instagram, \u00e9 respons\u00e1vel pela produ\u00e7\u00e3o de Reels e Shorts do Suno Not\u00edcias. Anteriormente, trabalhou cobrindo economia e cotidiano no ND+ e para o ND, maior jornal impresso de Santa Catarina. Cursou um semestre letivo de Estudos de M\u00eddia na Universidad de Buenos Aires.","url":"https:\/\/www.suno.com.br\/noticias\/author\/eduardo-vargas\/"}]}},"default_loop_html":"<div class=\"cardsPage__listCard__boxs\"><div class=\"cardsPage__listCard__boxs__img\"><a href=\"https:\/\/www.suno.com.br\/noticias\/vale-vale3-bofa-fator-china-desaceleracao\/\"><img class=\"mask\" src=\"https:\/\/www.suno.com.br\/noticias\/wp-content\/themes\/suno\/resources\/images\/spotlight\/spotlight1img\/bg-mask.png\" alt=\"Image Mask\"\/><img src=\"https:\/\/files.sunoresearch.com.br\/n\/uploads\/2022\/05\/1615597741755-400x200.jpg\" alt=\"Vale (VALE3): BofA corta pre\u00e7o-alvo da a\u00e7\u00e3o e do ADR; veja os motivos\"\/><\/a><span class=\"spotlightCategory\"><a href=\"https:\/\/www.suno.com.br\/noticias\/negocios\/\">Neg\u00f3cios<\/a><\/span><\/div><div class=\"cardsPage__listCard__boxs__content\"><a href=\"https:\/\/www.suno.com.br\/noticias\/vale-vale3-bofa-fator-china-desaceleracao\/\"><h2 class=\"content__title\">Vale (VALE3): BofA corta pre\u00e7o-alvo da a\u00e7\u00e3o e do ADR; veja os motivos<\/h2><\/a><div class=\"newsContent__article__meta\"><div class=\"newsContent__article__meta__authorBox\"><a href=\"https:\/\/www.suno.com.br\/noticias\/author\/eduardo-vargas\/\" class=\"authorBox__avatar noMobi\"><img src=\"https:\/\/secure.gravatar.com\/avatar\/dac340933427a22924c9f99d1eb2e3f2?s=96&#038;r=g\" alt=\"Eduardo Vargas\"><\/a><div class=\"authorBox__name\"><span>por\n\t\t\t<a href=\"https:\/\/www.suno.com.br\/noticias\/author\/eduardo-vargas\/\"><span itemprop=\"author\">Eduardo Vargas<\/span><\/a><\/span><time datetime=\"2022-07-11T09:32:33-03:00\" itemprop=\"datePublished\">11\/07\/2022 09:32<\/time><\/div><\/div><\/div><\/div><\/div>","single_layout":"posts","amp_enabled":true,"_links":{"self":[{"href":"https:\/\/www.suno.com.br\/noticias\/wp-json\/wp\/v2\/posts\/274875"}],"collection":[{"href":"https:\/\/www.suno.com.br\/noticias\/wp-json\/wp\/v2\/posts"}],"about":[{"href":"https:\/\/www.suno.com.br\/noticias\/wp-json\/wp\/v2\/types\/post"}],"author":[{"embeddable":true,"href":"https:\/\/www.suno.com.br\/noticias\/wp-json\/wp\/v2\/users\/73"}],"replies":[{"embeddable":true,"href":"https:\/\/www.suno.com.br\/noticias\/wp-json\/wp\/v2\/comments?post=274875"}],"version-history":[{"count":3,"href":"https:\/\/www.suno.com.br\/noticias\/wp-json\/wp\/v2\/posts\/274875\/revisions"}],"predecessor-version":[{"id":274899,"href":"https:\/\/www.suno.com.br\/noticias\/wp-json\/wp\/v2\/posts\/274875\/revisions\/274899"}],"wp:featuredmedia":[{"embeddable":true,"href":"https:\/\/www.suno.com.br\/noticias\/wp-json\/wp\/v2\/media\/262970"}],"wp:attachment":[{"href":"https:\/\/www.suno.com.br\/noticias\/wp-json\/wp\/v2\/media?parent=274875"}],"wp:term":[{"taxonomy":"category","embeddable":true,"href":"https:\/\/www.suno.com.br\/noticias\/wp-json\/wp\/v2\/categories?post=274875"},{"taxonomy":"post_tag","embeddable":true,"href":"https:\/\/www.suno.com.br\/noticias\/wp-json\/wp\/v2\/tags?post=274875"},{"taxonomy":"suno_strategy","embeddable":true,"href":"https:\/\/www.suno.com.br\/noticias\/wp-json\/wp\/v2\/suno_strategy?post=274875"}],"curies":[{"name":"wp","href":"https:\/\/api.w.org\/{rel}","templated":true}]}}