{"id":27475,"date":"2019-06-06T11:39:54","date_gmt":"2019-06-06T14:39:54","guid":{"rendered":"https:\/\/www.suno.com.br\/noticias\/?p=27475"},"modified":"2019-06-06T11:43:02","modified_gmt":"2019-06-06T14:43:02","slug":"rodrimar-pedido-recuperacao-judicial","status":"publish","type":"post","link":"https:\/\/www.suno.com.br\/noticias\/rodrimar-pedido-recuperacao-judicial\/","title":{"rendered":"Rodrimar entra com pedido de recupera\u00e7\u00e3o judicial"},"content":{"rendered":"<p>O Grupo Rodrimar entrou com pedido de recupera\u00e7\u00e3o judicial, de acordo com comunicado da pr\u00f3pria empresa divulgado nesta quinta-feira (6). A empresa opera terminais no Porto de Santos, em S\u00e3o Paulo.<\/p>\t<div class=\"wrapper-featured-image\">\n\t\t<figure class=\"spotlightImg\">\n\n\t\t\t<picture>\n\t\t\t\t<source media=\"(max-width: 768px)\" srcset=\"https:\/\/files.sunoresearch.com.br\/n\/uploads\/2019\/06\/775d5c8e-rodrimar-400x200.webp\">\n\t\t\t\t<img loading=\"lazy\" decoding=\"async\" class=\"newsContent__article__imgCapa lazyloadDisabled newsContent__article__imgCapa--noCaption\" src=\"https:\/\/files.sunoresearch.com.br\/n\/uploads\/2019\/06\/775d5c8e-rodrimar-800x450.webp\" width=\"800\" height=\"450\" alt=\"Rodrimar entra com pedido de recupera\u00e7\u00e3o judicial\" fetchpriority=high \/>\n\t\t\t<\/picture>\n\n\t\t\t<figcaption class=\"wp-caption-text wp-caption-text--hide\">Rodrimar entra com pedido de recupera\u00e7\u00e3o judicial<\/figcaption>\n\t\t<\/figure>\n\t<\/div>\n\n\n<p>De acordo com a <strong>Rodrimar<\/strong>, a <strong>recupera\u00e7\u00e3o<\/strong> <strong>judicial<\/strong> foi pedida por conta da retra\u00e7\u00e3o econ\u00f4mica brasileira durante os \u00faltimos cinco anos. Al\u00e9m disso a empresa ainda lista a profunda crise do <strong>mercado<\/strong> <strong>portu\u00e1rio<\/strong> e as dificuldades em negociar com credores, como motivos para entrar no processo.<\/p>\n\t<p>\n\t\t<a href=\"https:\/\/lp2.suno.com.br\/lm\/minicurso-construindo-um-portfolio-milionario?utm_campaign=_SNCEBB048DA_sc.mcpm26&#038;utm_source=suno.com.br&#038;utm_medium=banner.noticias\" target=\"_blank\" data-element=\"shortcode-suno-banner\" title=\"Banner SUNO, clique e saiba mais\">\n\t\t\t<picture>\n\t\t\t\t<source media=\"(max-width: 500px)\" srcset=\"https:\/\/files.sunoresearch.com.br\/n\/uploads\/2026\/01\/MB-PS-HOME-DE-ARTIGOS-400x300-ID_01_x1-jpg.webp\">\n\t\t\t\t<img class=\"newsContent__article__imgCapa newsContent__article__imgCapa--banner\"\n\t\t\t\t\tsrc=\"https:\/\/files.sunoresearch.com.br\/n\/uploads\/2026\/01\/DT-PS-HOME-DE-ARTIGOS-1420x240-ID_01_x1-jpg.webp\"\n\t\t\t\t\tdata-promo-id=\"638432\"\t\t\t\t\t\t\t\t\t\twidth='1420' height='240'\t\t\t\t\talt=\"https:\/\/files.sunoresearch.com.br\/n\/uploads\/2026\/01\/DT-PS-HOME-DE-ARTIGOS-1420x240-ID_01_x1-jpg.webp\"\n\t\t\t\t>\n\t\t\t<\/picture>\n\t\t<\/a>\n\t<\/p>\n\n\n<p>Segundo ela, a recupera\u00e7\u00e3o judicial indica um &#8220;o in\u00edcio de uma nova etapa&#8221;, porque fornece garantia e seguran\u00e7a para que seja feita a <strong>negocia\u00e7\u00e3o<\/strong> de todas as <strong>pend\u00eancias<\/strong> com os <strong>credores<\/strong>.<\/p>\n<p>O grupo afirma que a medida foi tomada para que suas empresas honrem &#8220;seus <strong>compromisso<\/strong> com fornecedores, funcion\u00e1rios, parceiros, clientes e credores, com menor impacto poss\u00edvel, como sempre aconteceu ao longo de sua hist\u00f3ria de mais de 70 anos de atividades&#8221;.<\/p>\n<p>Al\u00e9m disso, a Rodrimar afirma que sem que as opera\u00e7\u00f5es de suas empresas sejam interrompidas, o grupo conseguir\u00e1 recolher a <strong>receita<\/strong> necess\u00e1ria para cobrir as demandas.<\/p>\n<p>O regime de <strong>recupera\u00e7\u00e3o<\/strong> <strong>judicial<\/strong> tem por objetivo viabilizar a supera\u00e7\u00e3o das atuais dificuldades econ\u00f4mico-financeiras, a fim de permitir que as empresas continuem atuando e, com isso, preservar os direitos de todos os interessados.<\/p>\n<p><a href=\"https:\/\/www.suno.com.br\/noticias\/renault-cai-6-paris-iat-desistir-fusao\/\">Saiba mais:\u00a0Renault cai mais de 6% em Paris ap\u00f3s Fiat retirar proposta de fus\u00e3o<\/a><\/p>\n<h2>Alvo de investiga\u00e7\u00e3o<\/h2>\n<p>A Rodrimar \u00e9 alvo de <strong>investiga\u00e7\u00e3o<\/strong> por supostamente ter pago propina ao ex-presidente <strong>Michel<\/strong> <strong>Temer<\/strong>, para que fosse beneficiada pelo decreto dos portos, emitido em 2017.<\/p>\n<p>As investiga\u00e7\u00f5es do caso levaram ao indiciamento de tr\u00eas executivos da empresa, al\u00e9m do ex-presidente Temer, o coronel Jo\u00e3o Baptista Lima e o ex-deputado Rodrigo Rocha Loures.<\/p>\n<h2>Ocupa\u00e7\u00f5es da empresa<\/h2>\n<p>No<strong> Porto de Santos<\/strong> a Rodrimar opera um terminal de <strong>cont\u00eaineres<\/strong> de 70 mil metros quadrados. Al\u00e9m do terminal, localizado em Sabo\u00f3, a empresa controla o terminal P\u00e9rola, em Outeirinhos.<\/p>\n\t<p>\n\t\t<a href=\"https:\/\/lp.suno.com.br\/minicurso-investindo-fiis\/\" target=\"_blank\" data-element=\"shortcode-suno-banner\" title=\"Banner SUNO, clique e saiba mais\">\n\t\t\t<picture>\n\t\t\t\t<source media=\"(max-width: 500px)\" srcset=\"https:\/\/files.sunoresearch.com.br\/n\/uploads\/2023\/07\/400x300-Minicurso-FIIS.png\">\n\t\t\t\t<img class=\"newsContent__article__imgCapa newsContent__article__imgCapa--banner\"\n\t\t\t\t\tsrc=\"https:\/\/files.sunoresearch.com.br\/n\/uploads\/2023\/07\/1420x240-Minicurso-FIIS.png\"\n\t\t\t\t\tdata-promo-id=\"311935\"\t\t\t\t\t\t\t\t\t\twidth='1420' height='240'\t\t\t\t\talt=\"https:\/\/files.sunoresearch.com.br\/n\/uploads\/2023\/07\/1420x240-Minicurso-FIIS.png\"\n\t\t\t\t>\n\t\t\t<\/picture>\n\t\t<\/a>\n\t<\/p>\n\n\n<p>O grupo ainda possui um terminal no <strong>Porto de Recife<\/strong>. Em Ribeir\u00e3o Preto, no interior de S\u00e3o Paulo, e em Miami, Estados Unidos, a <strong>Rodrimar<\/strong> possui terminais para atender o mercado portu\u00e1rio.<\/p>\n","protected":false},"excerpt":{"rendered":"<p>O Grupo Rodrimar entrou com pedido de recupera\u00e7\u00e3o judicial, de acordo com comunicado da pr\u00f3pria empresa divulgado nesta quinta-feira (6). A empresa opera terminais no Porto de Santos, em S\u00e3o Paulo. Rodrimar entra com pedido de recupera\u00e7\u00e3o judicial De acordo com a Rodrimar, a recupera\u00e7\u00e3o judicial foi pedida por conta da retra\u00e7\u00e3o econ\u00f4mica brasileira durante [&hellip;]<\/p>\n","protected":false},"author":11,"featured_media":27481,"comment_status":"closed","ping_status":"closed","sticky":false,"template":"","format":"standard","meta":[],"categories":[64],"tags":[],"suno_strategy":[],"class_list":["post-27475","post","type-post","status-publish","format-standard","has-post-thumbnail","hentry","category-negocios"],"yoast_head":"<!-- This site is optimized with the Yoast SEO plugin v24.4 - https:\/\/yoast.com\/wordpress\/plugins\/seo\/ -->\n<title>Rodrimar entra com pedido de recupera\u00e7\u00e3o judicial<\/title>\n<meta name=\"description\" content=\"Rodrimar \u00e9 investigada por suposto pagamento de propina \u00e0 Michel Temer, para ser beneficiada no decreto dos portos. Clique e saiba mais.\" \/>\n<meta name=\"robots\" content=\"index, follow, max-snippet:-1, max-image-preview:large, max-video-preview:-1\" \/>\n<link rel=\"canonical\" href=\"https:\/\/www.suno.com.br\/noticias\/rodrimar-pedido-recuperacao-judicial\/\" \/>\n<meta property=\"og:locale\" content=\"pt_BR\" \/>\n<meta property=\"og:type\" content=\"article\" \/>\n<meta property=\"og:title\" content=\"Rodrimar entra com pedido de recupera\u00e7\u00e3o judicial\" \/>\n<meta property=\"og:description\" content=\"Rodrimar \u00e9 investigada por suposto pagamento de propina \u00e0 Michel Temer, para ser beneficiada no decreto dos portos. Clique e saiba mais.\" \/>\n<meta property=\"og:url\" content=\"https:\/\/www.suno.com.br\/noticias\/rodrimar-pedido-recuperacao-judicial\/\" \/>\n<meta property=\"og:site_name\" content=\"Suno Not\u00edcias\" \/>\n<meta property=\"article:publisher\" content=\"https:\/\/facebook.com\/sunoresearch\" \/>\n<meta property=\"og:image\" content=\"https:\/\/files.sunoresearch.com.br\/n\/uploads\/2019\/06\/775d5c8e-rodrimar.jpg\" \/>\n\t<meta property=\"og:image:width\" content=\"1024\" \/>\n\t<meta property=\"og:image:height\" content=\"683\" \/>\n\t<meta property=\"og:image:type\" content=\"image\/jpeg\" \/>\n<meta name=\"author\" content=\"Renan Bandeira\" \/>\n<meta name=\"twitter:card\" content=\"summary_large_image\" \/>\n<meta name=\"twitter:creator\" content=\"@sunoresearch\" \/>\n<meta name=\"twitter:site\" content=\"@sunoresearch\" \/>\n<meta name=\"twitter:label1\" content=\"Escrito por\" \/>\n\t<meta name=\"twitter:data1\" content=\"Renan Bandeira\" \/>\n\t<meta name=\"twitter:label2\" content=\"Est. tempo de leitura\" \/>\n\t<meta name=\"twitter:data2\" content=\"2 minutos\" \/>\n<script type=\"application\/ld+json\" class=\"yoast-schema-graph\">{\"@context\":\"https:\/\/schema.org\",\"@graph\":[{\"@type\":\"NewsArticle\",\"@id\":\"https:\/\/www.suno.com.br\/noticias\/rodrimar-pedido-recuperacao-judicial\/#article\",\"isPartOf\":{\"@id\":\"https:\/\/www.suno.com.br\/noticias\/rodrimar-pedido-recuperacao-judicial\/\"},\"author\":{\"name\":\"Renan Bandeira\",\"@id\":\"https:\/\/www.suno.com.br\/noticias\/#\/schema\/person\/fc144a1c6108bd1dcd43784e88a3c138\"},\"headline\":\"Rodrimar entra com pedido de recupera\u00e7\u00e3o judicial\",\"datePublished\":\"2019-06-06T14:39:54+00:00\",\"dateModified\":\"2019-06-06T14:43:02+00:00\",\"mainEntityOfPage\":{\"@id\":\"https:\/\/www.suno.com.br\/noticias\/rodrimar-pedido-recuperacao-judicial\/\"},\"wordCount\":390,\"publisher\":{\"@id\":\"https:\/\/www.suno.com.br\/noticias\/#organization\"},\"image\":{\"@id\":\"https:\/\/www.suno.com.br\/noticias\/rodrimar-pedido-recuperacao-judicial\/#primaryimage\"},\"thumbnailUrl\":\"https:\/\/files.sunoresearch.com.br\/n\/uploads\/2019\/06\/775d5c8e-rodrimar-jpg.webp\",\"articleSection\":[\"Neg\u00f3cios\"],\"inLanguage\":\"pt-BR\"},{\"@type\":\"WebPage\",\"@id\":\"https:\/\/www.suno.com.br\/noticias\/rodrimar-pedido-recuperacao-judicial\/\",\"url\":\"https:\/\/www.suno.com.br\/noticias\/rodrimar-pedido-recuperacao-judicial\/\",\"name\":\"Rodrimar entra com pedido de recupera\u00e7\u00e3o judicial\",\"isPartOf\":{\"@id\":\"https:\/\/www.suno.com.br\/noticias\/#website\"},\"primaryImageOfPage\":{\"@id\":\"https:\/\/www.suno.com.br\/noticias\/rodrimar-pedido-recuperacao-judicial\/#primaryimage\"},\"image\":{\"@id\":\"https:\/\/www.suno.com.br\/noticias\/rodrimar-pedido-recuperacao-judicial\/#primaryimage\"},\"thumbnailUrl\":\"https:\/\/files.sunoresearch.com.br\/n\/uploads\/2019\/06\/775d5c8e-rodrimar-jpg.webp\",\"datePublished\":\"2019-06-06T14:39:54+00:00\",\"dateModified\":\"2019-06-06T14:43:02+00:00\",\"description\":\"Rodrimar \u00e9 investigada por suposto pagamento de propina \u00e0 Michel Temer, para ser beneficiada no decreto dos portos. Clique e saiba mais.\",\"breadcrumb\":{\"@id\":\"https:\/\/www.suno.com.br\/noticias\/rodrimar-pedido-recuperacao-judicial\/#breadcrumb\"},\"inLanguage\":\"pt-BR\",\"potentialAction\":[{\"@type\":\"ReadAction\",\"target\":[\"https:\/\/www.suno.com.br\/noticias\/rodrimar-pedido-recuperacao-judicial\/\"]}]},{\"@type\":\"ImageObject\",\"inLanguage\":\"pt-BR\",\"@id\":\"https:\/\/www.suno.com.br\/noticias\/rodrimar-pedido-recuperacao-judicial\/#primaryimage\",\"url\":\"https:\/\/files.sunoresearch.com.br\/n\/uploads\/2019\/06\/775d5c8e-rodrimar-jpg.webp\",\"contentUrl\":\"https:\/\/files.sunoresearch.com.br\/n\/uploads\/2019\/06\/775d5c8e-rodrimar-jpg.webp\",\"width\":1024,\"height\":683,\"caption\":\"Rodrimar entra com pedido de recupera\u00e7\u00e3o judicial\"},{\"@type\":\"BreadcrumbList\",\"@id\":\"https:\/\/www.suno.com.br\/noticias\/rodrimar-pedido-recuperacao-judicial\/#breadcrumb\",\"itemListElement\":[{\"@type\":\"ListItem\",\"position\":1,\"name\":\"Not\u00edcias\",\"item\":\"https:\/\/www.suno.com.br\/noticias\/\"},{\"@type\":\"ListItem\",\"position\":2,\"name\":\"Neg\u00f3cios\",\"item\":\"https:\/\/www.suno.com.br\/noticias\/negocios\/\"},{\"@type\":\"ListItem\",\"position\":3,\"name\":\"Rodrimar entra com pedido de recupera\u00e7\u00e3o judicial\"}]},{\"@type\":\"WebSite\",\"@id\":\"https:\/\/www.suno.com.br\/noticias\/#website\",\"url\":\"https:\/\/www.suno.com.br\/noticias\/\",\"name\":\"Suno Not\u00edcias\",\"description\":\"Seu portal de informa\u00e7\u00e3o sobre o mundo dos investimentos\",\"publisher\":{\"@id\":\"https:\/\/www.suno.com.br\/noticias\/#organization\"},\"potentialAction\":[{\"@type\":\"SearchAction\",\"target\":{\"@type\":\"EntryPoint\",\"urlTemplate\":\"https:\/\/www.suno.com.br\/noticias\/?s={search_term_string}\"},\"query-input\":{\"@type\":\"PropertyValueSpecification\",\"valueRequired\":true,\"valueName\":\"search_term_string\"}}],\"inLanguage\":\"pt-BR\"},{\"@type\":\"Organization\",\"@id\":\"https:\/\/www.suno.com.br\/noticias\/#organization\",\"name\":\"Suno Not\u00edcias\",\"url\":\"https:\/\/www.suno.com.br\/noticias\/\",\"logo\":{\"@type\":\"ImageObject\",\"inLanguage\":\"pt-BR\",\"@id\":\"https:\/\/www.suno.com.br\/noticias\/#\/schema\/logo\/image\/\",\"url\":\"https:\/\/files.sunoresearch.com.br\/n\/uploads\/2021\/09\/suno-logo.png\",\"contentUrl\":\"https:\/\/files.sunoresearch.com.br\/n\/uploads\/2021\/09\/suno-logo.png\",\"width\":180,\"height\":180,\"caption\":\"Suno Not\u00edcias\"},\"image\":{\"@id\":\"https:\/\/www.suno.com.br\/noticias\/#\/schema\/logo\/image\/\"},\"sameAs\":[\"https:\/\/facebook.com\/sunoresearch\",\"https:\/\/x.com\/sunoresearch\",\"https:\/\/www.instagram.com\/suno\",\"https:\/\/www.linkedin.com\/company\/suno-research\/\",\"https:\/\/www.youtube.com\/c\/sunoresearch\"]},{\"@type\":\"Person\",\"@id\":\"https:\/\/www.suno.com.br\/noticias\/#\/schema\/person\/fc144a1c6108bd1dcd43784e88a3c138\",\"name\":\"Renan Bandeira\",\"image\":{\"@type\":\"ImageObject\",\"inLanguage\":\"pt-BR\",\"@id\":\"https:\/\/www.suno.com.br\/noticias\/#\/schema\/person\/image\/\",\"url\":\"https:\/\/secure.gravatar.com\/avatar\/68359cdb608f14f11bbefcb78f3fc747?s=96&r=g\",\"contentUrl\":\"https:\/\/secure.gravatar.com\/avatar\/68359cdb608f14f11bbefcb78f3fc747?s=96&r=g\",\"caption\":\"Renan Bandeira\"},\"description\":\"Renan Bandeira escreve sobre pol\u00edtica e economia para o portal da Suno Research. Antes da Suno, trabalhou em uma rede de televis\u00e3o, onde fazia reportagens sobre os mesmos temas. Estuda na Universidade Metodista de S\u00e3o Paulo.\",\"url\":\"https:\/\/www.suno.com.br\/noticias\/author\/renan-bandeira\/\"}]}<\/script>\n<!-- \/ Yoast SEO plugin. -->","yoast_head_json":{"title":"Rodrimar entra com pedido de recupera\u00e7\u00e3o judicial","description":"Rodrimar \u00e9 investigada por suposto pagamento de propina \u00e0 Michel Temer, para ser beneficiada no decreto dos portos. Clique e saiba mais.","robots":{"index":"index","follow":"follow","max-snippet":"max-snippet:-1","max-image-preview":"max-image-preview:large","max-video-preview":"max-video-preview:-1"},"canonical":"https:\/\/www.suno.com.br\/noticias\/rodrimar-pedido-recuperacao-judicial\/","og_locale":"pt_BR","og_type":"article","og_title":"Rodrimar entra com pedido de recupera\u00e7\u00e3o judicial","og_description":"Rodrimar \u00e9 investigada por suposto pagamento de propina \u00e0 Michel Temer, para ser beneficiada no decreto dos portos. Clique e saiba mais.","og_url":"https:\/\/www.suno.com.br\/noticias\/rodrimar-pedido-recuperacao-judicial\/","og_site_name":"Suno Not\u00edcias","article_publisher":"https:\/\/facebook.com\/sunoresearch","og_image":[{"width":1024,"height":683,"url":"https:\/\/files.sunoresearch.com.br\/n\/uploads\/2019\/06\/775d5c8e-rodrimar.jpg","type":"image\/jpeg"}],"author":"Renan Bandeira","twitter_card":"summary_large_image","twitter_creator":"@sunoresearch","twitter_site":"@sunoresearch","twitter_misc":{"Escrito por":"Renan Bandeira","Est. tempo de leitura":"2 minutos"},"schema":{"@context":"https:\/\/schema.org","@graph":[{"@type":"NewsArticle","@id":"https:\/\/www.suno.com.br\/noticias\/rodrimar-pedido-recuperacao-judicial\/#article","isPartOf":{"@id":"https:\/\/www.suno.com.br\/noticias\/rodrimar-pedido-recuperacao-judicial\/"},"author":{"name":"Renan Bandeira","@id":"https:\/\/www.suno.com.br\/noticias\/#\/schema\/person\/fc144a1c6108bd1dcd43784e88a3c138"},"headline":"Rodrimar entra com pedido de recupera\u00e7\u00e3o judicial","datePublished":"2019-06-06T14:39:54+00:00","dateModified":"2019-06-06T14:43:02+00:00","mainEntityOfPage":{"@id":"https:\/\/www.suno.com.br\/noticias\/rodrimar-pedido-recuperacao-judicial\/"},"wordCount":390,"publisher":{"@id":"https:\/\/www.suno.com.br\/noticias\/#organization"},"image":{"@id":"https:\/\/www.suno.com.br\/noticias\/rodrimar-pedido-recuperacao-judicial\/#primaryimage"},"thumbnailUrl":"https:\/\/files.sunoresearch.com.br\/n\/uploads\/2019\/06\/775d5c8e-rodrimar-jpg.webp","articleSection":["Neg\u00f3cios"],"inLanguage":"pt-BR"},{"@type":"WebPage","@id":"https:\/\/www.suno.com.br\/noticias\/rodrimar-pedido-recuperacao-judicial\/","url":"https:\/\/www.suno.com.br\/noticias\/rodrimar-pedido-recuperacao-judicial\/","name":"Rodrimar entra com pedido de recupera\u00e7\u00e3o judicial","isPartOf":{"@id":"https:\/\/www.suno.com.br\/noticias\/#website"},"primaryImageOfPage":{"@id":"https:\/\/www.suno.com.br\/noticias\/rodrimar-pedido-recuperacao-judicial\/#primaryimage"},"image":{"@id":"https:\/\/www.suno.com.br\/noticias\/rodrimar-pedido-recuperacao-judicial\/#primaryimage"},"thumbnailUrl":"https:\/\/files.sunoresearch.com.br\/n\/uploads\/2019\/06\/775d5c8e-rodrimar-jpg.webp","datePublished":"2019-06-06T14:39:54+00:00","dateModified":"2019-06-06T14:43:02+00:00","description":"Rodrimar \u00e9 investigada por suposto pagamento de propina \u00e0 Michel Temer, para ser beneficiada no decreto dos portos. Clique e saiba mais.","breadcrumb":{"@id":"https:\/\/www.suno.com.br\/noticias\/rodrimar-pedido-recuperacao-judicial\/#breadcrumb"},"inLanguage":"pt-BR","potentialAction":[{"@type":"ReadAction","target":["https:\/\/www.suno.com.br\/noticias\/rodrimar-pedido-recuperacao-judicial\/"]}]},{"@type":"ImageObject","inLanguage":"pt-BR","@id":"https:\/\/www.suno.com.br\/noticias\/rodrimar-pedido-recuperacao-judicial\/#primaryimage","url":"https:\/\/files.sunoresearch.com.br\/n\/uploads\/2019\/06\/775d5c8e-rodrimar-jpg.webp","contentUrl":"https:\/\/files.sunoresearch.com.br\/n\/uploads\/2019\/06\/775d5c8e-rodrimar-jpg.webp","width":1024,"height":683,"caption":"Rodrimar entra com pedido de recupera\u00e7\u00e3o judicial"},{"@type":"BreadcrumbList","@id":"https:\/\/www.suno.com.br\/noticias\/rodrimar-pedido-recuperacao-judicial\/#breadcrumb","itemListElement":[{"@type":"ListItem","position":1,"name":"Not\u00edcias","item":"https:\/\/www.suno.com.br\/noticias\/"},{"@type":"ListItem","position":2,"name":"Neg\u00f3cios","item":"https:\/\/www.suno.com.br\/noticias\/negocios\/"},{"@type":"ListItem","position":3,"name":"Rodrimar entra com pedido de recupera\u00e7\u00e3o judicial"}]},{"@type":"WebSite","@id":"https:\/\/www.suno.com.br\/noticias\/#website","url":"https:\/\/www.suno.com.br\/noticias\/","name":"Suno Not\u00edcias","description":"Seu portal de informa\u00e7\u00e3o sobre o mundo dos investimentos","publisher":{"@id":"https:\/\/www.suno.com.br\/noticias\/#organization"},"potentialAction":[{"@type":"SearchAction","target":{"@type":"EntryPoint","urlTemplate":"https:\/\/www.suno.com.br\/noticias\/?s={search_term_string}"},"query-input":{"@type":"PropertyValueSpecification","valueRequired":true,"valueName":"search_term_string"}}],"inLanguage":"pt-BR"},{"@type":"Organization","@id":"https:\/\/www.suno.com.br\/noticias\/#organization","name":"Suno Not\u00edcias","url":"https:\/\/www.suno.com.br\/noticias\/","logo":{"@type":"ImageObject","inLanguage":"pt-BR","@id":"https:\/\/www.suno.com.br\/noticias\/#\/schema\/logo\/image\/","url":"https:\/\/files.sunoresearch.com.br\/n\/uploads\/2021\/09\/suno-logo.png","contentUrl":"https:\/\/files.sunoresearch.com.br\/n\/uploads\/2021\/09\/suno-logo.png","width":180,"height":180,"caption":"Suno Not\u00edcias"},"image":{"@id":"https:\/\/www.suno.com.br\/noticias\/#\/schema\/logo\/image\/"},"sameAs":["https:\/\/facebook.com\/sunoresearch","https:\/\/x.com\/sunoresearch","https:\/\/www.instagram.com\/suno","https:\/\/www.linkedin.com\/company\/suno-research\/","https:\/\/www.youtube.com\/c\/sunoresearch"]},{"@type":"Person","@id":"https:\/\/www.suno.com.br\/noticias\/#\/schema\/person\/fc144a1c6108bd1dcd43784e88a3c138","name":"Renan Bandeira","image":{"@type":"ImageObject","inLanguage":"pt-BR","@id":"https:\/\/www.suno.com.br\/noticias\/#\/schema\/person\/image\/","url":"https:\/\/secure.gravatar.com\/avatar\/68359cdb608f14f11bbefcb78f3fc747?s=96&r=g","contentUrl":"https:\/\/secure.gravatar.com\/avatar\/68359cdb608f14f11bbefcb78f3fc747?s=96&r=g","caption":"Renan Bandeira"},"description":"Renan Bandeira escreve sobre pol\u00edtica e economia para o portal da Suno Research. Antes da Suno, trabalhou em uma rede de televis\u00e3o, onde fazia reportagens sobre os mesmos temas. Estuda na Universidade Metodista de S\u00e3o Paulo.","url":"https:\/\/www.suno.com.br\/noticias\/author\/renan-bandeira\/"}]}},"default_loop_html":"<div class=\"cardsPage__listCard__boxs\"><div class=\"cardsPage__listCard__boxs__img\"><a href=\"https:\/\/www.suno.com.br\/noticias\/rodrimar-pedido-recuperacao-judicial\/\"><img class=\"mask\" src=\"https:\/\/www.suno.com.br\/noticias\/wp-content\/themes\/suno\/resources\/images\/spotlight\/spotlight1img\/bg-mask.png\" alt=\"Image Mask\"\/><img src=\"https:\/\/files.sunoresearch.com.br\/n\/uploads\/2019\/06\/775d5c8e-rodrimar-400x200.webp\" alt=\"Rodrimar entra com pedido de recupera\u00e7\u00e3o judicial\"\/><\/a><span class=\"spotlightCategory\"><a href=\"https:\/\/www.suno.com.br\/noticias\/negocios\/\">Neg\u00f3cios<\/a><\/span><\/div><div class=\"cardsPage__listCard__boxs__content\"><a href=\"https:\/\/www.suno.com.br\/noticias\/rodrimar-pedido-recuperacao-judicial\/\"><h2 class=\"content__title\">Rodrimar entra com pedido de recupera\u00e7\u00e3o judicial<\/h2><\/a><div class=\"newsContent__article__meta\"><div class=\"newsContent__article__meta__authorBox\"><a href=\"https:\/\/www.suno.com.br\/noticias\/author\/renan-bandeira\/\" class=\"authorBox__avatar noMobi\"><img src=\"https:\/\/secure.gravatar.com\/avatar\/68359cdb608f14f11bbefcb78f3fc747?s=96&#038;r=g\" alt=\"Renan Bandeira\"><\/a><div class=\"authorBox__name\"><span>por\n\t\t\t<a href=\"https:\/\/www.suno.com.br\/noticias\/author\/renan-bandeira\/\"><span itemprop=\"author\">Renan Bandeira<\/span><\/a><\/span><time datetime=\"2019-06-06T11:39:54-03:00\" itemprop=\"datePublished\">06\/06\/2019 11:39<\/time><\/div><\/div><\/div><\/div><\/div>","single_layout":"posts","amp_enabled":true,"_links":{"self":[{"href":"https:\/\/www.suno.com.br\/noticias\/wp-json\/wp\/v2\/posts\/27475"}],"collection":[{"href":"https:\/\/www.suno.com.br\/noticias\/wp-json\/wp\/v2\/posts"}],"about":[{"href":"https:\/\/www.suno.com.br\/noticias\/wp-json\/wp\/v2\/types\/post"}],"author":[{"embeddable":true,"href":"https:\/\/www.suno.com.br\/noticias\/wp-json\/wp\/v2\/users\/11"}],"replies":[{"embeddable":true,"href":"https:\/\/www.suno.com.br\/noticias\/wp-json\/wp\/v2\/comments?post=27475"}],"version-history":[{"count":0,"href":"https:\/\/www.suno.com.br\/noticias\/wp-json\/wp\/v2\/posts\/27475\/revisions"}],"wp:featuredmedia":[{"embeddable":true,"href":"https:\/\/www.suno.com.br\/noticias\/wp-json\/wp\/v2\/media\/27481"}],"wp:attachment":[{"href":"https:\/\/www.suno.com.br\/noticias\/wp-json\/wp\/v2\/media?parent=27475"}],"wp:term":[{"taxonomy":"category","embeddable":true,"href":"https:\/\/www.suno.com.br\/noticias\/wp-json\/wp\/v2\/categories?post=27475"},{"taxonomy":"post_tag","embeddable":true,"href":"https:\/\/www.suno.com.br\/noticias\/wp-json\/wp\/v2\/tags?post=27475"},{"taxonomy":"suno_strategy","embeddable":true,"href":"https:\/\/www.suno.com.br\/noticias\/wp-json\/wp\/v2\/suno_strategy?post=27475"}],"curies":[{"name":"wp","href":"https:\/\/api.w.org\/{rel}","templated":true}]}}