{"id":27471,"date":"2019-06-06T10:26:49","date_gmt":"2019-06-06T13:26:49","guid":{"rendered":"https:\/\/www.suno.com.br\/noticias\/?p=27471"},"modified":"2019-06-06T10:26:49","modified_gmt":"2019-06-06T13:26:49","slug":"talude-vale-movimentar-anm","status":"publish","type":"post","link":"https:\/\/www.suno.com.br\/noticias\/talude-vale-movimentar-anm\/","title":{"rendered":"Talude da Vale volta a se movimentar mais de 40 cm por dia, diz ANM"},"content":{"rendered":"<p>A velocidade do talude norte da mina de Gongo Soco da Vale, em Bar\u00e3o de Cocais (MG) voltou a ultrapassar os 40 cm por dia na tarde da \u00faltima quarta-feira (5), de acordo com a <strong>Ag\u00eancia Nacional de Minera\u00e7\u00e3o (ANM)<\/strong>.<\/p>\t<div class=\"wrapper-featured-image\">\n\t\t<figure class=\"spotlightImg\">\n\n\t\t\t<picture>\n\t\t\t\t<source media=\"(max-width: 768px)\" srcset=\"https:\/\/files.sunoresearch.com.br\/n\/uploads\/2019\/04\/0f373374-vale-400x200.webp\">\n\t\t\t\t<img loading=\"lazy\" decoding=\"async\" class=\"newsContent__article__imgCapa lazyloadDisabled newsContent__article__imgCapa--noCaption\" src=\"https:\/\/files.sunoresearch.com.br\/n\/uploads\/2019\/04\/0f373374-vale-800x450.webp\" width=\"800\" height=\"450\" alt=\"Talude da Vale volta a se movimentar mais de 40 cm por dia, diz ANM\" fetchpriority=high \/>\n\t\t\t<\/picture>\n\n\t\t\t<figcaption class=\"wp-caption-text wp-caption-text--hide\">Logo da Vale (foto: divulga\u00e7\u00e3o) <\/figcaption>\n\t\t<\/figure>\n\t<\/div>\n\n\n<p>A movimenta\u00e7\u00e3o do talude da <strong>Vale<\/strong> vinha perdendo velocidade deste o \u00faltimo final de semana, onde havia se deslocado 44,2 cm no domingo (2). Depois disso, o <strong>deslocamento<\/strong> caiu para 41,7 cm na segunda-feira (3) e 39,4 cm na ter\u00e7a (4). No entanto, na \u00faltima tarde, a velocidade voltou a aumentar.<\/p>\n<p>De acordo com a ag\u00eancia, o aumento do deslocamento di\u00e1rio n\u00e3o alterou o alerta sobre o poss\u00edvel rompimento.<\/p>\n\t<p>\n\t\t<a href=\"https:\/\/lp.suno.com.br\/pv\/sr-premium\/trial-1-real\/\" target=\"_blank\" data-element=\"shortcode-suno-banner\" title=\"Banner SUNO, clique e saiba mais\">\n\t\t\t<picture>\n\t\t\t\t<source media=\"(max-width: 500px)\" srcset=\"https:\/\/files.sunoresearch.com.br\/n\/uploads\/2024\/04\/400x300-Banner-Home-2.png\">\n\t\t\t\t<img class=\"newsContent__article__imgCapa newsContent__article__imgCapa--banner\"\n\t\t\t\t\tsrc=\"https:\/\/files.sunoresearch.com.br\/n\/uploads\/2024\/04\/1420x240-Banner-Home-2.png\"\n\t\t\t\t\tdata-promo-id=\"541556\"\t\t\t\t\t\t\t\t\t\twidth='1420' height='240'\t\t\t\t\talt=\"https:\/\/files.sunoresearch.com.br\/n\/uploads\/2024\/04\/1420x240-Banner-Home-2.png\"\n\t\t\t\t>\n\t\t\t<\/picture>\n\t\t<\/a>\n\t<\/p>\n\n\n<h2>Blocos se desprendem<\/h2>\n<p><strong>Blocos<\/strong> do talude norte da mina de Gongo Soco, em Bar\u00e3o de Cocais, se desprenderam na manh\u00e3 desta sexta-feira (31), no entanto, de acordo com a Vale, a estrutura da <strong>barragem<\/strong> <strong>Sul<\/strong> <strong>Superior<\/strong> n\u00e3o foi afetada.<\/p>\n<p>De acordo com a <strong>Vale<\/strong>, o material deslizou &#8220;de forma gradual, o que at\u00e9 o momento corrobora as estimativas de que o desprendimento do talude dever\u00e1 ocorrer sem maiores consequ\u00eancias&#8221;.<\/p>\n<p><a href=\"https:\/\/www.suno.com.br\/noticias\/talude-mina-vale-desprende\/\">Saiba mais:\u00a0Blocos do talude da Mina de Gongo Soco da Vale se desprendem<\/a><\/p>\n<p>A estrutura da mina de <strong>Gongo<\/strong> <strong>Soco<\/strong> fica a 1,5 quil\u00f4metros da barragem Superior Sul. O principal receio por parte da Defesa Civil e da Ag\u00eancia Nacional de Minera\u00e7\u00e3o (ANM), \u00e9 de que o rompimento do talude da mina ocasione um\u00a0rompimento em cadeia, destruindo a barragem Superior Sul e liberando 6 milh\u00f5es de m\u00b3 de rejeitos.<\/p>\n<h2>Consequ\u00eancias de Brumadinho<\/h2>\n<p>Uma avalanche de lama destruiu a cidade de <strong>Brumadinho<\/strong>, em Minas Gerais, em 25 de janeiro deste ano. A <strong>quebra<\/strong> <strong>da<\/strong> <strong>barragem<\/strong> da Vale deixou 245 <strong>mortos<\/strong> e 25 pessoas seguem desaparecidas.<\/p>\n<p>Al\u00e9m de destruir casas e tirar a vida dos moradores do local, os rejeitos liberados ap\u00f3s o rompimento da estrutura atingiram a vegeta\u00e7\u00e3o e o rio Paraopeba, causando tamb\u00e9m um <strong>desastre<\/strong> <strong>ambiental<\/strong>.<\/p>\n\t<p>\n\t\t<a href=\"https:\/\/lp.suno.com.br\/pv\/sr-premium\/trial-1-real\/\" target=\"_blank\" data-element=\"shortcode-suno-banner\" title=\"Banner SUNO, clique e saiba mais\">\n\t\t\t<picture>\n\t\t\t\t<source media=\"(max-width: 500px)\" srcset=\"https:\/\/files.sunoresearch.com.br\/n\/uploads\/2024\/04\/400x300-Banner-Home-2.png\">\n\t\t\t\t<img class=\"newsContent__article__imgCapa newsContent__article__imgCapa--banner\"\n\t\t\t\t\tsrc=\"https:\/\/files.sunoresearch.com.br\/n\/uploads\/2024\/04\/1420x240-Banner-Home-2.png\"\n\t\t\t\t\tdata-promo-id=\"541556\"\t\t\t\t\t\t\t\t\t\twidth='1420' height='240'\t\t\t\t\talt=\"https:\/\/files.sunoresearch.com.br\/n\/uploads\/2024\/04\/1420x240-Banner-Home-2.png\"\n\t\t\t\t>\n\t\t\t<\/picture>\n\t\t<\/a>\n\t<\/p>\n\n\n<p>No entanto, por meio de nota na \u00faltima quarta-feira (5), a <strong>Vale<\/strong> garantiu que o rio Paraopeba ser\u00e1 recuperado. Os <strong>rejeitos<\/strong> que atingiram o rio ser\u00e3o levados para a usina de Retiro Baixo (77%) e para hidrel\u00e9trica de Tr\u00eas Marias (23%). Dessa forma, o rio S\u00e3o Francisco n\u00e3o ser\u00e1 atingido pela <strong>lama<\/strong>.<\/p>\n","protected":false},"excerpt":{"rendered":"<p>A velocidade do talude norte da mina de Gongo Soco da Vale, em Bar\u00e3o de Cocais (MG) voltou a ultrapassar os 40 cm por dia na tarde da \u00faltima quarta-feira (5), de acordo com a Ag\u00eancia Nacional de Minera\u00e7\u00e3o (ANM). Logo da Vale (foto: divulga\u00e7\u00e3o) A movimenta\u00e7\u00e3o do talude da Vale vinha perdendo velocidade deste [&hellip;]<\/p>\n","protected":false},"author":11,"featured_media":20577,"comment_status":"closed","ping_status":"closed","sticky":false,"template":"","format":"standard","meta":[],"categories":[64],"tags":[676],"suno_strategy":[],"class_list":["post-27471","post","type-post","status-publish","format-standard","has-post-thumbnail","hentry","category-negocios","tag-vale-vale3"],"yoast_head":"<!-- This site is optimized with the Yoast SEO plugin v24.4 - https:\/\/yoast.com\/wordpress\/plugins\/seo\/ -->\n<title>Talude da Vale volta a se movimentar mais de 40 cm por dia, diz ANM<\/title>\n<meta name=\"description\" content=\"Estrutura da mina da Vale tinha recuo em sua movimenta\u00e7\u00e3o, ap\u00f3s se deslocar 44,2 cm no \u00faltimo domingo (2). Clique para saber mais.\" \/>\n<meta name=\"robots\" content=\"index, follow, max-snippet:-1, max-image-preview:large, max-video-preview:-1\" \/>\n<link rel=\"canonical\" href=\"https:\/\/www.suno.com.br\/noticias\/talude-vale-movimentar-anm\/\" \/>\n<meta property=\"og:locale\" content=\"pt_BR\" \/>\n<meta property=\"og:type\" content=\"article\" \/>\n<meta property=\"og:title\" content=\"Talude da Vale volta a se movimentar mais de 40 cm por dia, diz ANM\" \/>\n<meta property=\"og:description\" content=\"Estrutura da mina da Vale tinha recuo em sua movimenta\u00e7\u00e3o, ap\u00f3s se deslocar 44,2 cm no \u00faltimo domingo (2). Clique para saber mais.\" \/>\n<meta property=\"og:url\" content=\"https:\/\/www.suno.com.br\/noticias\/talude-vale-movimentar-anm\/\" \/>\n<meta property=\"og:site_name\" content=\"Suno Not\u00edcias\" \/>\n<meta property=\"article:publisher\" content=\"https:\/\/facebook.com\/sunoresearch\" \/>\n<meta property=\"og:image\" content=\"https:\/\/files.sunoresearch.com.br\/n\/uploads\/2019\/04\/0f373374-vale.jpg\" \/>\n\t<meta property=\"og:image:width\" content=\"1086\" \/>\n\t<meta property=\"og:image:height\" content=\"652\" \/>\n\t<meta property=\"og:image:type\" content=\"image\/jpeg\" \/>\n<meta name=\"author\" content=\"Renan Bandeira\" \/>\n<meta name=\"twitter:card\" content=\"summary_large_image\" \/>\n<meta name=\"twitter:creator\" content=\"@sunoresearch\" \/>\n<meta name=\"twitter:site\" content=\"@sunoresearch\" \/>\n<meta name=\"twitter:label1\" content=\"Escrito por\" \/>\n\t<meta name=\"twitter:data1\" content=\"Renan Bandeira\" \/>\n\t<meta name=\"twitter:label2\" content=\"Est. tempo de leitura\" \/>\n\t<meta name=\"twitter:data2\" content=\"2 minutos\" \/>\n<script type=\"application\/ld+json\" class=\"yoast-schema-graph\">{\"@context\":\"https:\/\/schema.org\",\"@graph\":[{\"@type\":\"NewsArticle\",\"@id\":\"https:\/\/www.suno.com.br\/noticias\/talude-vale-movimentar-anm\/#article\",\"isPartOf\":{\"@id\":\"https:\/\/www.suno.com.br\/noticias\/talude-vale-movimentar-anm\/\"},\"author\":{\"name\":\"Renan Bandeira\",\"@id\":\"https:\/\/www.suno.com.br\/noticias\/#\/schema\/person\/fc144a1c6108bd1dcd43784e88a3c138\"},\"headline\":\"Talude da Vale volta a se movimentar mais de 40 cm por dia, diz ANM\",\"datePublished\":\"2019-06-06T13:26:49+00:00\",\"mainEntityOfPage\":{\"@id\":\"https:\/\/www.suno.com.br\/noticias\/talude-vale-movimentar-anm\/\"},\"wordCount\":396,\"publisher\":{\"@id\":\"https:\/\/www.suno.com.br\/noticias\/#organization\"},\"image\":{\"@id\":\"https:\/\/www.suno.com.br\/noticias\/talude-vale-movimentar-anm\/#primaryimage\"},\"thumbnailUrl\":\"https:\/\/files.sunoresearch.com.br\/n\/uploads\/2019\/04\/0f373374-vale-jpg.webp\",\"keywords\":[\"Vale (VALE3)\"],\"articleSection\":[\"Neg\u00f3cios\"],\"inLanguage\":\"pt-BR\"},{\"@type\":\"WebPage\",\"@id\":\"https:\/\/www.suno.com.br\/noticias\/talude-vale-movimentar-anm\/\",\"url\":\"https:\/\/www.suno.com.br\/noticias\/talude-vale-movimentar-anm\/\",\"name\":\"Talude da Vale volta a se movimentar mais de 40 cm por dia, diz ANM\",\"isPartOf\":{\"@id\":\"https:\/\/www.suno.com.br\/noticias\/#website\"},\"primaryImageOfPage\":{\"@id\":\"https:\/\/www.suno.com.br\/noticias\/talude-vale-movimentar-anm\/#primaryimage\"},\"image\":{\"@id\":\"https:\/\/www.suno.com.br\/noticias\/talude-vale-movimentar-anm\/#primaryimage\"},\"thumbnailUrl\":\"https:\/\/files.sunoresearch.com.br\/n\/uploads\/2019\/04\/0f373374-vale-jpg.webp\",\"datePublished\":\"2019-06-06T13:26:49+00:00\",\"description\":\"Estrutura da mina da Vale tinha recuo em sua movimenta\u00e7\u00e3o, ap\u00f3s se deslocar 44,2 cm no \u00faltimo domingo (2). Clique para saber mais.\",\"breadcrumb\":{\"@id\":\"https:\/\/www.suno.com.br\/noticias\/talude-vale-movimentar-anm\/#breadcrumb\"},\"inLanguage\":\"pt-BR\",\"potentialAction\":[{\"@type\":\"ReadAction\",\"target\":[\"https:\/\/www.suno.com.br\/noticias\/talude-vale-movimentar-anm\/\"]}]},{\"@type\":\"ImageObject\",\"inLanguage\":\"pt-BR\",\"@id\":\"https:\/\/www.suno.com.br\/noticias\/talude-vale-movimentar-anm\/#primaryimage\",\"url\":\"https:\/\/files.sunoresearch.com.br\/n\/uploads\/2019\/04\/0f373374-vale-jpg.webp\",\"contentUrl\":\"https:\/\/files.sunoresearch.com.br\/n\/uploads\/2019\/04\/0f373374-vale-jpg.webp\",\"width\":1086,\"height\":652,\"caption\":\"Logo da Vale (foto: divulga\u00e7\u00e3o)\"},{\"@type\":\"BreadcrumbList\",\"@id\":\"https:\/\/www.suno.com.br\/noticias\/talude-vale-movimentar-anm\/#breadcrumb\",\"itemListElement\":[{\"@type\":\"ListItem\",\"position\":1,\"name\":\"Not\u00edcias\",\"item\":\"https:\/\/www.suno.com.br\/noticias\/\"},{\"@type\":\"ListItem\",\"position\":2,\"name\":\"Neg\u00f3cios\",\"item\":\"https:\/\/www.suno.com.br\/noticias\/negocios\/\"},{\"@type\":\"ListItem\",\"position\":3,\"name\":\"Talude da Vale volta a se movimentar mais de 40 cm por dia, diz ANM\"}]},{\"@type\":\"WebSite\",\"@id\":\"https:\/\/www.suno.com.br\/noticias\/#website\",\"url\":\"https:\/\/www.suno.com.br\/noticias\/\",\"name\":\"Suno Not\u00edcias\",\"description\":\"Seu portal de informa\u00e7\u00e3o sobre o mundo dos investimentos\",\"publisher\":{\"@id\":\"https:\/\/www.suno.com.br\/noticias\/#organization\"},\"potentialAction\":[{\"@type\":\"SearchAction\",\"target\":{\"@type\":\"EntryPoint\",\"urlTemplate\":\"https:\/\/www.suno.com.br\/noticias\/?s={search_term_string}\"},\"query-input\":{\"@type\":\"PropertyValueSpecification\",\"valueRequired\":true,\"valueName\":\"search_term_string\"}}],\"inLanguage\":\"pt-BR\"},{\"@type\":\"Organization\",\"@id\":\"https:\/\/www.suno.com.br\/noticias\/#organization\",\"name\":\"Suno Not\u00edcias\",\"url\":\"https:\/\/www.suno.com.br\/noticias\/\",\"logo\":{\"@type\":\"ImageObject\",\"inLanguage\":\"pt-BR\",\"@id\":\"https:\/\/www.suno.com.br\/noticias\/#\/schema\/logo\/image\/\",\"url\":\"https:\/\/files.sunoresearch.com.br\/n\/uploads\/2021\/09\/suno-logo.png\",\"contentUrl\":\"https:\/\/files.sunoresearch.com.br\/n\/uploads\/2021\/09\/suno-logo.png\",\"width\":180,\"height\":180,\"caption\":\"Suno Not\u00edcias\"},\"image\":{\"@id\":\"https:\/\/www.suno.com.br\/noticias\/#\/schema\/logo\/image\/\"},\"sameAs\":[\"https:\/\/facebook.com\/sunoresearch\",\"https:\/\/x.com\/sunoresearch\",\"https:\/\/www.instagram.com\/suno\",\"https:\/\/www.linkedin.com\/company\/suno-research\/\",\"https:\/\/www.youtube.com\/c\/sunoresearch\"]},{\"@type\":\"Person\",\"@id\":\"https:\/\/www.suno.com.br\/noticias\/#\/schema\/person\/fc144a1c6108bd1dcd43784e88a3c138\",\"name\":\"Renan Bandeira\",\"image\":{\"@type\":\"ImageObject\",\"inLanguage\":\"pt-BR\",\"@id\":\"https:\/\/www.suno.com.br\/noticias\/#\/schema\/person\/image\/\",\"url\":\"https:\/\/secure.gravatar.com\/avatar\/68359cdb608f14f11bbefcb78f3fc747?s=96&r=g\",\"contentUrl\":\"https:\/\/secure.gravatar.com\/avatar\/68359cdb608f14f11bbefcb78f3fc747?s=96&r=g\",\"caption\":\"Renan Bandeira\"},\"description\":\"Renan Bandeira escreve sobre pol\u00edtica e economia para o portal da Suno Research. Antes da Suno, trabalhou em uma rede de televis\u00e3o, onde fazia reportagens sobre os mesmos temas. Estuda na Universidade Metodista de S\u00e3o Paulo.\",\"url\":\"https:\/\/www.suno.com.br\/noticias\/author\/renan-bandeira\/\"}]}<\/script>\n<!-- \/ Yoast SEO plugin. -->","yoast_head_json":{"title":"Talude da Vale volta a se movimentar mais de 40 cm por dia, diz ANM","description":"Estrutura da mina da Vale tinha recuo em sua movimenta\u00e7\u00e3o, ap\u00f3s se deslocar 44,2 cm no \u00faltimo domingo (2). Clique para saber mais.","robots":{"index":"index","follow":"follow","max-snippet":"max-snippet:-1","max-image-preview":"max-image-preview:large","max-video-preview":"max-video-preview:-1"},"canonical":"https:\/\/www.suno.com.br\/noticias\/talude-vale-movimentar-anm\/","og_locale":"pt_BR","og_type":"article","og_title":"Talude da Vale volta a se movimentar mais de 40 cm por dia, diz ANM","og_description":"Estrutura da mina da Vale tinha recuo em sua movimenta\u00e7\u00e3o, ap\u00f3s se deslocar 44,2 cm no \u00faltimo domingo (2). Clique para saber mais.","og_url":"https:\/\/www.suno.com.br\/noticias\/talude-vale-movimentar-anm\/","og_site_name":"Suno Not\u00edcias","article_publisher":"https:\/\/facebook.com\/sunoresearch","og_image":[{"width":1086,"height":652,"url":"https:\/\/files.sunoresearch.com.br\/n\/uploads\/2019\/04\/0f373374-vale.jpg","type":"image\/jpeg"}],"author":"Renan Bandeira","twitter_card":"summary_large_image","twitter_creator":"@sunoresearch","twitter_site":"@sunoresearch","twitter_misc":{"Escrito por":"Renan Bandeira","Est. tempo de leitura":"2 minutos"},"schema":{"@context":"https:\/\/schema.org","@graph":[{"@type":"NewsArticle","@id":"https:\/\/www.suno.com.br\/noticias\/talude-vale-movimentar-anm\/#article","isPartOf":{"@id":"https:\/\/www.suno.com.br\/noticias\/talude-vale-movimentar-anm\/"},"author":{"name":"Renan Bandeira","@id":"https:\/\/www.suno.com.br\/noticias\/#\/schema\/person\/fc144a1c6108bd1dcd43784e88a3c138"},"headline":"Talude da Vale volta a se movimentar mais de 40 cm por dia, diz ANM","datePublished":"2019-06-06T13:26:49+00:00","mainEntityOfPage":{"@id":"https:\/\/www.suno.com.br\/noticias\/talude-vale-movimentar-anm\/"},"wordCount":396,"publisher":{"@id":"https:\/\/www.suno.com.br\/noticias\/#organization"},"image":{"@id":"https:\/\/www.suno.com.br\/noticias\/talude-vale-movimentar-anm\/#primaryimage"},"thumbnailUrl":"https:\/\/files.sunoresearch.com.br\/n\/uploads\/2019\/04\/0f373374-vale-jpg.webp","keywords":["Vale (VALE3)"],"articleSection":["Neg\u00f3cios"],"inLanguage":"pt-BR"},{"@type":"WebPage","@id":"https:\/\/www.suno.com.br\/noticias\/talude-vale-movimentar-anm\/","url":"https:\/\/www.suno.com.br\/noticias\/talude-vale-movimentar-anm\/","name":"Talude da Vale volta a se movimentar mais de 40 cm por dia, diz ANM","isPartOf":{"@id":"https:\/\/www.suno.com.br\/noticias\/#website"},"primaryImageOfPage":{"@id":"https:\/\/www.suno.com.br\/noticias\/talude-vale-movimentar-anm\/#primaryimage"},"image":{"@id":"https:\/\/www.suno.com.br\/noticias\/talude-vale-movimentar-anm\/#primaryimage"},"thumbnailUrl":"https:\/\/files.sunoresearch.com.br\/n\/uploads\/2019\/04\/0f373374-vale-jpg.webp","datePublished":"2019-06-06T13:26:49+00:00","description":"Estrutura da mina da Vale tinha recuo em sua movimenta\u00e7\u00e3o, ap\u00f3s se deslocar 44,2 cm no \u00faltimo domingo (2). Clique para saber mais.","breadcrumb":{"@id":"https:\/\/www.suno.com.br\/noticias\/talude-vale-movimentar-anm\/#breadcrumb"},"inLanguage":"pt-BR","potentialAction":[{"@type":"ReadAction","target":["https:\/\/www.suno.com.br\/noticias\/talude-vale-movimentar-anm\/"]}]},{"@type":"ImageObject","inLanguage":"pt-BR","@id":"https:\/\/www.suno.com.br\/noticias\/talude-vale-movimentar-anm\/#primaryimage","url":"https:\/\/files.sunoresearch.com.br\/n\/uploads\/2019\/04\/0f373374-vale-jpg.webp","contentUrl":"https:\/\/files.sunoresearch.com.br\/n\/uploads\/2019\/04\/0f373374-vale-jpg.webp","width":1086,"height":652,"caption":"Logo da Vale (foto: divulga\u00e7\u00e3o)"},{"@type":"BreadcrumbList","@id":"https:\/\/www.suno.com.br\/noticias\/talude-vale-movimentar-anm\/#breadcrumb","itemListElement":[{"@type":"ListItem","position":1,"name":"Not\u00edcias","item":"https:\/\/www.suno.com.br\/noticias\/"},{"@type":"ListItem","position":2,"name":"Neg\u00f3cios","item":"https:\/\/www.suno.com.br\/noticias\/negocios\/"},{"@type":"ListItem","position":3,"name":"Talude da Vale volta a se movimentar mais de 40 cm por dia, diz ANM"}]},{"@type":"WebSite","@id":"https:\/\/www.suno.com.br\/noticias\/#website","url":"https:\/\/www.suno.com.br\/noticias\/","name":"Suno Not\u00edcias","description":"Seu portal de informa\u00e7\u00e3o sobre o mundo dos investimentos","publisher":{"@id":"https:\/\/www.suno.com.br\/noticias\/#organization"},"potentialAction":[{"@type":"SearchAction","target":{"@type":"EntryPoint","urlTemplate":"https:\/\/www.suno.com.br\/noticias\/?s={search_term_string}"},"query-input":{"@type":"PropertyValueSpecification","valueRequired":true,"valueName":"search_term_string"}}],"inLanguage":"pt-BR"},{"@type":"Organization","@id":"https:\/\/www.suno.com.br\/noticias\/#organization","name":"Suno Not\u00edcias","url":"https:\/\/www.suno.com.br\/noticias\/","logo":{"@type":"ImageObject","inLanguage":"pt-BR","@id":"https:\/\/www.suno.com.br\/noticias\/#\/schema\/logo\/image\/","url":"https:\/\/files.sunoresearch.com.br\/n\/uploads\/2021\/09\/suno-logo.png","contentUrl":"https:\/\/files.sunoresearch.com.br\/n\/uploads\/2021\/09\/suno-logo.png","width":180,"height":180,"caption":"Suno Not\u00edcias"},"image":{"@id":"https:\/\/www.suno.com.br\/noticias\/#\/schema\/logo\/image\/"},"sameAs":["https:\/\/facebook.com\/sunoresearch","https:\/\/x.com\/sunoresearch","https:\/\/www.instagram.com\/suno","https:\/\/www.linkedin.com\/company\/suno-research\/","https:\/\/www.youtube.com\/c\/sunoresearch"]},{"@type":"Person","@id":"https:\/\/www.suno.com.br\/noticias\/#\/schema\/person\/fc144a1c6108bd1dcd43784e88a3c138","name":"Renan Bandeira","image":{"@type":"ImageObject","inLanguage":"pt-BR","@id":"https:\/\/www.suno.com.br\/noticias\/#\/schema\/person\/image\/","url":"https:\/\/secure.gravatar.com\/avatar\/68359cdb608f14f11bbefcb78f3fc747?s=96&r=g","contentUrl":"https:\/\/secure.gravatar.com\/avatar\/68359cdb608f14f11bbefcb78f3fc747?s=96&r=g","caption":"Renan Bandeira"},"description":"Renan Bandeira escreve sobre pol\u00edtica e economia para o portal da Suno Research. Antes da Suno, trabalhou em uma rede de televis\u00e3o, onde fazia reportagens sobre os mesmos temas. Estuda na Universidade Metodista de S\u00e3o Paulo.","url":"https:\/\/www.suno.com.br\/noticias\/author\/renan-bandeira\/"}]}},"default_loop_html":"<div class=\"cardsPage__listCard__boxs\"><div class=\"cardsPage__listCard__boxs__img\"><a href=\"https:\/\/www.suno.com.br\/noticias\/talude-vale-movimentar-anm\/\"><img class=\"mask\" src=\"https:\/\/www.suno.com.br\/noticias\/wp-content\/themes\/suno\/resources\/images\/spotlight\/spotlight1img\/bg-mask.png\" alt=\"Image Mask\"\/><img src=\"https:\/\/files.sunoresearch.com.br\/n\/uploads\/2019\/04\/0f373374-vale-400x200.webp\" alt=\"Talude da Vale volta a se movimentar mais de 40 cm por dia, diz ANM\"\/><\/a><span class=\"spotlightCategory\"><a href=\"https:\/\/www.suno.com.br\/noticias\/negocios\/\">Neg\u00f3cios<\/a><\/span><\/div><div class=\"cardsPage__listCard__boxs__content\"><a href=\"https:\/\/www.suno.com.br\/noticias\/talude-vale-movimentar-anm\/\"><h2 class=\"content__title\">Talude da Vale volta a se movimentar mais de 40 cm por dia, diz ANM<\/h2><\/a><div class=\"newsContent__article__meta\"><div class=\"newsContent__article__meta__authorBox\"><a href=\"https:\/\/www.suno.com.br\/noticias\/author\/renan-bandeira\/\" class=\"authorBox__avatar noMobi\"><img src=\"https:\/\/secure.gravatar.com\/avatar\/68359cdb608f14f11bbefcb78f3fc747?s=96&#038;r=g\" alt=\"Renan Bandeira\"><\/a><div class=\"authorBox__name\"><span>por\n\t\t\t<a href=\"https:\/\/www.suno.com.br\/noticias\/author\/renan-bandeira\/\"><span itemprop=\"author\">Renan Bandeira<\/span><\/a><\/span><time datetime=\"2019-06-06T10:26:49-03:00\" itemprop=\"datePublished\">06\/06\/2019 10:26<\/time><\/div><\/div><\/div><\/div><\/div>","single_layout":"posts","amp_enabled":true,"_links":{"self":[{"href":"https:\/\/www.suno.com.br\/noticias\/wp-json\/wp\/v2\/posts\/27471"}],"collection":[{"href":"https:\/\/www.suno.com.br\/noticias\/wp-json\/wp\/v2\/posts"}],"about":[{"href":"https:\/\/www.suno.com.br\/noticias\/wp-json\/wp\/v2\/types\/post"}],"author":[{"embeddable":true,"href":"https:\/\/www.suno.com.br\/noticias\/wp-json\/wp\/v2\/users\/11"}],"replies":[{"embeddable":true,"href":"https:\/\/www.suno.com.br\/noticias\/wp-json\/wp\/v2\/comments?post=27471"}],"version-history":[{"count":0,"href":"https:\/\/www.suno.com.br\/noticias\/wp-json\/wp\/v2\/posts\/27471\/revisions"}],"wp:featuredmedia":[{"embeddable":true,"href":"https:\/\/www.suno.com.br\/noticias\/wp-json\/wp\/v2\/media\/20577"}],"wp:attachment":[{"href":"https:\/\/www.suno.com.br\/noticias\/wp-json\/wp\/v2\/media?parent=27471"}],"wp:term":[{"taxonomy":"category","embeddable":true,"href":"https:\/\/www.suno.com.br\/noticias\/wp-json\/wp\/v2\/categories?post=27471"},{"taxonomy":"post_tag","embeddable":true,"href":"https:\/\/www.suno.com.br\/noticias\/wp-json\/wp\/v2\/tags?post=27471"},{"taxonomy":"suno_strategy","embeddable":true,"href":"https:\/\/www.suno.com.br\/noticias\/wp-json\/wp\/v2\/suno_strategy?post=27471"}],"curies":[{"name":"wp","href":"https:\/\/api.w.org\/{rel}","templated":true}]}}