{"id":274505,"date":"2022-07-08T11:19:30","date_gmt":"2022-07-08T14:19:30","guid":{"rendered":"https:\/\/www.suno.com.br\/noticias\/?p=274505"},"modified":"2022-07-08T11:19:30","modified_gmt":"2022-07-08T14:19:30","slug":"oi-oibr3-ubs-reduz-preco-alvo","status":"publish","type":"post","link":"https:\/\/www.suno.com.br\/noticias\/oi-oibr3-ubs-reduz-preco-alvo\/","title":{"rendered":"Oi (OIBR3): UBS reduz pre\u00e7o-alvo em 64% e tira indica\u00e7\u00e3o de compra"},"content":{"rendered":"<p>O banco UBS reduziu o pre\u00e7o-alvo das a\u00e7\u00f5es da<a href=\"https:\/\/www.suno.com.br\/acoes\/oibr3\/\"><strong> Oi<\/strong> (OIBR3)<\/a> de R$ 1,70 para R$ 0,60 e rebaixou a recomenda\u00e7\u00e3o de compra para neutro. A a\u00e7\u00e3o atualmente est\u00e1 cotada em R$ 0,54.<\/p>\t<div class=\"wrapper-featured-image\">\n\t\t<figure class=\"spotlightImg\">\n\n\t\t\t<picture>\n\t\t\t\t<source media=\"(max-width: 768px)\" srcset=\"https:\/\/files.sunoresearch.com.br\/n\/uploads\/2022\/06\/Radar.-Oi-OIBR3-tem-processo-de-recuperacao-adiado-novamente-Banrisul-BRSR6-e-Romi-ROMI3-pagarao-R-1686-milhoes-em-JCP-Banco-do-Brasil-BBAS3-briga-com-FII-pela-reducao-do-aluguel-1-400x200.jpg\">\n\t\t\t\t<img loading=\"lazy\" decoding=\"async\" class=\"newsContent__article__imgCapa lazyloadDisabled \" src=\"https:\/\/files.sunoresearch.com.br\/n\/uploads\/2022\/06\/Radar.-Oi-OIBR3-tem-processo-de-recuperacao-adiado-novamente-Banrisul-BRSR6-e-Romi-ROMI3-pagarao-R-1686-milhoes-em-JCP-Banco-do-Brasil-BBAS3-briga-com-FII-pela-reducao-do-aluguel-1-800x450.jpg\" width=\"800\" height=\"450\" alt=\"Oi (OIBR3): UBS reduz pre\u00e7o-alvo em 64% e tira indica\u00e7\u00e3o de compra\" fetchpriority=high \/>\n\t\t\t<\/picture>\n\n\t\t\t<figcaption class=\"wp-caption-text wp-caption-text--show\">Oi (OIBR3). Foto: Getty Images.<\/figcaption>\n\t\t<\/figure>\n\t<\/div>\n\n\n\t<p>\n\t\t<a href=\"\" target=\"_blank\" data-element=\"shortcode-suno-banner\" title=\"Banner SUNO, clique e saiba mais\">\n\t\t\t<picture>\n\t\t\t\t<source media=\"(max-width: 500px)\" srcset=\"\">\n\t\t\t\t<img class=\"newsContent__article__imgCapa newsContent__article__imgCapa--banner\"\n\t\t\t\t\tsrc=\"\"\n\t\t\t\t\tdata-promo-id=\"138420\"\t\t\t\t\t\t\t\t\t\t\t\t\t\t\talt=\"\"\n\t\t\t\t>\n\t\t\t<\/picture>\n\t\t<\/a>\n\t<\/p>\n\n\n<p>Segundo relat\u00f3rio, a Oi concluiu pontos importantes da sua <a class=\"suno-keyword\" href=\"https:\/\/www.suno.com.br\/artigos\/recuperacao-judicial\/\" target=\"_blank\" rel=\"noopener\" data-force=\"no\" data-priority=\"2\">recupera\u00e7\u00e3o judicial<\/a>, incluindo a venda dos ativos m\u00f3veis e da V.Tal, e o processo deve ser conclu\u00eddo em breve.<\/p>\n<p>&#8220;Enquanto isso, vamos rebaixar a <strong>a\u00e7\u00e3o da O<\/strong>i agora, pois nossos estudos sugerem que a empresa enfrenta desafios em v\u00e1rias frentes&#8221;, afirmaram os analistas do UBS. Entre eles est\u00e3o:<\/p>\n<ul>\n<li>O adiamento nas vendas de ativos levou a uma <a class=\"suno-keyword\" href=\"https:\/\/www.suno.com.br\/artigos\/divida-liquida\/\" target=\"_blank\" rel=\"noopener\" data-force=\"no\" data-priority=\"1\">d\u00edvida l\u00edquida<\/a> 80% maior;<\/li>\n<li>O crescimento mais lento causou uma receita 11% menor;<\/li>\n<li>Queima de caixa aumentou devido a juros maiores.<\/li>\n<\/ul>\n<p>Para o UBS, o principal ativo da empresa \u00e9 a participa\u00e7\u00e3o na <strong>V.Tal<\/strong>, que diminuiu de 42,1% para 34,7% e pode levar anos para ser monetizado.<\/p>\n<p>&#8220;O principal potencial de alta que vemos para a Oi pode vir da gest\u00e3o de passivos, onde o potencial para melhorar os custos \u00e9 desafiado pelo atual ambiente de baixa liquidez e alto risco&#8221;, afirmou o UBS.<\/p>\n\t<p>\n\t\t<a href=\"https:\/\/lp.suno.com.br\/planilha-controle-gastos\/\" target=\"_blank\" data-element=\"shortcode-suno-banner\" title=\"Banner SUNO, clique e saiba mais\">\n\t\t\t<picture>\n\t\t\t\t<source media=\"(max-width: 500px)\" srcset=\"https:\/\/files.sunoresearch.com.br\/n\/uploads\/2023\/03\/400x300-Planilha-controle-de-gastos.png\">\n\t\t\t\t<img class=\"newsContent__article__imgCapa newsContent__article__imgCapa--banner\"\n\t\t\t\t\tsrc=\"https:\/\/files.sunoresearch.com.br\/n\/uploads\/2023\/03\/1420x240-Planilha-controle-de-gastos.png\"\n\t\t\t\t\tdata-promo-id=\"101751\"\t\t\t\t\t\t\t\t\t\twidth='1420' height='240'\t\t\t\t\talt=\"https:\/\/files.sunoresearch.com.br\/n\/uploads\/2023\/03\/1420x240-Planilha-controle-de-gastos.png\"\n\t\t\t\t>\n\t\t\t<\/picture>\n\t\t<\/a>\n\t<\/p>\n\n\n<h2>Competi\u00e7\u00e3o e consolida\u00e7\u00e3o s\u00e3o amea\u00e7as para a Oi<\/h2>\n<p>Al\u00e9m disso, o relat\u00f3rio destacou que a competi\u00e7\u00e3o e a consolida\u00e7\u00e3o em banda larga trazem ventos &#8220;n\u00e3o t\u00e3o favor\u00e1veis&#8221; para a empresa.<\/p>\n<p>Hoje, o mercado brasileiro de <strong>banda larga<\/strong> est\u00e1 dividido entre tr\u00eas principais empresas que t\u00eam 52% do mercado e outros 15 mil provedores de banda larga que det\u00eam os 48% restantes.<\/p>\n<p>Para o UBS, esta fragmenta\u00e7\u00e3o tem as seguintes consequ\u00eancias:<\/p>\n<ul>\n<li>Uma competi\u00e7\u00e3o dura, que levou a uma redu\u00e7\u00e3o no avan\u00e7o da Oi e pode limitar aumentos de pre\u00e7os;<\/li>\n<li>Consolida\u00e7\u00e3o de mercado, que deve fortalecer os concorrentes da Oi.<\/li>\n<\/ul>\n<p>&#8220;A consolida\u00e7\u00e3o do mercado tamb\u00e9m vai causar a consolida\u00e7\u00e3o da rede, resultando em menor demanda pelos servi\u00e7os da V.Tal.&#8221;<\/p>\n<p>Mesmo assim, o UBS disse que est\u00e1 positivo sobre o aspecto operacional da Oi e da V.Tal, sendo que esta deve triplicar seu Ebitda entre 2021 e 2026, chegando a R$ 4,2 bilh\u00f5es.<\/p>\n<p>Mas a previs\u00e3o para a d\u00edvida l\u00edquida est\u00e1 80% mais alta para 2023 a 2026 devido a gastos com juros e outras despesas, resultando em queima de caixa da <strong>Oi<\/strong> no per\u00edodo.<\/p>\n\t<p>\n\t\t<a href=\"https:\/\/lp.suno.com.br\/planilha-da-vida-financeira\/\" target=\"_blank\" data-element=\"shortcode-suno-banner\" title=\"Banner SUNO, clique e saiba mais\">\n\t\t\t<picture>\n\t\t\t\t<source media=\"(max-width: 500px)\" srcset=\"https:\/\/files.sunoresearch.com.br\/n\/uploads\/2023\/04\/400x300-Planilha-vida-financeira-true.png\">\n\t\t\t\t<img class=\"newsContent__article__imgCapa newsContent__article__imgCapa--banner\"\n\t\t\t\t\tsrc=\"https:\/\/files.sunoresearch.com.br\/n\/uploads\/2023\/04\/1420x240-Planilha-vida-financeira-true.png\"\n\t\t\t\t\tdata-promo-id=\"106682\"\t\t\t\t\t\t\t\t\t\twidth='1420' height='240'\t\t\t\t\talt=\"https:\/\/files.sunoresearch.com.br\/n\/uploads\/2023\/04\/1420x240-Planilha-vida-financeira-true.png\"\n\t\t\t\t>\n\t\t\t<\/picture>\n\t\t<\/a>\n\t<\/p>\n\n\n","protected":false},"excerpt":{"rendered":"<p>O banco UBS reduziu o pre\u00e7o-alvo das a\u00e7\u00f5es da Oi (OIBR3) de R$ 1,70 para R$ 0,60 e rebaixou a recomenda\u00e7\u00e3o de compra para neutro. A a\u00e7\u00e3o atualmente est\u00e1 cotada em R$ 0,54. Oi (OIBR3). Foto: Getty Images. Segundo relat\u00f3rio, a Oi concluiu pontos importantes da sua recupera\u00e7\u00e3o judicial, incluindo a venda dos ativos m\u00f3veis [&hellip;]<\/p>\n","protected":false},"author":60,"featured_media":265652,"comment_status":"closed","ping_status":"closed","sticky":false,"template":"","format":"standard","meta":[],"categories":[64],"tags":[],"suno_strategy":[],"class_list":["post-274505","post","type-post","status-publish","format-standard","has-post-thumbnail","hentry","category-negocios"],"yoast_head":"<!-- This site is optimized with the Yoast SEO plugin v24.4 - https:\/\/yoast.com\/wordpress\/plugins\/seo\/ -->\n<title>Oi (OIBR3): UBS reduz pre\u00e7o-alvo em 64% e tira indica\u00e7\u00e3o de compra<\/title>\n<meta name=\"description\" content=\"O banco UBS reduziu o pre\u00e7o-alvo das a\u00e7\u00f5es da Oi (OIBR3) de R$ 1,70 para R$ 0,60 e rebaixou a recomenda\u00e7\u00e3o de compra para neutro.\" \/>\n<meta name=\"robots\" content=\"index, follow, max-snippet:-1, max-image-preview:large, max-video-preview:-1\" \/>\n<link rel=\"canonical\" href=\"https:\/\/www.suno.com.br\/noticias\/oi-oibr3-ubs-reduz-preco-alvo\/\" \/>\n<meta property=\"og:locale\" content=\"pt_BR\" \/>\n<meta property=\"og:type\" content=\"article\" \/>\n<meta property=\"og:title\" content=\"Oi (OIBR3): UBS reduz pre\u00e7o-alvo em 64% e tira indica\u00e7\u00e3o de compra\" \/>\n<meta property=\"og:description\" content=\"O banco UBS reduziu o pre\u00e7o-alvo das a\u00e7\u00f5es da Oi (OIBR3) de R$ 1,70 para R$ 0,60 e rebaixou a recomenda\u00e7\u00e3o de compra para neutro.\" \/>\n<meta property=\"og:url\" content=\"https:\/\/www.suno.com.br\/noticias\/oi-oibr3-ubs-reduz-preco-alvo\/\" \/>\n<meta property=\"og:site_name\" content=\"Suno Not\u00edcias\" \/>\n<meta property=\"article:publisher\" content=\"https:\/\/facebook.com\/sunoresearch\" \/>\n<meta property=\"og:image\" content=\"https:\/\/files.sunoresearch.com.br\/n\/uploads\/2022\/06\/Radar.-Oi-OIBR3-tem-processo-de-recuperacao-adiado-novamente-Banrisul-BRSR6-e-Romi-ROMI3-pagarao-R-1686-milhoes-em-JCP-Banco-do-Brasil-BBAS3-briga-com-FII-pela-reducao-do-aluguel-1.jpg\" \/>\n\t<meta property=\"og:image:width\" content=\"2000\" \/>\n\t<meta property=\"og:image:height\" content=\"1333\" \/>\n\t<meta property=\"og:image:type\" content=\"image\/jpeg\" \/>\n<meta name=\"author\" content=\"Natalia G\u00f3mez\" \/>\n<meta name=\"twitter:card\" content=\"summary_large_image\" \/>\n<meta name=\"twitter:creator\" content=\"@sunoresearch\" \/>\n<meta name=\"twitter:site\" content=\"@sunoresearch\" \/>\n<meta name=\"twitter:label1\" content=\"Escrito por\" \/>\n\t<meta name=\"twitter:data1\" content=\"Natalia G\u00f3mez\" \/>\n\t<meta name=\"twitter:label2\" content=\"Est. tempo de leitura\" \/>\n\t<meta name=\"twitter:data2\" content=\"3 minutos\" \/>\n<script type=\"application\/ld+json\" class=\"yoast-schema-graph\">{\"@context\":\"https:\/\/schema.org\",\"@graph\":[{\"@type\":\"NewsArticle\",\"@id\":\"https:\/\/www.suno.com.br\/noticias\/oi-oibr3-ubs-reduz-preco-alvo\/#article\",\"isPartOf\":{\"@id\":\"https:\/\/www.suno.com.br\/noticias\/oi-oibr3-ubs-reduz-preco-alvo\/\"},\"author\":{\"name\":\"Natalia G\u00f3mez\",\"@id\":\"https:\/\/www.suno.com.br\/noticias\/#\/schema\/person\/1b24d67c140a42e864ef414497edb164\"},\"headline\":\"Oi (OIBR3): UBS reduz pre\u00e7o-alvo em 64% e tira indica\u00e7\u00e3o de compra\",\"datePublished\":\"2022-07-08T14:19:30+00:00\",\"mainEntityOfPage\":{\"@id\":\"https:\/\/www.suno.com.br\/noticias\/oi-oibr3-ubs-reduz-preco-alvo\/\"},\"wordCount\":418,\"publisher\":{\"@id\":\"https:\/\/www.suno.com.br\/noticias\/#organization\"},\"image\":{\"@id\":\"https:\/\/www.suno.com.br\/noticias\/oi-oibr3-ubs-reduz-preco-alvo\/#primaryimage\"},\"thumbnailUrl\":\"https:\/\/files.sunoresearch.com.br\/n\/uploads\/2022\/06\/Radar.-Oi-OIBR3-tem-processo-de-recuperacao-adiado-novamente-Banrisul-BRSR6-e-Romi-ROMI3-pagarao-R-1686-milhoes-em-JCP-Banco-do-Brasil-BBAS3-briga-com-FII-pela-reducao-do-aluguel-1.jpg\",\"articleSection\":[\"Neg\u00f3cios\"],\"inLanguage\":\"pt-BR\"},{\"@type\":\"WebPage\",\"@id\":\"https:\/\/www.suno.com.br\/noticias\/oi-oibr3-ubs-reduz-preco-alvo\/\",\"url\":\"https:\/\/www.suno.com.br\/noticias\/oi-oibr3-ubs-reduz-preco-alvo\/\",\"name\":\"Oi (OIBR3): UBS reduz pre\u00e7o-alvo em 64% e tira indica\u00e7\u00e3o de compra\",\"isPartOf\":{\"@id\":\"https:\/\/www.suno.com.br\/noticias\/#website\"},\"primaryImageOfPage\":{\"@id\":\"https:\/\/www.suno.com.br\/noticias\/oi-oibr3-ubs-reduz-preco-alvo\/#primaryimage\"},\"image\":{\"@id\":\"https:\/\/www.suno.com.br\/noticias\/oi-oibr3-ubs-reduz-preco-alvo\/#primaryimage\"},\"thumbnailUrl\":\"https:\/\/files.sunoresearch.com.br\/n\/uploads\/2022\/06\/Radar.-Oi-OIBR3-tem-processo-de-recuperacao-adiado-novamente-Banrisul-BRSR6-e-Romi-ROMI3-pagarao-R-1686-milhoes-em-JCP-Banco-do-Brasil-BBAS3-briga-com-FII-pela-reducao-do-aluguel-1.jpg\",\"datePublished\":\"2022-07-08T14:19:30+00:00\",\"description\":\"O banco UBS reduziu o pre\u00e7o-alvo das a\u00e7\u00f5es da Oi (OIBR3) de R$ 1,70 para R$ 0,60 e rebaixou a recomenda\u00e7\u00e3o de compra para neutro.\",\"breadcrumb\":{\"@id\":\"https:\/\/www.suno.com.br\/noticias\/oi-oibr3-ubs-reduz-preco-alvo\/#breadcrumb\"},\"inLanguage\":\"pt-BR\",\"potentialAction\":[{\"@type\":\"ReadAction\",\"target\":[\"https:\/\/www.suno.com.br\/noticias\/oi-oibr3-ubs-reduz-preco-alvo\/\"]}]},{\"@type\":\"ImageObject\",\"inLanguage\":\"pt-BR\",\"@id\":\"https:\/\/www.suno.com.br\/noticias\/oi-oibr3-ubs-reduz-preco-alvo\/#primaryimage\",\"url\":\"https:\/\/files.sunoresearch.com.br\/n\/uploads\/2022\/06\/Radar.-Oi-OIBR3-tem-processo-de-recuperacao-adiado-novamente-Banrisul-BRSR6-e-Romi-ROMI3-pagarao-R-1686-milhoes-em-JCP-Banco-do-Brasil-BBAS3-briga-com-FII-pela-reducao-do-aluguel-1.jpg\",\"contentUrl\":\"https:\/\/files.sunoresearch.com.br\/n\/uploads\/2022\/06\/Radar.-Oi-OIBR3-tem-processo-de-recuperacao-adiado-novamente-Banrisul-BRSR6-e-Romi-ROMI3-pagarao-R-1686-milhoes-em-JCP-Banco-do-Brasil-BBAS3-briga-com-FII-pela-reducao-do-aluguel-1.jpg\",\"width\":2000,\"height\":1333,\"caption\":\"Oi (OIBR3). Foto: Getty Images.\"},{\"@type\":\"BreadcrumbList\",\"@id\":\"https:\/\/www.suno.com.br\/noticias\/oi-oibr3-ubs-reduz-preco-alvo\/#breadcrumb\",\"itemListElement\":[{\"@type\":\"ListItem\",\"position\":1,\"name\":\"Not\u00edcias\",\"item\":\"https:\/\/www.suno.com.br\/noticias\/\"},{\"@type\":\"ListItem\",\"position\":2,\"name\":\"Neg\u00f3cios\",\"item\":\"https:\/\/www.suno.com.br\/noticias\/negocios\/\"},{\"@type\":\"ListItem\",\"position\":3,\"name\":\"Oi (OIBR3): UBS reduz pre\u00e7o-alvo em 64% e tira indica\u00e7\u00e3o de compra\"}]},{\"@type\":\"WebSite\",\"@id\":\"https:\/\/www.suno.com.br\/noticias\/#website\",\"url\":\"https:\/\/www.suno.com.br\/noticias\/\",\"name\":\"Suno Not\u00edcias\",\"description\":\"Seu portal de informa\u00e7\u00e3o sobre o mundo dos investimentos\",\"publisher\":{\"@id\":\"https:\/\/www.suno.com.br\/noticias\/#organization\"},\"potentialAction\":[{\"@type\":\"SearchAction\",\"target\":{\"@type\":\"EntryPoint\",\"urlTemplate\":\"https:\/\/www.suno.com.br\/noticias\/?s={search_term_string}\"},\"query-input\":{\"@type\":\"PropertyValueSpecification\",\"valueRequired\":true,\"valueName\":\"search_term_string\"}}],\"inLanguage\":\"pt-BR\"},{\"@type\":\"Organization\",\"@id\":\"https:\/\/www.suno.com.br\/noticias\/#organization\",\"name\":\"Suno Not\u00edcias\",\"url\":\"https:\/\/www.suno.com.br\/noticias\/\",\"logo\":{\"@type\":\"ImageObject\",\"inLanguage\":\"pt-BR\",\"@id\":\"https:\/\/www.suno.com.br\/noticias\/#\/schema\/logo\/image\/\",\"url\":\"https:\/\/files.sunoresearch.com.br\/n\/uploads\/2021\/09\/suno-logo.png\",\"contentUrl\":\"https:\/\/files.sunoresearch.com.br\/n\/uploads\/2021\/09\/suno-logo.png\",\"width\":180,\"height\":180,\"caption\":\"Suno Not\u00edcias\"},\"image\":{\"@id\":\"https:\/\/www.suno.com.br\/noticias\/#\/schema\/logo\/image\/\"},\"sameAs\":[\"https:\/\/facebook.com\/sunoresearch\",\"https:\/\/x.com\/sunoresearch\",\"https:\/\/www.instagram.com\/suno\",\"https:\/\/www.linkedin.com\/company\/suno-research\/\",\"https:\/\/www.youtube.com\/c\/sunoresearch\"]},{\"@type\":\"Person\",\"@id\":\"https:\/\/www.suno.com.br\/noticias\/#\/schema\/person\/1b24d67c140a42e864ef414497edb164\",\"name\":\"Natalia G\u00f3mez\",\"image\":{\"@type\":\"ImageObject\",\"inLanguage\":\"pt-BR\",\"@id\":\"https:\/\/www.suno.com.br\/noticias\/#\/schema\/person\/image\/\",\"url\":\"https:\/\/secure.gravatar.com\/avatar\/9e957e0b2b485c2d42c3f4145c16d940?s=96&r=g\",\"contentUrl\":\"https:\/\/secure.gravatar.com\/avatar\/9e957e0b2b485c2d42c3f4145c16d940?s=96&r=g\",\"caption\":\"Natalia G\u00f3mez\"},\"description\":\"Editora do Suno Not\u00edcias desde outubro de 2020, \u00e9 jornalista formada pela PUC-SP, com p\u00f3s-gradua\u00e7\u00e3o em jornalismo liter\u00e1rio. Atua no mercado financeiro desde 2003, quando iniciou a carreira no jornal econ\u00f4mico DCI, cobrindo o setor de alimentos no caderno de Ind\u00fastria. Foi trainee do jornal Valor Econ\u00f4mico, onde atuou no Caderno de Empresas por quase tr\u00eas anos. L\u00e1, cobriu o setor de ind\u00fastria, com foco em siderurgia, embalagens e aeroespacial. Fez coberturas setoriais em viagens para S\u00e3o Jos\u00e9 dos Campos e Franca (SP), al\u00e9m de coberturas internacionais na Alemanha e na Su\u00e9cia. Trabalhou por cinco anos na Ag\u00eancia Estado\/Broadcast, do Grupo Estado, onde foi rep\u00f3rter dos setores de minera\u00e7\u00e3o e siderurgia, alimentos e bebidas e finan\u00e7as. Foi premiada como o pr\u00eamio Destaque de Reportagem da AE em 2007 e 2008. Al\u00e9m de atuar no servi\u00e7o de not\u00edcias em tempo real, fez participa\u00e7\u00f5es no caderno de Economia do jornal Estado de S.Paulo e na R\u00e1dio Eldorado. Ainda no Grupo Estado, foi editora assistente da editoria Empresas e Setores, atuando com edi\u00e7\u00e3o e pauta, al\u00e9m de cobrir mercados diariamente com o cen\u00e1rio de bolsa e fazer reportagens especiais com foco em governan\u00e7a corporativa. Trabalhou tamb\u00e9m como correspondente de finan\u00e7as no servi\u00e7o da Thomson Reuters em portugu\u00eas por quase um ano. Atuou por cerca de oito anos como jornalista independente, contribuindo para ve\u00edculos como UOL Economia, Infomoney e Revista Voc\u00ea SA, al\u00e9m de ter trabalhado em projetos na \u00e1rea de conte\u00fado e comunica\u00e7\u00e3o de institui\u00e7\u00f5es financeiras como Anbima, Banco BS2, Banco Pine, Ita\u00fa BBA e EQI.\",\"url\":\"https:\/\/www.suno.com.br\/noticias\/author\/natalia-gomez\/\"}]}<\/script>\n<!-- \/ Yoast SEO plugin. -->","yoast_head_json":{"title":"Oi (OIBR3): UBS reduz pre\u00e7o-alvo em 64% e tira indica\u00e7\u00e3o de compra","description":"O banco UBS reduziu o pre\u00e7o-alvo das a\u00e7\u00f5es da Oi (OIBR3) de R$ 1,70 para R$ 0,60 e rebaixou a recomenda\u00e7\u00e3o de compra para neutro.","robots":{"index":"index","follow":"follow","max-snippet":"max-snippet:-1","max-image-preview":"max-image-preview:large","max-video-preview":"max-video-preview:-1"},"canonical":"https:\/\/www.suno.com.br\/noticias\/oi-oibr3-ubs-reduz-preco-alvo\/","og_locale":"pt_BR","og_type":"article","og_title":"Oi (OIBR3): UBS reduz pre\u00e7o-alvo em 64% e tira indica\u00e7\u00e3o de compra","og_description":"O banco UBS reduziu o pre\u00e7o-alvo das a\u00e7\u00f5es da Oi (OIBR3) de R$ 1,70 para R$ 0,60 e rebaixou a recomenda\u00e7\u00e3o de compra para neutro.","og_url":"https:\/\/www.suno.com.br\/noticias\/oi-oibr3-ubs-reduz-preco-alvo\/","og_site_name":"Suno Not\u00edcias","article_publisher":"https:\/\/facebook.com\/sunoresearch","og_image":[{"width":2000,"height":1333,"url":"https:\/\/files.sunoresearch.com.br\/n\/uploads\/2022\/06\/Radar.-Oi-OIBR3-tem-processo-de-recuperacao-adiado-novamente-Banrisul-BRSR6-e-Romi-ROMI3-pagarao-R-1686-milhoes-em-JCP-Banco-do-Brasil-BBAS3-briga-com-FII-pela-reducao-do-aluguel-1.jpg","type":"image\/jpeg"}],"author":"Natalia G\u00f3mez","twitter_card":"summary_large_image","twitter_creator":"@sunoresearch","twitter_site":"@sunoresearch","twitter_misc":{"Escrito por":"Natalia G\u00f3mez","Est. tempo de leitura":"3 minutos"},"schema":{"@context":"https:\/\/schema.org","@graph":[{"@type":"NewsArticle","@id":"https:\/\/www.suno.com.br\/noticias\/oi-oibr3-ubs-reduz-preco-alvo\/#article","isPartOf":{"@id":"https:\/\/www.suno.com.br\/noticias\/oi-oibr3-ubs-reduz-preco-alvo\/"},"author":{"name":"Natalia G\u00f3mez","@id":"https:\/\/www.suno.com.br\/noticias\/#\/schema\/person\/1b24d67c140a42e864ef414497edb164"},"headline":"Oi (OIBR3): UBS reduz pre\u00e7o-alvo em 64% e tira indica\u00e7\u00e3o de compra","datePublished":"2022-07-08T14:19:30+00:00","mainEntityOfPage":{"@id":"https:\/\/www.suno.com.br\/noticias\/oi-oibr3-ubs-reduz-preco-alvo\/"},"wordCount":418,"publisher":{"@id":"https:\/\/www.suno.com.br\/noticias\/#organization"},"image":{"@id":"https:\/\/www.suno.com.br\/noticias\/oi-oibr3-ubs-reduz-preco-alvo\/#primaryimage"},"thumbnailUrl":"https:\/\/files.sunoresearch.com.br\/n\/uploads\/2022\/06\/Radar.-Oi-OIBR3-tem-processo-de-recuperacao-adiado-novamente-Banrisul-BRSR6-e-Romi-ROMI3-pagarao-R-1686-milhoes-em-JCP-Banco-do-Brasil-BBAS3-briga-com-FII-pela-reducao-do-aluguel-1.jpg","articleSection":["Neg\u00f3cios"],"inLanguage":"pt-BR"},{"@type":"WebPage","@id":"https:\/\/www.suno.com.br\/noticias\/oi-oibr3-ubs-reduz-preco-alvo\/","url":"https:\/\/www.suno.com.br\/noticias\/oi-oibr3-ubs-reduz-preco-alvo\/","name":"Oi (OIBR3): UBS reduz pre\u00e7o-alvo em 64% e tira indica\u00e7\u00e3o de compra","isPartOf":{"@id":"https:\/\/www.suno.com.br\/noticias\/#website"},"primaryImageOfPage":{"@id":"https:\/\/www.suno.com.br\/noticias\/oi-oibr3-ubs-reduz-preco-alvo\/#primaryimage"},"image":{"@id":"https:\/\/www.suno.com.br\/noticias\/oi-oibr3-ubs-reduz-preco-alvo\/#primaryimage"},"thumbnailUrl":"https:\/\/files.sunoresearch.com.br\/n\/uploads\/2022\/06\/Radar.-Oi-OIBR3-tem-processo-de-recuperacao-adiado-novamente-Banrisul-BRSR6-e-Romi-ROMI3-pagarao-R-1686-milhoes-em-JCP-Banco-do-Brasil-BBAS3-briga-com-FII-pela-reducao-do-aluguel-1.jpg","datePublished":"2022-07-08T14:19:30+00:00","description":"O banco UBS reduziu o pre\u00e7o-alvo das a\u00e7\u00f5es da Oi (OIBR3) de R$ 1,70 para R$ 0,60 e rebaixou a recomenda\u00e7\u00e3o de compra para neutro.","breadcrumb":{"@id":"https:\/\/www.suno.com.br\/noticias\/oi-oibr3-ubs-reduz-preco-alvo\/#breadcrumb"},"inLanguage":"pt-BR","potentialAction":[{"@type":"ReadAction","target":["https:\/\/www.suno.com.br\/noticias\/oi-oibr3-ubs-reduz-preco-alvo\/"]}]},{"@type":"ImageObject","inLanguage":"pt-BR","@id":"https:\/\/www.suno.com.br\/noticias\/oi-oibr3-ubs-reduz-preco-alvo\/#primaryimage","url":"https:\/\/files.sunoresearch.com.br\/n\/uploads\/2022\/06\/Radar.-Oi-OIBR3-tem-processo-de-recuperacao-adiado-novamente-Banrisul-BRSR6-e-Romi-ROMI3-pagarao-R-1686-milhoes-em-JCP-Banco-do-Brasil-BBAS3-briga-com-FII-pela-reducao-do-aluguel-1.jpg","contentUrl":"https:\/\/files.sunoresearch.com.br\/n\/uploads\/2022\/06\/Radar.-Oi-OIBR3-tem-processo-de-recuperacao-adiado-novamente-Banrisul-BRSR6-e-Romi-ROMI3-pagarao-R-1686-milhoes-em-JCP-Banco-do-Brasil-BBAS3-briga-com-FII-pela-reducao-do-aluguel-1.jpg","width":2000,"height":1333,"caption":"Oi (OIBR3). Foto: Getty Images."},{"@type":"BreadcrumbList","@id":"https:\/\/www.suno.com.br\/noticias\/oi-oibr3-ubs-reduz-preco-alvo\/#breadcrumb","itemListElement":[{"@type":"ListItem","position":1,"name":"Not\u00edcias","item":"https:\/\/www.suno.com.br\/noticias\/"},{"@type":"ListItem","position":2,"name":"Neg\u00f3cios","item":"https:\/\/www.suno.com.br\/noticias\/negocios\/"},{"@type":"ListItem","position":3,"name":"Oi (OIBR3): UBS reduz pre\u00e7o-alvo em 64% e tira indica\u00e7\u00e3o de compra"}]},{"@type":"WebSite","@id":"https:\/\/www.suno.com.br\/noticias\/#website","url":"https:\/\/www.suno.com.br\/noticias\/","name":"Suno Not\u00edcias","description":"Seu portal de informa\u00e7\u00e3o sobre o mundo dos investimentos","publisher":{"@id":"https:\/\/www.suno.com.br\/noticias\/#organization"},"potentialAction":[{"@type":"SearchAction","target":{"@type":"EntryPoint","urlTemplate":"https:\/\/www.suno.com.br\/noticias\/?s={search_term_string}"},"query-input":{"@type":"PropertyValueSpecification","valueRequired":true,"valueName":"search_term_string"}}],"inLanguage":"pt-BR"},{"@type":"Organization","@id":"https:\/\/www.suno.com.br\/noticias\/#organization","name":"Suno Not\u00edcias","url":"https:\/\/www.suno.com.br\/noticias\/","logo":{"@type":"ImageObject","inLanguage":"pt-BR","@id":"https:\/\/www.suno.com.br\/noticias\/#\/schema\/logo\/image\/","url":"https:\/\/files.sunoresearch.com.br\/n\/uploads\/2021\/09\/suno-logo.png","contentUrl":"https:\/\/files.sunoresearch.com.br\/n\/uploads\/2021\/09\/suno-logo.png","width":180,"height":180,"caption":"Suno Not\u00edcias"},"image":{"@id":"https:\/\/www.suno.com.br\/noticias\/#\/schema\/logo\/image\/"},"sameAs":["https:\/\/facebook.com\/sunoresearch","https:\/\/x.com\/sunoresearch","https:\/\/www.instagram.com\/suno","https:\/\/www.linkedin.com\/company\/suno-research\/","https:\/\/www.youtube.com\/c\/sunoresearch"]},{"@type":"Person","@id":"https:\/\/www.suno.com.br\/noticias\/#\/schema\/person\/1b24d67c140a42e864ef414497edb164","name":"Natalia G\u00f3mez","image":{"@type":"ImageObject","inLanguage":"pt-BR","@id":"https:\/\/www.suno.com.br\/noticias\/#\/schema\/person\/image\/","url":"https:\/\/secure.gravatar.com\/avatar\/9e957e0b2b485c2d42c3f4145c16d940?s=96&r=g","contentUrl":"https:\/\/secure.gravatar.com\/avatar\/9e957e0b2b485c2d42c3f4145c16d940?s=96&r=g","caption":"Natalia G\u00f3mez"},"description":"Editora do Suno Not\u00edcias desde outubro de 2020, \u00e9 jornalista formada pela PUC-SP, com p\u00f3s-gradua\u00e7\u00e3o em jornalismo liter\u00e1rio. Atua no mercado financeiro desde 2003, quando iniciou a carreira no jornal econ\u00f4mico DCI, cobrindo o setor de alimentos no caderno de Ind\u00fastria. Foi trainee do jornal Valor Econ\u00f4mico, onde atuou no Caderno de Empresas por quase tr\u00eas anos. L\u00e1, cobriu o setor de ind\u00fastria, com foco em siderurgia, embalagens e aeroespacial. Fez coberturas setoriais em viagens para S\u00e3o Jos\u00e9 dos Campos e Franca (SP), al\u00e9m de coberturas internacionais na Alemanha e na Su\u00e9cia. Trabalhou por cinco anos na Ag\u00eancia Estado\/Broadcast, do Grupo Estado, onde foi rep\u00f3rter dos setores de minera\u00e7\u00e3o e siderurgia, alimentos e bebidas e finan\u00e7as. Foi premiada como o pr\u00eamio Destaque de Reportagem da AE em 2007 e 2008. Al\u00e9m de atuar no servi\u00e7o de not\u00edcias em tempo real, fez participa\u00e7\u00f5es no caderno de Economia do jornal Estado de S.Paulo e na R\u00e1dio Eldorado. Ainda no Grupo Estado, foi editora assistente da editoria Empresas e Setores, atuando com edi\u00e7\u00e3o e pauta, al\u00e9m de cobrir mercados diariamente com o cen\u00e1rio de bolsa e fazer reportagens especiais com foco em governan\u00e7a corporativa. Trabalhou tamb\u00e9m como correspondente de finan\u00e7as no servi\u00e7o da Thomson Reuters em portugu\u00eas por quase um ano. Atuou por cerca de oito anos como jornalista independente, contribuindo para ve\u00edculos como UOL Economia, Infomoney e Revista Voc\u00ea SA, al\u00e9m de ter trabalhado em projetos na \u00e1rea de conte\u00fado e comunica\u00e7\u00e3o de institui\u00e7\u00f5es financeiras como Anbima, Banco BS2, Banco Pine, Ita\u00fa BBA e EQI.","url":"https:\/\/www.suno.com.br\/noticias\/author\/natalia-gomez\/"}]}},"default_loop_html":"<div class=\"cardsPage__listCard__boxs\"><div class=\"cardsPage__listCard__boxs__img\"><a href=\"https:\/\/www.suno.com.br\/noticias\/oi-oibr3-ubs-reduz-preco-alvo\/\"><img class=\"mask\" src=\"https:\/\/www.suno.com.br\/noticias\/wp-content\/themes\/suno\/resources\/images\/spotlight\/spotlight1img\/bg-mask.png\" alt=\"Image Mask\"\/><img src=\"https:\/\/files.sunoresearch.com.br\/n\/uploads\/2022\/06\/Radar.-Oi-OIBR3-tem-processo-de-recuperacao-adiado-novamente-Banrisul-BRSR6-e-Romi-ROMI3-pagarao-R-1686-milhoes-em-JCP-Banco-do-Brasil-BBAS3-briga-com-FII-pela-reducao-do-aluguel-1-400x200.jpg\" alt=\"Oi (OIBR3): UBS reduz pre\u00e7o-alvo em 64% e tira indica\u00e7\u00e3o de compra\"\/><\/a><span class=\"spotlightCategory\"><a href=\"https:\/\/www.suno.com.br\/noticias\/negocios\/\">Neg\u00f3cios<\/a><\/span><\/div><div class=\"cardsPage__listCard__boxs__content\"><a href=\"https:\/\/www.suno.com.br\/noticias\/oi-oibr3-ubs-reduz-preco-alvo\/\"><h2 class=\"content__title\">Oi (OIBR3): UBS reduz pre\u00e7o-alvo em 64% e tira indica\u00e7\u00e3o de compra<\/h2><\/a><div class=\"newsContent__article__meta\"><div class=\"newsContent__article__meta__authorBox\"><a href=\"https:\/\/www.suno.com.br\/noticias\/author\/natalia-gomez\/\" class=\"authorBox__avatar noMobi\"><img src=\"https:\/\/secure.gravatar.com\/avatar\/9e957e0b2b485c2d42c3f4145c16d940?s=96&#038;r=g\" alt=\"Natalia G\u00f3mez\"><\/a><div class=\"authorBox__name\"><span>por\n\t\t\t<a href=\"https:\/\/www.suno.com.br\/noticias\/author\/natalia-gomez\/\"><span itemprop=\"author\">Natalia G\u00f3mez<\/span><\/a><\/span><time datetime=\"2022-07-08T11:19:30-03:00\" itemprop=\"datePublished\">08\/07\/2022 11:19<\/time><\/div><\/div><\/div><\/div><\/div>","single_layout":"posts","amp_enabled":true,"_links":{"self":[{"href":"https:\/\/www.suno.com.br\/noticias\/wp-json\/wp\/v2\/posts\/274505"}],"collection":[{"href":"https:\/\/www.suno.com.br\/noticias\/wp-json\/wp\/v2\/posts"}],"about":[{"href":"https:\/\/www.suno.com.br\/noticias\/wp-json\/wp\/v2\/types\/post"}],"author":[{"embeddable":true,"href":"https:\/\/www.suno.com.br\/noticias\/wp-json\/wp\/v2\/users\/60"}],"replies":[{"embeddable":true,"href":"https:\/\/www.suno.com.br\/noticias\/wp-json\/wp\/v2\/comments?post=274505"}],"version-history":[{"count":3,"href":"https:\/\/www.suno.com.br\/noticias\/wp-json\/wp\/v2\/posts\/274505\/revisions"}],"predecessor-version":[{"id":274517,"href":"https:\/\/www.suno.com.br\/noticias\/wp-json\/wp\/v2\/posts\/274505\/revisions\/274517"}],"wp:featuredmedia":[{"embeddable":true,"href":"https:\/\/www.suno.com.br\/noticias\/wp-json\/wp\/v2\/media\/265652"}],"wp:attachment":[{"href":"https:\/\/www.suno.com.br\/noticias\/wp-json\/wp\/v2\/media?parent=274505"}],"wp:term":[{"taxonomy":"category","embeddable":true,"href":"https:\/\/www.suno.com.br\/noticias\/wp-json\/wp\/v2\/categories?post=274505"},{"taxonomy":"post_tag","embeddable":true,"href":"https:\/\/www.suno.com.br\/noticias\/wp-json\/wp\/v2\/tags?post=274505"},{"taxonomy":"suno_strategy","embeddable":true,"href":"https:\/\/www.suno.com.br\/noticias\/wp-json\/wp\/v2\/suno_strategy?post=274505"}],"curies":[{"name":"wp","href":"https:\/\/api.w.org\/{rel}","templated":true}]}}