{"id":274229,"date":"2022-07-07T16:33:23","date_gmt":"2022-07-07T19:33:23","guid":{"rendered":"https:\/\/www.suno.com.br\/noticias\/?p=274229"},"modified":"2022-07-08T03:34:14","modified_gmt":"2022-07-08T06:34:14","slug":"pec-auxilios-kamikaze-aprovada-comissao-especial-camara","status":"publish","type":"post","link":"https:\/\/www.suno.com.br\/noticias\/pec-auxilios-kamikaze-aprovada-comissao-especial-camara\/","title":{"rendered":"PEC dos Benef\u00edcios: com qu\u00f3rum baixo, vota\u00e7\u00e3o do texto em plen\u00e1rio da C\u00e2mara \u00e9 adiada"},"content":{"rendered":"<p>A comiss\u00e3o especial da C\u00e2mara aprovou por 36 a 1 na tarde desta quinta-feira (7) o texto-base da PEC Kamikaze, ou <strong>PEC do Benef\u00edcios<\/strong>, proposta que concede uma s\u00e9rie de aux\u00edlios sociais \u00e0s v\u00e9speras da elei\u00e7\u00e3o de outubro. Os deputados passaram a analisar destaques (sugest\u00f5es de mudan\u00e7as) e depois o texto seguiria para o plen\u00e1rio. \u00c0 noite, o presidente da C\u00e2mara, Arthur Lira (PP-AL) decidiu, por\u00e9m, adiar a vota\u00e7\u00e3o da proposta de emenda \u00e0 Constitui\u00e7\u00e3o que prev\u00ea o pagamento de benef\u00edcios sociais at\u00e9 o fim do ano. A inten\u00e7\u00e3o dele era votar e aprovar a PEC hoje (7) para que a promulga\u00e7\u00e3o ocorresse o mais rapidamente poss\u00edvel, mas o baixo n\u00famero de presentes na sess\u00e3o de hoje (7) freou as inten\u00e7\u00f5es de Lira.<\/p>\t<div class=\"wrapper-featured-image\">\n\t\t<figure class=\"spotlightImg\">\n\n\t\t\t<picture>\n\t\t\t\t<source media=\"(max-width: 768px)\" srcset=\"https:\/\/files.sunoresearch.com.br\/n\/uploads\/2021\/05\/e42e9228-foto-luis-macedo-agencia-camara-400x200.webp\">\n\t\t\t\t<img loading=\"lazy\" decoding=\"async\" class=\"newsContent__article__imgCapa lazyloadDisabled \" src=\"https:\/\/files.sunoresearch.com.br\/n\/uploads\/2021\/05\/e42e9228-foto-luis-macedo-agencia-camara-800x450.webp\" width=\"800\" height=\"450\" alt=\"PEC dos Benef\u00edcios: com qu\u00f3rum baixo, vota\u00e7\u00e3o do texto em plen\u00e1rio da C\u00e2mara \u00e9 adiada\" fetchpriority=high \/>\n\t\t\t<\/picture>\n\n\t\t\t<figcaption class=\"wp-caption-text wp-caption-text--show\">Membros do Congresso. Foto: Luis Macedo\/Ag\u00eancia C\u00e2mara.<\/figcaption>\n\t\t<\/figure>\n\t<\/div>\n\n\n\t<p>\n\t\t<a href=\"\" target=\"_blank\" data-element=\"shortcode-suno-banner\" title=\"Banner SUNO, clique e saiba mais\">\n\t\t\t<picture>\n\t\t\t\t<source media=\"(max-width: 500px)\" srcset=\"\">\n\t\t\t\t<img class=\"newsContent__article__imgCapa newsContent__article__imgCapa--banner\"\n\t\t\t\t\tsrc=\"\"\n\t\t\t\t\tdata-promo-id=\"240038\"\t\t\t\t\t\t\t\t\t\t\t\t\t\t\talt=\"\"\n\t\t\t\t>\n\t\t\t<\/picture>\n\t\t<\/a>\n\t<\/p>\n\n\n<p>\u201cS\u00f3 para esclarecer, n\u00e3o vou arriscar nem essa PEC nem a pr\u00f3xima PEC com esse qu\u00f3rum de hoje. Nada mais havendo a tratar, vou encerrar os trabalhos\u201d, disse Lira, remarcando a vota\u00e7\u00e3o da proposta para ter\u00e7a-feira (12). A outra PEC pautada para hoje tratava do piso salarial nacional de profissionais de enfermagem.<\/p>\n<p>Lira observou o baixo qu\u00f3rum ap\u00f3s a vota\u00e7\u00e3o de um requerimento de encerramento de discuss\u00e3o. O requerimento obteve 303 votos favor\u00e1veis e 91 contr\u00e1rios. Como a PEC requer 308 votos para ser aprovada, havia a possibilidade da proposta, considerada importante para o governo, ser derrotada em plen\u00e1rio.<\/p>\n<p>O relator, deputado <strong>Danilo Forte<\/strong> (Uni\u00e3o Brasil-CE), leu o relat\u00f3rio final da PEC Kamikaze na noite da \u00faltima ter\u00e7a-feira (5), mas um pedido de vista adiou a delibera\u00e7\u00e3o para hoje.<\/p>\n<p>Quando h\u00e1 pedido de adiamento de vota\u00e7\u00e3o, \u00e9 preciso contar duas sess\u00f5es do plen\u00e1rio da C\u00e2mara para que uma PEC volte para an\u00e1lise do colegiado. A primeira sess\u00e3o foi realizada nesta quarta (6) e a segunda foi a de hoje de manh\u00e3, com in\u00edcio \u00e0s 6h30 e encerramento \u00e0s 6h31, em sess\u00e3o deliberativa que durou um minuto, para acelerar a tramita\u00e7\u00e3o da proposta.<\/p>\n<p>A previs\u00e3o \u00e9 de que a PEC Kamikaze custe R$ 41,25 bilh\u00f5es fora do <a class=\"suno-keyword\" href=\"https:\/\/www.suno.com.br\/artigos\/teto-de-gastos\/\" target=\"_blank\" rel=\"noopener\" data-force=\"no\" data-priority=\"1\">teto de gastos<\/a>, e com o objetivo de blindar o presidente\u00a0<strong>Jair Bolsonaro\u00a0<\/strong>de san\u00e7\u00f5es da Lei Eleitoral, que pro\u00edbe a cria\u00e7\u00e3o de novos benef\u00edcios sociais perto das elei\u00e7\u00f5es, foi inclu\u00edda tamb\u00e9m na proposta de um estado de emerg\u00eancia nacional.<\/p>\n\t<p>\n\t\t<a href=\"https:\/\/lp.suno.com.br\/planilha-controle-gastos\/\" target=\"_blank\" data-element=\"shortcode-suno-banner\" title=\"Banner SUNO, clique e saiba mais\">\n\t\t\t<picture>\n\t\t\t\t<source media=\"(max-width: 500px)\" srcset=\"https:\/\/files.sunoresearch.com.br\/n\/uploads\/2023\/03\/400x300-Planilha-controle-de-gastos.png\">\n\t\t\t\t<img class=\"newsContent__article__imgCapa newsContent__article__imgCapa--banner\"\n\t\t\t\t\tsrc=\"https:\/\/files.sunoresearch.com.br\/n\/uploads\/2023\/03\/1420x240-Planilha-controle-de-gastos.png\"\n\t\t\t\t\tdata-promo-id=\"101751\"\t\t\t\t\t\t\t\t\t\twidth='1420' height='240'\t\t\t\t\talt=\"https:\/\/files.sunoresearch.com.br\/n\/uploads\/2023\/03\/1420x240-Planilha-controle-de-gastos.png\"\n\t\t\t\t>\n\t\t\t<\/picture>\n\t\t<\/a>\n\t<\/p>\n\n\n<p>O \u00fanico partido a orientar os deputados a votar contra a proposta foi o Novo. A proposta foi criticada por oposicionistas, mas acabaram votando a favor. &#8220;O que n\u00f3s estamos vendo aqui \u00e9 um crime eleitoral do Bolsonaro&#8221;, afirmou o l\u00edder do PT, Reginaldo Lopes (MG), se referindo ao estado de emerg\u00eancia colocado no texto. A legisla\u00e7\u00e3o pro\u00edbe a concess\u00e3o de benef\u00edcios sociais \u00e0s v\u00e9speras da elei\u00e7\u00e3o, exceto em caso de emerg\u00eancia ou calamidade.<\/p>\n<p>&#8220;N\u00f3s estamos fissurando o arcabou\u00e7o eleitoral que busca garantir equil\u00edbrio no processo democr\u00e1tico eleitoral. N\u00f3s estamos avacalhando o processo legislativo&#8221;, disse o deputado Marcelo Ramos (PSD-AM), ex-vice-presidente da C\u00e2mara.<\/p>\n<p>Na quarta, a Frente Parlamentar em Defesa dos Caminhoneiros Aut\u00f4nomos e Celetistas entrou com mandado de seguran\u00e7a no Supremo Tribunal Federal (STF) para suspender a tramita\u00e7\u00e3o da PEC.<\/p>\n\t<p>\n\t\t<a href=\"https:\/\/lp.suno.com.br\/planilha-da-vida-financeira\/\" target=\"_blank\" data-element=\"shortcode-suno-banner\" title=\"Banner SUNO, clique e saiba mais\">\n\t\t\t<picture>\n\t\t\t\t<source media=\"(max-width: 500px)\" srcset=\"https:\/\/files.sunoresearch.com.br\/n\/uploads\/2023\/04\/400x300-Planilha-vida-financeira-true.png\">\n\t\t\t\t<img class=\"newsContent__article__imgCapa newsContent__article__imgCapa--banner\"\n\t\t\t\t\tsrc=\"https:\/\/files.sunoresearch.com.br\/n\/uploads\/2023\/04\/1420x240-Planilha-vida-financeira-true.png\"\n\t\t\t\t\tdata-promo-id=\"106682\"\t\t\t\t\t\t\t\t\t\twidth='1420' height='240'\t\t\t\t\talt=\"https:\/\/files.sunoresearch.com.br\/n\/uploads\/2023\/04\/1420x240-Planilha-vida-financeira-true.png\"\n\t\t\t\t>\n\t\t\t<\/picture>\n\t\t<\/a>\n\t<\/p>\n\n\n<p>&#8220;\u00c9 constru\u00e7\u00e3o de um &#8216;Frankenstein&#8217; para legalizar uma pedalada Tabajara com um \u00fanico objetivo de atender a gan\u00e2ncia eleitoreira de Jair Bolsonaro e manter as benesses a especuladores financistas com a gan\u00e2ncia financeira de <a class=\"suno-keyword\" href=\"https:\/\/www.suno.com.br\/tudo-sobre\/paulo-guedes\/\" target=\"_blank\" rel=\"noopener\" data-force=\"no\" data-priority=\"2\">Paulo Guedes<\/a>&#8220;, disse o deputado Nereu Crispim (PSD-RS), que presidente a Frente Parlamentar.<\/p>\n<p>Crispim tamb\u00e9m criticou a tramita\u00e7\u00e3o r\u00e1pida do texto no Congresso. &#8220;A C\u00e2mara dos Deputados est\u00e1 promovendo avan\u00e7o antirregimental para agilizar a aprova\u00e7\u00e3o da PEC Eleitoreira em claro desvirtuamento com apelo at\u00e9 de estado de emerg\u00eancia&#8221;, afirmou.<\/p>\n\t<p>\n\t\t<a href=\"https:\/\/lp.suno.com.br\/ebook-como-analisar-uma-acao\/\" target=\"_blank\" data-element=\"shortcode-suno-banner\" title=\"Banner SUNO, clique e saiba mais\">\n\t\t\t<picture>\n\t\t\t\t<source media=\"(max-width: 500px)\" srcset=\"https:\/\/files.sunoresearch.com.br\/n\/uploads\/2023\/03\/Ebook-Acoes-Mobile-1.jpg\">\n\t\t\t\t<img class=\"newsContent__article__imgCapa newsContent__article__imgCapa--banner\"\n\t\t\t\t\tsrc=\"https:\/\/files.sunoresearch.com.br\/n\/uploads\/2023\/03\/Ebook-Acoes-Desktop-1.jpg\"\n\t\t\t\t\tdata-promo-id=\"171998\"\t\t\t\t\t\t\t\t\t\twidth='1420' height='286'\t\t\t\t\talt=\"https:\/\/files.sunoresearch.com.br\/n\/uploads\/2023\/03\/Ebook-Acoes-Desktop-1.jpg\"\n\t\t\t\t>\n\t\t\t<\/picture>\n\t\t<\/a>\n\t<\/p>\n\n\n<h2>Confira ponto a ponto os benef\u00edcios da PEC Kamikaze<\/h2>\n<ul>\n<li><strong>Aux\u00edlio Brasil<\/strong>: Amplia\u00e7\u00e3o de R$ 400 para R$ 600 mensais e cadastro de 1,6 milh\u00e3o de novas fam\u00edlias no programa (custo estimado: R$ 26 bilh\u00f5es);<\/li>\n<li><strong>Bolsa-caminhoneiro<\/strong>: cria\u00e7\u00e3o de um benef\u00edcio de R$ 1 mil (custo estimado: R$ 5,4 bilh\u00f5es);<\/li>\n<li><strong>Aux\u00edlio-G\u00e1s<\/strong>: Amplia\u00e7\u00e3o de R$ 53 para o valor de um botij\u00e3o a cada dois meses (o <a class=\"suno-keyword\" href=\"https:\/\/www.suno.com.br\/artigos\/preco-medio\/\" target=\"_blank\" rel=\"noopener\" data-force=\"no\" data-priority=\"1\">pre\u00e7o m\u00e9dio<\/a> atual do botij\u00e3o de 13kg, segundo a ANP, \u00e9 de R$ 112,60; custo estimado: R$ 1,05 bilh\u00e3o);<\/li>\n<li><strong>Transporte gratuito de idosos<\/strong>: compensa\u00e7\u00e3o aos Estados para atender a gratuidade, j\u00e1 prevista em lei, do transporte p\u00fablico de idosos (custo estimado: R$ 2,5 bilh\u00f5es);<\/li>\n<li><strong>Etanol<\/strong>: Repasse de at\u00e9 R$ 3,8 bilh\u00f5es a Estados para manuten\u00e7\u00e3o do ICMS em 12% para manter a competitividade do biocombust\u00edvel em rela\u00e7\u00e3o \u00e0 gasolina;<\/li>\n<li><strong>Aux\u00edlio para taxistas<\/strong>: benef\u00edcios para taxistas devidamente registrados at\u00e9 31 de maio de 2022. O valor total dessa medida ser\u00e1 de at\u00e9 R$ 2 bilh\u00f5es.<\/li>\n<li><strong>Aux\u00edlio-gasolina<\/strong>: de R$ 200 para os taxistas ao custo de R$ 2 bilh\u00f5es;<\/li>\n<li><strong>Alimenta Brasil<\/strong>: R$ 500 milh\u00f5es seriam direcionados ao programa para a compra de alimentos de agricultores familiares<\/li>\n<\/ul>\n<p class=\"newsProviderSignature\">(<em>Com informa\u00e7\u00f5es do Estad\u00e3o Conte\u00fado e Ag\u00eancia Brasil<\/em>)<\/p>\n\t<p>\n\t\t<a href=\"https:\/\/lp.suno.com.br\/planilha-de-controle-de-investimentos\/\" target=\"_blank\" data-element=\"shortcode-suno-banner\" title=\"Banner SUNO, clique e saiba mais\">\n\t\t\t<picture>\n\t\t\t\t<source media=\"(max-width: 500px)\" srcset=\"https:\/\/files.sunoresearch.com.br\/n\/uploads\/2023\/03\/400x300-Controle-de-Investimentos.png\">\n\t\t\t\t<img class=\"newsContent__article__imgCapa newsContent__article__imgCapa--banner\"\n\t\t\t\t\tsrc=\"https:\/\/files.sunoresearch.com.br\/n\/uploads\/2023\/03\/1420x240-Controle-de-Investimentos.png\"\n\t\t\t\t\tdata-promo-id=\"75934\"\t\t\t\t\t\t\t\t\t\twidth='1420' height='240'\t\t\t\t\talt=\"https:\/\/files.sunoresearch.com.br\/n\/uploads\/2023\/03\/1420x240-Controle-de-Investimentos.png\"\n\t\t\t\t>\n\t\t\t<\/picture>\n\t\t<\/a>\n\t<\/p>\n\n\n","protected":false},"excerpt":{"rendered":"<p>A comiss\u00e3o especial da C\u00e2mara aprovou por 36 a 1 na tarde desta quinta-feira (7) o texto-base da PEC Kamikaze, ou PEC do Benef\u00edcios, proposta que concede uma s\u00e9rie de aux\u00edlios sociais \u00e0s v\u00e9speras da elei\u00e7\u00e3o de outubro. Os deputados passaram a analisar destaques (sugest\u00f5es de mudan\u00e7as) e depois o texto seguiria para o plen\u00e1rio. [&hellip;]<\/p>\n","protected":false},"author":146,"featured_media":150062,"comment_status":"closed","ping_status":"closed","sticky":false,"template":"","format":"standard","meta":[],"categories":[61],"tags":[879,105989],"suno_strategy":[],"class_list":["post-274229","post","type-post","status-publish","format-standard","has-post-thumbnail","hentry","category-politica","tag-gasolina","tag-pec-emergencial"],"yoast_head":"<!-- This site is optimized with the Yoast SEO plugin v24.4 - https:\/\/yoast.com\/wordpress\/plugins\/seo\/ -->\n<title>PEC dos Aux\u00edlios \u00e9 aprovada em comiss\u00e3o especial na C\u00e2mara<\/title>\n<meta name=\"description\" content=\"A PEC dos Aux\u00edlios, a PEC Kamikaze, foi aprovada em comiss\u00e3o especial na C\u00e2mara dos Deputados, mas vota\u00e7\u00e3o em plen\u00e1rio acabou adiada\" \/>\n<meta name=\"robots\" content=\"index, follow, max-snippet:-1, max-image-preview:large, max-video-preview:-1\" \/>\n<link rel=\"canonical\" href=\"https:\/\/www.suno.com.br\/noticias\/pec-auxilios-kamikaze-aprovada-comissao-especial-camara\/\" \/>\n<meta property=\"og:locale\" content=\"pt_BR\" \/>\n<meta property=\"og:type\" content=\"article\" \/>\n<meta property=\"og:title\" content=\"PEC dos Aux\u00edlios \u00e9 aprovada em comiss\u00e3o especial na C\u00e2mara\" \/>\n<meta property=\"og:description\" content=\"A PEC dos Aux\u00edlios, a PEC Kamikaze, foi aprovada em comiss\u00e3o especial na C\u00e2mara dos Deputados, mas vota\u00e7\u00e3o em plen\u00e1rio acabou adiada\" \/>\n<meta property=\"og:url\" content=\"https:\/\/www.suno.com.br\/noticias\/pec-auxilios-kamikaze-aprovada-comissao-especial-camara\/\" \/>\n<meta property=\"og:site_name\" content=\"Suno Not\u00edcias\" \/>\n<meta property=\"article:publisher\" content=\"https:\/\/facebook.com\/sunoresearch\" \/>\n<meta property=\"og:image\" content=\"https:\/\/files.sunoresearch.com.br\/n\/uploads\/2021\/05\/e42e9228-foto-luis-macedo-agencia-camara.jpg\" \/>\n\t<meta property=\"og:image:width\" content=\"2003\" \/>\n\t<meta property=\"og:image:height\" content=\"1312\" \/>\n\t<meta property=\"og:image:type\" content=\"image\/jpeg\" \/>\n<meta name=\"author\" content=\"Vict\u00f3ria Anhesini\" \/>\n<meta name=\"twitter:card\" content=\"summary_large_image\" \/>\n<meta name=\"twitter:creator\" content=\"@sunoresearch\" \/>\n<meta name=\"twitter:site\" content=\"@sunoresearch\" \/>\n<meta name=\"twitter:label1\" content=\"Escrito por\" \/>\n\t<meta name=\"twitter:data1\" content=\"Vict\u00f3ria Anhesini\" \/>\n\t<meta name=\"twitter:label2\" content=\"Est. tempo de leitura\" \/>\n\t<meta name=\"twitter:data2\" content=\"5 minutos\" \/>\n<script type=\"application\/ld+json\" class=\"yoast-schema-graph\">{\"@context\":\"https:\/\/schema.org\",\"@graph\":[{\"@type\":\"NewsArticle\",\"@id\":\"https:\/\/www.suno.com.br\/noticias\/pec-auxilios-kamikaze-aprovada-comissao-especial-camara\/#article\",\"isPartOf\":{\"@id\":\"https:\/\/www.suno.com.br\/noticias\/pec-auxilios-kamikaze-aprovada-comissao-especial-camara\/\"},\"author\":{\"name\":\"Vict\u00f3ria Anhesini\",\"@id\":\"https:\/\/www.suno.com.br\/noticias\/#\/schema\/person\/46d847cb19ad53fde0857adca989c23f\"},\"headline\":\"PEC dos Benef\u00edcios: com qu\u00f3rum baixo, vota\u00e7\u00e3o do texto em plen\u00e1rio da C\u00e2mara \u00e9 adiada\",\"datePublished\":\"2022-07-07T19:33:23+00:00\",\"dateModified\":\"2022-07-08T06:34:14+00:00\",\"mainEntityOfPage\":{\"@id\":\"https:\/\/www.suno.com.br\/noticias\/pec-auxilios-kamikaze-aprovada-comissao-especial-camara\/\"},\"wordCount\":894,\"publisher\":{\"@id\":\"https:\/\/www.suno.com.br\/noticias\/#organization\"},\"image\":{\"@id\":\"https:\/\/www.suno.com.br\/noticias\/pec-auxilios-kamikaze-aprovada-comissao-especial-camara\/#primaryimage\"},\"thumbnailUrl\":\"https:\/\/files.sunoresearch.com.br\/n\/uploads\/2021\/05\/e42e9228-foto-luis-macedo-agencia-camara-jpg.webp\",\"keywords\":[\"Gasolina\",\"PEC Emergencial\"],\"articleSection\":[\"Pol\u00edtica\"],\"inLanguage\":\"pt-BR\"},{\"@type\":\"WebPage\",\"@id\":\"https:\/\/www.suno.com.br\/noticias\/pec-auxilios-kamikaze-aprovada-comissao-especial-camara\/\",\"url\":\"https:\/\/www.suno.com.br\/noticias\/pec-auxilios-kamikaze-aprovada-comissao-especial-camara\/\",\"name\":\"PEC dos Aux\u00edlios \u00e9 aprovada em comiss\u00e3o especial na C\u00e2mara\",\"isPartOf\":{\"@id\":\"https:\/\/www.suno.com.br\/noticias\/#website\"},\"primaryImageOfPage\":{\"@id\":\"https:\/\/www.suno.com.br\/noticias\/pec-auxilios-kamikaze-aprovada-comissao-especial-camara\/#primaryimage\"},\"image\":{\"@id\":\"https:\/\/www.suno.com.br\/noticias\/pec-auxilios-kamikaze-aprovada-comissao-especial-camara\/#primaryimage\"},\"thumbnailUrl\":\"https:\/\/files.sunoresearch.com.br\/n\/uploads\/2021\/05\/e42e9228-foto-luis-macedo-agencia-camara-jpg.webp\",\"datePublished\":\"2022-07-07T19:33:23+00:00\",\"dateModified\":\"2022-07-08T06:34:14+00:00\",\"description\":\"A PEC dos Aux\u00edlios, a PEC Kamikaze, foi aprovada em comiss\u00e3o especial na C\u00e2mara dos Deputados, mas vota\u00e7\u00e3o em plen\u00e1rio acabou adiada\",\"breadcrumb\":{\"@id\":\"https:\/\/www.suno.com.br\/noticias\/pec-auxilios-kamikaze-aprovada-comissao-especial-camara\/#breadcrumb\"},\"inLanguage\":\"pt-BR\",\"potentialAction\":[{\"@type\":\"ReadAction\",\"target\":[\"https:\/\/www.suno.com.br\/noticias\/pec-auxilios-kamikaze-aprovada-comissao-especial-camara\/\"]}]},{\"@type\":\"ImageObject\",\"inLanguage\":\"pt-BR\",\"@id\":\"https:\/\/www.suno.com.br\/noticias\/pec-auxilios-kamikaze-aprovada-comissao-especial-camara\/#primaryimage\",\"url\":\"https:\/\/files.sunoresearch.com.br\/n\/uploads\/2021\/05\/e42e9228-foto-luis-macedo-agencia-camara-jpg.webp\",\"contentUrl\":\"https:\/\/files.sunoresearch.com.br\/n\/uploads\/2021\/05\/e42e9228-foto-luis-macedo-agencia-camara-jpg.webp\",\"width\":2003,\"height\":1312,\"caption\":\"Membros do Congresso. Foto: Luis Macedo\/Ag\u00eancia C\u00e2mara.\"},{\"@type\":\"BreadcrumbList\",\"@id\":\"https:\/\/www.suno.com.br\/noticias\/pec-auxilios-kamikaze-aprovada-comissao-especial-camara\/#breadcrumb\",\"itemListElement\":[{\"@type\":\"ListItem\",\"position\":1,\"name\":\"Not\u00edcias\",\"item\":\"https:\/\/www.suno.com.br\/noticias\/\"},{\"@type\":\"ListItem\",\"position\":2,\"name\":\"Pol\u00edtica\",\"item\":\"https:\/\/www.suno.com.br\/noticias\/politica\/\"},{\"@type\":\"ListItem\",\"position\":3,\"name\":\"PEC dos Benef\u00edcios: com qu\u00f3rum baixo, vota\u00e7\u00e3o do texto em plen\u00e1rio da C\u00e2mara \u00e9 adiada\"}]},{\"@type\":\"WebSite\",\"@id\":\"https:\/\/www.suno.com.br\/noticias\/#website\",\"url\":\"https:\/\/www.suno.com.br\/noticias\/\",\"name\":\"Suno Not\u00edcias\",\"description\":\"Seu portal de informa\u00e7\u00e3o sobre o mundo dos investimentos\",\"publisher\":{\"@id\":\"https:\/\/www.suno.com.br\/noticias\/#organization\"},\"potentialAction\":[{\"@type\":\"SearchAction\",\"target\":{\"@type\":\"EntryPoint\",\"urlTemplate\":\"https:\/\/www.suno.com.br\/noticias\/?s={search_term_string}\"},\"query-input\":{\"@type\":\"PropertyValueSpecification\",\"valueRequired\":true,\"valueName\":\"search_term_string\"}}],\"inLanguage\":\"pt-BR\"},{\"@type\":\"Organization\",\"@id\":\"https:\/\/www.suno.com.br\/noticias\/#organization\",\"name\":\"Suno Not\u00edcias\",\"url\":\"https:\/\/www.suno.com.br\/noticias\/\",\"logo\":{\"@type\":\"ImageObject\",\"inLanguage\":\"pt-BR\",\"@id\":\"https:\/\/www.suno.com.br\/noticias\/#\/schema\/logo\/image\/\",\"url\":\"https:\/\/files.sunoresearch.com.br\/n\/uploads\/2021\/09\/suno-logo.png\",\"contentUrl\":\"https:\/\/files.sunoresearch.com.br\/n\/uploads\/2021\/09\/suno-logo.png\",\"width\":180,\"height\":180,\"caption\":\"Suno Not\u00edcias\"},\"image\":{\"@id\":\"https:\/\/www.suno.com.br\/noticias\/#\/schema\/logo\/image\/\"},\"sameAs\":[\"https:\/\/facebook.com\/sunoresearch\",\"https:\/\/x.com\/sunoresearch\",\"https:\/\/www.instagram.com\/suno\",\"https:\/\/www.linkedin.com\/company\/suno-research\/\",\"https:\/\/www.youtube.com\/c\/sunoresearch\"]},{\"@type\":\"Person\",\"@id\":\"https:\/\/www.suno.com.br\/noticias\/#\/schema\/person\/46d847cb19ad53fde0857adca989c23f\",\"name\":\"Vict\u00f3ria Anhesini\",\"image\":{\"@type\":\"ImageObject\",\"inLanguage\":\"pt-BR\",\"@id\":\"https:\/\/www.suno.com.br\/noticias\/#\/schema\/person\/image\/\",\"url\":\"https:\/\/secure.gravatar.com\/avatar\/0172bdfcd9129dd9dd68794804304e6e?s=96&r=g\",\"contentUrl\":\"https:\/\/secure.gravatar.com\/avatar\/0172bdfcd9129dd9dd68794804304e6e?s=96&r=g\",\"caption\":\"Vict\u00f3ria Anhesini\"},\"description\":\"Rep\u00f3rter no Suno Not\u00edcias, cobre mercados, neg\u00f3cios e economia, escrevendo majoritariamente sobre movimentos das empresas, cobertura de balan\u00e7os trimestrais e Bolsa de Valores. Formada em jornalismo pela Universidade Presbiteriana Mackenzie em 2019, passou pelo portal de economia e finan\u00e7as EuQueroInvestir como rep\u00f3rter e anteriormente, trabalhou na assessoria de imprensa PinePR, onde liderou com startups de inova\u00e7\u00e3o, tecnologia e finan\u00e7as. Em seu tempo livre, fala sobre m\u00fasica para ambos os sites do selo ForMusic, Wikimetal e Mad Sound, e faz trabalho volunt\u00e1rio no programa Escreve Cartas do Poupatempo.\",\"sameAs\":[\"https:\/\/www.linkedin.com\/in\/victoria-anhesini\/\"],\"url\":\"https:\/\/www.suno.com.br\/noticias\/author\/victoria\/\"}]}<\/script>\n<!-- \/ Yoast SEO plugin. -->","yoast_head_json":{"title":"PEC dos Aux\u00edlios \u00e9 aprovada em comiss\u00e3o especial na C\u00e2mara","description":"A PEC dos Aux\u00edlios, a PEC Kamikaze, foi aprovada em comiss\u00e3o especial na C\u00e2mara dos Deputados, mas vota\u00e7\u00e3o em plen\u00e1rio acabou adiada","robots":{"index":"index","follow":"follow","max-snippet":"max-snippet:-1","max-image-preview":"max-image-preview:large","max-video-preview":"max-video-preview:-1"},"canonical":"https:\/\/www.suno.com.br\/noticias\/pec-auxilios-kamikaze-aprovada-comissao-especial-camara\/","og_locale":"pt_BR","og_type":"article","og_title":"PEC dos Aux\u00edlios \u00e9 aprovada em comiss\u00e3o especial na C\u00e2mara","og_description":"A PEC dos Aux\u00edlios, a PEC Kamikaze, foi aprovada em comiss\u00e3o especial na C\u00e2mara dos Deputados, mas vota\u00e7\u00e3o em plen\u00e1rio acabou adiada","og_url":"https:\/\/www.suno.com.br\/noticias\/pec-auxilios-kamikaze-aprovada-comissao-especial-camara\/","og_site_name":"Suno Not\u00edcias","article_publisher":"https:\/\/facebook.com\/sunoresearch","og_image":[{"width":2003,"height":1312,"url":"https:\/\/files.sunoresearch.com.br\/n\/uploads\/2021\/05\/e42e9228-foto-luis-macedo-agencia-camara.jpg","type":"image\/jpeg"}],"author":"Vict\u00f3ria Anhesini","twitter_card":"summary_large_image","twitter_creator":"@sunoresearch","twitter_site":"@sunoresearch","twitter_misc":{"Escrito por":"Vict\u00f3ria Anhesini","Est. tempo de leitura":"5 minutos"},"schema":{"@context":"https:\/\/schema.org","@graph":[{"@type":"NewsArticle","@id":"https:\/\/www.suno.com.br\/noticias\/pec-auxilios-kamikaze-aprovada-comissao-especial-camara\/#article","isPartOf":{"@id":"https:\/\/www.suno.com.br\/noticias\/pec-auxilios-kamikaze-aprovada-comissao-especial-camara\/"},"author":{"name":"Vict\u00f3ria Anhesini","@id":"https:\/\/www.suno.com.br\/noticias\/#\/schema\/person\/46d847cb19ad53fde0857adca989c23f"},"headline":"PEC dos Benef\u00edcios: com qu\u00f3rum baixo, vota\u00e7\u00e3o do texto em plen\u00e1rio da C\u00e2mara \u00e9 adiada","datePublished":"2022-07-07T19:33:23+00:00","dateModified":"2022-07-08T06:34:14+00:00","mainEntityOfPage":{"@id":"https:\/\/www.suno.com.br\/noticias\/pec-auxilios-kamikaze-aprovada-comissao-especial-camara\/"},"wordCount":894,"publisher":{"@id":"https:\/\/www.suno.com.br\/noticias\/#organization"},"image":{"@id":"https:\/\/www.suno.com.br\/noticias\/pec-auxilios-kamikaze-aprovada-comissao-especial-camara\/#primaryimage"},"thumbnailUrl":"https:\/\/files.sunoresearch.com.br\/n\/uploads\/2021\/05\/e42e9228-foto-luis-macedo-agencia-camara-jpg.webp","keywords":["Gasolina","PEC Emergencial"],"articleSection":["Pol\u00edtica"],"inLanguage":"pt-BR"},{"@type":"WebPage","@id":"https:\/\/www.suno.com.br\/noticias\/pec-auxilios-kamikaze-aprovada-comissao-especial-camara\/","url":"https:\/\/www.suno.com.br\/noticias\/pec-auxilios-kamikaze-aprovada-comissao-especial-camara\/","name":"PEC dos Aux\u00edlios \u00e9 aprovada em comiss\u00e3o especial na C\u00e2mara","isPartOf":{"@id":"https:\/\/www.suno.com.br\/noticias\/#website"},"primaryImageOfPage":{"@id":"https:\/\/www.suno.com.br\/noticias\/pec-auxilios-kamikaze-aprovada-comissao-especial-camara\/#primaryimage"},"image":{"@id":"https:\/\/www.suno.com.br\/noticias\/pec-auxilios-kamikaze-aprovada-comissao-especial-camara\/#primaryimage"},"thumbnailUrl":"https:\/\/files.sunoresearch.com.br\/n\/uploads\/2021\/05\/e42e9228-foto-luis-macedo-agencia-camara-jpg.webp","datePublished":"2022-07-07T19:33:23+00:00","dateModified":"2022-07-08T06:34:14+00:00","description":"A PEC dos Aux\u00edlios, a PEC Kamikaze, foi aprovada em comiss\u00e3o especial na C\u00e2mara dos Deputados, mas vota\u00e7\u00e3o em plen\u00e1rio acabou adiada","breadcrumb":{"@id":"https:\/\/www.suno.com.br\/noticias\/pec-auxilios-kamikaze-aprovada-comissao-especial-camara\/#breadcrumb"},"inLanguage":"pt-BR","potentialAction":[{"@type":"ReadAction","target":["https:\/\/www.suno.com.br\/noticias\/pec-auxilios-kamikaze-aprovada-comissao-especial-camara\/"]}]},{"@type":"ImageObject","inLanguage":"pt-BR","@id":"https:\/\/www.suno.com.br\/noticias\/pec-auxilios-kamikaze-aprovada-comissao-especial-camara\/#primaryimage","url":"https:\/\/files.sunoresearch.com.br\/n\/uploads\/2021\/05\/e42e9228-foto-luis-macedo-agencia-camara-jpg.webp","contentUrl":"https:\/\/files.sunoresearch.com.br\/n\/uploads\/2021\/05\/e42e9228-foto-luis-macedo-agencia-camara-jpg.webp","width":2003,"height":1312,"caption":"Membros do Congresso. Foto: Luis Macedo\/Ag\u00eancia C\u00e2mara."},{"@type":"BreadcrumbList","@id":"https:\/\/www.suno.com.br\/noticias\/pec-auxilios-kamikaze-aprovada-comissao-especial-camara\/#breadcrumb","itemListElement":[{"@type":"ListItem","position":1,"name":"Not\u00edcias","item":"https:\/\/www.suno.com.br\/noticias\/"},{"@type":"ListItem","position":2,"name":"Pol\u00edtica","item":"https:\/\/www.suno.com.br\/noticias\/politica\/"},{"@type":"ListItem","position":3,"name":"PEC dos Benef\u00edcios: com qu\u00f3rum baixo, vota\u00e7\u00e3o do texto em plen\u00e1rio da C\u00e2mara \u00e9 adiada"}]},{"@type":"WebSite","@id":"https:\/\/www.suno.com.br\/noticias\/#website","url":"https:\/\/www.suno.com.br\/noticias\/","name":"Suno Not\u00edcias","description":"Seu portal de informa\u00e7\u00e3o sobre o mundo dos investimentos","publisher":{"@id":"https:\/\/www.suno.com.br\/noticias\/#organization"},"potentialAction":[{"@type":"SearchAction","target":{"@type":"EntryPoint","urlTemplate":"https:\/\/www.suno.com.br\/noticias\/?s={search_term_string}"},"query-input":{"@type":"PropertyValueSpecification","valueRequired":true,"valueName":"search_term_string"}}],"inLanguage":"pt-BR"},{"@type":"Organization","@id":"https:\/\/www.suno.com.br\/noticias\/#organization","name":"Suno Not\u00edcias","url":"https:\/\/www.suno.com.br\/noticias\/","logo":{"@type":"ImageObject","inLanguage":"pt-BR","@id":"https:\/\/www.suno.com.br\/noticias\/#\/schema\/logo\/image\/","url":"https:\/\/files.sunoresearch.com.br\/n\/uploads\/2021\/09\/suno-logo.png","contentUrl":"https:\/\/files.sunoresearch.com.br\/n\/uploads\/2021\/09\/suno-logo.png","width":180,"height":180,"caption":"Suno Not\u00edcias"},"image":{"@id":"https:\/\/www.suno.com.br\/noticias\/#\/schema\/logo\/image\/"},"sameAs":["https:\/\/facebook.com\/sunoresearch","https:\/\/x.com\/sunoresearch","https:\/\/www.instagram.com\/suno","https:\/\/www.linkedin.com\/company\/suno-research\/","https:\/\/www.youtube.com\/c\/sunoresearch"]},{"@type":"Person","@id":"https:\/\/www.suno.com.br\/noticias\/#\/schema\/person\/46d847cb19ad53fde0857adca989c23f","name":"Vict\u00f3ria Anhesini","image":{"@type":"ImageObject","inLanguage":"pt-BR","@id":"https:\/\/www.suno.com.br\/noticias\/#\/schema\/person\/image\/","url":"https:\/\/secure.gravatar.com\/avatar\/0172bdfcd9129dd9dd68794804304e6e?s=96&r=g","contentUrl":"https:\/\/secure.gravatar.com\/avatar\/0172bdfcd9129dd9dd68794804304e6e?s=96&r=g","caption":"Vict\u00f3ria Anhesini"},"description":"Rep\u00f3rter no Suno Not\u00edcias, cobre mercados, neg\u00f3cios e economia, escrevendo majoritariamente sobre movimentos das empresas, cobertura de balan\u00e7os trimestrais e Bolsa de Valores. Formada em jornalismo pela Universidade Presbiteriana Mackenzie em 2019, passou pelo portal de economia e finan\u00e7as EuQueroInvestir como rep\u00f3rter e anteriormente, trabalhou na assessoria de imprensa PinePR, onde liderou com startups de inova\u00e7\u00e3o, tecnologia e finan\u00e7as. Em seu tempo livre, fala sobre m\u00fasica para ambos os sites do selo ForMusic, Wikimetal e Mad Sound, e faz trabalho volunt\u00e1rio no programa Escreve Cartas do Poupatempo.","sameAs":["https:\/\/www.linkedin.com\/in\/victoria-anhesini\/"],"url":"https:\/\/www.suno.com.br\/noticias\/author\/victoria\/"}]}},"default_loop_html":"<div class=\"cardsPage__listCard__boxs\"><div class=\"cardsPage__listCard__boxs__img\"><a href=\"https:\/\/www.suno.com.br\/noticias\/pec-auxilios-kamikaze-aprovada-comissao-especial-camara\/\"><img class=\"mask\" src=\"https:\/\/www.suno.com.br\/noticias\/wp-content\/themes\/suno\/resources\/images\/spotlight\/spotlight1img\/bg-mask.png\" alt=\"Image Mask\"\/><img src=\"https:\/\/files.sunoresearch.com.br\/n\/uploads\/2021\/05\/e42e9228-foto-luis-macedo-agencia-camara-400x200.webp\" alt=\"PEC dos Benef\u00edcios: com qu\u00f3rum baixo, vota\u00e7\u00e3o do texto em plen\u00e1rio da C\u00e2mara \u00e9 adiada\"\/><\/a><span class=\"spotlightCategory\"><a href=\"https:\/\/www.suno.com.br\/noticias\/politica\/\">Pol\u00edtica<\/a><\/span><\/div><div class=\"cardsPage__listCard__boxs__content\"><a href=\"https:\/\/www.suno.com.br\/noticias\/pec-auxilios-kamikaze-aprovada-comissao-especial-camara\/\"><h2 class=\"content__title\">PEC dos Benef\u00edcios: com qu\u00f3rum baixo, vota\u00e7\u00e3o do texto em plen\u00e1rio da C\u00e2mara \u00e9 adiada<\/h2><\/a><div class=\"newsContent__article__meta\"><div class=\"newsContent__article__meta__authorBox\"><a href=\"https:\/\/www.suno.com.br\/noticias\/author\/victoria\/\" class=\"authorBox__avatar noMobi\"><img src=\"https:\/\/files.sunoresearch.com.br\/n\/uploads\/2021\/12\/20190129VickyPINEAPPLE01-1-150x150.jpg\" alt=\"Vict\u00f3ria Anhesini\"><\/a><div class=\"authorBox__name\"><span>por\n\t\t\t<a href=\"https:\/\/www.suno.com.br\/noticias\/author\/victoria\/\"><span itemprop=\"author\">Vict\u00f3ria Anhesini<\/span><\/a><\/span><time datetime=\"2022-07-07T16:33:23-03:00\" itemprop=\"datePublished\">07\/07\/2022 16:33<\/time><\/div><\/div><\/div><\/div><\/div>","single_layout":"posts","amp_enabled":true,"_links":{"self":[{"href":"https:\/\/www.suno.com.br\/noticias\/wp-json\/wp\/v2\/posts\/274229"}],"collection":[{"href":"https:\/\/www.suno.com.br\/noticias\/wp-json\/wp\/v2\/posts"}],"about":[{"href":"https:\/\/www.suno.com.br\/noticias\/wp-json\/wp\/v2\/types\/post"}],"author":[{"embeddable":true,"href":"https:\/\/www.suno.com.br\/noticias\/wp-json\/wp\/v2\/users\/146"}],"replies":[{"embeddable":true,"href":"https:\/\/www.suno.com.br\/noticias\/wp-json\/wp\/v2\/comments?post=274229"}],"version-history":[{"count":4,"href":"https:\/\/www.suno.com.br\/noticias\/wp-json\/wp\/v2\/posts\/274229\/revisions"}],"predecessor-version":[{"id":274425,"href":"https:\/\/www.suno.com.br\/noticias\/wp-json\/wp\/v2\/posts\/274229\/revisions\/274425"}],"wp:featuredmedia":[{"embeddable":true,"href":"https:\/\/www.suno.com.br\/noticias\/wp-json\/wp\/v2\/media\/150062"}],"wp:attachment":[{"href":"https:\/\/www.suno.com.br\/noticias\/wp-json\/wp\/v2\/media?parent=274229"}],"wp:term":[{"taxonomy":"category","embeddable":true,"href":"https:\/\/www.suno.com.br\/noticias\/wp-json\/wp\/v2\/categories?post=274229"},{"taxonomy":"post_tag","embeddable":true,"href":"https:\/\/www.suno.com.br\/noticias\/wp-json\/wp\/v2\/tags?post=274229"},{"taxonomy":"suno_strategy","embeddable":true,"href":"https:\/\/www.suno.com.br\/noticias\/wp-json\/wp\/v2\/suno_strategy?post=274229"}],"curies":[{"name":"wp","href":"https:\/\/api.w.org\/{rel}","templated":true}]}}