{"id":274137,"date":"2022-07-07T08:53:08","date_gmt":"2022-07-07T11:53:08","guid":{"rendered":"https:\/\/www.suno.com.br\/noticias\/?p=274137"},"modified":"2022-07-07T16:44:35","modified_gmt":"2022-07-07T19:44:35","slug":"boris-johnson-renuncia-primeiro-ministro-2","status":"publish","type":"post","link":"https:\/\/www.suno.com.br\/noticias\/boris-johnson-renuncia-primeiro-ministro-2\/","title":{"rendered":"Boris Johnson renuncia ao cargo de primeiro-ministro do Reino Unido"},"content":{"rendered":"<p>O primeiro-ministro brit\u00e2nico, <strong>Boris Johnson<\/strong>, renunciou ao seu cargo na manh\u00e3 desta quinta-feira (7).\u00a0&#8220;\u00c9 claramente a vontade do Partido Conservador que deve haver um novo l\u00edder do partido e, portanto, um novo primeiro-ministro&#8221;, disse, em coletiva.<\/p><div class=\"videoFull \">\n\t\t\t<div class=\"videoWrapper yt-lazyload center\"\n\t\t\t\tdata-width=\"960\"\n\t\t\t\tdata-height=\"540\"\n\t\t\t\tdata-id=\"X0Psi87KYRw\"\n\t\t\t\tdata-alt=\"V\u00eddeo do YouTube - clique para reproduzir\"\n\t\t\t\tdata-logo=\"3\"\n\t\t\t\tdata-imagequality=\"maxres\">\n\t\t\t<\/div>\n\t\t<\/div><script type=\"application\/ld+json\">{\"@context\":\"https:\/\/schema.org\",\"@type\":\"VideoObject\",\"name\":\"BORIS JOHNSON RENUNCIA | PEC Kamikaze em vota\u00e7\u00e3o | IBC-Br no foco| Unipar (UNIP6) anuncia dividendos\",\"description\":\"\ud83d\udcca \ud835\udc00\ud835\udc29\ud835\udc2b\ud835\udc1e\ud835\udc27\ud835\udc1d\ud835\udc1a \ud835\udc1c\ud835\udc28\ud835\udc26\ud835\udc28 \ud835\udc1a\ud835\udc27\ud835\udc1a\ud835\udc25\ud835\udc22\ud835\udc2c\ud835\udc1a\ud835\udc2b \ud835\udc2e\ud835\udc26\ud835\udc1a \ud835\udc1a\u00e7\u00e3\ud835\udc28 [\ud835\udc04\ud835\udc01\ud835\udc0e\ud835\udc0e\ud835\udc0a \ud835\udc06\ud835\udc11\ud835\udc00\ud835\udc13\ud835\udc14\ud835\udc08\ud835\udc13\ud835\udc0e] \ud83d\udc49 https:\/\/lp.suno.com.br\/ebook-como-analisar-uma-acao\/?utm_source=youtube.noticias&utm_medium=video&utm_campaign=ebookcomoanalisarumaacao.20220307&utm_content= \ud83d\udcda [\ud835\udc04-\ud835\udc1b\ud835\udc28\ud835\udc28\ud835\udc24 \ud835\udc06\ud835\udc2b\ud835\udc1a\ud835\udc2d\ud835\udc2e\ud835\udc22\ud835\udc2d\ud835\udc28] \ud835\udc06\ud835\udc2e\ud835\udc22\ud835\udc1a \ud835\udc02\ud835\udc28\ud835\udc26\ud835\udc29\ud835\udc25\ud835\udc1e\ud835\udc2d\ud835\udc28: \ud835\udc03\ud835\udc22\ud835\udc2f\ud835\udc22\ud835\udc1d\ud835\udc1e\ud835\udc27\ud835\udc1d\ud835\udc28\ud835\udc2c: https:\/\/lp.suno.com.br\/lm\/ebook\/guia-completo-dividendos\/?utm_source=youtube.noticias&utm_medium=video&utm_campaign=ebook-guiacompleto:dividendos.20220315&utm_content= BORIS JOHNSON RENUNCIA | PEC Kamikaze em vota\u00e7\u00e3o | IBC-Br no foco| Unipar (UNIP6) anuncia dividendos | MORNING CALL | 07\/07 | Quinta-feira #borisjohnson #UNIP6 #PECKamikaze #D\u00f3lar #sunonot\u00edcias #MorningCall Com investidores digerindo a \u00faltima ata do Fed, divulgada\u2026\",\"duration\":\"PT21M5S\",\"embedUrl\":\"https:\/\/www.youtube.com\/embed\/X0Psi87KYRw\",\"regionsAllowed\":\"pt-BR\",\"interactionStatistic\":{\"@type\":\"InteractionCounter\",\"interactionType\":{\"@type\":\"WatchAction\"},\"userInteractionCount\":2532},\"thumbnailUrl\":\"https:\/\/i.ytimg.com\/vi\/X0Psi87KYRw\/default.jpg\",\"uploadDate\":\"2022-07-07T12:27:01Z\"}<\/script>\n\n\t<p>\n\t\t<a href=\"\" target=\"_blank\" data-element=\"shortcode-suno-banner\" title=\"Banner SUNO, clique e saiba mais\">\n\t\t\t<picture>\n\t\t\t\t<source media=\"(max-width: 500px)\" srcset=\"\">\n\t\t\t\t<img class=\"newsContent__article__imgCapa newsContent__article__imgCapa--banner\"\n\t\t\t\t\tsrc=\"\"\n\t\t\t\t\tdata-promo-id=\"240038\"\t\t\t\t\t\t\t\t\t\t\t\t\t\t\talt=\"\"\n\t\t\t\t>\n\t\t\t<\/picture>\n\t\t<\/a>\n\t<\/p>\n\n\n<p>A <a href=\"https:\/\/www.suno.com.br\/noticias\/reino-unido-boris-johnson-uniao-europeia-sem-acordo-16102020\/\"><strong>ren\u00fancia do l\u00edder brit\u00e2nico<\/strong><\/a> j\u00e1 era esperada, dadas as crises recentes que estavam ocorrendo &#8211; incluindo um caso de ass\u00e9dio sexual feito por um colega de partido que foi mantido no cargo. Esse contexto com Boris Johnson ocasionou uma s\u00e9rie de ren\u00fancias de ministros nos \u00faltimos dias.<\/p>\n<p>Apesar da ren\u00fancia, Johnson deve <a href=\"https:\/\/www.suno.com.br\/noticias\/boris-johnson-britanicos-nao-quebrarem-isolamento-social\/\"><strong>permanecer no cargo interinamente at\u00e9 que o partido conservador<\/strong><\/a> escolha um novo l\u00edder, o que deve acontecer nas pr\u00f3ximas semanas. Essa atitude foi amplamente recha\u00e7ada, tanto por colegas de legenda quanto pela oposi\u00e7\u00e3o trabalhista.<\/p>\n<p>&#8220;O primeiro-ministro tomou a decis\u00e3o certa. O governo sob a lideran\u00e7a de Boris teve muitas conquistas &#8211; entregando o <a href=\"https:\/\/www.suno.com.br\/noticias\/brexit-fazer-trabalhar-estudar-reino-unido\/\"><strong>Brexit<\/strong><\/a>, vacinas e apoiando a Ucr\u00e2nia. Precisamos de calma e unidade agora e continuar governando enquanto um novo l\u00edder \u00e9 encontrado&#8221;, disse a secret\u00e1ria de Rela\u00e7\u00f5es Exteriores, Liz Truss.<\/p>\n\t<p>\n\t\t<a href=\"https:\/\/lp.suno.com.br\/planilha-controle-gastos\/\" target=\"_blank\" data-element=\"shortcode-suno-banner\" title=\"Banner SUNO, clique e saiba mais\">\n\t\t\t<picture>\n\t\t\t\t<source media=\"(max-width: 500px)\" srcset=\"https:\/\/files.sunoresearch.com.br\/n\/uploads\/2023\/03\/400x300-Planilha-controle-de-gastos.png\">\n\t\t\t\t<img class=\"newsContent__article__imgCapa newsContent__article__imgCapa--banner\"\n\t\t\t\t\tsrc=\"https:\/\/files.sunoresearch.com.br\/n\/uploads\/2023\/03\/1420x240-Planilha-controle-de-gastos.png\"\n\t\t\t\t\tdata-promo-id=\"101751\"\t\t\t\t\t\t\t\t\t\twidth='1420' height='240'\t\t\t\t\talt=\"https:\/\/files.sunoresearch.com.br\/n\/uploads\/2023\/03\/1420x240-Planilha-controle-de-gastos.png\"\n\t\t\t\t>\n\t\t\t<\/picture>\n\t\t<\/a>\n\t<\/p>\n\n\n<p>Sob press\u00e3o, Johnson deve permanecer no cargo de primeiro-ministro at\u00e9 outubro. \u00c9 neste m\u00eas que ocorre o congresso anual do partido e um novo nome pode ser anunciado.<\/p>\n<p>&#8220;Eu concordei com Sir Graham Brady, <strong>l\u00edder dos parlamentares<\/strong>, que o processo de escolha desse novo l\u00edder deveria come\u00e7ar agora e o cronograma ser\u00e1 anunciado na pr\u00f3xima semana&#8221;, disse Johnson, em coletiva.<\/p>\n<p>&#8220;Hoje eu nomeei um Gabinete para servir, como farei, at\u00e9 que um novo l\u00edder esteja no lugar&#8221;, acrescentou.<\/p>\n\t<p>\n\t\t<a href=\"https:\/\/lp.suno.com.br\/planilha-da-vida-financeira\/\" target=\"_blank\" data-element=\"shortcode-suno-banner\" title=\"Banner SUNO, clique e saiba mais\">\n\t\t\t<picture>\n\t\t\t\t<source media=\"(max-width: 500px)\" srcset=\"https:\/\/files.sunoresearch.com.br\/n\/uploads\/2023\/04\/400x300-Planilha-vida-financeira-true.png\">\n\t\t\t\t<img class=\"newsContent__article__imgCapa newsContent__article__imgCapa--banner\"\n\t\t\t\t\tsrc=\"https:\/\/files.sunoresearch.com.br\/n\/uploads\/2023\/04\/1420x240-Planilha-vida-financeira-true.png\"\n\t\t\t\t\tdata-promo-id=\"106682\"\t\t\t\t\t\t\t\t\t\twidth='1420' height='240'\t\t\t\t\talt=\"https:\/\/files.sunoresearch.com.br\/n\/uploads\/2023\/04\/1420x240-Planilha-vida-financeira-true.png\"\n\t\t\t\t>\n\t\t\t<\/picture>\n\t\t<\/a>\n\t<\/p>\n\n\n<h2>Veja a crise mais recente da gest\u00e3o de Boris Johnson<\/h2>\n<p>A \u00faltima crise do governo foi por conta do ass\u00e9dio sexual cometido por Christopher Pincher, vice-chefe do cargo conhecido como &#8220;chief whip&#8221;. O cargo em especial \u00e9 respons\u00e1vel pela disciplina parlamentar dos deputados.<\/p>\n<p>As den\u00fancias vieram \u00e0 tona no fim de junho e Pincher renunciou no dia 30, somando mais uma controv\u00e9rsia \u00e0 gest\u00e3o de Boris.<\/p>\n<p>Havia quem apostasse em uma derrocada em meses e semanas anteriores, incluindo na pandemia &#8211; quando Boris Johnson,\u00a0<em>a priori<\/em>, negou a exist\u00eancia, e posteriormente implementou um lockdown enquanto fazia festas a portas fechadas em edif\u00edcios do governo.<\/p>\n<p>O esc\u00e2ndalo foi chamado de &#8220;partygate&#8221;, e desencadeou uma s\u00e9rie de cr\u00edticas por conta dos impactos do lockdown na economia. Inclusive, <strong>Boris Johnson<\/strong> chegou a confraternizar um dia antes do <a href=\"https:\/\/www.suno.com.br\/noticias\/principe-philip-rainha-elizabeth-morre\/\">funeral do pr\u00edncipe Philip<\/a>. Por conta disso, fez um pedido p\u00fablico de desculpas \u00e0 rainha Elizabeth.<\/p>\n\t<p>\n\t\t<a href=\"https:\/\/lp.suno.com.br\/ebook-como-analisar-uma-acao\/\" target=\"_blank\" data-element=\"shortcode-suno-banner\" title=\"Banner SUNO, clique e saiba mais\">\n\t\t\t<picture>\n\t\t\t\t<source media=\"(max-width: 500px)\" srcset=\"https:\/\/files.sunoresearch.com.br\/n\/uploads\/2023\/03\/Ebook-Acoes-Mobile-1.jpg\">\n\t\t\t\t<img class=\"newsContent__article__imgCapa newsContent__article__imgCapa--banner\"\n\t\t\t\t\tsrc=\"https:\/\/files.sunoresearch.com.br\/n\/uploads\/2023\/03\/Ebook-Acoes-Desktop-1.jpg\"\n\t\t\t\t\tdata-promo-id=\"171998\"\t\t\t\t\t\t\t\t\t\twidth='1420' height='286'\t\t\t\t\talt=\"https:\/\/files.sunoresearch.com.br\/n\/uploads\/2023\/03\/Ebook-Acoes-Desktop-1.jpg\"\n\t\t\t\t>\n\t\t\t<\/picture>\n\t\t<\/a>\n\t<\/p>\n\n\n","protected":false},"excerpt":{"rendered":"<p>O primeiro-ministro brit\u00e2nico, Boris Johnson, renunciou ao seu cargo na manh\u00e3 desta quinta-feira (7).\u00a0&#8220;\u00c9 claramente a vontade do Partido Conservador que deve haver um novo l\u00edder do partido e, portanto, um novo primeiro-ministro&#8221;, disse, em coletiva. A ren\u00fancia do l\u00edder brit\u00e2nico j\u00e1 era esperada, dadas as crises recentes que estavam ocorrendo &#8211; incluindo um caso [&hellip;]<\/p>\n","protected":false},"author":73,"featured_media":35294,"comment_status":"closed","ping_status":"closed","sticky":false,"template":"","format":"standard","meta":[],"categories":[63],"tags":[1648],"suno_strategy":[],"class_list":["post-274137","post","type-post","status-publish","format-standard","has-post-thumbnail","hentry","category-internacional","tag-boris-johnson"],"yoast_head":"<!-- This site is optimized with the Yoast SEO plugin v24.4 - https:\/\/yoast.com\/wordpress\/plugins\/seo\/ -->\n<title>Boris Johnson renuncia ao cargo de primeiro-ministro do Reino Unido<\/title>\n<meta name=\"description\" content=\"A ren\u00fancia do l\u00edder brit\u00e2nico j\u00e1 era esperada, dadas as crises recentes que estavam ocorrendo com a gest\u00e3o de Boris Johnson. Clique e confira!\" \/>\n<meta name=\"robots\" content=\"index, follow, max-snippet:-1, max-image-preview:large, max-video-preview:-1\" \/>\n<link rel=\"canonical\" href=\"https:\/\/www.suno.com.br\/noticias\/boris-johnson-renuncia-primeiro-ministro-2\/\" \/>\n<meta property=\"og:locale\" content=\"pt_BR\" \/>\n<meta property=\"og:type\" content=\"article\" \/>\n<meta property=\"og:title\" content=\"Boris Johnson renuncia ao cargo de primeiro-ministro do Reino Unido\" \/>\n<meta property=\"og:description\" content=\"A ren\u00fancia do l\u00edder brit\u00e2nico j\u00e1 era esperada, dadas as crises recentes que estavam ocorrendo com a gest\u00e3o de Boris Johnson. Clique e confira!\" \/>\n<meta property=\"og:url\" content=\"https:\/\/www.suno.com.br\/noticias\/boris-johnson-renuncia-primeiro-ministro-2\/\" \/>\n<meta property=\"og:site_name\" content=\"Suno Not\u00edcias\" \/>\n<meta property=\"article:publisher\" content=\"https:\/\/facebook.com\/sunoresearch\" \/>\n<meta property=\"og:image\" content=\"https:\/\/files.sunoresearch.com.br\/n\/uploads\/2019\/08\/c1a46487-boris-johnson.jpg\" \/>\n\t<meta property=\"og:image:width\" content=\"1920\" \/>\n\t<meta property=\"og:image:height\" content=\"1299\" \/>\n\t<meta property=\"og:image:type\" content=\"image\/jpeg\" \/>\n<meta name=\"author\" content=\"Eduardo Vargas\" \/>\n<meta name=\"twitter:card\" content=\"summary_large_image\" \/>\n<meta name=\"twitter:creator\" content=\"@sunoresearch\" \/>\n<meta name=\"twitter:site\" content=\"@sunoresearch\" \/>\n<meta name=\"twitter:label1\" content=\"Escrito por\" \/>\n\t<meta name=\"twitter:data1\" content=\"Eduardo Vargas\" \/>\n\t<meta name=\"twitter:label2\" content=\"Est. tempo de leitura\" \/>\n\t<meta name=\"twitter:data2\" content=\"3 minutos\" \/>\n<script type=\"application\/ld+json\" class=\"yoast-schema-graph\">{\"@context\":\"https:\/\/schema.org\",\"@graph\":[{\"@type\":\"NewsArticle\",\"@id\":\"https:\/\/www.suno.com.br\/noticias\/boris-johnson-renuncia-primeiro-ministro-2\/#article\",\"isPartOf\":{\"@id\":\"https:\/\/www.suno.com.br\/noticias\/boris-johnson-renuncia-primeiro-ministro-2\/\"},\"author\":{\"name\":\"Eduardo Vargas\",\"@id\":\"https:\/\/www.suno.com.br\/noticias\/#\/schema\/person\/7f4d362bf3518e76090143ae77bb49a5\"},\"headline\":\"Boris Johnson renuncia ao cargo de primeiro-ministro do Reino Unido\",\"datePublished\":\"2022-07-07T11:53:08+00:00\",\"dateModified\":\"2022-07-07T19:44:35+00:00\",\"mainEntityOfPage\":{\"@id\":\"https:\/\/www.suno.com.br\/noticias\/boris-johnson-renuncia-primeiro-ministro-2\/\"},\"wordCount\":452,\"publisher\":{\"@id\":\"https:\/\/www.suno.com.br\/noticias\/#organization\"},\"image\":{\"@id\":\"https:\/\/www.suno.com.br\/noticias\/boris-johnson-renuncia-primeiro-ministro-2\/#primaryimage\"},\"thumbnailUrl\":\"https:\/\/files.sunoresearch.com.br\/n\/uploads\/2019\/08\/c1a46487-boris-johnson-jpg.webp\",\"keywords\":[\"Boris Johnson\"],\"articleSection\":[\"Internacional\"],\"inLanguage\":\"pt-BR\"},{\"@type\":\"WebPage\",\"@id\":\"https:\/\/www.suno.com.br\/noticias\/boris-johnson-renuncia-primeiro-ministro-2\/\",\"url\":\"https:\/\/www.suno.com.br\/noticias\/boris-johnson-renuncia-primeiro-ministro-2\/\",\"name\":\"Boris Johnson renuncia ao cargo de primeiro-ministro do Reino Unido\",\"isPartOf\":{\"@id\":\"https:\/\/www.suno.com.br\/noticias\/#website\"},\"primaryImageOfPage\":{\"@id\":\"https:\/\/www.suno.com.br\/noticias\/boris-johnson-renuncia-primeiro-ministro-2\/#primaryimage\"},\"image\":{\"@id\":\"https:\/\/www.suno.com.br\/noticias\/boris-johnson-renuncia-primeiro-ministro-2\/#primaryimage\"},\"thumbnailUrl\":\"https:\/\/files.sunoresearch.com.br\/n\/uploads\/2019\/08\/c1a46487-boris-johnson-jpg.webp\",\"datePublished\":\"2022-07-07T11:53:08+00:00\",\"dateModified\":\"2022-07-07T19:44:35+00:00\",\"description\":\"A ren\u00fancia do l\u00edder brit\u00e2nico j\u00e1 era esperada, dadas as crises recentes que estavam ocorrendo com a gest\u00e3o de Boris Johnson. Clique e confira!\",\"breadcrumb\":{\"@id\":\"https:\/\/www.suno.com.br\/noticias\/boris-johnson-renuncia-primeiro-ministro-2\/#breadcrumb\"},\"inLanguage\":\"pt-BR\",\"potentialAction\":[{\"@type\":\"ReadAction\",\"target\":[\"https:\/\/www.suno.com.br\/noticias\/boris-johnson-renuncia-primeiro-ministro-2\/\"]}]},{\"@type\":\"ImageObject\",\"inLanguage\":\"pt-BR\",\"@id\":\"https:\/\/www.suno.com.br\/noticias\/boris-johnson-renuncia-primeiro-ministro-2\/#primaryimage\",\"url\":\"https:\/\/files.sunoresearch.com.br\/n\/uploads\/2019\/08\/c1a46487-boris-johnson-jpg.webp\",\"contentUrl\":\"https:\/\/files.sunoresearch.com.br\/n\/uploads\/2019\/08\/c1a46487-boris-johnson-jpg.webp\",\"width\":1920,\"height\":1299,\"caption\":\"Boris Johnson j\u00e1 vinha passando por uma s\u00e9rie de crises em seu governo e sua ren\u00fancia era esperada\"},{\"@type\":\"BreadcrumbList\",\"@id\":\"https:\/\/www.suno.com.br\/noticias\/boris-johnson-renuncia-primeiro-ministro-2\/#breadcrumb\",\"itemListElement\":[{\"@type\":\"ListItem\",\"position\":1,\"name\":\"Not\u00edcias\",\"item\":\"https:\/\/www.suno.com.br\/noticias\/\"},{\"@type\":\"ListItem\",\"position\":2,\"name\":\"Internacional\",\"item\":\"https:\/\/www.suno.com.br\/noticias\/internacional\/\"},{\"@type\":\"ListItem\",\"position\":3,\"name\":\"Boris Johnson renuncia ao cargo de primeiro-ministro do Reino Unido\"}]},{\"@type\":\"WebSite\",\"@id\":\"https:\/\/www.suno.com.br\/noticias\/#website\",\"url\":\"https:\/\/www.suno.com.br\/noticias\/\",\"name\":\"Suno Not\u00edcias\",\"description\":\"Seu portal de informa\u00e7\u00e3o sobre o mundo dos investimentos\",\"publisher\":{\"@id\":\"https:\/\/www.suno.com.br\/noticias\/#organization\"},\"potentialAction\":[{\"@type\":\"SearchAction\",\"target\":{\"@type\":\"EntryPoint\",\"urlTemplate\":\"https:\/\/www.suno.com.br\/noticias\/?s={search_term_string}\"},\"query-input\":{\"@type\":\"PropertyValueSpecification\",\"valueRequired\":true,\"valueName\":\"search_term_string\"}}],\"inLanguage\":\"pt-BR\"},{\"@type\":\"Organization\",\"@id\":\"https:\/\/www.suno.com.br\/noticias\/#organization\",\"name\":\"Suno Not\u00edcias\",\"url\":\"https:\/\/www.suno.com.br\/noticias\/\",\"logo\":{\"@type\":\"ImageObject\",\"inLanguage\":\"pt-BR\",\"@id\":\"https:\/\/www.suno.com.br\/noticias\/#\/schema\/logo\/image\/\",\"url\":\"https:\/\/files.sunoresearch.com.br\/n\/uploads\/2021\/09\/suno-logo.png\",\"contentUrl\":\"https:\/\/files.sunoresearch.com.br\/n\/uploads\/2021\/09\/suno-logo.png\",\"width\":180,\"height\":180,\"caption\":\"Suno Not\u00edcias\"},\"image\":{\"@id\":\"https:\/\/www.suno.com.br\/noticias\/#\/schema\/logo\/image\/\"},\"sameAs\":[\"https:\/\/facebook.com\/sunoresearch\",\"https:\/\/x.com\/sunoresearch\",\"https:\/\/www.instagram.com\/suno\",\"https:\/\/www.linkedin.com\/company\/suno-research\/\",\"https:\/\/www.youtube.com\/c\/sunoresearch\"]},{\"@type\":\"Person\",\"@id\":\"https:\/\/www.suno.com.br\/noticias\/#\/schema\/person\/7f4d362bf3518e76090143ae77bb49a5\",\"name\":\"Eduardo Vargas\",\"image\":{\"@type\":\"ImageObject\",\"inLanguage\":\"pt-BR\",\"@id\":\"https:\/\/www.suno.com.br\/noticias\/#\/schema\/person\/image\/\",\"url\":\"https:\/\/secure.gravatar.com\/avatar\/dac340933427a22924c9f99d1eb2e3f2?s=96&r=g\",\"contentUrl\":\"https:\/\/secure.gravatar.com\/avatar\/dac340933427a22924c9f99d1eb2e3f2?s=96&r=g\",\"caption\":\"Eduardo Vargas\"},\"description\":\"Jornalista formado pela UFSC, cobre macroeconomia, neg\u00f3cios e startups para o Suno Not\u00edcias, escrevendo principalmente not\u00edcias sobre o mercado financeiro e a bolsa de valores. No YouTube e no Instagram, \u00e9 respons\u00e1vel pela produ\u00e7\u00e3o de Reels e Shorts do Suno Not\u00edcias. Anteriormente, trabalhou cobrindo economia e cotidiano no ND+ e para o ND, maior jornal impresso de Santa Catarina. Cursou um semestre letivo de Estudos de M\u00eddia na Universidad de Buenos Aires.\",\"url\":\"https:\/\/www.suno.com.br\/noticias\/author\/eduardo-vargas\/\"}]}<\/script>\n<!-- \/ Yoast SEO plugin. -->","yoast_head_json":{"title":"Boris Johnson renuncia ao cargo de primeiro-ministro do Reino Unido","description":"A ren\u00fancia do l\u00edder brit\u00e2nico j\u00e1 era esperada, dadas as crises recentes que estavam ocorrendo com a gest\u00e3o de Boris Johnson. Clique e confira!","robots":{"index":"index","follow":"follow","max-snippet":"max-snippet:-1","max-image-preview":"max-image-preview:large","max-video-preview":"max-video-preview:-1"},"canonical":"https:\/\/www.suno.com.br\/noticias\/boris-johnson-renuncia-primeiro-ministro-2\/","og_locale":"pt_BR","og_type":"article","og_title":"Boris Johnson renuncia ao cargo de primeiro-ministro do Reino Unido","og_description":"A ren\u00fancia do l\u00edder brit\u00e2nico j\u00e1 era esperada, dadas as crises recentes que estavam ocorrendo com a gest\u00e3o de Boris Johnson. Clique e confira!","og_url":"https:\/\/www.suno.com.br\/noticias\/boris-johnson-renuncia-primeiro-ministro-2\/","og_site_name":"Suno Not\u00edcias","article_publisher":"https:\/\/facebook.com\/sunoresearch","og_image":[{"width":1920,"height":1299,"url":"https:\/\/files.sunoresearch.com.br\/n\/uploads\/2019\/08\/c1a46487-boris-johnson.jpg","type":"image\/jpeg"}],"author":"Eduardo Vargas","twitter_card":"summary_large_image","twitter_creator":"@sunoresearch","twitter_site":"@sunoresearch","twitter_misc":{"Escrito por":"Eduardo Vargas","Est. tempo de leitura":"3 minutos"},"schema":{"@context":"https:\/\/schema.org","@graph":[{"@type":"NewsArticle","@id":"https:\/\/www.suno.com.br\/noticias\/boris-johnson-renuncia-primeiro-ministro-2\/#article","isPartOf":{"@id":"https:\/\/www.suno.com.br\/noticias\/boris-johnson-renuncia-primeiro-ministro-2\/"},"author":{"name":"Eduardo Vargas","@id":"https:\/\/www.suno.com.br\/noticias\/#\/schema\/person\/7f4d362bf3518e76090143ae77bb49a5"},"headline":"Boris Johnson renuncia ao cargo de primeiro-ministro do Reino Unido","datePublished":"2022-07-07T11:53:08+00:00","dateModified":"2022-07-07T19:44:35+00:00","mainEntityOfPage":{"@id":"https:\/\/www.suno.com.br\/noticias\/boris-johnson-renuncia-primeiro-ministro-2\/"},"wordCount":452,"publisher":{"@id":"https:\/\/www.suno.com.br\/noticias\/#organization"},"image":{"@id":"https:\/\/www.suno.com.br\/noticias\/boris-johnson-renuncia-primeiro-ministro-2\/#primaryimage"},"thumbnailUrl":"https:\/\/files.sunoresearch.com.br\/n\/uploads\/2019\/08\/c1a46487-boris-johnson-jpg.webp","keywords":["Boris Johnson"],"articleSection":["Internacional"],"inLanguage":"pt-BR"},{"@type":"WebPage","@id":"https:\/\/www.suno.com.br\/noticias\/boris-johnson-renuncia-primeiro-ministro-2\/","url":"https:\/\/www.suno.com.br\/noticias\/boris-johnson-renuncia-primeiro-ministro-2\/","name":"Boris Johnson renuncia ao cargo de primeiro-ministro do Reino Unido","isPartOf":{"@id":"https:\/\/www.suno.com.br\/noticias\/#website"},"primaryImageOfPage":{"@id":"https:\/\/www.suno.com.br\/noticias\/boris-johnson-renuncia-primeiro-ministro-2\/#primaryimage"},"image":{"@id":"https:\/\/www.suno.com.br\/noticias\/boris-johnson-renuncia-primeiro-ministro-2\/#primaryimage"},"thumbnailUrl":"https:\/\/files.sunoresearch.com.br\/n\/uploads\/2019\/08\/c1a46487-boris-johnson-jpg.webp","datePublished":"2022-07-07T11:53:08+00:00","dateModified":"2022-07-07T19:44:35+00:00","description":"A ren\u00fancia do l\u00edder brit\u00e2nico j\u00e1 era esperada, dadas as crises recentes que estavam ocorrendo com a gest\u00e3o de Boris Johnson. Clique e confira!","breadcrumb":{"@id":"https:\/\/www.suno.com.br\/noticias\/boris-johnson-renuncia-primeiro-ministro-2\/#breadcrumb"},"inLanguage":"pt-BR","potentialAction":[{"@type":"ReadAction","target":["https:\/\/www.suno.com.br\/noticias\/boris-johnson-renuncia-primeiro-ministro-2\/"]}]},{"@type":"ImageObject","inLanguage":"pt-BR","@id":"https:\/\/www.suno.com.br\/noticias\/boris-johnson-renuncia-primeiro-ministro-2\/#primaryimage","url":"https:\/\/files.sunoresearch.com.br\/n\/uploads\/2019\/08\/c1a46487-boris-johnson-jpg.webp","contentUrl":"https:\/\/files.sunoresearch.com.br\/n\/uploads\/2019\/08\/c1a46487-boris-johnson-jpg.webp","width":1920,"height":1299,"caption":"Boris Johnson j\u00e1 vinha passando por uma s\u00e9rie de crises em seu governo e sua ren\u00fancia era esperada"},{"@type":"BreadcrumbList","@id":"https:\/\/www.suno.com.br\/noticias\/boris-johnson-renuncia-primeiro-ministro-2\/#breadcrumb","itemListElement":[{"@type":"ListItem","position":1,"name":"Not\u00edcias","item":"https:\/\/www.suno.com.br\/noticias\/"},{"@type":"ListItem","position":2,"name":"Internacional","item":"https:\/\/www.suno.com.br\/noticias\/internacional\/"},{"@type":"ListItem","position":3,"name":"Boris Johnson renuncia ao cargo de primeiro-ministro do Reino Unido"}]},{"@type":"WebSite","@id":"https:\/\/www.suno.com.br\/noticias\/#website","url":"https:\/\/www.suno.com.br\/noticias\/","name":"Suno Not\u00edcias","description":"Seu portal de informa\u00e7\u00e3o sobre o mundo dos investimentos","publisher":{"@id":"https:\/\/www.suno.com.br\/noticias\/#organization"},"potentialAction":[{"@type":"SearchAction","target":{"@type":"EntryPoint","urlTemplate":"https:\/\/www.suno.com.br\/noticias\/?s={search_term_string}"},"query-input":{"@type":"PropertyValueSpecification","valueRequired":true,"valueName":"search_term_string"}}],"inLanguage":"pt-BR"},{"@type":"Organization","@id":"https:\/\/www.suno.com.br\/noticias\/#organization","name":"Suno Not\u00edcias","url":"https:\/\/www.suno.com.br\/noticias\/","logo":{"@type":"ImageObject","inLanguage":"pt-BR","@id":"https:\/\/www.suno.com.br\/noticias\/#\/schema\/logo\/image\/","url":"https:\/\/files.sunoresearch.com.br\/n\/uploads\/2021\/09\/suno-logo.png","contentUrl":"https:\/\/files.sunoresearch.com.br\/n\/uploads\/2021\/09\/suno-logo.png","width":180,"height":180,"caption":"Suno Not\u00edcias"},"image":{"@id":"https:\/\/www.suno.com.br\/noticias\/#\/schema\/logo\/image\/"},"sameAs":["https:\/\/facebook.com\/sunoresearch","https:\/\/x.com\/sunoresearch","https:\/\/www.instagram.com\/suno","https:\/\/www.linkedin.com\/company\/suno-research\/","https:\/\/www.youtube.com\/c\/sunoresearch"]},{"@type":"Person","@id":"https:\/\/www.suno.com.br\/noticias\/#\/schema\/person\/7f4d362bf3518e76090143ae77bb49a5","name":"Eduardo Vargas","image":{"@type":"ImageObject","inLanguage":"pt-BR","@id":"https:\/\/www.suno.com.br\/noticias\/#\/schema\/person\/image\/","url":"https:\/\/secure.gravatar.com\/avatar\/dac340933427a22924c9f99d1eb2e3f2?s=96&r=g","contentUrl":"https:\/\/secure.gravatar.com\/avatar\/dac340933427a22924c9f99d1eb2e3f2?s=96&r=g","caption":"Eduardo Vargas"},"description":"Jornalista formado pela UFSC, cobre macroeconomia, neg\u00f3cios e startups para o Suno Not\u00edcias, escrevendo principalmente not\u00edcias sobre o mercado financeiro e a bolsa de valores. No YouTube e no Instagram, \u00e9 respons\u00e1vel pela produ\u00e7\u00e3o de Reels e Shorts do Suno Not\u00edcias. Anteriormente, trabalhou cobrindo economia e cotidiano no ND+ e para o ND, maior jornal impresso de Santa Catarina. Cursou um semestre letivo de Estudos de M\u00eddia na Universidad de Buenos Aires.","url":"https:\/\/www.suno.com.br\/noticias\/author\/eduardo-vargas\/"}]}},"default_loop_html":"<div class=\"cardsPage__listCard__boxs\"><div class=\"cardsPage__listCard__boxs__img\"><a href=\"https:\/\/www.suno.com.br\/noticias\/boris-johnson-renuncia-primeiro-ministro-2\/\"><img class=\"mask\" src=\"https:\/\/www.suno.com.br\/noticias\/wp-content\/themes\/suno\/resources\/images\/spotlight\/spotlight1img\/bg-mask.png\" alt=\"Image Mask\"\/><img src=\"https:\/\/files.sunoresearch.com.br\/n\/uploads\/2019\/08\/c1a46487-boris-johnson-400x200.webp\" alt=\"Boris Johnson renuncia ao cargo de primeiro-ministro do Reino Unido\"\/><\/a><span class=\"spotlightCategory\"><a href=\"https:\/\/www.suno.com.br\/noticias\/internacional\/\">Internacional<\/a><\/span><\/div><div class=\"cardsPage__listCard__boxs__content\"><a href=\"https:\/\/www.suno.com.br\/noticias\/boris-johnson-renuncia-primeiro-ministro-2\/\"><h2 class=\"content__title\">Boris Johnson renuncia ao cargo de primeiro-ministro do Reino Unido<\/h2><\/a><div class=\"newsContent__article__meta\"><div class=\"newsContent__article__meta__authorBox\"><a href=\"https:\/\/www.suno.com.br\/noticias\/author\/eduardo-vargas\/\" class=\"authorBox__avatar noMobi\"><img src=\"https:\/\/secure.gravatar.com\/avatar\/dac340933427a22924c9f99d1eb2e3f2?s=96&#038;r=g\" alt=\"Eduardo Vargas\"><\/a><div class=\"authorBox__name\"><span>por\n\t\t\t<a href=\"https:\/\/www.suno.com.br\/noticias\/author\/eduardo-vargas\/\"><span itemprop=\"author\">Eduardo Vargas<\/span><\/a><\/span><time datetime=\"2022-07-07T08:53:08-03:00\" itemprop=\"datePublished\">07\/07\/2022 08:53<\/time><\/div><\/div><\/div><\/div><\/div>","single_layout":"posts","amp_enabled":true,"_links":{"self":[{"href":"https:\/\/www.suno.com.br\/noticias\/wp-json\/wp\/v2\/posts\/274137"}],"collection":[{"href":"https:\/\/www.suno.com.br\/noticias\/wp-json\/wp\/v2\/posts"}],"about":[{"href":"https:\/\/www.suno.com.br\/noticias\/wp-json\/wp\/v2\/types\/post"}],"author":[{"embeddable":true,"href":"https:\/\/www.suno.com.br\/noticias\/wp-json\/wp\/v2\/users\/73"}],"replies":[{"embeddable":true,"href":"https:\/\/www.suno.com.br\/noticias\/wp-json\/wp\/v2\/comments?post=274137"}],"version-history":[{"count":3,"href":"https:\/\/www.suno.com.br\/noticias\/wp-json\/wp\/v2\/posts\/274137\/revisions"}],"predecessor-version":[{"id":274258,"href":"https:\/\/www.suno.com.br\/noticias\/wp-json\/wp\/v2\/posts\/274137\/revisions\/274258"}],"wp:featuredmedia":[{"embeddable":true,"href":"https:\/\/www.suno.com.br\/noticias\/wp-json\/wp\/v2\/media\/35294"}],"wp:attachment":[{"href":"https:\/\/www.suno.com.br\/noticias\/wp-json\/wp\/v2\/media?parent=274137"}],"wp:term":[{"taxonomy":"category","embeddable":true,"href":"https:\/\/www.suno.com.br\/noticias\/wp-json\/wp\/v2\/categories?post=274137"},{"taxonomy":"post_tag","embeddable":true,"href":"https:\/\/www.suno.com.br\/noticias\/wp-json\/wp\/v2\/tags?post=274137"},{"taxonomy":"suno_strategy","embeddable":true,"href":"https:\/\/www.suno.com.br\/noticias\/wp-json\/wp\/v2\/suno_strategy?post=274137"}],"curies":[{"name":"wp","href":"https:\/\/api.w.org\/{rel}","templated":true}]}}