{"id":273694,"date":"2022-07-05T19:05:00","date_gmt":"2022-07-05T22:05:00","guid":{"rendered":"https:\/\/www.suno.com.br\/noticias\/?p=273694"},"modified":"2022-07-05T19:11:35","modified_gmt":"2022-07-05T22:11:35","slug":"ifix-baixa-queda-care11-xppr11","status":"publish","type":"post","link":"https:\/\/www.suno.com.br\/noticias\/ifix-baixa-queda-care11-xppr11\/","title":{"rendered":"IFIX tem baixa de 0,42%, com quedas de CARE11 e XPPR11"},"content":{"rendered":"<p>O <strong>IFIX<\/strong>, principal \u00edndice de fundos imobili\u00e1rios da bolsa de valores brasileira (B3), encerrou a sess\u00e3o de hoje (5) em queda de 0,42%, aos 2.783,8 pontos.<\/p><div class=\"videoFull videoFull--noRadius\">\n\t\t\t<div class=\"videoWrapper yt-lazyload center\"\n\t\t\t\tdata-width=\"960\"\n\t\t\t\tdata-height=\"540\"\n\t\t\t\tdata-id=\"D1mM2mV5XIY\"\n\t\t\t\tdata-alt=\"Saiba o momento certo de aumentar sua posi\u00e7\u00e3o em FIIs de tijolo\"\n\t\t\t\tdata-logo=\"3\"\n\t\t\t\tdata-imagequality=\"maxres\">\n\t\t\t<\/div>\n\t\t<\/div><span class=\"videoFull__caption videoFull__caption--show\">Saiba o momento certo de aumentar sua posi\u00e7\u00e3o em FIIs de tijolo<p><\/p><\/span><script type=\"application\/ld+json\">{\"@context\":\"https:\/\/schema.org\",\"@type\":\"VideoObject\",\"name\":\"QUANDO AUMENTAR A POSI\u00c7\u00c3O EM TIJOLO? e mais 4 d\u00favidas | Marcos Correa responde\",\"description\":\"\ud83d\ude31 \ud835\udc0f\ud835\udc2b\ud835\udc22\ud835\udc27\ud835\udc1c\ud835\udc22\ud835\udc29\ud835\udc1a\ud835\udc22\ud835\udc2c \ud835\udc1e\ud835\udc2b\ud835\udc2b\ud835\udc28\ud835\udc2c \ud835\udc1d\ud835\udc28 \ud835\udc22\ud835\udc27\ud835\udc2f\ud835\udc1e\ud835\udc2c\ud835\udc2d\ud835\udc22\ud835\udc1d\ud835\udc28\ud835\udc2b \ud835\udc22\ud835\udc27\ud835\udc22\ud835\udc1c\ud835\udc22\ud835\udc1a\ud835\udc27\ud835\udc2d\ud835\udc1e \ud835\udc1e \ud835\udc1c\ud835\udc28\ud835\udc26\ud835\udc28 \ud835\udc1e\ud835\udc2f\ud835\udc22\ud835\udc2d\u00e1-\ud835\udc25\ud835\udc28\ud835\udc2c [\ud835\udc04\ud835\udc01\ud835\udc0e\ud835\udc0e\ud835\udc0a \ud835\udc06\ud835\udc11\ud835\udc00\ud835\udc13\ud835\udc14\ud835\udc08\ud835\udc13\ud835\udc0e] \ud83d\udc49 https:\/\/lp.suno.com.br\/lm\/ebook\/principais-erros-investidor-iniciante\/?utm_source=youtube.suno&utm_medium=video&utm_campaign=ebook-principaiserrosdoinvestidorinicianteecomoevita-los.20220705&utm_content=VIDEO5D\u00daVIDAS05.07 \ud83d\udd2e \ud835\udde0\ud835\uddee\ud835\ude00\ud835\ude01\ud835\uddf2\ud835\uddff\ud835\uddf0\ud835\uddf9\ud835\uddee\ud835\ude00\ud835\ude00 \ud835\udddc\ud835\uddfb\ud835\ude01\ud835\uddf2\ud835\uddff\ud835\uddee\ud835\ude01\ud835\uddf6\ud835\ude03\ud835\uddee \u201c\ud835\udde3\ud835\uddff\ud835\uddfc\ud835\uddf7\ud835\uddf2\ud835\ude01\ud835\uddfc: \ud835\udde2 \ud835\udddc\ud835\uddfb\ud835\ude03\ud835\uddf2\ud835\ude00\ud835\ude01\ud835\uddf6\ud835\uddf1\ud835\uddfc\ud835\uddff \ud835\uddf1\ud835\uddfc \ud835\uddd9\ud835\ude02\ud835\ude01\ud835\ude02\ud835\uddff\ud835\uddfc\u201d \ud83d\udc49 https:\/\/lp.suno.com.br\/cl\/masterclass-investidor-suno-fr\/?utm_source=youtube.suno&utm_medium=video&utm_campaign=RS.IDF22.ns.20220705&utm_content=VIDEO5D\u00daVIDAS05.07 \ud83c\udfd9\ufe0f \ud835\uddd9\ud835\udddc\ud835\udddc \ud835\uddd8\ud835\ude05\ud835\uddfd\ud835\uddf2\ud835\uddff\ud835\uddf6\ud835\uddf2\ud835\uddfb\ud835\uddf0\ud835\uddf2 \ud835\udfee\u00aa \ud835\uddf2\ud835\uddf1\ud835\uddf6\u00e7\u00e3\ud835\uddfc! \ud83d\udc49 https:\/\/lp.suno.com.br\/cl\/fii-experience-2a-edicao-pv\/?utm_source=youtube.suno&utm_medium=video&utm_campaign=RS.RSP22.ns.20220705&utm_content=VIDEO5D\u00daVIDAS05.07 \ud83d\udd34 Suno Emiss\u00f5es: https:\/\/www.suno.com.br\/fundos-imobiliarios\/emissoes\/ QUANDO AUMENTAR A POSI\u00c7\u00c3O EM TIJOLO? e mais 4 d\u00favidas | Marcos Correa responde #Investimento #Investir #FIIs #FundosImobili\u00e1rios \ud83d\udc4d Lembre-se de\u2026\",\"duration\":\"PT9M11S\",\"embedUrl\":\"https:\/\/www.youtube.com\/embed\/D1mM2mV5XIY\",\"regionsAllowed\":\"pt-BR\",\"interactionStatistic\":{\"@type\":\"InteractionCounter\",\"interactionType\":{\"@type\":\"WatchAction\"},\"userInteractionCount\":12437},\"thumbnailUrl\":\"https:\/\/i.ytimg.com\/vi\/D1mM2mV5XIY\/default.jpg\",\"uploadDate\":\"2022-07-05T16:00:07Z\"}<\/script>\n\n\t<p>\n\t\t<a href=\"\" target=\"_blank\" data-element=\"shortcode-suno-banner\" title=\"Banner SUNO, clique e saiba mais\">\n\t\t\t<picture>\n\t\t\t\t<source media=\"(max-width: 500px)\" srcset=\"\">\n\t\t\t\t<img class=\"newsContent__article__imgCapa newsContent__article__imgCapa--banner\"\n\t\t\t\t\tsrc=\"\"\n\t\t\t\t\tdata-promo-id=\"77050\"\t\t\t\t\t\t\t\t\t\t\t\t\t\t\talt=\"\"\n\t\t\t\t>\n\t\t\t<\/picture>\n\t\t<\/a>\n\t<\/p>\n\n\n<p>A m\u00e1xima alcan\u00e7ada pela <a href=\"https:\/\/www.suno.com.br\/artigos\/ifix\/\" target=\"_blank\" rel=\"noopener\"><strong>cota\u00e7\u00e3o do IFIX<\/strong><\/a> foi de 2.796,4 pontos, enquanto a m\u00ednima foi de 2.780,4 pontos. Com tr\u00eas sess\u00f5es terminadas no m\u00eas, o \u00edndice tem uma performance de -0,42% em julho at\u00e9 o momento.<\/p>\n<p>Entre os destaques positivos, se destaca o fundo imobili\u00e1rio <a href=\"https:\/\/www.suno.com.br\/fundos-imobiliarios\/vgip11\/\" target=\"_blank\" rel=\"noopener\">Valora CRI \u00cdndice de Pre\u00e7o (VGIP11)<\/a>, com varia\u00e7\u00e3o de +1,46%, enquanto o <a href=\"https:\/\/www.suno.com.br\/fundos-imobiliarios\/sdil11\/\" target=\"_blank\" rel=\"noopener\">SDI Log\u00edstica Rio (SDIL11)<\/a> teve alta de 0,75%. O FII <a href=\"https:\/\/www.suno.com.br\/fundos-imobiliarios\/hgbs11\/\" target=\"_blank\" rel=\"noopener\">Hedge Brasil Shopping (HGBS11)<\/a> avan\u00e7ou 0,65%.<\/p>\n\t<div data-element=\"shortcode-read-more\" class=\"knowMore\">\n\t\t\t\t<span class=\"knowMore__title\">Leia mais:<\/span>\n\t\t\t\t<a class=\"knowMore__link\" href=\"https:\/\/www.suno.com.br\/noticias\/ibovespa-hoje-cai-petrobras-petr4-magazine-luiza-mglu3\/\">\n\t\t\tIbovespa cai, puxado por Petrobras (PETR4) e Magazine Luiza (MGLU3)\t\t<\/a>\n\t<\/div>\n\n\n<p>Outro fundo imobili\u00e1rio que ficou entre as 10 primeiras altas do<strong> IFIX hoje<\/strong> foi <a href=\"https:\/\/www.suno.com.br\/fundos-imobiliarios\/vcjr11\/\" target=\"_blank\" rel=\"noopener\">Vectis Juros Real (VCJR11)<\/a>, com uma valoriza\u00e7\u00e3o de 0,50%. O fundo <a href=\"https:\/\/www.suno.com.br\/fundos-imobiliarios\/bcff11\/\" target=\"_blank\" rel=\"noopener\">BTG Pactual Fundo de Fundos (BCFF11)<\/a> teve uma varia\u00e7\u00e3o positiva de 0,44%.<\/p>\n<p>Entre as baixas da sess\u00e3o, liderou o fundo imobili\u00e1rio <a href=\"https:\/\/www.suno.com.br\/fundos-imobiliarios\/care11\/\" target=\"_blank\" rel=\"noopener\">Brazilian Graveyard and Death Care (CARE11)<\/a>, com uma queda de 5,52%. Em seguida, veio o FII <a href=\"https:\/\/www.suno.com.br\/fundos-imobiliarios\/xppr11\/\" target=\"_blank\" rel=\"noopener\">XP Properties (XPPR11)<\/a>, que teve uma desvaloriza\u00e7\u00e3o de 3,90%. Na terceira coloca\u00e7\u00e3o ficou o <a href=\"https:\/\/www.suno.com.br\/fundos-imobiliarios\/hsml11\/\" target=\"_blank\" rel=\"noopener\">HSI Malls (HSML11)<\/a>, que recuou 2,52%, que tamb\u00e9m impactou de forma negativa o <strong>valor do IFIX<\/strong>.<\/p>\n<h2>Maiores altas do IFIX<\/h2>\n<p>Os 5 primeiros colocados entre as altas da sess\u00e3o foram:<\/p>\n<ul>\n<li>VGIP11: +1,46%<\/li>\n<li>SDIL11: +0,75%<\/li>\n<li>HGBS11: +0,65%<\/li>\n<li>MCHF11: +0,64%<\/li>\n<li>RBRR11: +0,63%<\/li>\n<\/ul>\n<h2>Maiores baixas do IFIX<\/h2>\n<p>Enquanto isso, as 5 maiores desvaloriza\u00e7\u00f5es do dia foram:<\/p>\n<ul>\n<li>CARE11: -5,52%<\/li>\n<li>XPPR11: -3,90%<\/li>\n<li>HSML11: -2,52%<\/li>\n<li>PVBI11: -2,39%<\/li>\n<li>LVBI11: -2,08%<\/li>\n<\/ul>\n\t<p>\n\t\t<a href=\"https:\/\/lp.suno.com.br\/planilha-controle-gastos\/\" target=\"_blank\" data-element=\"shortcode-suno-banner\" title=\"Banner SUNO, clique e saiba mais\">\n\t\t\t<picture>\n\t\t\t\t<source media=\"(max-width: 500px)\" srcset=\"https:\/\/files.sunoresearch.com.br\/n\/uploads\/2023\/03\/400x300-Planilha-controle-de-gastos.png\">\n\t\t\t\t<img class=\"newsContent__article__imgCapa newsContent__article__imgCapa--banner\"\n\t\t\t\t\tsrc=\"https:\/\/files.sunoresearch.com.br\/n\/uploads\/2023\/03\/1420x240-Planilha-controle-de-gastos.png\"\n\t\t\t\t\tdata-promo-id=\"101751\"\t\t\t\t\t\t\t\t\t\twidth='1420' height='240'\t\t\t\t\talt=\"https:\/\/files.sunoresearch.com.br\/n\/uploads\/2023\/03\/1420x240-Planilha-controle-de-gastos.png\"\n\t\t\t\t>\n\t\t\t<\/picture>\n\t\t<\/a>\n\t<\/p>\n\n\n<h2>Fundo imobili\u00e1rio XPLG11 anuncia venda de im\u00f3vel por R$ 126,49 milh\u00f5es<\/h2>\n<p>O <a href=\"https:\/\/www.suno.com.br\/fundos-imobiliarios\/xplg11\/\" target=\"_blank\" rel=\"noopener\">fundo imobili\u00e1rio XPLG11<\/a> divulgou ao mercado e aos cotistas nesta segunda-feira (4) que celebrou uma nova escritura de compra e venda com a Martini Meat S\/A para a aliena\u00e7\u00e3o dos m\u00f3dulos 1 a 9 do galp\u00e3o G02, que fazem parte do Condom\u00ednio Cone MM1, no Distrito Ponte dos Carvalhos, cidade de Cabo de Santo Agostinho, em Pernambuco.<\/p>\n<p>Os im\u00f3veis t\u00eam uma \u00e1rea bruta loc\u00e1vel total de 19.887,51 m\u00b2 e possuem at\u00e9 mesmo \u00e1reas refrigeradas. Atualmente, eles est\u00e3o alugados para empresas do setor aliment\u00edcio.<\/p>\n\t<p>\n\t\t<a href=\"https:\/\/lp.suno.com.br\/planilha-da-vida-financeira\/\" target=\"_blank\" data-element=\"shortcode-suno-banner\" title=\"Banner SUNO, clique e saiba mais\">\n\t\t\t<picture>\n\t\t\t\t<source media=\"(max-width: 500px)\" srcset=\"https:\/\/files.sunoresearch.com.br\/n\/uploads\/2023\/04\/400x300-Planilha-vida-financeira-true.png\">\n\t\t\t\t<img class=\"newsContent__article__imgCapa newsContent__article__imgCapa--banner\"\n\t\t\t\t\tsrc=\"https:\/\/files.sunoresearch.com.br\/n\/uploads\/2023\/04\/1420x240-Planilha-vida-financeira-true.png\"\n\t\t\t\t\tdata-promo-id=\"106682\"\t\t\t\t\t\t\t\t\t\twidth='1420' height='240'\t\t\t\t\talt=\"https:\/\/files.sunoresearch.com.br\/n\/uploads\/2023\/04\/1420x240-Planilha-vida-financeira-true.png\"\n\t\t\t\t>\n\t\t\t<\/picture>\n\t\t<\/a>\n\t<\/p>\n\n\n<p>O pre\u00e7o total da transa\u00e7\u00e3o do FII XPLG11, que tamb\u00e9m faz parte do IFIX, \u00e9 de cerca de R$ 126,49 milh\u00f5es, que corresponde a R$ 6.360,46 por metro quadrado. Do montante total da compra, cerca de R$ 25,3 milh\u00f5es foram pagos \u00e0 vista na data da compra. O valor remanescente de R$ 101,19 milh\u00f5es \u00e9 dividido em 5 parcelas de quase R$ 20,24 milh\u00f5es, pagos nas seguintes datas:<\/p>\n<ul>\n<li>2 de janeiro de 2023<\/li>\n<li>1 de julho de 2023<\/li>\n<li>2 de janeiro de 2024<\/li>\n<li>1 de julho de 2024<\/li>\n<li>2 de janeiro de 2025<\/li>\n<\/ul>\n<p>Vale destacar que os valores parcelados da <strong>venda de im\u00f3vel do XPPR11<\/strong>\u00a0&#8220;ser\u00e3o corrigidas por \u00edndice de <a href=\"https:\/\/www.suno.com.br\/artigos\/correcao-monetaria\/\" target=\"_blank\" rel=\"noopener\">corre\u00e7\u00e3o monet\u00e1ria<\/a> desde a presente data at\u00e9 seu respectivo pagamento, conforme disposto nos documentos da opera\u00e7\u00e3o&#8221;.<\/p>\n<p>O XPPR11 \u00e9 um fundo imobili\u00e1rio de tijolo que pertence ao<strong> IFIX<\/strong>, com participa\u00e7\u00e3o de 0,327% e uma quantidade te\u00f3rica na carteira de 7.316.171.<\/p>\n\t<p>\n\t\t<a href=\"https:\/\/lp.suno.com.br\/ebook-como-analisar-uma-acao\/\" target=\"_blank\" data-element=\"shortcode-suno-banner\" title=\"Banner SUNO, clique e saiba mais\">\n\t\t\t<picture>\n\t\t\t\t<source media=\"(max-width: 500px)\" srcset=\"https:\/\/files.sunoresearch.com.br\/n\/uploads\/2023\/03\/Ebook-Acoes-Mobile-1.jpg\">\n\t\t\t\t<img class=\"newsContent__article__imgCapa newsContent__article__imgCapa--banner\"\n\t\t\t\t\tsrc=\"https:\/\/files.sunoresearch.com.br\/n\/uploads\/2023\/03\/Ebook-Acoes-Desktop-1.jpg\"\n\t\t\t\t\tdata-promo-id=\"171998\"\t\t\t\t\t\t\t\t\t\twidth='1420' height='286'\t\t\t\t\talt=\"https:\/\/files.sunoresearch.com.br\/n\/uploads\/2023\/03\/Ebook-Acoes-Desktop-1.jpg\"\n\t\t\t\t>\n\t\t\t<\/picture>\n\t\t<\/a>\n\t<\/p>\n\n\n","protected":false},"excerpt":{"rendered":"<p>O IFIX, principal \u00edndice de fundos imobili\u00e1rios da bolsa de valores brasileira (B3), encerrou a sess\u00e3o de hoje (5) em queda de 0,42%, aos 2.783,8 pontos. Saiba o momento certo de aumentar sua posi\u00e7\u00e3o em FIIs de tijolo A m\u00e1xima alcan\u00e7ada pela cota\u00e7\u00e3o do IFIX foi de 2.796,4 pontos, enquanto a m\u00ednima foi de 2.780,4 [&hellip;]<\/p>\n","protected":false},"author":43,"featured_media":273735,"comment_status":"closed","ping_status":"closed","sticky":false,"template":"","format":"standard","meta":[],"categories":[66],"tags":[105942,105842,105728,105805,106199,105985,105873,106161,105869],"suno_strategy":[],"class_list":["post-273694","post","type-post","status-publish","format-standard","has-post-thumbnail","hentry","category-fiis","tag-care11","tag-hgbs11","tag-hsml11","tag-lvbi11","tag-pvbi11","tag-rbrr11","tag-vgip11","tag-xplg11","tag-xppr11"],"yoast_head":"<!-- This site is optimized with the Yoast SEO plugin v24.4 - https:\/\/yoast.com\/wordpress\/plugins\/seo\/ -->\n<title>IFIX tem baixa de 0,42%, com quedas de CARE11 e XPPR11<\/title>\n<meta name=\"description\" content=\"O IFIX teve baixa de 0,42%, com quedas de CARE11 e XPPR11. Saiba mais sobre o desempenho do \u00edndice de fundos imobili\u00e1rios hoje (5).\" \/>\n<meta name=\"robots\" content=\"index, follow, max-snippet:-1, max-image-preview:large, max-video-preview:-1\" \/>\n<link rel=\"canonical\" href=\"https:\/\/www.suno.com.br\/noticias\/ifix-baixa-queda-care11-xppr11\/\" \/>\n<meta property=\"og:locale\" content=\"pt_BR\" \/>\n<meta property=\"og:type\" content=\"article\" \/>\n<meta property=\"og:title\" content=\"IFIX tem baixa de 0,42%, com quedas de CARE11 e XPPR11\" \/>\n<meta property=\"og:description\" content=\"O IFIX teve baixa de 0,42%, com quedas de CARE11 e XPPR11. Saiba mais sobre o desempenho do \u00edndice de fundos imobili\u00e1rios hoje (5).\" \/>\n<meta property=\"og:url\" content=\"https:\/\/www.suno.com.br\/noticias\/ifix-baixa-queda-care11-xppr11\/\" \/>\n<meta property=\"og:site_name\" content=\"Suno Not\u00edcias\" \/>\n<meta property=\"article:publisher\" content=\"https:\/\/facebook.com\/sunoresearch\" \/>\n<meta property=\"article:author\" content=\"https:\/\/www.facebook.com\/sunonoticias\/\" \/>\n<meta property=\"og:image\" content=\"https:\/\/files.sunoresearch.com.br\/n\/uploads\/2022\/07\/quarta-2.jpg\" \/>\n\t<meta property=\"og:image:width\" content=\"1280\" \/>\n\t<meta property=\"og:image:height\" content=\"853\" \/>\n\t<meta property=\"og:image:type\" content=\"image\/jpeg\" \/>\n<meta name=\"author\" content=\"Reda\u00e7\u00e3o Suno Not\u00edcias\" \/>\n<meta name=\"twitter:card\" content=\"summary_large_image\" \/>\n<meta name=\"twitter:creator\" content=\"@https:\/\/twitter.com\/sunoresearch\" \/>\n<meta name=\"twitter:site\" content=\"@sunoresearch\" \/>\n<meta name=\"twitter:label1\" content=\"Escrito por\" \/>\n\t<meta name=\"twitter:data1\" content=\"Reda\u00e7\u00e3o Suno Not\u00edcias\" \/>\n\t<meta name=\"twitter:label2\" content=\"Est. tempo de leitura\" \/>\n\t<meta name=\"twitter:data2\" content=\"3 minutos\" \/>\n<script type=\"application\/ld+json\" class=\"yoast-schema-graph\">{\"@context\":\"https:\/\/schema.org\",\"@graph\":[{\"@type\":\"NewsArticle\",\"@id\":\"https:\/\/www.suno.com.br\/noticias\/ifix-baixa-queda-care11-xppr11\/#article\",\"isPartOf\":{\"@id\":\"https:\/\/www.suno.com.br\/noticias\/ifix-baixa-queda-care11-xppr11\/\"},\"author\":{\"name\":\"Reda\u00e7\u00e3o Suno Not\u00edcias\",\"@id\":\"https:\/\/www.suno.com.br\/noticias\/#\/schema\/person\/c1b1bd3727fa852bd045e9dbff3673ea\"},\"headline\":\"IFIX tem baixa de 0,42%, com quedas de CARE11 e XPPR11\",\"datePublished\":\"2022-07-05T22:05:00+00:00\",\"dateModified\":\"2022-07-05T22:11:35+00:00\",\"mainEntityOfPage\":{\"@id\":\"https:\/\/www.suno.com.br\/noticias\/ifix-baixa-queda-care11-xppr11\/\"},\"wordCount\":517,\"publisher\":{\"@id\":\"https:\/\/www.suno.com.br\/noticias\/#organization\"},\"image\":{\"@id\":\"https:\/\/www.suno.com.br\/noticias\/ifix-baixa-queda-care11-xppr11\/#primaryimage\"},\"thumbnailUrl\":\"https:\/\/files.sunoresearch.com.br\/n\/uploads\/2022\/07\/quarta-2.jpg\",\"keywords\":[\"CARE11\",\"HGBS11\",\"HSML11\",\"LVBI11\",\"PVBI11\",\"RBRR11\",\"VGIP11\",\"XPLG11\",\"XPPR11\"],\"articleSection\":[\"FIIs\"],\"inLanguage\":\"pt-BR\"},{\"@type\":\"WebPage\",\"@id\":\"https:\/\/www.suno.com.br\/noticias\/ifix-baixa-queda-care11-xppr11\/\",\"url\":\"https:\/\/www.suno.com.br\/noticias\/ifix-baixa-queda-care11-xppr11\/\",\"name\":\"IFIX tem baixa de 0,42%, com quedas de CARE11 e XPPR11\",\"isPartOf\":{\"@id\":\"https:\/\/www.suno.com.br\/noticias\/#website\"},\"primaryImageOfPage\":{\"@id\":\"https:\/\/www.suno.com.br\/noticias\/ifix-baixa-queda-care11-xppr11\/#primaryimage\"},\"image\":{\"@id\":\"https:\/\/www.suno.com.br\/noticias\/ifix-baixa-queda-care11-xppr11\/#primaryimage\"},\"thumbnailUrl\":\"https:\/\/files.sunoresearch.com.br\/n\/uploads\/2022\/07\/quarta-2.jpg\",\"datePublished\":\"2022-07-05T22:05:00+00:00\",\"dateModified\":\"2022-07-05T22:11:35+00:00\",\"description\":\"O IFIX teve baixa de 0,42%, com quedas de CARE11 e XPPR11. Saiba mais sobre o desempenho do \u00edndice de fundos imobili\u00e1rios hoje (5).\",\"breadcrumb\":{\"@id\":\"https:\/\/www.suno.com.br\/noticias\/ifix-baixa-queda-care11-xppr11\/#breadcrumb\"},\"inLanguage\":\"pt-BR\",\"potentialAction\":[{\"@type\":\"ReadAction\",\"target\":[\"https:\/\/www.suno.com.br\/noticias\/ifix-baixa-queda-care11-xppr11\/\"]}]},{\"@type\":\"ImageObject\",\"inLanguage\":\"pt-BR\",\"@id\":\"https:\/\/www.suno.com.br\/noticias\/ifix-baixa-queda-care11-xppr11\/#primaryimage\",\"url\":\"https:\/\/files.sunoresearch.com.br\/n\/uploads\/2022\/07\/quarta-2.jpg\",\"contentUrl\":\"https:\/\/files.sunoresearch.com.br\/n\/uploads\/2022\/07\/quarta-2.jpg\",\"width\":1280,\"height\":853,\"caption\":\"IFIX hoje. Foto: Pixabay\"},{\"@type\":\"BreadcrumbList\",\"@id\":\"https:\/\/www.suno.com.br\/noticias\/ifix-baixa-queda-care11-xppr11\/#breadcrumb\",\"itemListElement\":[{\"@type\":\"ListItem\",\"position\":1,\"name\":\"Not\u00edcias\",\"item\":\"https:\/\/www.suno.com.br\/noticias\/\"},{\"@type\":\"ListItem\",\"position\":2,\"name\":\"FIIs\",\"item\":\"https:\/\/www.suno.com.br\/noticias\/fiis\/\"},{\"@type\":\"ListItem\",\"position\":3,\"name\":\"IFIX tem baixa de 0,42%, com quedas de CARE11 e XPPR11\"}]},{\"@type\":\"WebSite\",\"@id\":\"https:\/\/www.suno.com.br\/noticias\/#website\",\"url\":\"https:\/\/www.suno.com.br\/noticias\/\",\"name\":\"Suno Not\u00edcias\",\"description\":\"Seu portal de informa\u00e7\u00e3o sobre o mundo dos investimentos\",\"publisher\":{\"@id\":\"https:\/\/www.suno.com.br\/noticias\/#organization\"},\"potentialAction\":[{\"@type\":\"SearchAction\",\"target\":{\"@type\":\"EntryPoint\",\"urlTemplate\":\"https:\/\/www.suno.com.br\/noticias\/?s={search_term_string}\"},\"query-input\":{\"@type\":\"PropertyValueSpecification\",\"valueRequired\":true,\"valueName\":\"search_term_string\"}}],\"inLanguage\":\"pt-BR\"},{\"@type\":\"Organization\",\"@id\":\"https:\/\/www.suno.com.br\/noticias\/#organization\",\"name\":\"Suno Not\u00edcias\",\"url\":\"https:\/\/www.suno.com.br\/noticias\/\",\"logo\":{\"@type\":\"ImageObject\",\"inLanguage\":\"pt-BR\",\"@id\":\"https:\/\/www.suno.com.br\/noticias\/#\/schema\/logo\/image\/\",\"url\":\"https:\/\/files.sunoresearch.com.br\/n\/uploads\/2021\/09\/suno-logo.png\",\"contentUrl\":\"https:\/\/files.sunoresearch.com.br\/n\/uploads\/2021\/09\/suno-logo.png\",\"width\":180,\"height\":180,\"caption\":\"Suno Not\u00edcias\"},\"image\":{\"@id\":\"https:\/\/www.suno.com.br\/noticias\/#\/schema\/logo\/image\/\"},\"sameAs\":[\"https:\/\/facebook.com\/sunoresearch\",\"https:\/\/x.com\/sunoresearch\",\"https:\/\/www.instagram.com\/suno\",\"https:\/\/www.linkedin.com\/company\/suno-research\/\",\"https:\/\/www.youtube.com\/c\/sunoresearch\"]},{\"@type\":\"Person\",\"@id\":\"https:\/\/www.suno.com.br\/noticias\/#\/schema\/person\/c1b1bd3727fa852bd045e9dbff3673ea\",\"name\":\"Reda\u00e7\u00e3o Suno Not\u00edcias\",\"image\":{\"@type\":\"ImageObject\",\"inLanguage\":\"pt-BR\",\"@id\":\"https:\/\/www.suno.com.br\/noticias\/#\/schema\/person\/image\/\",\"url\":\"https:\/\/secure.gravatar.com\/avatar\/b8104b9b5a71985d5238ee59fbe418af?s=96&r=g\",\"contentUrl\":\"https:\/\/secure.gravatar.com\/avatar\/b8104b9b5a71985d5238ee59fbe418af?s=96&r=g\",\"caption\":\"Reda\u00e7\u00e3o Suno Not\u00edcias\"},\"description\":\"O Suno Not\u00edcias \u00e9 um portal de informa\u00e7\u00f5es sobre Mercado Financeiro, Pol\u00edtica, Neg\u00f3cios, Economia e Finan\u00e7as Pessoais.\",\"sameAs\":[\"https:\/\/www.suno.com.br\/noticias\",\"https:\/\/www.facebook.com\/sunonoticias\/\",\"https:\/\/www.instagram.com\/sunonoticias\/\",\"https:\/\/x.com\/https:\/\/twitter.com\/sunoresearch\",\"https:\/\/www.youtube.com\/sunonoticias\"],\"url\":\"https:\/\/www.suno.com.br\/noticias\/author\/redacao-suno\/\"}]}<\/script>\n<!-- \/ Yoast SEO plugin. -->","yoast_head_json":{"title":"IFIX tem baixa de 0,42%, com quedas de CARE11 e XPPR11","description":"O IFIX teve baixa de 0,42%, com quedas de CARE11 e XPPR11. Saiba mais sobre o desempenho do \u00edndice de fundos imobili\u00e1rios hoje (5).","robots":{"index":"index","follow":"follow","max-snippet":"max-snippet:-1","max-image-preview":"max-image-preview:large","max-video-preview":"max-video-preview:-1"},"canonical":"https:\/\/www.suno.com.br\/noticias\/ifix-baixa-queda-care11-xppr11\/","og_locale":"pt_BR","og_type":"article","og_title":"IFIX tem baixa de 0,42%, com quedas de CARE11 e XPPR11","og_description":"O IFIX teve baixa de 0,42%, com quedas de CARE11 e XPPR11. Saiba mais sobre o desempenho do \u00edndice de fundos imobili\u00e1rios hoje (5).","og_url":"https:\/\/www.suno.com.br\/noticias\/ifix-baixa-queda-care11-xppr11\/","og_site_name":"Suno Not\u00edcias","article_publisher":"https:\/\/facebook.com\/sunoresearch","article_author":"https:\/\/www.facebook.com\/sunonoticias\/","og_image":[{"width":1280,"height":853,"url":"https:\/\/files.sunoresearch.com.br\/n\/uploads\/2022\/07\/quarta-2.jpg","type":"image\/jpeg"}],"author":"Reda\u00e7\u00e3o Suno Not\u00edcias","twitter_card":"summary_large_image","twitter_creator":"@https:\/\/twitter.com\/sunoresearch","twitter_site":"@sunoresearch","twitter_misc":{"Escrito por":"Reda\u00e7\u00e3o Suno Not\u00edcias","Est. tempo de leitura":"3 minutos"},"schema":{"@context":"https:\/\/schema.org","@graph":[{"@type":"NewsArticle","@id":"https:\/\/www.suno.com.br\/noticias\/ifix-baixa-queda-care11-xppr11\/#article","isPartOf":{"@id":"https:\/\/www.suno.com.br\/noticias\/ifix-baixa-queda-care11-xppr11\/"},"author":{"name":"Reda\u00e7\u00e3o Suno Not\u00edcias","@id":"https:\/\/www.suno.com.br\/noticias\/#\/schema\/person\/c1b1bd3727fa852bd045e9dbff3673ea"},"headline":"IFIX tem baixa de 0,42%, com quedas de CARE11 e XPPR11","datePublished":"2022-07-05T22:05:00+00:00","dateModified":"2022-07-05T22:11:35+00:00","mainEntityOfPage":{"@id":"https:\/\/www.suno.com.br\/noticias\/ifix-baixa-queda-care11-xppr11\/"},"wordCount":517,"publisher":{"@id":"https:\/\/www.suno.com.br\/noticias\/#organization"},"image":{"@id":"https:\/\/www.suno.com.br\/noticias\/ifix-baixa-queda-care11-xppr11\/#primaryimage"},"thumbnailUrl":"https:\/\/files.sunoresearch.com.br\/n\/uploads\/2022\/07\/quarta-2.jpg","keywords":["CARE11","HGBS11","HSML11","LVBI11","PVBI11","RBRR11","VGIP11","XPLG11","XPPR11"],"articleSection":["FIIs"],"inLanguage":"pt-BR"},{"@type":"WebPage","@id":"https:\/\/www.suno.com.br\/noticias\/ifix-baixa-queda-care11-xppr11\/","url":"https:\/\/www.suno.com.br\/noticias\/ifix-baixa-queda-care11-xppr11\/","name":"IFIX tem baixa de 0,42%, com quedas de CARE11 e XPPR11","isPartOf":{"@id":"https:\/\/www.suno.com.br\/noticias\/#website"},"primaryImageOfPage":{"@id":"https:\/\/www.suno.com.br\/noticias\/ifix-baixa-queda-care11-xppr11\/#primaryimage"},"image":{"@id":"https:\/\/www.suno.com.br\/noticias\/ifix-baixa-queda-care11-xppr11\/#primaryimage"},"thumbnailUrl":"https:\/\/files.sunoresearch.com.br\/n\/uploads\/2022\/07\/quarta-2.jpg","datePublished":"2022-07-05T22:05:00+00:00","dateModified":"2022-07-05T22:11:35+00:00","description":"O IFIX teve baixa de 0,42%, com quedas de CARE11 e XPPR11. Saiba mais sobre o desempenho do \u00edndice de fundos imobili\u00e1rios hoje (5).","breadcrumb":{"@id":"https:\/\/www.suno.com.br\/noticias\/ifix-baixa-queda-care11-xppr11\/#breadcrumb"},"inLanguage":"pt-BR","potentialAction":[{"@type":"ReadAction","target":["https:\/\/www.suno.com.br\/noticias\/ifix-baixa-queda-care11-xppr11\/"]}]},{"@type":"ImageObject","inLanguage":"pt-BR","@id":"https:\/\/www.suno.com.br\/noticias\/ifix-baixa-queda-care11-xppr11\/#primaryimage","url":"https:\/\/files.sunoresearch.com.br\/n\/uploads\/2022\/07\/quarta-2.jpg","contentUrl":"https:\/\/files.sunoresearch.com.br\/n\/uploads\/2022\/07\/quarta-2.jpg","width":1280,"height":853,"caption":"IFIX hoje. Foto: Pixabay"},{"@type":"BreadcrumbList","@id":"https:\/\/www.suno.com.br\/noticias\/ifix-baixa-queda-care11-xppr11\/#breadcrumb","itemListElement":[{"@type":"ListItem","position":1,"name":"Not\u00edcias","item":"https:\/\/www.suno.com.br\/noticias\/"},{"@type":"ListItem","position":2,"name":"FIIs","item":"https:\/\/www.suno.com.br\/noticias\/fiis\/"},{"@type":"ListItem","position":3,"name":"IFIX tem baixa de 0,42%, com quedas de CARE11 e XPPR11"}]},{"@type":"WebSite","@id":"https:\/\/www.suno.com.br\/noticias\/#website","url":"https:\/\/www.suno.com.br\/noticias\/","name":"Suno Not\u00edcias","description":"Seu portal de informa\u00e7\u00e3o sobre o mundo dos investimentos","publisher":{"@id":"https:\/\/www.suno.com.br\/noticias\/#organization"},"potentialAction":[{"@type":"SearchAction","target":{"@type":"EntryPoint","urlTemplate":"https:\/\/www.suno.com.br\/noticias\/?s={search_term_string}"},"query-input":{"@type":"PropertyValueSpecification","valueRequired":true,"valueName":"search_term_string"}}],"inLanguage":"pt-BR"},{"@type":"Organization","@id":"https:\/\/www.suno.com.br\/noticias\/#organization","name":"Suno Not\u00edcias","url":"https:\/\/www.suno.com.br\/noticias\/","logo":{"@type":"ImageObject","inLanguage":"pt-BR","@id":"https:\/\/www.suno.com.br\/noticias\/#\/schema\/logo\/image\/","url":"https:\/\/files.sunoresearch.com.br\/n\/uploads\/2021\/09\/suno-logo.png","contentUrl":"https:\/\/files.sunoresearch.com.br\/n\/uploads\/2021\/09\/suno-logo.png","width":180,"height":180,"caption":"Suno Not\u00edcias"},"image":{"@id":"https:\/\/www.suno.com.br\/noticias\/#\/schema\/logo\/image\/"},"sameAs":["https:\/\/facebook.com\/sunoresearch","https:\/\/x.com\/sunoresearch","https:\/\/www.instagram.com\/suno","https:\/\/www.linkedin.com\/company\/suno-research\/","https:\/\/www.youtube.com\/c\/sunoresearch"]},{"@type":"Person","@id":"https:\/\/www.suno.com.br\/noticias\/#\/schema\/person\/c1b1bd3727fa852bd045e9dbff3673ea","name":"Reda\u00e7\u00e3o Suno Not\u00edcias","image":{"@type":"ImageObject","inLanguage":"pt-BR","@id":"https:\/\/www.suno.com.br\/noticias\/#\/schema\/person\/image\/","url":"https:\/\/secure.gravatar.com\/avatar\/b8104b9b5a71985d5238ee59fbe418af?s=96&r=g","contentUrl":"https:\/\/secure.gravatar.com\/avatar\/b8104b9b5a71985d5238ee59fbe418af?s=96&r=g","caption":"Reda\u00e7\u00e3o Suno Not\u00edcias"},"description":"O Suno Not\u00edcias \u00e9 um portal de informa\u00e7\u00f5es sobre Mercado Financeiro, Pol\u00edtica, Neg\u00f3cios, Economia e Finan\u00e7as Pessoais.","sameAs":["https:\/\/www.suno.com.br\/noticias","https:\/\/www.facebook.com\/sunonoticias\/","https:\/\/www.instagram.com\/sunonoticias\/","https:\/\/x.com\/https:\/\/twitter.com\/sunoresearch","https:\/\/www.youtube.com\/sunonoticias"],"url":"https:\/\/www.suno.com.br\/noticias\/author\/redacao-suno\/"}]}},"default_loop_html":"<div class=\"cardsPage__listCard__boxs\"><div class=\"cardsPage__listCard__boxs__img\"><a href=\"https:\/\/www.suno.com.br\/noticias\/ifix-baixa-queda-care11-xppr11\/\"><img class=\"mask\" src=\"https:\/\/www.suno.com.br\/noticias\/wp-content\/themes\/suno\/resources\/images\/spotlight\/spotlight1img\/bg-mask.png\" alt=\"Image Mask\"\/><img src=\"https:\/\/files.sunoresearch.com.br\/n\/uploads\/2022\/07\/quarta-2-400x200.jpg\" alt=\"IFIX tem baixa de 0,42%, com quedas de CARE11 e XPPR11\"\/><\/a><span class=\"spotlightCategory\"><a href=\"https:\/\/www.suno.com.br\/noticias\/fiis\/\">FIIs<\/a><\/span><\/div><div class=\"cardsPage__listCard__boxs__content\"><a href=\"https:\/\/www.suno.com.br\/noticias\/ifix-baixa-queda-care11-xppr11\/\"><h2 class=\"content__title\">IFIX tem baixa de 0,42%, com quedas de CARE11 e XPPR11<\/h2><\/a><div class=\"newsContent__article__meta\"><div class=\"newsContent__article__meta__authorBox\"><a href=\"https:\/\/www.suno.com.br\/noticias\/author\/redacao-suno\/\" class=\"authorBox__avatar noMobi\"><img src=\"https:\/\/files.sunoresearch.com.br\/n\/uploads\/2020\/08\/0ace682d-redacao-1-150x150.webp\" alt=\"Reda\u00e7\u00e3o Suno Not\u00edcias\"><\/a><div class=\"authorBox__name\"><span>por\n\t\t\t<a href=\"https:\/\/www.suno.com.br\/noticias\/author\/redacao-suno\/\"><span itemprop=\"author\">Reda\u00e7\u00e3o Suno Not\u00edcias<\/span><\/a><\/span><time datetime=\"2022-07-05T19:05:00-03:00\" itemprop=\"datePublished\">05\/07\/2022 19:05<\/time><\/div><\/div><\/div><\/div><\/div>","single_layout":"posts","amp_enabled":true,"_links":{"self":[{"href":"https:\/\/www.suno.com.br\/noticias\/wp-json\/wp\/v2\/posts\/273694"}],"collection":[{"href":"https:\/\/www.suno.com.br\/noticias\/wp-json\/wp\/v2\/posts"}],"about":[{"href":"https:\/\/www.suno.com.br\/noticias\/wp-json\/wp\/v2\/types\/post"}],"author":[{"embeddable":true,"href":"https:\/\/www.suno.com.br\/noticias\/wp-json\/wp\/v2\/users\/43"}],"replies":[{"embeddable":true,"href":"https:\/\/www.suno.com.br\/noticias\/wp-json\/wp\/v2\/comments?post=273694"}],"version-history":[{"count":3,"href":"https:\/\/www.suno.com.br\/noticias\/wp-json\/wp\/v2\/posts\/273694\/revisions"}],"predecessor-version":[{"id":273753,"href":"https:\/\/www.suno.com.br\/noticias\/wp-json\/wp\/v2\/posts\/273694\/revisions\/273753"}],"wp:featuredmedia":[{"embeddable":true,"href":"https:\/\/www.suno.com.br\/noticias\/wp-json\/wp\/v2\/media\/273735"}],"wp:attachment":[{"href":"https:\/\/www.suno.com.br\/noticias\/wp-json\/wp\/v2\/media?parent=273694"}],"wp:term":[{"taxonomy":"category","embeddable":true,"href":"https:\/\/www.suno.com.br\/noticias\/wp-json\/wp\/v2\/categories?post=273694"},{"taxonomy":"post_tag","embeddable":true,"href":"https:\/\/www.suno.com.br\/noticias\/wp-json\/wp\/v2\/tags?post=273694"},{"taxonomy":"suno_strategy","embeddable":true,"href":"https:\/\/www.suno.com.br\/noticias\/wp-json\/wp\/v2\/suno_strategy?post=273694"}],"curies":[{"name":"wp","href":"https:\/\/api.w.org\/{rel}","templated":true}]}}