{"id":273514,"date":"2022-07-05T09:57:30","date_gmt":"2022-07-05T12:57:30","guid":{"rendered":"https:\/\/www.suno.com.br\/noticias\/?p=273514"},"modified":"2022-07-05T09:57:30","modified_gmt":"2022-07-05T12:57:30","slug":"pgr-petrobras-bolsonaro-petr4-bb-bbas3","status":"publish","type":"post","link":"https:\/\/www.suno.com.br\/noticias\/pgr-petrobras-bolsonaro-petr4-bb-bbas3\/","title":{"rendered":"PGR ouvir\u00e1 presidentes da Petrobras (PETR4) e do BB (BBAS3) sobre supostas interven\u00e7\u00f5es de Bolsonaro"},"content":{"rendered":"<p>A vice-procuradora-geral da Rep\u00fablica Lind\u00f4ra Maria Ara\u00fajo fez uma requisi\u00e7\u00e3o ao Supremo Tribunal Federal (STF) para que sejam colhidos os depoimentos dos ex-presidentes da <a class=\"suno-keyword\" href=\"https:\/\/www.suno.com.br\/acoes\/PETR4\/\" target=\"_blank\" rel=\"noopener\" data-force=\"yes\" data-priority=\"2\"><strong>Petrobras<\/strong> (PETR4)<\/a>, <a class=\"suno-keyword\" href=\"https:\/\/www.suno.com.br\/tudo-sobre\/roberto-castello-branco\/\" target=\"_blank\" rel=\"noopener\" data-force=\"no\" data-priority=\"2\">Roberto Castello Branco<\/a>, e do <a class=\"suno-keyword\" href=\"https:\/\/www.suno.com.br\/acoes\/BBAS3\/\" target=\"_blank\" rel=\"noopener\" data-force=\"yes\" data-priority=\"2\">Banco do Brasil (BBAS3)<\/a>, Rubem Novaes, sobre uma suposta interfer\u00eancia do presidente <a href=\"https:\/\/www.suno.com.br\/noticias\/petrobras-petr4-cpi-bolsonaro\/\">Jair Bolsonaro (PL)<\/a> na petroleira.<\/p><div class=\"videoFull \">\n\t\t\t<div class=\"videoWrapper yt-lazyload center\"\n\t\t\t\tdata-width=\"960\"\n\t\t\t\tdata-height=\"540\"\n\t\t\t\tdata-id=\"jaYBPdNLkB0\"\n\t\t\t\tdata-alt=\"V\u00eddeo do YouTube - clique para reproduzir\"\n\t\t\t\tdata-logo=\"3\"\n\t\t\t\tdata-imagequality=\"maxres\">\n\t\t\t<\/div>\n\t\t<\/div><script type=\"application\/ld+json\">{\"@context\":\"https:\/\/schema.org\",\"@type\":\"VideoObject\",\"name\":\"Petrobras (PETR4): Bolsonaro critica pol\u00edtica de pre\u00e7os | NOT\u00cdCIA DO DIA\",\"description\":\"\ud83c\udf89 \ud835\udc12\ud835\udc28\ud835\udc26\ud835\udc28\ud835\udc2c \ud835\udfcf \ud835\udc0c\ud835\udc08\ud835\udc0b\ud835\udc07\u00c3\ud835\udc0e \ud835\udc1e \ud835\udc2a\ud835\udc2e\ud835\udc1e\ud835\udc2b\ud835\udc1e\ud835\udc26\ud835\udc28\ud835\udc2c \ud835\udc1c\ud835\udc28\ud835\udc26\ud835\udc1e\ud835\udc26\ud835\udc28\ud835\udc2b\ud835\udc1a\ud835\udc2b \ud835\udc1c\ud835\udc28\ud835\udc26 \ud835\udc15\ud835\udc0e\ud835\udc02\u00ca! \ud835\udc08\ud835\udc27\ud835\udc2c\ud835\udc1c\ud835\udc2b\ud835\udc1e\ud835\udc2f\ud835\udc1a-\ud835\udc2c\ud835\udc1e \ud835\udc1a\ud835\udc2a\ud835\udc2e\ud835\udc22 \ud835\udc1e \ud835\udc1c\ud835\udc28\ud835\udc27\ud835\udc1c\ud835\udc28\ud835\udc2b\ud835\udc2b\ud835\udc1a \ud835\udc1a \ud835\udc29\ud835\udc2b\u00ea\ud835\udc26\ud835\udc22\ud835\udc28\ud835\udc2c: https:\/\/lp.suno.com.br\/cl\/somos-1-milhao\/?utm_source=youtube.noticias&utm_medium=video&utm_campaign=RS.1MYT22.ns.20220307&utm_content #Petrobras #PETR4 #JairBolsonaro #Bolsonaro #PresidenteBolsonaro #Not\u00edciaDoDia O presidente Jair Bolsonaro voltou a criticar a pol\u00edtica de pre\u00e7os da Petrobras (PETR4). Insatisfeito com a forma como a empresa pratica os pre\u00e7os internacionais e repassa as altas para o consumidor, o\u2026\",\"duration\":\"PT4M58S\",\"embedUrl\":\"https:\/\/www.youtube.com\/embed\/jaYBPdNLkB0\",\"regionsAllowed\":\"pt-BR\",\"interactionStatistic\":{\"@type\":\"InteractionCounter\",\"interactionType\":{\"@type\":\"WatchAction\"},\"userInteractionCount\":1812},\"thumbnailUrl\":\"https:\/\/i.ytimg.com\/vi\/jaYBPdNLkB0\/default.jpg\",\"uploadDate\":\"2022-03-07T20:08:28Z\"}<\/script>\n\n\t<p>\n\t\t<a href=\"\" target=\"_blank\" data-element=\"shortcode-suno-banner\" title=\"Banner SUNO, clique e saiba mais\">\n\t\t\t<picture>\n\t\t\t\t<source media=\"(max-width: 500px)\" srcset=\"\">\n\t\t\t\t<img class=\"newsContent__article__imgCapa newsContent__article__imgCapa--banner\"\n\t\t\t\t\tsrc=\"\"\n\t\t\t\t\tdata-promo-id=\"254218\"\t\t\t\t\t\t\t\t\t\t\t\t\t\t\talt=\"\"\n\t\t\t\t>\n\t\t\t<\/picture>\n\t\t<\/a>\n\t<\/p>\n\n\n<p>Os pedidos de realiza\u00e7\u00e3o das oitivas se deram no \u00e2mbito de uma not\u00edcia-crime que o senador <a href=\"https:\/\/www.suno.com.br\/noticias\/pec-dos-combustiveis-retira-trecho-estado-de-emergencia\/\">Randolfe Rodrigues (Rede-AP)<\/a> enviou \u00e0 corte m\u00e1xima ap\u00f3s o <strong>ex-presidente da Petrobras<\/strong> afirmar, em um grupo de economistas no Whatsapp, que seu celular funcional teria mensagens que &#8216;incriminariam&#8217; o chefe do Executivo.<\/p>\n<p>O caso foi revelado pelo site &#8216;Metr\u00f3poles&#8217;.<\/p>\n<p>Randolfe alegou que a mensagem de <a href=\"https:\/\/www.suno.com.br\/noticias\/bolsonaro-acha-dono-petrobras-petr4-castello-branco\/\"><strong>Castello Branco<\/strong><\/a> sinaliza tentativa do presidente de &#8216;interferir na Petrobras em detrimento da boa tutela do interesse e do patrim\u00f4nio p\u00fablicos, com n\u00edtido prop\u00f3sito meramente eleitoral e desvirtuado da din\u00e2mica constitucional&#8217;.<\/p>\n<p>O parlamentar pediu a investiga\u00e7\u00e3o de poss\u00edveis <a href=\"https:\/\/www.suno.com.br\/noticias\/milton-ribeiro-preso-operacao-pf\/\">crimes de prevarica\u00e7\u00e3o<\/a>, corrup\u00e7\u00e3o passiva ou peculato, condescend\u00eancia criminosa e viola\u00e7\u00e3o de sigilo funcional.<\/p>\n\t<p>\n\t\t<a href=\"https:\/\/lp.suno.com.br\/planilha-controle-gastos\/\" target=\"_blank\" data-element=\"shortcode-suno-banner\" title=\"Banner SUNO, clique e saiba mais\">\n\t\t\t<picture>\n\t\t\t\t<source media=\"(max-width: 500px)\" srcset=\"https:\/\/files.sunoresearch.com.br\/n\/uploads\/2023\/03\/400x300-Planilha-controle-de-gastos.png\">\n\t\t\t\t<img class=\"newsContent__article__imgCapa newsContent__article__imgCapa--banner\"\n\t\t\t\t\tsrc=\"https:\/\/files.sunoresearch.com.br\/n\/uploads\/2023\/03\/1420x240-Planilha-controle-de-gastos.png\"\n\t\t\t\t\tdata-promo-id=\"101751\"\t\t\t\t\t\t\t\t\t\twidth='1420' height='240'\t\t\t\t\talt=\"https:\/\/files.sunoresearch.com.br\/n\/uploads\/2023\/03\/1420x240-Planilha-controle-de-gastos.png\"\n\t\t\t\t>\n\t\t\t<\/picture>\n\t\t<\/a>\n\t<\/p>\n\n\n<p>Ao analisar a not\u00edcia-crime, Lind\u00f4ra Ara\u00fajo entendeu que os elementos apresentados \u00e0 corte m\u00e1xima &#8216;at\u00e9 o presente momento n\u00e3o comportam convic\u00e7\u00e3o ministerial suficiente&#8217; para a instaura\u00e7\u00e3o da apura\u00e7\u00e3o solicitada pelo senador.<\/p>\n<p>Por outro lado, a <a href=\"https:\/\/www.suno.com.br\/noticias\/paulo-guedes-ministro-economia-explicacoes-stf-pgr-offshore\/\">vice-PGR<\/a> considerou que o di\u00e1logo n\u00e3o negado pelos ex-presidentes da Petrobras e do <a href=\"https:\/\/statusinvest.com.br\/acoes\/bbas3\">Banco do Brasil<\/a> suscita maiores esclarecimentos que podem nortear provid\u00eancias investigativas n\u00e3o a\u00e7odadas ou temer\u00e1rias&#8217;.<\/p>\n<p>&#8220;Destarte, para melhor compreender os fatos trazidos aos autos, faz-se necess\u00e1ria a presta\u00e7\u00e3o de informa\u00e7\u00f5es complementares a fim de formar um acervo minimamente seguro para o posicionamento do Minist\u00e9rio P\u00fablico a respeito da possibilidade de instaura\u00e7\u00e3o de uma investiga\u00e7\u00e3o criminal com alguma plausibilidade probat\u00f3ria e empiricamente justific\u00e1vel&#8221;, argumentou.<\/p>\n\t<p>\n\t\t<a href=\"https:\/\/lp.suno.com.br\/planilha-da-vida-financeira\/\" target=\"_blank\" data-element=\"shortcode-suno-banner\" title=\"Banner SUNO, clique e saiba mais\">\n\t\t\t<picture>\n\t\t\t\t<source media=\"(max-width: 500px)\" srcset=\"https:\/\/files.sunoresearch.com.br\/n\/uploads\/2023\/04\/400x300-Planilha-vida-financeira-true.png\">\n\t\t\t\t<img class=\"newsContent__article__imgCapa newsContent__article__imgCapa--banner\"\n\t\t\t\t\tsrc=\"https:\/\/files.sunoresearch.com.br\/n\/uploads\/2023\/04\/1420x240-Planilha-vida-financeira-true.png\"\n\t\t\t\t\tdata-promo-id=\"106682\"\t\t\t\t\t\t\t\t\t\twidth='1420' height='240'\t\t\t\t\talt=\"https:\/\/files.sunoresearch.com.br\/n\/uploads\/2023\/04\/1420x240-Planilha-vida-financeira-true.png\"\n\t\t\t\t>\n\t\t\t<\/picture>\n\t\t<\/a>\n\t<\/p>\n\n\n<h2>PGR quer ler mensagens de ex-presidente da Petrobras<\/h2>\n<p>Para o <strong>ex-presidente do Banco do Brasil<\/strong>, a vice-procuradora-geral da Rep\u00fablica quer esclarecimentos sobre o hist\u00f3rico de contato com o ex-dirigente da Petrobras e a natureza da conversa travada, al\u00e9m de questionar se Rubem Novaes &#8216;consegue detalhar as aludidas mensagens e os supostos fatos e tipos delitivos aos quais Roberto Castello Branco teria se reportado&#8217;.<\/p>\n<p>J\u00e1 para o ex-presidente da <strong>Petrobras<\/strong>, Lind\u00f4ra quer perguntar quais mensagens e \u00e1udios de seu celular corporativo poderiam &#8216;incriminar&#8217; Bolsonaro. A vice-PGR quer saber o teor, datas circunst\u00e2ncias e contextos dos di\u00e1logos, al\u00e9m de questionar Castello Branco sobre o motivo de n\u00e3o ter apresentado as conversas \u00e0s autoridades competentes &#8216;quando da primeira oportunidade poss\u00edvel&#8217;.<\/p>\n<p class=\"newsProviderSignature\">Com Estad\u00e3o Conte\u00fado<\/p>\n\t<p>\n\t\t<a href=\"https:\/\/lp.suno.com.br\/ebook-como-analisar-uma-acao\/\" target=\"_blank\" data-element=\"shortcode-suno-banner\" title=\"Banner SUNO, clique e saiba mais\">\n\t\t\t<picture>\n\t\t\t\t<source media=\"(max-width: 500px)\" srcset=\"https:\/\/files.sunoresearch.com.br\/n\/uploads\/2023\/03\/Ebook-Acoes-Mobile-1.jpg\">\n\t\t\t\t<img class=\"newsContent__article__imgCapa newsContent__article__imgCapa--banner\"\n\t\t\t\t\tsrc=\"https:\/\/files.sunoresearch.com.br\/n\/uploads\/2023\/03\/Ebook-Acoes-Desktop-1.jpg\"\n\t\t\t\t\tdata-promo-id=\"171998\"\t\t\t\t\t\t\t\t\t\twidth='1420' height='286'\t\t\t\t\talt=\"https:\/\/files.sunoresearch.com.br\/n\/uploads\/2023\/03\/Ebook-Acoes-Desktop-1.jpg\"\n\t\t\t\t>\n\t\t\t<\/picture>\n\t\t<\/a>\n\t<\/p>\n\n\n","protected":false},"excerpt":{"rendered":"<p>A vice-procuradora-geral da Rep\u00fablica Lind\u00f4ra Maria Ara\u00fajo fez uma requisi\u00e7\u00e3o ao Supremo Tribunal Federal (STF) para que sejam colhidos os depoimentos dos ex-presidentes da Petrobras (PETR4), Roberto Castello Branco, e do Banco do Brasil (BBAS3), Rubem Novaes, sobre uma suposta interfer\u00eancia do presidente Jair Bolsonaro (PL) na petroleira. Os pedidos de realiza\u00e7\u00e3o das oitivas se [&hellip;]<\/p>\n","protected":false},"author":73,"featured_media":130419,"comment_status":"closed","ping_status":"closed","sticky":false,"template":"","format":"standard","meta":[],"categories":[61],"tags":[106444,732,719,595,946],"suno_strategy":[],"class_list":["post-273514","post","type-post","status-publish","format-standard","has-post-thumbnail","hentry","category-politica","tag-agencias","tag-banco-do-brasil-bbas3","tag-jair-bolsonaro","tag-petrobras-petr4","tag-roberto-castello-branco"],"yoast_head":"<!-- This site is optimized with the Yoast SEO plugin v24.4 - https:\/\/yoast.com\/wordpress\/plugins\/seo\/ -->\n<title>Petrobras (PETR4): PGR quer &#039;ler mensagens&#039; de ex-presidente sobre Bolsonaro<\/title>\n<meta name=\"description\" content=\"A vice-PGR requeriu depoimentos dos ex-presidentes da Petrobras e do BB sobre suposta interfer\u00eancia de Bolsonaro. Clique e confira!\" \/>\n<meta name=\"robots\" content=\"index, follow, max-snippet:-1, max-image-preview:large, max-video-preview:-1\" \/>\n<link rel=\"canonical\" href=\"https:\/\/www.suno.com.br\/noticias\/pgr-petrobras-bolsonaro-petr4-bb-bbas3\/\" \/>\n<meta property=\"og:locale\" content=\"pt_BR\" \/>\n<meta property=\"og:type\" content=\"article\" \/>\n<meta property=\"og:title\" content=\"Petrobras (PETR4): PGR quer &#039;ler mensagens&#039; de ex-presidente sobre Bolsonaro\" \/>\n<meta property=\"og:description\" content=\"A vice-PGR requeriu depoimentos dos ex-presidentes da Petrobras e do BB sobre suposta interfer\u00eancia de Bolsonaro. Clique e confira!\" \/>\n<meta property=\"og:url\" content=\"https:\/\/www.suno.com.br\/noticias\/pgr-petrobras-bolsonaro-petr4-bb-bbas3\/\" \/>\n<meta property=\"og:site_name\" content=\"Suno Not\u00edcias\" \/>\n<meta property=\"article:publisher\" content=\"https:\/\/facebook.com\/sunoresearch\" \/>\n<meta property=\"og:image\" content=\"https:\/\/files.sunoresearch.com.br\/n\/uploads\/2021\/03\/649ed187-petrobras-presidente_-roberto-castello-branco5.jpg\" \/>\n\t<meta property=\"og:image:width\" content=\"1200\" \/>\n\t<meta property=\"og:image:height\" content=\"800\" \/>\n\t<meta property=\"og:image:type\" content=\"image\/jpeg\" \/>\n<meta name=\"author\" content=\"Eduardo Vargas\" \/>\n<meta name=\"twitter:card\" content=\"summary_large_image\" \/>\n<meta name=\"twitter:creator\" content=\"@sunoresearch\" \/>\n<meta name=\"twitter:site\" content=\"@sunoresearch\" \/>\n<meta name=\"twitter:label1\" content=\"Escrito por\" \/>\n\t<meta name=\"twitter:data1\" content=\"Eduardo Vargas\" \/>\n\t<meta name=\"twitter:label2\" content=\"Est. tempo de leitura\" \/>\n\t<meta name=\"twitter:data2\" content=\"3 minutos\" \/>\n<script type=\"application\/ld+json\" class=\"yoast-schema-graph\">{\"@context\":\"https:\/\/schema.org\",\"@graph\":[{\"@type\":\"NewsArticle\",\"@id\":\"https:\/\/www.suno.com.br\/noticias\/pgr-petrobras-bolsonaro-petr4-bb-bbas3\/#article\",\"isPartOf\":{\"@id\":\"https:\/\/www.suno.com.br\/noticias\/pgr-petrobras-bolsonaro-petr4-bb-bbas3\/\"},\"author\":{\"name\":\"Eduardo Vargas\",\"@id\":\"https:\/\/www.suno.com.br\/noticias\/#\/schema\/person\/7f4d362bf3518e76090143ae77bb49a5\"},\"headline\":\"PGR ouvir\u00e1 presidentes da Petrobras (PETR4) e do BB (BBAS3) sobre supostas interven\u00e7\u00f5es de Bolsonaro\",\"datePublished\":\"2022-07-05T12:57:30+00:00\",\"mainEntityOfPage\":{\"@id\":\"https:\/\/www.suno.com.br\/noticias\/pgr-petrobras-bolsonaro-petr4-bb-bbas3\/\"},\"wordCount\":473,\"publisher\":{\"@id\":\"https:\/\/www.suno.com.br\/noticias\/#organization\"},\"image\":{\"@id\":\"https:\/\/www.suno.com.br\/noticias\/pgr-petrobras-bolsonaro-petr4-bb-bbas3\/#primaryimage\"},\"thumbnailUrl\":\"https:\/\/files.sunoresearch.com.br\/n\/uploads\/2021\/03\/649ed187-petrobras-presidente_-roberto-castello-branco5-jpg.webp\",\"keywords\":[\"Ag\u00eancias\",\"Banco do Brasil (BBAS3)\",\"Jair Bolsonaro\",\"Petrobras (PETR4)\",\"Roberto Castello Branco\"],\"articleSection\":[\"Pol\u00edtica\"],\"inLanguage\":\"pt-BR\"},{\"@type\":\"WebPage\",\"@id\":\"https:\/\/www.suno.com.br\/noticias\/pgr-petrobras-bolsonaro-petr4-bb-bbas3\/\",\"url\":\"https:\/\/www.suno.com.br\/noticias\/pgr-petrobras-bolsonaro-petr4-bb-bbas3\/\",\"name\":\"Petrobras (PETR4): PGR quer 'ler mensagens' de ex-presidente sobre Bolsonaro\",\"isPartOf\":{\"@id\":\"https:\/\/www.suno.com.br\/noticias\/#website\"},\"primaryImageOfPage\":{\"@id\":\"https:\/\/www.suno.com.br\/noticias\/pgr-petrobras-bolsonaro-petr4-bb-bbas3\/#primaryimage\"},\"image\":{\"@id\":\"https:\/\/www.suno.com.br\/noticias\/pgr-petrobras-bolsonaro-petr4-bb-bbas3\/#primaryimage\"},\"thumbnailUrl\":\"https:\/\/files.sunoresearch.com.br\/n\/uploads\/2021\/03\/649ed187-petrobras-presidente_-roberto-castello-branco5-jpg.webp\",\"datePublished\":\"2022-07-05T12:57:30+00:00\",\"description\":\"A vice-PGR requeriu depoimentos dos ex-presidentes da Petrobras e do BB sobre suposta interfer\u00eancia de Bolsonaro. Clique e confira!\",\"breadcrumb\":{\"@id\":\"https:\/\/www.suno.com.br\/noticias\/pgr-petrobras-bolsonaro-petr4-bb-bbas3\/#breadcrumb\"},\"inLanguage\":\"pt-BR\",\"potentialAction\":[{\"@type\":\"ReadAction\",\"target\":[\"https:\/\/www.suno.com.br\/noticias\/pgr-petrobras-bolsonaro-petr4-bb-bbas3\/\"]}]},{\"@type\":\"ImageObject\",\"inLanguage\":\"pt-BR\",\"@id\":\"https:\/\/www.suno.com.br\/noticias\/pgr-petrobras-bolsonaro-petr4-bb-bbas3\/#primaryimage\",\"url\":\"https:\/\/files.sunoresearch.com.br\/n\/uploads\/2021\/03\/649ed187-petrobras-presidente_-roberto-castello-branco5-jpg.webp\",\"contentUrl\":\"https:\/\/files.sunoresearch.com.br\/n\/uploads\/2021\/03\/649ed187-petrobras-presidente_-roberto-castello-branco5-jpg.webp\",\"width\":1200,\"height\":800,\"caption\":\"Roberto Castello Branco, ex-presidente da Petrobras - Foto: Divulga\u00e7\u00e3o\"},{\"@type\":\"BreadcrumbList\",\"@id\":\"https:\/\/www.suno.com.br\/noticias\/pgr-petrobras-bolsonaro-petr4-bb-bbas3\/#breadcrumb\",\"itemListElement\":[{\"@type\":\"ListItem\",\"position\":1,\"name\":\"Not\u00edcias\",\"item\":\"https:\/\/www.suno.com.br\/noticias\/\"},{\"@type\":\"ListItem\",\"position\":2,\"name\":\"Pol\u00edtica\",\"item\":\"https:\/\/www.suno.com.br\/noticias\/politica\/\"},{\"@type\":\"ListItem\",\"position\":3,\"name\":\"PGR ouvir\u00e1 presidentes da Petrobras (PETR4) e do BB (BBAS3) sobre supostas interven\u00e7\u00f5es de Bolsonaro\"}]},{\"@type\":\"WebSite\",\"@id\":\"https:\/\/www.suno.com.br\/noticias\/#website\",\"url\":\"https:\/\/www.suno.com.br\/noticias\/\",\"name\":\"Suno Not\u00edcias\",\"description\":\"Seu portal de informa\u00e7\u00e3o sobre o mundo dos investimentos\",\"publisher\":{\"@id\":\"https:\/\/www.suno.com.br\/noticias\/#organization\"},\"potentialAction\":[{\"@type\":\"SearchAction\",\"target\":{\"@type\":\"EntryPoint\",\"urlTemplate\":\"https:\/\/www.suno.com.br\/noticias\/?s={search_term_string}\"},\"query-input\":{\"@type\":\"PropertyValueSpecification\",\"valueRequired\":true,\"valueName\":\"search_term_string\"}}],\"inLanguage\":\"pt-BR\"},{\"@type\":\"Organization\",\"@id\":\"https:\/\/www.suno.com.br\/noticias\/#organization\",\"name\":\"Suno Not\u00edcias\",\"url\":\"https:\/\/www.suno.com.br\/noticias\/\",\"logo\":{\"@type\":\"ImageObject\",\"inLanguage\":\"pt-BR\",\"@id\":\"https:\/\/www.suno.com.br\/noticias\/#\/schema\/logo\/image\/\",\"url\":\"https:\/\/files.sunoresearch.com.br\/n\/uploads\/2021\/09\/suno-logo.png\",\"contentUrl\":\"https:\/\/files.sunoresearch.com.br\/n\/uploads\/2021\/09\/suno-logo.png\",\"width\":180,\"height\":180,\"caption\":\"Suno Not\u00edcias\"},\"image\":{\"@id\":\"https:\/\/www.suno.com.br\/noticias\/#\/schema\/logo\/image\/\"},\"sameAs\":[\"https:\/\/facebook.com\/sunoresearch\",\"https:\/\/x.com\/sunoresearch\",\"https:\/\/www.instagram.com\/suno\",\"https:\/\/www.linkedin.com\/company\/suno-research\/\",\"https:\/\/www.youtube.com\/c\/sunoresearch\"]},{\"@type\":\"Person\",\"@id\":\"https:\/\/www.suno.com.br\/noticias\/#\/schema\/person\/7f4d362bf3518e76090143ae77bb49a5\",\"name\":\"Eduardo Vargas\",\"image\":{\"@type\":\"ImageObject\",\"inLanguage\":\"pt-BR\",\"@id\":\"https:\/\/www.suno.com.br\/noticias\/#\/schema\/person\/image\/\",\"url\":\"https:\/\/secure.gravatar.com\/avatar\/dac340933427a22924c9f99d1eb2e3f2?s=96&r=g\",\"contentUrl\":\"https:\/\/secure.gravatar.com\/avatar\/dac340933427a22924c9f99d1eb2e3f2?s=96&r=g\",\"caption\":\"Eduardo Vargas\"},\"description\":\"Jornalista formado pela UFSC, cobre macroeconomia, neg\u00f3cios e startups para o Suno Not\u00edcias, escrevendo principalmente not\u00edcias sobre o mercado financeiro e a bolsa de valores. No YouTube e no Instagram, \u00e9 respons\u00e1vel pela produ\u00e7\u00e3o de Reels e Shorts do Suno Not\u00edcias. Anteriormente, trabalhou cobrindo economia e cotidiano no ND+ e para o ND, maior jornal impresso de Santa Catarina. Cursou um semestre letivo de Estudos de M\u00eddia na Universidad de Buenos Aires.\",\"url\":\"https:\/\/www.suno.com.br\/noticias\/author\/eduardo-vargas\/\"}]}<\/script>\n<!-- \/ Yoast SEO plugin. -->","yoast_head_json":{"title":"Petrobras (PETR4): PGR quer 'ler mensagens' de ex-presidente sobre Bolsonaro","description":"A vice-PGR requeriu depoimentos dos ex-presidentes da Petrobras e do BB sobre suposta interfer\u00eancia de Bolsonaro. Clique e confira!","robots":{"index":"index","follow":"follow","max-snippet":"max-snippet:-1","max-image-preview":"max-image-preview:large","max-video-preview":"max-video-preview:-1"},"canonical":"https:\/\/www.suno.com.br\/noticias\/pgr-petrobras-bolsonaro-petr4-bb-bbas3\/","og_locale":"pt_BR","og_type":"article","og_title":"Petrobras (PETR4): PGR quer 'ler mensagens' de ex-presidente sobre Bolsonaro","og_description":"A vice-PGR requeriu depoimentos dos ex-presidentes da Petrobras e do BB sobre suposta interfer\u00eancia de Bolsonaro. Clique e confira!","og_url":"https:\/\/www.suno.com.br\/noticias\/pgr-petrobras-bolsonaro-petr4-bb-bbas3\/","og_site_name":"Suno Not\u00edcias","article_publisher":"https:\/\/facebook.com\/sunoresearch","og_image":[{"width":1200,"height":800,"url":"https:\/\/files.sunoresearch.com.br\/n\/uploads\/2021\/03\/649ed187-petrobras-presidente_-roberto-castello-branco5.jpg","type":"image\/jpeg"}],"author":"Eduardo Vargas","twitter_card":"summary_large_image","twitter_creator":"@sunoresearch","twitter_site":"@sunoresearch","twitter_misc":{"Escrito por":"Eduardo Vargas","Est. tempo de leitura":"3 minutos"},"schema":{"@context":"https:\/\/schema.org","@graph":[{"@type":"NewsArticle","@id":"https:\/\/www.suno.com.br\/noticias\/pgr-petrobras-bolsonaro-petr4-bb-bbas3\/#article","isPartOf":{"@id":"https:\/\/www.suno.com.br\/noticias\/pgr-petrobras-bolsonaro-petr4-bb-bbas3\/"},"author":{"name":"Eduardo Vargas","@id":"https:\/\/www.suno.com.br\/noticias\/#\/schema\/person\/7f4d362bf3518e76090143ae77bb49a5"},"headline":"PGR ouvir\u00e1 presidentes da Petrobras (PETR4) e do BB (BBAS3) sobre supostas interven\u00e7\u00f5es de Bolsonaro","datePublished":"2022-07-05T12:57:30+00:00","mainEntityOfPage":{"@id":"https:\/\/www.suno.com.br\/noticias\/pgr-petrobras-bolsonaro-petr4-bb-bbas3\/"},"wordCount":473,"publisher":{"@id":"https:\/\/www.suno.com.br\/noticias\/#organization"},"image":{"@id":"https:\/\/www.suno.com.br\/noticias\/pgr-petrobras-bolsonaro-petr4-bb-bbas3\/#primaryimage"},"thumbnailUrl":"https:\/\/files.sunoresearch.com.br\/n\/uploads\/2021\/03\/649ed187-petrobras-presidente_-roberto-castello-branco5-jpg.webp","keywords":["Ag\u00eancias","Banco do Brasil (BBAS3)","Jair Bolsonaro","Petrobras (PETR4)","Roberto Castello Branco"],"articleSection":["Pol\u00edtica"],"inLanguage":"pt-BR"},{"@type":"WebPage","@id":"https:\/\/www.suno.com.br\/noticias\/pgr-petrobras-bolsonaro-petr4-bb-bbas3\/","url":"https:\/\/www.suno.com.br\/noticias\/pgr-petrobras-bolsonaro-petr4-bb-bbas3\/","name":"Petrobras (PETR4): PGR quer 'ler mensagens' de ex-presidente sobre Bolsonaro","isPartOf":{"@id":"https:\/\/www.suno.com.br\/noticias\/#website"},"primaryImageOfPage":{"@id":"https:\/\/www.suno.com.br\/noticias\/pgr-petrobras-bolsonaro-petr4-bb-bbas3\/#primaryimage"},"image":{"@id":"https:\/\/www.suno.com.br\/noticias\/pgr-petrobras-bolsonaro-petr4-bb-bbas3\/#primaryimage"},"thumbnailUrl":"https:\/\/files.sunoresearch.com.br\/n\/uploads\/2021\/03\/649ed187-petrobras-presidente_-roberto-castello-branco5-jpg.webp","datePublished":"2022-07-05T12:57:30+00:00","description":"A vice-PGR requeriu depoimentos dos ex-presidentes da Petrobras e do BB sobre suposta interfer\u00eancia de Bolsonaro. Clique e confira!","breadcrumb":{"@id":"https:\/\/www.suno.com.br\/noticias\/pgr-petrobras-bolsonaro-petr4-bb-bbas3\/#breadcrumb"},"inLanguage":"pt-BR","potentialAction":[{"@type":"ReadAction","target":["https:\/\/www.suno.com.br\/noticias\/pgr-petrobras-bolsonaro-petr4-bb-bbas3\/"]}]},{"@type":"ImageObject","inLanguage":"pt-BR","@id":"https:\/\/www.suno.com.br\/noticias\/pgr-petrobras-bolsonaro-petr4-bb-bbas3\/#primaryimage","url":"https:\/\/files.sunoresearch.com.br\/n\/uploads\/2021\/03\/649ed187-petrobras-presidente_-roberto-castello-branco5-jpg.webp","contentUrl":"https:\/\/files.sunoresearch.com.br\/n\/uploads\/2021\/03\/649ed187-petrobras-presidente_-roberto-castello-branco5-jpg.webp","width":1200,"height":800,"caption":"Roberto Castello Branco, ex-presidente da Petrobras - Foto: Divulga\u00e7\u00e3o"},{"@type":"BreadcrumbList","@id":"https:\/\/www.suno.com.br\/noticias\/pgr-petrobras-bolsonaro-petr4-bb-bbas3\/#breadcrumb","itemListElement":[{"@type":"ListItem","position":1,"name":"Not\u00edcias","item":"https:\/\/www.suno.com.br\/noticias\/"},{"@type":"ListItem","position":2,"name":"Pol\u00edtica","item":"https:\/\/www.suno.com.br\/noticias\/politica\/"},{"@type":"ListItem","position":3,"name":"PGR ouvir\u00e1 presidentes da Petrobras (PETR4) e do BB (BBAS3) sobre supostas interven\u00e7\u00f5es de Bolsonaro"}]},{"@type":"WebSite","@id":"https:\/\/www.suno.com.br\/noticias\/#website","url":"https:\/\/www.suno.com.br\/noticias\/","name":"Suno Not\u00edcias","description":"Seu portal de informa\u00e7\u00e3o sobre o mundo dos investimentos","publisher":{"@id":"https:\/\/www.suno.com.br\/noticias\/#organization"},"potentialAction":[{"@type":"SearchAction","target":{"@type":"EntryPoint","urlTemplate":"https:\/\/www.suno.com.br\/noticias\/?s={search_term_string}"},"query-input":{"@type":"PropertyValueSpecification","valueRequired":true,"valueName":"search_term_string"}}],"inLanguage":"pt-BR"},{"@type":"Organization","@id":"https:\/\/www.suno.com.br\/noticias\/#organization","name":"Suno Not\u00edcias","url":"https:\/\/www.suno.com.br\/noticias\/","logo":{"@type":"ImageObject","inLanguage":"pt-BR","@id":"https:\/\/www.suno.com.br\/noticias\/#\/schema\/logo\/image\/","url":"https:\/\/files.sunoresearch.com.br\/n\/uploads\/2021\/09\/suno-logo.png","contentUrl":"https:\/\/files.sunoresearch.com.br\/n\/uploads\/2021\/09\/suno-logo.png","width":180,"height":180,"caption":"Suno Not\u00edcias"},"image":{"@id":"https:\/\/www.suno.com.br\/noticias\/#\/schema\/logo\/image\/"},"sameAs":["https:\/\/facebook.com\/sunoresearch","https:\/\/x.com\/sunoresearch","https:\/\/www.instagram.com\/suno","https:\/\/www.linkedin.com\/company\/suno-research\/","https:\/\/www.youtube.com\/c\/sunoresearch"]},{"@type":"Person","@id":"https:\/\/www.suno.com.br\/noticias\/#\/schema\/person\/7f4d362bf3518e76090143ae77bb49a5","name":"Eduardo Vargas","image":{"@type":"ImageObject","inLanguage":"pt-BR","@id":"https:\/\/www.suno.com.br\/noticias\/#\/schema\/person\/image\/","url":"https:\/\/secure.gravatar.com\/avatar\/dac340933427a22924c9f99d1eb2e3f2?s=96&r=g","contentUrl":"https:\/\/secure.gravatar.com\/avatar\/dac340933427a22924c9f99d1eb2e3f2?s=96&r=g","caption":"Eduardo Vargas"},"description":"Jornalista formado pela UFSC, cobre macroeconomia, neg\u00f3cios e startups para o Suno Not\u00edcias, escrevendo principalmente not\u00edcias sobre o mercado financeiro e a bolsa de valores. No YouTube e no Instagram, \u00e9 respons\u00e1vel pela produ\u00e7\u00e3o de Reels e Shorts do Suno Not\u00edcias. Anteriormente, trabalhou cobrindo economia e cotidiano no ND+ e para o ND, maior jornal impresso de Santa Catarina. Cursou um semestre letivo de Estudos de M\u00eddia na Universidad de Buenos Aires.","url":"https:\/\/www.suno.com.br\/noticias\/author\/eduardo-vargas\/"}]}},"default_loop_html":"<div class=\"cardsPage__listCard__boxs\"><div class=\"cardsPage__listCard__boxs__img\"><a href=\"https:\/\/www.suno.com.br\/noticias\/pgr-petrobras-bolsonaro-petr4-bb-bbas3\/\"><img class=\"mask\" src=\"https:\/\/www.suno.com.br\/noticias\/wp-content\/themes\/suno\/resources\/images\/spotlight\/spotlight1img\/bg-mask.png\" alt=\"Image Mask\"\/><img src=\"https:\/\/files.sunoresearch.com.br\/n\/uploads\/2021\/03\/649ed187-petrobras-presidente_-roberto-castello-branco5-400x200.webp\" alt=\"PGR ouvir\u00e1 presidentes da Petrobras (PETR4) e do BB (BBAS3) sobre supostas interven\u00e7\u00f5es de Bolsonaro\"\/><\/a><span class=\"spotlightCategory\"><a href=\"https:\/\/www.suno.com.br\/noticias\/politica\/\">Pol\u00edtica<\/a><\/span><\/div><div class=\"cardsPage__listCard__boxs__content\"><a href=\"https:\/\/www.suno.com.br\/noticias\/pgr-petrobras-bolsonaro-petr4-bb-bbas3\/\"><h2 class=\"content__title\">PGR ouvir\u00e1 presidentes da Petrobras (PETR4) e do BB (BBAS3) sobre supostas interven\u00e7\u00f5es de Bolsonaro<\/h2><\/a><div class=\"newsContent__article__meta\"><div class=\"newsContent__article__meta__authorBox\"><a href=\"https:\/\/www.suno.com.br\/noticias\/author\/eduardo-vargas\/\" class=\"authorBox__avatar noMobi\"><img src=\"https:\/\/secure.gravatar.com\/avatar\/dac340933427a22924c9f99d1eb2e3f2?s=96&#038;r=g\" alt=\"Eduardo Vargas\"><\/a><div class=\"authorBox__name\"><span>por\n\t\t\t<a href=\"https:\/\/www.suno.com.br\/noticias\/author\/eduardo-vargas\/\"><span itemprop=\"author\">Eduardo Vargas<\/span><\/a><\/span><time datetime=\"2022-07-05T09:57:30-03:00\" itemprop=\"datePublished\">05\/07\/2022 09:57<\/time><\/div><\/div><\/div><\/div><\/div>","single_layout":"posts","amp_enabled":true,"_links":{"self":[{"href":"https:\/\/www.suno.com.br\/noticias\/wp-json\/wp\/v2\/posts\/273514"}],"collection":[{"href":"https:\/\/www.suno.com.br\/noticias\/wp-json\/wp\/v2\/posts"}],"about":[{"href":"https:\/\/www.suno.com.br\/noticias\/wp-json\/wp\/v2\/types\/post"}],"author":[{"embeddable":true,"href":"https:\/\/www.suno.com.br\/noticias\/wp-json\/wp\/v2\/users\/73"}],"replies":[{"embeddable":true,"href":"https:\/\/www.suno.com.br\/noticias\/wp-json\/wp\/v2\/comments?post=273514"}],"version-history":[{"count":2,"href":"https:\/\/www.suno.com.br\/noticias\/wp-json\/wp\/v2\/posts\/273514\/revisions"}],"predecessor-version":[{"id":273555,"href":"https:\/\/www.suno.com.br\/noticias\/wp-json\/wp\/v2\/posts\/273514\/revisions\/273555"}],"wp:featuredmedia":[{"embeddable":true,"href":"https:\/\/www.suno.com.br\/noticias\/wp-json\/wp\/v2\/media\/130419"}],"wp:attachment":[{"href":"https:\/\/www.suno.com.br\/noticias\/wp-json\/wp\/v2\/media?parent=273514"}],"wp:term":[{"taxonomy":"category","embeddable":true,"href":"https:\/\/www.suno.com.br\/noticias\/wp-json\/wp\/v2\/categories?post=273514"},{"taxonomy":"post_tag","embeddable":true,"href":"https:\/\/www.suno.com.br\/noticias\/wp-json\/wp\/v2\/tags?post=273514"},{"taxonomy":"suno_strategy","embeddable":true,"href":"https:\/\/www.suno.com.br\/noticias\/wp-json\/wp\/v2\/suno_strategy?post=273514"}],"curies":[{"name":"wp","href":"https:\/\/api.w.org\/{rel}","templated":true}]}}