{"id":273281,"date":"2022-07-03T11:18:13","date_gmt":"2022-07-03T14:18:13","guid":{"rendered":"https:\/\/www.suno.com.br\/noticias\/?p=273281"},"modified":"2022-07-03T15:26:05","modified_gmt":"2022-07-03T18:26:05","slug":"martin-guzman-ministro-economia-argentina-renuncia-cristina-kirchber","status":"publish","type":"post","link":"https:\/\/www.suno.com.br\/noticias\/martin-guzman-ministro-economia-argentina-renuncia-cristina-kirchber\/","title":{"rendered":"Argentina: ministro da Economia renuncia ap\u00f3s desgaste com Cristina Kirchner"},"content":{"rendered":"<p>O ministro da Economia da Argentina, Mart\u00edn Guzm\u00e1n, renunciou ao cargo neste s\u00e1bado, 2, em meio \u00e0 crise pol\u00edtica que contrap\u00f4s o presidente do pa\u00eds, Alberto Fern\u00e1ndez, e o grupo liderado pela vice-presidente Cristina Kirchner. O governo ainda n\u00e3o anunciou um novo nome para comandar a pasta.<\/p>\t<div class=\"wrapper-featured-image\">\n\t\t<figure class=\"spotlightImg\">\n\n\t\t\t<picture>\n\t\t\t\t<source media=\"(max-width: 768px)\" srcset=\"https:\/\/files.sunoresearch.com.br\/n\/uploads\/2020\/03\/b4ddde6c-guzman-400x200.webp\">\n\t\t\t\t<img loading=\"lazy\" decoding=\"async\" class=\"newsContent__article__imgCapa lazyloadDisabled \" src=\"https:\/\/files.sunoresearch.com.br\/n\/uploads\/2020\/03\/b4ddde6c-guzman-800x450.webp\" width=\"800\" height=\"450\" alt=\"Argentina: ministro da Economia renuncia ap\u00f3s desgaste com Cristina Kirchner\" fetchpriority=high \/>\n\t\t\t<\/picture>\n\n\t\t\t<figcaption class=\"wp-caption-text wp-caption-text--show\">Mart\u00edn Guzm\u00e1n renunciou ao cargo de ministro da Economia da Argentina<\/figcaption>\n\t\t<\/figure>\n\t<\/div>\n\n\n<p>Ap\u00f3s Guzm\u00e1n anunciar ren\u00fancia ao cargo, o secret\u00e1rio de Fazenda do governo, Ra\u00fal Enrique Rigo, tamb\u00e9m informou que deixar\u00e1 a equipe econ\u00f4mica. N\u00famero 2 da pasta desde 2019, Rigo defendia a pol\u00edtica capitaneada pelo chefe e criticada pela vice-presidente Cristina Kirchner.<\/p>\n\t<p>\n\t\t<a href=\"\" target=\"_blank\" data-element=\"shortcode-suno-banner\" title=\"Banner SUNO, clique e saiba mais\">\n\t\t\t<picture>\n\t\t\t\t<source media=\"(max-width: 500px)\" srcset=\"\">\n\t\t\t\t<img class=\"newsContent__article__imgCapa newsContent__article__imgCapa--banner\"\n\t\t\t\t\tsrc=\"\"\n\t\t\t\t\tdata-promo-id=\"240038\"\t\t\t\t\t\t\t\t\t\t\t\t\t\t\talt=\"\"\n\t\t\t\t>\n\t\t\t<\/picture>\n\t\t<\/a>\n\t<\/p>\n\n\n<p>Em mais de duas d\u00e9cadas de carreira, Rigo teve passagens por diversas \u00e1reas do servi\u00e7o p\u00fablico e atuou como Subsecret\u00e1rio do Or\u00e7amento Nacional entre 2002 e 2017. O economista tamb\u00e9m foi assessor presidencial em diferentes governos.<\/p>\n<p><b>Carta<\/b><\/p>\n<p>Em carta endere\u00e7ada a Fern\u00e1ndez publicada no Twitter, Mart\u00edn Guzm\u00e1n n\u00e3o especificou os motivos que levaram \u00e0 decis\u00e3o, mas defendeu a pol\u00edtica econ\u00f4mica adotada desde que tomou posse, em 2019. Em particular, o economista de 39 anos enfatizou os desafios na reestrutura\u00e7\u00e3o da d\u00edvida externa, que vinha sendo duramente criticada por Kirchner.<\/p>\n<p>&#8220;Jogamos muito duro, com a\u00e7\u00f5es concretas, a grande maioria invis\u00edveis ao p\u00fablico devido \u00e0s caracter\u00edsticas do problema a ser resolvido, e n\u00e3o com ret\u00f3rica inconsequente&#8221;, escreveu.<\/p>\n<p>Guzm\u00e1n buscou apresentar uma retrospectiva da sua gest\u00e3o \u00e0 frente do minist\u00e9rio, a come\u00e7ar pela recess\u00e3o deflagrada pela pandemia de coronav\u00edrus. Segundo ele, as autoridades argentinas trabalharam para mitigar o &#8220;golpe tremendo&#8221; causado pela covid-19. &#8220;Quando mais necessitava do Estado para conseguir proteger o tecido social e produtivo da na\u00e7\u00e3o, nos encontramos com um Estado profundamente debilitado&#8221;, pontuou.<\/p>\n\t<p>\n\t\t<a href=\"https:\/\/lp.suno.com.br\/planilha-controle-gastos\/\" target=\"_blank\" data-element=\"shortcode-suno-banner\" title=\"Banner SUNO, clique e saiba mais\">\n\t\t\t<picture>\n\t\t\t\t<source media=\"(max-width: 500px)\" srcset=\"https:\/\/files.sunoresearch.com.br\/n\/uploads\/2023\/03\/400x300-Planilha-controle-de-gastos.png\">\n\t\t\t\t<img class=\"newsContent__article__imgCapa newsContent__article__imgCapa--banner\"\n\t\t\t\t\tsrc=\"https:\/\/files.sunoresearch.com.br\/n\/uploads\/2023\/03\/1420x240-Planilha-controle-de-gastos.png\"\n\t\t\t\t\tdata-promo-id=\"101751\"\t\t\t\t\t\t\t\t\t\twidth='1420' height='240'\t\t\t\t\talt=\"https:\/\/files.sunoresearch.com.br\/n\/uploads\/2023\/03\/1420x240-Planilha-controle-de-gastos.png\"\n\t\t\t\t>\n\t\t\t<\/picture>\n\t\t<\/a>\n\t<\/p>\n\n\n<p>O foco da carta, no entanto, se concentrou na quest\u00e3o do endividamento. Em 2020, Buenos Aires fechou um acordo para reestruturar US$ 65 bilh\u00f5es em d\u00edvida soberana com tr\u00eas grupos de credores estrangeiros. Em seguida, o governo voltou o foco para o passivo com o Fundo Monet\u00e1rio Internacional (FMI), emitido durante a gest\u00e3o do ex-presidente Mauricio Macri, que enfrentou uma crise de forte desvaloriza\u00e7\u00e3o do peso argentino.<\/p>\n<p>Em mar\u00e7o deste ano, o pa\u00eds latino-americano acertou um acordo para pagar cerca de US$ 44 bilh\u00f5es ao FMI entre 2026 e 2034. Como contrapartida, a gest\u00e3o de Guzm\u00e1n se comprometeu a reduzir o d\u00e9ficit fiscal 3% do Produto Interno Bruto (PIB) em 2021 para 0,9% em 2024.<\/p>\n<p>O pacto, entretanto, dividiu o governo de Fern\u00e1ndez. A vice-presidente Kirchner fez diversas cr\u00edticas p\u00fablicas \u00e0s promessas de redu\u00e7\u00e3o dos gastos p\u00fablicos. A ex-presidente tamb\u00e9m demonstrou insatisfa\u00e7\u00e3o com a pol\u00edtica energ\u00e9tica e a diminui\u00e7\u00e3o dos subs\u00eddios a combust\u00edveis.<\/p>\n<p><b>Infla\u00e7\u00e3o<\/b><\/p>\n<p>A Argentina enfrenta uma das mais elevadas taxas de infla\u00e7\u00e3o no mundo, com o \u00edndice de pre\u00e7os ao consumidor em alta de mais de 60% na compara\u00e7\u00e3o anual de maio. O cen\u00e1rio intensifica o movimento de fuga de d\u00f3lares do pa\u00eds, cujas reservas internacionais est\u00e3o em n\u00edveis \u00ednfimos. Desde o in\u00edcio do ano, o d\u00f3lar avan\u00e7ou mais de 20% ante o peso argentino, cotado a 125,453 pesos na sexta-feira, dia 1\u00ba.<\/p>\n\t<p>\n\t\t<a href=\"\" target=\"_blank\" data-element=\"shortcode-suno-banner\" title=\"Banner SUNO, clique e saiba mais\">\n\t\t\t<picture>\n\t\t\t\t<source media=\"(max-width: 500px)\" srcset=\"\">\n\t\t\t\t<img class=\"newsContent__article__imgCapa newsContent__article__imgCapa--banner\"\n\t\t\t\t\tsrc=\"\"\n\t\t\t\t\tdata-promo-id=\"77050\"\t\t\t\t\t\t\t\t\t\t\t\t\t\t\talt=\"\"\n\t\t\t\t>\n\t\t\t<\/picture>\n\t\t<\/a>\n\t<\/p>\n\n\n<p class=\"newsProviderSignature\">Com Estad\u00e3o Conte\u00fado<\/p>\n","protected":false},"excerpt":{"rendered":"<p>O ministro da Economia da Argentina, Mart\u00edn Guzm\u00e1n, renunciou ao cargo neste s\u00e1bado, 2, em meio \u00e0 crise pol\u00edtica que contrap\u00f4s o presidente do pa\u00eds, Alberto Fern\u00e1ndez, e o grupo liderado pela vice-presidente Cristina Kirchner. O governo ainda n\u00e3o anunciou um novo nome para comandar a pasta. Mart\u00edn Guzm\u00e1n renunciou ao cargo de ministro da [&hellip;]<\/p>\n","protected":false},"author":43,"featured_media":57347,"comment_status":"closed","ping_status":"closed","sticky":false,"template":"","format":"standard","meta":[],"categories":[63],"tags":[],"suno_strategy":[],"class_list":["post-273281","post","type-post","status-publish","format-standard","has-post-thumbnail","hentry","category-internacional"],"yoast_head":"<!-- This site is optimized with the Yoast SEO plugin v24.4 - https:\/\/yoast.com\/wordpress\/plugins\/seo\/ -->\n<title>Argentina: ministro da Economia renuncia ap\u00f3s desgaste com Cristina Kirchner Ministro da Economia da Argentina renuncia ap\u00f3s press\u00e3o de Cristina Kirchner<\/title>\n<meta name=\"robots\" content=\"index, follow, max-snippet:-1, max-image-preview:large, max-video-preview:-1\" \/>\n<link rel=\"canonical\" href=\"https:\/\/www.suno.com.br\/noticias\/martin-guzman-ministro-economia-argentina-renuncia-cristina-kirchber\/\" \/>\n<meta property=\"og:locale\" content=\"pt_BR\" \/>\n<meta property=\"og:type\" content=\"article\" \/>\n<meta property=\"og:title\" content=\"Argentina: ministro da Economia renuncia ap\u00f3s desgaste com Cristina Kirchner Ministro da Economia da Argentina renuncia ap\u00f3s press\u00e3o de Cristina Kirchner\" \/>\n<meta property=\"og:description\" content=\"O ministro da Economia da Argentina, Mart\u00edn Guzm\u00e1n, renunciou ao cargo neste s\u00e1bado, 2, em meio \u00e0 crise pol\u00edtica que contrap\u00f4s o presidente do pa\u00eds, Alberto Fern\u00e1ndez, e o grupo liderado pela vice-presidente Cristina Kirchner. O governo ainda n\u00e3o anunciou um novo nome para comandar a pasta. Mart\u00edn Guzm\u00e1n renunciou ao cargo de ministro da [&hellip;]\" \/>\n<meta property=\"og:url\" content=\"https:\/\/www.suno.com.br\/noticias\/martin-guzman-ministro-economia-argentina-renuncia-cristina-kirchber\/\" \/>\n<meta property=\"og:site_name\" content=\"Suno Not\u00edcias\" \/>\n<meta property=\"article:publisher\" content=\"https:\/\/facebook.com\/sunoresearch\" \/>\n<meta property=\"article:author\" content=\"https:\/\/www.facebook.com\/sunonoticias\/\" \/>\n<meta property=\"og:image\" content=\"https:\/\/files.sunoresearch.com.br\/n\/uploads\/2020\/03\/b4ddde6c-guzman.jpg\" \/>\n\t<meta property=\"og:image:width\" content=\"1380\" \/>\n\t<meta property=\"og:image:height\" content=\"920\" \/>\n\t<meta property=\"og:image:type\" content=\"image\/jpeg\" \/>\n<meta name=\"author\" content=\"Reda\u00e7\u00e3o Suno Not\u00edcias\" \/>\n<meta name=\"twitter:card\" content=\"summary_large_image\" \/>\n<meta name=\"twitter:creator\" content=\"@https:\/\/twitter.com\/sunoresearch\" \/>\n<meta name=\"twitter:site\" content=\"@sunoresearch\" \/>\n<meta name=\"twitter:label1\" content=\"Escrito por\" \/>\n\t<meta name=\"twitter:data1\" content=\"Reda\u00e7\u00e3o Suno Not\u00edcias\" \/>\n\t<meta name=\"twitter:label2\" content=\"Est. tempo de leitura\" \/>\n\t<meta name=\"twitter:data2\" content=\"3 minutos\" \/>\n<script type=\"application\/ld+json\" class=\"yoast-schema-graph\">{\"@context\":\"https:\/\/schema.org\",\"@graph\":[{\"@type\":\"NewsArticle\",\"@id\":\"https:\/\/www.suno.com.br\/noticias\/martin-guzman-ministro-economia-argentina-renuncia-cristina-kirchber\/#article\",\"isPartOf\":{\"@id\":\"https:\/\/www.suno.com.br\/noticias\/martin-guzman-ministro-economia-argentina-renuncia-cristina-kirchber\/\"},\"author\":{\"name\":\"Reda\u00e7\u00e3o Suno Not\u00edcias\",\"@id\":\"https:\/\/www.suno.com.br\/noticias\/#\/schema\/person\/c1b1bd3727fa852bd045e9dbff3673ea\"},\"headline\":\"Argentina: ministro da Economia renuncia ap\u00f3s desgaste com Cristina Kirchner\",\"datePublished\":\"2022-07-03T14:18:13+00:00\",\"dateModified\":\"2022-07-03T18:26:05+00:00\",\"mainEntityOfPage\":{\"@id\":\"https:\/\/www.suno.com.br\/noticias\/martin-guzman-ministro-economia-argentina-renuncia-cristina-kirchber\/\"},\"wordCount\":571,\"publisher\":{\"@id\":\"https:\/\/www.suno.com.br\/noticias\/#organization\"},\"image\":{\"@id\":\"https:\/\/www.suno.com.br\/noticias\/martin-guzman-ministro-economia-argentina-renuncia-cristina-kirchber\/#primaryimage\"},\"thumbnailUrl\":\"https:\/\/files.sunoresearch.com.br\/n\/uploads\/2020\/03\/b4ddde6c-guzman-jpg.webp\",\"articleSection\":[\"Internacional\"],\"inLanguage\":\"pt-BR\"},{\"@type\":\"WebPage\",\"@id\":\"https:\/\/www.suno.com.br\/noticias\/martin-guzman-ministro-economia-argentina-renuncia-cristina-kirchber\/\",\"url\":\"https:\/\/www.suno.com.br\/noticias\/martin-guzman-ministro-economia-argentina-renuncia-cristina-kirchber\/\",\"name\":\"Argentina: ministro da Economia renuncia ap\u00f3s desgaste com Cristina Kirchner Ministro da Economia da Argentina renuncia ap\u00f3s press\u00e3o de Cristina Kirchner\",\"isPartOf\":{\"@id\":\"https:\/\/www.suno.com.br\/noticias\/#website\"},\"primaryImageOfPage\":{\"@id\":\"https:\/\/www.suno.com.br\/noticias\/martin-guzman-ministro-economia-argentina-renuncia-cristina-kirchber\/#primaryimage\"},\"image\":{\"@id\":\"https:\/\/www.suno.com.br\/noticias\/martin-guzman-ministro-economia-argentina-renuncia-cristina-kirchber\/#primaryimage\"},\"thumbnailUrl\":\"https:\/\/files.sunoresearch.com.br\/n\/uploads\/2020\/03\/b4ddde6c-guzman-jpg.webp\",\"datePublished\":\"2022-07-03T14:18:13+00:00\",\"dateModified\":\"2022-07-03T18:26:05+00:00\",\"breadcrumb\":{\"@id\":\"https:\/\/www.suno.com.br\/noticias\/martin-guzman-ministro-economia-argentina-renuncia-cristina-kirchber\/#breadcrumb\"},\"inLanguage\":\"pt-BR\",\"potentialAction\":[{\"@type\":\"ReadAction\",\"target\":[\"https:\/\/www.suno.com.br\/noticias\/martin-guzman-ministro-economia-argentina-renuncia-cristina-kirchber\/\"]}]},{\"@type\":\"ImageObject\",\"inLanguage\":\"pt-BR\",\"@id\":\"https:\/\/www.suno.com.br\/noticias\/martin-guzman-ministro-economia-argentina-renuncia-cristina-kirchber\/#primaryimage\",\"url\":\"https:\/\/files.sunoresearch.com.br\/n\/uploads\/2020\/03\/b4ddde6c-guzman-jpg.webp\",\"contentUrl\":\"https:\/\/files.sunoresearch.com.br\/n\/uploads\/2020\/03\/b4ddde6c-guzman-jpg.webp\",\"width\":1380,\"height\":920,\"caption\":\"Mart\u00edn Guzm\u00e1n renunciou ao cargo de ministro da Economia da Argentina\"},{\"@type\":\"BreadcrumbList\",\"@id\":\"https:\/\/www.suno.com.br\/noticias\/martin-guzman-ministro-economia-argentina-renuncia-cristina-kirchber\/#breadcrumb\",\"itemListElement\":[{\"@type\":\"ListItem\",\"position\":1,\"name\":\"Not\u00edcias\",\"item\":\"https:\/\/www.suno.com.br\/noticias\/\"},{\"@type\":\"ListItem\",\"position\":2,\"name\":\"Internacional\",\"item\":\"https:\/\/www.suno.com.br\/noticias\/internacional\/\"},{\"@type\":\"ListItem\",\"position\":3,\"name\":\"Argentina: ministro da Economia renuncia ap\u00f3s desgaste com Cristina Kirchner\"}]},{\"@type\":\"WebSite\",\"@id\":\"https:\/\/www.suno.com.br\/noticias\/#website\",\"url\":\"https:\/\/www.suno.com.br\/noticias\/\",\"name\":\"Suno Not\u00edcias\",\"description\":\"Seu portal de informa\u00e7\u00e3o sobre o mundo dos investimentos\",\"publisher\":{\"@id\":\"https:\/\/www.suno.com.br\/noticias\/#organization\"},\"potentialAction\":[{\"@type\":\"SearchAction\",\"target\":{\"@type\":\"EntryPoint\",\"urlTemplate\":\"https:\/\/www.suno.com.br\/noticias\/?s={search_term_string}\"},\"query-input\":{\"@type\":\"PropertyValueSpecification\",\"valueRequired\":true,\"valueName\":\"search_term_string\"}}],\"inLanguage\":\"pt-BR\"},{\"@type\":\"Organization\",\"@id\":\"https:\/\/www.suno.com.br\/noticias\/#organization\",\"name\":\"Suno Not\u00edcias\",\"url\":\"https:\/\/www.suno.com.br\/noticias\/\",\"logo\":{\"@type\":\"ImageObject\",\"inLanguage\":\"pt-BR\",\"@id\":\"https:\/\/www.suno.com.br\/noticias\/#\/schema\/logo\/image\/\",\"url\":\"https:\/\/files.sunoresearch.com.br\/n\/uploads\/2021\/09\/suno-logo.png\",\"contentUrl\":\"https:\/\/files.sunoresearch.com.br\/n\/uploads\/2021\/09\/suno-logo.png\",\"width\":180,\"height\":180,\"caption\":\"Suno Not\u00edcias\"},\"image\":{\"@id\":\"https:\/\/www.suno.com.br\/noticias\/#\/schema\/logo\/image\/\"},\"sameAs\":[\"https:\/\/facebook.com\/sunoresearch\",\"https:\/\/x.com\/sunoresearch\",\"https:\/\/www.instagram.com\/suno\",\"https:\/\/www.linkedin.com\/company\/suno-research\/\",\"https:\/\/www.youtube.com\/c\/sunoresearch\"]},{\"@type\":\"Person\",\"@id\":\"https:\/\/www.suno.com.br\/noticias\/#\/schema\/person\/c1b1bd3727fa852bd045e9dbff3673ea\",\"name\":\"Reda\u00e7\u00e3o Suno Not\u00edcias\",\"image\":{\"@type\":\"ImageObject\",\"inLanguage\":\"pt-BR\",\"@id\":\"https:\/\/www.suno.com.br\/noticias\/#\/schema\/person\/image\/\",\"url\":\"https:\/\/secure.gravatar.com\/avatar\/b8104b9b5a71985d5238ee59fbe418af?s=96&r=g\",\"contentUrl\":\"https:\/\/secure.gravatar.com\/avatar\/b8104b9b5a71985d5238ee59fbe418af?s=96&r=g\",\"caption\":\"Reda\u00e7\u00e3o Suno Not\u00edcias\"},\"description\":\"O Suno Not\u00edcias \u00e9 um portal de informa\u00e7\u00f5es sobre Mercado Financeiro, Pol\u00edtica, Neg\u00f3cios, Economia e Finan\u00e7as Pessoais.\",\"sameAs\":[\"https:\/\/www.suno.com.br\/noticias\",\"https:\/\/www.facebook.com\/sunonoticias\/\",\"https:\/\/www.instagram.com\/sunonoticias\/\",\"https:\/\/x.com\/https:\/\/twitter.com\/sunoresearch\",\"https:\/\/www.youtube.com\/sunonoticias\"],\"url\":\"https:\/\/www.suno.com.br\/noticias\/author\/redacao-suno\/\"}]}<\/script>\n<!-- \/ Yoast SEO plugin. -->","yoast_head_json":{"title":"Argentina: ministro da Economia renuncia ap\u00f3s desgaste com Cristina Kirchner Ministro da Economia da Argentina renuncia ap\u00f3s press\u00e3o de Cristina Kirchner","robots":{"index":"index","follow":"follow","max-snippet":"max-snippet:-1","max-image-preview":"max-image-preview:large","max-video-preview":"max-video-preview:-1"},"canonical":"https:\/\/www.suno.com.br\/noticias\/martin-guzman-ministro-economia-argentina-renuncia-cristina-kirchber\/","og_locale":"pt_BR","og_type":"article","og_title":"Argentina: ministro da Economia renuncia ap\u00f3s desgaste com Cristina Kirchner Ministro da Economia da Argentina renuncia ap\u00f3s press\u00e3o de Cristina Kirchner","og_description":"O ministro da Economia da Argentina, Mart\u00edn Guzm\u00e1n, renunciou ao cargo neste s\u00e1bado, 2, em meio \u00e0 crise pol\u00edtica que contrap\u00f4s o presidente do pa\u00eds, Alberto Fern\u00e1ndez, e o grupo liderado pela vice-presidente Cristina Kirchner. O governo ainda n\u00e3o anunciou um novo nome para comandar a pasta. Mart\u00edn Guzm\u00e1n renunciou ao cargo de ministro da [&hellip;]","og_url":"https:\/\/www.suno.com.br\/noticias\/martin-guzman-ministro-economia-argentina-renuncia-cristina-kirchber\/","og_site_name":"Suno Not\u00edcias","article_publisher":"https:\/\/facebook.com\/sunoresearch","article_author":"https:\/\/www.facebook.com\/sunonoticias\/","og_image":[{"width":1380,"height":920,"url":"https:\/\/files.sunoresearch.com.br\/n\/uploads\/2020\/03\/b4ddde6c-guzman.jpg","type":"image\/jpeg"}],"author":"Reda\u00e7\u00e3o Suno Not\u00edcias","twitter_card":"summary_large_image","twitter_creator":"@https:\/\/twitter.com\/sunoresearch","twitter_site":"@sunoresearch","twitter_misc":{"Escrito por":"Reda\u00e7\u00e3o Suno Not\u00edcias","Est. tempo de leitura":"3 minutos"},"schema":{"@context":"https:\/\/schema.org","@graph":[{"@type":"NewsArticle","@id":"https:\/\/www.suno.com.br\/noticias\/martin-guzman-ministro-economia-argentina-renuncia-cristina-kirchber\/#article","isPartOf":{"@id":"https:\/\/www.suno.com.br\/noticias\/martin-guzman-ministro-economia-argentina-renuncia-cristina-kirchber\/"},"author":{"name":"Reda\u00e7\u00e3o Suno Not\u00edcias","@id":"https:\/\/www.suno.com.br\/noticias\/#\/schema\/person\/c1b1bd3727fa852bd045e9dbff3673ea"},"headline":"Argentina: ministro da Economia renuncia ap\u00f3s desgaste com Cristina Kirchner","datePublished":"2022-07-03T14:18:13+00:00","dateModified":"2022-07-03T18:26:05+00:00","mainEntityOfPage":{"@id":"https:\/\/www.suno.com.br\/noticias\/martin-guzman-ministro-economia-argentina-renuncia-cristina-kirchber\/"},"wordCount":571,"publisher":{"@id":"https:\/\/www.suno.com.br\/noticias\/#organization"},"image":{"@id":"https:\/\/www.suno.com.br\/noticias\/martin-guzman-ministro-economia-argentina-renuncia-cristina-kirchber\/#primaryimage"},"thumbnailUrl":"https:\/\/files.sunoresearch.com.br\/n\/uploads\/2020\/03\/b4ddde6c-guzman-jpg.webp","articleSection":["Internacional"],"inLanguage":"pt-BR"},{"@type":"WebPage","@id":"https:\/\/www.suno.com.br\/noticias\/martin-guzman-ministro-economia-argentina-renuncia-cristina-kirchber\/","url":"https:\/\/www.suno.com.br\/noticias\/martin-guzman-ministro-economia-argentina-renuncia-cristina-kirchber\/","name":"Argentina: ministro da Economia renuncia ap\u00f3s desgaste com Cristina Kirchner Ministro da Economia da Argentina renuncia ap\u00f3s press\u00e3o de Cristina Kirchner","isPartOf":{"@id":"https:\/\/www.suno.com.br\/noticias\/#website"},"primaryImageOfPage":{"@id":"https:\/\/www.suno.com.br\/noticias\/martin-guzman-ministro-economia-argentina-renuncia-cristina-kirchber\/#primaryimage"},"image":{"@id":"https:\/\/www.suno.com.br\/noticias\/martin-guzman-ministro-economia-argentina-renuncia-cristina-kirchber\/#primaryimage"},"thumbnailUrl":"https:\/\/files.sunoresearch.com.br\/n\/uploads\/2020\/03\/b4ddde6c-guzman-jpg.webp","datePublished":"2022-07-03T14:18:13+00:00","dateModified":"2022-07-03T18:26:05+00:00","breadcrumb":{"@id":"https:\/\/www.suno.com.br\/noticias\/martin-guzman-ministro-economia-argentina-renuncia-cristina-kirchber\/#breadcrumb"},"inLanguage":"pt-BR","potentialAction":[{"@type":"ReadAction","target":["https:\/\/www.suno.com.br\/noticias\/martin-guzman-ministro-economia-argentina-renuncia-cristina-kirchber\/"]}]},{"@type":"ImageObject","inLanguage":"pt-BR","@id":"https:\/\/www.suno.com.br\/noticias\/martin-guzman-ministro-economia-argentina-renuncia-cristina-kirchber\/#primaryimage","url":"https:\/\/files.sunoresearch.com.br\/n\/uploads\/2020\/03\/b4ddde6c-guzman-jpg.webp","contentUrl":"https:\/\/files.sunoresearch.com.br\/n\/uploads\/2020\/03\/b4ddde6c-guzman-jpg.webp","width":1380,"height":920,"caption":"Mart\u00edn Guzm\u00e1n renunciou ao cargo de ministro da Economia da Argentina"},{"@type":"BreadcrumbList","@id":"https:\/\/www.suno.com.br\/noticias\/martin-guzman-ministro-economia-argentina-renuncia-cristina-kirchber\/#breadcrumb","itemListElement":[{"@type":"ListItem","position":1,"name":"Not\u00edcias","item":"https:\/\/www.suno.com.br\/noticias\/"},{"@type":"ListItem","position":2,"name":"Internacional","item":"https:\/\/www.suno.com.br\/noticias\/internacional\/"},{"@type":"ListItem","position":3,"name":"Argentina: ministro da Economia renuncia ap\u00f3s desgaste com Cristina Kirchner"}]},{"@type":"WebSite","@id":"https:\/\/www.suno.com.br\/noticias\/#website","url":"https:\/\/www.suno.com.br\/noticias\/","name":"Suno Not\u00edcias","description":"Seu portal de informa\u00e7\u00e3o sobre o mundo dos investimentos","publisher":{"@id":"https:\/\/www.suno.com.br\/noticias\/#organization"},"potentialAction":[{"@type":"SearchAction","target":{"@type":"EntryPoint","urlTemplate":"https:\/\/www.suno.com.br\/noticias\/?s={search_term_string}"},"query-input":{"@type":"PropertyValueSpecification","valueRequired":true,"valueName":"search_term_string"}}],"inLanguage":"pt-BR"},{"@type":"Organization","@id":"https:\/\/www.suno.com.br\/noticias\/#organization","name":"Suno Not\u00edcias","url":"https:\/\/www.suno.com.br\/noticias\/","logo":{"@type":"ImageObject","inLanguage":"pt-BR","@id":"https:\/\/www.suno.com.br\/noticias\/#\/schema\/logo\/image\/","url":"https:\/\/files.sunoresearch.com.br\/n\/uploads\/2021\/09\/suno-logo.png","contentUrl":"https:\/\/files.sunoresearch.com.br\/n\/uploads\/2021\/09\/suno-logo.png","width":180,"height":180,"caption":"Suno Not\u00edcias"},"image":{"@id":"https:\/\/www.suno.com.br\/noticias\/#\/schema\/logo\/image\/"},"sameAs":["https:\/\/facebook.com\/sunoresearch","https:\/\/x.com\/sunoresearch","https:\/\/www.instagram.com\/suno","https:\/\/www.linkedin.com\/company\/suno-research\/","https:\/\/www.youtube.com\/c\/sunoresearch"]},{"@type":"Person","@id":"https:\/\/www.suno.com.br\/noticias\/#\/schema\/person\/c1b1bd3727fa852bd045e9dbff3673ea","name":"Reda\u00e7\u00e3o Suno Not\u00edcias","image":{"@type":"ImageObject","inLanguage":"pt-BR","@id":"https:\/\/www.suno.com.br\/noticias\/#\/schema\/person\/image\/","url":"https:\/\/secure.gravatar.com\/avatar\/b8104b9b5a71985d5238ee59fbe418af?s=96&r=g","contentUrl":"https:\/\/secure.gravatar.com\/avatar\/b8104b9b5a71985d5238ee59fbe418af?s=96&r=g","caption":"Reda\u00e7\u00e3o Suno Not\u00edcias"},"description":"O Suno Not\u00edcias \u00e9 um portal de informa\u00e7\u00f5es sobre Mercado Financeiro, Pol\u00edtica, Neg\u00f3cios, Economia e Finan\u00e7as Pessoais.","sameAs":["https:\/\/www.suno.com.br\/noticias","https:\/\/www.facebook.com\/sunonoticias\/","https:\/\/www.instagram.com\/sunonoticias\/","https:\/\/x.com\/https:\/\/twitter.com\/sunoresearch","https:\/\/www.youtube.com\/sunonoticias"],"url":"https:\/\/www.suno.com.br\/noticias\/author\/redacao-suno\/"}]}},"default_loop_html":"<div class=\"cardsPage__listCard__boxs\"><div class=\"cardsPage__listCard__boxs__img\"><a href=\"https:\/\/www.suno.com.br\/noticias\/martin-guzman-ministro-economia-argentina-renuncia-cristina-kirchber\/\"><img class=\"mask\" src=\"https:\/\/www.suno.com.br\/noticias\/wp-content\/themes\/suno\/resources\/images\/spotlight\/spotlight1img\/bg-mask.png\" alt=\"Image Mask\"\/><img src=\"https:\/\/files.sunoresearch.com.br\/n\/uploads\/2020\/03\/b4ddde6c-guzman-400x200.webp\" alt=\"Argentina: ministro da Economia renuncia ap\u00f3s desgaste com Cristina Kirchner\"\/><\/a><span class=\"spotlightCategory\"><a href=\"https:\/\/www.suno.com.br\/noticias\/internacional\/\">Internacional<\/a><\/span><\/div><div class=\"cardsPage__listCard__boxs__content\"><a href=\"https:\/\/www.suno.com.br\/noticias\/martin-guzman-ministro-economia-argentina-renuncia-cristina-kirchber\/\"><h2 class=\"content__title\">Argentina: ministro da Economia renuncia ap\u00f3s desgaste com Cristina Kirchner<\/h2><\/a><div class=\"newsContent__article__meta\"><div class=\"newsContent__article__meta__authorBox\"><a href=\"https:\/\/www.suno.com.br\/noticias\/author\/redacao-suno\/\" class=\"authorBox__avatar noMobi\"><img src=\"https:\/\/files.sunoresearch.com.br\/n\/uploads\/2020\/08\/0ace682d-redacao-1-150x150.webp\" alt=\"Reda\u00e7\u00e3o Suno Not\u00edcias\"><\/a><div class=\"authorBox__name\"><span>por\n\t\t\t<a href=\"https:\/\/www.suno.com.br\/noticias\/author\/redacao-suno\/\"><span itemprop=\"author\">Reda\u00e7\u00e3o Suno Not\u00edcias<\/span><\/a><\/span><time datetime=\"2022-07-03T11:18:13-03:00\" itemprop=\"datePublished\">03\/07\/2022 11:18<\/time><\/div><\/div><\/div><\/div><\/div>","single_layout":"posts","amp_enabled":true,"_links":{"self":[{"href":"https:\/\/www.suno.com.br\/noticias\/wp-json\/wp\/v2\/posts\/273281"}],"collection":[{"href":"https:\/\/www.suno.com.br\/noticias\/wp-json\/wp\/v2\/posts"}],"about":[{"href":"https:\/\/www.suno.com.br\/noticias\/wp-json\/wp\/v2\/types\/post"}],"author":[{"embeddable":true,"href":"https:\/\/www.suno.com.br\/noticias\/wp-json\/wp\/v2\/users\/43"}],"replies":[{"embeddable":true,"href":"https:\/\/www.suno.com.br\/noticias\/wp-json\/wp\/v2\/comments?post=273281"}],"version-history":[{"count":3,"href":"https:\/\/www.suno.com.br\/noticias\/wp-json\/wp\/v2\/posts\/273281\/revisions"}],"predecessor-version":[{"id":273294,"href":"https:\/\/www.suno.com.br\/noticias\/wp-json\/wp\/v2\/posts\/273281\/revisions\/273294"}],"wp:featuredmedia":[{"embeddable":true,"href":"https:\/\/www.suno.com.br\/noticias\/wp-json\/wp\/v2\/media\/57347"}],"wp:attachment":[{"href":"https:\/\/www.suno.com.br\/noticias\/wp-json\/wp\/v2\/media?parent=273281"}],"wp:term":[{"taxonomy":"category","embeddable":true,"href":"https:\/\/www.suno.com.br\/noticias\/wp-json\/wp\/v2\/categories?post=273281"},{"taxonomy":"post_tag","embeddable":true,"href":"https:\/\/www.suno.com.br\/noticias\/wp-json\/wp\/v2\/tags?post=273281"},{"taxonomy":"suno_strategy","embeddable":true,"href":"https:\/\/www.suno.com.br\/noticias\/wp-json\/wp\/v2\/suno_strategy?post=273281"}],"curies":[{"name":"wp","href":"https:\/\/api.w.org\/{rel}","templated":true}]}}