{"id":27321,"date":"2019-06-05T12:05:53","date_gmt":"2019-06-05T15:05:53","guid":{"rendered":"https:\/\/www.suno.com.br\/noticias\/?p=27321"},"modified":"2020-12-21T17:26:47","modified_gmt":"2020-12-21T20:26:47","slug":"emprego-eua-criam-vagas","status":"publish","type":"post","link":"https:\/\/www.suno.com.br\/noticias\/emprego-eua-criam-vagas\/","title":{"rendered":"Empregos: EUA criam 27 mil vagas no setor privado em maio, diz ADP"},"content":{"rendered":"<p>O setor privado dos Estados Unidos abriu 27 mil empregos no m\u00eas de maio, de acordo o relat\u00f3rio da Automatic Data Processing (ADP, software que cuida de folhas de pagamento). O estudo \u00e9 uma pr\u00e9via do relat\u00f3rio de empregos (payroll) e foi divulgado nesta quarta-feira (5).<\/p>\t<div class=\"wrapper-featured-image\">\n\t\t<figure class=\"spotlightImg\">\n\n\t\t\t<picture>\n\t\t\t\t<source media=\"(max-width: 768px)\" srcset=\"https:\/\/files.sunoresearch.com.br\/n\/uploads\/2019\/06\/16c2b2ff-empregos-400x200.webp\">\n\t\t\t\t<img loading=\"lazy\" decoding=\"async\" class=\"newsContent__article__imgCapa lazyloadDisabled newsContent__article__imgCapa--noCaption\" src=\"https:\/\/files.sunoresearch.com.br\/n\/uploads\/2019\/06\/16c2b2ff-empregos-800x450.webp\" width=\"800\" height=\"450\" alt=\"Empregos: EUA criam 27 mil vagas no setor privado em maio, diz ADP\" fetchpriority=high \/>\n\t\t\t<\/picture>\n\n\t\t\t<figcaption class=\"wp-caption-text wp-caption-text--hide\">EUA antecipam para ter\u00e7a-feira restri\u00e7\u00f5es de viagnes ao Brasil<\/figcaption>\n\t\t<\/figure>\n\t<\/div>\n\n\n<p>No entanto, a cria\u00e7\u00e3o de <strong>empregos<\/strong> veio abaixo do esperado pelos analistas do &#8220;Wall Street Journal&#8221;, que tinham a expectativa da cria\u00e7\u00e3o de 173 mil <strong>novos<\/strong> <strong>postos<\/strong>.<\/p>\n<p>Em abril, os <strong>Estados<\/strong> <strong>Unidos<\/strong> criaram 263 mil novos <strong>empregos<\/strong>, crescimento bem acima do projeto pelos especialistas que era um aumento de 185 mil vagas.<\/p>\n\t<p>\n\t\t<a href=\"https:\/\/lp.suno.com.br\/minicurso-investindo-fiis\/\" target=\"_blank\" data-element=\"shortcode-suno-banner\" title=\"Banner SUNO, clique e saiba mais\">\n\t\t\t<picture>\n\t\t\t\t<source media=\"(max-width: 500px)\" srcset=\"https:\/\/files.sunoresearch.com.br\/n\/uploads\/2023\/07\/400x300-Minicurso-FIIS.png\">\n\t\t\t\t<img class=\"newsContent__article__imgCapa newsContent__article__imgCapa--banner\"\n\t\t\t\t\tsrc=\"https:\/\/files.sunoresearch.com.br\/n\/uploads\/2023\/07\/1420x240-Minicurso-FIIS.png\"\n\t\t\t\t\tdata-promo-id=\"311935\"\t\t\t\t\t\t\t\t\t\twidth='1420' height='240'\t\t\t\t\talt=\"https:\/\/files.sunoresearch.com.br\/n\/uploads\/2023\/07\/1420x240-Minicurso-FIIS.png\"\n\t\t\t\t>\n\t\t\t<\/picture>\n\t\t<\/a>\n\t<\/p>\n\n\n<p>De acordo com o vice-presidente da ADP, &#8220;ap\u00f3s um m\u00eas de abril excessivamente forte, maio marcou o menor ganho desde que a expans\u00e3o econ\u00f4mica come\u00e7ou&#8221;.<\/p>\n<h2>Como surgiram as 27 mil vagas<\/h2>\n<p>De acordo com o relat\u00f3rio da ADP, as pequenas empresas reduziram em 52 mil o n\u00famero de empregos durante o m\u00eas de maio. Por\u00e9m, em contrapartida, as empresas de m\u00e9dio porte geraram 11 mil <strong>vagas<\/strong> e as de grande porte criaram outras 68 mil.<\/p>\n<h2>Popula\u00e7\u00e3o empregada<\/h2>\n<p>O <strong>desemprego<\/strong> nos Estados Unidos caiu para 3,6% em abril, a menor taxa em 50 anos, ap\u00f3s a cria\u00e7\u00e3o de 263 mil vagas. O \u00edndice, divulgado nesta sexta-feira (3), s\u00f3 foi mais baixo no pa\u00eds em 1969.<\/p>\n<p><a href=\"https:\/\/www.suno.com.br\/noticias\/estados-unidos-desemprego-menor-50-anos\/\">Saiba mais:Estados Unidos t\u00eam menor n\u00edvel de desemprego em 50 anos; taxa cai para 3,6%<\/a><\/p>\n<p>Caso a previs\u00e3o da ADP se concretize e as 27 mil vagas tenham sido criadas durante o m\u00eas de maio, um novo recuo na taxa de desemprego ser\u00e1 observado, fazendo com os <strong>Estados<\/strong> <strong>Unidos<\/strong> tenham quase toda a sua popula\u00e7\u00e3o empregada.<\/p>\n<h2>Previs\u00e3o da ADP<\/h2>\n<p>O ADP \u00e9 divulgado dois dias antes do <strong>relat\u00f3rio<\/strong> <strong>oficial<\/strong> <strong>de<\/strong> <strong>empregos<\/strong> do Departamento de Trabalho norte-americano. Mesmo com hist\u00f3rico imperfeito, as estimativas do estudo sempre chegam perto dos dados divulgados pelo <strong>governo<\/strong> <strong>estadunidense<\/strong>.<\/p>\n\t<p>\n\t\t<a href=\"https:\/\/lp.suno.com.br\/4-emissao-snel11\/\" target=\"_blank\" data-element=\"shortcode-suno-banner\" title=\"Banner SUNO, clique e saiba mais\">\n\t\t\t<picture>\n\t\t\t\t<source media=\"(max-width: 500px)\" srcset=\"https:\/\/files.sunoresearch.com.br\/n\/uploads\/2025\/07\/400x300-Mobile-Artigos-7.webp\">\n\t\t\t\t<img class=\"newsContent__article__imgCapa newsContent__article__imgCapa--banner\"\n\t\t\t\t\tsrc=\"https:\/\/files.sunoresearch.com.br\/n\/uploads\/2025\/07\/1420x240-Banner-Artigos-1-_-Banner-Materias-5.webp\"\n\t\t\t\t\tdata-promo-id=\"364417\"\t\t\t\t\t\t\t\t\t\twidth='1420' height='240'\t\t\t\t\talt=\"https:\/\/files.sunoresearch.com.br\/n\/uploads\/2025\/07\/1420x240-Banner-Artigos-1-_-Banner-Materias-5.webp\"\n\t\t\t\t>\n\t\t\t<\/picture>\n\t\t<\/a>\n\t<\/p>\n\n\n<p>Em abril, a <strong>ADP<\/strong> informou que 275 mil <strong>empregos<\/strong> seriam criados no setor privado, j\u00e1 o relat\u00f3rio do <strong>Departamento<\/strong> <strong>de<\/strong> <strong>Trabalho<\/strong> dos EUA informou um ganho de 263 mil postos de <strong>trabalho<\/strong>.<\/p>\n","protected":false},"excerpt":{"rendered":"<p>O setor privado dos Estados Unidos abriu 27 mil empregos no m\u00eas de maio, de acordo o relat\u00f3rio da Automatic Data Processing (ADP, software que cuida de folhas de pagamento). O estudo \u00e9 uma pr\u00e9via do relat\u00f3rio de empregos (payroll) e foi divulgado nesta quarta-feira (5). EUA antecipam para ter\u00e7a-feira restri\u00e7\u00f5es de viagnes ao Brasil [&hellip;]<\/p>\n","protected":false},"author":11,"featured_media":27327,"comment_status":"closed","ping_status":"closed","sticky":false,"template":"","format":"standard","meta":[],"categories":[63],"tags":[],"suno_strategy":[],"class_list":["post-27321","post","type-post","status-publish","format-standard","has-post-thumbnail","hentry","category-internacional"],"yoast_head":"<!-- This site is optimized with the Yoast SEO plugin v24.4 - https:\/\/yoast.com\/wordpress\/plugins\/seo\/ -->\n<title>Empregos: EUA criam 27 mil vagas no setor privado em maio, diz ADP<\/title>\n<meta name=\"description\" content=\"Caso a previs\u00e3o da ADP sobre a cria\u00e7\u00e3o de empregos se concretize, os EUA ter\u00e3o quase toda sua popula\u00e7\u00e3o empregada. Clique e saiba mais.\" \/>\n<meta name=\"robots\" content=\"index, follow, max-snippet:-1, max-image-preview:large, max-video-preview:-1\" \/>\n<link rel=\"canonical\" href=\"https:\/\/www.suno.com.br\/noticias\/emprego-eua-criam-vagas\/\" \/>\n<meta property=\"og:locale\" content=\"pt_BR\" \/>\n<meta property=\"og:type\" content=\"article\" \/>\n<meta property=\"og:title\" content=\"Empregos: EUA criam 27 mil vagas no setor privado em maio, diz ADP\" \/>\n<meta property=\"og:description\" content=\"Caso a previs\u00e3o da ADP sobre a cria\u00e7\u00e3o de empregos se concretize, os EUA ter\u00e3o quase toda sua popula\u00e7\u00e3o empregada. Clique e saiba mais.\" \/>\n<meta property=\"og:url\" content=\"https:\/\/www.suno.com.br\/noticias\/emprego-eua-criam-vagas\/\" \/>\n<meta property=\"og:site_name\" content=\"Suno Not\u00edcias\" \/>\n<meta property=\"article:publisher\" content=\"https:\/\/facebook.com\/sunoresearch\" \/>\n<meta property=\"og:image\" content=\"https:\/\/files.sunoresearch.com.br\/n\/uploads\/2019\/06\/16c2b2ff-empregos.jpg\" \/>\n\t<meta property=\"og:image:width\" content=\"4096\" \/>\n\t<meta property=\"og:image:height\" content=\"2989\" \/>\n\t<meta property=\"og:image:type\" content=\"image\/jpeg\" \/>\n<meta name=\"author\" content=\"Renan Bandeira\" \/>\n<meta name=\"twitter:card\" content=\"summary_large_image\" \/>\n<meta name=\"twitter:creator\" content=\"@sunoresearch\" \/>\n<meta name=\"twitter:site\" content=\"@sunoresearch\" \/>\n<meta name=\"twitter:label1\" content=\"Escrito por\" \/>\n\t<meta name=\"twitter:data1\" content=\"Renan Bandeira\" \/>\n\t<meta name=\"twitter:label2\" content=\"Est. tempo de leitura\" \/>\n\t<meta name=\"twitter:data2\" content=\"2 minutos\" \/>\n<script type=\"application\/ld+json\" class=\"yoast-schema-graph\">{\"@context\":\"https:\/\/schema.org\",\"@graph\":[{\"@type\":\"NewsArticle\",\"@id\":\"https:\/\/www.suno.com.br\/noticias\/emprego-eua-criam-vagas\/#article\",\"isPartOf\":{\"@id\":\"https:\/\/www.suno.com.br\/noticias\/emprego-eua-criam-vagas\/\"},\"author\":{\"name\":\"Renan Bandeira\",\"@id\":\"https:\/\/www.suno.com.br\/noticias\/#\/schema\/person\/fc144a1c6108bd1dcd43784e88a3c138\"},\"headline\":\"Empregos: EUA criam 27 mil vagas no setor privado em maio, diz ADP\",\"datePublished\":\"2019-06-05T15:05:53+00:00\",\"dateModified\":\"2020-12-21T20:26:47+00:00\",\"mainEntityOfPage\":{\"@id\":\"https:\/\/www.suno.com.br\/noticias\/emprego-eua-criam-vagas\/\"},\"wordCount\":364,\"publisher\":{\"@id\":\"https:\/\/www.suno.com.br\/noticias\/#organization\"},\"image\":{\"@id\":\"https:\/\/www.suno.com.br\/noticias\/emprego-eua-criam-vagas\/#primaryimage\"},\"thumbnailUrl\":\"https:\/\/files.sunoresearch.com.br\/n\/uploads\/2019\/06\/16c2b2ff-empregos-scaled.webp\",\"articleSection\":[\"Internacional\"],\"inLanguage\":\"pt-BR\"},{\"@type\":\"WebPage\",\"@id\":\"https:\/\/www.suno.com.br\/noticias\/emprego-eua-criam-vagas\/\",\"url\":\"https:\/\/www.suno.com.br\/noticias\/emprego-eua-criam-vagas\/\",\"name\":\"Empregos: EUA criam 27 mil vagas no setor privado em maio, diz ADP\",\"isPartOf\":{\"@id\":\"https:\/\/www.suno.com.br\/noticias\/#website\"},\"primaryImageOfPage\":{\"@id\":\"https:\/\/www.suno.com.br\/noticias\/emprego-eua-criam-vagas\/#primaryimage\"},\"image\":{\"@id\":\"https:\/\/www.suno.com.br\/noticias\/emprego-eua-criam-vagas\/#primaryimage\"},\"thumbnailUrl\":\"https:\/\/files.sunoresearch.com.br\/n\/uploads\/2019\/06\/16c2b2ff-empregos-scaled.webp\",\"datePublished\":\"2019-06-05T15:05:53+00:00\",\"dateModified\":\"2020-12-21T20:26:47+00:00\",\"description\":\"Caso a previs\u00e3o da ADP sobre a cria\u00e7\u00e3o de empregos se concretize, os EUA ter\u00e3o quase toda sua popula\u00e7\u00e3o empregada. Clique e saiba mais.\",\"breadcrumb\":{\"@id\":\"https:\/\/www.suno.com.br\/noticias\/emprego-eua-criam-vagas\/#breadcrumb\"},\"inLanguage\":\"pt-BR\",\"potentialAction\":[{\"@type\":\"ReadAction\",\"target\":[\"https:\/\/www.suno.com.br\/noticias\/emprego-eua-criam-vagas\/\"]}]},{\"@type\":\"ImageObject\",\"inLanguage\":\"pt-BR\",\"@id\":\"https:\/\/www.suno.com.br\/noticias\/emprego-eua-criam-vagas\/#primaryimage\",\"url\":\"https:\/\/files.sunoresearch.com.br\/n\/uploads\/2019\/06\/16c2b2ff-empregos-scaled.webp\",\"contentUrl\":\"https:\/\/files.sunoresearch.com.br\/n\/uploads\/2019\/06\/16c2b2ff-empregos-scaled.webp\",\"width\":2560,\"height\":1868,\"caption\":\"EUA antecipam para ter\u00e7a-feira restri\u00e7\u00f5es de viagnes ao Brasil\"},{\"@type\":\"BreadcrumbList\",\"@id\":\"https:\/\/www.suno.com.br\/noticias\/emprego-eua-criam-vagas\/#breadcrumb\",\"itemListElement\":[{\"@type\":\"ListItem\",\"position\":1,\"name\":\"Not\u00edcias\",\"item\":\"https:\/\/www.suno.com.br\/noticias\/\"},{\"@type\":\"ListItem\",\"position\":2,\"name\":\"Internacional\",\"item\":\"https:\/\/www.suno.com.br\/noticias\/internacional\/\"},{\"@type\":\"ListItem\",\"position\":3,\"name\":\"Empregos: EUA criam 27 mil vagas no setor privado em maio, diz ADP\"}]},{\"@type\":\"WebSite\",\"@id\":\"https:\/\/www.suno.com.br\/noticias\/#website\",\"url\":\"https:\/\/www.suno.com.br\/noticias\/\",\"name\":\"Suno Not\u00edcias\",\"description\":\"Seu portal de informa\u00e7\u00e3o sobre o mundo dos investimentos\",\"publisher\":{\"@id\":\"https:\/\/www.suno.com.br\/noticias\/#organization\"},\"potentialAction\":[{\"@type\":\"SearchAction\",\"target\":{\"@type\":\"EntryPoint\",\"urlTemplate\":\"https:\/\/www.suno.com.br\/noticias\/?s={search_term_string}\"},\"query-input\":{\"@type\":\"PropertyValueSpecification\",\"valueRequired\":true,\"valueName\":\"search_term_string\"}}],\"inLanguage\":\"pt-BR\"},{\"@type\":\"Organization\",\"@id\":\"https:\/\/www.suno.com.br\/noticias\/#organization\",\"name\":\"Suno Not\u00edcias\",\"url\":\"https:\/\/www.suno.com.br\/noticias\/\",\"logo\":{\"@type\":\"ImageObject\",\"inLanguage\":\"pt-BR\",\"@id\":\"https:\/\/www.suno.com.br\/noticias\/#\/schema\/logo\/image\/\",\"url\":\"https:\/\/files.sunoresearch.com.br\/n\/uploads\/2021\/09\/suno-logo.png\",\"contentUrl\":\"https:\/\/files.sunoresearch.com.br\/n\/uploads\/2021\/09\/suno-logo.png\",\"width\":180,\"height\":180,\"caption\":\"Suno Not\u00edcias\"},\"image\":{\"@id\":\"https:\/\/www.suno.com.br\/noticias\/#\/schema\/logo\/image\/\"},\"sameAs\":[\"https:\/\/facebook.com\/sunoresearch\",\"https:\/\/x.com\/sunoresearch\",\"https:\/\/www.instagram.com\/suno\",\"https:\/\/www.linkedin.com\/company\/suno-research\/\",\"https:\/\/www.youtube.com\/c\/sunoresearch\"]},{\"@type\":\"Person\",\"@id\":\"https:\/\/www.suno.com.br\/noticias\/#\/schema\/person\/fc144a1c6108bd1dcd43784e88a3c138\",\"name\":\"Renan Bandeira\",\"image\":{\"@type\":\"ImageObject\",\"inLanguage\":\"pt-BR\",\"@id\":\"https:\/\/www.suno.com.br\/noticias\/#\/schema\/person\/image\/\",\"url\":\"https:\/\/secure.gravatar.com\/avatar\/68359cdb608f14f11bbefcb78f3fc747?s=96&r=g\",\"contentUrl\":\"https:\/\/secure.gravatar.com\/avatar\/68359cdb608f14f11bbefcb78f3fc747?s=96&r=g\",\"caption\":\"Renan Bandeira\"},\"description\":\"Renan Bandeira escreve sobre pol\u00edtica e economia para o portal da Suno Research. Antes da Suno, trabalhou em uma rede de televis\u00e3o, onde fazia reportagens sobre os mesmos temas. Estuda na Universidade Metodista de S\u00e3o Paulo.\",\"url\":\"https:\/\/www.suno.com.br\/noticias\/author\/renan-bandeira\/\"}]}<\/script>\n<!-- \/ Yoast SEO plugin. -->","yoast_head_json":{"title":"Empregos: EUA criam 27 mil vagas no setor privado em maio, diz ADP","description":"Caso a previs\u00e3o da ADP sobre a cria\u00e7\u00e3o de empregos se concretize, os EUA ter\u00e3o quase toda sua popula\u00e7\u00e3o empregada. Clique e saiba mais.","robots":{"index":"index","follow":"follow","max-snippet":"max-snippet:-1","max-image-preview":"max-image-preview:large","max-video-preview":"max-video-preview:-1"},"canonical":"https:\/\/www.suno.com.br\/noticias\/emprego-eua-criam-vagas\/","og_locale":"pt_BR","og_type":"article","og_title":"Empregos: EUA criam 27 mil vagas no setor privado em maio, diz ADP","og_description":"Caso a previs\u00e3o da ADP sobre a cria\u00e7\u00e3o de empregos se concretize, os EUA ter\u00e3o quase toda sua popula\u00e7\u00e3o empregada. Clique e saiba mais.","og_url":"https:\/\/www.suno.com.br\/noticias\/emprego-eua-criam-vagas\/","og_site_name":"Suno Not\u00edcias","article_publisher":"https:\/\/facebook.com\/sunoresearch","og_image":[{"width":4096,"height":2989,"url":"https:\/\/files.sunoresearch.com.br\/n\/uploads\/2019\/06\/16c2b2ff-empregos.jpg","type":"image\/jpeg"}],"author":"Renan Bandeira","twitter_card":"summary_large_image","twitter_creator":"@sunoresearch","twitter_site":"@sunoresearch","twitter_misc":{"Escrito por":"Renan Bandeira","Est. tempo de leitura":"2 minutos"},"schema":{"@context":"https:\/\/schema.org","@graph":[{"@type":"NewsArticle","@id":"https:\/\/www.suno.com.br\/noticias\/emprego-eua-criam-vagas\/#article","isPartOf":{"@id":"https:\/\/www.suno.com.br\/noticias\/emprego-eua-criam-vagas\/"},"author":{"name":"Renan Bandeira","@id":"https:\/\/www.suno.com.br\/noticias\/#\/schema\/person\/fc144a1c6108bd1dcd43784e88a3c138"},"headline":"Empregos: EUA criam 27 mil vagas no setor privado em maio, diz ADP","datePublished":"2019-06-05T15:05:53+00:00","dateModified":"2020-12-21T20:26:47+00:00","mainEntityOfPage":{"@id":"https:\/\/www.suno.com.br\/noticias\/emprego-eua-criam-vagas\/"},"wordCount":364,"publisher":{"@id":"https:\/\/www.suno.com.br\/noticias\/#organization"},"image":{"@id":"https:\/\/www.suno.com.br\/noticias\/emprego-eua-criam-vagas\/#primaryimage"},"thumbnailUrl":"https:\/\/files.sunoresearch.com.br\/n\/uploads\/2019\/06\/16c2b2ff-empregos-scaled.webp","articleSection":["Internacional"],"inLanguage":"pt-BR"},{"@type":"WebPage","@id":"https:\/\/www.suno.com.br\/noticias\/emprego-eua-criam-vagas\/","url":"https:\/\/www.suno.com.br\/noticias\/emprego-eua-criam-vagas\/","name":"Empregos: EUA criam 27 mil vagas no setor privado em maio, diz ADP","isPartOf":{"@id":"https:\/\/www.suno.com.br\/noticias\/#website"},"primaryImageOfPage":{"@id":"https:\/\/www.suno.com.br\/noticias\/emprego-eua-criam-vagas\/#primaryimage"},"image":{"@id":"https:\/\/www.suno.com.br\/noticias\/emprego-eua-criam-vagas\/#primaryimage"},"thumbnailUrl":"https:\/\/files.sunoresearch.com.br\/n\/uploads\/2019\/06\/16c2b2ff-empregos-scaled.webp","datePublished":"2019-06-05T15:05:53+00:00","dateModified":"2020-12-21T20:26:47+00:00","description":"Caso a previs\u00e3o da ADP sobre a cria\u00e7\u00e3o de empregos se concretize, os EUA ter\u00e3o quase toda sua popula\u00e7\u00e3o empregada. Clique e saiba mais.","breadcrumb":{"@id":"https:\/\/www.suno.com.br\/noticias\/emprego-eua-criam-vagas\/#breadcrumb"},"inLanguage":"pt-BR","potentialAction":[{"@type":"ReadAction","target":["https:\/\/www.suno.com.br\/noticias\/emprego-eua-criam-vagas\/"]}]},{"@type":"ImageObject","inLanguage":"pt-BR","@id":"https:\/\/www.suno.com.br\/noticias\/emprego-eua-criam-vagas\/#primaryimage","url":"https:\/\/files.sunoresearch.com.br\/n\/uploads\/2019\/06\/16c2b2ff-empregos-scaled.webp","contentUrl":"https:\/\/files.sunoresearch.com.br\/n\/uploads\/2019\/06\/16c2b2ff-empregos-scaled.webp","width":2560,"height":1868,"caption":"EUA antecipam para ter\u00e7a-feira restri\u00e7\u00f5es de viagnes ao Brasil"},{"@type":"BreadcrumbList","@id":"https:\/\/www.suno.com.br\/noticias\/emprego-eua-criam-vagas\/#breadcrumb","itemListElement":[{"@type":"ListItem","position":1,"name":"Not\u00edcias","item":"https:\/\/www.suno.com.br\/noticias\/"},{"@type":"ListItem","position":2,"name":"Internacional","item":"https:\/\/www.suno.com.br\/noticias\/internacional\/"},{"@type":"ListItem","position":3,"name":"Empregos: EUA criam 27 mil vagas no setor privado em maio, diz ADP"}]},{"@type":"WebSite","@id":"https:\/\/www.suno.com.br\/noticias\/#website","url":"https:\/\/www.suno.com.br\/noticias\/","name":"Suno Not\u00edcias","description":"Seu portal de informa\u00e7\u00e3o sobre o mundo dos investimentos","publisher":{"@id":"https:\/\/www.suno.com.br\/noticias\/#organization"},"potentialAction":[{"@type":"SearchAction","target":{"@type":"EntryPoint","urlTemplate":"https:\/\/www.suno.com.br\/noticias\/?s={search_term_string}"},"query-input":{"@type":"PropertyValueSpecification","valueRequired":true,"valueName":"search_term_string"}}],"inLanguage":"pt-BR"},{"@type":"Organization","@id":"https:\/\/www.suno.com.br\/noticias\/#organization","name":"Suno Not\u00edcias","url":"https:\/\/www.suno.com.br\/noticias\/","logo":{"@type":"ImageObject","inLanguage":"pt-BR","@id":"https:\/\/www.suno.com.br\/noticias\/#\/schema\/logo\/image\/","url":"https:\/\/files.sunoresearch.com.br\/n\/uploads\/2021\/09\/suno-logo.png","contentUrl":"https:\/\/files.sunoresearch.com.br\/n\/uploads\/2021\/09\/suno-logo.png","width":180,"height":180,"caption":"Suno Not\u00edcias"},"image":{"@id":"https:\/\/www.suno.com.br\/noticias\/#\/schema\/logo\/image\/"},"sameAs":["https:\/\/facebook.com\/sunoresearch","https:\/\/x.com\/sunoresearch","https:\/\/www.instagram.com\/suno","https:\/\/www.linkedin.com\/company\/suno-research\/","https:\/\/www.youtube.com\/c\/sunoresearch"]},{"@type":"Person","@id":"https:\/\/www.suno.com.br\/noticias\/#\/schema\/person\/fc144a1c6108bd1dcd43784e88a3c138","name":"Renan Bandeira","image":{"@type":"ImageObject","inLanguage":"pt-BR","@id":"https:\/\/www.suno.com.br\/noticias\/#\/schema\/person\/image\/","url":"https:\/\/secure.gravatar.com\/avatar\/68359cdb608f14f11bbefcb78f3fc747?s=96&r=g","contentUrl":"https:\/\/secure.gravatar.com\/avatar\/68359cdb608f14f11bbefcb78f3fc747?s=96&r=g","caption":"Renan Bandeira"},"description":"Renan Bandeira escreve sobre pol\u00edtica e economia para o portal da Suno Research. Antes da Suno, trabalhou em uma rede de televis\u00e3o, onde fazia reportagens sobre os mesmos temas. Estuda na Universidade Metodista de S\u00e3o Paulo.","url":"https:\/\/www.suno.com.br\/noticias\/author\/renan-bandeira\/"}]}},"default_loop_html":"<div class=\"cardsPage__listCard__boxs\"><div class=\"cardsPage__listCard__boxs__img\"><a href=\"https:\/\/www.suno.com.br\/noticias\/emprego-eua-criam-vagas\/\"><img class=\"mask\" src=\"https:\/\/www.suno.com.br\/noticias\/wp-content\/themes\/suno\/resources\/images\/spotlight\/spotlight1img\/bg-mask.png\" alt=\"Image Mask\"\/><img src=\"https:\/\/files.sunoresearch.com.br\/n\/uploads\/2019\/06\/16c2b2ff-empregos-400x200.webp\" alt=\"Empregos: EUA criam 27 mil vagas no setor privado em maio, diz ADP\"\/><\/a><span class=\"spotlightCategory\"><a href=\"https:\/\/www.suno.com.br\/noticias\/internacional\/\">Internacional<\/a><\/span><\/div><div class=\"cardsPage__listCard__boxs__content\"><a href=\"https:\/\/www.suno.com.br\/noticias\/emprego-eua-criam-vagas\/\"><h2 class=\"content__title\">Empregos: EUA criam 27 mil vagas no setor privado em maio, diz ADP<\/h2><\/a><div class=\"newsContent__article__meta\"><div class=\"newsContent__article__meta__authorBox\"><a href=\"https:\/\/www.suno.com.br\/noticias\/author\/renan-bandeira\/\" class=\"authorBox__avatar noMobi\"><img src=\"https:\/\/secure.gravatar.com\/avatar\/68359cdb608f14f11bbefcb78f3fc747?s=96&#038;r=g\" alt=\"Renan Bandeira\"><\/a><div class=\"authorBox__name\"><span>por\n\t\t\t<a href=\"https:\/\/www.suno.com.br\/noticias\/author\/renan-bandeira\/\"><span itemprop=\"author\">Renan Bandeira<\/span><\/a><\/span><time datetime=\"2019-06-05T12:05:53-03:00\" itemprop=\"datePublished\">05\/06\/2019 12:05<\/time><\/div><\/div><\/div><\/div><\/div>","single_layout":"posts","amp_enabled":true,"_links":{"self":[{"href":"https:\/\/www.suno.com.br\/noticias\/wp-json\/wp\/v2\/posts\/27321"}],"collection":[{"href":"https:\/\/www.suno.com.br\/noticias\/wp-json\/wp\/v2\/posts"}],"about":[{"href":"https:\/\/www.suno.com.br\/noticias\/wp-json\/wp\/v2\/types\/post"}],"author":[{"embeddable":true,"href":"https:\/\/www.suno.com.br\/noticias\/wp-json\/wp\/v2\/users\/11"}],"replies":[{"embeddable":true,"href":"https:\/\/www.suno.com.br\/noticias\/wp-json\/wp\/v2\/comments?post=27321"}],"version-history":[{"count":0,"href":"https:\/\/www.suno.com.br\/noticias\/wp-json\/wp\/v2\/posts\/27321\/revisions"}],"wp:featuredmedia":[{"embeddable":true,"href":"https:\/\/www.suno.com.br\/noticias\/wp-json\/wp\/v2\/media\/27327"}],"wp:attachment":[{"href":"https:\/\/www.suno.com.br\/noticias\/wp-json\/wp\/v2\/media?parent=27321"}],"wp:term":[{"taxonomy":"category","embeddable":true,"href":"https:\/\/www.suno.com.br\/noticias\/wp-json\/wp\/v2\/categories?post=27321"},{"taxonomy":"post_tag","embeddable":true,"href":"https:\/\/www.suno.com.br\/noticias\/wp-json\/wp\/v2\/tags?post=27321"},{"taxonomy":"suno_strategy","embeddable":true,"href":"https:\/\/www.suno.com.br\/noticias\/wp-json\/wp\/v2\/suno_strategy?post=27321"}],"curies":[{"name":"wp","href":"https:\/\/api.w.org\/{rel}","templated":true}]}}