{"id":273190,"date":"2022-07-02T15:51:06","date_gmt":"2022-07-02T18:51:06","guid":{"rendered":"https:\/\/www.suno.com.br\/noticias\/?p=273190"},"modified":"2022-07-02T15:51:06","modified_gmt":"2022-07-02T18:51:06","slug":"procon-sp-apura-queda-na-gasolina","status":"publish","type":"post","link":"https:\/\/www.suno.com.br\/noticias\/procon-sp-apura-queda-na-gasolina\/","title":{"rendered":"Procon-SP apura queda de R$ 0,30 na gasolina"},"content":{"rendered":"<p>Um levantamento do Procon-SP mostra que o pre\u00e7o do litro da <strong>gasolina<\/strong> teve redu\u00e7\u00e3o m\u00e9dia de R$ 0,30 no Estado. A queda foi constatada nos dias 28 e 29 de junho, ap\u00f3s o governador Rodrigo Garcia anunciar a redu\u00e7\u00e3o do ICMS sobre a gasolina de 25% para 18%.<\/p>\t<div class=\"wrapper-featured-image\">\n\t\t<figure class=\"spotlightImg\">\n\n\t\t\t<picture>\n\t\t\t\t<source media=\"(max-width: 768px)\" srcset=\"https:\/\/files.sunoresearch.com.br\/n\/uploads\/2022\/03\/Gasolina-400x200.jpg\">\n\t\t\t\t<img loading=\"lazy\" decoding=\"async\" class=\"newsContent__article__imgCapa lazyloadDisabled \" src=\"https:\/\/files.sunoresearch.com.br\/n\/uploads\/2022\/03\/Gasolina-800x450.jpg\" width=\"800\" height=\"450\" alt=\"Procon-SP apura queda de R$ 0,30 na gasolina\" fetchpriority=high \/>\n\t\t\t<\/picture>\n\n\t\t\t<figcaption class=\"wp-caption-text wp-caption-text--show\">Receita Federal realiza opera\u00e7\u00e3o contra fraudes na importa\u00e7\u00e3o de combust\u00edveis. Foto: Marcello Casal jr\/Ag\u00eancia Brasil<\/figcaption>\n\t\t<\/figure>\n\t<\/div>\n\n\n\t<p>\n\t\t<a href=\"\" target=\"_blank\" data-element=\"shortcode-suno-banner\" title=\"Banner SUNO, clique e saiba mais\">\n\t\t\t<picture>\n\t\t\t\t<source media=\"(max-width: 500px)\" srcset=\"\">\n\t\t\t\t<img class=\"newsContent__article__imgCapa newsContent__article__imgCapa--banner\"\n\t\t\t\t\tsrc=\"\"\n\t\t\t\t\tdata-promo-id=\"240038\"\t\t\t\t\t\t\t\t\t\t\t\t\t\t\talt=\"\"\n\t\t\t\t>\n\t\t\t<\/picture>\n\t\t<\/a>\n\t<\/p>\n\n\n<p>&#8220;Acredito que somos uma das categorias que mais percebem essas varia\u00e7\u00f5es, porque o <strong>pre\u00e7o da gasolina<\/strong> influencia diretamente o nosso lucro&#8221;, afirma Ana Paula Aparecida de Oliveira, que trabalha como motorista de aplicativo. &#8220;Nesta semana, coloquei o mesmo valor de sempre de combust\u00edvel e consegui rodar mais, porque o litro est\u00e1 mais barato.&#8221;<\/p>\n<p>Segundo ela, o <strong>valor do combust\u00edvel<\/strong> afeta o trabalho dos motoristas de aplicativo em v\u00e1rias frentes. Para que o lucro n\u00e3o diminua tanto quando o combust\u00edvel est\u00e1 mais caro, muitos recorrem a mais horas de trabalho ou dirigem em regi\u00f5es e hor\u00e1rios espec\u00edficos para obter mais ganhos.<\/p>\n<p>&#8220;O pre\u00e7o reflete n\u00e3o s\u00f3 nos meus ganhos, mas tamb\u00e9m na minha seguran\u00e7a e no modo como eu tenho de trabalhar&#8221;, diz. &#8220;O aplicativo paga um pre\u00e7o din\u00e2mico maior para corridas em regi\u00f5es mais perigosas, por exemplo, porque os motoristas costumam recusar.&#8221;<\/p>\n\t<p>\n\t\t<a href=\"https:\/\/lp.suno.com.br\/planilha-controle-gastos\/\" target=\"_blank\" data-element=\"shortcode-suno-banner\" title=\"Banner SUNO, clique e saiba mais\">\n\t\t\t<picture>\n\t\t\t\t<source media=\"(max-width: 500px)\" srcset=\"https:\/\/files.sunoresearch.com.br\/n\/uploads\/2023\/03\/400x300-Planilha-controle-de-gastos.png\">\n\t\t\t\t<img class=\"newsContent__article__imgCapa newsContent__article__imgCapa--banner\"\n\t\t\t\t\tsrc=\"https:\/\/files.sunoresearch.com.br\/n\/uploads\/2023\/03\/1420x240-Planilha-controle-de-gastos.png\"\n\t\t\t\t\tdata-promo-id=\"101751\"\t\t\t\t\t\t\t\t\t\twidth='1420' height='240'\t\t\t\t\talt=\"https:\/\/files.sunoresearch.com.br\/n\/uploads\/2023\/03\/1420x240-Planilha-controle-de-gastos.png\"\n\t\t\t\t>\n\t\t\t<\/picture>\n\t\t<\/a>\n\t<\/p>\n\n\n<p>Outro que sentiu no bolso a <strong>queda do pre\u00e7o da gasolina<\/strong> foi Lenaildo de Souza Dias, taxista em S\u00e3o Paulo h\u00e1 20 anos. &#8220;Eu uso uma m\u00e9dia de R$ 100 a R$ 150 por dia para abastecer. Com o pre\u00e7o mais baixo, podemos rodar a mesma quantidade de quil\u00f4metros gastando menos, o que ajuda muito na di\u00e1ria no fim do dia. Ajuda todo mundo que trabalha com ve\u00edculo&#8221;, disse.<\/p>\n<p>Presidente da Associa\u00e7\u00e3o dos Motoristas de Aplicativo de S\u00e3o Paulo (Amasp), Eduardo Lima de Souza adverte, por\u00e9m, que o quadro n\u00e3o \u00e9 est\u00e1vel. &#8220;Nossa preocupa\u00e7\u00e3o \u00e9 que, enquanto o governo faz uma manobra gigantesca para essa redu\u00e7\u00e3o, o d\u00f3lar ainda est\u00e1 na atividade em conex\u00e3o com o petr\u00f3leo. Se o <strong>d\u00f3lar<\/strong> aumentar, a gente volta a pagar o que estava pagando antes.&#8221;<b><\/b><\/p>\n\t<p>\n\t\t<a href=\"https:\/\/lp.suno.com.br\/planilha-da-vida-financeira\/\" target=\"_blank\" data-element=\"shortcode-suno-banner\" title=\"Banner SUNO, clique e saiba mais\">\n\t\t\t<picture>\n\t\t\t\t<source media=\"(max-width: 500px)\" srcset=\"https:\/\/files.sunoresearch.com.br\/n\/uploads\/2023\/04\/400x300-Planilha-vida-financeira-true.png\">\n\t\t\t\t<img class=\"newsContent__article__imgCapa newsContent__article__imgCapa--banner\"\n\t\t\t\t\tsrc=\"https:\/\/files.sunoresearch.com.br\/n\/uploads\/2023\/04\/1420x240-Planilha-vida-financeira-true.png\"\n\t\t\t\t\tdata-promo-id=\"106682\"\t\t\t\t\t\t\t\t\t\twidth='1420' height='240'\t\t\t\t\talt=\"https:\/\/files.sunoresearch.com.br\/n\/uploads\/2023\/04\/1420x240-Planilha-vida-financeira-true.png\"\n\t\t\t\t>\n\t\t\t<\/picture>\n\t\t<\/a>\n\t<\/p>\n\n\n<h2>ICMS: Governador de SP corta imposto da gasolina para 18%<\/h2>\n<p>Em S\u00e3o Paulo o\u00a0<a href=\"https:\/\/www.suno.com.br\/artigos\/icms\/\"><strong>ICMS<\/strong>\u00a0<\/a>da gasolina ter\u00e1 a al\u00edquota reduzida, saindo de 25% para 18%. A medida foi tomada pelo governador do estado, Rodrigo Garcia (PSD), conforme an\u00fancio desta segunda-feira (27).<\/p>\n<p>A\u00a0<strong>redu\u00e7\u00e3o no ICMS<\/strong>\u00a0em S\u00e3o Paulo ocorre logo ap\u00f3s o presidente\u00a0<a href=\"https:\/\/www.suno.com.br\/noticias\/petrobras-petr4-cpi-bolsonaro\/\">Jair Bolsonaro (PL)<\/a>\u00a0sancionar, na sexta-feira (24), o\u00a0<a href=\"https:\/\/www.suno.com.br\/noticias\/camara-aprova-texto-base-icms-teto\/\">teto na cobran\u00e7a do imposto estadual sobre os combust\u00edveis<\/a>.<\/p>\n<p>Ao criticar o veto presidencial \u00e0 compensa\u00e7\u00e3o financeira dos Estados, Garcia informou que a redu\u00e7\u00e3o do tributo nas vendas do\u00a0<strong>combust\u00edvel<\/strong>\u00a0representa uma perda de arrecada\u00e7\u00e3o, em base anualizada, de R$ 4,4 bilh\u00f5es, o que vai comprometer investimentos do Estado em \u00e1reas estrat\u00e9gicas, incluindo sa\u00fade e educa\u00e7\u00e3o.<\/p>\n\t<p>\n\t\t<a href=\"https:\/\/lp.suno.com.br\/ebook-como-analisar-uma-acao\/\" target=\"_blank\" data-element=\"shortcode-suno-banner\" title=\"Banner SUNO, clique e saiba mais\">\n\t\t\t<picture>\n\t\t\t\t<source media=\"(max-width: 500px)\" srcset=\"https:\/\/files.sunoresearch.com.br\/n\/uploads\/2023\/03\/Ebook-Acoes-Mobile-1.jpg\">\n\t\t\t\t<img class=\"newsContent__article__imgCapa newsContent__article__imgCapa--banner\"\n\t\t\t\t\tsrc=\"https:\/\/files.sunoresearch.com.br\/n\/uploads\/2023\/03\/Ebook-Acoes-Desktop-1.jpg\"\n\t\t\t\t\tdata-promo-id=\"171998\"\t\t\t\t\t\t\t\t\t\twidth='1420' height='286'\t\t\t\t\talt=\"https:\/\/files.sunoresearch.com.br\/n\/uploads\/2023\/03\/Ebook-Acoes-Desktop-1.jpg\"\n\t\t\t\t>\n\t\t\t<\/picture>\n\t\t<\/a>\n\t<\/p>\n\n\n<p>Durante o an\u00fancio em entrevista coletiva ao lado do secret\u00e1rio estadual da Fazenda, Felipe Salto, no Pal\u00e1cio dos Bandeirantes,\u00a0<strong>Garcia<\/strong>\u00a0disse que a expectativa \u00e9 de uma queda de 48 centavos, para abaixo de R$ 6,50, do pre\u00e7o da gasolina na bomba dos postos paulistas.<\/p>\n<p>O governador de\u00a0S\u00e3o Paulo ressaltou que, apesar de implantar desde j\u00e1 o limite m\u00e1ximo do imposto para aliviar a infla\u00e7\u00e3o que pesa na renda das fam\u00edlias, o ICMS nunca foi o vil\u00e3o do pre\u00e7o da <strong>gasolina<\/strong>, mas sim a pol\u00edtica de pre\u00e7os da Petrobras, que \u00e9 nacional.<\/p>\n<p class=\"newsProviderSignature\">(<em>Com informa\u00e7\u00f5es do Estad\u00e3o Conte\u00fado<\/em>)<\/p>\n\t<p>\n\t\t<a href=\"https:\/\/lp.suno.com.br\/planilha-de-controle-de-investimentos\/\" target=\"_blank\" data-element=\"shortcode-suno-banner\" title=\"Banner SUNO, clique e saiba mais\">\n\t\t\t<picture>\n\t\t\t\t<source media=\"(max-width: 500px)\" srcset=\"https:\/\/files.sunoresearch.com.br\/n\/uploads\/2023\/03\/400x300-Controle-de-Investimentos.png\">\n\t\t\t\t<img class=\"newsContent__article__imgCapa newsContent__article__imgCapa--banner\"\n\t\t\t\t\tsrc=\"https:\/\/files.sunoresearch.com.br\/n\/uploads\/2023\/03\/1420x240-Controle-de-Investimentos.png\"\n\t\t\t\t\tdata-promo-id=\"75934\"\t\t\t\t\t\t\t\t\t\twidth='1420' height='240'\t\t\t\t\talt=\"https:\/\/files.sunoresearch.com.br\/n\/uploads\/2023\/03\/1420x240-Controle-de-Investimentos.png\"\n\t\t\t\t>\n\t\t\t<\/picture>\n\t\t<\/a>\n\t<\/p>\n\n\n","protected":false},"excerpt":{"rendered":"<p>Um levantamento do Procon-SP mostra que o pre\u00e7o do litro da gasolina teve redu\u00e7\u00e3o m\u00e9dia de R$ 0,30 no Estado. A queda foi constatada nos dias 28 e 29 de junho, ap\u00f3s o governador Rodrigo Garcia anunciar a redu\u00e7\u00e3o do ICMS sobre a gasolina de 25% para 18%. Receita Federal realiza opera\u00e7\u00e3o contra fraudes na [&hellip;]<\/p>\n","protected":false},"author":43,"featured_media":243145,"comment_status":"closed","ping_status":"closed","sticky":false,"template":"","format":"standard","meta":[],"categories":[64],"tags":[879],"suno_strategy":[],"class_list":["post-273190","post","type-post","status-publish","format-standard","has-post-thumbnail","hentry","category-negocios","tag-gasolina"],"yoast_head":"<!-- This site is optimized with the Yoast SEO plugin v24.4 - https:\/\/yoast.com\/wordpress\/plugins\/seo\/ -->\n<title>Procon-SP apura queda de R$ 0,30 na gasolina<\/title>\n<meta name=\"description\" content=\"Um levantamento do Procon-SP mostra que o pre\u00e7o do litro da gasolina teve redu\u00e7\u00e3o m\u00e9dia de R$ 0,30 no Estado, ap\u00f3s queda do ICMS.\" \/>\n<meta name=\"robots\" content=\"index, follow, max-snippet:-1, max-image-preview:large, max-video-preview:-1\" \/>\n<link rel=\"canonical\" href=\"https:\/\/www.suno.com.br\/noticias\/procon-sp-apura-queda-na-gasolina\/\" \/>\n<meta property=\"og:locale\" content=\"pt_BR\" \/>\n<meta property=\"og:type\" content=\"article\" \/>\n<meta property=\"og:title\" content=\"Procon-SP apura queda de R$ 0,30 na gasolina\" \/>\n<meta property=\"og:description\" content=\"Um levantamento do Procon-SP mostra que o pre\u00e7o do litro da gasolina teve redu\u00e7\u00e3o m\u00e9dia de R$ 0,30 no Estado, ap\u00f3s queda do ICMS.\" \/>\n<meta property=\"og:url\" content=\"https:\/\/www.suno.com.br\/noticias\/procon-sp-apura-queda-na-gasolina\/\" \/>\n<meta property=\"og:site_name\" content=\"Suno Not\u00edcias\" \/>\n<meta property=\"article:publisher\" content=\"https:\/\/facebook.com\/sunoresearch\" \/>\n<meta property=\"article:author\" content=\"https:\/\/www.facebook.com\/sunonoticias\/\" \/>\n<meta property=\"og:image\" content=\"https:\/\/files.sunoresearch.com.br\/n\/uploads\/2022\/03\/Gasolina-scaled.jpg\" \/>\n\t<meta property=\"og:image:width\" content=\"2560\" \/>\n\t<meta property=\"og:image:height\" content=\"1707\" \/>\n\t<meta property=\"og:image:type\" content=\"image\/jpeg\" \/>\n<meta name=\"author\" content=\"Reda\u00e7\u00e3o Suno Not\u00edcias\" \/>\n<meta name=\"twitter:card\" content=\"summary_large_image\" \/>\n<meta name=\"twitter:creator\" content=\"@https:\/\/twitter.com\/sunoresearch\" \/>\n<meta name=\"twitter:site\" content=\"@sunoresearch\" \/>\n<meta name=\"twitter:label1\" content=\"Escrito por\" \/>\n\t<meta name=\"twitter:data1\" content=\"Reda\u00e7\u00e3o Suno Not\u00edcias\" \/>\n\t<meta name=\"twitter:label2\" content=\"Est. tempo de leitura\" \/>\n\t<meta name=\"twitter:data2\" content=\"4 minutos\" \/>\n<script type=\"application\/ld+json\" class=\"yoast-schema-graph\">{\"@context\":\"https:\/\/schema.org\",\"@graph\":[{\"@type\":\"NewsArticle\",\"@id\":\"https:\/\/www.suno.com.br\/noticias\/procon-sp-apura-queda-na-gasolina\/#article\",\"isPartOf\":{\"@id\":\"https:\/\/www.suno.com.br\/noticias\/procon-sp-apura-queda-na-gasolina\/\"},\"author\":{\"name\":\"Reda\u00e7\u00e3o Suno Not\u00edcias\",\"@id\":\"https:\/\/www.suno.com.br\/noticias\/#\/schema\/person\/c1b1bd3727fa852bd045e9dbff3673ea\"},\"headline\":\"Procon-SP apura queda de R$ 0,30 na gasolina\",\"datePublished\":\"2022-07-02T18:51:06+00:00\",\"mainEntityOfPage\":{\"@id\":\"https:\/\/www.suno.com.br\/noticias\/procon-sp-apura-queda-na-gasolina\/\"},\"wordCount\":609,\"publisher\":{\"@id\":\"https:\/\/www.suno.com.br\/noticias\/#organization\"},\"image\":{\"@id\":\"https:\/\/www.suno.com.br\/noticias\/procon-sp-apura-queda-na-gasolina\/#primaryimage\"},\"thumbnailUrl\":\"https:\/\/files.sunoresearch.com.br\/n\/uploads\/2022\/03\/Gasolina-scaled.jpg\",\"keywords\":[\"Gasolina\"],\"articleSection\":[\"Neg\u00f3cios\"],\"inLanguage\":\"pt-BR\"},{\"@type\":\"WebPage\",\"@id\":\"https:\/\/www.suno.com.br\/noticias\/procon-sp-apura-queda-na-gasolina\/\",\"url\":\"https:\/\/www.suno.com.br\/noticias\/procon-sp-apura-queda-na-gasolina\/\",\"name\":\"Procon-SP apura queda de R$ 0,30 na gasolina\",\"isPartOf\":{\"@id\":\"https:\/\/www.suno.com.br\/noticias\/#website\"},\"primaryImageOfPage\":{\"@id\":\"https:\/\/www.suno.com.br\/noticias\/procon-sp-apura-queda-na-gasolina\/#primaryimage\"},\"image\":{\"@id\":\"https:\/\/www.suno.com.br\/noticias\/procon-sp-apura-queda-na-gasolina\/#primaryimage\"},\"thumbnailUrl\":\"https:\/\/files.sunoresearch.com.br\/n\/uploads\/2022\/03\/Gasolina-scaled.jpg\",\"datePublished\":\"2022-07-02T18:51:06+00:00\",\"description\":\"Um levantamento do Procon-SP mostra que o pre\u00e7o do litro da gasolina teve redu\u00e7\u00e3o m\u00e9dia de R$ 0,30 no Estado, ap\u00f3s queda do ICMS.\",\"breadcrumb\":{\"@id\":\"https:\/\/www.suno.com.br\/noticias\/procon-sp-apura-queda-na-gasolina\/#breadcrumb\"},\"inLanguage\":\"pt-BR\",\"potentialAction\":[{\"@type\":\"ReadAction\",\"target\":[\"https:\/\/www.suno.com.br\/noticias\/procon-sp-apura-queda-na-gasolina\/\"]}]},{\"@type\":\"ImageObject\",\"inLanguage\":\"pt-BR\",\"@id\":\"https:\/\/www.suno.com.br\/noticias\/procon-sp-apura-queda-na-gasolina\/#primaryimage\",\"url\":\"https:\/\/files.sunoresearch.com.br\/n\/uploads\/2022\/03\/Gasolina-scaled.jpg\",\"contentUrl\":\"https:\/\/files.sunoresearch.com.br\/n\/uploads\/2022\/03\/Gasolina-scaled.jpg\",\"width\":2560,\"height\":1707,\"caption\":\"Receita Federal realiza opera\u00e7\u00e3o contra fraudes na importa\u00e7\u00e3o de combust\u00edveis. Foto: Marcello Casal jr\/Ag\u00eancia Brasil\"},{\"@type\":\"BreadcrumbList\",\"@id\":\"https:\/\/www.suno.com.br\/noticias\/procon-sp-apura-queda-na-gasolina\/#breadcrumb\",\"itemListElement\":[{\"@type\":\"ListItem\",\"position\":1,\"name\":\"Not\u00edcias\",\"item\":\"https:\/\/www.suno.com.br\/noticias\/\"},{\"@type\":\"ListItem\",\"position\":2,\"name\":\"Neg\u00f3cios\",\"item\":\"https:\/\/www.suno.com.br\/noticias\/negocios\/\"},{\"@type\":\"ListItem\",\"position\":3,\"name\":\"Procon-SP apura queda de R$ 0,30 na gasolina\"}]},{\"@type\":\"WebSite\",\"@id\":\"https:\/\/www.suno.com.br\/noticias\/#website\",\"url\":\"https:\/\/www.suno.com.br\/noticias\/\",\"name\":\"Suno Not\u00edcias\",\"description\":\"Seu portal de informa\u00e7\u00e3o sobre o mundo dos investimentos\",\"publisher\":{\"@id\":\"https:\/\/www.suno.com.br\/noticias\/#organization\"},\"potentialAction\":[{\"@type\":\"SearchAction\",\"target\":{\"@type\":\"EntryPoint\",\"urlTemplate\":\"https:\/\/www.suno.com.br\/noticias\/?s={search_term_string}\"},\"query-input\":{\"@type\":\"PropertyValueSpecification\",\"valueRequired\":true,\"valueName\":\"search_term_string\"}}],\"inLanguage\":\"pt-BR\"},{\"@type\":\"Organization\",\"@id\":\"https:\/\/www.suno.com.br\/noticias\/#organization\",\"name\":\"Suno Not\u00edcias\",\"url\":\"https:\/\/www.suno.com.br\/noticias\/\",\"logo\":{\"@type\":\"ImageObject\",\"inLanguage\":\"pt-BR\",\"@id\":\"https:\/\/www.suno.com.br\/noticias\/#\/schema\/logo\/image\/\",\"url\":\"https:\/\/files.sunoresearch.com.br\/n\/uploads\/2021\/09\/suno-logo.png\",\"contentUrl\":\"https:\/\/files.sunoresearch.com.br\/n\/uploads\/2021\/09\/suno-logo.png\",\"width\":180,\"height\":180,\"caption\":\"Suno Not\u00edcias\"},\"image\":{\"@id\":\"https:\/\/www.suno.com.br\/noticias\/#\/schema\/logo\/image\/\"},\"sameAs\":[\"https:\/\/facebook.com\/sunoresearch\",\"https:\/\/x.com\/sunoresearch\",\"https:\/\/www.instagram.com\/suno\",\"https:\/\/www.linkedin.com\/company\/suno-research\/\",\"https:\/\/www.youtube.com\/c\/sunoresearch\"]},{\"@type\":\"Person\",\"@id\":\"https:\/\/www.suno.com.br\/noticias\/#\/schema\/person\/c1b1bd3727fa852bd045e9dbff3673ea\",\"name\":\"Reda\u00e7\u00e3o Suno Not\u00edcias\",\"image\":{\"@type\":\"ImageObject\",\"inLanguage\":\"pt-BR\",\"@id\":\"https:\/\/www.suno.com.br\/noticias\/#\/schema\/person\/image\/\",\"url\":\"https:\/\/secure.gravatar.com\/avatar\/b8104b9b5a71985d5238ee59fbe418af?s=96&r=g\",\"contentUrl\":\"https:\/\/secure.gravatar.com\/avatar\/b8104b9b5a71985d5238ee59fbe418af?s=96&r=g\",\"caption\":\"Reda\u00e7\u00e3o Suno Not\u00edcias\"},\"description\":\"O Suno Not\u00edcias \u00e9 um portal de informa\u00e7\u00f5es sobre Mercado Financeiro, Pol\u00edtica, Neg\u00f3cios, Economia e Finan\u00e7as Pessoais.\",\"sameAs\":[\"https:\/\/www.suno.com.br\/noticias\",\"https:\/\/www.facebook.com\/sunonoticias\/\",\"https:\/\/www.instagram.com\/sunonoticias\/\",\"https:\/\/x.com\/https:\/\/twitter.com\/sunoresearch\",\"https:\/\/www.youtube.com\/sunonoticias\"],\"url\":\"https:\/\/www.suno.com.br\/noticias\/author\/redacao-suno\/\"}]}<\/script>\n<!-- \/ Yoast SEO plugin. -->","yoast_head_json":{"title":"Procon-SP apura queda de R$ 0,30 na gasolina","description":"Um levantamento do Procon-SP mostra que o pre\u00e7o do litro da gasolina teve redu\u00e7\u00e3o m\u00e9dia de R$ 0,30 no Estado, ap\u00f3s queda do ICMS.","robots":{"index":"index","follow":"follow","max-snippet":"max-snippet:-1","max-image-preview":"max-image-preview:large","max-video-preview":"max-video-preview:-1"},"canonical":"https:\/\/www.suno.com.br\/noticias\/procon-sp-apura-queda-na-gasolina\/","og_locale":"pt_BR","og_type":"article","og_title":"Procon-SP apura queda de R$ 0,30 na gasolina","og_description":"Um levantamento do Procon-SP mostra que o pre\u00e7o do litro da gasolina teve redu\u00e7\u00e3o m\u00e9dia de R$ 0,30 no Estado, ap\u00f3s queda do ICMS.","og_url":"https:\/\/www.suno.com.br\/noticias\/procon-sp-apura-queda-na-gasolina\/","og_site_name":"Suno Not\u00edcias","article_publisher":"https:\/\/facebook.com\/sunoresearch","article_author":"https:\/\/www.facebook.com\/sunonoticias\/","og_image":[{"width":2560,"height":1707,"url":"https:\/\/files.sunoresearch.com.br\/n\/uploads\/2022\/03\/Gasolina-scaled.jpg","type":"image\/jpeg"}],"author":"Reda\u00e7\u00e3o Suno Not\u00edcias","twitter_card":"summary_large_image","twitter_creator":"@https:\/\/twitter.com\/sunoresearch","twitter_site":"@sunoresearch","twitter_misc":{"Escrito por":"Reda\u00e7\u00e3o Suno Not\u00edcias","Est. tempo de leitura":"4 minutos"},"schema":{"@context":"https:\/\/schema.org","@graph":[{"@type":"NewsArticle","@id":"https:\/\/www.suno.com.br\/noticias\/procon-sp-apura-queda-na-gasolina\/#article","isPartOf":{"@id":"https:\/\/www.suno.com.br\/noticias\/procon-sp-apura-queda-na-gasolina\/"},"author":{"name":"Reda\u00e7\u00e3o Suno Not\u00edcias","@id":"https:\/\/www.suno.com.br\/noticias\/#\/schema\/person\/c1b1bd3727fa852bd045e9dbff3673ea"},"headline":"Procon-SP apura queda de R$ 0,30 na gasolina","datePublished":"2022-07-02T18:51:06+00:00","mainEntityOfPage":{"@id":"https:\/\/www.suno.com.br\/noticias\/procon-sp-apura-queda-na-gasolina\/"},"wordCount":609,"publisher":{"@id":"https:\/\/www.suno.com.br\/noticias\/#organization"},"image":{"@id":"https:\/\/www.suno.com.br\/noticias\/procon-sp-apura-queda-na-gasolina\/#primaryimage"},"thumbnailUrl":"https:\/\/files.sunoresearch.com.br\/n\/uploads\/2022\/03\/Gasolina-scaled.jpg","keywords":["Gasolina"],"articleSection":["Neg\u00f3cios"],"inLanguage":"pt-BR"},{"@type":"WebPage","@id":"https:\/\/www.suno.com.br\/noticias\/procon-sp-apura-queda-na-gasolina\/","url":"https:\/\/www.suno.com.br\/noticias\/procon-sp-apura-queda-na-gasolina\/","name":"Procon-SP apura queda de R$ 0,30 na gasolina","isPartOf":{"@id":"https:\/\/www.suno.com.br\/noticias\/#website"},"primaryImageOfPage":{"@id":"https:\/\/www.suno.com.br\/noticias\/procon-sp-apura-queda-na-gasolina\/#primaryimage"},"image":{"@id":"https:\/\/www.suno.com.br\/noticias\/procon-sp-apura-queda-na-gasolina\/#primaryimage"},"thumbnailUrl":"https:\/\/files.sunoresearch.com.br\/n\/uploads\/2022\/03\/Gasolina-scaled.jpg","datePublished":"2022-07-02T18:51:06+00:00","description":"Um levantamento do Procon-SP mostra que o pre\u00e7o do litro da gasolina teve redu\u00e7\u00e3o m\u00e9dia de R$ 0,30 no Estado, ap\u00f3s queda do ICMS.","breadcrumb":{"@id":"https:\/\/www.suno.com.br\/noticias\/procon-sp-apura-queda-na-gasolina\/#breadcrumb"},"inLanguage":"pt-BR","potentialAction":[{"@type":"ReadAction","target":["https:\/\/www.suno.com.br\/noticias\/procon-sp-apura-queda-na-gasolina\/"]}]},{"@type":"ImageObject","inLanguage":"pt-BR","@id":"https:\/\/www.suno.com.br\/noticias\/procon-sp-apura-queda-na-gasolina\/#primaryimage","url":"https:\/\/files.sunoresearch.com.br\/n\/uploads\/2022\/03\/Gasolina-scaled.jpg","contentUrl":"https:\/\/files.sunoresearch.com.br\/n\/uploads\/2022\/03\/Gasolina-scaled.jpg","width":2560,"height":1707,"caption":"Receita Federal realiza opera\u00e7\u00e3o contra fraudes na importa\u00e7\u00e3o de combust\u00edveis. Foto: Marcello Casal jr\/Ag\u00eancia Brasil"},{"@type":"BreadcrumbList","@id":"https:\/\/www.suno.com.br\/noticias\/procon-sp-apura-queda-na-gasolina\/#breadcrumb","itemListElement":[{"@type":"ListItem","position":1,"name":"Not\u00edcias","item":"https:\/\/www.suno.com.br\/noticias\/"},{"@type":"ListItem","position":2,"name":"Neg\u00f3cios","item":"https:\/\/www.suno.com.br\/noticias\/negocios\/"},{"@type":"ListItem","position":3,"name":"Procon-SP apura queda de R$ 0,30 na gasolina"}]},{"@type":"WebSite","@id":"https:\/\/www.suno.com.br\/noticias\/#website","url":"https:\/\/www.suno.com.br\/noticias\/","name":"Suno Not\u00edcias","description":"Seu portal de informa\u00e7\u00e3o sobre o mundo dos investimentos","publisher":{"@id":"https:\/\/www.suno.com.br\/noticias\/#organization"},"potentialAction":[{"@type":"SearchAction","target":{"@type":"EntryPoint","urlTemplate":"https:\/\/www.suno.com.br\/noticias\/?s={search_term_string}"},"query-input":{"@type":"PropertyValueSpecification","valueRequired":true,"valueName":"search_term_string"}}],"inLanguage":"pt-BR"},{"@type":"Organization","@id":"https:\/\/www.suno.com.br\/noticias\/#organization","name":"Suno Not\u00edcias","url":"https:\/\/www.suno.com.br\/noticias\/","logo":{"@type":"ImageObject","inLanguage":"pt-BR","@id":"https:\/\/www.suno.com.br\/noticias\/#\/schema\/logo\/image\/","url":"https:\/\/files.sunoresearch.com.br\/n\/uploads\/2021\/09\/suno-logo.png","contentUrl":"https:\/\/files.sunoresearch.com.br\/n\/uploads\/2021\/09\/suno-logo.png","width":180,"height":180,"caption":"Suno Not\u00edcias"},"image":{"@id":"https:\/\/www.suno.com.br\/noticias\/#\/schema\/logo\/image\/"},"sameAs":["https:\/\/facebook.com\/sunoresearch","https:\/\/x.com\/sunoresearch","https:\/\/www.instagram.com\/suno","https:\/\/www.linkedin.com\/company\/suno-research\/","https:\/\/www.youtube.com\/c\/sunoresearch"]},{"@type":"Person","@id":"https:\/\/www.suno.com.br\/noticias\/#\/schema\/person\/c1b1bd3727fa852bd045e9dbff3673ea","name":"Reda\u00e7\u00e3o Suno Not\u00edcias","image":{"@type":"ImageObject","inLanguage":"pt-BR","@id":"https:\/\/www.suno.com.br\/noticias\/#\/schema\/person\/image\/","url":"https:\/\/secure.gravatar.com\/avatar\/b8104b9b5a71985d5238ee59fbe418af?s=96&r=g","contentUrl":"https:\/\/secure.gravatar.com\/avatar\/b8104b9b5a71985d5238ee59fbe418af?s=96&r=g","caption":"Reda\u00e7\u00e3o Suno Not\u00edcias"},"description":"O Suno Not\u00edcias \u00e9 um portal de informa\u00e7\u00f5es sobre Mercado Financeiro, Pol\u00edtica, Neg\u00f3cios, Economia e Finan\u00e7as Pessoais.","sameAs":["https:\/\/www.suno.com.br\/noticias","https:\/\/www.facebook.com\/sunonoticias\/","https:\/\/www.instagram.com\/sunonoticias\/","https:\/\/x.com\/https:\/\/twitter.com\/sunoresearch","https:\/\/www.youtube.com\/sunonoticias"],"url":"https:\/\/www.suno.com.br\/noticias\/author\/redacao-suno\/"}]}},"default_loop_html":"<div class=\"cardsPage__listCard__boxs\"><div class=\"cardsPage__listCard__boxs__img\"><a href=\"https:\/\/www.suno.com.br\/noticias\/procon-sp-apura-queda-na-gasolina\/\"><img class=\"mask\" src=\"https:\/\/www.suno.com.br\/noticias\/wp-content\/themes\/suno\/resources\/images\/spotlight\/spotlight1img\/bg-mask.png\" alt=\"Image Mask\"\/><img src=\"https:\/\/files.sunoresearch.com.br\/n\/uploads\/2022\/03\/Gasolina-400x200.jpg\" alt=\"Procon-SP apura queda de R$ 0,30 na gasolina\"\/><\/a><span class=\"spotlightCategory\"><a href=\"https:\/\/www.suno.com.br\/noticias\/negocios\/\">Neg\u00f3cios<\/a><\/span><\/div><div class=\"cardsPage__listCard__boxs__content\"><a href=\"https:\/\/www.suno.com.br\/noticias\/procon-sp-apura-queda-na-gasolina\/\"><h2 class=\"content__title\">Procon-SP apura queda de R$ 0,30 na gasolina<\/h2><\/a><div class=\"newsContent__article__meta\"><div class=\"newsContent__article__meta__authorBox\"><a href=\"https:\/\/www.suno.com.br\/noticias\/author\/redacao-suno\/\" class=\"authorBox__avatar noMobi\"><img src=\"https:\/\/files.sunoresearch.com.br\/n\/uploads\/2020\/08\/0ace682d-redacao-1-150x150.webp\" alt=\"Reda\u00e7\u00e3o Suno Not\u00edcias\"><\/a><div class=\"authorBox__name\"><span>por\n\t\t\t<a href=\"https:\/\/www.suno.com.br\/noticias\/author\/redacao-suno\/\"><span itemprop=\"author\">Reda\u00e7\u00e3o Suno Not\u00edcias<\/span><\/a><\/span><time datetime=\"2022-07-02T15:51:06-03:00\" itemprop=\"datePublished\">02\/07\/2022 15:51<\/time><\/div><\/div><\/div><\/div><\/div>","single_layout":"posts","amp_enabled":true,"_links":{"self":[{"href":"https:\/\/www.suno.com.br\/noticias\/wp-json\/wp\/v2\/posts\/273190"}],"collection":[{"href":"https:\/\/www.suno.com.br\/noticias\/wp-json\/wp\/v2\/posts"}],"about":[{"href":"https:\/\/www.suno.com.br\/noticias\/wp-json\/wp\/v2\/types\/post"}],"author":[{"embeddable":true,"href":"https:\/\/www.suno.com.br\/noticias\/wp-json\/wp\/v2\/users\/43"}],"replies":[{"embeddable":true,"href":"https:\/\/www.suno.com.br\/noticias\/wp-json\/wp\/v2\/comments?post=273190"}],"version-history":[{"count":2,"href":"https:\/\/www.suno.com.br\/noticias\/wp-json\/wp\/v2\/posts\/273190\/revisions"}],"predecessor-version":[{"id":273274,"href":"https:\/\/www.suno.com.br\/noticias\/wp-json\/wp\/v2\/posts\/273190\/revisions\/273274"}],"wp:featuredmedia":[{"embeddable":true,"href":"https:\/\/www.suno.com.br\/noticias\/wp-json\/wp\/v2\/media\/243145"}],"wp:attachment":[{"href":"https:\/\/www.suno.com.br\/noticias\/wp-json\/wp\/v2\/media?parent=273190"}],"wp:term":[{"taxonomy":"category","embeddable":true,"href":"https:\/\/www.suno.com.br\/noticias\/wp-json\/wp\/v2\/categories?post=273190"},{"taxonomy":"post_tag","embeddable":true,"href":"https:\/\/www.suno.com.br\/noticias\/wp-json\/wp\/v2\/tags?post=273190"},{"taxonomy":"suno_strategy","embeddable":true,"href":"https:\/\/www.suno.com.br\/noticias\/wp-json\/wp\/v2\/suno_strategy?post=273190"}],"curies":[{"name":"wp","href":"https:\/\/api.w.org\/{rel}","templated":true}]}}