{"id":273053,"date":"2022-07-01T19:13:00","date_gmt":"2022-07-01T22:13:00","guid":{"rendered":"https:\/\/www.suno.com.br\/noticias\/?p=273053"},"modified":"2022-07-05T14:15:23","modified_gmt":"2022-07-05T17:15:23","slug":"alliar-aalr3-novo-ceo-mira-fusoes-aquisicoes","status":"publish","type":"post","link":"https:\/\/www.suno.com.br\/noticias\/alliar-aalr3-novo-ceo-mira-fusoes-aquisicoes\/","title":{"rendered":"Alliar (AALR3) mira em fus\u00f5es e aquisi\u00e7\u00f5es e ter\u00e1 novo CEO, diz jornal"},"content":{"rendered":"<p>A <a class=\"suno-keyword\" href=\"https:\/\/www.suno.com.br\/acoes\/AALR3\/\" target=\"_blank\" rel=\"noopener\" data-force=\"yes\" data-priority=\"2\"><strong>Alliar<\/strong> (AALR3)<\/a> recrutou Pedro Thompson como seu novo CEO, de acordo com fontes ouvidas pelo<em> Brazil Journal<\/em>.<\/p>\t<div class=\"wrapper-featured-image\">\n\t\t<figure class=\"spotlightImg\">\n\n\t\t\t<picture>\n\t\t\t\t<source media=\"(max-width: 768px)\" srcset=\"https:\/\/files.sunoresearch.com.br\/n\/uploads\/2022\/03\/alliar-foto-divulgacao-400x200.jpg\">\n\t\t\t\t<img loading=\"lazy\" decoding=\"async\" class=\"newsContent__article__imgCapa lazyloadDisabled \" src=\"https:\/\/files.sunoresearch.com.br\/n\/uploads\/2022\/03\/alliar-foto-divulgacao-800x450.jpg\" width=\"800\" height=\"450\" alt=\"Alliar (AALR3) mira em fus\u00f5es e aquisi\u00e7\u00f5es e ter\u00e1 novo CEO, diz jornal\" fetchpriority=high \/>\n\t\t\t<\/picture>\n\n\t\t\t<figcaption class=\"wp-caption-text wp-caption-text--show\">Alliar. Foto: Divulga\u00e7\u00e3o<\/figcaption>\n\t\t<\/figure>\n\t<\/div>\n\n\n\t<p>\n\t\t<a href=\"\" target=\"_blank\" data-element=\"shortcode-suno-banner\" title=\"Banner SUNO, clique e saiba mais\">\n\t\t\t<picture>\n\t\t\t\t<source media=\"(max-width: 500px)\" srcset=\"\">\n\t\t\t\t<img class=\"newsContent__article__imgCapa newsContent__article__imgCapa--banner\"\n\t\t\t\t\tsrc=\"\"\n\t\t\t\t\tdata-promo-id=\"138420\"\t\t\t\t\t\t\t\t\t\t\t\t\t\t\talt=\"\"\n\t\t\t\t>\n\t\t\t<\/picture>\n\t\t<\/a>\n\t<\/p>\n\n\n<p>Essa \u00e9 a primeira grande mudan\u00e7a nos altos cargos corporativos da companhia desde que Nelson Tanure assumiu o controle do grupo. Ao que parece, Thompson ir\u00e1 come\u00e7ar como CEO na pr\u00f3xima segunda-feira (4).<\/p>\n<p>Conforme a reportagem, Karla Maciel Dolabella, que trabalhava at\u00e9 ent\u00e3o como diretora interina, voltar\u00e1 para o cargo de CFO. O vice-presidente da Alliar, o m\u00e9dico Gustavo Meirelles, tamb\u00e9m continuar\u00e1 na posi\u00e7\u00e3o. Ambos est\u00e3o na empresa h\u00e1 um ano e meio.<\/p>\n<p>O curr\u00edculo de Peter Thompson inclui quatro anos no <a class=\"suno-keyword\" href=\"https:\/\/www.suno.com.br\/artigos\/private-equity\/\" target=\"_blank\" rel=\"noopener\" data-force=\"no\" data-priority=\"1\">private equity<\/a> da <a class=\"suno-keyword\" href=\"https:\/\/www.suno.com.br\/acoes\/BPAC11\/\" target=\"_blank\" rel=\"noopener\" data-force=\"yes\" data-priority=\"2\">BTG Pactual (BPAC11)<\/a>, al\u00e9m do comando da Est\u00e1cio, da Exame e da ag\u00eancia online de viagens Hurb.<\/p>\n\t<p>\n\t\t<a href=\"https:\/\/lp.suno.com.br\/planilha-controle-gastos\/\" target=\"_blank\" data-element=\"shortcode-suno-banner\" title=\"Banner SUNO, clique e saiba mais\">\n\t\t\t<picture>\n\t\t\t\t<source media=\"(max-width: 500px)\" srcset=\"https:\/\/files.sunoresearch.com.br\/n\/uploads\/2023\/03\/400x300-Planilha-controle-de-gastos.png\">\n\t\t\t\t<img class=\"newsContent__article__imgCapa newsContent__article__imgCapa--banner\"\n\t\t\t\t\tsrc=\"https:\/\/files.sunoresearch.com.br\/n\/uploads\/2023\/03\/1420x240-Planilha-controle-de-gastos.png\"\n\t\t\t\t\tdata-promo-id=\"101751\"\t\t\t\t\t\t\t\t\t\twidth='1420' height='240'\t\t\t\t\talt=\"https:\/\/files.sunoresearch.com.br\/n\/uploads\/2023\/03\/1420x240-Planilha-controle-de-gastos.png\"\n\t\t\t\t>\n\t\t\t<\/picture>\n\t\t<\/a>\n\t<\/p>\n\n\n<p>O novo desafio para o executivo ser\u00e1 redescobrir um caminho de crescimento para a Alliar, em um mercado mais competitivo e consolidado do que nunca. Na quinta-feira (30), a <a class=\"suno-keyword\" href=\"https:\/\/www.suno.com.br\/acoes\/FLRY3\/\" target=\"_blank\" rel=\"noopener\" data-force=\"yes\" data-priority=\"2\"><strong>Fleury<\/strong>\u00a0(FLRY3)<\/a>\u00a0e a\u00a0<a class=\"suno-keyword\" href=\"https:\/\/www.suno.com.br\/acoes\/PARD3\/\" target=\"_blank\" rel=\"noopener\" data-force=\"yes\" data-priority=\"2\"><strong>Hermes Pardini<\/strong> (PARD3)<\/a> anunciaram ao mercado e aos seus acionistas que foi acertada uma reorganiza\u00e7\u00e3o societ\u00e1ria, com a combina\u00e7\u00e3o dos neg\u00f3cios e das bases acion\u00e1rias das empresas.<\/p>\n<p>A Alliar observou queda nas vendas e no lucro antes de juros, impostos, <a class=\"suno-keyword\" href=\"https:\/\/www.suno.com.br\/artigos\/depreciacao-amortizacao\/\" target=\"_blank\" rel=\"noopener\" data-force=\"no\" data-priority=\"1\">deprecia\u00e7\u00e3o e amortiza\u00e7\u00e3o<\/a> (Ebitda, da sigla em ingl\u00eas) da companhia, que ficou 56% abaixo no primeiro trimestre de 2022 em compara\u00e7\u00e3o ao imediatamente anterior.<\/p>\n\t<p>\n\t\t<a href=\"https:\/\/lp.suno.com.br\/planilha-da-vida-financeira\/\" target=\"_blank\" data-element=\"shortcode-suno-banner\" title=\"Banner SUNO, clique e saiba mais\">\n\t\t\t<picture>\n\t\t\t\t<source media=\"(max-width: 500px)\" srcset=\"https:\/\/files.sunoresearch.com.br\/n\/uploads\/2023\/04\/400x300-Planilha-vida-financeira-true.png\">\n\t\t\t\t<img class=\"newsContent__article__imgCapa newsContent__article__imgCapa--banner\"\n\t\t\t\t\tsrc=\"https:\/\/files.sunoresearch.com.br\/n\/uploads\/2023\/04\/1420x240-Planilha-vida-financeira-true.png\"\n\t\t\t\t\tdata-promo-id=\"106682\"\t\t\t\t\t\t\t\t\t\twidth='1420' height='240'\t\t\t\t\talt=\"https:\/\/files.sunoresearch.com.br\/n\/uploads\/2023\/04\/1420x240-Planilha-vida-financeira-true.png\"\n\t\t\t\t>\n\t\t\t<\/picture>\n\t\t<\/a>\n\t<\/p>\n\n\n<p>Em parte, esse resultado veio pior do que o esperado, pois estava contra uma base de compara\u00e7\u00e3o alta.<\/p>\n<p>Outro desafio ser\u00e1 melhorar a <a class=\"suno-keyword\" href=\"https:\/\/www.suno.com.br\/artigos\/indicadores-estrutura-capital\/\" target=\"_blank\" rel=\"noopener\" data-force=\"no\" data-priority=\"1\">estrutura de capital<\/a>. Fontes do <em>Brazil Journal<\/em> afirmam que Thompson pretende buscar crescimento tanto de forma org\u00e2nica quanto com uma agenda mais agressiva de <a class=\"suno-keyword\" href=\"https:\/\/www.suno.com.br\/artigos\/fusoes-aquisicoes\/\" target=\"_blank\" rel=\"noopener\" data-force=\"no\" data-priority=\"1\">fus\u00f5es e aquisi\u00e7\u00f5es<\/a>, o que deve envolver tanto laborat\u00f3rios menores quanto empresas de tecnologia e novos neg\u00f3cios. O plano \u00e9 consolidar a diversifica\u00e7\u00e3o no portf\u00f3lio da empresa &#8212; atualmente concentrado em radiologia.<\/p>\n\t<p>\n\t\t<a href=\"https:\/\/lp.suno.com.br\/ebook-como-analisar-uma-acao\/\" target=\"_blank\" data-element=\"shortcode-suno-banner\" title=\"Banner SUNO, clique e saiba mais\">\n\t\t\t<picture>\n\t\t\t\t<source media=\"(max-width: 500px)\" srcset=\"https:\/\/files.sunoresearch.com.br\/n\/uploads\/2023\/03\/Ebook-Acoes-Mobile-1.jpg\">\n\t\t\t\t<img class=\"newsContent__article__imgCapa newsContent__article__imgCapa--banner\"\n\t\t\t\t\tsrc=\"https:\/\/files.sunoresearch.com.br\/n\/uploads\/2023\/03\/Ebook-Acoes-Desktop-1.jpg\"\n\t\t\t\t\tdata-promo-id=\"171998\"\t\t\t\t\t\t\t\t\t\twidth='1420' height='286'\t\t\t\t\talt=\"https:\/\/files.sunoresearch.com.br\/n\/uploads\/2023\/03\/Ebook-Acoes-Desktop-1.jpg\"\n\t\t\t\t>\n\t\t\t<\/picture>\n\t\t<\/a>\n\t<\/p>\n\n\n<h2>Entenda a trajet\u00f3ria de Tanure na Alliar<\/h2>\n<p>Atualmente, Tanure \u00e9 dono de 63,28% da Alliar, que custou R$ 1,25 bilh\u00f5es. Em abril deste ano, adquiriu o controle comprando a participa\u00e7\u00e3o dos m\u00e9dicos fundadores. Eles ainda t\u00eam a op\u00e7\u00e3o de vender mais 17% da empresa a Tanure at\u00e9 o final do ano que vem.<\/p>\n<p>Ap\u00f3s assumir o controle da Alliar, <strong>Nelson Tanure<\/strong> passa a mirar na expans\u00e3o da empresa e consolida\u00e7\u00e3o da marca, com o objetivo de transformar a companhia em um dos maiores players do Pa\u00eds.<\/p>\n<p>Em novembro de 2021, os acionistas controladores da\u00a0<strong>Alliar<\/strong> aceitaram a proposta da MAM Asset, que representou os interesses de Tanure, para a aquisi\u00e7\u00e3o de at\u00e9 62,6 milh\u00f5es de a\u00e7\u00f5es, pelo valor de R$ 20,50 por a\u00e7\u00e3o. Ontem os pap\u00e9is da empresa fecharam em alta de 0,15%, a R$ 18,95.<\/p>\n\t<p>\n\t\t<a href=\"https:\/\/lp.suno.com.br\/planilha-de-controle-de-investimentos\/\" target=\"_blank\" data-element=\"shortcode-suno-banner\" title=\"Banner SUNO, clique e saiba mais\">\n\t\t\t<picture>\n\t\t\t\t<source media=\"(max-width: 500px)\" srcset=\"https:\/\/files.sunoresearch.com.br\/n\/uploads\/2023\/03\/400x300-Controle-de-Investimentos.png\">\n\t\t\t\t<img class=\"newsContent__article__imgCapa newsContent__article__imgCapa--banner\"\n\t\t\t\t\tsrc=\"https:\/\/files.sunoresearch.com.br\/n\/uploads\/2023\/03\/1420x240-Controle-de-Investimentos.png\"\n\t\t\t\t\tdata-promo-id=\"75934\"\t\t\t\t\t\t\t\t\t\twidth='1420' height='240'\t\t\t\t\talt=\"https:\/\/files.sunoresearch.com.br\/n\/uploads\/2023\/03\/1420x240-Controle-de-Investimentos.png\"\n\t\t\t\t>\n\t\t\t<\/picture>\n\t\t<\/a>\n\t<\/p>\n\n\n","protected":false},"excerpt":{"rendered":"<p>A Alliar (AALR3) recrutou Pedro Thompson como seu novo CEO, de acordo com fontes ouvidas pelo Brazil Journal. Alliar. Foto: Divulga\u00e7\u00e3o Essa \u00e9 a primeira grande mudan\u00e7a nos altos cargos corporativos da companhia desde que Nelson Tanure assumiu o controle do grupo. Ao que parece, Thompson ir\u00e1 come\u00e7ar como CEO na pr\u00f3xima segunda-feira (4). Conforme [&hellip;]<\/p>\n","protected":false},"author":146,"featured_media":246526,"comment_status":"closed","ping_status":"closed","sticky":false,"template":"","format":"standard","meta":[],"categories":[64],"tags":[92617],"suno_strategy":[],"class_list":["post-273053","post","type-post","status-publish","format-standard","has-post-thumbnail","hentry","category-negocios","tag-alliar-aalr3"],"yoast_head":"<!-- This site is optimized with the Yoast SEO plugin v24.4 - https:\/\/yoast.com\/wordpress\/plugins\/seo\/ -->\n<title>Alliar (AALR3) mira em fus\u00f5es e aquisi\u00e7\u00f5es e ter\u00e1 novo CEO, diz jornal<\/title>\n<meta name=\"description\" content=\"A Alliar (AALR3) ter\u00e1 um novo CEO, de acordo com o Brazil Journal. O novo objetivo da empresa ser\u00e1 realizar fus\u00f5es e aquisi\u00e7\u00f5es.\" \/>\n<meta name=\"robots\" content=\"index, follow, max-snippet:-1, max-image-preview:large, max-video-preview:-1\" \/>\n<link rel=\"canonical\" href=\"https:\/\/www.suno.com.br\/noticias\/alliar-aalr3-novo-ceo-mira-fusoes-aquisicoes\/\" \/>\n<meta property=\"og:locale\" content=\"pt_BR\" \/>\n<meta property=\"og:type\" content=\"article\" \/>\n<meta property=\"og:title\" content=\"Alliar (AALR3) mira em fus\u00f5es e aquisi\u00e7\u00f5es e ter\u00e1 novo CEO, diz jornal\" \/>\n<meta property=\"og:description\" content=\"A Alliar (AALR3) ter\u00e1 um novo CEO, de acordo com o Brazil Journal. O novo objetivo da empresa ser\u00e1 realizar fus\u00f5es e aquisi\u00e7\u00f5es.\" \/>\n<meta property=\"og:url\" content=\"https:\/\/www.suno.com.br\/noticias\/alliar-aalr3-novo-ceo-mira-fusoes-aquisicoes\/\" \/>\n<meta property=\"og:site_name\" content=\"Suno Not\u00edcias\" \/>\n<meta property=\"article:publisher\" content=\"https:\/\/facebook.com\/sunoresearch\" \/>\n<meta property=\"og:image\" content=\"https:\/\/files.sunoresearch.com.br\/n\/uploads\/2022\/03\/alliar-foto-divulgacao.jpg\" \/>\n\t<meta property=\"og:image:width\" content=\"1200\" \/>\n\t<meta property=\"og:image:height\" content=\"851\" \/>\n\t<meta property=\"og:image:type\" content=\"image\/jpeg\" \/>\n<meta name=\"author\" content=\"Vict\u00f3ria Anhesini\" \/>\n<meta name=\"twitter:card\" content=\"summary_large_image\" \/>\n<meta name=\"twitter:creator\" content=\"@sunoresearch\" \/>\n<meta name=\"twitter:site\" content=\"@sunoresearch\" \/>\n<meta name=\"twitter:label1\" content=\"Escrito por\" \/>\n\t<meta name=\"twitter:data1\" content=\"Vict\u00f3ria Anhesini\" \/>\n\t<meta name=\"twitter:label2\" content=\"Est. tempo de leitura\" \/>\n\t<meta name=\"twitter:data2\" content=\"3 minutos\" \/>\n<script type=\"application\/ld+json\" class=\"yoast-schema-graph\">{\"@context\":\"https:\/\/schema.org\",\"@graph\":[{\"@type\":\"NewsArticle\",\"@id\":\"https:\/\/www.suno.com.br\/noticias\/alliar-aalr3-novo-ceo-mira-fusoes-aquisicoes\/#article\",\"isPartOf\":{\"@id\":\"https:\/\/www.suno.com.br\/noticias\/alliar-aalr3-novo-ceo-mira-fusoes-aquisicoes\/\"},\"author\":{\"name\":\"Vict\u00f3ria Anhesini\",\"@id\":\"https:\/\/www.suno.com.br\/noticias\/#\/schema\/person\/46d847cb19ad53fde0857adca989c23f\"},\"headline\":\"Alliar (AALR3) mira em fus\u00f5es e aquisi\u00e7\u00f5es e ter\u00e1 novo CEO, diz jornal\",\"datePublished\":\"2022-07-01T22:13:00+00:00\",\"dateModified\":\"2022-07-05T17:15:23+00:00\",\"mainEntityOfPage\":{\"@id\":\"https:\/\/www.suno.com.br\/noticias\/alliar-aalr3-novo-ceo-mira-fusoes-aquisicoes\/\"},\"wordCount\":491,\"publisher\":{\"@id\":\"https:\/\/www.suno.com.br\/noticias\/#organization\"},\"image\":{\"@id\":\"https:\/\/www.suno.com.br\/noticias\/alliar-aalr3-novo-ceo-mira-fusoes-aquisicoes\/#primaryimage\"},\"thumbnailUrl\":\"https:\/\/files.sunoresearch.com.br\/n\/uploads\/2022\/03\/alliar-foto-divulgacao.jpg\",\"keywords\":[\"Alliar (AALR3)\"],\"articleSection\":[\"Neg\u00f3cios\"],\"inLanguage\":\"pt-BR\"},{\"@type\":\"WebPage\",\"@id\":\"https:\/\/www.suno.com.br\/noticias\/alliar-aalr3-novo-ceo-mira-fusoes-aquisicoes\/\",\"url\":\"https:\/\/www.suno.com.br\/noticias\/alliar-aalr3-novo-ceo-mira-fusoes-aquisicoes\/\",\"name\":\"Alliar (AALR3) mira em fus\u00f5es e aquisi\u00e7\u00f5es e ter\u00e1 novo CEO, diz jornal\",\"isPartOf\":{\"@id\":\"https:\/\/www.suno.com.br\/noticias\/#website\"},\"primaryImageOfPage\":{\"@id\":\"https:\/\/www.suno.com.br\/noticias\/alliar-aalr3-novo-ceo-mira-fusoes-aquisicoes\/#primaryimage\"},\"image\":{\"@id\":\"https:\/\/www.suno.com.br\/noticias\/alliar-aalr3-novo-ceo-mira-fusoes-aquisicoes\/#primaryimage\"},\"thumbnailUrl\":\"https:\/\/files.sunoresearch.com.br\/n\/uploads\/2022\/03\/alliar-foto-divulgacao.jpg\",\"datePublished\":\"2022-07-01T22:13:00+00:00\",\"dateModified\":\"2022-07-05T17:15:23+00:00\",\"description\":\"A Alliar (AALR3) ter\u00e1 um novo CEO, de acordo com o Brazil Journal. O novo objetivo da empresa ser\u00e1 realizar fus\u00f5es e aquisi\u00e7\u00f5es.\",\"breadcrumb\":{\"@id\":\"https:\/\/www.suno.com.br\/noticias\/alliar-aalr3-novo-ceo-mira-fusoes-aquisicoes\/#breadcrumb\"},\"inLanguage\":\"pt-BR\",\"potentialAction\":[{\"@type\":\"ReadAction\",\"target\":[\"https:\/\/www.suno.com.br\/noticias\/alliar-aalr3-novo-ceo-mira-fusoes-aquisicoes\/\"]}]},{\"@type\":\"ImageObject\",\"inLanguage\":\"pt-BR\",\"@id\":\"https:\/\/www.suno.com.br\/noticias\/alliar-aalr3-novo-ceo-mira-fusoes-aquisicoes\/#primaryimage\",\"url\":\"https:\/\/files.sunoresearch.com.br\/n\/uploads\/2022\/03\/alliar-foto-divulgacao.jpg\",\"contentUrl\":\"https:\/\/files.sunoresearch.com.br\/n\/uploads\/2022\/03\/alliar-foto-divulgacao.jpg\",\"width\":1200,\"height\":851,\"caption\":\"Alliar. Foto: Divulga\u00e7\u00e3o\"},{\"@type\":\"BreadcrumbList\",\"@id\":\"https:\/\/www.suno.com.br\/noticias\/alliar-aalr3-novo-ceo-mira-fusoes-aquisicoes\/#breadcrumb\",\"itemListElement\":[{\"@type\":\"ListItem\",\"position\":1,\"name\":\"Not\u00edcias\",\"item\":\"https:\/\/www.suno.com.br\/noticias\/\"},{\"@type\":\"ListItem\",\"position\":2,\"name\":\"Neg\u00f3cios\",\"item\":\"https:\/\/www.suno.com.br\/noticias\/negocios\/\"},{\"@type\":\"ListItem\",\"position\":3,\"name\":\"Alliar (AALR3) mira em fus\u00f5es e aquisi\u00e7\u00f5es e ter\u00e1 novo CEO, diz jornal\"}]},{\"@type\":\"WebSite\",\"@id\":\"https:\/\/www.suno.com.br\/noticias\/#website\",\"url\":\"https:\/\/www.suno.com.br\/noticias\/\",\"name\":\"Suno Not\u00edcias\",\"description\":\"Seu portal de informa\u00e7\u00e3o sobre o mundo dos investimentos\",\"publisher\":{\"@id\":\"https:\/\/www.suno.com.br\/noticias\/#organization\"},\"potentialAction\":[{\"@type\":\"SearchAction\",\"target\":{\"@type\":\"EntryPoint\",\"urlTemplate\":\"https:\/\/www.suno.com.br\/noticias\/?s={search_term_string}\"},\"query-input\":{\"@type\":\"PropertyValueSpecification\",\"valueRequired\":true,\"valueName\":\"search_term_string\"}}],\"inLanguage\":\"pt-BR\"},{\"@type\":\"Organization\",\"@id\":\"https:\/\/www.suno.com.br\/noticias\/#organization\",\"name\":\"Suno Not\u00edcias\",\"url\":\"https:\/\/www.suno.com.br\/noticias\/\",\"logo\":{\"@type\":\"ImageObject\",\"inLanguage\":\"pt-BR\",\"@id\":\"https:\/\/www.suno.com.br\/noticias\/#\/schema\/logo\/image\/\",\"url\":\"https:\/\/files.sunoresearch.com.br\/n\/uploads\/2021\/09\/suno-logo.png\",\"contentUrl\":\"https:\/\/files.sunoresearch.com.br\/n\/uploads\/2021\/09\/suno-logo.png\",\"width\":180,\"height\":180,\"caption\":\"Suno Not\u00edcias\"},\"image\":{\"@id\":\"https:\/\/www.suno.com.br\/noticias\/#\/schema\/logo\/image\/\"},\"sameAs\":[\"https:\/\/facebook.com\/sunoresearch\",\"https:\/\/x.com\/sunoresearch\",\"https:\/\/www.instagram.com\/suno\",\"https:\/\/www.linkedin.com\/company\/suno-research\/\",\"https:\/\/www.youtube.com\/c\/sunoresearch\"]},{\"@type\":\"Person\",\"@id\":\"https:\/\/www.suno.com.br\/noticias\/#\/schema\/person\/46d847cb19ad53fde0857adca989c23f\",\"name\":\"Vict\u00f3ria Anhesini\",\"image\":{\"@type\":\"ImageObject\",\"inLanguage\":\"pt-BR\",\"@id\":\"https:\/\/www.suno.com.br\/noticias\/#\/schema\/person\/image\/\",\"url\":\"https:\/\/secure.gravatar.com\/avatar\/0172bdfcd9129dd9dd68794804304e6e?s=96&r=g\",\"contentUrl\":\"https:\/\/secure.gravatar.com\/avatar\/0172bdfcd9129dd9dd68794804304e6e?s=96&r=g\",\"caption\":\"Vict\u00f3ria Anhesini\"},\"description\":\"Rep\u00f3rter no Suno Not\u00edcias, cobre mercados, neg\u00f3cios e economia, escrevendo majoritariamente sobre movimentos das empresas, cobertura de balan\u00e7os trimestrais e Bolsa de Valores. Formada em jornalismo pela Universidade Presbiteriana Mackenzie em 2019, passou pelo portal de economia e finan\u00e7as EuQueroInvestir como rep\u00f3rter e anteriormente, trabalhou na assessoria de imprensa PinePR, onde liderou com startups de inova\u00e7\u00e3o, tecnologia e finan\u00e7as. Em seu tempo livre, fala sobre m\u00fasica para ambos os sites do selo ForMusic, Wikimetal e Mad Sound, e faz trabalho volunt\u00e1rio no programa Escreve Cartas do Poupatempo.\",\"sameAs\":[\"https:\/\/www.linkedin.com\/in\/victoria-anhesini\/\"],\"url\":\"https:\/\/www.suno.com.br\/noticias\/author\/victoria\/\"}]}<\/script>\n<!-- \/ Yoast SEO plugin. -->","yoast_head_json":{"title":"Alliar (AALR3) mira em fus\u00f5es e aquisi\u00e7\u00f5es e ter\u00e1 novo CEO, diz jornal","description":"A Alliar (AALR3) ter\u00e1 um novo CEO, de acordo com o Brazil Journal. O novo objetivo da empresa ser\u00e1 realizar fus\u00f5es e aquisi\u00e7\u00f5es.","robots":{"index":"index","follow":"follow","max-snippet":"max-snippet:-1","max-image-preview":"max-image-preview:large","max-video-preview":"max-video-preview:-1"},"canonical":"https:\/\/www.suno.com.br\/noticias\/alliar-aalr3-novo-ceo-mira-fusoes-aquisicoes\/","og_locale":"pt_BR","og_type":"article","og_title":"Alliar (AALR3) mira em fus\u00f5es e aquisi\u00e7\u00f5es e ter\u00e1 novo CEO, diz jornal","og_description":"A Alliar (AALR3) ter\u00e1 um novo CEO, de acordo com o Brazil Journal. O novo objetivo da empresa ser\u00e1 realizar fus\u00f5es e aquisi\u00e7\u00f5es.","og_url":"https:\/\/www.suno.com.br\/noticias\/alliar-aalr3-novo-ceo-mira-fusoes-aquisicoes\/","og_site_name":"Suno Not\u00edcias","article_publisher":"https:\/\/facebook.com\/sunoresearch","og_image":[{"width":1200,"height":851,"url":"https:\/\/files.sunoresearch.com.br\/n\/uploads\/2022\/03\/alliar-foto-divulgacao.jpg","type":"image\/jpeg"}],"author":"Vict\u00f3ria Anhesini","twitter_card":"summary_large_image","twitter_creator":"@sunoresearch","twitter_site":"@sunoresearch","twitter_misc":{"Escrito por":"Vict\u00f3ria Anhesini","Est. tempo de leitura":"3 minutos"},"schema":{"@context":"https:\/\/schema.org","@graph":[{"@type":"NewsArticle","@id":"https:\/\/www.suno.com.br\/noticias\/alliar-aalr3-novo-ceo-mira-fusoes-aquisicoes\/#article","isPartOf":{"@id":"https:\/\/www.suno.com.br\/noticias\/alliar-aalr3-novo-ceo-mira-fusoes-aquisicoes\/"},"author":{"name":"Vict\u00f3ria Anhesini","@id":"https:\/\/www.suno.com.br\/noticias\/#\/schema\/person\/46d847cb19ad53fde0857adca989c23f"},"headline":"Alliar (AALR3) mira em fus\u00f5es e aquisi\u00e7\u00f5es e ter\u00e1 novo CEO, diz jornal","datePublished":"2022-07-01T22:13:00+00:00","dateModified":"2022-07-05T17:15:23+00:00","mainEntityOfPage":{"@id":"https:\/\/www.suno.com.br\/noticias\/alliar-aalr3-novo-ceo-mira-fusoes-aquisicoes\/"},"wordCount":491,"publisher":{"@id":"https:\/\/www.suno.com.br\/noticias\/#organization"},"image":{"@id":"https:\/\/www.suno.com.br\/noticias\/alliar-aalr3-novo-ceo-mira-fusoes-aquisicoes\/#primaryimage"},"thumbnailUrl":"https:\/\/files.sunoresearch.com.br\/n\/uploads\/2022\/03\/alliar-foto-divulgacao.jpg","keywords":["Alliar (AALR3)"],"articleSection":["Neg\u00f3cios"],"inLanguage":"pt-BR"},{"@type":"WebPage","@id":"https:\/\/www.suno.com.br\/noticias\/alliar-aalr3-novo-ceo-mira-fusoes-aquisicoes\/","url":"https:\/\/www.suno.com.br\/noticias\/alliar-aalr3-novo-ceo-mira-fusoes-aquisicoes\/","name":"Alliar (AALR3) mira em fus\u00f5es e aquisi\u00e7\u00f5es e ter\u00e1 novo CEO, diz jornal","isPartOf":{"@id":"https:\/\/www.suno.com.br\/noticias\/#website"},"primaryImageOfPage":{"@id":"https:\/\/www.suno.com.br\/noticias\/alliar-aalr3-novo-ceo-mira-fusoes-aquisicoes\/#primaryimage"},"image":{"@id":"https:\/\/www.suno.com.br\/noticias\/alliar-aalr3-novo-ceo-mira-fusoes-aquisicoes\/#primaryimage"},"thumbnailUrl":"https:\/\/files.sunoresearch.com.br\/n\/uploads\/2022\/03\/alliar-foto-divulgacao.jpg","datePublished":"2022-07-01T22:13:00+00:00","dateModified":"2022-07-05T17:15:23+00:00","description":"A Alliar (AALR3) ter\u00e1 um novo CEO, de acordo com o Brazil Journal. O novo objetivo da empresa ser\u00e1 realizar fus\u00f5es e aquisi\u00e7\u00f5es.","breadcrumb":{"@id":"https:\/\/www.suno.com.br\/noticias\/alliar-aalr3-novo-ceo-mira-fusoes-aquisicoes\/#breadcrumb"},"inLanguage":"pt-BR","potentialAction":[{"@type":"ReadAction","target":["https:\/\/www.suno.com.br\/noticias\/alliar-aalr3-novo-ceo-mira-fusoes-aquisicoes\/"]}]},{"@type":"ImageObject","inLanguage":"pt-BR","@id":"https:\/\/www.suno.com.br\/noticias\/alliar-aalr3-novo-ceo-mira-fusoes-aquisicoes\/#primaryimage","url":"https:\/\/files.sunoresearch.com.br\/n\/uploads\/2022\/03\/alliar-foto-divulgacao.jpg","contentUrl":"https:\/\/files.sunoresearch.com.br\/n\/uploads\/2022\/03\/alliar-foto-divulgacao.jpg","width":1200,"height":851,"caption":"Alliar. Foto: Divulga\u00e7\u00e3o"},{"@type":"BreadcrumbList","@id":"https:\/\/www.suno.com.br\/noticias\/alliar-aalr3-novo-ceo-mira-fusoes-aquisicoes\/#breadcrumb","itemListElement":[{"@type":"ListItem","position":1,"name":"Not\u00edcias","item":"https:\/\/www.suno.com.br\/noticias\/"},{"@type":"ListItem","position":2,"name":"Neg\u00f3cios","item":"https:\/\/www.suno.com.br\/noticias\/negocios\/"},{"@type":"ListItem","position":3,"name":"Alliar (AALR3) mira em fus\u00f5es e aquisi\u00e7\u00f5es e ter\u00e1 novo CEO, diz jornal"}]},{"@type":"WebSite","@id":"https:\/\/www.suno.com.br\/noticias\/#website","url":"https:\/\/www.suno.com.br\/noticias\/","name":"Suno Not\u00edcias","description":"Seu portal de informa\u00e7\u00e3o sobre o mundo dos investimentos","publisher":{"@id":"https:\/\/www.suno.com.br\/noticias\/#organization"},"potentialAction":[{"@type":"SearchAction","target":{"@type":"EntryPoint","urlTemplate":"https:\/\/www.suno.com.br\/noticias\/?s={search_term_string}"},"query-input":{"@type":"PropertyValueSpecification","valueRequired":true,"valueName":"search_term_string"}}],"inLanguage":"pt-BR"},{"@type":"Organization","@id":"https:\/\/www.suno.com.br\/noticias\/#organization","name":"Suno Not\u00edcias","url":"https:\/\/www.suno.com.br\/noticias\/","logo":{"@type":"ImageObject","inLanguage":"pt-BR","@id":"https:\/\/www.suno.com.br\/noticias\/#\/schema\/logo\/image\/","url":"https:\/\/files.sunoresearch.com.br\/n\/uploads\/2021\/09\/suno-logo.png","contentUrl":"https:\/\/files.sunoresearch.com.br\/n\/uploads\/2021\/09\/suno-logo.png","width":180,"height":180,"caption":"Suno Not\u00edcias"},"image":{"@id":"https:\/\/www.suno.com.br\/noticias\/#\/schema\/logo\/image\/"},"sameAs":["https:\/\/facebook.com\/sunoresearch","https:\/\/x.com\/sunoresearch","https:\/\/www.instagram.com\/suno","https:\/\/www.linkedin.com\/company\/suno-research\/","https:\/\/www.youtube.com\/c\/sunoresearch"]},{"@type":"Person","@id":"https:\/\/www.suno.com.br\/noticias\/#\/schema\/person\/46d847cb19ad53fde0857adca989c23f","name":"Vict\u00f3ria Anhesini","image":{"@type":"ImageObject","inLanguage":"pt-BR","@id":"https:\/\/www.suno.com.br\/noticias\/#\/schema\/person\/image\/","url":"https:\/\/secure.gravatar.com\/avatar\/0172bdfcd9129dd9dd68794804304e6e?s=96&r=g","contentUrl":"https:\/\/secure.gravatar.com\/avatar\/0172bdfcd9129dd9dd68794804304e6e?s=96&r=g","caption":"Vict\u00f3ria Anhesini"},"description":"Rep\u00f3rter no Suno Not\u00edcias, cobre mercados, neg\u00f3cios e economia, escrevendo majoritariamente sobre movimentos das empresas, cobertura de balan\u00e7os trimestrais e Bolsa de Valores. Formada em jornalismo pela Universidade Presbiteriana Mackenzie em 2019, passou pelo portal de economia e finan\u00e7as EuQueroInvestir como rep\u00f3rter e anteriormente, trabalhou na assessoria de imprensa PinePR, onde liderou com startups de inova\u00e7\u00e3o, tecnologia e finan\u00e7as. Em seu tempo livre, fala sobre m\u00fasica para ambos os sites do selo ForMusic, Wikimetal e Mad Sound, e faz trabalho volunt\u00e1rio no programa Escreve Cartas do Poupatempo.","sameAs":["https:\/\/www.linkedin.com\/in\/victoria-anhesini\/"],"url":"https:\/\/www.suno.com.br\/noticias\/author\/victoria\/"}]}},"default_loop_html":"<div class=\"cardsPage__listCard__boxs\"><div class=\"cardsPage__listCard__boxs__img\"><a href=\"https:\/\/www.suno.com.br\/noticias\/alliar-aalr3-novo-ceo-mira-fusoes-aquisicoes\/\"><img class=\"mask\" src=\"https:\/\/www.suno.com.br\/noticias\/wp-content\/themes\/suno\/resources\/images\/spotlight\/spotlight1img\/bg-mask.png\" alt=\"Image Mask\"\/><img src=\"https:\/\/files.sunoresearch.com.br\/n\/uploads\/2022\/03\/alliar-foto-divulgacao-400x200.jpg\" alt=\"Alliar (AALR3) mira em fus\u00f5es e aquisi\u00e7\u00f5es e ter\u00e1 novo CEO, diz jornal\"\/><\/a><span class=\"spotlightCategory\"><a href=\"https:\/\/www.suno.com.br\/noticias\/negocios\/\">Neg\u00f3cios<\/a><\/span><\/div><div class=\"cardsPage__listCard__boxs__content\"><a href=\"https:\/\/www.suno.com.br\/noticias\/alliar-aalr3-novo-ceo-mira-fusoes-aquisicoes\/\"><h2 class=\"content__title\">Alliar (AALR3) mira em fus\u00f5es e aquisi\u00e7\u00f5es e ter\u00e1 novo CEO, diz jornal<\/h2><\/a><div class=\"newsContent__article__meta\"><div class=\"newsContent__article__meta__authorBox\"><a href=\"https:\/\/www.suno.com.br\/noticias\/author\/victoria\/\" class=\"authorBox__avatar noMobi\"><img src=\"https:\/\/files.sunoresearch.com.br\/n\/uploads\/2021\/12\/20190129VickyPINEAPPLE01-1-150x150.jpg\" alt=\"Vict\u00f3ria Anhesini\"><\/a><div class=\"authorBox__name\"><span>por\n\t\t\t<a href=\"https:\/\/www.suno.com.br\/noticias\/author\/victoria\/\"><span itemprop=\"author\">Vict\u00f3ria Anhesini<\/span><\/a><\/span><time datetime=\"2022-07-01T19:13:00-03:00\" itemprop=\"datePublished\">01\/07\/2022 19:13<\/time><\/div><\/div><\/div><\/div><\/div>","single_layout":"posts","amp_enabled":true,"_links":{"self":[{"href":"https:\/\/www.suno.com.br\/noticias\/wp-json\/wp\/v2\/posts\/273053"}],"collection":[{"href":"https:\/\/www.suno.com.br\/noticias\/wp-json\/wp\/v2\/posts"}],"about":[{"href":"https:\/\/www.suno.com.br\/noticias\/wp-json\/wp\/v2\/types\/post"}],"author":[{"embeddable":true,"href":"https:\/\/www.suno.com.br\/noticias\/wp-json\/wp\/v2\/users\/146"}],"replies":[{"embeddable":true,"href":"https:\/\/www.suno.com.br\/noticias\/wp-json\/wp\/v2\/comments?post=273053"}],"version-history":[{"count":4,"href":"https:\/\/www.suno.com.br\/noticias\/wp-json\/wp\/v2\/posts\/273053\/revisions"}],"predecessor-version":[{"id":273627,"href":"https:\/\/www.suno.com.br\/noticias\/wp-json\/wp\/v2\/posts\/273053\/revisions\/273627"}],"wp:featuredmedia":[{"embeddable":true,"href":"https:\/\/www.suno.com.br\/noticias\/wp-json\/wp\/v2\/media\/246526"}],"wp:attachment":[{"href":"https:\/\/www.suno.com.br\/noticias\/wp-json\/wp\/v2\/media?parent=273053"}],"wp:term":[{"taxonomy":"category","embeddable":true,"href":"https:\/\/www.suno.com.br\/noticias\/wp-json\/wp\/v2\/categories?post=273053"},{"taxonomy":"post_tag","embeddable":true,"href":"https:\/\/www.suno.com.br\/noticias\/wp-json\/wp\/v2\/tags?post=273053"},{"taxonomy":"suno_strategy","embeddable":true,"href":"https:\/\/www.suno.com.br\/noticias\/wp-json\/wp\/v2\/suno_strategy?post=273053"}],"curies":[{"name":"wp","href":"https:\/\/api.w.org\/{rel}","templated":true}]}}