{"id":27303,"date":"2019-06-05T11:03:55","date_gmt":"2019-06-05T14:03:55","guid":{"rendered":"https:\/\/www.suno.com.br\/noticias\/?p=27303"},"modified":"2019-06-05T11:15:24","modified_gmt":"2019-06-05T14:15:24","slug":"atentos-novas-oportunidades-christian-schnitzlein-unipar","status":"publish","type":"post","link":"https:\/\/www.suno.com.br\/noticias\/atentos-novas-oportunidades-christian-schnitzlein-unipar\/","title":{"rendered":"Estamos atentos \u00e0 novas oportunidades, diz Christian Schnitzlein da Unipar"},"content":{"rendered":"<p>Diretor financeiro da Unipar (UNIP6),\u00a0<strong>Christian Schnitzlein,<\/strong> declarou que a empresa est\u00e1 atenta \u00e0 novas oportunidades. Em uma entrevista com o portal <em>SUNO Not\u00edcias<\/em>, o executivo explicou que a e empresa est\u00e1 atuando para a manuten\u00e7\u00e3o de uma <a href=\"https:\/\/www.suno.com.br\/artigos\/estrutura-capital\/\"><strong>estrutura de capital<\/strong><\/a> saud\u00e1vel e que parte do caixa foi alocado no programa de recompra de <strong>a\u00e7\u00f5es<\/strong> em circula\u00e7\u00e3o no mercado.<\/p>\t<div class=\"wrapper-featured-image\">\n\t\t<figure class=\"spotlightImg\">\n\n\t\t\t<picture>\n\t\t\t\t<source media=\"(max-width: 768px)\" srcset=\"https:\/\/files.sunoresearch.com.br\/n\/uploads\/2019\/06\/e3d00dcf-whatsapp-image-2019-06-05-at-09.43.38-400x200.webp\">\n\t\t\t\t<img loading=\"lazy\" decoding=\"async\" class=\"newsContent__article__imgCapa lazyloadDisabled newsContent__article__imgCapa--noCaption\" src=\"https:\/\/files.sunoresearch.com.br\/n\/uploads\/2019\/06\/e3d00dcf-whatsapp-image-2019-06-05-at-09.43.38-jpeg.webp\" width=\"800\" height=\"450\" alt=\"Estamos atentos \u00e0 novas oportunidades, diz Christian Schnitzlein da Unipar\" fetchpriority=high \/>\n\t\t\t<\/picture>\n\n\t\t\t<figcaption class=\"wp-caption-text wp-caption-text--hide\">Christian Schnitzlein, o diretor financeiro da Unipar<\/figcaption>\n\t\t<\/figure>\n\t<\/div>\n\n\n\t<p>\n\t\t<a href=\"https:\/\/lp.suno.com.br\/ebook-como-analisar-uma-acao\/\" target=\"_blank\" data-element=\"shortcode-suno-banner\" title=\"Banner SUNO, clique e saiba mais\">\n\t\t\t<picture>\n\t\t\t\t<source media=\"(max-width: 500px)\" srcset=\"https:\/\/files.sunoresearch.com.br\/n\/uploads\/2023\/12\/Ebook-Acoes-Mobile.jpg\">\n\t\t\t\t<img class=\"newsContent__article__imgCapa newsContent__article__imgCapa--banner\"\n\t\t\t\t\tsrc=\"https:\/\/files.sunoresearch.com.br\/n\/uploads\/2023\/12\/Ebook-Acoes-Mobile.jpg\"\n\t\t\t\t\tdata-promo-id=\"101750\"\t\t\t\t\t\t\t\t\t\twidth='400' height='300'\t\t\t\t\talt=\"https:\/\/files.sunoresearch.com.br\/n\/uploads\/2023\/12\/Ebook-Acoes-Mobile.jpg\"\n\t\t\t\t>\n\t\t\t<\/picture>\n\t\t<\/a>\n\t<\/p>\n\n\n<p>Confira a entrevista exclusiva com\u00a0o diretor da <strong>Unipar:<\/strong><\/p>\n<p><strong>A que voc\u00ea atribui a maior visibilidade da empresa no mercado e aumento de liquidez? Como est\u00e1 a base acion\u00e1ria da Unipar?<\/strong><\/p>\n<p>A <strong>Unipar<\/strong> tem colocado em pr\u00e1tica sua estrat\u00e9gia de estar mais pr\u00f3xima dos <strong>stakeholders:<\/strong> realizou o Dia do <strong>Investidor<\/strong> no final de 2018; desde o 3T18 adotou a realiza\u00e7\u00e3o de teleconfer\u00eancia de resultados trimestrais; tem praticado a divulga\u00e7\u00e3o de informa\u00e7\u00f5es no site de <strong>RI<\/strong> e mailing e tamb\u00e9m intensificou a quantidade de reuni\u00f5es com interessados.<\/p>\n<p>Em paralelo a estes movimentos, buscamos alinhamento com sellsides de bancos e casas independentes, que acompanhado dos movimentos de recompra e da manuten\u00e7\u00e3o de <strong>estrutura de capital,<\/strong> trouxeram uma maior visibilidade, liquidez para as a\u00e7\u00f5es da <strong>Unipar<\/strong> na bolsa e uma base acion\u00e1ria maior.<\/p>\n<p>A empresa tamb\u00e9m registrou a entrada nos \u00edndices da <strong><a href=\"https:\/\/www.suno.com.br\/artigos\/b3\/\">B3<\/a>:<\/strong> Small Caps (SMLL), Dividendos (IDIV), Materiais b\u00e1sicos (IMAT) e no \u00edndice MSCI Brasil.<\/p>\n\t<p>\n\t\t<a href=\"https:\/\/lp.suno.com.br\/planilha-de-controle-de-investimentos\/\" target=\"_blank\" data-element=\"shortcode-suno-banner\" title=\"Banner SUNO, clique e saiba mais\">\n\t\t\t<picture>\n\t\t\t\t<source media=\"(max-width: 500px)\" srcset=\"https:\/\/files.sunoresearch.com.br\/n\/uploads\/2023\/03\/400x300-Controle-de-Investimentos.png\">\n\t\t\t\t<img class=\"newsContent__article__imgCapa newsContent__article__imgCapa--banner\"\n\t\t\t\t\tsrc=\"https:\/\/files.sunoresearch.com.br\/n\/uploads\/2023\/03\/1420x240-Controle-de-Investimentos.png\"\n\t\t\t\t\tdata-promo-id=\"75934\"\t\t\t\t\t\t\t\t\t\twidth='1420' height='240'\t\t\t\t\talt=\"https:\/\/files.sunoresearch.com.br\/n\/uploads\/2023\/03\/1420x240-Controle-de-Investimentos.png\"\n\t\t\t\t>\n\t\t\t<\/picture>\n\t\t<\/a>\n\t<\/p>\n\n\n<p><strong>Como voc\u00ea acredita que tende a ser a aloca\u00e7\u00e3o de capital nos pr\u00f3ximos anos para a Unipar?<\/strong><\/p>\n<p>A <strong>Unipar<\/strong> est\u00e1 atuando para a manuten\u00e7\u00e3o de uma <strong>estrutura de capital<\/strong> saud\u00e1vel, fazendo os movimentos que julga necess\u00e1rios e preparada para poss\u00edveis oportunidades de investimentos na cadeia de atua\u00e7\u00e3o.<\/p>\n<p>Considerando que a empresa \u00e9 geradora de caixa e a manuten\u00e7\u00e3o de baixos n\u00edveis de <strong>alavancagem<\/strong> s\u00e3o caracter\u00edsticas do setor de atua\u00e7\u00e3o, temos alocado parte de nosso caixa no programa de recompra de a\u00e7\u00f5es em circula\u00e7\u00e3o no mercado.<\/p>\n<p><a href=\"https:\/\/www.suno.com.br\/noticias\/lyondelbasell-desiste-comprar-braskem\/\">Saiba mais: Grupo holand\u00eas LyondelBasell desiste de comprar a Braskem\u00a0<\/a><\/p>\n<p><strong>Voc\u00eas acreditam que a aquisi\u00e7\u00e3o da Indupa, que adicionou muito valor ao acionista, tende, em contrapartida, trazer outros patamares de receita e margens para a Unipar?<\/strong><\/p>\n<p>A aquisi\u00e7\u00e3o da Indupa, no final de 2016, elevou a <strong>Unipar<\/strong> a um novo patamar de receita e volumes de produ\u00e7\u00e3o, al\u00e9m de exposi\u00e7\u00e3o a diferentes geografias <strong>(Argentina).<\/strong> Mundialmente as plantas de <strong>PVC<\/strong> operam com margens inferiores pois t\u00eam depend\u00eancia de uma estrutura de custos vari\u00e1veis diferentes e com isto, as margens percentuais da Unipar se ajustaram para patamares inferiores.<\/p>\n\t<p>\n\t\t<a href=\"https:\/\/lp.suno.com.br\/ebook-investindo-em-fiis\/\" target=\"_blank\" data-element=\"shortcode-suno-banner\" title=\"Banner SUNO, clique e saiba mais\">\n\t\t\t<picture>\n\t\t\t\t<source media=\"(max-width: 500px)\" srcset=\"https:\/\/files.sunoresearch.com.br\/n\/uploads\/2023\/07\/Ebook-Fundos-Imobiliarios-Mobile.jpg\">\n\t\t\t\t<img class=\"newsContent__article__imgCapa newsContent__article__imgCapa--banner\"\n\t\t\t\t\tsrc=\"https:\/\/files.sunoresearch.com.br\/n\/uploads\/2023\/07\/Ebook-Fundos-Imobiliarios-Desktop.jpg\"\n\t\t\t\t\tdata-promo-id=\"378301\"\t\t\t\t\t\t\t\t\t\twidth='1420' height='286'\t\t\t\t\talt=\"https:\/\/files.sunoresearch.com.br\/n\/uploads\/2023\/07\/Ebook-Fundos-Imobiliarios-Desktop.jpg\"\n\t\t\t\t>\n\t\t\t<\/picture>\n\t\t<\/a>\n\t<\/p>\n\n\n<p><strong>Na semana passada, voc\u00eas soltaram um fato relevante de incorpora\u00e7\u00e3o dos lucros acumulados no capital social. Uma movimenta\u00e7\u00e3o normal em qualquer empresa. Para voc\u00eas, o que isso significa?<\/strong><\/p>\n<p>A proposta divulgada na semana passada para o aumento de <strong>capital social<\/strong> com a utiliza\u00e7\u00e3o de reservas de lucros \u00e9 um movimento cont\u00e1bil de adequa\u00e7\u00e3o do n\u00edvel de reservas ao capital social que segue legisla\u00e7\u00e3o vigente e est\u00e1 em linha com a proposta da <strong>Unipar<\/strong> de trazer valor e liquidez aos acionistas, sem impactar ratios financeiros, mantendo sua pol\u00edtica de distribui\u00e7\u00e3o de dividendos de 25% do lucro l\u00edquido e preparada para oportunidades de investimentos.<\/p>\n","protected":false},"excerpt":{"rendered":"<p>Diretor financeiro da Unipar (UNIP6),\u00a0Christian Schnitzlein, declarou que a empresa est\u00e1 atenta \u00e0 novas oportunidades. Em uma entrevista com o portal SUNO Not\u00edcias, o executivo explicou que a e empresa est\u00e1 atuando para a manuten\u00e7\u00e3o de uma estrutura de capital saud\u00e1vel e que parte do caixa foi alocado no programa de recompra de a\u00e7\u00f5es em [&hellip;]<\/p>\n","protected":false},"author":9,"featured_media":27310,"comment_status":"closed","ping_status":"closed","sticky":false,"template":"","format":"standard","meta":[],"categories":[64],"tags":[286,673],"suno_strategy":[],"class_list":["post-27303","post","type-post","status-publish","format-standard","has-post-thumbnail","hentry","category-negocios","tag-acoes","tag-unipar-unip3-unip5-unip6"],"yoast_head":"<!-- This site is optimized with the Yoast SEO plugin v24.4 - https:\/\/yoast.com\/wordpress\/plugins\/seo\/ -->\n<title>Estamos atentos a novas oportunidades, diz Schnitzlein da Unipar<\/title>\n<meta name=\"description\" content=\"O diretor financeiro da Unipar, Christian Schnitzlein, declarou que a empresa est\u00e1 atenta a novas oportunidades. Clique aqui para saber mais.\" \/>\n<meta name=\"robots\" content=\"index, follow, max-snippet:-1, max-image-preview:large, max-video-preview:-1\" \/>\n<link rel=\"canonical\" href=\"https:\/\/www.suno.com.br\/noticias\/atentos-novas-oportunidades-christian-schnitzlein-unipar\/\" \/>\n<meta property=\"og:locale\" content=\"pt_BR\" \/>\n<meta property=\"og:type\" content=\"article\" \/>\n<meta property=\"og:title\" content=\"Estamos atentos a novas oportunidades, diz Schnitzlein da Unipar\" \/>\n<meta property=\"og:description\" content=\"O diretor financeiro da Unipar, Christian Schnitzlein, declarou que a empresa est\u00e1 atenta a novas oportunidades. Clique aqui para saber mais.\" \/>\n<meta property=\"og:url\" content=\"https:\/\/www.suno.com.br\/noticias\/atentos-novas-oportunidades-christian-schnitzlein-unipar\/\" \/>\n<meta property=\"og:site_name\" content=\"Suno Not\u00edcias\" \/>\n<meta property=\"article:publisher\" content=\"https:\/\/facebook.com\/sunoresearch\" \/>\n<meta property=\"og:image\" content=\"https:\/\/files.sunoresearch.com.br\/n\/uploads\/2019\/06\/e3d00dcf-whatsapp-image-2019-06-05-at-09.43.38.jpeg\" \/>\n\t<meta property=\"og:image:width\" content=\"720\" \/>\n\t<meta property=\"og:image:height\" content=\"1280\" \/>\n\t<meta property=\"og:image:type\" content=\"image\/jpeg\" \/>\n<meta name=\"author\" content=\"Carlo Cauti\" \/>\n<meta name=\"twitter:card\" content=\"summary_large_image\" \/>\n<meta name=\"twitter:creator\" content=\"@sunoresearch\" \/>\n<meta name=\"twitter:site\" content=\"@sunoresearch\" \/>\n<meta name=\"twitter:label1\" content=\"Escrito por\" \/>\n\t<meta name=\"twitter:data1\" content=\"Carlo Cauti\" \/>\n\t<meta name=\"twitter:label2\" content=\"Est. tempo de leitura\" \/>\n\t<meta name=\"twitter:data2\" content=\"3 minutos\" \/>\n<script type=\"application\/ld+json\" class=\"yoast-schema-graph\">{\"@context\":\"https:\/\/schema.org\",\"@graph\":[{\"@type\":\"NewsArticle\",\"@id\":\"https:\/\/www.suno.com.br\/noticias\/atentos-novas-oportunidades-christian-schnitzlein-unipar\/#article\",\"isPartOf\":{\"@id\":\"https:\/\/www.suno.com.br\/noticias\/atentos-novas-oportunidades-christian-schnitzlein-unipar\/\"},\"author\":{\"name\":\"Carlo Cauti\",\"@id\":\"https:\/\/www.suno.com.br\/noticias\/#\/schema\/person\/e6e0f723cc177805027f4566c1d5e0c8\"},\"headline\":\"Estamos atentos \u00e0 novas oportunidades, diz Christian Schnitzlein da Unipar\",\"datePublished\":\"2019-06-05T14:03:55+00:00\",\"dateModified\":\"2019-06-05T14:15:24+00:00\",\"mainEntityOfPage\":{\"@id\":\"https:\/\/www.suno.com.br\/noticias\/atentos-novas-oportunidades-christian-schnitzlein-unipar\/\"},\"wordCount\":563,\"publisher\":{\"@id\":\"https:\/\/www.suno.com.br\/noticias\/#organization\"},\"image\":{\"@id\":\"https:\/\/www.suno.com.br\/noticias\/atentos-novas-oportunidades-christian-schnitzlein-unipar\/#primaryimage\"},\"thumbnailUrl\":\"https:\/\/files.sunoresearch.com.br\/n\/uploads\/2019\/06\/e3d00dcf-whatsapp-image-2019-06-05-at-09.43.38-jpeg.webp\",\"keywords\":[\"A\u00e7\u00f5es\",\"Unipar (UNIP3\/UNIP5\/UNIP6)\"],\"articleSection\":[\"Neg\u00f3cios\"],\"inLanguage\":\"pt-BR\"},{\"@type\":\"WebPage\",\"@id\":\"https:\/\/www.suno.com.br\/noticias\/atentos-novas-oportunidades-christian-schnitzlein-unipar\/\",\"url\":\"https:\/\/www.suno.com.br\/noticias\/atentos-novas-oportunidades-christian-schnitzlein-unipar\/\",\"name\":\"Estamos atentos a novas oportunidades, diz Schnitzlein da Unipar\",\"isPartOf\":{\"@id\":\"https:\/\/www.suno.com.br\/noticias\/#website\"},\"primaryImageOfPage\":{\"@id\":\"https:\/\/www.suno.com.br\/noticias\/atentos-novas-oportunidades-christian-schnitzlein-unipar\/#primaryimage\"},\"image\":{\"@id\":\"https:\/\/www.suno.com.br\/noticias\/atentos-novas-oportunidades-christian-schnitzlein-unipar\/#primaryimage\"},\"thumbnailUrl\":\"https:\/\/files.sunoresearch.com.br\/n\/uploads\/2019\/06\/e3d00dcf-whatsapp-image-2019-06-05-at-09.43.38-jpeg.webp\",\"datePublished\":\"2019-06-05T14:03:55+00:00\",\"dateModified\":\"2019-06-05T14:15:24+00:00\",\"description\":\"O diretor financeiro da Unipar, Christian Schnitzlein, declarou que a empresa est\u00e1 atenta a novas oportunidades. Clique aqui para saber mais.\",\"breadcrumb\":{\"@id\":\"https:\/\/www.suno.com.br\/noticias\/atentos-novas-oportunidades-christian-schnitzlein-unipar\/#breadcrumb\"},\"inLanguage\":\"pt-BR\",\"potentialAction\":[{\"@type\":\"ReadAction\",\"target\":[\"https:\/\/www.suno.com.br\/noticias\/atentos-novas-oportunidades-christian-schnitzlein-unipar\/\"]}]},{\"@type\":\"ImageObject\",\"inLanguage\":\"pt-BR\",\"@id\":\"https:\/\/www.suno.com.br\/noticias\/atentos-novas-oportunidades-christian-schnitzlein-unipar\/#primaryimage\",\"url\":\"https:\/\/files.sunoresearch.com.br\/n\/uploads\/2019\/06\/e3d00dcf-whatsapp-image-2019-06-05-at-09.43.38-jpeg.webp\",\"contentUrl\":\"https:\/\/files.sunoresearch.com.br\/n\/uploads\/2019\/06\/e3d00dcf-whatsapp-image-2019-06-05-at-09.43.38-jpeg.webp\",\"width\":720,\"height\":1280,\"caption\":\"Christian Schnitzlein, o diretor financeiro da Unipar\"},{\"@type\":\"BreadcrumbList\",\"@id\":\"https:\/\/www.suno.com.br\/noticias\/atentos-novas-oportunidades-christian-schnitzlein-unipar\/#breadcrumb\",\"itemListElement\":[{\"@type\":\"ListItem\",\"position\":1,\"name\":\"Not\u00edcias\",\"item\":\"https:\/\/www.suno.com.br\/noticias\/\"},{\"@type\":\"ListItem\",\"position\":2,\"name\":\"Neg\u00f3cios\",\"item\":\"https:\/\/www.suno.com.br\/noticias\/negocios\/\"},{\"@type\":\"ListItem\",\"position\":3,\"name\":\"Estamos atentos \u00e0 novas oportunidades, diz Christian Schnitzlein da Unipar\"}]},{\"@type\":\"WebSite\",\"@id\":\"https:\/\/www.suno.com.br\/noticias\/#website\",\"url\":\"https:\/\/www.suno.com.br\/noticias\/\",\"name\":\"Suno Not\u00edcias\",\"description\":\"Seu portal de informa\u00e7\u00e3o sobre o mundo dos investimentos\",\"publisher\":{\"@id\":\"https:\/\/www.suno.com.br\/noticias\/#organization\"},\"potentialAction\":[{\"@type\":\"SearchAction\",\"target\":{\"@type\":\"EntryPoint\",\"urlTemplate\":\"https:\/\/www.suno.com.br\/noticias\/?s={search_term_string}\"},\"query-input\":{\"@type\":\"PropertyValueSpecification\",\"valueRequired\":true,\"valueName\":\"search_term_string\"}}],\"inLanguage\":\"pt-BR\"},{\"@type\":\"Organization\",\"@id\":\"https:\/\/www.suno.com.br\/noticias\/#organization\",\"name\":\"Suno Not\u00edcias\",\"url\":\"https:\/\/www.suno.com.br\/noticias\/\",\"logo\":{\"@type\":\"ImageObject\",\"inLanguage\":\"pt-BR\",\"@id\":\"https:\/\/www.suno.com.br\/noticias\/#\/schema\/logo\/image\/\",\"url\":\"https:\/\/files.sunoresearch.com.br\/n\/uploads\/2021\/09\/suno-logo.png\",\"contentUrl\":\"https:\/\/files.sunoresearch.com.br\/n\/uploads\/2021\/09\/suno-logo.png\",\"width\":180,\"height\":180,\"caption\":\"Suno Not\u00edcias\"},\"image\":{\"@id\":\"https:\/\/www.suno.com.br\/noticias\/#\/schema\/logo\/image\/\"},\"sameAs\":[\"https:\/\/facebook.com\/sunoresearch\",\"https:\/\/x.com\/sunoresearch\",\"https:\/\/www.instagram.com\/suno\",\"https:\/\/www.linkedin.com\/company\/suno-research\/\",\"https:\/\/www.youtube.com\/c\/sunoresearch\"]},{\"@type\":\"Person\",\"@id\":\"https:\/\/www.suno.com.br\/noticias\/#\/schema\/person\/e6e0f723cc177805027f4566c1d5e0c8\",\"name\":\"Carlo Cauti\",\"image\":{\"@type\":\"ImageObject\",\"inLanguage\":\"pt-BR\",\"@id\":\"https:\/\/www.suno.com.br\/noticias\/#\/schema\/person\/image\/\",\"url\":\"https:\/\/secure.gravatar.com\/avatar\/3ada9e0bd164c23abd4792a9606d583c?s=96&r=g\",\"contentUrl\":\"https:\/\/secure.gravatar.com\/avatar\/3ada9e0bd164c23abd4792a9606d583c?s=96&r=g\",\"caption\":\"Carlo Cauti\"},\"description\":\"Editor multim\u00eddia do SUNO Not\u00edcias. Italiano, formado em Ci\u00eancias Pol\u00edticas pela universidade LUISS G. Carli de Roma e mestre cum laude em Rela\u00e7\u00f5es Internacionais, Jornalismo Internacional e de Guerra e em Economia Internacional. Concluiu tamb\u00e9m um MBA em Finan\u00e7as na B3. No Brasil, teve passagem por ve\u00edculos como Estad\u00e3o, Globo, Veja e EXAME. e nas ag\u00eancias de not\u00edcias italianas ANSA e NOVA.\",\"url\":\"https:\/\/www.suno.com.br\/noticias\/author\/carlo-cauti\/\"}]}<\/script>\n<!-- \/ Yoast SEO plugin. -->","yoast_head_json":{"title":"Estamos atentos a novas oportunidades, diz Schnitzlein da Unipar","description":"O diretor financeiro da Unipar, Christian Schnitzlein, declarou que a empresa est\u00e1 atenta a novas oportunidades. Clique aqui para saber mais.","robots":{"index":"index","follow":"follow","max-snippet":"max-snippet:-1","max-image-preview":"max-image-preview:large","max-video-preview":"max-video-preview:-1"},"canonical":"https:\/\/www.suno.com.br\/noticias\/atentos-novas-oportunidades-christian-schnitzlein-unipar\/","og_locale":"pt_BR","og_type":"article","og_title":"Estamos atentos a novas oportunidades, diz Schnitzlein da Unipar","og_description":"O diretor financeiro da Unipar, Christian Schnitzlein, declarou que a empresa est\u00e1 atenta a novas oportunidades. Clique aqui para saber mais.","og_url":"https:\/\/www.suno.com.br\/noticias\/atentos-novas-oportunidades-christian-schnitzlein-unipar\/","og_site_name":"Suno Not\u00edcias","article_publisher":"https:\/\/facebook.com\/sunoresearch","og_image":[{"width":720,"height":1280,"url":"https:\/\/files.sunoresearch.com.br\/n\/uploads\/2019\/06\/e3d00dcf-whatsapp-image-2019-06-05-at-09.43.38.jpeg","type":"image\/jpeg"}],"author":"Carlo Cauti","twitter_card":"summary_large_image","twitter_creator":"@sunoresearch","twitter_site":"@sunoresearch","twitter_misc":{"Escrito por":"Carlo Cauti","Est. tempo de leitura":"3 minutos"},"schema":{"@context":"https:\/\/schema.org","@graph":[{"@type":"NewsArticle","@id":"https:\/\/www.suno.com.br\/noticias\/atentos-novas-oportunidades-christian-schnitzlein-unipar\/#article","isPartOf":{"@id":"https:\/\/www.suno.com.br\/noticias\/atentos-novas-oportunidades-christian-schnitzlein-unipar\/"},"author":{"name":"Carlo Cauti","@id":"https:\/\/www.suno.com.br\/noticias\/#\/schema\/person\/e6e0f723cc177805027f4566c1d5e0c8"},"headline":"Estamos atentos \u00e0 novas oportunidades, diz Christian Schnitzlein da Unipar","datePublished":"2019-06-05T14:03:55+00:00","dateModified":"2019-06-05T14:15:24+00:00","mainEntityOfPage":{"@id":"https:\/\/www.suno.com.br\/noticias\/atentos-novas-oportunidades-christian-schnitzlein-unipar\/"},"wordCount":563,"publisher":{"@id":"https:\/\/www.suno.com.br\/noticias\/#organization"},"image":{"@id":"https:\/\/www.suno.com.br\/noticias\/atentos-novas-oportunidades-christian-schnitzlein-unipar\/#primaryimage"},"thumbnailUrl":"https:\/\/files.sunoresearch.com.br\/n\/uploads\/2019\/06\/e3d00dcf-whatsapp-image-2019-06-05-at-09.43.38-jpeg.webp","keywords":["A\u00e7\u00f5es","Unipar (UNIP3\/UNIP5\/UNIP6)"],"articleSection":["Neg\u00f3cios"],"inLanguage":"pt-BR"},{"@type":"WebPage","@id":"https:\/\/www.suno.com.br\/noticias\/atentos-novas-oportunidades-christian-schnitzlein-unipar\/","url":"https:\/\/www.suno.com.br\/noticias\/atentos-novas-oportunidades-christian-schnitzlein-unipar\/","name":"Estamos atentos a novas oportunidades, diz Schnitzlein da Unipar","isPartOf":{"@id":"https:\/\/www.suno.com.br\/noticias\/#website"},"primaryImageOfPage":{"@id":"https:\/\/www.suno.com.br\/noticias\/atentos-novas-oportunidades-christian-schnitzlein-unipar\/#primaryimage"},"image":{"@id":"https:\/\/www.suno.com.br\/noticias\/atentos-novas-oportunidades-christian-schnitzlein-unipar\/#primaryimage"},"thumbnailUrl":"https:\/\/files.sunoresearch.com.br\/n\/uploads\/2019\/06\/e3d00dcf-whatsapp-image-2019-06-05-at-09.43.38-jpeg.webp","datePublished":"2019-06-05T14:03:55+00:00","dateModified":"2019-06-05T14:15:24+00:00","description":"O diretor financeiro da Unipar, Christian Schnitzlein, declarou que a empresa est\u00e1 atenta a novas oportunidades. Clique aqui para saber mais.","breadcrumb":{"@id":"https:\/\/www.suno.com.br\/noticias\/atentos-novas-oportunidades-christian-schnitzlein-unipar\/#breadcrumb"},"inLanguage":"pt-BR","potentialAction":[{"@type":"ReadAction","target":["https:\/\/www.suno.com.br\/noticias\/atentos-novas-oportunidades-christian-schnitzlein-unipar\/"]}]},{"@type":"ImageObject","inLanguage":"pt-BR","@id":"https:\/\/www.suno.com.br\/noticias\/atentos-novas-oportunidades-christian-schnitzlein-unipar\/#primaryimage","url":"https:\/\/files.sunoresearch.com.br\/n\/uploads\/2019\/06\/e3d00dcf-whatsapp-image-2019-06-05-at-09.43.38-jpeg.webp","contentUrl":"https:\/\/files.sunoresearch.com.br\/n\/uploads\/2019\/06\/e3d00dcf-whatsapp-image-2019-06-05-at-09.43.38-jpeg.webp","width":720,"height":1280,"caption":"Christian Schnitzlein, o diretor financeiro da Unipar"},{"@type":"BreadcrumbList","@id":"https:\/\/www.suno.com.br\/noticias\/atentos-novas-oportunidades-christian-schnitzlein-unipar\/#breadcrumb","itemListElement":[{"@type":"ListItem","position":1,"name":"Not\u00edcias","item":"https:\/\/www.suno.com.br\/noticias\/"},{"@type":"ListItem","position":2,"name":"Neg\u00f3cios","item":"https:\/\/www.suno.com.br\/noticias\/negocios\/"},{"@type":"ListItem","position":3,"name":"Estamos atentos \u00e0 novas oportunidades, diz Christian Schnitzlein da Unipar"}]},{"@type":"WebSite","@id":"https:\/\/www.suno.com.br\/noticias\/#website","url":"https:\/\/www.suno.com.br\/noticias\/","name":"Suno Not\u00edcias","description":"Seu portal de informa\u00e7\u00e3o sobre o mundo dos investimentos","publisher":{"@id":"https:\/\/www.suno.com.br\/noticias\/#organization"},"potentialAction":[{"@type":"SearchAction","target":{"@type":"EntryPoint","urlTemplate":"https:\/\/www.suno.com.br\/noticias\/?s={search_term_string}"},"query-input":{"@type":"PropertyValueSpecification","valueRequired":true,"valueName":"search_term_string"}}],"inLanguage":"pt-BR"},{"@type":"Organization","@id":"https:\/\/www.suno.com.br\/noticias\/#organization","name":"Suno Not\u00edcias","url":"https:\/\/www.suno.com.br\/noticias\/","logo":{"@type":"ImageObject","inLanguage":"pt-BR","@id":"https:\/\/www.suno.com.br\/noticias\/#\/schema\/logo\/image\/","url":"https:\/\/files.sunoresearch.com.br\/n\/uploads\/2021\/09\/suno-logo.png","contentUrl":"https:\/\/files.sunoresearch.com.br\/n\/uploads\/2021\/09\/suno-logo.png","width":180,"height":180,"caption":"Suno Not\u00edcias"},"image":{"@id":"https:\/\/www.suno.com.br\/noticias\/#\/schema\/logo\/image\/"},"sameAs":["https:\/\/facebook.com\/sunoresearch","https:\/\/x.com\/sunoresearch","https:\/\/www.instagram.com\/suno","https:\/\/www.linkedin.com\/company\/suno-research\/","https:\/\/www.youtube.com\/c\/sunoresearch"]},{"@type":"Person","@id":"https:\/\/www.suno.com.br\/noticias\/#\/schema\/person\/e6e0f723cc177805027f4566c1d5e0c8","name":"Carlo Cauti","image":{"@type":"ImageObject","inLanguage":"pt-BR","@id":"https:\/\/www.suno.com.br\/noticias\/#\/schema\/person\/image\/","url":"https:\/\/secure.gravatar.com\/avatar\/3ada9e0bd164c23abd4792a9606d583c?s=96&r=g","contentUrl":"https:\/\/secure.gravatar.com\/avatar\/3ada9e0bd164c23abd4792a9606d583c?s=96&r=g","caption":"Carlo Cauti"},"description":"Editor multim\u00eddia do SUNO Not\u00edcias. Italiano, formado em Ci\u00eancias Pol\u00edticas pela universidade LUISS G. Carli de Roma e mestre cum laude em Rela\u00e7\u00f5es Internacionais, Jornalismo Internacional e de Guerra e em Economia Internacional. Concluiu tamb\u00e9m um MBA em Finan\u00e7as na B3. No Brasil, teve passagem por ve\u00edculos como Estad\u00e3o, Globo, Veja e EXAME. e nas ag\u00eancias de not\u00edcias italianas ANSA e NOVA.","url":"https:\/\/www.suno.com.br\/noticias\/author\/carlo-cauti\/"}]}},"default_loop_html":"<div class=\"cardsPage__listCard__boxs\"><div class=\"cardsPage__listCard__boxs__img\"><a href=\"https:\/\/www.suno.com.br\/noticias\/atentos-novas-oportunidades-christian-schnitzlein-unipar\/\"><img class=\"mask\" src=\"https:\/\/www.suno.com.br\/noticias\/wp-content\/themes\/suno\/resources\/images\/spotlight\/spotlight1img\/bg-mask.png\" alt=\"Image Mask\"\/><img src=\"https:\/\/files.sunoresearch.com.br\/n\/uploads\/2019\/06\/e3d00dcf-whatsapp-image-2019-06-05-at-09.43.38-400x200.webp\" alt=\"Estamos atentos \u00e0 novas oportunidades, diz Christian Schnitzlein da Unipar\"\/><\/a><span class=\"spotlightCategory\"><a href=\"https:\/\/www.suno.com.br\/noticias\/negocios\/\">Neg\u00f3cios<\/a><\/span><\/div><div class=\"cardsPage__listCard__boxs__content\"><a href=\"https:\/\/www.suno.com.br\/noticias\/atentos-novas-oportunidades-christian-schnitzlein-unipar\/\"><h2 class=\"content__title\">Estamos atentos \u00e0 novas oportunidades, diz Christian Schnitzlein da Unipar<\/h2><\/a><div class=\"newsContent__article__meta\"><div class=\"newsContent__article__meta__authorBox\"><a href=\"https:\/\/www.suno.com.br\/noticias\/author\/carlo-cauti\/\" class=\"authorBox__avatar noMobi\"><img src=\"https:\/\/files.sunoresearch.com.br\/n\/uploads\/2020\/08\/e3745f9a-perfil-carlo-cauti-150x150.webp\" alt=\"Carlo Cauti\"><\/a><div class=\"authorBox__name\"><span>por\n\t\t\t<a href=\"https:\/\/www.suno.com.br\/noticias\/author\/carlo-cauti\/\"><span itemprop=\"author\">Carlo Cauti<\/span><\/a><\/span><time datetime=\"2019-06-05T11:03:55-03:00\" itemprop=\"datePublished\">05\/06\/2019 11:03<\/time><\/div><\/div><\/div><\/div><\/div>","single_layout":"posts","amp_enabled":true,"_links":{"self":[{"href":"https:\/\/www.suno.com.br\/noticias\/wp-json\/wp\/v2\/posts\/27303"}],"collection":[{"href":"https:\/\/www.suno.com.br\/noticias\/wp-json\/wp\/v2\/posts"}],"about":[{"href":"https:\/\/www.suno.com.br\/noticias\/wp-json\/wp\/v2\/types\/post"}],"author":[{"embeddable":true,"href":"https:\/\/www.suno.com.br\/noticias\/wp-json\/wp\/v2\/users\/9"}],"replies":[{"embeddable":true,"href":"https:\/\/www.suno.com.br\/noticias\/wp-json\/wp\/v2\/comments?post=27303"}],"version-history":[{"count":0,"href":"https:\/\/www.suno.com.br\/noticias\/wp-json\/wp\/v2\/posts\/27303\/revisions"}],"wp:featuredmedia":[{"embeddable":true,"href":"https:\/\/www.suno.com.br\/noticias\/wp-json\/wp\/v2\/media\/27310"}],"wp:attachment":[{"href":"https:\/\/www.suno.com.br\/noticias\/wp-json\/wp\/v2\/media?parent=27303"}],"wp:term":[{"taxonomy":"category","embeddable":true,"href":"https:\/\/www.suno.com.br\/noticias\/wp-json\/wp\/v2\/categories?post=27303"},{"taxonomy":"post_tag","embeddable":true,"href":"https:\/\/www.suno.com.br\/noticias\/wp-json\/wp\/v2\/tags?post=27303"},{"taxonomy":"suno_strategy","embeddable":true,"href":"https:\/\/www.suno.com.br\/noticias\/wp-json\/wp\/v2\/suno_strategy?post=27303"}],"curies":[{"name":"wp","href":"https:\/\/api.w.org\/{rel}","templated":true}]}}