{"id":272966,"date":"2022-07-01T14:44:40","date_gmt":"2022-07-01T17:44:40","guid":{"rendered":"https:\/\/www.suno.com.br\/noticias\/?p=272966"},"modified":"2022-07-01T14:44:40","modified_gmt":"2022-07-01T17:44:40","slug":"mais-estados-reduzem-icms-gasolina-confira","status":"publish","type":"post","link":"https:\/\/www.suno.com.br\/noticias\/mais-estados-reduzem-icms-gasolina-confira\/","title":{"rendered":"ICMS: Rio, MG e SC anunciam redu\u00e7\u00e3o de at\u00e9 18% da al\u00edquota sobre combust\u00edveis"},"content":{"rendered":"<p>Ap\u00f3s a decis\u00e3o do governo do Estado de S\u00e3o Paulo e de Goi\u00e1s, os governadores de Santa Catarina, Minas Gerais e Rio de Janeiro adotaram, nesta sexta-feira (1\u00ba), a redu\u00e7\u00e3o do <strong>ICMS <\/strong>em at\u00e9 18%. Os an\u00fancios est\u00e3o alinhados \u00e0 Lei Suplementar 194, sancionada na semana passada e que limita a al\u00edquota do imposto sobre esses produtos e servi\u00e7os, agora considerados essenciais.<\/p>\t<div class=\"wrapper-featured-image\">\n\t\t<figure class=\"spotlightImg\">\n\n\t\t\t<picture>\n\t\t\t\t<source media=\"(max-width: 768px)\" srcset=\"https:\/\/files.sunoresearch.com.br\/n\/uploads\/2021\/04\/3b581d07-gasoline-175122_1280-400x200.webp\">\n\t\t\t\t<img loading=\"lazy\" decoding=\"async\" class=\"newsContent__article__imgCapa lazyloadDisabled \" src=\"https:\/\/files.sunoresearch.com.br\/n\/uploads\/2021\/04\/3b581d07-gasoline-175122_1280-800x450.webp\" width=\"800\" height=\"450\" alt=\"ICMS: Rio, MG e SC anunciam redu\u00e7\u00e3o de at\u00e9 18% da al\u00edquota sobre combust\u00edveis\" fetchpriority=high \/>\n\t\t\t<\/picture>\n\n\t\t\t<figcaption class=\"wp-caption-text wp-caption-text--show\">ICMS - Foto: Pixabay<\/figcaption>\n\t\t<\/figure>\n\t<\/div>\n\n\n\t<p>\n\t\t<a href=\"\" target=\"_blank\" data-element=\"shortcode-suno-banner\" title=\"Banner SUNO, clique e saiba mais\">\n\t\t\t<picture>\n\t\t\t\t<source media=\"(max-width: 500px)\" srcset=\"\">\n\t\t\t\t<img class=\"newsContent__article__imgCapa newsContent__article__imgCapa--banner\"\n\t\t\t\t\tsrc=\"\"\n\t\t\t\t\tdata-promo-id=\"240038\"\t\t\t\t\t\t\t\t\t\t\t\t\t\t\talt=\"\"\n\t\t\t\t>\n\t\t\t<\/picture>\n\t\t<\/a>\n\t<\/p>\n\n\n<p>Os governadores de Minas Gerais, <a class=\"suno-keyword\" href=\"https:\/\/www.suno.com.br\/tudo-sobre\/romeu-zema\/\" target=\"_blank\" rel=\"noopener\" data-force=\"no\" data-priority=\"2\">Romeu Zema<\/a> (Novo), e de Santa Catarina, Carlos Mois\u00e9s (Republicanos), v\u00e3o reduzir a al\u00edquota do ICMS sobre <strong>gasolina<\/strong>, energia el\u00e9trica, telecomunica\u00e7\u00f5es e transporte coletivo para 18% e 17%, respectivamente.<\/p>\n<p>Em redes sociais, os dois governadores comunicaram a diminui\u00e7\u00e3o:<\/p>\n<blockquote class=\"twitter-tweet\" data-width=\"550\" data-dnt=\"true\">\n<p lang=\"pt\" dir=\"ltr\">Assino hoje o Decreto que reduz o ICMS da gasolina, energia el\u00e9trica, servi\u00e7os de telefonia e internet em Minas. O imposto da gasolina era 31%, energia el\u00e9trica 30% e comunica\u00e7\u00e3o 27%. Todos passar\u00e3o para 18% em nosso Estado a partir de hoje.<\/p>\n<p>&mdash; Romeu Zema (@RomeuZema) <a href=\"https:\/\/twitter.com\/RomeuZema\/status\/1542712261743099907?ref_src=twsrc%5Etfw\">July 1, 2022<\/a><\/p><\/blockquote>\n<p><script async src=\"https:\/\/platform.twitter.com\/widgets.js\" charset=\"utf-8\"><\/script><\/p>\n<blockquote class=\"twitter-tweet\" data-width=\"550\" data-dnt=\"true\">\n<p lang=\"pt\" dir=\"ltr\">Assinei medida provis\u00f3ria para reduzir o ICMS para 17%, com vig\u00eancia a partir de HOJE, de energia el\u00e9trica, gasolina automotiva, \u00e1lcool carburante e comunica\u00e7\u00e3o. Temos as menores al\u00edquotas do pa\u00eds e agora estamos reduzindo ainda mais para ajudar no controle da infla\u00e7\u00e3o.<\/p>\n<p>&mdash; Carlos Mois\u00e9s (@CarlosMoises) <a href=\"https:\/\/twitter.com\/CarlosMoises\/status\/1542832272918908929?ref_src=twsrc%5Etfw\">July 1, 2022<\/a><\/p><\/blockquote>\n<p><script async src=\"https:\/\/platform.twitter.com\/widgets.js\" charset=\"utf-8\"><\/script><\/p>\n<p>Os governadores n\u00e3o explicaram quais os impactos que a diminui\u00e7\u00e3o da <strong>al\u00edquota do ICMS<\/strong> pode trazer sobre os setores mais afetados.<\/p>\n<p>O teto para a cobran\u00e7a do imposto estadual foi sancionado com vetos presidente\u00a0<a href=\"https:\/\/www.suno.com.br\/noticias\/petrobras-petr4-cpi-bolsonaro\/\">Jair Bolsonaro (PL)<\/a>\u00a0na semana passada. O presidente vetou o trecho que previa uma compensa\u00e7\u00e3o parcial aos estados pela queda na arrecada\u00e7\u00e3o (o ICMS \u00e9 a principal fonte de receita dos governadores).<\/p>\n\t<p>\n\t\t<a href=\"https:\/\/lp.suno.com.br\/planilha-controle-gastos\/\" target=\"_blank\" data-element=\"shortcode-suno-banner\" title=\"Banner SUNO, clique e saiba mais\">\n\t\t\t<picture>\n\t\t\t\t<source media=\"(max-width: 500px)\" srcset=\"https:\/\/files.sunoresearch.com.br\/n\/uploads\/2023\/03\/400x300-Planilha-controle-de-gastos.png\">\n\t\t\t\t<img class=\"newsContent__article__imgCapa newsContent__article__imgCapa--banner\"\n\t\t\t\t\tsrc=\"https:\/\/files.sunoresearch.com.br\/n\/uploads\/2023\/03\/1420x240-Planilha-controle-de-gastos.png\"\n\t\t\t\t\tdata-promo-id=\"101751\"\t\t\t\t\t\t\t\t\t\twidth='1420' height='240'\t\t\t\t\talt=\"https:\/\/files.sunoresearch.com.br\/n\/uploads\/2023\/03\/1420x240-Planilha-controle-de-gastos.png\"\n\t\t\t\t>\n\t\t\t<\/picture>\n\t\t<\/a>\n\t<\/p>\n\n\n<h2>Governador de SP corta imposto da gasolina para 18%<\/h2>\n<p>Em S\u00e3o Paulo, o governador Rodrigo Garcia (PSD) anunciou, na sexta-feira (24), o <a href=\"https:\/\/www.suno.com.br\/noticias\/camara-aprova-texto-base-icms-teto\/\">teto na cobran\u00e7a do imposto estadual sobre os combust\u00edveis<\/a>, v\u00e1lido a partir de segunda-feira (27).<\/p>\n<p>Ao criticar o veto presidencial \u00e0 compensa\u00e7\u00e3o financeira dos Estados, Garcia informou que a redu\u00e7\u00e3o do tributo nas vendas do\u00a0<strong>combust\u00edvel<\/strong>\u00a0representa uma perda de arrecada\u00e7\u00e3o, em base anualizada, de R$ 4,4 bilh\u00f5es, o que vai comprometer investimentos do Estado em \u00e1reas estrat\u00e9gicas, incluindo sa\u00fade e educa\u00e7\u00e3o.<\/p>\n<p>Durante o an\u00fancio em entrevista coletiva ao lado do secret\u00e1rio estadual da Fazenda, Felipe Salto, no Pal\u00e1cio dos Bandeirantes,\u00a0<strong>Garcia<\/strong> disse que a expectativa \u00e9 de uma queda de R$ 0,48 centavos, para abaixo de R$ 6,50, do pre\u00e7o da gasolina na bomba dos postos paulistas.<\/p>\n\t<p>\n\t\t<a href=\"https:\/\/lp.suno.com.br\/planilha-da-vida-financeira\/\" target=\"_blank\" data-element=\"shortcode-suno-banner\" title=\"Banner SUNO, clique e saiba mais\">\n\t\t\t<picture>\n\t\t\t\t<source media=\"(max-width: 500px)\" srcset=\"https:\/\/files.sunoresearch.com.br\/n\/uploads\/2023\/04\/400x300-Planilha-vida-financeira-true.png\">\n\t\t\t\t<img class=\"newsContent__article__imgCapa newsContent__article__imgCapa--banner\"\n\t\t\t\t\tsrc=\"https:\/\/files.sunoresearch.com.br\/n\/uploads\/2023\/04\/1420x240-Planilha-vida-financeira-true.png\"\n\t\t\t\t\tdata-promo-id=\"106682\"\t\t\t\t\t\t\t\t\t\twidth='1420' height='240'\t\t\t\t\talt=\"https:\/\/files.sunoresearch.com.br\/n\/uploads\/2023\/04\/1420x240-Planilha-vida-financeira-true.png\"\n\t\t\t\t>\n\t\t\t<\/picture>\n\t\t<\/a>\n\t<\/p>\n\n\n<p>O governador de\u00a0<a href=\"https:\/\/www.suno.com.br\/noticias\/tags\/sao-paulo\/\"><strong>S\u00e3o Paulo<\/strong><\/a> ressaltou que, apesar de implantar o limite m\u00e1ximo do imposto para aliviar a infla\u00e7\u00e3o que pesa na renda das fam\u00edlias, o ICMS nunca foi o vil\u00e3o do pre\u00e7o dos combust\u00edveis, mas sim a pol\u00edtica de pre\u00e7os da Petrobras (PETR4), que \u00e9 nacional.<\/p>\n<h2>Governo do RJ reduz ICMS sobre combust\u00edveis de 32% para 18%<\/h2>\n<p>No Rio de Janeiro, o governador Claudio Castro (PL) anunciou na manh\u00e3 desta sexta que vai reduzir o <strong>ICMS sobre combust\u00edveis<\/strong> de 32% para 18%. O corte na tributa\u00e7\u00e3o tamb\u00e9m valer\u00e1 para energia el\u00e9trica e telecomunica\u00e7\u00f5es.<\/p>\n\t<p>\n\t\t<a href=\"https:\/\/lp.suno.com.br\/ebook-como-analisar-uma-acao\/\" target=\"_blank\" data-element=\"shortcode-suno-banner\" title=\"Banner SUNO, clique e saiba mais\">\n\t\t\t<picture>\n\t\t\t\t<source media=\"(max-width: 500px)\" srcset=\"https:\/\/files.sunoresearch.com.br\/n\/uploads\/2023\/03\/Ebook-Acoes-Mobile-1.jpg\">\n\t\t\t\t<img class=\"newsContent__article__imgCapa newsContent__article__imgCapa--banner\"\n\t\t\t\t\tsrc=\"https:\/\/files.sunoresearch.com.br\/n\/uploads\/2023\/03\/Ebook-Acoes-Desktop-1.jpg\"\n\t\t\t\t\tdata-promo-id=\"171998\"\t\t\t\t\t\t\t\t\t\twidth='1420' height='286'\t\t\t\t\talt=\"https:\/\/files.sunoresearch.com.br\/n\/uploads\/2023\/03\/Ebook-Acoes-Desktop-1.jpg\"\n\t\t\t\t>\n\t\t\t<\/picture>\n\t\t<\/a>\n\t<\/p>\n\n\n<p>Castro informou que a iniciativa deve levar a uma redu\u00e7\u00e3o de R$ 1,19 no litro da gasolina nas bombas. Com isso, o <a class=\"suno-keyword\" href=\"https:\/\/www.suno.com.br\/artigos\/preco-medio\/\" target=\"_blank\" rel=\"noopener\" data-force=\"no\" data-priority=\"1\">pre\u00e7o m\u00e9dio<\/a> do litro da gasolina no Estado deve cair de R$ 7,80 para R$ 6,61. O governador detalhou, ainda, que a <strong>redu\u00e7\u00e3o do ICMS<\/strong> estadual para combust\u00edveis, energia el\u00e9trica e telecomunica\u00e7\u00f5es vai levar a uma diminui\u00e7\u00e3o de R$ 14 bilh\u00f5es na arrecada\u00e7\u00e3o em 2022.<\/p>\n<p>Ele comentou em entrevista coletiva no Pal\u00e1cio Guanabara, sede do governo na zona sul da capital fluminense: &#8220;Essa \u00e9 a maior redu\u00e7\u00e3o do pa\u00eds. Nenhum outro estado est\u00e1 dando redu\u00e7\u00e3o t\u00e3o forte&#8221;.<\/p>\n<p>Correligion\u00e1rio e aliado de primeira hora do presidente da Rep\u00fablica, Jair Bolsonaro (PL), Castro aproveitou a ocasi\u00e3o para advertir a Petrobras de que novos aumentos no pre\u00e7o dos combust\u00edveis ser\u00e3o revidados com aumento de impostos sobre a companhia no Estado.<\/p>\n<p>O Rio \u00e9 base para uma s\u00e9rie de atividades da estatal, sobretudo de explora\u00e7\u00e3o e produ\u00e7\u00e3o, mas tamb\u00e9m de armazenagem, distribui\u00e7\u00e3o e refino.<\/p>\n<p>&#8220;Quero dar um recado para a Petrobras. N\u00e3o \u00e9 poss\u00edvel que estejamos fazendo essa redu\u00e7\u00e3o (de <strong>ICMS<\/strong>) e a Petrobras mantenha lucros t\u00e3o altos. Foram R$ 44,5 bilh\u00f5es s\u00f3 no primeiro trimestre. Ent\u00e3o quero deixar claro: se a Petrobras continuar fazendo aumentos, eu aumentarei a tributa\u00e7\u00e3o sobre a empresa, diminuindo o lucro deles&#8221;, disse Castro. A fala se aproxima do que o presidente Jair Bolsonaro tem feito recentemente.<\/p>\n\t<p>\n\t\t<a href=\"https:\/\/lp.suno.com.br\/planilha-de-controle-de-investimentos\/\" target=\"_blank\" data-element=\"shortcode-suno-banner\" title=\"Banner SUNO, clique e saiba mais\">\n\t\t\t<picture>\n\t\t\t\t<source media=\"(max-width: 500px)\" srcset=\"https:\/\/files.sunoresearch.com.br\/n\/uploads\/2023\/03\/400x300-Controle-de-Investimentos.png\">\n\t\t\t\t<img class=\"newsContent__article__imgCapa newsContent__article__imgCapa--banner\"\n\t\t\t\t\tsrc=\"https:\/\/files.sunoresearch.com.br\/n\/uploads\/2023\/03\/1420x240-Controle-de-Investimentos.png\"\n\t\t\t\t\tdata-promo-id=\"75934\"\t\t\t\t\t\t\t\t\t\twidth='1420' height='240'\t\t\t\t\talt=\"https:\/\/files.sunoresearch.com.br\/n\/uploads\/2023\/03\/1420x240-Controle-de-Investimentos.png\"\n\t\t\t\t>\n\t\t\t<\/picture>\n\t\t<\/a>\n\t<\/p>\n\n\n<p>(<em>Com informa\u00e7\u00f5es do Estad\u00e3o Conte\u00fado<\/em>)<\/p>\n","protected":false},"excerpt":{"rendered":"<p>Ap\u00f3s a decis\u00e3o do governo do Estado de S\u00e3o Paulo e de Goi\u00e1s, os governadores de Santa Catarina, Minas Gerais e Rio de Janeiro adotaram, nesta sexta-feira (1\u00ba), a redu\u00e7\u00e3o do ICMS em at\u00e9 18%. Os an\u00fancios est\u00e3o alinhados \u00e0 Lei Suplementar 194, sancionada na semana passada e que limita a al\u00edquota do imposto sobre [&hellip;]<\/p>\n","protected":false},"author":146,"featured_media":141217,"comment_status":"closed","ping_status":"closed","sticky":false,"template":"","format":"standard","meta":[],"categories":[62],"tags":[1086],"suno_strategy":[],"class_list":["post-272966","post","type-post","status-publish","format-standard","has-post-thumbnail","hentry","category-economia","tag-icms"],"yoast_head":"<!-- This site is optimized with the Yoast SEO plugin v24.4 - https:\/\/yoast.com\/wordpress\/plugins\/seo\/ -->\n<title>ICMS: Rio, MG e SC anunciam redu\u00e7\u00e3o da al\u00edquota sobre combust\u00edveis<\/title>\n<meta name=\"description\" content=\"Ap\u00f3s SP e GO, Minas Gerais, Santa Catarina e Rio de Janeiro adotam a redu\u00e7\u00e3o na al\u00edquota do ICMS; veja quanto foi a diminui\u00e7\u00e3o.\" \/>\n<meta name=\"robots\" content=\"index, follow, max-snippet:-1, max-image-preview:large, max-video-preview:-1\" \/>\n<link rel=\"canonical\" href=\"https:\/\/www.suno.com.br\/noticias\/mais-estados-reduzem-icms-gasolina-confira\/\" \/>\n<meta property=\"og:locale\" content=\"pt_BR\" \/>\n<meta property=\"og:type\" content=\"article\" \/>\n<meta property=\"og:title\" content=\"ICMS: Rio, MG e SC anunciam redu\u00e7\u00e3o da al\u00edquota sobre combust\u00edveis\" \/>\n<meta property=\"og:description\" content=\"Ap\u00f3s SP e GO, Minas Gerais, Santa Catarina e Rio de Janeiro adotam a redu\u00e7\u00e3o na al\u00edquota do ICMS; veja quanto foi a diminui\u00e7\u00e3o.\" \/>\n<meta property=\"og:url\" content=\"https:\/\/www.suno.com.br\/noticias\/mais-estados-reduzem-icms-gasolina-confira\/\" \/>\n<meta property=\"og:site_name\" content=\"Suno Not\u00edcias\" \/>\n<meta property=\"article:publisher\" content=\"https:\/\/facebook.com\/sunoresearch\" \/>\n<meta property=\"og:image\" content=\"https:\/\/files.sunoresearch.com.br\/n\/uploads\/2021\/04\/3b581d07-gasoline-175122_1280.jpg\" \/>\n\t<meta property=\"og:image:width\" content=\"1280\" \/>\n\t<meta property=\"og:image:height\" content=\"850\" \/>\n\t<meta property=\"og:image:type\" content=\"image\/jpeg\" \/>\n<meta name=\"author\" content=\"Vict\u00f3ria Anhesini\" \/>\n<meta name=\"twitter:card\" content=\"summary_large_image\" \/>\n<meta name=\"twitter:creator\" content=\"@sunoresearch\" \/>\n<meta name=\"twitter:site\" content=\"@sunoresearch\" \/>\n<meta name=\"twitter:label1\" content=\"Escrito por\" \/>\n\t<meta name=\"twitter:data1\" content=\"Vict\u00f3ria Anhesini\" \/>\n\t<meta name=\"twitter:label2\" content=\"Est. tempo de leitura\" \/>\n\t<meta name=\"twitter:data2\" content=\"4 minutos\" \/>\n<script type=\"application\/ld+json\" class=\"yoast-schema-graph\">{\"@context\":\"https:\/\/schema.org\",\"@graph\":[{\"@type\":\"NewsArticle\",\"@id\":\"https:\/\/www.suno.com.br\/noticias\/mais-estados-reduzem-icms-gasolina-confira\/#article\",\"isPartOf\":{\"@id\":\"https:\/\/www.suno.com.br\/noticias\/mais-estados-reduzem-icms-gasolina-confira\/\"},\"author\":{\"name\":\"Vict\u00f3ria Anhesini\",\"@id\":\"https:\/\/www.suno.com.br\/noticias\/#\/schema\/person\/46d847cb19ad53fde0857adca989c23f\"},\"headline\":\"ICMS: Rio, MG e SC anunciam redu\u00e7\u00e3o de at\u00e9 18% da al\u00edquota sobre combust\u00edveis\",\"datePublished\":\"2022-07-01T17:44:40+00:00\",\"mainEntityOfPage\":{\"@id\":\"https:\/\/www.suno.com.br\/noticias\/mais-estados-reduzem-icms-gasolina-confira\/\"},\"wordCount\":737,\"publisher\":{\"@id\":\"https:\/\/www.suno.com.br\/noticias\/#organization\"},\"image\":{\"@id\":\"https:\/\/www.suno.com.br\/noticias\/mais-estados-reduzem-icms-gasolina-confira\/#primaryimage\"},\"thumbnailUrl\":\"https:\/\/files.sunoresearch.com.br\/n\/uploads\/2021\/04\/3b581d07-gasoline-175122_1280-jpg.webp\",\"keywords\":[\"ICMS\"],\"articleSection\":[\"Economia\"],\"inLanguage\":\"pt-BR\"},{\"@type\":\"WebPage\",\"@id\":\"https:\/\/www.suno.com.br\/noticias\/mais-estados-reduzem-icms-gasolina-confira\/\",\"url\":\"https:\/\/www.suno.com.br\/noticias\/mais-estados-reduzem-icms-gasolina-confira\/\",\"name\":\"ICMS: Rio, MG e SC anunciam redu\u00e7\u00e3o da al\u00edquota sobre combust\u00edveis\",\"isPartOf\":{\"@id\":\"https:\/\/www.suno.com.br\/noticias\/#website\"},\"primaryImageOfPage\":{\"@id\":\"https:\/\/www.suno.com.br\/noticias\/mais-estados-reduzem-icms-gasolina-confira\/#primaryimage\"},\"image\":{\"@id\":\"https:\/\/www.suno.com.br\/noticias\/mais-estados-reduzem-icms-gasolina-confira\/#primaryimage\"},\"thumbnailUrl\":\"https:\/\/files.sunoresearch.com.br\/n\/uploads\/2021\/04\/3b581d07-gasoline-175122_1280-jpg.webp\",\"datePublished\":\"2022-07-01T17:44:40+00:00\",\"description\":\"Ap\u00f3s SP e GO, Minas Gerais, Santa Catarina e Rio de Janeiro adotam a redu\u00e7\u00e3o na al\u00edquota do ICMS; veja quanto foi a diminui\u00e7\u00e3o.\",\"breadcrumb\":{\"@id\":\"https:\/\/www.suno.com.br\/noticias\/mais-estados-reduzem-icms-gasolina-confira\/#breadcrumb\"},\"inLanguage\":\"pt-BR\",\"potentialAction\":[{\"@type\":\"ReadAction\",\"target\":[\"https:\/\/www.suno.com.br\/noticias\/mais-estados-reduzem-icms-gasolina-confira\/\"]}]},{\"@type\":\"ImageObject\",\"inLanguage\":\"pt-BR\",\"@id\":\"https:\/\/www.suno.com.br\/noticias\/mais-estados-reduzem-icms-gasolina-confira\/#primaryimage\",\"url\":\"https:\/\/files.sunoresearch.com.br\/n\/uploads\/2021\/04\/3b581d07-gasoline-175122_1280-jpg.webp\",\"contentUrl\":\"https:\/\/files.sunoresearch.com.br\/n\/uploads\/2021\/04\/3b581d07-gasoline-175122_1280-jpg.webp\",\"width\":1280,\"height\":850,\"caption\":\"ICMS - Foto: Pixabay\"},{\"@type\":\"BreadcrumbList\",\"@id\":\"https:\/\/www.suno.com.br\/noticias\/mais-estados-reduzem-icms-gasolina-confira\/#breadcrumb\",\"itemListElement\":[{\"@type\":\"ListItem\",\"position\":1,\"name\":\"Not\u00edcias\",\"item\":\"https:\/\/www.suno.com.br\/noticias\/\"},{\"@type\":\"ListItem\",\"position\":2,\"name\":\"Economia\",\"item\":\"https:\/\/www.suno.com.br\/noticias\/economia\/\"},{\"@type\":\"ListItem\",\"position\":3,\"name\":\"ICMS: Rio, MG e SC anunciam redu\u00e7\u00e3o de at\u00e9 18% da al\u00edquota sobre combust\u00edveis\"}]},{\"@type\":\"WebSite\",\"@id\":\"https:\/\/www.suno.com.br\/noticias\/#website\",\"url\":\"https:\/\/www.suno.com.br\/noticias\/\",\"name\":\"Suno Not\u00edcias\",\"description\":\"Seu portal de informa\u00e7\u00e3o sobre o mundo dos investimentos\",\"publisher\":{\"@id\":\"https:\/\/www.suno.com.br\/noticias\/#organization\"},\"potentialAction\":[{\"@type\":\"SearchAction\",\"target\":{\"@type\":\"EntryPoint\",\"urlTemplate\":\"https:\/\/www.suno.com.br\/noticias\/?s={search_term_string}\"},\"query-input\":{\"@type\":\"PropertyValueSpecification\",\"valueRequired\":true,\"valueName\":\"search_term_string\"}}],\"inLanguage\":\"pt-BR\"},{\"@type\":\"Organization\",\"@id\":\"https:\/\/www.suno.com.br\/noticias\/#organization\",\"name\":\"Suno Not\u00edcias\",\"url\":\"https:\/\/www.suno.com.br\/noticias\/\",\"logo\":{\"@type\":\"ImageObject\",\"inLanguage\":\"pt-BR\",\"@id\":\"https:\/\/www.suno.com.br\/noticias\/#\/schema\/logo\/image\/\",\"url\":\"https:\/\/files.sunoresearch.com.br\/n\/uploads\/2021\/09\/suno-logo.png\",\"contentUrl\":\"https:\/\/files.sunoresearch.com.br\/n\/uploads\/2021\/09\/suno-logo.png\",\"width\":180,\"height\":180,\"caption\":\"Suno Not\u00edcias\"},\"image\":{\"@id\":\"https:\/\/www.suno.com.br\/noticias\/#\/schema\/logo\/image\/\"},\"sameAs\":[\"https:\/\/facebook.com\/sunoresearch\",\"https:\/\/x.com\/sunoresearch\",\"https:\/\/www.instagram.com\/suno\",\"https:\/\/www.linkedin.com\/company\/suno-research\/\",\"https:\/\/www.youtube.com\/c\/sunoresearch\"]},{\"@type\":\"Person\",\"@id\":\"https:\/\/www.suno.com.br\/noticias\/#\/schema\/person\/46d847cb19ad53fde0857adca989c23f\",\"name\":\"Vict\u00f3ria Anhesini\",\"image\":{\"@type\":\"ImageObject\",\"inLanguage\":\"pt-BR\",\"@id\":\"https:\/\/www.suno.com.br\/noticias\/#\/schema\/person\/image\/\",\"url\":\"https:\/\/secure.gravatar.com\/avatar\/0172bdfcd9129dd9dd68794804304e6e?s=96&r=g\",\"contentUrl\":\"https:\/\/secure.gravatar.com\/avatar\/0172bdfcd9129dd9dd68794804304e6e?s=96&r=g\",\"caption\":\"Vict\u00f3ria Anhesini\"},\"description\":\"Rep\u00f3rter no Suno Not\u00edcias, cobre mercados, neg\u00f3cios e economia, escrevendo majoritariamente sobre movimentos das empresas, cobertura de balan\u00e7os trimestrais e Bolsa de Valores. Formada em jornalismo pela Universidade Presbiteriana Mackenzie em 2019, passou pelo portal de economia e finan\u00e7as EuQueroInvestir como rep\u00f3rter e anteriormente, trabalhou na assessoria de imprensa PinePR, onde liderou com startups de inova\u00e7\u00e3o, tecnologia e finan\u00e7as. Em seu tempo livre, fala sobre m\u00fasica para ambos os sites do selo ForMusic, Wikimetal e Mad Sound, e faz trabalho volunt\u00e1rio no programa Escreve Cartas do Poupatempo.\",\"sameAs\":[\"https:\/\/www.linkedin.com\/in\/victoria-anhesini\/\"],\"url\":\"https:\/\/www.suno.com.br\/noticias\/author\/victoria\/\"}]}<\/script>\n<!-- \/ Yoast SEO plugin. -->","yoast_head_json":{"title":"ICMS: Rio, MG e SC anunciam redu\u00e7\u00e3o da al\u00edquota sobre combust\u00edveis","description":"Ap\u00f3s SP e GO, Minas Gerais, Santa Catarina e Rio de Janeiro adotam a redu\u00e7\u00e3o na al\u00edquota do ICMS; veja quanto foi a diminui\u00e7\u00e3o.","robots":{"index":"index","follow":"follow","max-snippet":"max-snippet:-1","max-image-preview":"max-image-preview:large","max-video-preview":"max-video-preview:-1"},"canonical":"https:\/\/www.suno.com.br\/noticias\/mais-estados-reduzem-icms-gasolina-confira\/","og_locale":"pt_BR","og_type":"article","og_title":"ICMS: Rio, MG e SC anunciam redu\u00e7\u00e3o da al\u00edquota sobre combust\u00edveis","og_description":"Ap\u00f3s SP e GO, Minas Gerais, Santa Catarina e Rio de Janeiro adotam a redu\u00e7\u00e3o na al\u00edquota do ICMS; veja quanto foi a diminui\u00e7\u00e3o.","og_url":"https:\/\/www.suno.com.br\/noticias\/mais-estados-reduzem-icms-gasolina-confira\/","og_site_name":"Suno Not\u00edcias","article_publisher":"https:\/\/facebook.com\/sunoresearch","og_image":[{"width":1280,"height":850,"url":"https:\/\/files.sunoresearch.com.br\/n\/uploads\/2021\/04\/3b581d07-gasoline-175122_1280.jpg","type":"image\/jpeg"}],"author":"Vict\u00f3ria Anhesini","twitter_card":"summary_large_image","twitter_creator":"@sunoresearch","twitter_site":"@sunoresearch","twitter_misc":{"Escrito por":"Vict\u00f3ria Anhesini","Est. tempo de leitura":"4 minutos"},"schema":{"@context":"https:\/\/schema.org","@graph":[{"@type":"NewsArticle","@id":"https:\/\/www.suno.com.br\/noticias\/mais-estados-reduzem-icms-gasolina-confira\/#article","isPartOf":{"@id":"https:\/\/www.suno.com.br\/noticias\/mais-estados-reduzem-icms-gasolina-confira\/"},"author":{"name":"Vict\u00f3ria Anhesini","@id":"https:\/\/www.suno.com.br\/noticias\/#\/schema\/person\/46d847cb19ad53fde0857adca989c23f"},"headline":"ICMS: Rio, MG e SC anunciam redu\u00e7\u00e3o de at\u00e9 18% da al\u00edquota sobre combust\u00edveis","datePublished":"2022-07-01T17:44:40+00:00","mainEntityOfPage":{"@id":"https:\/\/www.suno.com.br\/noticias\/mais-estados-reduzem-icms-gasolina-confira\/"},"wordCount":737,"publisher":{"@id":"https:\/\/www.suno.com.br\/noticias\/#organization"},"image":{"@id":"https:\/\/www.suno.com.br\/noticias\/mais-estados-reduzem-icms-gasolina-confira\/#primaryimage"},"thumbnailUrl":"https:\/\/files.sunoresearch.com.br\/n\/uploads\/2021\/04\/3b581d07-gasoline-175122_1280-jpg.webp","keywords":["ICMS"],"articleSection":["Economia"],"inLanguage":"pt-BR"},{"@type":"WebPage","@id":"https:\/\/www.suno.com.br\/noticias\/mais-estados-reduzem-icms-gasolina-confira\/","url":"https:\/\/www.suno.com.br\/noticias\/mais-estados-reduzem-icms-gasolina-confira\/","name":"ICMS: Rio, MG e SC anunciam redu\u00e7\u00e3o da al\u00edquota sobre combust\u00edveis","isPartOf":{"@id":"https:\/\/www.suno.com.br\/noticias\/#website"},"primaryImageOfPage":{"@id":"https:\/\/www.suno.com.br\/noticias\/mais-estados-reduzem-icms-gasolina-confira\/#primaryimage"},"image":{"@id":"https:\/\/www.suno.com.br\/noticias\/mais-estados-reduzem-icms-gasolina-confira\/#primaryimage"},"thumbnailUrl":"https:\/\/files.sunoresearch.com.br\/n\/uploads\/2021\/04\/3b581d07-gasoline-175122_1280-jpg.webp","datePublished":"2022-07-01T17:44:40+00:00","description":"Ap\u00f3s SP e GO, Minas Gerais, Santa Catarina e Rio de Janeiro adotam a redu\u00e7\u00e3o na al\u00edquota do ICMS; veja quanto foi a diminui\u00e7\u00e3o.","breadcrumb":{"@id":"https:\/\/www.suno.com.br\/noticias\/mais-estados-reduzem-icms-gasolina-confira\/#breadcrumb"},"inLanguage":"pt-BR","potentialAction":[{"@type":"ReadAction","target":["https:\/\/www.suno.com.br\/noticias\/mais-estados-reduzem-icms-gasolina-confira\/"]}]},{"@type":"ImageObject","inLanguage":"pt-BR","@id":"https:\/\/www.suno.com.br\/noticias\/mais-estados-reduzem-icms-gasolina-confira\/#primaryimage","url":"https:\/\/files.sunoresearch.com.br\/n\/uploads\/2021\/04\/3b581d07-gasoline-175122_1280-jpg.webp","contentUrl":"https:\/\/files.sunoresearch.com.br\/n\/uploads\/2021\/04\/3b581d07-gasoline-175122_1280-jpg.webp","width":1280,"height":850,"caption":"ICMS - Foto: Pixabay"},{"@type":"BreadcrumbList","@id":"https:\/\/www.suno.com.br\/noticias\/mais-estados-reduzem-icms-gasolina-confira\/#breadcrumb","itemListElement":[{"@type":"ListItem","position":1,"name":"Not\u00edcias","item":"https:\/\/www.suno.com.br\/noticias\/"},{"@type":"ListItem","position":2,"name":"Economia","item":"https:\/\/www.suno.com.br\/noticias\/economia\/"},{"@type":"ListItem","position":3,"name":"ICMS: Rio, MG e SC anunciam redu\u00e7\u00e3o de at\u00e9 18% da al\u00edquota sobre combust\u00edveis"}]},{"@type":"WebSite","@id":"https:\/\/www.suno.com.br\/noticias\/#website","url":"https:\/\/www.suno.com.br\/noticias\/","name":"Suno Not\u00edcias","description":"Seu portal de informa\u00e7\u00e3o sobre o mundo dos investimentos","publisher":{"@id":"https:\/\/www.suno.com.br\/noticias\/#organization"},"potentialAction":[{"@type":"SearchAction","target":{"@type":"EntryPoint","urlTemplate":"https:\/\/www.suno.com.br\/noticias\/?s={search_term_string}"},"query-input":{"@type":"PropertyValueSpecification","valueRequired":true,"valueName":"search_term_string"}}],"inLanguage":"pt-BR"},{"@type":"Organization","@id":"https:\/\/www.suno.com.br\/noticias\/#organization","name":"Suno Not\u00edcias","url":"https:\/\/www.suno.com.br\/noticias\/","logo":{"@type":"ImageObject","inLanguage":"pt-BR","@id":"https:\/\/www.suno.com.br\/noticias\/#\/schema\/logo\/image\/","url":"https:\/\/files.sunoresearch.com.br\/n\/uploads\/2021\/09\/suno-logo.png","contentUrl":"https:\/\/files.sunoresearch.com.br\/n\/uploads\/2021\/09\/suno-logo.png","width":180,"height":180,"caption":"Suno Not\u00edcias"},"image":{"@id":"https:\/\/www.suno.com.br\/noticias\/#\/schema\/logo\/image\/"},"sameAs":["https:\/\/facebook.com\/sunoresearch","https:\/\/x.com\/sunoresearch","https:\/\/www.instagram.com\/suno","https:\/\/www.linkedin.com\/company\/suno-research\/","https:\/\/www.youtube.com\/c\/sunoresearch"]},{"@type":"Person","@id":"https:\/\/www.suno.com.br\/noticias\/#\/schema\/person\/46d847cb19ad53fde0857adca989c23f","name":"Vict\u00f3ria Anhesini","image":{"@type":"ImageObject","inLanguage":"pt-BR","@id":"https:\/\/www.suno.com.br\/noticias\/#\/schema\/person\/image\/","url":"https:\/\/secure.gravatar.com\/avatar\/0172bdfcd9129dd9dd68794804304e6e?s=96&r=g","contentUrl":"https:\/\/secure.gravatar.com\/avatar\/0172bdfcd9129dd9dd68794804304e6e?s=96&r=g","caption":"Vict\u00f3ria Anhesini"},"description":"Rep\u00f3rter no Suno Not\u00edcias, cobre mercados, neg\u00f3cios e economia, escrevendo majoritariamente sobre movimentos das empresas, cobertura de balan\u00e7os trimestrais e Bolsa de Valores. Formada em jornalismo pela Universidade Presbiteriana Mackenzie em 2019, passou pelo portal de economia e finan\u00e7as EuQueroInvestir como rep\u00f3rter e anteriormente, trabalhou na assessoria de imprensa PinePR, onde liderou com startups de inova\u00e7\u00e3o, tecnologia e finan\u00e7as. Em seu tempo livre, fala sobre m\u00fasica para ambos os sites do selo ForMusic, Wikimetal e Mad Sound, e faz trabalho volunt\u00e1rio no programa Escreve Cartas do Poupatempo.","sameAs":["https:\/\/www.linkedin.com\/in\/victoria-anhesini\/"],"url":"https:\/\/www.suno.com.br\/noticias\/author\/victoria\/"}]}},"default_loop_html":"<div class=\"cardsPage__listCard__boxs\"><div class=\"cardsPage__listCard__boxs__img\"><a href=\"https:\/\/www.suno.com.br\/noticias\/mais-estados-reduzem-icms-gasolina-confira\/\"><img class=\"mask\" src=\"https:\/\/www.suno.com.br\/noticias\/wp-content\/themes\/suno\/resources\/images\/spotlight\/spotlight1img\/bg-mask.png\" alt=\"Image Mask\"\/><img src=\"https:\/\/files.sunoresearch.com.br\/n\/uploads\/2021\/04\/3b581d07-gasoline-175122_1280-400x200.webp\" alt=\"ICMS: Rio, MG e SC anunciam redu\u00e7\u00e3o de at\u00e9 18% da al\u00edquota sobre combust\u00edveis\"\/><\/a><span class=\"spotlightCategory\"><a href=\"https:\/\/www.suno.com.br\/noticias\/economia\/\">Economia<\/a><\/span><\/div><div class=\"cardsPage__listCard__boxs__content\"><a href=\"https:\/\/www.suno.com.br\/noticias\/mais-estados-reduzem-icms-gasolina-confira\/\"><h2 class=\"content__title\">ICMS: Rio, MG e SC anunciam redu\u00e7\u00e3o de at\u00e9 18% da al\u00edquota sobre combust\u00edveis<\/h2><\/a><div class=\"newsContent__article__meta\"><div class=\"newsContent__article__meta__authorBox\"><a href=\"https:\/\/www.suno.com.br\/noticias\/author\/victoria\/\" class=\"authorBox__avatar noMobi\"><img src=\"https:\/\/files.sunoresearch.com.br\/n\/uploads\/2021\/12\/20190129VickyPINEAPPLE01-1-150x150.jpg\" alt=\"Vict\u00f3ria Anhesini\"><\/a><div class=\"authorBox__name\"><span>por\n\t\t\t<a href=\"https:\/\/www.suno.com.br\/noticias\/author\/victoria\/\"><span itemprop=\"author\">Vict\u00f3ria Anhesini<\/span><\/a><\/span><time datetime=\"2022-07-01T14:44:40-03:00\" itemprop=\"datePublished\">01\/07\/2022 14:44<\/time><\/div><\/div><\/div><\/div><\/div>","single_layout":"posts","amp_enabled":true,"_links":{"self":[{"href":"https:\/\/www.suno.com.br\/noticias\/wp-json\/wp\/v2\/posts\/272966"}],"collection":[{"href":"https:\/\/www.suno.com.br\/noticias\/wp-json\/wp\/v2\/posts"}],"about":[{"href":"https:\/\/www.suno.com.br\/noticias\/wp-json\/wp\/v2\/types\/post"}],"author":[{"embeddable":true,"href":"https:\/\/www.suno.com.br\/noticias\/wp-json\/wp\/v2\/users\/146"}],"replies":[{"embeddable":true,"href":"https:\/\/www.suno.com.br\/noticias\/wp-json\/wp\/v2\/comments?post=272966"}],"version-history":[{"count":3,"href":"https:\/\/www.suno.com.br\/noticias\/wp-json\/wp\/v2\/posts\/272966\/revisions"}],"predecessor-version":[{"id":273001,"href":"https:\/\/www.suno.com.br\/noticias\/wp-json\/wp\/v2\/posts\/272966\/revisions\/273001"}],"wp:featuredmedia":[{"embeddable":true,"href":"https:\/\/www.suno.com.br\/noticias\/wp-json\/wp\/v2\/media\/141217"}],"wp:attachment":[{"href":"https:\/\/www.suno.com.br\/noticias\/wp-json\/wp\/v2\/media?parent=272966"}],"wp:term":[{"taxonomy":"category","embeddable":true,"href":"https:\/\/www.suno.com.br\/noticias\/wp-json\/wp\/v2\/categories?post=272966"},{"taxonomy":"post_tag","embeddable":true,"href":"https:\/\/www.suno.com.br\/noticias\/wp-json\/wp\/v2\/tags?post=272966"},{"taxonomy":"suno_strategy","embeddable":true,"href":"https:\/\/www.suno.com.br\/noticias\/wp-json\/wp\/v2\/suno_strategy?post=272966"}],"curies":[{"name":"wp","href":"https:\/\/api.w.org\/{rel}","templated":true}]}}