{"id":27285,"date":"2019-06-05T10:05:20","date_gmt":"2019-06-05T13:05:20","guid":{"rendered":"https:\/\/www.suno.com.br\/noticias\/?p=27285"},"modified":"2019-06-05T10:05:20","modified_gmt":"2019-06-05T13:05:20","slug":"ibovespa-05062019","status":"publish","type":"post","link":"https:\/\/www.suno.com.br\/noticias\/ibovespa-05062019\/","title":{"rendered":"Ibovespa inicia sess\u00e3o est\u00e1vel com Congresso e STF no radar"},"content":{"rendered":"<p>O Ibovespa iniciou a sess\u00e3o est\u00e1vel, mas com leve alta. Por volta das 10h, o principal \u00edndice da Bolsa de Valores de S\u00e3o Paulo registrava um crescimento de 0,05% ficando com 97.429,09 pontos.<\/p>\t<div class=\"wrapper-featured-image\">\n\t\t<figure class=\"spotlightImg\">\n\n\t\t\t<picture>\n\t\t\t\t<source media=\"(max-width: 768px)\" srcset=\"https:\/\/files.sunoresearch.com.br\/n\/uploads\/2018\/10\/7ae388cb-ibovespa-2-400x200.webp\">\n\t\t\t\t<img loading=\"lazy\" decoding=\"async\" class=\"newsContent__article__imgCapa lazyloadDisabled newsContent__article__imgCapa--noCaption\" src=\"https:\/\/files.sunoresearch.com.br\/n\/uploads\/2018\/10\/7ae388cb-ibovespa-2-800x450.webp\" width=\"800\" height=\"450\" alt=\"Ibovespa inicia sess\u00e3o est\u00e1vel com Congresso e STF no radar\" fetchpriority=high \/>\n\t\t\t<\/picture>\n\n\t\t\t<figcaption class=\"wp-caption-text wp-caption-text--hide\">O Ibovespa <\/figcaption>\n\t\t<\/figure>\n\t<\/div>\n\n\n<p>Nesta quarta-feira (5), os principais assuntos que devem movimentar o <strong>Ibovespa<\/strong> s\u00e3o:<\/p>\n<ul>\n<li><strong>Julgamento de venda de estatais no STF;<\/strong><\/li>\n<li><strong>Recuo do PIB Chin\u00eas pelo FMI;<\/strong><\/li>\n<li><strong>Cr\u00e9dito extra ao governo;<\/strong><\/li>\n<li><strong>Reforma da Previd\u00eancia.<\/strong><\/li>\n<\/ul>\n\t<p>\n\t\t<a href=\"https:\/\/lp2.suno.com.br\/pv\/bolsa-para-iniciantes?utm_campaign=_SNC757A2733_rs.mpr26---meu-primeiro-rendimento---venda---not\u00edcias&#038;utm_source=suno-not\u00edcias&#038;utm_medium=banner.noticias\" target=\"_blank\" data-element=\"shortcode-suno-banner\" title=\"Banner SUNO, clique e saiba mais\">\n\t\t\t<picture>\n\t\t\t\t<source media=\"(max-width: 500px)\" srcset=\"https:\/\/files.sunoresearch.com.br\/n\/uploads\/2026\/04\/400x300-Banner-Materias-01-png.webp\">\n\t\t\t\t<img class=\"newsContent__article__imgCapa newsContent__article__imgCapa--banner\"\n\t\t\t\t\tsrc=\"https:\/\/files.sunoresearch.com.br\/n\/uploads\/2026\/04\/1420x240-Banner-Materias-01-png.webp\"\n\t\t\t\t\tdata-promo-id=\"647482\"\t\t\t\t\t\t\t\t\t\twidth='1420' height='240'\t\t\t\t\talt=\"https:\/\/files.sunoresearch.com.br\/n\/uploads\/2026\/04\/1420x240-Banner-Materias-01-png.webp\"\n\t\t\t\t>\n\t\t\t<\/picture>\n\t\t<\/a>\n\t<\/p>\n\n\n<h2>STF julga venda de estatais<\/h2>\n<p>O Supremo Tribunal Federal (STF) vai retomar o julgamento sobre a venda de estatais pelo governo sem autoriza\u00e7\u00e3o do Congresso, nesta quarta-feira (5).<\/p>\n<p>O <strong>julgamento<\/strong> foi iniciado na \u00faltima semana, no entanto, apenas nesta quarta os ministros devem apresentar seus votos.<\/p>\n<p><a href=\"https:\/\/www.suno.com.br\/noticias\/stf-julgamento-venda-estatais\/\">STF: Julgamento sobre venda de estatais ser\u00e1 retomado nesta quarta<\/a><\/p>\n<p>Hoje ser\u00e1 decidido se a medida provis\u00f3ria do ministro <strong>Ricardo Lewandowski<\/strong> ser\u00e1 derrubada ou n\u00e3o. A decis\u00e3o do ministro diz que o governo n\u00e3o pode vender estatais sem a autoriza\u00e7\u00e3o do <strong>Congresso<\/strong>.<\/p>\n<p>Ap\u00f3s isso, os <strong>ministros<\/strong> devem definir quais ser\u00e3o as medidas que o <strong>governo<\/strong> dever\u00e1 tomar em caso de <strong>venda de estatais<\/strong>, que se tornar\u00e3o regras.<\/p>\n<h2>FMI reduz previs\u00e3o de PIB chin\u00eas<\/h2>\n<p>Fundo Monet\u00e1rio Internacional (FMI) reduziu sua previs\u00e3o sobre o Produto Interno Bruto (PIB) da China neste ano. O recuo estipulado pelo FMI acontece devido a guerra comercial com os Estados Unidos.<\/p>\n<p><a href=\"https:\/\/www.suno.com.br\/noticias\/fmi-reduz-previsao-pib-china\/\">Saiba mais:\u00a0FMI reduz previs\u00e3o de crescimento do PIB da China para este ano<\/a><\/p>\n<p>De acordo com o <strong>FMI<\/strong>, o <strong>PIB<\/strong> da <strong>China<\/strong> deve crescer 6,2% neste ano e 6% no ano que vem. Comparando as \u00faltimas previs\u00f5es, para 2019 o recuo \u00e9 de 0,3 ponto percentual e para 2020 a retra\u00e7\u00e3o \u00e9 de 0,1 ponto percentual.<\/p>\n<h2>Cr\u00e9dito extra ao governo<\/h2>\n<p>O presidente do Senado Federal, Davi Alcolumbre convocou para esta quinta-feira (5), uma sess\u00e3o no Congresso para finalizar a pauta de vetos e iniciar a vota\u00e7\u00e3o de cr\u00e9dito extra para o governo.<\/p>\n<p>Atualmente, a Constitui\u00e7\u00e3o pro\u00edbe a realiza\u00e7\u00e3o de opera\u00e7\u00f5es de cr\u00e9dito que ultrapassem as despesas de capital. No entanto, a regra poder\u00e1 ser contornada por meio de cr\u00e9ditos suplementares ou especiais que possuam uma finalidade espec\u00edfica que dever\u00e1 ser aprovada pela maioria do Congresso, ou seja, 257 deputados e 41 senadores.<\/p>\n<h2>Reforma da Previd\u00eancia<\/h2>\n<p>A <strong>Confedera\u00e7\u00e3o Nacional dos Munic\u00edpios <\/strong>(<strong>CNM<\/strong>) j\u00e1 declarou que pode ir ao <strong>Supremo Tribunal Federal <\/strong>(<strong>STF<\/strong>) caso as cidades fiquem de fora do texto da <strong>reforma <\/strong>da Previd\u00eancia. Isso porque a institui\u00e7\u00e3o argumenta a quest\u00e3o da isonomia, uma vez que alguns munic\u00edpios t\u00eam regras pr\u00f3prias para <strong>aposentadoria<\/strong>. Dessa forma, ficariam de fora das altera\u00e7\u00f5es feitas pelo governo.<\/p>\n<p><a href=\"https:\/\/www.suno.com.br\/noticias\/previdencia-municipios-stf-retirados-reforma\/\">Saiba mais:\u00a0Previd\u00eancia: munic\u00edpios amea\u00e7am ir ao STF se forem retirados da reforma<\/a><\/p>\n<p>De acordo com a <strong>CNM<\/strong>, 2,1 mil munic\u00edpios no Brasil possuem um regime pr\u00f3prio de<strong> Previd\u00eancia<\/strong>. Com isso, se as prefeituras n\u00e3o forem obrigatoriamente inclusas na <strong>reforma<\/strong>, esses munic\u00edpios n\u00e3o precisariam seguir as novas regras impostas pelo governo.<\/p>\n<h2>\u00daltima cota\u00e7\u00e3o<\/h2>\n<p>Na \u00faltima sess\u00e3o, na ter\u00e7a-feira (4), o <strong>Ibovespa<\/strong> registrou uma alta de 0,37% somando 97.380,28 pontos.<\/p>\n\t<p>\n\t\t<a href=\"https:\/\/lp2.suno.com.br\/pv\/curso-zero-ao-primeiro-rendimento\/?utm_source=suno-noticias&#038;utm_medium=banner&#038;utm_campaign=_SNC4CCF8112_\" target=\"_blank\" data-element=\"shortcode-suno-banner\" title=\"Banner SUNO, clique e saiba mais\">\n\t\t\t<picture>\n\t\t\t\t<source media=\"(max-width: 500px)\" srcset=\"https:\/\/files.sunoresearch.com.br\/n\/uploads\/2025\/12\/Artigos-e-Noticias-Banner-Materias-02-Mobile_-400x300-1-png.webp\">\n\t\t\t\t<img class=\"newsContent__article__imgCapa newsContent__article__imgCapa--banner\"\n\t\t\t\t\tsrc=\"https:\/\/files.sunoresearch.com.br\/n\/uploads\/2025\/12\/Artigos-e-Noticias-Banner-Materias-01-Desktop_-1420x240-1-png.webp\"\n\t\t\t\t\tdata-promo-id=\"635313\"\t\t\t\t\t\t\t\t\t\twidth='1420' height='240'\t\t\t\t\talt=\"https:\/\/files.sunoresearch.com.br\/n\/uploads\/2025\/12\/Artigos-e-Noticias-Banner-Materias-01-Desktop_-1420x240-1-png.webp\"\n\t\t\t\t>\n\t\t\t<\/picture>\n\t\t<\/a>\n\t<\/p>\n\n\n","protected":false},"excerpt":{"rendered":"<p>O Ibovespa iniciou a sess\u00e3o est\u00e1vel, mas com leve alta. Por volta das 10h, o principal \u00edndice da Bolsa de Valores de S\u00e3o Paulo registrava um crescimento de 0,05% ficando com 97.429,09 pontos. O Ibovespa Nesta quarta-feira (5), os principais assuntos que devem movimentar o Ibovespa s\u00e3o: Julgamento de venda de estatais no STF; Recuo [&hellip;]<\/p>\n","protected":false},"author":11,"featured_media":4749,"comment_status":"closed","ping_status":"closed","sticky":false,"template":"","format":"standard","meta":[],"categories":[60],"tags":[721],"suno_strategy":[],"class_list":["post-27285","post","type-post","status-publish","format-standard","has-post-thumbnail","hentry","category-mercado","tag-ibovespa"],"yoast_head":"<!-- This site is optimized with the Yoast SEO plugin v24.4 - https:\/\/yoast.com\/wordpress\/plugins\/seo\/ -->\n<title>Ibovespa inicia sess\u00e3o est\u00e1vel com Congresso e STF no radar<\/title>\n<meta name=\"description\" content=\"O Ibovespa iniciou a sess\u00e3o desta quarta-feira (5) com um leve alta de 0,05% somando 97.429,09 pontos. Clique para saber mais.\" \/>\n<meta name=\"robots\" content=\"index, follow, max-snippet:-1, max-image-preview:large, max-video-preview:-1\" \/>\n<link rel=\"canonical\" href=\"https:\/\/www.suno.com.br\/noticias\/ibovespa-05062019\/\" \/>\n<meta property=\"og:locale\" content=\"pt_BR\" \/>\n<meta property=\"og:type\" content=\"article\" \/>\n<meta property=\"og:title\" content=\"Ibovespa inicia sess\u00e3o est\u00e1vel com Congresso e STF no radar\" \/>\n<meta property=\"og:description\" content=\"O Ibovespa iniciou a sess\u00e3o desta quarta-feira (5) com um leve alta de 0,05% somando 97.429,09 pontos. Clique para saber mais.\" \/>\n<meta property=\"og:url\" content=\"https:\/\/www.suno.com.br\/noticias\/ibovespa-05062019\/\" \/>\n<meta property=\"og:site_name\" content=\"Suno Not\u00edcias\" \/>\n<meta property=\"article:publisher\" content=\"https:\/\/facebook.com\/sunoresearch\" \/>\n<meta property=\"og:image\" content=\"https:\/\/files.sunoresearch.com.br\/n\/uploads\/2018\/10\/7ae388cb-ibovespa-2.jpg\" \/>\n\t<meta property=\"og:image:width\" content=\"1920\" \/>\n\t<meta property=\"og:image:height\" content=\"1078\" \/>\n\t<meta property=\"og:image:type\" content=\"image\/jpeg\" \/>\n<meta name=\"author\" content=\"Renan Bandeira\" \/>\n<meta name=\"twitter:card\" content=\"summary_large_image\" \/>\n<meta name=\"twitter:creator\" content=\"@sunoresearch\" \/>\n<meta name=\"twitter:site\" content=\"@sunoresearch\" \/>\n<meta name=\"twitter:label1\" content=\"Escrito por\" \/>\n\t<meta name=\"twitter:data1\" content=\"Renan Bandeira\" \/>\n\t<meta name=\"twitter:label2\" content=\"Est. tempo de leitura\" \/>\n\t<meta name=\"twitter:data2\" content=\"3 minutos\" \/>\n<script type=\"application\/ld+json\" class=\"yoast-schema-graph\">{\"@context\":\"https:\/\/schema.org\",\"@graph\":[{\"@type\":\"NewsArticle\",\"@id\":\"https:\/\/www.suno.com.br\/noticias\/ibovespa-05062019\/#article\",\"isPartOf\":{\"@id\":\"https:\/\/www.suno.com.br\/noticias\/ibovespa-05062019\/\"},\"author\":{\"name\":\"Renan Bandeira\",\"@id\":\"https:\/\/www.suno.com.br\/noticias\/#\/schema\/person\/fc144a1c6108bd1dcd43784e88a3c138\"},\"headline\":\"Ibovespa inicia sess\u00e3o est\u00e1vel com Congresso e STF no radar\",\"datePublished\":\"2019-06-05T13:05:20+00:00\",\"mainEntityOfPage\":{\"@id\":\"https:\/\/www.suno.com.br\/noticias\/ibovespa-05062019\/\"},\"wordCount\":542,\"publisher\":{\"@id\":\"https:\/\/www.suno.com.br\/noticias\/#organization\"},\"image\":{\"@id\":\"https:\/\/www.suno.com.br\/noticias\/ibovespa-05062019\/#primaryimage\"},\"thumbnailUrl\":\"https:\/\/files.sunoresearch.com.br\/n\/uploads\/2018\/10\/7ae388cb-ibovespa-2-jpg.webp\",\"keywords\":[\"Ibovespa\"],\"articleSection\":[\"Mercado\"],\"inLanguage\":\"pt-BR\"},{\"@type\":\"WebPage\",\"@id\":\"https:\/\/www.suno.com.br\/noticias\/ibovespa-05062019\/\",\"url\":\"https:\/\/www.suno.com.br\/noticias\/ibovespa-05062019\/\",\"name\":\"Ibovespa inicia sess\u00e3o est\u00e1vel com Congresso e STF no radar\",\"isPartOf\":{\"@id\":\"https:\/\/www.suno.com.br\/noticias\/#website\"},\"primaryImageOfPage\":{\"@id\":\"https:\/\/www.suno.com.br\/noticias\/ibovespa-05062019\/#primaryimage\"},\"image\":{\"@id\":\"https:\/\/www.suno.com.br\/noticias\/ibovespa-05062019\/#primaryimage\"},\"thumbnailUrl\":\"https:\/\/files.sunoresearch.com.br\/n\/uploads\/2018\/10\/7ae388cb-ibovespa-2-jpg.webp\",\"datePublished\":\"2019-06-05T13:05:20+00:00\",\"description\":\"O Ibovespa iniciou a sess\u00e3o desta quarta-feira (5) com um leve alta de 0,05% somando 97.429,09 pontos. Clique para saber mais.\",\"breadcrumb\":{\"@id\":\"https:\/\/www.suno.com.br\/noticias\/ibovespa-05062019\/#breadcrumb\"},\"inLanguage\":\"pt-BR\",\"potentialAction\":[{\"@type\":\"ReadAction\",\"target\":[\"https:\/\/www.suno.com.br\/noticias\/ibovespa-05062019\/\"]}]},{\"@type\":\"ImageObject\",\"inLanguage\":\"pt-BR\",\"@id\":\"https:\/\/www.suno.com.br\/noticias\/ibovespa-05062019\/#primaryimage\",\"url\":\"https:\/\/files.sunoresearch.com.br\/n\/uploads\/2018\/10\/7ae388cb-ibovespa-2-jpg.webp\",\"contentUrl\":\"https:\/\/files.sunoresearch.com.br\/n\/uploads\/2018\/10\/7ae388cb-ibovespa-2-jpg.webp\",\"width\":1920,\"height\":1078,\"caption\":\"O Ibovespa\"},{\"@type\":\"BreadcrumbList\",\"@id\":\"https:\/\/www.suno.com.br\/noticias\/ibovespa-05062019\/#breadcrumb\",\"itemListElement\":[{\"@type\":\"ListItem\",\"position\":1,\"name\":\"Not\u00edcias\",\"item\":\"https:\/\/www.suno.com.br\/noticias\/\"},{\"@type\":\"ListItem\",\"position\":2,\"name\":\"Mercado\",\"item\":\"https:\/\/www.suno.com.br\/noticias\/mercado\/\"},{\"@type\":\"ListItem\",\"position\":3,\"name\":\"Ibovespa inicia sess\u00e3o est\u00e1vel com Congresso e STF no radar\"}]},{\"@type\":\"WebSite\",\"@id\":\"https:\/\/www.suno.com.br\/noticias\/#website\",\"url\":\"https:\/\/www.suno.com.br\/noticias\/\",\"name\":\"Suno Not\u00edcias\",\"description\":\"Seu portal de informa\u00e7\u00e3o sobre o mundo dos investimentos\",\"publisher\":{\"@id\":\"https:\/\/www.suno.com.br\/noticias\/#organization\"},\"potentialAction\":[{\"@type\":\"SearchAction\",\"target\":{\"@type\":\"EntryPoint\",\"urlTemplate\":\"https:\/\/www.suno.com.br\/noticias\/?s={search_term_string}\"},\"query-input\":{\"@type\":\"PropertyValueSpecification\",\"valueRequired\":true,\"valueName\":\"search_term_string\"}}],\"inLanguage\":\"pt-BR\"},{\"@type\":\"Organization\",\"@id\":\"https:\/\/www.suno.com.br\/noticias\/#organization\",\"name\":\"Suno Not\u00edcias\",\"url\":\"https:\/\/www.suno.com.br\/noticias\/\",\"logo\":{\"@type\":\"ImageObject\",\"inLanguage\":\"pt-BR\",\"@id\":\"https:\/\/www.suno.com.br\/noticias\/#\/schema\/logo\/image\/\",\"url\":\"https:\/\/files.sunoresearch.com.br\/n\/uploads\/2021\/09\/suno-logo.png\",\"contentUrl\":\"https:\/\/files.sunoresearch.com.br\/n\/uploads\/2021\/09\/suno-logo.png\",\"width\":180,\"height\":180,\"caption\":\"Suno Not\u00edcias\"},\"image\":{\"@id\":\"https:\/\/www.suno.com.br\/noticias\/#\/schema\/logo\/image\/\"},\"sameAs\":[\"https:\/\/facebook.com\/sunoresearch\",\"https:\/\/x.com\/sunoresearch\",\"https:\/\/www.instagram.com\/suno\",\"https:\/\/www.linkedin.com\/company\/suno-research\/\",\"https:\/\/www.youtube.com\/c\/sunoresearch\"]},{\"@type\":\"Person\",\"@id\":\"https:\/\/www.suno.com.br\/noticias\/#\/schema\/person\/fc144a1c6108bd1dcd43784e88a3c138\",\"name\":\"Renan Bandeira\",\"image\":{\"@type\":\"ImageObject\",\"inLanguage\":\"pt-BR\",\"@id\":\"https:\/\/www.suno.com.br\/noticias\/#\/schema\/person\/image\/\",\"url\":\"https:\/\/secure.gravatar.com\/avatar\/68359cdb608f14f11bbefcb78f3fc747?s=96&r=g\",\"contentUrl\":\"https:\/\/secure.gravatar.com\/avatar\/68359cdb608f14f11bbefcb78f3fc747?s=96&r=g\",\"caption\":\"Renan Bandeira\"},\"description\":\"Renan Bandeira escreve sobre pol\u00edtica e economia para o portal da Suno Research. Antes da Suno, trabalhou em uma rede de televis\u00e3o, onde fazia reportagens sobre os mesmos temas. Estuda na Universidade Metodista de S\u00e3o Paulo.\",\"url\":\"https:\/\/www.suno.com.br\/noticias\/author\/renan-bandeira\/\"}]}<\/script>\n<!-- \/ Yoast SEO plugin. -->","yoast_head_json":{"title":"Ibovespa inicia sess\u00e3o est\u00e1vel com Congresso e STF no radar","description":"O Ibovespa iniciou a sess\u00e3o desta quarta-feira (5) com um leve alta de 0,05% somando 97.429,09 pontos. Clique para saber mais.","robots":{"index":"index","follow":"follow","max-snippet":"max-snippet:-1","max-image-preview":"max-image-preview:large","max-video-preview":"max-video-preview:-1"},"canonical":"https:\/\/www.suno.com.br\/noticias\/ibovespa-05062019\/","og_locale":"pt_BR","og_type":"article","og_title":"Ibovespa inicia sess\u00e3o est\u00e1vel com Congresso e STF no radar","og_description":"O Ibovespa iniciou a sess\u00e3o desta quarta-feira (5) com um leve alta de 0,05% somando 97.429,09 pontos. Clique para saber mais.","og_url":"https:\/\/www.suno.com.br\/noticias\/ibovespa-05062019\/","og_site_name":"Suno Not\u00edcias","article_publisher":"https:\/\/facebook.com\/sunoresearch","og_image":[{"width":1920,"height":1078,"url":"https:\/\/files.sunoresearch.com.br\/n\/uploads\/2018\/10\/7ae388cb-ibovespa-2.jpg","type":"image\/jpeg"}],"author":"Renan Bandeira","twitter_card":"summary_large_image","twitter_creator":"@sunoresearch","twitter_site":"@sunoresearch","twitter_misc":{"Escrito por":"Renan Bandeira","Est. tempo de leitura":"3 minutos"},"schema":{"@context":"https:\/\/schema.org","@graph":[{"@type":"NewsArticle","@id":"https:\/\/www.suno.com.br\/noticias\/ibovespa-05062019\/#article","isPartOf":{"@id":"https:\/\/www.suno.com.br\/noticias\/ibovespa-05062019\/"},"author":{"name":"Renan Bandeira","@id":"https:\/\/www.suno.com.br\/noticias\/#\/schema\/person\/fc144a1c6108bd1dcd43784e88a3c138"},"headline":"Ibovespa inicia sess\u00e3o est\u00e1vel com Congresso e STF no radar","datePublished":"2019-06-05T13:05:20+00:00","mainEntityOfPage":{"@id":"https:\/\/www.suno.com.br\/noticias\/ibovespa-05062019\/"},"wordCount":542,"publisher":{"@id":"https:\/\/www.suno.com.br\/noticias\/#organization"},"image":{"@id":"https:\/\/www.suno.com.br\/noticias\/ibovespa-05062019\/#primaryimage"},"thumbnailUrl":"https:\/\/files.sunoresearch.com.br\/n\/uploads\/2018\/10\/7ae388cb-ibovespa-2-jpg.webp","keywords":["Ibovespa"],"articleSection":["Mercado"],"inLanguage":"pt-BR"},{"@type":"WebPage","@id":"https:\/\/www.suno.com.br\/noticias\/ibovespa-05062019\/","url":"https:\/\/www.suno.com.br\/noticias\/ibovespa-05062019\/","name":"Ibovespa inicia sess\u00e3o est\u00e1vel com Congresso e STF no radar","isPartOf":{"@id":"https:\/\/www.suno.com.br\/noticias\/#website"},"primaryImageOfPage":{"@id":"https:\/\/www.suno.com.br\/noticias\/ibovespa-05062019\/#primaryimage"},"image":{"@id":"https:\/\/www.suno.com.br\/noticias\/ibovespa-05062019\/#primaryimage"},"thumbnailUrl":"https:\/\/files.sunoresearch.com.br\/n\/uploads\/2018\/10\/7ae388cb-ibovespa-2-jpg.webp","datePublished":"2019-06-05T13:05:20+00:00","description":"O Ibovespa iniciou a sess\u00e3o desta quarta-feira (5) com um leve alta de 0,05% somando 97.429,09 pontos. Clique para saber mais.","breadcrumb":{"@id":"https:\/\/www.suno.com.br\/noticias\/ibovespa-05062019\/#breadcrumb"},"inLanguage":"pt-BR","potentialAction":[{"@type":"ReadAction","target":["https:\/\/www.suno.com.br\/noticias\/ibovespa-05062019\/"]}]},{"@type":"ImageObject","inLanguage":"pt-BR","@id":"https:\/\/www.suno.com.br\/noticias\/ibovespa-05062019\/#primaryimage","url":"https:\/\/files.sunoresearch.com.br\/n\/uploads\/2018\/10\/7ae388cb-ibovespa-2-jpg.webp","contentUrl":"https:\/\/files.sunoresearch.com.br\/n\/uploads\/2018\/10\/7ae388cb-ibovespa-2-jpg.webp","width":1920,"height":1078,"caption":"O Ibovespa"},{"@type":"BreadcrumbList","@id":"https:\/\/www.suno.com.br\/noticias\/ibovespa-05062019\/#breadcrumb","itemListElement":[{"@type":"ListItem","position":1,"name":"Not\u00edcias","item":"https:\/\/www.suno.com.br\/noticias\/"},{"@type":"ListItem","position":2,"name":"Mercado","item":"https:\/\/www.suno.com.br\/noticias\/mercado\/"},{"@type":"ListItem","position":3,"name":"Ibovespa inicia sess\u00e3o est\u00e1vel com Congresso e STF no radar"}]},{"@type":"WebSite","@id":"https:\/\/www.suno.com.br\/noticias\/#website","url":"https:\/\/www.suno.com.br\/noticias\/","name":"Suno Not\u00edcias","description":"Seu portal de informa\u00e7\u00e3o sobre o mundo dos investimentos","publisher":{"@id":"https:\/\/www.suno.com.br\/noticias\/#organization"},"potentialAction":[{"@type":"SearchAction","target":{"@type":"EntryPoint","urlTemplate":"https:\/\/www.suno.com.br\/noticias\/?s={search_term_string}"},"query-input":{"@type":"PropertyValueSpecification","valueRequired":true,"valueName":"search_term_string"}}],"inLanguage":"pt-BR"},{"@type":"Organization","@id":"https:\/\/www.suno.com.br\/noticias\/#organization","name":"Suno Not\u00edcias","url":"https:\/\/www.suno.com.br\/noticias\/","logo":{"@type":"ImageObject","inLanguage":"pt-BR","@id":"https:\/\/www.suno.com.br\/noticias\/#\/schema\/logo\/image\/","url":"https:\/\/files.sunoresearch.com.br\/n\/uploads\/2021\/09\/suno-logo.png","contentUrl":"https:\/\/files.sunoresearch.com.br\/n\/uploads\/2021\/09\/suno-logo.png","width":180,"height":180,"caption":"Suno Not\u00edcias"},"image":{"@id":"https:\/\/www.suno.com.br\/noticias\/#\/schema\/logo\/image\/"},"sameAs":["https:\/\/facebook.com\/sunoresearch","https:\/\/x.com\/sunoresearch","https:\/\/www.instagram.com\/suno","https:\/\/www.linkedin.com\/company\/suno-research\/","https:\/\/www.youtube.com\/c\/sunoresearch"]},{"@type":"Person","@id":"https:\/\/www.suno.com.br\/noticias\/#\/schema\/person\/fc144a1c6108bd1dcd43784e88a3c138","name":"Renan Bandeira","image":{"@type":"ImageObject","inLanguage":"pt-BR","@id":"https:\/\/www.suno.com.br\/noticias\/#\/schema\/person\/image\/","url":"https:\/\/secure.gravatar.com\/avatar\/68359cdb608f14f11bbefcb78f3fc747?s=96&r=g","contentUrl":"https:\/\/secure.gravatar.com\/avatar\/68359cdb608f14f11bbefcb78f3fc747?s=96&r=g","caption":"Renan Bandeira"},"description":"Renan Bandeira escreve sobre pol\u00edtica e economia para o portal da Suno Research. Antes da Suno, trabalhou em uma rede de televis\u00e3o, onde fazia reportagens sobre os mesmos temas. Estuda na Universidade Metodista de S\u00e3o Paulo.","url":"https:\/\/www.suno.com.br\/noticias\/author\/renan-bandeira\/"}]}},"default_loop_html":"<div class=\"cardsPage__listCard__boxs\"><div class=\"cardsPage__listCard__boxs__img\"><a href=\"https:\/\/www.suno.com.br\/noticias\/ibovespa-05062019\/\"><img class=\"mask\" src=\"https:\/\/www.suno.com.br\/noticias\/wp-content\/themes\/suno\/resources\/images\/spotlight\/spotlight1img\/bg-mask.png\" alt=\"Image Mask\"\/><img src=\"https:\/\/files.sunoresearch.com.br\/n\/uploads\/2018\/10\/7ae388cb-ibovespa-2-400x200.webp\" alt=\"Ibovespa inicia sess\u00e3o est\u00e1vel com Congresso e STF no radar\"\/><\/a><span class=\"spotlightCategory\"><a href=\"https:\/\/www.suno.com.br\/noticias\/mercado\/\">Mercado<\/a><\/span><\/div><div class=\"cardsPage__listCard__boxs__content\"><a href=\"https:\/\/www.suno.com.br\/noticias\/ibovespa-05062019\/\"><h2 class=\"content__title\">Ibovespa inicia sess\u00e3o est\u00e1vel com Congresso e STF no radar<\/h2><\/a><div class=\"newsContent__article__meta\"><div class=\"newsContent__article__meta__authorBox\"><a href=\"https:\/\/www.suno.com.br\/noticias\/author\/renan-bandeira\/\" class=\"authorBox__avatar noMobi\"><img src=\"https:\/\/secure.gravatar.com\/avatar\/68359cdb608f14f11bbefcb78f3fc747?s=96&#038;r=g\" alt=\"Renan Bandeira\"><\/a><div class=\"authorBox__name\"><span>por\n\t\t\t<a href=\"https:\/\/www.suno.com.br\/noticias\/author\/renan-bandeira\/\"><span itemprop=\"author\">Renan Bandeira<\/span><\/a><\/span><time datetime=\"2019-06-05T10:05:20-03:00\" itemprop=\"datePublished\">05\/06\/2019 10:05<\/time><\/div><\/div><\/div><\/div><\/div>","single_layout":"posts","amp_enabled":true,"_links":{"self":[{"href":"https:\/\/www.suno.com.br\/noticias\/wp-json\/wp\/v2\/posts\/27285"}],"collection":[{"href":"https:\/\/www.suno.com.br\/noticias\/wp-json\/wp\/v2\/posts"}],"about":[{"href":"https:\/\/www.suno.com.br\/noticias\/wp-json\/wp\/v2\/types\/post"}],"author":[{"embeddable":true,"href":"https:\/\/www.suno.com.br\/noticias\/wp-json\/wp\/v2\/users\/11"}],"replies":[{"embeddable":true,"href":"https:\/\/www.suno.com.br\/noticias\/wp-json\/wp\/v2\/comments?post=27285"}],"version-history":[{"count":0,"href":"https:\/\/www.suno.com.br\/noticias\/wp-json\/wp\/v2\/posts\/27285\/revisions"}],"wp:featuredmedia":[{"embeddable":true,"href":"https:\/\/www.suno.com.br\/noticias\/wp-json\/wp\/v2\/media\/4749"}],"wp:attachment":[{"href":"https:\/\/www.suno.com.br\/noticias\/wp-json\/wp\/v2\/media?parent=27285"}],"wp:term":[{"taxonomy":"category","embeddable":true,"href":"https:\/\/www.suno.com.br\/noticias\/wp-json\/wp\/v2\/categories?post=27285"},{"taxonomy":"post_tag","embeddable":true,"href":"https:\/\/www.suno.com.br\/noticias\/wp-json\/wp\/v2\/tags?post=27285"},{"taxonomy":"suno_strategy","embeddable":true,"href":"https:\/\/www.suno.com.br\/noticias\/wp-json\/wp\/v2\/suno_strategy?post=27285"}],"curies":[{"name":"wp","href":"https:\/\/api.w.org\/{rel}","templated":true}]}}