{"id":272803,"date":"2022-07-01T10:29:56","date_gmt":"2022-07-01T13:29:56","guid":{"rendered":"https:\/\/www.suno.com.br\/noticias\/?p=272803"},"modified":"2022-07-01T10:29:56","modified_gmt":"2022-07-01T13:29:56","slug":"nubank-nubr33-rentavel-entrevista-velez","status":"publish","type":"post","link":"https:\/\/www.suno.com.br\/noticias\/nubank-nubr33-rentavel-entrevista-velez\/","title":{"rendered":"Nubank (NUBR33) n\u00e3o \u00e9 rent\u00e1vel por decis\u00e3o pr\u00f3pria, diz V\u00e9lez"},"content":{"rendered":"<p>Com queda de 67,53% nas a\u00e7\u00f5es em um ano, o CEO do <strong>Nubank<\/strong> (<a class=\"suno-keyword\" href=\"https:\/\/www.suno.com.br\/bdrs\/nubr33\/\" target=\"_blank\" rel=\"noopener\" data-force=\"yes\" data-priority=\"2\">NUBR33<\/a>), David V\u00e9lez, n\u00e3o parece preocupado. Isso porque, segundo ele, a fintech\u00a0 n\u00e3o \u00e9 rent\u00e1vel por decis\u00e3o pr\u00f3pria.<\/p>\t<div class=\"wrapper-featured-image\">\n\t\t<figure class=\"spotlightImg\">\n\n\t\t\t<picture>\n\t\t\t\t<source media=\"(max-width: 768px)\" srcset=\"https:\/\/files.sunoresearch.com.br\/n\/uploads\/2021\/04\/cd56470c-121668110_3554247724613861_8268621916409393931_n-400x200.webp\">\n\t\t\t\t<img loading=\"lazy\" decoding=\"async\" class=\"newsContent__article__imgCapa lazyloadDisabled \" src=\"https:\/\/files.sunoresearch.com.br\/n\/uploads\/2021\/04\/cd56470c-121668110_3554247724613861_8268621916409393931_n-800x450.webp\" width=\"800\" height=\"450\" alt=\"Nubank (NUBR33) n\u00e3o \u00e9 rent\u00e1vel por decis\u00e3o pr\u00f3pria, diz V\u00e9lez\" fetchpriority=high \/>\n\t\t\t<\/picture>\n\n\t\t\t<figcaption class=\"wp-caption-text wp-caption-text--show\">Nubank. Foto: Reprodu\u00e7\u00e3o Facebook<\/figcaption>\n\t\t<\/figure>\n\t<\/div>\n\n\n\t<p>\n\t\t<a href=\"https:\/\/lp.suno.com.br\/planilha-controle-gastos\/\" target=\"_blank\" data-element=\"shortcode-suno-banner\" title=\"Banner SUNO, clique e saiba mais\">\n\t\t\t<picture>\n\t\t\t\t<source media=\"(max-width: 500px)\" srcset=\"https:\/\/files.sunoresearch.com.br\/n\/uploads\/2023\/03\/400x300-Planilha-controle-de-gastos.png\">\n\t\t\t\t<img class=\"newsContent__article__imgCapa newsContent__article__imgCapa--banner\"\n\t\t\t\t\tsrc=\"https:\/\/files.sunoresearch.com.br\/n\/uploads\/2023\/03\/1420x240-Planilha-controle-de-gastos.png\"\n\t\t\t\t\tdata-promo-id=\"101751\"\t\t\t\t\t\t\t\t\t\twidth='1420' height='240'\t\t\t\t\talt=\"https:\/\/files.sunoresearch.com.br\/n\/uploads\/2023\/03\/1420x240-Planilha-controle-de-gastos.png\"\n\t\t\t\t>\n\t\t\t<\/picture>\n\t\t<\/a>\n\t<\/p>\n\n\n<p>Em entrevista ao site <em>Brazil Journal<\/em>, o<strong> CEO do Nubank<\/strong> disse que os investidores n\u00e3o entendem que o banco \u00e9 conservador e que os investimentos hoje consideram uma vis\u00e3o da empresa daqui a 10 anos.<\/p>\n<figure id=\"attachment_272852\" aria-describedby=\"caption-attachment-272852\" style=\"width: 1024px\" class=\"wp-caption aligncenter\"><img loading=\"lazy\" decoding=\"async\" class=\"wp-image-272852 size-large\" src=\"https:\/\/files.sunoresearch.com.br\/n\/uploads\/2022\/07\/nubr33-1024x312.png\" alt=\"Foto:StatusInvest\" width=\"1024\" height=\"312\" srcset=\"https:\/\/files.sunoresearch.com.br\/n\/uploads\/2022\/07\/nubr33-1024x312.png 1024w, https:\/\/files.sunoresearch.com.br\/n\/uploads\/2022\/07\/nubr33-300x92.png 300w, https:\/\/files.sunoresearch.com.br\/n\/uploads\/2022\/07\/nubr33-768x234.png 768w, https:\/\/files.sunoresearch.com.br\/n\/uploads\/2022\/07\/nubr33-150x46.png 150w, https:\/\/files.sunoresearch.com.br\/n\/uploads\/2022\/07\/nubr33.png 1095w\" sizes=\"(max-width: 1024px) 100vw, 1024px\" \/><figcaption id=\"caption-attachment-272852\" class=\"wp-caption-text\">Foto:StatusInvest<\/figcaption><\/figure>\n<p>&#8220;Isso significa que temos que investir muito hoje para que daqui a 10 anos o lucro seja grande, e a empresa, muito maior. Hoje n\u00e3o somos rent\u00e1veis por decis\u00e3o pr\u00f3pria. Se eu parar de crescer, investir no M\u00e9xico, ou em novos produtos, eu j\u00e1 gero centenas de milh\u00f5es de reais de lucro. Mas seria sacrificar o valor da empresa daqui a 5 ou 10 anos&#8221;, disse V\u00e9lez ao site.<\/p>\n<p>Na an\u00e1lise do CEO do Nubank, hoje h\u00e1 dois detratores para o resultado da companhia. O primeiro, os sal\u00e1rios dos engenheiros, que est\u00e3o construindo o futuro da empresa. &#8220;N\u00f3s sempre contabiliz\u00e1vamos isso como despesa, e agora estamos come\u00e7ando a capitalizar alguns projetos.&#8221;<\/p>\n<p>O segundo \u00e9 o provisionamento de perdas de risco. Vel\u00e9z explicou que quando faz um empr\u00e9stimo novo ele provisiona hoje 100% da perda esperada, mas a receita desse cr\u00e9dito s\u00f3 vem em 6,12 ou 18 meses.<\/p>\n<p>No trimestre passado, houve um aumento de provisionamento de perdas relevante, mas 80% dele estava relacionado ao crescimento, e s\u00f3 20% \u00e0 deteriora\u00e7\u00e3o da carteira.\u00a0&#8220;Temos dificuldade de explicar para o investidor, mas estou super bem provisionado j\u00e1 para todo o futuro.&#8221;<\/p>\n\t<p>\n\t\t<a href=\"\" target=\"_blank\" data-element=\"shortcode-suno-banner\" title=\"Banner SUNO, clique e saiba mais\">\n\t\t\t<picture>\n\t\t\t\t<source media=\"(max-width: 500px)\" srcset=\"\">\n\t\t\t\t<img class=\"newsContent__article__imgCapa newsContent__article__imgCapa--banner\"\n\t\t\t\t\tsrc=\"\"\n\t\t\t\t\tdata-promo-id=\"265278\"\t\t\t\t\t\t\t\t\t\t\t\t\t\t\talt=\"\"\n\t\t\t\t>\n\t\t\t<\/picture>\n\t\t<\/a>\n\t<\/p>\n\n\n<p>Al\u00e9m disso, em entrevista ao site, Vel\u00e9z comentou que grande parte do dinheiro levantado na abertura de capital (IPO, em ingl\u00eas) ser\u00e1 usado para <a class=\"suno-keyword\" href=\"https:\/\/www.suno.com.br\/artigos\/fusoes-aquisicoes\/\" target=\"_blank\" rel=\"noopener\" data-force=\"no\" data-priority=\"1\">fus\u00f5es e aquisi\u00e7\u00f5es<\/a> (M&amp;A) mais agressivas.<\/p>\n<p>&#8220;Em princ\u00edpio, pode ser duas coisas: ou novas verticais de neg\u00f3cios, nos moldes do que fizemos com a Esayinvest (NuInvest), quando entramos em investimentos; ou &#8216;acquihires&#8217;, em que voc\u00ea compra empresas para trazer os talentos&#8221;, concluiu o porta-voz do Nubank.<\/p>\n<h2>\u00daltima cota\u00e7\u00e3o do Nubank<\/h2>\n<p>Na \u00faltima sess\u00e3o, quinta-feira (30), o <strong>Nubank<\/strong> encerrou o preg\u00e3o em queda de 3,26%, negociado a R$ 3,26.<\/p>\n\t<p>\n\t\t<a href=\"https:\/\/lp.suno.com.br\/planilha-de-controle-de-investimentos\/\" target=\"_blank\" data-element=\"shortcode-suno-banner\" title=\"Banner SUNO, clique e saiba mais\">\n\t\t\t<picture>\n\t\t\t\t<source media=\"(max-width: 500px)\" srcset=\"https:\/\/files.sunoresearch.com.br\/n\/uploads\/2023\/03\/400x300-Controle-de-Investimentos.png\">\n\t\t\t\t<img class=\"newsContent__article__imgCapa newsContent__article__imgCapa--banner\"\n\t\t\t\t\tsrc=\"https:\/\/files.sunoresearch.com.br\/n\/uploads\/2023\/03\/1420x240-Controle-de-Investimentos.png\"\n\t\t\t\t\tdata-promo-id=\"75934\"\t\t\t\t\t\t\t\t\t\twidth='1420' height='240'\t\t\t\t\talt=\"https:\/\/files.sunoresearch.com.br\/n\/uploads\/2023\/03\/1420x240-Controle-de-Investimentos.png\"\n\t\t\t\t>\n\t\t\t<\/picture>\n\t\t<\/a>\n\t<\/p>\n\n\n","protected":false},"excerpt":{"rendered":"<p>Com queda de 67,53% nas a\u00e7\u00f5es em um ano, o CEO do Nubank (NUBR33), David V\u00e9lez, n\u00e3o parece preocupado. Isso porque, segundo ele, a fintech\u00a0 n\u00e3o \u00e9 rent\u00e1vel por decis\u00e3o pr\u00f3pria. Nubank. Foto: Reprodu\u00e7\u00e3o Facebook Em entrevista ao site Brazil Journal, o CEO do Nubank disse que os investidores n\u00e3o entendem que o banco \u00e9 [&hellip;]<\/p>\n","protected":false},"author":15,"featured_media":137675,"comment_status":"closed","ping_status":"closed","sticky":false,"template":"","format":"standard","meta":[],"categories":[64],"tags":[848],"suno_strategy":[],"class_list":["post-272803","post","type-post","status-publish","format-standard","has-post-thumbnail","hentry","category-negocios","tag-nubank"],"yoast_head":"<!-- This site is optimized with the Yoast SEO plugin v24.4 - https:\/\/yoast.com\/wordpress\/plugins\/seo\/ -->\n<title>Nubank (NUBR33) n\u00e3o \u00e9 rent\u00e1vel por decis\u00e3o pr\u00f3pria, diz V\u00e9lez<\/title>\n<meta name=\"description\" content=\"Com queda de 67% em um ano, o CEO do Nubank (NUBR33) n\u00e3o parece preocupado. Para ele, o banco n\u00e3o \u00e9 rent\u00e1vel por decis\u00e3o pr\u00f3pria.\u00a0Veja\" \/>\n<meta name=\"robots\" content=\"index, follow, max-snippet:-1, max-image-preview:large, max-video-preview:-1\" \/>\n<link rel=\"canonical\" href=\"https:\/\/www.suno.com.br\/noticias\/nubank-nubr33-rentavel-entrevista-velez\/\" \/>\n<meta property=\"og:locale\" content=\"pt_BR\" \/>\n<meta property=\"og:type\" content=\"article\" \/>\n<meta property=\"og:title\" content=\"Nubank (NUBR33) n\u00e3o \u00e9 rent\u00e1vel por decis\u00e3o pr\u00f3pria, diz V\u00e9lez\" \/>\n<meta property=\"og:description\" content=\"Com queda de 67% em um ano, o CEO do Nubank (NUBR33) n\u00e3o parece preocupado. Para ele, o banco n\u00e3o \u00e9 rent\u00e1vel por decis\u00e3o pr\u00f3pria.\u00a0Veja\" \/>\n<meta property=\"og:url\" content=\"https:\/\/www.suno.com.br\/noticias\/nubank-nubr33-rentavel-entrevista-velez\/\" \/>\n<meta property=\"og:site_name\" content=\"Suno Not\u00edcias\" \/>\n<meta property=\"article:publisher\" content=\"https:\/\/facebook.com\/sunoresearch\" \/>\n<meta property=\"og:image\" content=\"https:\/\/files.sunoresearch.com.br\/n\/uploads\/2021\/04\/cd56470c-121668110_3554247724613861_8268621916409393931_n.jpg\" \/>\n\t<meta property=\"og:image:width\" content=\"1367\" \/>\n\t<meta property=\"og:image:height\" content=\"1709\" \/>\n\t<meta property=\"og:image:type\" content=\"image\/jpeg\" \/>\n<meta name=\"author\" content=\"Poliana Santos\" \/>\n<meta name=\"twitter:card\" content=\"summary_large_image\" \/>\n<meta name=\"twitter:creator\" content=\"@sunoresearch\" \/>\n<meta name=\"twitter:site\" content=\"@sunoresearch\" \/>\n<meta name=\"twitter:label1\" content=\"Escrito por\" \/>\n\t<meta name=\"twitter:data1\" content=\"Poliana Santos\" \/>\n\t<meta name=\"twitter:label2\" content=\"Est. tempo de leitura\" \/>\n\t<meta name=\"twitter:data2\" content=\"3 minutos\" \/>\n<script type=\"application\/ld+json\" class=\"yoast-schema-graph\">{\"@context\":\"https:\/\/schema.org\",\"@graph\":[{\"@type\":\"NewsArticle\",\"@id\":\"https:\/\/www.suno.com.br\/noticias\/nubank-nubr33-rentavel-entrevista-velez\/#article\",\"isPartOf\":{\"@id\":\"https:\/\/www.suno.com.br\/noticias\/nubank-nubr33-rentavel-entrevista-velez\/\"},\"author\":{\"name\":\"Poliana Santos\",\"@id\":\"https:\/\/www.suno.com.br\/noticias\/#\/schema\/person\/02ec1f752758247878a2bf4abee1aeda\"},\"headline\":\"Nubank (NUBR33) n\u00e3o \u00e9 rent\u00e1vel por decis\u00e3o pr\u00f3pria, diz V\u00e9lez\",\"datePublished\":\"2022-07-01T13:29:56+00:00\",\"mainEntityOfPage\":{\"@id\":\"https:\/\/www.suno.com.br\/noticias\/nubank-nubr33-rentavel-entrevista-velez\/\"},\"wordCount\":400,\"publisher\":{\"@id\":\"https:\/\/www.suno.com.br\/noticias\/#organization\"},\"image\":{\"@id\":\"https:\/\/www.suno.com.br\/noticias\/nubank-nubr33-rentavel-entrevista-velez\/#primaryimage\"},\"thumbnailUrl\":\"https:\/\/files.sunoresearch.com.br\/n\/uploads\/2021\/04\/cd56470c-121668110_3554247724613861_8268621916409393931_n-jpg.webp\",\"keywords\":[\"Nubank (NUBR33)\"],\"articleSection\":[\"Neg\u00f3cios\"],\"inLanguage\":\"pt-BR\"},{\"@type\":\"WebPage\",\"@id\":\"https:\/\/www.suno.com.br\/noticias\/nubank-nubr33-rentavel-entrevista-velez\/\",\"url\":\"https:\/\/www.suno.com.br\/noticias\/nubank-nubr33-rentavel-entrevista-velez\/\",\"name\":\"Nubank (NUBR33) n\u00e3o \u00e9 rent\u00e1vel por decis\u00e3o pr\u00f3pria, diz V\u00e9lez\",\"isPartOf\":{\"@id\":\"https:\/\/www.suno.com.br\/noticias\/#website\"},\"primaryImageOfPage\":{\"@id\":\"https:\/\/www.suno.com.br\/noticias\/nubank-nubr33-rentavel-entrevista-velez\/#primaryimage\"},\"image\":{\"@id\":\"https:\/\/www.suno.com.br\/noticias\/nubank-nubr33-rentavel-entrevista-velez\/#primaryimage\"},\"thumbnailUrl\":\"https:\/\/files.sunoresearch.com.br\/n\/uploads\/2021\/04\/cd56470c-121668110_3554247724613861_8268621916409393931_n-jpg.webp\",\"datePublished\":\"2022-07-01T13:29:56+00:00\",\"description\":\"Com queda de 67% em um ano, o CEO do Nubank (NUBR33) n\u00e3o parece preocupado. Para ele, o banco n\u00e3o \u00e9 rent\u00e1vel por decis\u00e3o pr\u00f3pria.\u00a0Veja\",\"breadcrumb\":{\"@id\":\"https:\/\/www.suno.com.br\/noticias\/nubank-nubr33-rentavel-entrevista-velez\/#breadcrumb\"},\"inLanguage\":\"pt-BR\",\"potentialAction\":[{\"@type\":\"ReadAction\",\"target\":[\"https:\/\/www.suno.com.br\/noticias\/nubank-nubr33-rentavel-entrevista-velez\/\"]}]},{\"@type\":\"ImageObject\",\"inLanguage\":\"pt-BR\",\"@id\":\"https:\/\/www.suno.com.br\/noticias\/nubank-nubr33-rentavel-entrevista-velez\/#primaryimage\",\"url\":\"https:\/\/files.sunoresearch.com.br\/n\/uploads\/2021\/04\/cd56470c-121668110_3554247724613861_8268621916409393931_n-jpg.webp\",\"contentUrl\":\"https:\/\/files.sunoresearch.com.br\/n\/uploads\/2021\/04\/cd56470c-121668110_3554247724613861_8268621916409393931_n-jpg.webp\",\"width\":1367,\"height\":1709,\"caption\":\"Nubank. Foto: Reprodu\u00e7\u00e3o Facebook\"},{\"@type\":\"BreadcrumbList\",\"@id\":\"https:\/\/www.suno.com.br\/noticias\/nubank-nubr33-rentavel-entrevista-velez\/#breadcrumb\",\"itemListElement\":[{\"@type\":\"ListItem\",\"position\":1,\"name\":\"Not\u00edcias\",\"item\":\"https:\/\/www.suno.com.br\/noticias\/\"},{\"@type\":\"ListItem\",\"position\":2,\"name\":\"Neg\u00f3cios\",\"item\":\"https:\/\/www.suno.com.br\/noticias\/negocios\/\"},{\"@type\":\"ListItem\",\"position\":3,\"name\":\"Nubank (NUBR33) n\u00e3o \u00e9 rent\u00e1vel por decis\u00e3o pr\u00f3pria, diz V\u00e9lez\"}]},{\"@type\":\"WebSite\",\"@id\":\"https:\/\/www.suno.com.br\/noticias\/#website\",\"url\":\"https:\/\/www.suno.com.br\/noticias\/\",\"name\":\"Suno Not\u00edcias\",\"description\":\"Seu portal de informa\u00e7\u00e3o sobre o mundo dos investimentos\",\"publisher\":{\"@id\":\"https:\/\/www.suno.com.br\/noticias\/#organization\"},\"potentialAction\":[{\"@type\":\"SearchAction\",\"target\":{\"@type\":\"EntryPoint\",\"urlTemplate\":\"https:\/\/www.suno.com.br\/noticias\/?s={search_term_string}\"},\"query-input\":{\"@type\":\"PropertyValueSpecification\",\"valueRequired\":true,\"valueName\":\"search_term_string\"}}],\"inLanguage\":\"pt-BR\"},{\"@type\":\"Organization\",\"@id\":\"https:\/\/www.suno.com.br\/noticias\/#organization\",\"name\":\"Suno Not\u00edcias\",\"url\":\"https:\/\/www.suno.com.br\/noticias\/\",\"logo\":{\"@type\":\"ImageObject\",\"inLanguage\":\"pt-BR\",\"@id\":\"https:\/\/www.suno.com.br\/noticias\/#\/schema\/logo\/image\/\",\"url\":\"https:\/\/files.sunoresearch.com.br\/n\/uploads\/2021\/09\/suno-logo.png\",\"contentUrl\":\"https:\/\/files.sunoresearch.com.br\/n\/uploads\/2021\/09\/suno-logo.png\",\"width\":180,\"height\":180,\"caption\":\"Suno Not\u00edcias\"},\"image\":{\"@id\":\"https:\/\/www.suno.com.br\/noticias\/#\/schema\/logo\/image\/\"},\"sameAs\":[\"https:\/\/facebook.com\/sunoresearch\",\"https:\/\/x.com\/sunoresearch\",\"https:\/\/www.instagram.com\/suno\",\"https:\/\/www.linkedin.com\/company\/suno-research\/\",\"https:\/\/www.youtube.com\/c\/sunoresearch\"]},{\"@type\":\"Person\",\"@id\":\"https:\/\/www.suno.com.br\/noticias\/#\/schema\/person\/02ec1f752758247878a2bf4abee1aeda\",\"name\":\"Poliana Santos\",\"image\":{\"@type\":\"ImageObject\",\"inLanguage\":\"pt-BR\",\"@id\":\"https:\/\/www.suno.com.br\/noticias\/#\/schema\/person\/image\/\",\"url\":\"https:\/\/secure.gravatar.com\/avatar\/0645bd32f23d87b2130f2b2dff1d3f8d?s=96&r=g\",\"contentUrl\":\"https:\/\/secure.gravatar.com\/avatar\/0645bd32f23d87b2130f2b2dff1d3f8d?s=96&r=g\",\"caption\":\"Poliana Santos\"},\"description\":\"Rep\u00f3rter no Suno Not\u00edcias, com cobertura em mercado financeiro, economia, finan\u00e7as pessoais, renda fixa e varejo. Jornalista formada pela Faculdade C\u00e1sper L\u00edbero e possui passagem na R\u00e1dio Gazeta AM com a produ\u00e7\u00e3o de conte\u00fado sobre economia, pol\u00edtica, sa\u00fade, moda e m\u00fasica. Possui certificado de conclus\u00e3o do curso de An\u00e1lise de Balan\u00e7os pela Funda\u00e7\u00e3o Bradesco, Agenda Brasil pela FAAP, Educa\u00e7\u00e3o Pol\u00edtica por Alexandre Garcia e do Tesouro Direto e Mercado de A\u00e7\u00f5es pela B3.\",\"url\":\"https:\/\/www.suno.com.br\/noticias\/author\/poliana-santos\/\"}]}<\/script>\n<!-- \/ Yoast SEO plugin. -->","yoast_head_json":{"title":"Nubank (NUBR33) n\u00e3o \u00e9 rent\u00e1vel por decis\u00e3o pr\u00f3pria, diz V\u00e9lez","description":"Com queda de 67% em um ano, o CEO do Nubank (NUBR33) n\u00e3o parece preocupado. Para ele, o banco n\u00e3o \u00e9 rent\u00e1vel por decis\u00e3o pr\u00f3pria.\u00a0Veja","robots":{"index":"index","follow":"follow","max-snippet":"max-snippet:-1","max-image-preview":"max-image-preview:large","max-video-preview":"max-video-preview:-1"},"canonical":"https:\/\/www.suno.com.br\/noticias\/nubank-nubr33-rentavel-entrevista-velez\/","og_locale":"pt_BR","og_type":"article","og_title":"Nubank (NUBR33) n\u00e3o \u00e9 rent\u00e1vel por decis\u00e3o pr\u00f3pria, diz V\u00e9lez","og_description":"Com queda de 67% em um ano, o CEO do Nubank (NUBR33) n\u00e3o parece preocupado. Para ele, o banco n\u00e3o \u00e9 rent\u00e1vel por decis\u00e3o pr\u00f3pria.\u00a0Veja","og_url":"https:\/\/www.suno.com.br\/noticias\/nubank-nubr33-rentavel-entrevista-velez\/","og_site_name":"Suno Not\u00edcias","article_publisher":"https:\/\/facebook.com\/sunoresearch","og_image":[{"width":1367,"height":1709,"url":"https:\/\/files.sunoresearch.com.br\/n\/uploads\/2021\/04\/cd56470c-121668110_3554247724613861_8268621916409393931_n.jpg","type":"image\/jpeg"}],"author":"Poliana Santos","twitter_card":"summary_large_image","twitter_creator":"@sunoresearch","twitter_site":"@sunoresearch","twitter_misc":{"Escrito por":"Poliana Santos","Est. tempo de leitura":"3 minutos"},"schema":{"@context":"https:\/\/schema.org","@graph":[{"@type":"NewsArticle","@id":"https:\/\/www.suno.com.br\/noticias\/nubank-nubr33-rentavel-entrevista-velez\/#article","isPartOf":{"@id":"https:\/\/www.suno.com.br\/noticias\/nubank-nubr33-rentavel-entrevista-velez\/"},"author":{"name":"Poliana Santos","@id":"https:\/\/www.suno.com.br\/noticias\/#\/schema\/person\/02ec1f752758247878a2bf4abee1aeda"},"headline":"Nubank (NUBR33) n\u00e3o \u00e9 rent\u00e1vel por decis\u00e3o pr\u00f3pria, diz V\u00e9lez","datePublished":"2022-07-01T13:29:56+00:00","mainEntityOfPage":{"@id":"https:\/\/www.suno.com.br\/noticias\/nubank-nubr33-rentavel-entrevista-velez\/"},"wordCount":400,"publisher":{"@id":"https:\/\/www.suno.com.br\/noticias\/#organization"},"image":{"@id":"https:\/\/www.suno.com.br\/noticias\/nubank-nubr33-rentavel-entrevista-velez\/#primaryimage"},"thumbnailUrl":"https:\/\/files.sunoresearch.com.br\/n\/uploads\/2021\/04\/cd56470c-121668110_3554247724613861_8268621916409393931_n-jpg.webp","keywords":["Nubank (NUBR33)"],"articleSection":["Neg\u00f3cios"],"inLanguage":"pt-BR"},{"@type":"WebPage","@id":"https:\/\/www.suno.com.br\/noticias\/nubank-nubr33-rentavel-entrevista-velez\/","url":"https:\/\/www.suno.com.br\/noticias\/nubank-nubr33-rentavel-entrevista-velez\/","name":"Nubank (NUBR33) n\u00e3o \u00e9 rent\u00e1vel por decis\u00e3o pr\u00f3pria, diz V\u00e9lez","isPartOf":{"@id":"https:\/\/www.suno.com.br\/noticias\/#website"},"primaryImageOfPage":{"@id":"https:\/\/www.suno.com.br\/noticias\/nubank-nubr33-rentavel-entrevista-velez\/#primaryimage"},"image":{"@id":"https:\/\/www.suno.com.br\/noticias\/nubank-nubr33-rentavel-entrevista-velez\/#primaryimage"},"thumbnailUrl":"https:\/\/files.sunoresearch.com.br\/n\/uploads\/2021\/04\/cd56470c-121668110_3554247724613861_8268621916409393931_n-jpg.webp","datePublished":"2022-07-01T13:29:56+00:00","description":"Com queda de 67% em um ano, o CEO do Nubank (NUBR33) n\u00e3o parece preocupado. Para ele, o banco n\u00e3o \u00e9 rent\u00e1vel por decis\u00e3o pr\u00f3pria.\u00a0Veja","breadcrumb":{"@id":"https:\/\/www.suno.com.br\/noticias\/nubank-nubr33-rentavel-entrevista-velez\/#breadcrumb"},"inLanguage":"pt-BR","potentialAction":[{"@type":"ReadAction","target":["https:\/\/www.suno.com.br\/noticias\/nubank-nubr33-rentavel-entrevista-velez\/"]}]},{"@type":"ImageObject","inLanguage":"pt-BR","@id":"https:\/\/www.suno.com.br\/noticias\/nubank-nubr33-rentavel-entrevista-velez\/#primaryimage","url":"https:\/\/files.sunoresearch.com.br\/n\/uploads\/2021\/04\/cd56470c-121668110_3554247724613861_8268621916409393931_n-jpg.webp","contentUrl":"https:\/\/files.sunoresearch.com.br\/n\/uploads\/2021\/04\/cd56470c-121668110_3554247724613861_8268621916409393931_n-jpg.webp","width":1367,"height":1709,"caption":"Nubank. Foto: Reprodu\u00e7\u00e3o Facebook"},{"@type":"BreadcrumbList","@id":"https:\/\/www.suno.com.br\/noticias\/nubank-nubr33-rentavel-entrevista-velez\/#breadcrumb","itemListElement":[{"@type":"ListItem","position":1,"name":"Not\u00edcias","item":"https:\/\/www.suno.com.br\/noticias\/"},{"@type":"ListItem","position":2,"name":"Neg\u00f3cios","item":"https:\/\/www.suno.com.br\/noticias\/negocios\/"},{"@type":"ListItem","position":3,"name":"Nubank (NUBR33) n\u00e3o \u00e9 rent\u00e1vel por decis\u00e3o pr\u00f3pria, diz V\u00e9lez"}]},{"@type":"WebSite","@id":"https:\/\/www.suno.com.br\/noticias\/#website","url":"https:\/\/www.suno.com.br\/noticias\/","name":"Suno Not\u00edcias","description":"Seu portal de informa\u00e7\u00e3o sobre o mundo dos investimentos","publisher":{"@id":"https:\/\/www.suno.com.br\/noticias\/#organization"},"potentialAction":[{"@type":"SearchAction","target":{"@type":"EntryPoint","urlTemplate":"https:\/\/www.suno.com.br\/noticias\/?s={search_term_string}"},"query-input":{"@type":"PropertyValueSpecification","valueRequired":true,"valueName":"search_term_string"}}],"inLanguage":"pt-BR"},{"@type":"Organization","@id":"https:\/\/www.suno.com.br\/noticias\/#organization","name":"Suno Not\u00edcias","url":"https:\/\/www.suno.com.br\/noticias\/","logo":{"@type":"ImageObject","inLanguage":"pt-BR","@id":"https:\/\/www.suno.com.br\/noticias\/#\/schema\/logo\/image\/","url":"https:\/\/files.sunoresearch.com.br\/n\/uploads\/2021\/09\/suno-logo.png","contentUrl":"https:\/\/files.sunoresearch.com.br\/n\/uploads\/2021\/09\/suno-logo.png","width":180,"height":180,"caption":"Suno Not\u00edcias"},"image":{"@id":"https:\/\/www.suno.com.br\/noticias\/#\/schema\/logo\/image\/"},"sameAs":["https:\/\/facebook.com\/sunoresearch","https:\/\/x.com\/sunoresearch","https:\/\/www.instagram.com\/suno","https:\/\/www.linkedin.com\/company\/suno-research\/","https:\/\/www.youtube.com\/c\/sunoresearch"]},{"@type":"Person","@id":"https:\/\/www.suno.com.br\/noticias\/#\/schema\/person\/02ec1f752758247878a2bf4abee1aeda","name":"Poliana Santos","image":{"@type":"ImageObject","inLanguage":"pt-BR","@id":"https:\/\/www.suno.com.br\/noticias\/#\/schema\/person\/image\/","url":"https:\/\/secure.gravatar.com\/avatar\/0645bd32f23d87b2130f2b2dff1d3f8d?s=96&r=g","contentUrl":"https:\/\/secure.gravatar.com\/avatar\/0645bd32f23d87b2130f2b2dff1d3f8d?s=96&r=g","caption":"Poliana Santos"},"description":"Rep\u00f3rter no Suno Not\u00edcias, com cobertura em mercado financeiro, economia, finan\u00e7as pessoais, renda fixa e varejo. Jornalista formada pela Faculdade C\u00e1sper L\u00edbero e possui passagem na R\u00e1dio Gazeta AM com a produ\u00e7\u00e3o de conte\u00fado sobre economia, pol\u00edtica, sa\u00fade, moda e m\u00fasica. Possui certificado de conclus\u00e3o do curso de An\u00e1lise de Balan\u00e7os pela Funda\u00e7\u00e3o Bradesco, Agenda Brasil pela FAAP, Educa\u00e7\u00e3o Pol\u00edtica por Alexandre Garcia e do Tesouro Direto e Mercado de A\u00e7\u00f5es pela B3.","url":"https:\/\/www.suno.com.br\/noticias\/author\/poliana-santos\/"}]}},"default_loop_html":"<div class=\"cardsPage__listCard__boxs\"><div class=\"cardsPage__listCard__boxs__img\"><a href=\"https:\/\/www.suno.com.br\/noticias\/nubank-nubr33-rentavel-entrevista-velez\/\"><img class=\"mask\" src=\"https:\/\/www.suno.com.br\/noticias\/wp-content\/themes\/suno\/resources\/images\/spotlight\/spotlight1img\/bg-mask.png\" alt=\"Image Mask\"\/><img src=\"https:\/\/files.sunoresearch.com.br\/n\/uploads\/2021\/04\/cd56470c-121668110_3554247724613861_8268621916409393931_n-400x200.webp\" alt=\"Nubank (NUBR33) n\u00e3o \u00e9 rent\u00e1vel por decis\u00e3o pr\u00f3pria, diz V\u00e9lez\"\/><\/a><span class=\"spotlightCategory\"><a href=\"https:\/\/www.suno.com.br\/noticias\/negocios\/\">Neg\u00f3cios<\/a><\/span><\/div><div class=\"cardsPage__listCard__boxs__content\"><a href=\"https:\/\/www.suno.com.br\/noticias\/nubank-nubr33-rentavel-entrevista-velez\/\"><h2 class=\"content__title\">Nubank (NUBR33) n\u00e3o \u00e9 rent\u00e1vel por decis\u00e3o pr\u00f3pria, diz V\u00e9lez<\/h2><\/a><div class=\"newsContent__article__meta\"><div class=\"newsContent__article__meta__authorBox\"><a href=\"https:\/\/www.suno.com.br\/noticias\/author\/poliana-santos\/\" class=\"authorBox__avatar noMobi\"><img src=\"https:\/\/files.sunoresearch.com.br\/n\/uploads\/2020\/08\/7ef34026-whatsapp-image-2020-08-03-at-12.37.57-150x150.webp\" alt=\"Poliana Santos\"><\/a><div class=\"authorBox__name\"><span>por\n\t\t\t<a href=\"https:\/\/www.suno.com.br\/noticias\/author\/poliana-santos\/\"><span itemprop=\"author\">Poliana Santos<\/span><\/a><\/span><time datetime=\"2022-07-01T10:29:56-03:00\" itemprop=\"datePublished\">01\/07\/2022 10:29<\/time><\/div><\/div><\/div><\/div><\/div>","single_layout":"posts","amp_enabled":true,"_links":{"self":[{"href":"https:\/\/www.suno.com.br\/noticias\/wp-json\/wp\/v2\/posts\/272803"}],"collection":[{"href":"https:\/\/www.suno.com.br\/noticias\/wp-json\/wp\/v2\/posts"}],"about":[{"href":"https:\/\/www.suno.com.br\/noticias\/wp-json\/wp\/v2\/types\/post"}],"author":[{"embeddable":true,"href":"https:\/\/www.suno.com.br\/noticias\/wp-json\/wp\/v2\/users\/15"}],"replies":[{"embeddable":true,"href":"https:\/\/www.suno.com.br\/noticias\/wp-json\/wp\/v2\/comments?post=272803"}],"version-history":[{"count":3,"href":"https:\/\/www.suno.com.br\/noticias\/wp-json\/wp\/v2\/posts\/272803\/revisions"}],"predecessor-version":[{"id":272893,"href":"https:\/\/www.suno.com.br\/noticias\/wp-json\/wp\/v2\/posts\/272803\/revisions\/272893"}],"wp:featuredmedia":[{"embeddable":true,"href":"https:\/\/www.suno.com.br\/noticias\/wp-json\/wp\/v2\/media\/137675"}],"wp:attachment":[{"href":"https:\/\/www.suno.com.br\/noticias\/wp-json\/wp\/v2\/media?parent=272803"}],"wp:term":[{"taxonomy":"category","embeddable":true,"href":"https:\/\/www.suno.com.br\/noticias\/wp-json\/wp\/v2\/categories?post=272803"},{"taxonomy":"post_tag","embeddable":true,"href":"https:\/\/www.suno.com.br\/noticias\/wp-json\/wp\/v2\/tags?post=272803"},{"taxonomy":"suno_strategy","embeddable":true,"href":"https:\/\/www.suno.com.br\/noticias\/wp-json\/wp\/v2\/suno_strategy?post=272803"}],"curies":[{"name":"wp","href":"https:\/\/api.w.org\/{rel}","templated":true}]}}