{"id":27278,"date":"2019-06-05T09:21:19","date_gmt":"2019-06-05T12:21:19","guid":{"rendered":"https:\/\/www.suno.com.br\/noticias\/?p=27278"},"modified":"2019-06-05T09:21:19","modified_gmt":"2019-06-05T12:21:19","slug":"fmi-reduz-previsao-pib-china","status":"publish","type":"post","link":"https:\/\/www.suno.com.br\/noticias\/fmi-reduz-previsao-pib-china\/","title":{"rendered":"FMI reduz previs\u00e3o de crescimento do PIB da China para este ano"},"content":{"rendered":"<p>O Fundo Monet\u00e1rio Internacional (FMI) reduziu sua previs\u00e3o sobre o Produto Interno Bruto (PIB) da China neste ano. O recuo estipulado pelo FMI acontece devido a guerra comercial com os Estados Unidos.<\/p>\t<div class=\"wrapper-featured-image\">\n\t\t<figure class=\"spotlightImg\">\n\n\t\t\t<picture>\n\t\t\t\t<source media=\"(max-width: 768px)\" srcset=\"https:\/\/files.sunoresearch.com.br\/n\/uploads\/2019\/06\/5270b6b5-pib-400x200.webp\">\n\t\t\t\t<img loading=\"lazy\" decoding=\"async\" class=\"newsContent__article__imgCapa lazyloadDisabled newsContent__article__imgCapa--noCaption\" src=\"https:\/\/files.sunoresearch.com.br\/n\/uploads\/2019\/06\/5270b6b5-pib-800x450.webp\" width=\"800\" height=\"450\" alt=\"FMI reduz previs\u00e3o de crescimento do PIB da China para este ano\" fetchpriority=high \/>\n\t\t\t<\/picture>\n\n\t\t\t<figcaption class=\"wp-caption-text wp-caption-text--hide\">Por que o PIB da China vai ser o \u00fanico a crescer em 2020<\/figcaption>\n\t\t<\/figure>\n\t<\/div>\n\n\n<p>De acordo com o <strong>FMI<\/strong>, o <strong>PIB<\/strong> da <strong>China<\/strong> deve crescer 6,2% neste ano e 6% no ano que vem. Comparando as \u00faltimas previs\u00f5es, para 2019 o recuo \u00e9 de 0,3 ponto percentual e para 2020 a retra\u00e7\u00e3o \u00e9 de 0,1 ponto percentual.<\/p>\n<p>&#8220;O <strong>crescimento<\/strong> <strong>econ\u00f4mico<\/strong> da China se estabilizou no in\u00edcio de 2019 e deve alcan\u00e7ar um ritmo moderado&#8221; disse o FMI, que concluiu afirmando que &#8220;as incertezas sobre o com\u00e9rcio mundial permanecem elevadas, com um risco de queda&#8221;.<\/p>\n\t<p>\n\t\t<a href=\"https:\/\/lp.suno.com.br\/ao\/servico-especializado-suno-tf\/?utm_source=adwords&#038;utm_medium=search&#038;utm_campaign=search.servico.funilconsultoria&#038;utm_content=1147_responsivo-a&#038;hsa_acc=2326072784&#038;hsa_cam=18022897917&#038;hsa_grp=141470255993&#038;hsa_ad=616145467912&#038;hsa_src=g&#038;hsa_tgt=kwd-303658942458&#038;hsa_kw=gestora+de+investimentos&#038;hsa_mt=b&#038;hsa_net=adwords&#038;hsa_ver=3&#038;gad_source=1&#038;gclid=CjwKCAjw1emzBhB8EiwAHwZZxQMvA3xJVRzLGZ70LmuSzR55X-KvxijSay8c5Hm88Sznnq97j8XbORoC-sMQAvD_BwE\" target=\"_blank\" data-element=\"shortcode-suno-banner\" title=\"Banner SUNO, clique e saiba mais\">\n\t\t\t<picture>\n\t\t\t\t<source media=\"(max-width: 500px)\" srcset=\"https:\/\/files.sunoresearch.com.br\/n\/uploads\/2024\/06\/400x300-Mobile-Artigos-5.png\">\n\t\t\t\t<img class=\"newsContent__article__imgCapa newsContent__article__imgCapa--banner\"\n\t\t\t\t\tsrc=\"https:\/\/files.sunoresearch.com.br\/n\/uploads\/2024\/06\/1420x240-Banner-Artigos-1-_-Banner-Materias-3.png\"\n\t\t\t\t\tdata-promo-id=\"563605\"\t\t\t\t\t\t\t\t\t\twidth='1420' height='240'\t\t\t\t\talt=\"https:\/\/files.sunoresearch.com.br\/n\/uploads\/2024\/06\/1420x240-Banner-Artigos-1-_-Banner-Materias-3.png\"\n\t\t\t\t>\n\t\t\t<\/picture>\n\t\t<\/a>\n\t<\/p>\n\n\n<h2>Guerra comercial<\/h2>\n<p>No \u00faltimo domingo (2), as tens\u00f5es entre <strong>China<\/strong> e Estados Unidos aumentaram, depois que os chineses culparam os norte-americanos pelo fracasso das negocia\u00e7\u00f5es em busca de um <strong>acordo<\/strong> <strong>comercial<\/strong>.<\/p>\n<p>No entanto, o estopim da disputa aconteceu em 5 de maio deste ano, quando o presidente dos Estados Unidos, <strong>Donald Trump<\/strong>, anunciou que iria aumentar em 25% as tarifas sobre US$ 200 bilh\u00f5es de produtos chineses importados.<\/p>\n<p><a href=\"https:\/\/www.suno.com.br\/noticias\/guerra-comercial-china-eua\/\">Saiba mais:\u00a0Guerra comercial: China afirma estar preparada para enfrentar os EUA<\/a><\/p>\n<p>Em resposta, a China imp\u00f4s no \u00faltimo s\u00e1bado (1) tarifas sobre US$ 60 bilh\u00f5es em produtos dos <strong>Estados<\/strong> <strong>Unidos<\/strong>.<\/p>\n<p>Para o diretor adjunto do departamento \u00c1sia-Pac\u00edfico do <strong>FMI<\/strong>, Kenneth Kang, &#8220;todos saem perdendo em uma <strong>guerra<\/strong> <strong>comercial<\/strong>. Se os interc\u00e2mbios comerciais est\u00e3o amea\u00e7ados, caso sejam afetados, o crescimento sofrer\u00e1&#8221;.<\/p>\n<p>Ele ainda afirma que o fundo estimula &#8220;todas as partes envolvidas a trabalhar juntas para conseguir uma solu\u00e7\u00e3o duradoura&#8221;.<\/p>\n<h2>PIB pelo banco mundial<\/h2>\n<p>O <strong>Banco Mundial<\/strong> reduziu a previs\u00e3o de crescimento do PIB global em 2019 para 2,6%. A \u00faltima expectativa divulgada para o crescimento era de 2,9%. Assim, o dado foi divulgado no relat\u00f3rio &#8220;<strong>Perspectivas Econ\u00f4micas Globais<\/strong>&#8221; na \u00faltima ter\u00e7a-feira (4).<\/p>\n<p>A redu\u00e7\u00e3o da proje\u00e7\u00e3o do PIB global se d\u00e1 principalmente pela desacelera\u00e7\u00e3o do com\u00e9rcio e da economia mundiais. Al\u00e9m disso, a ind\u00fastria tamb\u00e9m apresentou resultado aqu\u00e9m do esperado para um bom crescimento.<\/p>\n<p><a href=\"https:\/\/www.suno.com.br\/noticias\/banco-mundial-reduz-pib-global\/\">Saiba mais:\u00a0Banco Mundial reduz previs\u00e3o do PIB global de 2,9% para 2,6%<\/a><\/p>\n<p>Al\u00e9m disso, o <strong>Banco<\/strong> <strong>Mundial<\/strong> tamb\u00e9m sinalizou que o <strong>PIB<\/strong> da <strong>China<\/strong> crescer\u00e1 6,2% neste ano, uma retra\u00e7\u00e3o em rela\u00e7\u00e3o aos 6,6% de expans\u00e3o de 2018.<\/p>\n","protected":false},"excerpt":{"rendered":"<p>O Fundo Monet\u00e1rio Internacional (FMI) reduziu sua previs\u00e3o sobre o Produto Interno Bruto (PIB) da China neste ano. O recuo estipulado pelo FMI acontece devido a guerra comercial com os Estados Unidos. Por que o PIB da China vai ser o \u00fanico a crescer em 2020 De acordo com o FMI, o PIB da China [&hellip;]<\/p>\n","protected":false},"author":11,"featured_media":27281,"comment_status":"closed","ping_status":"closed","sticky":false,"template":"","format":"standard","meta":[],"categories":[63],"tags":[806,807],"suno_strategy":[],"class_list":["post-27278","post","type-post","status-publish","format-standard","has-post-thumbnail","hentry","category-internacional","tag-fundo-monetario-internacional-fmi","tag-produto-interno-bruto-pib"],"yoast_head":"<!-- This site is optimized with the Yoast SEO plugin v24.4 - https:\/\/yoast.com\/wordpress\/plugins\/seo\/ -->\n<title>FMI reduz previs\u00e3o de crescimento do PIB da China para este ano<\/title>\n<meta name=\"description\" content=\"O PIB da China deve crescer 6,2% neste ano e 6% no ano que vem, de acordo com o FMI. Banco Mundial tamb\u00e9m faz previs\u00e3o. Clique e saiba mais.\" \/>\n<meta name=\"robots\" content=\"index, follow, max-snippet:-1, max-image-preview:large, max-video-preview:-1\" \/>\n<link rel=\"canonical\" href=\"https:\/\/www.suno.com.br\/noticias\/fmi-reduz-previsao-pib-china\/\" \/>\n<meta property=\"og:locale\" content=\"pt_BR\" \/>\n<meta property=\"og:type\" content=\"article\" \/>\n<meta property=\"og:title\" content=\"FMI reduz previs\u00e3o de crescimento do PIB da China para este ano\" \/>\n<meta property=\"og:description\" content=\"O PIB da China deve crescer 6,2% neste ano e 6% no ano que vem, de acordo com o FMI. Banco Mundial tamb\u00e9m faz previs\u00e3o. Clique e saiba mais.\" \/>\n<meta property=\"og:url\" content=\"https:\/\/www.suno.com.br\/noticias\/fmi-reduz-previsao-pib-china\/\" \/>\n<meta property=\"og:site_name\" content=\"Suno Not\u00edcias\" \/>\n<meta property=\"article:publisher\" content=\"https:\/\/facebook.com\/sunoresearch\" \/>\n<meta property=\"og:image\" content=\"https:\/\/files.sunoresearch.com.br\/n\/uploads\/2019\/06\/5270b6b5-pib.jpg\" \/>\n\t<meta property=\"og:image:width\" content=\"1024\" \/>\n\t<meta property=\"og:image:height\" content=\"768\" \/>\n\t<meta property=\"og:image:type\" content=\"image\/jpeg\" \/>\n<meta name=\"author\" content=\"Renan Bandeira\" \/>\n<meta name=\"twitter:card\" content=\"summary_large_image\" \/>\n<meta name=\"twitter:creator\" content=\"@sunoresearch\" \/>\n<meta name=\"twitter:site\" content=\"@sunoresearch\" \/>\n<meta name=\"twitter:label1\" content=\"Escrito por\" \/>\n\t<meta name=\"twitter:data1\" content=\"Renan Bandeira\" \/>\n\t<meta name=\"twitter:label2\" content=\"Est. tempo de leitura\" \/>\n\t<meta name=\"twitter:data2\" content=\"2 minutos\" \/>\n<script type=\"application\/ld+json\" class=\"yoast-schema-graph\">{\"@context\":\"https:\/\/schema.org\",\"@graph\":[{\"@type\":\"NewsArticle\",\"@id\":\"https:\/\/www.suno.com.br\/noticias\/fmi-reduz-previsao-pib-china\/#article\",\"isPartOf\":{\"@id\":\"https:\/\/www.suno.com.br\/noticias\/fmi-reduz-previsao-pib-china\/\"},\"author\":{\"name\":\"Renan Bandeira\",\"@id\":\"https:\/\/www.suno.com.br\/noticias\/#\/schema\/person\/fc144a1c6108bd1dcd43784e88a3c138\"},\"headline\":\"FMI reduz previs\u00e3o de crescimento do PIB da China para este ano\",\"datePublished\":\"2019-06-05T12:21:19+00:00\",\"mainEntityOfPage\":{\"@id\":\"https:\/\/www.suno.com.br\/noticias\/fmi-reduz-previsao-pib-china\/\"},\"wordCount\":403,\"publisher\":{\"@id\":\"https:\/\/www.suno.com.br\/noticias\/#organization\"},\"image\":{\"@id\":\"https:\/\/www.suno.com.br\/noticias\/fmi-reduz-previsao-pib-china\/#primaryimage\"},\"thumbnailUrl\":\"https:\/\/files.sunoresearch.com.br\/n\/uploads\/2019\/06\/5270b6b5-pib-jpg.webp\",\"keywords\":[\"Fundo Monet\u00e1rio Internacional (FMI)\",\"Produto Interno Bruto (PIB)\"],\"articleSection\":[\"Internacional\"],\"inLanguage\":\"pt-BR\"},{\"@type\":\"WebPage\",\"@id\":\"https:\/\/www.suno.com.br\/noticias\/fmi-reduz-previsao-pib-china\/\",\"url\":\"https:\/\/www.suno.com.br\/noticias\/fmi-reduz-previsao-pib-china\/\",\"name\":\"FMI reduz previs\u00e3o de crescimento do PIB da China para este ano\",\"isPartOf\":{\"@id\":\"https:\/\/www.suno.com.br\/noticias\/#website\"},\"primaryImageOfPage\":{\"@id\":\"https:\/\/www.suno.com.br\/noticias\/fmi-reduz-previsao-pib-china\/#primaryimage\"},\"image\":{\"@id\":\"https:\/\/www.suno.com.br\/noticias\/fmi-reduz-previsao-pib-china\/#primaryimage\"},\"thumbnailUrl\":\"https:\/\/files.sunoresearch.com.br\/n\/uploads\/2019\/06\/5270b6b5-pib-jpg.webp\",\"datePublished\":\"2019-06-05T12:21:19+00:00\",\"description\":\"O PIB da China deve crescer 6,2% neste ano e 6% no ano que vem, de acordo com o FMI. Banco Mundial tamb\u00e9m faz previs\u00e3o. Clique e saiba mais.\",\"breadcrumb\":{\"@id\":\"https:\/\/www.suno.com.br\/noticias\/fmi-reduz-previsao-pib-china\/#breadcrumb\"},\"inLanguage\":\"pt-BR\",\"potentialAction\":[{\"@type\":\"ReadAction\",\"target\":[\"https:\/\/www.suno.com.br\/noticias\/fmi-reduz-previsao-pib-china\/\"]}]},{\"@type\":\"ImageObject\",\"inLanguage\":\"pt-BR\",\"@id\":\"https:\/\/www.suno.com.br\/noticias\/fmi-reduz-previsao-pib-china\/#primaryimage\",\"url\":\"https:\/\/files.sunoresearch.com.br\/n\/uploads\/2019\/06\/5270b6b5-pib-jpg.webp\",\"contentUrl\":\"https:\/\/files.sunoresearch.com.br\/n\/uploads\/2019\/06\/5270b6b5-pib-jpg.webp\",\"width\":1024,\"height\":768,\"caption\":\"Por que o PIB da China vai ser o \u00fanico a crescer em 2020\"},{\"@type\":\"BreadcrumbList\",\"@id\":\"https:\/\/www.suno.com.br\/noticias\/fmi-reduz-previsao-pib-china\/#breadcrumb\",\"itemListElement\":[{\"@type\":\"ListItem\",\"position\":1,\"name\":\"Not\u00edcias\",\"item\":\"https:\/\/www.suno.com.br\/noticias\/\"},{\"@type\":\"ListItem\",\"position\":2,\"name\":\"Internacional\",\"item\":\"https:\/\/www.suno.com.br\/noticias\/internacional\/\"},{\"@type\":\"ListItem\",\"position\":3,\"name\":\"FMI reduz previs\u00e3o de crescimento do PIB da China para este ano\"}]},{\"@type\":\"WebSite\",\"@id\":\"https:\/\/www.suno.com.br\/noticias\/#website\",\"url\":\"https:\/\/www.suno.com.br\/noticias\/\",\"name\":\"Suno Not\u00edcias\",\"description\":\"Seu portal de informa\u00e7\u00e3o sobre o mundo dos investimentos\",\"publisher\":{\"@id\":\"https:\/\/www.suno.com.br\/noticias\/#organization\"},\"potentialAction\":[{\"@type\":\"SearchAction\",\"target\":{\"@type\":\"EntryPoint\",\"urlTemplate\":\"https:\/\/www.suno.com.br\/noticias\/?s={search_term_string}\"},\"query-input\":{\"@type\":\"PropertyValueSpecification\",\"valueRequired\":true,\"valueName\":\"search_term_string\"}}],\"inLanguage\":\"pt-BR\"},{\"@type\":\"Organization\",\"@id\":\"https:\/\/www.suno.com.br\/noticias\/#organization\",\"name\":\"Suno Not\u00edcias\",\"url\":\"https:\/\/www.suno.com.br\/noticias\/\",\"logo\":{\"@type\":\"ImageObject\",\"inLanguage\":\"pt-BR\",\"@id\":\"https:\/\/www.suno.com.br\/noticias\/#\/schema\/logo\/image\/\",\"url\":\"https:\/\/files.sunoresearch.com.br\/n\/uploads\/2021\/09\/suno-logo.png\",\"contentUrl\":\"https:\/\/files.sunoresearch.com.br\/n\/uploads\/2021\/09\/suno-logo.png\",\"width\":180,\"height\":180,\"caption\":\"Suno Not\u00edcias\"},\"image\":{\"@id\":\"https:\/\/www.suno.com.br\/noticias\/#\/schema\/logo\/image\/\"},\"sameAs\":[\"https:\/\/facebook.com\/sunoresearch\",\"https:\/\/x.com\/sunoresearch\",\"https:\/\/www.instagram.com\/suno\",\"https:\/\/www.linkedin.com\/company\/suno-research\/\",\"https:\/\/www.youtube.com\/c\/sunoresearch\"]},{\"@type\":\"Person\",\"@id\":\"https:\/\/www.suno.com.br\/noticias\/#\/schema\/person\/fc144a1c6108bd1dcd43784e88a3c138\",\"name\":\"Renan Bandeira\",\"image\":{\"@type\":\"ImageObject\",\"inLanguage\":\"pt-BR\",\"@id\":\"https:\/\/www.suno.com.br\/noticias\/#\/schema\/person\/image\/\",\"url\":\"https:\/\/secure.gravatar.com\/avatar\/68359cdb608f14f11bbefcb78f3fc747?s=96&r=g\",\"contentUrl\":\"https:\/\/secure.gravatar.com\/avatar\/68359cdb608f14f11bbefcb78f3fc747?s=96&r=g\",\"caption\":\"Renan Bandeira\"},\"description\":\"Renan Bandeira escreve sobre pol\u00edtica e economia para o portal da Suno Research. Antes da Suno, trabalhou em uma rede de televis\u00e3o, onde fazia reportagens sobre os mesmos temas. Estuda na Universidade Metodista de S\u00e3o Paulo.\",\"url\":\"https:\/\/www.suno.com.br\/noticias\/author\/renan-bandeira\/\"}]}<\/script>\n<!-- \/ Yoast SEO plugin. -->","yoast_head_json":{"title":"FMI reduz previs\u00e3o de crescimento do PIB da China para este ano","description":"O PIB da China deve crescer 6,2% neste ano e 6% no ano que vem, de acordo com o FMI. Banco Mundial tamb\u00e9m faz previs\u00e3o. Clique e saiba mais.","robots":{"index":"index","follow":"follow","max-snippet":"max-snippet:-1","max-image-preview":"max-image-preview:large","max-video-preview":"max-video-preview:-1"},"canonical":"https:\/\/www.suno.com.br\/noticias\/fmi-reduz-previsao-pib-china\/","og_locale":"pt_BR","og_type":"article","og_title":"FMI reduz previs\u00e3o de crescimento do PIB da China para este ano","og_description":"O PIB da China deve crescer 6,2% neste ano e 6% no ano que vem, de acordo com o FMI. Banco Mundial tamb\u00e9m faz previs\u00e3o. Clique e saiba mais.","og_url":"https:\/\/www.suno.com.br\/noticias\/fmi-reduz-previsao-pib-china\/","og_site_name":"Suno Not\u00edcias","article_publisher":"https:\/\/facebook.com\/sunoresearch","og_image":[{"width":1024,"height":768,"url":"https:\/\/files.sunoresearch.com.br\/n\/uploads\/2019\/06\/5270b6b5-pib.jpg","type":"image\/jpeg"}],"author":"Renan Bandeira","twitter_card":"summary_large_image","twitter_creator":"@sunoresearch","twitter_site":"@sunoresearch","twitter_misc":{"Escrito por":"Renan Bandeira","Est. tempo de leitura":"2 minutos"},"schema":{"@context":"https:\/\/schema.org","@graph":[{"@type":"NewsArticle","@id":"https:\/\/www.suno.com.br\/noticias\/fmi-reduz-previsao-pib-china\/#article","isPartOf":{"@id":"https:\/\/www.suno.com.br\/noticias\/fmi-reduz-previsao-pib-china\/"},"author":{"name":"Renan Bandeira","@id":"https:\/\/www.suno.com.br\/noticias\/#\/schema\/person\/fc144a1c6108bd1dcd43784e88a3c138"},"headline":"FMI reduz previs\u00e3o de crescimento do PIB da China para este ano","datePublished":"2019-06-05T12:21:19+00:00","mainEntityOfPage":{"@id":"https:\/\/www.suno.com.br\/noticias\/fmi-reduz-previsao-pib-china\/"},"wordCount":403,"publisher":{"@id":"https:\/\/www.suno.com.br\/noticias\/#organization"},"image":{"@id":"https:\/\/www.suno.com.br\/noticias\/fmi-reduz-previsao-pib-china\/#primaryimage"},"thumbnailUrl":"https:\/\/files.sunoresearch.com.br\/n\/uploads\/2019\/06\/5270b6b5-pib-jpg.webp","keywords":["Fundo Monet\u00e1rio Internacional (FMI)","Produto Interno Bruto (PIB)"],"articleSection":["Internacional"],"inLanguage":"pt-BR"},{"@type":"WebPage","@id":"https:\/\/www.suno.com.br\/noticias\/fmi-reduz-previsao-pib-china\/","url":"https:\/\/www.suno.com.br\/noticias\/fmi-reduz-previsao-pib-china\/","name":"FMI reduz previs\u00e3o de crescimento do PIB da China para este ano","isPartOf":{"@id":"https:\/\/www.suno.com.br\/noticias\/#website"},"primaryImageOfPage":{"@id":"https:\/\/www.suno.com.br\/noticias\/fmi-reduz-previsao-pib-china\/#primaryimage"},"image":{"@id":"https:\/\/www.suno.com.br\/noticias\/fmi-reduz-previsao-pib-china\/#primaryimage"},"thumbnailUrl":"https:\/\/files.sunoresearch.com.br\/n\/uploads\/2019\/06\/5270b6b5-pib-jpg.webp","datePublished":"2019-06-05T12:21:19+00:00","description":"O PIB da China deve crescer 6,2% neste ano e 6% no ano que vem, de acordo com o FMI. Banco Mundial tamb\u00e9m faz previs\u00e3o. Clique e saiba mais.","breadcrumb":{"@id":"https:\/\/www.suno.com.br\/noticias\/fmi-reduz-previsao-pib-china\/#breadcrumb"},"inLanguage":"pt-BR","potentialAction":[{"@type":"ReadAction","target":["https:\/\/www.suno.com.br\/noticias\/fmi-reduz-previsao-pib-china\/"]}]},{"@type":"ImageObject","inLanguage":"pt-BR","@id":"https:\/\/www.suno.com.br\/noticias\/fmi-reduz-previsao-pib-china\/#primaryimage","url":"https:\/\/files.sunoresearch.com.br\/n\/uploads\/2019\/06\/5270b6b5-pib-jpg.webp","contentUrl":"https:\/\/files.sunoresearch.com.br\/n\/uploads\/2019\/06\/5270b6b5-pib-jpg.webp","width":1024,"height":768,"caption":"Por que o PIB da China vai ser o \u00fanico a crescer em 2020"},{"@type":"BreadcrumbList","@id":"https:\/\/www.suno.com.br\/noticias\/fmi-reduz-previsao-pib-china\/#breadcrumb","itemListElement":[{"@type":"ListItem","position":1,"name":"Not\u00edcias","item":"https:\/\/www.suno.com.br\/noticias\/"},{"@type":"ListItem","position":2,"name":"Internacional","item":"https:\/\/www.suno.com.br\/noticias\/internacional\/"},{"@type":"ListItem","position":3,"name":"FMI reduz previs\u00e3o de crescimento do PIB da China para este ano"}]},{"@type":"WebSite","@id":"https:\/\/www.suno.com.br\/noticias\/#website","url":"https:\/\/www.suno.com.br\/noticias\/","name":"Suno Not\u00edcias","description":"Seu portal de informa\u00e7\u00e3o sobre o mundo dos investimentos","publisher":{"@id":"https:\/\/www.suno.com.br\/noticias\/#organization"},"potentialAction":[{"@type":"SearchAction","target":{"@type":"EntryPoint","urlTemplate":"https:\/\/www.suno.com.br\/noticias\/?s={search_term_string}"},"query-input":{"@type":"PropertyValueSpecification","valueRequired":true,"valueName":"search_term_string"}}],"inLanguage":"pt-BR"},{"@type":"Organization","@id":"https:\/\/www.suno.com.br\/noticias\/#organization","name":"Suno Not\u00edcias","url":"https:\/\/www.suno.com.br\/noticias\/","logo":{"@type":"ImageObject","inLanguage":"pt-BR","@id":"https:\/\/www.suno.com.br\/noticias\/#\/schema\/logo\/image\/","url":"https:\/\/files.sunoresearch.com.br\/n\/uploads\/2021\/09\/suno-logo.png","contentUrl":"https:\/\/files.sunoresearch.com.br\/n\/uploads\/2021\/09\/suno-logo.png","width":180,"height":180,"caption":"Suno Not\u00edcias"},"image":{"@id":"https:\/\/www.suno.com.br\/noticias\/#\/schema\/logo\/image\/"},"sameAs":["https:\/\/facebook.com\/sunoresearch","https:\/\/x.com\/sunoresearch","https:\/\/www.instagram.com\/suno","https:\/\/www.linkedin.com\/company\/suno-research\/","https:\/\/www.youtube.com\/c\/sunoresearch"]},{"@type":"Person","@id":"https:\/\/www.suno.com.br\/noticias\/#\/schema\/person\/fc144a1c6108bd1dcd43784e88a3c138","name":"Renan Bandeira","image":{"@type":"ImageObject","inLanguage":"pt-BR","@id":"https:\/\/www.suno.com.br\/noticias\/#\/schema\/person\/image\/","url":"https:\/\/secure.gravatar.com\/avatar\/68359cdb608f14f11bbefcb78f3fc747?s=96&r=g","contentUrl":"https:\/\/secure.gravatar.com\/avatar\/68359cdb608f14f11bbefcb78f3fc747?s=96&r=g","caption":"Renan Bandeira"},"description":"Renan Bandeira escreve sobre pol\u00edtica e economia para o portal da Suno Research. Antes da Suno, trabalhou em uma rede de televis\u00e3o, onde fazia reportagens sobre os mesmos temas. Estuda na Universidade Metodista de S\u00e3o Paulo.","url":"https:\/\/www.suno.com.br\/noticias\/author\/renan-bandeira\/"}]}},"default_loop_html":"<div class=\"cardsPage__listCard__boxs\"><div class=\"cardsPage__listCard__boxs__img\"><a href=\"https:\/\/www.suno.com.br\/noticias\/fmi-reduz-previsao-pib-china\/\"><img class=\"mask\" src=\"https:\/\/www.suno.com.br\/noticias\/wp-content\/themes\/suno\/resources\/images\/spotlight\/spotlight1img\/bg-mask.png\" alt=\"Image Mask\"\/><img src=\"https:\/\/files.sunoresearch.com.br\/n\/uploads\/2019\/06\/5270b6b5-pib-400x200.webp\" alt=\"FMI reduz previs\u00e3o de crescimento do PIB da China para este ano\"\/><\/a><span class=\"spotlightCategory\"><a href=\"https:\/\/www.suno.com.br\/noticias\/internacional\/\">Internacional<\/a><\/span><\/div><div class=\"cardsPage__listCard__boxs__content\"><a href=\"https:\/\/www.suno.com.br\/noticias\/fmi-reduz-previsao-pib-china\/\"><h2 class=\"content__title\">FMI reduz previs\u00e3o de crescimento do PIB da China para este ano<\/h2><\/a><div class=\"newsContent__article__meta\"><div class=\"newsContent__article__meta__authorBox\"><a href=\"https:\/\/www.suno.com.br\/noticias\/author\/renan-bandeira\/\" class=\"authorBox__avatar noMobi\"><img src=\"https:\/\/secure.gravatar.com\/avatar\/68359cdb608f14f11bbefcb78f3fc747?s=96&#038;r=g\" alt=\"Renan Bandeira\"><\/a><div class=\"authorBox__name\"><span>por\n\t\t\t<a href=\"https:\/\/www.suno.com.br\/noticias\/author\/renan-bandeira\/\"><span itemprop=\"author\">Renan Bandeira<\/span><\/a><\/span><time datetime=\"2019-06-05T09:21:19-03:00\" itemprop=\"datePublished\">05\/06\/2019 09:21<\/time><\/div><\/div><\/div><\/div><\/div>","single_layout":"posts","amp_enabled":true,"_links":{"self":[{"href":"https:\/\/www.suno.com.br\/noticias\/wp-json\/wp\/v2\/posts\/27278"}],"collection":[{"href":"https:\/\/www.suno.com.br\/noticias\/wp-json\/wp\/v2\/posts"}],"about":[{"href":"https:\/\/www.suno.com.br\/noticias\/wp-json\/wp\/v2\/types\/post"}],"author":[{"embeddable":true,"href":"https:\/\/www.suno.com.br\/noticias\/wp-json\/wp\/v2\/users\/11"}],"replies":[{"embeddable":true,"href":"https:\/\/www.suno.com.br\/noticias\/wp-json\/wp\/v2\/comments?post=27278"}],"version-history":[{"count":0,"href":"https:\/\/www.suno.com.br\/noticias\/wp-json\/wp\/v2\/posts\/27278\/revisions"}],"wp:featuredmedia":[{"embeddable":true,"href":"https:\/\/www.suno.com.br\/noticias\/wp-json\/wp\/v2\/media\/27281"}],"wp:attachment":[{"href":"https:\/\/www.suno.com.br\/noticias\/wp-json\/wp\/v2\/media?parent=27278"}],"wp:term":[{"taxonomy":"category","embeddable":true,"href":"https:\/\/www.suno.com.br\/noticias\/wp-json\/wp\/v2\/categories?post=27278"},{"taxonomy":"post_tag","embeddable":true,"href":"https:\/\/www.suno.com.br\/noticias\/wp-json\/wp\/v2\/tags?post=27278"},{"taxonomy":"suno_strategy","embeddable":true,"href":"https:\/\/www.suno.com.br\/noticias\/wp-json\/wp\/v2\/suno_strategy?post=27278"}],"curies":[{"name":"wp","href":"https:\/\/api.w.org\/{rel}","templated":true}]}}