{"id":27267,"date":"2019-06-05T08:22:16","date_gmt":"2019-06-05T11:22:16","guid":{"rendered":"https:\/\/www.suno.com.br\/noticias\/?p=27267"},"modified":"2019-06-05T08:22:16","modified_gmt":"2019-06-05T11:22:16","slug":"previdencia-municipios-stf-retirados-reforma","status":"publish","type":"post","link":"https:\/\/www.suno.com.br\/noticias\/previdencia-municipios-stf-retirados-reforma\/","title":{"rendered":"Previd\u00eancia: munic\u00edpios amea\u00e7am ir ao STF se forem retirados da reforma"},"content":{"rendered":"<p>A <strong>Confedera\u00e7\u00e3o Nacional dos Munic\u00edpios <\/strong>(<strong>CNM<\/strong>) j\u00e1 declarou que pode ir ao <strong>Supremo Tribunal Federal <\/strong>(<strong>STF<\/strong>) caso as cidades fiquem de fora do texto da <strong>reforma <\/strong>da Previd\u00eancia. Isso porque a institui\u00e7\u00e3o argumenta a quest\u00e3o da isonomia, uma vez que alguns munic\u00edpios t\u00eam regras pr\u00f3prias para <strong>aposentadoria<\/strong>. Dessa forma, ficariam de fora das altera\u00e7\u00f5es feitas pelo governo.<\/p>\t<div class=\"wrapper-featured-image\">\n\t\t<figure class=\"spotlightImg\">\n\n\t\t\t<picture>\n\t\t\t\t<source media=\"(max-width: 768px)\" srcset=\"https:\/\/files.sunoresearch.com.br\/n\/uploads\/2019\/06\/90f3582f-previd\u00eancia-munic\u00edpios-400x200.webp\">\n\t\t\t\t<img loading=\"lazy\" decoding=\"async\" class=\"newsContent__article__imgCapa lazyloadDisabled newsContent__article__imgCapa--noCaption\" src=\"https:\/\/files.sunoresearch.com.br\/n\/uploads\/2019\/06\/90f3582f-previd\u00eancia-munic\u00edpios.jpg\" width=\"800\" height=\"450\" alt=\"Previd\u00eancia: munic\u00edpios amea\u00e7am ir ao STF se forem retirados da reforma\" fetchpriority=high \/>\n\t\t\t<\/picture>\n\n\t\t\t<figcaption class=\"wp-caption-text wp-caption-text--hide\">Munic\u00edpios na reforma da Previd\u00eancia <\/figcaption>\n\t\t<\/figure>\n\t<\/div>\n\n\n<p>De acordo com a <strong>CNM<\/strong>, 2,1 mil munic\u00edpios no Brasil possuem um regime pr\u00f3prio de<strong> Previd\u00eancia<\/strong>. Com isso, se as prefeituras n\u00e3o forem obrigatoriamente inclusas na <strong>reforma<\/strong>, esses munic\u00edpios n\u00e3o precisariam seguir as novas regras impostas pelo governo.<\/p>\n\t<p>\n\t\t<a href=\"https:\/\/lp.suno.com.br\/cl\/webinario-suno-black-2024\/\" target=\"_blank\" data-element=\"shortcode-suno-banner\" title=\"Banner SUNO, clique e saiba mais\">\n\t\t\t<picture>\n\t\t\t\t<source media=\"(max-width: 500px)\" srcset=\"https:\/\/files.sunoresearch.com.br\/n\/uploads\/2024\/04\/400x300-Banner-Home-1.png\">\n\t\t\t\t<img class=\"newsContent__article__imgCapa newsContent__article__imgCapa--banner\"\n\t\t\t\t\tsrc=\"https:\/\/files.sunoresearch.com.br\/n\/uploads\/2024\/04\/400x300-Banner-Home-1.png\"\n\t\t\t\t\tdata-promo-id=\"102411\"\t\t\t\t\t\t\t\t\t\twidth='401' height='300'\t\t\t\t\talt=\"https:\/\/files.sunoresearch.com.br\/n\/uploads\/2024\/04\/400x300-Banner-Home-1.png\"\n\t\t\t\t>\n\t\t\t<\/picture>\n\t\t<\/a>\n\t<\/p>\n\n\n<p>Em contrapartida, cerca de 3,4 mil cidades t\u00eam seus servidores segurados pelo <strong>INSS<\/strong>. Dessa forma, estes entrariam automaticamente na reforma.\u00a0\u201cComo inclui uns munic\u00edpios e outra parte n\u00e3o?&#8221;, questionou\u00a0o presidente da <strong>CNM<\/strong>, Glademir Aroldi.<\/p>\n<p><a href=\"https:\/\/www.suno.com.br\/noticias\/guedes-brasil-crescer-4-capitalizacao\/\">Saiba Mais: Guedes diz que Brasil pode crescer mais de 4% com regime de capitaliza\u00e7\u00e3o<\/a><\/p>\n<p>Assim, o regime seria diferente na esfera <strong>municipal<\/strong> de acordo com a cidade. Aroldi se reuniu com o relator da Previd\u00eancia, <strong>Samuel Moreira<\/strong> (PSDB-SP). De acordo com ele, o deputado sinalizou a inclus\u00e3o dos munic\u00edpios. Entretanto, este \u00e9 um dos pontos de resist\u00eancia dos <strong>parlamentares<\/strong>, e a proposta pode n\u00e3o ser aprovada.<\/p>\n<p>Nesse caso, <strong>Aroldi<\/strong> afirma que existe a possibilidade da disputa jur\u00eddica pela perman\u00eancia das cidades no texto. &#8220;Esperamos que n\u00e3o aconte\u00e7a, que os munic\u00edpios n\u00e3o sejam exclu\u00eddos. Mas, se isso acontecer, a gente vai buscar o caminho jur\u00eddico para tentar resolver\u201d, disse.<\/p>\n<p><a href=\"https:\/\/www.suno.com.br\/noticias\/governo-simplificacao-tributaria-imposto-unico-guedes\/\">Saiba Mais: Governo quer simplifica\u00e7\u00e3o tribut\u00e1ria e pensa em imposto \u00fanico, diz Guedes<\/a><\/p>\n<h2>Alternativa<\/h2>\n<p>Uma das op\u00e7\u00f5es pensadas por especialistas \u00e9 incluir na reforma apenas os <strong>Estados<\/strong> com <strong>d\u00e9ficits previdenci\u00e1rios<\/strong>. Dessa forma, entrariam na lista:<\/p>\n<ul>\n<li>Distrito Federal;<\/li>\n<li>Esp\u00edrito Santo;<\/li>\n<li>Goi\u00e1s;<\/li>\n<li>Mato Grosso do Sul;<\/li>\n<li>Minas Gerais;<\/li>\n<li>Paran\u00e1;<\/li>\n<li>Rio de Janeiro;<\/li>\n<li>Rio Grande do Sul;<\/li>\n<li>Santa Catarina;<\/li>\n<li>S\u00e3o Paulo.<\/li>\n<\/ul>\n<p><a href=\"https:\/\/www.suno.com.br\/noticias\/governo-congresso-projeto-estados\/\">Saiba Mais: Governo envia ao Congresso projeto para ajudar estados em crise financeira<\/a><\/p>\n<p>Dessa forma, os demais <strong>Estados<\/strong> precisariam aprovar regras pr\u00f3prias para o sistema de aposentadoria. Contudo, a possibilidade n\u00e3o \u00e9 vista com bons olhos por <strong>parlamentares<\/strong> e l\u00edderes de partidos.<\/p>\n","protected":false},"excerpt":{"rendered":"<p>A Confedera\u00e7\u00e3o Nacional dos Munic\u00edpios (CNM) j\u00e1 declarou que pode ir ao Supremo Tribunal Federal (STF) caso as cidades fiquem de fora do texto da reforma da Previd\u00eancia. Isso porque a institui\u00e7\u00e3o argumenta a quest\u00e3o da isonomia, uma vez que alguns munic\u00edpios t\u00eam regras pr\u00f3prias para aposentadoria. Dessa forma, ficariam de fora das altera\u00e7\u00f5es feitas [&hellip;]<\/p>\n","protected":false},"author":16,"featured_media":27268,"comment_status":"closed","ping_status":"closed","sticky":false,"template":"","format":"standard","meta":[],"categories":[61],"tags":[322,940,785],"suno_strategy":[],"class_list":["post-27267","post","type-post","status-publish","format-standard","has-post-thumbnail","hentry","category-politica","tag-previdencia-social","tag-reforma-da-previdencia","tag-supremo-tribunal-federal-stf"],"yoast_head":"<!-- This site is optimized with the Yoast SEO plugin v24.4 - https:\/\/yoast.com\/wordpress\/plugins\/seo\/ -->\n<title>Previd\u00eancia: munic\u00edpios amea\u00e7am ir ao STF se forem retirados da reforma<\/title>\n<meta name=\"description\" content=\"A CNM alega que se forem deixados de fora da Previd\u00eancia ser\u00e1 quebrada a regra da isonomia por conta de diferen\u00e7as nas regras dos munic\u00edpios.\" \/>\n<meta name=\"robots\" content=\"index, follow, max-snippet:-1, max-image-preview:large, max-video-preview:-1\" \/>\n<link rel=\"canonical\" href=\"https:\/\/www.suno.com.br\/noticias\/previdencia-municipios-stf-retirados-reforma\/\" \/>\n<meta property=\"og:locale\" content=\"pt_BR\" \/>\n<meta property=\"og:type\" content=\"article\" \/>\n<meta property=\"og:title\" content=\"Previd\u00eancia: munic\u00edpios amea\u00e7am ir ao STF se forem retirados da reforma\" \/>\n<meta property=\"og:description\" content=\"A CNM alega que se forem deixados de fora da Previd\u00eancia ser\u00e1 quebrada a regra da isonomia por conta de diferen\u00e7as nas regras dos munic\u00edpios.\" \/>\n<meta property=\"og:url\" content=\"https:\/\/www.suno.com.br\/noticias\/previdencia-municipios-stf-retirados-reforma\/\" \/>\n<meta property=\"og:site_name\" content=\"Suno Not\u00edcias\" \/>\n<meta property=\"article:publisher\" content=\"https:\/\/facebook.com\/sunoresearch\" \/>\n<meta property=\"og:image\" content=\"https:\/\/files.sunoresearch.com.br\/n\/uploads\/2019\/06\/90f3582f-previd\u00eancia-munic\u00edpios.jpg\" \/>\n\t<meta property=\"og:image:width\" content=\"640\" \/>\n\t<meta property=\"og:image:height\" content=\"480\" \/>\n\t<meta property=\"og:image:type\" content=\"image\/jpeg\" \/>\n<meta name=\"author\" content=\"Beatriz Oliveira\" \/>\n<meta name=\"twitter:card\" content=\"summary_large_image\" \/>\n<meta name=\"twitter:creator\" content=\"@sunoresearch\" \/>\n<meta name=\"twitter:site\" content=\"@sunoresearch\" \/>\n<meta name=\"twitter:label1\" content=\"Escrito por\" \/>\n\t<meta name=\"twitter:data1\" content=\"Beatriz Oliveira\" \/>\n\t<meta name=\"twitter:label2\" content=\"Est. tempo de leitura\" \/>\n\t<meta name=\"twitter:data2\" content=\"2 minutos\" \/>\n<script type=\"application\/ld+json\" class=\"yoast-schema-graph\">{\"@context\":\"https:\/\/schema.org\",\"@graph\":[{\"@type\":\"NewsArticle\",\"@id\":\"https:\/\/www.suno.com.br\/noticias\/previdencia-municipios-stf-retirados-reforma\/#article\",\"isPartOf\":{\"@id\":\"https:\/\/www.suno.com.br\/noticias\/previdencia-municipios-stf-retirados-reforma\/\"},\"author\":{\"name\":\"Beatriz Oliveira\",\"@id\":\"https:\/\/www.suno.com.br\/noticias\/#\/schema\/person\/e67f665add014bf99f644028de070cc3\"},\"headline\":\"Previd\u00eancia: munic\u00edpios amea\u00e7am ir ao STF se forem retirados da reforma\",\"datePublished\":\"2019-06-05T11:22:16+00:00\",\"mainEntityOfPage\":{\"@id\":\"https:\/\/www.suno.com.br\/noticias\/previdencia-municipios-stf-retirados-reforma\/\"},\"wordCount\":393,\"publisher\":{\"@id\":\"https:\/\/www.suno.com.br\/noticias\/#organization\"},\"image\":{\"@id\":\"https:\/\/www.suno.com.br\/noticias\/previdencia-municipios-stf-retirados-reforma\/#primaryimage\"},\"thumbnailUrl\":\"https:\/\/files.sunoresearch.com.br\/n\/uploads\/2019\/06\/90f3582f-previd\u00eancia-munic\u00edpios.jpg\",\"keywords\":[\"Previd\u00eancia Social\",\"Reforma da Previd\u00eancia\",\"Supremo Tribunal Federal (STF)\"],\"articleSection\":[\"Pol\u00edtica\"],\"inLanguage\":\"pt-BR\"},{\"@type\":\"WebPage\",\"@id\":\"https:\/\/www.suno.com.br\/noticias\/previdencia-municipios-stf-retirados-reforma\/\",\"url\":\"https:\/\/www.suno.com.br\/noticias\/previdencia-municipios-stf-retirados-reforma\/\",\"name\":\"Previd\u00eancia: munic\u00edpios amea\u00e7am ir ao STF se forem retirados da reforma\",\"isPartOf\":{\"@id\":\"https:\/\/www.suno.com.br\/noticias\/#website\"},\"primaryImageOfPage\":{\"@id\":\"https:\/\/www.suno.com.br\/noticias\/previdencia-municipios-stf-retirados-reforma\/#primaryimage\"},\"image\":{\"@id\":\"https:\/\/www.suno.com.br\/noticias\/previdencia-municipios-stf-retirados-reforma\/#primaryimage\"},\"thumbnailUrl\":\"https:\/\/files.sunoresearch.com.br\/n\/uploads\/2019\/06\/90f3582f-previd\u00eancia-munic\u00edpios.jpg\",\"datePublished\":\"2019-06-05T11:22:16+00:00\",\"description\":\"A CNM alega que se forem deixados de fora da Previd\u00eancia ser\u00e1 quebrada a regra da isonomia por conta de diferen\u00e7as nas regras dos munic\u00edpios.\",\"breadcrumb\":{\"@id\":\"https:\/\/www.suno.com.br\/noticias\/previdencia-municipios-stf-retirados-reforma\/#breadcrumb\"},\"inLanguage\":\"pt-BR\",\"potentialAction\":[{\"@type\":\"ReadAction\",\"target\":[\"https:\/\/www.suno.com.br\/noticias\/previdencia-municipios-stf-retirados-reforma\/\"]}]},{\"@type\":\"ImageObject\",\"inLanguage\":\"pt-BR\",\"@id\":\"https:\/\/www.suno.com.br\/noticias\/previdencia-municipios-stf-retirados-reforma\/#primaryimage\",\"url\":\"https:\/\/files.sunoresearch.com.br\/n\/uploads\/2019\/06\/90f3582f-previd\u00eancia-munic\u00edpios.jpg\",\"contentUrl\":\"https:\/\/files.sunoresearch.com.br\/n\/uploads\/2019\/06\/90f3582f-previd\u00eancia-munic\u00edpios.jpg\",\"width\":640,\"height\":480,\"caption\":\"Munic\u00edpios na reforma da Previd\u00eancia\"},{\"@type\":\"BreadcrumbList\",\"@id\":\"https:\/\/www.suno.com.br\/noticias\/previdencia-municipios-stf-retirados-reforma\/#breadcrumb\",\"itemListElement\":[{\"@type\":\"ListItem\",\"position\":1,\"name\":\"Not\u00edcias\",\"item\":\"https:\/\/www.suno.com.br\/noticias\/\"},{\"@type\":\"ListItem\",\"position\":2,\"name\":\"Pol\u00edtica\",\"item\":\"https:\/\/www.suno.com.br\/noticias\/politica\/\"},{\"@type\":\"ListItem\",\"position\":3,\"name\":\"Previd\u00eancia: munic\u00edpios amea\u00e7am ir ao STF se forem retirados da reforma\"}]},{\"@type\":\"WebSite\",\"@id\":\"https:\/\/www.suno.com.br\/noticias\/#website\",\"url\":\"https:\/\/www.suno.com.br\/noticias\/\",\"name\":\"Suno Not\u00edcias\",\"description\":\"Seu portal de informa\u00e7\u00e3o sobre o mundo dos investimentos\",\"publisher\":{\"@id\":\"https:\/\/www.suno.com.br\/noticias\/#organization\"},\"potentialAction\":[{\"@type\":\"SearchAction\",\"target\":{\"@type\":\"EntryPoint\",\"urlTemplate\":\"https:\/\/www.suno.com.br\/noticias\/?s={search_term_string}\"},\"query-input\":{\"@type\":\"PropertyValueSpecification\",\"valueRequired\":true,\"valueName\":\"search_term_string\"}}],\"inLanguage\":\"pt-BR\"},{\"@type\":\"Organization\",\"@id\":\"https:\/\/www.suno.com.br\/noticias\/#organization\",\"name\":\"Suno Not\u00edcias\",\"url\":\"https:\/\/www.suno.com.br\/noticias\/\",\"logo\":{\"@type\":\"ImageObject\",\"inLanguage\":\"pt-BR\",\"@id\":\"https:\/\/www.suno.com.br\/noticias\/#\/schema\/logo\/image\/\",\"url\":\"https:\/\/files.sunoresearch.com.br\/n\/uploads\/2021\/09\/suno-logo.png\",\"contentUrl\":\"https:\/\/files.sunoresearch.com.br\/n\/uploads\/2021\/09\/suno-logo.png\",\"width\":180,\"height\":180,\"caption\":\"Suno Not\u00edcias\"},\"image\":{\"@id\":\"https:\/\/www.suno.com.br\/noticias\/#\/schema\/logo\/image\/\"},\"sameAs\":[\"https:\/\/facebook.com\/sunoresearch\",\"https:\/\/x.com\/sunoresearch\",\"https:\/\/www.instagram.com\/suno\",\"https:\/\/www.linkedin.com\/company\/suno-research\/\",\"https:\/\/www.youtube.com\/c\/sunoresearch\"]},{\"@type\":\"Person\",\"@id\":\"https:\/\/www.suno.com.br\/noticias\/#\/schema\/person\/e67f665add014bf99f644028de070cc3\",\"name\":\"Beatriz Oliveira\",\"image\":{\"@type\":\"ImageObject\",\"inLanguage\":\"pt-BR\",\"@id\":\"https:\/\/www.suno.com.br\/noticias\/#\/schema\/person\/image\/\",\"url\":\"https:\/\/secure.gravatar.com\/avatar\/c9aa6a0aaecc598d257d5d5bd349157d?s=96&r=g\",\"contentUrl\":\"https:\/\/secure.gravatar.com\/avatar\/c9aa6a0aaecc598d257d5d5bd349157d?s=96&r=g\",\"caption\":\"Beatriz Oliveira\"},\"description\":\"Formada em Jornalismo pela Faculdade Paulus de Tecnologia e Comunica\u00e7\u00e3o, Beatriz Oliveira escreve para o portal de not\u00edcias Suno Research. Antes, passou pelas reda\u00e7\u00f5es da Revista EXAME e da Rede Bandeirantes.\",\"url\":\"https:\/\/www.suno.com.br\/noticias\/author\/beatriz\/\"}]}<\/script>\n<!-- \/ Yoast SEO plugin. -->","yoast_head_json":{"title":"Previd\u00eancia: munic\u00edpios amea\u00e7am ir ao STF se forem retirados da reforma","description":"A CNM alega que se forem deixados de fora da Previd\u00eancia ser\u00e1 quebrada a regra da isonomia por conta de diferen\u00e7as nas regras dos munic\u00edpios.","robots":{"index":"index","follow":"follow","max-snippet":"max-snippet:-1","max-image-preview":"max-image-preview:large","max-video-preview":"max-video-preview:-1"},"canonical":"https:\/\/www.suno.com.br\/noticias\/previdencia-municipios-stf-retirados-reforma\/","og_locale":"pt_BR","og_type":"article","og_title":"Previd\u00eancia: munic\u00edpios amea\u00e7am ir ao STF se forem retirados da reforma","og_description":"A CNM alega que se forem deixados de fora da Previd\u00eancia ser\u00e1 quebrada a regra da isonomia por conta de diferen\u00e7as nas regras dos munic\u00edpios.","og_url":"https:\/\/www.suno.com.br\/noticias\/previdencia-municipios-stf-retirados-reforma\/","og_site_name":"Suno Not\u00edcias","article_publisher":"https:\/\/facebook.com\/sunoresearch","og_image":[{"width":640,"height":480,"url":"https:\/\/files.sunoresearch.com.br\/n\/uploads\/2019\/06\/90f3582f-previd\u00eancia-munic\u00edpios.jpg","type":"image\/jpeg"}],"author":"Beatriz Oliveira","twitter_card":"summary_large_image","twitter_creator":"@sunoresearch","twitter_site":"@sunoresearch","twitter_misc":{"Escrito por":"Beatriz Oliveira","Est. tempo de leitura":"2 minutos"},"schema":{"@context":"https:\/\/schema.org","@graph":[{"@type":"NewsArticle","@id":"https:\/\/www.suno.com.br\/noticias\/previdencia-municipios-stf-retirados-reforma\/#article","isPartOf":{"@id":"https:\/\/www.suno.com.br\/noticias\/previdencia-municipios-stf-retirados-reforma\/"},"author":{"name":"Beatriz Oliveira","@id":"https:\/\/www.suno.com.br\/noticias\/#\/schema\/person\/e67f665add014bf99f644028de070cc3"},"headline":"Previd\u00eancia: munic\u00edpios amea\u00e7am ir ao STF se forem retirados da reforma","datePublished":"2019-06-05T11:22:16+00:00","mainEntityOfPage":{"@id":"https:\/\/www.suno.com.br\/noticias\/previdencia-municipios-stf-retirados-reforma\/"},"wordCount":393,"publisher":{"@id":"https:\/\/www.suno.com.br\/noticias\/#organization"},"image":{"@id":"https:\/\/www.suno.com.br\/noticias\/previdencia-municipios-stf-retirados-reforma\/#primaryimage"},"thumbnailUrl":"https:\/\/files.sunoresearch.com.br\/n\/uploads\/2019\/06\/90f3582f-previd\u00eancia-munic\u00edpios.jpg","keywords":["Previd\u00eancia Social","Reforma da Previd\u00eancia","Supremo Tribunal Federal (STF)"],"articleSection":["Pol\u00edtica"],"inLanguage":"pt-BR"},{"@type":"WebPage","@id":"https:\/\/www.suno.com.br\/noticias\/previdencia-municipios-stf-retirados-reforma\/","url":"https:\/\/www.suno.com.br\/noticias\/previdencia-municipios-stf-retirados-reforma\/","name":"Previd\u00eancia: munic\u00edpios amea\u00e7am ir ao STF se forem retirados da reforma","isPartOf":{"@id":"https:\/\/www.suno.com.br\/noticias\/#website"},"primaryImageOfPage":{"@id":"https:\/\/www.suno.com.br\/noticias\/previdencia-municipios-stf-retirados-reforma\/#primaryimage"},"image":{"@id":"https:\/\/www.suno.com.br\/noticias\/previdencia-municipios-stf-retirados-reforma\/#primaryimage"},"thumbnailUrl":"https:\/\/files.sunoresearch.com.br\/n\/uploads\/2019\/06\/90f3582f-previd\u00eancia-munic\u00edpios.jpg","datePublished":"2019-06-05T11:22:16+00:00","description":"A CNM alega que se forem deixados de fora da Previd\u00eancia ser\u00e1 quebrada a regra da isonomia por conta de diferen\u00e7as nas regras dos munic\u00edpios.","breadcrumb":{"@id":"https:\/\/www.suno.com.br\/noticias\/previdencia-municipios-stf-retirados-reforma\/#breadcrumb"},"inLanguage":"pt-BR","potentialAction":[{"@type":"ReadAction","target":["https:\/\/www.suno.com.br\/noticias\/previdencia-municipios-stf-retirados-reforma\/"]}]},{"@type":"ImageObject","inLanguage":"pt-BR","@id":"https:\/\/www.suno.com.br\/noticias\/previdencia-municipios-stf-retirados-reforma\/#primaryimage","url":"https:\/\/files.sunoresearch.com.br\/n\/uploads\/2019\/06\/90f3582f-previd\u00eancia-munic\u00edpios.jpg","contentUrl":"https:\/\/files.sunoresearch.com.br\/n\/uploads\/2019\/06\/90f3582f-previd\u00eancia-munic\u00edpios.jpg","width":640,"height":480,"caption":"Munic\u00edpios na reforma da Previd\u00eancia"},{"@type":"BreadcrumbList","@id":"https:\/\/www.suno.com.br\/noticias\/previdencia-municipios-stf-retirados-reforma\/#breadcrumb","itemListElement":[{"@type":"ListItem","position":1,"name":"Not\u00edcias","item":"https:\/\/www.suno.com.br\/noticias\/"},{"@type":"ListItem","position":2,"name":"Pol\u00edtica","item":"https:\/\/www.suno.com.br\/noticias\/politica\/"},{"@type":"ListItem","position":3,"name":"Previd\u00eancia: munic\u00edpios amea\u00e7am ir ao STF se forem retirados da reforma"}]},{"@type":"WebSite","@id":"https:\/\/www.suno.com.br\/noticias\/#website","url":"https:\/\/www.suno.com.br\/noticias\/","name":"Suno Not\u00edcias","description":"Seu portal de informa\u00e7\u00e3o sobre o mundo dos investimentos","publisher":{"@id":"https:\/\/www.suno.com.br\/noticias\/#organization"},"potentialAction":[{"@type":"SearchAction","target":{"@type":"EntryPoint","urlTemplate":"https:\/\/www.suno.com.br\/noticias\/?s={search_term_string}"},"query-input":{"@type":"PropertyValueSpecification","valueRequired":true,"valueName":"search_term_string"}}],"inLanguage":"pt-BR"},{"@type":"Organization","@id":"https:\/\/www.suno.com.br\/noticias\/#organization","name":"Suno Not\u00edcias","url":"https:\/\/www.suno.com.br\/noticias\/","logo":{"@type":"ImageObject","inLanguage":"pt-BR","@id":"https:\/\/www.suno.com.br\/noticias\/#\/schema\/logo\/image\/","url":"https:\/\/files.sunoresearch.com.br\/n\/uploads\/2021\/09\/suno-logo.png","contentUrl":"https:\/\/files.sunoresearch.com.br\/n\/uploads\/2021\/09\/suno-logo.png","width":180,"height":180,"caption":"Suno Not\u00edcias"},"image":{"@id":"https:\/\/www.suno.com.br\/noticias\/#\/schema\/logo\/image\/"},"sameAs":["https:\/\/facebook.com\/sunoresearch","https:\/\/x.com\/sunoresearch","https:\/\/www.instagram.com\/suno","https:\/\/www.linkedin.com\/company\/suno-research\/","https:\/\/www.youtube.com\/c\/sunoresearch"]},{"@type":"Person","@id":"https:\/\/www.suno.com.br\/noticias\/#\/schema\/person\/e67f665add014bf99f644028de070cc3","name":"Beatriz Oliveira","image":{"@type":"ImageObject","inLanguage":"pt-BR","@id":"https:\/\/www.suno.com.br\/noticias\/#\/schema\/person\/image\/","url":"https:\/\/secure.gravatar.com\/avatar\/c9aa6a0aaecc598d257d5d5bd349157d?s=96&r=g","contentUrl":"https:\/\/secure.gravatar.com\/avatar\/c9aa6a0aaecc598d257d5d5bd349157d?s=96&r=g","caption":"Beatriz Oliveira"},"description":"Formada em Jornalismo pela Faculdade Paulus de Tecnologia e Comunica\u00e7\u00e3o, Beatriz Oliveira escreve para o portal de not\u00edcias Suno Research. Antes, passou pelas reda\u00e7\u00f5es da Revista EXAME e da Rede Bandeirantes.","url":"https:\/\/www.suno.com.br\/noticias\/author\/beatriz\/"}]}},"default_loop_html":"<div class=\"cardsPage__listCard__boxs\"><div class=\"cardsPage__listCard__boxs__img\"><a href=\"https:\/\/www.suno.com.br\/noticias\/previdencia-municipios-stf-retirados-reforma\/\"><img class=\"mask\" src=\"https:\/\/www.suno.com.br\/noticias\/wp-content\/themes\/suno\/resources\/images\/spotlight\/spotlight1img\/bg-mask.png\" alt=\"Image Mask\"\/><img src=\"https:\/\/files.sunoresearch.com.br\/n\/uploads\/2019\/06\/90f3582f-previd\u00eancia-munic\u00edpios-400x200.webp\" alt=\"Previd\u00eancia: munic\u00edpios amea\u00e7am ir ao STF se forem retirados da reforma\"\/><\/a><span class=\"spotlightCategory\"><a href=\"https:\/\/www.suno.com.br\/noticias\/politica\/\">Pol\u00edtica<\/a><\/span><\/div><div class=\"cardsPage__listCard__boxs__content\"><a href=\"https:\/\/www.suno.com.br\/noticias\/previdencia-municipios-stf-retirados-reforma\/\"><h2 class=\"content__title\">Previd\u00eancia: munic\u00edpios amea\u00e7am ir ao STF se forem retirados da reforma<\/h2><\/a><div class=\"newsContent__article__meta\"><div class=\"newsContent__article__meta__authorBox\"><a href=\"https:\/\/www.suno.com.br\/noticias\/author\/beatriz\/\" class=\"authorBox__avatar noMobi\"><img src=\"https:\/\/secure.gravatar.com\/avatar\/c9aa6a0aaecc598d257d5d5bd349157d?s=96&#038;r=g\" alt=\"Beatriz Oliveira\"><\/a><div class=\"authorBox__name\"><span>por\n\t\t\t<a href=\"https:\/\/www.suno.com.br\/noticias\/author\/beatriz\/\"><span itemprop=\"author\">Beatriz Oliveira<\/span><\/a><\/span><time datetime=\"2019-06-05T08:22:16-03:00\" itemprop=\"datePublished\">05\/06\/2019 08:22<\/time><\/div><\/div><\/div><\/div><\/div>","single_layout":"posts","amp_enabled":true,"_links":{"self":[{"href":"https:\/\/www.suno.com.br\/noticias\/wp-json\/wp\/v2\/posts\/27267"}],"collection":[{"href":"https:\/\/www.suno.com.br\/noticias\/wp-json\/wp\/v2\/posts"}],"about":[{"href":"https:\/\/www.suno.com.br\/noticias\/wp-json\/wp\/v2\/types\/post"}],"author":[{"embeddable":true,"href":"https:\/\/www.suno.com.br\/noticias\/wp-json\/wp\/v2\/users\/16"}],"replies":[{"embeddable":true,"href":"https:\/\/www.suno.com.br\/noticias\/wp-json\/wp\/v2\/comments?post=27267"}],"version-history":[{"count":0,"href":"https:\/\/www.suno.com.br\/noticias\/wp-json\/wp\/v2\/posts\/27267\/revisions"}],"wp:featuredmedia":[{"embeddable":true,"href":"https:\/\/www.suno.com.br\/noticias\/wp-json\/wp\/v2\/media\/27268"}],"wp:attachment":[{"href":"https:\/\/www.suno.com.br\/noticias\/wp-json\/wp\/v2\/media?parent=27267"}],"wp:term":[{"taxonomy":"category","embeddable":true,"href":"https:\/\/www.suno.com.br\/noticias\/wp-json\/wp\/v2\/categories?post=27267"},{"taxonomy":"post_tag","embeddable":true,"href":"https:\/\/www.suno.com.br\/noticias\/wp-json\/wp\/v2\/tags?post=27267"},{"taxonomy":"suno_strategy","embeddable":true,"href":"https:\/\/www.suno.com.br\/noticias\/wp-json\/wp\/v2\/suno_strategy?post=27267"}],"curies":[{"name":"wp","href":"https:\/\/api.w.org\/{rel}","templated":true}]}}