{"id":272548,"date":"2022-06-30T18:40:02","date_gmt":"2022-06-30T21:40:02","guid":{"rendered":"https:\/\/www.suno.com.br\/noticias\/?p=272548"},"modified":"2022-07-01T17:14:22","modified_gmt":"2022-07-01T20:14:22","slug":"ifix-cai-junho-btra11-despenca","status":"publish","type":"post","link":"https:\/\/www.suno.com.br\/noticias\/ifix-cai-junho-btra11-despenca\/","title":{"rendered":"IFIX cai 0,88% em junho; BTRA11 despenca quase 17% no m\u00eas"},"content":{"rendered":"<p>O <strong>IFIX<\/strong>, principal \u00edndice da bolsa de valores brasileira (B3), terminou a sess\u00e3o em alta de 0,13% nesta quinta-feira (30), aos 2.796 pontos, encerrando assim uma sequ\u00eancia de 6 quedas di\u00e1rias consecutivas. O \u00edndice terminou o m\u00eas de junho com um desempenho negativo de 0,88%.<\/p>\t<div class=\"wrapper-featured-image\">\n\t\t<figure class=\"spotlightImg\">\n\n\t\t\t<picture>\n\t\t\t\t<source media=\"(max-width: 768px)\" srcset=\"https:\/\/files.sunoresearch.com.br\/n\/uploads\/2022\/06\/terca-2-1-400x200.jpg\">\n\t\t\t\t<img loading=\"lazy\" decoding=\"async\" class=\"newsContent__article__imgCapa lazyloadDisabled \" src=\"https:\/\/files.sunoresearch.com.br\/n\/uploads\/2022\/06\/terca-2-1-800x450.jpg\" width=\"800\" height=\"450\" alt=\"IFIX cai 0,88% em junho; BTRA11 despenca quase 17% no m\u00eas\" fetchpriority=high \/>\n\t\t\t<\/picture>\n\n\t\t\t<figcaption class=\"wp-caption-text wp-caption-text--show\">IFIX. Foto: Pixabay<\/figcaption>\n\t\t<\/figure>\n\t<\/div>\n\n\n\t<p>\n\t\t<a href=\"\" target=\"_blank\" data-element=\"shortcode-suno-banner\" title=\"Banner SUNO, clique e saiba mais\">\n\t\t\t<picture>\n\t\t\t\t<source media=\"(max-width: 500px)\" srcset=\"\">\n\t\t\t\t<img class=\"newsContent__article__imgCapa newsContent__article__imgCapa--banner\"\n\t\t\t\t\tsrc=\"\"\n\t\t\t\t\tdata-promo-id=\"77050\"\t\t\t\t\t\t\t\t\t\t\t\t\t\t\talt=\"\"\n\t\t\t\t>\n\t\t\t<\/picture>\n\t\t<\/a>\n\t<\/p>\n\n\n<p>A <strong>cota\u00e7\u00e3o do IFIX<\/strong> alcan\u00e7ou sua m\u00e1xima do preg\u00e3o aos 2.798 pontos, enquanto a m\u00ednima atingida foi de 2.791 pontos. No cen\u00e1rio mensal, o maior valor do \u00edndice no m\u00eas de junho bateu os 2.834 pontos &#8211; e o menor, 2.790 pontos.<\/p>\n<p>Entre os destaques de alta da sess\u00e3o de hoje, liderou o fundo imobili\u00e1rio <a href=\"https:\/\/www.suno.com.br\/fundos-imobiliarios\/ggrc11\/\" target=\"_blank\" rel=\"noopener\">GGR Covepi Renda (GGRC11)<\/a>, com uma varia\u00e7\u00e3o de +1,82%. Em seguida, veio o FII <a href=\"https:\/\/www.suno.com.br\/fundos-imobiliarios\/kisu11\/\" target=\"_blank\" rel=\"noopener\">Kilima FIC de FII SUNO 30 (KISU11)<\/a>, que teve uma valoriza\u00e7\u00e3o di\u00e1ria de 1,60%.<\/p>\n\n\t<div data-element=\"shortcode-read-more\" class=\"readToo\">\n\t\t\t\t<span class=\"readToo__title\">Leia mais:<\/span>\n\t\t\t\t<ul class=\"readToo__list\">\n\t\t\t<li><a href=\"https:\/\/www.suno.com.br\/noticias\/ibovespa-hoje-cai-fleury-flry3-dispara-mais-de-14\/\">Ibovespa cai 1,20%, enquanto Fleury (FLRY3) dispara mais de 14%<\/a><\/li><li><a href=\"https:\/\/www.suno.com.br\/noticias\/dolar-hoje-sobe-em-meio-aversao-risco-exterior\/\">D\u00f3lar sobe 1,00% em meio a avers\u00e3o a risco no exterior<\/a><\/li>\t\t<\/ul>\n\t<\/div>\n\n\n<p>J\u00e1 na ponta negativa, impactou no <strong>IFIX hoje<\/strong> a desvaloriza\u00e7\u00e3o do fundo <a href=\"https:\/\/www.suno.com.br\/fundos-imobiliarios\/jsre11\/\" target=\"_blank\" rel=\"noopener\">JS Real Estate Multigest\u00e3o (JSRE11)<\/a>, em 1,90%. Al\u00e9m disso, o FII <a href=\"https:\/\/www.suno.com.br\/fundos-imobiliarios\/care11\/\" target=\"_blank\" rel=\"noopener\">Brazilian Graveyard and Death Care Services (CARE11)<\/a> teve uma baixa de 1,42%, ficando na segunda coloca\u00e7\u00e3o de maiores quedas do dia.<\/p>\n\t<p>\n\t\t<a href=\"https:\/\/lp.suno.com.br\/planilha-controle-gastos\/\" target=\"_blank\" data-element=\"shortcode-suno-banner\" title=\"Banner SUNO, clique e saiba mais\">\n\t\t\t<picture>\n\t\t\t\t<source media=\"(max-width: 500px)\" srcset=\"https:\/\/files.sunoresearch.com.br\/n\/uploads\/2023\/03\/400x300-Planilha-controle-de-gastos.png\">\n\t\t\t\t<img class=\"newsContent__article__imgCapa newsContent__article__imgCapa--banner\"\n\t\t\t\t\tsrc=\"https:\/\/files.sunoresearch.com.br\/n\/uploads\/2023\/03\/1420x240-Planilha-controle-de-gastos.png\"\n\t\t\t\t\tdata-promo-id=\"101751\"\t\t\t\t\t\t\t\t\t\twidth='1420' height='240'\t\t\t\t\talt=\"https:\/\/files.sunoresearch.com.br\/n\/uploads\/2023\/03\/1420x240-Planilha-controle-de-gastos.png\"\n\t\t\t\t>\n\t\t\t<\/picture>\n\t\t<\/a>\n\t<\/p>\n\n\n<h2>Maiores altas do IFIX<\/h2>\n<p>As 5 maiores altas de fundos imobili\u00e1rios do IFIX hoje foram:<\/p>\n<ul>\n<li>GGRC11: +1,82%<\/li>\n<li>KISU11: +1,60%<\/li>\n<li>PATL11: +1,58%<\/li>\n<li>OUJP11 :+1,40%<\/li>\n<li>HGBS11: +1,31%<\/li>\n<\/ul>\n<h2>Maiores baixas do IFIX<\/h2>\n<p>As 5 maiores quedas de FIIs na sess\u00e3o foram:<\/p>\n<ul>\n<li>JSRE11: -1,90%<\/li>\n<li>CARE11 :-1,42%<\/li>\n<li>SPTW11 :-1,01%<\/li>\n<li>BTCR11: -1,01%<\/li>\n<li>BLMR11: -0,99%<\/li>\n<\/ul>\n\t<p>\n\t\t<a href=\"https:\/\/lp.suno.com.br\/planilha-da-vida-financeira\/\" target=\"_blank\" data-element=\"shortcode-suno-banner\" title=\"Banner SUNO, clique e saiba mais\">\n\t\t\t<picture>\n\t\t\t\t<source media=\"(max-width: 500px)\" srcset=\"https:\/\/files.sunoresearch.com.br\/n\/uploads\/2023\/04\/400x300-Planilha-vida-financeira-true.png\">\n\t\t\t\t<img class=\"newsContent__article__imgCapa newsContent__article__imgCapa--banner\"\n\t\t\t\t\tsrc=\"https:\/\/files.sunoresearch.com.br\/n\/uploads\/2023\/04\/1420x240-Planilha-vida-financeira-true.png\"\n\t\t\t\t\tdata-promo-id=\"106682\"\t\t\t\t\t\t\t\t\t\twidth='1420' height='240'\t\t\t\t\talt=\"https:\/\/files.sunoresearch.com.br\/n\/uploads\/2023\/04\/1420x240-Planilha-vida-financeira-true.png\"\n\t\t\t\t>\n\t\t\t<\/picture>\n\t\t<\/a>\n\t<\/p>\n\n\n<h2>IFIX cai 0,88% em junho e interrompe sequ\u00eancia de 3 meses de altas consecutivas<\/h2>\n<p>No cen\u00e1rio mensal, o <strong>valor do IFIX<\/strong> fechou junho com uma performance negativa de 0,88%, encerrando uma sequ\u00eancia de 3 meses de altas seguidas. Assim, foi o pior desempenho do \u00edndice em um m\u00eas desde fevereiro de 2022, quando a desvaloriza\u00e7\u00e3o tinha sido de 1,29%.<\/p>\n<p>Entre os fundos imobili\u00e1rios que puxaram a queda na cota\u00e7\u00e3o do IFIX em junho, se destaca o FII <a href=\"https:\/\/www.suno.com.br\/fundos-imobiliarios\/btra11\/\" target=\"_blank\" rel=\"noopener\">BTG Pactual Terras Agr\u00edcolas (BTRA11)<\/a>, que despencou 16,95%. A forte queda do fundo ocorreu ap\u00f3s a divulga\u00e7\u00e3o de que arrendat\u00e1rios dos ativos do BTRA11 haviam entrado com pedido de recupera\u00e7\u00e3o judicial. Na data do an\u00fancio, em 22 de junho, o FII caiu cerca de 16,49%.<\/p>\n<p>Al\u00e9m disso, o fundo imobili\u00e1rio Brazilian Graveyard and Death Care (CARE11) tamb\u00e9m ficou entre as maiores baixas do m\u00eas, com uma varia\u00e7\u00e3o de -10,92%. Vale destacar que no m\u00eas de maio o FII havia se valorizado cerca de 22,25%. O fundo <a href=\"https:\/\/www.suno.com.br\/fundos-imobiliarios\/vino11\/\" target=\"_blank\" rel=\"noopener\">Vinci Offices (VINO11)<\/a> tamb\u00e9m ficou entre as principais baixas do per\u00edodo, com uma queda de 9,27%, impactando de forma negativa na<strong> movimenta\u00e7\u00e3o do IFIX<\/strong>.<\/p>\n<p>Apesar do <strong>desempenho do IFIX<\/strong> ter sido de baixa no m\u00eas de junho, alguns fundos seguiram o caminho contr\u00e1rio, se destacando entre as altas. O destaque entre eles foi o fundo imobili\u00e1rio <a href=\"https:\/\/www.suno.com.br\/fundos-imobiliarios\/snff11\/\" target=\"_blank\" rel=\"noopener\">Suno Fundo de Fundos (SNFF11)<\/a>, com uma valoriza\u00e7\u00e3o de 7,21%. Do mesmo modo, o <a href=\"https:\/\/www.suno.com.br\/fundos-imobiliarios\/vcjr11\/\" target=\"_blank\" rel=\"noopener\">Vectis Juros Real (VCJR11)<\/a> teve uma performance positiva de 5,12%.<\/p>\n<h2>Maiores altas do m\u00eas de junho<\/h2>\n<p>Os 5 fundos imobili\u00e1rios que mais subiram no m\u00eas de junho foram:<\/p>\n<ul>\n<li>SNFF11: +7,21%<\/li>\n<li>VCJR11: +5,12%<\/li>\n<li>RBFF11 :+4,93%<\/li>\n<li>ARCT11: +3,86%<\/li>\n<li>VGHF11 :+3,62%<\/li>\n<\/ul>\n<h2>Maiores quedas do m\u00eas de junho<\/h2>\n<p>Os 5 FIIs que mais ca\u00edram em junho foram:<\/p>\n<ul>\n<li>BTRA11: -16,95%<\/li>\n<li>CARE11: -10,92%<\/li>\n<li>VINO11: -9,27%<\/li>\n<li>SARE11: -8,11%<\/li>\n<li>BRCR11: -7,90%<\/li>\n<\/ul>\n<p>O <strong>IFIX<\/strong> serve para medir o desempenho m\u00e9dio dos principais <strong>fundos imobili\u00e1rios<\/strong> presentes na bolsa de valores brasileira, a B3. Com esta queda de junho, o \u00edndice tem uma baixa acumulada de 0,32% no ano de 2022.<\/p>\n\t<p>\n\t\t<a href=\"https:\/\/lp.suno.com.br\/ebook-como-analisar-uma-acao\/\" target=\"_blank\" data-element=\"shortcode-suno-banner\" title=\"Banner SUNO, clique e saiba mais\">\n\t\t\t<picture>\n\t\t\t\t<source media=\"(max-width: 500px)\" srcset=\"https:\/\/files.sunoresearch.com.br\/n\/uploads\/2023\/03\/Ebook-Acoes-Mobile-1.jpg\">\n\t\t\t\t<img class=\"newsContent__article__imgCapa newsContent__article__imgCapa--banner\"\n\t\t\t\t\tsrc=\"https:\/\/files.sunoresearch.com.br\/n\/uploads\/2023\/03\/Ebook-Acoes-Desktop-1.jpg\"\n\t\t\t\t\tdata-promo-id=\"171998\"\t\t\t\t\t\t\t\t\t\twidth='1420' height='286'\t\t\t\t\talt=\"https:\/\/files.sunoresearch.com.br\/n\/uploads\/2023\/03\/Ebook-Acoes-Desktop-1.jpg\"\n\t\t\t\t>\n\t\t\t<\/picture>\n\t\t<\/a>\n\t<\/p>\n\n\n","protected":false},"excerpt":{"rendered":"<p>O IFIX, principal \u00edndice da bolsa de valores brasileira (B3), terminou a sess\u00e3o em alta de 0,13% nesta quinta-feira (30), aos 2.796 pontos, encerrando assim uma sequ\u00eancia de 6 quedas di\u00e1rias consecutivas. O \u00edndice terminou o m\u00eas de junho com um desempenho negativo de 0,88%. D\u00f3lar hoje. Foto: Pixabay A cota\u00e7\u00e3o do IFIX alcan\u00e7ou sua [&hellip;]<\/p>\n","protected":false},"author":43,"featured_media":272552,"comment_status":"closed","ping_status":"closed","sticky":false,"template":"","format":"standard","meta":[],"categories":[66],"tags":[105942,2025,105604,106091,105550],"suno_strategy":[],"class_list":["post-272548","post","type-post","status-publish","format-standard","has-post-thumbnail","hentry","category-fiis","tag-care11","tag-ggrc11","tag-kisu11","tag-snff11","tag-vino11"],"yoast_head":"<!-- This site is optimized with the Yoast SEO plugin v24.4 - https:\/\/yoast.com\/wordpress\/plugins\/seo\/ -->\n<title>IFIX cai 0,88% em junho; BTRA11 despenca quase 17% no m\u00eas<\/title>\n<meta name=\"description\" content=\"O IFIX caiu 0,88% no m\u00eas de junho, puxado pelo fundo imobili\u00e1rio BTRA11, que despencou quase 17%. Saiba mais sobre o desempenho do IFIX.\" \/>\n<meta name=\"robots\" content=\"index, follow, max-snippet:-1, max-image-preview:large, max-video-preview:-1\" \/>\n<link rel=\"canonical\" href=\"https:\/\/www.suno.com.br\/noticias\/ifix-cai-junho-btra11-despenca\/\" \/>\n<meta property=\"og:locale\" content=\"pt_BR\" \/>\n<meta property=\"og:type\" content=\"article\" \/>\n<meta property=\"og:title\" content=\"IFIX cai 0,88% em junho; BTRA11 despenca quase 17% no m\u00eas\" \/>\n<meta property=\"og:description\" content=\"O IFIX caiu 0,88% no m\u00eas de junho, puxado pelo fundo imobili\u00e1rio BTRA11, que despencou quase 17%. Saiba mais sobre o desempenho do IFIX.\" \/>\n<meta property=\"og:url\" content=\"https:\/\/www.suno.com.br\/noticias\/ifix-cai-junho-btra11-despenca\/\" \/>\n<meta property=\"og:site_name\" content=\"Suno Not\u00edcias\" \/>\n<meta property=\"article:publisher\" content=\"https:\/\/facebook.com\/sunoresearch\" \/>\n<meta property=\"article:author\" content=\"https:\/\/www.facebook.com\/sunonoticias\/\" \/>\n<meta property=\"og:image\" content=\"https:\/\/files.sunoresearch.com.br\/n\/uploads\/2022\/06\/terca-2-1.jpg\" \/>\n\t<meta property=\"og:image:width\" content=\"1280\" \/>\n\t<meta property=\"og:image:height\" content=\"960\" \/>\n\t<meta property=\"og:image:type\" content=\"image\/jpeg\" \/>\n<meta name=\"author\" content=\"Reda\u00e7\u00e3o Suno Not\u00edcias\" \/>\n<meta name=\"twitter:card\" content=\"summary_large_image\" \/>\n<meta name=\"twitter:creator\" content=\"@https:\/\/twitter.com\/sunoresearch\" \/>\n<meta name=\"twitter:site\" content=\"@sunoresearch\" \/>\n<meta name=\"twitter:label1\" content=\"Escrito por\" \/>\n\t<meta name=\"twitter:data1\" content=\"Reda\u00e7\u00e3o Suno Not\u00edcias\" \/>\n\t<meta name=\"twitter:label2\" content=\"Est. tempo de leitura\" \/>\n\t<meta name=\"twitter:data2\" content=\"4 minutos\" \/>\n<script type=\"application\/ld+json\" class=\"yoast-schema-graph\">{\"@context\":\"https:\/\/schema.org\",\"@graph\":[{\"@type\":\"NewsArticle\",\"@id\":\"https:\/\/www.suno.com.br\/noticias\/ifix-cai-junho-btra11-despenca\/#article\",\"isPartOf\":{\"@id\":\"https:\/\/www.suno.com.br\/noticias\/ifix-cai-junho-btra11-despenca\/\"},\"author\":{\"name\":\"Reda\u00e7\u00e3o Suno Not\u00edcias\",\"@id\":\"https:\/\/www.suno.com.br\/noticias\/#\/schema\/person\/c1b1bd3727fa852bd045e9dbff3673ea\"},\"headline\":\"IFIX cai 0,88% em junho; BTRA11 despenca quase 17% no m\u00eas\",\"datePublished\":\"2022-06-30T21:40:02+00:00\",\"dateModified\":\"2022-07-01T20:14:22+00:00\",\"mainEntityOfPage\":{\"@id\":\"https:\/\/www.suno.com.br\/noticias\/ifix-cai-junho-btra11-despenca\/\"},\"wordCount\":594,\"publisher\":{\"@id\":\"https:\/\/www.suno.com.br\/noticias\/#organization\"},\"image\":{\"@id\":\"https:\/\/www.suno.com.br\/noticias\/ifix-cai-junho-btra11-despenca\/#primaryimage\"},\"thumbnailUrl\":\"https:\/\/files.sunoresearch.com.br\/n\/uploads\/2022\/06\/terca-2-1.jpg\",\"keywords\":[\"CARE11\",\"GGRC11\",\"KISU11\",\"SNFF11\",\"VINO11\"],\"articleSection\":[\"FIIs\"],\"inLanguage\":\"pt-BR\"},{\"@type\":\"WebPage\",\"@id\":\"https:\/\/www.suno.com.br\/noticias\/ifix-cai-junho-btra11-despenca\/\",\"url\":\"https:\/\/www.suno.com.br\/noticias\/ifix-cai-junho-btra11-despenca\/\",\"name\":\"IFIX cai 0,88% em junho; BTRA11 despenca quase 17% no m\u00eas\",\"isPartOf\":{\"@id\":\"https:\/\/www.suno.com.br\/noticias\/#website\"},\"primaryImageOfPage\":{\"@id\":\"https:\/\/www.suno.com.br\/noticias\/ifix-cai-junho-btra11-despenca\/#primaryimage\"},\"image\":{\"@id\":\"https:\/\/www.suno.com.br\/noticias\/ifix-cai-junho-btra11-despenca\/#primaryimage\"},\"thumbnailUrl\":\"https:\/\/files.sunoresearch.com.br\/n\/uploads\/2022\/06\/terca-2-1.jpg\",\"datePublished\":\"2022-06-30T21:40:02+00:00\",\"dateModified\":\"2022-07-01T20:14:22+00:00\",\"description\":\"O IFIX caiu 0,88% no m\u00eas de junho, puxado pelo fundo imobili\u00e1rio BTRA11, que despencou quase 17%. Saiba mais sobre o desempenho do IFIX.\",\"breadcrumb\":{\"@id\":\"https:\/\/www.suno.com.br\/noticias\/ifix-cai-junho-btra11-despenca\/#breadcrumb\"},\"inLanguage\":\"pt-BR\",\"potentialAction\":[{\"@type\":\"ReadAction\",\"target\":[\"https:\/\/www.suno.com.br\/noticias\/ifix-cai-junho-btra11-despenca\/\"]}]},{\"@type\":\"ImageObject\",\"inLanguage\":\"pt-BR\",\"@id\":\"https:\/\/www.suno.com.br\/noticias\/ifix-cai-junho-btra11-despenca\/#primaryimage\",\"url\":\"https:\/\/files.sunoresearch.com.br\/n\/uploads\/2022\/06\/terca-2-1.jpg\",\"contentUrl\":\"https:\/\/files.sunoresearch.com.br\/n\/uploads\/2022\/06\/terca-2-1.jpg\",\"width\":1280,\"height\":960,\"caption\":\"IFIX. Foto: Pixabay\"},{\"@type\":\"BreadcrumbList\",\"@id\":\"https:\/\/www.suno.com.br\/noticias\/ifix-cai-junho-btra11-despenca\/#breadcrumb\",\"itemListElement\":[{\"@type\":\"ListItem\",\"position\":1,\"name\":\"Not\u00edcias\",\"item\":\"https:\/\/www.suno.com.br\/noticias\/\"},{\"@type\":\"ListItem\",\"position\":2,\"name\":\"FIIs\",\"item\":\"https:\/\/www.suno.com.br\/noticias\/fiis\/\"},{\"@type\":\"ListItem\",\"position\":3,\"name\":\"IFIX cai 0,88% em junho; BTRA11 despenca quase 17% no m\u00eas\"}]},{\"@type\":\"WebSite\",\"@id\":\"https:\/\/www.suno.com.br\/noticias\/#website\",\"url\":\"https:\/\/www.suno.com.br\/noticias\/\",\"name\":\"Suno Not\u00edcias\",\"description\":\"Seu portal de informa\u00e7\u00e3o sobre o mundo dos investimentos\",\"publisher\":{\"@id\":\"https:\/\/www.suno.com.br\/noticias\/#organization\"},\"potentialAction\":[{\"@type\":\"SearchAction\",\"target\":{\"@type\":\"EntryPoint\",\"urlTemplate\":\"https:\/\/www.suno.com.br\/noticias\/?s={search_term_string}\"},\"query-input\":{\"@type\":\"PropertyValueSpecification\",\"valueRequired\":true,\"valueName\":\"search_term_string\"}}],\"inLanguage\":\"pt-BR\"},{\"@type\":\"Organization\",\"@id\":\"https:\/\/www.suno.com.br\/noticias\/#organization\",\"name\":\"Suno Not\u00edcias\",\"url\":\"https:\/\/www.suno.com.br\/noticias\/\",\"logo\":{\"@type\":\"ImageObject\",\"inLanguage\":\"pt-BR\",\"@id\":\"https:\/\/www.suno.com.br\/noticias\/#\/schema\/logo\/image\/\",\"url\":\"https:\/\/files.sunoresearch.com.br\/n\/uploads\/2021\/09\/suno-logo.png\",\"contentUrl\":\"https:\/\/files.sunoresearch.com.br\/n\/uploads\/2021\/09\/suno-logo.png\",\"width\":180,\"height\":180,\"caption\":\"Suno Not\u00edcias\"},\"image\":{\"@id\":\"https:\/\/www.suno.com.br\/noticias\/#\/schema\/logo\/image\/\"},\"sameAs\":[\"https:\/\/facebook.com\/sunoresearch\",\"https:\/\/x.com\/sunoresearch\",\"https:\/\/www.instagram.com\/suno\",\"https:\/\/www.linkedin.com\/company\/suno-research\/\",\"https:\/\/www.youtube.com\/c\/sunoresearch\"]},{\"@type\":\"Person\",\"@id\":\"https:\/\/www.suno.com.br\/noticias\/#\/schema\/person\/c1b1bd3727fa852bd045e9dbff3673ea\",\"name\":\"Reda\u00e7\u00e3o Suno Not\u00edcias\",\"image\":{\"@type\":\"ImageObject\",\"inLanguage\":\"pt-BR\",\"@id\":\"https:\/\/www.suno.com.br\/noticias\/#\/schema\/person\/image\/\",\"url\":\"https:\/\/secure.gravatar.com\/avatar\/b8104b9b5a71985d5238ee59fbe418af?s=96&r=g\",\"contentUrl\":\"https:\/\/secure.gravatar.com\/avatar\/b8104b9b5a71985d5238ee59fbe418af?s=96&r=g\",\"caption\":\"Reda\u00e7\u00e3o Suno Not\u00edcias\"},\"description\":\"O Suno Not\u00edcias \u00e9 um portal de informa\u00e7\u00f5es sobre Mercado Financeiro, Pol\u00edtica, Neg\u00f3cios, Economia e Finan\u00e7as Pessoais.\",\"sameAs\":[\"https:\/\/www.suno.com.br\/noticias\",\"https:\/\/www.facebook.com\/sunonoticias\/\",\"https:\/\/www.instagram.com\/sunonoticias\/\",\"https:\/\/x.com\/https:\/\/twitter.com\/sunoresearch\",\"https:\/\/www.youtube.com\/sunonoticias\"],\"url\":\"https:\/\/www.suno.com.br\/noticias\/author\/redacao-suno\/\"}]}<\/script>\n<!-- \/ Yoast SEO plugin. -->","yoast_head_json":{"title":"IFIX cai 0,88% em junho; BTRA11 despenca quase 17% no m\u00eas","description":"O IFIX caiu 0,88% no m\u00eas de junho, puxado pelo fundo imobili\u00e1rio BTRA11, que despencou quase 17%. Saiba mais sobre o desempenho do IFIX.","robots":{"index":"index","follow":"follow","max-snippet":"max-snippet:-1","max-image-preview":"max-image-preview:large","max-video-preview":"max-video-preview:-1"},"canonical":"https:\/\/www.suno.com.br\/noticias\/ifix-cai-junho-btra11-despenca\/","og_locale":"pt_BR","og_type":"article","og_title":"IFIX cai 0,88% em junho; BTRA11 despenca quase 17% no m\u00eas","og_description":"O IFIX caiu 0,88% no m\u00eas de junho, puxado pelo fundo imobili\u00e1rio BTRA11, que despencou quase 17%. Saiba mais sobre o desempenho do IFIX.","og_url":"https:\/\/www.suno.com.br\/noticias\/ifix-cai-junho-btra11-despenca\/","og_site_name":"Suno Not\u00edcias","article_publisher":"https:\/\/facebook.com\/sunoresearch","article_author":"https:\/\/www.facebook.com\/sunonoticias\/","og_image":[{"width":1280,"height":960,"url":"https:\/\/files.sunoresearch.com.br\/n\/uploads\/2022\/06\/terca-2-1.jpg","type":"image\/jpeg"}],"author":"Reda\u00e7\u00e3o Suno Not\u00edcias","twitter_card":"summary_large_image","twitter_creator":"@https:\/\/twitter.com\/sunoresearch","twitter_site":"@sunoresearch","twitter_misc":{"Escrito por":"Reda\u00e7\u00e3o Suno Not\u00edcias","Est. tempo de leitura":"4 minutos"},"schema":{"@context":"https:\/\/schema.org","@graph":[{"@type":"NewsArticle","@id":"https:\/\/www.suno.com.br\/noticias\/ifix-cai-junho-btra11-despenca\/#article","isPartOf":{"@id":"https:\/\/www.suno.com.br\/noticias\/ifix-cai-junho-btra11-despenca\/"},"author":{"name":"Reda\u00e7\u00e3o Suno Not\u00edcias","@id":"https:\/\/www.suno.com.br\/noticias\/#\/schema\/person\/c1b1bd3727fa852bd045e9dbff3673ea"},"headline":"IFIX cai 0,88% em junho; BTRA11 despenca quase 17% no m\u00eas","datePublished":"2022-06-30T21:40:02+00:00","dateModified":"2022-07-01T20:14:22+00:00","mainEntityOfPage":{"@id":"https:\/\/www.suno.com.br\/noticias\/ifix-cai-junho-btra11-despenca\/"},"wordCount":594,"publisher":{"@id":"https:\/\/www.suno.com.br\/noticias\/#organization"},"image":{"@id":"https:\/\/www.suno.com.br\/noticias\/ifix-cai-junho-btra11-despenca\/#primaryimage"},"thumbnailUrl":"https:\/\/files.sunoresearch.com.br\/n\/uploads\/2022\/06\/terca-2-1.jpg","keywords":["CARE11","GGRC11","KISU11","SNFF11","VINO11"],"articleSection":["FIIs"],"inLanguage":"pt-BR"},{"@type":"WebPage","@id":"https:\/\/www.suno.com.br\/noticias\/ifix-cai-junho-btra11-despenca\/","url":"https:\/\/www.suno.com.br\/noticias\/ifix-cai-junho-btra11-despenca\/","name":"IFIX cai 0,88% em junho; BTRA11 despenca quase 17% no m\u00eas","isPartOf":{"@id":"https:\/\/www.suno.com.br\/noticias\/#website"},"primaryImageOfPage":{"@id":"https:\/\/www.suno.com.br\/noticias\/ifix-cai-junho-btra11-despenca\/#primaryimage"},"image":{"@id":"https:\/\/www.suno.com.br\/noticias\/ifix-cai-junho-btra11-despenca\/#primaryimage"},"thumbnailUrl":"https:\/\/files.sunoresearch.com.br\/n\/uploads\/2022\/06\/terca-2-1.jpg","datePublished":"2022-06-30T21:40:02+00:00","dateModified":"2022-07-01T20:14:22+00:00","description":"O IFIX caiu 0,88% no m\u00eas de junho, puxado pelo fundo imobili\u00e1rio BTRA11, que despencou quase 17%. Saiba mais sobre o desempenho do IFIX.","breadcrumb":{"@id":"https:\/\/www.suno.com.br\/noticias\/ifix-cai-junho-btra11-despenca\/#breadcrumb"},"inLanguage":"pt-BR","potentialAction":[{"@type":"ReadAction","target":["https:\/\/www.suno.com.br\/noticias\/ifix-cai-junho-btra11-despenca\/"]}]},{"@type":"ImageObject","inLanguage":"pt-BR","@id":"https:\/\/www.suno.com.br\/noticias\/ifix-cai-junho-btra11-despenca\/#primaryimage","url":"https:\/\/files.sunoresearch.com.br\/n\/uploads\/2022\/06\/terca-2-1.jpg","contentUrl":"https:\/\/files.sunoresearch.com.br\/n\/uploads\/2022\/06\/terca-2-1.jpg","width":1280,"height":960,"caption":"IFIX. Foto: Pixabay"},{"@type":"BreadcrumbList","@id":"https:\/\/www.suno.com.br\/noticias\/ifix-cai-junho-btra11-despenca\/#breadcrumb","itemListElement":[{"@type":"ListItem","position":1,"name":"Not\u00edcias","item":"https:\/\/www.suno.com.br\/noticias\/"},{"@type":"ListItem","position":2,"name":"FIIs","item":"https:\/\/www.suno.com.br\/noticias\/fiis\/"},{"@type":"ListItem","position":3,"name":"IFIX cai 0,88% em junho; BTRA11 despenca quase 17% no m\u00eas"}]},{"@type":"WebSite","@id":"https:\/\/www.suno.com.br\/noticias\/#website","url":"https:\/\/www.suno.com.br\/noticias\/","name":"Suno Not\u00edcias","description":"Seu portal de informa\u00e7\u00e3o sobre o mundo dos investimentos","publisher":{"@id":"https:\/\/www.suno.com.br\/noticias\/#organization"},"potentialAction":[{"@type":"SearchAction","target":{"@type":"EntryPoint","urlTemplate":"https:\/\/www.suno.com.br\/noticias\/?s={search_term_string}"},"query-input":{"@type":"PropertyValueSpecification","valueRequired":true,"valueName":"search_term_string"}}],"inLanguage":"pt-BR"},{"@type":"Organization","@id":"https:\/\/www.suno.com.br\/noticias\/#organization","name":"Suno Not\u00edcias","url":"https:\/\/www.suno.com.br\/noticias\/","logo":{"@type":"ImageObject","inLanguage":"pt-BR","@id":"https:\/\/www.suno.com.br\/noticias\/#\/schema\/logo\/image\/","url":"https:\/\/files.sunoresearch.com.br\/n\/uploads\/2021\/09\/suno-logo.png","contentUrl":"https:\/\/files.sunoresearch.com.br\/n\/uploads\/2021\/09\/suno-logo.png","width":180,"height":180,"caption":"Suno Not\u00edcias"},"image":{"@id":"https:\/\/www.suno.com.br\/noticias\/#\/schema\/logo\/image\/"},"sameAs":["https:\/\/facebook.com\/sunoresearch","https:\/\/x.com\/sunoresearch","https:\/\/www.instagram.com\/suno","https:\/\/www.linkedin.com\/company\/suno-research\/","https:\/\/www.youtube.com\/c\/sunoresearch"]},{"@type":"Person","@id":"https:\/\/www.suno.com.br\/noticias\/#\/schema\/person\/c1b1bd3727fa852bd045e9dbff3673ea","name":"Reda\u00e7\u00e3o Suno Not\u00edcias","image":{"@type":"ImageObject","inLanguage":"pt-BR","@id":"https:\/\/www.suno.com.br\/noticias\/#\/schema\/person\/image\/","url":"https:\/\/secure.gravatar.com\/avatar\/b8104b9b5a71985d5238ee59fbe418af?s=96&r=g","contentUrl":"https:\/\/secure.gravatar.com\/avatar\/b8104b9b5a71985d5238ee59fbe418af?s=96&r=g","caption":"Reda\u00e7\u00e3o Suno Not\u00edcias"},"description":"O Suno Not\u00edcias \u00e9 um portal de informa\u00e7\u00f5es sobre Mercado Financeiro, Pol\u00edtica, Neg\u00f3cios, Economia e Finan\u00e7as Pessoais.","sameAs":["https:\/\/www.suno.com.br\/noticias","https:\/\/www.facebook.com\/sunonoticias\/","https:\/\/www.instagram.com\/sunonoticias\/","https:\/\/x.com\/https:\/\/twitter.com\/sunoresearch","https:\/\/www.youtube.com\/sunonoticias"],"url":"https:\/\/www.suno.com.br\/noticias\/author\/redacao-suno\/"}]}},"default_loop_html":"<div class=\"cardsPage__listCard__boxs\"><div class=\"cardsPage__listCard__boxs__img\"><a href=\"https:\/\/www.suno.com.br\/noticias\/dolar-hoje-sobe-em-meio-aversao-risco-exterior\/\"><img class=\"mask\" src=\"https:\/\/www.suno.com.br\/noticias\/wp-content\/themes\/suno\/resources\/images\/spotlight\/spotlight1img\/bg-mask.png\" alt=\"Image Mask\"\/><img src=\"https:\/\/files.sunoresearch.com.br\/n\/uploads\/2021\/03\/71e2e3ee-bank-notes-941246_1280-400x200.webp\" alt=\"D\u00f3lar sobe 1,00% em meio a avers\u00e3o a risco no exterior\"\/><\/a><span class=\"spotlightCategory\"><a href=\"https:\/\/www.suno.com.br\/noticias\/mercado\/\">Mercado<\/a><\/span><\/div><div class=\"cardsPage__listCard__boxs__content\"><a href=\"https:\/\/www.suno.com.br\/noticias\/dolar-hoje-sobe-em-meio-aversao-risco-exterior\/\"><h2 class=\"content__title\">D\u00f3lar sobe 1,00% em meio a avers\u00e3o a risco no exterior<\/h2><\/a><div class=\"newsContent__article__meta\"><div class=\"newsContent__article__meta__authorBox\"><a href=\"https:\/\/www.suno.com.br\/noticias\/author\/redacao-suno\/\" class=\"authorBox__avatar noMobi\"><img src=\"https:\/\/files.sunoresearch.com.br\/n\/uploads\/2020\/08\/0ace682d-redacao-1-150x150.webp\" alt=\"Reda\u00e7\u00e3o Suno Not\u00edcias\"><\/a><div class=\"authorBox__name\"><span>por\n\t\t\t<a href=\"https:\/\/www.suno.com.br\/noticias\/author\/redacao-suno\/\"><span itemprop=\"author\">Reda\u00e7\u00e3o Suno Not\u00edcias<\/span><\/a><\/span><time datetime=\"2022-06-30T11:10:42-03:00\" itemprop=\"datePublished\">30\/06\/2022 11:10<\/time><\/div><\/div><\/div><\/div><\/div>","single_layout":"posts","amp_enabled":true,"_links":{"self":[{"href":"https:\/\/www.suno.com.br\/noticias\/wp-json\/wp\/v2\/posts\/272548"}],"collection":[{"href":"https:\/\/www.suno.com.br\/noticias\/wp-json\/wp\/v2\/posts"}],"about":[{"href":"https:\/\/www.suno.com.br\/noticias\/wp-json\/wp\/v2\/types\/post"}],"author":[{"embeddable":true,"href":"https:\/\/www.suno.com.br\/noticias\/wp-json\/wp\/v2\/users\/43"}],"replies":[{"embeddable":true,"href":"https:\/\/www.suno.com.br\/noticias\/wp-json\/wp\/v2\/comments?post=272548"}],"version-history":[{"count":3,"href":"https:\/\/www.suno.com.br\/noticias\/wp-json\/wp\/v2\/posts\/272548\/revisions"}],"predecessor-version":[{"id":272569,"href":"https:\/\/www.suno.com.br\/noticias\/wp-json\/wp\/v2\/posts\/272548\/revisions\/272569"}],"wp:featuredmedia":[{"embeddable":true,"href":"https:\/\/www.suno.com.br\/noticias\/wp-json\/wp\/v2\/media\/272552"}],"wp:attachment":[{"href":"https:\/\/www.suno.com.br\/noticias\/wp-json\/wp\/v2\/media?parent=272548"}],"wp:term":[{"taxonomy":"category","embeddable":true,"href":"https:\/\/www.suno.com.br\/noticias\/wp-json\/wp\/v2\/categories?post=272548"},{"taxonomy":"post_tag","embeddable":true,"href":"https:\/\/www.suno.com.br\/noticias\/wp-json\/wp\/v2\/tags?post=272548"},{"taxonomy":"suno_strategy","embeddable":true,"href":"https:\/\/www.suno.com.br\/noticias\/wp-json\/wp\/v2\/suno_strategy?post=272548"}],"curies":[{"name":"wp","href":"https:\/\/api.w.org\/{rel}","templated":true}]}}