{"id":272540,"date":"2022-06-30T18:16:51","date_gmt":"2022-06-30T21:16:51","guid":{"rendered":"https:\/\/www.suno.com.br\/noticias\/?p=272540"},"modified":"2022-06-30T19:13:30","modified_gmt":"2022-06-30T22:13:30","slug":"ibovespa-hoje-fechamento-30062022","status":"publish","type":"post","link":"https:\/\/www.suno.com.br\/noticias\/ibovespa-hoje-fechamento-30062022\/","title":{"rendered":"Ibovespa cai e acumula perdas de 11,50% em junho, pior queda mensal desde mar\u00e7o de 2020"},"content":{"rendered":"<p>O\u00a0<strong>Ibovespa hoje<\/strong> fechou esta quinta-feira (30) em queda de 1,08% aos 98.541,95 pontos, ap\u00f3s oscilar entre 97.758,43 e 99.619,06 pontos. No m\u00eas, o \u00edndice recua 11,50%. Na semana, cede 0,13% e, no primeiro semestre, teve queda de 5,99%. O volume financeiro do dia foi de R$ 27,5 bilh\u00f5es.<\/p>\t<div class=\"wrapper-featured-image\">\n\t\t<figure class=\"spotlightImg\">\n\n\t\t\t<picture>\n\t\t\t\t<source media=\"(max-width: 768px)\" srcset=\"https:\/\/files.sunoresearch.com.br\/n\/uploads\/2022\/06\/ibovespa-hoje-400x200.jpg\">\n\t\t\t\t<img loading=\"lazy\" decoding=\"async\" class=\"newsContent__article__imgCapa lazyloadDisabled \" src=\"https:\/\/files.sunoresearch.com.br\/n\/uploads\/2022\/06\/ibovespa-hoje-800x450.jpg\" width=\"800\" height=\"450\" alt=\"Ibovespa cai e acumula perdas de 11,50% em junho, pior queda mensal desde mar\u00e7o de 2020\" fetchpriority=high \/>\n\t\t\t<\/picture>\n\n\t\t\t<figcaption class=\"wp-caption-text wp-caption-text--show\">Ibovespa hoje. Foto: Pixabay<\/figcaption>\n\t\t<\/figure>\n\t<\/div>\n\n\n\t<p>\n\t\t<a href=\"\" target=\"_blank\" data-element=\"shortcode-suno-banner\" title=\"Banner SUNO, clique e saiba mais\">\n\t\t\t<picture>\n\t\t\t\t<source media=\"(max-width: 500px)\" srcset=\"\">\n\t\t\t\t<img class=\"newsContent__article__imgCapa newsContent__article__imgCapa--banner\"\n\t\t\t\t\tsrc=\"\"\n\t\t\t\t\tdata-promo-id=\"138420\"\t\t\t\t\t\t\t\t\t\t\t\t\t\t\talt=\"\"\n\t\t\t\t>\n\t\t\t<\/picture>\n\t\t<\/a>\n\t<\/p>\n\n\n<p>Com temores fiscais dom\u00e9sticos acrescidos \u00e0 incerteza sobre o grau de desacelera\u00e7\u00e3o global em meio ao ciclo de aperto monet\u00e1rio (especialmente nos Estados Unidos), o \u00edndice teve o pior m\u00eas de junho desde 2002 (-13,39%). \u00c9 tamb\u00e9m o pior m\u00eas da Bolsa desde mar\u00e7o de 2020, quando tombou 29,9% no in\u00edcio da pandemia.<\/p>\n<p>O \u00edndice acumulou perda de 17,88% no segundo trimestre de 2022, o correspondente a 21.457,28 pontos &#8211; em 31 de mar\u00e7o, antes da corre\u00e7\u00e3o que viria no m\u00eas seguinte, o Ibovespa estava virtualmente aos 120 mil pontos (119.999,23 naquele fechamento).<\/p>\n<p>Assim, o trimestre que ora chega ao fim foi o pior desde a queda de 36,86% no intervalo entre janeiro e mar\u00e7o de 2020, no come\u00e7o da pandemia, a mais profunda retra\u00e7\u00e3o de que se tem registro na Bolsa brasileira, quando superou mesmo decl\u00ednios bem agudos vistos nas grandes crises de 2008, 1998 e 1995.<\/p>\n<p>A cautela interna com rela\u00e7\u00e3o \u00e0 perspectiva fiscal do pa\u00eds se imp\u00f4s no momento em que o cen\u00e1rio externo se mostra tamb\u00e9m atribulado pela corre\u00e7\u00e3o das pol\u00edticas monet\u00e1rias em grandes economias, como as de Estados Unidos e zona do euro, por d\u00favidas sobre a retomada na China e pelo prolongado conflito no leste europeu.<\/p>\n<p>A combina\u00e7\u00e3o de incertezas, principalmente as relacionadas \u00e0 economia chinesa e ao conflito na Ucr\u00e2nia, tem acentuado a volatilidade das commodities, com efeito direto sobre o Ibovespa.<\/p>\n<p>&#8220;Muita coisa ruim j\u00e1 foi colocada no pre\u00e7o da Bolsa com rela\u00e7\u00e3o ao fiscal e, partindo do n\u00edvel que se tem hoje, \u00e9 prov\u00e1vel que o segundo semestre seja melhor. O mercado est\u00e1 ajustado a crescimento em decl\u00ednio e juros em alta, com o ciclo atual de eleva\u00e7\u00e3o da taxa do Fed mais r\u00e1pido do que o visto em outras ocasi\u00f5es. Resta saber qual ser\u00e1 a taxa de juros neutra nos Estados Unidos, isso permanece em aberto&#8221;, diz Rodrigo Santin, CIO da Legend. &#8220;Daqui para frente, o calend\u00e1rio tende a jogar a favor, na medida em que muito absurdo fiscal j\u00e1 foi cometido, muita coisa j\u00e1 foi para o pre\u00e7o e o balan\u00e7o de riscos come\u00e7a a se equilibrar&#8221;, acrescenta.<\/p>\n<p>Santin chama aten\u00e7\u00e3o para os sinais de que tanto o presidente Jair Bolsonaro como o rival Luiz In\u00e1cio Lula da Silva est\u00e3o agora &#8220;no mesmo balaio&#8221; com rela\u00e7\u00e3o a gastos p\u00fablicos e a compromisso com responsabilidade fiscal.<\/p>\n<p>Ele observa tamb\u00e9m que, com juros mais altos e tendendo a permanecer assim por tempo prolongado, a &#8220;seletividade&#8221; na escolha de a\u00e7\u00f5es passa a ser fundamental, ante o poder de atra\u00e7\u00e3o da renda fixa. &#8220;Quando os juros est\u00e3o baixos e as empresas s\u00e3o boas, compra-se at\u00e9 com m\u00faltiplos muito altos.&#8221;<\/p>\n<p>&#8220;Estamos em um mercado de baixa tanto para S&amp;P 500 como Ibovespa, ao final de um semestre dif\u00edcil. At\u00e9 a metade do semestre, ningu\u00e9m esperava que o Federal Reserve acelerasse a alta de juros, passando de 0,25 ponto para 0,75 ponto porcentual (no ritmo de eleva\u00e7\u00e3o), mas a infla\u00e7\u00e3o americana surpreendeu para cima e o BC dos Estados Unidos mudou a estrat\u00e9gia. At\u00e9 ent\u00e3o os mercados tinham uma vis\u00e3o mais benigna para a trajet\u00f3ria dos juros&#8221;, observa Paulo Gala, economista-chefe do Banco Master, acrescentando que o Ibovespa chegou a subir mais de 20% em d\u00f3lar no ano, no primeiro trimestre, sendo destaque de alta no mundo.<\/p>\n<h2>Bolsas de Nova York<\/h2>\n<p>Os mercados acion\u00e1rios de Nova York fecharam em queda, nesta quinta, com investidores novamente atentos aos riscos de recess\u00e3o mais adiante. Em meio a indicadores dos Estados Unidos, o setor de energia foi mais penalizado entre as a\u00e7\u00f5es, em jornada de perdas para o petr\u00f3leo. No fechamento do primeiro semestre, o quadro negativo ficou evidente: o S&amp;P 500 registrou o pior semestre desde 1970.<\/p>\n<ul>\n<li><strong><a class=\"suno-keyword\" href=\"https:\/\/www.suno.com.br\/artigos\/indice-dow-jones-djia\/\" target=\"_blank\" rel=\"noopener\" data-force=\"no\" data-priority=\"2\">Dow Jones<\/a><\/strong> teve queda de 0,82%, em 30.775,43 pontos;<\/li>\n<li><strong>S&amp;P 500<\/strong> caiu 0,88%, a 3.785,38 pontos;<\/li>\n<li><strong>Nasdaq<\/strong> recuou 1,33%, a 11.028,74 pontos.<\/li>\n<\/ul>\n<p>No semestre, o Dow Jones caiu 15,31%, o S&amp;P 500 recuou 20,58% e o Nasdaq, 29,51%.<\/p>\n\t<p>\n\t\t<a href=\"https:\/\/lp.suno.com.br\/planilha-controle-gastos\/\" target=\"_blank\" data-element=\"shortcode-suno-banner\" title=\"Banner SUNO, clique e saiba mais\">\n\t\t\t<picture>\n\t\t\t\t<source media=\"(max-width: 500px)\" srcset=\"https:\/\/files.sunoresearch.com.br\/n\/uploads\/2023\/03\/400x300-Planilha-controle-de-gastos.png\">\n\t\t\t\t<img class=\"newsContent__article__imgCapa newsContent__article__imgCapa--banner\"\n\t\t\t\t\tsrc=\"https:\/\/files.sunoresearch.com.br\/n\/uploads\/2023\/03\/1420x240-Planilha-controle-de-gastos.png\"\n\t\t\t\t\tdata-promo-id=\"101751\"\t\t\t\t\t\t\t\t\t\twidth='1420' height='240'\t\t\t\t\talt=\"https:\/\/files.sunoresearch.com.br\/n\/uploads\/2023\/03\/1420x240-Planilha-controle-de-gastos.png\"\n\t\t\t\t>\n\t\t\t<\/picture>\n\t\t<\/a>\n\t<\/p>\n\n\n<p>O\u00a0<strong>d\u00f3lar<\/strong> \u00e0 vista fechou em alta de 0,80%, a R$ 5,2348, depois de oscilar entre R$ 5,1880 e R$ 5,271. Moeda acumula alta de 10,15% em junho; no semestre, cai 6,12%.<\/p>\n<p>Os contratos futuros do <strong>petr\u00f3leo<\/strong> fecharam em baixa nesta quinta-feira, enquanto operadores acompanharam a decis\u00e3o da Organiza\u00e7\u00e3o de Pa\u00edses Exportadores de Petr\u00f3leo e aliados (Opep+) de manter o atual plano de oferta. Movimenta\u00e7\u00f5es do presidente dos Estados Unidos, Joe Biden, tamb\u00e9m est\u00e3o no radar e investidores poderam o poss\u00edvel aumento na oferta da commodity.<\/p>\n<p>Na <a class=\"suno-keyword\" href=\"https:\/\/www.suno.com.br\/artigos\/nymex\/\" target=\"_blank\" rel=\"noopener\" data-force=\"no\" data-priority=\"1\">New York Mercantile Exchange (Nymex)<\/a>, o barril do <strong><a class=\"suno-keyword\" href=\"https:\/\/www.suno.com.br\/artigos\/wti\/\" target=\"_blank\" rel=\"noopener\" data-force=\"no\" data-priority=\"1\">petr\u00f3leo WTI<\/a><\/strong> com entrega prevista para agosto caiu 3,66% (US$ 4,02), a US$ 105,76, enquanto o do <strong>Brent<\/strong> para o m\u00eas seguinte recuou 3,04% (US$ 3,42), a US$ 109,03, na Intercontinental Exchange (ICE).<\/p>\n<p>O contrato mais l\u00edquido do <strong>ouro<\/strong> fechou em baixa nesta quinta, limitado pelo fortalecimento do d\u00f3lar ante rivais. As sinaliza\u00e7\u00f5es <i>hawkish<\/i> pelo Federal Reserve (Fed, o banco central norte-americano) tamb\u00e9m est\u00e3o no radar.<\/p>\n<p>Na Comex, divis\u00e3o de metais da New York Mercantile Exchange (Nymex), o ouro para agosto encerrou a sess\u00e3o com baixa de 0,56%, a US$ 1.807,30 a on\u00e7a-troy.<\/p>\n<p>No\u00a0<strong>Ibovespa hoje<\/strong>, as a\u00e7\u00f5es atreladas \u00e0s commodities despencaram com o receio de recess\u00e3o global.\u00a0<strong>CSN <\/strong>(CSNA3) caiu 6,42%, <strong>CSN Minera\u00e7\u00e3o<\/strong> (CMIN3) perdeu 6,31% e\u00a0<strong>Usiminas<\/strong> (USIM5) registrou baixa de 4%, acompanhando o recuo do min\u00e9rio de ferro.\u00a0<strong>Vale<\/strong> (VALE3) tamb\u00e9m seguiu o movimento, com -2,83%<\/p>\n<p>O petr\u00f3leo tamb\u00e9m caiu no dia, e\u00a0<strong>Petrobras<\/strong> (PETR3, PETR4) acompanhou, com baixa de 1,10% e 0,53%, respectivamente e <strong>PetroRio<\/strong> (PRIO3) desvalorizou 2,14%.<\/p>\n<p>Quem liderou o ranking das maiores quedas do dia foi\u00a0<strong>Via<\/strong> (VIIA3), com -8,13%.<\/p>\n<p>Entre os grandes bancos, <strong>Ita\u00fa<\/strong> (ITUB4) caiu 1,78%, <strong>Bradesco<\/strong> (BBDC3, BBDC4) recuou 2,31% e 2,27%, respectivamente, <strong>Santander<\/strong> (SANB11) cedeu 1,71%. Na contram\u00e3o,\u00a0<strong>Banco do Brasil<\/strong> (BBAS3) subiu 0,91%.<\/p>\n<p>Na outra ponta do Ibovespa, o destaque foi <strong>Fleury <\/strong>(FLRY3), com alta de 16,30%, que disparou ap\u00f3s anunciar a fus\u00e3o com <strong>Hermes Pardini<\/strong> (PARD3) &#8212; que subiu 18,99%, que n\u00e3o integra o \u00edndice.<\/p>\n<p>A lista de altas do Ibovespa trouxe ainda <strong>Hapvida <\/strong>(HAPV3), com ganhos de 3,80%, <strong>Telef\u00f4nica<\/strong> (VIVT3) com valoriza\u00e7\u00e3o de 3,07%, <strong>MRV<\/strong> (MRVE3), que subiu 2,90% e <strong>Tim<\/strong> (TIMS3), com +2,08%.<\/p>\n<p>Fora do Ibovespa, chamou aten\u00e7\u00e3o o tombo de <strong>TC<\/strong> (TRAD3), a -27,09%, que reagiu a rumores sobre uma investiga\u00e7\u00e3o da CVM por manipula\u00e7\u00e3o das a\u00e7\u00f5es. A empresa negou que esteja sob investiga\u00e7\u00e3o.<\/p>\n<h3><strong>Maiores altas do Ibovespa:<\/strong><\/h3>\n<ul>\n<li><a class=\"suno-keyword\" href=\"https:\/\/www.suno.com.br\/acoes\/FLRY3\/\" target=\"_blank\" rel=\"noopener\" data-force=\"yes\" data-priority=\"2\">Fleury (FLRY3)<\/a>: +16,30% \/\/ R$ 16,30<\/li>\n<li><a class=\"suno-keyword\" href=\"https:\/\/www.suno.com.br\/acoes\/HAPV3\/\" target=\"_blank\" rel=\"noopener\" data-force=\"yes\" data-priority=\"2\">Hapvida (HAPV3)<\/a>: +3,80% \/\/ R$ 5,47<\/li>\n<li><a class=\"suno-keyword\" href=\"https:\/\/www.suno.com.br\/acoes\/VIVT3\/\" target=\"_blank\" rel=\"noopener\" data-force=\"yes\" data-priority=\"2\">Telef\u00f4nica (VIVT3)<\/a>: +3,07% \/\/ R$ 47,06<\/li>\n<li><a class=\"suno-keyword\" href=\"https:\/\/www.suno.com.br\/acoes\/MRVE3\/\" target=\"_blank\" rel=\"noopener\" data-force=\"yes\" data-priority=\"2\">MRV (MRVE3)<\/a>: +2,90% \/\/ R$ 7,81<\/li>\n<li><a class=\"suno-keyword\" href=\"https:\/\/www.suno.com.br\/acoes\/TIMS3\/\" target=\"_blank\" rel=\"noopener\" data-force=\"yes\" data-priority=\"2\">TIM (TIMS3)<\/a>: +2,08% \/\/ R$ 12,76<\/li>\n<\/ul>\n<h3>Maiores baixas <strong>do Ibovespa<\/strong>:<\/h3>\n<ul>\n<li>Via (VIIA3): -8,13% \/\/ R$ 1,92<\/li>\n<li><a class=\"suno-keyword\" href=\"https:\/\/www.suno.com.br\/acoes\/CSNA3\/\" target=\"_blank\" rel=\"noopener\" data-force=\"yes\" data-priority=\"2\">CSN (CSNA3)<\/a>: -6,42% \/\/ R$ 15,44<\/li>\n<li><a class=\"suno-keyword\" href=\"https:\/\/www.suno.com.br\/acoes\/cmin3\/\" target=\"_blank\" rel=\"noopener\" data-force=\"yes\" data-priority=\"1\">CSN Minera\u00e7\u00e3o (CMIN3)<\/a>: -6,31% \/\/ R$ 3,86<\/li>\n<li><a class=\"suno-keyword\" href=\"https:\/\/www.suno.com.br\/acoes\/JHSF3\/\" target=\"_blank\" rel=\"noopener\" data-force=\"yes\" data-priority=\"2\">JHSF (JHSF3)<\/a>: -5,66% \/\/ R$ 5,83<\/li>\n<li><a class=\"suno-keyword\" href=\"https:\/\/www.suno.com.br\/acoes\/SLCE3\/\" target=\"_blank\" rel=\"noopener\" data-force=\"yes\" data-priority=\"2\">SLC Agr\u00edcola (SLCE3)<\/a>: -5,56% \/\/ R$ 44,13<\/li>\n<\/ul>\n<h3>Outras not\u00edcias que movimentaram o Ibovespa<\/h3>\n<ul>\n<li>Fleury (FLRY3) e Hermes Pardini (PARD3) anunciam fus\u00e3o e a\u00e7\u00f5es disparam<\/li>\n<li>Suzano (SUZB3) anuncia constru\u00e7\u00e3o de f\u00e1brica em Aracruz (ES), com investimento de R$ 600 milh\u00f5es<\/li>\n<\/ul>\n<h3>Fleury (FLRY3) e Hermes Pardini (PARD3) anunciam fus\u00e3o e a\u00e7\u00f5es disparam<\/h3>\n<p>A\u00a0<a class=\"suno-keyword\" href=\"https:\/\/www.suno.com.br\/acoes\/FLRY3\/\" target=\"_blank\" rel=\"noopener\" data-force=\"yes\" data-priority=\"2\"><strong>Fleury<\/strong>\u00a0(FLRY3)<\/a>\u00a0e a\u00a0<a class=\"suno-keyword\" href=\"https:\/\/www.suno.com.br\/acoes\/PARD3\/\" target=\"_blank\" rel=\"noopener\" data-force=\"yes\" data-priority=\"2\">Hermes Pardini (PARD3)<\/a>\u00a0anunciaram ao mercado e aos seus acionistas que foi acertado uma reorganiza\u00e7\u00e3o societ\u00e1ria, atrav\u00e9s da combina\u00e7\u00e3o dos neg\u00f3cios e das bases acion\u00e1rias das empresas.<\/p>\n<p>A\u00a0<strong>fus\u00e3o entre Fleury e Hermes Pardini<\/strong>\u00a0criar\u00e1 um grupo que representaria 16% do mercado. Com a combian\u00e7\u00e3o de neg\u00f3cios entre as companhias, o acionista do Pardini vai receber 1,21 a\u00e7\u00e3o ordin\u00e1ria da Fleury mais cerca de R$ 2,15 por cota que possui.<\/p>\n<p>O incremento de Ebtida anual estimado com a combina\u00e7\u00e3o de neg\u00f3cios e a\u00a0<strong>fus\u00e3o de<\/strong>\u00a0<strong>Fleury e de Hermes Pardini<\/strong>\u00a0\u00e9 de R$160 milh\u00f5es a R$190 milh\u00f5es.<\/p>\n<p>O documento aponta que essa fus\u00e3o das companhias \u201crepresenta uma excelente oportunidade de cria\u00e7\u00e3o de valor, que poder\u00e1 resultar em significativos ganhos aos seus acionistas. Esses ganhos poderiam vir atrav\u00e9s de aumento da competitividade de ambas empresas no setor de sa\u00fade e medicina diagn\u00f3stica, obtendo assim uma\u00a0<a class=\"suno-keyword\" href=\"https:\/\/www.suno.com.br\/artigos\/indicadores-estrutura-capital\/\" target=\"_blank\" rel=\"noopener\" data-force=\"no\" data-priority=\"1\">estrutura de capital<\/a>\u00a0robusta. Al\u00e9m disso, elas esperam maior \u2018crescimento org\u00e2nico e inorg\u00e2nico\u2019.\u201d<\/p>\n<p>A marca \u201c<strong>Hermes Pardini<\/strong>\u201d ser\u00e1 mantida por pelo menos 10 anos, contados da efetiva consuma\u00e7\u00e3o da combina\u00e7\u00e3o de neg\u00f3cios, em todas as unidades em que ela \u00e9 atualmente utilizada, segundo as empresas.<\/p>\n<p>O acordo tamb\u00e9m prev\u00ea a expans\u00e3o da marca em novas unidades que venham a ser criadas por meio do seu crescimento.<\/p>\n<p>A fus\u00e3o entre Hermes Pardini e a Fleury era comentada no mercado financeiro desde 2019, quando o Bradesco BBI citava a possibilidade de combina\u00e7\u00e3o de neg\u00f3cios e falava em sinergias de R$ 1,4 bilh\u00e3o, na \u00e9poca.<\/p>\n\t<p>\n\t\t<a href=\"https:\/\/lp.suno.com.br\/planilha-da-vida-financeira\/\" target=\"_blank\" data-element=\"shortcode-suno-banner\" title=\"Banner SUNO, clique e saiba mais\">\n\t\t\t<picture>\n\t\t\t\t<source media=\"(max-width: 500px)\" srcset=\"https:\/\/files.sunoresearch.com.br\/n\/uploads\/2023\/04\/400x300-Planilha-vida-financeira-true.png\">\n\t\t\t\t<img class=\"newsContent__article__imgCapa newsContent__article__imgCapa--banner\"\n\t\t\t\t\tsrc=\"https:\/\/files.sunoresearch.com.br\/n\/uploads\/2023\/04\/1420x240-Planilha-vida-financeira-true.png\"\n\t\t\t\t\tdata-promo-id=\"106682\"\t\t\t\t\t\t\t\t\t\twidth='1420' height='240'\t\t\t\t\talt=\"https:\/\/files.sunoresearch.com.br\/n\/uploads\/2023\/04\/1420x240-Planilha-vida-financeira-true.png\"\n\t\t\t\t>\n\t\t\t<\/picture>\n\t\t<\/a>\n\t<\/p>\n\n\n<h3>Suzano (SUZB3) anuncia constru\u00e7\u00e3o de f\u00e1brica em Aracruz (ES), com investimento de R$ 600 milh\u00f5es<\/h3>\n<p>A\u00a0<a href=\"https:\/\/www.suno.com.br\/acoes\/suzb3\/\"><strong>Suzano<\/strong>\u00a0(SUZB3)<\/a>\u00a0anunciou nesta quinta-feira (30) a inten\u00e7\u00e3o de construir uma f\u00e1brica de papel Tissue e convers\u00e3o em papel higi\u00eanico e papel toalha no munic\u00edpio de Aracruz (ES), com capacidade de 60 mil toneladas por ano.<\/p>\n<p>A implementa\u00e7\u00e3o da nova\u00a0<strong>f\u00e1brica da Suzano<\/strong>\u00a0ainda deve passar pela aprova\u00e7\u00e3o do\u00a0<a class=\"suno-keyword\" href=\"https:\/\/www.suno.com.br\/artigos\/conselho-administracao\/\" target=\"_blank\" rel=\"noopener\" data-force=\"no\" data-priority=\"1\">Conselho de Administra\u00e7\u00e3o<\/a>, bem como pela efetiva\u00e7\u00e3o dos contratos com os respectivos fornecedores.<\/p>\n<p>Para a realiza\u00e7\u00e3o do empreendimento, a empresa estima um investimento de R$ 600 milh\u00f5es e um per\u00edodo de implanta\u00e7\u00e3o de aproximadamente dois anos da data de aprova\u00e7\u00e3o.<\/p>\n<p>Esse\u00a0<strong>investimento em Aracruz<\/strong>\u00a0ser\u00e1 feito pela empresa por meio da utiliza\u00e7\u00e3o do saldo de cr\u00e9ditos de ICMS que ela possui no estado, com apresenta\u00e7\u00e3o de projeto espec\u00edfico e autoriza\u00e7\u00e3o das autoridades competentes.<\/p>\n<p>\u201cA Suzano pretende realizar o investimento utilizando o saldo de cr\u00e9ditos de ICMS que possui no estado, o que depender\u00e1 de apresenta\u00e7\u00e3o de projeto espec\u00edfico e autoriza\u00e7\u00e3o das autoridades competentes\u201d, informa a empresa em comunicado enviado \u00e0\u00a0<a class=\"suno-keyword\" href=\"https:\/\/www.suno.com.br\/artigos\/cvm\/\" target=\"_blank\" rel=\"noopener\" data-force=\"no\" data-priority=\"2\">Comiss\u00e3o de Valores Mobili\u00e1rios (CVM)<\/a>.<\/p>\n<p>\u201cA constru\u00e7\u00e3o da nova f\u00e1brica em Aracruz est\u00e1 alinhada \u00e0 estrat\u00e9gia da Suzano de avan\u00e7ar nos elos da cadeia, sempre com\u00a0<a class=\"suno-keyword\" href=\"https:\/\/www.suno.com.br\/artigos\/vantagem-competitiva\/\" target=\"_blank\" rel=\"noopener\" data-force=\"no\" data-priority=\"1\">vantagem competitiva<\/a>, como no crescente mercado brasileiro de produtos sanit\u00e1rios\u201d, afirma Marcelo Feriozzi Bacci, Diretor Executivo de Finan\u00e7as e de\u00a0<a class=\"suno-keyword\" href=\"https:\/\/www.suno.com.br\/artigos\/relacoes-com-investidores\/\" target=\"_blank\" rel=\"noopener\" data-force=\"no\" data-priority=\"1\">Rela\u00e7\u00f5es com Investidores<\/a>, em comunicado ao mercado.<\/p>\n<p>A efetiva implementa\u00e7\u00e3o da nova f\u00e1brica est\u00e1 sujeita \u00e0 aprova\u00e7\u00e3o dos \u00f3rg\u00e3os internos da companhia, inclusive do Conselho de Administra\u00e7\u00e3o, bem como da efetiva\u00e7\u00e3o dos contratos com os respectivos fornecedores.<\/p>\n\t<p>\n\t\t<a href=\"https:\/\/lp.suno.com.br\/ebook-como-analisar-uma-acao\/\" target=\"_blank\" data-element=\"shortcode-suno-banner\" title=\"Banner SUNO, clique e saiba mais\">\n\t\t\t<picture>\n\t\t\t\t<source media=\"(max-width: 500px)\" srcset=\"https:\/\/files.sunoresearch.com.br\/n\/uploads\/2023\/03\/Ebook-Acoes-Mobile-1.jpg\">\n\t\t\t\t<img class=\"newsContent__article__imgCapa newsContent__article__imgCapa--banner\"\n\t\t\t\t\tsrc=\"https:\/\/files.sunoresearch.com.br\/n\/uploads\/2023\/03\/Ebook-Acoes-Desktop-1.jpg\"\n\t\t\t\t\tdata-promo-id=\"171998\"\t\t\t\t\t\t\t\t\t\twidth='1420' height='286'\t\t\t\t\talt=\"https:\/\/files.sunoresearch.com.br\/n\/uploads\/2023\/03\/Ebook-Acoes-Desktop-1.jpg\"\n\t\t\t\t>\n\t\t\t<\/picture>\n\t\t<\/a>\n\t<\/p>\n\n\n<h3>Desempenho dos principais \u00edndices<\/h3>\n<p>Al\u00e9m do Ibovespa, confira o fechamento dos principais \u00edndices da bolsa hoje:<\/p>\n<ul>\n<li>Ibovespa hoje: -1,08%<\/li>\n<li>IFIX hoje: +0,12%<\/li>\n<li>IBRX hoje: -1,16%<\/li>\n<li>SMLL hoje: -1,37%<\/li>\n<li>IDIV hoje: -0,66%<\/li>\n<\/ul>\n<h3>Cota\u00e7\u00e3o do Ibovespa nesta quarta (29)<\/h3>\n<p>O\u00a0<strong>Ibovespa<\/strong> fechou o preg\u00e3o da \u00faltima quarta-feira (29) em queda de 0,96% aos 99.621,58 pontos.<\/p>\n<p><em>(Com informa\u00e7\u00f5es do Estad\u00e3o Conte\u00fado)<\/em><\/p>\n\t<p>\n\t\t<a href=\"https:\/\/lp.suno.com.br\/planilha-de-controle-de-investimentos\/\" target=\"_blank\" data-element=\"shortcode-suno-banner\" title=\"Banner SUNO, clique e saiba mais\">\n\t\t\t<picture>\n\t\t\t\t<source media=\"(max-width: 500px)\" srcset=\"https:\/\/files.sunoresearch.com.br\/n\/uploads\/2023\/03\/400x300-Controle-de-Investimentos.png\">\n\t\t\t\t<img class=\"newsContent__article__imgCapa newsContent__article__imgCapa--banner\"\n\t\t\t\t\tsrc=\"https:\/\/files.sunoresearch.com.br\/n\/uploads\/2023\/03\/1420x240-Controle-de-Investimentos.png\"\n\t\t\t\t\tdata-promo-id=\"75934\"\t\t\t\t\t\t\t\t\t\twidth='1420' height='240'\t\t\t\t\talt=\"https:\/\/files.sunoresearch.com.br\/n\/uploads\/2023\/03\/1420x240-Controle-de-Investimentos.png\"\n\t\t\t\t>\n\t\t\t<\/picture>\n\t\t<\/a>\n\t<\/p>\n\n\n","protected":false},"excerpt":{"rendered":"<p>O\u00a0Ibovespa hoje fechou esta quinta-feira (30) em queda de 1,08% aos 98.541,95 pontos, ap\u00f3s oscilar entre 97.758,43 e 99.619,06 pontos. No m\u00eas, o \u00edndice recua 11,50%. Na semana, cede 0,13% e, no primeiro semestre, teve queda de 5,99%. O volume financeiro do dia foi de R$ 27,5 bilh\u00f5es. Ibovespa hoje. Foto: Pixabay Com temores fiscais [&hellip;]<\/p>\n","protected":false},"author":146,"featured_media":264023,"comment_status":"closed","ping_status":"closed","sticky":false,"template":"","format":"standard","meta":[],"categories":[60],"tags":[721],"suno_strategy":[],"class_list":["post-272540","post","type-post","status-publish","format-standard","has-post-thumbnail","hentry","category-mercado","tag-ibovespa"],"yoast_head":"<!-- This site is optimized with the Yoast SEO plugin v24.4 - https:\/\/yoast.com\/wordpress\/plugins\/seo\/ -->\n<title>Ibovespa cai e acumula perdas de 11,50% em junho, pior queda mensal desde mar\u00e7o de 2020<\/title>\n<meta name=\"description\" content=\"Veja como foi o fechamento do Ibovespa hoje, com a movimenta\u00e7\u00e3o e principais not\u00edcias do mercado financeiro.\" \/>\n<meta name=\"robots\" content=\"index, follow, max-snippet:-1, max-image-preview:large, max-video-preview:-1\" \/>\n<link rel=\"canonical\" href=\"https:\/\/www.suno.com.br\/noticias\/ibovespa-hoje-fechamento-30062022\/\" \/>\n<meta property=\"og:locale\" content=\"pt_BR\" \/>\n<meta property=\"og:type\" content=\"article\" \/>\n<meta property=\"og:title\" content=\"Ibovespa cai e acumula perdas de 11,50% em junho, pior queda mensal desde mar\u00e7o de 2020\" \/>\n<meta property=\"og:description\" content=\"Veja como foi o fechamento do Ibovespa hoje, com a movimenta\u00e7\u00e3o e principais not\u00edcias do mercado financeiro.\" \/>\n<meta property=\"og:url\" content=\"https:\/\/www.suno.com.br\/noticias\/ibovespa-hoje-fechamento-30062022\/\" \/>\n<meta property=\"og:site_name\" content=\"Suno Not\u00edcias\" \/>\n<meta property=\"article:publisher\" content=\"https:\/\/facebook.com\/sunoresearch\" \/>\n<meta property=\"og:image\" content=\"https:\/\/files.sunoresearch.com.br\/n\/uploads\/2022\/06\/ibovespa-hoje.jpg\" \/>\n\t<meta property=\"og:image:width\" content=\"1280\" \/>\n\t<meta property=\"og:image:height\" content=\"853\" \/>\n\t<meta property=\"og:image:type\" content=\"image\/jpeg\" \/>\n<meta name=\"author\" content=\"Vict\u00f3ria Anhesini\" \/>\n<meta name=\"twitter:card\" content=\"summary_large_image\" \/>\n<meta name=\"twitter:creator\" content=\"@sunoresearch\" \/>\n<meta name=\"twitter:site\" content=\"@sunoresearch\" \/>\n<meta name=\"twitter:label1\" content=\"Escrito por\" \/>\n\t<meta name=\"twitter:data1\" content=\"Vict\u00f3ria Anhesini\" \/>\n\t<meta name=\"twitter:label2\" content=\"Est. tempo de leitura\" \/>\n\t<meta name=\"twitter:data2\" content=\"10 minutos\" \/>\n<script type=\"application\/ld+json\" class=\"yoast-schema-graph\">{\"@context\":\"https:\/\/schema.org\",\"@graph\":[{\"@type\":\"NewsArticle\",\"@id\":\"https:\/\/www.suno.com.br\/noticias\/ibovespa-hoje-fechamento-30062022\/#article\",\"isPartOf\":{\"@id\":\"https:\/\/www.suno.com.br\/noticias\/ibovespa-hoje-fechamento-30062022\/\"},\"author\":{\"name\":\"Vict\u00f3ria Anhesini\",\"@id\":\"https:\/\/www.suno.com.br\/noticias\/#\/schema\/person\/46d847cb19ad53fde0857adca989c23f\"},\"headline\":\"Ibovespa cai e acumula perdas de 11,50% em junho, pior queda mensal desde mar\u00e7o de 2020\",\"datePublished\":\"2022-06-30T21:16:51+00:00\",\"dateModified\":\"2022-06-30T22:13:30+00:00\",\"mainEntityOfPage\":{\"@id\":\"https:\/\/www.suno.com.br\/noticias\/ibovespa-hoje-fechamento-30062022\/\"},\"wordCount\":1881,\"publisher\":{\"@id\":\"https:\/\/www.suno.com.br\/noticias\/#organization\"},\"image\":{\"@id\":\"https:\/\/www.suno.com.br\/noticias\/ibovespa-hoje-fechamento-30062022\/#primaryimage\"},\"thumbnailUrl\":\"https:\/\/files.sunoresearch.com.br\/n\/uploads\/2022\/06\/ibovespa-hoje.jpg\",\"keywords\":[\"Ibovespa\"],\"articleSection\":[\"Mercado\"],\"inLanguage\":\"pt-BR\"},{\"@type\":\"WebPage\",\"@id\":\"https:\/\/www.suno.com.br\/noticias\/ibovespa-hoje-fechamento-30062022\/\",\"url\":\"https:\/\/www.suno.com.br\/noticias\/ibovespa-hoje-fechamento-30062022\/\",\"name\":\"Ibovespa cai e acumula perdas de 11,50% em junho, pior queda mensal desde mar\u00e7o de 2020\",\"isPartOf\":{\"@id\":\"https:\/\/www.suno.com.br\/noticias\/#website\"},\"primaryImageOfPage\":{\"@id\":\"https:\/\/www.suno.com.br\/noticias\/ibovespa-hoje-fechamento-30062022\/#primaryimage\"},\"image\":{\"@id\":\"https:\/\/www.suno.com.br\/noticias\/ibovespa-hoje-fechamento-30062022\/#primaryimage\"},\"thumbnailUrl\":\"https:\/\/files.sunoresearch.com.br\/n\/uploads\/2022\/06\/ibovespa-hoje.jpg\",\"datePublished\":\"2022-06-30T21:16:51+00:00\",\"dateModified\":\"2022-06-30T22:13:30+00:00\",\"description\":\"Veja como foi o fechamento do Ibovespa hoje, com a movimenta\u00e7\u00e3o e principais not\u00edcias do mercado financeiro.\",\"breadcrumb\":{\"@id\":\"https:\/\/www.suno.com.br\/noticias\/ibovespa-hoje-fechamento-30062022\/#breadcrumb\"},\"inLanguage\":\"pt-BR\",\"potentialAction\":[{\"@type\":\"ReadAction\",\"target\":[\"https:\/\/www.suno.com.br\/noticias\/ibovespa-hoje-fechamento-30062022\/\"]}]},{\"@type\":\"ImageObject\",\"inLanguage\":\"pt-BR\",\"@id\":\"https:\/\/www.suno.com.br\/noticias\/ibovespa-hoje-fechamento-30062022\/#primaryimage\",\"url\":\"https:\/\/files.sunoresearch.com.br\/n\/uploads\/2022\/06\/ibovespa-hoje.jpg\",\"contentUrl\":\"https:\/\/files.sunoresearch.com.br\/n\/uploads\/2022\/06\/ibovespa-hoje.jpg\",\"width\":1280,\"height\":853,\"caption\":\"Ibovespa hoje. Foto: Pixabay\"},{\"@type\":\"BreadcrumbList\",\"@id\":\"https:\/\/www.suno.com.br\/noticias\/ibovespa-hoje-fechamento-30062022\/#breadcrumb\",\"itemListElement\":[{\"@type\":\"ListItem\",\"position\":1,\"name\":\"Not\u00edcias\",\"item\":\"https:\/\/www.suno.com.br\/noticias\/\"},{\"@type\":\"ListItem\",\"position\":2,\"name\":\"Mercado\",\"item\":\"https:\/\/www.suno.com.br\/noticias\/mercado\/\"},{\"@type\":\"ListItem\",\"position\":3,\"name\":\"Ibovespa cai e acumula perdas de 11,50% em junho, pior queda mensal desde mar\u00e7o de 2020\"}]},{\"@type\":\"WebSite\",\"@id\":\"https:\/\/www.suno.com.br\/noticias\/#website\",\"url\":\"https:\/\/www.suno.com.br\/noticias\/\",\"name\":\"Suno Not\u00edcias\",\"description\":\"Seu portal de informa\u00e7\u00e3o sobre o mundo dos investimentos\",\"publisher\":{\"@id\":\"https:\/\/www.suno.com.br\/noticias\/#organization\"},\"potentialAction\":[{\"@type\":\"SearchAction\",\"target\":{\"@type\":\"EntryPoint\",\"urlTemplate\":\"https:\/\/www.suno.com.br\/noticias\/?s={search_term_string}\"},\"query-input\":{\"@type\":\"PropertyValueSpecification\",\"valueRequired\":true,\"valueName\":\"search_term_string\"}}],\"inLanguage\":\"pt-BR\"},{\"@type\":\"Organization\",\"@id\":\"https:\/\/www.suno.com.br\/noticias\/#organization\",\"name\":\"Suno Not\u00edcias\",\"url\":\"https:\/\/www.suno.com.br\/noticias\/\",\"logo\":{\"@type\":\"ImageObject\",\"inLanguage\":\"pt-BR\",\"@id\":\"https:\/\/www.suno.com.br\/noticias\/#\/schema\/logo\/image\/\",\"url\":\"https:\/\/files.sunoresearch.com.br\/n\/uploads\/2021\/09\/suno-logo.png\",\"contentUrl\":\"https:\/\/files.sunoresearch.com.br\/n\/uploads\/2021\/09\/suno-logo.png\",\"width\":180,\"height\":180,\"caption\":\"Suno Not\u00edcias\"},\"image\":{\"@id\":\"https:\/\/www.suno.com.br\/noticias\/#\/schema\/logo\/image\/\"},\"sameAs\":[\"https:\/\/facebook.com\/sunoresearch\",\"https:\/\/x.com\/sunoresearch\",\"https:\/\/www.instagram.com\/suno\",\"https:\/\/www.linkedin.com\/company\/suno-research\/\",\"https:\/\/www.youtube.com\/c\/sunoresearch\"]},{\"@type\":\"Person\",\"@id\":\"https:\/\/www.suno.com.br\/noticias\/#\/schema\/person\/46d847cb19ad53fde0857adca989c23f\",\"name\":\"Vict\u00f3ria Anhesini\",\"image\":{\"@type\":\"ImageObject\",\"inLanguage\":\"pt-BR\",\"@id\":\"https:\/\/www.suno.com.br\/noticias\/#\/schema\/person\/image\/\",\"url\":\"https:\/\/secure.gravatar.com\/avatar\/0172bdfcd9129dd9dd68794804304e6e?s=96&r=g\",\"contentUrl\":\"https:\/\/secure.gravatar.com\/avatar\/0172bdfcd9129dd9dd68794804304e6e?s=96&r=g\",\"caption\":\"Vict\u00f3ria Anhesini\"},\"description\":\"Rep\u00f3rter no Suno Not\u00edcias, cobre mercados, neg\u00f3cios e economia, escrevendo majoritariamente sobre movimentos das empresas, cobertura de balan\u00e7os trimestrais e Bolsa de Valores. Formada em jornalismo pela Universidade Presbiteriana Mackenzie em 2019, passou pelo portal de economia e finan\u00e7as EuQueroInvestir como rep\u00f3rter e anteriormente, trabalhou na assessoria de imprensa PinePR, onde liderou com startups de inova\u00e7\u00e3o, tecnologia e finan\u00e7as. Em seu tempo livre, fala sobre m\u00fasica para ambos os sites do selo ForMusic, Wikimetal e Mad Sound, e faz trabalho volunt\u00e1rio no programa Escreve Cartas do Poupatempo.\",\"sameAs\":[\"https:\/\/www.linkedin.com\/in\/victoria-anhesini\/\"],\"url\":\"https:\/\/www.suno.com.br\/noticias\/author\/victoria\/\"}]}<\/script>\n<!-- \/ Yoast SEO plugin. -->","yoast_head_json":{"title":"Ibovespa cai e acumula perdas de 11,50% em junho, pior queda mensal desde mar\u00e7o de 2020","description":"Veja como foi o fechamento do Ibovespa hoje, com a movimenta\u00e7\u00e3o e principais not\u00edcias do mercado financeiro.","robots":{"index":"index","follow":"follow","max-snippet":"max-snippet:-1","max-image-preview":"max-image-preview:large","max-video-preview":"max-video-preview:-1"},"canonical":"https:\/\/www.suno.com.br\/noticias\/ibovespa-hoje-fechamento-30062022\/","og_locale":"pt_BR","og_type":"article","og_title":"Ibovespa cai e acumula perdas de 11,50% em junho, pior queda mensal desde mar\u00e7o de 2020","og_description":"Veja como foi o fechamento do Ibovespa hoje, com a movimenta\u00e7\u00e3o e principais not\u00edcias do mercado financeiro.","og_url":"https:\/\/www.suno.com.br\/noticias\/ibovespa-hoje-fechamento-30062022\/","og_site_name":"Suno Not\u00edcias","article_publisher":"https:\/\/facebook.com\/sunoresearch","og_image":[{"width":1280,"height":853,"url":"https:\/\/files.sunoresearch.com.br\/n\/uploads\/2022\/06\/ibovespa-hoje.jpg","type":"image\/jpeg"}],"author":"Vict\u00f3ria Anhesini","twitter_card":"summary_large_image","twitter_creator":"@sunoresearch","twitter_site":"@sunoresearch","twitter_misc":{"Escrito por":"Vict\u00f3ria Anhesini","Est. tempo de leitura":"10 minutos"},"schema":{"@context":"https:\/\/schema.org","@graph":[{"@type":"NewsArticle","@id":"https:\/\/www.suno.com.br\/noticias\/ibovespa-hoje-fechamento-30062022\/#article","isPartOf":{"@id":"https:\/\/www.suno.com.br\/noticias\/ibovespa-hoje-fechamento-30062022\/"},"author":{"name":"Vict\u00f3ria Anhesini","@id":"https:\/\/www.suno.com.br\/noticias\/#\/schema\/person\/46d847cb19ad53fde0857adca989c23f"},"headline":"Ibovespa cai e acumula perdas de 11,50% em junho, pior queda mensal desde mar\u00e7o de 2020","datePublished":"2022-06-30T21:16:51+00:00","dateModified":"2022-06-30T22:13:30+00:00","mainEntityOfPage":{"@id":"https:\/\/www.suno.com.br\/noticias\/ibovespa-hoje-fechamento-30062022\/"},"wordCount":1881,"publisher":{"@id":"https:\/\/www.suno.com.br\/noticias\/#organization"},"image":{"@id":"https:\/\/www.suno.com.br\/noticias\/ibovespa-hoje-fechamento-30062022\/#primaryimage"},"thumbnailUrl":"https:\/\/files.sunoresearch.com.br\/n\/uploads\/2022\/06\/ibovespa-hoje.jpg","keywords":["Ibovespa"],"articleSection":["Mercado"],"inLanguage":"pt-BR"},{"@type":"WebPage","@id":"https:\/\/www.suno.com.br\/noticias\/ibovespa-hoje-fechamento-30062022\/","url":"https:\/\/www.suno.com.br\/noticias\/ibovespa-hoje-fechamento-30062022\/","name":"Ibovespa cai e acumula perdas de 11,50% em junho, pior queda mensal desde mar\u00e7o de 2020","isPartOf":{"@id":"https:\/\/www.suno.com.br\/noticias\/#website"},"primaryImageOfPage":{"@id":"https:\/\/www.suno.com.br\/noticias\/ibovespa-hoje-fechamento-30062022\/#primaryimage"},"image":{"@id":"https:\/\/www.suno.com.br\/noticias\/ibovespa-hoje-fechamento-30062022\/#primaryimage"},"thumbnailUrl":"https:\/\/files.sunoresearch.com.br\/n\/uploads\/2022\/06\/ibovespa-hoje.jpg","datePublished":"2022-06-30T21:16:51+00:00","dateModified":"2022-06-30T22:13:30+00:00","description":"Veja como foi o fechamento do Ibovespa hoje, com a movimenta\u00e7\u00e3o e principais not\u00edcias do mercado financeiro.","breadcrumb":{"@id":"https:\/\/www.suno.com.br\/noticias\/ibovespa-hoje-fechamento-30062022\/#breadcrumb"},"inLanguage":"pt-BR","potentialAction":[{"@type":"ReadAction","target":["https:\/\/www.suno.com.br\/noticias\/ibovespa-hoje-fechamento-30062022\/"]}]},{"@type":"ImageObject","inLanguage":"pt-BR","@id":"https:\/\/www.suno.com.br\/noticias\/ibovespa-hoje-fechamento-30062022\/#primaryimage","url":"https:\/\/files.sunoresearch.com.br\/n\/uploads\/2022\/06\/ibovespa-hoje.jpg","contentUrl":"https:\/\/files.sunoresearch.com.br\/n\/uploads\/2022\/06\/ibovespa-hoje.jpg","width":1280,"height":853,"caption":"Ibovespa hoje. Foto: Pixabay"},{"@type":"BreadcrumbList","@id":"https:\/\/www.suno.com.br\/noticias\/ibovespa-hoje-fechamento-30062022\/#breadcrumb","itemListElement":[{"@type":"ListItem","position":1,"name":"Not\u00edcias","item":"https:\/\/www.suno.com.br\/noticias\/"},{"@type":"ListItem","position":2,"name":"Mercado","item":"https:\/\/www.suno.com.br\/noticias\/mercado\/"},{"@type":"ListItem","position":3,"name":"Ibovespa cai e acumula perdas de 11,50% em junho, pior queda mensal desde mar\u00e7o de 2020"}]},{"@type":"WebSite","@id":"https:\/\/www.suno.com.br\/noticias\/#website","url":"https:\/\/www.suno.com.br\/noticias\/","name":"Suno Not\u00edcias","description":"Seu portal de informa\u00e7\u00e3o sobre o mundo dos investimentos","publisher":{"@id":"https:\/\/www.suno.com.br\/noticias\/#organization"},"potentialAction":[{"@type":"SearchAction","target":{"@type":"EntryPoint","urlTemplate":"https:\/\/www.suno.com.br\/noticias\/?s={search_term_string}"},"query-input":{"@type":"PropertyValueSpecification","valueRequired":true,"valueName":"search_term_string"}}],"inLanguage":"pt-BR"},{"@type":"Organization","@id":"https:\/\/www.suno.com.br\/noticias\/#organization","name":"Suno Not\u00edcias","url":"https:\/\/www.suno.com.br\/noticias\/","logo":{"@type":"ImageObject","inLanguage":"pt-BR","@id":"https:\/\/www.suno.com.br\/noticias\/#\/schema\/logo\/image\/","url":"https:\/\/files.sunoresearch.com.br\/n\/uploads\/2021\/09\/suno-logo.png","contentUrl":"https:\/\/files.sunoresearch.com.br\/n\/uploads\/2021\/09\/suno-logo.png","width":180,"height":180,"caption":"Suno Not\u00edcias"},"image":{"@id":"https:\/\/www.suno.com.br\/noticias\/#\/schema\/logo\/image\/"},"sameAs":["https:\/\/facebook.com\/sunoresearch","https:\/\/x.com\/sunoresearch","https:\/\/www.instagram.com\/suno","https:\/\/www.linkedin.com\/company\/suno-research\/","https:\/\/www.youtube.com\/c\/sunoresearch"]},{"@type":"Person","@id":"https:\/\/www.suno.com.br\/noticias\/#\/schema\/person\/46d847cb19ad53fde0857adca989c23f","name":"Vict\u00f3ria Anhesini","image":{"@type":"ImageObject","inLanguage":"pt-BR","@id":"https:\/\/www.suno.com.br\/noticias\/#\/schema\/person\/image\/","url":"https:\/\/secure.gravatar.com\/avatar\/0172bdfcd9129dd9dd68794804304e6e?s=96&r=g","contentUrl":"https:\/\/secure.gravatar.com\/avatar\/0172bdfcd9129dd9dd68794804304e6e?s=96&r=g","caption":"Vict\u00f3ria Anhesini"},"description":"Rep\u00f3rter no Suno Not\u00edcias, cobre mercados, neg\u00f3cios e economia, escrevendo majoritariamente sobre movimentos das empresas, cobertura de balan\u00e7os trimestrais e Bolsa de Valores. Formada em jornalismo pela Universidade Presbiteriana Mackenzie em 2019, passou pelo portal de economia e finan\u00e7as EuQueroInvestir como rep\u00f3rter e anteriormente, trabalhou na assessoria de imprensa PinePR, onde liderou com startups de inova\u00e7\u00e3o, tecnologia e finan\u00e7as. Em seu tempo livre, fala sobre m\u00fasica para ambos os sites do selo ForMusic, Wikimetal e Mad Sound, e faz trabalho volunt\u00e1rio no programa Escreve Cartas do Poupatempo.","sameAs":["https:\/\/www.linkedin.com\/in\/victoria-anhesini\/"],"url":"https:\/\/www.suno.com.br\/noticias\/author\/victoria\/"}]}},"default_loop_html":"<div class=\"cardsPage__listCard__boxs\"><div class=\"cardsPage__listCard__boxs__img\"><a href=\"https:\/\/www.suno.com.br\/noticias\/ibovespa-hoje-fechamento-30062022\/\"><img class=\"mask\" src=\"https:\/\/www.suno.com.br\/noticias\/wp-content\/themes\/suno\/resources\/images\/spotlight\/spotlight1img\/bg-mask.png\" alt=\"Image Mask\"\/><img src=\"https:\/\/files.sunoresearch.com.br\/n\/uploads\/2022\/06\/ibovespa-hoje-400x200.jpg\" alt=\"Ibovespa cai e acumula perdas de 11,50% em junho, pior queda mensal desde mar\u00e7o de 2020\"\/><\/a><span class=\"spotlightCategory\"><a href=\"https:\/\/www.suno.com.br\/noticias\/mercado\/\">Mercado<\/a><\/span><\/div><div class=\"cardsPage__listCard__boxs__content\"><a href=\"https:\/\/www.suno.com.br\/noticias\/ibovespa-hoje-fechamento-30062022\/\"><h2 class=\"content__title\">Ibovespa cai e acumula perdas de 11,50% em junho, pior queda mensal desde mar\u00e7o de 2020<\/h2><\/a><div class=\"newsContent__article__meta\"><div class=\"newsContent__article__meta__authorBox\"><a href=\"https:\/\/www.suno.com.br\/noticias\/author\/victoria\/\" class=\"authorBox__avatar noMobi\"><img src=\"https:\/\/files.sunoresearch.com.br\/n\/uploads\/2021\/12\/20190129VickyPINEAPPLE01-1-150x150.jpg\" alt=\"Vict\u00f3ria Anhesini\"><\/a><div class=\"authorBox__name\"><span>por\n\t\t\t<a href=\"https:\/\/www.suno.com.br\/noticias\/author\/victoria\/\"><span itemprop=\"author\">Vict\u00f3ria Anhesini<\/span><\/a><\/span><time datetime=\"2022-06-30T18:16:51-03:00\" itemprop=\"datePublished\">30\/06\/2022 18:16<\/time><\/div><\/div><\/div><\/div><\/div>","single_layout":"posts","amp_enabled":true,"_links":{"self":[{"href":"https:\/\/www.suno.com.br\/noticias\/wp-json\/wp\/v2\/posts\/272540"}],"collection":[{"href":"https:\/\/www.suno.com.br\/noticias\/wp-json\/wp\/v2\/posts"}],"about":[{"href":"https:\/\/www.suno.com.br\/noticias\/wp-json\/wp\/v2\/types\/post"}],"author":[{"embeddable":true,"href":"https:\/\/www.suno.com.br\/noticias\/wp-json\/wp\/v2\/users\/146"}],"replies":[{"embeddable":true,"href":"https:\/\/www.suno.com.br\/noticias\/wp-json\/wp\/v2\/comments?post=272540"}],"version-history":[{"count":3,"href":"https:\/\/www.suno.com.br\/noticias\/wp-json\/wp\/v2\/posts\/272540\/revisions"}],"predecessor-version":[{"id":272597,"href":"https:\/\/www.suno.com.br\/noticias\/wp-json\/wp\/v2\/posts\/272540\/revisions\/272597"}],"wp:featuredmedia":[{"embeddable":true,"href":"https:\/\/www.suno.com.br\/noticias\/wp-json\/wp\/v2\/media\/264023"}],"wp:attachment":[{"href":"https:\/\/www.suno.com.br\/noticias\/wp-json\/wp\/v2\/media?parent=272540"}],"wp:term":[{"taxonomy":"category","embeddable":true,"href":"https:\/\/www.suno.com.br\/noticias\/wp-json\/wp\/v2\/categories?post=272540"},{"taxonomy":"post_tag","embeddable":true,"href":"https:\/\/www.suno.com.br\/noticias\/wp-json\/wp\/v2\/tags?post=272540"},{"taxonomy":"suno_strategy","embeddable":true,"href":"https:\/\/www.suno.com.br\/noticias\/wp-json\/wp\/v2\/suno_strategy?post=272540"}],"curies":[{"name":"wp","href":"https:\/\/api.w.org\/{rel}","templated":true}]}}