{"id":272371,"date":"2022-06-30T11:13:11","date_gmt":"2022-06-30T14:13:11","guid":{"rendered":"https:\/\/www.suno.com.br\/noticias\/?p=272371"},"modified":"2022-06-30T13:20:51","modified_gmt":"2022-06-30T16:20:51","slug":"fleury-flry3-hermes-pardini-pard3-fusao-acoes","status":"publish","type":"post","link":"https:\/\/www.suno.com.br\/noticias\/fleury-flry3-hermes-pardini-pard3-fusao-acoes\/","title":{"rendered":"Fleury (FLRY3) e Hermes Pardini (PARD3) anunciam fus\u00e3o e a\u00e7\u00f5es disparam"},"content":{"rendered":"<p>A <a class=\"suno-keyword\" href=\"https:\/\/www.suno.com.br\/acoes\/FLRY3\/\" target=\"_blank\" rel=\"noopener\" data-force=\"yes\" data-priority=\"2\"><strong>Fleury<\/strong> (FLRY3)<\/a> e a <a class=\"suno-keyword\" href=\"https:\/\/www.suno.com.br\/acoes\/PARD3\/\" target=\"_blank\" rel=\"noopener\" data-force=\"yes\" data-priority=\"2\">Hermes Pardini (PARD3)<\/a> anunciaram ao mercado e aos seus acionistas que foi acertado uma reorganiza\u00e7\u00e3o societ\u00e1ria, atrav\u00e9s da combina\u00e7\u00e3o dos neg\u00f3cios e das bases acion\u00e1rias das empresas.<\/p>\t<div class=\"wrapper-featured-image\">\n\t\t<figure class=\"spotlightImg\">\n\n\t\t\t<picture>\n\t\t\t\t<source media=\"(max-width: 768px)\" srcset=\"https:\/\/files.sunoresearch.com.br\/n\/uploads\/2022\/03\/Fleury-400x200.jpg\">\n\t\t\t\t<img loading=\"lazy\" decoding=\"async\" class=\"newsContent__article__imgCapa lazyloadDisabled \" src=\"https:\/\/files.sunoresearch.com.br\/n\/uploads\/2022\/03\/Fleury-800x450.jpg\" width=\"800\" height=\"450\" alt=\"Fleury (FLRY3) e Hermes Pardini (PARD3) anunciam fus\u00e3o e a\u00e7\u00f5es disparam\" fetchpriority=high \/>\n\t\t\t<\/picture>\n\n\t\t\t<figcaption class=\"wp-caption-text wp-caption-text--show\">Fleury (FLRY3) Cr\u00e9ditos: Fleury\/Divulga\u00e7\u00e3o<\/figcaption>\n\t\t<\/figure>\n\t<\/div>\n\n\n\t<p>\n\t\t<a href=\"https:\/\/lp.suno.com.br\/planilha-controle-gastos\/\" target=\"_blank\" data-element=\"shortcode-suno-banner\" title=\"Banner SUNO, clique e saiba mais\">\n\t\t\t<picture>\n\t\t\t\t<source media=\"(max-width: 500px)\" srcset=\"https:\/\/files.sunoresearch.com.br\/n\/uploads\/2023\/03\/400x300-Planilha-controle-de-gastos.png\">\n\t\t\t\t<img class=\"newsContent__article__imgCapa newsContent__article__imgCapa--banner\"\n\t\t\t\t\tsrc=\"https:\/\/files.sunoresearch.com.br\/n\/uploads\/2023\/03\/1420x240-Planilha-controle-de-gastos.png\"\n\t\t\t\t\tdata-promo-id=\"101751\"\t\t\t\t\t\t\t\t\t\twidth='1420' height='240'\t\t\t\t\talt=\"https:\/\/files.sunoresearch.com.br\/n\/uploads\/2023\/03\/1420x240-Planilha-controle-de-gastos.png\"\n\t\t\t\t>\n\t\t\t<\/picture>\n\t\t<\/a>\n\t<\/p>\n\n\n<p>A <strong>fus\u00e3o entre Fleury e Hermes Pardini<\/strong> criar\u00e1 um grupo que representaria 16% do mercado. Com a combian\u00e7\u00e3o de neg\u00f3cios entre as companhias, o acionista do Pardini vai receber 1,21 a\u00e7\u00e3o ordin\u00e1ria da Fleury mais cerca de R$ 2,15 por cota que possui.<\/p>\n<p>O incremento de Ebtida anual estimado com a combina\u00e7\u00e3o de neg\u00f3cios e a\u00a0<strong>fus\u00e3o de<\/strong>\u00a0<strong>Fleury e de Hermes Pardini<\/strong>\u00a0\u00e9 de R$160 milh\u00f5es a R$190 milh\u00f5es.<\/p>\n<p>O documento aponta que essa fus\u00e3o das companhias \u201crepresenta uma excelente oportunidade de cria\u00e7\u00e3o de valor, que poder\u00e1 resultar em significativos ganhos aos seus acionistas. Esses ganhos poderiam vir atrav\u00e9s de aumento da competitividade de ambas empresas no setor de sa\u00fade e medicina diagn\u00f3stica, obtendo assim uma <a class=\"suno-keyword\" href=\"https:\/\/www.suno.com.br\/artigos\/indicadores-estrutura-capital\/\" target=\"_blank\" rel=\"noopener\" data-force=\"no\" data-priority=\"1\">estrutura de capital<\/a> robusta. Al\u00e9m disso, elas esperam maior &#8216;crescimento org\u00e2nico e inorg\u00e2nico&#8217;.&#8221;<\/p>\n<p>A marca \u201c<strong>Hermes Pardini<\/strong>\u201d ser\u00e1 mantida por pelo menos 10 anos, contados da efetiva consuma\u00e7\u00e3o da combina\u00e7\u00e3o de neg\u00f3cios, em todas as unidades em que ela \u00e9 atualmente utilizada, segundo as empresas.<\/p>\n<p>O acordo tamb\u00e9m prev\u00ea a expans\u00e3o da marca em novas unidades que venham a ser criadas por meio do seu crescimento.<\/p>\n<p>A fus\u00e3o entre Hermes Pardini e a Fleury era comentada no mercado financeiro desde 2019, quando o Bradesco BBI citava a possibilidade de combina\u00e7\u00e3o de neg\u00f3cios e falava em sinergias de R$ 1,4 bilh\u00e3o, na \u00e9poca.<\/p>\n\t<p>\n\t\t<a href=\"\" target=\"_blank\" data-element=\"shortcode-suno-banner\" title=\"Banner SUNO, clique e saiba mais\">\n\t\t\t<picture>\n\t\t\t\t<source media=\"(max-width: 500px)\" srcset=\"\">\n\t\t\t\t<img class=\"newsContent__article__imgCapa newsContent__article__imgCapa--banner\"\n\t\t\t\t\tsrc=\"\"\n\t\t\t\t\tdata-promo-id=\"138420\"\t\t\t\t\t\t\t\t\t\t\t\t\t\t\talt=\"\"\n\t\t\t\t>\n\t\t\t<\/picture>\n\t\t<\/a>\n\t<\/p>\n\n\n<h2>A\u00e7\u00f5es de Hermes Pardini e Fleury disparam<\/h2>\n<p>Por volta das 13h10, a a\u00e7\u00e3o da Hermes Pardini dispara mais de 22%, negociada a R$ 20,57. Por sua vez, os pap\u00e9is da <strong>Fleury<\/strong> sobem 15,88%, cotados a R$ 16,24. Enquanto o Ibovespa tem queda de 0,77%, aos 98,5 mil pontos.<\/p>\n\t<p>\n\t\t<a href=\"https:\/\/lp.suno.com.br\/planilha-de-controle-de-investimentos\/\" target=\"_blank\" data-element=\"shortcode-suno-banner\" title=\"Banner SUNO, clique e saiba mais\">\n\t\t\t<picture>\n\t\t\t\t<source media=\"(max-width: 500px)\" srcset=\"https:\/\/files.sunoresearch.com.br\/n\/uploads\/2023\/03\/400x300-Controle-de-Investimentos.png\">\n\t\t\t\t<img class=\"newsContent__article__imgCapa newsContent__article__imgCapa--banner\"\n\t\t\t\t\tsrc=\"https:\/\/files.sunoresearch.com.br\/n\/uploads\/2023\/03\/1420x240-Controle-de-Investimentos.png\"\n\t\t\t\t\tdata-promo-id=\"75934\"\t\t\t\t\t\t\t\t\t\twidth='1420' height='240'\t\t\t\t\talt=\"https:\/\/files.sunoresearch.com.br\/n\/uploads\/2023\/03\/1420x240-Controle-de-Investimentos.png\"\n\t\t\t\t>\n\t\t\t<\/picture>\n\t\t<\/a>\n\t<\/p>\n\n\n","protected":false},"excerpt":{"rendered":"<p>A Fleury (FLRY3) e a Hermes Pardini (PARD3) anunciaram ao mercado e aos seus acionistas que foi acertado uma reorganiza\u00e7\u00e3o societ\u00e1ria, atrav\u00e9s da combina\u00e7\u00e3o dos neg\u00f3cios e das bases acion\u00e1rias das empresas. Fleury (FLRY3) Cr\u00e9ditos: Fleury\/Divulga\u00e7\u00e3o A fus\u00e3o entre Fleury e Hermes Pardini criar\u00e1 um grupo que representaria 16% do mercado. Com a combian\u00e7\u00e3o de [&hellip;]<\/p>\n","protected":false},"author":15,"featured_media":242802,"comment_status":"closed","ping_status":"closed","sticky":false,"template":"","format":"standard","meta":[],"categories":[64],"tags":[479,506],"suno_strategy":[],"class_list":["post-272371","post","type-post","status-publish","format-standard","has-post-thumbnail","hentry","category-negocios","tag-fleury-flry3","tag-hermes-pardini-pard3"],"yoast_head":"<!-- This site is optimized with the Yoast SEO plugin v24.4 - https:\/\/yoast.com\/wordpress\/plugins\/seo\/ -->\n<title>Fleury (FLRY3) e Hermes Pardini (PARD3) acertam fus\u00e3o; A\u00e7\u00f5es disparam<\/title>\n<meta name=\"description\" content=\"A Fleury (FLRY3) e Hermes Pardini (PARD3) anunciaram que foi acertado uma reorganiza\u00e7\u00e3o societ\u00e1ria, atrav\u00e9s da combina\u00e7\u00e3o dos neg\u00f3cios. Veja\" \/>\n<meta name=\"robots\" content=\"index, follow, max-snippet:-1, max-image-preview:large, max-video-preview:-1\" \/>\n<link rel=\"canonical\" href=\"https:\/\/www.suno.com.br\/noticias\/fleury-flry3-hermes-pardini-pard3-fusao-acoes\/\" \/>\n<meta property=\"og:locale\" content=\"pt_BR\" \/>\n<meta property=\"og:type\" content=\"article\" \/>\n<meta property=\"og:title\" content=\"Fleury (FLRY3) e Hermes Pardini (PARD3) acertam fus\u00e3o; A\u00e7\u00f5es disparam\" \/>\n<meta property=\"og:description\" content=\"A Fleury (FLRY3) e Hermes Pardini (PARD3) anunciaram que foi acertado uma reorganiza\u00e7\u00e3o societ\u00e1ria, atrav\u00e9s da combina\u00e7\u00e3o dos neg\u00f3cios. Veja\" \/>\n<meta property=\"og:url\" content=\"https:\/\/www.suno.com.br\/noticias\/fleury-flry3-hermes-pardini-pard3-fusao-acoes\/\" \/>\n<meta property=\"og:site_name\" content=\"Suno Not\u00edcias\" \/>\n<meta property=\"article:publisher\" content=\"https:\/\/facebook.com\/sunoresearch\" \/>\n<meta property=\"og:image\" content=\"https:\/\/files.sunoresearch.com.br\/n\/uploads\/2022\/03\/Fleury.jpg\" \/>\n\t<meta property=\"og:image:width\" content=\"1280\" \/>\n\t<meta property=\"og:image:height\" content=\"700\" \/>\n\t<meta property=\"og:image:type\" content=\"image\/jpeg\" \/>\n<meta name=\"author\" content=\"Poliana Santos\" \/>\n<meta name=\"twitter:card\" content=\"summary_large_image\" \/>\n<meta name=\"twitter:creator\" content=\"@sunoresearch\" \/>\n<meta name=\"twitter:site\" content=\"@sunoresearch\" \/>\n<meta name=\"twitter:label1\" content=\"Escrito por\" \/>\n\t<meta name=\"twitter:data1\" content=\"Poliana Santos\" \/>\n\t<meta name=\"twitter:label2\" content=\"Est. tempo de leitura\" \/>\n\t<meta name=\"twitter:data2\" content=\"2 minutos\" \/>\n<script type=\"application\/ld+json\" class=\"yoast-schema-graph\">{\"@context\":\"https:\/\/schema.org\",\"@graph\":[{\"@type\":\"NewsArticle\",\"@id\":\"https:\/\/www.suno.com.br\/noticias\/fleury-flry3-hermes-pardini-pard3-fusao-acoes\/#article\",\"isPartOf\":{\"@id\":\"https:\/\/www.suno.com.br\/noticias\/fleury-flry3-hermes-pardini-pard3-fusao-acoes\/\"},\"author\":{\"name\":\"Poliana Santos\",\"@id\":\"https:\/\/www.suno.com.br\/noticias\/#\/schema\/person\/02ec1f752758247878a2bf4abee1aeda\"},\"headline\":\"Fleury (FLRY3) e Hermes Pardini (PARD3) anunciam fus\u00e3o e a\u00e7\u00f5es disparam\",\"datePublished\":\"2022-06-30T14:13:11+00:00\",\"dateModified\":\"2022-06-30T16:20:51+00:00\",\"mainEntityOfPage\":{\"@id\":\"https:\/\/www.suno.com.br\/noticias\/fleury-flry3-hermes-pardini-pard3-fusao-acoes\/\"},\"wordCount\":343,\"publisher\":{\"@id\":\"https:\/\/www.suno.com.br\/noticias\/#organization\"},\"image\":{\"@id\":\"https:\/\/www.suno.com.br\/noticias\/fleury-flry3-hermes-pardini-pard3-fusao-acoes\/#primaryimage\"},\"thumbnailUrl\":\"https:\/\/files.sunoresearch.com.br\/n\/uploads\/2022\/03\/Fleury.jpg\",\"keywords\":[\"Fleury (FLRY3)\",\"Hermes Pardini (PARD3)\"],\"articleSection\":[\"Neg\u00f3cios\"],\"inLanguage\":\"pt-BR\"},{\"@type\":\"WebPage\",\"@id\":\"https:\/\/www.suno.com.br\/noticias\/fleury-flry3-hermes-pardini-pard3-fusao-acoes\/\",\"url\":\"https:\/\/www.suno.com.br\/noticias\/fleury-flry3-hermes-pardini-pard3-fusao-acoes\/\",\"name\":\"Fleury (FLRY3) e Hermes Pardini (PARD3) acertam fus\u00e3o; A\u00e7\u00f5es disparam\",\"isPartOf\":{\"@id\":\"https:\/\/www.suno.com.br\/noticias\/#website\"},\"primaryImageOfPage\":{\"@id\":\"https:\/\/www.suno.com.br\/noticias\/fleury-flry3-hermes-pardini-pard3-fusao-acoes\/#primaryimage\"},\"image\":{\"@id\":\"https:\/\/www.suno.com.br\/noticias\/fleury-flry3-hermes-pardini-pard3-fusao-acoes\/#primaryimage\"},\"thumbnailUrl\":\"https:\/\/files.sunoresearch.com.br\/n\/uploads\/2022\/03\/Fleury.jpg\",\"datePublished\":\"2022-06-30T14:13:11+00:00\",\"dateModified\":\"2022-06-30T16:20:51+00:00\",\"description\":\"A Fleury (FLRY3) e Hermes Pardini (PARD3) anunciaram que foi acertado uma reorganiza\u00e7\u00e3o societ\u00e1ria, atrav\u00e9s da combina\u00e7\u00e3o dos neg\u00f3cios. Veja\",\"breadcrumb\":{\"@id\":\"https:\/\/www.suno.com.br\/noticias\/fleury-flry3-hermes-pardini-pard3-fusao-acoes\/#breadcrumb\"},\"inLanguage\":\"pt-BR\",\"potentialAction\":[{\"@type\":\"ReadAction\",\"target\":[\"https:\/\/www.suno.com.br\/noticias\/fleury-flry3-hermes-pardini-pard3-fusao-acoes\/\"]}]},{\"@type\":\"ImageObject\",\"inLanguage\":\"pt-BR\",\"@id\":\"https:\/\/www.suno.com.br\/noticias\/fleury-flry3-hermes-pardini-pard3-fusao-acoes\/#primaryimage\",\"url\":\"https:\/\/files.sunoresearch.com.br\/n\/uploads\/2022\/03\/Fleury.jpg\",\"contentUrl\":\"https:\/\/files.sunoresearch.com.br\/n\/uploads\/2022\/03\/Fleury.jpg\",\"width\":1280,\"height\":700,\"caption\":\"Fleury (FLRY3) Cr\u00e9ditos: Fleury\/Divulga\u00e7\u00e3o\"},{\"@type\":\"BreadcrumbList\",\"@id\":\"https:\/\/www.suno.com.br\/noticias\/fleury-flry3-hermes-pardini-pard3-fusao-acoes\/#breadcrumb\",\"itemListElement\":[{\"@type\":\"ListItem\",\"position\":1,\"name\":\"Not\u00edcias\",\"item\":\"https:\/\/www.suno.com.br\/noticias\/\"},{\"@type\":\"ListItem\",\"position\":2,\"name\":\"Neg\u00f3cios\",\"item\":\"https:\/\/www.suno.com.br\/noticias\/negocios\/\"},{\"@type\":\"ListItem\",\"position\":3,\"name\":\"Fleury (FLRY3) e Hermes Pardini (PARD3) anunciam fus\u00e3o e a\u00e7\u00f5es disparam\"}]},{\"@type\":\"WebSite\",\"@id\":\"https:\/\/www.suno.com.br\/noticias\/#website\",\"url\":\"https:\/\/www.suno.com.br\/noticias\/\",\"name\":\"Suno Not\u00edcias\",\"description\":\"Seu portal de informa\u00e7\u00e3o sobre o mundo dos investimentos\",\"publisher\":{\"@id\":\"https:\/\/www.suno.com.br\/noticias\/#organization\"},\"potentialAction\":[{\"@type\":\"SearchAction\",\"target\":{\"@type\":\"EntryPoint\",\"urlTemplate\":\"https:\/\/www.suno.com.br\/noticias\/?s={search_term_string}\"},\"query-input\":{\"@type\":\"PropertyValueSpecification\",\"valueRequired\":true,\"valueName\":\"search_term_string\"}}],\"inLanguage\":\"pt-BR\"},{\"@type\":\"Organization\",\"@id\":\"https:\/\/www.suno.com.br\/noticias\/#organization\",\"name\":\"Suno Not\u00edcias\",\"url\":\"https:\/\/www.suno.com.br\/noticias\/\",\"logo\":{\"@type\":\"ImageObject\",\"inLanguage\":\"pt-BR\",\"@id\":\"https:\/\/www.suno.com.br\/noticias\/#\/schema\/logo\/image\/\",\"url\":\"https:\/\/files.sunoresearch.com.br\/n\/uploads\/2021\/09\/suno-logo.png\",\"contentUrl\":\"https:\/\/files.sunoresearch.com.br\/n\/uploads\/2021\/09\/suno-logo.png\",\"width\":180,\"height\":180,\"caption\":\"Suno Not\u00edcias\"},\"image\":{\"@id\":\"https:\/\/www.suno.com.br\/noticias\/#\/schema\/logo\/image\/\"},\"sameAs\":[\"https:\/\/facebook.com\/sunoresearch\",\"https:\/\/x.com\/sunoresearch\",\"https:\/\/www.instagram.com\/suno\",\"https:\/\/www.linkedin.com\/company\/suno-research\/\",\"https:\/\/www.youtube.com\/c\/sunoresearch\"]},{\"@type\":\"Person\",\"@id\":\"https:\/\/www.suno.com.br\/noticias\/#\/schema\/person\/02ec1f752758247878a2bf4abee1aeda\",\"name\":\"Poliana Santos\",\"image\":{\"@type\":\"ImageObject\",\"inLanguage\":\"pt-BR\",\"@id\":\"https:\/\/www.suno.com.br\/noticias\/#\/schema\/person\/image\/\",\"url\":\"https:\/\/secure.gravatar.com\/avatar\/0645bd32f23d87b2130f2b2dff1d3f8d?s=96&r=g\",\"contentUrl\":\"https:\/\/secure.gravatar.com\/avatar\/0645bd32f23d87b2130f2b2dff1d3f8d?s=96&r=g\",\"caption\":\"Poliana Santos\"},\"description\":\"Rep\u00f3rter no Suno Not\u00edcias, com cobertura em mercado financeiro, economia, finan\u00e7as pessoais, renda fixa e varejo. Jornalista formada pela Faculdade C\u00e1sper L\u00edbero e possui passagem na R\u00e1dio Gazeta AM com a produ\u00e7\u00e3o de conte\u00fado sobre economia, pol\u00edtica, sa\u00fade, moda e m\u00fasica. Possui certificado de conclus\u00e3o do curso de An\u00e1lise de Balan\u00e7os pela Funda\u00e7\u00e3o Bradesco, Agenda Brasil pela FAAP, Educa\u00e7\u00e3o Pol\u00edtica por Alexandre Garcia e do Tesouro Direto e Mercado de A\u00e7\u00f5es pela B3.\",\"url\":\"https:\/\/www.suno.com.br\/noticias\/author\/poliana-santos\/\"}]}<\/script>\n<!-- \/ Yoast SEO plugin. -->","yoast_head_json":{"title":"Fleury (FLRY3) e Hermes Pardini (PARD3) acertam fus\u00e3o; A\u00e7\u00f5es disparam","description":"A Fleury (FLRY3) e Hermes Pardini (PARD3) anunciaram que foi acertado uma reorganiza\u00e7\u00e3o societ\u00e1ria, atrav\u00e9s da combina\u00e7\u00e3o dos neg\u00f3cios. Veja","robots":{"index":"index","follow":"follow","max-snippet":"max-snippet:-1","max-image-preview":"max-image-preview:large","max-video-preview":"max-video-preview:-1"},"canonical":"https:\/\/www.suno.com.br\/noticias\/fleury-flry3-hermes-pardini-pard3-fusao-acoes\/","og_locale":"pt_BR","og_type":"article","og_title":"Fleury (FLRY3) e Hermes Pardini (PARD3) acertam fus\u00e3o; A\u00e7\u00f5es disparam","og_description":"A Fleury (FLRY3) e Hermes Pardini (PARD3) anunciaram que foi acertado uma reorganiza\u00e7\u00e3o societ\u00e1ria, atrav\u00e9s da combina\u00e7\u00e3o dos neg\u00f3cios. Veja","og_url":"https:\/\/www.suno.com.br\/noticias\/fleury-flry3-hermes-pardini-pard3-fusao-acoes\/","og_site_name":"Suno Not\u00edcias","article_publisher":"https:\/\/facebook.com\/sunoresearch","og_image":[{"width":1280,"height":700,"url":"https:\/\/files.sunoresearch.com.br\/n\/uploads\/2022\/03\/Fleury.jpg","type":"image\/jpeg"}],"author":"Poliana Santos","twitter_card":"summary_large_image","twitter_creator":"@sunoresearch","twitter_site":"@sunoresearch","twitter_misc":{"Escrito por":"Poliana Santos","Est. tempo de leitura":"2 minutos"},"schema":{"@context":"https:\/\/schema.org","@graph":[{"@type":"NewsArticle","@id":"https:\/\/www.suno.com.br\/noticias\/fleury-flry3-hermes-pardini-pard3-fusao-acoes\/#article","isPartOf":{"@id":"https:\/\/www.suno.com.br\/noticias\/fleury-flry3-hermes-pardini-pard3-fusao-acoes\/"},"author":{"name":"Poliana Santos","@id":"https:\/\/www.suno.com.br\/noticias\/#\/schema\/person\/02ec1f752758247878a2bf4abee1aeda"},"headline":"Fleury (FLRY3) e Hermes Pardini (PARD3) anunciam fus\u00e3o e a\u00e7\u00f5es disparam","datePublished":"2022-06-30T14:13:11+00:00","dateModified":"2022-06-30T16:20:51+00:00","mainEntityOfPage":{"@id":"https:\/\/www.suno.com.br\/noticias\/fleury-flry3-hermes-pardini-pard3-fusao-acoes\/"},"wordCount":343,"publisher":{"@id":"https:\/\/www.suno.com.br\/noticias\/#organization"},"image":{"@id":"https:\/\/www.suno.com.br\/noticias\/fleury-flry3-hermes-pardini-pard3-fusao-acoes\/#primaryimage"},"thumbnailUrl":"https:\/\/files.sunoresearch.com.br\/n\/uploads\/2022\/03\/Fleury.jpg","keywords":["Fleury (FLRY3)","Hermes Pardini (PARD3)"],"articleSection":["Neg\u00f3cios"],"inLanguage":"pt-BR"},{"@type":"WebPage","@id":"https:\/\/www.suno.com.br\/noticias\/fleury-flry3-hermes-pardini-pard3-fusao-acoes\/","url":"https:\/\/www.suno.com.br\/noticias\/fleury-flry3-hermes-pardini-pard3-fusao-acoes\/","name":"Fleury (FLRY3) e Hermes Pardini (PARD3) acertam fus\u00e3o; A\u00e7\u00f5es disparam","isPartOf":{"@id":"https:\/\/www.suno.com.br\/noticias\/#website"},"primaryImageOfPage":{"@id":"https:\/\/www.suno.com.br\/noticias\/fleury-flry3-hermes-pardini-pard3-fusao-acoes\/#primaryimage"},"image":{"@id":"https:\/\/www.suno.com.br\/noticias\/fleury-flry3-hermes-pardini-pard3-fusao-acoes\/#primaryimage"},"thumbnailUrl":"https:\/\/files.sunoresearch.com.br\/n\/uploads\/2022\/03\/Fleury.jpg","datePublished":"2022-06-30T14:13:11+00:00","dateModified":"2022-06-30T16:20:51+00:00","description":"A Fleury (FLRY3) e Hermes Pardini (PARD3) anunciaram que foi acertado uma reorganiza\u00e7\u00e3o societ\u00e1ria, atrav\u00e9s da combina\u00e7\u00e3o dos neg\u00f3cios. Veja","breadcrumb":{"@id":"https:\/\/www.suno.com.br\/noticias\/fleury-flry3-hermes-pardini-pard3-fusao-acoes\/#breadcrumb"},"inLanguage":"pt-BR","potentialAction":[{"@type":"ReadAction","target":["https:\/\/www.suno.com.br\/noticias\/fleury-flry3-hermes-pardini-pard3-fusao-acoes\/"]}]},{"@type":"ImageObject","inLanguage":"pt-BR","@id":"https:\/\/www.suno.com.br\/noticias\/fleury-flry3-hermes-pardini-pard3-fusao-acoes\/#primaryimage","url":"https:\/\/files.sunoresearch.com.br\/n\/uploads\/2022\/03\/Fleury.jpg","contentUrl":"https:\/\/files.sunoresearch.com.br\/n\/uploads\/2022\/03\/Fleury.jpg","width":1280,"height":700,"caption":"Fleury (FLRY3) Cr\u00e9ditos: Fleury\/Divulga\u00e7\u00e3o"},{"@type":"BreadcrumbList","@id":"https:\/\/www.suno.com.br\/noticias\/fleury-flry3-hermes-pardini-pard3-fusao-acoes\/#breadcrumb","itemListElement":[{"@type":"ListItem","position":1,"name":"Not\u00edcias","item":"https:\/\/www.suno.com.br\/noticias\/"},{"@type":"ListItem","position":2,"name":"Neg\u00f3cios","item":"https:\/\/www.suno.com.br\/noticias\/negocios\/"},{"@type":"ListItem","position":3,"name":"Fleury (FLRY3) e Hermes Pardini (PARD3) anunciam fus\u00e3o e a\u00e7\u00f5es disparam"}]},{"@type":"WebSite","@id":"https:\/\/www.suno.com.br\/noticias\/#website","url":"https:\/\/www.suno.com.br\/noticias\/","name":"Suno Not\u00edcias","description":"Seu portal de informa\u00e7\u00e3o sobre o mundo dos investimentos","publisher":{"@id":"https:\/\/www.suno.com.br\/noticias\/#organization"},"potentialAction":[{"@type":"SearchAction","target":{"@type":"EntryPoint","urlTemplate":"https:\/\/www.suno.com.br\/noticias\/?s={search_term_string}"},"query-input":{"@type":"PropertyValueSpecification","valueRequired":true,"valueName":"search_term_string"}}],"inLanguage":"pt-BR"},{"@type":"Organization","@id":"https:\/\/www.suno.com.br\/noticias\/#organization","name":"Suno Not\u00edcias","url":"https:\/\/www.suno.com.br\/noticias\/","logo":{"@type":"ImageObject","inLanguage":"pt-BR","@id":"https:\/\/www.suno.com.br\/noticias\/#\/schema\/logo\/image\/","url":"https:\/\/files.sunoresearch.com.br\/n\/uploads\/2021\/09\/suno-logo.png","contentUrl":"https:\/\/files.sunoresearch.com.br\/n\/uploads\/2021\/09\/suno-logo.png","width":180,"height":180,"caption":"Suno Not\u00edcias"},"image":{"@id":"https:\/\/www.suno.com.br\/noticias\/#\/schema\/logo\/image\/"},"sameAs":["https:\/\/facebook.com\/sunoresearch","https:\/\/x.com\/sunoresearch","https:\/\/www.instagram.com\/suno","https:\/\/www.linkedin.com\/company\/suno-research\/","https:\/\/www.youtube.com\/c\/sunoresearch"]},{"@type":"Person","@id":"https:\/\/www.suno.com.br\/noticias\/#\/schema\/person\/02ec1f752758247878a2bf4abee1aeda","name":"Poliana Santos","image":{"@type":"ImageObject","inLanguage":"pt-BR","@id":"https:\/\/www.suno.com.br\/noticias\/#\/schema\/person\/image\/","url":"https:\/\/secure.gravatar.com\/avatar\/0645bd32f23d87b2130f2b2dff1d3f8d?s=96&r=g","contentUrl":"https:\/\/secure.gravatar.com\/avatar\/0645bd32f23d87b2130f2b2dff1d3f8d?s=96&r=g","caption":"Poliana Santos"},"description":"Rep\u00f3rter no Suno Not\u00edcias, com cobertura em mercado financeiro, economia, finan\u00e7as pessoais, renda fixa e varejo. Jornalista formada pela Faculdade C\u00e1sper L\u00edbero e possui passagem na R\u00e1dio Gazeta AM com a produ\u00e7\u00e3o de conte\u00fado sobre economia, pol\u00edtica, sa\u00fade, moda e m\u00fasica. Possui certificado de conclus\u00e3o do curso de An\u00e1lise de Balan\u00e7os pela Funda\u00e7\u00e3o Bradesco, Agenda Brasil pela FAAP, Educa\u00e7\u00e3o Pol\u00edtica por Alexandre Garcia e do Tesouro Direto e Mercado de A\u00e7\u00f5es pela B3.","url":"https:\/\/www.suno.com.br\/noticias\/author\/poliana-santos\/"}]}},"default_loop_html":"<div class=\"cardsPage__listCard__boxs\"><div class=\"cardsPage__listCard__boxs__img\"><a href=\"https:\/\/www.suno.com.br\/noticias\/fleury-flry3-hermes-pardini-pard3-fusao-acoes\/\"><img class=\"mask\" src=\"https:\/\/www.suno.com.br\/noticias\/wp-content\/themes\/suno\/resources\/images\/spotlight\/spotlight1img\/bg-mask.png\" alt=\"Image Mask\"\/><img src=\"https:\/\/files.sunoresearch.com.br\/n\/uploads\/2022\/03\/Fleury-400x200.jpg\" alt=\"Fleury (FLRY3) e Hermes Pardini (PARD3) anunciam fus\u00e3o e a\u00e7\u00f5es disparam\"\/><\/a><span class=\"spotlightCategory\"><a href=\"https:\/\/www.suno.com.br\/noticias\/negocios\/\">Neg\u00f3cios<\/a><\/span><\/div><div class=\"cardsPage__listCard__boxs__content\"><a href=\"https:\/\/www.suno.com.br\/noticias\/fleury-flry3-hermes-pardini-pard3-fusao-acoes\/\"><h2 class=\"content__title\">Fleury (FLRY3) e Hermes Pardini (PARD3) anunciam fus\u00e3o e a\u00e7\u00f5es disparam<\/h2><\/a><div class=\"newsContent__article__meta\"><div class=\"newsContent__article__meta__authorBox\"><a href=\"https:\/\/www.suno.com.br\/noticias\/author\/poliana-santos\/\" class=\"authorBox__avatar noMobi\"><img src=\"https:\/\/files.sunoresearch.com.br\/n\/uploads\/2020\/08\/7ef34026-whatsapp-image-2020-08-03-at-12.37.57-150x150.webp\" alt=\"Poliana Santos\"><\/a><div class=\"authorBox__name\"><span>por\n\t\t\t<a href=\"https:\/\/www.suno.com.br\/noticias\/author\/poliana-santos\/\"><span itemprop=\"author\">Poliana Santos<\/span><\/a><\/span><time datetime=\"2022-06-30T11:13:11-03:00\" itemprop=\"datePublished\">30\/06\/2022 11:13<\/time><\/div><\/div><\/div><\/div><\/div>","single_layout":"posts","amp_enabled":true,"_links":{"self":[{"href":"https:\/\/www.suno.com.br\/noticias\/wp-json\/wp\/v2\/posts\/272371"}],"collection":[{"href":"https:\/\/www.suno.com.br\/noticias\/wp-json\/wp\/v2\/posts"}],"about":[{"href":"https:\/\/www.suno.com.br\/noticias\/wp-json\/wp\/v2\/types\/post"}],"author":[{"embeddable":true,"href":"https:\/\/www.suno.com.br\/noticias\/wp-json\/wp\/v2\/users\/15"}],"replies":[{"embeddable":true,"href":"https:\/\/www.suno.com.br\/noticias\/wp-json\/wp\/v2\/comments?post=272371"}],"version-history":[{"count":3,"href":"https:\/\/www.suno.com.br\/noticias\/wp-json\/wp\/v2\/posts\/272371\/revisions"}],"predecessor-version":[{"id":272468,"href":"https:\/\/www.suno.com.br\/noticias\/wp-json\/wp\/v2\/posts\/272371\/revisions\/272468"}],"wp:featuredmedia":[{"embeddable":true,"href":"https:\/\/www.suno.com.br\/noticias\/wp-json\/wp\/v2\/media\/242802"}],"wp:attachment":[{"href":"https:\/\/www.suno.com.br\/noticias\/wp-json\/wp\/v2\/media?parent=272371"}],"wp:term":[{"taxonomy":"category","embeddable":true,"href":"https:\/\/www.suno.com.br\/noticias\/wp-json\/wp\/v2\/categories?post=272371"},{"taxonomy":"post_tag","embeddable":true,"href":"https:\/\/www.suno.com.br\/noticias\/wp-json\/wp\/v2\/tags?post=272371"},{"taxonomy":"suno_strategy","embeddable":true,"href":"https:\/\/www.suno.com.br\/noticias\/wp-json\/wp\/v2\/suno_strategy?post=272371"}],"curies":[{"name":"wp","href":"https:\/\/api.w.org\/{rel}","templated":true}]}}