{"id":272338,"date":"2022-06-30T11:10:42","date_gmt":"2022-06-30T14:10:42","guid":{"rendered":"https:\/\/www.suno.com.br\/noticias\/?p=272338"},"modified":"2022-06-30T11:59:51","modified_gmt":"2022-06-30T14:59:51","slug":"dolar-hoje-sobe-em-meio-aversao-risco-exterior","status":"publish","type":"post","link":"https:\/\/www.suno.com.br\/noticias\/dolar-hoje-sobe-em-meio-aversao-risco-exterior\/","title":{"rendered":"D\u00f3lar sobe 1,00% em meio a avers\u00e3o a risco no exterior"},"content":{"rendered":"<p>O <strong>d\u00f3lar<\/strong> opera em alta firme nesta quinta-feira (30), acompanhando a valoriza\u00e7\u00e3o no exterior em manh\u00e3 de <a href=\"https:\/\/www.suno.com.br\/noticias\/ibovespa-hoje-cai-fleury-flry3-dispara-mais-de-14\/\" target=\"_blank\" rel=\"noopener\">avers\u00e3o a risco nas bolsas<\/a> e de disputa t\u00e9cnica no mercado de c\u00e2mbio em torno da taxa Ptax referencial do fim de junho e do primeiro semestre, que ser\u00e1 definida depois das 13h.<\/p>\t<div class=\"wrapper-featured-image\">\n\t\t<figure class=\"spotlightImg\">\n\n\t\t\t<picture>\n\t\t\t\t<source media=\"(max-width: 768px)\" srcset=\"https:\/\/files.sunoresearch.com.br\/n\/uploads\/2021\/03\/71e2e3ee-bank-notes-941246_1280-400x200.webp\">\n\t\t\t\t<img loading=\"lazy\" decoding=\"async\" class=\"newsContent__article__imgCapa lazyloadDisabled \" src=\"https:\/\/files.sunoresearch.com.br\/n\/uploads\/2021\/03\/71e2e3ee-bank-notes-941246_1280-800x450.webp\" width=\"800\" height=\"450\" alt=\"D\u00f3lar sobe 1,00% em meio a avers\u00e3o a risco no exterior\" fetchpriority=high \/>\n\t\t\t<\/picture>\n\n\t\t\t<figcaption class=\"wp-caption-text wp-caption-text--show\">D\u00f3lar hoje. Foto: Pixabay<\/figcaption>\n\t\t<\/figure>\n\t<\/div>\n\n\n\t<p>\n\t\t<a href=\"\" target=\"_blank\" data-element=\"shortcode-suno-banner\" title=\"Banner SUNO, clique e saiba mais\">\n\t\t\t<picture>\n\t\t\t\t<source media=\"(max-width: 500px)\" srcset=\"\">\n\t\t\t\t<img class=\"newsContent__article__imgCapa newsContent__article__imgCapa--banner\"\n\t\t\t\t\tsrc=\"\"\n\t\t\t\t\tdata-promo-id=\"240038\"\t\t\t\t\t\t\t\t\t\t\t\t\t\t\talt=\"\"\n\t\t\t\t>\n\t\t\t<\/picture>\n\t\t<\/a>\n\t<\/p>\n\n\n<p>A <strong>cota\u00e7\u00e3o do d\u00f3lar<\/strong> tem alta de 1,00%, a R$ 5,241, por volta das 11h41. A taxa Ptax de hoje servir\u00e1 nesta sexta-feira, 1\u00ba de julho, para ajustes de contratos cambiais, carteiras de ativos e balan\u00e7os corporativos de fim de trimestre e semestre. No m\u00eas, a moeda americana acumula ganhos de 10%, mas em 2022 carrega perdas de 6%.<\/p>\n<p>Os investidores ajustam posi\u00e7\u00f5es na <strong>taxa de c\u00e2mbio<\/strong> em meio a avalia\u00e7\u00f5es do Relat\u00f3rio Trimestral de Infla\u00e7\u00e3o (RTI) e queda dos retornos dos Treasuries com busca de prote\u00e7\u00e3o por temores de recess\u00e3o nos EUA com o aperto monet\u00e1rio mais agressivo do Federal Reserve para combater a escalada da infla\u00e7\u00e3o americana. Ontem o presidente do Federal Reserve, Jerome Powell, disse que o processo de alta de juros provavelmente envolver\u00e1 &#8220;alguma dor&#8221; do ponto de vista econ\u00f4mico.<\/p>\n\t<div data-element=\"shortcode-read-more\" class=\"knowMore\">\n\t\t\t\t<span class=\"knowMore__title\">Leia mais: <\/span>\n\t\t\t\t<a class=\"knowMore__link\" href=\"https:\/\/www.suno.com.br\/noticias\/cogna-cogn3-suzano-suzb3-fleury-flry3-destaques\/\">\n\t\t\tCogna (COGN3), Suzano (SUZB3) e Fleury (FLRY3) agitam o mercado\t\t<\/a>\n\t<\/div>\n\n\n<p>No Brasil, a alta no <strong>pre\u00e7o do d\u00f3lar<\/strong> tamb\u00e9m ocorrem em meio ao recuo maior que o esperado da taxa de desemprego no trimestre m\u00f3vel at\u00e9 maio no Pa\u00eds fica em segundo plano. A taxa de desocupa\u00e7\u00e3o no Brasil ficou em 9,8% no trimestre encerrado em maio, de acordo com os dados da Pesquisa Nacional por Amostra de Domic\u00edlios Cont\u00ednua (Pnad Cont\u00ednua) divulgados pelo Instituto Brasileiro de Geografia e Estat\u00edstica (IBGE).<\/p>\n<p>O resultado ficou menor do que a mediana de 10,2% das estimativas na pesquisa <i>Proje\u00e7\u00f5es Broadcast<\/i> e do que o piso (9,9%). O teto era de 10,6%.Em igual per\u00edodo de 2021, a taxa de desemprego medida pela Pnad Cont\u00ednua estava em 14,7%. No trimestre encerrado em abril de 2022, a taxa de desocupa\u00e7\u00e3o estava em 10,5%.<\/p>\n\t<p>\n\t\t<a href=\"https:\/\/lp.suno.com.br\/planilha-da-vida-financeira\/\" target=\"_blank\" data-element=\"shortcode-suno-banner\" title=\"Banner SUNO, clique e saiba mais\">\n\t\t\t<picture>\n\t\t\t\t<source media=\"(max-width: 500px)\" srcset=\"https:\/\/files.sunoresearch.com.br\/n\/uploads\/2023\/04\/400x300-Planilha-vida-financeira-true.png\">\n\t\t\t\t<img class=\"newsContent__article__imgCapa newsContent__article__imgCapa--banner\"\n\t\t\t\t\tsrc=\"https:\/\/files.sunoresearch.com.br\/n\/uploads\/2023\/04\/1420x240-Planilha-vida-financeira-true.png\"\n\t\t\t\t\tdata-promo-id=\"106682\"\t\t\t\t\t\t\t\t\t\twidth='1420' height='240'\t\t\t\t\talt=\"https:\/\/files.sunoresearch.com.br\/n\/uploads\/2023\/04\/1420x240-Planilha-vida-financeira-true.png\"\n\t\t\t\t>\n\t\t\t<\/picture>\n\t\t<\/a>\n\t<\/p>\n\n\n<p>Mas a renda m\u00e9dia real do trabalhador foi de R$ 2.613 no trimestre encerrado em maio, mostrando queda de 7,2% em rela\u00e7\u00e3o ao mesmo per\u00edodo do ano anterior. A massa de renda real habitual paga aos ocupados somou R$ 249,849 bilh\u00f5es no trimestre at\u00e9 maio, alta de 3,0% ante igual per\u00edodo do ano anterior.<\/p>\n<p>No RTI, pode estar inserido na <strong>movimenta\u00e7\u00e3o do d\u00f3lar<\/strong> a afirma\u00e7\u00e3o do Banco Central de que a taxa de juros real atinge 5,4% no fim 2023 e 4,4% no fim de 2024, acima da neutra de 4%. Na quinta-feira passada (23), o diretor de Pol\u00edtica Econ\u00f4mica da autarquia, Diogo Guillen, informou que a estimativa passou de 3,5% para 4,0%, a segunda revis\u00e3o em um per\u00edodo de seis meses. O documento tamb\u00e9m ressalta a elevada incerteza na evolu\u00e7\u00e3o do pre\u00e7o do petr\u00f3leo e reconhece que a &#8220;alta de juros em desenvolvidos e desacelera\u00e7\u00e3o da China podem levar a PIB global menor&#8221;.<\/p>\n\t<p>\n\t\t<a href=\"https:\/\/lp.suno.com.br\/ebook-como-analisar-uma-acao\/\" target=\"_blank\" data-element=\"shortcode-suno-banner\" title=\"Banner SUNO, clique e saiba mais\">\n\t\t\t<picture>\n\t\t\t\t<source media=\"(max-width: 500px)\" srcset=\"https:\/\/files.sunoresearch.com.br\/n\/uploads\/2023\/03\/Ebook-Acoes-Mobile-1.jpg\">\n\t\t\t\t<img class=\"newsContent__article__imgCapa newsContent__article__imgCapa--banner\"\n\t\t\t\t\tsrc=\"https:\/\/files.sunoresearch.com.br\/n\/uploads\/2023\/03\/Ebook-Acoes-Desktop-1.jpg\"\n\t\t\t\t\tdata-promo-id=\"171998\"\t\t\t\t\t\t\t\t\t\twidth='1420' height='286'\t\t\t\t\talt=\"https:\/\/files.sunoresearch.com.br\/n\/uploads\/2023\/03\/Ebook-Acoes-Desktop-1.jpg\"\n\t\t\t\t>\n\t\t\t<\/picture>\n\t\t<\/a>\n\t<\/p>\n\n\n<p>O risco fiscal interno tamb\u00e9m segue no radar do <strong>d\u00f3lar hoje<\/strong>. O governo federal prorrogou a vig\u00eancia do &#8220;Luz Para Todos&#8221; at\u00e9 31 de dezembro de 2026 e do &#8220;Mais Luz para a Amaz\u00f4nia&#8221; at\u00e9 31 de dezembro de 2030 por meio de decreto presidencial publicado no <i>Di\u00e1rio Oficial da Uni\u00e3o (DOU)<\/i> desta quinta-feira. Antes, os dois programas de universaliza\u00e7\u00e3o do acesso e uso de energia el\u00e9trica se encerrariam neste ano de 2022.<\/p>\n<p>Os investidores est\u00e3o na expectativa se o Senado realizar\u00e1 a vota\u00e7\u00e3o em dois turnos da PEC dos Combust\u00edveis hoje. Para isso, os parlamentares ter\u00e3o de aprovar a chamada &#8220;quebra de interst\u00edcio&#8221;. O presidente do Senado, Rodrigo Pacheco (PSD-MG), sugeriu nesta quarta-feira, 29, que a C\u00e2mara poderia acelerar a tramita\u00e7\u00e3o da PEC ao juntar o texto da mat\u00e9ria a outra PEC cuja an\u00e1lise j\u00e1 esteja avan\u00e7ada nas comiss\u00f5es, mas que a decis\u00e3o depende do presidente da Casa, Arthur Lira (PP-AL).<\/p>\n\t<p>\n\t\t<a href=\"https:\/\/lp.suno.com.br\/planilha-controle-gastos\/\" target=\"_blank\" data-element=\"shortcode-suno-banner\" title=\"Banner SUNO, clique e saiba mais\">\n\t\t\t<picture>\n\t\t\t\t<source media=\"(max-width: 500px)\" srcset=\"https:\/\/files.sunoresearch.com.br\/n\/uploads\/2023\/03\/400x300-Planilha-controle-de-gastos.png\">\n\t\t\t\t<img class=\"newsContent__article__imgCapa newsContent__article__imgCapa--banner\"\n\t\t\t\t\tsrc=\"https:\/\/files.sunoresearch.com.br\/n\/uploads\/2023\/03\/1420x240-Planilha-controle-de-gastos.png\"\n\t\t\t\t\tdata-promo-id=\"101751\"\t\t\t\t\t\t\t\t\t\twidth='1420' height='240'\t\t\t\t\talt=\"https:\/\/files.sunoresearch.com.br\/n\/uploads\/2023\/03\/1420x240-Planilha-controle-de-gastos.png\"\n\t\t\t\t>\n\t\t\t<\/picture>\n\t\t<\/a>\n\t<\/p>\n\n\n<p>Essa vota\u00e7\u00e3o corre risco de ser adiada mais uma vez ap\u00f3s o Minist\u00e9rio P\u00fablico junto ao Tribunal de Contas da Uni\u00e3o (MP-TCU) entrar com uma representa\u00e7\u00e3o pedindo a suspens\u00e3o do programa que o governo federal pretende criar para oferecer uma bolsa-caminhoneiro, com o repasse mensal de R$ 1 mil at\u00e9 dezembro.<\/p>\n<p>O subprocurador-geral Lucas Rocha Furtado, autor do pedido, defende que o governo Bolsonaro seja impedido de criar o programa at\u00e9 que o TCU se defina sobre o assunto. A requisi\u00e7\u00e3o se baseia em reportagem publicada pelo <b>Estad\u00e3o\/Broadcast<\/b> mostrando que o governo n\u00e3o possui, neste momento, nenhuma base de dados consolidada para definir que caminhoneiro, afinal, poderia receber as mensalidades.<\/p>\n<h2>\u00daltima cota\u00e7\u00e3o do d\u00f3lar<\/h2>\n<p>O <strong>d\u00f3lar<\/strong> terminou a sess\u00e3o de ontem (29) em queda de 1,62%, a R$ 5.228,50.<\/p>\n<p class=\"newsProviderSignature\"><em>Com informa\u00e7\u00f5es de Estad\u00e3o Conte\u00fado<\/em><\/p>\n\t<p>\n\t\t<a href=\"https:\/\/lp.suno.com.br\/planilha-de-controle-de-investimentos\/\" target=\"_blank\" data-element=\"shortcode-suno-banner\" title=\"Banner SUNO, clique e saiba mais\">\n\t\t\t<picture>\n\t\t\t\t<source media=\"(max-width: 500px)\" srcset=\"https:\/\/files.sunoresearch.com.br\/n\/uploads\/2023\/03\/400x300-Controle-de-Investimentos.png\">\n\t\t\t\t<img class=\"newsContent__article__imgCapa newsContent__article__imgCapa--banner\"\n\t\t\t\t\tsrc=\"https:\/\/files.sunoresearch.com.br\/n\/uploads\/2023\/03\/1420x240-Controle-de-Investimentos.png\"\n\t\t\t\t\tdata-promo-id=\"75934\"\t\t\t\t\t\t\t\t\t\twidth='1420' height='240'\t\t\t\t\talt=\"https:\/\/files.sunoresearch.com.br\/n\/uploads\/2023\/03\/1420x240-Controle-de-Investimentos.png\"\n\t\t\t\t>\n\t\t\t<\/picture>\n\t\t<\/a>\n\t<\/p>\n\n\n","protected":false},"excerpt":{"rendered":"<p>O d\u00f3lar opera em alta firme nesta quinta-feira (30), acompanhando a valoriza\u00e7\u00e3o no exterior em manh\u00e3 de avers\u00e3o a risco nas bolsas e de disputa t\u00e9cnica no mercado de c\u00e2mbio em torno da taxa Ptax referencial do fim de junho e do primeiro semestre, que ser\u00e1 definida depois das 13h. D\u00f3lar hoje. Foto: Pixabay A [&hellip;]<\/p>\n","protected":false},"author":43,"featured_media":135093,"comment_status":"closed","ping_status":"closed","sticky":false,"template":"","format":"standard","meta":[],"categories":[60],"tags":[326,1852],"suno_strategy":[],"class_list":["post-272338","post","type-post","status-publish","format-standard","has-post-thumbnail","hentry","category-mercado","tag-dolar","tag-dolar-futuro"],"yoast_head":"<!-- This site is optimized with the Yoast SEO plugin v24.4 - https:\/\/yoast.com\/wordpress\/plugins\/seo\/ -->\n<title>D\u00f3lar sobe 1,00% em meio a avers\u00e3o a risco no exterior<\/title>\n<meta name=\"description\" content=\"O d\u00f3lar opera em alta de 1,00% em meio a avers\u00e3o a risco no exterior. Saiba mais sobre a cota\u00e7\u00e3o e o desempenhe do d\u00f3lar hoje.\" \/>\n<meta name=\"robots\" content=\"index, follow, max-snippet:-1, max-image-preview:large, max-video-preview:-1\" \/>\n<link rel=\"canonical\" href=\"https:\/\/www.suno.com.br\/noticias\/dolar-hoje-sobe-em-meio-aversao-risco-exterior\/\" \/>\n<meta property=\"og:locale\" content=\"pt_BR\" \/>\n<meta property=\"og:type\" content=\"article\" \/>\n<meta property=\"og:title\" content=\"D\u00f3lar sobe 1,00% em meio a avers\u00e3o a risco no exterior\" \/>\n<meta property=\"og:description\" content=\"O d\u00f3lar opera em alta de 1,00% em meio a avers\u00e3o a risco no exterior. Saiba mais sobre a cota\u00e7\u00e3o e o desempenhe do d\u00f3lar hoje.\" \/>\n<meta property=\"og:url\" content=\"https:\/\/www.suno.com.br\/noticias\/dolar-hoje-sobe-em-meio-aversao-risco-exterior\/\" \/>\n<meta property=\"og:site_name\" content=\"Suno Not\u00edcias\" \/>\n<meta property=\"article:publisher\" content=\"https:\/\/facebook.com\/sunoresearch\" \/>\n<meta property=\"article:author\" content=\"https:\/\/www.facebook.com\/sunonoticias\/\" \/>\n<meta property=\"og:image\" content=\"https:\/\/files.sunoresearch.com.br\/n\/uploads\/2021\/03\/71e2e3ee-bank-notes-941246_1280.jpg\" \/>\n\t<meta property=\"og:image:width\" content=\"1280\" \/>\n\t<meta property=\"og:image:height\" content=\"960\" \/>\n\t<meta property=\"og:image:type\" content=\"image\/jpeg\" \/>\n<meta name=\"author\" content=\"Reda\u00e7\u00e3o Suno Not\u00edcias\" \/>\n<meta name=\"twitter:card\" content=\"summary_large_image\" \/>\n<meta name=\"twitter:creator\" content=\"@https:\/\/twitter.com\/sunoresearch\" \/>\n<meta name=\"twitter:site\" content=\"@sunoresearch\" \/>\n<meta name=\"twitter:label1\" content=\"Escrito por\" \/>\n\t<meta name=\"twitter:data1\" content=\"Reda\u00e7\u00e3o Suno Not\u00edcias\" \/>\n\t<meta name=\"twitter:label2\" content=\"Est. tempo de leitura\" \/>\n\t<meta name=\"twitter:data2\" content=\"4 minutos\" \/>\n<script type=\"application\/ld+json\" class=\"yoast-schema-graph\">{\"@context\":\"https:\/\/schema.org\",\"@graph\":[{\"@type\":\"NewsArticle\",\"@id\":\"https:\/\/www.suno.com.br\/noticias\/dolar-hoje-sobe-em-meio-aversao-risco-exterior\/#article\",\"isPartOf\":{\"@id\":\"https:\/\/www.suno.com.br\/noticias\/dolar-hoje-sobe-em-meio-aversao-risco-exterior\/\"},\"author\":{\"name\":\"Reda\u00e7\u00e3o Suno Not\u00edcias\",\"@id\":\"https:\/\/www.suno.com.br\/noticias\/#\/schema\/person\/c1b1bd3727fa852bd045e9dbff3673ea\"},\"headline\":\"D\u00f3lar sobe 1,00% em meio a avers\u00e3o a risco no exterior\",\"datePublished\":\"2022-06-30T14:10:42+00:00\",\"dateModified\":\"2022-06-30T14:59:51+00:00\",\"mainEntityOfPage\":{\"@id\":\"https:\/\/www.suno.com.br\/noticias\/dolar-hoje-sobe-em-meio-aversao-risco-exterior\/\"},\"wordCount\":837,\"publisher\":{\"@id\":\"https:\/\/www.suno.com.br\/noticias\/#organization\"},\"image\":{\"@id\":\"https:\/\/www.suno.com.br\/noticias\/dolar-hoje-sobe-em-meio-aversao-risco-exterior\/#primaryimage\"},\"thumbnailUrl\":\"https:\/\/files.sunoresearch.com.br\/n\/uploads\/2021\/03\/71e2e3ee-bank-notes-941246_1280-jpg.webp\",\"keywords\":[\"d\u00f3lar\",\"d\u00f3lar futuro\"],\"articleSection\":[\"Mercado\"],\"inLanguage\":\"pt-BR\"},{\"@type\":\"WebPage\",\"@id\":\"https:\/\/www.suno.com.br\/noticias\/dolar-hoje-sobe-em-meio-aversao-risco-exterior\/\",\"url\":\"https:\/\/www.suno.com.br\/noticias\/dolar-hoje-sobe-em-meio-aversao-risco-exterior\/\",\"name\":\"D\u00f3lar sobe 1,00% em meio a avers\u00e3o a risco no exterior\",\"isPartOf\":{\"@id\":\"https:\/\/www.suno.com.br\/noticias\/#website\"},\"primaryImageOfPage\":{\"@id\":\"https:\/\/www.suno.com.br\/noticias\/dolar-hoje-sobe-em-meio-aversao-risco-exterior\/#primaryimage\"},\"image\":{\"@id\":\"https:\/\/www.suno.com.br\/noticias\/dolar-hoje-sobe-em-meio-aversao-risco-exterior\/#primaryimage\"},\"thumbnailUrl\":\"https:\/\/files.sunoresearch.com.br\/n\/uploads\/2021\/03\/71e2e3ee-bank-notes-941246_1280-jpg.webp\",\"datePublished\":\"2022-06-30T14:10:42+00:00\",\"dateModified\":\"2022-06-30T14:59:51+00:00\",\"description\":\"O d\u00f3lar opera em alta de 1,00% em meio a avers\u00e3o a risco no exterior. Saiba mais sobre a cota\u00e7\u00e3o e o desempenhe do d\u00f3lar hoje.\",\"breadcrumb\":{\"@id\":\"https:\/\/www.suno.com.br\/noticias\/dolar-hoje-sobe-em-meio-aversao-risco-exterior\/#breadcrumb\"},\"inLanguage\":\"pt-BR\",\"potentialAction\":[{\"@type\":\"ReadAction\",\"target\":[\"https:\/\/www.suno.com.br\/noticias\/dolar-hoje-sobe-em-meio-aversao-risco-exterior\/\"]}]},{\"@type\":\"ImageObject\",\"inLanguage\":\"pt-BR\",\"@id\":\"https:\/\/www.suno.com.br\/noticias\/dolar-hoje-sobe-em-meio-aversao-risco-exterior\/#primaryimage\",\"url\":\"https:\/\/files.sunoresearch.com.br\/n\/uploads\/2021\/03\/71e2e3ee-bank-notes-941246_1280-jpg.webp\",\"contentUrl\":\"https:\/\/files.sunoresearch.com.br\/n\/uploads\/2021\/03\/71e2e3ee-bank-notes-941246_1280-jpg.webp\",\"width\":1280,\"height\":960,\"caption\":\"D\u00f3lar hoje. Foto: Pixabay\"},{\"@type\":\"BreadcrumbList\",\"@id\":\"https:\/\/www.suno.com.br\/noticias\/dolar-hoje-sobe-em-meio-aversao-risco-exterior\/#breadcrumb\",\"itemListElement\":[{\"@type\":\"ListItem\",\"position\":1,\"name\":\"Not\u00edcias\",\"item\":\"https:\/\/www.suno.com.br\/noticias\/\"},{\"@type\":\"ListItem\",\"position\":2,\"name\":\"Mercado\",\"item\":\"https:\/\/www.suno.com.br\/noticias\/mercado\/\"},{\"@type\":\"ListItem\",\"position\":3,\"name\":\"D\u00f3lar sobe 1,00% em meio a avers\u00e3o a risco no exterior\"}]},{\"@type\":\"WebSite\",\"@id\":\"https:\/\/www.suno.com.br\/noticias\/#website\",\"url\":\"https:\/\/www.suno.com.br\/noticias\/\",\"name\":\"Suno Not\u00edcias\",\"description\":\"Seu portal de informa\u00e7\u00e3o sobre o mundo dos investimentos\",\"publisher\":{\"@id\":\"https:\/\/www.suno.com.br\/noticias\/#organization\"},\"potentialAction\":[{\"@type\":\"SearchAction\",\"target\":{\"@type\":\"EntryPoint\",\"urlTemplate\":\"https:\/\/www.suno.com.br\/noticias\/?s={search_term_string}\"},\"query-input\":{\"@type\":\"PropertyValueSpecification\",\"valueRequired\":true,\"valueName\":\"search_term_string\"}}],\"inLanguage\":\"pt-BR\"},{\"@type\":\"Organization\",\"@id\":\"https:\/\/www.suno.com.br\/noticias\/#organization\",\"name\":\"Suno Not\u00edcias\",\"url\":\"https:\/\/www.suno.com.br\/noticias\/\",\"logo\":{\"@type\":\"ImageObject\",\"inLanguage\":\"pt-BR\",\"@id\":\"https:\/\/www.suno.com.br\/noticias\/#\/schema\/logo\/image\/\",\"url\":\"https:\/\/files.sunoresearch.com.br\/n\/uploads\/2021\/09\/suno-logo.png\",\"contentUrl\":\"https:\/\/files.sunoresearch.com.br\/n\/uploads\/2021\/09\/suno-logo.png\",\"width\":180,\"height\":180,\"caption\":\"Suno Not\u00edcias\"},\"image\":{\"@id\":\"https:\/\/www.suno.com.br\/noticias\/#\/schema\/logo\/image\/\"},\"sameAs\":[\"https:\/\/facebook.com\/sunoresearch\",\"https:\/\/x.com\/sunoresearch\",\"https:\/\/www.instagram.com\/suno\",\"https:\/\/www.linkedin.com\/company\/suno-research\/\",\"https:\/\/www.youtube.com\/c\/sunoresearch\"]},{\"@type\":\"Person\",\"@id\":\"https:\/\/www.suno.com.br\/noticias\/#\/schema\/person\/c1b1bd3727fa852bd045e9dbff3673ea\",\"name\":\"Reda\u00e7\u00e3o Suno Not\u00edcias\",\"image\":{\"@type\":\"ImageObject\",\"inLanguage\":\"pt-BR\",\"@id\":\"https:\/\/www.suno.com.br\/noticias\/#\/schema\/person\/image\/\",\"url\":\"https:\/\/secure.gravatar.com\/avatar\/b8104b9b5a71985d5238ee59fbe418af?s=96&r=g\",\"contentUrl\":\"https:\/\/secure.gravatar.com\/avatar\/b8104b9b5a71985d5238ee59fbe418af?s=96&r=g\",\"caption\":\"Reda\u00e7\u00e3o Suno Not\u00edcias\"},\"description\":\"O Suno Not\u00edcias \u00e9 um portal de informa\u00e7\u00f5es sobre Mercado Financeiro, Pol\u00edtica, Neg\u00f3cios, Economia e Finan\u00e7as Pessoais.\",\"sameAs\":[\"https:\/\/www.suno.com.br\/noticias\",\"https:\/\/www.facebook.com\/sunonoticias\/\",\"https:\/\/www.instagram.com\/sunonoticias\/\",\"https:\/\/x.com\/https:\/\/twitter.com\/sunoresearch\",\"https:\/\/www.youtube.com\/sunonoticias\"],\"url\":\"https:\/\/www.suno.com.br\/noticias\/author\/redacao-suno\/\"}]}<\/script>\n<!-- \/ Yoast SEO plugin. -->","yoast_head_json":{"title":"D\u00f3lar sobe 1,00% em meio a avers\u00e3o a risco no exterior","description":"O d\u00f3lar opera em alta de 1,00% em meio a avers\u00e3o a risco no exterior. Saiba mais sobre a cota\u00e7\u00e3o e o desempenhe do d\u00f3lar hoje.","robots":{"index":"index","follow":"follow","max-snippet":"max-snippet:-1","max-image-preview":"max-image-preview:large","max-video-preview":"max-video-preview:-1"},"canonical":"https:\/\/www.suno.com.br\/noticias\/dolar-hoje-sobe-em-meio-aversao-risco-exterior\/","og_locale":"pt_BR","og_type":"article","og_title":"D\u00f3lar sobe 1,00% em meio a avers\u00e3o a risco no exterior","og_description":"O d\u00f3lar opera em alta de 1,00% em meio a avers\u00e3o a risco no exterior. Saiba mais sobre a cota\u00e7\u00e3o e o desempenhe do d\u00f3lar hoje.","og_url":"https:\/\/www.suno.com.br\/noticias\/dolar-hoje-sobe-em-meio-aversao-risco-exterior\/","og_site_name":"Suno Not\u00edcias","article_publisher":"https:\/\/facebook.com\/sunoresearch","article_author":"https:\/\/www.facebook.com\/sunonoticias\/","og_image":[{"width":1280,"height":960,"url":"https:\/\/files.sunoresearch.com.br\/n\/uploads\/2021\/03\/71e2e3ee-bank-notes-941246_1280.jpg","type":"image\/jpeg"}],"author":"Reda\u00e7\u00e3o Suno Not\u00edcias","twitter_card":"summary_large_image","twitter_creator":"@https:\/\/twitter.com\/sunoresearch","twitter_site":"@sunoresearch","twitter_misc":{"Escrito por":"Reda\u00e7\u00e3o Suno Not\u00edcias","Est. tempo de leitura":"4 minutos"},"schema":{"@context":"https:\/\/schema.org","@graph":[{"@type":"NewsArticle","@id":"https:\/\/www.suno.com.br\/noticias\/dolar-hoje-sobe-em-meio-aversao-risco-exterior\/#article","isPartOf":{"@id":"https:\/\/www.suno.com.br\/noticias\/dolar-hoje-sobe-em-meio-aversao-risco-exterior\/"},"author":{"name":"Reda\u00e7\u00e3o Suno Not\u00edcias","@id":"https:\/\/www.suno.com.br\/noticias\/#\/schema\/person\/c1b1bd3727fa852bd045e9dbff3673ea"},"headline":"D\u00f3lar sobe 1,00% em meio a avers\u00e3o a risco no exterior","datePublished":"2022-06-30T14:10:42+00:00","dateModified":"2022-06-30T14:59:51+00:00","mainEntityOfPage":{"@id":"https:\/\/www.suno.com.br\/noticias\/dolar-hoje-sobe-em-meio-aversao-risco-exterior\/"},"wordCount":837,"publisher":{"@id":"https:\/\/www.suno.com.br\/noticias\/#organization"},"image":{"@id":"https:\/\/www.suno.com.br\/noticias\/dolar-hoje-sobe-em-meio-aversao-risco-exterior\/#primaryimage"},"thumbnailUrl":"https:\/\/files.sunoresearch.com.br\/n\/uploads\/2021\/03\/71e2e3ee-bank-notes-941246_1280-jpg.webp","keywords":["d\u00f3lar","d\u00f3lar futuro"],"articleSection":["Mercado"],"inLanguage":"pt-BR"},{"@type":"WebPage","@id":"https:\/\/www.suno.com.br\/noticias\/dolar-hoje-sobe-em-meio-aversao-risco-exterior\/","url":"https:\/\/www.suno.com.br\/noticias\/dolar-hoje-sobe-em-meio-aversao-risco-exterior\/","name":"D\u00f3lar sobe 1,00% em meio a avers\u00e3o a risco no exterior","isPartOf":{"@id":"https:\/\/www.suno.com.br\/noticias\/#website"},"primaryImageOfPage":{"@id":"https:\/\/www.suno.com.br\/noticias\/dolar-hoje-sobe-em-meio-aversao-risco-exterior\/#primaryimage"},"image":{"@id":"https:\/\/www.suno.com.br\/noticias\/dolar-hoje-sobe-em-meio-aversao-risco-exterior\/#primaryimage"},"thumbnailUrl":"https:\/\/files.sunoresearch.com.br\/n\/uploads\/2021\/03\/71e2e3ee-bank-notes-941246_1280-jpg.webp","datePublished":"2022-06-30T14:10:42+00:00","dateModified":"2022-06-30T14:59:51+00:00","description":"O d\u00f3lar opera em alta de 1,00% em meio a avers\u00e3o a risco no exterior. Saiba mais sobre a cota\u00e7\u00e3o e o desempenhe do d\u00f3lar hoje.","breadcrumb":{"@id":"https:\/\/www.suno.com.br\/noticias\/dolar-hoje-sobe-em-meio-aversao-risco-exterior\/#breadcrumb"},"inLanguage":"pt-BR","potentialAction":[{"@type":"ReadAction","target":["https:\/\/www.suno.com.br\/noticias\/dolar-hoje-sobe-em-meio-aversao-risco-exterior\/"]}]},{"@type":"ImageObject","inLanguage":"pt-BR","@id":"https:\/\/www.suno.com.br\/noticias\/dolar-hoje-sobe-em-meio-aversao-risco-exterior\/#primaryimage","url":"https:\/\/files.sunoresearch.com.br\/n\/uploads\/2021\/03\/71e2e3ee-bank-notes-941246_1280-jpg.webp","contentUrl":"https:\/\/files.sunoresearch.com.br\/n\/uploads\/2021\/03\/71e2e3ee-bank-notes-941246_1280-jpg.webp","width":1280,"height":960,"caption":"D\u00f3lar hoje. Foto: Pixabay"},{"@type":"BreadcrumbList","@id":"https:\/\/www.suno.com.br\/noticias\/dolar-hoje-sobe-em-meio-aversao-risco-exterior\/#breadcrumb","itemListElement":[{"@type":"ListItem","position":1,"name":"Not\u00edcias","item":"https:\/\/www.suno.com.br\/noticias\/"},{"@type":"ListItem","position":2,"name":"Mercado","item":"https:\/\/www.suno.com.br\/noticias\/mercado\/"},{"@type":"ListItem","position":3,"name":"D\u00f3lar sobe 1,00% em meio a avers\u00e3o a risco no exterior"}]},{"@type":"WebSite","@id":"https:\/\/www.suno.com.br\/noticias\/#website","url":"https:\/\/www.suno.com.br\/noticias\/","name":"Suno Not\u00edcias","description":"Seu portal de informa\u00e7\u00e3o sobre o mundo dos investimentos","publisher":{"@id":"https:\/\/www.suno.com.br\/noticias\/#organization"},"potentialAction":[{"@type":"SearchAction","target":{"@type":"EntryPoint","urlTemplate":"https:\/\/www.suno.com.br\/noticias\/?s={search_term_string}"},"query-input":{"@type":"PropertyValueSpecification","valueRequired":true,"valueName":"search_term_string"}}],"inLanguage":"pt-BR"},{"@type":"Organization","@id":"https:\/\/www.suno.com.br\/noticias\/#organization","name":"Suno Not\u00edcias","url":"https:\/\/www.suno.com.br\/noticias\/","logo":{"@type":"ImageObject","inLanguage":"pt-BR","@id":"https:\/\/www.suno.com.br\/noticias\/#\/schema\/logo\/image\/","url":"https:\/\/files.sunoresearch.com.br\/n\/uploads\/2021\/09\/suno-logo.png","contentUrl":"https:\/\/files.sunoresearch.com.br\/n\/uploads\/2021\/09\/suno-logo.png","width":180,"height":180,"caption":"Suno Not\u00edcias"},"image":{"@id":"https:\/\/www.suno.com.br\/noticias\/#\/schema\/logo\/image\/"},"sameAs":["https:\/\/facebook.com\/sunoresearch","https:\/\/x.com\/sunoresearch","https:\/\/www.instagram.com\/suno","https:\/\/www.linkedin.com\/company\/suno-research\/","https:\/\/www.youtube.com\/c\/sunoresearch"]},{"@type":"Person","@id":"https:\/\/www.suno.com.br\/noticias\/#\/schema\/person\/c1b1bd3727fa852bd045e9dbff3673ea","name":"Reda\u00e7\u00e3o Suno Not\u00edcias","image":{"@type":"ImageObject","inLanguage":"pt-BR","@id":"https:\/\/www.suno.com.br\/noticias\/#\/schema\/person\/image\/","url":"https:\/\/secure.gravatar.com\/avatar\/b8104b9b5a71985d5238ee59fbe418af?s=96&r=g","contentUrl":"https:\/\/secure.gravatar.com\/avatar\/b8104b9b5a71985d5238ee59fbe418af?s=96&r=g","caption":"Reda\u00e7\u00e3o Suno Not\u00edcias"},"description":"O Suno Not\u00edcias \u00e9 um portal de informa\u00e7\u00f5es sobre Mercado Financeiro, Pol\u00edtica, Neg\u00f3cios, Economia e Finan\u00e7as Pessoais.","sameAs":["https:\/\/www.suno.com.br\/noticias","https:\/\/www.facebook.com\/sunonoticias\/","https:\/\/www.instagram.com\/sunonoticias\/","https:\/\/x.com\/https:\/\/twitter.com\/sunoresearch","https:\/\/www.youtube.com\/sunonoticias"],"url":"https:\/\/www.suno.com.br\/noticias\/author\/redacao-suno\/"}]}},"default_loop_html":"<div class=\"cardsPage__listCard__boxs\"><div class=\"cardsPage__listCard__boxs__img\"><a href=\"https:\/\/www.suno.com.br\/noticias\/dolar-hoje-sobe-em-meio-aversao-risco-exterior\/\"><img class=\"mask\" src=\"https:\/\/www.suno.com.br\/noticias\/wp-content\/themes\/suno\/resources\/images\/spotlight\/spotlight1img\/bg-mask.png\" alt=\"Image Mask\"\/><img src=\"https:\/\/files.sunoresearch.com.br\/n\/uploads\/2021\/03\/71e2e3ee-bank-notes-941246_1280-400x200.webp\" alt=\"D\u00f3lar sobe 1,00% em meio a avers\u00e3o a risco no exterior\"\/><\/a><span class=\"spotlightCategory\"><a href=\"https:\/\/www.suno.com.br\/noticias\/mercado\/\">Mercado<\/a><\/span><\/div><div class=\"cardsPage__listCard__boxs__content\"><a href=\"https:\/\/www.suno.com.br\/noticias\/dolar-hoje-sobe-em-meio-aversao-risco-exterior\/\"><h2 class=\"content__title\">D\u00f3lar sobe 1,00% em meio a avers\u00e3o a risco no exterior<\/h2><\/a><div class=\"newsContent__article__meta\"><div class=\"newsContent__article__meta__authorBox\"><a href=\"https:\/\/www.suno.com.br\/noticias\/author\/redacao-suno\/\" class=\"authorBox__avatar noMobi\"><img src=\"https:\/\/files.sunoresearch.com.br\/n\/uploads\/2020\/08\/0ace682d-redacao-1-150x150.webp\" alt=\"Reda\u00e7\u00e3o Suno Not\u00edcias\"><\/a><div class=\"authorBox__name\"><span>por\n\t\t\t<a href=\"https:\/\/www.suno.com.br\/noticias\/author\/redacao-suno\/\"><span itemprop=\"author\">Reda\u00e7\u00e3o Suno Not\u00edcias<\/span><\/a><\/span><time datetime=\"2022-06-30T11:10:42-03:00\" itemprop=\"datePublished\">30\/06\/2022 11:10<\/time><\/div><\/div><\/div><\/div><\/div>","single_layout":"posts","amp_enabled":true,"_links":{"self":[{"href":"https:\/\/www.suno.com.br\/noticias\/wp-json\/wp\/v2\/posts\/272338"}],"collection":[{"href":"https:\/\/www.suno.com.br\/noticias\/wp-json\/wp\/v2\/posts"}],"about":[{"href":"https:\/\/www.suno.com.br\/noticias\/wp-json\/wp\/v2\/types\/post"}],"author":[{"embeddable":true,"href":"https:\/\/www.suno.com.br\/noticias\/wp-json\/wp\/v2\/users\/43"}],"replies":[{"embeddable":true,"href":"https:\/\/www.suno.com.br\/noticias\/wp-json\/wp\/v2\/comments?post=272338"}],"version-history":[{"count":3,"href":"https:\/\/www.suno.com.br\/noticias\/wp-json\/wp\/v2\/posts\/272338\/revisions"}],"predecessor-version":[{"id":272416,"href":"https:\/\/www.suno.com.br\/noticias\/wp-json\/wp\/v2\/posts\/272338\/revisions\/272416"}],"wp:featuredmedia":[{"embeddable":true,"href":"https:\/\/www.suno.com.br\/noticias\/wp-json\/wp\/v2\/media\/135093"}],"wp:attachment":[{"href":"https:\/\/www.suno.com.br\/noticias\/wp-json\/wp\/v2\/media?parent=272338"}],"wp:term":[{"taxonomy":"category","embeddable":true,"href":"https:\/\/www.suno.com.br\/noticias\/wp-json\/wp\/v2\/categories?post=272338"},{"taxonomy":"post_tag","embeddable":true,"href":"https:\/\/www.suno.com.br\/noticias\/wp-json\/wp\/v2\/tags?post=272338"},{"taxonomy":"suno_strategy","embeddable":true,"href":"https:\/\/www.suno.com.br\/noticias\/wp-json\/wp\/v2\/suno_strategy?post=272338"}],"curies":[{"name":"wp","href":"https:\/\/api.w.org\/{rel}","templated":true}]}}