{"id":272216,"date":"2022-06-30T11:56:40","date_gmt":"2022-06-30T14:56:40","guid":{"rendered":"https:\/\/www.suno.com.br\/noticias\/?p=272216"},"modified":"2022-06-30T11:56:40","modified_gmt":"2022-06-30T14:56:40","slug":"receita-paga-restituicoes-segundo-lote-imposto-de-renda-2022","status":"publish","type":"post","link":"https:\/\/www.suno.com.br\/noticias\/receita-paga-restituicoes-segundo-lote-imposto-de-renda-2022\/","title":{"rendered":"Receita paga\u00a0hoje\u00a0restitui\u00e7\u00f5es do segundo lote do Imposto de Renda 2022"},"content":{"rendered":"<p>A Receita Federal paga nesta\u00a0quinta-feira (30) as restitui\u00e7\u00f5es do segundo lote do<strong> Imposto de Renda<\/strong> de Pessoa F\u00edsica (IRPF) 2022. O lote tamb\u00e9m contemplar\u00e1 restitui\u00e7\u00f5es de anos anteriores.<img decoding=\"async\" style=\"width: 1px; height: 1px;\" src=\"https:\/\/agenciabrasil.ebc.com.br\/ebc.png?id=1468475&amp;o=rss\" \/><img decoding=\"async\" style=\"width: 1px; height: 1px;\" src=\"https:\/\/agenciabrasil.ebc.com.br\/ebc.gif?id=1468475&amp;o=rss\" \/><\/p>\t<div class=\"wrapper-featured-image\">\n\t\t<figure class=\"spotlightImg\">\n\n\t\t\t<picture>\n\t\t\t\t<source media=\"(max-width: 768px)\" srcset=\"https:\/\/files.sunoresearch.com.br\/n\/uploads\/2022\/03\/imposto-de-renda_2022-400x200.jpg\">\n\t\t\t\t<img loading=\"lazy\" decoding=\"async\" class=\"newsContent__article__imgCapa lazyloadDisabled \" src=\"https:\/\/files.sunoresearch.com.br\/n\/uploads\/2022\/03\/imposto-de-renda_2022-800x450.jpg\" width=\"800\" height=\"450\" alt=\"Receita paga\u00a0hoje\u00a0restitui\u00e7\u00f5es do segundo lote do Imposto de Renda 2022\" fetchpriority=high \/>\n\t\t\t<\/picture>\n\n\t\t\t<figcaption class=\"wp-caption-text wp-caption-text--show\">Imposto de renda 2022. Foto: Marcelo Camargo\/Ag\u00eancia Brasil<\/figcaption>\n\t\t<\/figure>\n\t<\/div>\n\n\n\t<p>\n\t\t<a href=\"https:\/\/lp.suno.com.br\/planilha-controle-gastos\/\" target=\"_blank\" data-element=\"shortcode-suno-banner\" title=\"Banner SUNO, clique e saiba mais\">\n\t\t\t<picture>\n\t\t\t\t<source media=\"(max-width: 500px)\" srcset=\"https:\/\/files.sunoresearch.com.br\/n\/uploads\/2023\/03\/400x300-Planilha-controle-de-gastos.png\">\n\t\t\t\t<img class=\"newsContent__article__imgCapa newsContent__article__imgCapa--banner\"\n\t\t\t\t\tsrc=\"https:\/\/files.sunoresearch.com.br\/n\/uploads\/2023\/03\/1420x240-Planilha-controle-de-gastos.png\"\n\t\t\t\t\tdata-promo-id=\"101751\"\t\t\t\t\t\t\t\t\t\twidth='1420' height='240'\t\t\t\t\talt=\"https:\/\/files.sunoresearch.com.br\/n\/uploads\/2023\/03\/1420x240-Planilha-controle-de-gastos.png\"\n\t\t\t\t>\n\t\t\t<\/picture>\n\t\t<\/a>\n\t<\/p>\n\n\n<p>Ao todo, 4.250.448 contribuintes receber\u00e3o R$ 6,3 bilh\u00f5es. Desse total, 2.776.808\u202fs\u00e3o contribuintes n\u00e3o priorit\u00e1rios que entregaram <strong>declara\u00e7\u00f5es do Imposto de Renda<\/strong> de exerc\u00edcios anteriores at\u00e9 19 de mar\u00e7o deste ano.<\/p>\n<p>O restante tem prioridade legal, sendo 87.401 idosos acima de 80 anos; 675.495\u202fentre 60 e 79\u202fanos; 48.913\u202fcontribuintes\u202fcom alguma defici\u00eancia f\u00edsica ou mental ou doen\u00e7a grave e 661.831\u202fcontribuintes cuja maior fonte de renda seja o magist\u00e9rio.<\/p>\n<p>Inicialmente prevista para terminar em\u00a029 de abril, o<strong> prazo de entrega da Declara\u00e7\u00e3o do Imposto de Renda Pessoa<\/strong> F\u00edsica foi adiado para\u00a031 de maio, a fim de diminuir os efeitos da pandemia de covid-19 que pudessem prejudicar o envio, como atraso na obten\u00e7\u00e3o de comprovantes. Apesar do adiamento, o calend\u00e1rio original de restitui\u00e7\u00e3o foi mantido, com cinco lotes a serem pagos entre maio e setembro, sempre no \u00faltimo dia \u00fatil de cada m\u00eas.<\/p>\n\t<p>\n\t\t<a href=\"\" target=\"_blank\" data-element=\"shortcode-suno-banner\" title=\"Banner SUNO, clique e saiba mais\">\n\t\t\t<picture>\n\t\t\t\t<source media=\"(max-width: 500px)\" srcset=\"\">\n\t\t\t\t<img class=\"newsContent__article__imgCapa newsContent__article__imgCapa--banner\"\n\t\t\t\t\tsrc=\"\"\n\t\t\t\t\tdata-promo-id=\"264348\"\t\t\t\t\t\t\t\t\t\t\t\t\t\t\talt=\"\"\n\t\t\t\t>\n\t\t\t<\/picture>\n\t\t<\/a>\n\t<\/p>\n\n\n<h2>Como consultar restitui\u00e7\u00e3o do Imposto de Renda<\/h2>\n<p>A consulta pode ser feita na <a href=\"http:\/\/receita.economia.gov.br\/\" target=\"_blank\" rel=\"noopener\">p\u00e1gina da Receita<\/a> Federal na internet. Basta o contribuinte clicar no campo Meu Imposto de Renda\u00a0e, em seguida, Consultar Restitui\u00e7\u00e3o. A consulta tamb\u00e9m pode ser feita no aplicativo Meu Imposto de Renda, dispon\u00edvel para os <em>smartphones<\/em> dos sistemas Android e iOS.<\/p>\n<p>Quem n\u00e3o est\u00e1 na lista pode consultar o extrato da declara\u00e7\u00e3o para verificar eventuais pend\u00eancias. Nesse caso, o contribuinte dever\u00e1 entrar na p\u00e1gina do Centro Virtual de Atendimento da Receita (e-CAC) e verificar se h\u00e1 inconsist\u00eancias de dados. Nessa hip\u00f3tese, o contribuinte pode avaliar as inconsist\u00eancias e fazer a autorregulariza\u00e7\u00e3o, mediante entrega de declara\u00e7\u00e3o retificadora.<\/p>\n<p>A restitui\u00e7\u00e3o do <strong>Imposto de Renda<\/strong> fica dispon\u00edvel no banco durante um ano. Caso o valor n\u00e3o seja creditado, o contribuinte poder\u00e1 contatar pessoalmente qualquer ag\u00eancia do Banco do Brasil ou ligar para a Central de Atendimento da Receita por meio do telefone 4004-0001 (capitais), 0800-729-0001 (demais localidades) e 0800-729-0088 (telefone especial exclusivo para deficientes auditivos) para agendar o cr\u00e9dito em conta corrente ou poupan\u00e7a, em seu nome, em qualquer banco.<\/p>\n<p class=\"newsProviderSignature\"><em>(Com informa\u00e7\u00f5es da Ag\u00eancia Brasil)<\/em><\/p>\n\t<p>\n\t\t<a href=\"https:\/\/lp.suno.com.br\/planilha-de-controle-de-investimentos\/\" target=\"_blank\" data-element=\"shortcode-suno-banner\" title=\"Banner SUNO, clique e saiba mais\">\n\t\t\t<picture>\n\t\t\t\t<source media=\"(max-width: 500px)\" srcset=\"https:\/\/files.sunoresearch.com.br\/n\/uploads\/2023\/03\/400x300-Controle-de-Investimentos.png\">\n\t\t\t\t<img class=\"newsContent__article__imgCapa newsContent__article__imgCapa--banner\"\n\t\t\t\t\tsrc=\"https:\/\/files.sunoresearch.com.br\/n\/uploads\/2023\/03\/1420x240-Controle-de-Investimentos.png\"\n\t\t\t\t\tdata-promo-id=\"75934\"\t\t\t\t\t\t\t\t\t\twidth='1420' height='240'\t\t\t\t\talt=\"https:\/\/files.sunoresearch.com.br\/n\/uploads\/2023\/03\/1420x240-Controle-de-Investimentos.png\"\n\t\t\t\t>\n\t\t\t<\/picture>\n\t\t<\/a>\n\t<\/p>\n\n\n","protected":false},"excerpt":{"rendered":"<p>A Receita Federal paga nesta\u00a0quinta-feira (30) as restitui\u00e7\u00f5es do segundo lote do Imposto de Renda de Pessoa F\u00edsica (IRPF) 2022. O lote tamb\u00e9m contemplar\u00e1 restitui\u00e7\u00f5es de anos anteriores. Imposto de renda 2022. Foto: Marcelo Camargo\/Ag\u00eancia Brasil Ao todo, 4.250.448 contribuintes receber\u00e3o R$ 6,3 bilh\u00f5es. Desse total, 2.776.808\u202fs\u00e3o contribuintes n\u00e3o priorit\u00e1rios que entregaram declara\u00e7\u00f5es do Imposto [&hellip;]<\/p>\n","protected":false},"author":15,"featured_media":238481,"comment_status":"closed","ping_status":"closed","sticky":false,"template":"","format":"standard","meta":[],"categories":[62],"tags":[303],"suno_strategy":[],"class_list":["post-272216","post","type-post","status-publish","format-standard","has-post-thumbnail","hentry","category-economia","tag-imposto-de-renda"],"yoast_head":"<!-- This site is optimized with the Yoast SEO plugin v24.4 - https:\/\/yoast.com\/wordpress\/plugins\/seo\/ -->\n<title>Receita paga\u00a0hoje\u00a0restitui\u00e7\u00f5es do segundo lote do Imposto de Renda 2022<\/title>\n<meta name=\"description\" content=\"A Receita Federal paga nesta\u00a0quinta-feira (30) as restitui\u00e7\u00f5es do segundo lote do Imposto de Renda 2022. Veja aqui!\" \/>\n<meta name=\"robots\" content=\"index, follow, max-snippet:-1, max-image-preview:large, max-video-preview:-1\" \/>\n<link rel=\"canonical\" href=\"https:\/\/www.suno.com.br\/noticias\/receita-paga-restituicoes-segundo-lote-imposto-de-renda-2022\/\" \/>\n<meta property=\"og:locale\" content=\"pt_BR\" \/>\n<meta property=\"og:type\" content=\"article\" \/>\n<meta property=\"og:title\" content=\"Receita paga\u00a0hoje\u00a0restitui\u00e7\u00f5es do segundo lote do Imposto de Renda 2022\" \/>\n<meta property=\"og:description\" content=\"A Receita Federal paga nesta\u00a0quinta-feira (30) as restitui\u00e7\u00f5es do segundo lote do Imposto de Renda 2022. Veja aqui!\" \/>\n<meta property=\"og:url\" content=\"https:\/\/www.suno.com.br\/noticias\/receita-paga-restituicoes-segundo-lote-imposto-de-renda-2022\/\" \/>\n<meta property=\"og:site_name\" content=\"Suno Not\u00edcias\" \/>\n<meta property=\"article:publisher\" content=\"https:\/\/facebook.com\/sunoresearch\" \/>\n<meta property=\"og:image\" content=\"https:\/\/files.sunoresearch.com.br\/n\/uploads\/2022\/03\/imposto-de-renda_2022-scaled.jpg\" \/>\n\t<meta property=\"og:image:width\" content=\"2560\" \/>\n\t<meta property=\"og:image:height\" content=\"1707\" \/>\n\t<meta property=\"og:image:type\" content=\"image\/jpeg\" \/>\n<meta name=\"author\" content=\"Poliana Santos\" \/>\n<meta name=\"twitter:card\" content=\"summary_large_image\" \/>\n<meta name=\"twitter:creator\" content=\"@sunoresearch\" \/>\n<meta name=\"twitter:site\" content=\"@sunoresearch\" \/>\n<meta name=\"twitter:label1\" content=\"Escrito por\" \/>\n\t<meta name=\"twitter:data1\" content=\"Poliana Santos\" \/>\n\t<meta name=\"twitter:label2\" content=\"Est. tempo de leitura\" \/>\n\t<meta name=\"twitter:data2\" content=\"3 minutos\" \/>\n<script type=\"application\/ld+json\" class=\"yoast-schema-graph\">{\"@context\":\"https:\/\/schema.org\",\"@graph\":[{\"@type\":\"NewsArticle\",\"@id\":\"https:\/\/www.suno.com.br\/noticias\/receita-paga-restituicoes-segundo-lote-imposto-de-renda-2022\/#article\",\"isPartOf\":{\"@id\":\"https:\/\/www.suno.com.br\/noticias\/receita-paga-restituicoes-segundo-lote-imposto-de-renda-2022\/\"},\"author\":{\"name\":\"Poliana Santos\",\"@id\":\"https:\/\/www.suno.com.br\/noticias\/#\/schema\/person\/02ec1f752758247878a2bf4abee1aeda\"},\"headline\":\"Receita paga\u00a0hoje\u00a0restitui\u00e7\u00f5es do segundo lote do Imposto de Renda 2022\",\"datePublished\":\"2022-06-30T14:56:40+00:00\",\"mainEntityOfPage\":{\"@id\":\"https:\/\/www.suno.com.br\/noticias\/receita-paga-restituicoes-segundo-lote-imposto-de-renda-2022\/\"},\"wordCount\":413,\"publisher\":{\"@id\":\"https:\/\/www.suno.com.br\/noticias\/#organization\"},\"image\":{\"@id\":\"https:\/\/www.suno.com.br\/noticias\/receita-paga-restituicoes-segundo-lote-imposto-de-renda-2022\/#primaryimage\"},\"thumbnailUrl\":\"https:\/\/files.sunoresearch.com.br\/n\/uploads\/2022\/03\/imposto-de-renda_2022-scaled.jpg\",\"keywords\":[\"Imposto de Renda\"],\"articleSection\":[\"Economia\"],\"inLanguage\":\"pt-BR\"},{\"@type\":\"WebPage\",\"@id\":\"https:\/\/www.suno.com.br\/noticias\/receita-paga-restituicoes-segundo-lote-imposto-de-renda-2022\/\",\"url\":\"https:\/\/www.suno.com.br\/noticias\/receita-paga-restituicoes-segundo-lote-imposto-de-renda-2022\/\",\"name\":\"Receita paga\u00a0hoje\u00a0restitui\u00e7\u00f5es do segundo lote do Imposto de Renda 2022\",\"isPartOf\":{\"@id\":\"https:\/\/www.suno.com.br\/noticias\/#website\"},\"primaryImageOfPage\":{\"@id\":\"https:\/\/www.suno.com.br\/noticias\/receita-paga-restituicoes-segundo-lote-imposto-de-renda-2022\/#primaryimage\"},\"image\":{\"@id\":\"https:\/\/www.suno.com.br\/noticias\/receita-paga-restituicoes-segundo-lote-imposto-de-renda-2022\/#primaryimage\"},\"thumbnailUrl\":\"https:\/\/files.sunoresearch.com.br\/n\/uploads\/2022\/03\/imposto-de-renda_2022-scaled.jpg\",\"datePublished\":\"2022-06-30T14:56:40+00:00\",\"description\":\"A Receita Federal paga nesta\u00a0quinta-feira (30) as restitui\u00e7\u00f5es do segundo lote do Imposto de Renda 2022. Veja aqui!\",\"breadcrumb\":{\"@id\":\"https:\/\/www.suno.com.br\/noticias\/receita-paga-restituicoes-segundo-lote-imposto-de-renda-2022\/#breadcrumb\"},\"inLanguage\":\"pt-BR\",\"potentialAction\":[{\"@type\":\"ReadAction\",\"target\":[\"https:\/\/www.suno.com.br\/noticias\/receita-paga-restituicoes-segundo-lote-imposto-de-renda-2022\/\"]}]},{\"@type\":\"ImageObject\",\"inLanguage\":\"pt-BR\",\"@id\":\"https:\/\/www.suno.com.br\/noticias\/receita-paga-restituicoes-segundo-lote-imposto-de-renda-2022\/#primaryimage\",\"url\":\"https:\/\/files.sunoresearch.com.br\/n\/uploads\/2022\/03\/imposto-de-renda_2022-scaled.jpg\",\"contentUrl\":\"https:\/\/files.sunoresearch.com.br\/n\/uploads\/2022\/03\/imposto-de-renda_2022-scaled.jpg\",\"width\":2560,\"height\":1707,\"caption\":\"Imposto de renda 2022. Foto: Marcelo Camargo\/Ag\u00eancia Brasil\"},{\"@type\":\"BreadcrumbList\",\"@id\":\"https:\/\/www.suno.com.br\/noticias\/receita-paga-restituicoes-segundo-lote-imposto-de-renda-2022\/#breadcrumb\",\"itemListElement\":[{\"@type\":\"ListItem\",\"position\":1,\"name\":\"Not\u00edcias\",\"item\":\"https:\/\/www.suno.com.br\/noticias\/\"},{\"@type\":\"ListItem\",\"position\":2,\"name\":\"Economia\",\"item\":\"https:\/\/www.suno.com.br\/noticias\/economia\/\"},{\"@type\":\"ListItem\",\"position\":3,\"name\":\"Receita paga\u00a0hoje\u00a0restitui\u00e7\u00f5es do segundo lote do Imposto de Renda 2022\"}]},{\"@type\":\"WebSite\",\"@id\":\"https:\/\/www.suno.com.br\/noticias\/#website\",\"url\":\"https:\/\/www.suno.com.br\/noticias\/\",\"name\":\"Suno Not\u00edcias\",\"description\":\"Seu portal de informa\u00e7\u00e3o sobre o mundo dos investimentos\",\"publisher\":{\"@id\":\"https:\/\/www.suno.com.br\/noticias\/#organization\"},\"potentialAction\":[{\"@type\":\"SearchAction\",\"target\":{\"@type\":\"EntryPoint\",\"urlTemplate\":\"https:\/\/www.suno.com.br\/noticias\/?s={search_term_string}\"},\"query-input\":{\"@type\":\"PropertyValueSpecification\",\"valueRequired\":true,\"valueName\":\"search_term_string\"}}],\"inLanguage\":\"pt-BR\"},{\"@type\":\"Organization\",\"@id\":\"https:\/\/www.suno.com.br\/noticias\/#organization\",\"name\":\"Suno Not\u00edcias\",\"url\":\"https:\/\/www.suno.com.br\/noticias\/\",\"logo\":{\"@type\":\"ImageObject\",\"inLanguage\":\"pt-BR\",\"@id\":\"https:\/\/www.suno.com.br\/noticias\/#\/schema\/logo\/image\/\",\"url\":\"https:\/\/files.sunoresearch.com.br\/n\/uploads\/2021\/09\/suno-logo.png\",\"contentUrl\":\"https:\/\/files.sunoresearch.com.br\/n\/uploads\/2021\/09\/suno-logo.png\",\"width\":180,\"height\":180,\"caption\":\"Suno Not\u00edcias\"},\"image\":{\"@id\":\"https:\/\/www.suno.com.br\/noticias\/#\/schema\/logo\/image\/\"},\"sameAs\":[\"https:\/\/facebook.com\/sunoresearch\",\"https:\/\/x.com\/sunoresearch\",\"https:\/\/www.instagram.com\/suno\",\"https:\/\/www.linkedin.com\/company\/suno-research\/\",\"https:\/\/www.youtube.com\/c\/sunoresearch\"]},{\"@type\":\"Person\",\"@id\":\"https:\/\/www.suno.com.br\/noticias\/#\/schema\/person\/02ec1f752758247878a2bf4abee1aeda\",\"name\":\"Poliana Santos\",\"image\":{\"@type\":\"ImageObject\",\"inLanguage\":\"pt-BR\",\"@id\":\"https:\/\/www.suno.com.br\/noticias\/#\/schema\/person\/image\/\",\"url\":\"https:\/\/secure.gravatar.com\/avatar\/0645bd32f23d87b2130f2b2dff1d3f8d?s=96&r=g\",\"contentUrl\":\"https:\/\/secure.gravatar.com\/avatar\/0645bd32f23d87b2130f2b2dff1d3f8d?s=96&r=g\",\"caption\":\"Poliana Santos\"},\"description\":\"Rep\u00f3rter no Suno Not\u00edcias, com cobertura em mercado financeiro, economia, finan\u00e7as pessoais, renda fixa e varejo. Jornalista formada pela Faculdade C\u00e1sper L\u00edbero e possui passagem na R\u00e1dio Gazeta AM com a produ\u00e7\u00e3o de conte\u00fado sobre economia, pol\u00edtica, sa\u00fade, moda e m\u00fasica. Possui certificado de conclus\u00e3o do curso de An\u00e1lise de Balan\u00e7os pela Funda\u00e7\u00e3o Bradesco, Agenda Brasil pela FAAP, Educa\u00e7\u00e3o Pol\u00edtica por Alexandre Garcia e do Tesouro Direto e Mercado de A\u00e7\u00f5es pela B3.\",\"url\":\"https:\/\/www.suno.com.br\/noticias\/author\/poliana-santos\/\"}]}<\/script>\n<!-- \/ Yoast SEO plugin. -->","yoast_head_json":{"title":"Receita paga\u00a0hoje\u00a0restitui\u00e7\u00f5es do segundo lote do Imposto de Renda 2022","description":"A Receita Federal paga nesta\u00a0quinta-feira (30) as restitui\u00e7\u00f5es do segundo lote do Imposto de Renda 2022. Veja aqui!","robots":{"index":"index","follow":"follow","max-snippet":"max-snippet:-1","max-image-preview":"max-image-preview:large","max-video-preview":"max-video-preview:-1"},"canonical":"https:\/\/www.suno.com.br\/noticias\/receita-paga-restituicoes-segundo-lote-imposto-de-renda-2022\/","og_locale":"pt_BR","og_type":"article","og_title":"Receita paga\u00a0hoje\u00a0restitui\u00e7\u00f5es do segundo lote do Imposto de Renda 2022","og_description":"A Receita Federal paga nesta\u00a0quinta-feira (30) as restitui\u00e7\u00f5es do segundo lote do Imposto de Renda 2022. Veja aqui!","og_url":"https:\/\/www.suno.com.br\/noticias\/receita-paga-restituicoes-segundo-lote-imposto-de-renda-2022\/","og_site_name":"Suno Not\u00edcias","article_publisher":"https:\/\/facebook.com\/sunoresearch","og_image":[{"width":2560,"height":1707,"url":"https:\/\/files.sunoresearch.com.br\/n\/uploads\/2022\/03\/imposto-de-renda_2022-scaled.jpg","type":"image\/jpeg"}],"author":"Poliana Santos","twitter_card":"summary_large_image","twitter_creator":"@sunoresearch","twitter_site":"@sunoresearch","twitter_misc":{"Escrito por":"Poliana Santos","Est. tempo de leitura":"3 minutos"},"schema":{"@context":"https:\/\/schema.org","@graph":[{"@type":"NewsArticle","@id":"https:\/\/www.suno.com.br\/noticias\/receita-paga-restituicoes-segundo-lote-imposto-de-renda-2022\/#article","isPartOf":{"@id":"https:\/\/www.suno.com.br\/noticias\/receita-paga-restituicoes-segundo-lote-imposto-de-renda-2022\/"},"author":{"name":"Poliana Santos","@id":"https:\/\/www.suno.com.br\/noticias\/#\/schema\/person\/02ec1f752758247878a2bf4abee1aeda"},"headline":"Receita paga\u00a0hoje\u00a0restitui\u00e7\u00f5es do segundo lote do Imposto de Renda 2022","datePublished":"2022-06-30T14:56:40+00:00","mainEntityOfPage":{"@id":"https:\/\/www.suno.com.br\/noticias\/receita-paga-restituicoes-segundo-lote-imposto-de-renda-2022\/"},"wordCount":413,"publisher":{"@id":"https:\/\/www.suno.com.br\/noticias\/#organization"},"image":{"@id":"https:\/\/www.suno.com.br\/noticias\/receita-paga-restituicoes-segundo-lote-imposto-de-renda-2022\/#primaryimage"},"thumbnailUrl":"https:\/\/files.sunoresearch.com.br\/n\/uploads\/2022\/03\/imposto-de-renda_2022-scaled.jpg","keywords":["Imposto de Renda"],"articleSection":["Economia"],"inLanguage":"pt-BR"},{"@type":"WebPage","@id":"https:\/\/www.suno.com.br\/noticias\/receita-paga-restituicoes-segundo-lote-imposto-de-renda-2022\/","url":"https:\/\/www.suno.com.br\/noticias\/receita-paga-restituicoes-segundo-lote-imposto-de-renda-2022\/","name":"Receita paga\u00a0hoje\u00a0restitui\u00e7\u00f5es do segundo lote do Imposto de Renda 2022","isPartOf":{"@id":"https:\/\/www.suno.com.br\/noticias\/#website"},"primaryImageOfPage":{"@id":"https:\/\/www.suno.com.br\/noticias\/receita-paga-restituicoes-segundo-lote-imposto-de-renda-2022\/#primaryimage"},"image":{"@id":"https:\/\/www.suno.com.br\/noticias\/receita-paga-restituicoes-segundo-lote-imposto-de-renda-2022\/#primaryimage"},"thumbnailUrl":"https:\/\/files.sunoresearch.com.br\/n\/uploads\/2022\/03\/imposto-de-renda_2022-scaled.jpg","datePublished":"2022-06-30T14:56:40+00:00","description":"A Receita Federal paga nesta\u00a0quinta-feira (30) as restitui\u00e7\u00f5es do segundo lote do Imposto de Renda 2022. Veja aqui!","breadcrumb":{"@id":"https:\/\/www.suno.com.br\/noticias\/receita-paga-restituicoes-segundo-lote-imposto-de-renda-2022\/#breadcrumb"},"inLanguage":"pt-BR","potentialAction":[{"@type":"ReadAction","target":["https:\/\/www.suno.com.br\/noticias\/receita-paga-restituicoes-segundo-lote-imposto-de-renda-2022\/"]}]},{"@type":"ImageObject","inLanguage":"pt-BR","@id":"https:\/\/www.suno.com.br\/noticias\/receita-paga-restituicoes-segundo-lote-imposto-de-renda-2022\/#primaryimage","url":"https:\/\/files.sunoresearch.com.br\/n\/uploads\/2022\/03\/imposto-de-renda_2022-scaled.jpg","contentUrl":"https:\/\/files.sunoresearch.com.br\/n\/uploads\/2022\/03\/imposto-de-renda_2022-scaled.jpg","width":2560,"height":1707,"caption":"Imposto de renda 2022. Foto: Marcelo Camargo\/Ag\u00eancia Brasil"},{"@type":"BreadcrumbList","@id":"https:\/\/www.suno.com.br\/noticias\/receita-paga-restituicoes-segundo-lote-imposto-de-renda-2022\/#breadcrumb","itemListElement":[{"@type":"ListItem","position":1,"name":"Not\u00edcias","item":"https:\/\/www.suno.com.br\/noticias\/"},{"@type":"ListItem","position":2,"name":"Economia","item":"https:\/\/www.suno.com.br\/noticias\/economia\/"},{"@type":"ListItem","position":3,"name":"Receita paga\u00a0hoje\u00a0restitui\u00e7\u00f5es do segundo lote do Imposto de Renda 2022"}]},{"@type":"WebSite","@id":"https:\/\/www.suno.com.br\/noticias\/#website","url":"https:\/\/www.suno.com.br\/noticias\/","name":"Suno Not\u00edcias","description":"Seu portal de informa\u00e7\u00e3o sobre o mundo dos investimentos","publisher":{"@id":"https:\/\/www.suno.com.br\/noticias\/#organization"},"potentialAction":[{"@type":"SearchAction","target":{"@type":"EntryPoint","urlTemplate":"https:\/\/www.suno.com.br\/noticias\/?s={search_term_string}"},"query-input":{"@type":"PropertyValueSpecification","valueRequired":true,"valueName":"search_term_string"}}],"inLanguage":"pt-BR"},{"@type":"Organization","@id":"https:\/\/www.suno.com.br\/noticias\/#organization","name":"Suno Not\u00edcias","url":"https:\/\/www.suno.com.br\/noticias\/","logo":{"@type":"ImageObject","inLanguage":"pt-BR","@id":"https:\/\/www.suno.com.br\/noticias\/#\/schema\/logo\/image\/","url":"https:\/\/files.sunoresearch.com.br\/n\/uploads\/2021\/09\/suno-logo.png","contentUrl":"https:\/\/files.sunoresearch.com.br\/n\/uploads\/2021\/09\/suno-logo.png","width":180,"height":180,"caption":"Suno Not\u00edcias"},"image":{"@id":"https:\/\/www.suno.com.br\/noticias\/#\/schema\/logo\/image\/"},"sameAs":["https:\/\/facebook.com\/sunoresearch","https:\/\/x.com\/sunoresearch","https:\/\/www.instagram.com\/suno","https:\/\/www.linkedin.com\/company\/suno-research\/","https:\/\/www.youtube.com\/c\/sunoresearch"]},{"@type":"Person","@id":"https:\/\/www.suno.com.br\/noticias\/#\/schema\/person\/02ec1f752758247878a2bf4abee1aeda","name":"Poliana Santos","image":{"@type":"ImageObject","inLanguage":"pt-BR","@id":"https:\/\/www.suno.com.br\/noticias\/#\/schema\/person\/image\/","url":"https:\/\/secure.gravatar.com\/avatar\/0645bd32f23d87b2130f2b2dff1d3f8d?s=96&r=g","contentUrl":"https:\/\/secure.gravatar.com\/avatar\/0645bd32f23d87b2130f2b2dff1d3f8d?s=96&r=g","caption":"Poliana Santos"},"description":"Rep\u00f3rter no Suno Not\u00edcias, com cobertura em mercado financeiro, economia, finan\u00e7as pessoais, renda fixa e varejo. Jornalista formada pela Faculdade C\u00e1sper L\u00edbero e possui passagem na R\u00e1dio Gazeta AM com a produ\u00e7\u00e3o de conte\u00fado sobre economia, pol\u00edtica, sa\u00fade, moda e m\u00fasica. Possui certificado de conclus\u00e3o do curso de An\u00e1lise de Balan\u00e7os pela Funda\u00e7\u00e3o Bradesco, Agenda Brasil pela FAAP, Educa\u00e7\u00e3o Pol\u00edtica por Alexandre Garcia e do Tesouro Direto e Mercado de A\u00e7\u00f5es pela B3.","url":"https:\/\/www.suno.com.br\/noticias\/author\/poliana-santos\/"}]}},"default_loop_html":"<div class=\"cardsPage__listCard__boxs\"><div class=\"cardsPage__listCard__boxs__img\"><a href=\"https:\/\/www.suno.com.br\/noticias\/receita-paga-restituicoes-segundo-lote-imposto-de-renda-2022\/\"><img class=\"mask\" src=\"https:\/\/www.suno.com.br\/noticias\/wp-content\/themes\/suno\/resources\/images\/spotlight\/spotlight1img\/bg-mask.png\" alt=\"Image Mask\"\/><img src=\"https:\/\/files.sunoresearch.com.br\/n\/uploads\/2022\/03\/imposto-de-renda_2022-400x200.jpg\" alt=\"Receita paga\u00a0hoje\u00a0restitui\u00e7\u00f5es do segundo lote do Imposto de Renda 2022\"\/><\/a><span class=\"spotlightCategory\"><a href=\"https:\/\/www.suno.com.br\/noticias\/economia\/\">Economia<\/a><\/span><\/div><div class=\"cardsPage__listCard__boxs__content\"><a href=\"https:\/\/www.suno.com.br\/noticias\/receita-paga-restituicoes-segundo-lote-imposto-de-renda-2022\/\"><h2 class=\"content__title\">Receita paga\u00a0hoje\u00a0restitui\u00e7\u00f5es do segundo lote do Imposto de Renda 2022<\/h2><\/a><div class=\"newsContent__article__meta\"><div class=\"newsContent__article__meta__authorBox\"><a href=\"https:\/\/www.suno.com.br\/noticias\/author\/poliana-santos\/\" class=\"authorBox__avatar noMobi\"><img src=\"https:\/\/files.sunoresearch.com.br\/n\/uploads\/2020\/08\/7ef34026-whatsapp-image-2020-08-03-at-12.37.57-150x150.webp\" alt=\"Poliana Santos\"><\/a><div class=\"authorBox__name\"><span>por\n\t\t\t<a href=\"https:\/\/www.suno.com.br\/noticias\/author\/poliana-santos\/\"><span itemprop=\"author\">Poliana Santos<\/span><\/a><\/span><time datetime=\"2022-06-30T11:56:40-03:00\" itemprop=\"datePublished\">30\/06\/2022 11:56<\/time><\/div><\/div><\/div><\/div><\/div>","single_layout":"posts","amp_enabled":true,"_links":{"self":[{"href":"https:\/\/www.suno.com.br\/noticias\/wp-json\/wp\/v2\/posts\/272216"}],"collection":[{"href":"https:\/\/www.suno.com.br\/noticias\/wp-json\/wp\/v2\/posts"}],"about":[{"href":"https:\/\/www.suno.com.br\/noticias\/wp-json\/wp\/v2\/types\/post"}],"author":[{"embeddable":true,"href":"https:\/\/www.suno.com.br\/noticias\/wp-json\/wp\/v2\/users\/15"}],"replies":[{"embeddable":true,"href":"https:\/\/www.suno.com.br\/noticias\/wp-json\/wp\/v2\/comments?post=272216"}],"version-history":[{"count":2,"href":"https:\/\/www.suno.com.br\/noticias\/wp-json\/wp\/v2\/posts\/272216\/revisions"}],"predecessor-version":[{"id":272413,"href":"https:\/\/www.suno.com.br\/noticias\/wp-json\/wp\/v2\/posts\/272216\/revisions\/272413"}],"wp:featuredmedia":[{"embeddable":true,"href":"https:\/\/www.suno.com.br\/noticias\/wp-json\/wp\/v2\/media\/238481"}],"wp:attachment":[{"href":"https:\/\/www.suno.com.br\/noticias\/wp-json\/wp\/v2\/media?parent=272216"}],"wp:term":[{"taxonomy":"category","embeddable":true,"href":"https:\/\/www.suno.com.br\/noticias\/wp-json\/wp\/v2\/categories?post=272216"},{"taxonomy":"post_tag","embeddable":true,"href":"https:\/\/www.suno.com.br\/noticias\/wp-json\/wp\/v2\/tags?post=272216"},{"taxonomy":"suno_strategy","embeddable":true,"href":"https:\/\/www.suno.com.br\/noticias\/wp-json\/wp\/v2\/suno_strategy?post=272216"}],"curies":[{"name":"wp","href":"https:\/\/api.w.org\/{rel}","templated":true}]}}