{"id":27219,"date":"2019-06-04T19:48:17","date_gmt":"2019-06-04T22:48:17","guid":{"rendered":"https:\/\/www.suno.com.br\/noticias\/?p=27219"},"modified":"2021-06-13T23:43:59","modified_gmt":"2021-06-14T02:43:59","slug":"banco-mundial-reduz-pib-global","status":"publish","type":"post","link":"https:\/\/www.suno.com.br\/noticias\/banco-mundial-reduz-pib-global\/","title":{"rendered":"Banco Mundial reduz previs\u00e3o do PIB global de 2,9% para 2,6%"},"content":{"rendered":"<p>O <strong>Banco Mundial<\/strong> reduziu a previs\u00e3o de crescimento do PIB global em 2019 para 2,6%. A \u00faltima expectativa divulgada para o crescimento era de 2,9%. Assim, o dado foi divulgado no relat\u00f3rio &#8220;<strong>Perspectivas Econ\u00f4micas Globais<\/strong>&#8221; nesta ter\u00e7a-feira (4).<\/p>\t<div class=\"wrapper-featured-image\">\n\t\t<figure class=\"spotlightImg\">\n\n\t\t\t<picture>\n\t\t\t\t<source media=\"(max-width: 768px)\" srcset=\"https:\/\/files.sunoresearch.com.br\/n\/uploads\/2019\/04\/56b6b603-boletim-focus-400x200.webp\">\n\t\t\t\t<img loading=\"lazy\" decoding=\"async\" class=\"newsContent__article__imgCapa lazyloadDisabled newsContent__article__imgCapa--noCaption\" src=\"https:\/\/files.sunoresearch.com.br\/n\/uploads\/2019\/04\/56b6b603-boletim-focus-800x450.webp\" width=\"800\" height=\"450\" alt=\"Banco Mundial reduz previs\u00e3o do PIB global de 2,9% para 2,6%\" fetchpriority=high \/>\n\t\t\t<\/picture>\n\n\t\t\t<figcaption class=\"wp-caption-text wp-caption-text--hide\">Boletim Focus <\/figcaption>\n\t\t<\/figure>\n\t<\/div>\n\n\n<p>A redu\u00e7\u00e3o da proje\u00e7\u00e3o do <strong>PIB global<\/strong> se d\u00e1 principalmente pela desacelera\u00e7\u00e3o do <strong>com\u00e9rcio<\/strong> e da <strong>economia<\/strong> mundiais. Al\u00e9m disso, a <strong>ind\u00fastria<\/strong> tamb\u00e9m apresentou resultado aqu\u00e9m do esperado para um bom crescimento.<\/p>\n\t<p>\n\t\t<a href=\"https:\/\/www.suno.com.br\/wealth\/\" target=\"_blank\" data-element=\"shortcode-suno-banner\" title=\"Banner SUNO, clique e saiba mais\">\n\t\t\t<picture>\n\t\t\t\t<source media=\"(max-width: 500px)\" srcset=\"https:\/\/files.sunoresearch.com.br\/n\/uploads\/2024\/01\/400x300-Mobile-WEALTH.png\">\n\t\t\t\t<img class=\"newsContent__article__imgCapa newsContent__article__imgCapa--banner\"\n\t\t\t\t\tsrc=\"https:\/\/files.sunoresearch.com.br\/n\/uploads\/2024\/01\/1420x240-Banner-Artigos-1-_-Banner-Materias-1-6.png\"\n\t\t\t\t\tdata-promo-id=\"512147\"\t\t\t\t\t\t\t\t\t\twidth='1420' height='240'\t\t\t\t\talt=\"https:\/\/files.sunoresearch.com.br\/n\/uploads\/2024\/01\/1420x240-Banner-Artigos-1-_-Banner-Materias-1-6.png\"\n\t\t\t\t>\n\t\t\t<\/picture>\n\t\t<\/a>\n\t<\/p>\n\n\n<p>De acordo com o <strong>Banco Mundial<\/strong>, um dos principais motivos para a redu\u00e7\u00e3o s\u00e3o os reflexos da <strong>guerra comercial<\/strong> entre os <strong>Estados Unidos<\/strong> e a <strong>China<\/strong>. Isso porque o conflito entre as duas pot\u00eancias e as incertezas pol\u00edticas j\u00e1 afetam os investimentos em todo o mundo.<\/p>\n<p>Principalmente o <strong>com\u00e9rcio bilateral<\/strong> entre pa\u00edses tem sido afetado pelo embate. Isso porque com a alta de tarifas sobre <strong>importa\u00e7\u00f5es<\/strong>, ocorre a alta dos <strong>pre\u00e7os<\/strong>, o que atinge a atividade econ\u00f4mica dos pa\u00edses envolvidos. O relat\u00f3rio destaca que as tarifas entre <strong>China<\/strong> e <strong>EUA<\/strong> ter\u00e3o &#8220;efeitos severos&#8221;.<\/p>\n<p><a href=\"https:\/\/www.suno.com.br\/noticias\/bolsas-eua-altas-janeiro\/\">Saiba Mais: Com sinaliza\u00e7\u00e3o de corte nos juros, Bolsas dos EUA t\u00eam maiores altas desde janeiro<\/a><\/p>\n<p>Al\u00e9m disso, a institui\u00e7\u00e3o tamb\u00e9m aponta para a desacelera\u00e7\u00e3o de economias avan\u00e7adas como a da <strong>zona do euro<\/strong>, por exemplo. Nesse sentido, outro destaque vai para as <strong>baixas taxas de juros<\/strong>, influenciada pelas baixas <strong>infla\u00e7\u00f5es<\/strong> e pela desacelera\u00e7\u00e3o da atividade econ\u00f4mica.<\/p>\n<h2>Principais economias desaceleram<\/h2>\n<p>Dessa forma, a perspectiva do crescimento dos <strong>Estados Unidos<\/strong> est\u00e1 em 2,5% no ano. Em contrapartida, a previs\u00e3o para os resultados da <strong>China<\/strong> \u00e9 de uma desacelera\u00e7\u00e3o de 6,6% em 2019.<\/p>\n<p><a href=\"https:\/\/www.suno.com.br\/noticias\/producao-industrial-sobe-abril\/\">Saiba Mais: Produ\u00e7\u00e3o industrial sobe 0,3% em abril; No ano o recuo \u00e9 de 2,7%, diz IBGE<\/a><\/p>\n<p>Al\u00e9m disso, o <strong>Banco Mundial<\/strong> tamb\u00e9m alterou a expectativa sobre o avan\u00e7o da <strong>economia<\/strong> chinesa em 2020. De acordo com a institui\u00e7\u00e3o,\u00a0 a taxa de crescimento da China foi revisada para 6,1% no pr\u00f3ximo ano.<\/p>\n<p>J\u00e1 na <strong>zona do<\/strong> <strong>euro<\/strong>, o principal motivo da <strong>desacelera\u00e7\u00e3o<\/strong> \u00e9 a queda nas <strong>exporta\u00e7\u00f5es<\/strong>. Em destaque, a queda no crescimento \u00e9 referente ao setor industrial. Isso porque foram reduzidas as vendas \u00e0 China e \u00e0 \u00c1sia.<\/p>\n<p>Por sua vez, os <strong>pa\u00edses emergentes<\/strong> devem ter um crescimento de 4% neste ano. Assim, o resultado aponta uma revis\u00e3o para baixo em 0,3 pontos percentuais em rela\u00e7\u00e3o \u00e0 estimativa anterior. O maior problema deste grupo seria a falta de investimento pelos seguintes motivos:<\/p>\n<ul>\n<li>aumento das barreiras comerciais;<\/li>\n<li>estresse financeiro;<\/li>\n<li>desacelera\u00e7\u00e3o das economias avan\u00e7adas.<\/li>\n<\/ul>\n<p><a href=\"https:\/\/www.suno.com.br\/noticias\/boletim-focus-crescimento-pib-reduzido\/\">Saiba Mais: Boletim Focus: previs\u00e3o de crescimento do PIB \u00e9 reduzida para 1,13%<\/a><\/p>\n<p>Com isso, o <strong>Banco Mundial<\/strong> revisou a proje\u00e7\u00e3o de <strong>crescimento<\/strong> das economias emergentes da seguinte forma:<\/p>\n<ul>\n<li><strong>Brasil:<\/strong> de 2,1% para 1,7%;<\/li>\n<li><strong>M\u00e9xico:<\/strong> 2% para 1,7%;<\/li>\n<li><strong>Argentina:<\/strong> retra\u00e7\u00e3o de 3% para retra\u00e7\u00e3o de 2,5%;<\/li>\n<\/ul>\n\t<p>\n\t\t<a href=\"https:\/\/lp.suno.com.br\/ebook-como-analisar-uma-acao\/\" target=\"_blank\" data-element=\"shortcode-suno-banner\" title=\"Banner SUNO, clique e saiba mais\">\n\t\t\t<picture>\n\t\t\t\t<source media=\"(max-width: 500px)\" srcset=\"https:\/\/files.sunoresearch.com.br\/n\/uploads\/2023\/03\/Ebook-Acoes-Mobile-1.jpg\">\n\t\t\t\t<img class=\"newsContent__article__imgCapa newsContent__article__imgCapa--banner\"\n\t\t\t\t\tsrc=\"https:\/\/files.sunoresearch.com.br\/n\/uploads\/2023\/03\/Ebook-Acoes-Desktop-1.jpg\"\n\t\t\t\t\tdata-promo-id=\"171998\"\t\t\t\t\t\t\t\t\t\twidth='1420' height='286'\t\t\t\t\talt=\"https:\/\/files.sunoresearch.com.br\/n\/uploads\/2023\/03\/Ebook-Acoes-Desktop-1.jpg\"\n\t\t\t\t>\n\t\t\t<\/picture>\n\t\t<\/a>\n\t<\/p>\n\n\n<p>\u201cUm gradual fortalecimento no <strong>Brasil<\/strong> e uma recupera\u00e7\u00e3o na <strong>Argentina<\/strong> dever\u00e3o contribuir para uma recupera\u00e7\u00e3o do crescimento regional para 2,5% em 2020 e 2,7% em 2021\u201d, diz o relat\u00f3rio.<\/p>\n","protected":false},"excerpt":{"rendered":"<p>O Banco Mundial reduziu a previs\u00e3o de crescimento do PIB global em 2019 para 2,6%. A \u00faltima expectativa divulgada para o crescimento era de 2,9%. Assim, o dado foi divulgado no relat\u00f3rio &#8220;Perspectivas Econ\u00f4micas Globais&#8221; nesta ter\u00e7a-feira (4). Boletim Focus A redu\u00e7\u00e3o da proje\u00e7\u00e3o do PIB global se d\u00e1 principalmente pela desacelera\u00e7\u00e3o do com\u00e9rcio e [&hellip;]<\/p>\n","protected":false},"author":16,"featured_media":20249,"comment_status":"closed","ping_status":"closed","sticky":false,"template":"","format":"standard","meta":[],"categories":[63],"tags":[934,711,793,807],"suno_strategy":[],"class_list":["post-27219","post","type-post","status-publish","format-standard","has-post-thumbnail","hentry","category-internacional","tag-banco-mundial","tag-china","tag-estados-unidos-eua","tag-produto-interno-bruto-pib"],"yoast_head":"<!-- This site is optimized with the Yoast SEO plugin v24.4 - https:\/\/yoast.com\/wordpress\/plugins\/seo\/ -->\n<title>Banco Mundial reduz previs\u00e3o do PIB global de 2,9% para 2,6%<\/title>\n<meta name=\"description\" content=\"De acordo com o Banco Mundial, a desacelera\u00e7\u00e3o do crescimento do PIB global se d\u00e1 por reflexos de coisas como a guerra comercial. Saiba mais.\" \/>\n<meta name=\"robots\" content=\"index, follow, max-snippet:-1, max-image-preview:large, max-video-preview:-1\" \/>\n<link rel=\"canonical\" href=\"https:\/\/www.suno.com.br\/noticias\/banco-mundial-reduz-pib-global\/\" \/>\n<meta property=\"og:locale\" content=\"pt_BR\" \/>\n<meta property=\"og:type\" content=\"article\" \/>\n<meta property=\"og:title\" content=\"Banco Mundial reduz previs\u00e3o do PIB global de 2,9% para 2,6%\" \/>\n<meta property=\"og:description\" content=\"De acordo com o Banco Mundial, a desacelera\u00e7\u00e3o do crescimento do PIB global se d\u00e1 por reflexos de coisas como a guerra comercial. Saiba mais.\" \/>\n<meta property=\"og:url\" content=\"https:\/\/www.suno.com.br\/noticias\/banco-mundial-reduz-pib-global\/\" \/>\n<meta property=\"og:site_name\" content=\"Suno Not\u00edcias\" \/>\n<meta property=\"article:publisher\" content=\"https:\/\/facebook.com\/sunoresearch\" \/>\n<meta property=\"og:image\" content=\"https:\/\/files.sunoresearch.com.br\/n\/uploads\/2019\/04\/56b6b603-boletim-focus.jpg\" \/>\n\t<meta property=\"og:image:width\" content=\"850\" \/>\n\t<meta property=\"og:image:height\" content=\"566\" \/>\n\t<meta property=\"og:image:type\" content=\"image\/jpeg\" \/>\n<meta name=\"author\" content=\"Beatriz Oliveira\" \/>\n<meta name=\"twitter:card\" content=\"summary_large_image\" \/>\n<meta name=\"twitter:creator\" content=\"@sunoresearch\" \/>\n<meta name=\"twitter:site\" content=\"@sunoresearch\" \/>\n<meta name=\"twitter:label1\" content=\"Escrito por\" \/>\n\t<meta name=\"twitter:data1\" content=\"Beatriz Oliveira\" \/>\n\t<meta name=\"twitter:label2\" content=\"Est. tempo de leitura\" \/>\n\t<meta name=\"twitter:data2\" content=\"3 minutos\" \/>\n<script type=\"application\/ld+json\" class=\"yoast-schema-graph\">{\"@context\":\"https:\/\/schema.org\",\"@graph\":[{\"@type\":\"NewsArticle\",\"@id\":\"https:\/\/www.suno.com.br\/noticias\/banco-mundial-reduz-pib-global\/#article\",\"isPartOf\":{\"@id\":\"https:\/\/www.suno.com.br\/noticias\/banco-mundial-reduz-pib-global\/\"},\"author\":{\"name\":\"Beatriz Oliveira\",\"@id\":\"https:\/\/www.suno.com.br\/noticias\/#\/schema\/person\/e67f665add014bf99f644028de070cc3\"},\"headline\":\"Banco Mundial reduz previs\u00e3o do PIB global de 2,9% para 2,6%\",\"datePublished\":\"2019-06-04T22:48:17+00:00\",\"dateModified\":\"2021-06-14T02:43:59+00:00\",\"mainEntityOfPage\":{\"@id\":\"https:\/\/www.suno.com.br\/noticias\/banco-mundial-reduz-pib-global\/\"},\"wordCount\":514,\"publisher\":{\"@id\":\"https:\/\/www.suno.com.br\/noticias\/#organization\"},\"image\":{\"@id\":\"https:\/\/www.suno.com.br\/noticias\/banco-mundial-reduz-pib-global\/#primaryimage\"},\"thumbnailUrl\":\"https:\/\/files.sunoresearch.com.br\/n\/uploads\/2019\/04\/56b6b603-boletim-focus-jpg.webp\",\"keywords\":[\"Banco Mundial\",\"China\",\"Estados Unidos (EUA)\",\"Produto Interno Bruto (PIB)\"],\"articleSection\":[\"Internacional\"],\"inLanguage\":\"pt-BR\"},{\"@type\":\"WebPage\",\"@id\":\"https:\/\/www.suno.com.br\/noticias\/banco-mundial-reduz-pib-global\/\",\"url\":\"https:\/\/www.suno.com.br\/noticias\/banco-mundial-reduz-pib-global\/\",\"name\":\"Banco Mundial reduz previs\u00e3o do PIB global de 2,9% para 2,6%\",\"isPartOf\":{\"@id\":\"https:\/\/www.suno.com.br\/noticias\/#website\"},\"primaryImageOfPage\":{\"@id\":\"https:\/\/www.suno.com.br\/noticias\/banco-mundial-reduz-pib-global\/#primaryimage\"},\"image\":{\"@id\":\"https:\/\/www.suno.com.br\/noticias\/banco-mundial-reduz-pib-global\/#primaryimage\"},\"thumbnailUrl\":\"https:\/\/files.sunoresearch.com.br\/n\/uploads\/2019\/04\/56b6b603-boletim-focus-jpg.webp\",\"datePublished\":\"2019-06-04T22:48:17+00:00\",\"dateModified\":\"2021-06-14T02:43:59+00:00\",\"description\":\"De acordo com o Banco Mundial, a desacelera\u00e7\u00e3o do crescimento do PIB global se d\u00e1 por reflexos de coisas como a guerra comercial. Saiba mais.\",\"breadcrumb\":{\"@id\":\"https:\/\/www.suno.com.br\/noticias\/banco-mundial-reduz-pib-global\/#breadcrumb\"},\"inLanguage\":\"pt-BR\",\"potentialAction\":[{\"@type\":\"ReadAction\",\"target\":[\"https:\/\/www.suno.com.br\/noticias\/banco-mundial-reduz-pib-global\/\"]}]},{\"@type\":\"ImageObject\",\"inLanguage\":\"pt-BR\",\"@id\":\"https:\/\/www.suno.com.br\/noticias\/banco-mundial-reduz-pib-global\/#primaryimage\",\"url\":\"https:\/\/files.sunoresearch.com.br\/n\/uploads\/2019\/04\/56b6b603-boletim-focus-jpg.webp\",\"contentUrl\":\"https:\/\/files.sunoresearch.com.br\/n\/uploads\/2019\/04\/56b6b603-boletim-focus-jpg.webp\",\"width\":850,\"height\":566,\"caption\":\"Boletim Focus\"},{\"@type\":\"BreadcrumbList\",\"@id\":\"https:\/\/www.suno.com.br\/noticias\/banco-mundial-reduz-pib-global\/#breadcrumb\",\"itemListElement\":[{\"@type\":\"ListItem\",\"position\":1,\"name\":\"Not\u00edcias\",\"item\":\"https:\/\/www.suno.com.br\/noticias\/\"},{\"@type\":\"ListItem\",\"position\":2,\"name\":\"Internacional\",\"item\":\"https:\/\/www.suno.com.br\/noticias\/internacional\/\"},{\"@type\":\"ListItem\",\"position\":3,\"name\":\"Banco Mundial reduz previs\u00e3o do PIB global de 2,9% para 2,6%\"}]},{\"@type\":\"WebSite\",\"@id\":\"https:\/\/www.suno.com.br\/noticias\/#website\",\"url\":\"https:\/\/www.suno.com.br\/noticias\/\",\"name\":\"Suno Not\u00edcias\",\"description\":\"Seu portal de informa\u00e7\u00e3o sobre o mundo dos investimentos\",\"publisher\":{\"@id\":\"https:\/\/www.suno.com.br\/noticias\/#organization\"},\"potentialAction\":[{\"@type\":\"SearchAction\",\"target\":{\"@type\":\"EntryPoint\",\"urlTemplate\":\"https:\/\/www.suno.com.br\/noticias\/?s={search_term_string}\"},\"query-input\":{\"@type\":\"PropertyValueSpecification\",\"valueRequired\":true,\"valueName\":\"search_term_string\"}}],\"inLanguage\":\"pt-BR\"},{\"@type\":\"Organization\",\"@id\":\"https:\/\/www.suno.com.br\/noticias\/#organization\",\"name\":\"Suno Not\u00edcias\",\"url\":\"https:\/\/www.suno.com.br\/noticias\/\",\"logo\":{\"@type\":\"ImageObject\",\"inLanguage\":\"pt-BR\",\"@id\":\"https:\/\/www.suno.com.br\/noticias\/#\/schema\/logo\/image\/\",\"url\":\"https:\/\/files.sunoresearch.com.br\/n\/uploads\/2021\/09\/suno-logo.png\",\"contentUrl\":\"https:\/\/files.sunoresearch.com.br\/n\/uploads\/2021\/09\/suno-logo.png\",\"width\":180,\"height\":180,\"caption\":\"Suno Not\u00edcias\"},\"image\":{\"@id\":\"https:\/\/www.suno.com.br\/noticias\/#\/schema\/logo\/image\/\"},\"sameAs\":[\"https:\/\/facebook.com\/sunoresearch\",\"https:\/\/x.com\/sunoresearch\",\"https:\/\/www.instagram.com\/suno\",\"https:\/\/www.linkedin.com\/company\/suno-research\/\",\"https:\/\/www.youtube.com\/c\/sunoresearch\"]},{\"@type\":\"Person\",\"@id\":\"https:\/\/www.suno.com.br\/noticias\/#\/schema\/person\/e67f665add014bf99f644028de070cc3\",\"name\":\"Beatriz Oliveira\",\"image\":{\"@type\":\"ImageObject\",\"inLanguage\":\"pt-BR\",\"@id\":\"https:\/\/www.suno.com.br\/noticias\/#\/schema\/person\/image\/\",\"url\":\"https:\/\/secure.gravatar.com\/avatar\/c9aa6a0aaecc598d257d5d5bd349157d?s=96&r=g\",\"contentUrl\":\"https:\/\/secure.gravatar.com\/avatar\/c9aa6a0aaecc598d257d5d5bd349157d?s=96&r=g\",\"caption\":\"Beatriz Oliveira\"},\"description\":\"Formada em Jornalismo pela Faculdade Paulus de Tecnologia e Comunica\u00e7\u00e3o, Beatriz Oliveira escreve para o portal de not\u00edcias Suno Research. Antes, passou pelas reda\u00e7\u00f5es da Revista EXAME e da Rede Bandeirantes.\",\"url\":\"https:\/\/www.suno.com.br\/noticias\/author\/beatriz\/\"}]}<\/script>\n<!-- \/ Yoast SEO plugin. -->","yoast_head_json":{"title":"Banco Mundial reduz previs\u00e3o do PIB global de 2,9% para 2,6%","description":"De acordo com o Banco Mundial, a desacelera\u00e7\u00e3o do crescimento do PIB global se d\u00e1 por reflexos de coisas como a guerra comercial. Saiba mais.","robots":{"index":"index","follow":"follow","max-snippet":"max-snippet:-1","max-image-preview":"max-image-preview:large","max-video-preview":"max-video-preview:-1"},"canonical":"https:\/\/www.suno.com.br\/noticias\/banco-mundial-reduz-pib-global\/","og_locale":"pt_BR","og_type":"article","og_title":"Banco Mundial reduz previs\u00e3o do PIB global de 2,9% para 2,6%","og_description":"De acordo com o Banco Mundial, a desacelera\u00e7\u00e3o do crescimento do PIB global se d\u00e1 por reflexos de coisas como a guerra comercial. Saiba mais.","og_url":"https:\/\/www.suno.com.br\/noticias\/banco-mundial-reduz-pib-global\/","og_site_name":"Suno Not\u00edcias","article_publisher":"https:\/\/facebook.com\/sunoresearch","og_image":[{"width":850,"height":566,"url":"https:\/\/files.sunoresearch.com.br\/n\/uploads\/2019\/04\/56b6b603-boletim-focus.jpg","type":"image\/jpeg"}],"author":"Beatriz Oliveira","twitter_card":"summary_large_image","twitter_creator":"@sunoresearch","twitter_site":"@sunoresearch","twitter_misc":{"Escrito por":"Beatriz Oliveira","Est. tempo de leitura":"3 minutos"},"schema":{"@context":"https:\/\/schema.org","@graph":[{"@type":"NewsArticle","@id":"https:\/\/www.suno.com.br\/noticias\/banco-mundial-reduz-pib-global\/#article","isPartOf":{"@id":"https:\/\/www.suno.com.br\/noticias\/banco-mundial-reduz-pib-global\/"},"author":{"name":"Beatriz Oliveira","@id":"https:\/\/www.suno.com.br\/noticias\/#\/schema\/person\/e67f665add014bf99f644028de070cc3"},"headline":"Banco Mundial reduz previs\u00e3o do PIB global de 2,9% para 2,6%","datePublished":"2019-06-04T22:48:17+00:00","dateModified":"2021-06-14T02:43:59+00:00","mainEntityOfPage":{"@id":"https:\/\/www.suno.com.br\/noticias\/banco-mundial-reduz-pib-global\/"},"wordCount":514,"publisher":{"@id":"https:\/\/www.suno.com.br\/noticias\/#organization"},"image":{"@id":"https:\/\/www.suno.com.br\/noticias\/banco-mundial-reduz-pib-global\/#primaryimage"},"thumbnailUrl":"https:\/\/files.sunoresearch.com.br\/n\/uploads\/2019\/04\/56b6b603-boletim-focus-jpg.webp","keywords":["Banco Mundial","China","Estados Unidos (EUA)","Produto Interno Bruto (PIB)"],"articleSection":["Internacional"],"inLanguage":"pt-BR"},{"@type":"WebPage","@id":"https:\/\/www.suno.com.br\/noticias\/banco-mundial-reduz-pib-global\/","url":"https:\/\/www.suno.com.br\/noticias\/banco-mundial-reduz-pib-global\/","name":"Banco Mundial reduz previs\u00e3o do PIB global de 2,9% para 2,6%","isPartOf":{"@id":"https:\/\/www.suno.com.br\/noticias\/#website"},"primaryImageOfPage":{"@id":"https:\/\/www.suno.com.br\/noticias\/banco-mundial-reduz-pib-global\/#primaryimage"},"image":{"@id":"https:\/\/www.suno.com.br\/noticias\/banco-mundial-reduz-pib-global\/#primaryimage"},"thumbnailUrl":"https:\/\/files.sunoresearch.com.br\/n\/uploads\/2019\/04\/56b6b603-boletim-focus-jpg.webp","datePublished":"2019-06-04T22:48:17+00:00","dateModified":"2021-06-14T02:43:59+00:00","description":"De acordo com o Banco Mundial, a desacelera\u00e7\u00e3o do crescimento do PIB global se d\u00e1 por reflexos de coisas como a guerra comercial. Saiba mais.","breadcrumb":{"@id":"https:\/\/www.suno.com.br\/noticias\/banco-mundial-reduz-pib-global\/#breadcrumb"},"inLanguage":"pt-BR","potentialAction":[{"@type":"ReadAction","target":["https:\/\/www.suno.com.br\/noticias\/banco-mundial-reduz-pib-global\/"]}]},{"@type":"ImageObject","inLanguage":"pt-BR","@id":"https:\/\/www.suno.com.br\/noticias\/banco-mundial-reduz-pib-global\/#primaryimage","url":"https:\/\/files.sunoresearch.com.br\/n\/uploads\/2019\/04\/56b6b603-boletim-focus-jpg.webp","contentUrl":"https:\/\/files.sunoresearch.com.br\/n\/uploads\/2019\/04\/56b6b603-boletim-focus-jpg.webp","width":850,"height":566,"caption":"Boletim Focus"},{"@type":"BreadcrumbList","@id":"https:\/\/www.suno.com.br\/noticias\/banco-mundial-reduz-pib-global\/#breadcrumb","itemListElement":[{"@type":"ListItem","position":1,"name":"Not\u00edcias","item":"https:\/\/www.suno.com.br\/noticias\/"},{"@type":"ListItem","position":2,"name":"Internacional","item":"https:\/\/www.suno.com.br\/noticias\/internacional\/"},{"@type":"ListItem","position":3,"name":"Banco Mundial reduz previs\u00e3o do PIB global de 2,9% para 2,6%"}]},{"@type":"WebSite","@id":"https:\/\/www.suno.com.br\/noticias\/#website","url":"https:\/\/www.suno.com.br\/noticias\/","name":"Suno Not\u00edcias","description":"Seu portal de informa\u00e7\u00e3o sobre o mundo dos investimentos","publisher":{"@id":"https:\/\/www.suno.com.br\/noticias\/#organization"},"potentialAction":[{"@type":"SearchAction","target":{"@type":"EntryPoint","urlTemplate":"https:\/\/www.suno.com.br\/noticias\/?s={search_term_string}"},"query-input":{"@type":"PropertyValueSpecification","valueRequired":true,"valueName":"search_term_string"}}],"inLanguage":"pt-BR"},{"@type":"Organization","@id":"https:\/\/www.suno.com.br\/noticias\/#organization","name":"Suno Not\u00edcias","url":"https:\/\/www.suno.com.br\/noticias\/","logo":{"@type":"ImageObject","inLanguage":"pt-BR","@id":"https:\/\/www.suno.com.br\/noticias\/#\/schema\/logo\/image\/","url":"https:\/\/files.sunoresearch.com.br\/n\/uploads\/2021\/09\/suno-logo.png","contentUrl":"https:\/\/files.sunoresearch.com.br\/n\/uploads\/2021\/09\/suno-logo.png","width":180,"height":180,"caption":"Suno Not\u00edcias"},"image":{"@id":"https:\/\/www.suno.com.br\/noticias\/#\/schema\/logo\/image\/"},"sameAs":["https:\/\/facebook.com\/sunoresearch","https:\/\/x.com\/sunoresearch","https:\/\/www.instagram.com\/suno","https:\/\/www.linkedin.com\/company\/suno-research\/","https:\/\/www.youtube.com\/c\/sunoresearch"]},{"@type":"Person","@id":"https:\/\/www.suno.com.br\/noticias\/#\/schema\/person\/e67f665add014bf99f644028de070cc3","name":"Beatriz Oliveira","image":{"@type":"ImageObject","inLanguage":"pt-BR","@id":"https:\/\/www.suno.com.br\/noticias\/#\/schema\/person\/image\/","url":"https:\/\/secure.gravatar.com\/avatar\/c9aa6a0aaecc598d257d5d5bd349157d?s=96&r=g","contentUrl":"https:\/\/secure.gravatar.com\/avatar\/c9aa6a0aaecc598d257d5d5bd349157d?s=96&r=g","caption":"Beatriz Oliveira"},"description":"Formada em Jornalismo pela Faculdade Paulus de Tecnologia e Comunica\u00e7\u00e3o, Beatriz Oliveira escreve para o portal de not\u00edcias Suno Research. Antes, passou pelas reda\u00e7\u00f5es da Revista EXAME e da Rede Bandeirantes.","url":"https:\/\/www.suno.com.br\/noticias\/author\/beatriz\/"}]}},"default_loop_html":"<div class=\"cardsPage__listCard__boxs\"><div class=\"cardsPage__listCard__boxs__img\"><a href=\"https:\/\/www.suno.com.br\/noticias\/banco-mundial-reduz-pib-global\/\"><img class=\"mask\" src=\"https:\/\/www.suno.com.br\/noticias\/wp-content\/themes\/suno\/resources\/images\/spotlight\/spotlight1img\/bg-mask.png\" alt=\"Image Mask\"\/><img src=\"https:\/\/files.sunoresearch.com.br\/n\/uploads\/2019\/04\/56b6b603-boletim-focus-400x200.webp\" alt=\"Banco Mundial reduz previs\u00e3o do PIB global de 2,9% para 2,6%\"\/><\/a><span class=\"spotlightCategory\"><a href=\"https:\/\/www.suno.com.br\/noticias\/internacional\/\">Internacional<\/a><\/span><\/div><div class=\"cardsPage__listCard__boxs__content\"><a href=\"https:\/\/www.suno.com.br\/noticias\/banco-mundial-reduz-pib-global\/\"><h2 class=\"content__title\">Banco Mundial reduz previs\u00e3o do PIB global de 2,9% para 2,6%<\/h2><\/a><div class=\"newsContent__article__meta\"><div class=\"newsContent__article__meta__authorBox\"><a href=\"https:\/\/www.suno.com.br\/noticias\/author\/beatriz\/\" class=\"authorBox__avatar noMobi\"><img src=\"https:\/\/secure.gravatar.com\/avatar\/c9aa6a0aaecc598d257d5d5bd349157d?s=96&#038;r=g\" alt=\"Beatriz Oliveira\"><\/a><div class=\"authorBox__name\"><span>por\n\t\t\t<a href=\"https:\/\/www.suno.com.br\/noticias\/author\/beatriz\/\"><span itemprop=\"author\">Beatriz Oliveira<\/span><\/a><\/span><time datetime=\"2019-06-04T19:48:17-03:00\" itemprop=\"datePublished\">04\/06\/2019 19:48<\/time><\/div><\/div><\/div><\/div><\/div>","single_layout":"posts","amp_enabled":true,"_links":{"self":[{"href":"https:\/\/www.suno.com.br\/noticias\/wp-json\/wp\/v2\/posts\/27219"}],"collection":[{"href":"https:\/\/www.suno.com.br\/noticias\/wp-json\/wp\/v2\/posts"}],"about":[{"href":"https:\/\/www.suno.com.br\/noticias\/wp-json\/wp\/v2\/types\/post"}],"author":[{"embeddable":true,"href":"https:\/\/www.suno.com.br\/noticias\/wp-json\/wp\/v2\/users\/16"}],"replies":[{"embeddable":true,"href":"https:\/\/www.suno.com.br\/noticias\/wp-json\/wp\/v2\/comments?post=27219"}],"version-history":[{"count":1,"href":"https:\/\/www.suno.com.br\/noticias\/wp-json\/wp\/v2\/posts\/27219\/revisions"}],"predecessor-version":[{"id":157342,"href":"https:\/\/www.suno.com.br\/noticias\/wp-json\/wp\/v2\/posts\/27219\/revisions\/157342"}],"wp:featuredmedia":[{"embeddable":true,"href":"https:\/\/www.suno.com.br\/noticias\/wp-json\/wp\/v2\/media\/20249"}],"wp:attachment":[{"href":"https:\/\/www.suno.com.br\/noticias\/wp-json\/wp\/v2\/media?parent=27219"}],"wp:term":[{"taxonomy":"category","embeddable":true,"href":"https:\/\/www.suno.com.br\/noticias\/wp-json\/wp\/v2\/categories?post=27219"},{"taxonomy":"post_tag","embeddable":true,"href":"https:\/\/www.suno.com.br\/noticias\/wp-json\/wp\/v2\/tags?post=27219"},{"taxonomy":"suno_strategy","embeddable":true,"href":"https:\/\/www.suno.com.br\/noticias\/wp-json\/wp\/v2\/suno_strategy?post=27219"}],"curies":[{"name":"wp","href":"https:\/\/api.w.org\/{rel}","templated":true}]}}