{"id":27216,"date":"2019-06-04T18:09:01","date_gmt":"2019-06-04T21:09:01","guid":{"rendered":"https:\/\/www.suno.com.br\/noticias\/?p=27216"},"modified":"2021-02-17T22:30:15","modified_gmt":"2021-02-18T01:30:15","slug":"ibovespa-fechamento-04062019","status":"publish","type":"post","link":"https:\/\/www.suno.com.br\/noticias\/ibovespa-fechamento-04062019\/","title":{"rendered":"Ibovespa valoriza ap\u00f3s discurso do presidente do Fed, Jerome Powell"},"content":{"rendered":"<p>O Ibovespa encerrou em alta de 0,37% com\u00a097.380,28 pontos nesta ter\u00e7a-feira (4). A valoriza\u00e7\u00e3o do \u00edndice acion\u00e1rio ocorre na data que o presidente do <strong>Fed<\/strong>, Jerome Powell, afirmou que caso seja necess\u00e1rio, o banco ir\u00e1 agir em meio \u00e0 <strong>guerra comercial<\/strong>.<\/p>\t<div class=\"wrapper-featured-image\">\n\t\t<figure class=\"spotlightImg\">\n\n\t\t\t<picture>\n\t\t\t\t<source media=\"(max-width: 768px)\" srcset=\"https:\/\/files.sunoresearch.com.br\/n\/uploads\/2019\/04\/5191d2ea-economia_ilustracao-5-400x200.webp\">\n\t\t\t\t<img loading=\"lazy\" decoding=\"async\" class=\"newsContent__article__imgCapa lazyloadDisabled newsContent__article__imgCapa--noCaption\" src=\"https:\/\/files.sunoresearch.com.br\/n\/uploads\/2019\/04\/5191d2ea-economia_ilustracao-5-800x450.webp\" width=\"800\" height=\"450\" alt=\"Ibovespa valoriza ap\u00f3s discurso do presidente do Fed, Jerome Powell\" fetchpriority=high \/>\n\t\t\t<\/picture>\n\n\t\t\t<figcaption class=\"wp-caption-text wp-caption-text--hide\">Confira o calend\u00e1rio dos balan\u00e7os das principais empresas da B3 para 2T19<\/figcaption>\n\t\t<\/figure>\n\t<\/div>\n\n\n<p>O fechamento do <strong>Ibovespa<\/strong> nesta segunda-feira foi marcado por extremos. Enquanto a Sabesp subiu 10%, a Braskem caiu 17%.<\/p>\n<p>A pontua\u00e7\u00e3o m\u00ednima do <strong>Ibovespa<\/strong> foi de\u00a096.593,43 pontos e a m\u00e1xima de\u00a097.722,88 pontos.<\/p>\n\t<p>\n\t\t<a href=\"https:\/\/lp.suno.com.br\/asset\/fundos\/suno-fic-fia\/\" target=\"_blank\" data-element=\"shortcode-suno-banner\" title=\"Banner SUNO, clique e saiba mais\">\n\t\t\t<picture>\n\t\t\t\t<source media=\"(max-width: 500px)\" srcset=\"https:\/\/files.sunoresearch.com.br\/n\/uploads\/2023\/10\/SUNO-FIC-FIA-400x300-Mobile-Artigos-5.png\">\n\t\t\t\t<img class=\"newsContent__article__imgCapa newsContent__article__imgCapa--banner\"\n\t\t\t\t\tsrc=\"https:\/\/files.sunoresearch.com.br\/n\/uploads\/2023\/10\/SUNO-FIC-FIA-1420x240-Banner-Artigos-1-_-Banner-Materias-4.png\"\n\t\t\t\t\tdata-promo-id=\"478742\"\t\t\t\t\t\t\t\t\t\twidth='2840' height='480'\t\t\t\t\talt=\"https:\/\/files.sunoresearch.com.br\/n\/uploads\/2023\/10\/SUNO-FIC-FIA-1420x240-Banner-Artigos-1-_-Banner-Materias-4.png\"\n\t\t\t\t>\n\t\t\t<\/picture>\n\t\t<\/a>\n\t<\/p>\n\n\n<h2>Guedes e a reforma da Previd\u00eancia<\/h2>\n<p>O ministro da Economia, <a href=\"https:\/\/www.suno.com.br\/tudo-sobre\/paulo-guedes\/\">Paulo Guedes<\/a>, afirmou que se caso a <strong>reforma da Previd\u00eancia<\/strong> for aprovada, ir\u00e1 colocar &#8220;o pa\u00eds para andar&#8221;. O ministro afirmou tamb\u00e9m que o sistema de <strong>capitaliza\u00e7\u00e3o<\/strong> dar\u00e1 um &#8220;choque de emprego&#8221;.<\/p>\n<p>De acordo com <strong>Guedes<\/strong>, ser\u00e1 necess\u00e1rio que a proposta da <strong>reforma da Previd\u00eancia<\/strong> economize, ao menos, R$ 1 trilh\u00e3o em dez anos para viabilizar a capitaliza\u00e7\u00e3o. Na proposta enviada ao <strong>Congresso<\/strong>, a economia \u00e9 de R$ 1,23 trilh\u00e3o nesse per\u00edodo caso passe sem altera\u00e7\u00f5es.<\/p>\n<p><a href=\"https:\/\/www.suno.com.br\/noticias\/previdencia-guedes-diz-proposta-coloca-brasil-andar\/\">Saiba mais &#8211;\u00a0Reforma da Previd\u00eancia: Guedes diz que proposta coloca o Brasil para andar<\/a><\/p>\n<h2>Fed e guerra comercial<\/h2>\n<p>O presidente do <a href=\"https:\/\/www.suno.com.br\/artigos\/fed\/\">Federal Reserve<\/a> (Fed), <strong><a href=\"https:\/\/www.suno.com.br\/tudo-sobre\/jerome-powell\/\">Jerome Powell<\/a><\/strong>, disse que o \u00f3rg\u00e3o est\u00e1 pronto para atuar, caso a<strong> <a href=\"https:\/\/www.suno.com.br\/artigos\/guerra-comercial\/\">guerra comercial<\/a> <\/strong>e outros assuntos afetarem a economia americana.<\/p>\n<p>\u201cN\u00e3o sabemos como ou quando esses problemas ser\u00e3o resolvidos. Estamos monitorando de perto a implica\u00e7\u00e3o desses eventos sobre as perspectivas econ\u00f4micas americanas e, como sempre, vamos atuar de forma apropriada para sustentar a expans\u00e3o, com um mercado de trabalho forte e <strong>infla\u00e7\u00e3o<\/strong> pr\u00f3xima de nossa meta sim\u00e9trica de 2%\u201d, afirmou.<\/p>\n\t<p>\n\t\t<a href=\"https:\/\/lp2.suno.com.br\/onde-investir-2026?utm_campaign=_SNC094D2575_rs.ein26&#038;utm_source=suno.com.br&#038;utm_medium=banner.noticias\" target=\"_blank\" data-element=\"shortcode-suno-banner\" title=\"Banner SUNO, clique e saiba mais\">\n\t\t\t<picture>\n\t\t\t\t<source media=\"(max-width: 500px)\" srcset=\"https:\/\/files.sunoresearch.com.br\/n\/uploads\/2026\/01\/Banner-Materias-01-Mbl_-400x300-1-png.webp\">\n\t\t\t\t<img class=\"newsContent__article__imgCapa newsContent__article__imgCapa--banner\"\n\t\t\t\t\tsrc=\"https:\/\/files.sunoresearch.com.br\/n\/uploads\/2026\/01\/Banner-Materias-01-Dkp_-1420x240-1-png.webp\"\n\t\t\t\t\tdata-promo-id=\"638391\"\t\t\t\t\t\t\t\t\t\twidth='1420' height='240'\t\t\t\t\talt=\"https:\/\/files.sunoresearch.com.br\/n\/uploads\/2026\/01\/Banner-Materias-01-Dkp_-1420x240-1-png.webp\"\n\t\t\t\t>\n\t\t\t<\/picture>\n\t\t<\/a>\n\t<\/p>\n\n\n<h2>A\u00e7\u00f5es da Braskem desvalorizam 17%<\/h2>\n<p>A\u00e7\u00f5es da <strong>Braskem<\/strong> (BRKM5) despencaram ap\u00f3s o Grupo <strong>Odebrecht<\/strong> e a <strong>LyondellBasell<\/strong> encerrarem tratativas de venda da petroqu\u00edmica.<\/p>\n<p>O grupo \u00e9 a acionista controladora da <strong>Braskem<\/strong> negociava a transfer\u00eancia de toda a sua fatia para a <strong>LyondellBasell<\/strong>. Com o fim das negocia\u00e7\u00f5es, as a\u00e7\u00f5es da petroqu\u00edmica chagaram a recuar 20% durante a manh\u00e3, na <strong>Bolsa de Valores de S\u00e3o Paulo<\/strong>.<\/p>\n<p><a href=\"https:\/\/www.suno.com.br\/noticias\/acoes-braskem-caem\/\">Saiba mais &#8211;\u00a0A\u00e7\u00f5es da Braskem caem 20% ap\u00f3s LyondellBasell desistir de compra<\/a><\/p>\n<h2>Via Varejo tamb\u00e9m figura entre destaques negativos<\/h2>\n<p>A <strong>Assembleia Geral Extraordin\u00e1ria<\/strong> (AGE) dos acionistas da Via Varejo aprovou na \u00faltima segunda-feira (3) a retirada da cl\u00e1usula\u00a0do estatuto social, conhecida como &#8220;<strong><a href=\"https:\/\/www.suno.com.br\/artigos\/poison-pills\/\">poison pill<\/a><\/strong>&#8221; (p\u00edlula do veneno).<\/p>\n<p>A retirada da cl\u00e1usula obteve apoio de 99,4% dos detentores de a\u00e7\u00f5es com direito a voto (ON). Com aprova\u00e7\u00e3o, a venda da participa\u00e7\u00e3o do <strong>Grupo P\u00e3o de A\u00e7\u00facar<\/strong> (GPA) na <strong>Via Varejo<\/strong> pode ser agilizada.<\/p>\n<p>Apesar da retirada da cl\u00e1usula ter sido bem repercutida no mercado financeiro quando foi anunciada a possibilidade, os papeis da <strong>Via Varejo<\/strong> recuaram. Isto, pois, o processo de venda da varejista ainda n\u00e3o est\u00e1 claro, com muitas <strong>especula\u00e7\u00f5es<\/strong> de compradores.<\/p>\n<p><a href=\"https:\/\/www.suno.com.br\/noticias\/via-varejo-retira-pilula-veneno\/\">Saiba mais &#8211;\u00a0Via Varejo aprova retirada da p\u00edlula do veneno do estatuto social<\/a><\/p>\n<h2>Sabesp lidera ganhos do Ibovespa<\/h2>\n<p>A <strong>Sabesp<\/strong> (SBPS3) liderou os ganhos do \u00edndice acion\u00e1rio durante boa parte do dia. Isto devido \u00e0 aprova\u00e7\u00e3o simb\u00f3lica do novo Marco Legal do Saneamento B\u00e1sico.<\/p>\n<p>A\u00a0Comiss\u00e3o de Servi\u00e7os de Infraestrutura (CI) do Senado aprovou\u00a0o parecer do senador Roberto Rocha (PSDB), referente ao projeto de lei que atualiza o <strong>Marco Legal do Saneamento B\u00e1sico<\/strong>. O projeto foi apresentado pelo senador Tasso Jereissati (PSDB), na \u00faltima segunda-feira (3).<\/p>\n<p>O projeto determina a abertura de licita\u00e7\u00e3o na \u00e1rea de saneamento b\u00e1sico, com a participa\u00e7\u00e3o tanto de empresas p\u00fablicas, como <strong>privadas<\/strong>, para os novos <strong>contratos<\/strong> de saneamento.<\/p>\n<p><span style=\"font-size: 1.21429rem;\">Deste modo, o texto acaba com o direito de prefer\u00eancia das companhias estaduais.<\/span><\/p>\n<p><a href=\"https:\/\/www.suno.com.br\/noticias\/sabesp-marco-legal-saneamento-acoes\/?\">Saiba mais &#8211;\u00a0Sabesp sobe 10% com aprova\u00e7\u00e3o do novo marco legal do saneamento<\/a><\/p>\n<h2>Bolsas internacionais<\/h2>\n<ul>\n<li>Nasdaq (Estados Unidos): alta de 2,65%<\/li>\n<li>FTSE 100 (Reino Unido): alta de 0,41%<\/li>\n<li>Nikkei (Jap\u00e3o): queda de 0,01%<\/li>\n<li>CAC40 (Fran\u00e7a): alta de 0,51%<\/li>\n<\/ul>\n<h2>Maiores altas do Ibovespa<\/h2>\n<ul>\n<li>SBSP3 alta de 10,96% (R$ 48,89)<\/li>\n<li>JBSS3 alta de 5,42% (R$ 22,37)<\/li>\n<li>ENBR3 alta de 4,84% (R$ 20,56)<\/li>\n<li>CSNA3 alta de 4,42% (R$ 16,79)<\/li>\n<li>MRFG3 alta de 3,52% (R$ 6,77)<\/li>\n<\/ul>\n<h2>Maiores quedas do Ibovespa<\/h2>\n<ul>\n<li>BRKM5 queda de 17,11% (R$ 34,15)<\/li>\n<li>HYPE3 queda de 2,99% (R$ 29,20)<\/li>\n<li>VVAR3 queda de 2,02% (R$ 4,86)<\/li>\n<li>CIEL3 queda de 1,93% (R$ 6,60)<\/li>\n<li>CVCB3 queda de 1,91% (R$ 50,22)<\/li>\n<\/ul>\n","protected":false},"excerpt":{"rendered":"<p>O Ibovespa encerrou em alta de 0,37% com\u00a097.380,28 pontos nesta ter\u00e7a-feira (4). A valoriza\u00e7\u00e3o do \u00edndice acion\u00e1rio ocorre na data que o presidente do Fed, Jerome Powell, afirmou que caso seja necess\u00e1rio, o banco ir\u00e1 agir em meio \u00e0 guerra comercial. Confira o calend\u00e1rio dos balan\u00e7os das principais empresas da B3 para 2T19 O fechamento [&hellip;]<\/p>\n","protected":false},"author":12,"featured_media":21804,"comment_status":"closed","ping_status":"closed","sticky":false,"template":"","format":"standard","meta":[],"categories":[60],"tags":[395,776,1964,980,721,783,621,106935],"suno_strategy":[],"class_list":["post-27216","post","type-post","status-publish","format-standard","has-post-thumbnail","hentry","category-mercado","tag-braskem-brkm3-brkm5-brkm6","tag-federal-reseve-fed","tag-grupo-pao-de-acucar-pcar3-pcar4","tag-guerra-comercial","tag-ibovespa","tag-odebrecht","tag-sabesp","tag-via-viia3"],"yoast_head":"<!-- This site is optimized with the Yoast SEO plugin v24.4 - https:\/\/yoast.com\/wordpress\/plugins\/seo\/ -->\n<title>Ibovespa valoriza ap\u00f3s discurso do presidente do Fed, Jerome Powell<\/title>\n<meta name=\"description\" content=\"O ibovespa fechou em alta nesta ter\u00e7a-feira (4), ap\u00f3s discurso feito pelo presidente do Fed, Jerome Powell. Clique para saber mais.\" \/>\n<meta name=\"robots\" content=\"index, follow, max-snippet:-1, max-image-preview:large, max-video-preview:-1\" \/>\n<link rel=\"canonical\" href=\"https:\/\/www.suno.com.br\/noticias\/ibovespa-fechamento-04062019\/\" \/>\n<meta property=\"og:locale\" content=\"pt_BR\" \/>\n<meta property=\"og:type\" content=\"article\" \/>\n<meta property=\"og:title\" content=\"Ibovespa valoriza ap\u00f3s discurso do presidente do Fed, Jerome Powell\" \/>\n<meta property=\"og:description\" content=\"O ibovespa fechou em alta nesta ter\u00e7a-feira (4), ap\u00f3s discurso feito pelo presidente do Fed, Jerome Powell. Clique para saber mais.\" \/>\n<meta property=\"og:url\" content=\"https:\/\/www.suno.com.br\/noticias\/ibovespa-fechamento-04062019\/\" \/>\n<meta property=\"og:site_name\" content=\"Suno Not\u00edcias\" \/>\n<meta property=\"article:publisher\" content=\"https:\/\/facebook.com\/sunoresearch\" \/>\n<meta property=\"og:image\" content=\"https:\/\/files.sunoresearch.com.br\/n\/uploads\/2019\/04\/5191d2ea-economia_ilustracao-5.jpg\" \/>\n\t<meta property=\"og:image:width\" content=\"1140\" \/>\n\t<meta property=\"og:image:height\" content=\"760\" \/>\n\t<meta property=\"og:image:type\" content=\"image\/jpeg\" \/>\n<meta name=\"author\" content=\"Amanda Gushiken\" \/>\n<meta name=\"twitter:card\" content=\"summary_large_image\" \/>\n<meta name=\"twitter:creator\" content=\"@sunoresearch\" \/>\n<meta name=\"twitter:site\" content=\"@sunoresearch\" \/>\n<meta name=\"twitter:label1\" content=\"Escrito por\" \/>\n\t<meta name=\"twitter:data1\" content=\"Amanda Gushiken\" \/>\n\t<meta name=\"twitter:label2\" content=\"Est. tempo de leitura\" \/>\n\t<meta name=\"twitter:data2\" content=\"4 minutos\" \/>\n<script type=\"application\/ld+json\" class=\"yoast-schema-graph\">{\"@context\":\"https:\/\/schema.org\",\"@graph\":[{\"@type\":\"NewsArticle\",\"@id\":\"https:\/\/www.suno.com.br\/noticias\/ibovespa-fechamento-04062019\/#article\",\"isPartOf\":{\"@id\":\"https:\/\/www.suno.com.br\/noticias\/ibovespa-fechamento-04062019\/\"},\"author\":{\"name\":\"Amanda Gushiken\",\"@id\":\"https:\/\/www.suno.com.br\/noticias\/#\/schema\/person\/a5b06fa4e879d8e8e119c6ed3cd630d1\"},\"headline\":\"Ibovespa valoriza ap\u00f3s discurso do presidente do Fed, Jerome Powell\",\"datePublished\":\"2019-06-04T21:09:01+00:00\",\"dateModified\":\"2021-02-18T01:30:15+00:00\",\"mainEntityOfPage\":{\"@id\":\"https:\/\/www.suno.com.br\/noticias\/ibovespa-fechamento-04062019\/\"},\"wordCount\":722,\"publisher\":{\"@id\":\"https:\/\/www.suno.com.br\/noticias\/#organization\"},\"image\":{\"@id\":\"https:\/\/www.suno.com.br\/noticias\/ibovespa-fechamento-04062019\/#primaryimage\"},\"thumbnailUrl\":\"https:\/\/files.sunoresearch.com.br\/n\/uploads\/2019\/04\/5191d2ea-economia_ilustracao-5-jpg.webp\",\"keywords\":[\"Braskem (BRKM3\/BRKM5\/BRKM6)\",\"Federal Reserve (FED)\",\"Grupo P\u00e3o de A\u00e7\u00facar (PCAR3\/PCAR4)\",\"guerra comercial\",\"Ibovespa\",\"Odebrecht\",\"Sabesp\",\"Via (VIIA3)\"],\"articleSection\":[\"Mercado\"],\"inLanguage\":\"pt-BR\"},{\"@type\":\"WebPage\",\"@id\":\"https:\/\/www.suno.com.br\/noticias\/ibovespa-fechamento-04062019\/\",\"url\":\"https:\/\/www.suno.com.br\/noticias\/ibovespa-fechamento-04062019\/\",\"name\":\"Ibovespa valoriza ap\u00f3s discurso do presidente do Fed, Jerome Powell\",\"isPartOf\":{\"@id\":\"https:\/\/www.suno.com.br\/noticias\/#website\"},\"primaryImageOfPage\":{\"@id\":\"https:\/\/www.suno.com.br\/noticias\/ibovespa-fechamento-04062019\/#primaryimage\"},\"image\":{\"@id\":\"https:\/\/www.suno.com.br\/noticias\/ibovespa-fechamento-04062019\/#primaryimage\"},\"thumbnailUrl\":\"https:\/\/files.sunoresearch.com.br\/n\/uploads\/2019\/04\/5191d2ea-economia_ilustracao-5-jpg.webp\",\"datePublished\":\"2019-06-04T21:09:01+00:00\",\"dateModified\":\"2021-02-18T01:30:15+00:00\",\"description\":\"O ibovespa fechou em alta nesta ter\u00e7a-feira (4), ap\u00f3s discurso feito pelo presidente do Fed, Jerome Powell. Clique para saber mais.\",\"breadcrumb\":{\"@id\":\"https:\/\/www.suno.com.br\/noticias\/ibovespa-fechamento-04062019\/#breadcrumb\"},\"inLanguage\":\"pt-BR\",\"potentialAction\":[{\"@type\":\"ReadAction\",\"target\":[\"https:\/\/www.suno.com.br\/noticias\/ibovespa-fechamento-04062019\/\"]}]},{\"@type\":\"ImageObject\",\"inLanguage\":\"pt-BR\",\"@id\":\"https:\/\/www.suno.com.br\/noticias\/ibovespa-fechamento-04062019\/#primaryimage\",\"url\":\"https:\/\/files.sunoresearch.com.br\/n\/uploads\/2019\/04\/5191d2ea-economia_ilustracao-5-jpg.webp\",\"contentUrl\":\"https:\/\/files.sunoresearch.com.br\/n\/uploads\/2019\/04\/5191d2ea-economia_ilustracao-5-jpg.webp\",\"width\":1140,\"height\":760,\"caption\":\"Confira o calend\u00e1rio dos balan\u00e7os das principais empresas da B3 para 2T19\"},{\"@type\":\"BreadcrumbList\",\"@id\":\"https:\/\/www.suno.com.br\/noticias\/ibovespa-fechamento-04062019\/#breadcrumb\",\"itemListElement\":[{\"@type\":\"ListItem\",\"position\":1,\"name\":\"Not\u00edcias\",\"item\":\"https:\/\/www.suno.com.br\/noticias\/\"},{\"@type\":\"ListItem\",\"position\":2,\"name\":\"Mercado\",\"item\":\"https:\/\/www.suno.com.br\/noticias\/mercado\/\"},{\"@type\":\"ListItem\",\"position\":3,\"name\":\"Ibovespa valoriza ap\u00f3s discurso do presidente do Fed, Jerome Powell\"}]},{\"@type\":\"WebSite\",\"@id\":\"https:\/\/www.suno.com.br\/noticias\/#website\",\"url\":\"https:\/\/www.suno.com.br\/noticias\/\",\"name\":\"Suno Not\u00edcias\",\"description\":\"Seu portal de informa\u00e7\u00e3o sobre o mundo dos investimentos\",\"publisher\":{\"@id\":\"https:\/\/www.suno.com.br\/noticias\/#organization\"},\"potentialAction\":[{\"@type\":\"SearchAction\",\"target\":{\"@type\":\"EntryPoint\",\"urlTemplate\":\"https:\/\/www.suno.com.br\/noticias\/?s={search_term_string}\"},\"query-input\":{\"@type\":\"PropertyValueSpecification\",\"valueRequired\":true,\"valueName\":\"search_term_string\"}}],\"inLanguage\":\"pt-BR\"},{\"@type\":\"Organization\",\"@id\":\"https:\/\/www.suno.com.br\/noticias\/#organization\",\"name\":\"Suno Not\u00edcias\",\"url\":\"https:\/\/www.suno.com.br\/noticias\/\",\"logo\":{\"@type\":\"ImageObject\",\"inLanguage\":\"pt-BR\",\"@id\":\"https:\/\/www.suno.com.br\/noticias\/#\/schema\/logo\/image\/\",\"url\":\"https:\/\/files.sunoresearch.com.br\/n\/uploads\/2021\/09\/suno-logo.png\",\"contentUrl\":\"https:\/\/files.sunoresearch.com.br\/n\/uploads\/2021\/09\/suno-logo.png\",\"width\":180,\"height\":180,\"caption\":\"Suno Not\u00edcias\"},\"image\":{\"@id\":\"https:\/\/www.suno.com.br\/noticias\/#\/schema\/logo\/image\/\"},\"sameAs\":[\"https:\/\/facebook.com\/sunoresearch\",\"https:\/\/x.com\/sunoresearch\",\"https:\/\/www.instagram.com\/suno\",\"https:\/\/www.linkedin.com\/company\/suno-research\/\",\"https:\/\/www.youtube.com\/c\/sunoresearch\"]},{\"@type\":\"Person\",\"@id\":\"https:\/\/www.suno.com.br\/noticias\/#\/schema\/person\/a5b06fa4e879d8e8e119c6ed3cd630d1\",\"name\":\"Amanda Gushiken\",\"image\":{\"@type\":\"ImageObject\",\"inLanguage\":\"pt-BR\",\"@id\":\"https:\/\/www.suno.com.br\/noticias\/#\/schema\/person\/image\/\",\"url\":\"https:\/\/secure.gravatar.com\/avatar\/ecd84705e6b65e3685ae80d725501fbe?s=96&r=g\",\"contentUrl\":\"https:\/\/secure.gravatar.com\/avatar\/ecd84705e6b65e3685ae80d725501fbe?s=96&r=g\",\"caption\":\"Amanda Gushiken\"},\"description\":\"Amanda Sayuri Gushiken escreve sobre finan\u00e7as e neg\u00f3cios para o portal Suno Not\u00edcias. Antes, trabalhou selecionando not\u00edcias da imprensa para clientes do mercado financeiro. Tamb\u00e9m desenvolveu pesquisa acad\u00eamica pela Universidade Anhembi Morumbi na \u00e1rea de Teorias da Comunica\u00e7\u00e3o e \u00e9 fot\u00f3grafa nas horas vagas.\",\"url\":\"https:\/\/www.suno.com.br\/noticias\/author\/amanda\/\"}]}<\/script>\n<!-- \/ Yoast SEO plugin. -->","yoast_head_json":{"title":"Ibovespa valoriza ap\u00f3s discurso do presidente do Fed, Jerome Powell","description":"O ibovespa fechou em alta nesta ter\u00e7a-feira (4), ap\u00f3s discurso feito pelo presidente do Fed, Jerome Powell. Clique para saber mais.","robots":{"index":"index","follow":"follow","max-snippet":"max-snippet:-1","max-image-preview":"max-image-preview:large","max-video-preview":"max-video-preview:-1"},"canonical":"https:\/\/www.suno.com.br\/noticias\/ibovespa-fechamento-04062019\/","og_locale":"pt_BR","og_type":"article","og_title":"Ibovespa valoriza ap\u00f3s discurso do presidente do Fed, Jerome Powell","og_description":"O ibovespa fechou em alta nesta ter\u00e7a-feira (4), ap\u00f3s discurso feito pelo presidente do Fed, Jerome Powell. Clique para saber mais.","og_url":"https:\/\/www.suno.com.br\/noticias\/ibovespa-fechamento-04062019\/","og_site_name":"Suno Not\u00edcias","article_publisher":"https:\/\/facebook.com\/sunoresearch","og_image":[{"width":1140,"height":760,"url":"https:\/\/files.sunoresearch.com.br\/n\/uploads\/2019\/04\/5191d2ea-economia_ilustracao-5.jpg","type":"image\/jpeg"}],"author":"Amanda Gushiken","twitter_card":"summary_large_image","twitter_creator":"@sunoresearch","twitter_site":"@sunoresearch","twitter_misc":{"Escrito por":"Amanda Gushiken","Est. tempo de leitura":"4 minutos"},"schema":{"@context":"https:\/\/schema.org","@graph":[{"@type":"NewsArticle","@id":"https:\/\/www.suno.com.br\/noticias\/ibovespa-fechamento-04062019\/#article","isPartOf":{"@id":"https:\/\/www.suno.com.br\/noticias\/ibovespa-fechamento-04062019\/"},"author":{"name":"Amanda Gushiken","@id":"https:\/\/www.suno.com.br\/noticias\/#\/schema\/person\/a5b06fa4e879d8e8e119c6ed3cd630d1"},"headline":"Ibovespa valoriza ap\u00f3s discurso do presidente do Fed, Jerome Powell","datePublished":"2019-06-04T21:09:01+00:00","dateModified":"2021-02-18T01:30:15+00:00","mainEntityOfPage":{"@id":"https:\/\/www.suno.com.br\/noticias\/ibovespa-fechamento-04062019\/"},"wordCount":722,"publisher":{"@id":"https:\/\/www.suno.com.br\/noticias\/#organization"},"image":{"@id":"https:\/\/www.suno.com.br\/noticias\/ibovespa-fechamento-04062019\/#primaryimage"},"thumbnailUrl":"https:\/\/files.sunoresearch.com.br\/n\/uploads\/2019\/04\/5191d2ea-economia_ilustracao-5-jpg.webp","keywords":["Braskem (BRKM3\/BRKM5\/BRKM6)","Federal Reserve (FED)","Grupo P\u00e3o de A\u00e7\u00facar (PCAR3\/PCAR4)","guerra comercial","Ibovespa","Odebrecht","Sabesp","Via (VIIA3)"],"articleSection":["Mercado"],"inLanguage":"pt-BR"},{"@type":"WebPage","@id":"https:\/\/www.suno.com.br\/noticias\/ibovespa-fechamento-04062019\/","url":"https:\/\/www.suno.com.br\/noticias\/ibovespa-fechamento-04062019\/","name":"Ibovespa valoriza ap\u00f3s discurso do presidente do Fed, Jerome Powell","isPartOf":{"@id":"https:\/\/www.suno.com.br\/noticias\/#website"},"primaryImageOfPage":{"@id":"https:\/\/www.suno.com.br\/noticias\/ibovespa-fechamento-04062019\/#primaryimage"},"image":{"@id":"https:\/\/www.suno.com.br\/noticias\/ibovespa-fechamento-04062019\/#primaryimage"},"thumbnailUrl":"https:\/\/files.sunoresearch.com.br\/n\/uploads\/2019\/04\/5191d2ea-economia_ilustracao-5-jpg.webp","datePublished":"2019-06-04T21:09:01+00:00","dateModified":"2021-02-18T01:30:15+00:00","description":"O ibovespa fechou em alta nesta ter\u00e7a-feira (4), ap\u00f3s discurso feito pelo presidente do Fed, Jerome Powell. Clique para saber mais.","breadcrumb":{"@id":"https:\/\/www.suno.com.br\/noticias\/ibovespa-fechamento-04062019\/#breadcrumb"},"inLanguage":"pt-BR","potentialAction":[{"@type":"ReadAction","target":["https:\/\/www.suno.com.br\/noticias\/ibovespa-fechamento-04062019\/"]}]},{"@type":"ImageObject","inLanguage":"pt-BR","@id":"https:\/\/www.suno.com.br\/noticias\/ibovespa-fechamento-04062019\/#primaryimage","url":"https:\/\/files.sunoresearch.com.br\/n\/uploads\/2019\/04\/5191d2ea-economia_ilustracao-5-jpg.webp","contentUrl":"https:\/\/files.sunoresearch.com.br\/n\/uploads\/2019\/04\/5191d2ea-economia_ilustracao-5-jpg.webp","width":1140,"height":760,"caption":"Confira o calend\u00e1rio dos balan\u00e7os das principais empresas da B3 para 2T19"},{"@type":"BreadcrumbList","@id":"https:\/\/www.suno.com.br\/noticias\/ibovespa-fechamento-04062019\/#breadcrumb","itemListElement":[{"@type":"ListItem","position":1,"name":"Not\u00edcias","item":"https:\/\/www.suno.com.br\/noticias\/"},{"@type":"ListItem","position":2,"name":"Mercado","item":"https:\/\/www.suno.com.br\/noticias\/mercado\/"},{"@type":"ListItem","position":3,"name":"Ibovespa valoriza ap\u00f3s discurso do presidente do Fed, Jerome Powell"}]},{"@type":"WebSite","@id":"https:\/\/www.suno.com.br\/noticias\/#website","url":"https:\/\/www.suno.com.br\/noticias\/","name":"Suno Not\u00edcias","description":"Seu portal de informa\u00e7\u00e3o sobre o mundo dos investimentos","publisher":{"@id":"https:\/\/www.suno.com.br\/noticias\/#organization"},"potentialAction":[{"@type":"SearchAction","target":{"@type":"EntryPoint","urlTemplate":"https:\/\/www.suno.com.br\/noticias\/?s={search_term_string}"},"query-input":{"@type":"PropertyValueSpecification","valueRequired":true,"valueName":"search_term_string"}}],"inLanguage":"pt-BR"},{"@type":"Organization","@id":"https:\/\/www.suno.com.br\/noticias\/#organization","name":"Suno Not\u00edcias","url":"https:\/\/www.suno.com.br\/noticias\/","logo":{"@type":"ImageObject","inLanguage":"pt-BR","@id":"https:\/\/www.suno.com.br\/noticias\/#\/schema\/logo\/image\/","url":"https:\/\/files.sunoresearch.com.br\/n\/uploads\/2021\/09\/suno-logo.png","contentUrl":"https:\/\/files.sunoresearch.com.br\/n\/uploads\/2021\/09\/suno-logo.png","width":180,"height":180,"caption":"Suno Not\u00edcias"},"image":{"@id":"https:\/\/www.suno.com.br\/noticias\/#\/schema\/logo\/image\/"},"sameAs":["https:\/\/facebook.com\/sunoresearch","https:\/\/x.com\/sunoresearch","https:\/\/www.instagram.com\/suno","https:\/\/www.linkedin.com\/company\/suno-research\/","https:\/\/www.youtube.com\/c\/sunoresearch"]},{"@type":"Person","@id":"https:\/\/www.suno.com.br\/noticias\/#\/schema\/person\/a5b06fa4e879d8e8e119c6ed3cd630d1","name":"Amanda Gushiken","image":{"@type":"ImageObject","inLanguage":"pt-BR","@id":"https:\/\/www.suno.com.br\/noticias\/#\/schema\/person\/image\/","url":"https:\/\/secure.gravatar.com\/avatar\/ecd84705e6b65e3685ae80d725501fbe?s=96&r=g","contentUrl":"https:\/\/secure.gravatar.com\/avatar\/ecd84705e6b65e3685ae80d725501fbe?s=96&r=g","caption":"Amanda Gushiken"},"description":"Amanda Sayuri Gushiken escreve sobre finan\u00e7as e neg\u00f3cios para o portal Suno Not\u00edcias. Antes, trabalhou selecionando not\u00edcias da imprensa para clientes do mercado financeiro. Tamb\u00e9m desenvolveu pesquisa acad\u00eamica pela Universidade Anhembi Morumbi na \u00e1rea de Teorias da Comunica\u00e7\u00e3o e \u00e9 fot\u00f3grafa nas horas vagas.","url":"https:\/\/www.suno.com.br\/noticias\/author\/amanda\/"}]}},"default_loop_html":"<div class=\"cardsPage__listCard__boxs\"><div class=\"cardsPage__listCard__boxs__img\"><a href=\"https:\/\/www.suno.com.br\/noticias\/ibovespa-fechamento-04062019\/\"><img class=\"mask\" src=\"https:\/\/www.suno.com.br\/noticias\/wp-content\/themes\/suno\/resources\/images\/spotlight\/spotlight1img\/bg-mask.png\" alt=\"Image Mask\"\/><img src=\"https:\/\/files.sunoresearch.com.br\/n\/uploads\/2019\/04\/5191d2ea-economia_ilustracao-5-400x200.webp\" alt=\"Ibovespa valoriza ap\u00f3s discurso do presidente do Fed, Jerome Powell\"\/><\/a><span class=\"spotlightCategory\"><a href=\"https:\/\/www.suno.com.br\/noticias\/mercado\/\">Mercado<\/a><\/span><\/div><div class=\"cardsPage__listCard__boxs__content\"><a href=\"https:\/\/www.suno.com.br\/noticias\/ibovespa-fechamento-04062019\/\"><h2 class=\"content__title\">Ibovespa valoriza ap\u00f3s discurso do presidente do Fed, Jerome Powell<\/h2><\/a><div class=\"newsContent__article__meta\"><div class=\"newsContent__article__meta__authorBox\"><a href=\"https:\/\/www.suno.com.br\/noticias\/author\/amanda\/\" class=\"authorBox__avatar noMobi\"><img src=\"https:\/\/files.sunoresearch.com.br\/n\/uploads\/2018\/11\/c6ad30be-amanda-150x150.webp\" alt=\"Amanda Gushiken\"><\/a><div class=\"authorBox__name\"><span>por\n\t\t\t<a href=\"https:\/\/www.suno.com.br\/noticias\/author\/amanda\/\"><span itemprop=\"author\">Amanda Gushiken<\/span><\/a><\/span><time datetime=\"2019-06-04T18:09:01-03:00\" itemprop=\"datePublished\">04\/06\/2019 18:09<\/time><\/div><\/div><\/div><\/div><\/div>","single_layout":"posts","amp_enabled":true,"_links":{"self":[{"href":"https:\/\/www.suno.com.br\/noticias\/wp-json\/wp\/v2\/posts\/27216"}],"collection":[{"href":"https:\/\/www.suno.com.br\/noticias\/wp-json\/wp\/v2\/posts"}],"about":[{"href":"https:\/\/www.suno.com.br\/noticias\/wp-json\/wp\/v2\/types\/post"}],"author":[{"embeddable":true,"href":"https:\/\/www.suno.com.br\/noticias\/wp-json\/wp\/v2\/users\/12"}],"replies":[{"embeddable":true,"href":"https:\/\/www.suno.com.br\/noticias\/wp-json\/wp\/v2\/comments?post=27216"}],"version-history":[{"count":0,"href":"https:\/\/www.suno.com.br\/noticias\/wp-json\/wp\/v2\/posts\/27216\/revisions"}],"wp:featuredmedia":[{"embeddable":true,"href":"https:\/\/www.suno.com.br\/noticias\/wp-json\/wp\/v2\/media\/21804"}],"wp:attachment":[{"href":"https:\/\/www.suno.com.br\/noticias\/wp-json\/wp\/v2\/media?parent=27216"}],"wp:term":[{"taxonomy":"category","embeddable":true,"href":"https:\/\/www.suno.com.br\/noticias\/wp-json\/wp\/v2\/categories?post=27216"},{"taxonomy":"post_tag","embeddable":true,"href":"https:\/\/www.suno.com.br\/noticias\/wp-json\/wp\/v2\/tags?post=27216"},{"taxonomy":"suno_strategy","embeddable":true,"href":"https:\/\/www.suno.com.br\/noticias\/wp-json\/wp\/v2\/suno_strategy?post=27216"}],"curies":[{"name":"wp","href":"https:\/\/api.w.org\/{rel}","templated":true}]}}