{"id":27199,"date":"2019-06-04T17:22:57","date_gmt":"2019-06-04T20:22:57","guid":{"rendered":"https:\/\/www.suno.com.br\/noticias\/?p=27199"},"modified":"2019-06-04T20:59:20","modified_gmt":"2019-06-04T23:59:20","slug":"governo-simplificacao-tributaria-imposto-unico-guedes","status":"publish","type":"post","link":"https:\/\/www.suno.com.br\/noticias\/governo-simplificacao-tributaria-imposto-unico-guedes\/","title":{"rendered":"Governo quer simplifica\u00e7\u00e3o tribut\u00e1ria e pensa em imposto \u00fanico, diz Guedes"},"content":{"rendered":"<p>O ministro da <strong>Economia<\/strong>, Paulo Guedes, afirmou, nesta ter\u00e7a-feira (4), que o governo busca uma <strong>simplifica\u00e7\u00e3o tribut\u00e1ria<\/strong>. Al\u00e9m disso, o chefe da equipe econ\u00f4mica tamb\u00e9m informou que \u00e9 pensada pelo Executivo a cria\u00e7\u00e3o de um imposto \u00fanico.<\/p>\t<div class=\"wrapper-featured-image\">\n\t\t<figure class=\"spotlightImg\">\n\n\t\t\t<picture>\n\t\t\t\t<source media=\"(max-width: 768px)\" srcset=\"https:\/\/files.sunoresearch.com.br\/n\/uploads\/2019\/05\/e9a56df4-pib-400x200.webp\">\n\t\t\t\t<img loading=\"lazy\" decoding=\"async\" class=\"newsContent__article__imgCapa lazyloadDisabled newsContent__article__imgCapa--noCaption\" src=\"https:\/\/files.sunoresearch.com.br\/n\/uploads\/2019\/05\/e9a56df4-pib-800x450.webp\" width=\"800\" height=\"450\" alt=\"Governo quer simplifica\u00e7\u00e3o tribut\u00e1ria e pensa em imposto \u00fanico, diz Guedes\" fetchpriority=high \/>\n\t\t\t<\/picture>\n\n\t\t\t<figcaption class=\"wp-caption-text wp-caption-text--hide\">Guedes<\/figcaption>\n\t\t<\/figure>\n\t<\/div>\n\n\n<p>A fala de <strong>Guedes<\/strong> ocorreu durante a <strong>Comiss\u00e3o de Finan\u00e7as e Tributa\u00e7\u00e3o da C\u00e2mara dos Deputados<\/strong>, da qual fez parte. Segundo o ministro, a medida \u00e9 uma das prioridades do presidente <strong>Jair Bolsonaro<\/strong>.<\/p>\n<p>O imposto \u00fanico a que o ministro se refere \u00e9 o <strong>Imposto sobre Valor Agregado \u2013 IVA<\/strong>. Segundo <strong>Guedes<\/strong>, o governo gostaria que cada Estado pudesse decidir se ir\u00e1 aderir ou n\u00e3o ao <strong>IVA<\/strong>. Esse \u00e9 um dos principais pontos de discord\u00e2ncia do <strong>governo<\/strong> em rela\u00e7\u00e3o \u00e0 proposta que j\u00e1 est\u00e1 no <strong>Congresso<\/strong>. O projeto de autoria do deputado <strong>Baleia Rossi <\/strong>(MDB-SP)quer criar um imposto nacional.<\/p>\n\t<p>\n\t\t<a href=\"https:\/\/simulador-aposentadoria.suno.com.br\/?utm_source=suno-noticias&#038;utm_medium=banner&#038;utm_content=como-investir-para-aposentadoria-carteira-go&#038;utm_campaign=_SNC36CE4E9F_\" target=\"_blank\" data-element=\"shortcode-suno-banner\" title=\"Banner SUNO, clique e saiba mais\">\n\t\t\t<picture>\n\t\t\t\t<source media=\"(max-width: 500px)\" srcset=\"https:\/\/files.sunoresearch.com.br\/n\/uploads\/2025\/11\/400x300.webp\">\n\t\t\t\t<img class=\"newsContent__article__imgCapa newsContent__article__imgCapa--banner\"\n\t\t\t\t\tsrc=\"https:\/\/files.sunoresearch.com.br\/n\/uploads\/2025\/11\/1420x240.webp\"\n\t\t\t\t\tdata-promo-id=\"631530\"\t\t\t\t\t\t\t\t\t\twidth='1420' height='240'\t\t\t\t\talt=\"https:\/\/files.sunoresearch.com.br\/n\/uploads\/2025\/11\/1420x240.webp\"\n\t\t\t\t>\n\t\t\t<\/picture>\n\t\t<\/a>\n\t<\/p>\n\n\n<p>&#8220;Queremos simplifica\u00e7\u00e3o e consideramos o <strong>imposto \u00fanico federal<\/strong>. Vamos trazer proposta de redu\u00e7\u00e3o e simplifica\u00e7\u00e3o de impostos e vamos olhar para a dimens\u00e3o social&#8221;, disse.<\/p>\n<p><a href=\"https:\/\/www.suno.com.br\/noticias\/governo-congresso-projeto-estados\/\">Saiba Mais: Governo envia ao Congresso projeto para ajudar estados em crise financeira<\/a><\/p>\n<p>Outro ponto na pauta do <strong>governo<\/strong> em curto prazo, segundo <strong>Guedes<\/strong>, \u00e9 o redesenho do <strong>Pacto<\/strong> <strong>Federativo<\/strong>. Isso porque a medida determina, entre outras coisas, como s\u00e3o recolhidos os impostos dos <strong>Estados<\/strong> \u00e0 <strong>Uni\u00e3o<\/strong>. Assim, o pacto estaria na fila para aprecia\u00e7\u00e3o do <strong>Congresso<\/strong>, logo ap\u00f3s a tramita\u00e7\u00e3o da reforma da <strong>Previd\u00eancia<\/strong>.<\/p>\n<p style=\"text-align: center;\"><iframe loading=\"lazy\" src=\"https:\/\/www.youtube.com\/embed\/hD0OQrae3pU\" width=\"560\" height=\"315\" frameborder=\"0\" allowfullscreen=\"allowfullscreen\"><\/iframe><\/p>\n<h2>IVA<\/h2>\n<p>O projeto do deputado <strong>Baleia Rossi<\/strong> prop\u00f5e a substitui\u00e7\u00e3o de cinco <strong>impostos<\/strong> sobre o consumo por apenas um. Assim, a substitui\u00e7\u00e3o ocorreria em dez anos e seria sobre os seguintes tributos:<\/p>\n<ul>\n<li>ICMS;<\/li>\n<li>PIS\/Confis;<\/li>\n<li>ISS;<\/li>\n<li>IPI.<\/li>\n<\/ul>\n<p>O novo tributo teria uma <strong>al\u00edquota<\/strong> em torno dos 20% para qualquer produto. Atualmente, esses valores s\u00e3o diversos. O texto est\u00e1 em tramita\u00e7\u00e3o na <strong>C\u00e2mara<\/strong> e j\u00e1 foi aprovado na <strong>Comiss\u00e3o<\/strong> d<strong>e Constitui\u00e7\u00e3o e Justi\u00e7a<\/strong>. O parecer foi feito pelo deputado <strong>Jo\u00e3o Roma<\/strong> (PRB-BA).<\/p>\n<p>Por se tratar de uma <strong>Proposta de Emenda \u00e0 Constitui\u00e7\u00e3o (PEC)<\/strong>, a mudan\u00e7a deve ser aprovada por pelos menos 308 dos 513 deputados federais. Depois de passar pelo plen\u00e1rio da <strong>C\u00e2mara<\/strong> (o pr\u00f3ximo passo da tramita\u00e7\u00e3o), a PEC vai \u00e0 an\u00e1lise no <strong>Senado<\/strong>.<\/p>\n<h2>Meta fiscal<\/h2>\n<p>Dessa forma, tanto a <strong>reforma tribut\u00e1ria<\/strong> quanto a da <strong>Previd\u00eancia<\/strong> fazem parte de um projeto maior do Executivo, que \u00e9 conseguir cumprir a <strong>meta fiscal<\/strong>. Isso porque a meta foi definida pelo governo em um d\u00e9ficit de R$ 139 bilh\u00f5es em 2019. Entretanto, mesmo com um rombo j\u00e1 grande, a <strong>equipe econ\u00f4mica<\/strong> enfrenta dificuldades para n\u00e3o ultrapassar o valor.<\/p>\n<p>Dessa forma, o <strong>governo<\/strong> tem tomado diversas medidas para conter e reduzir os <strong>gastos<\/strong> <strong>p\u00fablicos<\/strong>. Confira algumas delas:<\/p>\n<ul>\n<li>contingenciamento do Or\u00e7amento;<\/li>\n<li>reforma da Previd\u00eancia.<\/li>\n<\/ul>\n<p>O <strong>bloqueio or\u00e7ament\u00e1rio<\/strong> foi anunciado pelo <strong>Executivo<\/strong> e soma um total de R$ 30 bilh\u00f5es. Assim, a \u00e1rea da educa\u00e7\u00e3o foi a mais afetada, isso porque o contingenciamento no <strong>Minist\u00e9rio da Educa\u00e7\u00e3o<\/strong> \u00e9 de R$ 7,4 bilh\u00f5es. Com isso, a decis\u00e3o da equipe econ\u00f4mica desencadeou uma s\u00e9rie de protestos pelo Pa\u00eds.<\/p>\n<p><a href=\"https:\/\/www.suno.com.br\/noticias\/orcamento-bloqueios-mp-fraudes\/\">Saiba Mais: Or\u00e7amento: novos bloqueios podem ocorrer se MP de fraudes n\u00e3o for aprovada<\/a><\/p>\n<h2>Previd\u00eancia<\/h2>\n<p>Por sua vez, a <strong>reforma da Previd\u00eancia<\/strong> \u00e9 a mudan\u00e7a mais urgente do ponto de vista do governo, e segue em andamento na<strong> C\u00e2mara dos Deputados<\/strong>. &#8220;A economia brasileira est\u00e1 estagnada e precisa de reformas para que saia dessa situa\u00e7\u00e3o. Depois da reforma da <strong>Previd\u00eancia<\/strong> pretendemos trazer a proposta de acumula\u00e7\u00e3o de <strong>poupan\u00e7a<\/strong>, reforma <strong>tribut\u00e1ria<\/strong> e <strong>Pacto Federativo<\/strong>&#8220;, destacou <strong>Guedes<\/strong>.<\/p>\n<p>A PEC das mudan\u00e7as previdenci\u00e1rias est\u00e1 tramitando na <strong>Comiss\u00e3o Especial<\/strong> da C\u00e2mara. Agora os deputados apresentam emendas e o relator prepara o parecer, que deve ser apresentado at\u00e9 o pr\u00f3ximo dia 15, de acordo com <strong>Samuel Moreira<\/strong> (PSDB). Ap\u00f3s aprova\u00e7\u00e3o na comiss\u00e3o, a proposta vai a plen\u00e1rio para s\u00f3 ent\u00e3o passar ao <strong>Senado<\/strong>.<\/p>\n<p>O governo voltou a falar em uma aprova\u00e7\u00e3o do texto no <strong>Congresso<\/strong> ainda no primeiro semestre. Entretanto, analistas e economistas n\u00e3o est\u00e3o t\u00e3o otimistas quanto ao prazo nem quanto ao valor da reforma.<\/p>\n<p><a href=\"https:\/\/www.suno.com.br\/noticias\/boletim-focus-crescimento-pib-reduzido\/\">Saiba Mais: Boletim Focus: previs\u00e3o de crescimento do PIB \u00e9 reduzida para 1,13%<\/a><\/p>\n<p>Isso porque a previs\u00e3o do <strong>minist\u00e9rio da Economia<\/strong> \u00e9 de que a medida gere uma economia de R$ 1,2 trilh\u00e3o em dez anos. Contudo, com as altera\u00e7\u00f5es dos parlamentares, esse valor pode cair para menos de R$ 800 bilh\u00f5es.<\/p>\n<p>Dessa forma, seriam prejudicadas n\u00e3o s\u00f3 as contas do <strong>governo<\/strong>, mas tamb\u00e9m a confian\u00e7a dos investidores e o cen\u00e1rio de investimentos no Brasil. Al\u00e9m disso, a proje\u00e7\u00e3o do <strong>PIB<\/strong> anual j\u00e1 sofreu 14 quedas seguidas pelo <strong>Banco Central<\/strong>. No in\u00edcio do ano, a previs\u00e3o era de que a economia brasileira crescesse 2,6% em 2019. No entanto, esse n\u00famero j\u00e1 est\u00e1 em apenas 1,13%.<\/p>\n","protected":false},"excerpt":{"rendered":"<p>O ministro da Economia, Paulo Guedes, afirmou, nesta ter\u00e7a-feira (4), que o governo busca uma simplifica\u00e7\u00e3o tribut\u00e1ria. Al\u00e9m disso, o chefe da equipe econ\u00f4mica tamb\u00e9m informou que \u00e9 pensada pelo Executivo a cria\u00e7\u00e3o de um imposto \u00fanico. Guedes A fala de Guedes ocorreu durante a Comiss\u00e3o de Finan\u00e7as e Tributa\u00e7\u00e3o da C\u00e2mara dos Deputados, da [&hellip;]<\/p>\n","protected":false},"author":16,"featured_media":24575,"comment_status":"closed","ping_status":"closed","sticky":false,"template":"","format":"standard","meta":[],"categories":[62],"tags":[938,796,322,940],"suno_strategy":[],"class_list":["post-27199","post","type-post","status-publish","format-standard","has-post-thumbnail","hentry","category-economia","tag-camara-dos-deputados","tag-paulo-guedes","tag-previdencia-social","tag-reforma-da-previdencia"],"yoast_head":"<!-- This site is optimized with the Yoast SEO plugin v24.4 - https:\/\/yoast.com\/wordpress\/plugins\/seo\/ -->\n<title>Governo quer simplifica\u00e7\u00e3o tribut\u00e1ria e imposto \u00fanico, diz Guedes<\/title>\n<meta name=\"description\" content=\"O ministro da Economia, Paulo Guedes, deu a declara\u00e7\u00e3o durante comiss\u00e3o na C\u00e2mara dos Deputados. Clique aqui e saiba mais sobre a reuni\u00e3o.\" \/>\n<meta name=\"robots\" content=\"index, follow, max-snippet:-1, max-image-preview:large, max-video-preview:-1\" \/>\n<link rel=\"canonical\" href=\"https:\/\/www.suno.com.br\/noticias\/governo-simplificacao-tributaria-imposto-unico-guedes\/\" \/>\n<meta property=\"og:locale\" content=\"pt_BR\" \/>\n<meta property=\"og:type\" content=\"article\" \/>\n<meta property=\"og:title\" content=\"Governo quer simplifica\u00e7\u00e3o tribut\u00e1ria e imposto \u00fanico, diz Guedes\" \/>\n<meta property=\"og:description\" content=\"O ministro da Economia, Paulo Guedes, deu a declara\u00e7\u00e3o durante comiss\u00e3o na C\u00e2mara dos Deputados. Clique aqui e saiba mais sobre a reuni\u00e3o.\" \/>\n<meta property=\"og:url\" content=\"https:\/\/www.suno.com.br\/noticias\/governo-simplificacao-tributaria-imposto-unico-guedes\/\" \/>\n<meta property=\"og:site_name\" content=\"Suno Not\u00edcias\" \/>\n<meta property=\"article:publisher\" content=\"https:\/\/facebook.com\/sunoresearch\" \/>\n<meta property=\"og:image\" content=\"https:\/\/files.sunoresearch.com.br\/n\/uploads\/2019\/05\/e9a56df4-pib.jpg\" \/>\n\t<meta property=\"og:image:width\" content=\"1140\" \/>\n\t<meta property=\"og:image:height\" content=\"760\" \/>\n\t<meta property=\"og:image:type\" content=\"image\/jpeg\" \/>\n<meta name=\"author\" content=\"Beatriz Oliveira\" \/>\n<meta name=\"twitter:card\" content=\"summary_large_image\" \/>\n<meta name=\"twitter:creator\" content=\"@sunoresearch\" \/>\n<meta name=\"twitter:site\" content=\"@sunoresearch\" \/>\n<meta name=\"twitter:label1\" content=\"Escrito por\" \/>\n\t<meta name=\"twitter:data1\" content=\"Beatriz Oliveira\" \/>\n\t<meta name=\"twitter:label2\" content=\"Est. tempo de leitura\" \/>\n\t<meta name=\"twitter:data2\" content=\"4 minutos\" \/>\n<script type=\"application\/ld+json\" class=\"yoast-schema-graph\">{\"@context\":\"https:\/\/schema.org\",\"@graph\":[{\"@type\":\"NewsArticle\",\"@id\":\"https:\/\/www.suno.com.br\/noticias\/governo-simplificacao-tributaria-imposto-unico-guedes\/#article\",\"isPartOf\":{\"@id\":\"https:\/\/www.suno.com.br\/noticias\/governo-simplificacao-tributaria-imposto-unico-guedes\/\"},\"author\":{\"name\":\"Beatriz Oliveira\",\"@id\":\"https:\/\/www.suno.com.br\/noticias\/#\/schema\/person\/e67f665add014bf99f644028de070cc3\"},\"headline\":\"Governo quer simplifica\u00e7\u00e3o tribut\u00e1ria e pensa em imposto \u00fanico, diz Guedes\",\"datePublished\":\"2019-06-04T20:22:57+00:00\",\"dateModified\":\"2019-06-04T23:59:20+00:00\",\"mainEntityOfPage\":{\"@id\":\"https:\/\/www.suno.com.br\/noticias\/governo-simplificacao-tributaria-imposto-unico-guedes\/\"},\"wordCount\":850,\"publisher\":{\"@id\":\"https:\/\/www.suno.com.br\/noticias\/#organization\"},\"image\":{\"@id\":\"https:\/\/www.suno.com.br\/noticias\/governo-simplificacao-tributaria-imposto-unico-guedes\/#primaryimage\"},\"thumbnailUrl\":\"https:\/\/files.sunoresearch.com.br\/n\/uploads\/2019\/05\/e9a56df4-pib-jpg.webp\",\"keywords\":[\"C\u00e2mara dos Deputados\",\"Paulo Guedes\",\"Previd\u00eancia Social\",\"Reforma da Previd\u00eancia\"],\"articleSection\":[\"Economia\"],\"inLanguage\":\"pt-BR\"},{\"@type\":\"WebPage\",\"@id\":\"https:\/\/www.suno.com.br\/noticias\/governo-simplificacao-tributaria-imposto-unico-guedes\/\",\"url\":\"https:\/\/www.suno.com.br\/noticias\/governo-simplificacao-tributaria-imposto-unico-guedes\/\",\"name\":\"Governo quer simplifica\u00e7\u00e3o tribut\u00e1ria e imposto \u00fanico, diz Guedes\",\"isPartOf\":{\"@id\":\"https:\/\/www.suno.com.br\/noticias\/#website\"},\"primaryImageOfPage\":{\"@id\":\"https:\/\/www.suno.com.br\/noticias\/governo-simplificacao-tributaria-imposto-unico-guedes\/#primaryimage\"},\"image\":{\"@id\":\"https:\/\/www.suno.com.br\/noticias\/governo-simplificacao-tributaria-imposto-unico-guedes\/#primaryimage\"},\"thumbnailUrl\":\"https:\/\/files.sunoresearch.com.br\/n\/uploads\/2019\/05\/e9a56df4-pib-jpg.webp\",\"datePublished\":\"2019-06-04T20:22:57+00:00\",\"dateModified\":\"2019-06-04T23:59:20+00:00\",\"description\":\"O ministro da Economia, Paulo Guedes, deu a declara\u00e7\u00e3o durante comiss\u00e3o na C\u00e2mara dos Deputados. Clique aqui e saiba mais sobre a reuni\u00e3o.\",\"breadcrumb\":{\"@id\":\"https:\/\/www.suno.com.br\/noticias\/governo-simplificacao-tributaria-imposto-unico-guedes\/#breadcrumb\"},\"inLanguage\":\"pt-BR\",\"potentialAction\":[{\"@type\":\"ReadAction\",\"target\":[\"https:\/\/www.suno.com.br\/noticias\/governo-simplificacao-tributaria-imposto-unico-guedes\/\"]}]},{\"@type\":\"ImageObject\",\"inLanguage\":\"pt-BR\",\"@id\":\"https:\/\/www.suno.com.br\/noticias\/governo-simplificacao-tributaria-imposto-unico-guedes\/#primaryimage\",\"url\":\"https:\/\/files.sunoresearch.com.br\/n\/uploads\/2019\/05\/e9a56df4-pib-jpg.webp\",\"contentUrl\":\"https:\/\/files.sunoresearch.com.br\/n\/uploads\/2019\/05\/e9a56df4-pib-jpg.webp\",\"width\":1140,\"height\":760,\"caption\":\"Guedes\"},{\"@type\":\"BreadcrumbList\",\"@id\":\"https:\/\/www.suno.com.br\/noticias\/governo-simplificacao-tributaria-imposto-unico-guedes\/#breadcrumb\",\"itemListElement\":[{\"@type\":\"ListItem\",\"position\":1,\"name\":\"Not\u00edcias\",\"item\":\"https:\/\/www.suno.com.br\/noticias\/\"},{\"@type\":\"ListItem\",\"position\":2,\"name\":\"Economia\",\"item\":\"https:\/\/www.suno.com.br\/noticias\/economia\/\"},{\"@type\":\"ListItem\",\"position\":3,\"name\":\"Governo quer simplifica\u00e7\u00e3o tribut\u00e1ria e pensa em imposto \u00fanico, diz Guedes\"}]},{\"@type\":\"WebSite\",\"@id\":\"https:\/\/www.suno.com.br\/noticias\/#website\",\"url\":\"https:\/\/www.suno.com.br\/noticias\/\",\"name\":\"Suno Not\u00edcias\",\"description\":\"Seu portal de informa\u00e7\u00e3o sobre o mundo dos investimentos\",\"publisher\":{\"@id\":\"https:\/\/www.suno.com.br\/noticias\/#organization\"},\"potentialAction\":[{\"@type\":\"SearchAction\",\"target\":{\"@type\":\"EntryPoint\",\"urlTemplate\":\"https:\/\/www.suno.com.br\/noticias\/?s={search_term_string}\"},\"query-input\":{\"@type\":\"PropertyValueSpecification\",\"valueRequired\":true,\"valueName\":\"search_term_string\"}}],\"inLanguage\":\"pt-BR\"},{\"@type\":\"Organization\",\"@id\":\"https:\/\/www.suno.com.br\/noticias\/#organization\",\"name\":\"Suno Not\u00edcias\",\"url\":\"https:\/\/www.suno.com.br\/noticias\/\",\"logo\":{\"@type\":\"ImageObject\",\"inLanguage\":\"pt-BR\",\"@id\":\"https:\/\/www.suno.com.br\/noticias\/#\/schema\/logo\/image\/\",\"url\":\"https:\/\/files.sunoresearch.com.br\/n\/uploads\/2021\/09\/suno-logo.png\",\"contentUrl\":\"https:\/\/files.sunoresearch.com.br\/n\/uploads\/2021\/09\/suno-logo.png\",\"width\":180,\"height\":180,\"caption\":\"Suno Not\u00edcias\"},\"image\":{\"@id\":\"https:\/\/www.suno.com.br\/noticias\/#\/schema\/logo\/image\/\"},\"sameAs\":[\"https:\/\/facebook.com\/sunoresearch\",\"https:\/\/x.com\/sunoresearch\",\"https:\/\/www.instagram.com\/suno\",\"https:\/\/www.linkedin.com\/company\/suno-research\/\",\"https:\/\/www.youtube.com\/c\/sunoresearch\"]},{\"@type\":\"Person\",\"@id\":\"https:\/\/www.suno.com.br\/noticias\/#\/schema\/person\/e67f665add014bf99f644028de070cc3\",\"name\":\"Beatriz Oliveira\",\"image\":{\"@type\":\"ImageObject\",\"inLanguage\":\"pt-BR\",\"@id\":\"https:\/\/www.suno.com.br\/noticias\/#\/schema\/person\/image\/\",\"url\":\"https:\/\/secure.gravatar.com\/avatar\/c9aa6a0aaecc598d257d5d5bd349157d?s=96&r=g\",\"contentUrl\":\"https:\/\/secure.gravatar.com\/avatar\/c9aa6a0aaecc598d257d5d5bd349157d?s=96&r=g\",\"caption\":\"Beatriz Oliveira\"},\"description\":\"Formada em Jornalismo pela Faculdade Paulus de Tecnologia e Comunica\u00e7\u00e3o, Beatriz Oliveira escreve para o portal de not\u00edcias Suno Research. Antes, passou pelas reda\u00e7\u00f5es da Revista EXAME e da Rede Bandeirantes.\",\"url\":\"https:\/\/www.suno.com.br\/noticias\/author\/beatriz\/\"}]}<\/script>\n<!-- \/ Yoast SEO plugin. -->","yoast_head_json":{"title":"Governo quer simplifica\u00e7\u00e3o tribut\u00e1ria e imposto \u00fanico, diz Guedes","description":"O ministro da Economia, Paulo Guedes, deu a declara\u00e7\u00e3o durante comiss\u00e3o na C\u00e2mara dos Deputados. Clique aqui e saiba mais sobre a reuni\u00e3o.","robots":{"index":"index","follow":"follow","max-snippet":"max-snippet:-1","max-image-preview":"max-image-preview:large","max-video-preview":"max-video-preview:-1"},"canonical":"https:\/\/www.suno.com.br\/noticias\/governo-simplificacao-tributaria-imposto-unico-guedes\/","og_locale":"pt_BR","og_type":"article","og_title":"Governo quer simplifica\u00e7\u00e3o tribut\u00e1ria e imposto \u00fanico, diz Guedes","og_description":"O ministro da Economia, Paulo Guedes, deu a declara\u00e7\u00e3o durante comiss\u00e3o na C\u00e2mara dos Deputados. Clique aqui e saiba mais sobre a reuni\u00e3o.","og_url":"https:\/\/www.suno.com.br\/noticias\/governo-simplificacao-tributaria-imposto-unico-guedes\/","og_site_name":"Suno Not\u00edcias","article_publisher":"https:\/\/facebook.com\/sunoresearch","og_image":[{"width":1140,"height":760,"url":"https:\/\/files.sunoresearch.com.br\/n\/uploads\/2019\/05\/e9a56df4-pib.jpg","type":"image\/jpeg"}],"author":"Beatriz Oliveira","twitter_card":"summary_large_image","twitter_creator":"@sunoresearch","twitter_site":"@sunoresearch","twitter_misc":{"Escrito por":"Beatriz Oliveira","Est. tempo de leitura":"4 minutos"},"schema":{"@context":"https:\/\/schema.org","@graph":[{"@type":"NewsArticle","@id":"https:\/\/www.suno.com.br\/noticias\/governo-simplificacao-tributaria-imposto-unico-guedes\/#article","isPartOf":{"@id":"https:\/\/www.suno.com.br\/noticias\/governo-simplificacao-tributaria-imposto-unico-guedes\/"},"author":{"name":"Beatriz Oliveira","@id":"https:\/\/www.suno.com.br\/noticias\/#\/schema\/person\/e67f665add014bf99f644028de070cc3"},"headline":"Governo quer simplifica\u00e7\u00e3o tribut\u00e1ria e pensa em imposto \u00fanico, diz Guedes","datePublished":"2019-06-04T20:22:57+00:00","dateModified":"2019-06-04T23:59:20+00:00","mainEntityOfPage":{"@id":"https:\/\/www.suno.com.br\/noticias\/governo-simplificacao-tributaria-imposto-unico-guedes\/"},"wordCount":850,"publisher":{"@id":"https:\/\/www.suno.com.br\/noticias\/#organization"},"image":{"@id":"https:\/\/www.suno.com.br\/noticias\/governo-simplificacao-tributaria-imposto-unico-guedes\/#primaryimage"},"thumbnailUrl":"https:\/\/files.sunoresearch.com.br\/n\/uploads\/2019\/05\/e9a56df4-pib-jpg.webp","keywords":["C\u00e2mara dos Deputados","Paulo Guedes","Previd\u00eancia Social","Reforma da Previd\u00eancia"],"articleSection":["Economia"],"inLanguage":"pt-BR"},{"@type":"WebPage","@id":"https:\/\/www.suno.com.br\/noticias\/governo-simplificacao-tributaria-imposto-unico-guedes\/","url":"https:\/\/www.suno.com.br\/noticias\/governo-simplificacao-tributaria-imposto-unico-guedes\/","name":"Governo quer simplifica\u00e7\u00e3o tribut\u00e1ria e imposto \u00fanico, diz Guedes","isPartOf":{"@id":"https:\/\/www.suno.com.br\/noticias\/#website"},"primaryImageOfPage":{"@id":"https:\/\/www.suno.com.br\/noticias\/governo-simplificacao-tributaria-imposto-unico-guedes\/#primaryimage"},"image":{"@id":"https:\/\/www.suno.com.br\/noticias\/governo-simplificacao-tributaria-imposto-unico-guedes\/#primaryimage"},"thumbnailUrl":"https:\/\/files.sunoresearch.com.br\/n\/uploads\/2019\/05\/e9a56df4-pib-jpg.webp","datePublished":"2019-06-04T20:22:57+00:00","dateModified":"2019-06-04T23:59:20+00:00","description":"O ministro da Economia, Paulo Guedes, deu a declara\u00e7\u00e3o durante comiss\u00e3o na C\u00e2mara dos Deputados. Clique aqui e saiba mais sobre a reuni\u00e3o.","breadcrumb":{"@id":"https:\/\/www.suno.com.br\/noticias\/governo-simplificacao-tributaria-imposto-unico-guedes\/#breadcrumb"},"inLanguage":"pt-BR","potentialAction":[{"@type":"ReadAction","target":["https:\/\/www.suno.com.br\/noticias\/governo-simplificacao-tributaria-imposto-unico-guedes\/"]}]},{"@type":"ImageObject","inLanguage":"pt-BR","@id":"https:\/\/www.suno.com.br\/noticias\/governo-simplificacao-tributaria-imposto-unico-guedes\/#primaryimage","url":"https:\/\/files.sunoresearch.com.br\/n\/uploads\/2019\/05\/e9a56df4-pib-jpg.webp","contentUrl":"https:\/\/files.sunoresearch.com.br\/n\/uploads\/2019\/05\/e9a56df4-pib-jpg.webp","width":1140,"height":760,"caption":"Guedes"},{"@type":"BreadcrumbList","@id":"https:\/\/www.suno.com.br\/noticias\/governo-simplificacao-tributaria-imposto-unico-guedes\/#breadcrumb","itemListElement":[{"@type":"ListItem","position":1,"name":"Not\u00edcias","item":"https:\/\/www.suno.com.br\/noticias\/"},{"@type":"ListItem","position":2,"name":"Economia","item":"https:\/\/www.suno.com.br\/noticias\/economia\/"},{"@type":"ListItem","position":3,"name":"Governo quer simplifica\u00e7\u00e3o tribut\u00e1ria e pensa em imposto \u00fanico, diz Guedes"}]},{"@type":"WebSite","@id":"https:\/\/www.suno.com.br\/noticias\/#website","url":"https:\/\/www.suno.com.br\/noticias\/","name":"Suno Not\u00edcias","description":"Seu portal de informa\u00e7\u00e3o sobre o mundo dos investimentos","publisher":{"@id":"https:\/\/www.suno.com.br\/noticias\/#organization"},"potentialAction":[{"@type":"SearchAction","target":{"@type":"EntryPoint","urlTemplate":"https:\/\/www.suno.com.br\/noticias\/?s={search_term_string}"},"query-input":{"@type":"PropertyValueSpecification","valueRequired":true,"valueName":"search_term_string"}}],"inLanguage":"pt-BR"},{"@type":"Organization","@id":"https:\/\/www.suno.com.br\/noticias\/#organization","name":"Suno Not\u00edcias","url":"https:\/\/www.suno.com.br\/noticias\/","logo":{"@type":"ImageObject","inLanguage":"pt-BR","@id":"https:\/\/www.suno.com.br\/noticias\/#\/schema\/logo\/image\/","url":"https:\/\/files.sunoresearch.com.br\/n\/uploads\/2021\/09\/suno-logo.png","contentUrl":"https:\/\/files.sunoresearch.com.br\/n\/uploads\/2021\/09\/suno-logo.png","width":180,"height":180,"caption":"Suno Not\u00edcias"},"image":{"@id":"https:\/\/www.suno.com.br\/noticias\/#\/schema\/logo\/image\/"},"sameAs":["https:\/\/facebook.com\/sunoresearch","https:\/\/x.com\/sunoresearch","https:\/\/www.instagram.com\/suno","https:\/\/www.linkedin.com\/company\/suno-research\/","https:\/\/www.youtube.com\/c\/sunoresearch"]},{"@type":"Person","@id":"https:\/\/www.suno.com.br\/noticias\/#\/schema\/person\/e67f665add014bf99f644028de070cc3","name":"Beatriz Oliveira","image":{"@type":"ImageObject","inLanguage":"pt-BR","@id":"https:\/\/www.suno.com.br\/noticias\/#\/schema\/person\/image\/","url":"https:\/\/secure.gravatar.com\/avatar\/c9aa6a0aaecc598d257d5d5bd349157d?s=96&r=g","contentUrl":"https:\/\/secure.gravatar.com\/avatar\/c9aa6a0aaecc598d257d5d5bd349157d?s=96&r=g","caption":"Beatriz Oliveira"},"description":"Formada em Jornalismo pela Faculdade Paulus de Tecnologia e Comunica\u00e7\u00e3o, Beatriz Oliveira escreve para o portal de not\u00edcias Suno Research. Antes, passou pelas reda\u00e7\u00f5es da Revista EXAME e da Rede Bandeirantes.","url":"https:\/\/www.suno.com.br\/noticias\/author\/beatriz\/"}]}},"default_loop_html":"<div class=\"cardsPage__listCard__boxs\"><div class=\"cardsPage__listCard__boxs__img\"><a href=\"https:\/\/www.suno.com.br\/noticias\/governo-simplificacao-tributaria-imposto-unico-guedes\/\"><img class=\"mask\" src=\"https:\/\/www.suno.com.br\/noticias\/wp-content\/themes\/suno\/resources\/images\/spotlight\/spotlight1img\/bg-mask.png\" alt=\"Image Mask\"\/><img src=\"https:\/\/files.sunoresearch.com.br\/n\/uploads\/2019\/05\/e9a56df4-pib-400x200.webp\" alt=\"Governo quer simplifica\u00e7\u00e3o tribut\u00e1ria e pensa em imposto \u00fanico, diz Guedes\"\/><\/a><span class=\"spotlightCategory\"><a href=\"https:\/\/www.suno.com.br\/noticias\/economia\/\">Economia<\/a><\/span><\/div><div class=\"cardsPage__listCard__boxs__content\"><a href=\"https:\/\/www.suno.com.br\/noticias\/governo-simplificacao-tributaria-imposto-unico-guedes\/\"><h2 class=\"content__title\">Governo quer simplifica\u00e7\u00e3o tribut\u00e1ria e pensa em imposto \u00fanico, diz Guedes<\/h2><\/a><div class=\"newsContent__article__meta\"><div class=\"newsContent__article__meta__authorBox\"><a href=\"https:\/\/www.suno.com.br\/noticias\/author\/beatriz\/\" class=\"authorBox__avatar noMobi\"><img src=\"https:\/\/secure.gravatar.com\/avatar\/c9aa6a0aaecc598d257d5d5bd349157d?s=96&#038;r=g\" alt=\"Beatriz Oliveira\"><\/a><div class=\"authorBox__name\"><span>por\n\t\t\t<a href=\"https:\/\/www.suno.com.br\/noticias\/author\/beatriz\/\"><span itemprop=\"author\">Beatriz Oliveira<\/span><\/a><\/span><time datetime=\"2019-06-04T17:22:57-03:00\" itemprop=\"datePublished\">04\/06\/2019 17:22<\/time><\/div><\/div><\/div><\/div><\/div>","single_layout":"posts","amp_enabled":true,"_links":{"self":[{"href":"https:\/\/www.suno.com.br\/noticias\/wp-json\/wp\/v2\/posts\/27199"}],"collection":[{"href":"https:\/\/www.suno.com.br\/noticias\/wp-json\/wp\/v2\/posts"}],"about":[{"href":"https:\/\/www.suno.com.br\/noticias\/wp-json\/wp\/v2\/types\/post"}],"author":[{"embeddable":true,"href":"https:\/\/www.suno.com.br\/noticias\/wp-json\/wp\/v2\/users\/16"}],"replies":[{"embeddable":true,"href":"https:\/\/www.suno.com.br\/noticias\/wp-json\/wp\/v2\/comments?post=27199"}],"version-history":[{"count":0,"href":"https:\/\/www.suno.com.br\/noticias\/wp-json\/wp\/v2\/posts\/27199\/revisions"}],"wp:featuredmedia":[{"embeddable":true,"href":"https:\/\/www.suno.com.br\/noticias\/wp-json\/wp\/v2\/media\/24575"}],"wp:attachment":[{"href":"https:\/\/www.suno.com.br\/noticias\/wp-json\/wp\/v2\/media?parent=27199"}],"wp:term":[{"taxonomy":"category","embeddable":true,"href":"https:\/\/www.suno.com.br\/noticias\/wp-json\/wp\/v2\/categories?post=27199"},{"taxonomy":"post_tag","embeddable":true,"href":"https:\/\/www.suno.com.br\/noticias\/wp-json\/wp\/v2\/tags?post=27199"},{"taxonomy":"suno_strategy","embeddable":true,"href":"https:\/\/www.suno.com.br\/noticias\/wp-json\/wp\/v2\/suno_strategy?post=27199"}],"curies":[{"name":"wp","href":"https:\/\/api.w.org\/{rel}","templated":true}]}}