{"id":271933,"date":"2022-06-29T13:29:35","date_gmt":"2022-06-29T16:29:35","guid":{"rendered":"https:\/\/www.suno.com.br\/noticias\/?p=271933"},"modified":"2022-06-29T13:29:35","modified_gmt":"2022-06-29T16:29:35","slug":"eletrobras-elet3-definicao-de-nova-gestao-e-o-proximo-passo-diz-ubs","status":"publish","type":"post","link":"https:\/\/www.suno.com.br\/noticias\/eletrobras-elet3-definicao-de-nova-gestao-e-o-proximo-passo-diz-ubs\/","title":{"rendered":"Eletrobras (ELET3): Nova gest\u00e3o da companhia deve impulsionar a transforma\u00e7\u00e3o, diz UBS"},"content":{"rendered":"<p>Com a recente privatiza\u00e7\u00e3o da <strong>Eletrobras<\/strong> (ELET3) \u2014 que ampliou a participa\u00e7\u00e3o ativa do mercado no setor energ\u00e9tico do pa\u00eds \u2014 a ex-estatal iniciou uma s\u00e9rie de processos de reformula\u00e7\u00e3o que testar\u00e3o a nova administra\u00e7\u00e3o durante os pr\u00f3ximos meses. Em novo relat\u00f3rio, o UBS BB avalia os pr\u00f3ximos passos da companhia e afirma que, com a chegada de uma nova gest\u00e3o, a empresa ter\u00e1 o desafio de <strong>gerar valor<\/strong> atrav\u00e9s da comercializa\u00e7\u00e3o de energia, redu\u00e7\u00e3o de <a class=\"suno-keyword\" href=\"https:\/\/www.suno.com.br\/artigos\/despesas-operacionais\/\" target=\"_blank\" rel=\"noopener\" data-force=\"no\" data-priority=\"1\">despesas operacionais<\/a> e gest\u00e3o de balan\u00e7o.<\/p>\t<div class=\"wrapper-featured-image\">\n\t\t<figure class=\"spotlightImg\">\n\n\t\t\t<picture>\n\t\t\t\t<source media=\"(max-width: 768px)\" srcset=\"https:\/\/files.sunoresearch.com.br\/n\/uploads\/2019\/09\/f165860f-eletrobras-400x200.webp\">\n\t\t\t\t<img loading=\"lazy\" decoding=\"async\" class=\"newsContent__article__imgCapa lazyloadDisabled \" src=\"https:\/\/files.sunoresearch.com.br\/n\/uploads\/2019\/09\/f165860f-eletrobras-800x450.webp\" width=\"800\" height=\"450\" alt=\"Eletrobras (ELET3): Nova gest\u00e3o da companhia deve impulsionar a transforma\u00e7\u00e3o, diz UBS\" fetchpriority=high \/>\n\t\t\t<\/picture>\n\n\t\t\t<figcaption class=\"wp-caption-text wp-caption-text--show\">Eletrobras (ELET3). Foto: Getty Images.<\/figcaption>\n\t\t<\/figure>\n\t<\/div>\n\n\n\t<p>\n\t\t<a href=\"\" target=\"_blank\" data-element=\"shortcode-suno-banner\" title=\"Banner SUNO, clique e saiba mais\">\n\t\t\t<picture>\n\t\t\t\t<source media=\"(max-width: 500px)\" srcset=\"\">\n\t\t\t\t<img class=\"newsContent__article__imgCapa newsContent__article__imgCapa--banner\"\n\t\t\t\t\tsrc=\"\"\n\t\t\t\t\tdata-promo-id=\"138420\"\t\t\t\t\t\t\t\t\t\t\t\t\t\t\talt=\"\"\n\t\t\t\t>\n\t\t\t<\/picture>\n\t\t<\/a>\n\t<\/p>\n\n\n<p>De acordo com Giuliano Ajeje e Guilherme Reif, os analistas do UBS que produziram o relat\u00f3rio, espera-se que haja uma defini\u00e7\u00e3o da <strong>nova gest\u00e3o da Eletrobras<\/strong> no <a class=\"suno-keyword\" href=\"https:\/\/www.suno.com.br\/artigos\/curto-prazo\/\" target=\"_blank\" rel=\"noopener\" data-force=\"no\" data-priority=\"1\">curto prazo<\/a>. Na semana anterior, foram anunciados os nomes indicados para o conselho da companhia para os pr\u00f3ximos tr\u00eas anos. J\u00e1 a assembleia geral extraordin\u00e1ria da empresa foi agendada pelo conselho para o dia 5 de agosto.<\/p>\n<p>O UBS acredita que os nomes propostos para o conselho s\u00e3o excelentes e est\u00e3o <strong>totalmente capacitados<\/strong> para levar adiante aquilo que a empresa precisa: o <strong>impulsionamento da transforma\u00e7\u00e3o da Eletrobras<\/strong>.<\/p>\n<p>Dentre as pessoas relevantes indicadas para o conselho, o UBS destaca Ivan Monteiro, co-CEO do Credit Suisse Brasil e ex-CEO da Petrobras; Vicente Falconi, Presidente do <a class=\"suno-keyword\" href=\"https:\/\/www.suno.com.br\/artigos\/conselho-administracao\/\" target=\"_blank\" rel=\"noopener\" data-force=\"no\" data-priority=\"1\">Conselho de Administra\u00e7\u00e3o<\/a> e fundador da FALCONI; e Marisete Dadalde, ex-secret\u00e1ria executiva do Minist\u00e9rio de Minas e Energia, entre outros.<\/p>\n\t<p>\n\t\t<a href=\"https:\/\/lp.suno.com.br\/planilha-controle-gastos\/\" target=\"_blank\" data-element=\"shortcode-suno-banner\" title=\"Banner SUNO, clique e saiba mais\">\n\t\t\t<picture>\n\t\t\t\t<source media=\"(max-width: 500px)\" srcset=\"https:\/\/files.sunoresearch.com.br\/n\/uploads\/2023\/03\/400x300-Planilha-controle-de-gastos.png\">\n\t\t\t\t<img class=\"newsContent__article__imgCapa newsContent__article__imgCapa--banner\"\n\t\t\t\t\tsrc=\"https:\/\/files.sunoresearch.com.br\/n\/uploads\/2023\/03\/1420x240-Planilha-controle-de-gastos.png\"\n\t\t\t\t\tdata-promo-id=\"101751\"\t\t\t\t\t\t\t\t\t\twidth='1420' height='240'\t\t\t\t\talt=\"https:\/\/files.sunoresearch.com.br\/n\/uploads\/2023\/03\/1420x240-Planilha-controle-de-gastos.png\"\n\t\t\t\t>\n\t\t\t<\/picture>\n\t\t<\/a>\n\t<\/p>\n\n\n<p>Para Ajeje e Reif, o pr\u00f3ximo passo para a companhia dever\u00e1 ser <strong>a escolha do novo diretor-presidente<\/strong>, que precisar\u00e1 ter um profundo conhecimento da empresa e do setor para aproveitar ao m\u00e1ximo aos novas oportunidades do mercado e iniciar os processos de redu\u00e7\u00e3o de compuls\u00f3rios, cr\u00e9dito tribut\u00e1rio e alavancagem necess\u00e1rios para reestruturar a Eletrobras.<\/p>\n<p>Al\u00e9m disso, os analistas afirmaram que outro desafio do novo CEO ser\u00e1 dar lugar \u00e0 <strong>expans\u00e3o da gera\u00e7\u00e3o renov\u00e1vel<\/strong> e migra\u00e7\u00e3o de clientes do mercado regulado para o mercado livre.<\/p>\n<p>A Eletrobras possui cerca de 30% da gera\u00e7\u00e3o de energia e 40% da capacidade de transmiss\u00e3o do Brasil. Para o UBS, a companhia dever\u00e1 ter um papel ativo nas discuss\u00f5es regulat\u00f3rias do futuro.<\/p>\n<p>O UBS mant\u00e9m a sua recomenda\u00e7\u00e3o de compra das a\u00e7\u00f5es da <strong>Eletrobras<\/strong>, com pre\u00e7o-alvo de R$ 70.<\/p>\n\t<p>\n\t\t<a href=\"https:\/\/lp.suno.com.br\/planilha-de-controle-de-investimentos\/\" target=\"_blank\" data-element=\"shortcode-suno-banner\" title=\"Banner SUNO, clique e saiba mais\">\n\t\t\t<picture>\n\t\t\t\t<source media=\"(max-width: 500px)\" srcset=\"https:\/\/files.sunoresearch.com.br\/n\/uploads\/2023\/03\/400x300-Controle-de-Investimentos.png\">\n\t\t\t\t<img class=\"newsContent__article__imgCapa newsContent__article__imgCapa--banner\"\n\t\t\t\t\tsrc=\"https:\/\/files.sunoresearch.com.br\/n\/uploads\/2023\/03\/1420x240-Controle-de-Investimentos.png\"\n\t\t\t\t\tdata-promo-id=\"75934\"\t\t\t\t\t\t\t\t\t\twidth='1420' height='240'\t\t\t\t\talt=\"https:\/\/files.sunoresearch.com.br\/n\/uploads\/2023\/03\/1420x240-Controle-de-Investimentos.png\"\n\t\t\t\t>\n\t\t\t<\/picture>\n\t\t<\/a>\n\t<\/p>\n\n\n","protected":false},"excerpt":{"rendered":"<p>Com a recente privatiza\u00e7\u00e3o da Eletrobras (ELET3) \u2014 que ampliou a participa\u00e7\u00e3o ativa do mercado no setor energ\u00e9tico do pa\u00eds \u2014 a ex-estatal iniciou uma s\u00e9rie de processos de reformula\u00e7\u00e3o que testar\u00e3o a nova administra\u00e7\u00e3o durante os pr\u00f3ximos meses. Em novo relat\u00f3rio, o UBS BB avalia os pr\u00f3ximos passos da companhia e afirma que, com [&hellip;]<\/p>\n","protected":false},"author":174,"featured_media":37836,"comment_status":"closed","ping_status":"closed","sticky":false,"template":"","format":"standard","meta":[],"categories":[64],"tags":[455],"suno_strategy":[],"class_list":["post-271933","post","type-post","status-publish","format-standard","has-post-thumbnail","hentry","category-negocios","tag-eletrobras-elet3-elet5-elet6"],"yoast_head":"<!-- This site is optimized with the Yoast SEO plugin v24.4 - https:\/\/yoast.com\/wordpress\/plugins\/seo\/ -->\n<title>Eletrobras (ELET3): Defini\u00e7\u00e3o de nova gest\u00e3o \u00e9 o pr\u00f3ximo passo, diz UBS<\/title>\n<meta name=\"description\" content=\"Novo relat\u00f3rio da UBS indica que o pr\u00f3ximo passo da Eletrobras ap\u00f3s sua privatiza\u00e7\u00e3o dever\u00e1 ser a defini\u00e7\u00e3o do novo comando. Confira!\" \/>\n<meta name=\"robots\" content=\"index, follow, max-snippet:-1, max-image-preview:large, max-video-preview:-1\" \/>\n<link rel=\"canonical\" href=\"https:\/\/www.suno.com.br\/noticias\/eletrobras-elet3-definicao-de-nova-gestao-e-o-proximo-passo-diz-ubs\/\" \/>\n<meta property=\"og:locale\" content=\"pt_BR\" \/>\n<meta property=\"og:type\" content=\"article\" \/>\n<meta property=\"og:title\" content=\"Eletrobras (ELET3): Defini\u00e7\u00e3o de nova gest\u00e3o \u00e9 o pr\u00f3ximo passo, diz UBS\" \/>\n<meta property=\"og:description\" content=\"Novo relat\u00f3rio da UBS indica que o pr\u00f3ximo passo da Eletrobras ap\u00f3s sua privatiza\u00e7\u00e3o dever\u00e1 ser a defini\u00e7\u00e3o do novo comando. Confira!\" \/>\n<meta property=\"og:url\" content=\"https:\/\/www.suno.com.br\/noticias\/eletrobras-elet3-definicao-de-nova-gestao-e-o-proximo-passo-diz-ubs\/\" \/>\n<meta property=\"og:site_name\" content=\"Suno Not\u00edcias\" \/>\n<meta property=\"article:publisher\" content=\"https:\/\/facebook.com\/sunoresearch\" \/>\n<meta property=\"og:image\" content=\"https:\/\/files.sunoresearch.com.br\/n\/uploads\/2019\/09\/f165860f-eletrobras.jpg\" \/>\n\t<meta property=\"og:image:width\" content=\"3000\" \/>\n\t<meta property=\"og:image:height\" content=\"2000\" \/>\n\t<meta property=\"og:image:type\" content=\"image\/jpeg\" \/>\n<meta name=\"author\" content=\"Jorge C. Carrasco\" \/>\n<meta name=\"twitter:card\" content=\"summary_large_image\" \/>\n<meta name=\"twitter:creator\" content=\"@sunoresearch\" \/>\n<meta name=\"twitter:site\" content=\"@sunoresearch\" \/>\n<meta name=\"twitter:label1\" content=\"Escrito por\" \/>\n\t<meta name=\"twitter:data1\" content=\"Jorge C. Carrasco\" \/>\n\t<meta name=\"twitter:label2\" content=\"Est. tempo de leitura\" \/>\n\t<meta name=\"twitter:data2\" content=\"2 minutos\" \/>\n<script type=\"application\/ld+json\" class=\"yoast-schema-graph\">{\"@context\":\"https:\/\/schema.org\",\"@graph\":[{\"@type\":\"NewsArticle\",\"@id\":\"https:\/\/www.suno.com.br\/noticias\/eletrobras-elet3-definicao-de-nova-gestao-e-o-proximo-passo-diz-ubs\/#article\",\"isPartOf\":{\"@id\":\"https:\/\/www.suno.com.br\/noticias\/eletrobras-elet3-definicao-de-nova-gestao-e-o-proximo-passo-diz-ubs\/\"},\"author\":{\"name\":\"Jorge C. Carrasco\",\"@id\":\"https:\/\/www.suno.com.br\/noticias\/#\/schema\/person\/5e3d16fbfcfd3307a21fee0ba2e51dce\"},\"headline\":\"Eletrobras (ELET3): Nova gest\u00e3o da companhia deve impulsionar a transforma\u00e7\u00e3o, diz UBS\",\"datePublished\":\"2022-06-29T16:29:35+00:00\",\"mainEntityOfPage\":{\"@id\":\"https:\/\/www.suno.com.br\/noticias\/eletrobras-elet3-definicao-de-nova-gestao-e-o-proximo-passo-diz-ubs\/\"},\"wordCount\":421,\"publisher\":{\"@id\":\"https:\/\/www.suno.com.br\/noticias\/#organization\"},\"image\":{\"@id\":\"https:\/\/www.suno.com.br\/noticias\/eletrobras-elet3-definicao-de-nova-gestao-e-o-proximo-passo-diz-ubs\/#primaryimage\"},\"thumbnailUrl\":\"https:\/\/files.sunoresearch.com.br\/n\/uploads\/2019\/09\/f165860f-eletrobras-scaled.webp\",\"keywords\":[\"Eletrobras (ELET3\/ELET5\/ELET6)\"],\"articleSection\":[\"Neg\u00f3cios\"],\"inLanguage\":\"pt-BR\"},{\"@type\":\"WebPage\",\"@id\":\"https:\/\/www.suno.com.br\/noticias\/eletrobras-elet3-definicao-de-nova-gestao-e-o-proximo-passo-diz-ubs\/\",\"url\":\"https:\/\/www.suno.com.br\/noticias\/eletrobras-elet3-definicao-de-nova-gestao-e-o-proximo-passo-diz-ubs\/\",\"name\":\"Eletrobras (ELET3): Defini\u00e7\u00e3o de nova gest\u00e3o \u00e9 o pr\u00f3ximo passo, diz UBS\",\"isPartOf\":{\"@id\":\"https:\/\/www.suno.com.br\/noticias\/#website\"},\"primaryImageOfPage\":{\"@id\":\"https:\/\/www.suno.com.br\/noticias\/eletrobras-elet3-definicao-de-nova-gestao-e-o-proximo-passo-diz-ubs\/#primaryimage\"},\"image\":{\"@id\":\"https:\/\/www.suno.com.br\/noticias\/eletrobras-elet3-definicao-de-nova-gestao-e-o-proximo-passo-diz-ubs\/#primaryimage\"},\"thumbnailUrl\":\"https:\/\/files.sunoresearch.com.br\/n\/uploads\/2019\/09\/f165860f-eletrobras-scaled.webp\",\"datePublished\":\"2022-06-29T16:29:35+00:00\",\"description\":\"Novo relat\u00f3rio da UBS indica que o pr\u00f3ximo passo da Eletrobras ap\u00f3s sua privatiza\u00e7\u00e3o dever\u00e1 ser a defini\u00e7\u00e3o do novo comando. Confira!\",\"breadcrumb\":{\"@id\":\"https:\/\/www.suno.com.br\/noticias\/eletrobras-elet3-definicao-de-nova-gestao-e-o-proximo-passo-diz-ubs\/#breadcrumb\"},\"inLanguage\":\"pt-BR\",\"potentialAction\":[{\"@type\":\"ReadAction\",\"target\":[\"https:\/\/www.suno.com.br\/noticias\/eletrobras-elet3-definicao-de-nova-gestao-e-o-proximo-passo-diz-ubs\/\"]}]},{\"@type\":\"ImageObject\",\"inLanguage\":\"pt-BR\",\"@id\":\"https:\/\/www.suno.com.br\/noticias\/eletrobras-elet3-definicao-de-nova-gestao-e-o-proximo-passo-diz-ubs\/#primaryimage\",\"url\":\"https:\/\/files.sunoresearch.com.br\/n\/uploads\/2019\/09\/f165860f-eletrobras-scaled.webp\",\"contentUrl\":\"https:\/\/files.sunoresearch.com.br\/n\/uploads\/2019\/09\/f165860f-eletrobras-scaled.webp\",\"width\":2560,\"height\":1707,\"caption\":\"Eletrobras (ELET3). Foto: Getty Images.\"},{\"@type\":\"BreadcrumbList\",\"@id\":\"https:\/\/www.suno.com.br\/noticias\/eletrobras-elet3-definicao-de-nova-gestao-e-o-proximo-passo-diz-ubs\/#breadcrumb\",\"itemListElement\":[{\"@type\":\"ListItem\",\"position\":1,\"name\":\"Not\u00edcias\",\"item\":\"https:\/\/www.suno.com.br\/noticias\/\"},{\"@type\":\"ListItem\",\"position\":2,\"name\":\"Neg\u00f3cios\",\"item\":\"https:\/\/www.suno.com.br\/noticias\/negocios\/\"},{\"@type\":\"ListItem\",\"position\":3,\"name\":\"Eletrobras (ELET3): Nova gest\u00e3o da companhia deve impulsionar a transforma\u00e7\u00e3o, diz UBS\"}]},{\"@type\":\"WebSite\",\"@id\":\"https:\/\/www.suno.com.br\/noticias\/#website\",\"url\":\"https:\/\/www.suno.com.br\/noticias\/\",\"name\":\"Suno Not\u00edcias\",\"description\":\"Seu portal de informa\u00e7\u00e3o sobre o mundo dos investimentos\",\"publisher\":{\"@id\":\"https:\/\/www.suno.com.br\/noticias\/#organization\"},\"potentialAction\":[{\"@type\":\"SearchAction\",\"target\":{\"@type\":\"EntryPoint\",\"urlTemplate\":\"https:\/\/www.suno.com.br\/noticias\/?s={search_term_string}\"},\"query-input\":{\"@type\":\"PropertyValueSpecification\",\"valueRequired\":true,\"valueName\":\"search_term_string\"}}],\"inLanguage\":\"pt-BR\"},{\"@type\":\"Organization\",\"@id\":\"https:\/\/www.suno.com.br\/noticias\/#organization\",\"name\":\"Suno Not\u00edcias\",\"url\":\"https:\/\/www.suno.com.br\/noticias\/\",\"logo\":{\"@type\":\"ImageObject\",\"inLanguage\":\"pt-BR\",\"@id\":\"https:\/\/www.suno.com.br\/noticias\/#\/schema\/logo\/image\/\",\"url\":\"https:\/\/files.sunoresearch.com.br\/n\/uploads\/2021\/09\/suno-logo.png\",\"contentUrl\":\"https:\/\/files.sunoresearch.com.br\/n\/uploads\/2021\/09\/suno-logo.png\",\"width\":180,\"height\":180,\"caption\":\"Suno Not\u00edcias\"},\"image\":{\"@id\":\"https:\/\/www.suno.com.br\/noticias\/#\/schema\/logo\/image\/\"},\"sameAs\":[\"https:\/\/facebook.com\/sunoresearch\",\"https:\/\/x.com\/sunoresearch\",\"https:\/\/www.instagram.com\/suno\",\"https:\/\/www.linkedin.com\/company\/suno-research\/\",\"https:\/\/www.youtube.com\/c\/sunoresearch\"]},{\"@type\":\"Person\",\"@id\":\"https:\/\/www.suno.com.br\/noticias\/#\/schema\/person\/5e3d16fbfcfd3307a21fee0ba2e51dce\",\"name\":\"Jorge C. Carrasco\",\"image\":{\"@type\":\"ImageObject\",\"inLanguage\":\"pt-BR\",\"@id\":\"https:\/\/www.suno.com.br\/noticias\/#\/schema\/person\/image\/\",\"url\":\"https:\/\/secure.gravatar.com\/avatar\/eba2cc7d7174b6b346ad398772f904f2?s=96&r=g\",\"contentUrl\":\"https:\/\/secure.gravatar.com\/avatar\/eba2cc7d7174b6b346ad398772f904f2?s=96&r=g\",\"caption\":\"Jorge C. Carrasco\"},\"description\":\"Jornalista e escritor com experi\u00eancia na cobertura de economia, empreendedorismo, mercado financeiro, pol\u00edtica e assuntos internacionais. J\u00e1 colaborou com diversos jornais e revistas do Brasil e do exterior, como Estad\u00e3o, \u00c9poca, Foreign Policy, The Spectator Aus, Washington Examiner e Quillette.\",\"sameAs\":[\"felipe.areia@sunoresearch.com.br\"],\"url\":\"https:\/\/www.suno.com.br\/noticias\/author\/jorge-carrasco\/\"}]}<\/script>\n<!-- \/ Yoast SEO plugin. -->","yoast_head_json":{"title":"Eletrobras (ELET3): Defini\u00e7\u00e3o de nova gest\u00e3o \u00e9 o pr\u00f3ximo passo, diz UBS","description":"Novo relat\u00f3rio da UBS indica que o pr\u00f3ximo passo da Eletrobras ap\u00f3s sua privatiza\u00e7\u00e3o dever\u00e1 ser a defini\u00e7\u00e3o do novo comando. Confira!","robots":{"index":"index","follow":"follow","max-snippet":"max-snippet:-1","max-image-preview":"max-image-preview:large","max-video-preview":"max-video-preview:-1"},"canonical":"https:\/\/www.suno.com.br\/noticias\/eletrobras-elet3-definicao-de-nova-gestao-e-o-proximo-passo-diz-ubs\/","og_locale":"pt_BR","og_type":"article","og_title":"Eletrobras (ELET3): Defini\u00e7\u00e3o de nova gest\u00e3o \u00e9 o pr\u00f3ximo passo, diz UBS","og_description":"Novo relat\u00f3rio da UBS indica que o pr\u00f3ximo passo da Eletrobras ap\u00f3s sua privatiza\u00e7\u00e3o dever\u00e1 ser a defini\u00e7\u00e3o do novo comando. Confira!","og_url":"https:\/\/www.suno.com.br\/noticias\/eletrobras-elet3-definicao-de-nova-gestao-e-o-proximo-passo-diz-ubs\/","og_site_name":"Suno Not\u00edcias","article_publisher":"https:\/\/facebook.com\/sunoresearch","og_image":[{"width":3000,"height":2000,"url":"https:\/\/files.sunoresearch.com.br\/n\/uploads\/2019\/09\/f165860f-eletrobras.jpg","type":"image\/jpeg"}],"author":"Jorge C. Carrasco","twitter_card":"summary_large_image","twitter_creator":"@sunoresearch","twitter_site":"@sunoresearch","twitter_misc":{"Escrito por":"Jorge C. Carrasco","Est. tempo de leitura":"2 minutos"},"schema":{"@context":"https:\/\/schema.org","@graph":[{"@type":"NewsArticle","@id":"https:\/\/www.suno.com.br\/noticias\/eletrobras-elet3-definicao-de-nova-gestao-e-o-proximo-passo-diz-ubs\/#article","isPartOf":{"@id":"https:\/\/www.suno.com.br\/noticias\/eletrobras-elet3-definicao-de-nova-gestao-e-o-proximo-passo-diz-ubs\/"},"author":{"name":"Jorge C. Carrasco","@id":"https:\/\/www.suno.com.br\/noticias\/#\/schema\/person\/5e3d16fbfcfd3307a21fee0ba2e51dce"},"headline":"Eletrobras (ELET3): Nova gest\u00e3o da companhia deve impulsionar a transforma\u00e7\u00e3o, diz UBS","datePublished":"2022-06-29T16:29:35+00:00","mainEntityOfPage":{"@id":"https:\/\/www.suno.com.br\/noticias\/eletrobras-elet3-definicao-de-nova-gestao-e-o-proximo-passo-diz-ubs\/"},"wordCount":421,"publisher":{"@id":"https:\/\/www.suno.com.br\/noticias\/#organization"},"image":{"@id":"https:\/\/www.suno.com.br\/noticias\/eletrobras-elet3-definicao-de-nova-gestao-e-o-proximo-passo-diz-ubs\/#primaryimage"},"thumbnailUrl":"https:\/\/files.sunoresearch.com.br\/n\/uploads\/2019\/09\/f165860f-eletrobras-scaled.webp","keywords":["Eletrobras (ELET3\/ELET5\/ELET6)"],"articleSection":["Neg\u00f3cios"],"inLanguage":"pt-BR"},{"@type":"WebPage","@id":"https:\/\/www.suno.com.br\/noticias\/eletrobras-elet3-definicao-de-nova-gestao-e-o-proximo-passo-diz-ubs\/","url":"https:\/\/www.suno.com.br\/noticias\/eletrobras-elet3-definicao-de-nova-gestao-e-o-proximo-passo-diz-ubs\/","name":"Eletrobras (ELET3): Defini\u00e7\u00e3o de nova gest\u00e3o \u00e9 o pr\u00f3ximo passo, diz UBS","isPartOf":{"@id":"https:\/\/www.suno.com.br\/noticias\/#website"},"primaryImageOfPage":{"@id":"https:\/\/www.suno.com.br\/noticias\/eletrobras-elet3-definicao-de-nova-gestao-e-o-proximo-passo-diz-ubs\/#primaryimage"},"image":{"@id":"https:\/\/www.suno.com.br\/noticias\/eletrobras-elet3-definicao-de-nova-gestao-e-o-proximo-passo-diz-ubs\/#primaryimage"},"thumbnailUrl":"https:\/\/files.sunoresearch.com.br\/n\/uploads\/2019\/09\/f165860f-eletrobras-scaled.webp","datePublished":"2022-06-29T16:29:35+00:00","description":"Novo relat\u00f3rio da UBS indica que o pr\u00f3ximo passo da Eletrobras ap\u00f3s sua privatiza\u00e7\u00e3o dever\u00e1 ser a defini\u00e7\u00e3o do novo comando. Confira!","breadcrumb":{"@id":"https:\/\/www.suno.com.br\/noticias\/eletrobras-elet3-definicao-de-nova-gestao-e-o-proximo-passo-diz-ubs\/#breadcrumb"},"inLanguage":"pt-BR","potentialAction":[{"@type":"ReadAction","target":["https:\/\/www.suno.com.br\/noticias\/eletrobras-elet3-definicao-de-nova-gestao-e-o-proximo-passo-diz-ubs\/"]}]},{"@type":"ImageObject","inLanguage":"pt-BR","@id":"https:\/\/www.suno.com.br\/noticias\/eletrobras-elet3-definicao-de-nova-gestao-e-o-proximo-passo-diz-ubs\/#primaryimage","url":"https:\/\/files.sunoresearch.com.br\/n\/uploads\/2019\/09\/f165860f-eletrobras-scaled.webp","contentUrl":"https:\/\/files.sunoresearch.com.br\/n\/uploads\/2019\/09\/f165860f-eletrobras-scaled.webp","width":2560,"height":1707,"caption":"Eletrobras (ELET3). Foto: Getty Images."},{"@type":"BreadcrumbList","@id":"https:\/\/www.suno.com.br\/noticias\/eletrobras-elet3-definicao-de-nova-gestao-e-o-proximo-passo-diz-ubs\/#breadcrumb","itemListElement":[{"@type":"ListItem","position":1,"name":"Not\u00edcias","item":"https:\/\/www.suno.com.br\/noticias\/"},{"@type":"ListItem","position":2,"name":"Neg\u00f3cios","item":"https:\/\/www.suno.com.br\/noticias\/negocios\/"},{"@type":"ListItem","position":3,"name":"Eletrobras (ELET3): Nova gest\u00e3o da companhia deve impulsionar a transforma\u00e7\u00e3o, diz UBS"}]},{"@type":"WebSite","@id":"https:\/\/www.suno.com.br\/noticias\/#website","url":"https:\/\/www.suno.com.br\/noticias\/","name":"Suno Not\u00edcias","description":"Seu portal de informa\u00e7\u00e3o sobre o mundo dos investimentos","publisher":{"@id":"https:\/\/www.suno.com.br\/noticias\/#organization"},"potentialAction":[{"@type":"SearchAction","target":{"@type":"EntryPoint","urlTemplate":"https:\/\/www.suno.com.br\/noticias\/?s={search_term_string}"},"query-input":{"@type":"PropertyValueSpecification","valueRequired":true,"valueName":"search_term_string"}}],"inLanguage":"pt-BR"},{"@type":"Organization","@id":"https:\/\/www.suno.com.br\/noticias\/#organization","name":"Suno Not\u00edcias","url":"https:\/\/www.suno.com.br\/noticias\/","logo":{"@type":"ImageObject","inLanguage":"pt-BR","@id":"https:\/\/www.suno.com.br\/noticias\/#\/schema\/logo\/image\/","url":"https:\/\/files.sunoresearch.com.br\/n\/uploads\/2021\/09\/suno-logo.png","contentUrl":"https:\/\/files.sunoresearch.com.br\/n\/uploads\/2021\/09\/suno-logo.png","width":180,"height":180,"caption":"Suno Not\u00edcias"},"image":{"@id":"https:\/\/www.suno.com.br\/noticias\/#\/schema\/logo\/image\/"},"sameAs":["https:\/\/facebook.com\/sunoresearch","https:\/\/x.com\/sunoresearch","https:\/\/www.instagram.com\/suno","https:\/\/www.linkedin.com\/company\/suno-research\/","https:\/\/www.youtube.com\/c\/sunoresearch"]},{"@type":"Person","@id":"https:\/\/www.suno.com.br\/noticias\/#\/schema\/person\/5e3d16fbfcfd3307a21fee0ba2e51dce","name":"Jorge C. Carrasco","image":{"@type":"ImageObject","inLanguage":"pt-BR","@id":"https:\/\/www.suno.com.br\/noticias\/#\/schema\/person\/image\/","url":"https:\/\/secure.gravatar.com\/avatar\/eba2cc7d7174b6b346ad398772f904f2?s=96&r=g","contentUrl":"https:\/\/secure.gravatar.com\/avatar\/eba2cc7d7174b6b346ad398772f904f2?s=96&r=g","caption":"Jorge C. Carrasco"},"description":"Jornalista e escritor com experi\u00eancia na cobertura de economia, empreendedorismo, mercado financeiro, pol\u00edtica e assuntos internacionais. J\u00e1 colaborou com diversos jornais e revistas do Brasil e do exterior, como Estad\u00e3o, \u00c9poca, Foreign Policy, The Spectator Aus, Washington Examiner e Quillette.","sameAs":["felipe.areia@sunoresearch.com.br"],"url":"https:\/\/www.suno.com.br\/noticias\/author\/jorge-carrasco\/"}]}},"default_loop_html":"<div class=\"cardsPage__listCard__boxs\"><div class=\"cardsPage__listCard__boxs__img\"><a href=\"https:\/\/www.suno.com.br\/noticias\/eletrobras-elet3-definicao-de-nova-gestao-e-o-proximo-passo-diz-ubs\/\"><img class=\"mask\" src=\"https:\/\/www.suno.com.br\/noticias\/wp-content\/themes\/suno\/resources\/images\/spotlight\/spotlight1img\/bg-mask.png\" alt=\"Image Mask\"\/><img src=\"https:\/\/files.sunoresearch.com.br\/n\/uploads\/2019\/09\/f165860f-eletrobras-400x200.webp\" alt=\"Eletrobras (ELET3): Nova gest\u00e3o da companhia deve impulsionar a transforma\u00e7\u00e3o, diz UBS\"\/><\/a><span class=\"spotlightCategory\"><a href=\"https:\/\/www.suno.com.br\/noticias\/negocios\/\">Neg\u00f3cios<\/a><\/span><\/div><div class=\"cardsPage__listCard__boxs__content\"><a href=\"https:\/\/www.suno.com.br\/noticias\/eletrobras-elet3-definicao-de-nova-gestao-e-o-proximo-passo-diz-ubs\/\"><h2 class=\"content__title\">Eletrobras (ELET3): Nova gest\u00e3o da companhia deve impulsionar a transforma\u00e7\u00e3o, diz UBS<\/h2><\/a><div class=\"newsContent__article__meta\"><div class=\"newsContent__article__meta__authorBox\"><a href=\"https:\/\/www.suno.com.br\/noticias\/author\/jorge-carrasco\/\" class=\"authorBox__avatar noMobi\"><img src=\"https:\/\/secure.gravatar.com\/avatar\/eba2cc7d7174b6b346ad398772f904f2?s=96&#038;r=g\" alt=\"Jorge C. Carrasco\"><\/a><div class=\"authorBox__name\"><span>por\n\t\t\t<a href=\"https:\/\/www.suno.com.br\/noticias\/author\/jorge-carrasco\/\"><span itemprop=\"author\">Jorge C. Carrasco<\/span><\/a><\/span><time datetime=\"2022-06-29T13:29:35-03:00\" itemprop=\"datePublished\">29\/06\/2022 13:29<\/time><\/div><\/div><\/div><\/div><\/div>","single_layout":"posts","amp_enabled":true,"_links":{"self":[{"href":"https:\/\/www.suno.com.br\/noticias\/wp-json\/wp\/v2\/posts\/271933"}],"collection":[{"href":"https:\/\/www.suno.com.br\/noticias\/wp-json\/wp\/v2\/posts"}],"about":[{"href":"https:\/\/www.suno.com.br\/noticias\/wp-json\/wp\/v2\/types\/post"}],"author":[{"embeddable":true,"href":"https:\/\/www.suno.com.br\/noticias\/wp-json\/wp\/v2\/users\/174"}],"replies":[{"embeddable":true,"href":"https:\/\/www.suno.com.br\/noticias\/wp-json\/wp\/v2\/comments?post=271933"}],"version-history":[{"count":3,"href":"https:\/\/www.suno.com.br\/noticias\/wp-json\/wp\/v2\/posts\/271933\/revisions"}],"predecessor-version":[{"id":271970,"href":"https:\/\/www.suno.com.br\/noticias\/wp-json\/wp\/v2\/posts\/271933\/revisions\/271970"}],"wp:featuredmedia":[{"embeddable":true,"href":"https:\/\/www.suno.com.br\/noticias\/wp-json\/wp\/v2\/media\/37836"}],"wp:attachment":[{"href":"https:\/\/www.suno.com.br\/noticias\/wp-json\/wp\/v2\/media?parent=271933"}],"wp:term":[{"taxonomy":"category","embeddable":true,"href":"https:\/\/www.suno.com.br\/noticias\/wp-json\/wp\/v2\/categories?post=271933"},{"taxonomy":"post_tag","embeddable":true,"href":"https:\/\/www.suno.com.br\/noticias\/wp-json\/wp\/v2\/tags?post=271933"},{"taxonomy":"suno_strategy","embeddable":true,"href":"https:\/\/www.suno.com.br\/noticias\/wp-json\/wp\/v2\/suno_strategy?post=271933"}],"curies":[{"name":"wp","href":"https:\/\/api.w.org\/{rel}","templated":true}]}}