{"id":271915,"date":"2022-06-29T12:06:35","date_gmt":"2022-06-29T15:06:35","guid":{"rendered":"https:\/\/www.suno.com.br\/noticias\/?p=271915"},"modified":"2022-06-29T12:06:35","modified_gmt":"2022-06-29T15:06:35","slug":"guerra-clima-setor-agricola-amecam-alimentos","status":"publish","type":"post","link":"https:\/\/www.suno.com.br\/noticias\/guerra-clima-setor-agricola-amecam-alimentos\/","title":{"rendered":"Guerra e clima amea\u00e7am oferta global de alimento, dizem l\u00edderes do setor agr\u00edcola"},"content":{"rendered":"<p>A guerra e o clima est\u00e3o colocando em risco a oferta global de alimentos, de acordo com autoridades e executivos do <strong>setor agr\u00edcola<\/strong>. O conflito na Ucr\u00e2nia interrompeu as exporta\u00e7\u00f5es do pa\u00eds, um dos maiores produtores agr\u00edcolas do mundo, e a seca e o mau tempo afligem importantes regi\u00f5es de cultivo. &#8220;Na verdade, temos duas crises&#8221;, disse na ter\u00e7a-feira (28), o CEO da Syngenta, Erik Fyrwald, durante o F\u00f3rum Global de Alimentos, organizado pelo <i>The <a class=\"suno-keyword\" href=\"https:\/\/www.suno.com.br\/artigos\/wall-street\/\" target=\"_blank\" rel=\"noopener\" data-force=\"no\" data-priority=\"2\">Wall Street<\/a> Journal<\/i>. &#8220;As crises de seguran\u00e7a alimentar e as crises clim\u00e1ticas.&#8221;<\/p>\t<div class=\"wrapper-featured-image\">\n\t\t<figure class=\"spotlightImg\">\n\n\t\t\t<picture>\n\t\t\t\t<source media=\"(max-width: 768px)\" srcset=\"https:\/\/files.sunoresearch.com.br\/n\/uploads\/2022\/02\/pexels-nadi-lindsay-4982878-400x200.jpg\">\n\t\t\t\t<img loading=\"lazy\" decoding=\"async\" class=\"newsContent__article__imgCapa lazyloadDisabled \" src=\"https:\/\/files.sunoresearch.com.br\/n\/uploads\/2022\/02\/pexels-nadi-lindsay-4982878-800x450.jpg\" width=\"800\" height=\"450\" alt=\"Guerra e clima amea\u00e7am oferta global de alimento, dizem l\u00edderes do setor agr\u00edcola\" fetchpriority=high \/>\n\t\t\t<\/picture>\n\n\t\t\t<figcaption class=\"wp-caption-text wp-caption-text--show\">Commodities agr\u00edcolas. Foto: Pexels<\/figcaption>\n\t\t<\/figure>\n\t<\/div>\n\n\n\t<p>\n\t\t<a href=\"https:\/\/lp.suno.com.br\/planilha-controle-gastos\/\" target=\"_blank\" data-element=\"shortcode-suno-banner\" title=\"Banner SUNO, clique e saiba mais\">\n\t\t\t<picture>\n\t\t\t\t<source media=\"(max-width: 500px)\" srcset=\"https:\/\/files.sunoresearch.com.br\/n\/uploads\/2023\/03\/400x300-Planilha-controle-de-gastos.png\">\n\t\t\t\t<img class=\"newsContent__article__imgCapa newsContent__article__imgCapa--banner\"\n\t\t\t\t\tsrc=\"https:\/\/files.sunoresearch.com.br\/n\/uploads\/2023\/03\/1420x240-Planilha-controle-de-gastos.png\"\n\t\t\t\t\tdata-promo-id=\"101751\"\t\t\t\t\t\t\t\t\t\twidth='1420' height='240'\t\t\t\t\talt=\"https:\/\/files.sunoresearch.com.br\/n\/uploads\/2023\/03\/1420x240-Planilha-controle-de-gastos.png\"\n\t\t\t\t>\n\t\t\t<\/picture>\n\t\t<\/a>\n\t<\/p>\n\n\n<p>Fyrwald disse que climas extremos est\u00e3o crescendo, com calor, seca ou inunda\u00e7\u00f5es desafiando os trabalhadores do <strong>setor agr\u00edcola nos EUA<\/strong>, Europa, Austr\u00e1lia e \u00cdndia. Isso foi exacerbado, segundo ele, pela guerra na Ucr\u00e2nia, que afetou os mercados mundiais de gr\u00e3os e elevou os pre\u00e7os dos alimentos em todo o mundo.<\/p>\n<p>O aumento dos pre\u00e7os dos alimentos est\u00e1 provocando inquieta\u00e7\u00e3o, j\u00e1 que as interrup\u00e7\u00f5es no fluxo da produ\u00e7\u00e3o ucraniana agravam o estresse existente na oferta global de gr\u00e3os e outros bens. O chefe do Programa Mundial de Alimentos das Na\u00e7\u00f5es Unidas alertou que uma escassez absoluta de alimentos \u00e9 poss\u00edvel em 2023 se a R\u00fassia continuar bloqueando as exporta\u00e7\u00f5es de produtos agr\u00edcolas da Ucr\u00e2nia.<\/p>\n<p>Mesmo entre os pa\u00edses mais ricos do mundo, os pre\u00e7os mais altos de alimentos est\u00e3o sendo sentidos. Os pre\u00e7os nos supermercados dos EUA subiram quase 12% nos 12 meses at\u00e9 maio, o maior aumento anual desde abril de 1979, segundo o Departamento do Trabalho. Os pre\u00e7os aumentaram 7,4% em restaurantes e outros locais de alimenta\u00e7\u00e3o fora de casa, tamb\u00e9m marcando o maior n\u00edvel em mais de quatro d\u00e9cadas.<\/p>\n<p>&#8220;\u00c9 muito s\u00e9rio&#8221;, disse Fyrwald. Os pre\u00e7os dos alimentos &#8220;continuar\u00e3o subindo at\u00e9 que consigamos levar os produtos pelo Mar Negro, no sul da Ucr\u00e2nia&#8221;.<\/p>\n<p>As exporta\u00e7\u00f5es de trigo da <strong>Ucr\u00e2nia<\/strong>, que junto com as da <strong>R\u00fassia<\/strong> representaram quase um ter\u00e7o do total global, devem ser cortadas pela metade neste ano, segundo o Departamento de Agricultura dos EUA (USDA). A invas\u00e3o russa ajudou a elevar os pre\u00e7os do trigo a n\u00edveis recordes em mar\u00e7o e, embora os futuros tenham ca\u00eddo 27% desde ent\u00e3o, ainda acumulam alta de cerca de 20% em 2022.<\/p>\n\t<p>\n\t\t<a href=\"\" target=\"_blank\" data-element=\"shortcode-suno-banner\" title=\"Banner SUNO, clique e saiba mais\">\n\t\t\t<picture>\n\t\t\t\t<source media=\"(max-width: 500px)\" srcset=\"\">\n\t\t\t\t<img class=\"newsContent__article__imgCapa newsContent__article__imgCapa--banner\"\n\t\t\t\t\tsrc=\"\"\n\t\t\t\t\tdata-promo-id=\"138420\"\t\t\t\t\t\t\t\t\t\t\t\t\t\t\talt=\"\"\n\t\t\t\t>\n\t\t\t<\/picture>\n\t\t<\/a>\n\t<\/p>\n\n\n<h2>Guerra impacta o setor agr\u00edcola dos EUA<\/h2>\n<p>&#8220;N\u00e3o haver\u00e1 oferta suficiente de certos ingredientes&#8221;, disse o diretor de tecnologia da trading Cargill, Florian Schattenmann, durante o evento. A guerra na Ucr\u00e2nia prejudicou a disponibilidade de ingredientes como \u00f3leo de girassol usado em f\u00f3rmula infantil, levando empresas a reformular seus produtos, acrescentou.<\/p>\n<p>Na segunda-feira, o secret\u00e1rio de Agricultura dos EUA, Tom Vilsack, pediu que os portos ucranianos no Mar Negro sejam abertos para enviar gr\u00e3os para fora do pa\u00eds e ajudar a aliviar a crise global de alimentos. &#8220;O com\u00e9rcio precisa ser retomado a partir dos portos do Mar Negro que foram danificados ou interrompidos pela invas\u00e3o russa&#8221;, disse durante o evento.<\/p>\n<p>O mau tempo, inclusive na Am\u00e9rica do Sul, est\u00e1 colocando mais press\u00e3o sobre as regi\u00f5es agr\u00edcolas que se tornaram mais importantes para manter a oferta mundial de alimentos devido ao conflito na Ucr\u00e2nia.<\/p>\n<p>Nos EUA, chuvas e ventos em \u00e1reas do Meio-Oeste desaceleraram o plantio de muitos produtores de milho e soja no m\u00eas passado. As condi\u00e7\u00f5es \u00famidas foram seguidas por uma perigosa onda de calor no in\u00edcio deste m\u00eas. Enquanto isso, a seca est\u00e1 afetando mais de 78% do oeste americano, de acordo com o Monitor de Secas dos EUA.<\/p>\n<p>Fyrwald disse que a Syngenta est\u00e1 trabalhando com agricultores na Ucr\u00e2nia, mas tamb\u00e9m continuando a fornecer sementes e produtos qu\u00edmicos aos agricultores russos. Algumas empresas agr\u00edcolas, incluindo Syngenta e Bayer, e tradings de gr\u00e3os como a Cargill, continuaram vendendo sementes e movimentando gr\u00e3os na R\u00fassia, apesar da press\u00e3o para romper la\u00e7os ap\u00f3s a invas\u00e3o da Ucr\u00e2nia.<\/p>\n<p>As empresas citam motivos humanit\u00e1rios para suas decis\u00f5es de continuar operando certas partes de seus neg\u00f3cios do <strong>setor agr\u00edcola<\/strong> na R\u00fassia. &#8220;A Snygenta olhou para isso e decidiu que serve agricultores em todo o mundo&#8221;, disse Fyrwald. &#8220;N\u00f3s n\u00e3o somos pol\u00edticos.&#8221;<\/p>\n<p class=\"newsProviderSignature\">(Com informa\u00e7\u00f5es do Estad\u00e3o Conte\u00fado)<\/p>\n\t<p>\n\t\t<a href=\"https:\/\/lp.suno.com.br\/planilha-de-controle-de-investimentos\/\" target=\"_blank\" data-element=\"shortcode-suno-banner\" title=\"Banner SUNO, clique e saiba mais\">\n\t\t\t<picture>\n\t\t\t\t<source media=\"(max-width: 500px)\" srcset=\"https:\/\/files.sunoresearch.com.br\/n\/uploads\/2023\/03\/400x300-Controle-de-Investimentos.png\">\n\t\t\t\t<img class=\"newsContent__article__imgCapa newsContent__article__imgCapa--banner\"\n\t\t\t\t\tsrc=\"https:\/\/files.sunoresearch.com.br\/n\/uploads\/2023\/03\/1420x240-Controle-de-Investimentos.png\"\n\t\t\t\t\tdata-promo-id=\"75934\"\t\t\t\t\t\t\t\t\t\twidth='1420' height='240'\t\t\t\t\talt=\"https:\/\/files.sunoresearch.com.br\/n\/uploads\/2023\/03\/1420x240-Controle-de-Investimentos.png\"\n\t\t\t\t>\n\t\t\t<\/picture>\n\t\t<\/a>\n\t<\/p>\n\n\n","protected":false},"excerpt":{"rendered":"<p>A guerra e o clima est\u00e3o colocando em risco a oferta global de alimentos, de acordo com autoridades e executivos do setor agr\u00edcola. O conflito na Ucr\u00e2nia interrompeu as exporta\u00e7\u00f5es do pa\u00eds, um dos maiores produtores agr\u00edcolas do mundo, e a seca e o mau tempo afligem importantes regi\u00f5es de cultivo. &#8220;Na verdade, temos duas [&hellip;]<\/p>\n","protected":false},"author":15,"featured_media":235154,"comment_status":"closed","ping_status":"closed","sticky":false,"template":"","format":"standard","meta":[],"categories":[64],"tags":[980,866],"suno_strategy":[],"class_list":["post-271915","post","type-post","status-publish","format-standard","has-post-thumbnail","hentry","category-negocios","tag-guerra-comercial","tag-russia"],"yoast_head":"<!-- This site is optimized with the Yoast SEO plugin v24.4 - https:\/\/yoast.com\/wordpress\/plugins\/seo\/ -->\n<title>Guerra amea\u00e7a oferta global de alimento, dizem l\u00edderes do setor agr\u00edcola<\/title>\n<meta name=\"description\" content=\"A guerra e o clima est\u00e3o colocando em risco a oferta global de alimentos, de acordo com autoridades e executivos do setor agr\u00edcola. Veja\" \/>\n<meta name=\"robots\" content=\"index, follow, max-snippet:-1, max-image-preview:large, max-video-preview:-1\" \/>\n<link rel=\"canonical\" href=\"https:\/\/www.suno.com.br\/noticias\/guerra-clima-setor-agricola-amecam-alimentos\/\" \/>\n<meta property=\"og:locale\" content=\"pt_BR\" \/>\n<meta property=\"og:type\" content=\"article\" \/>\n<meta property=\"og:title\" content=\"Guerra amea\u00e7a oferta global de alimento, dizem l\u00edderes do setor agr\u00edcola\" \/>\n<meta property=\"og:description\" content=\"A guerra e o clima est\u00e3o colocando em risco a oferta global de alimentos, de acordo com autoridades e executivos do setor agr\u00edcola. Veja\" \/>\n<meta property=\"og:url\" content=\"https:\/\/www.suno.com.br\/noticias\/guerra-clima-setor-agricola-amecam-alimentos\/\" \/>\n<meta property=\"og:site_name\" content=\"Suno Not\u00edcias\" \/>\n<meta property=\"article:publisher\" content=\"https:\/\/facebook.com\/sunoresearch\" \/>\n<meta property=\"og:image\" content=\"https:\/\/files.sunoresearch.com.br\/n\/uploads\/2022\/02\/pexels-nadi-lindsay-4982878-scaled.jpg\" \/>\n\t<meta property=\"og:image:width\" content=\"1829\" \/>\n\t<meta property=\"og:image:height\" content=\"2560\" \/>\n\t<meta property=\"og:image:type\" content=\"image\/jpeg\" \/>\n<meta name=\"author\" content=\"Poliana Santos\" \/>\n<meta name=\"twitter:card\" content=\"summary_large_image\" \/>\n<meta name=\"twitter:creator\" content=\"@sunoresearch\" \/>\n<meta name=\"twitter:site\" content=\"@sunoresearch\" \/>\n<meta name=\"twitter:label1\" content=\"Escrito por\" \/>\n\t<meta name=\"twitter:data1\" content=\"Poliana Santos\" \/>\n\t<meta name=\"twitter:label2\" content=\"Est. tempo de leitura\" \/>\n\t<meta name=\"twitter:data2\" content=\"4 minutos\" \/>\n<script type=\"application\/ld+json\" class=\"yoast-schema-graph\">{\"@context\":\"https:\/\/schema.org\",\"@graph\":[{\"@type\":\"NewsArticle\",\"@id\":\"https:\/\/www.suno.com.br\/noticias\/guerra-clima-setor-agricola-amecam-alimentos\/#article\",\"isPartOf\":{\"@id\":\"https:\/\/www.suno.com.br\/noticias\/guerra-clima-setor-agricola-amecam-alimentos\/\"},\"author\":{\"name\":\"Poliana Santos\",\"@id\":\"https:\/\/www.suno.com.br\/noticias\/#\/schema\/person\/02ec1f752758247878a2bf4abee1aeda\"},\"headline\":\"Guerra e clima amea\u00e7am oferta global de alimento, dizem l\u00edderes do setor agr\u00edcola\",\"datePublished\":\"2022-06-29T15:06:35+00:00\",\"mainEntityOfPage\":{\"@id\":\"https:\/\/www.suno.com.br\/noticias\/guerra-clima-setor-agricola-amecam-alimentos\/\"},\"wordCount\":769,\"publisher\":{\"@id\":\"https:\/\/www.suno.com.br\/noticias\/#organization\"},\"image\":{\"@id\":\"https:\/\/www.suno.com.br\/noticias\/guerra-clima-setor-agricola-amecam-alimentos\/#primaryimage\"},\"thumbnailUrl\":\"https:\/\/files.sunoresearch.com.br\/n\/uploads\/2022\/02\/pexels-nadi-lindsay-4982878-scaled.jpg\",\"keywords\":[\"guerra comercial\",\"R\u00fassia\"],\"articleSection\":[\"Neg\u00f3cios\"],\"inLanguage\":\"pt-BR\"},{\"@type\":\"WebPage\",\"@id\":\"https:\/\/www.suno.com.br\/noticias\/guerra-clima-setor-agricola-amecam-alimentos\/\",\"url\":\"https:\/\/www.suno.com.br\/noticias\/guerra-clima-setor-agricola-amecam-alimentos\/\",\"name\":\"Guerra amea\u00e7a oferta global de alimento, dizem l\u00edderes do setor agr\u00edcola\",\"isPartOf\":{\"@id\":\"https:\/\/www.suno.com.br\/noticias\/#website\"},\"primaryImageOfPage\":{\"@id\":\"https:\/\/www.suno.com.br\/noticias\/guerra-clima-setor-agricola-amecam-alimentos\/#primaryimage\"},\"image\":{\"@id\":\"https:\/\/www.suno.com.br\/noticias\/guerra-clima-setor-agricola-amecam-alimentos\/#primaryimage\"},\"thumbnailUrl\":\"https:\/\/files.sunoresearch.com.br\/n\/uploads\/2022\/02\/pexels-nadi-lindsay-4982878-scaled.jpg\",\"datePublished\":\"2022-06-29T15:06:35+00:00\",\"description\":\"A guerra e o clima est\u00e3o colocando em risco a oferta global de alimentos, de acordo com autoridades e executivos do setor agr\u00edcola. Veja\",\"breadcrumb\":{\"@id\":\"https:\/\/www.suno.com.br\/noticias\/guerra-clima-setor-agricola-amecam-alimentos\/#breadcrumb\"},\"inLanguage\":\"pt-BR\",\"potentialAction\":[{\"@type\":\"ReadAction\",\"target\":[\"https:\/\/www.suno.com.br\/noticias\/guerra-clima-setor-agricola-amecam-alimentos\/\"]}]},{\"@type\":\"ImageObject\",\"inLanguage\":\"pt-BR\",\"@id\":\"https:\/\/www.suno.com.br\/noticias\/guerra-clima-setor-agricola-amecam-alimentos\/#primaryimage\",\"url\":\"https:\/\/files.sunoresearch.com.br\/n\/uploads\/2022\/02\/pexels-nadi-lindsay-4982878-scaled.jpg\",\"contentUrl\":\"https:\/\/files.sunoresearch.com.br\/n\/uploads\/2022\/02\/pexels-nadi-lindsay-4982878-scaled.jpg\",\"width\":1829,\"height\":2560,\"caption\":\"Commodities agr\u00edcolas. Foto: Pexels\"},{\"@type\":\"BreadcrumbList\",\"@id\":\"https:\/\/www.suno.com.br\/noticias\/guerra-clima-setor-agricola-amecam-alimentos\/#breadcrumb\",\"itemListElement\":[{\"@type\":\"ListItem\",\"position\":1,\"name\":\"Not\u00edcias\",\"item\":\"https:\/\/www.suno.com.br\/noticias\/\"},{\"@type\":\"ListItem\",\"position\":2,\"name\":\"Neg\u00f3cios\",\"item\":\"https:\/\/www.suno.com.br\/noticias\/negocios\/\"},{\"@type\":\"ListItem\",\"position\":3,\"name\":\"Guerra e clima amea\u00e7am oferta global de alimento, dizem l\u00edderes do setor agr\u00edcola\"}]},{\"@type\":\"WebSite\",\"@id\":\"https:\/\/www.suno.com.br\/noticias\/#website\",\"url\":\"https:\/\/www.suno.com.br\/noticias\/\",\"name\":\"Suno Not\u00edcias\",\"description\":\"Seu portal de informa\u00e7\u00e3o sobre o mundo dos investimentos\",\"publisher\":{\"@id\":\"https:\/\/www.suno.com.br\/noticias\/#organization\"},\"potentialAction\":[{\"@type\":\"SearchAction\",\"target\":{\"@type\":\"EntryPoint\",\"urlTemplate\":\"https:\/\/www.suno.com.br\/noticias\/?s={search_term_string}\"},\"query-input\":{\"@type\":\"PropertyValueSpecification\",\"valueRequired\":true,\"valueName\":\"search_term_string\"}}],\"inLanguage\":\"pt-BR\"},{\"@type\":\"Organization\",\"@id\":\"https:\/\/www.suno.com.br\/noticias\/#organization\",\"name\":\"Suno Not\u00edcias\",\"url\":\"https:\/\/www.suno.com.br\/noticias\/\",\"logo\":{\"@type\":\"ImageObject\",\"inLanguage\":\"pt-BR\",\"@id\":\"https:\/\/www.suno.com.br\/noticias\/#\/schema\/logo\/image\/\",\"url\":\"https:\/\/files.sunoresearch.com.br\/n\/uploads\/2021\/09\/suno-logo.png\",\"contentUrl\":\"https:\/\/files.sunoresearch.com.br\/n\/uploads\/2021\/09\/suno-logo.png\",\"width\":180,\"height\":180,\"caption\":\"Suno Not\u00edcias\"},\"image\":{\"@id\":\"https:\/\/www.suno.com.br\/noticias\/#\/schema\/logo\/image\/\"},\"sameAs\":[\"https:\/\/facebook.com\/sunoresearch\",\"https:\/\/x.com\/sunoresearch\",\"https:\/\/www.instagram.com\/suno\",\"https:\/\/www.linkedin.com\/company\/suno-research\/\",\"https:\/\/www.youtube.com\/c\/sunoresearch\"]},{\"@type\":\"Person\",\"@id\":\"https:\/\/www.suno.com.br\/noticias\/#\/schema\/person\/02ec1f752758247878a2bf4abee1aeda\",\"name\":\"Poliana Santos\",\"image\":{\"@type\":\"ImageObject\",\"inLanguage\":\"pt-BR\",\"@id\":\"https:\/\/www.suno.com.br\/noticias\/#\/schema\/person\/image\/\",\"url\":\"https:\/\/secure.gravatar.com\/avatar\/0645bd32f23d87b2130f2b2dff1d3f8d?s=96&r=g\",\"contentUrl\":\"https:\/\/secure.gravatar.com\/avatar\/0645bd32f23d87b2130f2b2dff1d3f8d?s=96&r=g\",\"caption\":\"Poliana Santos\"},\"description\":\"Rep\u00f3rter no Suno Not\u00edcias, com cobertura em mercado financeiro, economia, finan\u00e7as pessoais, renda fixa e varejo. Jornalista formada pela Faculdade C\u00e1sper L\u00edbero e possui passagem na R\u00e1dio Gazeta AM com a produ\u00e7\u00e3o de conte\u00fado sobre economia, pol\u00edtica, sa\u00fade, moda e m\u00fasica. Possui certificado de conclus\u00e3o do curso de An\u00e1lise de Balan\u00e7os pela Funda\u00e7\u00e3o Bradesco, Agenda Brasil pela FAAP, Educa\u00e7\u00e3o Pol\u00edtica por Alexandre Garcia e do Tesouro Direto e Mercado de A\u00e7\u00f5es pela B3.\",\"url\":\"https:\/\/www.suno.com.br\/noticias\/author\/poliana-santos\/\"}]}<\/script>\n<!-- \/ Yoast SEO plugin. -->","yoast_head_json":{"title":"Guerra amea\u00e7a oferta global de alimento, dizem l\u00edderes do setor agr\u00edcola","description":"A guerra e o clima est\u00e3o colocando em risco a oferta global de alimentos, de acordo com autoridades e executivos do setor agr\u00edcola. Veja","robots":{"index":"index","follow":"follow","max-snippet":"max-snippet:-1","max-image-preview":"max-image-preview:large","max-video-preview":"max-video-preview:-1"},"canonical":"https:\/\/www.suno.com.br\/noticias\/guerra-clima-setor-agricola-amecam-alimentos\/","og_locale":"pt_BR","og_type":"article","og_title":"Guerra amea\u00e7a oferta global de alimento, dizem l\u00edderes do setor agr\u00edcola","og_description":"A guerra e o clima est\u00e3o colocando em risco a oferta global de alimentos, de acordo com autoridades e executivos do setor agr\u00edcola. Veja","og_url":"https:\/\/www.suno.com.br\/noticias\/guerra-clima-setor-agricola-amecam-alimentos\/","og_site_name":"Suno Not\u00edcias","article_publisher":"https:\/\/facebook.com\/sunoresearch","og_image":[{"width":1829,"height":2560,"url":"https:\/\/files.sunoresearch.com.br\/n\/uploads\/2022\/02\/pexels-nadi-lindsay-4982878-scaled.jpg","type":"image\/jpeg"}],"author":"Poliana Santos","twitter_card":"summary_large_image","twitter_creator":"@sunoresearch","twitter_site":"@sunoresearch","twitter_misc":{"Escrito por":"Poliana Santos","Est. tempo de leitura":"4 minutos"},"schema":{"@context":"https:\/\/schema.org","@graph":[{"@type":"NewsArticle","@id":"https:\/\/www.suno.com.br\/noticias\/guerra-clima-setor-agricola-amecam-alimentos\/#article","isPartOf":{"@id":"https:\/\/www.suno.com.br\/noticias\/guerra-clima-setor-agricola-amecam-alimentos\/"},"author":{"name":"Poliana Santos","@id":"https:\/\/www.suno.com.br\/noticias\/#\/schema\/person\/02ec1f752758247878a2bf4abee1aeda"},"headline":"Guerra e clima amea\u00e7am oferta global de alimento, dizem l\u00edderes do setor agr\u00edcola","datePublished":"2022-06-29T15:06:35+00:00","mainEntityOfPage":{"@id":"https:\/\/www.suno.com.br\/noticias\/guerra-clima-setor-agricola-amecam-alimentos\/"},"wordCount":769,"publisher":{"@id":"https:\/\/www.suno.com.br\/noticias\/#organization"},"image":{"@id":"https:\/\/www.suno.com.br\/noticias\/guerra-clima-setor-agricola-amecam-alimentos\/#primaryimage"},"thumbnailUrl":"https:\/\/files.sunoresearch.com.br\/n\/uploads\/2022\/02\/pexels-nadi-lindsay-4982878-scaled.jpg","keywords":["guerra comercial","R\u00fassia"],"articleSection":["Neg\u00f3cios"],"inLanguage":"pt-BR"},{"@type":"WebPage","@id":"https:\/\/www.suno.com.br\/noticias\/guerra-clima-setor-agricola-amecam-alimentos\/","url":"https:\/\/www.suno.com.br\/noticias\/guerra-clima-setor-agricola-amecam-alimentos\/","name":"Guerra amea\u00e7a oferta global de alimento, dizem l\u00edderes do setor agr\u00edcola","isPartOf":{"@id":"https:\/\/www.suno.com.br\/noticias\/#website"},"primaryImageOfPage":{"@id":"https:\/\/www.suno.com.br\/noticias\/guerra-clima-setor-agricola-amecam-alimentos\/#primaryimage"},"image":{"@id":"https:\/\/www.suno.com.br\/noticias\/guerra-clima-setor-agricola-amecam-alimentos\/#primaryimage"},"thumbnailUrl":"https:\/\/files.sunoresearch.com.br\/n\/uploads\/2022\/02\/pexels-nadi-lindsay-4982878-scaled.jpg","datePublished":"2022-06-29T15:06:35+00:00","description":"A guerra e o clima est\u00e3o colocando em risco a oferta global de alimentos, de acordo com autoridades e executivos do setor agr\u00edcola. Veja","breadcrumb":{"@id":"https:\/\/www.suno.com.br\/noticias\/guerra-clima-setor-agricola-amecam-alimentos\/#breadcrumb"},"inLanguage":"pt-BR","potentialAction":[{"@type":"ReadAction","target":["https:\/\/www.suno.com.br\/noticias\/guerra-clima-setor-agricola-amecam-alimentos\/"]}]},{"@type":"ImageObject","inLanguage":"pt-BR","@id":"https:\/\/www.suno.com.br\/noticias\/guerra-clima-setor-agricola-amecam-alimentos\/#primaryimage","url":"https:\/\/files.sunoresearch.com.br\/n\/uploads\/2022\/02\/pexels-nadi-lindsay-4982878-scaled.jpg","contentUrl":"https:\/\/files.sunoresearch.com.br\/n\/uploads\/2022\/02\/pexels-nadi-lindsay-4982878-scaled.jpg","width":1829,"height":2560,"caption":"Commodities agr\u00edcolas. Foto: Pexels"},{"@type":"BreadcrumbList","@id":"https:\/\/www.suno.com.br\/noticias\/guerra-clima-setor-agricola-amecam-alimentos\/#breadcrumb","itemListElement":[{"@type":"ListItem","position":1,"name":"Not\u00edcias","item":"https:\/\/www.suno.com.br\/noticias\/"},{"@type":"ListItem","position":2,"name":"Neg\u00f3cios","item":"https:\/\/www.suno.com.br\/noticias\/negocios\/"},{"@type":"ListItem","position":3,"name":"Guerra e clima amea\u00e7am oferta global de alimento, dizem l\u00edderes do setor agr\u00edcola"}]},{"@type":"WebSite","@id":"https:\/\/www.suno.com.br\/noticias\/#website","url":"https:\/\/www.suno.com.br\/noticias\/","name":"Suno Not\u00edcias","description":"Seu portal de informa\u00e7\u00e3o sobre o mundo dos investimentos","publisher":{"@id":"https:\/\/www.suno.com.br\/noticias\/#organization"},"potentialAction":[{"@type":"SearchAction","target":{"@type":"EntryPoint","urlTemplate":"https:\/\/www.suno.com.br\/noticias\/?s={search_term_string}"},"query-input":{"@type":"PropertyValueSpecification","valueRequired":true,"valueName":"search_term_string"}}],"inLanguage":"pt-BR"},{"@type":"Organization","@id":"https:\/\/www.suno.com.br\/noticias\/#organization","name":"Suno Not\u00edcias","url":"https:\/\/www.suno.com.br\/noticias\/","logo":{"@type":"ImageObject","inLanguage":"pt-BR","@id":"https:\/\/www.suno.com.br\/noticias\/#\/schema\/logo\/image\/","url":"https:\/\/files.sunoresearch.com.br\/n\/uploads\/2021\/09\/suno-logo.png","contentUrl":"https:\/\/files.sunoresearch.com.br\/n\/uploads\/2021\/09\/suno-logo.png","width":180,"height":180,"caption":"Suno Not\u00edcias"},"image":{"@id":"https:\/\/www.suno.com.br\/noticias\/#\/schema\/logo\/image\/"},"sameAs":["https:\/\/facebook.com\/sunoresearch","https:\/\/x.com\/sunoresearch","https:\/\/www.instagram.com\/suno","https:\/\/www.linkedin.com\/company\/suno-research\/","https:\/\/www.youtube.com\/c\/sunoresearch"]},{"@type":"Person","@id":"https:\/\/www.suno.com.br\/noticias\/#\/schema\/person\/02ec1f752758247878a2bf4abee1aeda","name":"Poliana Santos","image":{"@type":"ImageObject","inLanguage":"pt-BR","@id":"https:\/\/www.suno.com.br\/noticias\/#\/schema\/person\/image\/","url":"https:\/\/secure.gravatar.com\/avatar\/0645bd32f23d87b2130f2b2dff1d3f8d?s=96&r=g","contentUrl":"https:\/\/secure.gravatar.com\/avatar\/0645bd32f23d87b2130f2b2dff1d3f8d?s=96&r=g","caption":"Poliana Santos"},"description":"Rep\u00f3rter no Suno Not\u00edcias, com cobertura em mercado financeiro, economia, finan\u00e7as pessoais, renda fixa e varejo. Jornalista formada pela Faculdade C\u00e1sper L\u00edbero e possui passagem na R\u00e1dio Gazeta AM com a produ\u00e7\u00e3o de conte\u00fado sobre economia, pol\u00edtica, sa\u00fade, moda e m\u00fasica. Possui certificado de conclus\u00e3o do curso de An\u00e1lise de Balan\u00e7os pela Funda\u00e7\u00e3o Bradesco, Agenda Brasil pela FAAP, Educa\u00e7\u00e3o Pol\u00edtica por Alexandre Garcia e do Tesouro Direto e Mercado de A\u00e7\u00f5es pela B3.","url":"https:\/\/www.suno.com.br\/noticias\/author\/poliana-santos\/"}]}},"default_loop_html":"<div class=\"cardsPage__listCard__boxs\"><div class=\"cardsPage__listCard__boxs__img\"><a href=\"https:\/\/www.suno.com.br\/noticias\/guerra-clima-setor-agricola-amecam-alimentos\/\"><img class=\"mask\" src=\"https:\/\/www.suno.com.br\/noticias\/wp-content\/themes\/suno\/resources\/images\/spotlight\/spotlight1img\/bg-mask.png\" alt=\"Image Mask\"\/><img src=\"https:\/\/files.sunoresearch.com.br\/n\/uploads\/2022\/02\/pexels-nadi-lindsay-4982878-400x200.jpg\" alt=\"Guerra e clima amea\u00e7am oferta global de alimento, dizem l\u00edderes do setor agr\u00edcola\"\/><\/a><span class=\"spotlightCategory\"><a href=\"https:\/\/www.suno.com.br\/noticias\/negocios\/\">Neg\u00f3cios<\/a><\/span><\/div><div class=\"cardsPage__listCard__boxs__content\"><a href=\"https:\/\/www.suno.com.br\/noticias\/guerra-clima-setor-agricola-amecam-alimentos\/\"><h2 class=\"content__title\">Guerra e clima amea\u00e7am oferta global de alimento, dizem l\u00edderes do setor agr\u00edcola<\/h2><\/a><div class=\"newsContent__article__meta\"><div class=\"newsContent__article__meta__authorBox\"><a href=\"https:\/\/www.suno.com.br\/noticias\/author\/poliana-santos\/\" class=\"authorBox__avatar noMobi\"><img src=\"https:\/\/files.sunoresearch.com.br\/n\/uploads\/2020\/08\/7ef34026-whatsapp-image-2020-08-03-at-12.37.57-150x150.webp\" alt=\"Poliana Santos\"><\/a><div class=\"authorBox__name\"><span>por\n\t\t\t<a href=\"https:\/\/www.suno.com.br\/noticias\/author\/poliana-santos\/\"><span itemprop=\"author\">Poliana Santos<\/span><\/a><\/span><time datetime=\"2022-06-29T12:06:35-03:00\" itemprop=\"datePublished\">29\/06\/2022 12:06<\/time><\/div><\/div><\/div><\/div><\/div>","single_layout":"posts","amp_enabled":true,"_links":{"self":[{"href":"https:\/\/www.suno.com.br\/noticias\/wp-json\/wp\/v2\/posts\/271915"}],"collection":[{"href":"https:\/\/www.suno.com.br\/noticias\/wp-json\/wp\/v2\/posts"}],"about":[{"href":"https:\/\/www.suno.com.br\/noticias\/wp-json\/wp\/v2\/types\/post"}],"author":[{"embeddable":true,"href":"https:\/\/www.suno.com.br\/noticias\/wp-json\/wp\/v2\/users\/15"}],"replies":[{"embeddable":true,"href":"https:\/\/www.suno.com.br\/noticias\/wp-json\/wp\/v2\/comments?post=271915"}],"version-history":[{"count":2,"href":"https:\/\/www.suno.com.br\/noticias\/wp-json\/wp\/v2\/posts\/271915\/revisions"}],"predecessor-version":[{"id":271942,"href":"https:\/\/www.suno.com.br\/noticias\/wp-json\/wp\/v2\/posts\/271915\/revisions\/271942"}],"wp:featuredmedia":[{"embeddable":true,"href":"https:\/\/www.suno.com.br\/noticias\/wp-json\/wp\/v2\/media\/235154"}],"wp:attachment":[{"href":"https:\/\/www.suno.com.br\/noticias\/wp-json\/wp\/v2\/media?parent=271915"}],"wp:term":[{"taxonomy":"category","embeddable":true,"href":"https:\/\/www.suno.com.br\/noticias\/wp-json\/wp\/v2\/categories?post=271915"},{"taxonomy":"post_tag","embeddable":true,"href":"https:\/\/www.suno.com.br\/noticias\/wp-json\/wp\/v2\/tags?post=271915"},{"taxonomy":"suno_strategy","embeddable":true,"href":"https:\/\/www.suno.com.br\/noticias\/wp-json\/wp\/v2\/suno_strategy?post=271915"}],"curies":[{"name":"wp","href":"https:\/\/api.w.org\/{rel}","templated":true}]}}