{"id":271755,"date":"2022-06-28T22:22:24","date_gmt":"2022-06-29T01:22:24","guid":{"rendered":"https:\/\/www.suno.com.br\/noticias\/?p=271755"},"modified":"2022-06-29T19:51:09","modified_gmt":"2022-06-29T22:51:09","slug":"radar-b3-b3sa3-irb-irbr3-petrobras-petr4","status":"publish","type":"post","link":"https:\/\/www.suno.com.br\/noticias\/radar-b3-b3sa3-irb-irbr3-petrobras-petr4\/","title":{"rendered":"Radar: B3 (B3SA3) reajusta valor de JPC e dividendos, IRB (IRBR3) desaba 24% no m\u00eas, novo CEO da Petrobras (PETR4) assume cargo"},"content":{"rendered":"<p>A\u00a0<a class=\"suno-keyword\" href=\"https:\/\/www.suno.com.br\/acoes\/B3SA3\/\" target=\"_blank\" rel=\"noopener\" data-force=\"yes\" data-priority=\"2\"><strong>B3<\/strong>\u00a0(B3SA3)<\/a>\u00a0comunicou nesta ter\u00e7a-feira (28) o valor de pagamento dos\u00a0<a class=\"suno-keyword\" href=\"https:\/\/www.suno.com.br\/artigos\/entenda-o-jcp\/\" target=\"_blank\" rel=\"noopener\" data-force=\"no\" data-priority=\"1\">Juros Sobre Capital Pr\u00f3prio<\/a>\u00a0(JCP) e\u00a0<a class=\"suno-keyword\" href=\"https:\/\/www.suno.com.br\/guias\/dividendos\/\" target=\"_blank\" rel=\"noopener\" data-force=\"no\" data-priority=\"1\">dividendos<\/a>\u00a0a serem pagos aos seus acionistas, inicialmente divulgados na \u00faltima quinta-feira (23).<\/p>\t<div class=\"wrapper-featured-image\">\n\t\t<figure class=\"spotlightImg\">\n\n\t\t\t<picture>\n\t\t\t\t<source media=\"(max-width: 768px)\" srcset=\"https:\/\/files.sunoresearch.com.br\/n\/uploads\/2022\/06\/B3-400x200.jpg\">\n\t\t\t\t<img loading=\"lazy\" decoding=\"async\" class=\"newsContent__article__imgCapa lazyloadDisabled \" src=\"https:\/\/files.sunoresearch.com.br\/n\/uploads\/2022\/06\/B3-800x450.jpg\" width=\"800\" height=\"450\" alt=\"Radar: B3 (B3SA3) reajusta valor de JPC e dividendos, IRB (IRBR3) desaba 24% no m\u00eas, novo CEO da Petrobras (PETR4) assume cargo\" fetchpriority=high \/>\n\t\t\t<\/picture>\n\n\t\t\t<figcaption class=\"wp-caption-text wp-caption-text--show\">B3 (B3SA3). Foto: Divulga\u00e7\u00e3o\/B3<\/figcaption>\n\t\t<\/figure>\n\t<\/div>\n\n\n<p>O valor dos\u00a0<strong>dividendos<\/strong>\u00a0por a\u00e7\u00e3o subiu de R$ 0,069 para R$ 0,0698. J\u00e1 o aumento do\u00a0<strong>JCP da B3<\/strong>\u00a0foi de R$ 0,0606 para R$ 0,0609 por a\u00e7\u00e3o.<\/p>\n\t<p>\n\t\t<a href=\"\" target=\"_blank\" data-element=\"shortcode-suno-banner\" title=\"Banner SUNO, clique e saiba mais\">\n\t\t\t<picture>\n\t\t\t\t<source media=\"(max-width: 500px)\" srcset=\"\">\n\t\t\t\t<img class=\"newsContent__article__imgCapa newsContent__article__imgCapa--banner\"\n\t\t\t\t\tsrc=\"\"\n\t\t\t\t\tdata-promo-id=\"138420\"\t\t\t\t\t\t\t\t\t\t\t\t\t\t\talt=\"\"\n\t\t\t\t>\n\t\t\t<\/picture>\n\t\t<\/a>\n\t<\/p>\n\n\n<p>Os\u00a0<strong>dividendos da B3<\/strong>, assim como o JCP, ser\u00e3o pagos em 08 de julho de 2022.<\/p>\n<p>Apenas os investidores com\u00a0<strong>a\u00e7\u00f5es da B3\u00a0<\/strong>no dia 28 de junho de 2022 poder\u00e3o receber os rendimentos. A partir do dia 29 de junho, as a\u00e7\u00f5es ser\u00e3o negociadas sem direito aos dividendos.<\/p>\n<p>No total, a B3 ainda vai pagar aproximadamente R$ 773 milh\u00f5es em proventos, sendo R$ 360 milh\u00f5es em JCP e R$ 413 milh\u00f5es em dividendos.<\/p>\n<p>Segundo documento arquivado na Comiss\u00e3o de Valores Mobili\u00e1rios (CVM), esses proventos fazem parte dos dividendos obrigat\u00f3rios do exerc\u00edcio de 2022.<\/p>\n<p>O valor dos JCP ter\u00e1 reten\u00e7\u00e3o do imposto de renda na fonte, com al\u00edquota de 15%, resultando em aproximadamente R$ 0,0517 por a\u00e7\u00e3o (anteriormente de R$ 0,0515).<\/p>\n<h2>JCP e dividendos da B3<\/h2>\n<ul>\n<li>Valor total: R$ 773 milh\u00f5es, aproximadamente<\/li>\n<li>Valor por a\u00e7\u00e3o: R$ 0,13077563 no total<\/li>\n<li>Data de corte: 28 de junho de 2022<\/li>\n<li>Data do pagamento: 08 de julho de 2022<\/li>\n<li>Rendimento (<a class=\"suno-keyword\" href=\"https:\/\/www.suno.com.br\/artigos\/dividend-yield-como-calcular\/\" target=\"_blank\" rel=\"noopener\" data-force=\"no\" data-priority=\"2\">dividend yield<\/a>): 8,17%<\/li>\n<\/ul>\n<p>Al\u00e9m da <strong>B3<\/strong>, confira outros destaques desta ter\u00e7a-feira:<\/p>\n<h2 class=\"newsContent__article__title\">Brit\u00e2nica Actis anunciar\u00e1 leil\u00e3o para comprar fatia de 6% da Omega Energia (MEGA3), diz site<\/h2>\n<ul>\n<li>O Actis, fundo brit\u00e2nico de\u00a0<a class=\"suno-keyword\" href=\"https:\/\/www.suno.com.br\/artigos\/private-equity\/\" target=\"_blank\" rel=\"noopener\" data-force=\"no\" data-priority=\"1\">Private Equity<\/a>, deve anunciar ainda hoje um leil\u00e3o na\u00a0<a class=\"suno-keyword\" href=\"https:\/\/www.suno.com.br\/acoes\/B3SA3\/\" target=\"_blank\" rel=\"noopener\" data-force=\"yes\" data-priority=\"2\">B3 (B3SA3)<\/a>\u00a0para comprar 6% da\u00a0<a href=\"https:\/\/www.suno.com.br\/acoes\/mega3\/\"><strong>Omega Energia<\/strong>\u00a0(MEGA3)<\/a>\u00a0a um pre\u00e7o inicial de R$ 11,75. As informa\u00e7\u00f5es s\u00e3o do site Brazil Journal.<\/li>\n<li>Segundo o portal, a opera\u00e7\u00e3o de compra das\u00a0<strong>a\u00e7\u00f5es da Omega<\/strong>\u00a0ser\u00e1 intermediada pelo\u00a0<a class=\"suno-keyword\" href=\"https:\/\/www.suno.com.br\/acoes\/BPAC11\/\" target=\"_blank\" rel=\"noopener\" data-force=\"yes\" data-priority=\"2\">BTG Pactual (BPAC11)<\/a>\u00a0deve acontecer na pr\u00f3xima quinta-feira (30), ap\u00f3s cumpridas as 48 horas do aviso regulamentar.<\/li>\n<li>Esse deve ser o primeiro passo da Actis para adquirir uma participa\u00e7\u00e3o de no m\u00ednimo 10% da Omega e ingressar no\u00a0<strong><a class=\"suno-keyword\" href=\"https:\/\/www.suno.com.br\/artigos\/acordo-de-acionistas\/\" target=\"_blank\" rel=\"noopener\" data-force=\"no\" data-priority=\"1\">acordo de acionistas<\/a><\/strong>\u00a0da empresa.<\/li>\n<li>Conforme noticiado previamente pela Suno Not\u00edcias, a gestora Tarpon\u00a0<a href=\"https:\/\/www.suno.com.br\/noticias\/omega-energia-mega3-vende-10-acoes-actis\/\">outorgou \u00e0 Actis<\/a>\u00a0op\u00e7\u00f5es para a compra dessa participa\u00e7\u00e3o, ao pre\u00e7o de R$ 13,50. A Tarpon possui uma fatia de 34,8% da Omega.<\/li>\n<li>O\u00a0<strong>leil\u00e3o na Bolsa<\/strong>\u00a0deve movimentar R$ 400 milh\u00f5es no pre\u00e7o m\u00ednimo. Os R$ 11,75 oferecidos como pre\u00e7o inicial configuram um meio-termo entre o fechamento de ontem (27), a R$ 10,20, e o pre\u00e7o da op\u00e7\u00e3o sugerido pela Tarpon.<\/li>\n<li>Al\u00e9m de se tornar acionista relevante da companhia, o fundo brit\u00e2nico se comprometeu a investir at\u00e9 R$ 850 milh\u00f5es na Omega a um pre\u00e7o de R$ 16 por a\u00e7\u00e3o.<\/li>\n<li>A Omega, por sua vez, tem discricionariedade de chamar esse\u00a0<a class=\"suno-keyword\" href=\"https:\/\/www.suno.com.br\/artigos\/aumento-capital\/\" target=\"_blank\" rel=\"noopener\" data-force=\"no\" data-priority=\"1\">aumento de capital<\/a>\u00a0entre 1\u00ba de outubro deste ano e 31 de mar\u00e7o de 2023.<\/li>\n<li>Quanto ao\u00a0<strong>papel da Omega<\/strong>, por volta das 11h30 de hoje (28), disparava 17%, no valor de R$ 11,95. O papel j\u00e1 negociou R$ 72 milh\u00f5es no dia, posto que a m\u00e9dia di\u00e1ria \u00e9 em torno de R$ 20 milh\u00f5es. Perto do fechamento, a Omega avan\u00e7ava 16,27%, cotada a R$ 11,86.<\/li>\n<li>De acordo com o Brazil Journal, o mercado considerou a not\u00edcia como positiva porque espera que a governan\u00e7a da Omega melhore depois de \u201caparecer um private equity dizendo que a empresa vale no m\u00ednimo R$ 13,50\/a\u00e7\u00e3o\u201d.<\/li>\n<li>Al\u00e9m do an\u00fancio da\u00a0<strong>chegada da Actis<\/strong>, a Omega afirmou ontem (27) que assinou um protocolo de inten\u00e7\u00f5es para investir at\u00e9 U$ 500 milh\u00f5es nos EUA ao lado de um parceiro cujo nome ainda n\u00e3o foi divulgado.<\/li>\n<li>A\u00a0<strong>Omega<\/strong>\u00a0est\u00e1 negociando os direitos para comprar um projeto e\u00f3lico de 531MW no Texas.<\/li>\n<\/ul>\n<h2 class=\"newsContent__article__title\">BTG: a\u00e7\u00f5es da Gol (GOLL4) v\u00e3o triplicar em 2022; entenda os motivos<\/h2>\n\t<p>\n\t\t<a href=\"https:\/\/lp.suno.com.br\/planilha-da-vida-financeira\/\" target=\"_blank\" data-element=\"shortcode-suno-banner\" title=\"Banner SUNO, clique e saiba mais\">\n\t\t\t<picture>\n\t\t\t\t<source media=\"(max-width: 500px)\" srcset=\"https:\/\/files.sunoresearch.com.br\/n\/uploads\/2023\/04\/400x300-Planilha-vida-financeira-true.png\">\n\t\t\t\t<img class=\"newsContent__article__imgCapa newsContent__article__imgCapa--banner\"\n\t\t\t\t\tsrc=\"https:\/\/files.sunoresearch.com.br\/n\/uploads\/2023\/04\/1420x240-Planilha-vida-financeira-true.png\"\n\t\t\t\t\tdata-promo-id=\"106682\"\t\t\t\t\t\t\t\t\t\twidth='1420' height='240'\t\t\t\t\talt=\"https:\/\/files.sunoresearch.com.br\/n\/uploads\/2023\/04\/1420x240-Planilha-vida-financeira-true.png\"\n\t\t\t\t>\n\t\t\t<\/picture>\n\t\t<\/a>\n\t<\/p>\n\n\n<ul>\n<li>Os analistas do\u00a0<a class=\"suno-keyword\" href=\"https:\/\/www.suno.com.br\/acoes\/BPAC11\/\" target=\"_blank\" rel=\"noopener\" data-force=\"yes\" data-priority=\"2\">BTG Pactual (BPAC11)<\/a>\u00a0deram um novo parecer, ainda mais otimista, sobre as a\u00e7\u00f5es da\u00a0<strong>Gol<\/strong>\u00a0(<a href=\"https:\/\/www.suno.com.br\/acoes\/goll4\/\">GOLL4<\/a>). O time de\u00a0<a class=\"suno-keyword\" href=\"https:\/\/www.suno.com.br\/artigos\/equity-research\/\" target=\"_blank\" rel=\"noopener\" data-force=\"no\" data-priority=\"1\">equity research<\/a>\u00a0reiterou recomenda\u00e7\u00e3o de compra para os pap\u00e9is da companhia a\u00e9rea ap\u00f3s participarem de uma reuni\u00e3o com executivos da companhia.<\/li>\n<li>Nesse cen\u00e1rio, o BTG firma um pre\u00e7o-alvo de R$ 31 para as\u00a0<strong>a\u00e7\u00f5es da Gol<\/strong>. Se concretizada, essa cota\u00e7\u00e3o representa uma alta pouco acima de 200%, triplicando o atual pre\u00e7o dos pap\u00e9is\u00a0<a href=\"https:\/\/statusinvest.com.br\/acoes\/goll4?__hstc=189907700.93c5c1d10a2d6bd8ec6e723ddb6f4a63.1653467848981.1656452697598.1656455329742.149&amp;__hssc=189907700.14.1656455329742&amp;__hsfp=2797977908\"><strong>GOLL4<\/strong><\/a>, que \u00e9 de R$ 10,16 no intradia desta ter\u00e7a (28).<\/li>\n<li>A alta inclui as seguintes motiva\u00e7\u00f5es:<\/li>\n<li>A precifica\u00e7\u00e3o tem sido fundamental para compensar os impactos do aumento dos combust\u00edveis e das taxas de c\u00e2mbio nas margens;<\/li>\n<li>O tr\u00e1fego corporativo apresentou forte recupera\u00e7\u00e3o desde fevereiro, suportando o repasse de maiores custos para as tarifas; A alavancagem financeira deve retornar gradativamente \u00e0 sua meta de longo prazo de 3x d\u00edvida l\u00edquida\/EBITDA; O guidance para o ano de 2022 foi reafirmado apesar da alta nos pre\u00e7os do petr\u00f3leo e c\u00e2mbio, confirmando que o aumento nos custos est\u00e1 sendo compensado por maiores receitas.<\/li>\n<li>O BTG Pactual destaca que o a reuni\u00e3o refor\u00e7ou a \u201cprefer\u00eancia por empresas com maior exposi\u00e7\u00e3o ao tr\u00e1fego a\u00e9reo nacional\u201d. Segundo o relat\u00f3rio, a companhia possui um valuation mais atraente do que seus pares locais. A ressalva \u00e9 que os pre\u00e7os do petr\u00f3leo e a volatilidade do c\u00e2mbio \u201cs\u00e3o preocupantes no curto prazo\u201c.<\/li>\n<li>Ainda assim, o desempenho operacional da companhia a\u00e9rea tem feito os analistas olharem para as a\u00e7\u00f5es como promissoras.<\/li>\n<li>\u201cAs vendas v\u00eam apresentando bom desempenho e superaram os n\u00edveis de 2019, impulsionado por maiores tarifas (refletindo o repasse de c\u00e2mbio e pre\u00e7os do petr\u00f3leo), enquanto a oferta est\u00e1 conservadoramente abaixo dos n\u00edveis de 2019 para preservar a maior taxa de utiliza\u00e7\u00e3o das aeronaves\u201d, diz o relat\u00f3rio.<\/li>\n<\/ul>\n\t<p>\n\t\t<a href=\"https:\/\/lp.suno.com.br\/ebook-como-analisar-uma-acao\/\" target=\"_blank\" data-element=\"shortcode-suno-banner\" title=\"Banner SUNO, clique e saiba mais\">\n\t\t\t<picture>\n\t\t\t\t<source media=\"(max-width: 500px)\" srcset=\"https:\/\/files.sunoresearch.com.br\/n\/uploads\/2023\/03\/Ebook-Acoes-Mobile-1.jpg\">\n\t\t\t\t<img class=\"newsContent__article__imgCapa newsContent__article__imgCapa--banner\"\n\t\t\t\t\tsrc=\"https:\/\/files.sunoresearch.com.br\/n\/uploads\/2023\/03\/Ebook-Acoes-Desktop-1.jpg\"\n\t\t\t\t\tdata-promo-id=\"171998\"\t\t\t\t\t\t\t\t\t\twidth='1420' height='286'\t\t\t\t\talt=\"https:\/\/files.sunoresearch.com.br\/n\/uploads\/2023\/03\/Ebook-Acoes-Desktop-1.jpg\"\n\t\t\t\t>\n\t\t\t<\/picture>\n\t\t<\/a>\n\t<\/p>\n\n\n<h2 class=\"newsContent__article__title\">IRB (IRBR3) desaba 24% no m\u00eas e atinge m\u00ednima hist\u00f3rica; entenda o que houve com a a\u00e7\u00e3o<\/h2>\n<ul>\n<li>O\u00a0<a class=\"suno-keyword\" href=\"https:\/\/www.suno.com.br\/acoes\/IRBR3\/\" target=\"_blank\" rel=\"noopener\" data-force=\"yes\" data-priority=\"2\"><strong>IRB Brasil<\/strong>\u00a0(IRBR3)<\/a>\u00a0fechou o preg\u00e3o desta ter\u00e7a-feira (27) em queda, pela quinta sess\u00e3o consecutiva. Com perdas de 4,35%, cotada a R$ 2,20, a a\u00e7\u00e3o entrou no ranking das maiores perdas do Ibovespa. A cota\u00e7\u00e3o est\u00e1 na m\u00ednima hist\u00f3rica desde que foi realizado o IPO, em 2017.<\/li>\n<li>Nos \u00faltimos cinco dias, a\u00a0<strong>a\u00e7\u00e3o do IRB Brasil<\/strong>\u00a0perdeu mais de 15%. No dia 22 de junho, a empresa divulgou seus dados do relat\u00f3rio peri\u00f3dico mensal, enviado \u00e0 Superintend\u00eancia de Seguros Privados (SUSEP).<\/li>\n<li>\u201cNo m\u00eas a a\u00e7\u00e3o do IRB acumula perdas de 26%, aproximadamente, seguindo a tend\u00eancia t\u00e9cnica de baixa\u201d, diz Caique Stein, CNPI-T da DV Invest. \u201cEst\u00e1 bastante pressionado pela ponta vendedora, muitos investidores\u00a0<em>shorteando<\/em>\u00a0o papel ainda. Ou seja, vendendo a a\u00e7\u00e3o sem t\u00ea-la em carteira, o que faz com que o pre\u00e7o seja realmente ainda mais pressionado para baixo.\u201d<\/li>\n<li>O IRB Brasil reportou preju\u00edzo de R$ 92,7 milh\u00f5es em abril de 2022, ante o resultado negativo de R$ 48,9 milh\u00f5es na compara\u00e7\u00e3o com o mesmo per\u00edodo de 2021.<\/li>\n<li>J\u00e1 o\u00a0<strong>preju\u00edzo acumulado do IRB Brasil<\/strong>\u00a0nos primeiros quatro meses de 2022 foi de R$ 12,2 milh\u00f5es, ante um\u00a0lucro l\u00edquido\u00a0no mesmo per\u00edodo do ano passado de R$ 1,9 milh\u00e3o.<\/li>\n<li>A despesa de sinistro em abril de 2022 foi de R$ 478 milh\u00f5es, com \u00edndice de sinistralidade de 103,1%, impactada pelo segmento Agro. Desta forma, ficou em valor equivalente \u00e0 despesa de abril de 2021, de R$ 479 milh\u00f5es, que representou ent\u00e3o sinistralidade de 84,3%.<\/li>\n<li>No primeiro quadrimestre deste ano, a despesa com sinistro totalizou R$ 1,4 bilh\u00e3o, uma queda de 7,7% quando comparada com o mesmo per\u00edodo do ano anterior.<\/li>\n<li>No acumulado dos quatro primeiros meses do ano, o\u00a0<strong>\u00edndice de sinistralidade do IRB<\/strong>\u00a0foi de 87,4%, comparado a 75,6% no primeiro quadrimestre de 2021.<\/li>\n<li>O\u00a0<strong>IRB Brasil<\/strong>\u00a0fechou em queda de 4,35%, a R$ 2,20. No ano, acumula perdas de 42,71%.<\/li>\n<\/ul>\n<h2 class=\"newsContent__article__title\">Petrobras (PETR4): Caio Paes de Andrade assume como novo CEO; posse \u00e9 questionada<\/h2>\n<ul>\n<li>O novo presidente da\u00a0<a href=\"https:\/\/www.suno.com.br\/acoes\/petr4\/\"><strong>Petrobras<\/strong>\u00a0(PETR4),<\/a>\u00a0Caio Paes de Andrade, o quarto indicado pelo governo Bolsonaro em menos de quatro anos, tomou posse do cargo nesta ter\u00e7a-feira (28), sem a tradicional cerim\u00f4nia de posse. O executivo foi aprovado na segunda (27), pelo\u00a0<a class=\"suno-keyword\" href=\"https:\/\/www.suno.com.br\/artigos\/conselho-administracao\/\" target=\"_blank\" rel=\"noopener\" data-force=\"no\" data-priority=\"1\">Conselho de Administra\u00e7\u00e3o<\/a>\u00a0da estatal para conselheiro e presidente da companhia.<\/li>\n<li>Formado em comunica\u00e7\u00e3o social e sem nenhuma experi\u00eancia no setor de \u00f3leo e g\u00e1s, Paes destoa pela segunda vez dos presidentes anteriores da empresa.<\/li>\n<li>Al\u00e9m de dispensar o habitual discurso de posse, o ex-secret\u00e1rio de Desburocratiza\u00e7\u00e3o do Minist\u00e9rio da Economia tamb\u00e9m recusou convite do Comit\u00ea de Elegibilidade (<strong>Celeg<\/strong>) para uma entrevista formal antes da nomea\u00e7\u00e3o, onde poderia expor seus planos para a empresa.<\/li>\n<li>Segundo a Petrobras, \u201cCaio tomou posse no Rio de Janeiro, sede da companhia, em agenda interna\u201d.<\/li>\n<li>O mandato como conselheiro segue at\u00e9 a realiza\u00e7\u00e3o da pr\u00f3xima\u00a0<strong>Assembleia Geral de Acionistas<\/strong>\u00a0(ainda sem data agendada) e o de presidente at\u00e9 o dia 13 de abril de 2023.<\/li>\n<li>Paes de Andrade foi\u00a0<strong>nomeado por Bolsonaro<\/strong>\u00a0para segurar os pre\u00e7os dos combust\u00edveis, como j\u00e1 afirmou o presidente da Rep\u00fablica em algumas ocasi\u00f5es.<\/li>\n<li>A defasagem de pre\u00e7os do mercado interno em rela\u00e7\u00e3o ao internacional, por\u00e9m, continua.<\/li>\n<li>No fechamento da segunda-feira, a gasolina no Brasil tinha pre\u00e7os 11% menores do que no exterior e o diesel era comercializado com uma defasagem de 8%, segundo a Associa\u00e7\u00e3o Brasileira dos Importadores de Combust\u00edveis (Abicom).<\/li>\n<\/ul>\n\t<p>\n\t\t<a href=\"https:\/\/lp.suno.com.br\/planilha-controle-gastos\/\" target=\"_blank\" data-element=\"shortcode-suno-banner\" title=\"Banner SUNO, clique e saiba mais\">\n\t\t\t<picture>\n\t\t\t\t<source media=\"(max-width: 500px)\" srcset=\"https:\/\/files.sunoresearch.com.br\/n\/uploads\/2023\/03\/400x300-Planilha-controle-de-gastos.png\">\n\t\t\t\t<img class=\"newsContent__article__imgCapa newsContent__article__imgCapa--banner\"\n\t\t\t\t\tsrc=\"https:\/\/files.sunoresearch.com.br\/n\/uploads\/2023\/03\/1420x240-Planilha-controle-de-gastos.png\"\n\t\t\t\t\tdata-promo-id=\"101751\"\t\t\t\t\t\t\t\t\t\twidth='1420' height='240'\t\t\t\t\talt=\"https:\/\/files.sunoresearch.com.br\/n\/uploads\/2023\/03\/1420x240-Planilha-controle-de-gastos.png\"\n\t\t\t\t>\n\t\t\t<\/picture>\n\t\t<\/a>\n\t<\/p>\n\n\n<h2 class=\"newsContent__article__title\">Unidas (LCAM3) aprova pagamento de R$ 425 milh\u00f5es em dividendos<\/h2>\n<ul>\n<li>O conselho de administra\u00e7\u00e3o da\u00a0<a href=\"https:\/\/www.suno.com.br\/acoes\/LCAM3\/\"><strong>Unidas<\/strong>\u00a0(LCAM3)<\/a>\u00a0aprovou o pagamento de R$ 425 milh\u00f5es em dividendos intermedi\u00e1rios. pelo <a class=\"suno-keyword\" href=\"https:\/\/www.suno.com.br\/artigos\/conselho-administracao\/\" target=\"_blank\" rel=\"noopener\" data-force=\"no\" data-priority=\"1\">Conselho de Administra\u00e7\u00e3o<\/a>\u00a0da estatal para conselheiro e presidente da companhia.<\/li>\n<li>A<strong>\u00a0locadora de carros<\/strong>\u00a0informou que os dividendos ser\u00e3o pagos em at\u00e9 90 dias, a contar da consuma\u00e7\u00e3o da incorpora\u00e7\u00e3o com a<a href=\"https:\/\/www.suno.com.br\/acoes\/RENT3\/\"><strong>\u00a0Localiza<\/strong>\u00a0(RENT3)<\/a>.\u00a0 Os proventos da Unidas ter\u00e3o como data-base a posi\u00e7\u00e3o acion\u00e1ria de 01 de julho, sendo que, a partir de 4 de julho, as a\u00e7\u00f5es da companhia ser\u00e3o negociadas \u201cex\u201d dividendos.<\/li>\n<li>Ainda de acordo com o comunicado ao mercado da locadora, o conselho aprovou o pagamento do reembolso aos acionistas que exerceram o seu direito de retirada, no valor de R$ 7,67 por a\u00e7\u00e3o, correspondente ao valor do patrim\u00f4nio l\u00edquido da a\u00e7\u00e3o da companhia em 31 de dezembro de 2019, a ser realizado em primeiro de julho de 2022.<\/li>\n<li>Em outro comunicada, a Unidas informou que a\u00a0<strong>Brasil Capital<\/strong>\u00a0reduziu sua participa\u00e7\u00e3o para 4,44% das a\u00e7\u00f5es ordin\u00e1rias da companhia, o equivalente a 22.567.371 a\u00e7\u00f5es do capital social da empresa.<br \/>\n<h3>Dividendos da Unidas<\/h3>\n<ul>\n<li><strong>Proventos totais:<\/strong>\u00a0R$ 425 milh\u00f5es<\/li>\n<li><strong>Data de corte:<\/strong>\u00a001 de julho de 2022<\/li>\n<li><strong>Data do pagamento:<\/strong>\u00a090 dias ap\u00f3s a incorpora\u00e7\u00e3o<\/li>\n<\/ul>\n<\/li>\n<\/ul>\n<p>Da\u00a0<strong>B3<\/strong><b>\u00a0<\/b>\u00e0 Unidas, essas foram as empresas que se destacaram hoje. Para ler todas as mat\u00e9rias <a href=\"https:\/\/www.suno.com.br\/noticias\/\">clique aqui<\/a>.<\/p>\n","protected":false},"excerpt":{"rendered":"<p>A\u00a0B3\u00a0(B3SA3)\u00a0comunicou nesta ter\u00e7a-feira (28) o valor de pagamento dos\u00a0Juros Sobre Capital Pr\u00f3prio\u00a0(JCP) e\u00a0dividendos\u00a0a serem pagos aos seus acionistas, inicialmente divulgados na \u00faltima quinta-feira (23). B3 (B3SA3). Foto: Divulga\u00e7\u00e3o\/B3 O valor dos\u00a0dividendos\u00a0por a\u00e7\u00e3o subiu de R$ 0,069 para R$ 0,0698. J\u00e1 o aumento do\u00a0JCP da B3\u00a0foi de R$ 0,0606 para R$ 0,0609 por a\u00e7\u00e3o. Os\u00a0dividendos da [&hellip;]<\/p>\n","protected":false},"author":174,"featured_media":264536,"comment_status":"closed","ping_status":"closed","sticky":false,"template":"","format":"standard","meta":[],"categories":[64],"tags":[367,489,1813,585,595,1061],"suno_strategy":[],"class_list":["post-271755","post","type-post","status-publish","format-standard","has-post-thumbnail","hentry","category-negocios","tag-b3-b3sa3","tag-gol-linhas-aereas-goll11-goll4","tag-irb-brasil-irbr3","tag-omega-geracao-omge3","tag-petrobras-petr4","tag-unidas-lcam3"],"yoast_head":"<!-- This site is optimized with the Yoast SEO plugin v24.4 - https:\/\/yoast.com\/wordpress\/plugins\/seo\/ -->\n<title>Radar: B3 (B3SA3) reajusta JPC e dividendos, IRB (IRBR3) desaba 24% no m\u00eas<\/title>\n<meta name=\"description\" content=\"A B3 anunciou nesta ter\u00e7a os valores a serem pagos em JPC e dividendos; IRB (IRBR3) desaba 24% no m\u00eas com m\u00ednima hist\u00f3rica. Entenda!\" \/>\n<meta name=\"robots\" content=\"index, follow, max-snippet:-1, max-image-preview:large, max-video-preview:-1\" \/>\n<link rel=\"canonical\" href=\"https:\/\/www.suno.com.br\/noticias\/radar-b3-b3sa3-irb-irbr3-petrobras-petr4\/\" \/>\n<meta property=\"og:locale\" content=\"pt_BR\" \/>\n<meta property=\"og:type\" content=\"article\" \/>\n<meta property=\"og:title\" content=\"Radar: B3 (B3SA3) reajusta JPC e dividendos, IRB (IRBR3) desaba 24% no m\u00eas\" \/>\n<meta property=\"og:description\" content=\"A B3 anunciou nesta ter\u00e7a os valores a serem pagos em JPC e dividendos; IRB (IRBR3) desaba 24% no m\u00eas com m\u00ednima hist\u00f3rica. Entenda!\" \/>\n<meta property=\"og:url\" content=\"https:\/\/www.suno.com.br\/noticias\/radar-b3-b3sa3-irb-irbr3-petrobras-petr4\/\" \/>\n<meta property=\"og:site_name\" content=\"Suno Not\u00edcias\" \/>\n<meta property=\"article:publisher\" content=\"https:\/\/facebook.com\/sunoresearch\" \/>\n<meta property=\"og:image\" content=\"https:\/\/files.sunoresearch.com.br\/n\/uploads\/2022\/06\/B3.jpg\" \/>\n\t<meta property=\"og:image:width\" content=\"1300\" \/>\n\t<meta property=\"og:image:height\" content=\"867\" \/>\n\t<meta property=\"og:image:type\" content=\"image\/jpeg\" \/>\n<meta name=\"author\" content=\"Jorge C. Carrasco\" \/>\n<meta name=\"twitter:card\" content=\"summary_large_image\" \/>\n<meta name=\"twitter:creator\" content=\"@sunoresearch\" \/>\n<meta name=\"twitter:site\" content=\"@sunoresearch\" \/>\n<meta name=\"twitter:label1\" content=\"Escrito por\" \/>\n\t<meta name=\"twitter:data1\" content=\"Jorge C. Carrasco\" \/>\n\t<meta name=\"twitter:label2\" content=\"Est. tempo de leitura\" \/>\n\t<meta name=\"twitter:data2\" content=\"10 minutos\" \/>\n<script type=\"application\/ld+json\" class=\"yoast-schema-graph\">{\"@context\":\"https:\/\/schema.org\",\"@graph\":[{\"@type\":\"NewsArticle\",\"@id\":\"https:\/\/www.suno.com.br\/noticias\/radar-b3-b3sa3-irb-irbr3-petrobras-petr4\/#article\",\"isPartOf\":{\"@id\":\"https:\/\/www.suno.com.br\/noticias\/radar-b3-b3sa3-irb-irbr3-petrobras-petr4\/\"},\"author\":{\"name\":\"Jorge C. Carrasco\",\"@id\":\"https:\/\/www.suno.com.br\/noticias\/#\/schema\/person\/5e3d16fbfcfd3307a21fee0ba2e51dce\"},\"headline\":\"Radar: B3 (B3SA3) reajusta valor de JPC e dividendos, IRB (IRBR3) desaba 24% no m\u00eas, novo CEO da Petrobras (PETR4) assume cargo\",\"datePublished\":\"2022-06-29T01:22:24+00:00\",\"dateModified\":\"2022-06-29T22:51:09+00:00\",\"mainEntityOfPage\":{\"@id\":\"https:\/\/www.suno.com.br\/noticias\/radar-b3-b3sa3-irb-irbr3-petrobras-petr4\/\"},\"wordCount\":1828,\"publisher\":{\"@id\":\"https:\/\/www.suno.com.br\/noticias\/#organization\"},\"image\":{\"@id\":\"https:\/\/www.suno.com.br\/noticias\/radar-b3-b3sa3-irb-irbr3-petrobras-petr4\/#primaryimage\"},\"thumbnailUrl\":\"https:\/\/files.sunoresearch.com.br\/n\/uploads\/2022\/06\/B3.jpg\",\"keywords\":[\"B3 (B3SA3)\",\"Gol Linhas A\u00e9reas (GOLL11\/GOLL4)\",\"IRB Brasil (IRBR3)\",\"Omega Gera\u00e7\u00e3o (OMGE3)\",\"Petrobras (PETR4)\",\"Unidas (LCAM3)\"],\"articleSection\":[\"Neg\u00f3cios\"],\"inLanguage\":\"pt-BR\"},{\"@type\":\"WebPage\",\"@id\":\"https:\/\/www.suno.com.br\/noticias\/radar-b3-b3sa3-irb-irbr3-petrobras-petr4\/\",\"url\":\"https:\/\/www.suno.com.br\/noticias\/radar-b3-b3sa3-irb-irbr3-petrobras-petr4\/\",\"name\":\"Radar: B3 (B3SA3) reajusta JPC e dividendos, IRB (IRBR3) desaba 24% no m\u00eas\",\"isPartOf\":{\"@id\":\"https:\/\/www.suno.com.br\/noticias\/#website\"},\"primaryImageOfPage\":{\"@id\":\"https:\/\/www.suno.com.br\/noticias\/radar-b3-b3sa3-irb-irbr3-petrobras-petr4\/#primaryimage\"},\"image\":{\"@id\":\"https:\/\/www.suno.com.br\/noticias\/radar-b3-b3sa3-irb-irbr3-petrobras-petr4\/#primaryimage\"},\"thumbnailUrl\":\"https:\/\/files.sunoresearch.com.br\/n\/uploads\/2022\/06\/B3.jpg\",\"datePublished\":\"2022-06-29T01:22:24+00:00\",\"dateModified\":\"2022-06-29T22:51:09+00:00\",\"description\":\"A B3 anunciou nesta ter\u00e7a os valores a serem pagos em JPC e dividendos; IRB (IRBR3) desaba 24% no m\u00eas com m\u00ednima hist\u00f3rica. Entenda!\",\"breadcrumb\":{\"@id\":\"https:\/\/www.suno.com.br\/noticias\/radar-b3-b3sa3-irb-irbr3-petrobras-petr4\/#breadcrumb\"},\"inLanguage\":\"pt-BR\",\"potentialAction\":[{\"@type\":\"ReadAction\",\"target\":[\"https:\/\/www.suno.com.br\/noticias\/radar-b3-b3sa3-irb-irbr3-petrobras-petr4\/\"]}]},{\"@type\":\"ImageObject\",\"inLanguage\":\"pt-BR\",\"@id\":\"https:\/\/www.suno.com.br\/noticias\/radar-b3-b3sa3-irb-irbr3-petrobras-petr4\/#primaryimage\",\"url\":\"https:\/\/files.sunoresearch.com.br\/n\/uploads\/2022\/06\/B3.jpg\",\"contentUrl\":\"https:\/\/files.sunoresearch.com.br\/n\/uploads\/2022\/06\/B3.jpg\",\"width\":1300,\"height\":867,\"caption\":\"B3 (B3SA3). Foto: Divulga\u00e7\u00e3o\/B3\"},{\"@type\":\"BreadcrumbList\",\"@id\":\"https:\/\/www.suno.com.br\/noticias\/radar-b3-b3sa3-irb-irbr3-petrobras-petr4\/#breadcrumb\",\"itemListElement\":[{\"@type\":\"ListItem\",\"position\":1,\"name\":\"Not\u00edcias\",\"item\":\"https:\/\/www.suno.com.br\/noticias\/\"},{\"@type\":\"ListItem\",\"position\":2,\"name\":\"Neg\u00f3cios\",\"item\":\"https:\/\/www.suno.com.br\/noticias\/negocios\/\"},{\"@type\":\"ListItem\",\"position\":3,\"name\":\"Radar: B3 (B3SA3) reajusta valor de JPC e dividendos, IRB (IRBR3) desaba 24% no m\u00eas, novo CEO da Petrobras (PETR4) assume cargo\"}]},{\"@type\":\"WebSite\",\"@id\":\"https:\/\/www.suno.com.br\/noticias\/#website\",\"url\":\"https:\/\/www.suno.com.br\/noticias\/\",\"name\":\"Suno Not\u00edcias\",\"description\":\"Seu portal de informa\u00e7\u00e3o sobre o mundo dos investimentos\",\"publisher\":{\"@id\":\"https:\/\/www.suno.com.br\/noticias\/#organization\"},\"potentialAction\":[{\"@type\":\"SearchAction\",\"target\":{\"@type\":\"EntryPoint\",\"urlTemplate\":\"https:\/\/www.suno.com.br\/noticias\/?s={search_term_string}\"},\"query-input\":{\"@type\":\"PropertyValueSpecification\",\"valueRequired\":true,\"valueName\":\"search_term_string\"}}],\"inLanguage\":\"pt-BR\"},{\"@type\":\"Organization\",\"@id\":\"https:\/\/www.suno.com.br\/noticias\/#organization\",\"name\":\"Suno Not\u00edcias\",\"url\":\"https:\/\/www.suno.com.br\/noticias\/\",\"logo\":{\"@type\":\"ImageObject\",\"inLanguage\":\"pt-BR\",\"@id\":\"https:\/\/www.suno.com.br\/noticias\/#\/schema\/logo\/image\/\",\"url\":\"https:\/\/files.sunoresearch.com.br\/n\/uploads\/2021\/09\/suno-logo.png\",\"contentUrl\":\"https:\/\/files.sunoresearch.com.br\/n\/uploads\/2021\/09\/suno-logo.png\",\"width\":180,\"height\":180,\"caption\":\"Suno Not\u00edcias\"},\"image\":{\"@id\":\"https:\/\/www.suno.com.br\/noticias\/#\/schema\/logo\/image\/\"},\"sameAs\":[\"https:\/\/facebook.com\/sunoresearch\",\"https:\/\/x.com\/sunoresearch\",\"https:\/\/www.instagram.com\/suno\",\"https:\/\/www.linkedin.com\/company\/suno-research\/\",\"https:\/\/www.youtube.com\/c\/sunoresearch\"]},{\"@type\":\"Person\",\"@id\":\"https:\/\/www.suno.com.br\/noticias\/#\/schema\/person\/5e3d16fbfcfd3307a21fee0ba2e51dce\",\"name\":\"Jorge C. Carrasco\",\"image\":{\"@type\":\"ImageObject\",\"inLanguage\":\"pt-BR\",\"@id\":\"https:\/\/www.suno.com.br\/noticias\/#\/schema\/person\/image\/\",\"url\":\"https:\/\/secure.gravatar.com\/avatar\/eba2cc7d7174b6b346ad398772f904f2?s=96&r=g\",\"contentUrl\":\"https:\/\/secure.gravatar.com\/avatar\/eba2cc7d7174b6b346ad398772f904f2?s=96&r=g\",\"caption\":\"Jorge C. Carrasco\"},\"description\":\"Jornalista e escritor com experi\u00eancia na cobertura de economia, empreendedorismo, mercado financeiro, pol\u00edtica e assuntos internacionais. J\u00e1 colaborou com diversos jornais e revistas do Brasil e do exterior, como Estad\u00e3o, \u00c9poca, Foreign Policy, The Spectator Aus, Washington Examiner e Quillette.\",\"sameAs\":[\"felipe.areia@sunoresearch.com.br\"],\"url\":\"https:\/\/www.suno.com.br\/noticias\/author\/jorge-carrasco\/\"}]}<\/script>\n<!-- \/ Yoast SEO plugin. -->","yoast_head_json":{"title":"Radar: B3 (B3SA3) reajusta JPC e dividendos, IRB (IRBR3) desaba 24% no m\u00eas","description":"A B3 anunciou nesta ter\u00e7a os valores a serem pagos em JPC e dividendos; IRB (IRBR3) desaba 24% no m\u00eas com m\u00ednima hist\u00f3rica. Entenda!","robots":{"index":"index","follow":"follow","max-snippet":"max-snippet:-1","max-image-preview":"max-image-preview:large","max-video-preview":"max-video-preview:-1"},"canonical":"https:\/\/www.suno.com.br\/noticias\/radar-b3-b3sa3-irb-irbr3-petrobras-petr4\/","og_locale":"pt_BR","og_type":"article","og_title":"Radar: B3 (B3SA3) reajusta JPC e dividendos, IRB (IRBR3) desaba 24% no m\u00eas","og_description":"A B3 anunciou nesta ter\u00e7a os valores a serem pagos em JPC e dividendos; IRB (IRBR3) desaba 24% no m\u00eas com m\u00ednima hist\u00f3rica. Entenda!","og_url":"https:\/\/www.suno.com.br\/noticias\/radar-b3-b3sa3-irb-irbr3-petrobras-petr4\/","og_site_name":"Suno Not\u00edcias","article_publisher":"https:\/\/facebook.com\/sunoresearch","og_image":[{"width":1300,"height":867,"url":"https:\/\/files.sunoresearch.com.br\/n\/uploads\/2022\/06\/B3.jpg","type":"image\/jpeg"}],"author":"Jorge C. Carrasco","twitter_card":"summary_large_image","twitter_creator":"@sunoresearch","twitter_site":"@sunoresearch","twitter_misc":{"Escrito por":"Jorge C. Carrasco","Est. tempo de leitura":"10 minutos"},"schema":{"@context":"https:\/\/schema.org","@graph":[{"@type":"NewsArticle","@id":"https:\/\/www.suno.com.br\/noticias\/radar-b3-b3sa3-irb-irbr3-petrobras-petr4\/#article","isPartOf":{"@id":"https:\/\/www.suno.com.br\/noticias\/radar-b3-b3sa3-irb-irbr3-petrobras-petr4\/"},"author":{"name":"Jorge C. Carrasco","@id":"https:\/\/www.suno.com.br\/noticias\/#\/schema\/person\/5e3d16fbfcfd3307a21fee0ba2e51dce"},"headline":"Radar: B3 (B3SA3) reajusta valor de JPC e dividendos, IRB (IRBR3) desaba 24% no m\u00eas, novo CEO da Petrobras (PETR4) assume cargo","datePublished":"2022-06-29T01:22:24+00:00","dateModified":"2022-06-29T22:51:09+00:00","mainEntityOfPage":{"@id":"https:\/\/www.suno.com.br\/noticias\/radar-b3-b3sa3-irb-irbr3-petrobras-petr4\/"},"wordCount":1828,"publisher":{"@id":"https:\/\/www.suno.com.br\/noticias\/#organization"},"image":{"@id":"https:\/\/www.suno.com.br\/noticias\/radar-b3-b3sa3-irb-irbr3-petrobras-petr4\/#primaryimage"},"thumbnailUrl":"https:\/\/files.sunoresearch.com.br\/n\/uploads\/2022\/06\/B3.jpg","keywords":["B3 (B3SA3)","Gol Linhas A\u00e9reas (GOLL11\/GOLL4)","IRB Brasil (IRBR3)","Omega Gera\u00e7\u00e3o (OMGE3)","Petrobras (PETR4)","Unidas (LCAM3)"],"articleSection":["Neg\u00f3cios"],"inLanguage":"pt-BR"},{"@type":"WebPage","@id":"https:\/\/www.suno.com.br\/noticias\/radar-b3-b3sa3-irb-irbr3-petrobras-petr4\/","url":"https:\/\/www.suno.com.br\/noticias\/radar-b3-b3sa3-irb-irbr3-petrobras-petr4\/","name":"Radar: B3 (B3SA3) reajusta JPC e dividendos, IRB (IRBR3) desaba 24% no m\u00eas","isPartOf":{"@id":"https:\/\/www.suno.com.br\/noticias\/#website"},"primaryImageOfPage":{"@id":"https:\/\/www.suno.com.br\/noticias\/radar-b3-b3sa3-irb-irbr3-petrobras-petr4\/#primaryimage"},"image":{"@id":"https:\/\/www.suno.com.br\/noticias\/radar-b3-b3sa3-irb-irbr3-petrobras-petr4\/#primaryimage"},"thumbnailUrl":"https:\/\/files.sunoresearch.com.br\/n\/uploads\/2022\/06\/B3.jpg","datePublished":"2022-06-29T01:22:24+00:00","dateModified":"2022-06-29T22:51:09+00:00","description":"A B3 anunciou nesta ter\u00e7a os valores a serem pagos em JPC e dividendos; IRB (IRBR3) desaba 24% no m\u00eas com m\u00ednima hist\u00f3rica. Entenda!","breadcrumb":{"@id":"https:\/\/www.suno.com.br\/noticias\/radar-b3-b3sa3-irb-irbr3-petrobras-petr4\/#breadcrumb"},"inLanguage":"pt-BR","potentialAction":[{"@type":"ReadAction","target":["https:\/\/www.suno.com.br\/noticias\/radar-b3-b3sa3-irb-irbr3-petrobras-petr4\/"]}]},{"@type":"ImageObject","inLanguage":"pt-BR","@id":"https:\/\/www.suno.com.br\/noticias\/radar-b3-b3sa3-irb-irbr3-petrobras-petr4\/#primaryimage","url":"https:\/\/files.sunoresearch.com.br\/n\/uploads\/2022\/06\/B3.jpg","contentUrl":"https:\/\/files.sunoresearch.com.br\/n\/uploads\/2022\/06\/B3.jpg","width":1300,"height":867,"caption":"B3 (B3SA3). Foto: Divulga\u00e7\u00e3o\/B3"},{"@type":"BreadcrumbList","@id":"https:\/\/www.suno.com.br\/noticias\/radar-b3-b3sa3-irb-irbr3-petrobras-petr4\/#breadcrumb","itemListElement":[{"@type":"ListItem","position":1,"name":"Not\u00edcias","item":"https:\/\/www.suno.com.br\/noticias\/"},{"@type":"ListItem","position":2,"name":"Neg\u00f3cios","item":"https:\/\/www.suno.com.br\/noticias\/negocios\/"},{"@type":"ListItem","position":3,"name":"Radar: B3 (B3SA3) reajusta valor de JPC e dividendos, IRB (IRBR3) desaba 24% no m\u00eas, novo CEO da Petrobras (PETR4) assume cargo"}]},{"@type":"WebSite","@id":"https:\/\/www.suno.com.br\/noticias\/#website","url":"https:\/\/www.suno.com.br\/noticias\/","name":"Suno Not\u00edcias","description":"Seu portal de informa\u00e7\u00e3o sobre o mundo dos investimentos","publisher":{"@id":"https:\/\/www.suno.com.br\/noticias\/#organization"},"potentialAction":[{"@type":"SearchAction","target":{"@type":"EntryPoint","urlTemplate":"https:\/\/www.suno.com.br\/noticias\/?s={search_term_string}"},"query-input":{"@type":"PropertyValueSpecification","valueRequired":true,"valueName":"search_term_string"}}],"inLanguage":"pt-BR"},{"@type":"Organization","@id":"https:\/\/www.suno.com.br\/noticias\/#organization","name":"Suno Not\u00edcias","url":"https:\/\/www.suno.com.br\/noticias\/","logo":{"@type":"ImageObject","inLanguage":"pt-BR","@id":"https:\/\/www.suno.com.br\/noticias\/#\/schema\/logo\/image\/","url":"https:\/\/files.sunoresearch.com.br\/n\/uploads\/2021\/09\/suno-logo.png","contentUrl":"https:\/\/files.sunoresearch.com.br\/n\/uploads\/2021\/09\/suno-logo.png","width":180,"height":180,"caption":"Suno Not\u00edcias"},"image":{"@id":"https:\/\/www.suno.com.br\/noticias\/#\/schema\/logo\/image\/"},"sameAs":["https:\/\/facebook.com\/sunoresearch","https:\/\/x.com\/sunoresearch","https:\/\/www.instagram.com\/suno","https:\/\/www.linkedin.com\/company\/suno-research\/","https:\/\/www.youtube.com\/c\/sunoresearch"]},{"@type":"Person","@id":"https:\/\/www.suno.com.br\/noticias\/#\/schema\/person\/5e3d16fbfcfd3307a21fee0ba2e51dce","name":"Jorge C. Carrasco","image":{"@type":"ImageObject","inLanguage":"pt-BR","@id":"https:\/\/www.suno.com.br\/noticias\/#\/schema\/person\/image\/","url":"https:\/\/secure.gravatar.com\/avatar\/eba2cc7d7174b6b346ad398772f904f2?s=96&r=g","contentUrl":"https:\/\/secure.gravatar.com\/avatar\/eba2cc7d7174b6b346ad398772f904f2?s=96&r=g","caption":"Jorge C. Carrasco"},"description":"Jornalista e escritor com experi\u00eancia na cobertura de economia, empreendedorismo, mercado financeiro, pol\u00edtica e assuntos internacionais. J\u00e1 colaborou com diversos jornais e revistas do Brasil e do exterior, como Estad\u00e3o, \u00c9poca, Foreign Policy, The Spectator Aus, Washington Examiner e Quillette.","sameAs":["felipe.areia@sunoresearch.com.br"],"url":"https:\/\/www.suno.com.br\/noticias\/author\/jorge-carrasco\/"}]}},"default_loop_html":"<div class=\"cardsPage__listCard__boxs\"><div class=\"cardsPage__listCard__boxs__img\"><a href=\"https:\/\/www.suno.com.br\/noticias\/radar-b3-b3sa3-irb-irbr3-petrobras-petr4\/\"><img class=\"mask\" src=\"https:\/\/www.suno.com.br\/noticias\/wp-content\/themes\/suno\/resources\/images\/spotlight\/spotlight1img\/bg-mask.png\" alt=\"Image Mask\"\/><img src=\"https:\/\/files.sunoresearch.com.br\/n\/uploads\/2022\/06\/B3-400x200.jpg\" alt=\"Radar: B3 (B3SA3) reajusta valor de JPC e dividendos, IRB (IRBR3) desaba 24% no m\u00eas, novo CEO da Petrobras (PETR4) assume cargo\"\/><\/a><span class=\"spotlightCategory\"><a href=\"https:\/\/www.suno.com.br\/noticias\/negocios\/\">Neg\u00f3cios<\/a><\/span><\/div><div class=\"cardsPage__listCard__boxs__content\"><a href=\"https:\/\/www.suno.com.br\/noticias\/radar-b3-b3sa3-irb-irbr3-petrobras-petr4\/\"><h2 class=\"content__title\">Radar: B3 (B3SA3) reajusta valor de JPC e dividendos, IRB (IRBR3) desaba 24% no m\u00eas, novo CEO da Petrobras (PETR4) assume cargo<\/h2><\/a><div class=\"newsContent__article__meta\"><div class=\"newsContent__article__meta__authorBox\"><a href=\"https:\/\/www.suno.com.br\/noticias\/author\/jorge-carrasco\/\" class=\"authorBox__avatar noMobi\"><img src=\"https:\/\/secure.gravatar.com\/avatar\/eba2cc7d7174b6b346ad398772f904f2?s=96&#038;r=g\" alt=\"Jorge C. Carrasco\"><\/a><div class=\"authorBox__name\"><span>por\n\t\t\t<a href=\"https:\/\/www.suno.com.br\/noticias\/author\/jorge-carrasco\/\"><span itemprop=\"author\">Jorge C. Carrasco<\/span><\/a><\/span><time datetime=\"2022-06-28T22:22:24-03:00\" itemprop=\"datePublished\">28\/06\/2022 22:22<\/time><\/div><\/div><\/div><\/div><\/div>","single_layout":"posts","amp_enabled":true,"_links":{"self":[{"href":"https:\/\/www.suno.com.br\/noticias\/wp-json\/wp\/v2\/posts\/271755"}],"collection":[{"href":"https:\/\/www.suno.com.br\/noticias\/wp-json\/wp\/v2\/posts"}],"about":[{"href":"https:\/\/www.suno.com.br\/noticias\/wp-json\/wp\/v2\/types\/post"}],"author":[{"embeddable":true,"href":"https:\/\/www.suno.com.br\/noticias\/wp-json\/wp\/v2\/users\/174"}],"replies":[{"embeddable":true,"href":"https:\/\/www.suno.com.br\/noticias\/wp-json\/wp\/v2\/comments?post=271755"}],"version-history":[{"count":4,"href":"https:\/\/www.suno.com.br\/noticias\/wp-json\/wp\/v2\/posts\/271755\/revisions"}],"predecessor-version":[{"id":272164,"href":"https:\/\/www.suno.com.br\/noticias\/wp-json\/wp\/v2\/posts\/271755\/revisions\/272164"}],"wp:featuredmedia":[{"embeddable":true,"href":"https:\/\/www.suno.com.br\/noticias\/wp-json\/wp\/v2\/media\/264536"}],"wp:attachment":[{"href":"https:\/\/www.suno.com.br\/noticias\/wp-json\/wp\/v2\/media?parent=271755"}],"wp:term":[{"taxonomy":"category","embeddable":true,"href":"https:\/\/www.suno.com.br\/noticias\/wp-json\/wp\/v2\/categories?post=271755"},{"taxonomy":"post_tag","embeddable":true,"href":"https:\/\/www.suno.com.br\/noticias\/wp-json\/wp\/v2\/tags?post=271755"},{"taxonomy":"suno_strategy","embeddable":true,"href":"https:\/\/www.suno.com.br\/noticias\/wp-json\/wp\/v2\/suno_strategy?post=271755"}],"curies":[{"name":"wp","href":"https:\/\/api.w.org\/{rel}","templated":true}]}}