{"id":271488,"date":"2022-06-28T11:49:08","date_gmt":"2022-06-28T14:49:08","guid":{"rendered":"https:\/\/www.suno.com.br\/noticias\/?p=271488"},"modified":"2022-06-28T14:42:38","modified_gmt":"2022-06-28T17:42:38","slug":"plano-safra-2022-23-quarta-feira-entenda","status":"publish","type":"post","link":"https:\/\/www.suno.com.br\/noticias\/plano-safra-2022-23-quarta-feira-entenda\/","title":{"rendered":"Plano Safra 2022\/23 deve ser lan\u00e7ado nesta quarta-feira; entenda o seu impacto"},"content":{"rendered":"<p>Nesta quarta-feira (29) dever\u00e1 ser lan\u00e7ado o <strong><a class=\"suno-keyword\" href=\"https:\/\/www.suno.com.br\/artigos\/plano-safra\/\" target=\"_blank\" rel=\"noopener\" data-force=\"no\" data-priority=\"1\">Plano Safra<\/a> 2022\/23<\/strong> \u2014 o principal instrumento estatal para o financiamento da agricultura nacional. A informa\u00e7\u00e3o foi destacada pelo Minist\u00e9rio da Agricultura na segunda-feira.<\/p>\t<div class=\"wrapper-featured-image\">\n\t\t<figure class=\"spotlightImg\">\n\n\t\t\t<picture>\n\t\t\t\t<source media=\"(max-width: 768px)\" srcset=\"https:\/\/files.sunoresearch.com.br\/n\/uploads\/2022\/06\/Vale-a-pena-investir-no-agronegocio-em-2022.-Veja-o-que-dizem-os-especialistas-1-400x200.jpg\">\n\t\t\t\t<img loading=\"lazy\" decoding=\"async\" class=\"newsContent__article__imgCapa lazyloadDisabled \" src=\"https:\/\/files.sunoresearch.com.br\/n\/uploads\/2022\/06\/Vale-a-pena-investir-no-agronegocio-em-2022.-Veja-o-que-dizem-os-especialistas-1-800x450.jpg\" width=\"800\" height=\"450\" alt=\"Plano Safra 2022\/23 deve ser lan\u00e7ado nesta quarta-feira; entenda o seu impacto\" fetchpriority=high \/>\n\t\t\t<\/picture>\n\n\t\t\t<figcaption class=\"wp-caption-text wp-caption-text--show\">Agroneg\u00f3cio. Foto: Unsplash.<\/figcaption>\n\t\t<\/figure>\n\t<\/div>\n\n\n\t<p>\n\t\t<a href=\"\" target=\"_blank\" data-element=\"shortcode-suno-banner\" title=\"Banner SUNO, clique e saiba mais\">\n\t\t\t<picture>\n\t\t\t\t<source media=\"(max-width: 500px)\" srcset=\"\">\n\t\t\t\t<img class=\"newsContent__article__imgCapa newsContent__article__imgCapa--banner\"\n\t\t\t\t\tsrc=\"\"\n\t\t\t\t\tdata-promo-id=\"271378\"\t\t\t\t\t\t\t\t\t\t\t\t\t\t\talt=\"\"\n\t\t\t\t>\n\t\t\t<\/picture>\n\t\t<\/a>\n\t<\/p>\n\n\n<p>Em maio, o ministro da Agricultura, Marcos Montes, havia afirmado em audi\u00eancia p\u00fablica que o Governo Federal estava trabalhando em um plano robusto que proporcionasse os recursos necess\u00e1rios para apoiar a produ\u00e7\u00e3o agropecu\u00e1ria do pa\u00eds a partir do segundo semestre deste ano.<\/p>\n<p>De acordo com ele, a ideia seria criar <strong>instrumentos de financiamento privado<\/strong> para alavancar o trabalho dos grandes produtores e, paralelamente, ofertar condi\u00e7\u00f5es de cr\u00e9dito mais favor\u00e1veis para que pequenos e m\u00e9dios produtores pudessem desenvolver a agricultura familiar, atrav\u00e9s do Programa Nacional de Fortalecimento da Agricultura Familiar (Pronaf) e Programa Nacional de Apoio ao M\u00e9dio Produtor Rural (Pronamp).<\/p>\n<p>\u201cEsse Plano Safra 2022\/23 n\u00e3o \u00e9 s\u00f3 nosso, mas mundial, por isso precisamos de um <strong>plano mais robusto<\/strong> para o Brasil poder exercer suas fun\u00e7\u00f5es mais fortemente ainda. O Brasil j\u00e1 \u00e9 um grande produtor e ter\u00e1 que produzir mais,\u201d ponderou Montes. \u201cTemos a responsabilidade de <strong>alimentar o mundo<\/strong>\u201d, disse ao participar de audi\u00eancia na Comiss\u00e3o de Agricultura, Pecu\u00e1ria, Abastecimento e Desenvolvimento Rural da C\u00e2mara dos Deputados,\u201d disse ele.<\/p>\n\t<p>\n\t\t<a href=\"\" target=\"_blank\" data-element=\"shortcode-suno-banner\" title=\"Banner SUNO, clique e saiba mais\">\n\t\t\t<picture>\n\t\t\t\t<source media=\"(max-width: 500px)\" srcset=\"\">\n\t\t\t\t<img class=\"newsContent__article__imgCapa newsContent__article__imgCapa--banner\"\n\t\t\t\t\tsrc=\"\"\n\t\t\t\t\tdata-promo-id=\"77050\"\t\t\t\t\t\t\t\t\t\t\t\t\t\t\talt=\"\"\n\t\t\t\t>\n\t\t\t<\/picture>\n\t\t<\/a>\n\t<\/p>\n\n\n<p>Tamb\u00e9m no m\u00eas anterior, o ministro afirmou \u00e0 ag\u00eancia de not\u00edcias Reuters que buscaria cerca de <strong>R$ 300 bilh\u00f5es em cr\u00e9dito<\/strong> para o Plano Safra 2022\/23. O valor superaria em R$ 50 bilh\u00f5es o montante do programa anterior.<\/p>\n<p>Para o seguro rural, por outro lado, a expectativa do minist\u00e9rio para or\u00e7amento seria de ao menos R$ 2 bilh\u00f5es em 2023 \u2014 valor que seria disponibilizado para os pequenos produtores por meio do Programa de Subven\u00e7\u00e3o ao Pr\u00eamio do Seguro Rural (PSR).<\/p>\n<p>O setor mant\u00e9m uma expectativa alta em rela\u00e7\u00e3o ao <strong>aumento dos recursos<\/strong> do Plano Safra, em um cen\u00e1rio complexo e inseguro para os produtores, que enfrentam uma infla\u00e7\u00e3o elevada e aperto monet\u00e1rio agressivo com juros mais altos. Se voc\u00ea quiser entender tudo o que \u00e9 necess\u00e1rio para come\u00e7ar a investir no agroneg\u00f3cio brasileiro, nos acompanhe e descubra mais na <strong>Semana do Fiagro<\/strong> do Suno Not\u00edcias, realizada com o apoio da XP Asset e da Ecoagro. Voc\u00ea pode conferir <a href=\"https:\/\/www.suno.com.br\/noticias\/tags\/fiagro\/?utm_campaign=Suno%2BCall%2BGeral&amp;utm_medium=email&amp;utm_content=2&amp;utm_source=hs_email\">tudo neste link<\/a>.<\/p>\n\t<p>\n\t\t<a href=\"https:\/\/lp.suno.com.br\/planilha-controle-gastos\/\" target=\"_blank\" data-element=\"shortcode-suno-banner\" title=\"Banner SUNO, clique e saiba mais\">\n\t\t\t<picture>\n\t\t\t\t<source media=\"(max-width: 500px)\" srcset=\"https:\/\/files.sunoresearch.com.br\/n\/uploads\/2023\/03\/400x300-Planilha-controle-de-gastos.png\">\n\t\t\t\t<img class=\"newsContent__article__imgCapa newsContent__article__imgCapa--banner\"\n\t\t\t\t\tsrc=\"https:\/\/files.sunoresearch.com.br\/n\/uploads\/2023\/03\/1420x240-Planilha-controle-de-gastos.png\"\n\t\t\t\t\tdata-promo-id=\"101751\"\t\t\t\t\t\t\t\t\t\twidth='1420' height='240'\t\t\t\t\talt=\"https:\/\/files.sunoresearch.com.br\/n\/uploads\/2023\/03\/1420x240-Planilha-controle-de-gastos.png\"\n\t\t\t\t>\n\t\t\t<\/picture>\n\t\t<\/a>\n\t<\/p>\n\n\n","protected":false},"excerpt":{"rendered":"<p>Nesta quarta-feira (29) dever\u00e1 ser lan\u00e7ado o Plano Safra 2022\/23 \u2014 o principal instrumento estatal para o financiamento da agricultura nacional. A informa\u00e7\u00e3o foi destacada pelo Minist\u00e9rio da Agricultura na segunda-feira. Agroneg\u00f3cio. Foto: Unsplash. Em maio, o ministro da Agricultura, Marcos Montes, havia afirmado em audi\u00eancia p\u00fablica que o Governo Federal estava trabalhando em um [&hellip;]<\/p>\n","protected":false},"author":174,"featured_media":270715,"comment_status":"closed","ping_status":"closed","sticky":false,"template":"","format":"standard","meta":[],"categories":[66],"tags":[],"suno_strategy":[],"class_list":["post-271488","post","type-post","status-publish","format-standard","has-post-thumbnail","hentry","category-fiis"],"yoast_head":"<!-- This site is optimized with the Yoast SEO plugin v24.4 - https:\/\/yoast.com\/wordpress\/plugins\/seo\/ -->\n<title>Plano Safra 2022\/23 deve ser lan\u00e7ado nesta quarta-feira; entenda o seu impacto<\/title>\n<meta name=\"description\" content=\"Nesta quarta-feira (29) dever\u00e1 ser lan\u00e7ado o Plano Safra 2022\/23, principal instrumento estatal para o financiamento da agricultura nacional.\" \/>\n<meta name=\"robots\" content=\"index, follow, max-snippet:-1, max-image-preview:large, max-video-preview:-1\" \/>\n<link rel=\"canonical\" href=\"https:\/\/www.suno.com.br\/noticias\/plano-safra-2022-23-quarta-feira-entenda\/\" \/>\n<meta property=\"og:locale\" content=\"pt_BR\" \/>\n<meta property=\"og:type\" content=\"article\" \/>\n<meta property=\"og:title\" content=\"Plano Safra 2022\/23 deve ser lan\u00e7ado nesta quarta-feira; entenda o seu impacto\" \/>\n<meta property=\"og:description\" content=\"Nesta quarta-feira (29) dever\u00e1 ser lan\u00e7ado o Plano Safra 2022\/23, principal instrumento estatal para o financiamento da agricultura nacional.\" \/>\n<meta property=\"og:url\" content=\"https:\/\/www.suno.com.br\/noticias\/plano-safra-2022-23-quarta-feira-entenda\/\" \/>\n<meta property=\"og:site_name\" content=\"Suno Not\u00edcias\" \/>\n<meta property=\"article:publisher\" content=\"https:\/\/facebook.com\/sunoresearch\" \/>\n<meta property=\"og:image\" content=\"https:\/\/files.sunoresearch.com.br\/n\/uploads\/2022\/06\/Vale-a-pena-investir-no-agronegocio-em-2022.-Veja-o-que-dizem-os-especialistas-1.jpg\" \/>\n\t<meta property=\"og:image:width\" content=\"1200\" \/>\n\t<meta property=\"og:image:height\" content=\"800\" \/>\n\t<meta property=\"og:image:type\" content=\"image\/jpeg\" \/>\n<meta name=\"author\" content=\"Jorge C. Carrasco\" \/>\n<meta name=\"twitter:card\" content=\"summary_large_image\" \/>\n<meta name=\"twitter:creator\" content=\"@sunoresearch\" \/>\n<meta name=\"twitter:site\" content=\"@sunoresearch\" \/>\n<meta name=\"twitter:label1\" content=\"Escrito por\" \/>\n\t<meta name=\"twitter:data1\" content=\"Jorge C. Carrasco\" \/>\n\t<meta name=\"twitter:label2\" content=\"Est. tempo de leitura\" \/>\n\t<meta name=\"twitter:data2\" content=\"3 minutos\" \/>\n<script type=\"application\/ld+json\" class=\"yoast-schema-graph\">{\"@context\":\"https:\/\/schema.org\",\"@graph\":[{\"@type\":\"NewsArticle\",\"@id\":\"https:\/\/www.suno.com.br\/noticias\/plano-safra-2022-23-quarta-feira-entenda\/#article\",\"isPartOf\":{\"@id\":\"https:\/\/www.suno.com.br\/noticias\/plano-safra-2022-23-quarta-feira-entenda\/\"},\"author\":{\"name\":\"Jorge C. Carrasco\",\"@id\":\"https:\/\/www.suno.com.br\/noticias\/#\/schema\/person\/5e3d16fbfcfd3307a21fee0ba2e51dce\"},\"headline\":\"Plano Safra 2022\/23 deve ser lan\u00e7ado nesta quarta-feira; entenda o seu impacto\",\"datePublished\":\"2022-06-28T14:49:08+00:00\",\"dateModified\":\"2022-06-28T17:42:38+00:00\",\"mainEntityOfPage\":{\"@id\":\"https:\/\/www.suno.com.br\/noticias\/plano-safra-2022-23-quarta-feira-entenda\/\"},\"wordCount\":411,\"publisher\":{\"@id\":\"https:\/\/www.suno.com.br\/noticias\/#organization\"},\"image\":{\"@id\":\"https:\/\/www.suno.com.br\/noticias\/plano-safra-2022-23-quarta-feira-entenda\/#primaryimage\"},\"thumbnailUrl\":\"https:\/\/files.sunoresearch.com.br\/n\/uploads\/2022\/06\/Vale-a-pena-investir-no-agronegocio-em-2022.-Veja-o-que-dizem-os-especialistas-1.jpg\",\"articleSection\":[\"FIIs\"],\"inLanguage\":\"pt-BR\"},{\"@type\":\"WebPage\",\"@id\":\"https:\/\/www.suno.com.br\/noticias\/plano-safra-2022-23-quarta-feira-entenda\/\",\"url\":\"https:\/\/www.suno.com.br\/noticias\/plano-safra-2022-23-quarta-feira-entenda\/\",\"name\":\"Plano Safra 2022\/23 deve ser lan\u00e7ado nesta quarta-feira; entenda o seu impacto\",\"isPartOf\":{\"@id\":\"https:\/\/www.suno.com.br\/noticias\/#website\"},\"primaryImageOfPage\":{\"@id\":\"https:\/\/www.suno.com.br\/noticias\/plano-safra-2022-23-quarta-feira-entenda\/#primaryimage\"},\"image\":{\"@id\":\"https:\/\/www.suno.com.br\/noticias\/plano-safra-2022-23-quarta-feira-entenda\/#primaryimage\"},\"thumbnailUrl\":\"https:\/\/files.sunoresearch.com.br\/n\/uploads\/2022\/06\/Vale-a-pena-investir-no-agronegocio-em-2022.-Veja-o-que-dizem-os-especialistas-1.jpg\",\"datePublished\":\"2022-06-28T14:49:08+00:00\",\"dateModified\":\"2022-06-28T17:42:38+00:00\",\"description\":\"Nesta quarta-feira (29) dever\u00e1 ser lan\u00e7ado o Plano Safra 2022\/23, principal instrumento estatal para o financiamento da agricultura nacional.\",\"breadcrumb\":{\"@id\":\"https:\/\/www.suno.com.br\/noticias\/plano-safra-2022-23-quarta-feira-entenda\/#breadcrumb\"},\"inLanguage\":\"pt-BR\",\"potentialAction\":[{\"@type\":\"ReadAction\",\"target\":[\"https:\/\/www.suno.com.br\/noticias\/plano-safra-2022-23-quarta-feira-entenda\/\"]}]},{\"@type\":\"ImageObject\",\"inLanguage\":\"pt-BR\",\"@id\":\"https:\/\/www.suno.com.br\/noticias\/plano-safra-2022-23-quarta-feira-entenda\/#primaryimage\",\"url\":\"https:\/\/files.sunoresearch.com.br\/n\/uploads\/2022\/06\/Vale-a-pena-investir-no-agronegocio-em-2022.-Veja-o-que-dizem-os-especialistas-1.jpg\",\"contentUrl\":\"https:\/\/files.sunoresearch.com.br\/n\/uploads\/2022\/06\/Vale-a-pena-investir-no-agronegocio-em-2022.-Veja-o-que-dizem-os-especialistas-1.jpg\",\"width\":1200,\"height\":800,\"caption\":\"Agroneg\u00f3cio. Foto: Unsplash.\"},{\"@type\":\"BreadcrumbList\",\"@id\":\"https:\/\/www.suno.com.br\/noticias\/plano-safra-2022-23-quarta-feira-entenda\/#breadcrumb\",\"itemListElement\":[{\"@type\":\"ListItem\",\"position\":1,\"name\":\"Not\u00edcias\",\"item\":\"https:\/\/www.suno.com.br\/noticias\/\"},{\"@type\":\"ListItem\",\"position\":2,\"name\":\"FIIs\",\"item\":\"https:\/\/www.suno.com.br\/noticias\/fiis\/\"},{\"@type\":\"ListItem\",\"position\":3,\"name\":\"Plano Safra 2022\/23 deve ser lan\u00e7ado nesta quarta-feira; entenda o seu impacto\"}]},{\"@type\":\"WebSite\",\"@id\":\"https:\/\/www.suno.com.br\/noticias\/#website\",\"url\":\"https:\/\/www.suno.com.br\/noticias\/\",\"name\":\"Suno Not\u00edcias\",\"description\":\"Seu portal de informa\u00e7\u00e3o sobre o mundo dos investimentos\",\"publisher\":{\"@id\":\"https:\/\/www.suno.com.br\/noticias\/#organization\"},\"potentialAction\":[{\"@type\":\"SearchAction\",\"target\":{\"@type\":\"EntryPoint\",\"urlTemplate\":\"https:\/\/www.suno.com.br\/noticias\/?s={search_term_string}\"},\"query-input\":{\"@type\":\"PropertyValueSpecification\",\"valueRequired\":true,\"valueName\":\"search_term_string\"}}],\"inLanguage\":\"pt-BR\"},{\"@type\":\"Organization\",\"@id\":\"https:\/\/www.suno.com.br\/noticias\/#organization\",\"name\":\"Suno Not\u00edcias\",\"url\":\"https:\/\/www.suno.com.br\/noticias\/\",\"logo\":{\"@type\":\"ImageObject\",\"inLanguage\":\"pt-BR\",\"@id\":\"https:\/\/www.suno.com.br\/noticias\/#\/schema\/logo\/image\/\",\"url\":\"https:\/\/files.sunoresearch.com.br\/n\/uploads\/2021\/09\/suno-logo.png\",\"contentUrl\":\"https:\/\/files.sunoresearch.com.br\/n\/uploads\/2021\/09\/suno-logo.png\",\"width\":180,\"height\":180,\"caption\":\"Suno Not\u00edcias\"},\"image\":{\"@id\":\"https:\/\/www.suno.com.br\/noticias\/#\/schema\/logo\/image\/\"},\"sameAs\":[\"https:\/\/facebook.com\/sunoresearch\",\"https:\/\/x.com\/sunoresearch\",\"https:\/\/www.instagram.com\/suno\",\"https:\/\/www.linkedin.com\/company\/suno-research\/\",\"https:\/\/www.youtube.com\/c\/sunoresearch\"]},{\"@type\":\"Person\",\"@id\":\"https:\/\/www.suno.com.br\/noticias\/#\/schema\/person\/5e3d16fbfcfd3307a21fee0ba2e51dce\",\"name\":\"Jorge C. Carrasco\",\"image\":{\"@type\":\"ImageObject\",\"inLanguage\":\"pt-BR\",\"@id\":\"https:\/\/www.suno.com.br\/noticias\/#\/schema\/person\/image\/\",\"url\":\"https:\/\/secure.gravatar.com\/avatar\/eba2cc7d7174b6b346ad398772f904f2?s=96&r=g\",\"contentUrl\":\"https:\/\/secure.gravatar.com\/avatar\/eba2cc7d7174b6b346ad398772f904f2?s=96&r=g\",\"caption\":\"Jorge C. Carrasco\"},\"description\":\"Jornalista e escritor com experi\u00eancia na cobertura de economia, empreendedorismo, mercado financeiro, pol\u00edtica e assuntos internacionais. J\u00e1 colaborou com diversos jornais e revistas do Brasil e do exterior, como Estad\u00e3o, \u00c9poca, Foreign Policy, The Spectator Aus, Washington Examiner e Quillette.\",\"sameAs\":[\"felipe.areia@sunoresearch.com.br\"],\"url\":\"https:\/\/www.suno.com.br\/noticias\/author\/jorge-carrasco\/\"}]}<\/script>\n<!-- \/ Yoast SEO plugin. -->","yoast_head_json":{"title":"Plano Safra 2022\/23 deve ser lan\u00e7ado nesta quarta-feira; entenda o seu impacto","description":"Nesta quarta-feira (29) dever\u00e1 ser lan\u00e7ado o Plano Safra 2022\/23, principal instrumento estatal para o financiamento da agricultura nacional.","robots":{"index":"index","follow":"follow","max-snippet":"max-snippet:-1","max-image-preview":"max-image-preview:large","max-video-preview":"max-video-preview:-1"},"canonical":"https:\/\/www.suno.com.br\/noticias\/plano-safra-2022-23-quarta-feira-entenda\/","og_locale":"pt_BR","og_type":"article","og_title":"Plano Safra 2022\/23 deve ser lan\u00e7ado nesta quarta-feira; entenda o seu impacto","og_description":"Nesta quarta-feira (29) dever\u00e1 ser lan\u00e7ado o Plano Safra 2022\/23, principal instrumento estatal para o financiamento da agricultura nacional.","og_url":"https:\/\/www.suno.com.br\/noticias\/plano-safra-2022-23-quarta-feira-entenda\/","og_site_name":"Suno Not\u00edcias","article_publisher":"https:\/\/facebook.com\/sunoresearch","og_image":[{"width":1200,"height":800,"url":"https:\/\/files.sunoresearch.com.br\/n\/uploads\/2022\/06\/Vale-a-pena-investir-no-agronegocio-em-2022.-Veja-o-que-dizem-os-especialistas-1.jpg","type":"image\/jpeg"}],"author":"Jorge C. Carrasco","twitter_card":"summary_large_image","twitter_creator":"@sunoresearch","twitter_site":"@sunoresearch","twitter_misc":{"Escrito por":"Jorge C. Carrasco","Est. tempo de leitura":"3 minutos"},"schema":{"@context":"https:\/\/schema.org","@graph":[{"@type":"NewsArticle","@id":"https:\/\/www.suno.com.br\/noticias\/plano-safra-2022-23-quarta-feira-entenda\/#article","isPartOf":{"@id":"https:\/\/www.suno.com.br\/noticias\/plano-safra-2022-23-quarta-feira-entenda\/"},"author":{"name":"Jorge C. Carrasco","@id":"https:\/\/www.suno.com.br\/noticias\/#\/schema\/person\/5e3d16fbfcfd3307a21fee0ba2e51dce"},"headline":"Plano Safra 2022\/23 deve ser lan\u00e7ado nesta quarta-feira; entenda o seu impacto","datePublished":"2022-06-28T14:49:08+00:00","dateModified":"2022-06-28T17:42:38+00:00","mainEntityOfPage":{"@id":"https:\/\/www.suno.com.br\/noticias\/plano-safra-2022-23-quarta-feira-entenda\/"},"wordCount":411,"publisher":{"@id":"https:\/\/www.suno.com.br\/noticias\/#organization"},"image":{"@id":"https:\/\/www.suno.com.br\/noticias\/plano-safra-2022-23-quarta-feira-entenda\/#primaryimage"},"thumbnailUrl":"https:\/\/files.sunoresearch.com.br\/n\/uploads\/2022\/06\/Vale-a-pena-investir-no-agronegocio-em-2022.-Veja-o-que-dizem-os-especialistas-1.jpg","articleSection":["FIIs"],"inLanguage":"pt-BR"},{"@type":"WebPage","@id":"https:\/\/www.suno.com.br\/noticias\/plano-safra-2022-23-quarta-feira-entenda\/","url":"https:\/\/www.suno.com.br\/noticias\/plano-safra-2022-23-quarta-feira-entenda\/","name":"Plano Safra 2022\/23 deve ser lan\u00e7ado nesta quarta-feira; entenda o seu impacto","isPartOf":{"@id":"https:\/\/www.suno.com.br\/noticias\/#website"},"primaryImageOfPage":{"@id":"https:\/\/www.suno.com.br\/noticias\/plano-safra-2022-23-quarta-feira-entenda\/#primaryimage"},"image":{"@id":"https:\/\/www.suno.com.br\/noticias\/plano-safra-2022-23-quarta-feira-entenda\/#primaryimage"},"thumbnailUrl":"https:\/\/files.sunoresearch.com.br\/n\/uploads\/2022\/06\/Vale-a-pena-investir-no-agronegocio-em-2022.-Veja-o-que-dizem-os-especialistas-1.jpg","datePublished":"2022-06-28T14:49:08+00:00","dateModified":"2022-06-28T17:42:38+00:00","description":"Nesta quarta-feira (29) dever\u00e1 ser lan\u00e7ado o Plano Safra 2022\/23, principal instrumento estatal para o financiamento da agricultura nacional.","breadcrumb":{"@id":"https:\/\/www.suno.com.br\/noticias\/plano-safra-2022-23-quarta-feira-entenda\/#breadcrumb"},"inLanguage":"pt-BR","potentialAction":[{"@type":"ReadAction","target":["https:\/\/www.suno.com.br\/noticias\/plano-safra-2022-23-quarta-feira-entenda\/"]}]},{"@type":"ImageObject","inLanguage":"pt-BR","@id":"https:\/\/www.suno.com.br\/noticias\/plano-safra-2022-23-quarta-feira-entenda\/#primaryimage","url":"https:\/\/files.sunoresearch.com.br\/n\/uploads\/2022\/06\/Vale-a-pena-investir-no-agronegocio-em-2022.-Veja-o-que-dizem-os-especialistas-1.jpg","contentUrl":"https:\/\/files.sunoresearch.com.br\/n\/uploads\/2022\/06\/Vale-a-pena-investir-no-agronegocio-em-2022.-Veja-o-que-dizem-os-especialistas-1.jpg","width":1200,"height":800,"caption":"Agroneg\u00f3cio. Foto: Unsplash."},{"@type":"BreadcrumbList","@id":"https:\/\/www.suno.com.br\/noticias\/plano-safra-2022-23-quarta-feira-entenda\/#breadcrumb","itemListElement":[{"@type":"ListItem","position":1,"name":"Not\u00edcias","item":"https:\/\/www.suno.com.br\/noticias\/"},{"@type":"ListItem","position":2,"name":"FIIs","item":"https:\/\/www.suno.com.br\/noticias\/fiis\/"},{"@type":"ListItem","position":3,"name":"Plano Safra 2022\/23 deve ser lan\u00e7ado nesta quarta-feira; entenda o seu impacto"}]},{"@type":"WebSite","@id":"https:\/\/www.suno.com.br\/noticias\/#website","url":"https:\/\/www.suno.com.br\/noticias\/","name":"Suno Not\u00edcias","description":"Seu portal de informa\u00e7\u00e3o sobre o mundo dos investimentos","publisher":{"@id":"https:\/\/www.suno.com.br\/noticias\/#organization"},"potentialAction":[{"@type":"SearchAction","target":{"@type":"EntryPoint","urlTemplate":"https:\/\/www.suno.com.br\/noticias\/?s={search_term_string}"},"query-input":{"@type":"PropertyValueSpecification","valueRequired":true,"valueName":"search_term_string"}}],"inLanguage":"pt-BR"},{"@type":"Organization","@id":"https:\/\/www.suno.com.br\/noticias\/#organization","name":"Suno Not\u00edcias","url":"https:\/\/www.suno.com.br\/noticias\/","logo":{"@type":"ImageObject","inLanguage":"pt-BR","@id":"https:\/\/www.suno.com.br\/noticias\/#\/schema\/logo\/image\/","url":"https:\/\/files.sunoresearch.com.br\/n\/uploads\/2021\/09\/suno-logo.png","contentUrl":"https:\/\/files.sunoresearch.com.br\/n\/uploads\/2021\/09\/suno-logo.png","width":180,"height":180,"caption":"Suno Not\u00edcias"},"image":{"@id":"https:\/\/www.suno.com.br\/noticias\/#\/schema\/logo\/image\/"},"sameAs":["https:\/\/facebook.com\/sunoresearch","https:\/\/x.com\/sunoresearch","https:\/\/www.instagram.com\/suno","https:\/\/www.linkedin.com\/company\/suno-research\/","https:\/\/www.youtube.com\/c\/sunoresearch"]},{"@type":"Person","@id":"https:\/\/www.suno.com.br\/noticias\/#\/schema\/person\/5e3d16fbfcfd3307a21fee0ba2e51dce","name":"Jorge C. Carrasco","image":{"@type":"ImageObject","inLanguage":"pt-BR","@id":"https:\/\/www.suno.com.br\/noticias\/#\/schema\/person\/image\/","url":"https:\/\/secure.gravatar.com\/avatar\/eba2cc7d7174b6b346ad398772f904f2?s=96&r=g","contentUrl":"https:\/\/secure.gravatar.com\/avatar\/eba2cc7d7174b6b346ad398772f904f2?s=96&r=g","caption":"Jorge C. Carrasco"},"description":"Jornalista e escritor com experi\u00eancia na cobertura de economia, empreendedorismo, mercado financeiro, pol\u00edtica e assuntos internacionais. J\u00e1 colaborou com diversos jornais e revistas do Brasil e do exterior, como Estad\u00e3o, \u00c9poca, Foreign Policy, The Spectator Aus, Washington Examiner e Quillette.","sameAs":["felipe.areia@sunoresearch.com.br"],"url":"https:\/\/www.suno.com.br\/noticias\/author\/jorge-carrasco\/"}]}},"default_loop_html":"<div class=\"cardsPage__listCard__boxs\"><div class=\"cardsPage__listCard__boxs__img\"><a href=\"https:\/\/www.suno.com.br\/noticias\/plano-safra-2022-23-quarta-feira-entenda\/\"><img class=\"mask\" src=\"https:\/\/www.suno.com.br\/noticias\/wp-content\/themes\/suno\/resources\/images\/spotlight\/spotlight1img\/bg-mask.png\" alt=\"Image Mask\"\/><img src=\"https:\/\/files.sunoresearch.com.br\/n\/uploads\/2022\/06\/Vale-a-pena-investir-no-agronegocio-em-2022.-Veja-o-que-dizem-os-especialistas-1-400x200.jpg\" alt=\"Plano Safra 2022\/23 deve ser lan\u00e7ado nesta quarta-feira; entenda o seu impacto\"\/><\/a><span class=\"spotlightCategory\"><a href=\"https:\/\/www.suno.com.br\/noticias\/fiis\/\">FIIs<\/a><\/span><\/div><div class=\"cardsPage__listCard__boxs__content\"><a href=\"https:\/\/www.suno.com.br\/noticias\/plano-safra-2022-23-quarta-feira-entenda\/\"><h2 class=\"content__title\">Plano Safra 2022\/23 deve ser lan\u00e7ado nesta quarta-feira; entenda o seu impacto<\/h2><\/a><div class=\"newsContent__article__meta\"><div class=\"newsContent__article__meta__authorBox\"><a href=\"https:\/\/www.suno.com.br\/noticias\/author\/jorge-carrasco\/\" class=\"authorBox__avatar noMobi\"><img src=\"https:\/\/secure.gravatar.com\/avatar\/eba2cc7d7174b6b346ad398772f904f2?s=96&#038;r=g\" alt=\"Jorge C. Carrasco\"><\/a><div class=\"authorBox__name\"><span>por\n\t\t\t<a href=\"https:\/\/www.suno.com.br\/noticias\/author\/jorge-carrasco\/\"><span itemprop=\"author\">Jorge C. Carrasco<\/span><\/a><\/span><time datetime=\"2022-06-28T11:49:08-03:00\" itemprop=\"datePublished\">28\/06\/2022 11:49<\/time><\/div><\/div><\/div><\/div><\/div>","single_layout":"posts","amp_enabled":true,"_links":{"self":[{"href":"https:\/\/www.suno.com.br\/noticias\/wp-json\/wp\/v2\/posts\/271488"}],"collection":[{"href":"https:\/\/www.suno.com.br\/noticias\/wp-json\/wp\/v2\/posts"}],"about":[{"href":"https:\/\/www.suno.com.br\/noticias\/wp-json\/wp\/v2\/types\/post"}],"author":[{"embeddable":true,"href":"https:\/\/www.suno.com.br\/noticias\/wp-json\/wp\/v2\/users\/174"}],"replies":[{"embeddable":true,"href":"https:\/\/www.suno.com.br\/noticias\/wp-json\/wp\/v2\/comments?post=271488"}],"version-history":[{"count":2,"href":"https:\/\/www.suno.com.br\/noticias\/wp-json\/wp\/v2\/posts\/271488\/revisions"}],"predecessor-version":[{"id":271510,"href":"https:\/\/www.suno.com.br\/noticias\/wp-json\/wp\/v2\/posts\/271488\/revisions\/271510"}],"wp:featuredmedia":[{"embeddable":true,"href":"https:\/\/www.suno.com.br\/noticias\/wp-json\/wp\/v2\/media\/270715"}],"wp:attachment":[{"href":"https:\/\/www.suno.com.br\/noticias\/wp-json\/wp\/v2\/media?parent=271488"}],"wp:term":[{"taxonomy":"category","embeddable":true,"href":"https:\/\/www.suno.com.br\/noticias\/wp-json\/wp\/v2\/categories?post=271488"},{"taxonomy":"post_tag","embeddable":true,"href":"https:\/\/www.suno.com.br\/noticias\/wp-json\/wp\/v2\/tags?post=271488"},{"taxonomy":"suno_strategy","embeddable":true,"href":"https:\/\/www.suno.com.br\/noticias\/wp-json\/wp\/v2\/suno_strategy?post=271488"}],"curies":[{"name":"wp","href":"https:\/\/api.w.org\/{rel}","templated":true}]}}