{"id":27140,"date":"2019-06-04T11:27:47","date_gmt":"2019-06-04T14:27:47","guid":{"rendered":"https:\/\/www.suno.com.br\/noticias\/?p=27140"},"modified":"2019-06-04T21:00:06","modified_gmt":"2019-06-05T00:00:06","slug":"producao-industrial-sobe-abril","status":"publish","type":"post","link":"https:\/\/www.suno.com.br\/noticias\/producao-industrial-sobe-abril\/","title":{"rendered":"Produ\u00e7\u00e3o industrial sobe 0,3% em abril; No ano o recuo \u00e9 de 2,7%, diz IBGE"},"content":{"rendered":"<p>A produ\u00e7\u00e3o industrial brasileira registrou uma alta de 0,3% entre mar\u00e7o e abril deste ano, segundo dados da <strong>Pesquisa Industrial Mensal<\/strong>, do<strong> Instituto Brasileiro de Geografia e Estat\u00edstica<\/strong> (IBGE), divulga nesta ter\u00e7a-feira (4).<\/p>\t<div class=\"wrapper-featured-image\">\n\t\t<figure class=\"spotlightImg\">\n\n\t\t\t<picture>\n\t\t\t\t<source media=\"(max-width: 768px)\" srcset=\"https:\/\/files.sunoresearch.com.br\/n\/uploads\/2019\/06\/71b28d13-produ\u00e7\u00e3o-industrial-400x200.webp\">\n\t\t\t\t<img loading=\"lazy\" decoding=\"async\" class=\"newsContent__article__imgCapa lazyloadDisabled newsContent__article__imgCapa--noCaption\" src=\"https:\/\/files.sunoresearch.com.br\/n\/uploads\/2019\/06\/71b28d13-produ\u00e7\u00e3o-industrial-800x450.webp\" width=\"800\" height=\"450\" alt=\"Produ\u00e7\u00e3o industrial sobe 0,3% em abril; No ano o recuo \u00e9 de 2,7%, diz IBGE\" fetchpriority=high \/>\n\t\t\t<\/picture>\n\n\t\t\t<figcaption class=\"wp-caption-text wp-caption-text--hide\">Confian\u00e7a da Ind\u00fastria recua em julho, aponta pr\u00e9via da FGV<\/figcaption>\n\t\t<\/figure>\n\t<\/div>\n\n\n<p>Mesmo com o crescimento, a <strong>produ\u00e7\u00e3o industrial<\/strong> registrou seu pior resultado para o m\u00eas de abril desde 2017, quando a alta foi de 0,2%. Al\u00e9m disso, a <strong>expans\u00e3o<\/strong> <strong>produtiva<\/strong> n\u00e3o foi suficiente para recuperar a retra\u00e7\u00e3o de 1,4% do m\u00eas anterior.<\/p>\n\t<p>\n\t\t<a href=\"https:\/\/lp.suno.com.br\/asset\/suno-fundo-de-fundos-snff11\/\" target=\"_blank\" data-element=\"shortcode-suno-banner\" title=\"Banner SUNO, clique e saiba mais\">\n\t\t\t<picture>\n\t\t\t\t<source media=\"(max-width: 500px)\" srcset=\"https:\/\/files.sunoresearch.com.br\/n\/uploads\/2024\/01\/400x300-Mobile-Artigos-3-SNFF-AO.png\">\n\t\t\t\t<img class=\"newsContent__article__imgCapa newsContent__article__imgCapa--banner\"\n\t\t\t\t\tsrc=\"https:\/\/files.sunoresearch.com.br\/n\/uploads\/2024\/01\/1420x240-Banner-Artigos-1-_-Banner-Materias-1-SNFF-AO.png\"\n\t\t\t\t\tdata-promo-id=\"364418\"\t\t\t\t\t\t\t\t\t\twidth='1420' height='240'\t\t\t\t\talt=\"https:\/\/files.sunoresearch.com.br\/n\/uploads\/2024\/01\/1420x240-Banner-Artigos-1-_-Banner-Materias-1-SNFF-AO.png\"\n\t\t\t\t>\n\t\t\t<\/picture>\n\t\t<\/a>\n\t<\/p>\n\n\n<p>De acordo com a pesquisa, no primeiro quadrimestre do ano, a <a href=\"https:\/\/www.suno.com.br\/artigos\/industrializacao\/\"><strong>ind\u00fastria<\/strong><\/a> registrou uma queda de 2,7% nas opera\u00e7\u00f5es em compara\u00e7\u00e3o com o mesmo per\u00edodo do ano anterior. No entanto, na compara\u00e7\u00e3o anual, em abril a produ\u00e7\u00e3o apontou uma queda de 3,9%.<\/p>\n<p>Segundo o <strong>IBGE<\/strong>, os resultados apontam que o &#8220;setor industrial ainda se encontra 17,3% abaixo do n\u00edvel recorde alcan\u00e7ado em maior de 2011&#8221;.<\/p>\n<p>Entre mar\u00e7o e abril, tr\u00eas das quatro categorias econ\u00f4micas registraram alta. O destaque ficou para os <strong>bens de consumo dur\u00e1veis<\/strong> que expandiram 3,4%, sendo seguida pelos <strong>bens de capital<\/strong>, 2,9%, e os<strong> bens de consumo semi e n\u00e3o dur\u00e1veis<\/strong> com 2,6%. Em contrapartida, os <strong>bens intermedi\u00e1rias<\/strong> tiveram queda de 1,4% no per\u00edodo.<\/p>\n<p style=\"text-align: center;\"><iframe loading=\"lazy\" src=\"https:\/\/www.youtube.com\/embed\/hD0OQrae3pU\" width=\"560\" height=\"315\" frameborder=\"0\" allowfullscreen=\"allowfullscreen\"><\/iframe><\/p>\n<table>\n<tbody>\n<tr>\n<th colspan=\"5\"><strong>Indicadores da Produ\u00e7\u00e3o Industrial por Grandes Categorias Econ\u00f4micas<br \/>\nBrasil &#8211; Abril de 2019<br \/>\n<\/strong><\/th>\n<\/tr>\n<tr>\n<th rowspan=\"2\"><strong>Grandes Categorias Econ\u00f4micas<\/strong><\/th>\n<th colspan=\"4\"><strong>Varia\u00e7\u00e3o (%)<\/strong><\/th>\n<\/tr>\n<tr>\n<th><strong>Abril 2019\/Mar\u00e7o 2019*<\/strong><\/th>\n<th><strong>Abril 2019\/Abril 2018<\/strong><\/th>\n<th><strong>Acumulado<br \/>\nJaneiro-Abril<\/strong><\/th>\n<th><strong>Acumulado nos<br \/>\n\u00daltimos 12 Meses<\/strong><\/th>\n<\/tr>\n<tr>\n<td>Bens de Capital<\/td>\n<td>2,9<\/td>\n<td>-0,6<\/td>\n<td>-3,1<\/td>\n<td>1,8<\/td>\n<\/tr>\n<tr>\n<td>Bens Intermedi\u00e1rios<\/td>\n<td>-1,4<\/td>\n<td>-6,1<\/td>\n<td>-3,1<\/td>\n<td>-1,5<\/td>\n<\/tr>\n<tr>\n<td>Bens de Consumo<\/td>\n<td>3,1<\/td>\n<td>-0,3<\/td>\n<td>-1,5<\/td>\n<td>-1,0<\/td>\n<\/tr>\n<tr>\n<td>Dur\u00e1veis<\/td>\n<td>3,4<\/td>\n<td>1,2<\/td>\n<td>-2,2<\/td>\n<td>0,6<\/td>\n<\/tr>\n<tr>\n<td>Semidur\u00e1veis e n\u00e3o Dur\u00e1veis<\/td>\n<td>2,6<\/td>\n<td>-0,7<\/td>\n<td>-1,3<\/td>\n<td>-1,4<\/td>\n<\/tr>\n<tr>\n<td>Ind\u00fastria Geral<\/td>\n<td>0,3<\/td>\n<td>-3,9<\/td>\n<td>-2,7<\/td>\n<td>-1,1<\/td>\n<\/tr>\n<tr>\n<td colspan=\"5\"><small><strong>Fonte:<\/strong>\u00a0IBGE, Diretoria de Pesquisas, Coordena\u00e7\u00e3o de Ind\u00fastria<br \/>\n*S\u00e9rie com ajuste sazonal<\/small><\/td>\n<\/tr>\n<\/tbody>\n<\/table>\n<p><a href=\"https:\/\/www.suno.com.br\/noticias\/desemprego-cai-ibge\/\">Saiba mais:\u00a0Desemprego cai e agora atinge 12,5% da popula\u00e7\u00e3o brasileira, diz IBGE<\/a><\/p>\n<h2>Ramos industriais em alta<\/h2>\n<p>Entre mar\u00e7o e abril deste ano, 20 dos 26 ramos pesquisados pelo IBGE demonstraram aumento da produ\u00e7\u00e3o. Os principais <strong>influenciadores<\/strong> <strong>positivos<\/strong>, s\u00e3o:<\/p>\n<ul>\n<li>Ve\u00edculos automotores, reboques e carrocerias (7,1%)<\/li>\n<li>M\u00e1quinas e equipamentos (8,3%),<\/li>\n<li>Outros produtos qu\u00edmicos (5,2%)<\/li>\n<li>Produtos aliment\u00edcios (1,5%)<\/li>\n<\/ul>\n<p>Principais <strong>influenciadores<\/strong> <strong>negativos<\/strong>:<\/p>\n<ul>\n<li>Ind\u00fastrias extrativas (-9,7%)<\/li>\n<li>Produtos derivados de petr\u00f3leo e biocombust\u00edveis (-2%)<\/li>\n<\/ul>\n<p><a href=\"https:\/\/www.suno.com.br\/noticias\/industria-produtividade-queda-cni\/\">Saiba mais &#8211;\u00a0Ind\u00fastria: produtividade tem queda de 0,1% no 1\u00ba tri do ano, diz CNI\u00a0<\/a><\/p>\n<h2>Ind\u00fastria extrativa freia alta da produ\u00e7\u00e3o<\/h2>\n<p>A maior influ\u00eancia negativa que freou a alta da <strong>produ\u00e7\u00e3o<\/strong> <strong>industrial<\/strong> em abril foi o <strong>setor<\/strong> <strong>extrativo<\/strong>. Este vem sendo pressionado com a redu\u00e7\u00e3o da produ\u00e7\u00e3o do min\u00e9rio de ferro, devido ao rompimento da barragem da <strong>Vale<\/strong>, em Brumadinho, no in\u00edcio deste ano.<\/p>\n<p>Dessa forma, a produ\u00e7\u00e3o extrativa caiu 9,7%, sendo o quarto resultado negativo seguido e somando uma perda de -25,7% no ano.<\/p>\n<p>De acordo com o gerente da pesquisa, Andr\u00e9 Macedo, &#8220;h\u00e1 um efeito de queda em sequ\u00eancia do setor por cota de Brumadinho, e isso vem trazendo impactos negativos na ind\u00fastria como um todo.<\/p>\n<p><img loading=\"lazy\" decoding=\"async\" class=\"aligncenter size-large wp-image-27148\" src=\"https:\/\/storage.googleapis.com\/wp-noticias\/2019\/06\/954ee08b-gr\u00e1fico-ibge-2019-6-4-1024x798.jpeg\" alt=\"\" width=\"1024\" height=\"798\" \/><\/p>\n<p>Em rela\u00e7\u00e3o a <strong>produ\u00e7\u00e3o<\/strong> <strong>industrial<\/strong> no setor de ind\u00fastria de transforma\u00e7\u00e3o, Macedo afirma que a queda acontece devido ao &#8220;ritmo menor [do crescimento da economia] e \u00e0 taxa de desocupa\u00e7\u00e3o do mercado de trabalho&#8221;.<\/p>\n","protected":false},"excerpt":{"rendered":"<p>A produ\u00e7\u00e3o industrial brasileira registrou uma alta de 0,3% entre mar\u00e7o e abril deste ano, segundo dados da Pesquisa Industrial Mensal, do Instituto Brasileiro de Geografia e Estat\u00edstica (IBGE), divulga nesta ter\u00e7a-feira (4). Confian\u00e7a da Ind\u00fastria recua em julho, aponta pr\u00e9via da FGV Mesmo com o crescimento, a produ\u00e7\u00e3o industrial registrou seu pior resultado para [&hellip;]<\/p>\n","protected":false},"author":11,"featured_media":27152,"comment_status":"closed","ping_status":"closed","sticky":false,"template":"","format":"standard","meta":[],"categories":[62],"tags":[821,820],"suno_strategy":[],"class_list":["post-27140","post","type-post","status-publish","format-standard","has-post-thumbnail","hentry","category-economia","tag-ibge","tag-producao-industrial"],"yoast_head":"<!-- This site is optimized with the Yoast SEO plugin v24.4 - https:\/\/yoast.com\/wordpress\/plugins\/seo\/ -->\n<title>Produ\u00e7\u00e3o industrial sobe 0,3% em abril; No ano o recuo \u00e9 de 2,7%<\/title>\n<meta name=\"description\" content=\"Produ\u00e7\u00e3o industrial foi afetada diretamente pelo recuo da produ\u00e7\u00e3o no setor extrativo, que apontou uma retra\u00e7\u00e3o de 9,7%. Clique e saiba mais\" \/>\n<meta name=\"robots\" content=\"index, follow, max-snippet:-1, max-image-preview:large, max-video-preview:-1\" \/>\n<link rel=\"canonical\" href=\"https:\/\/www.suno.com.br\/noticias\/producao-industrial-sobe-abril\/\" \/>\n<meta property=\"og:locale\" content=\"pt_BR\" \/>\n<meta property=\"og:type\" content=\"article\" \/>\n<meta property=\"og:title\" content=\"Produ\u00e7\u00e3o industrial sobe 0,3% em abril; No ano o recuo \u00e9 de 2,7%\" \/>\n<meta property=\"og:description\" content=\"Produ\u00e7\u00e3o industrial foi afetada diretamente pelo recuo da produ\u00e7\u00e3o no setor extrativo, que apontou uma retra\u00e7\u00e3o de 9,7%. Clique e saiba mais\" \/>\n<meta property=\"og:url\" content=\"https:\/\/www.suno.com.br\/noticias\/producao-industrial-sobe-abril\/\" \/>\n<meta property=\"og:site_name\" content=\"Suno Not\u00edcias\" \/>\n<meta property=\"article:publisher\" content=\"https:\/\/facebook.com\/sunoresearch\" \/>\n<meta property=\"og:image\" content=\"https:\/\/files.sunoresearch.com.br\/n\/uploads\/2019\/06\/71b28d13-produ\u00e7\u00e3o-industrial.jpg\" \/>\n\t<meta property=\"og:image:width\" content=\"1140\" \/>\n\t<meta property=\"og:image:height\" content=\"760\" \/>\n\t<meta property=\"og:image:type\" content=\"image\/jpeg\" \/>\n<meta name=\"author\" content=\"Renan Bandeira\" \/>\n<meta name=\"twitter:card\" content=\"summary_large_image\" \/>\n<meta name=\"twitter:creator\" content=\"@sunoresearch\" \/>\n<meta name=\"twitter:site\" content=\"@sunoresearch\" \/>\n<meta name=\"twitter:label1\" content=\"Escrito por\" \/>\n\t<meta name=\"twitter:data1\" content=\"Renan Bandeira\" \/>\n\t<meta name=\"twitter:label2\" content=\"Est. tempo de leitura\" \/>\n\t<meta name=\"twitter:data2\" content=\"3 minutos\" \/>\n<script type=\"application\/ld+json\" class=\"yoast-schema-graph\">{\"@context\":\"https:\/\/schema.org\",\"@graph\":[{\"@type\":\"NewsArticle\",\"@id\":\"https:\/\/www.suno.com.br\/noticias\/producao-industrial-sobe-abril\/#article\",\"isPartOf\":{\"@id\":\"https:\/\/www.suno.com.br\/noticias\/producao-industrial-sobe-abril\/\"},\"author\":{\"name\":\"Renan Bandeira\",\"@id\":\"https:\/\/www.suno.com.br\/noticias\/#\/schema\/person\/fc144a1c6108bd1dcd43784e88a3c138\"},\"headline\":\"Produ\u00e7\u00e3o industrial sobe 0,3% em abril; No ano o recuo \u00e9 de 2,7%, diz IBGE\",\"datePublished\":\"2019-06-04T14:27:47+00:00\",\"dateModified\":\"2019-06-05T00:00:06+00:00\",\"mainEntityOfPage\":{\"@id\":\"https:\/\/www.suno.com.br\/noticias\/producao-industrial-sobe-abril\/\"},\"wordCount\":543,\"publisher\":{\"@id\":\"https:\/\/www.suno.com.br\/noticias\/#organization\"},\"image\":{\"@id\":\"https:\/\/www.suno.com.br\/noticias\/producao-industrial-sobe-abril\/#primaryimage\"},\"thumbnailUrl\":\"https:\/\/files.sunoresearch.com.br\/n\/uploads\/2019\/06\/71b28d13-produ\u00e7\u00e3o-industrial-jpg.webp\",\"keywords\":[\"IBGE\",\"produ\u00e7\u00e3o industrial\"],\"articleSection\":[\"Economia\"],\"inLanguage\":\"pt-BR\"},{\"@type\":\"WebPage\",\"@id\":\"https:\/\/www.suno.com.br\/noticias\/producao-industrial-sobe-abril\/\",\"url\":\"https:\/\/www.suno.com.br\/noticias\/producao-industrial-sobe-abril\/\",\"name\":\"Produ\u00e7\u00e3o industrial sobe 0,3% em abril; No ano o recuo \u00e9 de 2,7%\",\"isPartOf\":{\"@id\":\"https:\/\/www.suno.com.br\/noticias\/#website\"},\"primaryImageOfPage\":{\"@id\":\"https:\/\/www.suno.com.br\/noticias\/producao-industrial-sobe-abril\/#primaryimage\"},\"image\":{\"@id\":\"https:\/\/www.suno.com.br\/noticias\/producao-industrial-sobe-abril\/#primaryimage\"},\"thumbnailUrl\":\"https:\/\/files.sunoresearch.com.br\/n\/uploads\/2019\/06\/71b28d13-produ\u00e7\u00e3o-industrial-jpg.webp\",\"datePublished\":\"2019-06-04T14:27:47+00:00\",\"dateModified\":\"2019-06-05T00:00:06+00:00\",\"description\":\"Produ\u00e7\u00e3o industrial foi afetada diretamente pelo recuo da produ\u00e7\u00e3o no setor extrativo, que apontou uma retra\u00e7\u00e3o de 9,7%. Clique e saiba mais\",\"breadcrumb\":{\"@id\":\"https:\/\/www.suno.com.br\/noticias\/producao-industrial-sobe-abril\/#breadcrumb\"},\"inLanguage\":\"pt-BR\",\"potentialAction\":[{\"@type\":\"ReadAction\",\"target\":[\"https:\/\/www.suno.com.br\/noticias\/producao-industrial-sobe-abril\/\"]}]},{\"@type\":\"ImageObject\",\"inLanguage\":\"pt-BR\",\"@id\":\"https:\/\/www.suno.com.br\/noticias\/producao-industrial-sobe-abril\/#primaryimage\",\"url\":\"https:\/\/files.sunoresearch.com.br\/n\/uploads\/2019\/06\/71b28d13-produ\u00e7\u00e3o-industrial-jpg.webp\",\"contentUrl\":\"https:\/\/files.sunoresearch.com.br\/n\/uploads\/2019\/06\/71b28d13-produ\u00e7\u00e3o-industrial-jpg.webp\",\"width\":1140,\"height\":760,\"caption\":\"Confian\u00e7a da Ind\u00fastria recua em julho, aponta pr\u00e9via da FGV\"},{\"@type\":\"BreadcrumbList\",\"@id\":\"https:\/\/www.suno.com.br\/noticias\/producao-industrial-sobe-abril\/#breadcrumb\",\"itemListElement\":[{\"@type\":\"ListItem\",\"position\":1,\"name\":\"Not\u00edcias\",\"item\":\"https:\/\/www.suno.com.br\/noticias\/\"},{\"@type\":\"ListItem\",\"position\":2,\"name\":\"Economia\",\"item\":\"https:\/\/www.suno.com.br\/noticias\/economia\/\"},{\"@type\":\"ListItem\",\"position\":3,\"name\":\"Produ\u00e7\u00e3o industrial sobe 0,3% em abril; No ano o recuo \u00e9 de 2,7%, diz IBGE\"}]},{\"@type\":\"WebSite\",\"@id\":\"https:\/\/www.suno.com.br\/noticias\/#website\",\"url\":\"https:\/\/www.suno.com.br\/noticias\/\",\"name\":\"Suno Not\u00edcias\",\"description\":\"Seu portal de informa\u00e7\u00e3o sobre o mundo dos investimentos\",\"publisher\":{\"@id\":\"https:\/\/www.suno.com.br\/noticias\/#organization\"},\"potentialAction\":[{\"@type\":\"SearchAction\",\"target\":{\"@type\":\"EntryPoint\",\"urlTemplate\":\"https:\/\/www.suno.com.br\/noticias\/?s={search_term_string}\"},\"query-input\":{\"@type\":\"PropertyValueSpecification\",\"valueRequired\":true,\"valueName\":\"search_term_string\"}}],\"inLanguage\":\"pt-BR\"},{\"@type\":\"Organization\",\"@id\":\"https:\/\/www.suno.com.br\/noticias\/#organization\",\"name\":\"Suno Not\u00edcias\",\"url\":\"https:\/\/www.suno.com.br\/noticias\/\",\"logo\":{\"@type\":\"ImageObject\",\"inLanguage\":\"pt-BR\",\"@id\":\"https:\/\/www.suno.com.br\/noticias\/#\/schema\/logo\/image\/\",\"url\":\"https:\/\/files.sunoresearch.com.br\/n\/uploads\/2021\/09\/suno-logo.png\",\"contentUrl\":\"https:\/\/files.sunoresearch.com.br\/n\/uploads\/2021\/09\/suno-logo.png\",\"width\":180,\"height\":180,\"caption\":\"Suno Not\u00edcias\"},\"image\":{\"@id\":\"https:\/\/www.suno.com.br\/noticias\/#\/schema\/logo\/image\/\"},\"sameAs\":[\"https:\/\/facebook.com\/sunoresearch\",\"https:\/\/x.com\/sunoresearch\",\"https:\/\/www.instagram.com\/suno\",\"https:\/\/www.linkedin.com\/company\/suno-research\/\",\"https:\/\/www.youtube.com\/c\/sunoresearch\"]},{\"@type\":\"Person\",\"@id\":\"https:\/\/www.suno.com.br\/noticias\/#\/schema\/person\/fc144a1c6108bd1dcd43784e88a3c138\",\"name\":\"Renan Bandeira\",\"image\":{\"@type\":\"ImageObject\",\"inLanguage\":\"pt-BR\",\"@id\":\"https:\/\/www.suno.com.br\/noticias\/#\/schema\/person\/image\/\",\"url\":\"https:\/\/secure.gravatar.com\/avatar\/68359cdb608f14f11bbefcb78f3fc747?s=96&r=g\",\"contentUrl\":\"https:\/\/secure.gravatar.com\/avatar\/68359cdb608f14f11bbefcb78f3fc747?s=96&r=g\",\"caption\":\"Renan Bandeira\"},\"description\":\"Renan Bandeira escreve sobre pol\u00edtica e economia para o portal da Suno Research. Antes da Suno, trabalhou em uma rede de televis\u00e3o, onde fazia reportagens sobre os mesmos temas. Estuda na Universidade Metodista de S\u00e3o Paulo.\",\"url\":\"https:\/\/www.suno.com.br\/noticias\/author\/renan-bandeira\/\"}]}<\/script>\n<!-- \/ Yoast SEO plugin. -->","yoast_head_json":{"title":"Produ\u00e7\u00e3o industrial sobe 0,3% em abril; No ano o recuo \u00e9 de 2,7%","description":"Produ\u00e7\u00e3o industrial foi afetada diretamente pelo recuo da produ\u00e7\u00e3o no setor extrativo, que apontou uma retra\u00e7\u00e3o de 9,7%. Clique e saiba mais","robots":{"index":"index","follow":"follow","max-snippet":"max-snippet:-1","max-image-preview":"max-image-preview:large","max-video-preview":"max-video-preview:-1"},"canonical":"https:\/\/www.suno.com.br\/noticias\/producao-industrial-sobe-abril\/","og_locale":"pt_BR","og_type":"article","og_title":"Produ\u00e7\u00e3o industrial sobe 0,3% em abril; No ano o recuo \u00e9 de 2,7%","og_description":"Produ\u00e7\u00e3o industrial foi afetada diretamente pelo recuo da produ\u00e7\u00e3o no setor extrativo, que apontou uma retra\u00e7\u00e3o de 9,7%. Clique e saiba mais","og_url":"https:\/\/www.suno.com.br\/noticias\/producao-industrial-sobe-abril\/","og_site_name":"Suno Not\u00edcias","article_publisher":"https:\/\/facebook.com\/sunoresearch","og_image":[{"width":1140,"height":760,"url":"https:\/\/files.sunoresearch.com.br\/n\/uploads\/2019\/06\/71b28d13-produ\u00e7\u00e3o-industrial.jpg","type":"image\/jpeg"}],"author":"Renan Bandeira","twitter_card":"summary_large_image","twitter_creator":"@sunoresearch","twitter_site":"@sunoresearch","twitter_misc":{"Escrito por":"Renan Bandeira","Est. tempo de leitura":"3 minutos"},"schema":{"@context":"https:\/\/schema.org","@graph":[{"@type":"NewsArticle","@id":"https:\/\/www.suno.com.br\/noticias\/producao-industrial-sobe-abril\/#article","isPartOf":{"@id":"https:\/\/www.suno.com.br\/noticias\/producao-industrial-sobe-abril\/"},"author":{"name":"Renan Bandeira","@id":"https:\/\/www.suno.com.br\/noticias\/#\/schema\/person\/fc144a1c6108bd1dcd43784e88a3c138"},"headline":"Produ\u00e7\u00e3o industrial sobe 0,3% em abril; No ano o recuo \u00e9 de 2,7%, diz IBGE","datePublished":"2019-06-04T14:27:47+00:00","dateModified":"2019-06-05T00:00:06+00:00","mainEntityOfPage":{"@id":"https:\/\/www.suno.com.br\/noticias\/producao-industrial-sobe-abril\/"},"wordCount":543,"publisher":{"@id":"https:\/\/www.suno.com.br\/noticias\/#organization"},"image":{"@id":"https:\/\/www.suno.com.br\/noticias\/producao-industrial-sobe-abril\/#primaryimage"},"thumbnailUrl":"https:\/\/files.sunoresearch.com.br\/n\/uploads\/2019\/06\/71b28d13-produ\u00e7\u00e3o-industrial-jpg.webp","keywords":["IBGE","produ\u00e7\u00e3o industrial"],"articleSection":["Economia"],"inLanguage":"pt-BR"},{"@type":"WebPage","@id":"https:\/\/www.suno.com.br\/noticias\/producao-industrial-sobe-abril\/","url":"https:\/\/www.suno.com.br\/noticias\/producao-industrial-sobe-abril\/","name":"Produ\u00e7\u00e3o industrial sobe 0,3% em abril; No ano o recuo \u00e9 de 2,7%","isPartOf":{"@id":"https:\/\/www.suno.com.br\/noticias\/#website"},"primaryImageOfPage":{"@id":"https:\/\/www.suno.com.br\/noticias\/producao-industrial-sobe-abril\/#primaryimage"},"image":{"@id":"https:\/\/www.suno.com.br\/noticias\/producao-industrial-sobe-abril\/#primaryimage"},"thumbnailUrl":"https:\/\/files.sunoresearch.com.br\/n\/uploads\/2019\/06\/71b28d13-produ\u00e7\u00e3o-industrial-jpg.webp","datePublished":"2019-06-04T14:27:47+00:00","dateModified":"2019-06-05T00:00:06+00:00","description":"Produ\u00e7\u00e3o industrial foi afetada diretamente pelo recuo da produ\u00e7\u00e3o no setor extrativo, que apontou uma retra\u00e7\u00e3o de 9,7%. Clique e saiba mais","breadcrumb":{"@id":"https:\/\/www.suno.com.br\/noticias\/producao-industrial-sobe-abril\/#breadcrumb"},"inLanguage":"pt-BR","potentialAction":[{"@type":"ReadAction","target":["https:\/\/www.suno.com.br\/noticias\/producao-industrial-sobe-abril\/"]}]},{"@type":"ImageObject","inLanguage":"pt-BR","@id":"https:\/\/www.suno.com.br\/noticias\/producao-industrial-sobe-abril\/#primaryimage","url":"https:\/\/files.sunoresearch.com.br\/n\/uploads\/2019\/06\/71b28d13-produ\u00e7\u00e3o-industrial-jpg.webp","contentUrl":"https:\/\/files.sunoresearch.com.br\/n\/uploads\/2019\/06\/71b28d13-produ\u00e7\u00e3o-industrial-jpg.webp","width":1140,"height":760,"caption":"Confian\u00e7a da Ind\u00fastria recua em julho, aponta pr\u00e9via da FGV"},{"@type":"BreadcrumbList","@id":"https:\/\/www.suno.com.br\/noticias\/producao-industrial-sobe-abril\/#breadcrumb","itemListElement":[{"@type":"ListItem","position":1,"name":"Not\u00edcias","item":"https:\/\/www.suno.com.br\/noticias\/"},{"@type":"ListItem","position":2,"name":"Economia","item":"https:\/\/www.suno.com.br\/noticias\/economia\/"},{"@type":"ListItem","position":3,"name":"Produ\u00e7\u00e3o industrial sobe 0,3% em abril; No ano o recuo \u00e9 de 2,7%, diz IBGE"}]},{"@type":"WebSite","@id":"https:\/\/www.suno.com.br\/noticias\/#website","url":"https:\/\/www.suno.com.br\/noticias\/","name":"Suno Not\u00edcias","description":"Seu portal de informa\u00e7\u00e3o sobre o mundo dos investimentos","publisher":{"@id":"https:\/\/www.suno.com.br\/noticias\/#organization"},"potentialAction":[{"@type":"SearchAction","target":{"@type":"EntryPoint","urlTemplate":"https:\/\/www.suno.com.br\/noticias\/?s={search_term_string}"},"query-input":{"@type":"PropertyValueSpecification","valueRequired":true,"valueName":"search_term_string"}}],"inLanguage":"pt-BR"},{"@type":"Organization","@id":"https:\/\/www.suno.com.br\/noticias\/#organization","name":"Suno Not\u00edcias","url":"https:\/\/www.suno.com.br\/noticias\/","logo":{"@type":"ImageObject","inLanguage":"pt-BR","@id":"https:\/\/www.suno.com.br\/noticias\/#\/schema\/logo\/image\/","url":"https:\/\/files.sunoresearch.com.br\/n\/uploads\/2021\/09\/suno-logo.png","contentUrl":"https:\/\/files.sunoresearch.com.br\/n\/uploads\/2021\/09\/suno-logo.png","width":180,"height":180,"caption":"Suno Not\u00edcias"},"image":{"@id":"https:\/\/www.suno.com.br\/noticias\/#\/schema\/logo\/image\/"},"sameAs":["https:\/\/facebook.com\/sunoresearch","https:\/\/x.com\/sunoresearch","https:\/\/www.instagram.com\/suno","https:\/\/www.linkedin.com\/company\/suno-research\/","https:\/\/www.youtube.com\/c\/sunoresearch"]},{"@type":"Person","@id":"https:\/\/www.suno.com.br\/noticias\/#\/schema\/person\/fc144a1c6108bd1dcd43784e88a3c138","name":"Renan Bandeira","image":{"@type":"ImageObject","inLanguage":"pt-BR","@id":"https:\/\/www.suno.com.br\/noticias\/#\/schema\/person\/image\/","url":"https:\/\/secure.gravatar.com\/avatar\/68359cdb608f14f11bbefcb78f3fc747?s=96&r=g","contentUrl":"https:\/\/secure.gravatar.com\/avatar\/68359cdb608f14f11bbefcb78f3fc747?s=96&r=g","caption":"Renan Bandeira"},"description":"Renan Bandeira escreve sobre pol\u00edtica e economia para o portal da Suno Research. Antes da Suno, trabalhou em uma rede de televis\u00e3o, onde fazia reportagens sobre os mesmos temas. Estuda na Universidade Metodista de S\u00e3o Paulo.","url":"https:\/\/www.suno.com.br\/noticias\/author\/renan-bandeira\/"}]}},"default_loop_html":"<div class=\"cardsPage__listCard__boxs\"><div class=\"cardsPage__listCard__boxs__img\"><a href=\"https:\/\/www.suno.com.br\/noticias\/producao-industrial-sobe-abril\/\"><img class=\"mask\" src=\"https:\/\/www.suno.com.br\/noticias\/wp-content\/themes\/suno\/resources\/images\/spotlight\/spotlight1img\/bg-mask.png\" alt=\"Image Mask\"\/><img src=\"https:\/\/files.sunoresearch.com.br\/n\/uploads\/2019\/06\/71b28d13-produ\u00e7\u00e3o-industrial-400x200.webp\" alt=\"Produ\u00e7\u00e3o industrial sobe 0,3% em abril; No ano o recuo \u00e9 de 2,7%, diz IBGE\"\/><\/a><span class=\"spotlightCategory\"><a href=\"https:\/\/www.suno.com.br\/noticias\/economia\/\">Economia<\/a><\/span><\/div><div class=\"cardsPage__listCard__boxs__content\"><a href=\"https:\/\/www.suno.com.br\/noticias\/producao-industrial-sobe-abril\/\"><h2 class=\"content__title\">Produ\u00e7\u00e3o industrial sobe 0,3% em abril; No ano o recuo \u00e9 de 2,7%, diz IBGE<\/h2><\/a><div class=\"newsContent__article__meta\"><div class=\"newsContent__article__meta__authorBox\"><a href=\"https:\/\/www.suno.com.br\/noticias\/author\/renan-bandeira\/\" class=\"authorBox__avatar noMobi\"><img src=\"https:\/\/secure.gravatar.com\/avatar\/68359cdb608f14f11bbefcb78f3fc747?s=96&#038;r=g\" alt=\"Renan Bandeira\"><\/a><div class=\"authorBox__name\"><span>por\n\t\t\t<a href=\"https:\/\/www.suno.com.br\/noticias\/author\/renan-bandeira\/\"><span itemprop=\"author\">Renan Bandeira<\/span><\/a><\/span><time datetime=\"2019-06-04T11:27:47-03:00\" itemprop=\"datePublished\">04\/06\/2019 11:27<\/time><\/div><\/div><\/div><\/div><\/div>","single_layout":"posts","amp_enabled":true,"_links":{"self":[{"href":"https:\/\/www.suno.com.br\/noticias\/wp-json\/wp\/v2\/posts\/27140"}],"collection":[{"href":"https:\/\/www.suno.com.br\/noticias\/wp-json\/wp\/v2\/posts"}],"about":[{"href":"https:\/\/www.suno.com.br\/noticias\/wp-json\/wp\/v2\/types\/post"}],"author":[{"embeddable":true,"href":"https:\/\/www.suno.com.br\/noticias\/wp-json\/wp\/v2\/users\/11"}],"replies":[{"embeddable":true,"href":"https:\/\/www.suno.com.br\/noticias\/wp-json\/wp\/v2\/comments?post=27140"}],"version-history":[{"count":0,"href":"https:\/\/www.suno.com.br\/noticias\/wp-json\/wp\/v2\/posts\/27140\/revisions"}],"wp:featuredmedia":[{"embeddable":true,"href":"https:\/\/www.suno.com.br\/noticias\/wp-json\/wp\/v2\/media\/27152"}],"wp:attachment":[{"href":"https:\/\/www.suno.com.br\/noticias\/wp-json\/wp\/v2\/media?parent=27140"}],"wp:term":[{"taxonomy":"category","embeddable":true,"href":"https:\/\/www.suno.com.br\/noticias\/wp-json\/wp\/v2\/categories?post=27140"},{"taxonomy":"post_tag","embeddable":true,"href":"https:\/\/www.suno.com.br\/noticias\/wp-json\/wp\/v2\/tags?post=27140"},{"taxonomy":"suno_strategy","embeddable":true,"href":"https:\/\/www.suno.com.br\/noticias\/wp-json\/wp\/v2\/suno_strategy?post=27140"}],"curies":[{"name":"wp","href":"https:\/\/api.w.org\/{rel}","templated":true}]}}