{"id":271092,"date":"2022-06-27T08:58:37","date_gmt":"2022-06-27T11:58:37","guid":{"rendered":"https:\/\/www.suno.com.br\/noticias\/?p=271092"},"modified":"2022-06-27T08:58:37","modified_gmt":"2022-06-27T11:58:37","slug":"petrobras-petr4-caio-paes-andrade-presidencia","status":"publish","type":"post","link":"https:\/\/www.suno.com.br\/noticias\/petrobras-petr4-caio-paes-andrade-presidencia\/","title":{"rendered":"Conselho da Petrobras (PETR4) analisa nome de Caio Paes de Andrade para presid\u00eancia"},"content":{"rendered":"<p>Em reuni\u00e3o extraordin\u00e1ria marcada para esta segunda (27), o conselho de administra\u00e7\u00e3o da <strong>Petrobras<\/strong> (PETR4) vai discutir a indica\u00e7\u00e3o do atual secret\u00e1rio de Desburocratiza\u00e7\u00e3o do <a class=\"suno-keyword\" href=\"https:\/\/www.suno.com.br\/artigos\/ministerio-da-economia\/\" target=\"_blank\" rel=\"noopener\" data-force=\"no\" data-priority=\"3\">Minist\u00e9rio da Economia<\/a>, Caio Paes de Andrade, para uma das vagas do colegiado e para a presid\u00eancia da estatal.<\/p>\t<div class=\"wrapper-featured-image\">\n\t\t<figure class=\"spotlightImg\">\n\n\t\t\t<picture>\n\t\t\t\t<source media=\"(max-width: 768px)\" srcset=\"https:\/\/files.sunoresearch.com.br\/n\/uploads\/2022\/03\/Conteudo25449-400x200.jpg\">\n\t\t\t\t<img loading=\"lazy\" decoding=\"async\" class=\"newsContent__article__imgCapa lazyloadDisabled \" src=\"https:\/\/files.sunoresearch.com.br\/n\/uploads\/2022\/03\/Conteudo25449-800x450.jpg\" width=\"800\" height=\"450\" alt=\"Conselho da Petrobras (PETR4) analisa nome de Caio Paes de Andrade para presid\u00eancia\" fetchpriority=high \/>\n\t\t\t<\/picture>\n\n\t\t\t<figcaption class=\"wp-caption-text wp-caption-text--show\"> Petrobras (PETR4) no Rio de Janeiro (RJ). Foto: Geraldo Falc\u00e3o\/Ag\u00eancia Petrobras.<\/figcaption>\n\t\t<\/figure>\n\t<\/div>\n\n\n\t<p>\n\t\t<a href=\"https:\/\/lp.suno.com.br\/planilha-controle-gastos\/\" target=\"_blank\" data-element=\"shortcode-suno-banner\" title=\"Banner SUNO, clique e saiba mais\">\n\t\t\t<picture>\n\t\t\t\t<source media=\"(max-width: 500px)\" srcset=\"https:\/\/files.sunoresearch.com.br\/n\/uploads\/2023\/03\/400x300-Planilha-controle-de-gastos.png\">\n\t\t\t\t<img class=\"newsContent__article__imgCapa newsContent__article__imgCapa--banner\"\n\t\t\t\t\tsrc=\"https:\/\/files.sunoresearch.com.br\/n\/uploads\/2023\/03\/1420x240-Planilha-controle-de-gastos.png\"\n\t\t\t\t\tdata-promo-id=\"101751\"\t\t\t\t\t\t\t\t\t\twidth='1420' height='240'\t\t\t\t\talt=\"https:\/\/files.sunoresearch.com.br\/n\/uploads\/2023\/03\/1420x240-Planilha-controle-de-gastos.png\"\n\t\t\t\t>\n\t\t\t<\/picture>\n\t\t<\/a>\n\t<\/p>\n\n\n<p>O encontro foi confirmado depois que o Comit\u00ea de Elegibilidade da companhia concluiu que Andrade tem os requisitos legais para ocupar o cargo. A decis\u00e3o n\u00e3o foi un\u00e2nime. Ele ser\u00e1 o quinto <strong>presidente da Petrobras<\/strong> no governo Bolsonaro, que faz press\u00e3o para mudar a atual pol\u00edtica de reajustes de pre\u00e7os dos combust\u00edveis (que segue a oscila\u00e7\u00e3o das cota\u00e7\u00f5es do barril de petr\u00f3leo no exterior). Os ataques aumentaram nas \u00faltimas semanas com o receio de que esses reajustes possam minar a campanha \u00e0 <strong>reelei\u00e7\u00e3o do presidente Jair Bolsonaro<\/strong>.<\/p>\n<p>Durante a avalia\u00e7\u00e3o de seu nome, Andrade recusou convite do Comit\u00ea de Pessoas para falar sobre pol\u00edtica de pre\u00e7os e governan\u00e7a da estatal. Ele optou por responder por escrito aos questionamentos. Andrade negou ter sido orientado pelo governo a modificar a pol\u00edtica de pre\u00e7os. &#8220;N\u00e3o tenho qualquer orienta\u00e7\u00e3o espec\u00edfica ou geral do <a class=\"suno-keyword\" href=\"https:\/\/www.suno.com.br\/artigos\/acionista-controlador\/\" target=\"_blank\" rel=\"noopener\" data-force=\"no\" data-priority=\"1\">acionista controlador<\/a> ou qualquer outro acionista no sentido de altera\u00e7\u00e3o da pol\u00edtica de pre\u00e7os praticados pela companhia&#8221;, escreveu.<\/p>\n\t<p>\n\t\t<a href=\"\" target=\"_blank\" data-element=\"shortcode-suno-banner\" title=\"Banner SUNO, clique e saiba mais\">\n\t\t\t<picture>\n\t\t\t\t<source media=\"(max-width: 500px)\" srcset=\"\">\n\t\t\t\t<img class=\"newsContent__article__imgCapa newsContent__article__imgCapa--banner\"\n\t\t\t\t\tsrc=\"\"\n\t\t\t\t\tdata-promo-id=\"254218\"\t\t\t\t\t\t\t\t\t\t\t\t\t\t\talt=\"\"\n\t\t\t\t>\n\t\t\t<\/picture>\n\t\t<\/a>\n\t<\/p>\n\n\n<h2>Novo presidente da Petrobras ter\u00e1 &#8216;freio para reajustes&#8217; em ano de elei\u00e7\u00e3o<\/h2>\n<p>O indicado para ser o pr\u00f3ximo presidente da <strong>Petrobras<\/strong>, Caio Mario Paes de Andrade, n\u00e3o deve ter a caneta em m\u00e3os para segurar novos reajustes.<\/p>\n<p>Para ter sucesso em postergar aumentos para depois das <strong>elei\u00e7\u00f5es<\/strong> como espera o governo, ter\u00e1 de convencer os membros da atual diretoria ou esperar uma renova\u00e7\u00e3o completa dos indicados do governo ao <strong><a class=\"suno-keyword\" href=\"https:\/\/www.suno.com.br\/artigos\/conselho-administracao\/\" target=\"_blank\" rel=\"noopener\" data-force=\"no\" data-priority=\"1\">conselho de administra\u00e7\u00e3o<\/a> da Petrobras<\/strong>.<\/p>\n<p>S\u00f3 assim conseguir\u00e1 selecionar um novo alto escal\u00e3o da estatal e garantir maioria para aprovar pautas desejadas pelo governo e, com isso, atrasar eventuais aumentos nas bombas de combust\u00edveis.<\/p>\n<p>Fontes pr\u00f3ximas da estatal consultadas pelo jornal O Estado de S.Paulo, acreditam que o pr\u00f3ximo presidente da companhia, que dever\u00e1 ser confirmado no posto nos pr\u00f3ximos dias, dever\u00e1 tentar segurar um novo ajuste ao menos at\u00e9 as elei\u00e7\u00f5es.<\/p>\n<p>Uma fonte que conhece de perto as regras da empresa diz que, se Andrade seguir esse caminho, ter\u00e1 de elaborar uma documenta\u00e7\u00e3o provando que n\u00e3o houve preju\u00edzos ao mercado ou a acionistas com o atraso de se alcan\u00e7ar a paridade dos pre\u00e7os internacionais.<\/p>\n<p>Se n\u00e3o conseguir, poder\u00e1 at\u00e9 ser questionado na Justi\u00e7a &#8220;na <a class=\"suno-keyword\" href=\"https:\/\/www.suno.com.br\/artigos\/pessoa-fisica\/\" target=\"_blank\" rel=\"noopener\" data-force=\"no\" data-priority=\"1\">pessoa f\u00edsica<\/a>&#8220;.<\/p>\n<h2>\u00daltima cota\u00e7\u00e3o<\/h2>\n<p>Na \u00faltima sess\u00e3o, sexta-feira (24), a <strong>Petrobras<\/strong> encerrou o preg\u00e3o em queda de 0,76%, negociada a R$ 26,29.<\/p>\n<p class=\"newsProviderSignature\"><em>(Com informa\u00e7\u00f5es do Estad\u00e3o Conte\u00fado)<\/em><\/p>\n\t<p>\n\t\t<a href=\"https:\/\/lp.suno.com.br\/planilha-de-controle-de-investimentos\/\" target=\"_blank\" data-element=\"shortcode-suno-banner\" title=\"Banner SUNO, clique e saiba mais\">\n\t\t\t<picture>\n\t\t\t\t<source media=\"(max-width: 500px)\" srcset=\"https:\/\/files.sunoresearch.com.br\/n\/uploads\/2023\/03\/400x300-Controle-de-Investimentos.png\">\n\t\t\t\t<img class=\"newsContent__article__imgCapa newsContent__article__imgCapa--banner\"\n\t\t\t\t\tsrc=\"https:\/\/files.sunoresearch.com.br\/n\/uploads\/2023\/03\/1420x240-Controle-de-Investimentos.png\"\n\t\t\t\t\tdata-promo-id=\"75934\"\t\t\t\t\t\t\t\t\t\twidth='1420' height='240'\t\t\t\t\talt=\"https:\/\/files.sunoresearch.com.br\/n\/uploads\/2023\/03\/1420x240-Controle-de-Investimentos.png\"\n\t\t\t\t>\n\t\t\t<\/picture>\n\t\t<\/a>\n\t<\/p>\n\n\n","protected":false},"excerpt":{"rendered":"<p>Em reuni\u00e3o extraordin\u00e1ria marcada para esta segunda (27), o conselho de administra\u00e7\u00e3o da Petrobras (PETR4) vai discutir a indica\u00e7\u00e3o do atual secret\u00e1rio de Desburocratiza\u00e7\u00e3o do Minist\u00e9rio da Economia, Caio Paes de Andrade, para uma das vagas do colegiado e para a presid\u00eancia da estatal. Petrobras (PETR4) no Rio de Janeiro (RJ). Foto: Geraldo Falc\u00e3o\/Ag\u00eancia Petrobras. [&hellip;]<\/p>\n","protected":false},"author":15,"featured_media":244077,"comment_status":"closed","ping_status":"closed","sticky":false,"template":"","format":"standard","meta":[],"categories":[64],"tags":[595],"suno_strategy":[],"class_list":["post-271092","post","type-post","status-publish","format-standard","has-post-thumbnail","hentry","category-negocios","tag-petrobras-petr4"],"yoast_head":"<!-- This site is optimized with the Yoast SEO plugin v24.4 - https:\/\/yoast.com\/wordpress\/plugins\/seo\/ -->\n<title>Conselho da Petrobras (PETR4) analisa nome de Caio Paes de Andrade<\/title>\n<meta name=\"description\" content=\"o conselho da Petrobras (PETR4) vai discutir a indica\u00e7\u00e3o de Caio Paes de Andrade para a presid\u00eancia da estatal. Clique aqui e saiba mais\" \/>\n<meta name=\"robots\" content=\"index, follow, max-snippet:-1, max-image-preview:large, max-video-preview:-1\" \/>\n<link rel=\"canonical\" href=\"https:\/\/www.suno.com.br\/noticias\/petrobras-petr4-caio-paes-andrade-presidencia\/\" \/>\n<meta property=\"og:locale\" content=\"pt_BR\" \/>\n<meta property=\"og:type\" content=\"article\" \/>\n<meta property=\"og:title\" content=\"Conselho da Petrobras (PETR4) analisa nome de Caio Paes de Andrade\" \/>\n<meta property=\"og:description\" content=\"o conselho da Petrobras (PETR4) vai discutir a indica\u00e7\u00e3o de Caio Paes de Andrade para a presid\u00eancia da estatal. Clique aqui e saiba mais\" \/>\n<meta property=\"og:url\" content=\"https:\/\/www.suno.com.br\/noticias\/petrobras-petr4-caio-paes-andrade-presidencia\/\" \/>\n<meta property=\"og:site_name\" content=\"Suno Not\u00edcias\" \/>\n<meta property=\"article:publisher\" content=\"https:\/\/facebook.com\/sunoresearch\" \/>\n<meta property=\"og:image\" content=\"https:\/\/files.sunoresearch.com.br\/n\/uploads\/2022\/03\/Conteudo25449-scaled.jpg\" \/>\n\t<meta property=\"og:image:width\" content=\"2560\" \/>\n\t<meta property=\"og:image:height\" content=\"1703\" \/>\n\t<meta property=\"og:image:type\" content=\"image\/jpeg\" \/>\n<meta name=\"author\" content=\"Poliana Santos\" \/>\n<meta name=\"twitter:card\" content=\"summary_large_image\" \/>\n<meta name=\"twitter:creator\" content=\"@sunoresearch\" \/>\n<meta name=\"twitter:site\" content=\"@sunoresearch\" \/>\n<meta name=\"twitter:label1\" content=\"Escrito por\" \/>\n\t<meta name=\"twitter:data1\" content=\"Poliana Santos\" \/>\n\t<meta name=\"twitter:label2\" content=\"Est. tempo de leitura\" \/>\n\t<meta name=\"twitter:data2\" content=\"3 minutos\" \/>\n<script type=\"application\/ld+json\" class=\"yoast-schema-graph\">{\"@context\":\"https:\/\/schema.org\",\"@graph\":[{\"@type\":\"NewsArticle\",\"@id\":\"https:\/\/www.suno.com.br\/noticias\/petrobras-petr4-caio-paes-andrade-presidencia\/#article\",\"isPartOf\":{\"@id\":\"https:\/\/www.suno.com.br\/noticias\/petrobras-petr4-caio-paes-andrade-presidencia\/\"},\"author\":{\"name\":\"Poliana Santos\",\"@id\":\"https:\/\/www.suno.com.br\/noticias\/#\/schema\/person\/02ec1f752758247878a2bf4abee1aeda\"},\"headline\":\"Conselho da Petrobras (PETR4) analisa nome de Caio Paes de Andrade para presid\u00eancia\",\"datePublished\":\"2022-06-27T11:58:37+00:00\",\"mainEntityOfPage\":{\"@id\":\"https:\/\/www.suno.com.br\/noticias\/petrobras-petr4-caio-paes-andrade-presidencia\/\"},\"wordCount\":499,\"publisher\":{\"@id\":\"https:\/\/www.suno.com.br\/noticias\/#organization\"},\"image\":{\"@id\":\"https:\/\/www.suno.com.br\/noticias\/petrobras-petr4-caio-paes-andrade-presidencia\/#primaryimage\"},\"thumbnailUrl\":\"https:\/\/files.sunoresearch.com.br\/n\/uploads\/2022\/03\/Conteudo25449-scaled.jpg\",\"keywords\":[\"Petrobras (PETR4)\"],\"articleSection\":[\"Neg\u00f3cios\"],\"inLanguage\":\"pt-BR\"},{\"@type\":\"WebPage\",\"@id\":\"https:\/\/www.suno.com.br\/noticias\/petrobras-petr4-caio-paes-andrade-presidencia\/\",\"url\":\"https:\/\/www.suno.com.br\/noticias\/petrobras-petr4-caio-paes-andrade-presidencia\/\",\"name\":\"Conselho da Petrobras (PETR4) analisa nome de Caio Paes de Andrade\",\"isPartOf\":{\"@id\":\"https:\/\/www.suno.com.br\/noticias\/#website\"},\"primaryImageOfPage\":{\"@id\":\"https:\/\/www.suno.com.br\/noticias\/petrobras-petr4-caio-paes-andrade-presidencia\/#primaryimage\"},\"image\":{\"@id\":\"https:\/\/www.suno.com.br\/noticias\/petrobras-petr4-caio-paes-andrade-presidencia\/#primaryimage\"},\"thumbnailUrl\":\"https:\/\/files.sunoresearch.com.br\/n\/uploads\/2022\/03\/Conteudo25449-scaled.jpg\",\"datePublished\":\"2022-06-27T11:58:37+00:00\",\"description\":\"o conselho da Petrobras (PETR4) vai discutir a indica\u00e7\u00e3o de Caio Paes de Andrade para a presid\u00eancia da estatal. Clique aqui e saiba mais\",\"breadcrumb\":{\"@id\":\"https:\/\/www.suno.com.br\/noticias\/petrobras-petr4-caio-paes-andrade-presidencia\/#breadcrumb\"},\"inLanguage\":\"pt-BR\",\"potentialAction\":[{\"@type\":\"ReadAction\",\"target\":[\"https:\/\/www.suno.com.br\/noticias\/petrobras-petr4-caio-paes-andrade-presidencia\/\"]}]},{\"@type\":\"ImageObject\",\"inLanguage\":\"pt-BR\",\"@id\":\"https:\/\/www.suno.com.br\/noticias\/petrobras-petr4-caio-paes-andrade-presidencia\/#primaryimage\",\"url\":\"https:\/\/files.sunoresearch.com.br\/n\/uploads\/2022\/03\/Conteudo25449-scaled.jpg\",\"contentUrl\":\"https:\/\/files.sunoresearch.com.br\/n\/uploads\/2022\/03\/Conteudo25449-scaled.jpg\",\"width\":2560,\"height\":1703,\"caption\":\"Petrobras (PETR4) no Rio de Janeiro (RJ). Foto: Geraldo Falc\u00e3o\/Ag\u00eancia Petrobras.\"},{\"@type\":\"BreadcrumbList\",\"@id\":\"https:\/\/www.suno.com.br\/noticias\/petrobras-petr4-caio-paes-andrade-presidencia\/#breadcrumb\",\"itemListElement\":[{\"@type\":\"ListItem\",\"position\":1,\"name\":\"Not\u00edcias\",\"item\":\"https:\/\/www.suno.com.br\/noticias\/\"},{\"@type\":\"ListItem\",\"position\":2,\"name\":\"Neg\u00f3cios\",\"item\":\"https:\/\/www.suno.com.br\/noticias\/negocios\/\"},{\"@type\":\"ListItem\",\"position\":3,\"name\":\"Conselho da Petrobras (PETR4) analisa nome de Caio Paes de Andrade para presid\u00eancia\"}]},{\"@type\":\"WebSite\",\"@id\":\"https:\/\/www.suno.com.br\/noticias\/#website\",\"url\":\"https:\/\/www.suno.com.br\/noticias\/\",\"name\":\"Suno Not\u00edcias\",\"description\":\"Seu portal de informa\u00e7\u00e3o sobre o mundo dos investimentos\",\"publisher\":{\"@id\":\"https:\/\/www.suno.com.br\/noticias\/#organization\"},\"potentialAction\":[{\"@type\":\"SearchAction\",\"target\":{\"@type\":\"EntryPoint\",\"urlTemplate\":\"https:\/\/www.suno.com.br\/noticias\/?s={search_term_string}\"},\"query-input\":{\"@type\":\"PropertyValueSpecification\",\"valueRequired\":true,\"valueName\":\"search_term_string\"}}],\"inLanguage\":\"pt-BR\"},{\"@type\":\"Organization\",\"@id\":\"https:\/\/www.suno.com.br\/noticias\/#organization\",\"name\":\"Suno Not\u00edcias\",\"url\":\"https:\/\/www.suno.com.br\/noticias\/\",\"logo\":{\"@type\":\"ImageObject\",\"inLanguage\":\"pt-BR\",\"@id\":\"https:\/\/www.suno.com.br\/noticias\/#\/schema\/logo\/image\/\",\"url\":\"https:\/\/files.sunoresearch.com.br\/n\/uploads\/2021\/09\/suno-logo.png\",\"contentUrl\":\"https:\/\/files.sunoresearch.com.br\/n\/uploads\/2021\/09\/suno-logo.png\",\"width\":180,\"height\":180,\"caption\":\"Suno Not\u00edcias\"},\"image\":{\"@id\":\"https:\/\/www.suno.com.br\/noticias\/#\/schema\/logo\/image\/\"},\"sameAs\":[\"https:\/\/facebook.com\/sunoresearch\",\"https:\/\/x.com\/sunoresearch\",\"https:\/\/www.instagram.com\/suno\",\"https:\/\/www.linkedin.com\/company\/suno-research\/\",\"https:\/\/www.youtube.com\/c\/sunoresearch\"]},{\"@type\":\"Person\",\"@id\":\"https:\/\/www.suno.com.br\/noticias\/#\/schema\/person\/02ec1f752758247878a2bf4abee1aeda\",\"name\":\"Poliana Santos\",\"image\":{\"@type\":\"ImageObject\",\"inLanguage\":\"pt-BR\",\"@id\":\"https:\/\/www.suno.com.br\/noticias\/#\/schema\/person\/image\/\",\"url\":\"https:\/\/secure.gravatar.com\/avatar\/0645bd32f23d87b2130f2b2dff1d3f8d?s=96&r=g\",\"contentUrl\":\"https:\/\/secure.gravatar.com\/avatar\/0645bd32f23d87b2130f2b2dff1d3f8d?s=96&r=g\",\"caption\":\"Poliana Santos\"},\"description\":\"Rep\u00f3rter no Suno Not\u00edcias, com cobertura em mercado financeiro, economia, finan\u00e7as pessoais, renda fixa e varejo. Jornalista formada pela Faculdade C\u00e1sper L\u00edbero e possui passagem na R\u00e1dio Gazeta AM com a produ\u00e7\u00e3o de conte\u00fado sobre economia, pol\u00edtica, sa\u00fade, moda e m\u00fasica. Possui certificado de conclus\u00e3o do curso de An\u00e1lise de Balan\u00e7os pela Funda\u00e7\u00e3o Bradesco, Agenda Brasil pela FAAP, Educa\u00e7\u00e3o Pol\u00edtica por Alexandre Garcia e do Tesouro Direto e Mercado de A\u00e7\u00f5es pela B3.\",\"url\":\"https:\/\/www.suno.com.br\/noticias\/author\/poliana-santos\/\"}]}<\/script>\n<!-- \/ Yoast SEO plugin. -->","yoast_head_json":{"title":"Conselho da Petrobras (PETR4) analisa nome de Caio Paes de Andrade","description":"o conselho da Petrobras (PETR4) vai discutir a indica\u00e7\u00e3o de Caio Paes de Andrade para a presid\u00eancia da estatal. Clique aqui e saiba mais","robots":{"index":"index","follow":"follow","max-snippet":"max-snippet:-1","max-image-preview":"max-image-preview:large","max-video-preview":"max-video-preview:-1"},"canonical":"https:\/\/www.suno.com.br\/noticias\/petrobras-petr4-caio-paes-andrade-presidencia\/","og_locale":"pt_BR","og_type":"article","og_title":"Conselho da Petrobras (PETR4) analisa nome de Caio Paes de Andrade","og_description":"o conselho da Petrobras (PETR4) vai discutir a indica\u00e7\u00e3o de Caio Paes de Andrade para a presid\u00eancia da estatal. Clique aqui e saiba mais","og_url":"https:\/\/www.suno.com.br\/noticias\/petrobras-petr4-caio-paes-andrade-presidencia\/","og_site_name":"Suno Not\u00edcias","article_publisher":"https:\/\/facebook.com\/sunoresearch","og_image":[{"width":2560,"height":1703,"url":"https:\/\/files.sunoresearch.com.br\/n\/uploads\/2022\/03\/Conteudo25449-scaled.jpg","type":"image\/jpeg"}],"author":"Poliana Santos","twitter_card":"summary_large_image","twitter_creator":"@sunoresearch","twitter_site":"@sunoresearch","twitter_misc":{"Escrito por":"Poliana Santos","Est. tempo de leitura":"3 minutos"},"schema":{"@context":"https:\/\/schema.org","@graph":[{"@type":"NewsArticle","@id":"https:\/\/www.suno.com.br\/noticias\/petrobras-petr4-caio-paes-andrade-presidencia\/#article","isPartOf":{"@id":"https:\/\/www.suno.com.br\/noticias\/petrobras-petr4-caio-paes-andrade-presidencia\/"},"author":{"name":"Poliana Santos","@id":"https:\/\/www.suno.com.br\/noticias\/#\/schema\/person\/02ec1f752758247878a2bf4abee1aeda"},"headline":"Conselho da Petrobras (PETR4) analisa nome de Caio Paes de Andrade para presid\u00eancia","datePublished":"2022-06-27T11:58:37+00:00","mainEntityOfPage":{"@id":"https:\/\/www.suno.com.br\/noticias\/petrobras-petr4-caio-paes-andrade-presidencia\/"},"wordCount":499,"publisher":{"@id":"https:\/\/www.suno.com.br\/noticias\/#organization"},"image":{"@id":"https:\/\/www.suno.com.br\/noticias\/petrobras-petr4-caio-paes-andrade-presidencia\/#primaryimage"},"thumbnailUrl":"https:\/\/files.sunoresearch.com.br\/n\/uploads\/2022\/03\/Conteudo25449-scaled.jpg","keywords":["Petrobras (PETR4)"],"articleSection":["Neg\u00f3cios"],"inLanguage":"pt-BR"},{"@type":"WebPage","@id":"https:\/\/www.suno.com.br\/noticias\/petrobras-petr4-caio-paes-andrade-presidencia\/","url":"https:\/\/www.suno.com.br\/noticias\/petrobras-petr4-caio-paes-andrade-presidencia\/","name":"Conselho da Petrobras (PETR4) analisa nome de Caio Paes de Andrade","isPartOf":{"@id":"https:\/\/www.suno.com.br\/noticias\/#website"},"primaryImageOfPage":{"@id":"https:\/\/www.suno.com.br\/noticias\/petrobras-petr4-caio-paes-andrade-presidencia\/#primaryimage"},"image":{"@id":"https:\/\/www.suno.com.br\/noticias\/petrobras-petr4-caio-paes-andrade-presidencia\/#primaryimage"},"thumbnailUrl":"https:\/\/files.sunoresearch.com.br\/n\/uploads\/2022\/03\/Conteudo25449-scaled.jpg","datePublished":"2022-06-27T11:58:37+00:00","description":"o conselho da Petrobras (PETR4) vai discutir a indica\u00e7\u00e3o de Caio Paes de Andrade para a presid\u00eancia da estatal. Clique aqui e saiba mais","breadcrumb":{"@id":"https:\/\/www.suno.com.br\/noticias\/petrobras-petr4-caio-paes-andrade-presidencia\/#breadcrumb"},"inLanguage":"pt-BR","potentialAction":[{"@type":"ReadAction","target":["https:\/\/www.suno.com.br\/noticias\/petrobras-petr4-caio-paes-andrade-presidencia\/"]}]},{"@type":"ImageObject","inLanguage":"pt-BR","@id":"https:\/\/www.suno.com.br\/noticias\/petrobras-petr4-caio-paes-andrade-presidencia\/#primaryimage","url":"https:\/\/files.sunoresearch.com.br\/n\/uploads\/2022\/03\/Conteudo25449-scaled.jpg","contentUrl":"https:\/\/files.sunoresearch.com.br\/n\/uploads\/2022\/03\/Conteudo25449-scaled.jpg","width":2560,"height":1703,"caption":"Petrobras (PETR4) no Rio de Janeiro (RJ). Foto: Geraldo Falc\u00e3o\/Ag\u00eancia Petrobras."},{"@type":"BreadcrumbList","@id":"https:\/\/www.suno.com.br\/noticias\/petrobras-petr4-caio-paes-andrade-presidencia\/#breadcrumb","itemListElement":[{"@type":"ListItem","position":1,"name":"Not\u00edcias","item":"https:\/\/www.suno.com.br\/noticias\/"},{"@type":"ListItem","position":2,"name":"Neg\u00f3cios","item":"https:\/\/www.suno.com.br\/noticias\/negocios\/"},{"@type":"ListItem","position":3,"name":"Conselho da Petrobras (PETR4) analisa nome de Caio Paes de Andrade para presid\u00eancia"}]},{"@type":"WebSite","@id":"https:\/\/www.suno.com.br\/noticias\/#website","url":"https:\/\/www.suno.com.br\/noticias\/","name":"Suno Not\u00edcias","description":"Seu portal de informa\u00e7\u00e3o sobre o mundo dos investimentos","publisher":{"@id":"https:\/\/www.suno.com.br\/noticias\/#organization"},"potentialAction":[{"@type":"SearchAction","target":{"@type":"EntryPoint","urlTemplate":"https:\/\/www.suno.com.br\/noticias\/?s={search_term_string}"},"query-input":{"@type":"PropertyValueSpecification","valueRequired":true,"valueName":"search_term_string"}}],"inLanguage":"pt-BR"},{"@type":"Organization","@id":"https:\/\/www.suno.com.br\/noticias\/#organization","name":"Suno Not\u00edcias","url":"https:\/\/www.suno.com.br\/noticias\/","logo":{"@type":"ImageObject","inLanguage":"pt-BR","@id":"https:\/\/www.suno.com.br\/noticias\/#\/schema\/logo\/image\/","url":"https:\/\/files.sunoresearch.com.br\/n\/uploads\/2021\/09\/suno-logo.png","contentUrl":"https:\/\/files.sunoresearch.com.br\/n\/uploads\/2021\/09\/suno-logo.png","width":180,"height":180,"caption":"Suno Not\u00edcias"},"image":{"@id":"https:\/\/www.suno.com.br\/noticias\/#\/schema\/logo\/image\/"},"sameAs":["https:\/\/facebook.com\/sunoresearch","https:\/\/x.com\/sunoresearch","https:\/\/www.instagram.com\/suno","https:\/\/www.linkedin.com\/company\/suno-research\/","https:\/\/www.youtube.com\/c\/sunoresearch"]},{"@type":"Person","@id":"https:\/\/www.suno.com.br\/noticias\/#\/schema\/person\/02ec1f752758247878a2bf4abee1aeda","name":"Poliana Santos","image":{"@type":"ImageObject","inLanguage":"pt-BR","@id":"https:\/\/www.suno.com.br\/noticias\/#\/schema\/person\/image\/","url":"https:\/\/secure.gravatar.com\/avatar\/0645bd32f23d87b2130f2b2dff1d3f8d?s=96&r=g","contentUrl":"https:\/\/secure.gravatar.com\/avatar\/0645bd32f23d87b2130f2b2dff1d3f8d?s=96&r=g","caption":"Poliana Santos"},"description":"Rep\u00f3rter no Suno Not\u00edcias, com cobertura em mercado financeiro, economia, finan\u00e7as pessoais, renda fixa e varejo. Jornalista formada pela Faculdade C\u00e1sper L\u00edbero e possui passagem na R\u00e1dio Gazeta AM com a produ\u00e7\u00e3o de conte\u00fado sobre economia, pol\u00edtica, sa\u00fade, moda e m\u00fasica. Possui certificado de conclus\u00e3o do curso de An\u00e1lise de Balan\u00e7os pela Funda\u00e7\u00e3o Bradesco, Agenda Brasil pela FAAP, Educa\u00e7\u00e3o Pol\u00edtica por Alexandre Garcia e do Tesouro Direto e Mercado de A\u00e7\u00f5es pela B3.","url":"https:\/\/www.suno.com.br\/noticias\/author\/poliana-santos\/"}]}},"default_loop_html":"<div class=\"cardsPage__listCard__boxs\"><div class=\"cardsPage__listCard__boxs__img\"><a href=\"https:\/\/www.suno.com.br\/noticias\/petrobras-petr4-caio-paes-andrade-presidencia\/\"><img class=\"mask\" src=\"https:\/\/www.suno.com.br\/noticias\/wp-content\/themes\/suno\/resources\/images\/spotlight\/spotlight1img\/bg-mask.png\" alt=\"Image Mask\"\/><img src=\"https:\/\/files.sunoresearch.com.br\/n\/uploads\/2022\/03\/Conteudo25449-400x200.jpg\" alt=\"Conselho da Petrobras (PETR4) analisa nome de Caio Paes de Andrade para presid\u00eancia\"\/><\/a><span class=\"spotlightCategory\"><a href=\"https:\/\/www.suno.com.br\/noticias\/negocios\/\">Neg\u00f3cios<\/a><\/span><\/div><div class=\"cardsPage__listCard__boxs__content\"><a href=\"https:\/\/www.suno.com.br\/noticias\/petrobras-petr4-caio-paes-andrade-presidencia\/\"><h2 class=\"content__title\">Conselho da Petrobras (PETR4) analisa nome de Caio Paes de Andrade para presid\u00eancia<\/h2><\/a><div class=\"newsContent__article__meta\"><div class=\"newsContent__article__meta__authorBox\"><a href=\"https:\/\/www.suno.com.br\/noticias\/author\/poliana-santos\/\" class=\"authorBox__avatar noMobi\"><img src=\"https:\/\/files.sunoresearch.com.br\/n\/uploads\/2020\/08\/7ef34026-whatsapp-image-2020-08-03-at-12.37.57-150x150.webp\" alt=\"Poliana Santos\"><\/a><div class=\"authorBox__name\"><span>por\n\t\t\t<a href=\"https:\/\/www.suno.com.br\/noticias\/author\/poliana-santos\/\"><span itemprop=\"author\">Poliana Santos<\/span><\/a><\/span><time datetime=\"2022-06-27T08:58:37-03:00\" itemprop=\"datePublished\">27\/06\/2022 08:58<\/time><\/div><\/div><\/div><\/div><\/div>","single_layout":"posts","amp_enabled":true,"_links":{"self":[{"href":"https:\/\/www.suno.com.br\/noticias\/wp-json\/wp\/v2\/posts\/271092"}],"collection":[{"href":"https:\/\/www.suno.com.br\/noticias\/wp-json\/wp\/v2\/posts"}],"about":[{"href":"https:\/\/www.suno.com.br\/noticias\/wp-json\/wp\/v2\/types\/post"}],"author":[{"embeddable":true,"href":"https:\/\/www.suno.com.br\/noticias\/wp-json\/wp\/v2\/users\/15"}],"replies":[{"embeddable":true,"href":"https:\/\/www.suno.com.br\/noticias\/wp-json\/wp\/v2\/comments?post=271092"}],"version-history":[{"count":2,"href":"https:\/\/www.suno.com.br\/noticias\/wp-json\/wp\/v2\/posts\/271092\/revisions"}],"predecessor-version":[{"id":271113,"href":"https:\/\/www.suno.com.br\/noticias\/wp-json\/wp\/v2\/posts\/271092\/revisions\/271113"}],"wp:featuredmedia":[{"embeddable":true,"href":"https:\/\/www.suno.com.br\/noticias\/wp-json\/wp\/v2\/media\/244077"}],"wp:attachment":[{"href":"https:\/\/www.suno.com.br\/noticias\/wp-json\/wp\/v2\/media?parent=271092"}],"wp:term":[{"taxonomy":"category","embeddable":true,"href":"https:\/\/www.suno.com.br\/noticias\/wp-json\/wp\/v2\/categories?post=271092"},{"taxonomy":"post_tag","embeddable":true,"href":"https:\/\/www.suno.com.br\/noticias\/wp-json\/wp\/v2\/tags?post=271092"},{"taxonomy":"suno_strategy","embeddable":true,"href":"https:\/\/www.suno.com.br\/noticias\/wp-json\/wp\/v2\/suno_strategy?post=271092"}],"curies":[{"name":"wp","href":"https:\/\/api.w.org\/{rel}","templated":true}]}}